{"id":39032,"date":"2018-05-16T21:24:08","date_gmt":"2018-05-16T19:24:08","guid":{"rendered":"https:\/\/blog.cofb.cat\/?p=39032"},"modified":"2018-05-16T21:24:08","modified_gmt":"2018-05-16T19:24:08","slug":"mes-900-farmaceutics-sinscriuen-als-tallers-campanya-atenciopell","status":"publish","type":"post","link":"https:\/\/www.cofb.org\/ca\/2018\/05\/16\/mes-900-farmaceutics-sinscriuen-als-tallers-campanya-atenciopell\/","title":{"rendered":"M\u00e9s de 900 farmac\u00e8utics s&#8217;inscriuen als tallers de la campanya #Atenci\u00f3Pell"},"content":{"rendered":"<p>M\u00e9s de <strong>900 farmac\u00e8utics s&#8217;han inscrit als tallers formatius<\/strong> organitzats pel Col\u00b7legi de Farmac\u00e8utics de Barcelona (COFB) en el marc de la<strong> campanya #Atenci\u00f3Pell,<\/strong> que <strong>es posar\u00e0 en marxa el pr\u00f2xim 23 de maig<\/strong>. La formaci\u00f3, de car\u00e0cter obligatori, es dirigia a tots aquells professionals farmac\u00e8utics que participaran en la campanya.<\/p>\n<p>Una de les novetats d&#8217;enguany, ha estat que els tallers s&#8217;han impartit en <strong>diferents dies i hores<\/strong> per tal de facilitar l&#8217;assist\u00e8ncia dels participants. Del 7 al 18 de maig, <strong>un total de 34 tallers han estat programats<\/strong>, fet que d\u00f3na una idea de <strong>l&#8217;alt inter\u00e8s despertat<\/strong> per aquests. Els docents dels tallers van ser dermat\u00f2legs de la Unitat de Melanoma de l&#8217;Hospital Cl\u00ednic de Barcelona i farmac\u00e8utics comunitaris de la Vocalia de Dermofarm\u00e0cia i Productes Sanitaris.<\/p>\n<figure id=\"attachment_39213\" aria-describedby=\"caption-attachment-39213\" style=\"width: 620px\" class=\"wp-caption aligncenter\"><a href=\"https:\/\/blog.cofb.cat\/wp-content\/uploads\/2018\/05\/cofb.180507-33.jpg\"><img fetchpriority=\"high\" decoding=\"async\" class=\"wp-image-39213 size-large\" title=\"El Dr. Josep Malvehy durant els tallers pr\u00e0ctics de la campanya #Atenci\u00f3Pell. \" src=\"https:\/\/blog.cofb.cat\/wp-content\/uploads\/2018\/05\/cofb.180507-33-1024x683.jpg\" alt=\"El Dr. Josep Malvehy durant els tallers pr\u00e0ctics de la campanya #Atenci\u00f3Pell. \" width=\"620\" height=\"414\" \/><\/a><figcaption id=\"caption-attachment-39213\" class=\"wp-caption-text\">El Dr. Josep Malvehy durant els tallers pr\u00e0ctics de la campanya #Atenci\u00f3Pell.<\/figcaption><\/figure>\n<h1><strong><span style=\"color: #008080;\">La radiaci\u00f3 solar i la nostra protecci\u00f3<\/span><\/strong><\/h1>\n<p>Durant els tallers s&#8217;han proporcionat\u00a0<strong>eines per la recomanaci\u00f3 individualitzada de protectors solars<\/strong>, per aconseguir que aquesta protecci\u00f3 sigui efica\u00e7 i completa. S&#8217;ha recordat que la recomanaci\u00f3 s&#8217;ha de fer a partir d&#8217;aspectes com la vulnerabilitat a la radiaci\u00f3 solar (caracter\u00edstiques fenot\u00edpiques, factors de risc de c\u00e0ncer de pell el tipus d&#8217;exposici\u00f3 o les activitats durant l&#8217;exposici\u00f3). En aquest sentit, s&#8217;han abordat els diversos tipus de <strong>protectors solars. <\/strong>Des dels <strong>t\u00f2pics<\/strong> (f\u00edsics o inorg\u00e0nics, qu\u00edmics o org\u00e0nics, biol\u00f2gics o antioxidants), fins els o<strong>rals antioxidants o complementaris<\/strong>, passan pels <strong>teixits <\/strong>i les<strong> ulleres de sol<\/strong>.<\/p>\n<p>Tamb\u00e9 s&#8217;han exposat els <strong>factors que modifiquen la intensitat de la radiaci\u00f3 solar<\/strong>: l&#8217;altitud, la latitud, l&#8217;estaci\u00f3 de l&#8217;any, la contaminaci\u00f3, la capa d&#8217;oz\u00f3 i l&#8217;<span style=\"color: #000000;\">albedo.\u00a0<\/span><\/p>\n<figure id=\"attachment_39214\" aria-describedby=\"caption-attachment-39214\" style=\"width: 620px\" class=\"wp-caption aligncenter\"><a href=\"https:\/\/blog.cofb.cat\/wp-content\/uploads\/2018\/05\/cofb.180507-25-1.jpg\"><img decoding=\"async\" class=\"wp-image-39214 size-large\" title=\"Els farmac\u00e8utics participants en la campanya #Atenci\u00f3Pell van omplir els diferents tallers programats.\" src=\"https:\/\/blog.cofb.cat\/wp-content\/uploads\/2018\/05\/cofb.180507-25-1-1024x683.jpg\" alt=\"Els farmac\u00e8utics participants en la campanya #Atenci\u00f3Pell van omplir els diferents tallers programats.\" width=\"620\" height=\"414\" \/><\/a><figcaption id=\"caption-attachment-39214\" class=\"wp-caption-text\">Els farmac\u00e8utics participants en la campanya #Atenci\u00f3Pell van omplir els diferents tallers programats.<\/figcaption><\/figure>\n<h1><strong><span style=\"color: #008080;\">L&#8217;exposici\u00f3 solar<\/span><\/strong><\/h1>\n<p><span style=\"color: #000000;\">En relaci\u00f3 a l&#8217;exposici\u00f3 al sol, s&#8217;ha fet refer\u00e8ncia a diferents situacions amb exposici\u00f3 solar:<br \/>\n<\/span><\/p>\n<ul>\n<li><strong>Di\u00e0ria. <\/strong>L&#8217;\u00edndex UV a Catalunya representa un <strong>risc moderat<\/strong> <strong>de dany a la pell<\/strong> en l&#8217;adult cada dia.<\/li>\n<li><strong>Alta. <\/strong>En situacions habituals, per\u00f2 prolongades amb \u00edndex UV moderat com: <strong>practicar esport a l&#8217;exterior<\/strong>, a la platja o al mar, en <strong>exposicions prolongades<\/strong> i en <strong>cabines solars de tractament est\u00e8tic<\/strong>.<\/li>\n<li><strong>Extrema<\/strong>. En pa\u00efsos propers als tr\u00f2pics en qu\u00e8 l&#8217;\u00edndex UV \u00e9s molt elevat.<\/li>\n<\/ul>\n<p>Finalment,\u00a0<span style=\"color: #000000;\">a m\u00e9s de presentar el <strong>projecte<\/strong>\u00a0<strong>DERMA-RISC,\u00a0<\/strong><\/span>\u00a0s&#8217;han proposat alguns casos pr\u00e0ctics per tal que els alumnes aprenguessin t\u00e8cniques d&#8217;indicaci\u00f3 farmac\u00e8utica de protectors solars aix\u00ed com exercicis per distingir el fototipus de la pell.<\/p>\n<p>&nbsp;<\/p>\n<p style=\"text-align: right;\"><strong>Campanya #Atenci\u00f3Pell organitzada conjuntament amb:<\/strong><\/p>\n<p style=\"text-align: right;\"><a href=\"https:\/\/blog.cofb.cat\/wp-content\/uploads\/2018\/04\/Organitzat-conjuntament-amb.jpg\"><img decoding=\"async\" class=\" wp-image-38863 alignright\" src=\"https:\/\/blog.cofb.cat\/wp-content\/uploads\/2018\/04\/Organitzat-conjuntament-amb.jpg\" alt=\"\" width=\"228\" height=\"66\" \/><\/a><\/p>\n<p>&nbsp;<\/p>\n<p>&nbsp;<\/p>\n<p style=\"text-align: right;\"><strong>Amb la col\u00b7laboraci\u00f3 de:<\/strong><\/p>\n<p style=\"text-align: right;\"><a href=\"https:\/\/blog.cofb.cat\/wp-content\/uploads\/2018\/04\/Patrocinadors-Atenci\u00f3-Pell-2018-1.jpg\"><img loading=\"lazy\" decoding=\"async\" class=\" wp-image-38859 alignright\" src=\"https:\/\/blog.cofb.cat\/wp-content\/uploads\/2018\/04\/Patrocinadors-Atenci\u00f3-Pell-2018-1-1024x173.jpg\" alt=\"\" width=\"420\" height=\"71\" \/><\/a><\/p>\n<p>&nbsp;<\/p>\n<p>&nbsp;<\/p>\n<p><strong>Altres publicacions d&#8217;inter\u00e8s:<\/strong><\/p>\n<ul>\n<li><a href=\"https:\/\/blog.cofb.cat\/mes-de-700-farmaceutics-inscrits-a-la-sessio-informativa-de-la-campanya-atenciopell\/\" target=\"_blank\" rel=\"noopener\">M\u00e9s de 700 farmac\u00e8utics inscrits a la sessi\u00f3 informativa de la campanya #Atenci\u00f3Pell (Maig 2018)<\/a><\/li>\n<li><a href=\"https:\/\/blog.cofb.cat\/mes-de-300-farmacies-de-barcelona-contribuiran-la-prevencio-deteccio-precoc-dels-riscos-de-patir-un-cancer-de-pell\/\" target=\"_blank\" rel=\"noopener\">M\u00e9s de 300 farm\u00e0cies de Barcelona contribuiran a la prevenci\u00f3 i detecci\u00f3 preco\u00e7 dels riscos de patir un c\u00e0ncer de pell (Maig 2017)<\/a><\/li>\n<li><a href=\"https:\/\/blog.cofb.cat\/exit-de-participacio-de-la-carpa-informativa-de-la-campanya-per-la-prevencio-de-patir-un-cancer-de-pell\/\" target=\"_blank\" rel=\"noopener\">\u00c8xit de participaci\u00f3 de la carpa informativa de la campanya per la prevenci\u00f3 de patir un c\u00e0ncer de pell (Juny 2017)<\/a><\/li>\n<li><a href=\"https:\/\/blog.cofb.cat\/saps-si-tens-factors-de-risc-de-patir-un-cancer-de-pell-participa-lestudi-derma-risc\/\" target=\"_blank\" rel=\"noopener\">Saps si tens factors de patir un c\u00e0ncer de pell? Participa a l&#8217;estudi DERMA-RISC (Juliol 2017)<\/a><\/li>\n<\/ul>\n","protected":false},"excerpt":{"rendered":"<p>M\u00e9s de 900 farmac\u00e8utics s&#8217;han inscrit als tallers formatius organitzats pel Col\u00b7legi de Farmac\u00e8utics de Barcelona (COFB) en el marc de la campanya #Atenci\u00f3Pell, que es posar\u00e0 en marxa el pr\u00f2xim 23 de maig. La formaci\u00f3, de car\u00e0cter obligatori, es dirigia a tots aquells professionals farmac\u00e8utics que participaran en la [&hellip;]<\/p>\n","protected":false},"author":1,"featured_media":39229,"comment_status":"open","ping_status":"open","sticky":false,"template":"","format":"standard","meta":{"_uag_custom_page_level_css":"","site-sidebar-layout":"default","site-content-layout":"","ast-site-content-layout":"default","site-content-style":"default","site-sidebar-style":"default","ast-global-header-display":"","ast-banner-title-visibility":"","ast-main-header-display":"","ast-hfb-above-header-display":"","ast-hfb-below-header-display":"","ast-hfb-mobile-header-display":"","site-post-title":"","ast-breadcrumbs-content":"","ast-featured-img":"disabled","footer-sml-layout":"","theme-transparent-header-meta":"","adv-header-id-meta":"","stick-header-meta":"","header-above-stick-meta":"","header-main-stick-meta":"","header-below-stick-meta":"","astra-migrate-meta-layouts":"default","ast-page-background-enabled":"default","ast-page-background-meta":{"desktop":{"background-color":"var(--ast-global-color-4)","background-image":"","background-repeat":"repeat","background-position":"center center","background-size":"auto","background-attachment":"scroll","background-type":"","background-media":"","overlay-type":"","overlay-color":"","overlay-opacity":"","overlay-gradient":""},"tablet":{"background-color":"","background-image":"","background-repeat":"repeat","background-position":"center center","background-size":"auto","background-attachment":"scroll","background-type":"","background-media":"","overlay-type":"","overlay-color":"","overlay-opacity":"","overlay-gradient":""},"mobile":{"background-color":"","background-image":"","background-repeat":"repeat","background-position":"center center","background-size":"auto","background-attachment":"scroll","background-type":"","background-media":"","overlay-type":"","overlay-color":"","overlay-opacity":"","overlay-gradient":""}},"ast-content-background-meta":{"desktop":{"background-color":"var(--ast-global-color-5)","background-image":"","background-repeat":"repeat","background-position":"center center","background-size":"auto","background-attachment":"scroll","background-type":"","background-media":"","overlay-type":"","overlay-color":"","overlay-opacity":"","overlay-gradient":""},"tablet":{"background-color":"var(--ast-global-color-5)","background-image":"","background-repeat":"repeat","background-position":"center center","background-size":"auto","background-attachment":"scroll","background-type":"","background-media":"","overlay-type":"","overlay-color":"","overlay-opacity":"","overlay-gradient":""},"mobile":{"background-color":"var(--ast-global-color-5)","background-image":"","background-repeat":"repeat","background-position":"center center","background-size":"auto","background-attachment":"scroll","background-type":"","background-media":"","overlay-type":"","overlay-color":"","overlay-opacity":"","overlay-gradient":""}},"footnotes":""},"categories":[57],"tags":[3107,392,884,19,2684,3108,79,2827,2913,53,68,113,70,741,3109,725,2504,2866,2713,3110,3111],"class_list":["post-39032","post","type-post","status-publish","format-standard","has-post-thumbnail","hentry","category-mon-collegial","tag-abans-de-deixar-hi-la-pell","tag-atencio-pell","tag-campanya","tag-collegi-de-farmaceutics-de-barcelona","tag-crema-solar","tag-dermatolegs","tag-dermatologia","tag-estudi-derma-risc","tag-factors-de-risc","tag-farmaceutics","tag-farmacia","tag-farmacia-assistencial","tag-formacio","tag-hospital-clinic","tag-professionals-farmaceutics","tag-proteccio-solar","tag-protegir-se-de-sol","tag-sol-i-medicacio","tag-tallers","tag-tallers-practics","tag-unitat-de-melanoma"],"yoast_head":"<!-- This site is optimized with the Yoast SEO plugin v22.4 - https:\/\/yoast.com\/wordpress\/plugins\/seo\/ -->\n<title>M\u00e9s de 900 farmac\u00e8utics s&#039;inscriuen als tallers de la campanya #Atenci\u00f3Pell - Col\u00b7legi de Farmac\u00e8utics de Barcelona<\/title>\n<meta name=\"robots\" content=\"index, follow, max-snippet:-1, max-image-preview:large, max-video-preview:-1\" \/>\n<link rel=\"canonical\" href=\"https:\/\/novaorg.cofb.net\/2018\/05\/16\/mes-900-farmaceutics-sinscriuen-als-tallers-campanya-atenciopell\/\" \/>\n<meta property=\"og:locale\" content=\"ca_ES\" \/>\n<meta property=\"og:type\" content=\"article\" \/>\n<meta property=\"og:title\" content=\"M\u00e9s de 900 farmac\u00e8utics s&#039;inscriuen als tallers de la campanya #Atenci\u00f3Pell - Col\u00b7legi de Farmac\u00e8utics de Barcelona\" \/>\n<meta property=\"og:description\" content=\"M\u00e9s de 900 farmac\u00e8utics s&#8217;han inscrit als tallers formatius organitzats pel Col\u00b7legi de Farmac\u00e8utics de Barcelona (COFB) en el marc de la campanya #Atenci\u00f3Pell, que es posar\u00e0 en marxa el pr\u00f2xim 23 de maig. La formaci\u00f3, de car\u00e0cter obligatori, es dirigia a tots aquells professionals farmac\u00e8utics que participaran en la [&hellip;]\" \/>\n<meta property=\"og:url\" content=\"https:\/\/novaorg.cofb.net\/2018\/05\/16\/mes-900-farmaceutics-sinscriuen-als-tallers-campanya-atenciopell\/\" \/>\n<meta property=\"og:site_name\" content=\"Col\u00b7legi de Farmac\u00e8utics de Barcelona\" \/>\n<meta property=\"article:publisher\" content=\"https:\/\/www.facebook.com\/farmaceuticsbcn\/\" \/>\n<meta property=\"article:published_time\" content=\"2018-05-16T19:24:08+00:00\" \/>\n<meta name=\"author\" content=\"wpAdminCofbOrg\" \/>\n<meta name=\"twitter:card\" content=\"summary_large_image\" \/>\n<meta name=\"twitter:creator\" content=\"@farmaceuticsbcn\" \/>\n<meta name=\"twitter:site\" content=\"@farmaceuticsbcn\" \/>\n<meta name=\"twitter:label1\" content=\"Escrit per\" \/>\n\t<meta name=\"twitter:data1\" content=\"wpAdminCofbOrg\" \/>\n\t<meta name=\"twitter:label2\" content=\"Temps estimat de lectura\" \/>\n\t<meta name=\"twitter:data2\" content=\"3 minuts\" \/>\n<script type=\"application\/ld+json\" class=\"yoast-schema-graph\">{\"@context\":\"https:\/\/schema.org\",\"@graph\":[{\"@type\":\"Article\",\"@id\":\"https:\/\/novaorg.cofb.net\/2018\/05\/16\/mes-900-farmaceutics-sinscriuen-als-tallers-campanya-atenciopell\/#article\",\"isPartOf\":{\"@id\":\"https:\/\/novaorg.cofb.net\/2018\/05\/16\/mes-900-farmaceutics-sinscriuen-als-tallers-campanya-atenciopell\/\"},\"author\":{\"name\":\"wpAdminCofbOrg\",\"@id\":\"https:\/\/www.cofb.org\/#\/schema\/person\/22ed7eea88da74b0fa4d3154ad87ffcb\"},\"headline\":\"M\u00e9s de 900 farmac\u00e8utics s&#8217;inscriuen als tallers de la campanya #Atenci\u00f3Pell\",\"datePublished\":\"2018-05-16T19:24:08+00:00\",\"dateModified\":\"2018-05-16T19:24:08+00:00\",\"mainEntityOfPage\":{\"@id\":\"https:\/\/novaorg.cofb.net\/2018\/05\/16\/mes-900-farmaceutics-sinscriuen-als-tallers-campanya-atenciopell\/\"},\"wordCount\":581,\"commentCount\":0,\"publisher\":{\"@id\":\"https:\/\/www.cofb.org\/#organization\"},\"image\":{\"@id\":\"https:\/\/novaorg.cofb.net\/2018\/05\/16\/mes-900-farmaceutics-sinscriuen-als-tallers-campanya-atenciopell\/#primaryimage\"},\"thumbnailUrl\":\"\",\"keywords\":[\"Abans de deixar-hi la pell\",\"Atenci\u00f3 Pell\",\"campanya\",\"Col\u00b7legi de Farmac\u00e8utics de Barcelona\",\"crema solar\",\"dermat\u00f2legs\",\"dermatologia\",\"estudi DERMA-RISC\",\"factors de risc\",\"farmac\u00e8utics\",\"Farm\u00e0cia\",\"farm\u00e0cia assistencial\",\"Formaci\u00f3\",\"Hospital Cl\u00ednic\",\"professionals farmac\u00e8utics\",\"protecci\u00f3 solar\",\"protegir-se de sol\",\"sol i medicaci\u00f3\",\"tallers\",\"tallers pr\u00e0ctics\",\"Unitat de melanoma\"],\"articleSection\":[\"M\u00f3n col\u00b7legial\"],\"inLanguage\":\"ca\",\"potentialAction\":[{\"@type\":\"CommentAction\",\"name\":\"Comment\",\"target\":[\"https:\/\/novaorg.cofb.net\/2018\/05\/16\/mes-900-farmaceutics-sinscriuen-als-tallers-campanya-atenciopell\/#respond\"]}]},{\"@type\":\"WebPage\",\"@id\":\"https:\/\/novaorg.cofb.net\/2018\/05\/16\/mes-900-farmaceutics-sinscriuen-als-tallers-campanya-atenciopell\/\",\"url\":\"https:\/\/novaorg.cofb.net\/2018\/05\/16\/mes-900-farmaceutics-sinscriuen-als-tallers-campanya-atenciopell\/\",\"name\":\"M\u00e9s de 900 farmac\u00e8utics s'inscriuen als tallers de la campanya #Atenci\u00f3Pell - Col\u00b7legi de Farmac\u00e8utics de Barcelona\",\"isPartOf\":{\"@id\":\"https:\/\/www.cofb.org\/#website\"},\"primaryImageOfPage\":{\"@id\":\"https:\/\/novaorg.cofb.net\/2018\/05\/16\/mes-900-farmaceutics-sinscriuen-als-tallers-campanya-atenciopell\/#primaryimage\"},\"image\":{\"@id\":\"https:\/\/novaorg.cofb.net\/2018\/05\/16\/mes-900-farmaceutics-sinscriuen-als-tallers-campanya-atenciopell\/#primaryimage\"},\"thumbnailUrl\":\"\",\"datePublished\":\"2018-05-16T19:24:08+00:00\",\"dateModified\":\"2018-05-16T19:24:08+00:00\",\"breadcrumb\":{\"@id\":\"https:\/\/novaorg.cofb.net\/2018\/05\/16\/mes-900-farmaceutics-sinscriuen-als-tallers-campanya-atenciopell\/#breadcrumb\"},\"inLanguage\":\"ca\",\"potentialAction\":[{\"@type\":\"ReadAction\",\"target\":[\"https:\/\/novaorg.cofb.net\/2018\/05\/16\/mes-900-farmaceutics-sinscriuen-als-tallers-campanya-atenciopell\/\"]}]},{\"@type\":\"ImageObject\",\"inLanguage\":\"ca\",\"@id\":\"https:\/\/novaorg.cofb.net\/2018\/05\/16\/mes-900-farmaceutics-sinscriuen-als-tallers-campanya-atenciopell\/#primaryimage\",\"url\":\"\",\"contentUrl\":\"\"},{\"@type\":\"BreadcrumbList\",\"@id\":\"https:\/\/novaorg.cofb.net\/2018\/05\/16\/mes-900-farmaceutics-sinscriuen-als-tallers-campanya-atenciopell\/#breadcrumb\",\"itemListElement\":[{\"@type\":\"ListItem\",\"position\":1,\"name\":\"Inici\",\"item\":\"https:\/\/novaorg.cofb.net\/\"},{\"@type\":\"ListItem\",\"position\":2,\"name\":\"M\u00e9s de 900 farmac\u00e8utics s&#8217;inscriuen als tallers de la campanya #Atenci\u00f3Pell\"}]},{\"@type\":\"WebSite\",\"@id\":\"https:\/\/www.cofb.org\/#website\",\"url\":\"https:\/\/www.cofb.org\/\",\"name\":\"Col\u00b7legi de Farmac\u00e8utics de Barcelona\",\"description\":\"\",\"publisher\":{\"@id\":\"https:\/\/www.cofb.org\/#organization\"},\"potentialAction\":[{\"@type\":\"SearchAction\",\"target\":{\"@type\":\"EntryPoint\",\"urlTemplate\":\"https:\/\/www.cofb.org\/?s={search_term_string}\"},\"query-input\":\"required name=search_term_string\"}],\"inLanguage\":\"ca\"},{\"@type\":\"Organization\",\"@id\":\"https:\/\/www.cofb.org\/#organization\",\"name\":\"Col\u00b7legi de Farmac\u00e8utics de Barcelona\",\"url\":\"https:\/\/www.cofb.org\/\",\"logo\":{\"@type\":\"ImageObject\",\"inLanguage\":\"ca\",\"@id\":\"https:\/\/www.cofb.org\/#\/schema\/logo\/image\/\",\"url\":\"https:\/\/www.cofb.org\/wp-content\/uploads\/2023\/11\/cropped-Logotip-COFB.png\",\"contentUrl\":\"https:\/\/www.cofb.org\/wp-content\/uploads\/2023\/11\/cropped-Logotip-COFB.png\",\"width\":500,\"height\":105,\"caption\":\"Col\u00b7legi de Farmac\u00e8utics de Barcelona\"},\"image\":{\"@id\":\"https:\/\/www.cofb.org\/#\/schema\/logo\/image\/\"},\"sameAs\":[\"https:\/\/www.facebook.com\/farmaceuticsbcn\/\",\"https:\/\/twitter.com\/farmaceuticsbcn\",\"https:\/\/www.instagram.com\/farmaceuticsbcn\/\",\"https:\/\/www.linkedin.com\/company\/farmaceuticsbcn\/\"]},{\"@type\":\"Person\",\"@id\":\"https:\/\/www.cofb.org\/#\/schema\/person\/22ed7eea88da74b0fa4d3154ad87ffcb\",\"name\":\"wpAdminCofbOrg\",\"image\":{\"@type\":\"ImageObject\",\"inLanguage\":\"ca\",\"@id\":\"https:\/\/www.cofb.org\/#\/schema\/person\/image\/\",\"url\":\"https:\/\/secure.gravatar.com\/avatar\/1721b20b3b8ca882c3b56ec6c978c594fff670e40c0718e9190eaeeb76aae7d8?s=96&d=mm&r=g\",\"contentUrl\":\"https:\/\/secure.gravatar.com\/avatar\/1721b20b3b8ca882c3b56ec6c978c594fff670e40c0718e9190eaeeb76aae7d8?s=96&d=mm&r=g\",\"caption\":\"wpAdminCofbOrg\"},\"sameAs\":[\"http:\/\/192.168.64.122\/wordpress\"],\"url\":\"https:\/\/www.cofb.org\/ca\/author\/wpadmincofborg\/\"}]}<\/script>\n<!-- \/ Yoast SEO plugin. -->","yoast_head_json":{"title":"M\u00e9s de 900 farmac\u00e8utics s'inscriuen als tallers de la campanya #Atenci\u00f3Pell - Col\u00b7legi de Farmac\u00e8utics de Barcelona","robots":{"index":"index","follow":"follow","max-snippet":"max-snippet:-1","max-image-preview":"max-image-preview:large","max-video-preview":"max-video-preview:-1"},"canonical":"https:\/\/novaorg.cofb.net\/2018\/05\/16\/mes-900-farmaceutics-sinscriuen-als-tallers-campanya-atenciopell\/","og_locale":"ca_ES","og_type":"article","og_title":"M\u00e9s de 900 farmac\u00e8utics s'inscriuen als tallers de la campanya #Atenci\u00f3Pell - Col\u00b7legi de Farmac\u00e8utics de Barcelona","og_description":"M\u00e9s de 900 farmac\u00e8utics s&#8217;han inscrit als tallers formatius organitzats pel Col\u00b7legi de Farmac\u00e8utics de Barcelona (COFB) en el marc de la campanya #Atenci\u00f3Pell, que es posar\u00e0 en marxa el pr\u00f2xim 23 de maig. La formaci\u00f3, de car\u00e0cter obligatori, es dirigia a tots aquells professionals farmac\u00e8utics que participaran en la [&hellip;]","og_url":"https:\/\/novaorg.cofb.net\/2018\/05\/16\/mes-900-farmaceutics-sinscriuen-als-tallers-campanya-atenciopell\/","og_site_name":"Col\u00b7legi de Farmac\u00e8utics de Barcelona","article_publisher":"https:\/\/www.facebook.com\/farmaceuticsbcn\/","article_published_time":"2018-05-16T19:24:08+00:00","author":"wpAdminCofbOrg","twitter_card":"summary_large_image","twitter_creator":"@farmaceuticsbcn","twitter_site":"@farmaceuticsbcn","twitter_misc":{"Escrit per":"wpAdminCofbOrg","Temps estimat de lectura":"3 minuts"},"schema":{"@context":"https:\/\/schema.org","@graph":[{"@type":"Article","@id":"https:\/\/novaorg.cofb.net\/2018\/05\/16\/mes-900-farmaceutics-sinscriuen-als-tallers-campanya-atenciopell\/#article","isPartOf":{"@id":"https:\/\/novaorg.cofb.net\/2018\/05\/16\/mes-900-farmaceutics-sinscriuen-als-tallers-campanya-atenciopell\/"},"author":{"name":"wpAdminCofbOrg","@id":"https:\/\/www.cofb.org\/#\/schema\/person\/22ed7eea88da74b0fa4d3154ad87ffcb"},"headline":"M\u00e9s de 900 farmac\u00e8utics s&#8217;inscriuen als tallers de la campanya #Atenci\u00f3Pell","datePublished":"2018-05-16T19:24:08+00:00","dateModified":"2018-05-16T19:24:08+00:00","mainEntityOfPage":{"@id":"https:\/\/novaorg.cofb.net\/2018\/05\/16\/mes-900-farmaceutics-sinscriuen-als-tallers-campanya-atenciopell\/"},"wordCount":581,"commentCount":0,"publisher":{"@id":"https:\/\/www.cofb.org\/#organization"},"image":{"@id":"https:\/\/novaorg.cofb.net\/2018\/05\/16\/mes-900-farmaceutics-sinscriuen-als-tallers-campanya-atenciopell\/#primaryimage"},"thumbnailUrl":"","keywords":["Abans de deixar-hi la pell","Atenci\u00f3 Pell","campanya","Col\u00b7legi de Farmac\u00e8utics de Barcelona","crema solar","dermat\u00f2legs","dermatologia","estudi DERMA-RISC","factors de risc","farmac\u00e8utics","Farm\u00e0cia","farm\u00e0cia assistencial","Formaci\u00f3","Hospital Cl\u00ednic","professionals farmac\u00e8utics","protecci\u00f3 solar","protegir-se de sol","sol i medicaci\u00f3","tallers","tallers pr\u00e0ctics","Unitat de melanoma"],"articleSection":["M\u00f3n col\u00b7legial"],"inLanguage":"ca","potentialAction":[{"@type":"CommentAction","name":"Comment","target":["https:\/\/novaorg.cofb.net\/2018\/05\/16\/mes-900-farmaceutics-sinscriuen-als-tallers-campanya-atenciopell\/#respond"]}]},{"@type":"WebPage","@id":"https:\/\/novaorg.cofb.net\/2018\/05\/16\/mes-900-farmaceutics-sinscriuen-als-tallers-campanya-atenciopell\/","url":"https:\/\/novaorg.cofb.net\/2018\/05\/16\/mes-900-farmaceutics-sinscriuen-als-tallers-campanya-atenciopell\/","name":"M\u00e9s de 900 farmac\u00e8utics s'inscriuen als tallers de la campanya #Atenci\u00f3Pell - Col\u00b7legi de Farmac\u00e8utics de Barcelona","isPartOf":{"@id":"https:\/\/www.cofb.org\/#website"},"primaryImageOfPage":{"@id":"https:\/\/novaorg.cofb.net\/2018\/05\/16\/mes-900-farmaceutics-sinscriuen-als-tallers-campanya-atenciopell\/#primaryimage"},"image":{"@id":"https:\/\/novaorg.cofb.net\/2018\/05\/16\/mes-900-farmaceutics-sinscriuen-als-tallers-campanya-atenciopell\/#primaryimage"},"thumbnailUrl":"","datePublished":"2018-05-16T19:24:08+00:00","dateModified":"2018-05-16T19:24:08+00:00","breadcrumb":{"@id":"https:\/\/novaorg.cofb.net\/2018\/05\/16\/mes-900-farmaceutics-sinscriuen-als-tallers-campanya-atenciopell\/#breadcrumb"},"inLanguage":"ca","potentialAction":[{"@type":"ReadAction","target":["https:\/\/novaorg.cofb.net\/2018\/05\/16\/mes-900-farmaceutics-sinscriuen-als-tallers-campanya-atenciopell\/"]}]},{"@type":"ImageObject","inLanguage":"ca","@id":"https:\/\/novaorg.cofb.net\/2018\/05\/16\/mes-900-farmaceutics-sinscriuen-als-tallers-campanya-atenciopell\/#primaryimage","url":"","contentUrl":""},{"@type":"BreadcrumbList","@id":"https:\/\/novaorg.cofb.net\/2018\/05\/16\/mes-900-farmaceutics-sinscriuen-als-tallers-campanya-atenciopell\/#breadcrumb","itemListElement":[{"@type":"ListItem","position":1,"name":"Inici","item":"https:\/\/novaorg.cofb.net\/"},{"@type":"ListItem","position":2,"name":"M\u00e9s de 900 farmac\u00e8utics s&#8217;inscriuen als tallers de la campanya #Atenci\u00f3Pell"}]},{"@type":"WebSite","@id":"https:\/\/www.cofb.org\/#website","url":"https:\/\/www.cofb.org\/","name":"Col\u00b7legi de Farmac\u00e8utics de Barcelona","description":"","publisher":{"@id":"https:\/\/www.cofb.org\/#organization"},"potentialAction":[{"@type":"SearchAction","target":{"@type":"EntryPoint","urlTemplate":"https:\/\/www.cofb.org\/?s={search_term_string}"},"query-input":"required name=search_term_string"}],"inLanguage":"ca"},{"@type":"Organization","@id":"https:\/\/www.cofb.org\/#organization","name":"Col\u00b7legi de Farmac\u00e8utics de Barcelona","url":"https:\/\/www.cofb.org\/","logo":{"@type":"ImageObject","inLanguage":"ca","@id":"https:\/\/www.cofb.org\/#\/schema\/logo\/image\/","url":"https:\/\/www.cofb.org\/wp-content\/uploads\/2023\/11\/cropped-Logotip-COFB.png","contentUrl":"https:\/\/www.cofb.org\/wp-content\/uploads\/2023\/11\/cropped-Logotip-COFB.png","width":500,"height":105,"caption":"Col\u00b7legi de Farmac\u00e8utics de Barcelona"},"image":{"@id":"https:\/\/www.cofb.org\/#\/schema\/logo\/image\/"},"sameAs":["https:\/\/www.facebook.com\/farmaceuticsbcn\/","https:\/\/twitter.com\/farmaceuticsbcn","https:\/\/www.instagram.com\/farmaceuticsbcn\/","https:\/\/www.linkedin.com\/company\/farmaceuticsbcn\/"]},{"@type":"Person","@id":"https:\/\/www.cofb.org\/#\/schema\/person\/22ed7eea88da74b0fa4d3154ad87ffcb","name":"wpAdminCofbOrg","image":{"@type":"ImageObject","inLanguage":"ca","@id":"https:\/\/www.cofb.org\/#\/schema\/person\/image\/","url":"https:\/\/secure.gravatar.com\/avatar\/1721b20b3b8ca882c3b56ec6c978c594fff670e40c0718e9190eaeeb76aae7d8?s=96&d=mm&r=g","contentUrl":"https:\/\/secure.gravatar.com\/avatar\/1721b20b3b8ca882c3b56ec6c978c594fff670e40c0718e9190eaeeb76aae7d8?s=96&d=mm&r=g","caption":"wpAdminCofbOrg"},"sameAs":["http:\/\/192.168.64.122\/wordpress"],"url":"https:\/\/www.cofb.org\/ca\/author\/wpadmincofborg\/"}]}},"uagb_featured_image_src":{"full":false,"thumbnail":false,"medium":false,"medium_large":false,"large":false,"1536x1536":false,"2048x2048":false,"trp-custom-language-flag":false},"uagb_author_info":{"display_name":"wpAdminCofbOrg","author_link":"https:\/\/www.cofb.org\/ca\/author\/wpadmincofborg\/"},"uagb_comment_info":0,"uagb_excerpt":"M\u00e9s de 900 farmac\u00e8utics s&#8217;han inscrit als tallers formatius organitzats pel Col\u00b7legi de Farmac\u00e8utics de Barcelona (COFB) en el marc de la campanya #Atenci\u00f3Pell, que es posar\u00e0 en marxa el pr\u00f2xim 23 de maig. La formaci\u00f3, de car\u00e0cter obligatori, es dirigia a tots aquells professionals farmac\u00e8utics que participaran en la [&hellip;]","_links":{"self":[{"href":"https:\/\/www.cofb.org\/ca\/wp-json\/wp\/v2\/posts\/39032","targetHints":{"allow":["GET"]}}],"collection":[{"href":"https:\/\/www.cofb.org\/ca\/wp-json\/wp\/v2\/posts"}],"about":[{"href":"https:\/\/www.cofb.org\/ca\/wp-json\/wp\/v2\/types\/post"}],"author":[{"embeddable":true,"href":"https:\/\/www.cofb.org\/ca\/wp-json\/wp\/v2\/users\/1"}],"replies":[{"embeddable":true,"href":"https:\/\/www.cofb.org\/ca\/wp-json\/wp\/v2\/comments?post=39032"}],"version-history":[{"count":0,"href":"https:\/\/www.cofb.org\/ca\/wp-json\/wp\/v2\/posts\/39032\/revisions"}],"wp:featuredmedia":[{"embeddable":true,"href":"https:\/\/www.cofb.org\/ca\/wp-json\/"}],"wp:attachment":[{"href":"https:\/\/www.cofb.org\/ca\/wp-json\/wp\/v2\/media?parent=39032"}],"wp:term":[{"taxonomy":"category","embeddable":true,"href":"https:\/\/www.cofb.org\/ca\/wp-json\/wp\/v2\/categories?post=39032"},{"taxonomy":"post_tag","embeddable":true,"href":"https:\/\/www.cofb.org\/ca\/wp-json\/wp\/v2\/tags?post=39032"}],"curies":[{"name":"wp","href":"https:\/\/api.w.org\/{rel}","templated":true}]}}