{"id":38785,"date":"2018-04-30T12:52:40","date_gmt":"2018-04-30T10:52:40","guid":{"rendered":"https:\/\/blog.cofb.cat\/?p=38785"},"modified":"2018-04-30T12:52:40","modified_gmt":"2018-04-30T10:52:40","slug":"dermofarmacia-aplicacio-practica-higiene-bucal-atopia-higiene-intima-tractaments-facials","status":"publish","type":"post","link":"https:\/\/www.cofb.org\/ca\/2018\/04\/30\/dermofarmacia-aplicacio-practica-higiene-bucal-atopia-higiene-intima-tractaments-facials\/","title":{"rendered":"Dermofarm\u00e0cia: aplicaci\u00f3 pr\u00e0ctica en higiene bucal, at\u00f2pia, higiene \u00edntima i tractaments facials"},"content":{"rendered":"<p>El Col\u00b7legi de Farmac\u00e8utics de Barcelona (COFB) va organitzar el passat mes d&#8217;abril un total de <strong>4 sessions<\/strong> dedicades a la <strong>dermofarm\u00e0cia<\/strong>, emmarcades en el curs <strong>&#8220;Dermofarm\u00e0cia: consells i recomanacions&#8221;, <\/strong>adre\u00e7at a<strong> t\u00e8cnics<\/strong> i <strong>auxiliars de farm\u00e0cia<\/strong>.<strong><br \/>\n<\/strong><\/p>\n<p>A cada sessi\u00f3 es va tractar un tema diferent, d&#8217;entre els seg\u00fcents: <strong>higiene bucal<\/strong>, <strong>at\u00f2pia<\/strong>, <strong>higiene \u00edntima en les diverses etapes de la vida <\/strong>i\u00a0 <strong>consells de tractaments facials<\/strong>.<\/p>\n<figure id=\"attachment_38824\" aria-describedby=\"caption-attachment-38824\" style=\"width: 620px\" class=\"wp-caption aligncenter\"><a href=\"https:\/\/blog.cofb.cat\/wp-content\/uploads\/2018\/04\/cofb.180417-08.jpg\"><img fetchpriority=\"high\" decoding=\"async\" class=\"wp-image-38824 size-large\" title=\"El curs &quot;Recomanacions i Consells en Dermofarm\u00e0cia&quot; es va seguir amb un gran inter\u00e8s. \" src=\"https:\/\/blog.cofb.cat\/wp-content\/uploads\/2018\/04\/cofb.180417-08-1024x683.jpg\" alt=\"El curs &quot;Recomanacions i Consells en Dermofarm\u00e0cia&quot; es va seguir amb un gran inter\u00e8s. \" width=\"620\" height=\"414\" \/><\/a><figcaption id=\"caption-attachment-38824\" class=\"wp-caption-text\">El curs &#8220;Recomanacions i Consells en Dermofarm\u00e0cia&#8221; es va seguir amb un gran inter\u00e8s.<\/figcaption><\/figure>\n<h1><span style=\"color: #008080;\"><strong>Recomanacions freq\u00fcents en dermofarm\u00e0cia<\/strong><\/span><\/h1>\n<h2><strong><span style=\"color: #008080;\">Higiene bucal<\/span><\/strong><\/h2>\n<p>En la primera sessi\u00f3, Xavier Calvo, odont\u00f2leg i <em>medical advisor<\/em> de Dentaid, va fer un <strong>rep\u00e0s de l\u2019anatomia de la cavitat oral<\/strong>, les <strong>principals patologies que afecten les dents<\/strong>, els diferents productes que hi ha per tal de cuidar-les i com recomanar-los.<\/p>\n<h2><span style=\"color: #008080;\"><strong>At\u00f2pia<\/strong><\/span><\/h2>\n<p>Durant la segona jornada, Marta Bajona <em>medical advisor<\/em> de Laboratoris Ferrer, va parlar de la <strong>dermatitis at\u00f2pica<\/strong>, les causes i les manifestacions de la patologia i els productes dermocosm\u00e8tics que es poden recomanar des de la farm\u00e0cia per tal d\u2019alleugerir i espaiar els brots. Tamb\u00e9 va donar consells de <strong>recomanaci\u00f3 sobre estils de vida<\/strong>, per tal de <strong>millorar la qualitat de vida dels pacients<\/strong>.<\/p>\n<figure id=\"attachment_38822\" aria-describedby=\"caption-attachment-38822\" style=\"width: 620px\" class=\"wp-caption aligncenter\"><a href=\"https:\/\/blog.cofb.cat\/wp-content\/uploads\/2018\/04\/cofb.180417-02.jpg\"><img decoding=\"async\" class=\"wp-image-38822 size-large\" title=\"Marta Alcalde, vocal de Dermofarm\u00e0cia i Productes Sanitaris del COFB, acompanyada de l'odont\u00f2leg i medical advisor de Dentaid, Xavier Calvo.\" src=\"https:\/\/blog.cofb.cat\/wp-content\/uploads\/2018\/04\/cofb.180417-02-1024x683.jpg\" alt=\"Marta Alcalde, vocal de Dermofarm\u00e0cia i Productes Sanitaris del COFB, acompanyada de l'odont\u00f2leg i medical advisor de Dentaid, Xavier Calvo.\" width=\"620\" height=\"414\" \/><\/a><figcaption id=\"caption-attachment-38822\" class=\"wp-caption-text\">Marta Alcalde, vocal de Dermofarm\u00e0cia i Productes Sanitaris del COFB, acompanyada de l&#8217;odont\u00f2leg i medical advisor de Dentaid, Xavier Calvo.<\/figcaption><\/figure>\n<h2><span style=\"color: #008080;\"><strong>Higiene \u00edntima<\/strong><\/span><\/h2>\n<p>La tercera sessi\u00f3, dedicada a la <strong>higiene \u00edntima<\/strong>, la va impartir Noem\u00ed Serra-Baldrich, farmac\u00e8utica R&amp;D de laboratoris Leti. Serra-Baldrich va explicar les <strong>difer\u00e8ncies de la mucosa a les diferents etapes vitals de la dona<\/strong>, fet que cal con\u00e8ixer per a recomanar productes adients en cada cas. Tamb\u00e9 va referir-se als <strong>productes <\/strong>que existeixen per tractar les <strong>patologies<\/strong> de la zona \u00edntima i de quina manera utilitzar-los.<\/p>\n<h2><span style=\"color: #008080;\"><strong>Tractaments facials<\/strong><\/span><\/h2>\n<p>L&#8217;\u00faltim dia de curs, es van abordar els<strong> tractaments facials,<\/strong> a c\u00e0rrec de Gemma M\u00e1rquez, dermat\u00f2loga adjunta del servei de dermatologia de l\u2019Institut de Dermatologia Avan\u00e7ada (IDERMA). Al llarg de la seva exposici\u00f3, M\u00e1rquez va centrar-se en les difer\u00e8ncies de la pell al llarg de la vida, les principals patologies d&#8217;aquesta en l&#8217;\u00e0mbit facial (ros\u00e0cia, acne, vitiligen&#8230;). Finalment, va parlar de consells aplicables a les<strong> rutines cosm\u00e8tiques<\/strong> pels <strong>diferents tipus de pell<\/strong>.<\/p>\n<div class=\"destacat-blog\">\n<h1><span style=\"color: #008080;\"><strong>Objectius del curs<\/strong><\/span><\/h1>\n<p>Els <strong>objectius del curs <\/strong>van ser els seg\u00fcents:<\/p>\n<ul>\n<li><strong>Adquirir<\/strong> els <strong>coneixements<\/strong>, les <strong>habilitats<\/strong> i les <strong>t\u00e8cniques necess\u00e0ries<\/strong> per oferir el consell m\u00e9s adient en cada una de les \u00e0rees i els productes tractats en el curs.<\/li>\n<li>Saber <strong>recomanar<\/strong> els<strong> productes<\/strong> i els <strong>tractaments dermofarmac\u00e8utics<\/strong> adequats en cada situaci\u00f3.<\/li>\n<\/ul>\n<p>Aquests objectius, segons Marta Alcalde, vocal de Dermofarm\u00e0cia i Productes Sanitaris del COFB, reflecteixen que &#8220;<strong>el Col\u00b7legi \u00e9s conscient de la necessitat que tot el personal de l&#8217;oficina de farm\u00e0cia ha de saber respondre les consultes que fan els pacients mitjan\u00e7ant un consell de qualitat i ben argumentat&#8221;<\/strong>.<\/p>\n<\/div>\n<h1><span style=\"color: #008080;\"><strong>&#8220;Bona acollida entre els alumnes&#8221;<\/strong><\/span><\/h1>\n<p>D&#8217;altra banda, la vocal de Dermofarm\u00e0cia i Productes Sanitaris del COFB va fer una valoraci\u00f3 positiva del curs: &#8220;La formaci\u00f3 ha tingut una<strong> bona acollida <\/strong>entre els alumnes, que han fet moltes preguntes i han assistit amb <strong>gran inter\u00e8s<\/strong> a totes les sessions programades&#8221;, va explicar.<\/p>\n<p>&nbsp;<\/p>\n<p style=\"text-align: right;\"><strong>Amb la col\u00b7laboraci\u00f3 de:<\/strong><\/p>\n<p><a href=\"https:\/\/blog.cofb.cat\/wp-content\/uploads\/2018\/04\/Patrocini-Curs-Dermofarm\u00e0cia.jpg\"><img decoding=\"async\" class=\"wp-image-38793 alignright\" src=\"https:\/\/blog.cofb.cat\/wp-content\/uploads\/2018\/04\/Patrocini-Curs-Dermofarm\u00e0cia.jpg\" alt=\"\" width=\"552\" height=\"65\" \/><\/a><\/p>\n<p>&nbsp;<\/p>\n<p><strong>Altres publicacions d&#8217;inter\u00e8s:<\/strong><\/p>\n<ul>\n<li><a href=\"https:\/\/blog.cofb.cat\/dermofarmacia-dermoanalitzadors-medicina-estetica-i-gestio-per-categories\/\" target=\"_blank\" rel=\"noopener\">Dermofarm\u00e0cia: dermoanalitzadors, medicina est\u00e8tica i gesti\u00f3 per categories (Juliol 2016)<\/a><\/li>\n<li><a href=\"https:\/\/blog.cofb.cat\/dermofarmacia-consells-i-recomanacions-actius-polivalents-i-nanoparticules-naturals-i-alteracions-del-cuir-cabellut\/\" target=\"_blank\" rel=\"noopener\">Dermofarm\u00e0cia: consells i recomanacions, actius polivalents i nanopart\u00edcules naturals, i alteracions del cuir cabellut (Agost 2016)<\/a><\/li>\n<li><a href=\"https:\/\/blog.cofb.cat\/inauguracio-del-nou-curs-sobre-dermofarmacia-programa-dermoexpert\/\" target=\"_blank\" rel=\"noopener\">Inauguraci\u00f3 del nou curs sobre dermofarm\u00e0cia, programa Dermoexpert (Mar\u00e7 2017)<\/a><\/li>\n<li><a href=\"https:\/\/blog.cofb.cat\/actualitzant-al-farmaceutic-per-atendre-consultes-frequents-en-dermofarmacia\/\" target=\"_blank\" rel=\"noopener\">Actualitzant al farmac\u00e8utic per atendre consultes freq\u00fcents en dermofarm\u00e0cia (Novembre 2017)<\/a><\/li>\n<\/ul>\n","protected":false},"excerpt":{"rendered":"<p>El Col\u00b7legi de Farmac\u00e8utics de Barcelona (COFB) va organitzar el passat mes d&#8217;abril un total de 4 sessions dedicades a la dermofarm\u00e0cia, emmarcades en el curs &#8220;Dermofarm\u00e0cia: consells i recomanacions&#8221;, adre\u00e7at a t\u00e8cnics i auxiliars de farm\u00e0cia. A cada sessi\u00f3 es va tractar un tema diferent, d&#8217;entre els seg\u00fcents: higiene [&hellip;]<\/p>\n","protected":false},"author":1,"featured_media":38824,"comment_status":"open","ping_status":"open","sticky":false,"template":"","format":"standard","meta":{"_uag_custom_page_level_css":"","site-sidebar-layout":"default","site-content-layout":"","ast-site-content-layout":"default","site-content-style":"default","site-sidebar-style":"default","ast-global-header-display":"","ast-banner-title-visibility":"","ast-main-header-display":"","ast-hfb-above-header-display":"","ast-hfb-below-header-display":"","ast-hfb-mobile-header-display":"","site-post-title":"","ast-breadcrumbs-content":"","ast-featured-img":"disabled","footer-sml-layout":"","theme-transparent-header-meta":"","adv-header-id-meta":"","stick-header-meta":"","header-above-stick-meta":"","header-main-stick-meta":"","header-below-stick-meta":"","astra-migrate-meta-layouts":"default","ast-page-background-enabled":"default","ast-page-background-meta":{"desktop":{"background-color":"var(--ast-global-color-4)","background-image":"","background-repeat":"repeat","background-position":"center center","background-size":"auto","background-attachment":"scroll","background-type":"","background-media":"","overlay-type":"","overlay-color":"","overlay-opacity":"","overlay-gradient":""},"tablet":{"background-color":"","background-image":"","background-repeat":"repeat","background-position":"center center","background-size":"auto","background-attachment":"scroll","background-type":"","background-media":"","overlay-type":"","overlay-color":"","overlay-opacity":"","overlay-gradient":""},"mobile":{"background-color":"","background-image":"","background-repeat":"repeat","background-position":"center center","background-size":"auto","background-attachment":"scroll","background-type":"","background-media":"","overlay-type":"","overlay-color":"","overlay-opacity":"","overlay-gradient":""}},"ast-content-background-meta":{"desktop":{"background-color":"var(--ast-global-color-5)","background-image":"","background-repeat":"repeat","background-position":"center center","background-size":"auto","background-attachment":"scroll","background-type":"","background-media":"","overlay-type":"","overlay-color":"","overlay-opacity":"","overlay-gradient":""},"tablet":{"background-color":"var(--ast-global-color-5)","background-image":"","background-repeat":"repeat","background-position":"center center","background-size":"auto","background-attachment":"scroll","background-type":"","background-media":"","overlay-type":"","overlay-color":"","overlay-opacity":"","overlay-gradient":""},"mobile":{"background-color":"var(--ast-global-color-5)","background-image":"","background-repeat":"repeat","background-position":"center center","background-size":"auto","background-attachment":"scroll","background-type":"","background-media":"","overlay-type":"","overlay-color":"","overlay-opacity":"","overlay-gradient":""}},"footnotes":""},"categories":[57],"tags":[3095,18,19,38,81,70,300,3096,2302,3097,237,789,3098,727],"class_list":["post-38785","post","type-post","status-publish","format-standard","has-post-thumbnail","hentry","category-mon-collegial","tag-auxiliars-de-farmacia","tag-cofb","tag-collegi-de-farmaceutics-de-barcelona","tag-consells","tag-dermofarmacia","tag-formacio","tag-formacio-continuada","tag-higiene-bucal","tag-higiene-facial","tag-higiene-intima","tag-productes-sanitaris","tag-recomanacions","tag-tecnics-de-farmacia","tag-vocalia-de-dermofarmacia-i-productes-sanitaris"],"yoast_head":"<!-- This site is optimized with the Yoast SEO plugin v22.4 - https:\/\/yoast.com\/wordpress\/plugins\/seo\/ -->\n<title>Dermofarm\u00e0cia: aplicaci\u00f3 pr\u00e0ctica en higiene bucal, at\u00f2pia, higiene \u00edntima i tractaments facials - Col\u00b7legi de Farmac\u00e8utics de Barcelona<\/title>\n<meta name=\"robots\" content=\"index, follow, max-snippet:-1, max-image-preview:large, max-video-preview:-1\" \/>\n<link rel=\"canonical\" href=\"https:\/\/novaorg.cofb.net\/2018\/04\/30\/dermofarmacia-aplicacio-practica-higiene-bucal-atopia-higiene-intima-tractaments-facials\/\" \/>\n<meta property=\"og:locale\" content=\"ca_ES\" \/>\n<meta property=\"og:type\" content=\"article\" \/>\n<meta property=\"og:title\" content=\"Dermofarm\u00e0cia: aplicaci\u00f3 pr\u00e0ctica en higiene bucal, at\u00f2pia, higiene \u00edntima i tractaments facials - Col\u00b7legi de Farmac\u00e8utics de Barcelona\" \/>\n<meta property=\"og:description\" content=\"El Col\u00b7legi de Farmac\u00e8utics de Barcelona (COFB) va organitzar el passat mes d&#8217;abril un total de 4 sessions dedicades a la dermofarm\u00e0cia, emmarcades en el curs &#8220;Dermofarm\u00e0cia: consells i recomanacions&#8221;, adre\u00e7at a t\u00e8cnics i auxiliars de farm\u00e0cia. A cada sessi\u00f3 es va tractar un tema diferent, d&#8217;entre els seg\u00fcents: higiene [&hellip;]\" \/>\n<meta property=\"og:url\" content=\"https:\/\/novaorg.cofb.net\/2018\/04\/30\/dermofarmacia-aplicacio-practica-higiene-bucal-atopia-higiene-intima-tractaments-facials\/\" \/>\n<meta property=\"og:site_name\" content=\"Col\u00b7legi de Farmac\u00e8utics de Barcelona\" \/>\n<meta property=\"article:publisher\" content=\"https:\/\/www.facebook.com\/farmaceuticsbcn\/\" \/>\n<meta property=\"article:published_time\" content=\"2018-04-30T10:52:40+00:00\" \/>\n<meta name=\"author\" content=\"wpAdminCofbOrg\" \/>\n<meta name=\"twitter:card\" content=\"summary_large_image\" \/>\n<meta name=\"twitter:creator\" content=\"@farmaceuticsbcn\" \/>\n<meta name=\"twitter:site\" content=\"@farmaceuticsbcn\" \/>\n<meta name=\"twitter:label1\" content=\"Escrit per\" \/>\n\t<meta name=\"twitter:data1\" content=\"wpAdminCofbOrg\" \/>\n\t<meta name=\"twitter:label2\" content=\"Temps estimat de lectura\" \/>\n\t<meta name=\"twitter:data2\" content=\"3 minuts\" \/>\n<script type=\"application\/ld+json\" class=\"yoast-schema-graph\">{\"@context\":\"https:\/\/schema.org\",\"@graph\":[{\"@type\":\"Article\",\"@id\":\"https:\/\/novaorg.cofb.net\/2018\/04\/30\/dermofarmacia-aplicacio-practica-higiene-bucal-atopia-higiene-intima-tractaments-facials\/#article\",\"isPartOf\":{\"@id\":\"https:\/\/novaorg.cofb.net\/2018\/04\/30\/dermofarmacia-aplicacio-practica-higiene-bucal-atopia-higiene-intima-tractaments-facials\/\"},\"author\":{\"name\":\"wpAdminCofbOrg\",\"@id\":\"https:\/\/www.cofb.org\/#\/schema\/person\/22ed7eea88da74b0fa4d3154ad87ffcb\"},\"headline\":\"Dermofarm\u00e0cia: aplicaci\u00f3 pr\u00e0ctica en higiene bucal, at\u00f2pia, higiene \u00edntima i tractaments facials\",\"datePublished\":\"2018-04-30T10:52:40+00:00\",\"dateModified\":\"2018-04-30T10:52:40+00:00\",\"mainEntityOfPage\":{\"@id\":\"https:\/\/novaorg.cofb.net\/2018\/04\/30\/dermofarmacia-aplicacio-practica-higiene-bucal-atopia-higiene-intima-tractaments-facials\/\"},\"wordCount\":652,\"commentCount\":0,\"publisher\":{\"@id\":\"https:\/\/www.cofb.org\/#organization\"},\"image\":{\"@id\":\"https:\/\/novaorg.cofb.net\/2018\/04\/30\/dermofarmacia-aplicacio-practica-higiene-bucal-atopia-higiene-intima-tractaments-facials\/#primaryimage\"},\"thumbnailUrl\":\"\",\"keywords\":[\"auxiliars de farm\u00e0cia\",\"COFB\",\"Col\u00b7legi de Farmac\u00e8utics de Barcelona\",\"consells\",\"Dermofarm\u00e0cia\",\"Formaci\u00f3\",\"formaci\u00f3 continuada\",\"higiene bucal\",\"higiene facial\",\"higiene \u00edntima\",\"productes sanitaris\",\"Recomanacions\",\"t\u00e8cnics de farm\u00e0cia\",\"Vocalia de Dermofarm\u00e0cia i Productes Sanitaris\"],\"articleSection\":[\"M\u00f3n col\u00b7legial\"],\"inLanguage\":\"ca\",\"potentialAction\":[{\"@type\":\"CommentAction\",\"name\":\"Comment\",\"target\":[\"https:\/\/novaorg.cofb.net\/2018\/04\/30\/dermofarmacia-aplicacio-practica-higiene-bucal-atopia-higiene-intima-tractaments-facials\/#respond\"]}]},{\"@type\":\"WebPage\",\"@id\":\"https:\/\/novaorg.cofb.net\/2018\/04\/30\/dermofarmacia-aplicacio-practica-higiene-bucal-atopia-higiene-intima-tractaments-facials\/\",\"url\":\"https:\/\/novaorg.cofb.net\/2018\/04\/30\/dermofarmacia-aplicacio-practica-higiene-bucal-atopia-higiene-intima-tractaments-facials\/\",\"name\":\"Dermofarm\u00e0cia: aplicaci\u00f3 pr\u00e0ctica en higiene bucal, at\u00f2pia, higiene \u00edntima i tractaments facials - Col\u00b7legi de Farmac\u00e8utics de Barcelona\",\"isPartOf\":{\"@id\":\"https:\/\/www.cofb.org\/#website\"},\"primaryImageOfPage\":{\"@id\":\"https:\/\/novaorg.cofb.net\/2018\/04\/30\/dermofarmacia-aplicacio-practica-higiene-bucal-atopia-higiene-intima-tractaments-facials\/#primaryimage\"},\"image\":{\"@id\":\"https:\/\/novaorg.cofb.net\/2018\/04\/30\/dermofarmacia-aplicacio-practica-higiene-bucal-atopia-higiene-intima-tractaments-facials\/#primaryimage\"},\"thumbnailUrl\":\"\",\"datePublished\":\"2018-04-30T10:52:40+00:00\",\"dateModified\":\"2018-04-30T10:52:40+00:00\",\"breadcrumb\":{\"@id\":\"https:\/\/novaorg.cofb.net\/2018\/04\/30\/dermofarmacia-aplicacio-practica-higiene-bucal-atopia-higiene-intima-tractaments-facials\/#breadcrumb\"},\"inLanguage\":\"ca\",\"potentialAction\":[{\"@type\":\"ReadAction\",\"target\":[\"https:\/\/novaorg.cofb.net\/2018\/04\/30\/dermofarmacia-aplicacio-practica-higiene-bucal-atopia-higiene-intima-tractaments-facials\/\"]}]},{\"@type\":\"ImageObject\",\"inLanguage\":\"ca\",\"@id\":\"https:\/\/novaorg.cofb.net\/2018\/04\/30\/dermofarmacia-aplicacio-practica-higiene-bucal-atopia-higiene-intima-tractaments-facials\/#primaryimage\",\"url\":\"\",\"contentUrl\":\"\"},{\"@type\":\"BreadcrumbList\",\"@id\":\"https:\/\/novaorg.cofb.net\/2018\/04\/30\/dermofarmacia-aplicacio-practica-higiene-bucal-atopia-higiene-intima-tractaments-facials\/#breadcrumb\",\"itemListElement\":[{\"@type\":\"ListItem\",\"position\":1,\"name\":\"Inici\",\"item\":\"https:\/\/novaorg.cofb.net\/\"},{\"@type\":\"ListItem\",\"position\":2,\"name\":\"Dermofarm\u00e0cia: aplicaci\u00f3 pr\u00e0ctica en higiene bucal, at\u00f2pia, higiene \u00edntima i tractaments facials\"}]},{\"@type\":\"WebSite\",\"@id\":\"https:\/\/www.cofb.org\/#website\",\"url\":\"https:\/\/www.cofb.org\/\",\"name\":\"Col\u00b7legi de Farmac\u00e8utics de Barcelona\",\"description\":\"\",\"publisher\":{\"@id\":\"https:\/\/www.cofb.org\/#organization\"},\"potentialAction\":[{\"@type\":\"SearchAction\",\"target\":{\"@type\":\"EntryPoint\",\"urlTemplate\":\"https:\/\/www.cofb.org\/?s={search_term_string}\"},\"query-input\":\"required name=search_term_string\"}],\"inLanguage\":\"ca\"},{\"@type\":\"Organization\",\"@id\":\"https:\/\/www.cofb.org\/#organization\",\"name\":\"Col\u00b7legi de Farmac\u00e8utics de Barcelona\",\"url\":\"https:\/\/www.cofb.org\/\",\"logo\":{\"@type\":\"ImageObject\",\"inLanguage\":\"ca\",\"@id\":\"https:\/\/www.cofb.org\/#\/schema\/logo\/image\/\",\"url\":\"https:\/\/www.cofb.org\/wp-content\/uploads\/2023\/11\/cropped-Logotip-COFB.png\",\"contentUrl\":\"https:\/\/www.cofb.org\/wp-content\/uploads\/2023\/11\/cropped-Logotip-COFB.png\",\"width\":500,\"height\":105,\"caption\":\"Col\u00b7legi de Farmac\u00e8utics de Barcelona\"},\"image\":{\"@id\":\"https:\/\/www.cofb.org\/#\/schema\/logo\/image\/\"},\"sameAs\":[\"https:\/\/www.facebook.com\/farmaceuticsbcn\/\",\"https:\/\/twitter.com\/farmaceuticsbcn\",\"https:\/\/www.instagram.com\/farmaceuticsbcn\/\",\"https:\/\/www.linkedin.com\/company\/farmaceuticsbcn\/\"]},{\"@type\":\"Person\",\"@id\":\"https:\/\/www.cofb.org\/#\/schema\/person\/22ed7eea88da74b0fa4d3154ad87ffcb\",\"name\":\"wpAdminCofbOrg\",\"image\":{\"@type\":\"ImageObject\",\"inLanguage\":\"ca\",\"@id\":\"https:\/\/www.cofb.org\/#\/schema\/person\/image\/\",\"url\":\"https:\/\/secure.gravatar.com\/avatar\/1721b20b3b8ca882c3b56ec6c978c594fff670e40c0718e9190eaeeb76aae7d8?s=96&d=mm&r=g\",\"contentUrl\":\"https:\/\/secure.gravatar.com\/avatar\/1721b20b3b8ca882c3b56ec6c978c594fff670e40c0718e9190eaeeb76aae7d8?s=96&d=mm&r=g\",\"caption\":\"wpAdminCofbOrg\"},\"sameAs\":[\"http:\/\/192.168.64.122\/wordpress\"],\"url\":\"https:\/\/www.cofb.org\/ca\/author\/wpadmincofborg\/\"}]}<\/script>\n<!-- \/ Yoast SEO plugin. -->","yoast_head_json":{"title":"Dermofarm\u00e0cia: aplicaci\u00f3 pr\u00e0ctica en higiene bucal, at\u00f2pia, higiene \u00edntima i tractaments facials - Col\u00b7legi de Farmac\u00e8utics de Barcelona","robots":{"index":"index","follow":"follow","max-snippet":"max-snippet:-1","max-image-preview":"max-image-preview:large","max-video-preview":"max-video-preview:-1"},"canonical":"https:\/\/novaorg.cofb.net\/2018\/04\/30\/dermofarmacia-aplicacio-practica-higiene-bucal-atopia-higiene-intima-tractaments-facials\/","og_locale":"ca_ES","og_type":"article","og_title":"Dermofarm\u00e0cia: aplicaci\u00f3 pr\u00e0ctica en higiene bucal, at\u00f2pia, higiene \u00edntima i tractaments facials - Col\u00b7legi de Farmac\u00e8utics de Barcelona","og_description":"El Col\u00b7legi de Farmac\u00e8utics de Barcelona (COFB) va organitzar el passat mes d&#8217;abril un total de 4 sessions dedicades a la dermofarm\u00e0cia, emmarcades en el curs &#8220;Dermofarm\u00e0cia: consells i recomanacions&#8221;, adre\u00e7at a t\u00e8cnics i auxiliars de farm\u00e0cia. A cada sessi\u00f3 es va tractar un tema diferent, d&#8217;entre els seg\u00fcents: higiene [&hellip;]","og_url":"https:\/\/novaorg.cofb.net\/2018\/04\/30\/dermofarmacia-aplicacio-practica-higiene-bucal-atopia-higiene-intima-tractaments-facials\/","og_site_name":"Col\u00b7legi de Farmac\u00e8utics de Barcelona","article_publisher":"https:\/\/www.facebook.com\/farmaceuticsbcn\/","article_published_time":"2018-04-30T10:52:40+00:00","author":"wpAdminCofbOrg","twitter_card":"summary_large_image","twitter_creator":"@farmaceuticsbcn","twitter_site":"@farmaceuticsbcn","twitter_misc":{"Escrit per":"wpAdminCofbOrg","Temps estimat de lectura":"3 minuts"},"schema":{"@context":"https:\/\/schema.org","@graph":[{"@type":"Article","@id":"https:\/\/novaorg.cofb.net\/2018\/04\/30\/dermofarmacia-aplicacio-practica-higiene-bucal-atopia-higiene-intima-tractaments-facials\/#article","isPartOf":{"@id":"https:\/\/novaorg.cofb.net\/2018\/04\/30\/dermofarmacia-aplicacio-practica-higiene-bucal-atopia-higiene-intima-tractaments-facials\/"},"author":{"name":"wpAdminCofbOrg","@id":"https:\/\/www.cofb.org\/#\/schema\/person\/22ed7eea88da74b0fa4d3154ad87ffcb"},"headline":"Dermofarm\u00e0cia: aplicaci\u00f3 pr\u00e0ctica en higiene bucal, at\u00f2pia, higiene \u00edntima i tractaments facials","datePublished":"2018-04-30T10:52:40+00:00","dateModified":"2018-04-30T10:52:40+00:00","mainEntityOfPage":{"@id":"https:\/\/novaorg.cofb.net\/2018\/04\/30\/dermofarmacia-aplicacio-practica-higiene-bucal-atopia-higiene-intima-tractaments-facials\/"},"wordCount":652,"commentCount":0,"publisher":{"@id":"https:\/\/www.cofb.org\/#organization"},"image":{"@id":"https:\/\/novaorg.cofb.net\/2018\/04\/30\/dermofarmacia-aplicacio-practica-higiene-bucal-atopia-higiene-intima-tractaments-facials\/#primaryimage"},"thumbnailUrl":"","keywords":["auxiliars de farm\u00e0cia","COFB","Col\u00b7legi de Farmac\u00e8utics de Barcelona","consells","Dermofarm\u00e0cia","Formaci\u00f3","formaci\u00f3 continuada","higiene bucal","higiene facial","higiene \u00edntima","productes sanitaris","Recomanacions","t\u00e8cnics de farm\u00e0cia","Vocalia de Dermofarm\u00e0cia i Productes Sanitaris"],"articleSection":["M\u00f3n col\u00b7legial"],"inLanguage":"ca","potentialAction":[{"@type":"CommentAction","name":"Comment","target":["https:\/\/novaorg.cofb.net\/2018\/04\/30\/dermofarmacia-aplicacio-practica-higiene-bucal-atopia-higiene-intima-tractaments-facials\/#respond"]}]},{"@type":"WebPage","@id":"https:\/\/novaorg.cofb.net\/2018\/04\/30\/dermofarmacia-aplicacio-practica-higiene-bucal-atopia-higiene-intima-tractaments-facials\/","url":"https:\/\/novaorg.cofb.net\/2018\/04\/30\/dermofarmacia-aplicacio-practica-higiene-bucal-atopia-higiene-intima-tractaments-facials\/","name":"Dermofarm\u00e0cia: aplicaci\u00f3 pr\u00e0ctica en higiene bucal, at\u00f2pia, higiene \u00edntima i tractaments facials - Col\u00b7legi de Farmac\u00e8utics de Barcelona","isPartOf":{"@id":"https:\/\/www.cofb.org\/#website"},"primaryImageOfPage":{"@id":"https:\/\/novaorg.cofb.net\/2018\/04\/30\/dermofarmacia-aplicacio-practica-higiene-bucal-atopia-higiene-intima-tractaments-facials\/#primaryimage"},"image":{"@id":"https:\/\/novaorg.cofb.net\/2018\/04\/30\/dermofarmacia-aplicacio-practica-higiene-bucal-atopia-higiene-intima-tractaments-facials\/#primaryimage"},"thumbnailUrl":"","datePublished":"2018-04-30T10:52:40+00:00","dateModified":"2018-04-30T10:52:40+00:00","breadcrumb":{"@id":"https:\/\/novaorg.cofb.net\/2018\/04\/30\/dermofarmacia-aplicacio-practica-higiene-bucal-atopia-higiene-intima-tractaments-facials\/#breadcrumb"},"inLanguage":"ca","potentialAction":[{"@type":"ReadAction","target":["https:\/\/novaorg.cofb.net\/2018\/04\/30\/dermofarmacia-aplicacio-practica-higiene-bucal-atopia-higiene-intima-tractaments-facials\/"]}]},{"@type":"ImageObject","inLanguage":"ca","@id":"https:\/\/novaorg.cofb.net\/2018\/04\/30\/dermofarmacia-aplicacio-practica-higiene-bucal-atopia-higiene-intima-tractaments-facials\/#primaryimage","url":"","contentUrl":""},{"@type":"BreadcrumbList","@id":"https:\/\/novaorg.cofb.net\/2018\/04\/30\/dermofarmacia-aplicacio-practica-higiene-bucal-atopia-higiene-intima-tractaments-facials\/#breadcrumb","itemListElement":[{"@type":"ListItem","position":1,"name":"Inici","item":"https:\/\/novaorg.cofb.net\/"},{"@type":"ListItem","position":2,"name":"Dermofarm\u00e0cia: aplicaci\u00f3 pr\u00e0ctica en higiene bucal, at\u00f2pia, higiene \u00edntima i tractaments facials"}]},{"@type":"WebSite","@id":"https:\/\/www.cofb.org\/#website","url":"https:\/\/www.cofb.org\/","name":"Col\u00b7legi de Farmac\u00e8utics de Barcelona","description":"","publisher":{"@id":"https:\/\/www.cofb.org\/#organization"},"potentialAction":[{"@type":"SearchAction","target":{"@type":"EntryPoint","urlTemplate":"https:\/\/www.cofb.org\/?s={search_term_string}"},"query-input":"required name=search_term_string"}],"inLanguage":"ca"},{"@type":"Organization","@id":"https:\/\/www.cofb.org\/#organization","name":"Col\u00b7legi de Farmac\u00e8utics de Barcelona","url":"https:\/\/www.cofb.org\/","logo":{"@type":"ImageObject","inLanguage":"ca","@id":"https:\/\/www.cofb.org\/#\/schema\/logo\/image\/","url":"https:\/\/www.cofb.org\/wp-content\/uploads\/2023\/11\/cropped-Logotip-COFB.png","contentUrl":"https:\/\/www.cofb.org\/wp-content\/uploads\/2023\/11\/cropped-Logotip-COFB.png","width":500,"height":105,"caption":"Col\u00b7legi de Farmac\u00e8utics de Barcelona"},"image":{"@id":"https:\/\/www.cofb.org\/#\/schema\/logo\/image\/"},"sameAs":["https:\/\/www.facebook.com\/farmaceuticsbcn\/","https:\/\/twitter.com\/farmaceuticsbcn","https:\/\/www.instagram.com\/farmaceuticsbcn\/","https:\/\/www.linkedin.com\/company\/farmaceuticsbcn\/"]},{"@type":"Person","@id":"https:\/\/www.cofb.org\/#\/schema\/person\/22ed7eea88da74b0fa4d3154ad87ffcb","name":"wpAdminCofbOrg","image":{"@type":"ImageObject","inLanguage":"ca","@id":"https:\/\/www.cofb.org\/#\/schema\/person\/image\/","url":"https:\/\/secure.gravatar.com\/avatar\/1721b20b3b8ca882c3b56ec6c978c594fff670e40c0718e9190eaeeb76aae7d8?s=96&d=mm&r=g","contentUrl":"https:\/\/secure.gravatar.com\/avatar\/1721b20b3b8ca882c3b56ec6c978c594fff670e40c0718e9190eaeeb76aae7d8?s=96&d=mm&r=g","caption":"wpAdminCofbOrg"},"sameAs":["http:\/\/192.168.64.122\/wordpress"],"url":"https:\/\/www.cofb.org\/ca\/author\/wpadmincofborg\/"}]}},"uagb_featured_image_src":{"full":false,"thumbnail":false,"medium":false,"medium_large":false,"large":false,"1536x1536":false,"2048x2048":false,"trp-custom-language-flag":false},"uagb_author_info":{"display_name":"wpAdminCofbOrg","author_link":"https:\/\/www.cofb.org\/ca\/author\/wpadmincofborg\/"},"uagb_comment_info":0,"uagb_excerpt":"El Col\u00b7legi de Farmac\u00e8utics de Barcelona (COFB) va organitzar el passat mes d&#8217;abril un total de 4 sessions dedicades a la dermofarm\u00e0cia, emmarcades en el curs &#8220;Dermofarm\u00e0cia: consells i recomanacions&#8221;, adre\u00e7at a t\u00e8cnics i auxiliars de farm\u00e0cia. A cada sessi\u00f3 es va tractar un tema diferent, d&#8217;entre els seg\u00fcents: higiene [&hellip;]","_links":{"self":[{"href":"https:\/\/www.cofb.org\/ca\/wp-json\/wp\/v2\/posts\/38785","targetHints":{"allow":["GET"]}}],"collection":[{"href":"https:\/\/www.cofb.org\/ca\/wp-json\/wp\/v2\/posts"}],"about":[{"href":"https:\/\/www.cofb.org\/ca\/wp-json\/wp\/v2\/types\/post"}],"author":[{"embeddable":true,"href":"https:\/\/www.cofb.org\/ca\/wp-json\/wp\/v2\/users\/1"}],"replies":[{"embeddable":true,"href":"https:\/\/www.cofb.org\/ca\/wp-json\/wp\/v2\/comments?post=38785"}],"version-history":[{"count":0,"href":"https:\/\/www.cofb.org\/ca\/wp-json\/wp\/v2\/posts\/38785\/revisions"}],"wp:featuredmedia":[{"embeddable":true,"href":"https:\/\/www.cofb.org\/ca\/wp-json\/"}],"wp:attachment":[{"href":"https:\/\/www.cofb.org\/ca\/wp-json\/wp\/v2\/media?parent=38785"}],"wp:term":[{"taxonomy":"category","embeddable":true,"href":"https:\/\/www.cofb.org\/ca\/wp-json\/wp\/v2\/categories?post=38785"},{"taxonomy":"post_tag","embeddable":true,"href":"https:\/\/www.cofb.org\/ca\/wp-json\/wp\/v2\/tags?post=38785"}],"curies":[{"name":"wp","href":"https:\/\/api.w.org\/{rel}","templated":true}]}}