{"id":38668,"date":"2018-04-24T20:46:01","date_gmt":"2018-04-24T18:46:01","guid":{"rendered":"https:\/\/blog.cofb.cat\/?p=38668"},"modified":"2018-04-24T20:46:01","modified_gmt":"2018-04-24T18:46:01","slug":"la-fatiga-abordatge-des-de-la-micronutricio-i-la-fitoterapia","status":"publish","type":"post","link":"https:\/\/www.cofb.org\/ca\/2018\/04\/24\/la-fatiga-abordatge-des-de-la-micronutricio-i-la-fitoterapia\/","title":{"rendered":"La fatiga: abordatge des de la micronutrici\u00f3 i la fitoter\u00e0pia"},"content":{"rendered":"<p>Qu\u00e8 \u00e9s la fatiga? Quins tipus de fatiga hi ha? Com podem diferenciar una fatiga fisiol\u00f2gica d&#8217;una patol\u00f2gica? I una fatiga f\u00edsica d&#8217;una ps\u00edquica?\u00a0 La resoluci\u00f3 de q\u00fcestions com aquestes es va donar al curs <strong>&#8220;La fatiga, consells de micronutrici\u00f3 i fitoter\u00e0pia&#8221;<\/strong>, que va tenir lloc el passat 19 d&#8217;abril al Col\u00b7legi de Farmac\u00e8utics de Barcelona (COFB).<\/p>\n<p>El docent va ser <strong>Francesco Borella<\/strong>, llicenciat en medicina i cirurgia, especialista en acupuntura, homeopatia, fitoter\u00e0pia, naturopatia i psicoter\u00e0pia, i membre de l&#8217;Institut Europeu de Diet\u00e8tica i Micronutrici\u00f3 (IEDM). La formaci\u00f3 va estar coordinada per la vocal d&#8217;Alimentaci\u00f3 i Nutrici\u00f3 del COFB, Anna Bach, i el vocal de Plantes Medicinals i Homeopatia del COFB, Josep Allu\u00e9.<\/p>\n<h1><span style=\"color: #008080;\"><strong>Objectius principals i programa del curs<\/strong><\/span><\/h1>\n<p>La sessi\u00f3 va tenir com a <strong>objectius principals<\/strong> aprofundir en la fisiopatologia de la fatiga, saber donar un consell acurat en micronutrici\u00f3 i fitoter\u00e0pia per mitj\u00e0 del reajustament dels h\u00e0bits alimentaris i contribuir a millorar la qualitat de vida dels pacients amb afeccions relacionades amb la fatiga, l&#8217;estr\u00e8s i la son.<\/p>\n<figure id=\"attachment_38688\" aria-describedby=\"caption-attachment-38688\" style=\"width: 620px\" class=\"wp-caption aligncenter\"><a href=\"https:\/\/blog.cofb.cat\/wp-content\/uploads\/2018\/04\/cofb.180419-45.jpg\"><img fetchpriority=\"high\" decoding=\"async\" class=\"wp-image-38688 size-large\" title=\"Durant el curs es va aprofundir en la fisiopatologia de la fatiga.\" src=\"https:\/\/blog.cofb.cat\/wp-content\/uploads\/2018\/04\/cofb.180419-45-1024x683.jpg\" alt=\"Durant el curs es va aprofundir en la fisiopatologia de la fatiga.\" width=\"620\" height=\"414\" \/><\/a><figcaption id=\"caption-attachment-38688\" class=\"wp-caption-text\">Durant el curs es va aprofundir en la fisiopatologia de la fatiga.<\/figcaption><\/figure>\n<p>A la part inicial de la formaci\u00f3, es va explicar <strong>qu\u00e8 \u00e9s la fatiga<\/strong>, <strong>de quins tipus n&#8217;hi ha<\/strong> i <strong>en qu\u00e8 es diferencia la fatiga fisiol\u00f2gica de la patol\u00f2gica i la f\u00edsica de la ps\u00edquica<\/strong>. Tot seguit, es va fer refer\u00e8ncia a la fatiga amb un origen funcional que pot ser causada per l&#8217;\u00fas d&#8217;alguns f\u00e0rmacs, per un<strong> d\u00e8ficit micronutricional<\/strong> (vitamines i minerals, ferro i iode) i la fatiga ps\u00edquica deguda als trastorns d&#8217;adaptaci\u00f3, l&#8217;ansietat, la depressi\u00f3 o l&#8217;insomni.<\/p>\n<div class=\"destacat-blog\">\n<h1><span style=\"color: #008080;\"><strong>Micronutrici\u00f3 i fitoter\u00e0pia<\/strong><\/span><\/h1>\n<p>La <strong>micronutrici\u00f3<\/strong> s\u2019interessa per l\u2019<strong>impacte dels micronutrients<\/strong> sobre la salut, avalua les mancances i els desequilibris i cerca els mitjans per reparar-los. La <strong>fitoter\u00e0pia estandarditzada<\/strong> pot ajudar a complementar els tractaments.<\/p>\n<\/div>\n<figure id=\"attachment_38692\" aria-describedby=\"caption-attachment-38692\" style=\"width: 620px\" class=\"wp-caption aligncenter\"><a href=\"https:\/\/blog.cofb.cat\/wp-content\/uploads\/2018\/04\/cofb.180419-50.jpg\"><img decoding=\"async\" class=\"wp-image-38692 size-large\" title=\"Francesco Borella, durant un moment de la formaci\u00f3. \" src=\"https:\/\/blog.cofb.cat\/wp-content\/uploads\/2018\/04\/cofb.180419-50-1024x683.jpg\" alt=\"Francesco Borella, durant un moment de la formaci\u00f3. \" width=\"620\" height=\"414\" \/><\/a><figcaption id=\"caption-attachment-38692\" class=\"wp-caption-text\">Francesco Borella, durant un moment de la formaci\u00f3.<\/figcaption><\/figure>\n<p>Finalment, es va abordar la <strong>fatiga ps\u00edquica<\/strong> lligada a l&#8217;estr\u00e8s (i les seves diferents etapes), els trastorns del son i l&#8217;estat d&#8217;\u00e0nim. Per concloure, es van tractar <strong>les caracter\u00edstiques de la fatiga f\u00edsica<\/strong> i es van donar <strong>solucions d&#8217;acompanyament en micronutrici\u00f3 i fitoter\u00e0pia<\/strong> per cadascun dels tipus de fatiga i cadascun dels casos.<\/p>\n<h1><strong><span style=\"color: #008080;\">Aplicaci\u00f3 pr\u00e0ctica a la farm\u00e0cia<\/span><\/strong><\/h1>\n<p>El curs va incorporar <strong>la presentaci\u00f3 de casos pr\u00e0ctics<\/strong>, a trav\u00e9s dels quals es van desglossar els aspectes fisiol\u00f2gics de cada situaci\u00f3 i es van aportar les solucions complement\u00e0ries en micronutrici\u00f3 i fitoter\u00e0pia. D&#8217;aquesta manera, es van poder resoldre algunes situacions sobre consultes relacionades amb la fatiga de tipus funcional que, sovint, es plantegen a la farm\u00e0cia.<\/p>\n<p><strong>Altres publicacions d&#8217;inter\u00e8s:<\/strong><\/p>\n<ul>\n<li><a href=\"https:\/\/blog.cofb.cat\/fitoterapia-usos-i-aplicacions-dels-olis-essencials-en-lembaras-i-la-lactancia\/\" target=\"_blank\" rel=\"noopener\">Fitoter\u00e0pia: usos i aplicacions dels olis essencials en l&#8217;embar\u00e0s i la lact\u00e0ncia (Mar\u00e7 2018)<\/a><\/li>\n<li><a href=\"https:\/\/blog.cofb.cat\/fitoterapia-usos-i-aplicacions-dels-olis-essencials\/\" target=\"_blank\" rel=\"noopener\">Fitoter\u00e0pia: usos i aplicacions dels olis essencials (Febrer 2018)<\/a><\/li>\n<li><a href=\"https:\/\/blog.cofb.cat\/consells-en-micronutricio-i-fitoterapia-per-a-les-al%C2%B7lergies\/\" target=\"_blank\" rel=\"noopener\">Consells en micronutrici\u00f3 i fitoter\u00e0pia per a les al\u00b7l\u00e8rgies (Maig 2015)<\/a><\/li>\n<li><a href=\"https:\/\/blog.cofb.cat\/les-darreres-formacions-en-fitoterapia-al-cofb\/\" target=\"_blank\" rel=\"noopener\">Les darreres formacions en fitoter\u00e0pia al COFB (Agost 2016)<\/a><\/li>\n<li><a href=\"https:\/\/blog.cofb.cat\/lestres-i-els-trastorns-del-son\/\" target=\"_blank\" rel=\"noopener\">L&#8217;estr\u00e8s i els trastorns del son (Maig 2013)<\/a><\/li>\n<\/ul>\n<p style=\"text-align: right;\"><strong>Amb la col\u00b7laboraci\u00f3 de:<\/strong><\/p>\n<p style=\"text-align: right;\"><a href=\"http:\/\/www.pileje.es\/\" target=\"_blank\" rel=\"noopener\"><img decoding=\"async\" class=\"size-full wp-image-37737 alignright\" src=\"https:\/\/blog.cofb.cat\/wp-content\/uploads\/2018\/03\/PiLeJe.jpg\" alt=\"\" width=\"130\" height=\"48\" \/><\/a><\/p>\n","protected":false},"excerpt":{"rendered":"<p>Qu\u00e8 \u00e9s la fatiga? Quins tipus de fatiga hi ha? Com podem diferenciar una fatiga fisiol\u00f2gica d&#8217;una patol\u00f2gica? I una fatiga f\u00edsica d&#8217;una ps\u00edquica?\u00a0 La resoluci\u00f3 de q\u00fcestions com aquestes es va donar al curs &#8220;La fatiga, consells de micronutrici\u00f3 i fitoter\u00e0pia&#8221;, que va tenir lloc el passat 19 d&#8217;abril [&hellip;]<\/p>\n","protected":false},"author":1,"featured_media":38694,"comment_status":"open","ping_status":"open","sticky":false,"template":"","format":"standard","meta":{"_uag_custom_page_level_css":"","site-sidebar-layout":"default","site-content-layout":"","ast-site-content-layout":"default","site-content-style":"default","site-sidebar-style":"default","ast-global-header-display":"","ast-banner-title-visibility":"","ast-main-header-display":"","ast-hfb-above-header-display":"","ast-hfb-below-header-display":"","ast-hfb-mobile-header-display":"","site-post-title":"","ast-breadcrumbs-content":"","ast-featured-img":"disabled","footer-sml-layout":"","theme-transparent-header-meta":"","adv-header-id-meta":"","stick-header-meta":"","header-above-stick-meta":"","header-main-stick-meta":"","header-below-stick-meta":"","astra-migrate-meta-layouts":"default","ast-page-background-enabled":"default","ast-page-background-meta":{"desktop":{"background-color":"var(--ast-global-color-4)","background-image":"","background-repeat":"repeat","background-position":"center center","background-size":"auto","background-attachment":"scroll","background-type":"","background-media":"","overlay-type":"","overlay-color":"","overlay-opacity":"","overlay-gradient":""},"tablet":{"background-color":"","background-image":"","background-repeat":"repeat","background-position":"center center","background-size":"auto","background-attachment":"scroll","background-type":"","background-media":"","overlay-type":"","overlay-color":"","overlay-opacity":"","overlay-gradient":""},"mobile":{"background-color":"","background-image":"","background-repeat":"repeat","background-position":"center center","background-size":"auto","background-attachment":"scroll","background-type":"","background-media":"","overlay-type":"","overlay-color":"","overlay-opacity":"","overlay-gradient":""}},"ast-content-background-meta":{"desktop":{"background-color":"var(--ast-global-color-5)","background-image":"","background-repeat":"repeat","background-position":"center center","background-size":"auto","background-attachment":"scroll","background-type":"","background-media":"","overlay-type":"","overlay-color":"","overlay-opacity":"","overlay-gradient":""},"tablet":{"background-color":"var(--ast-global-color-5)","background-image":"","background-repeat":"repeat","background-position":"center center","background-size":"auto","background-attachment":"scroll","background-type":"","background-media":"","overlay-type":"","overlay-color":"","overlay-opacity":"","overlay-gradient":""},"mobile":{"background-color":"var(--ast-global-color-5)","background-image":"","background-repeat":"repeat","background-position":"center center","background-size":"auto","background-attachment":"scroll","background-type":"","background-media":"","overlay-type":"","overlay-color":"","overlay-opacity":"","overlay-gradient":""}},"footnotes":""},"categories":[57],"tags":[36,16,18,3015,19,3086,3087,786,3088,3089,3090,3091,349,123,46,94,389,2976],"class_list":["post-38668","post","type-post","status-publish","format-standard","has-post-thumbnail","hentry","category-mon-collegial","tag-alimentacio","tag-alimentacio-i-nutricio","tag-cofb","tag-collegi-de-farmaceutics","tag-collegi-de-farmaceutics-de-barcelona","tag-consells-de-micronutricio-i-fitoterapia","tag-deficit-micronutricional","tag-fatiga","tag-fatiga-fisica","tag-fatiga-fisiologica","tag-fatiga-patologica","tag-fatiga-psiquica","tag-fitoterapia","tag-micronutricio","tag-nutricio","tag-plantes-medicinals","tag-vocalia-dalimentacio-i-nutricio","tag-vocalia-de-plantes-medicinals"],"yoast_head":"<!-- This site is optimized with the Yoast SEO plugin v22.4 - https:\/\/yoast.com\/wordpress\/plugins\/seo\/ -->\n<title>La fatiga: abordatge des de la micronutrici\u00f3 i la fitoter\u00e0pia - Col\u00b7legi de Farmac\u00e8utics de Barcelona<\/title>\n<meta name=\"description\" content=\"El passat 19 d&#039;abril al Col\u00b7legi de Farmac\u00e8utics de Barcelona (COFB) va tenir lloc el curs &quot;La fatiga, consells de micronutrici\u00f3 i fitoter\u00e0pia&quot;.\" \/>\n<meta name=\"robots\" content=\"index, follow, max-snippet:-1, max-image-preview:large, max-video-preview:-1\" \/>\n<link rel=\"canonical\" href=\"https:\/\/novaorg.cofb.net\/2018\/04\/24\/la-fatiga-abordatge-des-de-la-micronutricio-i-la-fitoterapia\/\" \/>\n<meta property=\"og:locale\" content=\"ca_ES\" \/>\n<meta property=\"og:type\" content=\"article\" \/>\n<meta property=\"og:title\" content=\"La fatiga: abordatge des de la micronutrici\u00f3 i la fitoter\u00e0pia - Col\u00b7legi de Farmac\u00e8utics de Barcelona\" \/>\n<meta property=\"og:description\" content=\"El passat 19 d&#039;abril al Col\u00b7legi de Farmac\u00e8utics de Barcelona (COFB) va tenir lloc el curs &quot;La fatiga, consells de micronutrici\u00f3 i fitoter\u00e0pia&quot;.\" \/>\n<meta property=\"og:url\" content=\"https:\/\/novaorg.cofb.net\/2018\/04\/24\/la-fatiga-abordatge-des-de-la-micronutricio-i-la-fitoterapia\/\" \/>\n<meta property=\"og:site_name\" content=\"Col\u00b7legi de Farmac\u00e8utics de Barcelona\" \/>\n<meta property=\"article:publisher\" content=\"https:\/\/www.facebook.com\/farmaceuticsbcn\/\" \/>\n<meta property=\"article:published_time\" content=\"2018-04-24T18:46:01+00:00\" \/>\n<meta name=\"author\" content=\"wpAdminCofbOrg\" \/>\n<meta name=\"twitter:card\" content=\"summary_large_image\" \/>\n<meta name=\"twitter:creator\" content=\"@farmaceuticsbcn\" \/>\n<meta name=\"twitter:site\" content=\"@farmaceuticsbcn\" \/>\n<meta name=\"twitter:label1\" content=\"Escrit per\" \/>\n\t<meta name=\"twitter:data1\" content=\"wpAdminCofbOrg\" \/>\n\t<meta name=\"twitter:label2\" content=\"Temps estimat de lectura\" \/>\n\t<meta name=\"twitter:data2\" content=\"3 minuts\" \/>\n<script type=\"application\/ld+json\" class=\"yoast-schema-graph\">{\"@context\":\"https:\/\/schema.org\",\"@graph\":[{\"@type\":\"Article\",\"@id\":\"https:\/\/novaorg.cofb.net\/2018\/04\/24\/la-fatiga-abordatge-des-de-la-micronutricio-i-la-fitoterapia\/#article\",\"isPartOf\":{\"@id\":\"https:\/\/novaorg.cofb.net\/2018\/04\/24\/la-fatiga-abordatge-des-de-la-micronutricio-i-la-fitoterapia\/\"},\"author\":{\"name\":\"wpAdminCofbOrg\",\"@id\":\"https:\/\/www.cofb.org\/#\/schema\/person\/22ed7eea88da74b0fa4d3154ad87ffcb\"},\"headline\":\"La fatiga: abordatge des de la micronutrici\u00f3 i la fitoter\u00e0pia\",\"datePublished\":\"2018-04-24T18:46:01+00:00\",\"dateModified\":\"2018-04-24T18:46:01+00:00\",\"mainEntityOfPage\":{\"@id\":\"https:\/\/novaorg.cofb.net\/2018\/04\/24\/la-fatiga-abordatge-des-de-la-micronutricio-i-la-fitoterapia\/\"},\"wordCount\":566,\"commentCount\":0,\"publisher\":{\"@id\":\"https:\/\/www.cofb.org\/#organization\"},\"image\":{\"@id\":\"https:\/\/novaorg.cofb.net\/2018\/04\/24\/la-fatiga-abordatge-des-de-la-micronutricio-i-la-fitoterapia\/#primaryimage\"},\"thumbnailUrl\":\"\",\"keywords\":[\"alimentaci\u00f3\",\"Alimentaci\u00f3 i nutrici\u00f3\",\"COFB\",\"Col\u00b7legi de Farmac\u00e8utics\",\"Col\u00b7legi de Farmac\u00e8utics de Barcelona\",\"consells de micronutrici\u00f3 i fitoter\u00e0pia\",\"d\u00e8ficit micronutricional\",\"fatiga\",\"fatiga f\u00edsica\",\"fatiga fisiol\u00f2gica\",\"fatiga patol\u00f2gica\",\"fatiga ps\u00edquica\",\"Fitoter\u00e0pia\",\"micronutrici\u00f3\",\"Nutrici\u00f3\",\"Plantes Medicinals\",\"vocalia d'alimentaci\u00f3 i nutrici\u00f3\",\"Vocalia de Plantes Medicinals\"],\"articleSection\":[\"M\u00f3n col\u00b7legial\"],\"inLanguage\":\"ca\",\"potentialAction\":[{\"@type\":\"CommentAction\",\"name\":\"Comment\",\"target\":[\"https:\/\/novaorg.cofb.net\/2018\/04\/24\/la-fatiga-abordatge-des-de-la-micronutricio-i-la-fitoterapia\/#respond\"]}]},{\"@type\":\"WebPage\",\"@id\":\"https:\/\/novaorg.cofb.net\/2018\/04\/24\/la-fatiga-abordatge-des-de-la-micronutricio-i-la-fitoterapia\/\",\"url\":\"https:\/\/novaorg.cofb.net\/2018\/04\/24\/la-fatiga-abordatge-des-de-la-micronutricio-i-la-fitoterapia\/\",\"name\":\"La fatiga: abordatge des de la micronutrici\u00f3 i la fitoter\u00e0pia - Col\u00b7legi de Farmac\u00e8utics de Barcelona\",\"isPartOf\":{\"@id\":\"https:\/\/www.cofb.org\/#website\"},\"primaryImageOfPage\":{\"@id\":\"https:\/\/novaorg.cofb.net\/2018\/04\/24\/la-fatiga-abordatge-des-de-la-micronutricio-i-la-fitoterapia\/#primaryimage\"},\"image\":{\"@id\":\"https:\/\/novaorg.cofb.net\/2018\/04\/24\/la-fatiga-abordatge-des-de-la-micronutricio-i-la-fitoterapia\/#primaryimage\"},\"thumbnailUrl\":\"\",\"datePublished\":\"2018-04-24T18:46:01+00:00\",\"dateModified\":\"2018-04-24T18:46:01+00:00\",\"description\":\"El passat 19 d'abril al Col\u00b7legi de Farmac\u00e8utics de Barcelona (COFB) va tenir lloc el curs \\\"La fatiga, consells de micronutrici\u00f3 i fitoter\u00e0pia\\\".\",\"breadcrumb\":{\"@id\":\"https:\/\/novaorg.cofb.net\/2018\/04\/24\/la-fatiga-abordatge-des-de-la-micronutricio-i-la-fitoterapia\/#breadcrumb\"},\"inLanguage\":\"ca\",\"potentialAction\":[{\"@type\":\"ReadAction\",\"target\":[\"https:\/\/novaorg.cofb.net\/2018\/04\/24\/la-fatiga-abordatge-des-de-la-micronutricio-i-la-fitoterapia\/\"]}]},{\"@type\":\"ImageObject\",\"inLanguage\":\"ca\",\"@id\":\"https:\/\/novaorg.cofb.net\/2018\/04\/24\/la-fatiga-abordatge-des-de-la-micronutricio-i-la-fitoterapia\/#primaryimage\",\"url\":\"\",\"contentUrl\":\"\"},{\"@type\":\"BreadcrumbList\",\"@id\":\"https:\/\/novaorg.cofb.net\/2018\/04\/24\/la-fatiga-abordatge-des-de-la-micronutricio-i-la-fitoterapia\/#breadcrumb\",\"itemListElement\":[{\"@type\":\"ListItem\",\"position\":1,\"name\":\"Inici\",\"item\":\"https:\/\/novaorg.cofb.net\/\"},{\"@type\":\"ListItem\",\"position\":2,\"name\":\"La fatiga: abordatge des de la micronutrici\u00f3 i la fitoter\u00e0pia\"}]},{\"@type\":\"WebSite\",\"@id\":\"https:\/\/www.cofb.org\/#website\",\"url\":\"https:\/\/www.cofb.org\/\",\"name\":\"Col\u00b7legi de Farmac\u00e8utics de Barcelona\",\"description\":\"\",\"publisher\":{\"@id\":\"https:\/\/www.cofb.org\/#organization\"},\"potentialAction\":[{\"@type\":\"SearchAction\",\"target\":{\"@type\":\"EntryPoint\",\"urlTemplate\":\"https:\/\/www.cofb.org\/?s={search_term_string}\"},\"query-input\":\"required name=search_term_string\"}],\"inLanguage\":\"ca\"},{\"@type\":\"Organization\",\"@id\":\"https:\/\/www.cofb.org\/#organization\",\"name\":\"Col\u00b7legi de Farmac\u00e8utics de Barcelona\",\"url\":\"https:\/\/www.cofb.org\/\",\"logo\":{\"@type\":\"ImageObject\",\"inLanguage\":\"ca\",\"@id\":\"https:\/\/www.cofb.org\/#\/schema\/logo\/image\/\",\"url\":\"https:\/\/www.cofb.org\/wp-content\/uploads\/2023\/11\/cropped-Logotip-COFB.png\",\"contentUrl\":\"https:\/\/www.cofb.org\/wp-content\/uploads\/2023\/11\/cropped-Logotip-COFB.png\",\"width\":500,\"height\":105,\"caption\":\"Col\u00b7legi de Farmac\u00e8utics de Barcelona\"},\"image\":{\"@id\":\"https:\/\/www.cofb.org\/#\/schema\/logo\/image\/\"},\"sameAs\":[\"https:\/\/www.facebook.com\/farmaceuticsbcn\/\",\"https:\/\/twitter.com\/farmaceuticsbcn\",\"https:\/\/www.instagram.com\/farmaceuticsbcn\/\",\"https:\/\/www.linkedin.com\/company\/farmaceuticsbcn\/\"]},{\"@type\":\"Person\",\"@id\":\"https:\/\/www.cofb.org\/#\/schema\/person\/22ed7eea88da74b0fa4d3154ad87ffcb\",\"name\":\"wpAdminCofbOrg\",\"image\":{\"@type\":\"ImageObject\",\"inLanguage\":\"ca\",\"@id\":\"https:\/\/www.cofb.org\/#\/schema\/person\/image\/\",\"url\":\"https:\/\/secure.gravatar.com\/avatar\/1721b20b3b8ca882c3b56ec6c978c594fff670e40c0718e9190eaeeb76aae7d8?s=96&d=mm&r=g\",\"contentUrl\":\"https:\/\/secure.gravatar.com\/avatar\/1721b20b3b8ca882c3b56ec6c978c594fff670e40c0718e9190eaeeb76aae7d8?s=96&d=mm&r=g\",\"caption\":\"wpAdminCofbOrg\"},\"sameAs\":[\"http:\/\/192.168.64.122\/wordpress\"],\"url\":\"https:\/\/www.cofb.org\/ca\/author\/wpadmincofborg\/\"}]}<\/script>\n<!-- \/ Yoast SEO plugin. -->","yoast_head_json":{"title":"La fatiga: abordatge des de la micronutrici\u00f3 i la fitoter\u00e0pia - Col\u00b7legi de Farmac\u00e8utics de Barcelona","description":"El passat 19 d'abril al Col\u00b7legi de Farmac\u00e8utics de Barcelona (COFB) va tenir lloc el curs \"La fatiga, consells de micronutrici\u00f3 i fitoter\u00e0pia\".","robots":{"index":"index","follow":"follow","max-snippet":"max-snippet:-1","max-image-preview":"max-image-preview:large","max-video-preview":"max-video-preview:-1"},"canonical":"https:\/\/novaorg.cofb.net\/2018\/04\/24\/la-fatiga-abordatge-des-de-la-micronutricio-i-la-fitoterapia\/","og_locale":"ca_ES","og_type":"article","og_title":"La fatiga: abordatge des de la micronutrici\u00f3 i la fitoter\u00e0pia - Col\u00b7legi de Farmac\u00e8utics de Barcelona","og_description":"El passat 19 d'abril al Col\u00b7legi de Farmac\u00e8utics de Barcelona (COFB) va tenir lloc el curs \"La fatiga, consells de micronutrici\u00f3 i fitoter\u00e0pia\".","og_url":"https:\/\/novaorg.cofb.net\/2018\/04\/24\/la-fatiga-abordatge-des-de-la-micronutricio-i-la-fitoterapia\/","og_site_name":"Col\u00b7legi de Farmac\u00e8utics de Barcelona","article_publisher":"https:\/\/www.facebook.com\/farmaceuticsbcn\/","article_published_time":"2018-04-24T18:46:01+00:00","author":"wpAdminCofbOrg","twitter_card":"summary_large_image","twitter_creator":"@farmaceuticsbcn","twitter_site":"@farmaceuticsbcn","twitter_misc":{"Escrit per":"wpAdminCofbOrg","Temps estimat de lectura":"3 minuts"},"schema":{"@context":"https:\/\/schema.org","@graph":[{"@type":"Article","@id":"https:\/\/novaorg.cofb.net\/2018\/04\/24\/la-fatiga-abordatge-des-de-la-micronutricio-i-la-fitoterapia\/#article","isPartOf":{"@id":"https:\/\/novaorg.cofb.net\/2018\/04\/24\/la-fatiga-abordatge-des-de-la-micronutricio-i-la-fitoterapia\/"},"author":{"name":"wpAdminCofbOrg","@id":"https:\/\/www.cofb.org\/#\/schema\/person\/22ed7eea88da74b0fa4d3154ad87ffcb"},"headline":"La fatiga: abordatge des de la micronutrici\u00f3 i la fitoter\u00e0pia","datePublished":"2018-04-24T18:46:01+00:00","dateModified":"2018-04-24T18:46:01+00:00","mainEntityOfPage":{"@id":"https:\/\/novaorg.cofb.net\/2018\/04\/24\/la-fatiga-abordatge-des-de-la-micronutricio-i-la-fitoterapia\/"},"wordCount":566,"commentCount":0,"publisher":{"@id":"https:\/\/www.cofb.org\/#organization"},"image":{"@id":"https:\/\/novaorg.cofb.net\/2018\/04\/24\/la-fatiga-abordatge-des-de-la-micronutricio-i-la-fitoterapia\/#primaryimage"},"thumbnailUrl":"","keywords":["alimentaci\u00f3","Alimentaci\u00f3 i nutrici\u00f3","COFB","Col\u00b7legi de Farmac\u00e8utics","Col\u00b7legi de Farmac\u00e8utics de Barcelona","consells de micronutrici\u00f3 i fitoter\u00e0pia","d\u00e8ficit micronutricional","fatiga","fatiga f\u00edsica","fatiga fisiol\u00f2gica","fatiga patol\u00f2gica","fatiga ps\u00edquica","Fitoter\u00e0pia","micronutrici\u00f3","Nutrici\u00f3","Plantes Medicinals","vocalia d'alimentaci\u00f3 i nutrici\u00f3","Vocalia de Plantes Medicinals"],"articleSection":["M\u00f3n col\u00b7legial"],"inLanguage":"ca","potentialAction":[{"@type":"CommentAction","name":"Comment","target":["https:\/\/novaorg.cofb.net\/2018\/04\/24\/la-fatiga-abordatge-des-de-la-micronutricio-i-la-fitoterapia\/#respond"]}]},{"@type":"WebPage","@id":"https:\/\/novaorg.cofb.net\/2018\/04\/24\/la-fatiga-abordatge-des-de-la-micronutricio-i-la-fitoterapia\/","url":"https:\/\/novaorg.cofb.net\/2018\/04\/24\/la-fatiga-abordatge-des-de-la-micronutricio-i-la-fitoterapia\/","name":"La fatiga: abordatge des de la micronutrici\u00f3 i la fitoter\u00e0pia - Col\u00b7legi de Farmac\u00e8utics de Barcelona","isPartOf":{"@id":"https:\/\/www.cofb.org\/#website"},"primaryImageOfPage":{"@id":"https:\/\/novaorg.cofb.net\/2018\/04\/24\/la-fatiga-abordatge-des-de-la-micronutricio-i-la-fitoterapia\/#primaryimage"},"image":{"@id":"https:\/\/novaorg.cofb.net\/2018\/04\/24\/la-fatiga-abordatge-des-de-la-micronutricio-i-la-fitoterapia\/#primaryimage"},"thumbnailUrl":"","datePublished":"2018-04-24T18:46:01+00:00","dateModified":"2018-04-24T18:46:01+00:00","description":"El passat 19 d'abril al Col\u00b7legi de Farmac\u00e8utics de Barcelona (COFB) va tenir lloc el curs \"La fatiga, consells de micronutrici\u00f3 i fitoter\u00e0pia\".","breadcrumb":{"@id":"https:\/\/novaorg.cofb.net\/2018\/04\/24\/la-fatiga-abordatge-des-de-la-micronutricio-i-la-fitoterapia\/#breadcrumb"},"inLanguage":"ca","potentialAction":[{"@type":"ReadAction","target":["https:\/\/novaorg.cofb.net\/2018\/04\/24\/la-fatiga-abordatge-des-de-la-micronutricio-i-la-fitoterapia\/"]}]},{"@type":"ImageObject","inLanguage":"ca","@id":"https:\/\/novaorg.cofb.net\/2018\/04\/24\/la-fatiga-abordatge-des-de-la-micronutricio-i-la-fitoterapia\/#primaryimage","url":"","contentUrl":""},{"@type":"BreadcrumbList","@id":"https:\/\/novaorg.cofb.net\/2018\/04\/24\/la-fatiga-abordatge-des-de-la-micronutricio-i-la-fitoterapia\/#breadcrumb","itemListElement":[{"@type":"ListItem","position":1,"name":"Inici","item":"https:\/\/novaorg.cofb.net\/"},{"@type":"ListItem","position":2,"name":"La fatiga: abordatge des de la micronutrici\u00f3 i la fitoter\u00e0pia"}]},{"@type":"WebSite","@id":"https:\/\/www.cofb.org\/#website","url":"https:\/\/www.cofb.org\/","name":"Col\u00b7legi de Farmac\u00e8utics de Barcelona","description":"","publisher":{"@id":"https:\/\/www.cofb.org\/#organization"},"potentialAction":[{"@type":"SearchAction","target":{"@type":"EntryPoint","urlTemplate":"https:\/\/www.cofb.org\/?s={search_term_string}"},"query-input":"required name=search_term_string"}],"inLanguage":"ca"},{"@type":"Organization","@id":"https:\/\/www.cofb.org\/#organization","name":"Col\u00b7legi de Farmac\u00e8utics de Barcelona","url":"https:\/\/www.cofb.org\/","logo":{"@type":"ImageObject","inLanguage":"ca","@id":"https:\/\/www.cofb.org\/#\/schema\/logo\/image\/","url":"https:\/\/www.cofb.org\/wp-content\/uploads\/2023\/11\/cropped-Logotip-COFB.png","contentUrl":"https:\/\/www.cofb.org\/wp-content\/uploads\/2023\/11\/cropped-Logotip-COFB.png","width":500,"height":105,"caption":"Col\u00b7legi de Farmac\u00e8utics de Barcelona"},"image":{"@id":"https:\/\/www.cofb.org\/#\/schema\/logo\/image\/"},"sameAs":["https:\/\/www.facebook.com\/farmaceuticsbcn\/","https:\/\/twitter.com\/farmaceuticsbcn","https:\/\/www.instagram.com\/farmaceuticsbcn\/","https:\/\/www.linkedin.com\/company\/farmaceuticsbcn\/"]},{"@type":"Person","@id":"https:\/\/www.cofb.org\/#\/schema\/person\/22ed7eea88da74b0fa4d3154ad87ffcb","name":"wpAdminCofbOrg","image":{"@type":"ImageObject","inLanguage":"ca","@id":"https:\/\/www.cofb.org\/#\/schema\/person\/image\/","url":"https:\/\/secure.gravatar.com\/avatar\/1721b20b3b8ca882c3b56ec6c978c594fff670e40c0718e9190eaeeb76aae7d8?s=96&d=mm&r=g","contentUrl":"https:\/\/secure.gravatar.com\/avatar\/1721b20b3b8ca882c3b56ec6c978c594fff670e40c0718e9190eaeeb76aae7d8?s=96&d=mm&r=g","caption":"wpAdminCofbOrg"},"sameAs":["http:\/\/192.168.64.122\/wordpress"],"url":"https:\/\/www.cofb.org\/ca\/author\/wpadmincofborg\/"}]}},"uagb_featured_image_src":{"full":false,"thumbnail":false,"medium":false,"medium_large":false,"large":false,"1536x1536":false,"2048x2048":false,"trp-custom-language-flag":false},"uagb_author_info":{"display_name":"wpAdminCofbOrg","author_link":"https:\/\/www.cofb.org\/ca\/author\/wpadmincofborg\/"},"uagb_comment_info":0,"uagb_excerpt":"Qu\u00e8 \u00e9s la fatiga? Quins tipus de fatiga hi ha? Com podem diferenciar una fatiga fisiol\u00f2gica d&#8217;una patol\u00f2gica? I una fatiga f\u00edsica d&#8217;una ps\u00edquica?\u00a0 La resoluci\u00f3 de q\u00fcestions com aquestes es va donar al curs &#8220;La fatiga, consells de micronutrici\u00f3 i fitoter\u00e0pia&#8221;, que va tenir lloc el passat 19 d&#8217;abril [&hellip;]","_links":{"self":[{"href":"https:\/\/www.cofb.org\/ca\/wp-json\/wp\/v2\/posts\/38668","targetHints":{"allow":["GET"]}}],"collection":[{"href":"https:\/\/www.cofb.org\/ca\/wp-json\/wp\/v2\/posts"}],"about":[{"href":"https:\/\/www.cofb.org\/ca\/wp-json\/wp\/v2\/types\/post"}],"author":[{"embeddable":true,"href":"https:\/\/www.cofb.org\/ca\/wp-json\/wp\/v2\/users\/1"}],"replies":[{"embeddable":true,"href":"https:\/\/www.cofb.org\/ca\/wp-json\/wp\/v2\/comments?post=38668"}],"version-history":[{"count":0,"href":"https:\/\/www.cofb.org\/ca\/wp-json\/wp\/v2\/posts\/38668\/revisions"}],"wp:featuredmedia":[{"embeddable":true,"href":"https:\/\/www.cofb.org\/ca\/wp-json\/"}],"wp:attachment":[{"href":"https:\/\/www.cofb.org\/ca\/wp-json\/wp\/v2\/media?parent=38668"}],"wp:term":[{"taxonomy":"category","embeddable":true,"href":"https:\/\/www.cofb.org\/ca\/wp-json\/wp\/v2\/categories?post=38668"},{"taxonomy":"post_tag","embeddable":true,"href":"https:\/\/www.cofb.org\/ca\/wp-json\/wp\/v2\/tags?post=38668"}],"curies":[{"name":"wp","href":"https:\/\/api.w.org\/{rel}","templated":true}]}}