{"id":38536,"date":"2018-04-17T15:44:44","date_gmt":"2018-04-17T13:44:44","guid":{"rendered":"https:\/\/blog.cofb.cat\/?p=38536"},"modified":"2018-04-17T15:44:44","modified_gmt":"2018-04-17T13:44:44","slug":"dues-representants-cofb-podium-ix-edicio-intercol","status":"publish","type":"post","link":"https:\/\/www.cofb.org\/ca\/2018\/04\/17\/dues-representants-cofb-podium-ix-edicio-intercol\/","title":{"rendered":"Dues representants del COFB al p\u00f2dium de la IX edici\u00f3 de &#8220;La Intercol&#8221;"},"content":{"rendered":"<p>El passat dissabte 14 d\u2019abril es va celebrar &#8220;La Intercol&#8221; 2018. Aquesta<strong>\u00a0<a href=\"http:\/\/www.cursaintercol.cat\/\" target=\"_blank\" rel=\"noopener\">IX edici\u00f3 de la Cursa Intercol\u00b7legial Sabadell Professional<\/a>,\u00a0<\/strong>a m\u00e9s de <strong>fomentar la pr\u00e0ctica de l\u2019esport entre els professionals<\/strong> del nostre pa\u00eds, t\u00e9 com a finalitat <strong>divulgar i refor\u00e7ar els beneficis i la funci\u00f3 social dels col\u00b7legis i associacions professionals<\/strong> davant la societat, el m\u00f3n empresarial, les administracions i l\u2019opini\u00f3 p\u00fablica.<\/p>\n<figure id=\"attachment_38540\" aria-describedby=\"caption-attachment-38540\" style=\"width: 820px\" class=\"wp-caption aligncenter\"><a href=\"https:\/\/blog.cofb.cat\/wp-content\/uploads\/2018\/04\/Sortida-Intercol-2018-1.jpg\"><img fetchpriority=\"high\" decoding=\"async\" class=\"wp-image-38540 size-full\" title=\"Sortida de La Intercol 2018.\" src=\"https:\/\/blog.cofb.cat\/wp-content\/uploads\/2018\/04\/Sortida-Intercol-2018-1.jpg\" alt=\"Sortida de La Intercol 2018.\" width=\"820\" height=\"615\" \/><\/a><figcaption id=\"caption-attachment-38540\" class=\"wp-caption-text\">Sortida de La Intercol 2018.<\/figcaption><\/figure>\n<h1><strong>\u00c8xit d&#8217;inscripcions<\/strong><\/h1>\n<p>Malgrat la pluja que amena\u00e7ava la prova, la Intercol es va poder celebrar amb total normalitat, i un any m\u00e9s els participants dels diferents col\u00b7legis professionals es van retrobar gr\u00e0cies a aquesta jornada esportiva i festiva, la qual ha estat un<strong> \u00e8xit tamb\u00e9 a nivell d&#8217;inscripcions, superant les de l&#8217;any anterior.<\/strong><\/p>\n<h1><strong>Participaci\u00f3 del COFB<\/strong><\/h1>\n<p>Aquest any,<strong> 37 participants,\u00a0entre col\u00b7legiats i familiars,\u00a0van representar el col\u00b7lectiu farmac\u00e8utic, m\u00e9s del doble respecte<\/strong> els 16 que ho van fer a<strong> l&#8217;anterior edici\u00f3<\/strong>.<strong><br \/>\n<\/strong><\/p>\n<figure id=\"attachment_38541\" aria-describedby=\"caption-attachment-38541\" style=\"width: 843px\" class=\"wp-caption aligncenter\"><a href=\"https:\/\/blog.cofb.cat\/wp-content\/uploads\/2018\/04\/COFB-a-la-Intercol-2018.jpg\"><img decoding=\"async\" class=\"wp-image-38541 size-full\" title=\"Representats del COFB a La Intercol 2018.\" src=\"https:\/\/blog.cofb.cat\/wp-content\/uploads\/2018\/04\/COFB-a-la-Intercol-2018.jpg\" alt=\"Representats del COFB a La Intercol 2018.\" width=\"843\" height=\"562\" \/><\/a><figcaption id=\"caption-attachment-38541\" class=\"wp-caption-text\">Representats del COFB a La Intercol 2018.<\/figcaption><\/figure>\n<p>Dues de les nostres representants van pujar al p\u00f2dium de les seves respectives categories. <strong>Aida Arnaiz va guanyar un any m\u00e9s la categoria de veteranes<\/strong> (75a a la classificaci\u00f3 general) i <strong>Silvia Leal va ser segona a la categoria s\u00e8nior femenina<\/strong> (20a a la classificaci\u00f3 general). Tamb\u00e9 cal destacar la <strong>setena posici\u00f3 general del col\u00b7legiat Isidre Tarasc\u00f3.<\/strong><\/p>\n<figure id=\"attachment_38544\" aria-describedby=\"caption-attachment-38544\" style=\"width: 898px\" class=\"wp-caption aligncenter\"><a href=\"https:\/\/blog.cofb.cat\/wp-content\/uploads\/2018\/04\/P\u00f2dium-Intercol-2018.jpg\"><img decoding=\"async\" class=\"wp-image-38544 size-full\" title=\"A la imatge de l'esquerra, Aida Arnaiz amb el trofeu de primera classificada a la categoria de veteranes. A la imatge de la dreta, Silvia Leal (esquerra) al p\u00f2dium com a segona classificada de la categoria s\u00e8nior femenina.\" src=\"https:\/\/blog.cofb.cat\/wp-content\/uploads\/2018\/04\/P\u00f2dium-Intercol-2018.jpg\" alt=\"A la imatge de l'esquerra, Aida Arnaiz amb el trofeu de primera classificada a la categoria de veteranes. A la imatge de la dreta, Silvia Leal (esquerra) al p\u00f2dium com a segona classificada de la categoria s\u00e8nior femenina.\" width=\"898\" height=\"440\" \/><\/a><figcaption id=\"caption-attachment-38544\" class=\"wp-caption-text\">A la imatge de l&#8217;esquerra, Aida Arnaiz amb el trofeu de primera classificada a la categoria de veteranes. A la imatge de la dreta, Silvia Leal (esquerra) al p\u00f2dium com a segona classificada de la categoria s\u00e8nior femenina. Font: Instagram @laintercol<\/figcaption><\/figure>\n<div class=\"mceTemp\"><\/div>\n<p style=\"text-align: center;\"><span style=\"color: #008080;\"><strong>Moltes gr\u00e0cies per participar-hi. Us esperem l&#8217;any que ve!<\/strong><\/span><\/p>\n<p><strong>Potser tamb\u00e9 t&#8217;interessa:<\/strong><\/p>\n<ul>\n<li><a href=\"https:\/\/blog.cofb.cat\/dos-farmaceutics-al-podium-de-la-viii-edicio-de-la-cursa-intercol%C2%B7legial\/\" target=\"_blank\" rel=\"noopener\">Dos farmac\u00e8utics al p\u00f2dium de la VIII edici\u00f3 de la Cursa Intercol\u00b7legial (Maig 2017)<\/a><\/li>\n<li><a href=\"https:\/\/blog.cofb.cat\/activitats-conferencies-esportives-del-grup-de-treball-de-complements-esport-solsona\/\" target=\"_blank\" rel=\"noopener\">Confer\u00e8ncia i activitat esportiva del grup de treball de Complements i Esport, a Solsona (Novembre 2017)<\/a><\/li>\n<li><a title=\"Link permanent a Quatre farmac\u00e8utics al p\u00f2dium de la VII edici\u00f3 de la Cursa Intercol\u00b7legial\" href=\"http:\/\/blog.cofb.cat\/quatre-farmaceutics-al-podium-de-la-vii-edicio-de-la-cursa-intercol%c2%b7legial\/\" target=\"_blank\" rel=\"bookmark noopener\">Quatre farmac\u00e8utics al p\u00f2dium de la VII edici\u00f3 de la Cursa Intercol\u00b7legial (Maig 2016)<\/a><\/li>\n<li><a title=\"Link permanent a Complements nutricionals i esport? El grup de treball de la Vocalia d\u2019Alimentaci\u00f3 estrena el hashtag #esportfarma\" href=\"http:\/\/blog.cofb.cat\/complements-nutricionals-i-esport-el-grup-de-treball-de-la-vocalia-dalimentacio-estrena-el-hashtag-esportfarma\/\" rel=\"bookmark\">Complements nutricionals i esport? El grup de treball de la Vocalia d\u2019Alimentaci\u00f3 estrena el hashtag #esportfarma (Abril 2016)<\/a><\/li>\n<\/ul>\n","protected":false},"excerpt":{"rendered":"<p>El passat dissabte 14 d\u2019abril es va celebrar &#8220;La Intercol&#8221; 2018. Aquesta\u00a0IX edici\u00f3 de la Cursa Intercol\u00b7legial Sabadell Professional,\u00a0a m\u00e9s de fomentar la pr\u00e0ctica de l\u2019esport entre els professionals del nostre pa\u00eds, t\u00e9 com a finalitat divulgar i refor\u00e7ar els beneficis i la funci\u00f3 social dels col\u00b7legis i associacions professionals [&hellip;]<\/p>\n","protected":false},"author":1,"featured_media":38541,"comment_status":"open","ping_status":"open","sticky":false,"template":"","format":"standard","meta":{"_uag_custom_page_level_css":"","site-sidebar-layout":"default","site-content-layout":"","ast-site-content-layout":"default","site-content-style":"default","site-sidebar-style":"default","ast-global-header-display":"","ast-banner-title-visibility":"","ast-main-header-display":"","ast-hfb-above-header-display":"","ast-hfb-below-header-display":"","ast-hfb-mobile-header-display":"","site-post-title":"","ast-breadcrumbs-content":"","ast-featured-img":"disabled","footer-sml-layout":"","theme-transparent-header-meta":"","adv-header-id-meta":"","stick-header-meta":"","header-above-stick-meta":"","header-main-stick-meta":"","header-below-stick-meta":"","astra-migrate-meta-layouts":"default","ast-page-background-enabled":"default","ast-page-background-meta":{"desktop":{"background-color":"var(--ast-global-color-4)","background-image":"","background-repeat":"repeat","background-position":"center center","background-size":"auto","background-attachment":"scroll","background-type":"","background-media":"","overlay-type":"","overlay-color":"","overlay-opacity":"","overlay-gradient":""},"tablet":{"background-color":"","background-image":"","background-repeat":"repeat","background-position":"center center","background-size":"auto","background-attachment":"scroll","background-type":"","background-media":"","overlay-type":"","overlay-color":"","overlay-opacity":"","overlay-gradient":""},"mobile":{"background-color":"","background-image":"","background-repeat":"repeat","background-position":"center center","background-size":"auto","background-attachment":"scroll","background-type":"","background-media":"","overlay-type":"","overlay-color":"","overlay-opacity":"","overlay-gradient":""}},"ast-content-background-meta":{"desktop":{"background-color":"var(--ast-global-color-5)","background-image":"","background-repeat":"repeat","background-position":"center center","background-size":"auto","background-attachment":"scroll","background-type":"","background-media":"","overlay-type":"","overlay-color":"","overlay-opacity":"","overlay-gradient":""},"tablet":{"background-color":"var(--ast-global-color-5)","background-image":"","background-repeat":"repeat","background-position":"center center","background-size":"auto","background-attachment":"scroll","background-type":"","background-media":"","overlay-type":"","overlay-color":"","overlay-opacity":"","overlay-gradient":""},"mobile":{"background-color":"var(--ast-global-color-5)","background-image":"","background-repeat":"repeat","background-position":"center center","background-size":"auto","background-attachment":"scroll","background-type":"","background-media":"","overlay-type":"","overlay-color":"","overlay-opacity":"","overlay-gradient":""}},"footnotes":""},"categories":[57],"tags":[692,2429,2750,2190,101,2173,2751,3067,2330,2377],"class_list":["post-38536","post","type-post","status-publish","format-standard","has-post-thumbnail","hentry","category-mon-collegial","tag-collegiats","tag-collegis-professionals","tag-cursa","tag-cursa-intercollegial","tag-esport","tag-esport-saludable","tag-esportfarma","tag-intercol","tag-nutricio-esportiva","tag-nutricio-i-esport"],"yoast_head":"<!-- This site is optimized with the Yoast SEO plugin v22.4 - https:\/\/yoast.com\/wordpress\/plugins\/seo\/ -->\n<title>Dues representants del COFB al p\u00f2dium de la IX edici\u00f3 de &quot;La Intercol&quot; - Col\u00b7legi de Farmac\u00e8utics de Barcelona<\/title>\n<meta name=\"robots\" content=\"index, follow, max-snippet:-1, max-image-preview:large, max-video-preview:-1\" \/>\n<link rel=\"canonical\" href=\"https:\/\/novaorg.cofb.net\/2018\/04\/17\/dues-representants-cofb-podium-ix-edicio-intercol\/\" \/>\n<meta property=\"og:locale\" content=\"ca_ES\" \/>\n<meta property=\"og:type\" content=\"article\" \/>\n<meta property=\"og:title\" content=\"Dues representants del COFB al p\u00f2dium de la IX edici\u00f3 de &quot;La Intercol&quot; - Col\u00b7legi de Farmac\u00e8utics de Barcelona\" \/>\n<meta property=\"og:description\" content=\"El passat dissabte 14 d\u2019abril es va celebrar &#8220;La Intercol&#8221; 2018. Aquesta\u00a0IX edici\u00f3 de la Cursa Intercol\u00b7legial Sabadell Professional,\u00a0a m\u00e9s de fomentar la pr\u00e0ctica de l\u2019esport entre els professionals del nostre pa\u00eds, t\u00e9 com a finalitat divulgar i refor\u00e7ar els beneficis i la funci\u00f3 social dels col\u00b7legis i associacions professionals [&hellip;]\" \/>\n<meta property=\"og:url\" content=\"https:\/\/novaorg.cofb.net\/2018\/04\/17\/dues-representants-cofb-podium-ix-edicio-intercol\/\" \/>\n<meta property=\"og:site_name\" content=\"Col\u00b7legi de Farmac\u00e8utics de Barcelona\" \/>\n<meta property=\"article:publisher\" content=\"https:\/\/www.facebook.com\/farmaceuticsbcn\/\" \/>\n<meta property=\"article:published_time\" content=\"2018-04-17T13:44:44+00:00\" \/>\n<meta name=\"author\" content=\"wpAdminCofbOrg\" \/>\n<meta name=\"twitter:card\" content=\"summary_large_image\" \/>\n<meta name=\"twitter:creator\" content=\"@farmaceuticsbcn\" \/>\n<meta name=\"twitter:site\" content=\"@farmaceuticsbcn\" \/>\n<meta name=\"twitter:label1\" content=\"Escrit per\" \/>\n\t<meta name=\"twitter:data1\" content=\"wpAdminCofbOrg\" \/>\n\t<meta name=\"twitter:label2\" content=\"Temps estimat de lectura\" \/>\n\t<meta name=\"twitter:data2\" content=\"2 minuts\" \/>\n<script type=\"application\/ld+json\" class=\"yoast-schema-graph\">{\"@context\":\"https:\/\/schema.org\",\"@graph\":[{\"@type\":\"Article\",\"@id\":\"https:\/\/novaorg.cofb.net\/2018\/04\/17\/dues-representants-cofb-podium-ix-edicio-intercol\/#article\",\"isPartOf\":{\"@id\":\"https:\/\/novaorg.cofb.net\/2018\/04\/17\/dues-representants-cofb-podium-ix-edicio-intercol\/\"},\"author\":{\"name\":\"wpAdminCofbOrg\",\"@id\":\"https:\/\/www.cofb.org\/#\/schema\/person\/22ed7eea88da74b0fa4d3154ad87ffcb\"},\"headline\":\"Dues representants del COFB al p\u00f2dium de la IX edici\u00f3 de &#8220;La Intercol&#8221;\",\"datePublished\":\"2018-04-17T13:44:44+00:00\",\"dateModified\":\"2018-04-17T13:44:44+00:00\",\"mainEntityOfPage\":{\"@id\":\"https:\/\/novaorg.cofb.net\/2018\/04\/17\/dues-representants-cofb-podium-ix-edicio-intercol\/\"},\"wordCount\":395,\"commentCount\":0,\"publisher\":{\"@id\":\"https:\/\/www.cofb.org\/#organization\"},\"image\":{\"@id\":\"https:\/\/novaorg.cofb.net\/2018\/04\/17\/dues-representants-cofb-podium-ix-edicio-intercol\/#primaryimage\"},\"thumbnailUrl\":\"\",\"keywords\":[\"col\u00b7legiats\",\"col\u00b7legis professionals\",\"cursa\",\"Cursa Intercol\u00b7legial\",\"esport\",\"esport saludable\",\"esportfarma\",\"Intercol\",\"nutrici\u00f3 esportiva\",\"nutrici\u00f3 i esport\"],\"articleSection\":[\"M\u00f3n col\u00b7legial\"],\"inLanguage\":\"ca\",\"potentialAction\":[{\"@type\":\"CommentAction\",\"name\":\"Comment\",\"target\":[\"https:\/\/novaorg.cofb.net\/2018\/04\/17\/dues-representants-cofb-podium-ix-edicio-intercol\/#respond\"]}]},{\"@type\":\"WebPage\",\"@id\":\"https:\/\/novaorg.cofb.net\/2018\/04\/17\/dues-representants-cofb-podium-ix-edicio-intercol\/\",\"url\":\"https:\/\/novaorg.cofb.net\/2018\/04\/17\/dues-representants-cofb-podium-ix-edicio-intercol\/\",\"name\":\"Dues representants del COFB al p\u00f2dium de la IX edici\u00f3 de \\\"La Intercol\\\" - Col\u00b7legi de Farmac\u00e8utics de Barcelona\",\"isPartOf\":{\"@id\":\"https:\/\/www.cofb.org\/#website\"},\"primaryImageOfPage\":{\"@id\":\"https:\/\/novaorg.cofb.net\/2018\/04\/17\/dues-representants-cofb-podium-ix-edicio-intercol\/#primaryimage\"},\"image\":{\"@id\":\"https:\/\/novaorg.cofb.net\/2018\/04\/17\/dues-representants-cofb-podium-ix-edicio-intercol\/#primaryimage\"},\"thumbnailUrl\":\"\",\"datePublished\":\"2018-04-17T13:44:44+00:00\",\"dateModified\":\"2018-04-17T13:44:44+00:00\",\"breadcrumb\":{\"@id\":\"https:\/\/novaorg.cofb.net\/2018\/04\/17\/dues-representants-cofb-podium-ix-edicio-intercol\/#breadcrumb\"},\"inLanguage\":\"ca\",\"potentialAction\":[{\"@type\":\"ReadAction\",\"target\":[\"https:\/\/novaorg.cofb.net\/2018\/04\/17\/dues-representants-cofb-podium-ix-edicio-intercol\/\"]}]},{\"@type\":\"ImageObject\",\"inLanguage\":\"ca\",\"@id\":\"https:\/\/novaorg.cofb.net\/2018\/04\/17\/dues-representants-cofb-podium-ix-edicio-intercol\/#primaryimage\",\"url\":\"\",\"contentUrl\":\"\"},{\"@type\":\"BreadcrumbList\",\"@id\":\"https:\/\/novaorg.cofb.net\/2018\/04\/17\/dues-representants-cofb-podium-ix-edicio-intercol\/#breadcrumb\",\"itemListElement\":[{\"@type\":\"ListItem\",\"position\":1,\"name\":\"Inici\",\"item\":\"https:\/\/novaorg.cofb.net\/\"},{\"@type\":\"ListItem\",\"position\":2,\"name\":\"Dues representants del COFB al p\u00f2dium de la IX edici\u00f3 de &#8220;La Intercol&#8221;\"}]},{\"@type\":\"WebSite\",\"@id\":\"https:\/\/www.cofb.org\/#website\",\"url\":\"https:\/\/www.cofb.org\/\",\"name\":\"Col\u00b7legi de Farmac\u00e8utics de Barcelona\",\"description\":\"\",\"publisher\":{\"@id\":\"https:\/\/www.cofb.org\/#organization\"},\"potentialAction\":[{\"@type\":\"SearchAction\",\"target\":{\"@type\":\"EntryPoint\",\"urlTemplate\":\"https:\/\/www.cofb.org\/?s={search_term_string}\"},\"query-input\":\"required name=search_term_string\"}],\"inLanguage\":\"ca\"},{\"@type\":\"Organization\",\"@id\":\"https:\/\/www.cofb.org\/#organization\",\"name\":\"Col\u00b7legi de Farmac\u00e8utics de Barcelona\",\"url\":\"https:\/\/www.cofb.org\/\",\"logo\":{\"@type\":\"ImageObject\",\"inLanguage\":\"ca\",\"@id\":\"https:\/\/www.cofb.org\/#\/schema\/logo\/image\/\",\"url\":\"https:\/\/www.cofb.org\/wp-content\/uploads\/2023\/11\/cropped-Logotip-COFB.png\",\"contentUrl\":\"https:\/\/www.cofb.org\/wp-content\/uploads\/2023\/11\/cropped-Logotip-COFB.png\",\"width\":500,\"height\":105,\"caption\":\"Col\u00b7legi de Farmac\u00e8utics de Barcelona\"},\"image\":{\"@id\":\"https:\/\/www.cofb.org\/#\/schema\/logo\/image\/\"},\"sameAs\":[\"https:\/\/www.facebook.com\/farmaceuticsbcn\/\",\"https:\/\/twitter.com\/farmaceuticsbcn\",\"https:\/\/www.instagram.com\/farmaceuticsbcn\/\",\"https:\/\/www.linkedin.com\/company\/farmaceuticsbcn\/\"]},{\"@type\":\"Person\",\"@id\":\"https:\/\/www.cofb.org\/#\/schema\/person\/22ed7eea88da74b0fa4d3154ad87ffcb\",\"name\":\"wpAdminCofbOrg\",\"image\":{\"@type\":\"ImageObject\",\"inLanguage\":\"ca\",\"@id\":\"https:\/\/www.cofb.org\/#\/schema\/person\/image\/\",\"url\":\"https:\/\/secure.gravatar.com\/avatar\/1721b20b3b8ca882c3b56ec6c978c594fff670e40c0718e9190eaeeb76aae7d8?s=96&d=mm&r=g\",\"contentUrl\":\"https:\/\/secure.gravatar.com\/avatar\/1721b20b3b8ca882c3b56ec6c978c594fff670e40c0718e9190eaeeb76aae7d8?s=96&d=mm&r=g\",\"caption\":\"wpAdminCofbOrg\"},\"sameAs\":[\"http:\/\/192.168.64.122\/wordpress\"],\"url\":\"https:\/\/www.cofb.org\/ca\/author\/wpadmincofborg\/\"}]}<\/script>\n<!-- \/ Yoast SEO plugin. -->","yoast_head_json":{"title":"Dues representants del COFB al p\u00f2dium de la IX edici\u00f3 de \"La Intercol\" - Col\u00b7legi de Farmac\u00e8utics de Barcelona","robots":{"index":"index","follow":"follow","max-snippet":"max-snippet:-1","max-image-preview":"max-image-preview:large","max-video-preview":"max-video-preview:-1"},"canonical":"https:\/\/novaorg.cofb.net\/2018\/04\/17\/dues-representants-cofb-podium-ix-edicio-intercol\/","og_locale":"ca_ES","og_type":"article","og_title":"Dues representants del COFB al p\u00f2dium de la IX edici\u00f3 de \"La Intercol\" - Col\u00b7legi de Farmac\u00e8utics de Barcelona","og_description":"El passat dissabte 14 d\u2019abril es va celebrar &#8220;La Intercol&#8221; 2018. Aquesta\u00a0IX edici\u00f3 de la Cursa Intercol\u00b7legial Sabadell Professional,\u00a0a m\u00e9s de fomentar la pr\u00e0ctica de l\u2019esport entre els professionals del nostre pa\u00eds, t\u00e9 com a finalitat divulgar i refor\u00e7ar els beneficis i la funci\u00f3 social dels col\u00b7legis i associacions professionals [&hellip;]","og_url":"https:\/\/novaorg.cofb.net\/2018\/04\/17\/dues-representants-cofb-podium-ix-edicio-intercol\/","og_site_name":"Col\u00b7legi de Farmac\u00e8utics de Barcelona","article_publisher":"https:\/\/www.facebook.com\/farmaceuticsbcn\/","article_published_time":"2018-04-17T13:44:44+00:00","author":"wpAdminCofbOrg","twitter_card":"summary_large_image","twitter_creator":"@farmaceuticsbcn","twitter_site":"@farmaceuticsbcn","twitter_misc":{"Escrit per":"wpAdminCofbOrg","Temps estimat de lectura":"2 minuts"},"schema":{"@context":"https:\/\/schema.org","@graph":[{"@type":"Article","@id":"https:\/\/novaorg.cofb.net\/2018\/04\/17\/dues-representants-cofb-podium-ix-edicio-intercol\/#article","isPartOf":{"@id":"https:\/\/novaorg.cofb.net\/2018\/04\/17\/dues-representants-cofb-podium-ix-edicio-intercol\/"},"author":{"name":"wpAdminCofbOrg","@id":"https:\/\/www.cofb.org\/#\/schema\/person\/22ed7eea88da74b0fa4d3154ad87ffcb"},"headline":"Dues representants del COFB al p\u00f2dium de la IX edici\u00f3 de &#8220;La Intercol&#8221;","datePublished":"2018-04-17T13:44:44+00:00","dateModified":"2018-04-17T13:44:44+00:00","mainEntityOfPage":{"@id":"https:\/\/novaorg.cofb.net\/2018\/04\/17\/dues-representants-cofb-podium-ix-edicio-intercol\/"},"wordCount":395,"commentCount":0,"publisher":{"@id":"https:\/\/www.cofb.org\/#organization"},"image":{"@id":"https:\/\/novaorg.cofb.net\/2018\/04\/17\/dues-representants-cofb-podium-ix-edicio-intercol\/#primaryimage"},"thumbnailUrl":"","keywords":["col\u00b7legiats","col\u00b7legis professionals","cursa","Cursa Intercol\u00b7legial","esport","esport saludable","esportfarma","Intercol","nutrici\u00f3 esportiva","nutrici\u00f3 i esport"],"articleSection":["M\u00f3n col\u00b7legial"],"inLanguage":"ca","potentialAction":[{"@type":"CommentAction","name":"Comment","target":["https:\/\/novaorg.cofb.net\/2018\/04\/17\/dues-representants-cofb-podium-ix-edicio-intercol\/#respond"]}]},{"@type":"WebPage","@id":"https:\/\/novaorg.cofb.net\/2018\/04\/17\/dues-representants-cofb-podium-ix-edicio-intercol\/","url":"https:\/\/novaorg.cofb.net\/2018\/04\/17\/dues-representants-cofb-podium-ix-edicio-intercol\/","name":"Dues representants del COFB al p\u00f2dium de la IX edici\u00f3 de \"La Intercol\" - Col\u00b7legi de Farmac\u00e8utics de Barcelona","isPartOf":{"@id":"https:\/\/www.cofb.org\/#website"},"primaryImageOfPage":{"@id":"https:\/\/novaorg.cofb.net\/2018\/04\/17\/dues-representants-cofb-podium-ix-edicio-intercol\/#primaryimage"},"image":{"@id":"https:\/\/novaorg.cofb.net\/2018\/04\/17\/dues-representants-cofb-podium-ix-edicio-intercol\/#primaryimage"},"thumbnailUrl":"","datePublished":"2018-04-17T13:44:44+00:00","dateModified":"2018-04-17T13:44:44+00:00","breadcrumb":{"@id":"https:\/\/novaorg.cofb.net\/2018\/04\/17\/dues-representants-cofb-podium-ix-edicio-intercol\/#breadcrumb"},"inLanguage":"ca","potentialAction":[{"@type":"ReadAction","target":["https:\/\/novaorg.cofb.net\/2018\/04\/17\/dues-representants-cofb-podium-ix-edicio-intercol\/"]}]},{"@type":"ImageObject","inLanguage":"ca","@id":"https:\/\/novaorg.cofb.net\/2018\/04\/17\/dues-representants-cofb-podium-ix-edicio-intercol\/#primaryimage","url":"","contentUrl":""},{"@type":"BreadcrumbList","@id":"https:\/\/novaorg.cofb.net\/2018\/04\/17\/dues-representants-cofb-podium-ix-edicio-intercol\/#breadcrumb","itemListElement":[{"@type":"ListItem","position":1,"name":"Inici","item":"https:\/\/novaorg.cofb.net\/"},{"@type":"ListItem","position":2,"name":"Dues representants del COFB al p\u00f2dium de la IX edici\u00f3 de &#8220;La Intercol&#8221;"}]},{"@type":"WebSite","@id":"https:\/\/www.cofb.org\/#website","url":"https:\/\/www.cofb.org\/","name":"Col\u00b7legi de Farmac\u00e8utics de Barcelona","description":"","publisher":{"@id":"https:\/\/www.cofb.org\/#organization"},"potentialAction":[{"@type":"SearchAction","target":{"@type":"EntryPoint","urlTemplate":"https:\/\/www.cofb.org\/?s={search_term_string}"},"query-input":"required name=search_term_string"}],"inLanguage":"ca"},{"@type":"Organization","@id":"https:\/\/www.cofb.org\/#organization","name":"Col\u00b7legi de Farmac\u00e8utics de Barcelona","url":"https:\/\/www.cofb.org\/","logo":{"@type":"ImageObject","inLanguage":"ca","@id":"https:\/\/www.cofb.org\/#\/schema\/logo\/image\/","url":"https:\/\/www.cofb.org\/wp-content\/uploads\/2023\/11\/cropped-Logotip-COFB.png","contentUrl":"https:\/\/www.cofb.org\/wp-content\/uploads\/2023\/11\/cropped-Logotip-COFB.png","width":500,"height":105,"caption":"Col\u00b7legi de Farmac\u00e8utics de Barcelona"},"image":{"@id":"https:\/\/www.cofb.org\/#\/schema\/logo\/image\/"},"sameAs":["https:\/\/www.facebook.com\/farmaceuticsbcn\/","https:\/\/twitter.com\/farmaceuticsbcn","https:\/\/www.instagram.com\/farmaceuticsbcn\/","https:\/\/www.linkedin.com\/company\/farmaceuticsbcn\/"]},{"@type":"Person","@id":"https:\/\/www.cofb.org\/#\/schema\/person\/22ed7eea88da74b0fa4d3154ad87ffcb","name":"wpAdminCofbOrg","image":{"@type":"ImageObject","inLanguage":"ca","@id":"https:\/\/www.cofb.org\/#\/schema\/person\/image\/","url":"https:\/\/secure.gravatar.com\/avatar\/1721b20b3b8ca882c3b56ec6c978c594fff670e40c0718e9190eaeeb76aae7d8?s=96&d=mm&r=g","contentUrl":"https:\/\/secure.gravatar.com\/avatar\/1721b20b3b8ca882c3b56ec6c978c594fff670e40c0718e9190eaeeb76aae7d8?s=96&d=mm&r=g","caption":"wpAdminCofbOrg"},"sameAs":["http:\/\/192.168.64.122\/wordpress"],"url":"https:\/\/www.cofb.org\/ca\/author\/wpadmincofborg\/"}]}},"uagb_featured_image_src":{"full":false,"thumbnail":false,"medium":false,"medium_large":false,"large":false,"1536x1536":false,"2048x2048":false,"trp-custom-language-flag":false},"uagb_author_info":{"display_name":"wpAdminCofbOrg","author_link":"https:\/\/www.cofb.org\/ca\/author\/wpadmincofborg\/"},"uagb_comment_info":0,"uagb_excerpt":"El passat dissabte 14 d\u2019abril es va celebrar &#8220;La Intercol&#8221; 2018. Aquesta\u00a0IX edici\u00f3 de la Cursa Intercol\u00b7legial Sabadell Professional,\u00a0a m\u00e9s de fomentar la pr\u00e0ctica de l\u2019esport entre els professionals del nostre pa\u00eds, t\u00e9 com a finalitat divulgar i refor\u00e7ar els beneficis i la funci\u00f3 social dels col\u00b7legis i associacions professionals [&hellip;]","_links":{"self":[{"href":"https:\/\/www.cofb.org\/ca\/wp-json\/wp\/v2\/posts\/38536","targetHints":{"allow":["GET"]}}],"collection":[{"href":"https:\/\/www.cofb.org\/ca\/wp-json\/wp\/v2\/posts"}],"about":[{"href":"https:\/\/www.cofb.org\/ca\/wp-json\/wp\/v2\/types\/post"}],"author":[{"embeddable":true,"href":"https:\/\/www.cofb.org\/ca\/wp-json\/wp\/v2\/users\/1"}],"replies":[{"embeddable":true,"href":"https:\/\/www.cofb.org\/ca\/wp-json\/wp\/v2\/comments?post=38536"}],"version-history":[{"count":0,"href":"https:\/\/www.cofb.org\/ca\/wp-json\/wp\/v2\/posts\/38536\/revisions"}],"wp:featuredmedia":[{"embeddable":true,"href":"https:\/\/www.cofb.org\/ca\/wp-json\/"}],"wp:attachment":[{"href":"https:\/\/www.cofb.org\/ca\/wp-json\/wp\/v2\/media?parent=38536"}],"wp:term":[{"taxonomy":"category","embeddable":true,"href":"https:\/\/www.cofb.org\/ca\/wp-json\/wp\/v2\/categories?post=38536"},{"taxonomy":"post_tag","embeddable":true,"href":"https:\/\/www.cofb.org\/ca\/wp-json\/wp\/v2\/tags?post=38536"}],"curies":[{"name":"wp","href":"https:\/\/api.w.org\/{rel}","templated":true}]}}