{"id":38461,"date":"2018-04-16T18:08:06","date_gmt":"2018-04-16T16:08:06","guid":{"rendered":"https:\/\/blog.cofb.cat\/?p=38461"},"modified":"2018-04-16T18:08:06","modified_gmt":"2018-04-16T16:08:06","slug":"el-microbioma-de-la-pell-tema-principal-del-tercer-forum-dermoexpert","status":"publish","type":"post","link":"https:\/\/www.cofb.org\/ca\/2018\/04\/16\/el-microbioma-de-la-pell-tema-principal-del-tercer-forum-dermoexpert\/","title":{"rendered":"El microbioma de la pell: tema principal del tercer F\u00f2rum Dermoexpert"},"content":{"rendered":"<p>El <strong>tercer F\u00f2rum Dermoexpert del curs 2017 &#8211; 2018<\/strong>, que es va celebrar el passat 11 d&#8217;abril, va tenir com a tema principal el <strong>microbioma de la pell<\/strong>.<\/p>\n<p>L&#8217;acte va comptar amb <strong>les aportacions<\/strong> de <strong>Mercedes Abarquero<\/strong>, farmac\u00e8utica i responsable cient\u00edfica de Laboratorios Vichy; <strong>Mercedes Berlanga<\/strong>, professora del Departament de Biologia, Sanitat i Medi Ambient de la Universitat de Barcelona; <strong>Mar Blanco<\/strong>, farmac\u00e8utica comunit\u00e0ria, responsable del Departament T\u00e8cnic de l&#8217;Associaci\u00f3n Espa\u00f1ola de Fitoter\u00e0pia i Nutrici\u00f3n (AFINUR) i consultora aliment\u00e0ria i <strong>Leonor Prieto<\/strong>, farmac\u00e8utica, directora cient\u00edfica de Laboratoris La Roche Posay. L&#8217;encarregada de moderar l&#8217;acte va ser <strong>Marta Alcalde<\/strong>, vocal de Dermofarm\u00e0cia i Productes Sanitaris del COFB.<\/p>\n<figure id=\"attachment_38472\" aria-describedby=\"caption-attachment-38472\" style=\"width: 620px\" class=\"wp-caption aligncenter\"><a href=\"https:\/\/blog.cofb.cat\/wp-content\/uploads\/2018\/04\/cofb.180411-15.jpg\"><img fetchpriority=\"high\" decoding=\"async\" class=\"wp-image-38472 size-large\" title=\"El tercer F\u00f2rum Dermoexpert va tenir com a tema principal el microbioma i la pell.\" src=\"https:\/\/blog.cofb.cat\/wp-content\/uploads\/2018\/04\/cofb.180411-15-1024x683.jpg\" alt=\"El tercer F\u00f2rum Dermoexpert va tenir com a tema principal el microbioma i la pell.\" width=\"620\" height=\"414\" \/><\/a><figcaption id=\"caption-attachment-38472\" class=\"wp-caption-text\">El tercer F\u00f2rum Dermoexpert va tenir com a tema principal el microbioma i la pell.<\/figcaption><\/figure>\n<h1><span style=\"color: #008080;\"><strong>Les aportacions de les ponents<br \/>\n<\/strong><\/span><\/h1>\n<h2><strong><span style=\"color: #008080;\">Principals grups de microorganismes que colonitzen la pell<\/span><\/strong><\/h2>\n<p>La professora <strong>Mercedes Berlanga<\/strong>, al llarg de la seva exposici\u00f3, va explicar quins s\u00f3n els <strong>principals grups de microorganismes que colonitzen la nostra pell<\/strong>, com els adquirim al llarg de la nostra vida, com es distribueixen a les diferents zones del cos i quines funcions tenen.<\/p>\n<h2><strong><span style=\"color: #008080;\">Factors externs que condicionen l&#8217;ecosistema cutani<\/span><\/strong><\/h2>\n<p>La farmac\u00e8utica <strong>Mar Blanco<\/strong> va posar l&#8217;\u00e8mfasi en <strong>quins s\u00f3n els factors externs que condicionen el nostre ecosistema de la pell<\/strong>.<\/p>\n<p>Tenim un 80% de flora resident i un 20% de flora que va variant en funci\u00f3 de factors iatrog\u00e8nics, farmacol\u00f2gics, ambientals, higi\u00e8nico-diet\u00e8tics, i en funci\u00f3 dels estils de vida de la persona. Durant la seva exposici\u00f3 tamb\u00e9 es va donar molta import\u00e0ncia a l\u2019<span style=\"color: #333333;\"><strong>eix intest\u00ed-cervell-pell<\/strong> <\/span>i a la interrelaci\u00f3 que cada cop es veu m\u00e9s evident entre aquests diferents ecosistemes. Blanco tamb\u00e9 va parlar de la<span style=\"color: #333333;\"><strong> relaci\u00f3 que hi ha entre alteracions en el microbioma i diferents patologies cut\u00e0nies com la dermatitis at\u00f2pica<\/strong>,<\/span> l\u2019acne o la psoriasi.<\/p>\n<div class=\"destacat-blog\">\n<h2><span style=\"color: #008080;\"><strong>La pell, una defensa natural del nostre organisme<\/strong><\/span><\/h2>\n<p><strong>El nostre organisme<\/strong> \u00e9s una <strong>zona colonitzable, <\/strong>ja que<strong> totes les nostres superf\u00edcies externes <\/strong>(tracte intestinal, genitourinari, mucoses i pell) tenen microorganismes. <strong>La pell actua com una barrera de defensa natural de l&#8217;organisme.<\/strong> Actualment, s&#8217;han desenvolupat cosm\u00e8tics innovadors que milloren els sistemes de protecci\u00f3 de la pell davant de les agressions externes, mitjan\u00e7ant la regulaci\u00f3 de l&#8217;ecosistema cutani i la millora de la resposta immunit\u00e0ria.<\/p>\n<\/div>\n<h2><strong><span style=\"color: #008080;\">Desequilibris del microbioma en el cuir cabellut<\/span><\/strong><\/h2>\n<p>La responsable cient\u00edfica dels laboratoris Vichy, <strong>Mercedes Abarquero,<\/strong> va parlar dels <strong>desequilibris del microbioma en el cuir cabellut<\/strong> <strong>i de com es tradueixen en l\u2019aparici\u00f3 d\u2019una patologia dermatol\u00f2gica molt freq\u00fcent: la caspa.<\/strong><\/p>\n<p>Des de la ind\u00fastria, es busquen productes que actu\u00efn sobre aquesta patologia des de diferents fronts perqu\u00e8 facin una exfoliaci\u00f3, protegeixin davant la lipoperoxidaci\u00f3 lip\u00eddica i reequilibrin el microbioma. Aquesta<strong> utilitzaci\u00f3 d\u2019actius que tenen efecte sobre la regulaci\u00f3 del microbioma ha donat millors resultats que els tractaments cl\u00e0ssics <\/strong>on nom\u00e9s es tractava la inflamaci\u00f3 i la producci\u00f3 de greix.<\/p>\n<figure id=\"attachment_38496\" aria-describedby=\"caption-attachment-38496\" style=\"width: 620px\" class=\"wp-caption aligncenter\"><a href=\"https:\/\/blog.cofb.cat\/wp-content\/uploads\/2018\/04\/cofb.180411-03.jpg\"><img decoding=\"async\" class=\"wp-image-38496 size-large\" title=\"Mercedes Berlanga, professora del Departament de Biologia, Sanitat i Medi Ambient de la Universitat de Barcelona; Mar Blanco, farmac\u00e8utica comunit\u00e0ria, responsable del Departament T\u00e8cnic de l\u2019Associaci\u00f3n Espa\u00f1ola de Fitoter\u00e0pia i Nutrici\u00f3n (AFINUR) i consultora aliment\u00e0ria; Marta Alcalde, vocal de Dermofarm\u00e0cia i Productes Sanitaris del COFB; Mercedes Abarquero, farmac\u00e8utica i responsable cient\u00edfica de Laboratorios Vichy i Leonor Prieto, farmac\u00e8utica, directora cient\u00edfica de Laboratoris La Roche Posay.\" src=\"https:\/\/blog.cofb.cat\/wp-content\/uploads\/2018\/04\/cofb.180411-03-1024x683.jpg\" alt=\"Mercedes Berlanga, professora del Departament de Biologia, Sanitat i Medi Ambient de la Universitat de Barcelona; Mar Blanco, farmac\u00e8utica comunit\u00e0ria, responsable del Departament T\u00e8cnic de l\u2019Associaci\u00f3n Espa\u00f1ola de Fitoter\u00e0pia i Nutrici\u00f3n (AFINUR) i consultora aliment\u00e0ria; Marta Alcalde, vocal de Dermofarm\u00e0cia i Productes Sanitaris del COFB; Mercedes Abarquero, farmac\u00e8utica i responsable cient\u00edfica de Laboratorios Vichy i Leonor Prieto, farmac\u00e8utica, directora cient\u00edfica de Laboratoris La Roche Posay.\" width=\"620\" height=\"414\" \/><\/a><figcaption id=\"caption-attachment-38496\" class=\"wp-caption-text\">Mercedes Berlanga, Mar Blanco, Marta Alcalde, Mercedes Abarquero i Leonor Prieto, a l&#8217;inici del tercer F\u00f2rum Dermoexpert.<\/figcaption><\/figure>\n<h2><span style=\"color: #008080;\"><strong>Pells at\u00f2piques, acne i microbioma<\/strong><\/span><\/h2>\n<p><strong>Leonor Prieto<\/strong>, directora Cient\u00edfica de La Roche Posay, va explicar com <strong>la diversitat del microbioma \u00e9s un marcador de salut de la pell.<\/strong> La seva exposici\u00f3 es va centrar en les<strong> pells at\u00f2piques<\/strong> i va posar de manifest que aquest tipus de pells tenen una <strong>diversitat de microorganismes inferior a una pell normal,<\/strong> i dins del mateix pacient at\u00f2pic les zones de brot encara tenen una\u00a0 diversitat inferior en comparaci\u00f3 amb les zones sanes.<\/p>\n<p>Prieto va presentar estudis que mostren com l\u2019\u00fas d\u2019un emol\u00b7lient espec\u00edfic amb actius que tinguin efecte sobre aquesta disbiosi, d\u00f3na molt bons resultats pel que fa a la disminuci\u00f3 de brots i en relaci\u00f3 al pru\u00eft t\u00edpic d\u2019aquesta malaltia.<\/p>\n<p>En el cas de l\u2019<strong>acne, la distribuci\u00f3 de determinats bacteris en relaci\u00f3 a una pell normal tamb\u00e9 est\u00e0 alterada<\/strong> i l\u2019\u00fas de productes cosm\u00e8tics que actu\u00efn sobre aquesta disbiosi \u00e9s molt positiu a l\u2019hora de restablir l\u2019estat de salut de la pell.<\/p>\n<p style=\"text-align: right;\"><strong>Amb la col\u00b7laboraci\u00f3 de:<\/strong><\/p>\n<p style=\"text-align: right;\">\u00a0<a href=\"http:\/\/www.loreal.es\/brand\/cosmetic\" target=\"_blank\" rel=\"noopener\"><img decoding=\"async\" class=\"alignright wp-image-38504\" src=\"https:\/\/blog.cofb.cat\/wp-content\/uploads\/2018\/04\/L\u00d3r\u00e9al-Cosm\u00e9tica-Activa.jpg\" alt=\"L'Or\u00e9al Cosm\u00e9tica Activa\" width=\"163\" height=\"74\" \/><\/a><\/p>\n<p>&nbsp;<\/p>\n<p>&nbsp;<\/p>\n<div class=\"box note\"><\/div>\n<h1><strong><span style=\"color: #008080;\">16 de maig: 4t F\u00f2rum Dermoexpert<\/span><\/strong><\/h1>\n<p>El pr\u00f2xim 16 de maig tindr\u00e0 lloc el 4t F\u00f2rum Dermoexpert, que porta per t\u00edtol <a href=\"http:\/\/www.cofb.org\/web\/guest\/cursos?p_p_id=portletllistatactivitats_WAR_portletllistatactivitats_INSTANCE_Au9v&amp;p_p_lifecycle=0&amp;p_p_state=normal&amp;p_p_mode=view&amp;p_p_col_id=column-2&amp;p_p_col_pos=1&amp;p_p_col_count=2&amp;_portletllistatactivitats_WAR_portletllistatactivitats_INSTANCE_Au9v_strutsAction=%2Fview%2Fdetall&amp;_portletllistatactivitats_WAR_portletllistatactivitats_INSTANCE_Au9v_id=2199\" target=\"_blank\" rel=\"noopener\"><strong>&#8220;Cosm\u00e8tica Antipollution&#8221;<\/strong><\/a>. S&#8217;abordar\u00e0, entre altres q\u00fcestions, <strong>com protegir la pell de l&#8217;impacte del medi ambient i l&#8217;entorn.<\/strong><\/p>\n<p>L&#8217;acte estar\u00e0 moderat per <strong>Marta Alcalde<\/strong>, i comptar\u00e0 amb les aportacions de <strong>David Gonz\u00e1lez<\/strong> i <strong>Jos\u00e9 L. Mullor<\/strong>, director de desenvolupament i director cient\u00edfic de Bionos Biotech SL, respectivament.<\/p>\n<\/div>\n<p><strong>Altres publicacions d&#8217;inter\u00e8s:<\/strong><\/p>\n<ul>\n<li><a href=\"https:\/\/blog.cofb.cat\/jornada-dermoexpert-un-viatge-per-la-vida-de-la-pell\/\">Jornada Dermoexpert: Un viatge per la vida de la pell (Octubre 2017)<\/a><\/li>\n<li><a href=\"https:\/\/blog.cofb.cat\/finalitza-la-primera-edicio-del-programa-formatiu-dermoexpert\/\">Finalitza la primera edici\u00f3 del programa formatiu Dermoexpert (Octubre 2017)<\/a><\/li>\n<li><a href=\"https:\/\/blog.cofb.cat\/jornada-dermoexpert-un-viatge-per-la-vida-de-la-pell\/\">Antienvelliment dels cabells. Primer tema del F\u00f2rum Dermoexpert 2017\/2018 (Desembre 2017)<\/a><\/li>\n<li><a href=\"https:\/\/blog.cofb.cat\/segon-forum-dermoexpert-estrategies-mercat-dermocosmetica-oportunitats-farmacia\/\" target=\"_blank\" rel=\"noopener\">Segon F\u00f2rum Dermoexpert: estrat\u00e8gies de mercat en Dermocosm\u00e8tica i oportunitats per a la farm\u00e0cia (Febrer 2018)<\/a><\/li>\n<\/ul>\n","protected":false},"excerpt":{"rendered":"<p>El tercer F\u00f2rum Dermoexpert del curs 2017 &#8211; 2018, que es va celebrar el passat 11 d&#8217;abril, va tenir com a tema principal el microbioma de la pell. L&#8217;acte va comptar amb les aportacions de Mercedes Abarquero, farmac\u00e8utica i responsable cient\u00edfica de Laboratorios Vichy; Mercedes Berlanga, professora del Departament de [&hellip;]<\/p>\n","protected":false},"author":1,"featured_media":38462,"comment_status":"open","ping_status":"open","sticky":false,"template":"","format":"standard","meta":{"_uag_custom_page_level_css":"","site-sidebar-layout":"default","site-content-layout":"","ast-site-content-layout":"default","site-content-style":"default","site-sidebar-style":"default","ast-global-header-display":"","ast-banner-title-visibility":"","ast-main-header-display":"","ast-hfb-above-header-display":"","ast-hfb-below-header-display":"","ast-hfb-mobile-header-display":"","site-post-title":"","ast-breadcrumbs-content":"","ast-featured-img":"disabled","footer-sml-layout":"","theme-transparent-header-meta":"","adv-header-id-meta":"","stick-header-meta":"","header-above-stick-meta":"","header-main-stick-meta":"","header-below-stick-meta":"","astra-migrate-meta-layouts":"default","ast-page-background-enabled":"default","ast-page-background-meta":{"desktop":{"background-color":"var(--ast-global-color-4)","background-image":"","background-repeat":"repeat","background-position":"center center","background-size":"auto","background-attachment":"scroll","background-type":"","background-media":"","overlay-type":"","overlay-color":"","overlay-opacity":"","overlay-gradient":""},"tablet":{"background-color":"","background-image":"","background-repeat":"repeat","background-position":"center center","background-size":"auto","background-attachment":"scroll","background-type":"","background-media":"","overlay-type":"","overlay-color":"","overlay-opacity":"","overlay-gradient":""},"mobile":{"background-color":"","background-image":"","background-repeat":"repeat","background-position":"center center","background-size":"auto","background-attachment":"scroll","background-type":"","background-media":"","overlay-type":"","overlay-color":"","overlay-opacity":"","overlay-gradient":""}},"ast-content-background-meta":{"desktop":{"background-color":"var(--ast-global-color-5)","background-image":"","background-repeat":"repeat","background-position":"center center","background-size":"auto","background-attachment":"scroll","background-type":"","background-media":"","overlay-type":"","overlay-color":"","overlay-opacity":"","overlay-gradient":""},"tablet":{"background-color":"var(--ast-global-color-5)","background-image":"","background-repeat":"repeat","background-position":"center center","background-size":"auto","background-attachment":"scroll","background-type":"","background-media":"","overlay-type":"","overlay-color":"","overlay-opacity":"","overlay-gradient":""},"mobile":{"background-color":"var(--ast-global-color-5)","background-image":"","background-repeat":"repeat","background-position":"center center","background-size":"auto","background-attachment":"scroll","background-type":"","background-media":"","overlay-type":"","overlay-color":"","overlay-opacity":"","overlay-gradient":""}},"footnotes":""},"categories":[57],"tags":[439,18,19,2837,70,3046,155,743,3047,3048,710,3049,3050,727],"class_list":["post-38461","post","type-post","status-publish","format-standard","has-post-thumbnail","hentry","category-mon-collegial","tag-acne","tag-cofb","tag-collegi-de-farmaceutics-de-barcelona","tag-dermoexpert","tag-formacio","tag-forum","tag-forum-dermoexpert","tag-microbioma","tag-patologies-cutanies","tag-patologies-dermatologiques","tag-pell","tag-pells-atopiques","tag-productes-cosmetics","tag-vocalia-de-dermofarmacia-i-productes-sanitaris"],"yoast_head":"<!-- This site is optimized with the Yoast SEO plugin v22.4 - https:\/\/yoast.com\/wordpress\/plugins\/seo\/ -->\n<title>El microbioma de la pell: tema principal del tercer F\u00f2rum Dermoexpert - Col\u00b7legi de Farmac\u00e8utics de Barcelona<\/title>\n<meta name=\"description\" content=\"El tercer F\u00f2rum Dermoexpert del curs 2017 - 2018, que es va celebrar el passat 11 d&#039;abril, va tenir com a tema principal el microbioma de la pell.\" \/>\n<meta name=\"robots\" content=\"index, follow, max-snippet:-1, max-image-preview:large, max-video-preview:-1\" \/>\n<link rel=\"canonical\" href=\"https:\/\/novaorg.cofb.net\/2018\/04\/16\/el-microbioma-de-la-pell-tema-principal-del-tercer-forum-dermoexpert\/\" \/>\n<meta property=\"og:locale\" content=\"ca_ES\" \/>\n<meta property=\"og:type\" content=\"article\" \/>\n<meta property=\"og:title\" content=\"El microbioma de la pell: tema principal del tercer F\u00f2rum Dermoexpert - Col\u00b7legi de Farmac\u00e8utics de Barcelona\" \/>\n<meta property=\"og:description\" content=\"El tercer F\u00f2rum Dermoexpert del curs 2017 - 2018, que es va celebrar el passat 11 d&#039;abril, va tenir com a tema principal el microbioma de la pell.\" \/>\n<meta property=\"og:url\" content=\"https:\/\/novaorg.cofb.net\/2018\/04\/16\/el-microbioma-de-la-pell-tema-principal-del-tercer-forum-dermoexpert\/\" \/>\n<meta property=\"og:site_name\" content=\"Col\u00b7legi de Farmac\u00e8utics de Barcelona\" \/>\n<meta property=\"article:publisher\" content=\"https:\/\/www.facebook.com\/farmaceuticsbcn\/\" \/>\n<meta property=\"article:published_time\" content=\"2018-04-16T16:08:06+00:00\" \/>\n<meta name=\"author\" content=\"wpAdminCofbOrg\" \/>\n<meta name=\"twitter:card\" content=\"summary_large_image\" \/>\n<meta name=\"twitter:creator\" content=\"@farmaceuticsbcn\" \/>\n<meta name=\"twitter:site\" content=\"@farmaceuticsbcn\" \/>\n<meta name=\"twitter:label1\" content=\"Escrit per\" \/>\n\t<meta name=\"twitter:data1\" content=\"wpAdminCofbOrg\" \/>\n\t<meta name=\"twitter:label2\" content=\"Temps estimat de lectura\" \/>\n\t<meta name=\"twitter:data2\" content=\"4 minuts\" \/>\n<script type=\"application\/ld+json\" class=\"yoast-schema-graph\">{\"@context\":\"https:\/\/schema.org\",\"@graph\":[{\"@type\":\"Article\",\"@id\":\"https:\/\/novaorg.cofb.net\/2018\/04\/16\/el-microbioma-de-la-pell-tema-principal-del-tercer-forum-dermoexpert\/#article\",\"isPartOf\":{\"@id\":\"https:\/\/novaorg.cofb.net\/2018\/04\/16\/el-microbioma-de-la-pell-tema-principal-del-tercer-forum-dermoexpert\/\"},\"author\":{\"name\":\"wpAdminCofbOrg\",\"@id\":\"https:\/\/www.cofb.org\/#\/schema\/person\/22ed7eea88da74b0fa4d3154ad87ffcb\"},\"headline\":\"El microbioma de la pell: tema principal del tercer F\u00f2rum Dermoexpert\",\"datePublished\":\"2018-04-16T16:08:06+00:00\",\"dateModified\":\"2018-04-16T16:08:06+00:00\",\"mainEntityOfPage\":{\"@id\":\"https:\/\/novaorg.cofb.net\/2018\/04\/16\/el-microbioma-de-la-pell-tema-principal-del-tercer-forum-dermoexpert\/\"},\"wordCount\":878,\"commentCount\":0,\"publisher\":{\"@id\":\"https:\/\/www.cofb.org\/#organization\"},\"image\":{\"@id\":\"https:\/\/novaorg.cofb.net\/2018\/04\/16\/el-microbioma-de-la-pell-tema-principal-del-tercer-forum-dermoexpert\/#primaryimage\"},\"thumbnailUrl\":\"\",\"keywords\":[\"acne\",\"COFB\",\"Col\u00b7legi de Farmac\u00e8utics de Barcelona\",\"DermoExpert\",\"Formaci\u00f3\",\"f\u00f2rum\",\"f\u00f2rum dermoexpert\",\"microbioma\",\"patologies cut\u00e0nies\",\"patologies dermatol\u00f2giques\",\"pell\",\"pells at\u00f2piques\",\"productes cosm\u00e8tics\",\"Vocalia de Dermofarm\u00e0cia i Productes Sanitaris\"],\"articleSection\":[\"M\u00f3n col\u00b7legial\"],\"inLanguage\":\"ca\",\"potentialAction\":[{\"@type\":\"CommentAction\",\"name\":\"Comment\",\"target\":[\"https:\/\/novaorg.cofb.net\/2018\/04\/16\/el-microbioma-de-la-pell-tema-principal-del-tercer-forum-dermoexpert\/#respond\"]}]},{\"@type\":\"WebPage\",\"@id\":\"https:\/\/novaorg.cofb.net\/2018\/04\/16\/el-microbioma-de-la-pell-tema-principal-del-tercer-forum-dermoexpert\/\",\"url\":\"https:\/\/novaorg.cofb.net\/2018\/04\/16\/el-microbioma-de-la-pell-tema-principal-del-tercer-forum-dermoexpert\/\",\"name\":\"El microbioma de la pell: tema principal del tercer F\u00f2rum Dermoexpert - Col\u00b7legi de Farmac\u00e8utics de Barcelona\",\"isPartOf\":{\"@id\":\"https:\/\/www.cofb.org\/#website\"},\"primaryImageOfPage\":{\"@id\":\"https:\/\/novaorg.cofb.net\/2018\/04\/16\/el-microbioma-de-la-pell-tema-principal-del-tercer-forum-dermoexpert\/#primaryimage\"},\"image\":{\"@id\":\"https:\/\/novaorg.cofb.net\/2018\/04\/16\/el-microbioma-de-la-pell-tema-principal-del-tercer-forum-dermoexpert\/#primaryimage\"},\"thumbnailUrl\":\"\",\"datePublished\":\"2018-04-16T16:08:06+00:00\",\"dateModified\":\"2018-04-16T16:08:06+00:00\",\"description\":\"El tercer F\u00f2rum Dermoexpert del curs 2017 - 2018, que es va celebrar el passat 11 d'abril, va tenir com a tema principal el microbioma de la pell.\",\"breadcrumb\":{\"@id\":\"https:\/\/novaorg.cofb.net\/2018\/04\/16\/el-microbioma-de-la-pell-tema-principal-del-tercer-forum-dermoexpert\/#breadcrumb\"},\"inLanguage\":\"ca\",\"potentialAction\":[{\"@type\":\"ReadAction\",\"target\":[\"https:\/\/novaorg.cofb.net\/2018\/04\/16\/el-microbioma-de-la-pell-tema-principal-del-tercer-forum-dermoexpert\/\"]}]},{\"@type\":\"ImageObject\",\"inLanguage\":\"ca\",\"@id\":\"https:\/\/novaorg.cofb.net\/2018\/04\/16\/el-microbioma-de-la-pell-tema-principal-del-tercer-forum-dermoexpert\/#primaryimage\",\"url\":\"\",\"contentUrl\":\"\"},{\"@type\":\"BreadcrumbList\",\"@id\":\"https:\/\/novaorg.cofb.net\/2018\/04\/16\/el-microbioma-de-la-pell-tema-principal-del-tercer-forum-dermoexpert\/#breadcrumb\",\"itemListElement\":[{\"@type\":\"ListItem\",\"position\":1,\"name\":\"Inici\",\"item\":\"https:\/\/novaorg.cofb.net\/\"},{\"@type\":\"ListItem\",\"position\":2,\"name\":\"El microbioma de la pell: tema principal del tercer F\u00f2rum Dermoexpert\"}]},{\"@type\":\"WebSite\",\"@id\":\"https:\/\/www.cofb.org\/#website\",\"url\":\"https:\/\/www.cofb.org\/\",\"name\":\"Col\u00b7legi de Farmac\u00e8utics de Barcelona\",\"description\":\"\",\"publisher\":{\"@id\":\"https:\/\/www.cofb.org\/#organization\"},\"potentialAction\":[{\"@type\":\"SearchAction\",\"target\":{\"@type\":\"EntryPoint\",\"urlTemplate\":\"https:\/\/www.cofb.org\/?s={search_term_string}\"},\"query-input\":\"required name=search_term_string\"}],\"inLanguage\":\"ca\"},{\"@type\":\"Organization\",\"@id\":\"https:\/\/www.cofb.org\/#organization\",\"name\":\"Col\u00b7legi de Farmac\u00e8utics de Barcelona\",\"url\":\"https:\/\/www.cofb.org\/\",\"logo\":{\"@type\":\"ImageObject\",\"inLanguage\":\"ca\",\"@id\":\"https:\/\/www.cofb.org\/#\/schema\/logo\/image\/\",\"url\":\"https:\/\/www.cofb.org\/wp-content\/uploads\/2023\/11\/cropped-Logotip-COFB.png\",\"contentUrl\":\"https:\/\/www.cofb.org\/wp-content\/uploads\/2023\/11\/cropped-Logotip-COFB.png\",\"width\":500,\"height\":105,\"caption\":\"Col\u00b7legi de Farmac\u00e8utics de Barcelona\"},\"image\":{\"@id\":\"https:\/\/www.cofb.org\/#\/schema\/logo\/image\/\"},\"sameAs\":[\"https:\/\/www.facebook.com\/farmaceuticsbcn\/\",\"https:\/\/twitter.com\/farmaceuticsbcn\",\"https:\/\/www.instagram.com\/farmaceuticsbcn\/\",\"https:\/\/www.linkedin.com\/company\/farmaceuticsbcn\/\"]},{\"@type\":\"Person\",\"@id\":\"https:\/\/www.cofb.org\/#\/schema\/person\/22ed7eea88da74b0fa4d3154ad87ffcb\",\"name\":\"wpAdminCofbOrg\",\"image\":{\"@type\":\"ImageObject\",\"inLanguage\":\"ca\",\"@id\":\"https:\/\/www.cofb.org\/#\/schema\/person\/image\/\",\"url\":\"https:\/\/secure.gravatar.com\/avatar\/1721b20b3b8ca882c3b56ec6c978c594fff670e40c0718e9190eaeeb76aae7d8?s=96&d=mm&r=g\",\"contentUrl\":\"https:\/\/secure.gravatar.com\/avatar\/1721b20b3b8ca882c3b56ec6c978c594fff670e40c0718e9190eaeeb76aae7d8?s=96&d=mm&r=g\",\"caption\":\"wpAdminCofbOrg\"},\"sameAs\":[\"http:\/\/192.168.64.122\/wordpress\"],\"url\":\"https:\/\/www.cofb.org\/ca\/author\/wpadmincofborg\/\"}]}<\/script>\n<!-- \/ Yoast SEO plugin. -->","yoast_head_json":{"title":"El microbioma de la pell: tema principal del tercer F\u00f2rum Dermoexpert - Col\u00b7legi de Farmac\u00e8utics de Barcelona","description":"El tercer F\u00f2rum Dermoexpert del curs 2017 - 2018, que es va celebrar el passat 11 d'abril, va tenir com a tema principal el microbioma de la pell.","robots":{"index":"index","follow":"follow","max-snippet":"max-snippet:-1","max-image-preview":"max-image-preview:large","max-video-preview":"max-video-preview:-1"},"canonical":"https:\/\/novaorg.cofb.net\/2018\/04\/16\/el-microbioma-de-la-pell-tema-principal-del-tercer-forum-dermoexpert\/","og_locale":"ca_ES","og_type":"article","og_title":"El microbioma de la pell: tema principal del tercer F\u00f2rum Dermoexpert - Col\u00b7legi de Farmac\u00e8utics de Barcelona","og_description":"El tercer F\u00f2rum Dermoexpert del curs 2017 - 2018, que es va celebrar el passat 11 d'abril, va tenir com a tema principal el microbioma de la pell.","og_url":"https:\/\/novaorg.cofb.net\/2018\/04\/16\/el-microbioma-de-la-pell-tema-principal-del-tercer-forum-dermoexpert\/","og_site_name":"Col\u00b7legi de Farmac\u00e8utics de Barcelona","article_publisher":"https:\/\/www.facebook.com\/farmaceuticsbcn\/","article_published_time":"2018-04-16T16:08:06+00:00","author":"wpAdminCofbOrg","twitter_card":"summary_large_image","twitter_creator":"@farmaceuticsbcn","twitter_site":"@farmaceuticsbcn","twitter_misc":{"Escrit per":"wpAdminCofbOrg","Temps estimat de lectura":"4 minuts"},"schema":{"@context":"https:\/\/schema.org","@graph":[{"@type":"Article","@id":"https:\/\/novaorg.cofb.net\/2018\/04\/16\/el-microbioma-de-la-pell-tema-principal-del-tercer-forum-dermoexpert\/#article","isPartOf":{"@id":"https:\/\/novaorg.cofb.net\/2018\/04\/16\/el-microbioma-de-la-pell-tema-principal-del-tercer-forum-dermoexpert\/"},"author":{"name":"wpAdminCofbOrg","@id":"https:\/\/www.cofb.org\/#\/schema\/person\/22ed7eea88da74b0fa4d3154ad87ffcb"},"headline":"El microbioma de la pell: tema principal del tercer F\u00f2rum Dermoexpert","datePublished":"2018-04-16T16:08:06+00:00","dateModified":"2018-04-16T16:08:06+00:00","mainEntityOfPage":{"@id":"https:\/\/novaorg.cofb.net\/2018\/04\/16\/el-microbioma-de-la-pell-tema-principal-del-tercer-forum-dermoexpert\/"},"wordCount":878,"commentCount":0,"publisher":{"@id":"https:\/\/www.cofb.org\/#organization"},"image":{"@id":"https:\/\/novaorg.cofb.net\/2018\/04\/16\/el-microbioma-de-la-pell-tema-principal-del-tercer-forum-dermoexpert\/#primaryimage"},"thumbnailUrl":"","keywords":["acne","COFB","Col\u00b7legi de Farmac\u00e8utics de Barcelona","DermoExpert","Formaci\u00f3","f\u00f2rum","f\u00f2rum dermoexpert","microbioma","patologies cut\u00e0nies","patologies dermatol\u00f2giques","pell","pells at\u00f2piques","productes cosm\u00e8tics","Vocalia de Dermofarm\u00e0cia i Productes Sanitaris"],"articleSection":["M\u00f3n col\u00b7legial"],"inLanguage":"ca","potentialAction":[{"@type":"CommentAction","name":"Comment","target":["https:\/\/novaorg.cofb.net\/2018\/04\/16\/el-microbioma-de-la-pell-tema-principal-del-tercer-forum-dermoexpert\/#respond"]}]},{"@type":"WebPage","@id":"https:\/\/novaorg.cofb.net\/2018\/04\/16\/el-microbioma-de-la-pell-tema-principal-del-tercer-forum-dermoexpert\/","url":"https:\/\/novaorg.cofb.net\/2018\/04\/16\/el-microbioma-de-la-pell-tema-principal-del-tercer-forum-dermoexpert\/","name":"El microbioma de la pell: tema principal del tercer F\u00f2rum Dermoexpert - Col\u00b7legi de Farmac\u00e8utics de Barcelona","isPartOf":{"@id":"https:\/\/www.cofb.org\/#website"},"primaryImageOfPage":{"@id":"https:\/\/novaorg.cofb.net\/2018\/04\/16\/el-microbioma-de-la-pell-tema-principal-del-tercer-forum-dermoexpert\/#primaryimage"},"image":{"@id":"https:\/\/novaorg.cofb.net\/2018\/04\/16\/el-microbioma-de-la-pell-tema-principal-del-tercer-forum-dermoexpert\/#primaryimage"},"thumbnailUrl":"","datePublished":"2018-04-16T16:08:06+00:00","dateModified":"2018-04-16T16:08:06+00:00","description":"El tercer F\u00f2rum Dermoexpert del curs 2017 - 2018, que es va celebrar el passat 11 d'abril, va tenir com a tema principal el microbioma de la pell.","breadcrumb":{"@id":"https:\/\/novaorg.cofb.net\/2018\/04\/16\/el-microbioma-de-la-pell-tema-principal-del-tercer-forum-dermoexpert\/#breadcrumb"},"inLanguage":"ca","potentialAction":[{"@type":"ReadAction","target":["https:\/\/novaorg.cofb.net\/2018\/04\/16\/el-microbioma-de-la-pell-tema-principal-del-tercer-forum-dermoexpert\/"]}]},{"@type":"ImageObject","inLanguage":"ca","@id":"https:\/\/novaorg.cofb.net\/2018\/04\/16\/el-microbioma-de-la-pell-tema-principal-del-tercer-forum-dermoexpert\/#primaryimage","url":"","contentUrl":""},{"@type":"BreadcrumbList","@id":"https:\/\/novaorg.cofb.net\/2018\/04\/16\/el-microbioma-de-la-pell-tema-principal-del-tercer-forum-dermoexpert\/#breadcrumb","itemListElement":[{"@type":"ListItem","position":1,"name":"Inici","item":"https:\/\/novaorg.cofb.net\/"},{"@type":"ListItem","position":2,"name":"El microbioma de la pell: tema principal del tercer F\u00f2rum Dermoexpert"}]},{"@type":"WebSite","@id":"https:\/\/www.cofb.org\/#website","url":"https:\/\/www.cofb.org\/","name":"Col\u00b7legi de Farmac\u00e8utics de Barcelona","description":"","publisher":{"@id":"https:\/\/www.cofb.org\/#organization"},"potentialAction":[{"@type":"SearchAction","target":{"@type":"EntryPoint","urlTemplate":"https:\/\/www.cofb.org\/?s={search_term_string}"},"query-input":"required name=search_term_string"}],"inLanguage":"ca"},{"@type":"Organization","@id":"https:\/\/www.cofb.org\/#organization","name":"Col\u00b7legi de Farmac\u00e8utics de Barcelona","url":"https:\/\/www.cofb.org\/","logo":{"@type":"ImageObject","inLanguage":"ca","@id":"https:\/\/www.cofb.org\/#\/schema\/logo\/image\/","url":"https:\/\/www.cofb.org\/wp-content\/uploads\/2023\/11\/cropped-Logotip-COFB.png","contentUrl":"https:\/\/www.cofb.org\/wp-content\/uploads\/2023\/11\/cropped-Logotip-COFB.png","width":500,"height":105,"caption":"Col\u00b7legi de Farmac\u00e8utics de Barcelona"},"image":{"@id":"https:\/\/www.cofb.org\/#\/schema\/logo\/image\/"},"sameAs":["https:\/\/www.facebook.com\/farmaceuticsbcn\/","https:\/\/twitter.com\/farmaceuticsbcn","https:\/\/www.instagram.com\/farmaceuticsbcn\/","https:\/\/www.linkedin.com\/company\/farmaceuticsbcn\/"]},{"@type":"Person","@id":"https:\/\/www.cofb.org\/#\/schema\/person\/22ed7eea88da74b0fa4d3154ad87ffcb","name":"wpAdminCofbOrg","image":{"@type":"ImageObject","inLanguage":"ca","@id":"https:\/\/www.cofb.org\/#\/schema\/person\/image\/","url":"https:\/\/secure.gravatar.com\/avatar\/1721b20b3b8ca882c3b56ec6c978c594fff670e40c0718e9190eaeeb76aae7d8?s=96&d=mm&r=g","contentUrl":"https:\/\/secure.gravatar.com\/avatar\/1721b20b3b8ca882c3b56ec6c978c594fff670e40c0718e9190eaeeb76aae7d8?s=96&d=mm&r=g","caption":"wpAdminCofbOrg"},"sameAs":["http:\/\/192.168.64.122\/wordpress"],"url":"https:\/\/www.cofb.org\/ca\/author\/wpadmincofborg\/"}]}},"uagb_featured_image_src":{"full":false,"thumbnail":false,"medium":false,"medium_large":false,"large":false,"1536x1536":false,"2048x2048":false,"trp-custom-language-flag":false},"uagb_author_info":{"display_name":"wpAdminCofbOrg","author_link":"https:\/\/www.cofb.org\/ca\/author\/wpadmincofborg\/"},"uagb_comment_info":0,"uagb_excerpt":"El tercer F\u00f2rum Dermoexpert del curs 2017 &#8211; 2018, que es va celebrar el passat 11 d&#8217;abril, va tenir com a tema principal el microbioma de la pell. L&#8217;acte va comptar amb les aportacions de Mercedes Abarquero, farmac\u00e8utica i responsable cient\u00edfica de Laboratorios Vichy; Mercedes Berlanga, professora del Departament de [&hellip;]","_links":{"self":[{"href":"https:\/\/www.cofb.org\/ca\/wp-json\/wp\/v2\/posts\/38461","targetHints":{"allow":["GET"]}}],"collection":[{"href":"https:\/\/www.cofb.org\/ca\/wp-json\/wp\/v2\/posts"}],"about":[{"href":"https:\/\/www.cofb.org\/ca\/wp-json\/wp\/v2\/types\/post"}],"author":[{"embeddable":true,"href":"https:\/\/www.cofb.org\/ca\/wp-json\/wp\/v2\/users\/1"}],"replies":[{"embeddable":true,"href":"https:\/\/www.cofb.org\/ca\/wp-json\/wp\/v2\/comments?post=38461"}],"version-history":[{"count":0,"href":"https:\/\/www.cofb.org\/ca\/wp-json\/wp\/v2\/posts\/38461\/revisions"}],"wp:featuredmedia":[{"embeddable":true,"href":"https:\/\/www.cofb.org\/ca\/wp-json\/"}],"wp:attachment":[{"href":"https:\/\/www.cofb.org\/ca\/wp-json\/wp\/v2\/media?parent=38461"}],"wp:term":[{"taxonomy":"category","embeddable":true,"href":"https:\/\/www.cofb.org\/ca\/wp-json\/wp\/v2\/categories?post=38461"},{"taxonomy":"post_tag","embeddable":true,"href":"https:\/\/www.cofb.org\/ca\/wp-json\/wp\/v2\/tags?post=38461"}],"curies":[{"name":"wp","href":"https:\/\/api.w.org\/{rel}","templated":true}]}}