{"id":38327,"date":"2018-04-10T15:18:50","date_gmt":"2018-04-10T13:18:50","guid":{"rendered":"https:\/\/blog.cofb.cat\/?p=38327"},"modified":"2018-04-10T15:18:50","modified_gmt":"2018-04-10T13:18:50","slug":"campanya-atenciodiabetis-present-diabetes-experience-day","status":"publish","type":"post","link":"https:\/\/www.cofb.org\/ca\/2018\/04\/10\/campanya-atenciodiabetis-present-diabetes-experience-day\/","title":{"rendered":"La campanya #Atenci\u00f3Diabetis present al Diabetes Experience Day"},"content":{"rendered":"<p>El passat 7 d&#8217;abril,<a href=\"https:\/\/blog.cofb.cat\/mes-de-700-farmaceutics-de-barcelona-ajudaran-detectar-el-risc-de-patir-diabetis-la-campanya-atenciodiabetis\/\" target=\"_blank\" rel=\"noopener\"><strong> la campanya #Atenci\u00f3Diabetis\u00a0impulsada pel\u00a0COFB<\/strong><\/a>, va tenir al seu espai al\u00a0<a href=\"http:\/\/www.diabetesexperienceday.com\/\" target=\"_blank\" rel=\"noopener\"><strong>Diabetes\u00a0Experience\u00a0Day\u00a02018<\/strong><\/a> celebrat aquest any al Palau de Congressos de la Fira de Barcelona. Aquest <strong>esdeveniment, ja de refer\u00e8ncia\u00a0en l&#8217;\u00e0mbit europeu\u00a0per les persones amb diabetis, va reunir a 1.500 assistents<\/strong> vinculats a aquesta patologia -persones amb diabetis, familiars, ind\u00fastria, professionals sanitaris, administraci\u00f3 p\u00fablica a m\u00e9s de la pres\u00e8ncia per primera vegada d&#8217;una instituci\u00f3\u00a0col\u00b7legial\u00a0farmac\u00e8utica com el\u00a0COFB-.<\/p>\n<figure id=\"attachment_38530\" aria-describedby=\"caption-attachment-38530\" style=\"width: 620px\" class=\"wp-caption aligncenter\"><a href=\"https:\/\/blog.cofb.cat\/wp-content\/uploads\/2018\/04\/DED_04.jpg\"><img fetchpriority=\"high\" decoding=\"async\" class=\"wp-image-38530 size-large\" title=\"1.500 persones van omplir el Palau de Congressos de la Fira de Barcelona amb motiu del Diabetes Experience Day.\" src=\"https:\/\/blog.cofb.cat\/wp-content\/uploads\/2018\/04\/DED_04-1024x682.jpg\" alt=\"1.500 persones van omplir el Palau de Congressos de la Fira de Barcelona amb motiu del Diabetes Experience Day.\" width=\"620\" height=\"413\" \/><\/a><figcaption id=\"caption-attachment-38530\" class=\"wp-caption-text\">1.500 persones van omplir el Palau de Congressos de la Fira de Barcelona amb motiu del Diabetes Experience Day.<\/figcaption><\/figure>\n<h1><strong>L&#8217;abast de la campanya #Atenci\u00f3Diabetis<\/strong><\/h1>\n<p><span class=\"hiddenSpellError\">Guillermo<\/span>\u00a0<span class=\"hiddenSpellError\">Bagaria<\/span>, vicetresorer i responsable d\u2019Atenci\u00f3 Farmac\u00e8utica del\u00a0<span class=\"hiddenSpellError\">Col\u00b7legi<\/span>, va ser l&#8217;encarregat d&#8217;explicar l&#8217;abast i els objectius del projecte.\u00a0Emmarcada\u00a0la seva intervenci\u00f3 en un format d&#8217;entrevista sota el t\u00edtol <strong>&#8220;El papel del farmac\u00e9utico en diabetes&#8221;<\/strong>, va compartir que, en primer lloc, aprofitant la\u00a0<strong>capil\u00b7laritat\u00a0i la proximitat del farmac\u00e8utic<\/strong> a la possible persona amb diabetis, es pretenia esbrinar si a la farm\u00e0cia &#8220;hi cabia un <strong>escenari de prevenci\u00f3 respecte als pacients que visitaven la farm\u00e0cia\u00a0quant a\u00a0la diabetis o\u00a0<span class=\"hiddenSpellError\">prediabetis<\/span><\/strong>&#8220;.<\/p>\n<figure id=\"attachment_38529\" aria-describedby=\"caption-attachment-38529\" style=\"width: 620px\" class=\"wp-caption aligncenter\"><a href=\"https:\/\/blog.cofb.cat\/wp-content\/uploads\/2018\/04\/DED_01.jpg\"><img decoding=\"async\" class=\"wp-image-38529 size-large\" title=\"Guillermo\u00a0Bagaria en un moment de la seva intervenci\u00f3 al Diabetes Experience Day.\" src=\"https:\/\/blog.cofb.cat\/wp-content\/uploads\/2018\/04\/DED_01-1024x682.jpg\" alt=\"Guillermo\u00a0Bagaria en un moment de la seva intervenci\u00f3 al Diabetes Experience Day.\" width=\"620\" height=\"413\" \/><\/a><figcaption id=\"caption-attachment-38529\" class=\"wp-caption-text\">Guillermo\u00a0Bagaria en un moment de la seva intervenci\u00f3 al Diabetes Experience Day.<\/figcaption><\/figure>\n<p>A m\u00e9s, es pretenia &#8220;<strong>validar una s\u00e8rie de q\u00fcestionaris que ens permetessin tamb\u00e9 traslladar informaci\u00f3 a l&#8217;usuari<\/strong>&#8220;.\u00a0A escala quantitativa,\u00a0<span class=\"hiddenSpellError\">Bagaria<\/span>\u00a0va qualificar #<span class=\"hiddenSpellError\">Atenci\u00f3Diabetis<\/span>\u00a0com un <strong>&#8220;gran \u00e8xit de participaci\u00f3&#8221; tant\u00a0en l&#8217;\u00e0mbit de\u00a0farm\u00e0cies volunt\u00e0ries implicades com d&#8217;usuaris<\/strong>.<\/p>\n<div class=\"box info\"><\/p>\n<h2><strong>Primeres dades preliminars de la campanya #Atenci\u00f3Diabetis:<\/strong><\/h2>\n<ul>\n<li>Van participar<strong> 322 farm\u00e0cies<\/strong> de la prov\u00edncia de Barcelona.<\/li>\n<li><strong>801 farmac\u00e8utics<\/strong>.<\/li>\n<li><strong>2354 usuaris<\/strong> assolits.<\/li>\n<li>Un <strong>20%<\/strong> van tenir valors <strong>compatibles amb prediabetis<\/strong>.<\/li>\n<li>Un <strong>8,75% amb diabetis<\/strong>.<\/li>\n<\/ul>\n<p><\/div>\n<p>Tamb\u00e9 va destacar <strong>la rellev\u00e0ncia del fet que ha estat una intervenci\u00f3 conjunta, consensuada i elaborada juntament amb altres actors rellevants<\/strong> com l&#8217;Ag\u00e8ncia de Salut P\u00fablica de Catalunya (<span class=\"hiddenSpellError\">ASPCAT<\/span>), la Societat Catalana de Medicina Familiar i Comunit\u00e0ria (<span class=\"hiddenSpellError\">CAMFiC<\/span>), l&#8217;Associaci\u00f3 Catalana de Diabetis, l&#8217;Associaci\u00f3 de Diab\u00e8tics de Catalunya (<span class=\"hiddenSpellError\">Adc<\/span>) i l&#8217;Associaci\u00f3 d&#8217;Infermeria Familiar i Comunit\u00e0ria de Catalunya (<span class=\"hiddenSpellError\">AIFiCC<\/span>).<\/p>\n<h1><strong>El paper del farmac\u00e8utic en la diabetis<\/strong><\/h1>\n<p>Bagaria va posar de manifest <strong>la capacitat del farmac\u00e8utic per passar a tenir un paper m\u00e9s actiu<\/strong>, m\u00e9s enll\u00e0 de la tradicional dispensaci\u00f3 del medicament. En aquesta l\u00ednia, considera que el fet que el professional \u201cpugui <strong>q\u00fcestionar a l&#8217;usuari sobre certs aspectes i que li pugui oferir informaci\u00f3 de cara a prevenir un possible problema de salut<\/strong>, \u00e9s quelcom pel que val la pena apostar\u201d. Va incidir especialment en el <strong>potencial del farmac\u00e8utic com a aliat a l&#8217;educaci\u00f3 en diversos aspectes de la salut<\/strong>, i de com els tests realitzats als usuaris i la informaci\u00f3 addicional que se&#8217;ls hi facilitava, centrada en els h\u00e0bits saludables, poden <strong>ajudar en la prevenci\u00f3 de la patologia<\/strong>. Per finalitzar, va afegir que, com a professional especialista en el medicament, es pot tenir &#8220;un <strong>paper important en l&#8217;acompanyament de la persona diagnosticada per garantir l&#8217;adher\u00e8ncia al tractament i l&#8217;\u00fas racional i adequat dels medicaments<\/strong>&#8220;.<\/p>\n<p>Podeu <strong>reviure l&#8217;entrevista<\/strong> amb en Guillermo Bagaria aqu\u00ed:<\/p>\n<div class=\"ast-oembed-container \" style=\"height: 100%;\"><iframe title=\"Diabetes Experience Day 5: Guillermo Bagar\u00eda\" width=\"500\" height=\"281\" src=\"https:\/\/www.youtube.com\/embed\/bek-CglQC_A?feature=oembed\" frameborder=\"0\" allow=\"accelerometer; autoplay; clipboard-write; encrypted-media; gyroscope; picture-in-picture; web-share\" referrerpolicy=\"strict-origin-when-cross-origin\" allowfullscreen><\/iframe><\/div>\n<p><strong>Altres publicacions relacionades recollides al Blog:<br \/>\n<\/strong><\/p>\n<ul>\n<li><a href=\"https:\/\/blog.cofb.cat\/mes-de-700-farmaceutics-de-barcelona-ajudaran-detectar-el-risc-de-patir-diabetis-la-campanya-atenciodiabetis\" target=\"_blank\" rel=\"noopener\">M\u00e9s de 700 farmac\u00e8utics de Barcelona ajuden a detectar el risc de patir diabetis a la campanya #Atenci\u00f3Diabetis (Novembre 2017)<\/a><\/li>\n<li><a href=\"http:\/\/blog.cofb.cat\/diabetis-puc-fer-alguna-cosa-per-prevenir-la\/\" target=\"_blank\" rel=\"noopener\">Diabetis: puc fer alguna cosa per prevenir-la (Novembre 2017)<\/a><\/li>\n<li><a href=\"https:\/\/blog.cofb.cat\/diabetis-malaltia-cardiovascular-mes-enlla-control-glucemia\/\" target=\"_blank\" rel=\"noopener\">Diabetis i malaltia cardiovascular: m\u00e9s enll\u00e0 del control de la gluc\u00e8mia (Febrer 2018).<\/a><\/li>\n<\/ul>\n","protected":false},"excerpt":{"rendered":"<p>El passat 7 d&#8217;abril, la campanya #Atenci\u00f3Diabetis\u00a0impulsada pel\u00a0COFB, va tenir al seu espai al\u00a0Diabetes\u00a0Experience\u00a0Day\u00a02018 celebrat aquest any al Palau de Congressos de la Fira de Barcelona. Aquest esdeveniment, ja de refer\u00e8ncia\u00a0en l&#8217;\u00e0mbit europeu\u00a0per les persones amb diabetis, va reunir a 1.500 assistents vinculats a aquesta patologia -persones amb diabetis, familiars, [&hellip;]<\/p>\n","protected":false},"author":1,"featured_media":38329,"comment_status":"open","ping_status":"open","sticky":false,"template":"","format":"standard","meta":{"_uag_custom_page_level_css":"","site-sidebar-layout":"default","site-content-layout":"","ast-site-content-layout":"default","site-content-style":"default","site-sidebar-style":"default","ast-global-header-display":"","ast-banner-title-visibility":"","ast-main-header-display":"","ast-hfb-above-header-display":"","ast-hfb-below-header-display":"","ast-hfb-mobile-header-display":"","site-post-title":"","ast-breadcrumbs-content":"","ast-featured-img":"disabled","footer-sml-layout":"","theme-transparent-header-meta":"","adv-header-id-meta":"","stick-header-meta":"","header-above-stick-meta":"","header-main-stick-meta":"","header-below-stick-meta":"","astra-migrate-meta-layouts":"default","ast-page-background-enabled":"default","ast-page-background-meta":{"desktop":{"background-color":"var(--ast-global-color-4)","background-image":"","background-repeat":"repeat","background-position":"center center","background-size":"auto","background-attachment":"scroll","background-type":"","background-media":"","overlay-type":"","overlay-color":"","overlay-opacity":"","overlay-gradient":""},"tablet":{"background-color":"","background-image":"","background-repeat":"repeat","background-position":"center center","background-size":"auto","background-attachment":"scroll","background-type":"","background-media":"","overlay-type":"","overlay-color":"","overlay-opacity":"","overlay-gradient":""},"mobile":{"background-color":"","background-image":"","background-repeat":"repeat","background-position":"center center","background-size":"auto","background-attachment":"scroll","background-type":"","background-media":"","overlay-type":"","overlay-color":"","overlay-opacity":"","overlay-gradient":""}},"ast-content-background-meta":{"desktop":{"background-color":"var(--ast-global-color-5)","background-image":"","background-repeat":"repeat","background-position":"center center","background-size":"auto","background-attachment":"scroll","background-type":"","background-media":"","overlay-type":"","overlay-color":"","overlay-opacity":"","overlay-gradient":""},"tablet":{"background-color":"var(--ast-global-color-5)","background-image":"","background-repeat":"repeat","background-position":"center center","background-size":"auto","background-attachment":"scroll","background-type":"","background-media":"","overlay-type":"","overlay-color":"","overlay-opacity":"","overlay-gradient":""},"mobile":{"background-color":"var(--ast-global-color-5)","background-image":"","background-repeat":"repeat","background-position":"center center","background-size":"auto","background-attachment":"scroll","background-type":"","background-media":"","overlay-type":"","overlay-color":"","overlay-opacity":"","overlay-gradient":""}},"footnotes":""},"categories":[23,57],"tags":[3039,2912,64,2936,3040,197,68,76,2914],"class_list":["post-38327","post","type-post","status-publish","format-standard","has-post-thumbnail","hentry","category-destacats","category-mon-collegial","tag-associacio-de-diabetics-de-catalunya","tag-atencio-diabetis","tag-atencio-farmaceutica","tag-campanya-prevencio-diabetis","tag-diabetes-experience-day","tag-diabetis","tag-farmacia","tag-oficina-de-farmacia","tag-prediabetis"],"yoast_head":"<!-- This site is optimized with the Yoast SEO plugin v22.4 - https:\/\/yoast.com\/wordpress\/plugins\/seo\/ -->\n<title>La campanya #Atenci\u00f3Diabetis present al Diabetes Experience Day - Col\u00b7legi de Farmac\u00e8utics de Barcelona<\/title>\n<meta name=\"robots\" content=\"index, follow, max-snippet:-1, max-image-preview:large, max-video-preview:-1\" \/>\n<link rel=\"canonical\" href=\"https:\/\/novaorg.cofb.net\/2018\/04\/10\/campanya-atenciodiabetis-present-diabetes-experience-day\/\" \/>\n<meta property=\"og:locale\" content=\"ca_ES\" \/>\n<meta property=\"og:type\" content=\"article\" \/>\n<meta property=\"og:title\" content=\"La campanya #Atenci\u00f3Diabetis present al Diabetes Experience Day - Col\u00b7legi de Farmac\u00e8utics de Barcelona\" \/>\n<meta property=\"og:description\" content=\"El passat 7 d&#8217;abril, la campanya #Atenci\u00f3Diabetis\u00a0impulsada pel\u00a0COFB, va tenir al seu espai al\u00a0Diabetes\u00a0Experience\u00a0Day\u00a02018 celebrat aquest any al Palau de Congressos de la Fira de Barcelona. Aquest esdeveniment, ja de refer\u00e8ncia\u00a0en l&#8217;\u00e0mbit europeu\u00a0per les persones amb diabetis, va reunir a 1.500 assistents vinculats a aquesta patologia -persones amb diabetis, familiars, [&hellip;]\" \/>\n<meta property=\"og:url\" content=\"https:\/\/novaorg.cofb.net\/2018\/04\/10\/campanya-atenciodiabetis-present-diabetes-experience-day\/\" \/>\n<meta property=\"og:site_name\" content=\"Col\u00b7legi de Farmac\u00e8utics de Barcelona\" \/>\n<meta property=\"article:publisher\" content=\"https:\/\/www.facebook.com\/farmaceuticsbcn\/\" \/>\n<meta property=\"article:published_time\" content=\"2018-04-10T13:18:50+00:00\" \/>\n<meta name=\"author\" content=\"wpAdminCofbOrg\" \/>\n<meta name=\"twitter:card\" content=\"summary_large_image\" \/>\n<meta name=\"twitter:creator\" content=\"@farmaceuticsbcn\" \/>\n<meta name=\"twitter:site\" content=\"@farmaceuticsbcn\" \/>\n<meta name=\"twitter:label1\" content=\"Escrit per\" \/>\n\t<meta name=\"twitter:data1\" content=\"wpAdminCofbOrg\" \/>\n\t<meta name=\"twitter:label2\" content=\"Temps estimat de lectura\" \/>\n\t<meta name=\"twitter:data2\" content=\"3 minuts\" \/>\n<script type=\"application\/ld+json\" class=\"yoast-schema-graph\">{\"@context\":\"https:\/\/schema.org\",\"@graph\":[{\"@type\":\"Article\",\"@id\":\"https:\/\/novaorg.cofb.net\/2018\/04\/10\/campanya-atenciodiabetis-present-diabetes-experience-day\/#article\",\"isPartOf\":{\"@id\":\"https:\/\/novaorg.cofb.net\/2018\/04\/10\/campanya-atenciodiabetis-present-diabetes-experience-day\/\"},\"author\":{\"name\":\"wpAdminCofbOrg\",\"@id\":\"https:\/\/www.cofb.org\/#\/schema\/person\/22ed7eea88da74b0fa4d3154ad87ffcb\"},\"headline\":\"La campanya #Atenci\u00f3Diabetis present al Diabetes Experience Day\",\"datePublished\":\"2018-04-10T13:18:50+00:00\",\"dateModified\":\"2018-04-10T13:18:50+00:00\",\"mainEntityOfPage\":{\"@id\":\"https:\/\/novaorg.cofb.net\/2018\/04\/10\/campanya-atenciodiabetis-present-diabetes-experience-day\/\"},\"wordCount\":628,\"commentCount\":1,\"publisher\":{\"@id\":\"https:\/\/www.cofb.org\/#organization\"},\"image\":{\"@id\":\"https:\/\/novaorg.cofb.net\/2018\/04\/10\/campanya-atenciodiabetis-present-diabetes-experience-day\/#primaryimage\"},\"thumbnailUrl\":\"\",\"keywords\":[\"Associaci\u00f3 de Diab\u00e8tics de Catalunya\",\"atenci\u00f3 diabetis\",\"Atenci\u00f3 farmac\u00e8utica\",\"campanya prevenci\u00f3 diabetis\",\"Diabetes Experience Day\",\"diabetis\",\"Farm\u00e0cia\",\"Oficina de farm\u00e0cia\",\"prediabetis\"],\"articleSection\":[\"Destacats\",\"M\u00f3n col\u00b7legial\"],\"inLanguage\":\"ca\",\"potentialAction\":[{\"@type\":\"CommentAction\",\"name\":\"Comment\",\"target\":[\"https:\/\/novaorg.cofb.net\/2018\/04\/10\/campanya-atenciodiabetis-present-diabetes-experience-day\/#respond\"]}]},{\"@type\":\"WebPage\",\"@id\":\"https:\/\/novaorg.cofb.net\/2018\/04\/10\/campanya-atenciodiabetis-present-diabetes-experience-day\/\",\"url\":\"https:\/\/novaorg.cofb.net\/2018\/04\/10\/campanya-atenciodiabetis-present-diabetes-experience-day\/\",\"name\":\"La campanya #Atenci\u00f3Diabetis present al Diabetes Experience Day - Col\u00b7legi de Farmac\u00e8utics de Barcelona\",\"isPartOf\":{\"@id\":\"https:\/\/www.cofb.org\/#website\"},\"primaryImageOfPage\":{\"@id\":\"https:\/\/novaorg.cofb.net\/2018\/04\/10\/campanya-atenciodiabetis-present-diabetes-experience-day\/#primaryimage\"},\"image\":{\"@id\":\"https:\/\/novaorg.cofb.net\/2018\/04\/10\/campanya-atenciodiabetis-present-diabetes-experience-day\/#primaryimage\"},\"thumbnailUrl\":\"\",\"datePublished\":\"2018-04-10T13:18:50+00:00\",\"dateModified\":\"2018-04-10T13:18:50+00:00\",\"breadcrumb\":{\"@id\":\"https:\/\/novaorg.cofb.net\/2018\/04\/10\/campanya-atenciodiabetis-present-diabetes-experience-day\/#breadcrumb\"},\"inLanguage\":\"ca\",\"potentialAction\":[{\"@type\":\"ReadAction\",\"target\":[\"https:\/\/novaorg.cofb.net\/2018\/04\/10\/campanya-atenciodiabetis-present-diabetes-experience-day\/\"]}]},{\"@type\":\"ImageObject\",\"inLanguage\":\"ca\",\"@id\":\"https:\/\/novaorg.cofb.net\/2018\/04\/10\/campanya-atenciodiabetis-present-diabetes-experience-day\/#primaryimage\",\"url\":\"\",\"contentUrl\":\"\"},{\"@type\":\"BreadcrumbList\",\"@id\":\"https:\/\/novaorg.cofb.net\/2018\/04\/10\/campanya-atenciodiabetis-present-diabetes-experience-day\/#breadcrumb\",\"itemListElement\":[{\"@type\":\"ListItem\",\"position\":1,\"name\":\"Inici\",\"item\":\"https:\/\/novaorg.cofb.net\/\"},{\"@type\":\"ListItem\",\"position\":2,\"name\":\"La campanya #Atenci\u00f3Diabetis present al Diabetes Experience Day\"}]},{\"@type\":\"WebSite\",\"@id\":\"https:\/\/www.cofb.org\/#website\",\"url\":\"https:\/\/www.cofb.org\/\",\"name\":\"Col\u00b7legi de Farmac\u00e8utics de Barcelona\",\"description\":\"\",\"publisher\":{\"@id\":\"https:\/\/www.cofb.org\/#organization\"},\"potentialAction\":[{\"@type\":\"SearchAction\",\"target\":{\"@type\":\"EntryPoint\",\"urlTemplate\":\"https:\/\/www.cofb.org\/?s={search_term_string}\"},\"query-input\":\"required name=search_term_string\"}],\"inLanguage\":\"ca\"},{\"@type\":\"Organization\",\"@id\":\"https:\/\/www.cofb.org\/#organization\",\"name\":\"Col\u00b7legi de Farmac\u00e8utics de Barcelona\",\"url\":\"https:\/\/www.cofb.org\/\",\"logo\":{\"@type\":\"ImageObject\",\"inLanguage\":\"ca\",\"@id\":\"https:\/\/www.cofb.org\/#\/schema\/logo\/image\/\",\"url\":\"https:\/\/www.cofb.org\/wp-content\/uploads\/2023\/11\/cropped-Logotip-COFB.png\",\"contentUrl\":\"https:\/\/www.cofb.org\/wp-content\/uploads\/2023\/11\/cropped-Logotip-COFB.png\",\"width\":500,\"height\":105,\"caption\":\"Col\u00b7legi de Farmac\u00e8utics de Barcelona\"},\"image\":{\"@id\":\"https:\/\/www.cofb.org\/#\/schema\/logo\/image\/\"},\"sameAs\":[\"https:\/\/www.facebook.com\/farmaceuticsbcn\/\",\"https:\/\/twitter.com\/farmaceuticsbcn\",\"https:\/\/www.instagram.com\/farmaceuticsbcn\/\",\"https:\/\/www.linkedin.com\/company\/farmaceuticsbcn\/\"]},{\"@type\":\"Person\",\"@id\":\"https:\/\/www.cofb.org\/#\/schema\/person\/22ed7eea88da74b0fa4d3154ad87ffcb\",\"name\":\"wpAdminCofbOrg\",\"image\":{\"@type\":\"ImageObject\",\"inLanguage\":\"ca\",\"@id\":\"https:\/\/www.cofb.org\/#\/schema\/person\/image\/\",\"url\":\"https:\/\/secure.gravatar.com\/avatar\/1721b20b3b8ca882c3b56ec6c978c594fff670e40c0718e9190eaeeb76aae7d8?s=96&d=mm&r=g\",\"contentUrl\":\"https:\/\/secure.gravatar.com\/avatar\/1721b20b3b8ca882c3b56ec6c978c594fff670e40c0718e9190eaeeb76aae7d8?s=96&d=mm&r=g\",\"caption\":\"wpAdminCofbOrg\"},\"sameAs\":[\"http:\/\/192.168.64.122\/wordpress\"],\"url\":\"https:\/\/www.cofb.org\/ca\/author\/wpadmincofborg\/\"}]}<\/script>\n<!-- \/ Yoast SEO plugin. -->","yoast_head_json":{"title":"La campanya #Atenci\u00f3Diabetis present al Diabetes Experience Day - Col\u00b7legi de Farmac\u00e8utics de Barcelona","robots":{"index":"index","follow":"follow","max-snippet":"max-snippet:-1","max-image-preview":"max-image-preview:large","max-video-preview":"max-video-preview:-1"},"canonical":"https:\/\/novaorg.cofb.net\/2018\/04\/10\/campanya-atenciodiabetis-present-diabetes-experience-day\/","og_locale":"ca_ES","og_type":"article","og_title":"La campanya #Atenci\u00f3Diabetis present al Diabetes Experience Day - Col\u00b7legi de Farmac\u00e8utics de Barcelona","og_description":"El passat 7 d&#8217;abril, la campanya #Atenci\u00f3Diabetis\u00a0impulsada pel\u00a0COFB, va tenir al seu espai al\u00a0Diabetes\u00a0Experience\u00a0Day\u00a02018 celebrat aquest any al Palau de Congressos de la Fira de Barcelona. Aquest esdeveniment, ja de refer\u00e8ncia\u00a0en l&#8217;\u00e0mbit europeu\u00a0per les persones amb diabetis, va reunir a 1.500 assistents vinculats a aquesta patologia -persones amb diabetis, familiars, [&hellip;]","og_url":"https:\/\/novaorg.cofb.net\/2018\/04\/10\/campanya-atenciodiabetis-present-diabetes-experience-day\/","og_site_name":"Col\u00b7legi de Farmac\u00e8utics de Barcelona","article_publisher":"https:\/\/www.facebook.com\/farmaceuticsbcn\/","article_published_time":"2018-04-10T13:18:50+00:00","author":"wpAdminCofbOrg","twitter_card":"summary_large_image","twitter_creator":"@farmaceuticsbcn","twitter_site":"@farmaceuticsbcn","twitter_misc":{"Escrit per":"wpAdminCofbOrg","Temps estimat de lectura":"3 minuts"},"schema":{"@context":"https:\/\/schema.org","@graph":[{"@type":"Article","@id":"https:\/\/novaorg.cofb.net\/2018\/04\/10\/campanya-atenciodiabetis-present-diabetes-experience-day\/#article","isPartOf":{"@id":"https:\/\/novaorg.cofb.net\/2018\/04\/10\/campanya-atenciodiabetis-present-diabetes-experience-day\/"},"author":{"name":"wpAdminCofbOrg","@id":"https:\/\/www.cofb.org\/#\/schema\/person\/22ed7eea88da74b0fa4d3154ad87ffcb"},"headline":"La campanya #Atenci\u00f3Diabetis present al Diabetes Experience Day","datePublished":"2018-04-10T13:18:50+00:00","dateModified":"2018-04-10T13:18:50+00:00","mainEntityOfPage":{"@id":"https:\/\/novaorg.cofb.net\/2018\/04\/10\/campanya-atenciodiabetis-present-diabetes-experience-day\/"},"wordCount":628,"commentCount":1,"publisher":{"@id":"https:\/\/www.cofb.org\/#organization"},"image":{"@id":"https:\/\/novaorg.cofb.net\/2018\/04\/10\/campanya-atenciodiabetis-present-diabetes-experience-day\/#primaryimage"},"thumbnailUrl":"","keywords":["Associaci\u00f3 de Diab\u00e8tics de Catalunya","atenci\u00f3 diabetis","Atenci\u00f3 farmac\u00e8utica","campanya prevenci\u00f3 diabetis","Diabetes Experience Day","diabetis","Farm\u00e0cia","Oficina de farm\u00e0cia","prediabetis"],"articleSection":["Destacats","M\u00f3n col\u00b7legial"],"inLanguage":"ca","potentialAction":[{"@type":"CommentAction","name":"Comment","target":["https:\/\/novaorg.cofb.net\/2018\/04\/10\/campanya-atenciodiabetis-present-diabetes-experience-day\/#respond"]}]},{"@type":"WebPage","@id":"https:\/\/novaorg.cofb.net\/2018\/04\/10\/campanya-atenciodiabetis-present-diabetes-experience-day\/","url":"https:\/\/novaorg.cofb.net\/2018\/04\/10\/campanya-atenciodiabetis-present-diabetes-experience-day\/","name":"La campanya #Atenci\u00f3Diabetis present al Diabetes Experience Day - Col\u00b7legi de Farmac\u00e8utics de Barcelona","isPartOf":{"@id":"https:\/\/www.cofb.org\/#website"},"primaryImageOfPage":{"@id":"https:\/\/novaorg.cofb.net\/2018\/04\/10\/campanya-atenciodiabetis-present-diabetes-experience-day\/#primaryimage"},"image":{"@id":"https:\/\/novaorg.cofb.net\/2018\/04\/10\/campanya-atenciodiabetis-present-diabetes-experience-day\/#primaryimage"},"thumbnailUrl":"","datePublished":"2018-04-10T13:18:50+00:00","dateModified":"2018-04-10T13:18:50+00:00","breadcrumb":{"@id":"https:\/\/novaorg.cofb.net\/2018\/04\/10\/campanya-atenciodiabetis-present-diabetes-experience-day\/#breadcrumb"},"inLanguage":"ca","potentialAction":[{"@type":"ReadAction","target":["https:\/\/novaorg.cofb.net\/2018\/04\/10\/campanya-atenciodiabetis-present-diabetes-experience-day\/"]}]},{"@type":"ImageObject","inLanguage":"ca","@id":"https:\/\/novaorg.cofb.net\/2018\/04\/10\/campanya-atenciodiabetis-present-diabetes-experience-day\/#primaryimage","url":"","contentUrl":""},{"@type":"BreadcrumbList","@id":"https:\/\/novaorg.cofb.net\/2018\/04\/10\/campanya-atenciodiabetis-present-diabetes-experience-day\/#breadcrumb","itemListElement":[{"@type":"ListItem","position":1,"name":"Inici","item":"https:\/\/novaorg.cofb.net\/"},{"@type":"ListItem","position":2,"name":"La campanya #Atenci\u00f3Diabetis present al Diabetes Experience Day"}]},{"@type":"WebSite","@id":"https:\/\/www.cofb.org\/#website","url":"https:\/\/www.cofb.org\/","name":"Col\u00b7legi de Farmac\u00e8utics de Barcelona","description":"","publisher":{"@id":"https:\/\/www.cofb.org\/#organization"},"potentialAction":[{"@type":"SearchAction","target":{"@type":"EntryPoint","urlTemplate":"https:\/\/www.cofb.org\/?s={search_term_string}"},"query-input":"required name=search_term_string"}],"inLanguage":"ca"},{"@type":"Organization","@id":"https:\/\/www.cofb.org\/#organization","name":"Col\u00b7legi de Farmac\u00e8utics de Barcelona","url":"https:\/\/www.cofb.org\/","logo":{"@type":"ImageObject","inLanguage":"ca","@id":"https:\/\/www.cofb.org\/#\/schema\/logo\/image\/","url":"https:\/\/www.cofb.org\/wp-content\/uploads\/2023\/11\/cropped-Logotip-COFB.png","contentUrl":"https:\/\/www.cofb.org\/wp-content\/uploads\/2023\/11\/cropped-Logotip-COFB.png","width":500,"height":105,"caption":"Col\u00b7legi de Farmac\u00e8utics de Barcelona"},"image":{"@id":"https:\/\/www.cofb.org\/#\/schema\/logo\/image\/"},"sameAs":["https:\/\/www.facebook.com\/farmaceuticsbcn\/","https:\/\/twitter.com\/farmaceuticsbcn","https:\/\/www.instagram.com\/farmaceuticsbcn\/","https:\/\/www.linkedin.com\/company\/farmaceuticsbcn\/"]},{"@type":"Person","@id":"https:\/\/www.cofb.org\/#\/schema\/person\/22ed7eea88da74b0fa4d3154ad87ffcb","name":"wpAdminCofbOrg","image":{"@type":"ImageObject","inLanguage":"ca","@id":"https:\/\/www.cofb.org\/#\/schema\/person\/image\/","url":"https:\/\/secure.gravatar.com\/avatar\/1721b20b3b8ca882c3b56ec6c978c594fff670e40c0718e9190eaeeb76aae7d8?s=96&d=mm&r=g","contentUrl":"https:\/\/secure.gravatar.com\/avatar\/1721b20b3b8ca882c3b56ec6c978c594fff670e40c0718e9190eaeeb76aae7d8?s=96&d=mm&r=g","caption":"wpAdminCofbOrg"},"sameAs":["http:\/\/192.168.64.122\/wordpress"],"url":"https:\/\/www.cofb.org\/ca\/author\/wpadmincofborg\/"}]}},"uagb_featured_image_src":{"full":false,"thumbnail":false,"medium":false,"medium_large":false,"large":false,"1536x1536":false,"2048x2048":false,"trp-custom-language-flag":false},"uagb_author_info":{"display_name":"wpAdminCofbOrg","author_link":"https:\/\/www.cofb.org\/ca\/author\/wpadmincofborg\/"},"uagb_comment_info":1,"uagb_excerpt":"El passat 7 d&#8217;abril, la campanya #Atenci\u00f3Diabetis\u00a0impulsada pel\u00a0COFB, va tenir al seu espai al\u00a0Diabetes\u00a0Experience\u00a0Day\u00a02018 celebrat aquest any al Palau de Congressos de la Fira de Barcelona. Aquest esdeveniment, ja de refer\u00e8ncia\u00a0en l&#8217;\u00e0mbit europeu\u00a0per les persones amb diabetis, va reunir a 1.500 assistents vinculats a aquesta patologia -persones amb diabetis, familiars, [&hellip;]","_links":{"self":[{"href":"https:\/\/www.cofb.org\/ca\/wp-json\/wp\/v2\/posts\/38327","targetHints":{"allow":["GET"]}}],"collection":[{"href":"https:\/\/www.cofb.org\/ca\/wp-json\/wp\/v2\/posts"}],"about":[{"href":"https:\/\/www.cofb.org\/ca\/wp-json\/wp\/v2\/types\/post"}],"author":[{"embeddable":true,"href":"https:\/\/www.cofb.org\/ca\/wp-json\/wp\/v2\/users\/1"}],"replies":[{"embeddable":true,"href":"https:\/\/www.cofb.org\/ca\/wp-json\/wp\/v2\/comments?post=38327"}],"version-history":[{"count":0,"href":"https:\/\/www.cofb.org\/ca\/wp-json\/wp\/v2\/posts\/38327\/revisions"}],"wp:featuredmedia":[{"embeddable":true,"href":"https:\/\/www.cofb.org\/ca\/wp-json\/"}],"wp:attachment":[{"href":"https:\/\/www.cofb.org\/ca\/wp-json\/wp\/v2\/media?parent=38327"}],"wp:term":[{"taxonomy":"category","embeddable":true,"href":"https:\/\/www.cofb.org\/ca\/wp-json\/wp\/v2\/categories?post=38327"},{"taxonomy":"post_tag","embeddable":true,"href":"https:\/\/www.cofb.org\/ca\/wp-json\/wp\/v2\/tags?post=38327"}],"curies":[{"name":"wp","href":"https:\/\/api.w.org\/{rel}","templated":true}]}}