{"id":37965,"date":"2018-03-19T20:29:53","date_gmt":"2018-03-19T18:29:53","guid":{"rendered":"https:\/\/blog.cofb.cat\/?p=37965"},"modified":"2018-03-19T20:29:53","modified_gmt":"2018-03-19T18:29:53","slug":"fitoterapia-usos-i-aplicacions-dels-olis-essencials-en-lembaras-i-la-lactancia","status":"publish","type":"post","link":"https:\/\/www.cofb.org\/ca\/2018\/03\/19\/fitoterapia-usos-i-aplicacions-dels-olis-essencials-en-lembaras-i-la-lactancia\/","title":{"rendered":"Fitoter\u00e0pia: Usos i aplicacions dels olis essencials en l&#8217;embar\u00e0s i la lact\u00e0ncia"},"content":{"rendered":"<p>Els passats 1 i 8 de mar\u00e7 el COFB va acollir el curs <strong>&#8220;Fitoter\u00e0pia: usos i aplicacions dels olis essencials en l&#8217;embar\u00e0s i la lact\u00e0ncia&#8221;<\/strong>, d&#8217;un total de sis hores de durada. Es tractava d&#8217;una <strong>formaci\u00f3 adre\u00e7ada exclusivament a professionals sanitaris<\/strong> amb coneixements avan\u00e7ats en olis essencials, o que haguessin fet el curs de <a href=\"https:\/\/blog.cofb.cat\/fitoterapia-usos-i-aplicacions-dels-olis-essencials\/\" target=\"_blank\" rel=\"noopener\">&#8220;Fitoter\u00e0pia: usos i aplicacions dels olis essencials&#8221;<\/a>, impartit al llarg dels mesos de gener i febrer de 2018.<\/p>\n<p>La formaci\u00f3 va anar a c\u00e0rrec d&#8217;<strong>Alfredo Fdez. Quevedo,\u00a0<\/strong> llicenciat en Farm\u00e0cia, natur\u00f2pata graduat i especialitzat en olis essencials terap\u00e8utics en diverses institucions franceses i responsable t\u00e8cnic de Pranar\u00f4m Espa\u00f1a. El coordinador del curs va ser <strong>Josep Allu\u00e9<\/strong>, vocal de Plantes Medicinals i Homeopatia del COFB.<\/p>\n<figure id=\"attachment_37971\" aria-describedby=\"caption-attachment-37971\" style=\"width: 620px\" class=\"wp-caption aligncenter\"><a href=\"https:\/\/blog.cofb.cat\/wp-content\/uploads\/2018\/03\/cofb.180308-10.jpg\"><img fetchpriority=\"high\" decoding=\"async\" class=\"wp-image-37971 size-large\" title=\"El curs &quot;Fitoter\u00e0pia: usos i aplicacions dels olis essencials en l'embar\u00e0s i la lact\u00e0ncia&quot; va seguir-se amb un gran inter\u00e8s. \" src=\"https:\/\/blog.cofb.cat\/wp-content\/uploads\/2018\/03\/cofb.180308-10-1024x683.jpg\" alt=\"El curs &quot;Fitoter\u00e0pia: usos i aplicacions dels olis essencials en l'embar\u00e0s i la lact\u00e0ncia&quot; va seguir-se amb un gran inter\u00e8s. \" width=\"620\" height=\"414\" \/><\/a><figcaption id=\"caption-attachment-37971\" class=\"wp-caption-text\">El curs &#8220;Fitoter\u00e0pia: usos i aplicacions dels olis essencials en l&#8217;embar\u00e0s i la lact\u00e0ncia&#8221; va seguir-se amb un gran inter\u00e8s.<\/figcaption><\/figure>\n<div class=\"box info\"><\/p>\n<h2><strong><span style=\"color: #008080;\">Podem utilitzar els olis essencials durant l&#8217;embar\u00e0s?<\/span><\/strong><\/h2>\n<p>La resposta \u00e9s afirmativa, per\u00f2 cal tenir en compte una s\u00e8rie de precaucions que en garanteixin la <strong>seguretat<\/strong> i l&#8217;<strong>efic\u00e0cia<\/strong>.<\/p>\n<p>Els olis essencials <strong>poden ajudar a tractar les principals afeccions de l&#8217;embar\u00e0s<\/strong>, per a les quals hi ha poques alternatives terap\u00e8utiques a causa de la toxicitat dels tractaments convencionals.<\/p>\n<p><\/div>\n<h1><span style=\"color: #008080;\"><strong>Els objectius de la formaci\u00f3<\/strong><\/span><\/h1>\n<p>El curs tenia per <strong>objectius principals<\/strong>:<\/p>\n<ul>\n<li><strong>Con\u00e8ixer i saber aplicar els principals olis essencials<\/strong> quimiotipats amb indicacions espec\u00edfiques relacionades amb el per\u00edode especial de l&#8217;embar\u00e0s i la lact\u00e0ncia.<\/li>\n<li>Aportar les eines necess\u00e0ries per <strong>associar les diverses vies d\u2019administraci\u00f3 dels olis essencials<\/strong> (t\u00f2pica, oral, difusi\u00f3, inhalaci\u00f3, etc.) amb la finalitat d\u2019aconseguir un tractament integral.<br \/>\n&nbsp;<br \/>\n<figure id=\"attachment_37970\" aria-describedby=\"caption-attachment-37970\" style=\"width: 620px\" class=\"wp-caption aligncenter\"><a href=\"https:\/\/blog.cofb.cat\/wp-content\/uploads\/2018\/03\/cofb.180308-04.jpg\"><img decoding=\"async\" class=\"wp-image-37970 size-large\" title=\"El coordinador del curs i vocal de Plantes Medicinals i Homepatia del COFB, Josep Allu\u00e9 acompanyat d\u2019Alfredo Fdez. Quevedo, llicenciat en Farm\u00e0cia i especialitzat en olis essencials terap\u00e8utics.\" src=\"https:\/\/blog.cofb.cat\/wp-content\/uploads\/2018\/03\/cofb.180308-04-1024x683.jpg\" alt=\"El coordinador del curs i vocal de Plantes Medicinals i Homepatia del COFB, Josep Allu\u00e9 acompanyat d\u2019Alfredo Fdez. Quevedo, llicenciat en Farm\u00e0cia i especialitzat en olis essencials terap\u00e8utics.\" width=\"620\" height=\"414\" \/><\/a><figcaption id=\"caption-attachment-37970\" class=\"wp-caption-text\">El coordinador del curs i vocal de Plantes Medicinals i Homeopatia del COFB, Josep Allu\u00e9 acompanyat d\u2019Alfredo Fdez. Quevedo, llicenciat en Farm\u00e0cia i especialitzat en olis essencials terap\u00e8utics.<\/figcaption><\/figure>\n<\/li>\n<\/ul>\n<h1><strong><span style=\"color: #008080;\">El programa<\/span><\/strong><\/h1>\n<p>Al llarg de les dues sessions del curs els alumnes van poder adquirir, entre d&#8217;altres,\u00a0 coneixements sobre els temes seg\u00fcents:<\/p>\n<ul>\n<li><strong>Recomanacions generals<\/strong> a la dona embarassada.<\/li>\n<li><strong>Fam\u00edlies bioqu\u00edmiques<\/strong> i olis desaconsellats.<\/li>\n<li>Olis essencials d&#8217;<strong>\u00fas segur.<\/strong><\/li>\n<li><strong>Formulari de l&#8217;embar\u00e0s.<\/strong><\/li>\n<li><strong>Infeccions<\/strong>: grip, refredats, prevenci\u00f3 d&#8217;infeccions greus, cistitis, candidiasi, diarrea infecciosa.<\/li>\n<li><strong>Afeccions osteomusculars<\/strong>: ci\u00e0tica.<\/li>\n<li><strong>Afeccions circulat\u00f2ries<\/strong>: cames cansades, varius, hemorroides, trastorns de la tensi\u00f3 arterial.<\/li>\n<li><strong>Trastorns digestius<\/strong>: n\u00e0usees, acidesa g\u00e0strica, gastritis, restrenyiment, trastorns de la gana.<\/li>\n<li><strong>Afeccions nervioses<\/strong>: mal de cap, ansietat, estr\u00e8s.<\/li>\n<li><strong>Part<\/strong>: relaxaci\u00f3 del perineu, preparaci\u00f3 del part, contraccions precoces, dolor, episiotomia.<\/li>\n<li><strong>Lact\u00e0ncia<\/strong>: estimulaci\u00f3 de la lact\u00e0ncia, cura del mugr\u00f3, ingurgitaci\u00f3, congesti\u00f3 mam\u00e0ria, mastitis, absc\u00e9s mamari.<\/li>\n<\/ul>\n<p>&nbsp;<\/p>\n<p style=\"text-align: right;\"><strong>Amb la col\u00b7laboraci\u00f3 de:<\/strong><\/p>\n<p style=\"text-align: right;\"><a href=\"https:\/\/www.pranarom.com\/es\/home\" target=\"_blank\" rel=\"noopener\"><img decoding=\"async\" class=\" wp-image-37111 alignright\" src=\"https:\/\/blog.cofb.cat\/wp-content\/uploads\/2018\/02\/Pranarom-1.jpg\" alt=\"\" width=\"180\" height=\"39\" \/><\/a><\/p>\n<p>&nbsp;<\/p>\n<p><strong>Altres publicacions d\u2019inter\u00e8s:<\/strong><\/p>\n<ul>\n<li><a href=\"https:\/\/blog.cofb.cat\/aprofundint-coneixements-en-aromaterapia-cientifica\/\" target=\"_blank\" rel=\"noopener\">Aprofundint coneixements en aromater\u00e0pia cient\u00edfica (Abril 2015)<\/a><\/li>\n<li>F<a href=\"https:\/\/blog.cofb.cat\/formacio-en-terapia-floral-i-aromaterapia\/\" target=\"_blank\" rel=\"noopener\">ormaci\u00f3 en ter\u00e0pia floral i aromater\u00e0pia (Gener 2016)<\/a><\/li>\n<li><a href=\"https:\/\/blog.cofb.cat\/les-darreres-formacions-en-fitoterapia-al-cofb\/\" target=\"_blank\" rel=\"noopener\">Les darreres formacions en fitoter\u00e0pia al COFB (Agost 2016)<\/a><\/li>\n<li><a href=\"https:\/\/blog.cofb.cat\/formacions-en-fitoterapia-plantes-medicinals\/\" target=\"_blank\" rel=\"noopener\">Formacions en fitoter\u00e0pia i plantes medicinals (Agost 2017)<\/a><\/li>\n<li><a href=\"https:\/\/blog.cofb.cat\/fitoterapia-usos-i-aplicacions-dels-olis-essencials\/\" target=\"_blank\" rel=\"noopener\">Fitoter\u00e0pia: usos i aplicacions dels olis essencials (Febrer 2018)<\/a><\/li>\n<\/ul>\n","protected":false},"excerpt":{"rendered":"<p>Els passats 1 i 8 de mar\u00e7 el COFB va acollir el curs &#8220;Fitoter\u00e0pia: usos i aplicacions dels olis essencials en l&#8217;embar\u00e0s i la lact\u00e0ncia&#8221;, d&#8217;un total de sis hores de durada. Es tractava d&#8217;una formaci\u00f3 adre\u00e7ada exclusivament a professionals sanitaris amb coneixements avan\u00e7ats en olis essencials, o que haguessin [&hellip;]<\/p>\n","protected":false},"author":1,"featured_media":37977,"comment_status":"open","ping_status":"open","sticky":false,"template":"","format":"standard","meta":{"_uag_custom_page_level_css":"","site-sidebar-layout":"default","site-content-layout":"","ast-site-content-layout":"default","site-content-style":"default","site-sidebar-style":"default","ast-global-header-display":"","ast-banner-title-visibility":"","ast-main-header-display":"","ast-hfb-above-header-display":"","ast-hfb-below-header-display":"","ast-hfb-mobile-header-display":"","site-post-title":"","ast-breadcrumbs-content":"","ast-featured-img":"disabled","footer-sml-layout":"","theme-transparent-header-meta":"","adv-header-id-meta":"","stick-header-meta":"","header-above-stick-meta":"","header-main-stick-meta":"","header-below-stick-meta":"","astra-migrate-meta-layouts":"default","ast-page-background-enabled":"default","ast-page-background-meta":{"desktop":{"background-color":"var(--ast-global-color-4)","background-image":"","background-repeat":"repeat","background-position":"center center","background-size":"auto","background-attachment":"scroll","background-type":"","background-media":"","overlay-type":"","overlay-color":"","overlay-opacity":"","overlay-gradient":""},"tablet":{"background-color":"","background-image":"","background-repeat":"repeat","background-position":"center center","background-size":"auto","background-attachment":"scroll","background-type":"","background-media":"","overlay-type":"","overlay-color":"","overlay-opacity":"","overlay-gradient":""},"mobile":{"background-color":"","background-image":"","background-repeat":"repeat","background-position":"center center","background-size":"auto","background-attachment":"scroll","background-type":"","background-media":"","overlay-type":"","overlay-color":"","overlay-opacity":"","overlay-gradient":""}},"ast-content-background-meta":{"desktop":{"background-color":"var(--ast-global-color-5)","background-image":"","background-repeat":"repeat","background-position":"center center","background-size":"auto","background-attachment":"scroll","background-type":"","background-media":"","overlay-type":"","overlay-color":"","overlay-opacity":"","overlay-gradient":""},"tablet":{"background-color":"var(--ast-global-color-5)","background-image":"","background-repeat":"repeat","background-position":"center center","background-size":"auto","background-attachment":"scroll","background-type":"","background-media":"","overlay-type":"","overlay-color":"","overlay-opacity":"","overlay-gradient":""},"mobile":{"background-color":"var(--ast-global-color-5)","background-image":"","background-repeat":"repeat","background-position":"center center","background-size":"auto","background-attachment":"scroll","background-type":"","background-media":"","overlay-type":"","overlay-color":"","overlay-opacity":"","overlay-gradient":""}},"footnotes":""},"categories":[57],"tags":[3014,18,3015,3016,347,3017,349,70,351,177,2905,948],"class_list":["post-37965","post","type-post","status-publish","format-standard","has-post-thumbnail","hentry","category-mon-collegial","tag-afeccions-circulatories","tag-cofb","tag-collegi-de-farmaceutics","tag-cursos","tag-embaras","tag-estries","tag-fitoterapia","tag-formacio","tag-lactancia","tag-olis-essencials","tag-trastorns-gastrointestinals","tag-vocalia-de-plantes-medicinals-i-homeopatia"],"yoast_head":"<!-- This site is optimized with the Yoast SEO plugin v22.4 - https:\/\/yoast.com\/wordpress\/plugins\/seo\/ -->\n<title>Fitoter\u00e0pia: Usos i aplicacions dels olis essencials en l&#039;embar\u00e0s i la lact\u00e0ncia - Col\u00b7legi de Farmac\u00e8utics de Barcelona<\/title>\n<meta name=\"description\" content=\"Els passats 1 i 8 de mar\u00e7 el COFB va acollir el curs &quot;Fitoter\u00e0pia: usos i aplicacions dels olis essencials en l&#039;embar\u00e0s i la lact\u00e0ncia&quot;, d&#039;un total de sis hores de durada.\" \/>\n<meta name=\"robots\" content=\"index, follow, max-snippet:-1, max-image-preview:large, max-video-preview:-1\" \/>\n<link rel=\"canonical\" href=\"https:\/\/novaorg.cofb.net\/2018\/03\/19\/fitoterapia-usos-i-aplicacions-dels-olis-essencials-en-lembaras-i-la-lactancia\/\" \/>\n<meta property=\"og:locale\" content=\"ca_ES\" \/>\n<meta property=\"og:type\" content=\"article\" \/>\n<meta property=\"og:title\" content=\"Fitoter\u00e0pia: Usos i aplicacions dels olis essencials en l&#039;embar\u00e0s i la lact\u00e0ncia - Col\u00b7legi de Farmac\u00e8utics de Barcelona\" \/>\n<meta property=\"og:description\" content=\"Els passats 1 i 8 de mar\u00e7 el COFB va acollir el curs &quot;Fitoter\u00e0pia: usos i aplicacions dels olis essencials en l&#039;embar\u00e0s i la lact\u00e0ncia&quot;, d&#039;un total de sis hores de durada.\" \/>\n<meta property=\"og:url\" content=\"https:\/\/novaorg.cofb.net\/2018\/03\/19\/fitoterapia-usos-i-aplicacions-dels-olis-essencials-en-lembaras-i-la-lactancia\/\" \/>\n<meta property=\"og:site_name\" content=\"Col\u00b7legi de Farmac\u00e8utics de Barcelona\" \/>\n<meta property=\"article:publisher\" content=\"https:\/\/www.facebook.com\/farmaceuticsbcn\/\" \/>\n<meta property=\"article:published_time\" content=\"2018-03-19T18:29:53+00:00\" \/>\n<meta name=\"author\" content=\"wpAdminCofbOrg\" \/>\n<meta name=\"twitter:card\" content=\"summary_large_image\" \/>\n<meta name=\"twitter:creator\" content=\"@farmaceuticsbcn\" \/>\n<meta name=\"twitter:site\" content=\"@farmaceuticsbcn\" \/>\n<meta name=\"twitter:label1\" content=\"Escrit per\" \/>\n\t<meta name=\"twitter:data1\" content=\"wpAdminCofbOrg\" \/>\n\t<meta name=\"twitter:label2\" content=\"Temps estimat de lectura\" \/>\n\t<meta name=\"twitter:data2\" content=\"3 minuts\" \/>\n<script type=\"application\/ld+json\" class=\"yoast-schema-graph\">{\"@context\":\"https:\/\/schema.org\",\"@graph\":[{\"@type\":\"Article\",\"@id\":\"https:\/\/novaorg.cofb.net\/2018\/03\/19\/fitoterapia-usos-i-aplicacions-dels-olis-essencials-en-lembaras-i-la-lactancia\/#article\",\"isPartOf\":{\"@id\":\"https:\/\/novaorg.cofb.net\/2018\/03\/19\/fitoterapia-usos-i-aplicacions-dels-olis-essencials-en-lembaras-i-la-lactancia\/\"},\"author\":{\"name\":\"wpAdminCofbOrg\",\"@id\":\"https:\/\/www.cofb.org\/#\/schema\/person\/22ed7eea88da74b0fa4d3154ad87ffcb\"},\"headline\":\"Fitoter\u00e0pia: Usos i aplicacions dels olis essencials en l&#8217;embar\u00e0s i la lact\u00e0ncia\",\"datePublished\":\"2018-03-19T18:29:53+00:00\",\"dateModified\":\"2018-03-19T18:29:53+00:00\",\"mainEntityOfPage\":{\"@id\":\"https:\/\/novaorg.cofb.net\/2018\/03\/19\/fitoterapia-usos-i-aplicacions-dels-olis-essencials-en-lembaras-i-la-lactancia\/\"},\"wordCount\":534,\"commentCount\":0,\"publisher\":{\"@id\":\"https:\/\/www.cofb.org\/#organization\"},\"image\":{\"@id\":\"https:\/\/novaorg.cofb.net\/2018\/03\/19\/fitoterapia-usos-i-aplicacions-dels-olis-essencials-en-lembaras-i-la-lactancia\/#primaryimage\"},\"thumbnailUrl\":\"\",\"keywords\":[\"afeccions circulat\u00f2ries\",\"COFB\",\"Col\u00b7legi de Farmac\u00e8utics\",\"cursos\",\"embar\u00e0s\",\"estries\",\"Fitoter\u00e0pia\",\"Formaci\u00f3\",\"lact\u00e0ncia\",\"olis essencials\",\"trastorns gastrointestinals\",\"Vocalia de Plantes Medicinals i Homeopatia\"],\"articleSection\":[\"M\u00f3n col\u00b7legial\"],\"inLanguage\":\"ca\",\"potentialAction\":[{\"@type\":\"CommentAction\",\"name\":\"Comment\",\"target\":[\"https:\/\/novaorg.cofb.net\/2018\/03\/19\/fitoterapia-usos-i-aplicacions-dels-olis-essencials-en-lembaras-i-la-lactancia\/#respond\"]}]},{\"@type\":\"WebPage\",\"@id\":\"https:\/\/novaorg.cofb.net\/2018\/03\/19\/fitoterapia-usos-i-aplicacions-dels-olis-essencials-en-lembaras-i-la-lactancia\/\",\"url\":\"https:\/\/novaorg.cofb.net\/2018\/03\/19\/fitoterapia-usos-i-aplicacions-dels-olis-essencials-en-lembaras-i-la-lactancia\/\",\"name\":\"Fitoter\u00e0pia: Usos i aplicacions dels olis essencials en l'embar\u00e0s i la lact\u00e0ncia - Col\u00b7legi de Farmac\u00e8utics de Barcelona\",\"isPartOf\":{\"@id\":\"https:\/\/www.cofb.org\/#website\"},\"primaryImageOfPage\":{\"@id\":\"https:\/\/novaorg.cofb.net\/2018\/03\/19\/fitoterapia-usos-i-aplicacions-dels-olis-essencials-en-lembaras-i-la-lactancia\/#primaryimage\"},\"image\":{\"@id\":\"https:\/\/novaorg.cofb.net\/2018\/03\/19\/fitoterapia-usos-i-aplicacions-dels-olis-essencials-en-lembaras-i-la-lactancia\/#primaryimage\"},\"thumbnailUrl\":\"\",\"datePublished\":\"2018-03-19T18:29:53+00:00\",\"dateModified\":\"2018-03-19T18:29:53+00:00\",\"description\":\"Els passats 1 i 8 de mar\u00e7 el COFB va acollir el curs \\\"Fitoter\u00e0pia: usos i aplicacions dels olis essencials en l'embar\u00e0s i la lact\u00e0ncia\\\", d'un total de sis hores de durada.\",\"breadcrumb\":{\"@id\":\"https:\/\/novaorg.cofb.net\/2018\/03\/19\/fitoterapia-usos-i-aplicacions-dels-olis-essencials-en-lembaras-i-la-lactancia\/#breadcrumb\"},\"inLanguage\":\"ca\",\"potentialAction\":[{\"@type\":\"ReadAction\",\"target\":[\"https:\/\/novaorg.cofb.net\/2018\/03\/19\/fitoterapia-usos-i-aplicacions-dels-olis-essencials-en-lembaras-i-la-lactancia\/\"]}]},{\"@type\":\"ImageObject\",\"inLanguage\":\"ca\",\"@id\":\"https:\/\/novaorg.cofb.net\/2018\/03\/19\/fitoterapia-usos-i-aplicacions-dels-olis-essencials-en-lembaras-i-la-lactancia\/#primaryimage\",\"url\":\"\",\"contentUrl\":\"\"},{\"@type\":\"BreadcrumbList\",\"@id\":\"https:\/\/novaorg.cofb.net\/2018\/03\/19\/fitoterapia-usos-i-aplicacions-dels-olis-essencials-en-lembaras-i-la-lactancia\/#breadcrumb\",\"itemListElement\":[{\"@type\":\"ListItem\",\"position\":1,\"name\":\"Inici\",\"item\":\"https:\/\/novaorg.cofb.net\/\"},{\"@type\":\"ListItem\",\"position\":2,\"name\":\"Fitoter\u00e0pia: Usos i aplicacions dels olis essencials en l&#8217;embar\u00e0s i la lact\u00e0ncia\"}]},{\"@type\":\"WebSite\",\"@id\":\"https:\/\/www.cofb.org\/#website\",\"url\":\"https:\/\/www.cofb.org\/\",\"name\":\"Col\u00b7legi de Farmac\u00e8utics de Barcelona\",\"description\":\"\",\"publisher\":{\"@id\":\"https:\/\/www.cofb.org\/#organization\"},\"potentialAction\":[{\"@type\":\"SearchAction\",\"target\":{\"@type\":\"EntryPoint\",\"urlTemplate\":\"https:\/\/www.cofb.org\/?s={search_term_string}\"},\"query-input\":\"required name=search_term_string\"}],\"inLanguage\":\"ca\"},{\"@type\":\"Organization\",\"@id\":\"https:\/\/www.cofb.org\/#organization\",\"name\":\"Col\u00b7legi de Farmac\u00e8utics de Barcelona\",\"url\":\"https:\/\/www.cofb.org\/\",\"logo\":{\"@type\":\"ImageObject\",\"inLanguage\":\"ca\",\"@id\":\"https:\/\/www.cofb.org\/#\/schema\/logo\/image\/\",\"url\":\"https:\/\/www.cofb.org\/wp-content\/uploads\/2023\/11\/cropped-Logotip-COFB.png\",\"contentUrl\":\"https:\/\/www.cofb.org\/wp-content\/uploads\/2023\/11\/cropped-Logotip-COFB.png\",\"width\":500,\"height\":105,\"caption\":\"Col\u00b7legi de Farmac\u00e8utics de Barcelona\"},\"image\":{\"@id\":\"https:\/\/www.cofb.org\/#\/schema\/logo\/image\/\"},\"sameAs\":[\"https:\/\/www.facebook.com\/farmaceuticsbcn\/\",\"https:\/\/twitter.com\/farmaceuticsbcn\",\"https:\/\/www.instagram.com\/farmaceuticsbcn\/\",\"https:\/\/www.linkedin.com\/company\/farmaceuticsbcn\/\"]},{\"@type\":\"Person\",\"@id\":\"https:\/\/www.cofb.org\/#\/schema\/person\/22ed7eea88da74b0fa4d3154ad87ffcb\",\"name\":\"wpAdminCofbOrg\",\"image\":{\"@type\":\"ImageObject\",\"inLanguage\":\"ca\",\"@id\":\"https:\/\/www.cofb.org\/#\/schema\/person\/image\/\",\"url\":\"https:\/\/secure.gravatar.com\/avatar\/1721b20b3b8ca882c3b56ec6c978c594fff670e40c0718e9190eaeeb76aae7d8?s=96&d=mm&r=g\",\"contentUrl\":\"https:\/\/secure.gravatar.com\/avatar\/1721b20b3b8ca882c3b56ec6c978c594fff670e40c0718e9190eaeeb76aae7d8?s=96&d=mm&r=g\",\"caption\":\"wpAdminCofbOrg\"},\"sameAs\":[\"http:\/\/192.168.64.122\/wordpress\"],\"url\":\"https:\/\/www.cofb.org\/ca\/author\/wpadmincofborg\/\"}]}<\/script>\n<!-- \/ Yoast SEO plugin. -->","yoast_head_json":{"title":"Fitoter\u00e0pia: Usos i aplicacions dels olis essencials en l'embar\u00e0s i la lact\u00e0ncia - Col\u00b7legi de Farmac\u00e8utics de Barcelona","description":"Els passats 1 i 8 de mar\u00e7 el COFB va acollir el curs \"Fitoter\u00e0pia: usos i aplicacions dels olis essencials en l'embar\u00e0s i la lact\u00e0ncia\", d'un total de sis hores de durada.","robots":{"index":"index","follow":"follow","max-snippet":"max-snippet:-1","max-image-preview":"max-image-preview:large","max-video-preview":"max-video-preview:-1"},"canonical":"https:\/\/novaorg.cofb.net\/2018\/03\/19\/fitoterapia-usos-i-aplicacions-dels-olis-essencials-en-lembaras-i-la-lactancia\/","og_locale":"ca_ES","og_type":"article","og_title":"Fitoter\u00e0pia: Usos i aplicacions dels olis essencials en l'embar\u00e0s i la lact\u00e0ncia - Col\u00b7legi de Farmac\u00e8utics de Barcelona","og_description":"Els passats 1 i 8 de mar\u00e7 el COFB va acollir el curs \"Fitoter\u00e0pia: usos i aplicacions dels olis essencials en l'embar\u00e0s i la lact\u00e0ncia\", d'un total de sis hores de durada.","og_url":"https:\/\/novaorg.cofb.net\/2018\/03\/19\/fitoterapia-usos-i-aplicacions-dels-olis-essencials-en-lembaras-i-la-lactancia\/","og_site_name":"Col\u00b7legi de Farmac\u00e8utics de Barcelona","article_publisher":"https:\/\/www.facebook.com\/farmaceuticsbcn\/","article_published_time":"2018-03-19T18:29:53+00:00","author":"wpAdminCofbOrg","twitter_card":"summary_large_image","twitter_creator":"@farmaceuticsbcn","twitter_site":"@farmaceuticsbcn","twitter_misc":{"Escrit per":"wpAdminCofbOrg","Temps estimat de lectura":"3 minuts"},"schema":{"@context":"https:\/\/schema.org","@graph":[{"@type":"Article","@id":"https:\/\/novaorg.cofb.net\/2018\/03\/19\/fitoterapia-usos-i-aplicacions-dels-olis-essencials-en-lembaras-i-la-lactancia\/#article","isPartOf":{"@id":"https:\/\/novaorg.cofb.net\/2018\/03\/19\/fitoterapia-usos-i-aplicacions-dels-olis-essencials-en-lembaras-i-la-lactancia\/"},"author":{"name":"wpAdminCofbOrg","@id":"https:\/\/www.cofb.org\/#\/schema\/person\/22ed7eea88da74b0fa4d3154ad87ffcb"},"headline":"Fitoter\u00e0pia: Usos i aplicacions dels olis essencials en l&#8217;embar\u00e0s i la lact\u00e0ncia","datePublished":"2018-03-19T18:29:53+00:00","dateModified":"2018-03-19T18:29:53+00:00","mainEntityOfPage":{"@id":"https:\/\/novaorg.cofb.net\/2018\/03\/19\/fitoterapia-usos-i-aplicacions-dels-olis-essencials-en-lembaras-i-la-lactancia\/"},"wordCount":534,"commentCount":0,"publisher":{"@id":"https:\/\/www.cofb.org\/#organization"},"image":{"@id":"https:\/\/novaorg.cofb.net\/2018\/03\/19\/fitoterapia-usos-i-aplicacions-dels-olis-essencials-en-lembaras-i-la-lactancia\/#primaryimage"},"thumbnailUrl":"","keywords":["afeccions circulat\u00f2ries","COFB","Col\u00b7legi de Farmac\u00e8utics","cursos","embar\u00e0s","estries","Fitoter\u00e0pia","Formaci\u00f3","lact\u00e0ncia","olis essencials","trastorns gastrointestinals","Vocalia de Plantes Medicinals i Homeopatia"],"articleSection":["M\u00f3n col\u00b7legial"],"inLanguage":"ca","potentialAction":[{"@type":"CommentAction","name":"Comment","target":["https:\/\/novaorg.cofb.net\/2018\/03\/19\/fitoterapia-usos-i-aplicacions-dels-olis-essencials-en-lembaras-i-la-lactancia\/#respond"]}]},{"@type":"WebPage","@id":"https:\/\/novaorg.cofb.net\/2018\/03\/19\/fitoterapia-usos-i-aplicacions-dels-olis-essencials-en-lembaras-i-la-lactancia\/","url":"https:\/\/novaorg.cofb.net\/2018\/03\/19\/fitoterapia-usos-i-aplicacions-dels-olis-essencials-en-lembaras-i-la-lactancia\/","name":"Fitoter\u00e0pia: Usos i aplicacions dels olis essencials en l'embar\u00e0s i la lact\u00e0ncia - Col\u00b7legi de Farmac\u00e8utics de Barcelona","isPartOf":{"@id":"https:\/\/www.cofb.org\/#website"},"primaryImageOfPage":{"@id":"https:\/\/novaorg.cofb.net\/2018\/03\/19\/fitoterapia-usos-i-aplicacions-dels-olis-essencials-en-lembaras-i-la-lactancia\/#primaryimage"},"image":{"@id":"https:\/\/novaorg.cofb.net\/2018\/03\/19\/fitoterapia-usos-i-aplicacions-dels-olis-essencials-en-lembaras-i-la-lactancia\/#primaryimage"},"thumbnailUrl":"","datePublished":"2018-03-19T18:29:53+00:00","dateModified":"2018-03-19T18:29:53+00:00","description":"Els passats 1 i 8 de mar\u00e7 el COFB va acollir el curs \"Fitoter\u00e0pia: usos i aplicacions dels olis essencials en l'embar\u00e0s i la lact\u00e0ncia\", d'un total de sis hores de durada.","breadcrumb":{"@id":"https:\/\/novaorg.cofb.net\/2018\/03\/19\/fitoterapia-usos-i-aplicacions-dels-olis-essencials-en-lembaras-i-la-lactancia\/#breadcrumb"},"inLanguage":"ca","potentialAction":[{"@type":"ReadAction","target":["https:\/\/novaorg.cofb.net\/2018\/03\/19\/fitoterapia-usos-i-aplicacions-dels-olis-essencials-en-lembaras-i-la-lactancia\/"]}]},{"@type":"ImageObject","inLanguage":"ca","@id":"https:\/\/novaorg.cofb.net\/2018\/03\/19\/fitoterapia-usos-i-aplicacions-dels-olis-essencials-en-lembaras-i-la-lactancia\/#primaryimage","url":"","contentUrl":""},{"@type":"BreadcrumbList","@id":"https:\/\/novaorg.cofb.net\/2018\/03\/19\/fitoterapia-usos-i-aplicacions-dels-olis-essencials-en-lembaras-i-la-lactancia\/#breadcrumb","itemListElement":[{"@type":"ListItem","position":1,"name":"Inici","item":"https:\/\/novaorg.cofb.net\/"},{"@type":"ListItem","position":2,"name":"Fitoter\u00e0pia: Usos i aplicacions dels olis essencials en l&#8217;embar\u00e0s i la lact\u00e0ncia"}]},{"@type":"WebSite","@id":"https:\/\/www.cofb.org\/#website","url":"https:\/\/www.cofb.org\/","name":"Col\u00b7legi de Farmac\u00e8utics de Barcelona","description":"","publisher":{"@id":"https:\/\/www.cofb.org\/#organization"},"potentialAction":[{"@type":"SearchAction","target":{"@type":"EntryPoint","urlTemplate":"https:\/\/www.cofb.org\/?s={search_term_string}"},"query-input":"required name=search_term_string"}],"inLanguage":"ca"},{"@type":"Organization","@id":"https:\/\/www.cofb.org\/#organization","name":"Col\u00b7legi de Farmac\u00e8utics de Barcelona","url":"https:\/\/www.cofb.org\/","logo":{"@type":"ImageObject","inLanguage":"ca","@id":"https:\/\/www.cofb.org\/#\/schema\/logo\/image\/","url":"https:\/\/www.cofb.org\/wp-content\/uploads\/2023\/11\/cropped-Logotip-COFB.png","contentUrl":"https:\/\/www.cofb.org\/wp-content\/uploads\/2023\/11\/cropped-Logotip-COFB.png","width":500,"height":105,"caption":"Col\u00b7legi de Farmac\u00e8utics de Barcelona"},"image":{"@id":"https:\/\/www.cofb.org\/#\/schema\/logo\/image\/"},"sameAs":["https:\/\/www.facebook.com\/farmaceuticsbcn\/","https:\/\/twitter.com\/farmaceuticsbcn","https:\/\/www.instagram.com\/farmaceuticsbcn\/","https:\/\/www.linkedin.com\/company\/farmaceuticsbcn\/"]},{"@type":"Person","@id":"https:\/\/www.cofb.org\/#\/schema\/person\/22ed7eea88da74b0fa4d3154ad87ffcb","name":"wpAdminCofbOrg","image":{"@type":"ImageObject","inLanguage":"ca","@id":"https:\/\/www.cofb.org\/#\/schema\/person\/image\/","url":"https:\/\/secure.gravatar.com\/avatar\/1721b20b3b8ca882c3b56ec6c978c594fff670e40c0718e9190eaeeb76aae7d8?s=96&d=mm&r=g","contentUrl":"https:\/\/secure.gravatar.com\/avatar\/1721b20b3b8ca882c3b56ec6c978c594fff670e40c0718e9190eaeeb76aae7d8?s=96&d=mm&r=g","caption":"wpAdminCofbOrg"},"sameAs":["http:\/\/192.168.64.122\/wordpress"],"url":"https:\/\/www.cofb.org\/ca\/author\/wpadmincofborg\/"}]}},"uagb_featured_image_src":{"full":false,"thumbnail":false,"medium":false,"medium_large":false,"large":false,"1536x1536":false,"2048x2048":false,"trp-custom-language-flag":false},"uagb_author_info":{"display_name":"wpAdminCofbOrg","author_link":"https:\/\/www.cofb.org\/ca\/author\/wpadmincofborg\/"},"uagb_comment_info":0,"uagb_excerpt":"Els passats 1 i 8 de mar\u00e7 el COFB va acollir el curs &#8220;Fitoter\u00e0pia: usos i aplicacions dels olis essencials en l&#8217;embar\u00e0s i la lact\u00e0ncia&#8221;, d&#8217;un total de sis hores de durada. Es tractava d&#8217;una formaci\u00f3 adre\u00e7ada exclusivament a professionals sanitaris amb coneixements avan\u00e7ats en olis essencials, o que haguessin [&hellip;]","_links":{"self":[{"href":"https:\/\/www.cofb.org\/ca\/wp-json\/wp\/v2\/posts\/37965","targetHints":{"allow":["GET"]}}],"collection":[{"href":"https:\/\/www.cofb.org\/ca\/wp-json\/wp\/v2\/posts"}],"about":[{"href":"https:\/\/www.cofb.org\/ca\/wp-json\/wp\/v2\/types\/post"}],"author":[{"embeddable":true,"href":"https:\/\/www.cofb.org\/ca\/wp-json\/wp\/v2\/users\/1"}],"replies":[{"embeddable":true,"href":"https:\/\/www.cofb.org\/ca\/wp-json\/wp\/v2\/comments?post=37965"}],"version-history":[{"count":0,"href":"https:\/\/www.cofb.org\/ca\/wp-json\/wp\/v2\/posts\/37965\/revisions"}],"wp:featuredmedia":[{"embeddable":true,"href":"https:\/\/www.cofb.org\/ca\/wp-json\/"}],"wp:attachment":[{"href":"https:\/\/www.cofb.org\/ca\/wp-json\/wp\/v2\/media?parent=37965"}],"wp:term":[{"taxonomy":"category","embeddable":true,"href":"https:\/\/www.cofb.org\/ca\/wp-json\/wp\/v2\/categories?post=37965"},{"taxonomy":"post_tag","embeddable":true,"href":"https:\/\/www.cofb.org\/ca\/wp-json\/wp\/v2\/tags?post=37965"}],"curies":[{"name":"wp","href":"https:\/\/api.w.org\/{rel}","templated":true}]}}