{"id":37874,"date":"2018-03-16T18:27:26","date_gmt":"2018-03-16T16:27:26","guid":{"rendered":"https:\/\/blog.cofb.cat\/?p=37874"},"modified":"2018-03-16T18:27:26","modified_gmt":"2018-03-16T16:27:26","slug":"infarma-madrid-2018-tanca-amb-gran-exit-una-edicio-marcada-per-la-innovacio","status":"publish","type":"post","link":"https:\/\/www.cofb.org\/ca\/2018\/03\/16\/infarma-madrid-2018-tanca-amb-gran-exit-una-edicio-marcada-per-la-innovacio\/","title":{"rendered":"Infarma Madrid 2018 tanca amb gran \u00e8xit una edici\u00f3 marcada per la innovaci\u00f3"},"content":{"rendered":"<p><strong>Infarma Madrid 2018 ha tancat les seves portes amb 33.850 visitants professionals -dels quals\u00a0<\/strong><strong>3.450 congressistes-<\/strong>\u00a0i <strong>387 empreses<\/strong> del sector farmac\u00e8utic. Aquest ha estat el balan\u00e7 final d&#8217;un Congr\u00e9s i Sal\u00f3 que ha esdevingut el <strong>f\u00f2rum farmac\u00e8utic de refer\u00e8ncia del sector a Espanya<\/strong>.<\/p>\n<p>Les xifres de l\u2019edici\u00f3 tamb\u00e9 inclouen <strong>m\u00e9s de 150 hores d\u2019an\u00e0lisis i debats sobre els reptes als quals s\u2019enfronta la farm\u00e0cia<\/strong> -a l\u2019hora de respondre a les necessitats d\u2019una poblaci\u00f3 m\u00e9s envellida i cr\u00f2nica- i prop de 1.000 marques exposades al llarg de tres pavellons firals d\u2019Ifema. <strong>Infarma ha assolit un nou r\u00e8cord d\u2019espai firal<\/strong>, en contractar 35.000 metres quadrats, <strong>aix\u00ed com d\u2019expositors presents.<\/strong><\/p>\n<p><a href=\"https:\/\/blog.cofb.cat\/wp-content\/uploads\/2018\/02\/Infogr\u00e0fic-Infarma-Madrid-2018.png\"><img fetchpriority=\"high\" decoding=\"async\" class=\"aligncenter size-full wp-image-37916\" src=\"https:\/\/blog.cofb.cat\/wp-content\/uploads\/2018\/02\/Infogr\u00e0fic-Infarma-Madrid-2018.png\" alt=\"\" width=\"1019\" height=\"368\" \/><\/a><\/p>\n<div class=\"ast-oembed-container \" style=\"height: 100%;\"><iframe title=\"Infarma Madrid 2018\" width=\"500\" height=\"281\" src=\"https:\/\/www.youtube.com\/embed\/Eviv1uSJ4Bw?feature=oembed\" frameborder=\"0\" allow=\"accelerometer; autoplay; clipboard-write; encrypted-media; gyroscope; picture-in-picture; web-share\" referrerpolicy=\"strict-origin-when-cross-origin\" allowfullscreen><\/iframe><\/div>\n<p>&nbsp;<\/p>\n<h1><strong>El balan\u00e7 d&#8217;Infarma 2018<\/strong><\/h1>\n<p>L\u2019acte de cloenda va comptar amb la pres\u00e8ncia del viceconseller de Sanitat de la Comunitat de Madrid i director general del Servicio Madrile\u00f1o de Salud (Sermas), Manuel Molina, el president del Colegio de Farmac\u00e9uticos de Madrid, Luis Gonz\u00e1lez i la vicepresidenta del Col\u00b7legi de Farmac\u00e8utics de Barcelona, N\u00faria Bosch.<\/p>\n<p>Luis Gonz\u00e1lez, va ressaltar<strong> la gran participaci\u00f3 registrada<\/strong> durant els tres dies de Congr\u00e9s i Sal\u00f3, que per ell \u00e9s \u201cun<strong> senyal excel\u00b7lent que el sector de la Farm\u00e0cia inverteix, est\u00e0 al dia i preparat per competir, i que aspira a seguir creixent<\/strong>\u201d.<\/p>\n<p>M\u00e9s enll\u00e0 de destacar les xifres, el president del COFM tamb\u00e9 va explicar que <strong>aquesta edici\u00f3 d&#8217;Infarma ser\u00e0 recordada pel seu car\u00e0cter innovador<\/strong> i que\u00a0acredita que \u201cla farm\u00e0cia viu enganxada a les necessitats dels ciutadans\u201d. \u201cSabem quins s\u00f3n els problemes d\u2019una poblaci\u00f3 envellida, dependent i amb malalties cr\u00f2niques, i <strong>estem demanant espai per plantejar solucions reals i efectives en col\u00b7laboraci\u00f3 amb l\u2019Administraci\u00f3, els ciutadans i la resta de professionals sanitaris<\/strong>\u201d, va apuntar.<\/p>\n<figure id=\"attachment_37926\" aria-describedby=\"caption-attachment-37926\" style=\"width: 680px\" class=\"wp-caption aligncenter\"><a href=\"https:\/\/blog.cofb.cat\/wp-content\/uploads\/2018\/03\/Clausura-Infarma-2018_diariofarma.jpg\"><img decoding=\"async\" class=\"wp-image-37926 size-full\" title=\"Fotografia de fam\u00edlia a la clausura d'Infarma 2018. Font: DiarioFarma\" src=\"https:\/\/blog.cofb.cat\/wp-content\/uploads\/2018\/03\/Clausura-Infarma-2018_diariofarma.jpg\" alt=\"Fotografia de fam\u00edlia a la clausura d'Infarma 2018. Font: DiarioFarma\" width=\"680\" height=\"453\" \/><\/a><figcaption id=\"caption-attachment-37926\" class=\"wp-caption-text\">Fotografia de fam\u00edlia a la clausura d&#8217;Infarma 2018. Font: DiarioFarma<\/figcaption><\/figure>\n<p>La intervenci\u00f3 de Gonz\u00e1lez tamb\u00e9 va incidir en l&#8217;<strong>aposta per la innovaci\u00f3<\/strong>\u00a0d\u2019un esdeveniment que \u201cha sabut renovar l\u2019inter\u00e8s que desperta amb nous escenaris com #<em>InfarmaInnova<\/em>, <em>Iniciativas de \u00e9xito<\/em> o el <em>Reto \u00c1gora<\/em> i noves activitats per seguir generant m\u00e9s valor als visitants, congressistes i expositors\u201d.<\/p>\n<p>D\u2019altra banda, N\u00faria Bosch, vicepresidenta del COFB, va agrair a tots els assistents dels 3 dies d\u2019Infarma que \u201chagin contribu\u00eft, novament, a l\u2019\u00e8xit d\u2019aquesta edici\u00f3 i hagin demostrat que <strong>som una professi\u00f3 en moviment amb ganes de seguir aportant valor al nostre entorn<\/strong>\u201d.<\/p>\n<p>Bosch tamb\u00e9 <strong>va destacar que durant el Congr\u00e9s i Sal\u00f3 s\u2019hagi respirat \u201ccompanyonia, inter\u00e8s per estar al dia de les novetats i il\u00b7lusi\u00f3 per seguir millorant la Farm\u00e0cia<\/strong>\u201d.<\/p>\n<p>&nbsp;<\/p>\n<h1><strong>Pres\u00e8ncia activa del COFB a Infarma 2018<\/strong><\/h1>\n<p>Aquesta edici\u00f3 ha tornat a posar de manifest l&#8217;estreta col\u00b7laboraci\u00f3 del Col\u00b7legi de Farmac\u00e8utics de Barcelona amb el Col\u00b7legi de Farmac\u00e8utics de Madrid i Interalia, en l&#8217;organitzaci\u00f3 d&#8217;Infarma.<br \/>\nA m\u00e9s del treball organitzatiu conjunt, el COFB va tenir pres\u00e8ncia activa en diverses activitats del Congr\u00e9s:<\/p>\n<h2><strong>Acte inaugural<\/strong><\/h2>\n<p>El 13 de mar\u00e7 va tenir lloc l\u2019acte d\u2019inauguraci\u00f3 d\u2019Infarma Madrid 2018 amb la pres\u00e8ncia del consejero de Sanidad de la Comunidad de Madrid, Enrique Ruiz Escudero. Als parlaments, la vicepresidenta del COFB va destacar que <strong>Infarma \u201c\u00e9s el punt de trobada del sector per seguir avan\u00e7ant com a professionals\u201d<\/strong> i que \u00e9s \u201cuna cita que ha sabut adaptar-se a les necessitats del sector\u201d, definint-la com a \u201c\u00fatil, enriquidora i vital\u201d.<\/p>\n<figure id=\"attachment_37921\" aria-describedby=\"caption-attachment-37921\" style=\"width: 620px\" class=\"wp-caption aligncenter\"><a href=\"https:\/\/blog.cofb.cat\/wp-content\/uploads\/2018\/03\/Inauguraci\u00f3-Infarma.jpg\"><img decoding=\"async\" class=\"wp-image-37921 size-large\" title=\"\u00d3scar L\u00f3pez, vocal de Titulares de Oficinas de Farm\u00e0cia del COFM; N\u00faria Bosch, vicepresidenta del COFB; Luis Gonz\u00e1lez, president del COFM; Jes\u00fas Aguilar, president del Consejo General; i Enrique Ruiz, consejero de Sanidad de la Comunidad de Madrid.\" src=\"https:\/\/blog.cofb.cat\/wp-content\/uploads\/2018\/03\/Inauguraci\u00f3-Infarma-1024x710.jpg\" alt=\"\u00d3scar L\u00f3pez, vocal de Titulares de Oficinas de Farm\u00e0cia del COFM; N\u00faria Bosch, vicepresidenta del COFB; Luis Gonz\u00e1lez, president del COFM; Jes\u00fas Aguilar, president del Consejo General; i Enrique Ruiz, consejero de Sanidad de la Comunidad de Madrid.\" width=\"620\" height=\"430\" \/><\/a><figcaption id=\"caption-attachment-37921\" class=\"wp-caption-text\">\u00d3scar L\u00f3pez, vocal de Titulares de Oficinas de Farm\u00e0cia del COFM; N\u00faria Bosch, vicepresidenta del COFB; Luis Gonz\u00e1lez, president del COFM; Jes\u00fas Aguilar, president del Consejo General; i Enrique Ruiz, consejero de Sanidad de la Comunidad de Madrid.<\/figcaption><\/figure>\n<h2><strong>Beneficis de la tecnologia a l&#8217;oficina de farm\u00e0cia<\/strong><\/h2>\n<p>Joan Calduch, tresorer del COFB, va ser l\u2019encarregat d\u2019introduir la confer\u00e8ncia \u201c\u00bfQu\u00e9 beneficios aportan las tecnolog\u00edas en la oficina de farmacia?\u201d.<\/p>\n<figure id=\"attachment_37907\" aria-describedby=\"caption-attachment-37907\" style=\"width: 966px\" class=\"wp-caption aligncenter\"><a href=\"https:\/\/blog.cofb.cat\/wp-content\/uploads\/2018\/03\/Beneficis-Tecnologia_edited.jpg\"><img loading=\"lazy\" decoding=\"async\" class=\"wp-image-37907 size-full\" title=\"Joan Calduch, tresorer del COFB, durant la seva presentaci\u00f3 de la confer\u00e8ncia.\" src=\"https:\/\/blog.cofb.cat\/wp-content\/uploads\/2018\/03\/Beneficis-Tecnologia_edited.jpg\" alt=\"Joan Calduch, tresorer del COFB, durant la seva presentaci\u00f3 de la confer\u00e8ncia.\" width=\"966\" height=\"640\" \/><\/a><figcaption id=\"caption-attachment-37907\" class=\"wp-caption-text\">Joan Calduch durant la seva presentaci\u00f3 de la confer\u00e8ncia.<\/figcaption><\/figure>\n<h2><strong>Com, quan i per qu\u00e8 accedir a la hist\u00f2ria cl\u00ednica?<\/strong><\/h2>\n<p>Francisca Aranzana, vocal d&#8217;Oficina de Farm\u00e0cia del COFB, va presentar la confer\u00e8ncia &#8220;Acceso a la historia cl\u00ednica: c\u00f3mo,cu\u00e1ndo y por qu\u00e9&#8221; que va comptar amb la participaci\u00f3 de Merc\u00e8 Gras, directora de l&#8217;\u00c0rea Jur\u00eddica, Administrativa, Deontol\u00f2gica i d&#8217;Inspecci\u00f3 del COFB.<\/p>\n<figure id=\"attachment_37901\" aria-describedby=\"caption-attachment-37901\" style=\"width: 882px\" class=\"wp-caption aligncenter\"><a href=\"https:\/\/blog.cofb.cat\/wp-content\/uploads\/2018\/03\/Hist\u00f2ria-cl\u00ednica.jpg\"><img loading=\"lazy\" decoding=\"async\" class=\"wp-image-37901 size-full\" title=\"Francisca Aranzana i Merc\u00e8 Gras en un moment de la confer\u00e8ncia.\" src=\"https:\/\/blog.cofb.cat\/wp-content\/uploads\/2018\/03\/Hist\u00f2ria-cl\u00ednica.jpg\" alt=\"Francisca Aranzana i Merc\u00e8 Gras en un moment de la confer\u00e8ncia.\" width=\"882\" height=\"563\" \/><\/a><figcaption id=\"caption-attachment-37901\" class=\"wp-caption-text\">Francisca Aranzana i Merc\u00e8 Gras en un moment de la confer\u00e8ncia.<\/figcaption><\/figure>\n<h2><strong>Reto \u00c1gora<\/strong><\/h2>\n<p>Aina Surroca, vocal de la Junta de Govern del COFB i responsable de la Comissi\u00f3 Delegada de Formaci\u00f3 Continuada , va inaugurar amb la xerrada \u201cViajero. Destino Vietnam\u201d,\u00a0 l\u2019activitat impulsada per \u00c1gora Sanit\u00e0ria, que sota el nom de \u201c<strong>Reto \u00c1gora<\/strong>\u201d, va posar a prova els coneixements dels farmac\u00e8utics en diferents casos pr\u00e0ctics relacionats amb l&#8217;oficina de farm\u00e0cia.<\/p>\n<figure id=\"attachment_37904\" aria-describedby=\"caption-attachment-37904\" style=\"width: 930px\" class=\"wp-caption aligncenter\"><a href=\"https:\/\/blog.cofb.cat\/wp-content\/uploads\/2018\/03\/Reto-\u00c1gora-Aina-Surroca_Infarma.jpg\"><img loading=\"lazy\" decoding=\"async\" class=\"wp-image-37904 size-full\" title=\"Aina Surroca, vocal del COFB i responsable de la Comissi\u00f3 Delegada de Formaci\u00f3 Continuada, abans de comen\u00e7ar la seva xerrada.\" src=\"https:\/\/blog.cofb.cat\/wp-content\/uploads\/2018\/03\/Reto-\u00c1gora-Aina-Surroca_Infarma.jpg\" alt=\"Aina Surroca, vocal del COFB i responsable de la Comissi\u00f3 Delegada de Formaci\u00f3 Continuada, abans de comen\u00e7ar la seva xerrada.\" width=\"930\" height=\"670\" \/><\/a><figcaption id=\"caption-attachment-37904\" class=\"wp-caption-text\">Aina Surroca abans de comen\u00e7ar la seva xerrada.<\/figcaption><\/figure>\n<h2>\u00a0<strong>Recertificaci\u00f3 competencial del professional<\/strong><\/h2>\n<p>N\u00faria Bosch, va ser l\u2019encarregada de presentar la confer\u00e8ncia \u201cRecertificaci\u00f3n competencial de los profesionales\u201d , que va comptar amb la participaci\u00f3 del vicepresident de l\u2019Associaci\u00f3 Espanyola de Dret Sanitari, Julio S\u00e1nchez Fierro<\/p>\n<figure id=\"attachment_37905\" aria-describedby=\"caption-attachment-37905\" style=\"width: 595px\" class=\"wp-caption aligncenter\"><a href=\"https:\/\/blog.cofb.cat\/wp-content\/uploads\/2018\/03\/Recertificaci\u00f3-competencial_IMFarmacias.jpg\"><img loading=\"lazy\" decoding=\"async\" class=\"wp-image-37905 size-full\" title=\"Julio S\u00e1nchez Fierro i N\u00faria Bosch abans d'arrencar la confer\u00e8ncia. Font: IMFarmacias\" src=\"https:\/\/blog.cofb.cat\/wp-content\/uploads\/2018\/03\/Recertificaci\u00f3-competencial_IMFarmacias.jpg\" alt=\"Julio S\u00e1nchez Fierro i N\u00faria Bosch abans d'arrencar la confer\u00e8ncia. Font: IMFarmacias\" width=\"595\" height=\"386\" \/><\/a><figcaption id=\"caption-attachment-37905\" class=\"wp-caption-text\">Julio S\u00e1nchez Fierro i N\u00faria Bosch abans d&#8217;arrencar la confer\u00e8ncia. Font: IMFarmacias<\/figcaption><\/figure>\n<h2><strong>Qu\u00e8 es pot fer des de la farm\u00e0cia davant la resist\u00e8ncia als antibi\u00f3tics?<\/strong><\/h2>\n<p>\u201cResistencia a los antibi\u00f3ticos: Panorama actual y qu\u00e9 podemos hacer desde la farmacia&#8221; va ser el t\u00edtol de la taula moderada per Pilar Gasc\u00f3n, vocal d\u2019Investigaci\u00f3 i Doc\u00e8ncia del COFB i secret\u00e0ria del Consell de Col\u00b7legis Farmac\u00e8utics de Catalunya, a la qual van participar Guillermo Bagaria, vicetresorer i responsable de Projectes Professionals del COFB,i Rafel Guayta-Escolies, director de Projectes i Recerca del Consell de Col\u00b7legis Farmac\u00e8utics de Catalunya.<\/p>\n<figure id=\"attachment_37910\" aria-describedby=\"caption-attachment-37910\" style=\"width: 642px\" class=\"wp-caption aligncenter\"><a href=\"https:\/\/blog.cofb.cat\/wp-content\/uploads\/2018\/03\/Resistencia-Antibi\u00f2tics_El-Global__edited.jpg\"><img loading=\"lazy\" decoding=\"async\" class=\"wp-image-37910 size-full\" title=\"Guillermo Bagaria, Rafel Guayta-Escolies i Pilar Gasc\u00f3n durant la taula sobre antibi\u00f2tics celebrada a Infarma. Font: El Global\" src=\"https:\/\/blog.cofb.cat\/wp-content\/uploads\/2018\/03\/Resistencia-Antibi\u00f2tics_El-Global__edited.jpg\" alt=\"Guillermo Bagaria, Rafel Guayta-Escolies i Pilar Gasc\u00f3n durant la taula sobre antibi\u00f2tics celebrada a Infarma. Font: El Global\" width=\"642\" height=\"350\" \/><\/a><figcaption id=\"caption-attachment-37910\" class=\"wp-caption-text\">Guillermo Bagaria, Rafel Guayta-Escolies i Pilar Gasc\u00f3n durant la taula sobre antibi\u00f2tics celebrada a Infarma. Font: El Global<\/figcaption><\/figure>\n<h2><strong>Clausura del Congr\u00e9s<\/strong><\/h2>\n<p>Durant l&#8217;acte de clausura, el president del Colegio de Farmac\u00e9uticos de Madrid, Luis Gonz\u00e1lez va cedir el testimoni de l&#8217;organitzaci\u00f3 d&#8217;Infarma 2019 a la vicepresidenta del Col\u00b7legi de Farmac\u00e8utics de Barcelona, N\u00faria Bosch.<\/p>\n<figure id=\"attachment_37912\" aria-describedby=\"caption-attachment-37912\" style=\"width: 620px\" class=\"wp-caption aligncenter\"><a href=\"https:\/\/blog.cofb.cat\/wp-content\/uploads\/2018\/03\/Clausura-Infarma-2018.jpg\"><img loading=\"lazy\" decoding=\"async\" class=\"wp-image-37912 size-large\" title=\"Manuel Molina, viceconsejero de Sanidad de la Comunidad de Madrid, N\u00faria Bosch, vicepresidenta del COFB i Luis Gonz\u00e1lez, president del COFM.\" src=\"https:\/\/blog.cofb.cat\/wp-content\/uploads\/2018\/03\/Clausura-Infarma-2018-1024x755.jpg\" alt=\"Manuel Molina, viceconsejero de Sanidad de la Comunidad de Madrid, N\u00faria Bosch, vicepresidenta del COFB i Luis Gonz\u00e1lez, president del COFM.\" width=\"620\" height=\"457\" \/><\/a><figcaption id=\"caption-attachment-37912\" class=\"wp-caption-text\">Manuel Molina, viceconsejero de Sanidad de la Comunidad de Madrid, N\u00faria Bosch, vicepresidenta del COFB i Luis Gonz\u00e1lez, president del COFM.<\/figcaption><\/figure>\n<p><strong><div class=\"box note\"><\/strong><\/p>\n<h1><strong>Infarma Barcelona 2019 ja t\u00e9 dates<\/strong><\/h1>\n<p>La pr\u00f2xima edici\u00f3 <strong>se celebrar\u00e0 a Barcelona\u00a0<span style=\"color: #ff0000;\">NOVES DATES! Del 19 al 21 de mar\u00e7 de 2019.<\/span>\u00a0\u00a0<\/strong><del>del 12 al 14 de mar\u00e7 de 2019<\/del>.<br \/>\nA l&#8217;acte de clausura el Colegio de Madrid va cedir el testimoni al Col\u00b7legi de Barcelona. N\u00faria Bosch, va fer refer\u00e8ncia a aquesta pr\u00f2xima cita amb Infarma, que se celebrar\u00e0 a la capital catalana. \u201cAra, a Barcelona, <strong>tenim un doble repte: fer un any m\u00e9s savi el Congr\u00e9s i Sal\u00f3 i contribuir a la seva evoluci\u00f3<\/strong>, amb la mirada posada en el pacient i en el <strong>valor afegit que podem aportar com a professionals sanitaris, m\u00e9s enll\u00e0 de la dispensaci\u00f3<\/strong>, per tal de millorar els resultats de salut\u201d. <strong><\/div><\/strong><\/p>\n<p><strong>M\u00e9s informaci\u00f3 sobre Infarma 2018:<\/strong><\/p>\n<ul>\n<li><a href=\"http:\/\/infarma.es\/prensa-videos-y-fotos\" target=\"_blank\" rel=\"noopener\">Consultar tots els v\u00eddeos i fotos d&#8217;Infarma 2018<\/a><\/li>\n<li><a href=\"http:\/\/infarma.es\/prensa-noticias\" target=\"_blank\" rel=\"noopener\">Consultar totes les notes de premsa d&#8217;Infarma al web oficial<\/a><\/li>\n<li>Pots seguir el que <a href=\"https:\/\/twitter.com\/search?f=tweets&amp;vertical=default&amp;q=%23infarma2018%20from%3A%40farmaceuticsbcn&amp;src=typd\" target=\"_blank\" rel=\"noopener\">@farmaceuticsbcn ha publicat a Twitter relacionat amb\u00a0#Infarma2018<\/a><\/li>\n<\/ul>\n","protected":false},"excerpt":{"rendered":"<p>Infarma Madrid 2018 ha tancat les seves portes amb 33.850 visitants professionals -dels quals\u00a03.450 congressistes-\u00a0i 387 empreses del sector farmac\u00e8utic. Aquest ha estat el balan\u00e7 final d&#8217;un Congr\u00e9s i Sal\u00f3 que ha esdevingut el f\u00f2rum farmac\u00e8utic de refer\u00e8ncia del sector a Espanya. Les xifres de l\u2019edici\u00f3 tamb\u00e9 inclouen m\u00e9s de [&hellip;]<\/p>\n","protected":false},"author":1,"featured_media":37908,"comment_status":"open","ping_status":"open","sticky":false,"template":"","format":"standard","meta":{"_uag_custom_page_level_css":"","site-sidebar-layout":"default","site-content-layout":"","ast-site-content-layout":"default","site-content-style":"default","site-sidebar-style":"default","ast-global-header-display":"","ast-banner-title-visibility":"","ast-main-header-display":"","ast-hfb-above-header-display":"","ast-hfb-below-header-display":"","ast-hfb-mobile-header-display":"","site-post-title":"","ast-breadcrumbs-content":"","ast-featured-img":"disabled","footer-sml-layout":"","theme-transparent-header-meta":"","adv-header-id-meta":"","stick-header-meta":"","header-above-stick-meta":"","header-main-stick-meta":"","header-below-stick-meta":"","astra-migrate-meta-layouts":"default","ast-page-background-enabled":"default","ast-page-background-meta":{"desktop":{"background-color":"var(--ast-global-color-4)","background-image":"","background-repeat":"repeat","background-position":"center center","background-size":"auto","background-attachment":"scroll","background-type":"","background-media":"","overlay-type":"","overlay-color":"","overlay-opacity":"","overlay-gradient":""},"tablet":{"background-color":"","background-image":"","background-repeat":"repeat","background-position":"center center","background-size":"auto","background-attachment":"scroll","background-type":"","background-media":"","overlay-type":"","overlay-color":"","overlay-opacity":"","overlay-gradient":""},"mobile":{"background-color":"","background-image":"","background-repeat":"repeat","background-position":"center center","background-size":"auto","background-attachment":"scroll","background-type":"","background-media":"","overlay-type":"","overlay-color":"","overlay-opacity":"","overlay-gradient":""}},"ast-content-background-meta":{"desktop":{"background-color":"var(--ast-global-color-5)","background-image":"","background-repeat":"repeat","background-position":"center center","background-size":"auto","background-attachment":"scroll","background-type":"","background-media":"","overlay-type":"","overlay-color":"","overlay-opacity":"","overlay-gradient":""},"tablet":{"background-color":"var(--ast-global-color-5)","background-image":"","background-repeat":"repeat","background-position":"center center","background-size":"auto","background-attachment":"scroll","background-type":"","background-media":"","overlay-type":"","overlay-color":"","overlay-opacity":"","overlay-gradient":""},"mobile":{"background-color":"var(--ast-global-color-5)","background-image":"","background-repeat":"repeat","background-position":"center center","background-size":"auto","background-attachment":"scroll","background-type":"","background-media":"","overlay-type":"","overlay-color":"","overlay-opacity":"","overlay-gradient":""}},"footnotes":""},"categories":[23,2165],"tags":[18,110,19,940,111,53,68,28,2890,164,2990,509],"class_list":["post-37874","post","type-post","status-publish","format-standard","has-post-thumbnail","hentry","category-destacats","category-infarma","tag-cofb","tag-cofm","tag-collegi-de-farmaceutics-de-barcelona","tag-conferencies","tag-congres","tag-farmaceutics","tag-farmacia","tag-infarma","tag-infarma-madrid-2018","tag-infarma-solidari","tag-infarmainnova","tag-salo"],"yoast_head":"<!-- This site is optimized with the Yoast SEO plugin v22.4 - https:\/\/yoast.com\/wordpress\/plugins\/seo\/ -->\n<title>Infarma Madrid 2018 tanca amb gran \u00e8xit una edici\u00f3 marcada per la innovaci\u00f3 - Col\u00b7legi de Farmac\u00e8utics de Barcelona<\/title>\n<meta name=\"description\" content=\"Infarma Madrid 2018 ha tancat les seves portes amb 33.850 visitants professionals -dels quals\u00a03.450 congressistes-\u00a0 i 387 empreses del sector farmac\u00e8utic. Aquest ha estat el balan\u00e7 final d un Congr\u00e9s i Sal\u00f3 que ha esdevingut el f\u00f2rum farmac\u00e8utic de refer\u00e8ncia del sector a Espanya.\" \/>\n<meta name=\"robots\" content=\"index, follow, max-snippet:-1, max-image-preview:large, max-video-preview:-1\" \/>\n<link rel=\"canonical\" href=\"https:\/\/www.cofb.org\/ca\/2018\/03\/16\/infarma-madrid-2018-tanca-amb-gran-exit-una-edicio-marcada-per-la-innovacio\/\" \/>\n<meta property=\"og:locale\" content=\"ca_ES\" \/>\n<meta property=\"og:type\" content=\"article\" \/>\n<meta property=\"og:title\" content=\"Infarma Madrid 2018 tanca amb gran \u00e8xit una edici\u00f3 marcada per la innovaci\u00f3 - Col\u00b7legi de Farmac\u00e8utics de Barcelona\" \/>\n<meta property=\"og:description\" content=\"Infarma Madrid 2018 ha tancat les seves portes amb 33.850 visitants professionals -dels quals\u00a03.450 congressistes-\u00a0 i 387 empreses del sector farmac\u00e8utic. Aquest ha estat el balan\u00e7 final d un Congr\u00e9s i Sal\u00f3 que ha esdevingut el f\u00f2rum farmac\u00e8utic de refer\u00e8ncia del sector a Espanya.\" \/>\n<meta property=\"og:url\" content=\"https:\/\/www.cofb.org\/ca\/2018\/03\/16\/infarma-madrid-2018-tanca-amb-gran-exit-una-edicio-marcada-per-la-innovacio\/\" \/>\n<meta property=\"og:site_name\" content=\"Col\u00b7legi de Farmac\u00e8utics de Barcelona\" \/>\n<meta property=\"article:publisher\" content=\"https:\/\/www.facebook.com\/farmaceuticsbcn\/\" \/>\n<meta property=\"article:published_time\" content=\"2018-03-16T16:27:26+00:00\" \/>\n<meta name=\"author\" content=\"wpAdminCofbOrg\" \/>\n<meta name=\"twitter:card\" content=\"summary_large_image\" \/>\n<meta name=\"twitter:creator\" content=\"@farmaceuticsbcn\" \/>\n<meta name=\"twitter:site\" content=\"@farmaceuticsbcn\" \/>\n<meta name=\"twitter:label1\" content=\"Escrit per\" \/>\n\t<meta name=\"twitter:data1\" content=\"wpAdminCofbOrg\" \/>\n\t<meta name=\"twitter:label2\" content=\"Temps estimat de lectura\" \/>\n\t<meta name=\"twitter:data2\" content=\"6 minuts\" \/>\n<script type=\"application\/ld+json\" class=\"yoast-schema-graph\">{\"@context\":\"https:\/\/schema.org\",\"@graph\":[{\"@type\":\"Article\",\"@id\":\"https:\/\/www.cofb.org\/2018\/03\/16\/infarma-madrid-2018-tanca-amb-gran-exit-una-edicio-marcada-per-la-innovacio\/#article\",\"isPartOf\":{\"@id\":\"https:\/\/www.cofb.org\/2018\/03\/16\/infarma-madrid-2018-tanca-amb-gran-exit-una-edicio-marcada-per-la-innovacio\/\"},\"author\":{\"name\":\"wpAdminCofbOrg\",\"@id\":\"https:\/\/www.cofb.org\/#\/schema\/person\/22ed7eea88da74b0fa4d3154ad87ffcb\"},\"headline\":\"Infarma Madrid 2018 tanca amb gran \u00e8xit una edici\u00f3 marcada per la innovaci\u00f3\",\"datePublished\":\"2018-03-16T16:27:26+00:00\",\"dateModified\":\"2018-03-16T16:27:26+00:00\",\"mainEntityOfPage\":{\"@id\":\"https:\/\/www.cofb.org\/2018\/03\/16\/infarma-madrid-2018-tanca-amb-gran-exit-una-edicio-marcada-per-la-innovacio\/\"},\"wordCount\":1307,\"commentCount\":0,\"publisher\":{\"@id\":\"https:\/\/www.cofb.org\/#organization\"},\"image\":{\"@id\":\"https:\/\/www.cofb.org\/2018\/03\/16\/infarma-madrid-2018-tanca-amb-gran-exit-una-edicio-marcada-per-la-innovacio\/#primaryimage\"},\"thumbnailUrl\":\"\",\"keywords\":[\"COFB\",\"COFM\",\"Col\u00b7legi de Farmac\u00e8utics de Barcelona\",\"Confer\u00e8ncies\",\"Congr\u00e8s\",\"farmac\u00e8utics\",\"Farm\u00e0cia\",\"Infarma\",\"Infarma Madrid 2018\",\"Infarma Solidari\",\"InfarmaInnova\",\"Sal\u00f3\"],\"articleSection\":[\"Destacats\",\"Infarma\"],\"inLanguage\":\"ca\",\"potentialAction\":[{\"@type\":\"CommentAction\",\"name\":\"Comment\",\"target\":[\"https:\/\/www.cofb.org\/2018\/03\/16\/infarma-madrid-2018-tanca-amb-gran-exit-una-edicio-marcada-per-la-innovacio\/#respond\"]}]},{\"@type\":\"WebPage\",\"@id\":\"https:\/\/www.cofb.org\/2018\/03\/16\/infarma-madrid-2018-tanca-amb-gran-exit-una-edicio-marcada-per-la-innovacio\/\",\"url\":\"https:\/\/www.cofb.org\/2018\/03\/16\/infarma-madrid-2018-tanca-amb-gran-exit-una-edicio-marcada-per-la-innovacio\/\",\"name\":\"Infarma Madrid 2018 tanca amb gran \u00e8xit una edici\u00f3 marcada per la innovaci\u00f3 - Col\u00b7legi de Farmac\u00e8utics de Barcelona\",\"isPartOf\":{\"@id\":\"https:\/\/www.cofb.org\/#website\"},\"primaryImageOfPage\":{\"@id\":\"https:\/\/www.cofb.org\/2018\/03\/16\/infarma-madrid-2018-tanca-amb-gran-exit-una-edicio-marcada-per-la-innovacio\/#primaryimage\"},\"image\":{\"@id\":\"https:\/\/www.cofb.org\/2018\/03\/16\/infarma-madrid-2018-tanca-amb-gran-exit-una-edicio-marcada-per-la-innovacio\/#primaryimage\"},\"thumbnailUrl\":\"\",\"datePublished\":\"2018-03-16T16:27:26+00:00\",\"dateModified\":\"2018-03-16T16:27:26+00:00\",\"description\":\"Infarma Madrid 2018 ha tancat les seves portes amb 33.850 visitants professionals -dels quals\u00a03.450 congressistes-\u00a0 i 387 empreses del sector farmac\u00e8utic. Aquest ha estat el balan\u00e7 final d un Congr\u00e9s i Sal\u00f3 que ha esdevingut el f\u00f2rum farmac\u00e8utic de refer\u00e8ncia del sector a Espanya.\",\"breadcrumb\":{\"@id\":\"https:\/\/www.cofb.org\/2018\/03\/16\/infarma-madrid-2018-tanca-amb-gran-exit-una-edicio-marcada-per-la-innovacio\/#breadcrumb\"},\"inLanguage\":\"ca\",\"potentialAction\":[{\"@type\":\"ReadAction\",\"target\":[\"https:\/\/www.cofb.org\/2018\/03\/16\/infarma-madrid-2018-tanca-amb-gran-exit-una-edicio-marcada-per-la-innovacio\/\"]}]},{\"@type\":\"ImageObject\",\"inLanguage\":\"ca\",\"@id\":\"https:\/\/www.cofb.org\/2018\/03\/16\/infarma-madrid-2018-tanca-amb-gran-exit-una-edicio-marcada-per-la-innovacio\/#primaryimage\",\"url\":\"\",\"contentUrl\":\"\"},{\"@type\":\"BreadcrumbList\",\"@id\":\"https:\/\/www.cofb.org\/2018\/03\/16\/infarma-madrid-2018-tanca-amb-gran-exit-una-edicio-marcada-per-la-innovacio\/#breadcrumb\",\"itemListElement\":[{\"@type\":\"ListItem\",\"position\":1,\"name\":\"Inici\",\"item\":\"https:\/\/novaorg.cofb.net\/\"},{\"@type\":\"ListItem\",\"position\":2,\"name\":\"Infarma Madrid 2018 tanca amb gran \u00e8xit una edici\u00f3 marcada per la innovaci\u00f3\"}]},{\"@type\":\"WebSite\",\"@id\":\"https:\/\/www.cofb.org\/#website\",\"url\":\"https:\/\/www.cofb.org\/\",\"name\":\"Col\u00b7legi de Farmac\u00e8utics de Barcelona\",\"description\":\"\",\"publisher\":{\"@id\":\"https:\/\/www.cofb.org\/#organization\"},\"potentialAction\":[{\"@type\":\"SearchAction\",\"target\":{\"@type\":\"EntryPoint\",\"urlTemplate\":\"https:\/\/www.cofb.org\/?s={search_term_string}\"},\"query-input\":\"required name=search_term_string\"}],\"inLanguage\":\"ca\"},{\"@type\":\"Organization\",\"@id\":\"https:\/\/www.cofb.org\/#organization\",\"name\":\"Col\u00b7legi de Farmac\u00e8utics de Barcelona\",\"url\":\"https:\/\/www.cofb.org\/\",\"logo\":{\"@type\":\"ImageObject\",\"inLanguage\":\"ca\",\"@id\":\"https:\/\/www.cofb.org\/#\/schema\/logo\/image\/\",\"url\":\"https:\/\/www.cofb.org\/wp-content\/uploads\/2023\/11\/cropped-Logotip-COFB.png\",\"contentUrl\":\"https:\/\/www.cofb.org\/wp-content\/uploads\/2023\/11\/cropped-Logotip-COFB.png\",\"width\":500,\"height\":105,\"caption\":\"Col\u00b7legi de Farmac\u00e8utics de Barcelona\"},\"image\":{\"@id\":\"https:\/\/www.cofb.org\/#\/schema\/logo\/image\/\"},\"sameAs\":[\"https:\/\/www.facebook.com\/farmaceuticsbcn\/\",\"https:\/\/twitter.com\/farmaceuticsbcn\",\"https:\/\/www.instagram.com\/farmaceuticsbcn\/\",\"https:\/\/www.linkedin.com\/company\/farmaceuticsbcn\/\"]},{\"@type\":\"Person\",\"@id\":\"https:\/\/www.cofb.org\/#\/schema\/person\/22ed7eea88da74b0fa4d3154ad87ffcb\",\"name\":\"wpAdminCofbOrg\",\"image\":{\"@type\":\"ImageObject\",\"inLanguage\":\"ca\",\"@id\":\"https:\/\/www.cofb.org\/#\/schema\/person\/image\/\",\"url\":\"https:\/\/secure.gravatar.com\/avatar\/1721b20b3b8ca882c3b56ec6c978c594fff670e40c0718e9190eaeeb76aae7d8?s=96&d=mm&r=g\",\"contentUrl\":\"https:\/\/secure.gravatar.com\/avatar\/1721b20b3b8ca882c3b56ec6c978c594fff670e40c0718e9190eaeeb76aae7d8?s=96&d=mm&r=g\",\"caption\":\"wpAdminCofbOrg\"},\"sameAs\":[\"http:\/\/192.168.64.122\/wordpress\"],\"url\":\"https:\/\/www.cofb.org\/ca\/author\/wpadmincofborg\/\"}]}<\/script>\n<!-- \/ Yoast SEO plugin. -->","yoast_head_json":{"title":"Infarma Madrid 2018 tanca amb gran \u00e8xit una edici\u00f3 marcada per la innovaci\u00f3 - Col\u00b7legi de Farmac\u00e8utics de Barcelona","description":"Infarma Madrid 2018 ha tancat les seves portes amb 33.850 visitants professionals -dels quals\u00a03.450 congressistes-\u00a0 i 387 empreses del sector farmac\u00e8utic. Aquest ha estat el balan\u00e7 final d un Congr\u00e9s i Sal\u00f3 que ha esdevingut el f\u00f2rum farmac\u00e8utic de refer\u00e8ncia del sector a Espanya.","robots":{"index":"index","follow":"follow","max-snippet":"max-snippet:-1","max-image-preview":"max-image-preview:large","max-video-preview":"max-video-preview:-1"},"canonical":"https:\/\/www.cofb.org\/ca\/2018\/03\/16\/infarma-madrid-2018-tanca-amb-gran-exit-una-edicio-marcada-per-la-innovacio\/","og_locale":"ca_ES","og_type":"article","og_title":"Infarma Madrid 2018 tanca amb gran \u00e8xit una edici\u00f3 marcada per la innovaci\u00f3 - Col\u00b7legi de Farmac\u00e8utics de Barcelona","og_description":"Infarma Madrid 2018 ha tancat les seves portes amb 33.850 visitants professionals -dels quals\u00a03.450 congressistes-\u00a0 i 387 empreses del sector farmac\u00e8utic. Aquest ha estat el balan\u00e7 final d un Congr\u00e9s i Sal\u00f3 que ha esdevingut el f\u00f2rum farmac\u00e8utic de refer\u00e8ncia del sector a Espanya.","og_url":"https:\/\/www.cofb.org\/ca\/2018\/03\/16\/infarma-madrid-2018-tanca-amb-gran-exit-una-edicio-marcada-per-la-innovacio\/","og_site_name":"Col\u00b7legi de Farmac\u00e8utics de Barcelona","article_publisher":"https:\/\/www.facebook.com\/farmaceuticsbcn\/","article_published_time":"2018-03-16T16:27:26+00:00","author":"wpAdminCofbOrg","twitter_card":"summary_large_image","twitter_creator":"@farmaceuticsbcn","twitter_site":"@farmaceuticsbcn","twitter_misc":{"Escrit per":"wpAdminCofbOrg","Temps estimat de lectura":"6 minuts"},"schema":{"@context":"https:\/\/schema.org","@graph":[{"@type":"Article","@id":"https:\/\/www.cofb.org\/2018\/03\/16\/infarma-madrid-2018-tanca-amb-gran-exit-una-edicio-marcada-per-la-innovacio\/#article","isPartOf":{"@id":"https:\/\/www.cofb.org\/2018\/03\/16\/infarma-madrid-2018-tanca-amb-gran-exit-una-edicio-marcada-per-la-innovacio\/"},"author":{"name":"wpAdminCofbOrg","@id":"https:\/\/www.cofb.org\/#\/schema\/person\/22ed7eea88da74b0fa4d3154ad87ffcb"},"headline":"Infarma Madrid 2018 tanca amb gran \u00e8xit una edici\u00f3 marcada per la innovaci\u00f3","datePublished":"2018-03-16T16:27:26+00:00","dateModified":"2018-03-16T16:27:26+00:00","mainEntityOfPage":{"@id":"https:\/\/www.cofb.org\/2018\/03\/16\/infarma-madrid-2018-tanca-amb-gran-exit-una-edicio-marcada-per-la-innovacio\/"},"wordCount":1307,"commentCount":0,"publisher":{"@id":"https:\/\/www.cofb.org\/#organization"},"image":{"@id":"https:\/\/www.cofb.org\/2018\/03\/16\/infarma-madrid-2018-tanca-amb-gran-exit-una-edicio-marcada-per-la-innovacio\/#primaryimage"},"thumbnailUrl":"","keywords":["COFB","COFM","Col\u00b7legi de Farmac\u00e8utics de Barcelona","Confer\u00e8ncies","Congr\u00e8s","farmac\u00e8utics","Farm\u00e0cia","Infarma","Infarma Madrid 2018","Infarma Solidari","InfarmaInnova","Sal\u00f3"],"articleSection":["Destacats","Infarma"],"inLanguage":"ca","potentialAction":[{"@type":"CommentAction","name":"Comment","target":["https:\/\/www.cofb.org\/2018\/03\/16\/infarma-madrid-2018-tanca-amb-gran-exit-una-edicio-marcada-per-la-innovacio\/#respond"]}]},{"@type":"WebPage","@id":"https:\/\/www.cofb.org\/2018\/03\/16\/infarma-madrid-2018-tanca-amb-gran-exit-una-edicio-marcada-per-la-innovacio\/","url":"https:\/\/www.cofb.org\/2018\/03\/16\/infarma-madrid-2018-tanca-amb-gran-exit-una-edicio-marcada-per-la-innovacio\/","name":"Infarma Madrid 2018 tanca amb gran \u00e8xit una edici\u00f3 marcada per la innovaci\u00f3 - Col\u00b7legi de Farmac\u00e8utics de Barcelona","isPartOf":{"@id":"https:\/\/www.cofb.org\/#website"},"primaryImageOfPage":{"@id":"https:\/\/www.cofb.org\/2018\/03\/16\/infarma-madrid-2018-tanca-amb-gran-exit-una-edicio-marcada-per-la-innovacio\/#primaryimage"},"image":{"@id":"https:\/\/www.cofb.org\/2018\/03\/16\/infarma-madrid-2018-tanca-amb-gran-exit-una-edicio-marcada-per-la-innovacio\/#primaryimage"},"thumbnailUrl":"","datePublished":"2018-03-16T16:27:26+00:00","dateModified":"2018-03-16T16:27:26+00:00","description":"Infarma Madrid 2018 ha tancat les seves portes amb 33.850 visitants professionals -dels quals\u00a03.450 congressistes-\u00a0 i 387 empreses del sector farmac\u00e8utic. Aquest ha estat el balan\u00e7 final d un Congr\u00e9s i Sal\u00f3 que ha esdevingut el f\u00f2rum farmac\u00e8utic de refer\u00e8ncia del sector a Espanya.","breadcrumb":{"@id":"https:\/\/www.cofb.org\/2018\/03\/16\/infarma-madrid-2018-tanca-amb-gran-exit-una-edicio-marcada-per-la-innovacio\/#breadcrumb"},"inLanguage":"ca","potentialAction":[{"@type":"ReadAction","target":["https:\/\/www.cofb.org\/2018\/03\/16\/infarma-madrid-2018-tanca-amb-gran-exit-una-edicio-marcada-per-la-innovacio\/"]}]},{"@type":"ImageObject","inLanguage":"ca","@id":"https:\/\/www.cofb.org\/2018\/03\/16\/infarma-madrid-2018-tanca-amb-gran-exit-una-edicio-marcada-per-la-innovacio\/#primaryimage","url":"","contentUrl":""},{"@type":"BreadcrumbList","@id":"https:\/\/www.cofb.org\/2018\/03\/16\/infarma-madrid-2018-tanca-amb-gran-exit-una-edicio-marcada-per-la-innovacio\/#breadcrumb","itemListElement":[{"@type":"ListItem","position":1,"name":"Inici","item":"https:\/\/novaorg.cofb.net\/"},{"@type":"ListItem","position":2,"name":"Infarma Madrid 2018 tanca amb gran \u00e8xit una edici\u00f3 marcada per la innovaci\u00f3"}]},{"@type":"WebSite","@id":"https:\/\/www.cofb.org\/#website","url":"https:\/\/www.cofb.org\/","name":"Col\u00b7legi de Farmac\u00e8utics de Barcelona","description":"","publisher":{"@id":"https:\/\/www.cofb.org\/#organization"},"potentialAction":[{"@type":"SearchAction","target":{"@type":"EntryPoint","urlTemplate":"https:\/\/www.cofb.org\/?s={search_term_string}"},"query-input":"required name=search_term_string"}],"inLanguage":"ca"},{"@type":"Organization","@id":"https:\/\/www.cofb.org\/#organization","name":"Col\u00b7legi de Farmac\u00e8utics de Barcelona","url":"https:\/\/www.cofb.org\/","logo":{"@type":"ImageObject","inLanguage":"ca","@id":"https:\/\/www.cofb.org\/#\/schema\/logo\/image\/","url":"https:\/\/www.cofb.org\/wp-content\/uploads\/2023\/11\/cropped-Logotip-COFB.png","contentUrl":"https:\/\/www.cofb.org\/wp-content\/uploads\/2023\/11\/cropped-Logotip-COFB.png","width":500,"height":105,"caption":"Col\u00b7legi de Farmac\u00e8utics de Barcelona"},"image":{"@id":"https:\/\/www.cofb.org\/#\/schema\/logo\/image\/"},"sameAs":["https:\/\/www.facebook.com\/farmaceuticsbcn\/","https:\/\/twitter.com\/farmaceuticsbcn","https:\/\/www.instagram.com\/farmaceuticsbcn\/","https:\/\/www.linkedin.com\/company\/farmaceuticsbcn\/"]},{"@type":"Person","@id":"https:\/\/www.cofb.org\/#\/schema\/person\/22ed7eea88da74b0fa4d3154ad87ffcb","name":"wpAdminCofbOrg","image":{"@type":"ImageObject","inLanguage":"ca","@id":"https:\/\/www.cofb.org\/#\/schema\/person\/image\/","url":"https:\/\/secure.gravatar.com\/avatar\/1721b20b3b8ca882c3b56ec6c978c594fff670e40c0718e9190eaeeb76aae7d8?s=96&d=mm&r=g","contentUrl":"https:\/\/secure.gravatar.com\/avatar\/1721b20b3b8ca882c3b56ec6c978c594fff670e40c0718e9190eaeeb76aae7d8?s=96&d=mm&r=g","caption":"wpAdminCofbOrg"},"sameAs":["http:\/\/192.168.64.122\/wordpress"],"url":"https:\/\/www.cofb.org\/ca\/author\/wpadmincofborg\/"}]}},"uagb_featured_image_src":{"full":false,"thumbnail":false,"medium":false,"medium_large":false,"large":false,"1536x1536":false,"2048x2048":false,"trp-custom-language-flag":false},"uagb_author_info":{"display_name":"wpAdminCofbOrg","author_link":"https:\/\/www.cofb.org\/ca\/author\/wpadmincofborg\/"},"uagb_comment_info":0,"uagb_excerpt":"Infarma Madrid 2018 ha tancat les seves portes amb 33.850 visitants professionals -dels quals\u00a03.450 congressistes-\u00a0i 387 empreses del sector farmac\u00e8utic. Aquest ha estat el balan\u00e7 final d&#8217;un Congr\u00e9s i Sal\u00f3 que ha esdevingut el f\u00f2rum farmac\u00e8utic de refer\u00e8ncia del sector a Espanya. Les xifres de l\u2019edici\u00f3 tamb\u00e9 inclouen m\u00e9s de [&hellip;]","_links":{"self":[{"href":"https:\/\/www.cofb.org\/ca\/wp-json\/wp\/v2\/posts\/37874","targetHints":{"allow":["GET"]}}],"collection":[{"href":"https:\/\/www.cofb.org\/ca\/wp-json\/wp\/v2\/posts"}],"about":[{"href":"https:\/\/www.cofb.org\/ca\/wp-json\/wp\/v2\/types\/post"}],"author":[{"embeddable":true,"href":"https:\/\/www.cofb.org\/ca\/wp-json\/wp\/v2\/users\/1"}],"replies":[{"embeddable":true,"href":"https:\/\/www.cofb.org\/ca\/wp-json\/wp\/v2\/comments?post=37874"}],"version-history":[{"count":0,"href":"https:\/\/www.cofb.org\/ca\/wp-json\/wp\/v2\/posts\/37874\/revisions"}],"wp:featuredmedia":[{"embeddable":true,"href":"https:\/\/www.cofb.org\/ca\/wp-json\/"}],"wp:attachment":[{"href":"https:\/\/www.cofb.org\/ca\/wp-json\/wp\/v2\/media?parent=37874"}],"wp:term":[{"taxonomy":"category","embeddable":true,"href":"https:\/\/www.cofb.org\/ca\/wp-json\/wp\/v2\/categories?post=37874"},{"taxonomy":"post_tag","embeddable":true,"href":"https:\/\/www.cofb.org\/ca\/wp-json\/wp\/v2\/tags?post=37874"}],"curies":[{"name":"wp","href":"https:\/\/api.w.org\/{rel}","templated":true}]}}