{"id":37760,"date":"2018-03-14T15:32:33","date_gmt":"2018-03-14T13:32:33","guid":{"rendered":"https:\/\/blog.cofb.cat\/?p=37760"},"modified":"2018-03-14T15:32:33","modified_gmt":"2018-03-14T13:32:33","slug":"model-practiques-tutelades-grau-farmacia-iqs-blanquerna-universitat-ramon-llull-presenta-cofb","status":"publish","type":"post","link":"https:\/\/www.cofb.org\/ca\/2018\/03\/14\/model-practiques-tutelades-grau-farmacia-iqs-blanquerna-universitat-ramon-llull-presenta-cofb\/","title":{"rendered":"El model de Pr\u00e0ctiques Tutelades del grau de Farm\u00e0cia IQS-Blanquerna de la Universitat Ramon Llull es presenta al COFB"},"content":{"rendered":"<p>El passat dijous 8 de mar\u00e7 es va presentar al COFB el model de <strong>Pr\u00e0ctiques Tutelades del Grau en Farm\u00e0cia IQS-Blanquerna de la Universitat Ramon Llull.\u00a0 <\/strong><\/p>\n<p>El Grau en Farm\u00e0cia va comen\u00e7ar a impartir-se en aquesta universitat el curs 2014- 2015, de manera que, actualment, <strong>els alumnes de la primera promoci\u00f3 han arribat a quart curs. L&#8217;any vinent han de cursar l&#8217;assignatura de pr\u00e0ctiques tutelades durant sis mesos<\/strong>, per tal d&#8217;aproximar-se al m\u00f3n assistencial professional, la qual cosa requereix la col\u00b7laboraci\u00f3 dels farmac\u00e8utics exercents.<\/p>\n<p>Per aquest motiu, la<strong> comissi\u00f3 mixta<\/strong> de seguiment integrada pel <strong>Departament de Salut<\/strong>, el <strong>Consell de Col\u00b7legis Farmac\u00e8utics de Catalunya(CCFC)<\/strong> i la mateixa <strong>Universitat Ramon Llull<\/strong> van <strong>presentar<\/strong> als farmac\u00e8utics d&#8217;oficina de farm\u00e0cia <strong>el model dissenyat per formar els estudiants del Grau en Farm\u00e0cia IQS-Blanquerna<\/strong>.<\/p>\n<p><span style=\"color: #008080;\"><strong><div class=\"box shadow\"><\/strong><\/span><\/p>\n<h1><span style=\"color: #008080;\"><strong>Els ponents<\/strong><\/span><\/h1>\n<p>L&#8217;acte va estar condu\u00eft per <strong>Jordi Casas<\/strong>, vocal del CCFC i secretari de la Junta de Govern del COFB,\u00a0 i van intervenir-hi:<\/p>\n<ul>\n<li><strong>Conxita Mestres<\/strong>, degana de la Facultat de Ci\u00e8ncies de la Salut de Blanquerna-URL<\/li>\n<li><strong>M. Pilar Gasc\u00f3n<\/strong>, coordinadora de pr\u00e0ctiques del Grau en Farm\u00e0cia IQS-Blanquerna (URL)<\/li>\n<li><strong>Maria Jos\u00e9 Gaspar<\/strong>, cap del Servei d&#8217;Ordenaci\u00f3 i Qualitat Farmac\u00e8utiques del Departament de Salut de la Generalitat<\/li>\n<\/ul>\n[caption id=\"attachment_37809\" align=\"aligncenter\" width=\"620\"]<a href=\"https:\/\/blog.cofb.cat\/wp-content\/uploads\/2018\/03\/cofb.180308-14.jpg\"><img fetchpriority=\"high\" decoding=\"async\" class=\"wp-image-37809 size-large\" title=\"M. Pilar Gasc\u00f3n, M. Jos\u00e9 Gspar, Jordi Casas i Conxita Mestres, durant la presentaci\u00f3. \" src=\"https:\/\/blog.cofb.cat\/wp-content\/uploads\/2018\/03\/cofb.180308-14-1024x683.jpg\" alt=\"M. Pilar Gasc\u00f3n, M. Jos\u00e9 Gspar, Jordi Casas i Conxita Mestres, durant la presentaci\u00f3. \" width=\"620\" height=\"414\" \/><\/a> M. Pilar Gasc\u00f3n, M. Jos\u00e9 Gaspar, Jordi Casas i Conxita Mestres, durant la presentaci\u00f3.[\/caption]\n<p><\/div><\/p>\n<h1><strong><span style=\"color: #008080;\">Coneixent el model de pr\u00e0ctiques tutelades<\/span><\/strong><\/h1>\n<p>A l&#8217;inici de la sessi\u00f3, <strong>Jordi Casas<\/strong> va explicar que l&#8217;objectiu era donar a <strong>con\u00e8ixer el model de pr\u00e0ctiques tutelades<\/strong> que es posar\u00e0 en marxa des del Grau en Farm\u00e0cia IQS-Blanquerna a partir de l&#8217;any vinent.<\/p>\n<p>A continuaci\u00f3, <strong>Conxita Mestres<\/strong>, degana de la Facultat Ci\u00e8ncies de la Salut de Blanquerna-URL, va explicar algunes de les caracter\u00edstiques principals del Grau en Farm\u00e0cia de la URL com\u00a0 la <strong>formaci\u00f3 de professionals centrats en el pacient<\/strong>, el <strong>treball de manera personalitzada amb els estudiants<\/strong> i la <strong>interdisciplinarietat <\/strong>amb altres carreres, entre d&#8217;altres. Mestres tamb\u00e9 va destacar que el pla d&#8217;estudis de la carrera inclou ja a primer curs l&#8217;assignatura <strong><em>Seminari Farmac\u00e8utic Interdisciplinari<\/em><\/strong>, per tal de comen\u00e7ar a <strong>introduir els estudiants al m\u00f3n professional<\/strong>.<\/p>\n<figure id=\"attachment_37790\" aria-describedby=\"caption-attachment-37790\" style=\"width: 620px\" class=\"wp-caption aligncenter\"><a href=\"https:\/\/blog.cofb.cat\/wp-content\/uploads\/2018\/03\/cofb.180308-47.jpg\" target=\"_blank\" rel=\"noopener\"><img decoding=\"async\" class=\"wp-image-37790 size-large\" title=\"Moment de la presentaci\u00f3 del programa de Pr\u00e0ctiques Tutelades del Grau de Farm\u00e0cia IQS - Blanquerna (URL). \" src=\"https:\/\/blog.cofb.cat\/wp-content\/uploads\/2018\/03\/cofb.180308-47-1024x683.jpg\" alt=\"Moment de la presentaci\u00f3 del programa de Pr\u00e0ctiques Tutelades del Grau de Farm\u00e0cia IQS - Blanquerna (URL). \" width=\"620\" height=\"414\" \/><\/a><figcaption id=\"caption-attachment-37790\" class=\"wp-caption-text\">Sala d&#8217;actes del COFB plena a la presentaci\u00f3 del programa de Pr\u00e0ctiques Tutelades del Grau de Farm\u00e0cia IQS &#8211; Blanquerna (URL).<\/figcaption><\/figure>\n<p><strong>Maria Jos\u00e9 Gaspar<\/strong>,<strong>\u00a0<\/strong>cap del Servei d&#8217;Ordenaci\u00f3 i Qualitat Farmac\u00e8utiques del Departament de Salut de la Generalitat, va destacar el <strong>treball conjunt de la comissi\u00f3 mixta de les pr\u00e0ctiques<\/strong>, la <strong>implicaci\u00f3 del Departament de la Salut i la voluntat de compartir responsabilitats de les tres institucions<\/strong>. Tamb\u00e9 va valorar positivament el fet que l&#8217;alumne faci una estada de 3 mesos a cada lloc perqu\u00e8 aquesta &#8220;ser\u00e0 l&#8217;\u00faltima etapa formativa de l&#8217;alumne i la visi\u00f3 que\u00a0 s&#8217;endur\u00e0 a la seva motxilla de formaci\u00f3&#8221;. Realitzar dos blocs de pr\u00e0ctiques, segons Gaspar, far\u00e0 que l&#8217;alumne visualitzi &#8220;la farm\u00e0cia comunit\u00e0ria i l&#8217;hospital\u00e0ria&#8221;. &#8220;Auguro un <strong>desenvolupament exit\u00f3s del projecte<\/strong>&#8220;, va concloure.<\/p>\n<p><strong>Pilar Gasc\u00f3n<\/strong>, coordinadora de pr\u00e0ctiques del Grau en Farm\u00e0cia IQS- Blanquerna (URL), va ressaltar que <strong>l&#8217;assignatura de Pr\u00e0ctiques Tutelades \u00e9s la que t\u00e9 m\u00e9s cr\u00e8dits<\/strong>, ja que els estudiants han de fer almenys 6 mesos de pr\u00e0ctiques en una farm\u00e0cia assistencial o en un hospital. Gasc\u00f3n va posar l&#8217;accent en la novetat que suposa el model organitzatiu del Grau d&#8217;IQS-Blanquerna. I \u00e9s que es tracta d&#8217;un<strong> model mixt<\/strong>, en qu\u00e8 l&#8217;estudiant passa <strong>3 mesos a farm\u00e0cia assistencial i 3 mesos a hospital<\/strong>. &#8220;Pensem que \u00e9s molt oport\u00fa i enriquidor que l&#8217;alumne pugui estar 3 mesos a cada lloc. El nostre model de pr\u00e0ctiques tutelades \u00e9s col\u00b7laboratiu, amb l&#8217;estudiant com a centre&#8221;, va explicar.<\/p>\n<p>&nbsp;<\/p>\n<div class=\"box info\"><\/p>\n<h3><span style=\"color: #008080;\"><strong>El grau en Farm\u00e0cia de <\/strong><strong>IQS<\/strong> &#8211; <strong>Blanquerna (URL)<br \/>\n<\/strong><\/span><\/h3>\n<p>El t\u00edtol de <strong>Grau en Farm\u00e0cia per la Universitat Ramon Llull (URL)<\/strong> \u00e9s fruit de l&#8217;alian\u00e7a entre <strong>Blanquerna i l&#8217;Institut Qu\u00edmic de Sarri\u00e0 (IQS)<\/strong>. El Grau forma <strong>experts en el medicament<\/strong>, ofereix un <strong>ampli ventall de sortides professionals<\/strong> i t\u00e9 un <strong>\u00edndex elevat d&#8217;ocupaci\u00f3 laboral<\/strong>.<\/p>\n<p>La titulaci\u00f3 que ofereixen aquestes dues institucions fundadores de la URL aporta el seg\u00fcent valor afegit:<\/p>\n<ul>\n<li><span style=\"color: #008080;\"><strong>Marcada orientaci\u00f3 pr\u00e0ctica<\/strong>.<\/span> Els estudiants realitzen <strong>pr\u00e0ctiques<\/strong> en una <strong>extensa i consolidada xarxa d&#8217;institucions nacionals i internacionals<\/strong> de l&#8217;\u00e0mbit sanitari o industrial.<\/li>\n<li><span style=\"color: #008080;\"><strong>Assignatures en angl\u00e8s<\/strong>.<\/span> Almenys un <strong>20% de les mat\u00e8ries s&#8217;imparteixen en angl\u00e8s<\/strong> com a llengua de refer\u00e8ncia en l&#8217;\u00e0mbit cient\u00edfic i per afavorir la mobilitat internacional dels estudiants.<\/li>\n<li><span style=\"color: #008080;\"><strong>Assignatures innovadores<\/strong>.<\/span> El pla d&#8217;estudis inclou <strong>assignatures \u00faniques a l&#8217;estat espanyol<\/strong> com <em>Sistemes avan\u00e7ats d&#8217;alliberament de f\u00e0rmacs<\/em> o <em>Registre en la ind\u00fastria farmac\u00e8utica i afins<\/em>.<\/li>\n<li><strong><span style=\"color: #008080;\">Model did\u00e0ctic genu\u00ed.<\/span><\/strong> <strong>Formaci\u00f3 personalitzada<\/strong> amb una clara orientaci\u00f3 human\u00edstica i cient\u00edfica, i els <strong>seminaris<\/strong> (espais redu\u00efts de formaci\u00f3 &#8211; aprenentatge) on es posen en pr\u00e0ctica els coneixements adquirits.<\/li>\n<li><span style=\"color: #008080;\"><strong>Quatre mencions. <\/strong><\/span>L&#8217;estudiant acaba el Grau en Farm\u00e0cia de la URL amb una especialitzaci\u00f3 reconeguda oficialment, sent aquesta universitat l&#8217;\u00fanica de Catalunya que ofereix <strong>quatre possibles itineraris curriculars (mencions)<\/strong>. Aquestes especialitzacions configuren perfils professionals amb un alt nivell de demanda en el sector farmac\u00e8utic actual. Es tracta de: <strong>Alimentaci\u00f3 i Nutrici\u00f3<\/strong>, <strong>Farm\u00e0cia Assistencial<\/strong>, <strong>Disseny i producci\u00f3 de f\u00e0rmacs<\/strong> i <strong>Gesti\u00f3 i M\u00e0rqueting Farmac\u00e8utic<\/strong>.<\/li>\n<\/ul>\n<p><\/div>\n<p style=\"text-align: left;\"><strong>Altres publicacions d&#8217;inter\u00e8s:<br \/>\n<\/strong><\/p>\n<ul>\n<li><a href=\"https:\/\/blog.cofb.cat\/lensenyament-de-latencio-farmaceutica-la-universitat\/\" target=\"_blank\" rel=\"noopener\">L&#8217;ensenyament de l&#8217;atenci\u00f3 farmac\u00e8utica a la universitat (Desembre 2016)<\/a><\/li>\n<li><a href=\"https:\/\/blog.cofb.cat\/professio-farmaceutica-i-universitat-avancen-en-la-incorporacio-de-lensenyament-de-latencio-farmaceutica-a-les-facultats\/\" target=\"_blank\" rel=\"noopener\">Professi\u00f3 farmac\u00e8utica i universitat avancen en la incorporaci\u00f3 de l&#8217;ensenyament de l&#8217;atenci\u00f3 farmac\u00e8utica a les facultats (Desembre 2014)<\/a><\/li>\n<\/ul>\n","protected":false},"excerpt":{"rendered":"<p>El passat dijous 8 de mar\u00e7 es va presentar al COFB el model de Pr\u00e0ctiques Tutelades del Grau en Farm\u00e0cia IQS-Blanquerna de la Universitat Ramon Llull.\u00a0 El Grau en Farm\u00e0cia va comen\u00e7ar a impartir-se en aquesta universitat el curs 2014- 2015, de manera que, actualment, els alumnes de la primera [&hellip;]<\/p>\n","protected":false},"author":1,"featured_media":37790,"comment_status":"open","ping_status":"open","sticky":false,"template":"","format":"standard","meta":{"_uag_custom_page_level_css":"","site-sidebar-layout":"default","site-content-layout":"","ast-site-content-layout":"default","site-content-style":"default","site-sidebar-style":"default","ast-global-header-display":"","ast-banner-title-visibility":"","ast-main-header-display":"","ast-hfb-above-header-display":"","ast-hfb-below-header-display":"","ast-hfb-mobile-header-display":"","site-post-title":"","ast-breadcrumbs-content":"","ast-featured-img":"disabled","footer-sml-layout":"","theme-transparent-header-meta":"","adv-header-id-meta":"","stick-header-meta":"","header-above-stick-meta":"","header-main-stick-meta":"","header-below-stick-meta":"","astra-migrate-meta-layouts":"default","ast-page-background-enabled":"default","ast-page-background-meta":{"desktop":{"background-color":"var(--ast-global-color-4)","background-image":"","background-repeat":"repeat","background-position":"center center","background-size":"auto","background-attachment":"scroll","background-type":"","background-media":"","overlay-type":"","overlay-color":"","overlay-opacity":"","overlay-gradient":""},"tablet":{"background-color":"","background-image":"","background-repeat":"repeat","background-position":"center center","background-size":"auto","background-attachment":"scroll","background-type":"","background-media":"","overlay-type":"","overlay-color":"","overlay-opacity":"","overlay-gradient":""},"mobile":{"background-color":"","background-image":"","background-repeat":"repeat","background-position":"center center","background-size":"auto","background-attachment":"scroll","background-type":"","background-media":"","overlay-type":"","overlay-color":"","overlay-opacity":"","overlay-gradient":""}},"ast-content-background-meta":{"desktop":{"background-color":"var(--ast-global-color-5)","background-image":"","background-repeat":"repeat","background-position":"center center","background-size":"auto","background-attachment":"scroll","background-type":"","background-media":"","overlay-type":"","overlay-color":"","overlay-opacity":"","overlay-gradient":""},"tablet":{"background-color":"var(--ast-global-color-5)","background-image":"","background-repeat":"repeat","background-position":"center center","background-size":"auto","background-attachment":"scroll","background-type":"","background-media":"","overlay-type":"","overlay-color":"","overlay-opacity":"","overlay-gradient":""},"mobile":{"background-color":"var(--ast-global-color-5)","background-image":"","background-repeat":"repeat","background-position":"center center","background-size":"auto","background-attachment":"scroll","background-type":"","background-media":"","overlay-type":"","overlay-color":"","overlay-opacity":"","overlay-gradient":""}},"footnotes":""},"categories":[32],"tags":[3002,18,311,53,68,70,3003,3004,3005,2591,3006],"class_list":["post-37760","post","type-post","status-publish","format-standard","has-post-thumbnail","hentry","category-noticies-farmacia","tag-blanquerna-iqs","tag-cofb","tag-departament-de-salut","tag-farmaceutics","tag-farmacia","tag-formacio","tag-practiques","tag-practiques-tutelades","tag-ramon-llull","tag-universitat","tag-url"],"yoast_head":"<!-- This site is optimized with the Yoast SEO plugin v22.4 - https:\/\/yoast.com\/wordpress\/plugins\/seo\/ -->\n<title>El model de Pr\u00e0ctiques Tutelades del grau de Farm\u00e0cia IQS-Blanquerna de la Universitat Ramon Llull es presenta al COFB - Col\u00b7legi de Farmac\u00e8utics de Barcelona<\/title>\n<meta name=\"description\" content=\"El passat dijous 8 de mar\u00e7 es va presentar al COFB el model de Pr\u00e0ctiques Tutelades del Grau en Farm\u00e0cia IQS-Blanquerna de la Universitat Ramon Llull.\" \/>\n<meta name=\"robots\" content=\"index, follow, max-snippet:-1, max-image-preview:large, max-video-preview:-1\" \/>\n<link rel=\"canonical\" href=\"https:\/\/novaorg.cofb.net\/2018\/03\/14\/model-practiques-tutelades-grau-farmacia-iqs-blanquerna-universitat-ramon-llull-presenta-cofb\/\" \/>\n<meta property=\"og:locale\" content=\"ca_ES\" \/>\n<meta property=\"og:type\" content=\"article\" \/>\n<meta property=\"og:title\" content=\"El model de Pr\u00e0ctiques Tutelades del grau de Farm\u00e0cia IQS-Blanquerna de la Universitat Ramon Llull es presenta al COFB - Col\u00b7legi de Farmac\u00e8utics de Barcelona\" \/>\n<meta property=\"og:description\" content=\"El passat dijous 8 de mar\u00e7 es va presentar al COFB el model de Pr\u00e0ctiques Tutelades del Grau en Farm\u00e0cia IQS-Blanquerna de la Universitat Ramon Llull.\" \/>\n<meta property=\"og:url\" content=\"https:\/\/novaorg.cofb.net\/2018\/03\/14\/model-practiques-tutelades-grau-farmacia-iqs-blanquerna-universitat-ramon-llull-presenta-cofb\/\" \/>\n<meta property=\"og:site_name\" content=\"Col\u00b7legi de Farmac\u00e8utics de Barcelona\" \/>\n<meta property=\"article:publisher\" content=\"https:\/\/www.facebook.com\/farmaceuticsbcn\/\" \/>\n<meta property=\"article:published_time\" content=\"2018-03-14T13:32:33+00:00\" \/>\n<meta name=\"author\" content=\"wpAdminCofbOrg\" \/>\n<meta name=\"twitter:card\" content=\"summary_large_image\" \/>\n<meta name=\"twitter:creator\" content=\"@farmaceuticsbcn\" \/>\n<meta name=\"twitter:site\" content=\"@farmaceuticsbcn\" \/>\n<meta name=\"twitter:label1\" content=\"Escrit per\" \/>\n\t<meta name=\"twitter:data1\" content=\"wpAdminCofbOrg\" \/>\n\t<meta name=\"twitter:label2\" content=\"Temps estimat de lectura\" \/>\n\t<meta name=\"twitter:data2\" content=\"5 minuts\" \/>\n<script type=\"application\/ld+json\" class=\"yoast-schema-graph\">{\"@context\":\"https:\/\/schema.org\",\"@graph\":[{\"@type\":\"Article\",\"@id\":\"https:\/\/novaorg.cofb.net\/2018\/03\/14\/model-practiques-tutelades-grau-farmacia-iqs-blanquerna-universitat-ramon-llull-presenta-cofb\/#article\",\"isPartOf\":{\"@id\":\"https:\/\/novaorg.cofb.net\/2018\/03\/14\/model-practiques-tutelades-grau-farmacia-iqs-blanquerna-universitat-ramon-llull-presenta-cofb\/\"},\"author\":{\"name\":\"wpAdminCofbOrg\",\"@id\":\"https:\/\/www.cofb.org\/#\/schema\/person\/22ed7eea88da74b0fa4d3154ad87ffcb\"},\"headline\":\"El model de Pr\u00e0ctiques Tutelades del grau de Farm\u00e0cia IQS-Blanquerna de la Universitat Ramon Llull es presenta al COFB\",\"datePublished\":\"2018-03-14T13:32:33+00:00\",\"dateModified\":\"2018-03-14T13:32:33+00:00\",\"mainEntityOfPage\":{\"@id\":\"https:\/\/novaorg.cofb.net\/2018\/03\/14\/model-practiques-tutelades-grau-farmacia-iqs-blanquerna-universitat-ramon-llull-presenta-cofb\/\"},\"wordCount\":1004,\"commentCount\":0,\"publisher\":{\"@id\":\"https:\/\/www.cofb.org\/#organization\"},\"image\":{\"@id\":\"https:\/\/novaorg.cofb.net\/2018\/03\/14\/model-practiques-tutelades-grau-farmacia-iqs-blanquerna-universitat-ramon-llull-presenta-cofb\/#primaryimage\"},\"thumbnailUrl\":\"\",\"keywords\":[\"Blanquerna - IQS\",\"COFB\",\"Departament de Salut\",\"farmac\u00e8utics\",\"Farm\u00e0cia\",\"Formaci\u00f3\",\"pr\u00e0ctiques\",\"pr\u00e0ctiques tutelades\",\"Ramon Llull\",\"universitat\",\"URL\"],\"articleSection\":[\"Not\u00edcies farm\u00e0cia\"],\"inLanguage\":\"ca\",\"potentialAction\":[{\"@type\":\"CommentAction\",\"name\":\"Comment\",\"target\":[\"https:\/\/novaorg.cofb.net\/2018\/03\/14\/model-practiques-tutelades-grau-farmacia-iqs-blanquerna-universitat-ramon-llull-presenta-cofb\/#respond\"]}]},{\"@type\":\"WebPage\",\"@id\":\"https:\/\/novaorg.cofb.net\/2018\/03\/14\/model-practiques-tutelades-grau-farmacia-iqs-blanquerna-universitat-ramon-llull-presenta-cofb\/\",\"url\":\"https:\/\/novaorg.cofb.net\/2018\/03\/14\/model-practiques-tutelades-grau-farmacia-iqs-blanquerna-universitat-ramon-llull-presenta-cofb\/\",\"name\":\"El model de Pr\u00e0ctiques Tutelades del grau de Farm\u00e0cia IQS-Blanquerna de la Universitat Ramon Llull es presenta al COFB - Col\u00b7legi de Farmac\u00e8utics de Barcelona\",\"isPartOf\":{\"@id\":\"https:\/\/www.cofb.org\/#website\"},\"primaryImageOfPage\":{\"@id\":\"https:\/\/novaorg.cofb.net\/2018\/03\/14\/model-practiques-tutelades-grau-farmacia-iqs-blanquerna-universitat-ramon-llull-presenta-cofb\/#primaryimage\"},\"image\":{\"@id\":\"https:\/\/novaorg.cofb.net\/2018\/03\/14\/model-practiques-tutelades-grau-farmacia-iqs-blanquerna-universitat-ramon-llull-presenta-cofb\/#primaryimage\"},\"thumbnailUrl\":\"\",\"datePublished\":\"2018-03-14T13:32:33+00:00\",\"dateModified\":\"2018-03-14T13:32:33+00:00\",\"description\":\"El passat dijous 8 de mar\u00e7 es va presentar al COFB el model de Pr\u00e0ctiques Tutelades del Grau en Farm\u00e0cia IQS-Blanquerna de la Universitat Ramon Llull.\",\"breadcrumb\":{\"@id\":\"https:\/\/novaorg.cofb.net\/2018\/03\/14\/model-practiques-tutelades-grau-farmacia-iqs-blanquerna-universitat-ramon-llull-presenta-cofb\/#breadcrumb\"},\"inLanguage\":\"ca\",\"potentialAction\":[{\"@type\":\"ReadAction\",\"target\":[\"https:\/\/novaorg.cofb.net\/2018\/03\/14\/model-practiques-tutelades-grau-farmacia-iqs-blanquerna-universitat-ramon-llull-presenta-cofb\/\"]}]},{\"@type\":\"ImageObject\",\"inLanguage\":\"ca\",\"@id\":\"https:\/\/novaorg.cofb.net\/2018\/03\/14\/model-practiques-tutelades-grau-farmacia-iqs-blanquerna-universitat-ramon-llull-presenta-cofb\/#primaryimage\",\"url\":\"\",\"contentUrl\":\"\"},{\"@type\":\"BreadcrumbList\",\"@id\":\"https:\/\/novaorg.cofb.net\/2018\/03\/14\/model-practiques-tutelades-grau-farmacia-iqs-blanquerna-universitat-ramon-llull-presenta-cofb\/#breadcrumb\",\"itemListElement\":[{\"@type\":\"ListItem\",\"position\":1,\"name\":\"Inici\",\"item\":\"https:\/\/novaorg.cofb.net\/\"},{\"@type\":\"ListItem\",\"position\":2,\"name\":\"El model de Pr\u00e0ctiques Tutelades del grau de Farm\u00e0cia IQS-Blanquerna de la Universitat Ramon Llull es presenta al COFB\"}]},{\"@type\":\"WebSite\",\"@id\":\"https:\/\/www.cofb.org\/#website\",\"url\":\"https:\/\/www.cofb.org\/\",\"name\":\"Col\u00b7legi de Farmac\u00e8utics de Barcelona\",\"description\":\"\",\"publisher\":{\"@id\":\"https:\/\/www.cofb.org\/#organization\"},\"potentialAction\":[{\"@type\":\"SearchAction\",\"target\":{\"@type\":\"EntryPoint\",\"urlTemplate\":\"https:\/\/www.cofb.org\/?s={search_term_string}\"},\"query-input\":\"required name=search_term_string\"}],\"inLanguage\":\"ca\"},{\"@type\":\"Organization\",\"@id\":\"https:\/\/www.cofb.org\/#organization\",\"name\":\"Col\u00b7legi de Farmac\u00e8utics de Barcelona\",\"url\":\"https:\/\/www.cofb.org\/\",\"logo\":{\"@type\":\"ImageObject\",\"inLanguage\":\"ca\",\"@id\":\"https:\/\/www.cofb.org\/#\/schema\/logo\/image\/\",\"url\":\"https:\/\/www.cofb.org\/wp-content\/uploads\/2023\/11\/cropped-Logotip-COFB.png\",\"contentUrl\":\"https:\/\/www.cofb.org\/wp-content\/uploads\/2023\/11\/cropped-Logotip-COFB.png\",\"width\":500,\"height\":105,\"caption\":\"Col\u00b7legi de Farmac\u00e8utics de Barcelona\"},\"image\":{\"@id\":\"https:\/\/www.cofb.org\/#\/schema\/logo\/image\/\"},\"sameAs\":[\"https:\/\/www.facebook.com\/farmaceuticsbcn\/\",\"https:\/\/twitter.com\/farmaceuticsbcn\",\"https:\/\/www.instagram.com\/farmaceuticsbcn\/\",\"https:\/\/www.linkedin.com\/company\/farmaceuticsbcn\/\"]},{\"@type\":\"Person\",\"@id\":\"https:\/\/www.cofb.org\/#\/schema\/person\/22ed7eea88da74b0fa4d3154ad87ffcb\",\"name\":\"wpAdminCofbOrg\",\"image\":{\"@type\":\"ImageObject\",\"inLanguage\":\"ca\",\"@id\":\"https:\/\/www.cofb.org\/#\/schema\/person\/image\/\",\"url\":\"https:\/\/secure.gravatar.com\/avatar\/1721b20b3b8ca882c3b56ec6c978c594fff670e40c0718e9190eaeeb76aae7d8?s=96&d=mm&r=g\",\"contentUrl\":\"https:\/\/secure.gravatar.com\/avatar\/1721b20b3b8ca882c3b56ec6c978c594fff670e40c0718e9190eaeeb76aae7d8?s=96&d=mm&r=g\",\"caption\":\"wpAdminCofbOrg\"},\"sameAs\":[\"http:\/\/192.168.64.122\/wordpress\"],\"url\":\"https:\/\/www.cofb.org\/ca\/author\/wpadmincofborg\/\"}]}<\/script>\n<!-- \/ Yoast SEO plugin. -->","yoast_head_json":{"title":"El model de Pr\u00e0ctiques Tutelades del grau de Farm\u00e0cia IQS-Blanquerna de la Universitat Ramon Llull es presenta al COFB - Col\u00b7legi de Farmac\u00e8utics de Barcelona","description":"El passat dijous 8 de mar\u00e7 es va presentar al COFB el model de Pr\u00e0ctiques Tutelades del Grau en Farm\u00e0cia IQS-Blanquerna de la Universitat Ramon Llull.","robots":{"index":"index","follow":"follow","max-snippet":"max-snippet:-1","max-image-preview":"max-image-preview:large","max-video-preview":"max-video-preview:-1"},"canonical":"https:\/\/novaorg.cofb.net\/2018\/03\/14\/model-practiques-tutelades-grau-farmacia-iqs-blanquerna-universitat-ramon-llull-presenta-cofb\/","og_locale":"ca_ES","og_type":"article","og_title":"El model de Pr\u00e0ctiques Tutelades del grau de Farm\u00e0cia IQS-Blanquerna de la Universitat Ramon Llull es presenta al COFB - Col\u00b7legi de Farmac\u00e8utics de Barcelona","og_description":"El passat dijous 8 de mar\u00e7 es va presentar al COFB el model de Pr\u00e0ctiques Tutelades del Grau en Farm\u00e0cia IQS-Blanquerna de la Universitat Ramon Llull.","og_url":"https:\/\/novaorg.cofb.net\/2018\/03\/14\/model-practiques-tutelades-grau-farmacia-iqs-blanquerna-universitat-ramon-llull-presenta-cofb\/","og_site_name":"Col\u00b7legi de Farmac\u00e8utics de Barcelona","article_publisher":"https:\/\/www.facebook.com\/farmaceuticsbcn\/","article_published_time":"2018-03-14T13:32:33+00:00","author":"wpAdminCofbOrg","twitter_card":"summary_large_image","twitter_creator":"@farmaceuticsbcn","twitter_site":"@farmaceuticsbcn","twitter_misc":{"Escrit per":"wpAdminCofbOrg","Temps estimat de lectura":"5 minuts"},"schema":{"@context":"https:\/\/schema.org","@graph":[{"@type":"Article","@id":"https:\/\/novaorg.cofb.net\/2018\/03\/14\/model-practiques-tutelades-grau-farmacia-iqs-blanquerna-universitat-ramon-llull-presenta-cofb\/#article","isPartOf":{"@id":"https:\/\/novaorg.cofb.net\/2018\/03\/14\/model-practiques-tutelades-grau-farmacia-iqs-blanquerna-universitat-ramon-llull-presenta-cofb\/"},"author":{"name":"wpAdminCofbOrg","@id":"https:\/\/www.cofb.org\/#\/schema\/person\/22ed7eea88da74b0fa4d3154ad87ffcb"},"headline":"El model de Pr\u00e0ctiques Tutelades del grau de Farm\u00e0cia IQS-Blanquerna de la Universitat Ramon Llull es presenta al COFB","datePublished":"2018-03-14T13:32:33+00:00","dateModified":"2018-03-14T13:32:33+00:00","mainEntityOfPage":{"@id":"https:\/\/novaorg.cofb.net\/2018\/03\/14\/model-practiques-tutelades-grau-farmacia-iqs-blanquerna-universitat-ramon-llull-presenta-cofb\/"},"wordCount":1004,"commentCount":0,"publisher":{"@id":"https:\/\/www.cofb.org\/#organization"},"image":{"@id":"https:\/\/novaorg.cofb.net\/2018\/03\/14\/model-practiques-tutelades-grau-farmacia-iqs-blanquerna-universitat-ramon-llull-presenta-cofb\/#primaryimage"},"thumbnailUrl":"","keywords":["Blanquerna - IQS","COFB","Departament de Salut","farmac\u00e8utics","Farm\u00e0cia","Formaci\u00f3","pr\u00e0ctiques","pr\u00e0ctiques tutelades","Ramon Llull","universitat","URL"],"articleSection":["Not\u00edcies farm\u00e0cia"],"inLanguage":"ca","potentialAction":[{"@type":"CommentAction","name":"Comment","target":["https:\/\/novaorg.cofb.net\/2018\/03\/14\/model-practiques-tutelades-grau-farmacia-iqs-blanquerna-universitat-ramon-llull-presenta-cofb\/#respond"]}]},{"@type":"WebPage","@id":"https:\/\/novaorg.cofb.net\/2018\/03\/14\/model-practiques-tutelades-grau-farmacia-iqs-blanquerna-universitat-ramon-llull-presenta-cofb\/","url":"https:\/\/novaorg.cofb.net\/2018\/03\/14\/model-practiques-tutelades-grau-farmacia-iqs-blanquerna-universitat-ramon-llull-presenta-cofb\/","name":"El model de Pr\u00e0ctiques Tutelades del grau de Farm\u00e0cia IQS-Blanquerna de la Universitat Ramon Llull es presenta al COFB - Col\u00b7legi de Farmac\u00e8utics de Barcelona","isPartOf":{"@id":"https:\/\/www.cofb.org\/#website"},"primaryImageOfPage":{"@id":"https:\/\/novaorg.cofb.net\/2018\/03\/14\/model-practiques-tutelades-grau-farmacia-iqs-blanquerna-universitat-ramon-llull-presenta-cofb\/#primaryimage"},"image":{"@id":"https:\/\/novaorg.cofb.net\/2018\/03\/14\/model-practiques-tutelades-grau-farmacia-iqs-blanquerna-universitat-ramon-llull-presenta-cofb\/#primaryimage"},"thumbnailUrl":"","datePublished":"2018-03-14T13:32:33+00:00","dateModified":"2018-03-14T13:32:33+00:00","description":"El passat dijous 8 de mar\u00e7 es va presentar al COFB el model de Pr\u00e0ctiques Tutelades del Grau en Farm\u00e0cia IQS-Blanquerna de la Universitat Ramon Llull.","breadcrumb":{"@id":"https:\/\/novaorg.cofb.net\/2018\/03\/14\/model-practiques-tutelades-grau-farmacia-iqs-blanquerna-universitat-ramon-llull-presenta-cofb\/#breadcrumb"},"inLanguage":"ca","potentialAction":[{"@type":"ReadAction","target":["https:\/\/novaorg.cofb.net\/2018\/03\/14\/model-practiques-tutelades-grau-farmacia-iqs-blanquerna-universitat-ramon-llull-presenta-cofb\/"]}]},{"@type":"ImageObject","inLanguage":"ca","@id":"https:\/\/novaorg.cofb.net\/2018\/03\/14\/model-practiques-tutelades-grau-farmacia-iqs-blanquerna-universitat-ramon-llull-presenta-cofb\/#primaryimage","url":"","contentUrl":""},{"@type":"BreadcrumbList","@id":"https:\/\/novaorg.cofb.net\/2018\/03\/14\/model-practiques-tutelades-grau-farmacia-iqs-blanquerna-universitat-ramon-llull-presenta-cofb\/#breadcrumb","itemListElement":[{"@type":"ListItem","position":1,"name":"Inici","item":"https:\/\/novaorg.cofb.net\/"},{"@type":"ListItem","position":2,"name":"El model de Pr\u00e0ctiques Tutelades del grau de Farm\u00e0cia IQS-Blanquerna de la Universitat Ramon Llull es presenta al COFB"}]},{"@type":"WebSite","@id":"https:\/\/www.cofb.org\/#website","url":"https:\/\/www.cofb.org\/","name":"Col\u00b7legi de Farmac\u00e8utics de Barcelona","description":"","publisher":{"@id":"https:\/\/www.cofb.org\/#organization"},"potentialAction":[{"@type":"SearchAction","target":{"@type":"EntryPoint","urlTemplate":"https:\/\/www.cofb.org\/?s={search_term_string}"},"query-input":"required name=search_term_string"}],"inLanguage":"ca"},{"@type":"Organization","@id":"https:\/\/www.cofb.org\/#organization","name":"Col\u00b7legi de Farmac\u00e8utics de Barcelona","url":"https:\/\/www.cofb.org\/","logo":{"@type":"ImageObject","inLanguage":"ca","@id":"https:\/\/www.cofb.org\/#\/schema\/logo\/image\/","url":"https:\/\/www.cofb.org\/wp-content\/uploads\/2023\/11\/cropped-Logotip-COFB.png","contentUrl":"https:\/\/www.cofb.org\/wp-content\/uploads\/2023\/11\/cropped-Logotip-COFB.png","width":500,"height":105,"caption":"Col\u00b7legi de Farmac\u00e8utics de Barcelona"},"image":{"@id":"https:\/\/www.cofb.org\/#\/schema\/logo\/image\/"},"sameAs":["https:\/\/www.facebook.com\/farmaceuticsbcn\/","https:\/\/twitter.com\/farmaceuticsbcn","https:\/\/www.instagram.com\/farmaceuticsbcn\/","https:\/\/www.linkedin.com\/company\/farmaceuticsbcn\/"]},{"@type":"Person","@id":"https:\/\/www.cofb.org\/#\/schema\/person\/22ed7eea88da74b0fa4d3154ad87ffcb","name":"wpAdminCofbOrg","image":{"@type":"ImageObject","inLanguage":"ca","@id":"https:\/\/www.cofb.org\/#\/schema\/person\/image\/","url":"https:\/\/secure.gravatar.com\/avatar\/1721b20b3b8ca882c3b56ec6c978c594fff670e40c0718e9190eaeeb76aae7d8?s=96&d=mm&r=g","contentUrl":"https:\/\/secure.gravatar.com\/avatar\/1721b20b3b8ca882c3b56ec6c978c594fff670e40c0718e9190eaeeb76aae7d8?s=96&d=mm&r=g","caption":"wpAdminCofbOrg"},"sameAs":["http:\/\/192.168.64.122\/wordpress"],"url":"https:\/\/www.cofb.org\/ca\/author\/wpadmincofborg\/"}]}},"uagb_featured_image_src":{"full":false,"thumbnail":false,"medium":false,"medium_large":false,"large":false,"1536x1536":false,"2048x2048":false,"trp-custom-language-flag":false},"uagb_author_info":{"display_name":"wpAdminCofbOrg","author_link":"https:\/\/www.cofb.org\/ca\/author\/wpadmincofborg\/"},"uagb_comment_info":0,"uagb_excerpt":"El passat dijous 8 de mar\u00e7 es va presentar al COFB el model de Pr\u00e0ctiques Tutelades del Grau en Farm\u00e0cia IQS-Blanquerna de la Universitat Ramon Llull.\u00a0 El Grau en Farm\u00e0cia va comen\u00e7ar a impartir-se en aquesta universitat el curs 2014- 2015, de manera que, actualment, els alumnes de la primera [&hellip;]","_links":{"self":[{"href":"https:\/\/www.cofb.org\/ca\/wp-json\/wp\/v2\/posts\/37760","targetHints":{"allow":["GET"]}}],"collection":[{"href":"https:\/\/www.cofb.org\/ca\/wp-json\/wp\/v2\/posts"}],"about":[{"href":"https:\/\/www.cofb.org\/ca\/wp-json\/wp\/v2\/types\/post"}],"author":[{"embeddable":true,"href":"https:\/\/www.cofb.org\/ca\/wp-json\/wp\/v2\/users\/1"}],"replies":[{"embeddable":true,"href":"https:\/\/www.cofb.org\/ca\/wp-json\/wp\/v2\/comments?post=37760"}],"version-history":[{"count":0,"href":"https:\/\/www.cofb.org\/ca\/wp-json\/wp\/v2\/posts\/37760\/revisions"}],"wp:featuredmedia":[{"embeddable":true,"href":"https:\/\/www.cofb.org\/ca\/wp-json\/"}],"wp:attachment":[{"href":"https:\/\/www.cofb.org\/ca\/wp-json\/wp\/v2\/media?parent=37760"}],"wp:term":[{"taxonomy":"category","embeddable":true,"href":"https:\/\/www.cofb.org\/ca\/wp-json\/wp\/v2\/categories?post=37760"},{"taxonomy":"post_tag","embeddable":true,"href":"https:\/\/www.cofb.org\/ca\/wp-json\/wp\/v2\/tags?post=37760"}],"curies":[{"name":"wp","href":"https:\/\/api.w.org\/{rel}","templated":true}]}}