{"id":37725,"date":"2018-03-13T19:10:12","date_gmt":"2018-03-13T17:10:12","guid":{"rendered":"https:\/\/blog.cofb.cat\/?p=37725"},"modified":"2018-03-13T19:10:12","modified_gmt":"2018-03-13T17:10:12","slug":"ciencia-i-evidencia-dels-probiotics-en-la-infancia","status":"publish","type":"post","link":"https:\/\/www.cofb.org\/ca\/2018\/03\/13\/ciencia-i-evidencia-dels-probiotics-en-la-infancia\/","title":{"rendered":"Ci\u00e8ncia i evid\u00e8ncia dels probi\u00f2tics en la inf\u00e0ncia"},"content":{"rendered":"<p>El passat 6 de mar\u00e7, el COFB va acollir la confer\u00e8ncia <strong>&#8220;Ci\u00e8ncia i evid\u00e8ncia dels probi\u00f2tics en la inf\u00e0ncia&#8221;<\/strong>, a c\u00e0rrec de Sophie Holowacz, directora de projectes d&#8217;investigaci\u00f3 en probi\u00f2tics de Laboratoris Pileje. L&#8217;encarregada de moderar la sessi\u00f3 va ser Anna Bach, vocal d&#8217;Alimentaci\u00f3 i Nutrici\u00f3 del COFB.<\/p>\n<p>La confer\u00e8ncia va abordar l&#8217;<strong>evoluci\u00f3 de la microbiota intestinal del nen i el seu impacte en la salut fixant-se en tres etapes diferents: abans de l&#8217;embar\u00e0s, durant l&#8217;embar\u00e0s i fins que l&#8217;infant t\u00e9 4 anys.<\/strong><\/p>\n<figure id=\"attachment_37742\" aria-describedby=\"caption-attachment-37742\" style=\"width: 620px\" class=\"wp-caption aligncenter\"><a href=\"https:\/\/blog.cofb.cat\/wp-content\/uploads\/2018\/03\/cofb.180306-18.jpg\"><img fetchpriority=\"high\" decoding=\"async\" class=\"wp-image-37742 size-large\" src=\"https:\/\/blog.cofb.cat\/wp-content\/uploads\/2018\/03\/cofb.180306-18-1024x683.jpg\" alt=\"Sophie Holowacz, directora de projectes d'investigaci\u00f3 en probi\u00f2tics de Laboratoris Pileje, durant un moment de la confer\u00e8ncia. \" width=\"620\" height=\"414\" \/><\/a><figcaption id=\"caption-attachment-37742\" class=\"wp-caption-text\">Sophie Holowacz, directora de projectes d&#8217;investigaci\u00f3 en probi\u00f2tics de Laboratoris Pileje, durant la confer\u00e8ncia<\/figcaption><\/figure>\n<h3><span style=\"color: #008080;\"><strong>Qu\u00e8 \u00e9s la microbiota intestinal?<\/strong><\/span><\/h3>\n<p>La <strong>microbiota intestinal<\/strong> \u00e9s la microbiota m\u00e9s estudiada i el <strong>reservori m\u00e9s gran de microorganismes del cos hum\u00e0<\/strong>.<\/p>\n<p>Est\u00e0 relacionada amb la <strong>producci\u00f3 de vitamines<\/strong>, la <strong>digesti\u00f3 dels aliments<\/strong>, el <strong>desenvolupament i manteniment d&#8217;una barrera epitelial intacta i funcional<\/strong>, la <strong>maduraci\u00f3 i estimulaci\u00f3 del sistema immunitari<\/strong> i les <strong>propietats antimicrobianes<\/strong>.<\/p>\n<p>La microbiota intestinal est\u00e0 sota la influ\u00e8ncia de m\u00faltiples factors com ara la <strong>gen\u00e8tica<\/strong>, l&#8217;<strong>edat<\/strong> i la <strong>dieta aliment\u00e0ria<\/strong>.<\/p>\n<div class=\"box info\"><\/p>\n<p>La <strong>microbiota<\/strong> \u00e9s l&#8217;antiga denominaci\u00f3 de la flora, per tant, de la microflora. Correspon a la <strong>poblaci\u00f3 de microorganismes que viuen en un ambient espec\u00edfic anomenat microbioma<\/strong>. Les microbiotes, en els \u00e9ssers humans, estan associades a les mucoses i a la pell.<\/p>\n<p><\/div>\n<h3><strong><span style=\"color: #008080;\">Factors que influeixen en el desenvolupament preco\u00e7 de la microbiota<\/span><\/strong><\/h3>\n<p>Holowacz va exposar alguns dels <strong>factors que influeixen en el desenvolupament preco\u00e7 de la microbiota, <\/strong>es tracta de:<\/p>\n<ul>\n<li>La <strong>contaminaci\u00f3 intrauterina<\/strong>: detecci\u00f3 de microorganismes a la placenta, la sang del cord\u00f3 umbilical, el l\u00edquid amni\u00f2tic, les membranes fetals i el meconi. Origen matern dels microorganismes presents al fetus (microbiota oral, microbiota intestinal i microbiota vaginal).<\/li>\n<li>El <strong>tipus de part<\/strong>: El naixement \u00e9s el veritable punt de ruptura, ja que es produeix el tr\u00e0nsit des d&#8217;un entorn de densitat microbiana molt d\u00e8bil a un entorn ric en microorganismes. La colonitzaci\u00f3 per <i>Bifidobacterium<\/i> i <i>Bacteroides<\/i> dels lactants nascuts per ces\u00e0ria apareix m\u00e9s tard.<\/li>\n<li>El <strong>tipus d&#8217;alimentaci\u00f3 i l&#8217;alletament: <\/strong>Disminuci\u00f3 de les concentracions de bifidobacteris a la llet de les mares que pateixen malaltia cel\u00edaca, obesitat o que han rebut una antibioter\u00e0pia durant l&#8217;embar\u00e0s o la lact\u00e0ncia.<\/li>\n<li>Els <strong>tractaments: antibi\u00f2tics i probi\u00f2tics<\/strong>. Els probi\u00f2tics s\u00f3n microorganismes vius que produeixen un benefici per la salut del lactant o l&#8217;infant, quan s\u00f3n administrats en quantitats adequades.<\/li>\n<li>L&#8217;<strong>entorn familiar. <\/strong>Aqu\u00ed s&#8217;inclou el contacte amb els familiars, els companys d&#8217;escola, l&#8217;exposici\u00f3 als animals de companyia&#8230;<\/li>\n<\/ul>\n<figure id=\"attachment_37744\" aria-describedby=\"caption-attachment-37744\" style=\"width: 620px\" class=\"wp-caption aligncenter\"><a href=\"https:\/\/blog.cofb.cat\/wp-content\/uploads\/2018\/03\/probi\u00f2tics-retallada.jpg\"><img decoding=\"async\" class=\"wp-image-37744 size-large\" title=\" Moment de la confer\u00e8ncia &quot;Ci\u00e8ncia i evid\u00e8ncia dels probi\u00f2tics en la inf\u00e0ncia&quot;.\" src=\"https:\/\/blog.cofb.cat\/wp-content\/uploads\/2018\/03\/probi\u00f2tics-retallada-1024x514.jpg\" alt=\" Moment de la confer\u00e8ncia &quot;Ci\u00e8ncia i evid\u00e8ncia dels probi\u00f2tics en la inf\u00e0ncia&quot;.\" width=\"620\" height=\"311\" \/><\/a><figcaption id=\"caption-attachment-37744\" class=\"wp-caption-text\">Moment de la confer\u00e8ncia &#8220;Ci\u00e8ncia i evid\u00e8ncia dels probi\u00f2tics en la inf\u00e0ncia&#8221;.<\/figcaption><\/figure>\n<h3><strong><span style=\"color: #008080;\">Disbiosis pedi\u00e0triques<\/span><\/strong><\/h3>\n<p>Holowacz va referir-se tamb\u00e9 a les principals<strong> disbiosis pedi\u00e0triques <\/strong>(un desequilibri de la flora intestinal)<strong> que poden ser provocades per causes diverses:<\/strong><\/p>\n<ul>\n<li>les <strong>al\u00b7l\u00e8rgies<\/strong><\/li>\n<li>els<strong> c\u00f2lics infantils<\/strong><\/li>\n<li>les <strong>malalties intestinals inflamat\u00f2ries cr\u00f2niques<\/strong><\/li>\n<li>l&#8217;<strong>obesitat<\/strong><\/li>\n<li>les <strong>malalties autoimmunes<\/strong>: malaltia cel\u00edaca, diabetis tipus I, esclerosi m\u00faltiple, artritis juvenil idiop\u00e0tica<\/li>\n<li>l&#8217;<strong>autisme<\/strong><\/li>\n<\/ul>\n<p>Anna Bach, vocal d&#8217;Alimentaci\u00f3 i Nutrici\u00f3 del COFB, va agrair que la ponent hagu\u00e9s pogut traslladar als assistents <strong>les investigacions que s&#8217;estan fent actualment en l&#8217;\u00e0mbit dels probi\u00f2tic<\/strong>s.<\/p>\n<p>&nbsp;<\/p>\n<p style=\"text-align: right;\"><strong>Amb la col\u00b7laboraci\u00f3 de:<\/strong><\/p>\n<p style=\"text-align: right;\"><a href=\"https:\/\/blog.cofb.cat\/wp-content\/uploads\/2018\/03\/PiLeJe.jpg\" target=\"_blank\" rel=\"noopener\"><img decoding=\"async\" class=\"alignright wp-image-37737 size-full\" src=\"https:\/\/blog.cofb.cat\/wp-content\/uploads\/2018\/03\/PiLeJe.jpg\" alt=\"http:\/\/www.pileje.es\/\" width=\"130\" height=\"48\" \/><\/a><\/p>\n<p>&nbsp;<\/p>\n<p>&nbsp;<\/p>\n<p><div class=\"box shadow\">Altres <strong>fonts d\u2019informaci\u00f3 d\u2019inter\u00e8s<\/strong> relacionades amb els <strong>probi\u00f2tics<\/strong>:<\/p>\n<ul>\n<li style=\"list-style-type: none;\">\n<ul>\n<li><b>S<strong>\u00f3n segurs els probi\u00f2tics per als menors de dos anys?<\/strong><\/b> <a href=\"https:\/\/www.ncbi.nlm.nih.gov\/pubmed\/24463207\" target=\"_blank\" rel=\"noopener\"><i>Probiotic and synbiotic safety in infants under two years of age <\/i><\/a>(via PubMed).<\/li>\n<li><strong>Fonts d\u2019informaci\u00f3 addicional<\/strong>: <a href=\"http:\/\/www.sepyp.es\/es\/home\" target=\"_blank\" rel=\"noopener\">Sociedad Espa\u00f1ola de Probi\u00f3ticos y Prebi\u00f3ticos<\/a> (SEPyP), <a href=\"http:\/\/ilsi.eu\/\">International Life Sciences Institutem<\/a> (ILSI), <a href=\"http:\/\/www.worldgastroenterology.org\/\" target=\"_blank\" rel=\"noopener\">World Gastroenterology Organisation<\/a>.<\/li>\n<li><strong>Article d\u2019inter\u00e8s<\/strong>: <a href=\"https:\/\/www.ncbi.nlm.nih.gov\/pubmed\/24912386\" target=\"_blank\" rel=\"noopener\"><i>Expert consensus document. The International Scientific Association for Probiotics and Prebiotics consensus statement on the scope and appropriate use of the term probi\u00f2tic <\/i><\/a>(via PubMed) <\/div><\/li>\n<\/ul>\n<\/li>\n<\/ul>\n<p><strong>Altres publicacions d&#8217;inter\u00e8s:<\/strong><\/p>\n<ul>\n<li><a href=\"https:\/\/blog.cofb.cat\/la-importancia-de-la-salut-gastrointestinal-als-primers-1-000-dies-de-vida\/\" target=\"_blank\" rel=\"noopener\">La import\u00e0ncia de la salut gastrointestinal als primers 1.000 dies de vida<\/a> (Octubre 2017)<\/li>\n<li><a href=\"https:\/\/blog.cofb.cat\/tractament-de-la-sindrome-de-lintesti-irritable-amb-probiotics\/\" target=\"_blank\" rel=\"noopener\">Tractament de la s\u00edndrome de l&#8217;intest\u00ed irritable amb probi\u00f2tics<\/a> (Juliol 2017)<\/li>\n<li><a href=\"https:\/\/blog.cofb.cat\/formacio-en-probiotics-complements-alimentosos\/\" target=\"_blank\" rel=\"noopener\">Formaci\u00f3 en probi\u00f2tics i complements alimentosos<\/a> (Maig 2017)<\/li>\n<li><a href=\"https:\/\/blog.cofb.cat\/probiotics-prebiotics-beneficis-de-loli-doliva-en-dermatologia-nutricio\/\" target=\"_blank\" rel=\"noopener\">Probi\u00f2tics, prebi\u00f2tics i beneficis de l&#8217;oli d&#8217;oliva en dermatologia i nutrici\u00f3<\/a> (Gener 2017)<\/li>\n<li><a href=\"https:\/\/blog.cofb.cat\/jornada-formativa-sobre-probiotics-i-immunitat\/\" target=\"_blank\" rel=\"noopener\">Jornada formativa sobre probi\u00f2tics i immunitat<\/a> (Gener 2015)<\/li>\n<\/ul>\n","protected":false},"excerpt":{"rendered":"<p>El passat 6 de mar\u00e7, el COFB va acollir la confer\u00e8ncia &#8220;Ci\u00e8ncia i evid\u00e8ncia dels probi\u00f2tics en la inf\u00e0ncia&#8221;, a c\u00e0rrec de Sophie Holowacz, directora de projectes d&#8217;investigaci\u00f3 en probi\u00f2tics de Laboratoris Pileje. L&#8217;encarregada de moderar la sessi\u00f3 va ser Anna Bach, vocal d&#8217;Alimentaci\u00f3 i Nutrici\u00f3 del COFB. La confer\u00e8ncia [&hellip;]<\/p>\n","protected":false},"author":1,"featured_media":37744,"comment_status":"open","ping_status":"open","sticky":false,"template":"","format":"standard","meta":{"_uag_custom_page_level_css":"","site-sidebar-layout":"default","site-content-layout":"","ast-site-content-layout":"default","site-content-style":"default","site-sidebar-style":"default","ast-global-header-display":"","ast-banner-title-visibility":"","ast-main-header-display":"","ast-hfb-above-header-display":"","ast-hfb-below-header-display":"","ast-hfb-mobile-header-display":"","site-post-title":"","ast-breadcrumbs-content":"","ast-featured-img":"disabled","footer-sml-layout":"","theme-transparent-header-meta":"","adv-header-id-meta":"","stick-header-meta":"","header-above-stick-meta":"","header-main-stick-meta":"","header-below-stick-meta":"","astra-migrate-meta-layouts":"default","ast-page-background-enabled":"default","ast-page-background-meta":{"desktop":{"background-color":"var(--ast-global-color-4)","background-image":"","background-repeat":"repeat","background-position":"center center","background-size":"auto","background-attachment":"scroll","background-type":"","background-media":"","overlay-type":"","overlay-color":"","overlay-opacity":"","overlay-gradient":""},"tablet":{"background-color":"","background-image":"","background-repeat":"repeat","background-position":"center center","background-size":"auto","background-attachment":"scroll","background-type":"","background-media":"","overlay-type":"","overlay-color":"","overlay-opacity":"","overlay-gradient":""},"mobile":{"background-color":"","background-image":"","background-repeat":"repeat","background-position":"center center","background-size":"auto","background-attachment":"scroll","background-type":"","background-media":"","overlay-type":"","overlay-color":"","overlay-opacity":"","overlay-gradient":""}},"ast-content-background-meta":{"desktop":{"background-color":"var(--ast-global-color-5)","background-image":"","background-repeat":"repeat","background-position":"center center","background-size":"auto","background-attachment":"scroll","background-type":"","background-media":"","overlay-type":"","overlay-color":"","overlay-opacity":"","overlay-gradient":""},"tablet":{"background-color":"var(--ast-global-color-5)","background-image":"","background-repeat":"repeat","background-position":"center center","background-size":"auto","background-attachment":"scroll","background-type":"","background-media":"","overlay-type":"","overlay-color":"","overlay-opacity":"","overlay-gradient":""},"mobile":{"background-color":"var(--ast-global-color-5)","background-image":"","background-repeat":"repeat","background-position":"center center","background-size":"auto","background-attachment":"scroll","background-type":"","background-media":"","overlay-type":"","overlay-color":"","overlay-opacity":"","overlay-gradient":""}},"footnotes":""},"categories":[57],"tags":[18,520,607,608,56,744,2273,997,95,389],"class_list":["post-37725","post","type-post","status-publish","format-standard","has-post-thumbnail","hentry","category-mon-collegial","tag-cofb","tag-conferencia","tag-infancia","tag-infants","tag-investigacio","tag-microbiota","tag-nadons","tag-nens","tag-probiotics","tag-vocalia-dalimentacio-i-nutricio"],"yoast_head":"<!-- This site is optimized with the Yoast SEO plugin v22.4 - https:\/\/yoast.com\/wordpress\/plugins\/seo\/ -->\n<title>Ci\u00e8ncia i evid\u00e8ncia dels probi\u00f2tics en la inf\u00e0ncia - Col\u00b7legi de Farmac\u00e8utics de Barcelona<\/title>\n<meta name=\"description\" content=\"El passat 6 de mar\u00e7, el COFB va acollir la confer\u00e8ncia &quot;Ci\u00e8ncia i evid\u00e8ncia dels probi\u00f2tics en la inf\u00e0ncia&quot;, a c\u00e0rrec de Sophie Holowacz\" \/>\n<meta name=\"robots\" content=\"index, follow, max-snippet:-1, max-image-preview:large, max-video-preview:-1\" \/>\n<link rel=\"canonical\" href=\"https:\/\/novaorg.cofb.net\/2018\/03\/13\/ciencia-i-evidencia-dels-probiotics-en-la-infancia\/\" \/>\n<meta property=\"og:locale\" content=\"ca_ES\" \/>\n<meta property=\"og:type\" content=\"article\" \/>\n<meta property=\"og:title\" content=\"Ci\u00e8ncia i evid\u00e8ncia dels probi\u00f2tics en la inf\u00e0ncia - Col\u00b7legi de Farmac\u00e8utics de Barcelona\" \/>\n<meta property=\"og:description\" content=\"El passat 6 de mar\u00e7, el COFB va acollir la confer\u00e8ncia &quot;Ci\u00e8ncia i evid\u00e8ncia dels probi\u00f2tics en la inf\u00e0ncia&quot;, a c\u00e0rrec de Sophie Holowacz\" \/>\n<meta property=\"og:url\" content=\"https:\/\/novaorg.cofb.net\/2018\/03\/13\/ciencia-i-evidencia-dels-probiotics-en-la-infancia\/\" \/>\n<meta property=\"og:site_name\" content=\"Col\u00b7legi de Farmac\u00e8utics de Barcelona\" \/>\n<meta property=\"article:publisher\" content=\"https:\/\/www.facebook.com\/farmaceuticsbcn\/\" \/>\n<meta property=\"article:published_time\" content=\"2018-03-13T17:10:12+00:00\" \/>\n<meta name=\"author\" content=\"wpAdminCofbOrg\" \/>\n<meta name=\"twitter:card\" content=\"summary_large_image\" \/>\n<meta name=\"twitter:creator\" content=\"@farmaceuticsbcn\" \/>\n<meta name=\"twitter:site\" content=\"@farmaceuticsbcn\" \/>\n<meta name=\"twitter:label1\" content=\"Escrit per\" \/>\n\t<meta name=\"twitter:data1\" content=\"wpAdminCofbOrg\" \/>\n\t<meta name=\"twitter:label2\" content=\"Temps estimat de lectura\" \/>\n\t<meta name=\"twitter:data2\" content=\"4 minuts\" \/>\n<script type=\"application\/ld+json\" class=\"yoast-schema-graph\">{\"@context\":\"https:\/\/schema.org\",\"@graph\":[{\"@type\":\"Article\",\"@id\":\"https:\/\/novaorg.cofb.net\/2018\/03\/13\/ciencia-i-evidencia-dels-probiotics-en-la-infancia\/#article\",\"isPartOf\":{\"@id\":\"https:\/\/novaorg.cofb.net\/2018\/03\/13\/ciencia-i-evidencia-dels-probiotics-en-la-infancia\/\"},\"author\":{\"name\":\"wpAdminCofbOrg\",\"@id\":\"https:\/\/www.cofb.org\/#\/schema\/person\/22ed7eea88da74b0fa4d3154ad87ffcb\"},\"headline\":\"Ci\u00e8ncia i evid\u00e8ncia dels probi\u00f2tics en la inf\u00e0ncia\",\"datePublished\":\"2018-03-13T17:10:12+00:00\",\"dateModified\":\"2018-03-13T17:10:12+00:00\",\"mainEntityOfPage\":{\"@id\":\"https:\/\/novaorg.cofb.net\/2018\/03\/13\/ciencia-i-evidencia-dels-probiotics-en-la-infancia\/\"},\"wordCount\":758,\"commentCount\":0,\"publisher\":{\"@id\":\"https:\/\/www.cofb.org\/#organization\"},\"image\":{\"@id\":\"https:\/\/novaorg.cofb.net\/2018\/03\/13\/ciencia-i-evidencia-dels-probiotics-en-la-infancia\/#primaryimage\"},\"thumbnailUrl\":\"\",\"keywords\":[\"COFB\",\"confer\u00e8ncia\",\"inf\u00e0ncia\",\"infants\",\"Investigaci\u00f3\",\"microbiota\",\"nadons\",\"nens\",\"probi\u00f2tics\",\"vocalia d'alimentaci\u00f3 i nutrici\u00f3\"],\"articleSection\":[\"M\u00f3n col\u00b7legial\"],\"inLanguage\":\"ca\",\"potentialAction\":[{\"@type\":\"CommentAction\",\"name\":\"Comment\",\"target\":[\"https:\/\/novaorg.cofb.net\/2018\/03\/13\/ciencia-i-evidencia-dels-probiotics-en-la-infancia\/#respond\"]}]},{\"@type\":\"WebPage\",\"@id\":\"https:\/\/novaorg.cofb.net\/2018\/03\/13\/ciencia-i-evidencia-dels-probiotics-en-la-infancia\/\",\"url\":\"https:\/\/novaorg.cofb.net\/2018\/03\/13\/ciencia-i-evidencia-dels-probiotics-en-la-infancia\/\",\"name\":\"Ci\u00e8ncia i evid\u00e8ncia dels probi\u00f2tics en la inf\u00e0ncia - Col\u00b7legi de Farmac\u00e8utics de Barcelona\",\"isPartOf\":{\"@id\":\"https:\/\/www.cofb.org\/#website\"},\"primaryImageOfPage\":{\"@id\":\"https:\/\/novaorg.cofb.net\/2018\/03\/13\/ciencia-i-evidencia-dels-probiotics-en-la-infancia\/#primaryimage\"},\"image\":{\"@id\":\"https:\/\/novaorg.cofb.net\/2018\/03\/13\/ciencia-i-evidencia-dels-probiotics-en-la-infancia\/#primaryimage\"},\"thumbnailUrl\":\"\",\"datePublished\":\"2018-03-13T17:10:12+00:00\",\"dateModified\":\"2018-03-13T17:10:12+00:00\",\"description\":\"El passat 6 de mar\u00e7, el COFB va acollir la confer\u00e8ncia \\\"Ci\u00e8ncia i evid\u00e8ncia dels probi\u00f2tics en la inf\u00e0ncia\\\", a c\u00e0rrec de Sophie Holowacz\",\"breadcrumb\":{\"@id\":\"https:\/\/novaorg.cofb.net\/2018\/03\/13\/ciencia-i-evidencia-dels-probiotics-en-la-infancia\/#breadcrumb\"},\"inLanguage\":\"ca\",\"potentialAction\":[{\"@type\":\"ReadAction\",\"target\":[\"https:\/\/novaorg.cofb.net\/2018\/03\/13\/ciencia-i-evidencia-dels-probiotics-en-la-infancia\/\"]}]},{\"@type\":\"ImageObject\",\"inLanguage\":\"ca\",\"@id\":\"https:\/\/novaorg.cofb.net\/2018\/03\/13\/ciencia-i-evidencia-dels-probiotics-en-la-infancia\/#primaryimage\",\"url\":\"\",\"contentUrl\":\"\"},{\"@type\":\"BreadcrumbList\",\"@id\":\"https:\/\/novaorg.cofb.net\/2018\/03\/13\/ciencia-i-evidencia-dels-probiotics-en-la-infancia\/#breadcrumb\",\"itemListElement\":[{\"@type\":\"ListItem\",\"position\":1,\"name\":\"Inici\",\"item\":\"https:\/\/novaorg.cofb.net\/\"},{\"@type\":\"ListItem\",\"position\":2,\"name\":\"Ci\u00e8ncia i evid\u00e8ncia dels probi\u00f2tics en la inf\u00e0ncia\"}]},{\"@type\":\"WebSite\",\"@id\":\"https:\/\/www.cofb.org\/#website\",\"url\":\"https:\/\/www.cofb.org\/\",\"name\":\"Col\u00b7legi de Farmac\u00e8utics de Barcelona\",\"description\":\"\",\"publisher\":{\"@id\":\"https:\/\/www.cofb.org\/#organization\"},\"potentialAction\":[{\"@type\":\"SearchAction\",\"target\":{\"@type\":\"EntryPoint\",\"urlTemplate\":\"https:\/\/www.cofb.org\/?s={search_term_string}\"},\"query-input\":\"required name=search_term_string\"}],\"inLanguage\":\"ca\"},{\"@type\":\"Organization\",\"@id\":\"https:\/\/www.cofb.org\/#organization\",\"name\":\"Col\u00b7legi de Farmac\u00e8utics de Barcelona\",\"url\":\"https:\/\/www.cofb.org\/\",\"logo\":{\"@type\":\"ImageObject\",\"inLanguage\":\"ca\",\"@id\":\"https:\/\/www.cofb.org\/#\/schema\/logo\/image\/\",\"url\":\"https:\/\/www.cofb.org\/wp-content\/uploads\/2023\/11\/cropped-Logotip-COFB.png\",\"contentUrl\":\"https:\/\/www.cofb.org\/wp-content\/uploads\/2023\/11\/cropped-Logotip-COFB.png\",\"width\":500,\"height\":105,\"caption\":\"Col\u00b7legi de Farmac\u00e8utics de Barcelona\"},\"image\":{\"@id\":\"https:\/\/www.cofb.org\/#\/schema\/logo\/image\/\"},\"sameAs\":[\"https:\/\/www.facebook.com\/farmaceuticsbcn\/\",\"https:\/\/twitter.com\/farmaceuticsbcn\",\"https:\/\/www.instagram.com\/farmaceuticsbcn\/\",\"https:\/\/www.linkedin.com\/company\/farmaceuticsbcn\/\"]},{\"@type\":\"Person\",\"@id\":\"https:\/\/www.cofb.org\/#\/schema\/person\/22ed7eea88da74b0fa4d3154ad87ffcb\",\"name\":\"wpAdminCofbOrg\",\"image\":{\"@type\":\"ImageObject\",\"inLanguage\":\"ca\",\"@id\":\"https:\/\/www.cofb.org\/#\/schema\/person\/image\/\",\"url\":\"https:\/\/secure.gravatar.com\/avatar\/1721b20b3b8ca882c3b56ec6c978c594fff670e40c0718e9190eaeeb76aae7d8?s=96&d=mm&r=g\",\"contentUrl\":\"https:\/\/secure.gravatar.com\/avatar\/1721b20b3b8ca882c3b56ec6c978c594fff670e40c0718e9190eaeeb76aae7d8?s=96&d=mm&r=g\",\"caption\":\"wpAdminCofbOrg\"},\"sameAs\":[\"http:\/\/192.168.64.122\/wordpress\"],\"url\":\"https:\/\/www.cofb.org\/ca\/author\/wpadmincofborg\/\"}]}<\/script>\n<!-- \/ Yoast SEO plugin. -->","yoast_head_json":{"title":"Ci\u00e8ncia i evid\u00e8ncia dels probi\u00f2tics en la inf\u00e0ncia - Col\u00b7legi de Farmac\u00e8utics de Barcelona","description":"El passat 6 de mar\u00e7, el COFB va acollir la confer\u00e8ncia \"Ci\u00e8ncia i evid\u00e8ncia dels probi\u00f2tics en la inf\u00e0ncia\", a c\u00e0rrec de Sophie Holowacz","robots":{"index":"index","follow":"follow","max-snippet":"max-snippet:-1","max-image-preview":"max-image-preview:large","max-video-preview":"max-video-preview:-1"},"canonical":"https:\/\/novaorg.cofb.net\/2018\/03\/13\/ciencia-i-evidencia-dels-probiotics-en-la-infancia\/","og_locale":"ca_ES","og_type":"article","og_title":"Ci\u00e8ncia i evid\u00e8ncia dels probi\u00f2tics en la inf\u00e0ncia - Col\u00b7legi de Farmac\u00e8utics de Barcelona","og_description":"El passat 6 de mar\u00e7, el COFB va acollir la confer\u00e8ncia \"Ci\u00e8ncia i evid\u00e8ncia dels probi\u00f2tics en la inf\u00e0ncia\", a c\u00e0rrec de Sophie Holowacz","og_url":"https:\/\/novaorg.cofb.net\/2018\/03\/13\/ciencia-i-evidencia-dels-probiotics-en-la-infancia\/","og_site_name":"Col\u00b7legi de Farmac\u00e8utics de Barcelona","article_publisher":"https:\/\/www.facebook.com\/farmaceuticsbcn\/","article_published_time":"2018-03-13T17:10:12+00:00","author":"wpAdminCofbOrg","twitter_card":"summary_large_image","twitter_creator":"@farmaceuticsbcn","twitter_site":"@farmaceuticsbcn","twitter_misc":{"Escrit per":"wpAdminCofbOrg","Temps estimat de lectura":"4 minuts"},"schema":{"@context":"https:\/\/schema.org","@graph":[{"@type":"Article","@id":"https:\/\/novaorg.cofb.net\/2018\/03\/13\/ciencia-i-evidencia-dels-probiotics-en-la-infancia\/#article","isPartOf":{"@id":"https:\/\/novaorg.cofb.net\/2018\/03\/13\/ciencia-i-evidencia-dels-probiotics-en-la-infancia\/"},"author":{"name":"wpAdminCofbOrg","@id":"https:\/\/www.cofb.org\/#\/schema\/person\/22ed7eea88da74b0fa4d3154ad87ffcb"},"headline":"Ci\u00e8ncia i evid\u00e8ncia dels probi\u00f2tics en la inf\u00e0ncia","datePublished":"2018-03-13T17:10:12+00:00","dateModified":"2018-03-13T17:10:12+00:00","mainEntityOfPage":{"@id":"https:\/\/novaorg.cofb.net\/2018\/03\/13\/ciencia-i-evidencia-dels-probiotics-en-la-infancia\/"},"wordCount":758,"commentCount":0,"publisher":{"@id":"https:\/\/www.cofb.org\/#organization"},"image":{"@id":"https:\/\/novaorg.cofb.net\/2018\/03\/13\/ciencia-i-evidencia-dels-probiotics-en-la-infancia\/#primaryimage"},"thumbnailUrl":"","keywords":["COFB","confer\u00e8ncia","inf\u00e0ncia","infants","Investigaci\u00f3","microbiota","nadons","nens","probi\u00f2tics","vocalia d'alimentaci\u00f3 i nutrici\u00f3"],"articleSection":["M\u00f3n col\u00b7legial"],"inLanguage":"ca","potentialAction":[{"@type":"CommentAction","name":"Comment","target":["https:\/\/novaorg.cofb.net\/2018\/03\/13\/ciencia-i-evidencia-dels-probiotics-en-la-infancia\/#respond"]}]},{"@type":"WebPage","@id":"https:\/\/novaorg.cofb.net\/2018\/03\/13\/ciencia-i-evidencia-dels-probiotics-en-la-infancia\/","url":"https:\/\/novaorg.cofb.net\/2018\/03\/13\/ciencia-i-evidencia-dels-probiotics-en-la-infancia\/","name":"Ci\u00e8ncia i evid\u00e8ncia dels probi\u00f2tics en la inf\u00e0ncia - Col\u00b7legi de Farmac\u00e8utics de Barcelona","isPartOf":{"@id":"https:\/\/www.cofb.org\/#website"},"primaryImageOfPage":{"@id":"https:\/\/novaorg.cofb.net\/2018\/03\/13\/ciencia-i-evidencia-dels-probiotics-en-la-infancia\/#primaryimage"},"image":{"@id":"https:\/\/novaorg.cofb.net\/2018\/03\/13\/ciencia-i-evidencia-dels-probiotics-en-la-infancia\/#primaryimage"},"thumbnailUrl":"","datePublished":"2018-03-13T17:10:12+00:00","dateModified":"2018-03-13T17:10:12+00:00","description":"El passat 6 de mar\u00e7, el COFB va acollir la confer\u00e8ncia \"Ci\u00e8ncia i evid\u00e8ncia dels probi\u00f2tics en la inf\u00e0ncia\", a c\u00e0rrec de Sophie Holowacz","breadcrumb":{"@id":"https:\/\/novaorg.cofb.net\/2018\/03\/13\/ciencia-i-evidencia-dels-probiotics-en-la-infancia\/#breadcrumb"},"inLanguage":"ca","potentialAction":[{"@type":"ReadAction","target":["https:\/\/novaorg.cofb.net\/2018\/03\/13\/ciencia-i-evidencia-dels-probiotics-en-la-infancia\/"]}]},{"@type":"ImageObject","inLanguage":"ca","@id":"https:\/\/novaorg.cofb.net\/2018\/03\/13\/ciencia-i-evidencia-dels-probiotics-en-la-infancia\/#primaryimage","url":"","contentUrl":""},{"@type":"BreadcrumbList","@id":"https:\/\/novaorg.cofb.net\/2018\/03\/13\/ciencia-i-evidencia-dels-probiotics-en-la-infancia\/#breadcrumb","itemListElement":[{"@type":"ListItem","position":1,"name":"Inici","item":"https:\/\/novaorg.cofb.net\/"},{"@type":"ListItem","position":2,"name":"Ci\u00e8ncia i evid\u00e8ncia dels probi\u00f2tics en la inf\u00e0ncia"}]},{"@type":"WebSite","@id":"https:\/\/www.cofb.org\/#website","url":"https:\/\/www.cofb.org\/","name":"Col\u00b7legi de Farmac\u00e8utics de Barcelona","description":"","publisher":{"@id":"https:\/\/www.cofb.org\/#organization"},"potentialAction":[{"@type":"SearchAction","target":{"@type":"EntryPoint","urlTemplate":"https:\/\/www.cofb.org\/?s={search_term_string}"},"query-input":"required name=search_term_string"}],"inLanguage":"ca"},{"@type":"Organization","@id":"https:\/\/www.cofb.org\/#organization","name":"Col\u00b7legi de Farmac\u00e8utics de Barcelona","url":"https:\/\/www.cofb.org\/","logo":{"@type":"ImageObject","inLanguage":"ca","@id":"https:\/\/www.cofb.org\/#\/schema\/logo\/image\/","url":"https:\/\/www.cofb.org\/wp-content\/uploads\/2023\/11\/cropped-Logotip-COFB.png","contentUrl":"https:\/\/www.cofb.org\/wp-content\/uploads\/2023\/11\/cropped-Logotip-COFB.png","width":500,"height":105,"caption":"Col\u00b7legi de Farmac\u00e8utics de Barcelona"},"image":{"@id":"https:\/\/www.cofb.org\/#\/schema\/logo\/image\/"},"sameAs":["https:\/\/www.facebook.com\/farmaceuticsbcn\/","https:\/\/twitter.com\/farmaceuticsbcn","https:\/\/www.instagram.com\/farmaceuticsbcn\/","https:\/\/www.linkedin.com\/company\/farmaceuticsbcn\/"]},{"@type":"Person","@id":"https:\/\/www.cofb.org\/#\/schema\/person\/22ed7eea88da74b0fa4d3154ad87ffcb","name":"wpAdminCofbOrg","image":{"@type":"ImageObject","inLanguage":"ca","@id":"https:\/\/www.cofb.org\/#\/schema\/person\/image\/","url":"https:\/\/secure.gravatar.com\/avatar\/1721b20b3b8ca882c3b56ec6c978c594fff670e40c0718e9190eaeeb76aae7d8?s=96&d=mm&r=g","contentUrl":"https:\/\/secure.gravatar.com\/avatar\/1721b20b3b8ca882c3b56ec6c978c594fff670e40c0718e9190eaeeb76aae7d8?s=96&d=mm&r=g","caption":"wpAdminCofbOrg"},"sameAs":["http:\/\/192.168.64.122\/wordpress"],"url":"https:\/\/www.cofb.org\/ca\/author\/wpadmincofborg\/"}]}},"uagb_featured_image_src":{"full":false,"thumbnail":false,"medium":false,"medium_large":false,"large":false,"1536x1536":false,"2048x2048":false,"trp-custom-language-flag":false},"uagb_author_info":{"display_name":"wpAdminCofbOrg","author_link":"https:\/\/www.cofb.org\/ca\/author\/wpadmincofborg\/"},"uagb_comment_info":0,"uagb_excerpt":"El passat 6 de mar\u00e7, el COFB va acollir la confer\u00e8ncia &#8220;Ci\u00e8ncia i evid\u00e8ncia dels probi\u00f2tics en la inf\u00e0ncia&#8221;, a c\u00e0rrec de Sophie Holowacz, directora de projectes d&#8217;investigaci\u00f3 en probi\u00f2tics de Laboratoris Pileje. L&#8217;encarregada de moderar la sessi\u00f3 va ser Anna Bach, vocal d&#8217;Alimentaci\u00f3 i Nutrici\u00f3 del COFB. La confer\u00e8ncia [&hellip;]","_links":{"self":[{"href":"https:\/\/www.cofb.org\/ca\/wp-json\/wp\/v2\/posts\/37725","targetHints":{"allow":["GET"]}}],"collection":[{"href":"https:\/\/www.cofb.org\/ca\/wp-json\/wp\/v2\/posts"}],"about":[{"href":"https:\/\/www.cofb.org\/ca\/wp-json\/wp\/v2\/types\/post"}],"author":[{"embeddable":true,"href":"https:\/\/www.cofb.org\/ca\/wp-json\/wp\/v2\/users\/1"}],"replies":[{"embeddable":true,"href":"https:\/\/www.cofb.org\/ca\/wp-json\/wp\/v2\/comments?post=37725"}],"version-history":[{"count":0,"href":"https:\/\/www.cofb.org\/ca\/wp-json\/wp\/v2\/posts\/37725\/revisions"}],"wp:featuredmedia":[{"embeddable":true,"href":"https:\/\/www.cofb.org\/ca\/wp-json\/"}],"wp:attachment":[{"href":"https:\/\/www.cofb.org\/ca\/wp-json\/wp\/v2\/media?parent=37725"}],"wp:term":[{"taxonomy":"category","embeddable":true,"href":"https:\/\/www.cofb.org\/ca\/wp-json\/wp\/v2\/categories?post=37725"},{"taxonomy":"post_tag","embeddable":true,"href":"https:\/\/www.cofb.org\/ca\/wp-json\/wp\/v2\/tags?post=37725"}],"curies":[{"name":"wp","href":"https:\/\/api.w.org\/{rel}","templated":true}]}}