{"id":37574,"date":"2018-03-09T12:44:57","date_gmt":"2018-03-09T10:44:57","guid":{"rendered":"https:\/\/blog.cofb.cat\/?p=37574"},"modified":"2018-03-09T12:44:57","modified_gmt":"2018-03-09T10:44:57","slug":"avencos-rellevants-en-nutricio","status":"publish","type":"post","link":"https:\/\/www.cofb.org\/ca\/2018\/03\/09\/avencos-rellevants-en-nutricio\/","title":{"rendered":"Aven\u00e7os rellevants en nutrici\u00f3: exposici\u00f3 dels continguts de l&#8217;IUNS &#8211; ICN 21st International Congress of Nutrition &#8220;From Science to Nutrition Security&#8221;"},"content":{"rendered":"<p>El dilluns 5 de mar\u00e7 va tenir lloc al COFB la sessi\u00f3 <strong>&#8220;Aven\u00e7os rellevants en nutrici\u00f3&#8221;<\/strong> organitzada conjuntament per la <strong>Reial Acad\u00e8mia de Farm\u00e0cia de Catalunya<\/strong>, l&#8217;<strong>Associaci\u00f3 Catalana de Ci\u00e8ncies de l&#8217;Alimentaci\u00f3<\/strong> i el <strong>Col\u00b7legi de Farmac\u00e8utics de Barcelona<\/strong>.<br \/>\nL&#8217;acte tenia per objectiu mostrar els <strong>aven\u00e7os m\u00e9s rellevants i d&#8217;inter\u00e8s farmac\u00e8utic<\/strong> exposats a l&#8217;<span style=\"color: #000000;\"><strong><a href=\"http:\/\/www.icn2017.com\/index.php?seccion=scientificArea&amp;subSeccion=download_overviews\" target=\"_blank\" rel=\"noopener\"><em>IUNS &#8211; ICN 21st International Congress of Nutrition &#8220;From Science to Nutrition Security&#8221;<\/em><\/a><\/strong>,<\/span> celebrat a Buenos Aires, l&#8217;octubre de l&#8217;any passat.<\/p>\n<h1><strong><span style=\"color: #008080;\">Els temes\u00a0<\/span><\/strong><\/h1>\n<p>Els <strong>temes tractats<\/strong> van ser els seg\u00fcents:<\/p>\n<ul>\n<li>Nutrici\u00f3 de precisi\u00f3<\/li>\n<li>Desafiaments a l&#8217;obesitat<\/li>\n<li>Estils de vida i conseq\u00fc\u00e8ncies metab\u00f2liques<\/li>\n<li>Interaccions de les defenses de l&#8217;individu i la microbiota<\/li>\n<li>Llums i ombres de l&#8217;alimentaci\u00f3 de l&#8217;adult<\/li>\n<li>Hidrataci\u00f3. Com ajudar des de la farm\u00e0cia comunit\u00e0ria<\/li>\n<li>Innovar en educaci\u00f3 nutricional<\/li>\n<li>Infotoxicitat<\/li>\n<\/ul>\n<div class=\"box shadow\"><\/p>\n<h1><span style=\"color: #008080;\"><strong>Els ponents<\/strong><\/span><\/h1>\n<p>Els ponents de la sessi\u00f3 van ser:<\/p>\n<p><strong>Alfredo Mart\u00ednez, <\/strong>catedr\u00e0tic de Nutrici\u00f3 de la Universitat de Navarra, president de la IUNS i membre de la RAFC<br \/>\n<strong>Gregorio Varela, <\/strong>catedr\u00e0tic de Nutrici\u00f3 i Bromatologia de la Universitat de San Pablo (CEU) de Madrid i president de la FEN<br \/>\n<strong>Ascensi\u00f3n Marcos, <\/strong>investigadora del CSIC, Madrid, presidenta de FESNAD i membre de la RAFC<br \/>\n<strong>Montserrat Rivero, <\/strong>assessora cient\u00edfica d&#8217;Ordesa, presidenta de l&#8217;ACCA i membre de la RAFC<\/p>\n<p><strong>Anna Bach<\/strong>, vocal d&#8217;Alimentaci\u00f3 i Nutrici\u00f3 del COFB, va\u00a0moderar la sessi\u00f3.<\/p>\n<p>&nbsp;<\/p>\n<p>[caption id=\"attachment_37585\" align=\"aligncenter\" width=\"620\"]<a href=\"https:\/\/blog.cofb.cat\/wp-content\/uploads\/2018\/03\/cofb.180305-01.jpg\"><img fetchpriority=\"high\" decoding=\"async\" class=\"wp-image-37585 size-large\" src=\"https:\/\/blog.cofb.cat\/wp-content\/uploads\/2018\/03\/cofb.180305-01-1024x683.jpg\" alt=\"\" width=\"620\" height=\"414\" \/><\/a> D&#8217;esquerra a dreta: Ascensi\u00f3n Marcos, Gregorio Varela, Anna Bach, Alfredo Mart\u00ednez i Montserrat Rivero.[\/caption]<\/p>\n<p><\/div>\n<h1><strong><span style=\"color: #008080;\">Les aportacions<\/span><\/strong><\/h1>\n<p><strong>Alfredo Mart\u00ednez<\/strong>, arran d&#8217;uns darrers estudis cient\u00edfics que descriuen l&#8217;alta varietat de tipologies de pacients en patologia cardiovascular, obesos cardiometab\u00f2licament actius i no actius per exemple, ens fa pensar en la <strong>necessitat de personalitzar l&#8217;alimentaci\u00f3 i el tractament per varietats genot\u00edpiques, fenot\u00edpiques i estils de vida<\/strong>. Tamb\u00e9 va destacar la import\u00e0ncia del <strong>paper de la psicologia en els canvis d&#8217;h\u00e0bits alimentaris<\/strong>.<br \/>\nPer la seva banda,\u00a0<strong>Gregorio Varela<\/strong> es va centrar en les persones grans i en les dones, que s\u00f3n les que tenen pitjors estatus nutricionals. Tamb\u00e9 va destacar el <strong>rol del farmac\u00e8utic per valorar el grau d&#8217;hidrataci\u00f3 en perfils polimedicats<\/strong>.<br \/>\nA continuaci\u00f3,\u00a0<strong>Ascenci\u00f3n Marcos<\/strong> va posar l&#8217;\u00e8mfasi en <strong>la relaci\u00f3 entre el sistema immunitari i la microbiota <\/strong>i, finalment, <strong>Montse Rivero<\/strong> va posar l&#8217;accent en les <strong>campanyes d&#8217;educaci\u00f3 nutricional <\/strong>i en com <strong>innovar<\/strong>.<\/p>\n<figure id=\"attachment_37589\" aria-describedby=\"caption-attachment-37589\" style=\"width: 620px\" class=\"wp-caption aligncenter\"><a href=\"https:\/\/blog.cofb.cat\/wp-content\/uploads\/2018\/03\/cofb.180305-12-1.jpg\"><img decoding=\"async\" class=\"wp-image-37589 size-large\" title=\"Montserrat Rivero, assessora cient\u00edfica d'Ordesa, presidenta de l'ACCA i membre de la RAFC, durant un moment de la sessi\u00f3.\" src=\"https:\/\/blog.cofb.cat\/wp-content\/uploads\/2018\/03\/cofb.180305-12-1-1024x683.jpg\" alt=\"Montserrat Rivero, assessora cient\u00edfica d'Ordesa, presidenta de l'ACCA i membre de la RAFC, durant un moment de la sessi\u00f3.\" width=\"620\" height=\"414\" \/><\/a><figcaption id=\"caption-attachment-37589\" class=\"wp-caption-text\">Montserrat Rivero, assessora cient\u00edfica d&#8217;Ordesa, presidenta de l&#8217;ACCA i membre de la RAFC, durant un moment de la sessi\u00f3.<\/figcaption><\/figure>\n<p>Anna Bach, vocal d&#8217;Alimentaci\u00f3 i Nutrici\u00f3 del COFB,\u00a0 va agrair que <strong>tant els ponents com grans societats cient\u00edfiques referents en alimentaci\u00f3<\/strong> &#8211; Sociedad Espa\u00f1ola de Nutrici\u00f3n (SEN), Fundaci\u00f3n Espa\u00f1ola de la Nutrici\u00f3n (FEN), International Congress of Nutrition (IUNS) &#8211;<strong> haguessin pogut traslladar als assistents els seus coneixements sobre els aven\u00e7os en nutrici\u00f3<\/strong>.<\/p>\n<p style=\"text-align: right;\"><strong>Amb la col\u00b7laboraci\u00f3 de:<\/strong><\/p>\n<p style=\"text-align: right;\"><a href=\"https:\/\/www.ordesa.es\/\" target=\"_blank\" rel=\"noopener\"><img decoding=\"async\" class=\"wp-image-37611 size-full alignnone\" title=\"Ordesa\" src=\"https:\/\/blog.cofb.cat\/wp-content\/uploads\/2018\/03\/Ordesa-1.jpg\" alt=\"Ordesa\" width=\"108\" height=\"55\" \/><\/a><\/p>\n<p style=\"text-align: right;\"><strong>Organitzat conjuntament amb:<\/strong><\/p>\n<p><a href=\"https:\/\/blog.cofb.cat\/wp-content\/uploads\/2018\/03\/ACCA-RAFC.jpg\"><img loading=\"lazy\" decoding=\"async\" class=\" wp-image-37612 alignright\" src=\"https:\/\/blog.cofb.cat\/wp-content\/uploads\/2018\/03\/ACCA-RAFC.jpg\" alt=\"\" width=\"214\" height=\"88\" \/><\/a><\/p>\n<p>&nbsp;<\/p>\n<p>&nbsp;<\/p>\n<p><strong>Altres publicacions d&#8217;inter\u00e8s:<\/strong><\/p>\n<ul>\n<li><a href=\"https:\/\/blog.cofb.cat\/aprenentatges-sobre-lalimentacio-infantil-collegi\/\" target=\"_blank\" rel=\"noopener\">Aprenentatges sobre l&#8217;alimentaci\u00f3 infantil al Col\u00b7legi (Febrer 2018)<\/a><\/li>\n<li><a href=\"https:\/\/blog.cofb.cat\/els-farmaceutics-es-formen-en-alimentacio-infantil\/\" target=\"_blank\" rel=\"noopener\">Els farmac\u00e8utics es formen en alimentaci\u00f3 infantil (Agost 2017)<\/a><\/li>\n<li><a href=\"https:\/\/blog.cofb.cat\/consideres-que-la-teva-alimentacio-es-bona\/\" target=\"_blank\" rel=\"noopener\">Consideres que la teva alimentaci\u00f3 \u00e9s bona? (Novembre 2016)<\/a><\/li>\n<li><a href=\"https:\/\/blog.cofb.cat\/dia-mundial-de-lalimentacio-16-doctubre\/\" target=\"_blank\" rel=\"noopener\">Dia Mundial de l&#8217;Alimentaci\u00f3, 16 d&#8217;octubre (Octubre 2016)<\/a><\/li>\n<\/ul>\n","protected":false},"excerpt":{"rendered":"<p>El dilluns 5 de mar\u00e7 va tenir lloc al COFB la sessi\u00f3 &#8220;Aven\u00e7os rellevants en nutrici\u00f3&#8221; organitzada conjuntament per la Reial Acad\u00e8mia de Farm\u00e0cia de Catalunya, l&#8217;Associaci\u00f3 Catalana de Ci\u00e8ncies de l&#8217;Alimentaci\u00f3 i el Col\u00b7legi de Farmac\u00e8utics de Barcelona. L&#8217;acte tenia per objectiu mostrar els aven\u00e7os m\u00e9s rellevants i d&#8217;inter\u00e8s [&hellip;]<\/p>\n","protected":false},"author":1,"featured_media":37588,"comment_status":"open","ping_status":"open","sticky":false,"template":"","format":"standard","meta":{"_uag_custom_page_level_css":"","site-sidebar-layout":"default","site-content-layout":"","ast-site-content-layout":"default","site-content-style":"default","site-sidebar-style":"default","ast-global-header-display":"","ast-banner-title-visibility":"","ast-main-header-display":"","ast-hfb-above-header-display":"","ast-hfb-below-header-display":"","ast-hfb-mobile-header-display":"","site-post-title":"","ast-breadcrumbs-content":"","ast-featured-img":"disabled","footer-sml-layout":"","theme-transparent-header-meta":"","adv-header-id-meta":"","stick-header-meta":"","header-above-stick-meta":"","header-main-stick-meta":"","header-below-stick-meta":"","astra-migrate-meta-layouts":"default","ast-page-background-enabled":"default","ast-page-background-meta":{"desktop":{"background-color":"var(--ast-global-color-4)","background-image":"","background-repeat":"repeat","background-position":"center center","background-size":"auto","background-attachment":"scroll","background-type":"","background-media":"","overlay-type":"","overlay-color":"","overlay-opacity":"","overlay-gradient":""},"tablet":{"background-color":"","background-image":"","background-repeat":"repeat","background-position":"center center","background-size":"auto","background-attachment":"scroll","background-type":"","background-media":"","overlay-type":"","overlay-color":"","overlay-opacity":"","overlay-gradient":""},"mobile":{"background-color":"","background-image":"","background-repeat":"repeat","background-position":"center center","background-size":"auto","background-attachment":"scroll","background-type":"","background-media":"","overlay-type":"","overlay-color":"","overlay-opacity":"","overlay-gradient":""}},"ast-content-background-meta":{"desktop":{"background-color":"var(--ast-global-color-5)","background-image":"","background-repeat":"repeat","background-position":"center center","background-size":"auto","background-attachment":"scroll","background-type":"","background-media":"","overlay-type":"","overlay-color":"","overlay-opacity":"","overlay-gradient":""},"tablet":{"background-color":"var(--ast-global-color-5)","background-image":"","background-repeat":"repeat","background-position":"center center","background-size":"auto","background-attachment":"scroll","background-type":"","background-media":"","overlay-type":"","overlay-color":"","overlay-opacity":"","overlay-gradient":""},"mobile":{"background-color":"var(--ast-global-color-5)","background-image":"","background-repeat":"repeat","background-position":"center center","background-size":"auto","background-attachment":"scroll","background-type":"","background-media":"","overlay-type":"","overlay-color":"","overlay-opacity":"","overlay-gradient":""}},"footnotes":""},"categories":[57],"tags":[36,16,560,2752,2994,18,19,70,2995,46,2578,389],"class_list":["post-37574","post","type-post","status-publish","format-standard","has-post-thumbnail","hentry","category-mon-collegial","tag-alimentacio","tag-alimentacio-i-nutricio","tag-alimentacio-saludable","tag-anna-bach","tag-associacio-catalana-de-ciencies-de-lalimentacio","tag-cofb","tag-collegi-de-farmaceutics-de-barcelona","tag-formacio","tag-iuns","tag-nutricio","tag-reial-academia-de-farmacia-de-catalunya","tag-vocalia-dalimentacio-i-nutricio"],"yoast_head":"<!-- This site is optimized with the Yoast SEO plugin v22.4 - https:\/\/yoast.com\/wordpress\/plugins\/seo\/ -->\n<title>Aven\u00e7os rellevants en nutrici\u00f3: exposici\u00f3 dels continguts de l&#039;IUNS - ICN 21st International Congress of Nutrition &quot;From Science to Nutrition Security&quot; - Col\u00b7legi de Farmac\u00e8utics de Barcelona<\/title>\n<meta name=\"description\" content=\"El dilluns 5 de mar\u00e7 va tenir lloc al COFB la sessi\u00f3 &quot;Aven\u00e7os rellevants en nutrici\u00f3&quot; organitzada conjuntament per la Reial Acad\u00e8mia de Farm\u00e0cia de Catalunya, l&#039;Associaci\u00f3 Catalana de Ci\u00e8ncies de l&#039;Alimentaci\u00f3 i el Col\u00b7legi de Farmac\u00e8utics de Barcelona.\" \/>\n<meta name=\"robots\" content=\"index, follow, max-snippet:-1, max-image-preview:large, max-video-preview:-1\" \/>\n<link rel=\"canonical\" href=\"https:\/\/novaorg.cofb.net\/2018\/03\/09\/avencos-rellevants-en-nutricio\/\" \/>\n<meta property=\"og:locale\" content=\"ca_ES\" \/>\n<meta property=\"og:type\" content=\"article\" \/>\n<meta property=\"og:title\" content=\"Aven\u00e7os rellevants en nutrici\u00f3: exposici\u00f3 dels continguts de l&#039;IUNS - ICN 21st International Congress of Nutrition &quot;From Science to Nutrition Security&quot; - Col\u00b7legi de Farmac\u00e8utics de Barcelona\" \/>\n<meta property=\"og:description\" content=\"El dilluns 5 de mar\u00e7 va tenir lloc al COFB la sessi\u00f3 &quot;Aven\u00e7os rellevants en nutrici\u00f3&quot; organitzada conjuntament per la Reial Acad\u00e8mia de Farm\u00e0cia de Catalunya, l&#039;Associaci\u00f3 Catalana de Ci\u00e8ncies de l&#039;Alimentaci\u00f3 i el Col\u00b7legi de Farmac\u00e8utics de Barcelona.\" \/>\n<meta property=\"og:url\" content=\"https:\/\/novaorg.cofb.net\/2018\/03\/09\/avencos-rellevants-en-nutricio\/\" \/>\n<meta property=\"og:site_name\" content=\"Col\u00b7legi de Farmac\u00e8utics de Barcelona\" \/>\n<meta property=\"article:publisher\" content=\"https:\/\/www.facebook.com\/farmaceuticsbcn\/\" \/>\n<meta property=\"article:published_time\" content=\"2018-03-09T10:44:57+00:00\" \/>\n<meta name=\"author\" content=\"wpAdminCofbOrg\" \/>\n<meta name=\"twitter:card\" content=\"summary_large_image\" \/>\n<meta name=\"twitter:creator\" content=\"@farmaceuticsbcn\" \/>\n<meta name=\"twitter:site\" content=\"@farmaceuticsbcn\" \/>\n<meta name=\"twitter:label1\" content=\"Escrit per\" \/>\n\t<meta name=\"twitter:data1\" content=\"wpAdminCofbOrg\" \/>\n\t<meta name=\"twitter:label2\" content=\"Temps estimat de lectura\" \/>\n\t<meta name=\"twitter:data2\" content=\"3 minuts\" \/>\n<script type=\"application\/ld+json\" class=\"yoast-schema-graph\">{\"@context\":\"https:\/\/schema.org\",\"@graph\":[{\"@type\":\"Article\",\"@id\":\"https:\/\/novaorg.cofb.net\/2018\/03\/09\/avencos-rellevants-en-nutricio\/#article\",\"isPartOf\":{\"@id\":\"https:\/\/novaorg.cofb.net\/2018\/03\/09\/avencos-rellevants-en-nutricio\/\"},\"author\":{\"name\":\"wpAdminCofbOrg\",\"@id\":\"https:\/\/www.cofb.org\/#\/schema\/person\/22ed7eea88da74b0fa4d3154ad87ffcb\"},\"headline\":\"Aven\u00e7os rellevants en nutrici\u00f3: exposici\u00f3 dels continguts de l&#8217;IUNS &#8211; ICN 21st International Congress of Nutrition &#8220;From Science to Nutrition Security&#8221;\",\"datePublished\":\"2018-03-09T10:44:57+00:00\",\"dateModified\":\"2018-03-09T10:44:57+00:00\",\"mainEntityOfPage\":{\"@id\":\"https:\/\/novaorg.cofb.net\/2018\/03\/09\/avencos-rellevants-en-nutricio\/\"},\"wordCount\":589,\"commentCount\":0,\"publisher\":{\"@id\":\"https:\/\/www.cofb.org\/#organization\"},\"image\":{\"@id\":\"https:\/\/novaorg.cofb.net\/2018\/03\/09\/avencos-rellevants-en-nutricio\/#primaryimage\"},\"thumbnailUrl\":\"\",\"keywords\":[\"alimentaci\u00f3\",\"Alimentaci\u00f3 i nutrici\u00f3\",\"alimentaci\u00f3 saludable\",\"Anna Bach\",\"Associaci\u00f3 Catalana de Ci\u00e8ncies de l'Alimentaci\u00f3\",\"COFB\",\"Col\u00b7legi de Farmac\u00e8utics de Barcelona\",\"Formaci\u00f3\",\"IUNS\",\"Nutrici\u00f3\",\"Reial Acad\u00e8mia de Farm\u00e0cia de Catalunya\",\"vocalia d'alimentaci\u00f3 i nutrici\u00f3\"],\"articleSection\":[\"M\u00f3n col\u00b7legial\"],\"inLanguage\":\"ca\",\"potentialAction\":[{\"@type\":\"CommentAction\",\"name\":\"Comment\",\"target\":[\"https:\/\/novaorg.cofb.net\/2018\/03\/09\/avencos-rellevants-en-nutricio\/#respond\"]}]},{\"@type\":\"WebPage\",\"@id\":\"https:\/\/novaorg.cofb.net\/2018\/03\/09\/avencos-rellevants-en-nutricio\/\",\"url\":\"https:\/\/novaorg.cofb.net\/2018\/03\/09\/avencos-rellevants-en-nutricio\/\",\"name\":\"Aven\u00e7os rellevants en nutrici\u00f3: exposici\u00f3 dels continguts de l'IUNS - ICN 21st International Congress of Nutrition \\\"From Science to Nutrition Security\\\" - Col\u00b7legi de Farmac\u00e8utics de Barcelona\",\"isPartOf\":{\"@id\":\"https:\/\/www.cofb.org\/#website\"},\"primaryImageOfPage\":{\"@id\":\"https:\/\/novaorg.cofb.net\/2018\/03\/09\/avencos-rellevants-en-nutricio\/#primaryimage\"},\"image\":{\"@id\":\"https:\/\/novaorg.cofb.net\/2018\/03\/09\/avencos-rellevants-en-nutricio\/#primaryimage\"},\"thumbnailUrl\":\"\",\"datePublished\":\"2018-03-09T10:44:57+00:00\",\"dateModified\":\"2018-03-09T10:44:57+00:00\",\"description\":\"El dilluns 5 de mar\u00e7 va tenir lloc al COFB la sessi\u00f3 \\\"Aven\u00e7os rellevants en nutrici\u00f3\\\" organitzada conjuntament per la Reial Acad\u00e8mia de Farm\u00e0cia de Catalunya, l'Associaci\u00f3 Catalana de Ci\u00e8ncies de l'Alimentaci\u00f3 i el Col\u00b7legi de Farmac\u00e8utics de Barcelona.\",\"breadcrumb\":{\"@id\":\"https:\/\/novaorg.cofb.net\/2018\/03\/09\/avencos-rellevants-en-nutricio\/#breadcrumb\"},\"inLanguage\":\"ca\",\"potentialAction\":[{\"@type\":\"ReadAction\",\"target\":[\"https:\/\/novaorg.cofb.net\/2018\/03\/09\/avencos-rellevants-en-nutricio\/\"]}]},{\"@type\":\"ImageObject\",\"inLanguage\":\"ca\",\"@id\":\"https:\/\/novaorg.cofb.net\/2018\/03\/09\/avencos-rellevants-en-nutricio\/#primaryimage\",\"url\":\"\",\"contentUrl\":\"\"},{\"@type\":\"BreadcrumbList\",\"@id\":\"https:\/\/novaorg.cofb.net\/2018\/03\/09\/avencos-rellevants-en-nutricio\/#breadcrumb\",\"itemListElement\":[{\"@type\":\"ListItem\",\"position\":1,\"name\":\"Inici\",\"item\":\"https:\/\/novaorg.cofb.net\/\"},{\"@type\":\"ListItem\",\"position\":2,\"name\":\"Aven\u00e7os rellevants en nutrici\u00f3: exposici\u00f3 dels continguts de l&#8217;IUNS &#8211; ICN 21st International Congress of Nutrition &#8220;From Science to Nutrition Security&#8221;\"}]},{\"@type\":\"WebSite\",\"@id\":\"https:\/\/www.cofb.org\/#website\",\"url\":\"https:\/\/www.cofb.org\/\",\"name\":\"Col\u00b7legi de Farmac\u00e8utics de Barcelona\",\"description\":\"\",\"publisher\":{\"@id\":\"https:\/\/www.cofb.org\/#organization\"},\"potentialAction\":[{\"@type\":\"SearchAction\",\"target\":{\"@type\":\"EntryPoint\",\"urlTemplate\":\"https:\/\/www.cofb.org\/?s={search_term_string}\"},\"query-input\":\"required name=search_term_string\"}],\"inLanguage\":\"ca\"},{\"@type\":\"Organization\",\"@id\":\"https:\/\/www.cofb.org\/#organization\",\"name\":\"Col\u00b7legi de Farmac\u00e8utics de Barcelona\",\"url\":\"https:\/\/www.cofb.org\/\",\"logo\":{\"@type\":\"ImageObject\",\"inLanguage\":\"ca\",\"@id\":\"https:\/\/www.cofb.org\/#\/schema\/logo\/image\/\",\"url\":\"https:\/\/www.cofb.org\/wp-content\/uploads\/2023\/11\/cropped-Logotip-COFB.png\",\"contentUrl\":\"https:\/\/www.cofb.org\/wp-content\/uploads\/2023\/11\/cropped-Logotip-COFB.png\",\"width\":500,\"height\":105,\"caption\":\"Col\u00b7legi de Farmac\u00e8utics de Barcelona\"},\"image\":{\"@id\":\"https:\/\/www.cofb.org\/#\/schema\/logo\/image\/\"},\"sameAs\":[\"https:\/\/www.facebook.com\/farmaceuticsbcn\/\",\"https:\/\/twitter.com\/farmaceuticsbcn\",\"https:\/\/www.instagram.com\/farmaceuticsbcn\/\",\"https:\/\/www.linkedin.com\/company\/farmaceuticsbcn\/\"]},{\"@type\":\"Person\",\"@id\":\"https:\/\/www.cofb.org\/#\/schema\/person\/22ed7eea88da74b0fa4d3154ad87ffcb\",\"name\":\"wpAdminCofbOrg\",\"image\":{\"@type\":\"ImageObject\",\"inLanguage\":\"ca\",\"@id\":\"https:\/\/www.cofb.org\/#\/schema\/person\/image\/\",\"url\":\"https:\/\/secure.gravatar.com\/avatar\/1721b20b3b8ca882c3b56ec6c978c594fff670e40c0718e9190eaeeb76aae7d8?s=96&d=mm&r=g\",\"contentUrl\":\"https:\/\/secure.gravatar.com\/avatar\/1721b20b3b8ca882c3b56ec6c978c594fff670e40c0718e9190eaeeb76aae7d8?s=96&d=mm&r=g\",\"caption\":\"wpAdminCofbOrg\"},\"sameAs\":[\"http:\/\/192.168.64.122\/wordpress\"],\"url\":\"https:\/\/www.cofb.org\/ca\/author\/wpadmincofborg\/\"}]}<\/script>\n<!-- \/ Yoast SEO plugin. -->","yoast_head_json":{"title":"Aven\u00e7os rellevants en nutrici\u00f3: exposici\u00f3 dels continguts de l'IUNS - ICN 21st International Congress of Nutrition \"From Science to Nutrition Security\" - Col\u00b7legi de Farmac\u00e8utics de Barcelona","description":"El dilluns 5 de mar\u00e7 va tenir lloc al COFB la sessi\u00f3 \"Aven\u00e7os rellevants en nutrici\u00f3\" organitzada conjuntament per la Reial Acad\u00e8mia de Farm\u00e0cia de Catalunya, l'Associaci\u00f3 Catalana de Ci\u00e8ncies de l'Alimentaci\u00f3 i el Col\u00b7legi de Farmac\u00e8utics de Barcelona.","robots":{"index":"index","follow":"follow","max-snippet":"max-snippet:-1","max-image-preview":"max-image-preview:large","max-video-preview":"max-video-preview:-1"},"canonical":"https:\/\/novaorg.cofb.net\/2018\/03\/09\/avencos-rellevants-en-nutricio\/","og_locale":"ca_ES","og_type":"article","og_title":"Aven\u00e7os rellevants en nutrici\u00f3: exposici\u00f3 dels continguts de l'IUNS - ICN 21st International Congress of Nutrition \"From Science to Nutrition Security\" - Col\u00b7legi de Farmac\u00e8utics de Barcelona","og_description":"El dilluns 5 de mar\u00e7 va tenir lloc al COFB la sessi\u00f3 \"Aven\u00e7os rellevants en nutrici\u00f3\" organitzada conjuntament per la Reial Acad\u00e8mia de Farm\u00e0cia de Catalunya, l'Associaci\u00f3 Catalana de Ci\u00e8ncies de l'Alimentaci\u00f3 i el Col\u00b7legi de Farmac\u00e8utics de Barcelona.","og_url":"https:\/\/novaorg.cofb.net\/2018\/03\/09\/avencos-rellevants-en-nutricio\/","og_site_name":"Col\u00b7legi de Farmac\u00e8utics de Barcelona","article_publisher":"https:\/\/www.facebook.com\/farmaceuticsbcn\/","article_published_time":"2018-03-09T10:44:57+00:00","author":"wpAdminCofbOrg","twitter_card":"summary_large_image","twitter_creator":"@farmaceuticsbcn","twitter_site":"@farmaceuticsbcn","twitter_misc":{"Escrit per":"wpAdminCofbOrg","Temps estimat de lectura":"3 minuts"},"schema":{"@context":"https:\/\/schema.org","@graph":[{"@type":"Article","@id":"https:\/\/novaorg.cofb.net\/2018\/03\/09\/avencos-rellevants-en-nutricio\/#article","isPartOf":{"@id":"https:\/\/novaorg.cofb.net\/2018\/03\/09\/avencos-rellevants-en-nutricio\/"},"author":{"name":"wpAdminCofbOrg","@id":"https:\/\/www.cofb.org\/#\/schema\/person\/22ed7eea88da74b0fa4d3154ad87ffcb"},"headline":"Aven\u00e7os rellevants en nutrici\u00f3: exposici\u00f3 dels continguts de l&#8217;IUNS &#8211; ICN 21st International Congress of Nutrition &#8220;From Science to Nutrition Security&#8221;","datePublished":"2018-03-09T10:44:57+00:00","dateModified":"2018-03-09T10:44:57+00:00","mainEntityOfPage":{"@id":"https:\/\/novaorg.cofb.net\/2018\/03\/09\/avencos-rellevants-en-nutricio\/"},"wordCount":589,"commentCount":0,"publisher":{"@id":"https:\/\/www.cofb.org\/#organization"},"image":{"@id":"https:\/\/novaorg.cofb.net\/2018\/03\/09\/avencos-rellevants-en-nutricio\/#primaryimage"},"thumbnailUrl":"","keywords":["alimentaci\u00f3","Alimentaci\u00f3 i nutrici\u00f3","alimentaci\u00f3 saludable","Anna Bach","Associaci\u00f3 Catalana de Ci\u00e8ncies de l'Alimentaci\u00f3","COFB","Col\u00b7legi de Farmac\u00e8utics de Barcelona","Formaci\u00f3","IUNS","Nutrici\u00f3","Reial Acad\u00e8mia de Farm\u00e0cia de Catalunya","vocalia d'alimentaci\u00f3 i nutrici\u00f3"],"articleSection":["M\u00f3n col\u00b7legial"],"inLanguage":"ca","potentialAction":[{"@type":"CommentAction","name":"Comment","target":["https:\/\/novaorg.cofb.net\/2018\/03\/09\/avencos-rellevants-en-nutricio\/#respond"]}]},{"@type":"WebPage","@id":"https:\/\/novaorg.cofb.net\/2018\/03\/09\/avencos-rellevants-en-nutricio\/","url":"https:\/\/novaorg.cofb.net\/2018\/03\/09\/avencos-rellevants-en-nutricio\/","name":"Aven\u00e7os rellevants en nutrici\u00f3: exposici\u00f3 dels continguts de l'IUNS - ICN 21st International Congress of Nutrition \"From Science to Nutrition Security\" - Col\u00b7legi de Farmac\u00e8utics de Barcelona","isPartOf":{"@id":"https:\/\/www.cofb.org\/#website"},"primaryImageOfPage":{"@id":"https:\/\/novaorg.cofb.net\/2018\/03\/09\/avencos-rellevants-en-nutricio\/#primaryimage"},"image":{"@id":"https:\/\/novaorg.cofb.net\/2018\/03\/09\/avencos-rellevants-en-nutricio\/#primaryimage"},"thumbnailUrl":"","datePublished":"2018-03-09T10:44:57+00:00","dateModified":"2018-03-09T10:44:57+00:00","description":"El dilluns 5 de mar\u00e7 va tenir lloc al COFB la sessi\u00f3 \"Aven\u00e7os rellevants en nutrici\u00f3\" organitzada conjuntament per la Reial Acad\u00e8mia de Farm\u00e0cia de Catalunya, l'Associaci\u00f3 Catalana de Ci\u00e8ncies de l'Alimentaci\u00f3 i el Col\u00b7legi de Farmac\u00e8utics de Barcelona.","breadcrumb":{"@id":"https:\/\/novaorg.cofb.net\/2018\/03\/09\/avencos-rellevants-en-nutricio\/#breadcrumb"},"inLanguage":"ca","potentialAction":[{"@type":"ReadAction","target":["https:\/\/novaorg.cofb.net\/2018\/03\/09\/avencos-rellevants-en-nutricio\/"]}]},{"@type":"ImageObject","inLanguage":"ca","@id":"https:\/\/novaorg.cofb.net\/2018\/03\/09\/avencos-rellevants-en-nutricio\/#primaryimage","url":"","contentUrl":""},{"@type":"BreadcrumbList","@id":"https:\/\/novaorg.cofb.net\/2018\/03\/09\/avencos-rellevants-en-nutricio\/#breadcrumb","itemListElement":[{"@type":"ListItem","position":1,"name":"Inici","item":"https:\/\/novaorg.cofb.net\/"},{"@type":"ListItem","position":2,"name":"Aven\u00e7os rellevants en nutrici\u00f3: exposici\u00f3 dels continguts de l&#8217;IUNS &#8211; ICN 21st International Congress of Nutrition &#8220;From Science to Nutrition Security&#8221;"}]},{"@type":"WebSite","@id":"https:\/\/www.cofb.org\/#website","url":"https:\/\/www.cofb.org\/","name":"Col\u00b7legi de Farmac\u00e8utics de Barcelona","description":"","publisher":{"@id":"https:\/\/www.cofb.org\/#organization"},"potentialAction":[{"@type":"SearchAction","target":{"@type":"EntryPoint","urlTemplate":"https:\/\/www.cofb.org\/?s={search_term_string}"},"query-input":"required name=search_term_string"}],"inLanguage":"ca"},{"@type":"Organization","@id":"https:\/\/www.cofb.org\/#organization","name":"Col\u00b7legi de Farmac\u00e8utics de Barcelona","url":"https:\/\/www.cofb.org\/","logo":{"@type":"ImageObject","inLanguage":"ca","@id":"https:\/\/www.cofb.org\/#\/schema\/logo\/image\/","url":"https:\/\/www.cofb.org\/wp-content\/uploads\/2023\/11\/cropped-Logotip-COFB.png","contentUrl":"https:\/\/www.cofb.org\/wp-content\/uploads\/2023\/11\/cropped-Logotip-COFB.png","width":500,"height":105,"caption":"Col\u00b7legi de Farmac\u00e8utics de Barcelona"},"image":{"@id":"https:\/\/www.cofb.org\/#\/schema\/logo\/image\/"},"sameAs":["https:\/\/www.facebook.com\/farmaceuticsbcn\/","https:\/\/twitter.com\/farmaceuticsbcn","https:\/\/www.instagram.com\/farmaceuticsbcn\/","https:\/\/www.linkedin.com\/company\/farmaceuticsbcn\/"]},{"@type":"Person","@id":"https:\/\/www.cofb.org\/#\/schema\/person\/22ed7eea88da74b0fa4d3154ad87ffcb","name":"wpAdminCofbOrg","image":{"@type":"ImageObject","inLanguage":"ca","@id":"https:\/\/www.cofb.org\/#\/schema\/person\/image\/","url":"https:\/\/secure.gravatar.com\/avatar\/1721b20b3b8ca882c3b56ec6c978c594fff670e40c0718e9190eaeeb76aae7d8?s=96&d=mm&r=g","contentUrl":"https:\/\/secure.gravatar.com\/avatar\/1721b20b3b8ca882c3b56ec6c978c594fff670e40c0718e9190eaeeb76aae7d8?s=96&d=mm&r=g","caption":"wpAdminCofbOrg"},"sameAs":["http:\/\/192.168.64.122\/wordpress"],"url":"https:\/\/www.cofb.org\/ca\/author\/wpadmincofborg\/"}]}},"uagb_featured_image_src":{"full":false,"thumbnail":false,"medium":false,"medium_large":false,"large":false,"1536x1536":false,"2048x2048":false,"trp-custom-language-flag":false},"uagb_author_info":{"display_name":"wpAdminCofbOrg","author_link":"https:\/\/www.cofb.org\/ca\/author\/wpadmincofborg\/"},"uagb_comment_info":0,"uagb_excerpt":"El dilluns 5 de mar\u00e7 va tenir lloc al COFB la sessi\u00f3 &#8220;Aven\u00e7os rellevants en nutrici\u00f3&#8221; organitzada conjuntament per la Reial Acad\u00e8mia de Farm\u00e0cia de Catalunya, l&#8217;Associaci\u00f3 Catalana de Ci\u00e8ncies de l&#8217;Alimentaci\u00f3 i el Col\u00b7legi de Farmac\u00e8utics de Barcelona. L&#8217;acte tenia per objectiu mostrar els aven\u00e7os m\u00e9s rellevants i d&#8217;inter\u00e8s [&hellip;]","_links":{"self":[{"href":"https:\/\/www.cofb.org\/ca\/wp-json\/wp\/v2\/posts\/37574","targetHints":{"allow":["GET"]}}],"collection":[{"href":"https:\/\/www.cofb.org\/ca\/wp-json\/wp\/v2\/posts"}],"about":[{"href":"https:\/\/www.cofb.org\/ca\/wp-json\/wp\/v2\/types\/post"}],"author":[{"embeddable":true,"href":"https:\/\/www.cofb.org\/ca\/wp-json\/wp\/v2\/users\/1"}],"replies":[{"embeddable":true,"href":"https:\/\/www.cofb.org\/ca\/wp-json\/wp\/v2\/comments?post=37574"}],"version-history":[{"count":0,"href":"https:\/\/www.cofb.org\/ca\/wp-json\/wp\/v2\/posts\/37574\/revisions"}],"wp:featuredmedia":[{"embeddable":true,"href":"https:\/\/www.cofb.org\/ca\/wp-json\/"}],"wp:attachment":[{"href":"https:\/\/www.cofb.org\/ca\/wp-json\/wp\/v2\/media?parent=37574"}],"wp:term":[{"taxonomy":"category","embeddable":true,"href":"https:\/\/www.cofb.org\/ca\/wp-json\/wp\/v2\/categories?post=37574"},{"taxonomy":"post_tag","embeddable":true,"href":"https:\/\/www.cofb.org\/ca\/wp-json\/wp\/v2\/tags?post=37574"}],"curies":[{"name":"wp","href":"https:\/\/api.w.org\/{rel}","templated":true}]}}