{"id":37535,"date":"2018-03-08T16:06:18","date_gmt":"2018-03-08T14:06:18","guid":{"rendered":"https:\/\/blog.cofb.cat\/?p=37535"},"modified":"2018-03-08T16:06:18","modified_gmt":"2018-03-08T14:06:18","slug":"20-marc-jornada-prevencio-cancer-colon-recte","status":"publish","type":"post","link":"https:\/\/www.cofb.org\/ca\/2018\/03\/08\/20-marc-jornada-prevencio-cancer-colon-recte\/","title":{"rendered":"20 de mar\u00e7: Jornada per la prevenci\u00f3 del c\u00e0ncer de c\u00f2lon i recte"},"content":{"rendered":"<p>El pr\u00f2xim\u00a0<strong>dimarts 20 de mar\u00e7, <\/strong>amb motiu del\u00a0Dia Mundial contra el c\u00e0ncer de c\u00f2lon i recte\u00a0que se celebra cada 31 de mar\u00e7, el Programa de detecci\u00f3 preco\u00e7 de c\u00e0ncer de c\u00f2lon i recte de Barcelona organitza<strong> la\u00a0jornada<\/strong> \u201c<strong><em>Actuem per la prevenci\u00f3<\/em><\/strong><em>\u201d,\u00a0<\/em>per donar\u00a0a con\u00e8ixer\u00a0la prevenci\u00f3 del c\u00e0ncer colorectal i els factors relacionats amb el seu desenvolupament.<\/p>\n<p><a href=\"https:\/\/blog.cofb.cat\/wp-content\/uploads\/2018\/03\/Actuem-per-la-prevenci\u00f3.jpg\"><img fetchpriority=\"high\" decoding=\"async\" class=\"aligncenter wp-image-37542 size-full\" title=\"Actuem per la prevenci\u00f3 del c\u00e0ncer de c\u00f2lon i recte\" src=\"https:\/\/blog.cofb.cat\/wp-content\/uploads\/2018\/03\/Actuem-per-la-prevenci\u00f3.jpg\" alt=\"Actuem per la prevenci\u00f3 del c\u00e0ncer de c\u00f2lon i recte\" width=\"719\" height=\"449\" \/><\/a><\/p>\n<h3><\/h3>\n<p>L&#8217;acte, de car\u00e0cter divulgatiu, est\u00e0 <strong>adre\u00e7at tant a professionals com a p\u00fablic en general<\/strong>, i tindr\u00e0 lloc <strong>\u00a0al CaixaForum de Barcelona entre les 17 i 20 h<\/strong>\u00a0comptant amb la pres\u00e8ncia de diferents professionals sanitaris i amb l\u2019actuaci\u00f3 teatral del grup de teatre La Piscifactoria dirigit per Cristian Ll\u00e0cer.<\/p>\n<p>&nbsp;<\/p>\n<div class=\"box shadow\"><\/p>\n<h1><strong>&#8220;Actuem per la prevenci\u00f3&#8221;: el programa.<\/strong><\/h1>\n<p>El <strong>programa de la jornada<\/strong> s&#8217;estructurar\u00e0 en <strong>tres blocs<\/strong>:<\/p>\n<ul>\n<li>A tall d&#8217;introducci\u00f3, <strong>Xavier Castells<\/strong>,\u00a0president de la Comissi\u00f3 Assessora de Cribratges\u00a0de C\u00e0ncer de Catalunya, parlar\u00e0 de\u00a0<strong>&#8220;La prevenci\u00f3 del c\u00e0ncer de c\u00f2lon a Catalunya&#8221;.<br \/>\n<\/strong><\/li>\n<li>Tot seguit, sota el t\u00edtol <strong>&#8220;Factors de risc del c\u00e0ncer de c\u00f2lon i recte&#8221;<\/strong>, tres especialistes s&#8217;aproparan al tema des de les seg\u00fcents presentacions:\n<p><strong>&#8211;\u00a0Ho sabem tot sobre la formaci\u00f3 d\u2019un c\u00e0ncer de c\u00f2lon?<br \/>\n<\/strong><strong>\u00a0 \u00a0Anna Benages<\/strong>, digest\u00f2loga, Hospital Vall d\u2019Hebron<br \/>\n<strong>&#8211;\u00a0Edat, p\u00f2lips i fam\u00edlia. Com prevenir el c\u00e0ncer de c\u00f2lon?<br \/>\n<\/strong><strong>\u00a0 \u00a0Xavi Bessa<\/strong>, cap del Servei de Digestiu, Hospital del Mar<br \/>\n<strong>&#8211; Em pot tocar a mi? Probabilitat real i percebuda de patir un c\u00e0ncer.<br \/>\n<\/strong><strong>\u00a0 \u00a0Teresa Puig<\/strong>, epidemi\u00f2loga, Hospital de Sant Pau<\/li>\n<\/ul>\n<ul>\n<li>Finalment, s&#8217;obrir\u00e0 l&#8217;espai de <strong>col\u00b7loqui &#8220;Actuem per la prevenci\u00f3&#8221;<\/strong> amb la participaci\u00f3 d&#8217;Anna Benages, Xavi Bessa, Teresa Puig i Cristian Ll\u00e0cer, moderats per Maria Estrada, farmac\u00e8utica del COFB, i Jaume Grau, epidemi\u00f2leg de la unitat de cribratge de l&#8217;Hospital Cl\u00ednic de Barcelona.<\/li>\n<\/ul>\n<p>La cloenda anir\u00e0 a c\u00e0rrec d&#8217;Antoni Castells i Francesc Maci\u00e0, coordinadors del Programa de detecci\u00f3 preco\u00e7 a Barcelona.<\/p>\n<p><\/div>\n<p>Si \u00e9s del vostre inter\u00e8s o en voleu fer difusi\u00f3 a la farm\u00e0cia entre els vostres usuaris, <strong>l\u2019assist\u00e8ncia \u00e9s gratu\u00efta i cal que feu la inscripci\u00f3<\/strong>*, abans del 16 de mar\u00e7, <strong><a href=\"http:\/\/bit.ly\/prevenciocolon\" target=\"_blank\" rel=\"noopener\">aqu\u00ed<\/a><\/strong>.<br \/>\nPodeu consultar <strong>tots els detalls<\/strong> del programa <strong>de la jornada<\/strong> en<strong> <a href=\"http:\/\/bit.ly\/2nOVl70\" target=\"_blank\" rel=\"noopener\">aquest enlla\u00e7<\/a><\/strong>.<\/p>\n<p><em>*Durant tota la jornada els inscrits podran accedir lliurement a les exposicions del CaixaForum Barcelona.<\/em><\/p>\n<p>&nbsp;<\/p>\n<div class=\"box info\"><\/p>\n<h2><strong>La import\u00e0ncia dels programes poblacionals de prevenci\u00f3.<\/strong><\/h2>\n<p>El <strong>Prog<\/strong><strong>rama <\/strong><strong>de det<\/strong><strong>ecci\u00f3 preco\u00e7 de c\u00e0ncer de c\u00f2lo<\/strong><strong>n i r<\/strong><strong>ecte est\u00e0 <\/strong><strong>prom<\/strong><strong>o<\/strong><strong>g<\/strong><strong>u<\/strong><strong>t p<\/strong><strong>el <\/strong><strong>Departament de Salut de la Generalitat de Catalunya<\/strong> i la seva aplicaci\u00f3 a Barcelona va a c\u00e0rrec de l\u2019Hospital Cl\u00ednic, l\u2019Hospital de la Vall d\u2019Hebron, l\u2019Hospital del Mar i l\u2019Hospital de la Santa Creu i Sant Pau. El <strong>C<\/strong><strong>onsell <\/strong><strong>de Col\u00b7legis Farmac\u00e8utics de Catalunya coordina les farm\u00e0cies implicades<\/strong> en el projecte.<\/p>\n<p><a href=\"https:\/\/blog.cofb.cat\/wp-content\/uploads\/2018\/03\/Programa-detecci\u00f3-c\u00e0ncer-c\u00f2lon-i-recte.jpg\"><img decoding=\"async\" class=\"aligncenter wp-image-37545 size-full\" title=\"Programa de detecci\u00f3 preco\u00e7 de c\u00e0ncer c\u00f2lon i recte\" src=\"https:\/\/blog.cofb.cat\/wp-content\/uploads\/2018\/03\/Programa-detecci\u00f3-c\u00e0ncer-c\u00f2lon-i-recte.jpg\" alt=\"Programa de detecci\u00f3 preco\u00e7 de c\u00e0ncer c\u00f2lon i recte\" width=\"493\" height=\"343\" \/><\/a><\/p>\n<p>La modificaci\u00f3 d\u2019alguns estils de vida i <strong>la participaci\u00f3 en programes\u00a0poblacionals de prevenci\u00f3<\/strong> del c\u00e0ncer com aquest <strong>poden fer disminuir el risc<\/strong> que t\u00e9 una<br \/>\npersona de desenvolupar aquest c\u00e0ncer.<br \/>\n<strong>Podeu con\u00e8ixer tots els detalls del programa <a href=\"http:\/\/www.prevenciocolonbcn.org\/ca\/\" target=\"_blank\" rel=\"noopener\">aqu\u00ed<\/a>.<\/strong><\/div>\n<p>&nbsp;<\/p>\n<p><strong>Altres publicacions relacionades recollides al Blog:<\/strong><\/p>\n<ul>\n<li><a href=\"https:\/\/blog.cofb.cat\/tot-punt-per-la-caminada-per-la-prevencio-del-cancer-de-colon-el-21-de-gener\/\" target=\"_blank\" rel=\"noopener\">Tot a punt per a la caminada per la prevenci\u00f3 del c\u00e0ncer de c\u00f2lon i recte el 21 de gener(Gener 2018)<\/a><\/li>\n<li><a href=\"http:\/\/blog.cofb.cat\/diumenge-19-de-marc-caminem-plegats-per-la-prevencio-del-cancer-de-colon-recte\/\" target=\"_blank\" rel=\"noopener\">Diumenge 19 de mar\u00e7: Caminem plegats per la prevenci\u00f3 del c\u00e0ncer de colon i recte (Mar\u00e7 2017)<\/a><\/li>\n<li><a href=\"http:\/\/blog.cofb.cat\/dia-mundial-contra-el-cancer-de-colon-recte-xifres-de-la-prova-de-deteccio-precoc-amb-la-participacio-de-les-farmacies\/\" target=\"_blank\" rel=\"noopener\">Dia Mundial contra el c\u00e0ncer de c\u00f2lon i recte: xifres de la prova de detecci\u00f3 preco\u00e7 amb la participaci\u00f3 de les farm\u00e0cies(Mar\u00e7 2017)<\/a><\/li>\n<\/ul>\n","protected":false},"excerpt":{"rendered":"<p>El pr\u00f2xim\u00a0dimarts 20 de mar\u00e7, amb motiu del\u00a0Dia Mundial contra el c\u00e0ncer de c\u00f2lon i recte\u00a0que se celebra cada 31 de mar\u00e7, el Programa de detecci\u00f3 preco\u00e7 de c\u00e0ncer de c\u00f2lon i recte de Barcelona organitza la\u00a0jornada \u201cActuem per la prevenci\u00f3\u201d,\u00a0per donar\u00a0a con\u00e8ixer\u00a0la prevenci\u00f3 del c\u00e0ncer colorectal i els factors [&hellip;]<\/p>\n","protected":false},"author":1,"featured_media":37542,"comment_status":"open","ping_status":"open","sticky":false,"template":"","format":"standard","meta":{"_uag_custom_page_level_css":"","site-sidebar-layout":"default","site-content-layout":"","ast-site-content-layout":"default","site-content-style":"default","site-sidebar-style":"default","ast-global-header-display":"","ast-banner-title-visibility":"","ast-main-header-display":"","ast-hfb-above-header-display":"","ast-hfb-below-header-display":"","ast-hfb-mobile-header-display":"","site-post-title":"","ast-breadcrumbs-content":"","ast-featured-img":"disabled","footer-sml-layout":"","theme-transparent-header-meta":"","adv-header-id-meta":"","stick-header-meta":"","header-above-stick-meta":"","header-main-stick-meta":"","header-below-stick-meta":"","astra-migrate-meta-layouts":"default","ast-page-background-enabled":"default","ast-page-background-meta":{"desktop":{"background-color":"var(--ast-global-color-4)","background-image":"","background-repeat":"repeat","background-position":"center center","background-size":"auto","background-attachment":"scroll","background-type":"","background-media":"","overlay-type":"","overlay-color":"","overlay-opacity":"","overlay-gradient":""},"tablet":{"background-color":"","background-image":"","background-repeat":"repeat","background-position":"center center","background-size":"auto","background-attachment":"scroll","background-type":"","background-media":"","overlay-type":"","overlay-color":"","overlay-opacity":"","overlay-gradient":""},"mobile":{"background-color":"","background-image":"","background-repeat":"repeat","background-position":"center center","background-size":"auto","background-attachment":"scroll","background-type":"","background-media":"","overlay-type":"","overlay-color":"","overlay-opacity":"","overlay-gradient":""}},"ast-content-background-meta":{"desktop":{"background-color":"var(--ast-global-color-5)","background-image":"","background-repeat":"repeat","background-position":"center center","background-size":"auto","background-attachment":"scroll","background-type":"","background-media":"","overlay-type":"","overlay-color":"","overlay-opacity":"","overlay-gradient":""},"tablet":{"background-color":"var(--ast-global-color-5)","background-image":"","background-repeat":"repeat","background-position":"center center","background-size":"auto","background-attachment":"scroll","background-type":"","background-media":"","overlay-type":"","overlay-color":"","overlay-opacity":"","overlay-gradient":""},"mobile":{"background-color":"var(--ast-global-color-5)","background-image":"","background-repeat":"repeat","background-position":"center center","background-size":"auto","background-attachment":"scroll","background-type":"","background-media":"","overlay-type":"","overlay-color":"","overlay-opacity":"","overlay-gradient":""}},"footnotes":""},"categories":[32],"tags":[723,956,957,399,163,2992,2993,264,2386],"class_list":["post-37535","post","type-post","status-publish","format-standard","has-post-thumbnail","hentry","category-noticies-farmacia","tag-cancer","tag-cancer-colorrectal","tag-cancer-de-colon","tag-catsalut","tag-consell-de-collegis-farmaceutics-de-catalunya","tag-deteccio-precoc-cancer","tag-jornada-prevencio-cancer-colorrectal","tag-prevencio","tag-programa-de-deteccio-precoc-del-cancer-de-colon"],"yoast_head":"<!-- This site is optimized with the Yoast SEO plugin v22.4 - https:\/\/yoast.com\/wordpress\/plugins\/seo\/ -->\n<title>20 de mar\u00e7: Jornada per la prevenci\u00f3 del c\u00e0ncer de c\u00f2lon i recte - Col\u00b7legi de Farmac\u00e8utics de Barcelona<\/title>\n<meta name=\"robots\" content=\"index, follow, max-snippet:-1, max-image-preview:large, max-video-preview:-1\" \/>\n<link rel=\"canonical\" href=\"https:\/\/novaorg.cofb.net\/2018\/03\/08\/20-marc-jornada-prevencio-cancer-colon-recte\/\" \/>\n<meta property=\"og:locale\" content=\"ca_ES\" \/>\n<meta property=\"og:type\" content=\"article\" \/>\n<meta property=\"og:title\" content=\"20 de mar\u00e7: Jornada per la prevenci\u00f3 del c\u00e0ncer de c\u00f2lon i recte - Col\u00b7legi de Farmac\u00e8utics de Barcelona\" \/>\n<meta property=\"og:description\" content=\"El pr\u00f2xim\u00a0dimarts 20 de mar\u00e7, amb motiu del\u00a0Dia Mundial contra el c\u00e0ncer de c\u00f2lon i recte\u00a0que se celebra cada 31 de mar\u00e7, el Programa de detecci\u00f3 preco\u00e7 de c\u00e0ncer de c\u00f2lon i recte de Barcelona organitza la\u00a0jornada \u201cActuem per la prevenci\u00f3\u201d,\u00a0per donar\u00a0a con\u00e8ixer\u00a0la prevenci\u00f3 del c\u00e0ncer colorectal i els factors [&hellip;]\" \/>\n<meta property=\"og:url\" content=\"https:\/\/novaorg.cofb.net\/2018\/03\/08\/20-marc-jornada-prevencio-cancer-colon-recte\/\" \/>\n<meta property=\"og:site_name\" content=\"Col\u00b7legi de Farmac\u00e8utics de Barcelona\" \/>\n<meta property=\"article:publisher\" content=\"https:\/\/www.facebook.com\/farmaceuticsbcn\/\" \/>\n<meta property=\"article:published_time\" content=\"2018-03-08T14:06:18+00:00\" \/>\n<meta name=\"author\" content=\"wpAdminCofbOrg\" \/>\n<meta name=\"twitter:card\" content=\"summary_large_image\" \/>\n<meta name=\"twitter:creator\" content=\"@farmaceuticsbcn\" \/>\n<meta name=\"twitter:site\" content=\"@farmaceuticsbcn\" \/>\n<meta name=\"twitter:label1\" content=\"Escrit per\" \/>\n\t<meta name=\"twitter:data1\" content=\"wpAdminCofbOrg\" \/>\n\t<meta name=\"twitter:label2\" content=\"Temps estimat de lectura\" \/>\n\t<meta name=\"twitter:data2\" content=\"3 minuts\" \/>\n<script type=\"application\/ld+json\" class=\"yoast-schema-graph\">{\"@context\":\"https:\/\/schema.org\",\"@graph\":[{\"@type\":\"Article\",\"@id\":\"https:\/\/novaorg.cofb.net\/2018\/03\/08\/20-marc-jornada-prevencio-cancer-colon-recte\/#article\",\"isPartOf\":{\"@id\":\"https:\/\/novaorg.cofb.net\/2018\/03\/08\/20-marc-jornada-prevencio-cancer-colon-recte\/\"},\"author\":{\"name\":\"wpAdminCofbOrg\",\"@id\":\"https:\/\/www.cofb.org\/#\/schema\/person\/22ed7eea88da74b0fa4d3154ad87ffcb\"},\"headline\":\"20 de mar\u00e7: Jornada per la prevenci\u00f3 del c\u00e0ncer de c\u00f2lon i recte\",\"datePublished\":\"2018-03-08T14:06:18+00:00\",\"dateModified\":\"2018-03-08T14:06:18+00:00\",\"mainEntityOfPage\":{\"@id\":\"https:\/\/novaorg.cofb.net\/2018\/03\/08\/20-marc-jornada-prevencio-cancer-colon-recte\/\"},\"wordCount\":634,\"commentCount\":0,\"publisher\":{\"@id\":\"https:\/\/www.cofb.org\/#organization\"},\"image\":{\"@id\":\"https:\/\/novaorg.cofb.net\/2018\/03\/08\/20-marc-jornada-prevencio-cancer-colon-recte\/#primaryimage\"},\"thumbnailUrl\":\"\",\"keywords\":[\"c\u00e0ncer\",\"c\u00e0ncer colorrectal\",\"c\u00e0ncer de c\u00f2lon\",\"catSalut\",\"Consell de Col\u00b7legis Farmac\u00e8utics de Catalunya\",\"Detecci\u00f3 preco\u00e7 c\u00e0ncer\",\"jornada prevenci\u00f3 c\u00e0ncer colorrectal\",\"prevenci\u00f3\",\"Programa de Detecci\u00f3 Preco\u00e7 del C\u00e0ncer de Colon\"],\"articleSection\":[\"Not\u00edcies farm\u00e0cia\"],\"inLanguage\":\"ca\",\"potentialAction\":[{\"@type\":\"CommentAction\",\"name\":\"Comment\",\"target\":[\"https:\/\/novaorg.cofb.net\/2018\/03\/08\/20-marc-jornada-prevencio-cancer-colon-recte\/#respond\"]}]},{\"@type\":\"WebPage\",\"@id\":\"https:\/\/novaorg.cofb.net\/2018\/03\/08\/20-marc-jornada-prevencio-cancer-colon-recte\/\",\"url\":\"https:\/\/novaorg.cofb.net\/2018\/03\/08\/20-marc-jornada-prevencio-cancer-colon-recte\/\",\"name\":\"20 de mar\u00e7: Jornada per la prevenci\u00f3 del c\u00e0ncer de c\u00f2lon i recte - Col\u00b7legi de Farmac\u00e8utics de Barcelona\",\"isPartOf\":{\"@id\":\"https:\/\/www.cofb.org\/#website\"},\"primaryImageOfPage\":{\"@id\":\"https:\/\/novaorg.cofb.net\/2018\/03\/08\/20-marc-jornada-prevencio-cancer-colon-recte\/#primaryimage\"},\"image\":{\"@id\":\"https:\/\/novaorg.cofb.net\/2018\/03\/08\/20-marc-jornada-prevencio-cancer-colon-recte\/#primaryimage\"},\"thumbnailUrl\":\"\",\"datePublished\":\"2018-03-08T14:06:18+00:00\",\"dateModified\":\"2018-03-08T14:06:18+00:00\",\"breadcrumb\":{\"@id\":\"https:\/\/novaorg.cofb.net\/2018\/03\/08\/20-marc-jornada-prevencio-cancer-colon-recte\/#breadcrumb\"},\"inLanguage\":\"ca\",\"potentialAction\":[{\"@type\":\"ReadAction\",\"target\":[\"https:\/\/novaorg.cofb.net\/2018\/03\/08\/20-marc-jornada-prevencio-cancer-colon-recte\/\"]}]},{\"@type\":\"ImageObject\",\"inLanguage\":\"ca\",\"@id\":\"https:\/\/novaorg.cofb.net\/2018\/03\/08\/20-marc-jornada-prevencio-cancer-colon-recte\/#primaryimage\",\"url\":\"\",\"contentUrl\":\"\"},{\"@type\":\"BreadcrumbList\",\"@id\":\"https:\/\/novaorg.cofb.net\/2018\/03\/08\/20-marc-jornada-prevencio-cancer-colon-recte\/#breadcrumb\",\"itemListElement\":[{\"@type\":\"ListItem\",\"position\":1,\"name\":\"Inici\",\"item\":\"https:\/\/novaorg.cofb.net\/\"},{\"@type\":\"ListItem\",\"position\":2,\"name\":\"20 de mar\u00e7: Jornada per la prevenci\u00f3 del c\u00e0ncer de c\u00f2lon i recte\"}]},{\"@type\":\"WebSite\",\"@id\":\"https:\/\/www.cofb.org\/#website\",\"url\":\"https:\/\/www.cofb.org\/\",\"name\":\"Col\u00b7legi de Farmac\u00e8utics de Barcelona\",\"description\":\"\",\"publisher\":{\"@id\":\"https:\/\/www.cofb.org\/#organization\"},\"potentialAction\":[{\"@type\":\"SearchAction\",\"target\":{\"@type\":\"EntryPoint\",\"urlTemplate\":\"https:\/\/www.cofb.org\/?s={search_term_string}\"},\"query-input\":\"required name=search_term_string\"}],\"inLanguage\":\"ca\"},{\"@type\":\"Organization\",\"@id\":\"https:\/\/www.cofb.org\/#organization\",\"name\":\"Col\u00b7legi de Farmac\u00e8utics de Barcelona\",\"url\":\"https:\/\/www.cofb.org\/\",\"logo\":{\"@type\":\"ImageObject\",\"inLanguage\":\"ca\",\"@id\":\"https:\/\/www.cofb.org\/#\/schema\/logo\/image\/\",\"url\":\"https:\/\/www.cofb.org\/wp-content\/uploads\/2023\/11\/cropped-Logotip-COFB.png\",\"contentUrl\":\"https:\/\/www.cofb.org\/wp-content\/uploads\/2023\/11\/cropped-Logotip-COFB.png\",\"width\":500,\"height\":105,\"caption\":\"Col\u00b7legi de Farmac\u00e8utics de Barcelona\"},\"image\":{\"@id\":\"https:\/\/www.cofb.org\/#\/schema\/logo\/image\/\"},\"sameAs\":[\"https:\/\/www.facebook.com\/farmaceuticsbcn\/\",\"https:\/\/twitter.com\/farmaceuticsbcn\",\"https:\/\/www.instagram.com\/farmaceuticsbcn\/\",\"https:\/\/www.linkedin.com\/company\/farmaceuticsbcn\/\"]},{\"@type\":\"Person\",\"@id\":\"https:\/\/www.cofb.org\/#\/schema\/person\/22ed7eea88da74b0fa4d3154ad87ffcb\",\"name\":\"wpAdminCofbOrg\",\"image\":{\"@type\":\"ImageObject\",\"inLanguage\":\"ca\",\"@id\":\"https:\/\/www.cofb.org\/#\/schema\/person\/image\/\",\"url\":\"https:\/\/secure.gravatar.com\/avatar\/1721b20b3b8ca882c3b56ec6c978c594fff670e40c0718e9190eaeeb76aae7d8?s=96&d=mm&r=g\",\"contentUrl\":\"https:\/\/secure.gravatar.com\/avatar\/1721b20b3b8ca882c3b56ec6c978c594fff670e40c0718e9190eaeeb76aae7d8?s=96&d=mm&r=g\",\"caption\":\"wpAdminCofbOrg\"},\"sameAs\":[\"http:\/\/192.168.64.122\/wordpress\"],\"url\":\"https:\/\/www.cofb.org\/ca\/author\/wpadmincofborg\/\"}]}<\/script>\n<!-- \/ Yoast SEO plugin. -->","yoast_head_json":{"title":"20 de mar\u00e7: Jornada per la prevenci\u00f3 del c\u00e0ncer de c\u00f2lon i recte - Col\u00b7legi de Farmac\u00e8utics de Barcelona","robots":{"index":"index","follow":"follow","max-snippet":"max-snippet:-1","max-image-preview":"max-image-preview:large","max-video-preview":"max-video-preview:-1"},"canonical":"https:\/\/novaorg.cofb.net\/2018\/03\/08\/20-marc-jornada-prevencio-cancer-colon-recte\/","og_locale":"ca_ES","og_type":"article","og_title":"20 de mar\u00e7: Jornada per la prevenci\u00f3 del c\u00e0ncer de c\u00f2lon i recte - Col\u00b7legi de Farmac\u00e8utics de Barcelona","og_description":"El pr\u00f2xim\u00a0dimarts 20 de mar\u00e7, amb motiu del\u00a0Dia Mundial contra el c\u00e0ncer de c\u00f2lon i recte\u00a0que se celebra cada 31 de mar\u00e7, el Programa de detecci\u00f3 preco\u00e7 de c\u00e0ncer de c\u00f2lon i recte de Barcelona organitza la\u00a0jornada \u201cActuem per la prevenci\u00f3\u201d,\u00a0per donar\u00a0a con\u00e8ixer\u00a0la prevenci\u00f3 del c\u00e0ncer colorectal i els factors [&hellip;]","og_url":"https:\/\/novaorg.cofb.net\/2018\/03\/08\/20-marc-jornada-prevencio-cancer-colon-recte\/","og_site_name":"Col\u00b7legi de Farmac\u00e8utics de Barcelona","article_publisher":"https:\/\/www.facebook.com\/farmaceuticsbcn\/","article_published_time":"2018-03-08T14:06:18+00:00","author":"wpAdminCofbOrg","twitter_card":"summary_large_image","twitter_creator":"@farmaceuticsbcn","twitter_site":"@farmaceuticsbcn","twitter_misc":{"Escrit per":"wpAdminCofbOrg","Temps estimat de lectura":"3 minuts"},"schema":{"@context":"https:\/\/schema.org","@graph":[{"@type":"Article","@id":"https:\/\/novaorg.cofb.net\/2018\/03\/08\/20-marc-jornada-prevencio-cancer-colon-recte\/#article","isPartOf":{"@id":"https:\/\/novaorg.cofb.net\/2018\/03\/08\/20-marc-jornada-prevencio-cancer-colon-recte\/"},"author":{"name":"wpAdminCofbOrg","@id":"https:\/\/www.cofb.org\/#\/schema\/person\/22ed7eea88da74b0fa4d3154ad87ffcb"},"headline":"20 de mar\u00e7: Jornada per la prevenci\u00f3 del c\u00e0ncer de c\u00f2lon i recte","datePublished":"2018-03-08T14:06:18+00:00","dateModified":"2018-03-08T14:06:18+00:00","mainEntityOfPage":{"@id":"https:\/\/novaorg.cofb.net\/2018\/03\/08\/20-marc-jornada-prevencio-cancer-colon-recte\/"},"wordCount":634,"commentCount":0,"publisher":{"@id":"https:\/\/www.cofb.org\/#organization"},"image":{"@id":"https:\/\/novaorg.cofb.net\/2018\/03\/08\/20-marc-jornada-prevencio-cancer-colon-recte\/#primaryimage"},"thumbnailUrl":"","keywords":["c\u00e0ncer","c\u00e0ncer colorrectal","c\u00e0ncer de c\u00f2lon","catSalut","Consell de Col\u00b7legis Farmac\u00e8utics de Catalunya","Detecci\u00f3 preco\u00e7 c\u00e0ncer","jornada prevenci\u00f3 c\u00e0ncer colorrectal","prevenci\u00f3","Programa de Detecci\u00f3 Preco\u00e7 del C\u00e0ncer de Colon"],"articleSection":["Not\u00edcies farm\u00e0cia"],"inLanguage":"ca","potentialAction":[{"@type":"CommentAction","name":"Comment","target":["https:\/\/novaorg.cofb.net\/2018\/03\/08\/20-marc-jornada-prevencio-cancer-colon-recte\/#respond"]}]},{"@type":"WebPage","@id":"https:\/\/novaorg.cofb.net\/2018\/03\/08\/20-marc-jornada-prevencio-cancer-colon-recte\/","url":"https:\/\/novaorg.cofb.net\/2018\/03\/08\/20-marc-jornada-prevencio-cancer-colon-recte\/","name":"20 de mar\u00e7: Jornada per la prevenci\u00f3 del c\u00e0ncer de c\u00f2lon i recte - Col\u00b7legi de Farmac\u00e8utics de Barcelona","isPartOf":{"@id":"https:\/\/www.cofb.org\/#website"},"primaryImageOfPage":{"@id":"https:\/\/novaorg.cofb.net\/2018\/03\/08\/20-marc-jornada-prevencio-cancer-colon-recte\/#primaryimage"},"image":{"@id":"https:\/\/novaorg.cofb.net\/2018\/03\/08\/20-marc-jornada-prevencio-cancer-colon-recte\/#primaryimage"},"thumbnailUrl":"","datePublished":"2018-03-08T14:06:18+00:00","dateModified":"2018-03-08T14:06:18+00:00","breadcrumb":{"@id":"https:\/\/novaorg.cofb.net\/2018\/03\/08\/20-marc-jornada-prevencio-cancer-colon-recte\/#breadcrumb"},"inLanguage":"ca","potentialAction":[{"@type":"ReadAction","target":["https:\/\/novaorg.cofb.net\/2018\/03\/08\/20-marc-jornada-prevencio-cancer-colon-recte\/"]}]},{"@type":"ImageObject","inLanguage":"ca","@id":"https:\/\/novaorg.cofb.net\/2018\/03\/08\/20-marc-jornada-prevencio-cancer-colon-recte\/#primaryimage","url":"","contentUrl":""},{"@type":"BreadcrumbList","@id":"https:\/\/novaorg.cofb.net\/2018\/03\/08\/20-marc-jornada-prevencio-cancer-colon-recte\/#breadcrumb","itemListElement":[{"@type":"ListItem","position":1,"name":"Inici","item":"https:\/\/novaorg.cofb.net\/"},{"@type":"ListItem","position":2,"name":"20 de mar\u00e7: Jornada per la prevenci\u00f3 del c\u00e0ncer de c\u00f2lon i recte"}]},{"@type":"WebSite","@id":"https:\/\/www.cofb.org\/#website","url":"https:\/\/www.cofb.org\/","name":"Col\u00b7legi de Farmac\u00e8utics de Barcelona","description":"","publisher":{"@id":"https:\/\/www.cofb.org\/#organization"},"potentialAction":[{"@type":"SearchAction","target":{"@type":"EntryPoint","urlTemplate":"https:\/\/www.cofb.org\/?s={search_term_string}"},"query-input":"required name=search_term_string"}],"inLanguage":"ca"},{"@type":"Organization","@id":"https:\/\/www.cofb.org\/#organization","name":"Col\u00b7legi de Farmac\u00e8utics de Barcelona","url":"https:\/\/www.cofb.org\/","logo":{"@type":"ImageObject","inLanguage":"ca","@id":"https:\/\/www.cofb.org\/#\/schema\/logo\/image\/","url":"https:\/\/www.cofb.org\/wp-content\/uploads\/2023\/11\/cropped-Logotip-COFB.png","contentUrl":"https:\/\/www.cofb.org\/wp-content\/uploads\/2023\/11\/cropped-Logotip-COFB.png","width":500,"height":105,"caption":"Col\u00b7legi de Farmac\u00e8utics de Barcelona"},"image":{"@id":"https:\/\/www.cofb.org\/#\/schema\/logo\/image\/"},"sameAs":["https:\/\/www.facebook.com\/farmaceuticsbcn\/","https:\/\/twitter.com\/farmaceuticsbcn","https:\/\/www.instagram.com\/farmaceuticsbcn\/","https:\/\/www.linkedin.com\/company\/farmaceuticsbcn\/"]},{"@type":"Person","@id":"https:\/\/www.cofb.org\/#\/schema\/person\/22ed7eea88da74b0fa4d3154ad87ffcb","name":"wpAdminCofbOrg","image":{"@type":"ImageObject","inLanguage":"ca","@id":"https:\/\/www.cofb.org\/#\/schema\/person\/image\/","url":"https:\/\/secure.gravatar.com\/avatar\/1721b20b3b8ca882c3b56ec6c978c594fff670e40c0718e9190eaeeb76aae7d8?s=96&d=mm&r=g","contentUrl":"https:\/\/secure.gravatar.com\/avatar\/1721b20b3b8ca882c3b56ec6c978c594fff670e40c0718e9190eaeeb76aae7d8?s=96&d=mm&r=g","caption":"wpAdminCofbOrg"},"sameAs":["http:\/\/192.168.64.122\/wordpress"],"url":"https:\/\/www.cofb.org\/ca\/author\/wpadmincofborg\/"}]}},"uagb_featured_image_src":{"full":false,"thumbnail":false,"medium":false,"medium_large":false,"large":false,"1536x1536":false,"2048x2048":false,"trp-custom-language-flag":false},"uagb_author_info":{"display_name":"wpAdminCofbOrg","author_link":"https:\/\/www.cofb.org\/ca\/author\/wpadmincofborg\/"},"uagb_comment_info":0,"uagb_excerpt":"El pr\u00f2xim\u00a0dimarts 20 de mar\u00e7, amb motiu del\u00a0Dia Mundial contra el c\u00e0ncer de c\u00f2lon i recte\u00a0que se celebra cada 31 de mar\u00e7, el Programa de detecci\u00f3 preco\u00e7 de c\u00e0ncer de c\u00f2lon i recte de Barcelona organitza la\u00a0jornada \u201cActuem per la prevenci\u00f3\u201d,\u00a0per donar\u00a0a con\u00e8ixer\u00a0la prevenci\u00f3 del c\u00e0ncer colorectal i els factors [&hellip;]","_links":{"self":[{"href":"https:\/\/www.cofb.org\/ca\/wp-json\/wp\/v2\/posts\/37535","targetHints":{"allow":["GET"]}}],"collection":[{"href":"https:\/\/www.cofb.org\/ca\/wp-json\/wp\/v2\/posts"}],"about":[{"href":"https:\/\/www.cofb.org\/ca\/wp-json\/wp\/v2\/types\/post"}],"author":[{"embeddable":true,"href":"https:\/\/www.cofb.org\/ca\/wp-json\/wp\/v2\/users\/1"}],"replies":[{"embeddable":true,"href":"https:\/\/www.cofb.org\/ca\/wp-json\/wp\/v2\/comments?post=37535"}],"version-history":[{"count":0,"href":"https:\/\/www.cofb.org\/ca\/wp-json\/wp\/v2\/posts\/37535\/revisions"}],"wp:featuredmedia":[{"embeddable":true,"href":"https:\/\/www.cofb.org\/ca\/wp-json\/"}],"wp:attachment":[{"href":"https:\/\/www.cofb.org\/ca\/wp-json\/wp\/v2\/media?parent=37535"}],"wp:term":[{"taxonomy":"category","embeddable":true,"href":"https:\/\/www.cofb.org\/ca\/wp-json\/wp\/v2\/categories?post=37535"},{"taxonomy":"post_tag","embeddable":true,"href":"https:\/\/www.cofb.org\/ca\/wp-json\/wp\/v2\/tags?post=37535"}],"curies":[{"name":"wp","href":"https:\/\/api.w.org\/{rel}","templated":true}]}}