{"id":37420,"date":"2018-03-05T20:46:44","date_gmt":"2018-03-05T18:46:44","guid":{"rendered":"https:\/\/blog.cofb.cat\/?p=37420"},"modified":"2018-03-05T20:46:44","modified_gmt":"2018-03-05T18:46:44","slug":"infarmainnova-innovacio-digitalitzacio-transformacio-lnfarma-2018","status":"publish","type":"post","link":"https:\/\/www.cofb.org\/ca\/2018\/03\/05\/infarmainnova-innovacio-digitalitzacio-transformacio-lnfarma-2018\/","title":{"rendered":"#InfarmaInnova: innovaci\u00f3, digitalitzaci\u00f3 i transformaci\u00f3 a Infarma 2018"},"content":{"rendered":"<p>En el marc d&#8217;Infarma 2018,<strong> #InfarmaInnova<\/strong> t\u00e9 per objectiu\u00a0<strong>apropar la innovaci\u00f3 i la transformaci\u00f3 a tots els agents del sector de farm\u00e0cia<\/strong>, aix\u00ed com facilitar-los i fer-los protagonistes com a actors de canvi, transformaci\u00f3 i innovaci\u00f3 del sector farmac\u00e8utic.<\/p>\n<p><strong>Vuitanta persones podran gaudir de xerrades sobre les \u00faltimes tend\u00e8ncies i innovacions que tenen impacte sobre el sector farmac\u00e8utic<\/strong>, adquirir habilitats i coneixement de noves metodologies de treball, explorar i dissenyar oportunitats de negoci i con\u00e8ixer algunes de les <em>startups<\/em> de salut m\u00e9s interessants del nostre pa\u00eds.<\/p>\n<div class=\"box shadow\"><\/p>\n<h2><span style=\"color: #008080;\"><strong>#InfarmaInnova es divideix en 4 activitats:<\/strong><\/span><\/h2>\n<p><a href=\"https:\/\/blog.cofb.cat\/wp-content\/uploads\/2018\/03\/Inspira-Crea-Hackathon-Competici\u00f3n-Startups.jpg\" target=\"_blank\" rel=\"noopener\"><img fetchpriority=\"high\" decoding=\"async\" class=\"alignnone wp-image-37493 size-full\" title=\"Inspira - Crea - Hacathon - Competici\u00f3n de startups\" src=\"https:\/\/blog.cofb.cat\/wp-content\/uploads\/2018\/03\/Inspira-Crea-Hackathon-Competici\u00f3n-Startups.jpg\" alt=\"Inspira - Crea - Hackathon - Competici\u00f3n de startups\" width=\"692\" height=\"139\" \/><\/a><\/p>\n<h3><span style=\"color: #008080;\"><strong>Inspira #InfarmaInnova: 13 de mar\u00e7 (mat\u00ed)<\/strong><\/span><\/h3>\n<p>Consisteix en una <strong>s\u00e8rie de xerrades d&#8217;innovaci\u00f3 i digitalitzaci\u00f3<\/strong>, de tend\u00e8ncies i bones pr\u00e0ctiques, aix\u00ed com de <strong>transformaci\u00f3 del sector farmac\u00e8utic.\u00a0<\/strong><\/p>\n<p>Els ponents &#8211; de dins i fora del sector &#8211;\u00a0 transmetran la seva visi\u00f3 sobre els <strong>grans reptes als quals s&#8217;enfronta el sector farmac\u00e8utic<\/strong>.<\/p>\n<h3><span style=\"color: #008080;\"><strong>Crea #InfarmaInnova: 13 de mar\u00e7 (tarda)<\/strong><\/span><\/h3>\n<p>\u00c9s un <strong>taller d&#8217;innovaci\u00f3<\/strong> en el qual es facilitar\u00e0 als participants informaci\u00f3, visi\u00f3, sensibilitat i eines per tal d&#8217;identificar debilitats, amenaces, fortaleses, oportunitats i <strong>reptes de la digitalitzaci\u00f3 i innovaci\u00f3 del sector<\/strong> i com treballar-les en el dia a dia.<\/p>\n<h3><span style=\"color: #008080;\"><strong>Hackathon #InfarmaInnova: 14 de mar\u00e7 (mat\u00ed i tarda)<\/strong><\/span><\/h3>\n<p>\u00c9s una <strong>activitat que permet involucrar els participants a la soluci\u00f3 del repte<\/strong>: &#8220;Com oferir m\u00e9s valor afegit als pacients, fomentant la millora i adquisici\u00f3 de bones pr\u00e0ctiques i la digitalitzaci\u00f3 del sector farmac\u00e8utic&#8221;.<\/p>\n<p>Per equips, i utilitzant la metodologia <em>Customer Development<\/em>, <strong>els protagonistes podran presentar la seva soluci\u00f3 a un repte plantejat<\/strong> pel sector. Un equip ser\u00e0 escollit guanyador per un jurat especialitzat.<\/p>\n<p>Les persones que vulguin participar al <em>Hackathon <\/em>poden sol\u00b7licitar la<strong><a href=\"http:\/\/infarma.es\/infarmainnova\/registroinnova.aspx\" target=\"_blank\" rel=\"noopener\"> inscripci\u00f3<\/a> abans del 7 de mar\u00e7, a les 24:00 h.<\/strong> Els noms dels participants seleccionats es donaran a con\u00e8ixer el divendres 9 de mar\u00e7.<\/p>\n<h3><span style=\"color: #008080;\"><strong>Competici\u00f3 d&#8217;<em>startups <\/em>#InfarmaInnova: 15 de mar\u00e7 (mat\u00ed)<\/strong><\/span><\/h3>\n<p>Per primera vegada, Infarma presenta la <strong>competici\u00f3 d&#8217;<em>startups<\/em> #InfarmaInnova<\/strong>, un premi concebut per <strong>donar suport a les startups espanyoles relacionades amb el sector farmac\u00e8utic<\/strong>. Un jurat professional seleccionar\u00e0 el guanyador, que rebr\u00e0 el seu reconeixement i premi.<\/p>\n<p>El premi reconeix un projecte original i innovador i una proposta de valor que afronti els reptes actuals del mercat. <\/div>\n<h3><strong><span style=\"color: #008080;\">&#8220;Som innovadors, est\u00e0 al nostre ADN com a farmac\u00e8utics&#8221;<\/span><\/strong><\/h3>\n<p><strong>&#8220;Som innovadors, est\u00e0 al nostre ADN com a farmac\u00e8utics, i volem demostrar que estem preparats per a emprendre i anar m\u00e9s enll\u00e0 de la dispensaci\u00f3 tradicional<\/strong> gr\u00e0cies als nous canals digitals que ja ens permeten prestar serveis de m\u00e9s valor per als nostres pacients del futur i atendre noves necessitats socials&#8221;. Aquesta \u00e9s una de les reflexions de Rosal\u00eda Gozalo, vocal del COFM i una de les promotores d&#8217;aquest nou escenari d&#8217;Infarma 2018, que trobareu en aquest v\u00eddeo:<\/p>\n<div class=\"ast-oembed-container \" style=\"height: 100%;\"><iframe title=\"\u00bfSabes qu\u00e9 es InfarmaInnova?\" width=\"500\" height=\"281\" src=\"https:\/\/www.youtube.com\/embed\/pF9aj_Wn5Uo?feature=oembed\" frameborder=\"0\" allow=\"accelerometer; autoplay; clipboard-write; encrypted-media; gyroscope; picture-in-picture; web-share\" referrerpolicy=\"strict-origin-when-cross-origin\" allowfullscreen><\/iframe><\/div>\n<p>&#8220;<strong>L&#8217; objectiu d&#8217;#InfarmaInnova \u00e9s sumar talent innovador<\/strong> i <strong>facilitar la digitalitzaci\u00f3 del sector en un format atractiu de valor compartit dins del mateix Congr\u00e9s<\/strong> que es converteixi en una esp\u00e8cie de laboratori d&#8217;idees. Volem ajudar i animar aix\u00ed tots els farmac\u00e8utics i estudiant participants a fer el pas de desenvolupar negocis que siguin innovadors aprofitant no nom\u00e9s les noves tecnologies sin\u00f3 el nostre coneixement expert del medicament i l&#8217;autocura de la salut&#8221;, explica el vicepresident primer del Col\u00b7legi Oficial de Farmac\u00e8utics de Madrid (COFM), Manuel Mart\u00ednez del Peral.<\/p>\n<div class=\"box info\"><\/p>\n<h3><span style=\"color: #008080;\"><strong>A qui es dirigeix #InfarmaInnova?<\/strong><\/span><\/h3>\n<p><a href=\"https:\/\/blog.cofb.cat\/wp-content\/uploads\/2018\/03\/InfarmaInnova_Imagen-gr\u00e1fica.png\"><img decoding=\"async\" class=\"alignleft wp-image-37468\" src=\"https:\/\/blog.cofb.cat\/wp-content\/uploads\/2018\/03\/InfarmaInnova_Imagen-gr\u00e1fica-1024x724.png\" alt=\"#InfarmaInnova\" width=\"246\" height=\"174\" \/><\/a>#<strong>InfarmaInnova<\/strong> est\u00e0 orientat a professionals del sector, entre els que se seleccionar\u00e0 personal d&#8217;oficines de farm\u00e0cia, laboratoris farmac\u00e8utics, distribu\u00efdors farmac\u00e8utics, acad\u00e8mics i investigadors i estudiants. Per a la <strong>selecci\u00f3 es valorar\u00e0 l&#8217;ocupaci\u00f3 dels candidats<\/strong>, aix\u00ed com la seva <strong>experi\u00e8ncia en innovaci\u00f3\/<em>startups<\/em><\/strong>.<\/p>\n<p>&nbsp;<\/p>\n<p><\/div>\n<p><strong>Altres publicacions d&#8217;inter\u00e8s:<br \/>\n<\/strong><\/p>\n<ul>\n<li><a href=\"https:\/\/blog.cofb.cat\/infarma-2018-cites-imprescindibles-novetats\/\" target=\"_blank\" rel=\"noopener\">Infarma: Cites imprescindibles i novetats (Febrer 2018)<\/a><\/li>\n<li><a title=\"Link permanent a Infarma 2018: Anunciat el preprograma i la confer\u00e8ncia inaugural\" href=\"https:\/\/blog.cofb.cat\/infarma-2018-pre-programa-i-conferencia-inaugural\/\" target=\"_blank\" rel=\"bookmark noopener\">Infarma Madrid 2018: Anunciat el preprograma i la confer\u00e8ncia inaugural (Gener 2018)<\/a><\/li>\n<li><a href=\"https:\/\/blog.cofb.cat\/infarma-aules-dactualitat-professional-farmaidearium\/\" target=\"_blank\" rel=\"noopener\">Infarma: Aules d\u2019Actualitat Professional i #Farmaidearium (Mar\u00e7 2017)<\/a><\/li>\n<li><a href=\"https:\/\/blog.cofb.cat\/infarma-solidari-farmaidearium-compromis-social-xarxes-socials\/\" target=\"_blank\" rel=\"noopener\">Infarma Solidari i #Farmaidearium: comprom\u00eds i xarxes socials (Mar\u00e7 2017)<\/a><\/li>\n<li><a href=\"https:\/\/blog.cofb.cat\/infarma-tanca-les-seves-portes-amb-la-mirada-posada-en-el-pacient-objectiu-comu-del-sector-farmaceutic\/\" target=\"_blank\" rel=\"noopener\">Infarma tanca les seves portes amb la \u201cmirada posada en el pacient, objectiu com\u00fa del sector farmac\u00e8utic\u201d (Mar\u00e7 2017)<\/a><\/li>\n<li><a href=\"https:\/\/blog.cofb.cat\/infarma-barcelona-pre-programa-conferencia-inaugural\/\" target=\"_blank\" rel=\"noopener\">Infarma Barcelona: pre-programa i confer\u00e8ncia inaugural (Febrer 2017)<\/a><\/li>\n<li><a href=\"https:\/\/blog.cofb.cat\/infarma-barcelona-2017-quins-temes-es-tractaran\/\" target=\"_blank\" rel=\"noopener\">Infarma Barcelona 2017: quins temes es tractaran? (Febrer 2017)<\/a><\/li>\n<\/ul>\n","protected":false},"excerpt":{"rendered":"<p>En el marc d&#8217;Infarma 2018, #InfarmaInnova t\u00e9 per objectiu\u00a0apropar la innovaci\u00f3 i la transformaci\u00f3 a tots els agents del sector de farm\u00e0cia, aix\u00ed com facilitar-los i fer-los protagonistes com a actors de canvi, transformaci\u00f3 i innovaci\u00f3 del sector farmac\u00e8utic. Vuitanta persones podran gaudir de xerrades sobre les \u00faltimes tend\u00e8ncies i [&hellip;]<\/p>\n","protected":false},"author":1,"featured_media":37519,"comment_status":"open","ping_status":"open","sticky":false,"template":"","format":"standard","meta":{"_uag_custom_page_level_css":"","site-sidebar-layout":"default","site-content-layout":"","ast-site-content-layout":"default","site-content-style":"default","site-sidebar-style":"default","ast-global-header-display":"","ast-banner-title-visibility":"","ast-main-header-display":"","ast-hfb-above-header-display":"","ast-hfb-below-header-display":"","ast-hfb-mobile-header-display":"","site-post-title":"","ast-breadcrumbs-content":"","ast-featured-img":"disabled","footer-sml-layout":"","theme-transparent-header-meta":"","adv-header-id-meta":"","stick-header-meta":"","header-above-stick-meta":"","header-main-stick-meta":"","header-below-stick-meta":"","astra-migrate-meta-layouts":"default","ast-page-background-enabled":"default","ast-page-background-meta":{"desktop":{"background-color":"var(--ast-global-color-4)","background-image":"","background-repeat":"repeat","background-position":"center center","background-size":"auto","background-attachment":"scroll","background-type":"","background-media":"","overlay-type":"","overlay-color":"","overlay-opacity":"","overlay-gradient":""},"tablet":{"background-color":"","background-image":"","background-repeat":"repeat","background-position":"center center","background-size":"auto","background-attachment":"scroll","background-type":"","background-media":"","overlay-type":"","overlay-color":"","overlay-opacity":"","overlay-gradient":""},"mobile":{"background-color":"","background-image":"","background-repeat":"repeat","background-position":"center center","background-size":"auto","background-attachment":"scroll","background-type":"","background-media":"","overlay-type":"","overlay-color":"","overlay-opacity":"","overlay-gradient":""}},"ast-content-background-meta":{"desktop":{"background-color":"var(--ast-global-color-5)","background-image":"","background-repeat":"repeat","background-position":"center center","background-size":"auto","background-attachment":"scroll","background-type":"","background-media":"","overlay-type":"","overlay-color":"","overlay-opacity":"","overlay-gradient":""},"tablet":{"background-color":"var(--ast-global-color-5)","background-image":"","background-repeat":"repeat","background-position":"center center","background-size":"auto","background-attachment":"scroll","background-type":"","background-media":"","overlay-type":"","overlay-color":"","overlay-opacity":"","overlay-gradient":""},"mobile":{"background-color":"var(--ast-global-color-5)","background-image":"","background-repeat":"repeat","background-position":"center center","background-size":"auto","background-attachment":"scroll","background-type":"","background-media":"","overlay-type":"","overlay-color":"","overlay-opacity":"","overlay-gradient":""}},"footnotes":""},"categories":[2165],"tags":[18,110,111,112,68,28,2890,2990,575,2188,196,2991],"class_list":["post-37420","post","type-post","status-publish","format-standard","has-post-thumbnail","hentry","category-infarma","tag-cofb","tag-cofm","tag-congres","tag-digitalitzacio","tag-farmacia","tag-infarma","tag-infarma-madrid-2018","tag-infarmainnova","tag-innovacio","tag-professio","tag-sector-farmaceutic","tag-transformacio"],"yoast_head":"<!-- This site is optimized with the Yoast SEO plugin v22.4 - https:\/\/yoast.com\/wordpress\/plugins\/seo\/ -->\n<title>#InfarmaInnova: innovaci\u00f3, digitalitzaci\u00f3 i transformaci\u00f3 a Infarma 2018 - Col\u00b7legi de Farmac\u00e8utics de Barcelona<\/title>\n<meta name=\"robots\" content=\"index, follow, max-snippet:-1, max-image-preview:large, max-video-preview:-1\" \/>\n<link rel=\"canonical\" href=\"https:\/\/www.cofb.org\/ca\/2018\/03\/05\/infarmainnova-innovacio-digitalitzacio-transformacio-lnfarma-2018\/\" \/>\n<meta property=\"og:locale\" content=\"ca_ES\" \/>\n<meta property=\"og:type\" content=\"article\" \/>\n<meta property=\"og:title\" content=\"#InfarmaInnova: innovaci\u00f3, digitalitzaci\u00f3 i transformaci\u00f3 a Infarma 2018 - Col\u00b7legi de Farmac\u00e8utics de Barcelona\" \/>\n<meta property=\"og:description\" content=\"En el marc d&#8217;Infarma 2018, #InfarmaInnova t\u00e9 per objectiu\u00a0apropar la innovaci\u00f3 i la transformaci\u00f3 a tots els agents del sector de farm\u00e0cia, aix\u00ed com facilitar-los i fer-los protagonistes com a actors de canvi, transformaci\u00f3 i innovaci\u00f3 del sector farmac\u00e8utic. Vuitanta persones podran gaudir de xerrades sobre les \u00faltimes tend\u00e8ncies i [&hellip;]\" \/>\n<meta property=\"og:url\" content=\"https:\/\/www.cofb.org\/ca\/2018\/03\/05\/infarmainnova-innovacio-digitalitzacio-transformacio-lnfarma-2018\/\" \/>\n<meta property=\"og:site_name\" content=\"Col\u00b7legi de Farmac\u00e8utics de Barcelona\" \/>\n<meta property=\"article:publisher\" content=\"https:\/\/www.facebook.com\/farmaceuticsbcn\/\" \/>\n<meta property=\"article:published_time\" content=\"2018-03-05T18:46:44+00:00\" \/>\n<meta name=\"author\" content=\"wpAdminCofbOrg\" \/>\n<meta name=\"twitter:card\" content=\"summary_large_image\" \/>\n<meta name=\"twitter:creator\" content=\"@farmaceuticsbcn\" \/>\n<meta name=\"twitter:site\" content=\"@farmaceuticsbcn\" \/>\n<meta name=\"twitter:label1\" content=\"Escrit per\" \/>\n\t<meta name=\"twitter:data1\" content=\"wpAdminCofbOrg\" \/>\n\t<meta name=\"twitter:label2\" content=\"Temps estimat de lectura\" \/>\n\t<meta name=\"twitter:data2\" content=\"4 minuts\" \/>\n<script type=\"application\/ld+json\" class=\"yoast-schema-graph\">{\"@context\":\"https:\/\/schema.org\",\"@graph\":[{\"@type\":\"Article\",\"@id\":\"https:\/\/www.cofb.org\/2018\/03\/05\/infarmainnova-innovacio-digitalitzacio-transformacio-lnfarma-2018\/#article\",\"isPartOf\":{\"@id\":\"https:\/\/www.cofb.org\/2018\/03\/05\/infarmainnova-innovacio-digitalitzacio-transformacio-lnfarma-2018\/\"},\"author\":{\"name\":\"wpAdminCofbOrg\",\"@id\":\"https:\/\/www.cofb.org\/#\/schema\/person\/22ed7eea88da74b0fa4d3154ad87ffcb\"},\"headline\":\"#InfarmaInnova: innovaci\u00f3, digitalitzaci\u00f3 i transformaci\u00f3 a Infarma 2018\",\"datePublished\":\"2018-03-05T18:46:44+00:00\",\"dateModified\":\"2018-03-05T18:46:44+00:00\",\"mainEntityOfPage\":{\"@id\":\"https:\/\/www.cofb.org\/2018\/03\/05\/infarmainnova-innovacio-digitalitzacio-transformacio-lnfarma-2018\/\"},\"wordCount\":721,\"commentCount\":0,\"publisher\":{\"@id\":\"https:\/\/www.cofb.org\/#organization\"},\"image\":{\"@id\":\"https:\/\/www.cofb.org\/2018\/03\/05\/infarmainnova-innovacio-digitalitzacio-transformacio-lnfarma-2018\/#primaryimage\"},\"thumbnailUrl\":\"\",\"keywords\":[\"COFB\",\"COFM\",\"Congr\u00e8s\",\"Digitalitzaci\u00f3\",\"Farm\u00e0cia\",\"Infarma\",\"Infarma Madrid 2018\",\"InfarmaInnova\",\"innovaci\u00f3\",\"professi\u00f3\",\"sector farmac\u00e8utic\",\"Transformaci\u00f3\"],\"articleSection\":[\"Infarma\"],\"inLanguage\":\"ca\",\"potentialAction\":[{\"@type\":\"CommentAction\",\"name\":\"Comment\",\"target\":[\"https:\/\/www.cofb.org\/2018\/03\/05\/infarmainnova-innovacio-digitalitzacio-transformacio-lnfarma-2018\/#respond\"]}]},{\"@type\":\"WebPage\",\"@id\":\"https:\/\/www.cofb.org\/2018\/03\/05\/infarmainnova-innovacio-digitalitzacio-transformacio-lnfarma-2018\/\",\"url\":\"https:\/\/www.cofb.org\/2018\/03\/05\/infarmainnova-innovacio-digitalitzacio-transformacio-lnfarma-2018\/\",\"name\":\"#InfarmaInnova: innovaci\u00f3, digitalitzaci\u00f3 i transformaci\u00f3 a Infarma 2018 - Col\u00b7legi de Farmac\u00e8utics de Barcelona\",\"isPartOf\":{\"@id\":\"https:\/\/www.cofb.org\/#website\"},\"primaryImageOfPage\":{\"@id\":\"https:\/\/www.cofb.org\/2018\/03\/05\/infarmainnova-innovacio-digitalitzacio-transformacio-lnfarma-2018\/#primaryimage\"},\"image\":{\"@id\":\"https:\/\/www.cofb.org\/2018\/03\/05\/infarmainnova-innovacio-digitalitzacio-transformacio-lnfarma-2018\/#primaryimage\"},\"thumbnailUrl\":\"\",\"datePublished\":\"2018-03-05T18:46:44+00:00\",\"dateModified\":\"2018-03-05T18:46:44+00:00\",\"breadcrumb\":{\"@id\":\"https:\/\/www.cofb.org\/2018\/03\/05\/infarmainnova-innovacio-digitalitzacio-transformacio-lnfarma-2018\/#breadcrumb\"},\"inLanguage\":\"ca\",\"potentialAction\":[{\"@type\":\"ReadAction\",\"target\":[\"https:\/\/www.cofb.org\/2018\/03\/05\/infarmainnova-innovacio-digitalitzacio-transformacio-lnfarma-2018\/\"]}]},{\"@type\":\"ImageObject\",\"inLanguage\":\"ca\",\"@id\":\"https:\/\/www.cofb.org\/2018\/03\/05\/infarmainnova-innovacio-digitalitzacio-transformacio-lnfarma-2018\/#primaryimage\",\"url\":\"\",\"contentUrl\":\"\"},{\"@type\":\"BreadcrumbList\",\"@id\":\"https:\/\/www.cofb.org\/2018\/03\/05\/infarmainnova-innovacio-digitalitzacio-transformacio-lnfarma-2018\/#breadcrumb\",\"itemListElement\":[{\"@type\":\"ListItem\",\"position\":1,\"name\":\"Inici\",\"item\":\"https:\/\/novaorg.cofb.net\/\"},{\"@type\":\"ListItem\",\"position\":2,\"name\":\"#InfarmaInnova: innovaci\u00f3, digitalitzaci\u00f3 i transformaci\u00f3 a Infarma 2018\"}]},{\"@type\":\"WebSite\",\"@id\":\"https:\/\/www.cofb.org\/#website\",\"url\":\"https:\/\/www.cofb.org\/\",\"name\":\"Col\u00b7legi de Farmac\u00e8utics de Barcelona\",\"description\":\"\",\"publisher\":{\"@id\":\"https:\/\/www.cofb.org\/#organization\"},\"potentialAction\":[{\"@type\":\"SearchAction\",\"target\":{\"@type\":\"EntryPoint\",\"urlTemplate\":\"https:\/\/www.cofb.org\/?s={search_term_string}\"},\"query-input\":\"required name=search_term_string\"}],\"inLanguage\":\"ca\"},{\"@type\":\"Organization\",\"@id\":\"https:\/\/www.cofb.org\/#organization\",\"name\":\"Col\u00b7legi de Farmac\u00e8utics de Barcelona\",\"url\":\"https:\/\/www.cofb.org\/\",\"logo\":{\"@type\":\"ImageObject\",\"inLanguage\":\"ca\",\"@id\":\"https:\/\/www.cofb.org\/#\/schema\/logo\/image\/\",\"url\":\"https:\/\/www.cofb.org\/wp-content\/uploads\/2023\/11\/cropped-Logotip-COFB.png\",\"contentUrl\":\"https:\/\/www.cofb.org\/wp-content\/uploads\/2023\/11\/cropped-Logotip-COFB.png\",\"width\":500,\"height\":105,\"caption\":\"Col\u00b7legi de Farmac\u00e8utics de Barcelona\"},\"image\":{\"@id\":\"https:\/\/www.cofb.org\/#\/schema\/logo\/image\/\"},\"sameAs\":[\"https:\/\/www.facebook.com\/farmaceuticsbcn\/\",\"https:\/\/twitter.com\/farmaceuticsbcn\",\"https:\/\/www.instagram.com\/farmaceuticsbcn\/\",\"https:\/\/www.linkedin.com\/company\/farmaceuticsbcn\/\"]},{\"@type\":\"Person\",\"@id\":\"https:\/\/www.cofb.org\/#\/schema\/person\/22ed7eea88da74b0fa4d3154ad87ffcb\",\"name\":\"wpAdminCofbOrg\",\"image\":{\"@type\":\"ImageObject\",\"inLanguage\":\"ca\",\"@id\":\"https:\/\/www.cofb.org\/#\/schema\/person\/image\/\",\"url\":\"https:\/\/secure.gravatar.com\/avatar\/1721b20b3b8ca882c3b56ec6c978c594fff670e40c0718e9190eaeeb76aae7d8?s=96&d=mm&r=g\",\"contentUrl\":\"https:\/\/secure.gravatar.com\/avatar\/1721b20b3b8ca882c3b56ec6c978c594fff670e40c0718e9190eaeeb76aae7d8?s=96&d=mm&r=g\",\"caption\":\"wpAdminCofbOrg\"},\"sameAs\":[\"http:\/\/192.168.64.122\/wordpress\"],\"url\":\"https:\/\/www.cofb.org\/ca\/author\/wpadmincofborg\/\"}]}<\/script>\n<!-- \/ Yoast SEO plugin. -->","yoast_head_json":{"title":"#InfarmaInnova: innovaci\u00f3, digitalitzaci\u00f3 i transformaci\u00f3 a Infarma 2018 - Col\u00b7legi de Farmac\u00e8utics de Barcelona","robots":{"index":"index","follow":"follow","max-snippet":"max-snippet:-1","max-image-preview":"max-image-preview:large","max-video-preview":"max-video-preview:-1"},"canonical":"https:\/\/www.cofb.org\/ca\/2018\/03\/05\/infarmainnova-innovacio-digitalitzacio-transformacio-lnfarma-2018\/","og_locale":"ca_ES","og_type":"article","og_title":"#InfarmaInnova: innovaci\u00f3, digitalitzaci\u00f3 i transformaci\u00f3 a Infarma 2018 - Col\u00b7legi de Farmac\u00e8utics de Barcelona","og_description":"En el marc d&#8217;Infarma 2018, #InfarmaInnova t\u00e9 per objectiu\u00a0apropar la innovaci\u00f3 i la transformaci\u00f3 a tots els agents del sector de farm\u00e0cia, aix\u00ed com facilitar-los i fer-los protagonistes com a actors de canvi, transformaci\u00f3 i innovaci\u00f3 del sector farmac\u00e8utic. Vuitanta persones podran gaudir de xerrades sobre les \u00faltimes tend\u00e8ncies i [&hellip;]","og_url":"https:\/\/www.cofb.org\/ca\/2018\/03\/05\/infarmainnova-innovacio-digitalitzacio-transformacio-lnfarma-2018\/","og_site_name":"Col\u00b7legi de Farmac\u00e8utics de Barcelona","article_publisher":"https:\/\/www.facebook.com\/farmaceuticsbcn\/","article_published_time":"2018-03-05T18:46:44+00:00","author":"wpAdminCofbOrg","twitter_card":"summary_large_image","twitter_creator":"@farmaceuticsbcn","twitter_site":"@farmaceuticsbcn","twitter_misc":{"Escrit per":"wpAdminCofbOrg","Temps estimat de lectura":"4 minuts"},"schema":{"@context":"https:\/\/schema.org","@graph":[{"@type":"Article","@id":"https:\/\/www.cofb.org\/2018\/03\/05\/infarmainnova-innovacio-digitalitzacio-transformacio-lnfarma-2018\/#article","isPartOf":{"@id":"https:\/\/www.cofb.org\/2018\/03\/05\/infarmainnova-innovacio-digitalitzacio-transformacio-lnfarma-2018\/"},"author":{"name":"wpAdminCofbOrg","@id":"https:\/\/www.cofb.org\/#\/schema\/person\/22ed7eea88da74b0fa4d3154ad87ffcb"},"headline":"#InfarmaInnova: innovaci\u00f3, digitalitzaci\u00f3 i transformaci\u00f3 a Infarma 2018","datePublished":"2018-03-05T18:46:44+00:00","dateModified":"2018-03-05T18:46:44+00:00","mainEntityOfPage":{"@id":"https:\/\/www.cofb.org\/2018\/03\/05\/infarmainnova-innovacio-digitalitzacio-transformacio-lnfarma-2018\/"},"wordCount":721,"commentCount":0,"publisher":{"@id":"https:\/\/www.cofb.org\/#organization"},"image":{"@id":"https:\/\/www.cofb.org\/2018\/03\/05\/infarmainnova-innovacio-digitalitzacio-transformacio-lnfarma-2018\/#primaryimage"},"thumbnailUrl":"","keywords":["COFB","COFM","Congr\u00e8s","Digitalitzaci\u00f3","Farm\u00e0cia","Infarma","Infarma Madrid 2018","InfarmaInnova","innovaci\u00f3","professi\u00f3","sector farmac\u00e8utic","Transformaci\u00f3"],"articleSection":["Infarma"],"inLanguage":"ca","potentialAction":[{"@type":"CommentAction","name":"Comment","target":["https:\/\/www.cofb.org\/2018\/03\/05\/infarmainnova-innovacio-digitalitzacio-transformacio-lnfarma-2018\/#respond"]}]},{"@type":"WebPage","@id":"https:\/\/www.cofb.org\/2018\/03\/05\/infarmainnova-innovacio-digitalitzacio-transformacio-lnfarma-2018\/","url":"https:\/\/www.cofb.org\/2018\/03\/05\/infarmainnova-innovacio-digitalitzacio-transformacio-lnfarma-2018\/","name":"#InfarmaInnova: innovaci\u00f3, digitalitzaci\u00f3 i transformaci\u00f3 a Infarma 2018 - Col\u00b7legi de Farmac\u00e8utics de Barcelona","isPartOf":{"@id":"https:\/\/www.cofb.org\/#website"},"primaryImageOfPage":{"@id":"https:\/\/www.cofb.org\/2018\/03\/05\/infarmainnova-innovacio-digitalitzacio-transformacio-lnfarma-2018\/#primaryimage"},"image":{"@id":"https:\/\/www.cofb.org\/2018\/03\/05\/infarmainnova-innovacio-digitalitzacio-transformacio-lnfarma-2018\/#primaryimage"},"thumbnailUrl":"","datePublished":"2018-03-05T18:46:44+00:00","dateModified":"2018-03-05T18:46:44+00:00","breadcrumb":{"@id":"https:\/\/www.cofb.org\/2018\/03\/05\/infarmainnova-innovacio-digitalitzacio-transformacio-lnfarma-2018\/#breadcrumb"},"inLanguage":"ca","potentialAction":[{"@type":"ReadAction","target":["https:\/\/www.cofb.org\/2018\/03\/05\/infarmainnova-innovacio-digitalitzacio-transformacio-lnfarma-2018\/"]}]},{"@type":"ImageObject","inLanguage":"ca","@id":"https:\/\/www.cofb.org\/2018\/03\/05\/infarmainnova-innovacio-digitalitzacio-transformacio-lnfarma-2018\/#primaryimage","url":"","contentUrl":""},{"@type":"BreadcrumbList","@id":"https:\/\/www.cofb.org\/2018\/03\/05\/infarmainnova-innovacio-digitalitzacio-transformacio-lnfarma-2018\/#breadcrumb","itemListElement":[{"@type":"ListItem","position":1,"name":"Inici","item":"https:\/\/novaorg.cofb.net\/"},{"@type":"ListItem","position":2,"name":"#InfarmaInnova: innovaci\u00f3, digitalitzaci\u00f3 i transformaci\u00f3 a Infarma 2018"}]},{"@type":"WebSite","@id":"https:\/\/www.cofb.org\/#website","url":"https:\/\/www.cofb.org\/","name":"Col\u00b7legi de Farmac\u00e8utics de Barcelona","description":"","publisher":{"@id":"https:\/\/www.cofb.org\/#organization"},"potentialAction":[{"@type":"SearchAction","target":{"@type":"EntryPoint","urlTemplate":"https:\/\/www.cofb.org\/?s={search_term_string}"},"query-input":"required name=search_term_string"}],"inLanguage":"ca"},{"@type":"Organization","@id":"https:\/\/www.cofb.org\/#organization","name":"Col\u00b7legi de Farmac\u00e8utics de Barcelona","url":"https:\/\/www.cofb.org\/","logo":{"@type":"ImageObject","inLanguage":"ca","@id":"https:\/\/www.cofb.org\/#\/schema\/logo\/image\/","url":"https:\/\/www.cofb.org\/wp-content\/uploads\/2023\/11\/cropped-Logotip-COFB.png","contentUrl":"https:\/\/www.cofb.org\/wp-content\/uploads\/2023\/11\/cropped-Logotip-COFB.png","width":500,"height":105,"caption":"Col\u00b7legi de Farmac\u00e8utics de Barcelona"},"image":{"@id":"https:\/\/www.cofb.org\/#\/schema\/logo\/image\/"},"sameAs":["https:\/\/www.facebook.com\/farmaceuticsbcn\/","https:\/\/twitter.com\/farmaceuticsbcn","https:\/\/www.instagram.com\/farmaceuticsbcn\/","https:\/\/www.linkedin.com\/company\/farmaceuticsbcn\/"]},{"@type":"Person","@id":"https:\/\/www.cofb.org\/#\/schema\/person\/22ed7eea88da74b0fa4d3154ad87ffcb","name":"wpAdminCofbOrg","image":{"@type":"ImageObject","inLanguage":"ca","@id":"https:\/\/www.cofb.org\/#\/schema\/person\/image\/","url":"https:\/\/secure.gravatar.com\/avatar\/1721b20b3b8ca882c3b56ec6c978c594fff670e40c0718e9190eaeeb76aae7d8?s=96&d=mm&r=g","contentUrl":"https:\/\/secure.gravatar.com\/avatar\/1721b20b3b8ca882c3b56ec6c978c594fff670e40c0718e9190eaeeb76aae7d8?s=96&d=mm&r=g","caption":"wpAdminCofbOrg"},"sameAs":["http:\/\/192.168.64.122\/wordpress"],"url":"https:\/\/www.cofb.org\/ca\/author\/wpadmincofborg\/"}]}},"uagb_featured_image_src":{"full":false,"thumbnail":false,"medium":false,"medium_large":false,"large":false,"1536x1536":false,"2048x2048":false,"trp-custom-language-flag":false},"uagb_author_info":{"display_name":"wpAdminCofbOrg","author_link":"https:\/\/www.cofb.org\/ca\/author\/wpadmincofborg\/"},"uagb_comment_info":0,"uagb_excerpt":"En el marc d&#8217;Infarma 2018, #InfarmaInnova t\u00e9 per objectiu\u00a0apropar la innovaci\u00f3 i la transformaci\u00f3 a tots els agents del sector de farm\u00e0cia, aix\u00ed com facilitar-los i fer-los protagonistes com a actors de canvi, transformaci\u00f3 i innovaci\u00f3 del sector farmac\u00e8utic. Vuitanta persones podran gaudir de xerrades sobre les \u00faltimes tend\u00e8ncies i [&hellip;]","_links":{"self":[{"href":"https:\/\/www.cofb.org\/ca\/wp-json\/wp\/v2\/posts\/37420","targetHints":{"allow":["GET"]}}],"collection":[{"href":"https:\/\/www.cofb.org\/ca\/wp-json\/wp\/v2\/posts"}],"about":[{"href":"https:\/\/www.cofb.org\/ca\/wp-json\/wp\/v2\/types\/post"}],"author":[{"embeddable":true,"href":"https:\/\/www.cofb.org\/ca\/wp-json\/wp\/v2\/users\/1"}],"replies":[{"embeddable":true,"href":"https:\/\/www.cofb.org\/ca\/wp-json\/wp\/v2\/comments?post=37420"}],"version-history":[{"count":0,"href":"https:\/\/www.cofb.org\/ca\/wp-json\/wp\/v2\/posts\/37420\/revisions"}],"wp:featuredmedia":[{"embeddable":true,"href":"https:\/\/www.cofb.org\/ca\/wp-json\/"}],"wp:attachment":[{"href":"https:\/\/www.cofb.org\/ca\/wp-json\/wp\/v2\/media?parent=37420"}],"wp:term":[{"taxonomy":"category","embeddable":true,"href":"https:\/\/www.cofb.org\/ca\/wp-json\/wp\/v2\/categories?post=37420"},{"taxonomy":"post_tag","embeddable":true,"href":"https:\/\/www.cofb.org\/ca\/wp-json\/wp\/v2\/tags?post=37420"}],"curies":[{"name":"wp","href":"https:\/\/api.w.org\/{rel}","templated":true}]}}