{"id":36826,"date":"2018-02-07T19:21:12","date_gmt":"2018-02-07T17:21:12","guid":{"rendered":"https:\/\/blog.cofb.cat\/?p=36826"},"modified":"2018-02-07T19:21:12","modified_gmt":"2018-02-07T17:21:12","slug":"registre-dades-nou-escenari-aportar-valor-farmacia","status":"publish","type":"post","link":"https:\/\/www.cofb.org\/ca\/2018\/02\/07\/registre-dades-nou-escenari-aportar-valor-farmacia\/","title":{"rendered":"Registre de dades: un nou escenari per aportar valor des de la farm\u00e0cia"},"content":{"rendered":"<p><strong>Article de Joan Calduch i Porta, tresorer del Col\u00b7legi de Farmac\u00e8utics de Barcelona i membre del Consell de Col\u00b7legis de Farmac\u00e8utics de Catalunya.<br \/>\n<\/strong><\/p>\n<div class=\"box shadow\"><\/p>\n<h4><strong><span style=\"color: #008080;\">&#8220;El repte de la digitalitzaci\u00f3 integral en la nostra activitat \u00e9s molt gran i nom\u00e9s pot abordar-se d\u2019una manera efica\u00e7 si l\u2019aproximaci\u00f3, inversi\u00f3, desplegament i manteniment s\u2019afronten de manera col\u00b7lectiva.&#8221;<\/span><\/strong><\/h4>\n<p><\/div>\n<p>En un llistat empresarial recent, vaig observar que <strong>les cinc empreses no financeres m\u00e9s grans del m\u00f3n<\/strong> per capitalitzaci\u00f3 tenien un denominador com\u00fa: <strong>gestionaven dades de tercers i de forma massiva<\/strong>. Us sonen Apple, Alphabet (Google), Microsoft, Amazon, o Facebook ? Probablement estan ja infiltrades en els dispositius m\u00f2bils. Curiosament, res les relaciona amb els llocs de comandament de l\u2019economia que es debatien durant gran part del segle XX.<\/p>\n<h4><span style=\"color: #008080;\"><strong><em>Nou paradigma<\/em><\/strong><\/span><\/h4>\n<p>Estem, doncs, davant d\u2019un <strong>nou paradigma on la digitalitzaci\u00f3 de tota activitat avan\u00e7a i avan\u00e7ar\u00e0 en un proc\u00e9s constant de millora de valor<\/strong>. Ning\u00fa em podr\u00e0 titllar de visionari.<br \/>\nDavant d\u2019aquesta realitat present i futura, els farmac\u00e8utics <strong>hem d\u2019analitzar la nostra proposta de valor i veure com la podem potenciar en un m\u00f3n digital<\/strong>. Adaptar-nos-hi ens obre les portes a potents palanques de creixement professional. Per tant, \u00e9s necessari que fem nous esfor\u00e7os per tal que la professi\u00f3 s\u2019hi adapti de forma plena i valuosa.<\/p>\n<p><a href=\"https:\/\/blog.cofb.cat\/wp-content\/uploads\/2018\/02\/ThinkstockPhotos-477248759.jpg\"><img fetchpriority=\"high\" decoding=\"async\" class=\"aligncenter wp-image-36829 size-full\" src=\"https:\/\/blog.cofb.cat\/wp-content\/uploads\/2018\/02\/ThinkstockPhotos-477248759.jpg\" alt=\"Registre de dades i empremta digital\" width=\"778\" height=\"519\" \/><\/a><\/p>\n<h4><\/h4>\n<h4><span style=\"color: #008080;\"><strong><em>Els farmac\u00e8utics assistencials del futur tamb\u00e9 seran digitals<\/em><\/strong><\/span><\/h4>\n<p><strong>Actualment<\/strong>, els models digitals de <strong>registre de dades implantats en la nostra activitat professional s\u00f3n limitats<\/strong>. S\u2019han centrat en una dispensaci\u00f3 digitalitzada a la recerca d\u2019un \u00f2ptim proc\u00e9s d\u2019acc\u00e9s a la medicaci\u00f3, dispensaci\u00f3 \u00a0 facturaci\u00f3, a trav\u00e9s de la xarxa de la recepta \u00a0.\u00a0 Podr\u00edem dir que, fins ara, hem dedicat esfor\u00e7os i recursos en optimitzar la rebotiga (el <em>back office<\/em>). Hem de felicitar i agrair a tots aquells que han dedicat esfor\u00e7os a assolir aquesta fita, ja que <strong>disposem d\u2019una infraestructura tecnol\u00f2gica col\u00b7lectiva i de pa\u00eds, potent, estable i segura que ens permet plantejar noves etapes <\/strong><strong>de desenvolupament professional<\/strong>. Sense aquest pas previ, ben donat en el cas de Catalunya, all\u00f2 que ara estem plantejant seria impossible.<\/p>\n<p>Per sort, la inquietud est\u00e0 present entre els professionals i <strong>algunes actuacions ja s\u2019estan digitalitzant a trav\u00e9s de l\u2019estructura col\u00b7legial<\/strong>. En s\u00f3n un bon exemple el <strong><a href=\"https:\/\/blog.cofb.cat\/dia-mundial-contra-el-cancer-de-colon-recte-xifres-de-la-prova-de-deteccio-precoc-amb-la-participacio-de-les-farmacies\/\" target=\"_blank\" rel=\"noopener\">Programa de Prevenci\u00f3 i Detecci\u00f3 Preco\u00e7 del C\u00e0ncer de C\u00f2lon i Recte<\/a>, el <a href=\"https:\/\/www.farmaceuticonline.com\/ca\/component\/content\/article\/20-varios\/664-programa-de-mantenimiento-con-metadona-pmm\" target=\"_blank\" rel=\"noopener\">Programa de Manteniment amb Metadona<\/a>, l\u2019activitat de la <a href=\"https:\/\/blog.cofb.cat\/es-posa-en-marxa-la-xarxa-de-farmacies-sentinella-de-catalunya\/\" target=\"_blank\" rel=\"noopener\">xarxa de farm\u00e0cies sentinella<\/a> o campanyes recents com les de la <a href=\"https:\/\/blog.cofb.cat\/mes-de-2-000-persones-ja-han-anat-les-farmacies-per-prevenir-detectar-els-riscos-de-patir-un-cancer-de-pell\/\" target=\"_blank\" rel=\"noopener\">detecci\u00f3 preco\u00e7 del c\u00e0ncer de pell<\/a> o <a href=\"https:\/\/blog.cofb.cat\/mes-de-700-farmaceutics-de-barcelona-ajudaran-detectar-el-risc-de-patir-diabetis-la-campanya-atenciodiabetis\/\" target=\"_blank\" rel=\"noopener\">diabetis<\/a><\/strong>. Els resultats s\u00f3n molt positius. Per\u00f2 encara ho seran m\u00e9s quan resolguem el repte de treballar en <strong>una base de dades relacional i \u00fanica on traslladar totes les actuacions professionals<\/strong> i on el pacient pugui accedir tamb\u00e9 a tota la informaci\u00f3 relacionada amb la seva salut.<\/p>\n<p>&nbsp;<\/p>\n<figure id=\"attachment_36844\" aria-describedby=\"caption-attachment-36844\" style=\"width: 790px\" class=\"wp-caption aligncenter\"><a href=\"https:\/\/blog.cofb.cat\/wp-content\/uploads\/2018\/02\/Joan-Calduch.jpg\"><img decoding=\"async\" class=\"size-full wp-image-36844\" src=\"https:\/\/blog.cofb.cat\/wp-content\/uploads\/2018\/02\/Joan-Calduch.jpg\" alt=\"El vocal del COFB i membre del CCFC, Joan Calduch, en un acte recent al COFB.\" width=\"790\" height=\"564\" \/><\/a><figcaption id=\"caption-attachment-36844\" class=\"wp-caption-text\">El vocal del COFB i membre del CCFC, Joan Calduch, en un acte recent al COFB.<\/figcaption><\/figure>\n<p><strong>El repte de la digitalitzaci\u00f3 integral en la nostra activitat \u00e9s molt gran <\/strong>i nom\u00e9s pot abordar-se d\u2019una manera efica\u00e7 si l\u2019aproximaci\u00f3, inversi\u00f3, desplegament i manteniment s\u2019afronten de manera col\u00b7lectiva. <strong>Els farmac\u00e8utics, de manera a\u00efllada, poc podrem aportar en l\u2019entorn digital ple de costosos i feixucs requisits t\u00e8cnics i legals.<\/strong><\/p>\n<p>\u00c9s molt desitjable que, tant les institucions col\u00b7legials, com aquelles amb voluntat real d\u2019impulsar l\u2019actuaci\u00f3 professional farmac\u00e8utica i per tant el nostre sistema de salut, ens coordinem, cooperem i trobem solucions a la transfer\u00e8ncia de coneixement entre nosaltres, donat que el projecte \u00e9s molt ambici\u00f3s i requerir\u00e0 quantiosos recursos i consens. <strong>La gesti\u00f3 sin\u00e8rgica, encara que complexa, \u00e9s necess\u00e0ria i ha de ser benvinguda per tots. <\/strong><\/p>\n<h4><span style=\"color: #008080;\"><strong><em>El repte de digitalitzar el taulell de la farm\u00e0cia<\/em><\/strong><\/span><\/h4>\n<p>Tamb\u00e9 hem de ser conscients que la humanitat \u00e9s novella gestionant dades dels mateixos humans de forma massiva. <strong>\u00c9s necessari un dec\u00e0leg professional que defineixi el plantejament dels farmac\u00e8utics en l\u2019entorn de les dades d\u2019una manera clara i p\u00fablica<\/strong>, m\u00e9s enll\u00e0 de les exig\u00e8ncies legals al respecte. Un dec\u00e0leg <strong>que situ\u00ef a la persona en el centre dels beneficis<\/strong> obtinguts <strong>i al<\/strong> <strong>farmac\u00e8utic en uns dels professionals sanitaris de refer\u00e8ncia<\/strong>.<\/p>\n<p>En un futur immediat, <strong>el Col\u00b7legi, conjuntament amb el Consell, assumeixen el repte de digitalitzar \u201cel taulell<\/strong>\u201d<strong>, que es tradueix en treballar per a un registre de dades de l\u2019actuaci\u00f3 professional<\/strong> que ens permeti seguir avan\u00e7ant en els serveis que oferim i podem oferir als pacients i al sistema de salut.<\/p>\n<p><strong>La decisi\u00f3 de treballar en aquesta l\u00ednia \u00e9s ferma i, si perseverem, assolirem grans fites per a la professi\u00f3 i per al pa\u00eds.<\/strong><\/p>\n<p>&nbsp;<\/p>\n","protected":false},"excerpt":{"rendered":"<p>Article de Joan Calduch i Porta, tresorer del Col\u00b7legi de Farmac\u00e8utics de Barcelona i membre del Consell de Col\u00b7legis de Farmac\u00e8utics de Catalunya. En un llistat empresarial recent, vaig observar que les cinc empreses no financeres m\u00e9s grans del m\u00f3n per capitalitzaci\u00f3 tenien un denominador com\u00fa: gestionaven dades de tercers [&hellip;]<\/p>\n","protected":false},"author":1,"featured_media":36829,"comment_status":"open","ping_status":"open","sticky":false,"template":"","format":"standard","meta":{"_uag_custom_page_level_css":"","site-sidebar-layout":"default","site-content-layout":"","ast-site-content-layout":"default","site-content-style":"default","site-sidebar-style":"default","ast-global-header-display":"","ast-banner-title-visibility":"","ast-main-header-display":"","ast-hfb-above-header-display":"","ast-hfb-below-header-display":"","ast-hfb-mobile-header-display":"","site-post-title":"","ast-breadcrumbs-content":"","ast-featured-img":"disabled","footer-sml-layout":"","theme-transparent-header-meta":"","adv-header-id-meta":"","stick-header-meta":"","header-above-stick-meta":"","header-main-stick-meta":"","header-below-stick-meta":"","astra-migrate-meta-layouts":"default","ast-page-background-enabled":"default","ast-page-background-meta":{"desktop":{"background-color":"var(--ast-global-color-4)","background-image":"","background-repeat":"repeat","background-position":"center center","background-size":"auto","background-attachment":"scroll","background-type":"","background-media":"","overlay-type":"","overlay-color":"","overlay-opacity":"","overlay-gradient":""},"tablet":{"background-color":"","background-image":"","background-repeat":"repeat","background-position":"center center","background-size":"auto","background-attachment":"scroll","background-type":"","background-media":"","overlay-type":"","overlay-color":"","overlay-opacity":"","overlay-gradient":""},"mobile":{"background-color":"","background-image":"","background-repeat":"repeat","background-position":"center center","background-size":"auto","background-attachment":"scroll","background-type":"","background-media":"","overlay-type":"","overlay-color":"","overlay-opacity":"","overlay-gradient":""}},"ast-content-background-meta":{"desktop":{"background-color":"var(--ast-global-color-5)","background-image":"","background-repeat":"repeat","background-position":"center center","background-size":"auto","background-attachment":"scroll","background-type":"","background-media":"","overlay-type":"","overlay-color":"","overlay-opacity":"","overlay-gradient":""},"tablet":{"background-color":"var(--ast-global-color-5)","background-image":"","background-repeat":"repeat","background-position":"center center","background-size":"auto","background-attachment":"scroll","background-type":"","background-media":"","overlay-type":"","overlay-color":"","overlay-opacity":"","overlay-gradient":""},"mobile":{"background-color":"var(--ast-global-color-5)","background-image":"","background-repeat":"repeat","background-position":"center center","background-size":"auto","background-attachment":"scroll","background-type":"","background-media":"","overlay-type":"","overlay-color":"","overlay-opacity":"","overlay-gradient":""}},"footnotes":""},"categories":[23,489],"tags":[64,2435,18,19,2407,112,579,53,68,69,480,54,853,676,2328,2958,2959,2964,117,510],"class_list":["post-36826","post","type-post","status-publish","format-standard","has-post-thumbnail","hentry","category-destacats","category-opinions-del-collegi","tag-atencio-farmaceutica","tag-base-de-dades","tag-cofb","tag-collegi-de-farmaceutics-de-barcelona","tag-conseller-de-salut","tag-digitalitzacio","tag-eines-digitals","tag-farmaceutics","tag-farmacia","tag-farmacia-comunitaria","tag-farmacia-hospitalaria","tag-farmacs","tag-futur","tag-mon-collegial","tag-noves-tecnologies","tag-propostes","tag-reflexions","tag-registre-de-dades","tag-salut","tag-sanitat"],"yoast_head":"<!-- This site is optimized with the Yoast SEO plugin v22.4 - https:\/\/yoast.com\/wordpress\/plugins\/seo\/ -->\n<title>Registre de dades: un nou escenari per aportar valor des de la farm\u00e0cia - Col\u00b7legi de Farmac\u00e8utics de Barcelona<\/title>\n<meta name=\"robots\" content=\"index, follow, max-snippet:-1, max-image-preview:large, max-video-preview:-1\" \/>\n<link rel=\"canonical\" href=\"https:\/\/novaorg.cofb.net\/2018\/02\/07\/registre-dades-nou-escenari-aportar-valor-farmacia\/\" \/>\n<meta property=\"og:locale\" content=\"ca_ES\" \/>\n<meta property=\"og:type\" content=\"article\" \/>\n<meta property=\"og:title\" content=\"Registre de dades: un nou escenari per aportar valor des de la farm\u00e0cia - Col\u00b7legi de Farmac\u00e8utics de Barcelona\" \/>\n<meta property=\"og:description\" content=\"Article de Joan Calduch i Porta, tresorer del Col\u00b7legi de Farmac\u00e8utics de Barcelona i membre del Consell de Col\u00b7legis de Farmac\u00e8utics de Catalunya. En un llistat empresarial recent, vaig observar que les cinc empreses no financeres m\u00e9s grans del m\u00f3n per capitalitzaci\u00f3 tenien un denominador com\u00fa: gestionaven dades de tercers [&hellip;]\" \/>\n<meta property=\"og:url\" content=\"https:\/\/novaorg.cofb.net\/2018\/02\/07\/registre-dades-nou-escenari-aportar-valor-farmacia\/\" \/>\n<meta property=\"og:site_name\" content=\"Col\u00b7legi de Farmac\u00e8utics de Barcelona\" \/>\n<meta property=\"article:publisher\" content=\"https:\/\/www.facebook.com\/farmaceuticsbcn\/\" \/>\n<meta property=\"article:published_time\" content=\"2018-02-07T17:21:12+00:00\" \/>\n<meta name=\"author\" content=\"wpAdminCofbOrg\" \/>\n<meta name=\"twitter:card\" content=\"summary_large_image\" \/>\n<meta name=\"twitter:creator\" content=\"@farmaceuticsbcn\" \/>\n<meta name=\"twitter:site\" content=\"@farmaceuticsbcn\" \/>\n<meta name=\"twitter:label1\" content=\"Escrit per\" \/>\n\t<meta name=\"twitter:data1\" content=\"wpAdminCofbOrg\" \/>\n\t<meta name=\"twitter:label2\" content=\"Temps estimat de lectura\" \/>\n\t<meta name=\"twitter:data2\" content=\"4 minuts\" \/>\n<script type=\"application\/ld+json\" class=\"yoast-schema-graph\">{\"@context\":\"https:\/\/schema.org\",\"@graph\":[{\"@type\":\"Article\",\"@id\":\"https:\/\/novaorg.cofb.net\/2018\/02\/07\/registre-dades-nou-escenari-aportar-valor-farmacia\/#article\",\"isPartOf\":{\"@id\":\"https:\/\/novaorg.cofb.net\/2018\/02\/07\/registre-dades-nou-escenari-aportar-valor-farmacia\/\"},\"author\":{\"name\":\"wpAdminCofbOrg\",\"@id\":\"https:\/\/www.cofb.org\/#\/schema\/person\/22ed7eea88da74b0fa4d3154ad87ffcb\"},\"headline\":\"Registre de dades: un nou escenari per aportar valor des de la farm\u00e0cia\",\"datePublished\":\"2018-02-07T17:21:12+00:00\",\"dateModified\":\"2018-02-07T17:21:12+00:00\",\"mainEntityOfPage\":{\"@id\":\"https:\/\/novaorg.cofb.net\/2018\/02\/07\/registre-dades-nou-escenari-aportar-valor-farmacia\/\"},\"wordCount\":839,\"commentCount\":0,\"publisher\":{\"@id\":\"https:\/\/www.cofb.org\/#organization\"},\"image\":{\"@id\":\"https:\/\/novaorg.cofb.net\/2018\/02\/07\/registre-dades-nou-escenari-aportar-valor-farmacia\/#primaryimage\"},\"thumbnailUrl\":\"\",\"keywords\":[\"Atenci\u00f3 farmac\u00e8utica\",\"base de dades\",\"COFB\",\"Col\u00b7legi de Farmac\u00e8utics de Barcelona\",\"conseller de salut\",\"Digitalitzaci\u00f3\",\"eines digitals\",\"farmac\u00e8utics\",\"Farm\u00e0cia\",\"farm\u00e0cia comunit\u00e0ria\",\"farm\u00e0cia hospital\u00e0ria\",\"f\u00e0rmacs\",\"futur\",\"m\u00f3n col\u00b7legial\",\"noves tecnologies\",\"propostes\",\"reflexions\",\"Registre de dades\",\"salut\",\"sanitat\"],\"articleSection\":[\"Destacats\",\"Opinions del Col\u00b7legi\"],\"inLanguage\":\"ca\",\"potentialAction\":[{\"@type\":\"CommentAction\",\"name\":\"Comment\",\"target\":[\"https:\/\/novaorg.cofb.net\/2018\/02\/07\/registre-dades-nou-escenari-aportar-valor-farmacia\/#respond\"]}]},{\"@type\":\"WebPage\",\"@id\":\"https:\/\/novaorg.cofb.net\/2018\/02\/07\/registre-dades-nou-escenari-aportar-valor-farmacia\/\",\"url\":\"https:\/\/novaorg.cofb.net\/2018\/02\/07\/registre-dades-nou-escenari-aportar-valor-farmacia\/\",\"name\":\"Registre de dades: un nou escenari per aportar valor des de la farm\u00e0cia - Col\u00b7legi de Farmac\u00e8utics de Barcelona\",\"isPartOf\":{\"@id\":\"https:\/\/www.cofb.org\/#website\"},\"primaryImageOfPage\":{\"@id\":\"https:\/\/novaorg.cofb.net\/2018\/02\/07\/registre-dades-nou-escenari-aportar-valor-farmacia\/#primaryimage\"},\"image\":{\"@id\":\"https:\/\/novaorg.cofb.net\/2018\/02\/07\/registre-dades-nou-escenari-aportar-valor-farmacia\/#primaryimage\"},\"thumbnailUrl\":\"\",\"datePublished\":\"2018-02-07T17:21:12+00:00\",\"dateModified\":\"2018-02-07T17:21:12+00:00\",\"breadcrumb\":{\"@id\":\"https:\/\/novaorg.cofb.net\/2018\/02\/07\/registre-dades-nou-escenari-aportar-valor-farmacia\/#breadcrumb\"},\"inLanguage\":\"ca\",\"potentialAction\":[{\"@type\":\"ReadAction\",\"target\":[\"https:\/\/novaorg.cofb.net\/2018\/02\/07\/registre-dades-nou-escenari-aportar-valor-farmacia\/\"]}]},{\"@type\":\"ImageObject\",\"inLanguage\":\"ca\",\"@id\":\"https:\/\/novaorg.cofb.net\/2018\/02\/07\/registre-dades-nou-escenari-aportar-valor-farmacia\/#primaryimage\",\"url\":\"\",\"contentUrl\":\"\"},{\"@type\":\"BreadcrumbList\",\"@id\":\"https:\/\/novaorg.cofb.net\/2018\/02\/07\/registre-dades-nou-escenari-aportar-valor-farmacia\/#breadcrumb\",\"itemListElement\":[{\"@type\":\"ListItem\",\"position\":1,\"name\":\"Inici\",\"item\":\"https:\/\/novaorg.cofb.net\/\"},{\"@type\":\"ListItem\",\"position\":2,\"name\":\"Registre de dades: un nou escenari per aportar valor des de la farm\u00e0cia\"}]},{\"@type\":\"WebSite\",\"@id\":\"https:\/\/www.cofb.org\/#website\",\"url\":\"https:\/\/www.cofb.org\/\",\"name\":\"Col\u00b7legi de Farmac\u00e8utics de Barcelona\",\"description\":\"\",\"publisher\":{\"@id\":\"https:\/\/www.cofb.org\/#organization\"},\"potentialAction\":[{\"@type\":\"SearchAction\",\"target\":{\"@type\":\"EntryPoint\",\"urlTemplate\":\"https:\/\/www.cofb.org\/?s={search_term_string}\"},\"query-input\":\"required name=search_term_string\"}],\"inLanguage\":\"ca\"},{\"@type\":\"Organization\",\"@id\":\"https:\/\/www.cofb.org\/#organization\",\"name\":\"Col\u00b7legi de Farmac\u00e8utics de Barcelona\",\"url\":\"https:\/\/www.cofb.org\/\",\"logo\":{\"@type\":\"ImageObject\",\"inLanguage\":\"ca\",\"@id\":\"https:\/\/www.cofb.org\/#\/schema\/logo\/image\/\",\"url\":\"https:\/\/www.cofb.org\/wp-content\/uploads\/2023\/11\/cropped-Logotip-COFB.png\",\"contentUrl\":\"https:\/\/www.cofb.org\/wp-content\/uploads\/2023\/11\/cropped-Logotip-COFB.png\",\"width\":500,\"height\":105,\"caption\":\"Col\u00b7legi de Farmac\u00e8utics de Barcelona\"},\"image\":{\"@id\":\"https:\/\/www.cofb.org\/#\/schema\/logo\/image\/\"},\"sameAs\":[\"https:\/\/www.facebook.com\/farmaceuticsbcn\/\",\"https:\/\/twitter.com\/farmaceuticsbcn\",\"https:\/\/www.instagram.com\/farmaceuticsbcn\/\",\"https:\/\/www.linkedin.com\/company\/farmaceuticsbcn\/\"]},{\"@type\":\"Person\",\"@id\":\"https:\/\/www.cofb.org\/#\/schema\/person\/22ed7eea88da74b0fa4d3154ad87ffcb\",\"name\":\"wpAdminCofbOrg\",\"image\":{\"@type\":\"ImageObject\",\"inLanguage\":\"ca\",\"@id\":\"https:\/\/www.cofb.org\/#\/schema\/person\/image\/\",\"url\":\"https:\/\/secure.gravatar.com\/avatar\/1721b20b3b8ca882c3b56ec6c978c594fff670e40c0718e9190eaeeb76aae7d8?s=96&d=mm&r=g\",\"contentUrl\":\"https:\/\/secure.gravatar.com\/avatar\/1721b20b3b8ca882c3b56ec6c978c594fff670e40c0718e9190eaeeb76aae7d8?s=96&d=mm&r=g\",\"caption\":\"wpAdminCofbOrg\"},\"sameAs\":[\"http:\/\/192.168.64.122\/wordpress\"],\"url\":\"https:\/\/www.cofb.org\/ca\/author\/wpadmincofborg\/\"}]}<\/script>\n<!-- \/ Yoast SEO plugin. -->","yoast_head_json":{"title":"Registre de dades: un nou escenari per aportar valor des de la farm\u00e0cia - Col\u00b7legi de Farmac\u00e8utics de Barcelona","robots":{"index":"index","follow":"follow","max-snippet":"max-snippet:-1","max-image-preview":"max-image-preview:large","max-video-preview":"max-video-preview:-1"},"canonical":"https:\/\/novaorg.cofb.net\/2018\/02\/07\/registre-dades-nou-escenari-aportar-valor-farmacia\/","og_locale":"ca_ES","og_type":"article","og_title":"Registre de dades: un nou escenari per aportar valor des de la farm\u00e0cia - Col\u00b7legi de Farmac\u00e8utics de Barcelona","og_description":"Article de Joan Calduch i Porta, tresorer del Col\u00b7legi de Farmac\u00e8utics de Barcelona i membre del Consell de Col\u00b7legis de Farmac\u00e8utics de Catalunya. En un llistat empresarial recent, vaig observar que les cinc empreses no financeres m\u00e9s grans del m\u00f3n per capitalitzaci\u00f3 tenien un denominador com\u00fa: gestionaven dades de tercers [&hellip;]","og_url":"https:\/\/novaorg.cofb.net\/2018\/02\/07\/registre-dades-nou-escenari-aportar-valor-farmacia\/","og_site_name":"Col\u00b7legi de Farmac\u00e8utics de Barcelona","article_publisher":"https:\/\/www.facebook.com\/farmaceuticsbcn\/","article_published_time":"2018-02-07T17:21:12+00:00","author":"wpAdminCofbOrg","twitter_card":"summary_large_image","twitter_creator":"@farmaceuticsbcn","twitter_site":"@farmaceuticsbcn","twitter_misc":{"Escrit per":"wpAdminCofbOrg","Temps estimat de lectura":"4 minuts"},"schema":{"@context":"https:\/\/schema.org","@graph":[{"@type":"Article","@id":"https:\/\/novaorg.cofb.net\/2018\/02\/07\/registre-dades-nou-escenari-aportar-valor-farmacia\/#article","isPartOf":{"@id":"https:\/\/novaorg.cofb.net\/2018\/02\/07\/registre-dades-nou-escenari-aportar-valor-farmacia\/"},"author":{"name":"wpAdminCofbOrg","@id":"https:\/\/www.cofb.org\/#\/schema\/person\/22ed7eea88da74b0fa4d3154ad87ffcb"},"headline":"Registre de dades: un nou escenari per aportar valor des de la farm\u00e0cia","datePublished":"2018-02-07T17:21:12+00:00","dateModified":"2018-02-07T17:21:12+00:00","mainEntityOfPage":{"@id":"https:\/\/novaorg.cofb.net\/2018\/02\/07\/registre-dades-nou-escenari-aportar-valor-farmacia\/"},"wordCount":839,"commentCount":0,"publisher":{"@id":"https:\/\/www.cofb.org\/#organization"},"image":{"@id":"https:\/\/novaorg.cofb.net\/2018\/02\/07\/registre-dades-nou-escenari-aportar-valor-farmacia\/#primaryimage"},"thumbnailUrl":"","keywords":["Atenci\u00f3 farmac\u00e8utica","base de dades","COFB","Col\u00b7legi de Farmac\u00e8utics de Barcelona","conseller de salut","Digitalitzaci\u00f3","eines digitals","farmac\u00e8utics","Farm\u00e0cia","farm\u00e0cia comunit\u00e0ria","farm\u00e0cia hospital\u00e0ria","f\u00e0rmacs","futur","m\u00f3n col\u00b7legial","noves tecnologies","propostes","reflexions","Registre de dades","salut","sanitat"],"articleSection":["Destacats","Opinions del Col\u00b7legi"],"inLanguage":"ca","potentialAction":[{"@type":"CommentAction","name":"Comment","target":["https:\/\/novaorg.cofb.net\/2018\/02\/07\/registre-dades-nou-escenari-aportar-valor-farmacia\/#respond"]}]},{"@type":"WebPage","@id":"https:\/\/novaorg.cofb.net\/2018\/02\/07\/registre-dades-nou-escenari-aportar-valor-farmacia\/","url":"https:\/\/novaorg.cofb.net\/2018\/02\/07\/registre-dades-nou-escenari-aportar-valor-farmacia\/","name":"Registre de dades: un nou escenari per aportar valor des de la farm\u00e0cia - Col\u00b7legi de Farmac\u00e8utics de Barcelona","isPartOf":{"@id":"https:\/\/www.cofb.org\/#website"},"primaryImageOfPage":{"@id":"https:\/\/novaorg.cofb.net\/2018\/02\/07\/registre-dades-nou-escenari-aportar-valor-farmacia\/#primaryimage"},"image":{"@id":"https:\/\/novaorg.cofb.net\/2018\/02\/07\/registre-dades-nou-escenari-aportar-valor-farmacia\/#primaryimage"},"thumbnailUrl":"","datePublished":"2018-02-07T17:21:12+00:00","dateModified":"2018-02-07T17:21:12+00:00","breadcrumb":{"@id":"https:\/\/novaorg.cofb.net\/2018\/02\/07\/registre-dades-nou-escenari-aportar-valor-farmacia\/#breadcrumb"},"inLanguage":"ca","potentialAction":[{"@type":"ReadAction","target":["https:\/\/novaorg.cofb.net\/2018\/02\/07\/registre-dades-nou-escenari-aportar-valor-farmacia\/"]}]},{"@type":"ImageObject","inLanguage":"ca","@id":"https:\/\/novaorg.cofb.net\/2018\/02\/07\/registre-dades-nou-escenari-aportar-valor-farmacia\/#primaryimage","url":"","contentUrl":""},{"@type":"BreadcrumbList","@id":"https:\/\/novaorg.cofb.net\/2018\/02\/07\/registre-dades-nou-escenari-aportar-valor-farmacia\/#breadcrumb","itemListElement":[{"@type":"ListItem","position":1,"name":"Inici","item":"https:\/\/novaorg.cofb.net\/"},{"@type":"ListItem","position":2,"name":"Registre de dades: un nou escenari per aportar valor des de la farm\u00e0cia"}]},{"@type":"WebSite","@id":"https:\/\/www.cofb.org\/#website","url":"https:\/\/www.cofb.org\/","name":"Col\u00b7legi de Farmac\u00e8utics de Barcelona","description":"","publisher":{"@id":"https:\/\/www.cofb.org\/#organization"},"potentialAction":[{"@type":"SearchAction","target":{"@type":"EntryPoint","urlTemplate":"https:\/\/www.cofb.org\/?s={search_term_string}"},"query-input":"required name=search_term_string"}],"inLanguage":"ca"},{"@type":"Organization","@id":"https:\/\/www.cofb.org\/#organization","name":"Col\u00b7legi de Farmac\u00e8utics de Barcelona","url":"https:\/\/www.cofb.org\/","logo":{"@type":"ImageObject","inLanguage":"ca","@id":"https:\/\/www.cofb.org\/#\/schema\/logo\/image\/","url":"https:\/\/www.cofb.org\/wp-content\/uploads\/2023\/11\/cropped-Logotip-COFB.png","contentUrl":"https:\/\/www.cofb.org\/wp-content\/uploads\/2023\/11\/cropped-Logotip-COFB.png","width":500,"height":105,"caption":"Col\u00b7legi de Farmac\u00e8utics de Barcelona"},"image":{"@id":"https:\/\/www.cofb.org\/#\/schema\/logo\/image\/"},"sameAs":["https:\/\/www.facebook.com\/farmaceuticsbcn\/","https:\/\/twitter.com\/farmaceuticsbcn","https:\/\/www.instagram.com\/farmaceuticsbcn\/","https:\/\/www.linkedin.com\/company\/farmaceuticsbcn\/"]},{"@type":"Person","@id":"https:\/\/www.cofb.org\/#\/schema\/person\/22ed7eea88da74b0fa4d3154ad87ffcb","name":"wpAdminCofbOrg","image":{"@type":"ImageObject","inLanguage":"ca","@id":"https:\/\/www.cofb.org\/#\/schema\/person\/image\/","url":"https:\/\/secure.gravatar.com\/avatar\/1721b20b3b8ca882c3b56ec6c978c594fff670e40c0718e9190eaeeb76aae7d8?s=96&d=mm&r=g","contentUrl":"https:\/\/secure.gravatar.com\/avatar\/1721b20b3b8ca882c3b56ec6c978c594fff670e40c0718e9190eaeeb76aae7d8?s=96&d=mm&r=g","caption":"wpAdminCofbOrg"},"sameAs":["http:\/\/192.168.64.122\/wordpress"],"url":"https:\/\/www.cofb.org\/ca\/author\/wpadmincofborg\/"}]}},"uagb_featured_image_src":{"full":false,"thumbnail":false,"medium":false,"medium_large":false,"large":false,"1536x1536":false,"2048x2048":false,"trp-custom-language-flag":false},"uagb_author_info":{"display_name":"wpAdminCofbOrg","author_link":"https:\/\/www.cofb.org\/ca\/author\/wpadmincofborg\/"},"uagb_comment_info":0,"uagb_excerpt":"Article de Joan Calduch i Porta, tresorer del Col\u00b7legi de Farmac\u00e8utics de Barcelona i membre del Consell de Col\u00b7legis de Farmac\u00e8utics de Catalunya. En un llistat empresarial recent, vaig observar que les cinc empreses no financeres m\u00e9s grans del m\u00f3n per capitalitzaci\u00f3 tenien un denominador com\u00fa: gestionaven dades de tercers [&hellip;]","_links":{"self":[{"href":"https:\/\/www.cofb.org\/ca\/wp-json\/wp\/v2\/posts\/36826","targetHints":{"allow":["GET"]}}],"collection":[{"href":"https:\/\/www.cofb.org\/ca\/wp-json\/wp\/v2\/posts"}],"about":[{"href":"https:\/\/www.cofb.org\/ca\/wp-json\/wp\/v2\/types\/post"}],"author":[{"embeddable":true,"href":"https:\/\/www.cofb.org\/ca\/wp-json\/wp\/v2\/users\/1"}],"replies":[{"embeddable":true,"href":"https:\/\/www.cofb.org\/ca\/wp-json\/wp\/v2\/comments?post=36826"}],"version-history":[{"count":0,"href":"https:\/\/www.cofb.org\/ca\/wp-json\/wp\/v2\/posts\/36826\/revisions"}],"wp:featuredmedia":[{"embeddable":true,"href":"https:\/\/www.cofb.org\/ca\/wp-json\/"}],"wp:attachment":[{"href":"https:\/\/www.cofb.org\/ca\/wp-json\/wp\/v2\/media?parent=36826"}],"wp:term":[{"taxonomy":"category","embeddable":true,"href":"https:\/\/www.cofb.org\/ca\/wp-json\/wp\/v2\/categories?post=36826"},{"taxonomy":"post_tag","embeddable":true,"href":"https:\/\/www.cofb.org\/ca\/wp-json\/wp\/v2\/tags?post=36826"}],"curies":[{"name":"wp","href":"https:\/\/api.w.org\/{rel}","templated":true}]}}