{"id":36740,"date":"2018-02-02T15:03:36","date_gmt":"2018-02-02T13:03:36","guid":{"rendered":"https:\/\/blog.cofb.cat\/?p=36740"},"modified":"2018-02-02T15:03:36","modified_gmt":"2018-02-02T13:03:36","slug":"infeccions-de-transmissio-sexual-tenim-moltes-oportunitats-per-parlar-dits-al-taulell-de-la-farmacia","status":"publish","type":"post","link":"https:\/\/www.cofb.org\/ca\/2018\/02\/02\/infeccions-de-transmissio-sexual-tenim-moltes-oportunitats-per-parlar-dits-al-taulell-de-la-farmacia\/","title":{"rendered":"Infeccions de transmissi\u00f3 sexual: &#8220;Tenim moltes oportunitats per parlar d\u2019ITS al taulell de la farm\u00e0cia&#8221;"},"content":{"rendered":"<p>Els passats dies 15, 22 i 29 de gener es va realitzar el <strong>curs &#8220;Infeccions de Transmissi\u00f3 Sexual&#8221;<\/strong> al COFB, adre\u00e7at a <strong>farmac\u00e8utics comunitaris<\/strong>.<\/p>\n<p>Durant la formaci\u00f3, es van abordar l&#8217;<strong>epidemiologia<\/strong>, l\u2019<strong>etiopatog\u00e8nia<\/strong> i les <strong>estrat\u00e8gies de control<\/strong> i de <strong>tractament<\/strong> de diverses <strong>patologies<\/strong>, que han de ser conegudes pels farmac\u00e8utics com a <strong>agents promotors de la salut<\/strong>.<\/p>\n<p>Les <strong>infeccions de transmissi\u00f3 sexual (ITS)<\/strong> s\u00f3n un <strong>problema de salut p\u00fablica<\/strong> per l\u2019<strong>elevada incid\u00e8ncia<\/strong>, per la <strong>dificultat de fer-ne un seguiment<\/strong> perqu\u00e8 de vegades s\u00f3n asimptom\u00e0tiques, per l\u2019<strong>impacte negatiu<\/strong> sobre la salut reproductiva que tenen i per les <strong>complicacions<\/strong> que se\u2019n poden derivar.<\/p>\n<h4><strong><span style=\"color: #008080;\">Objectius i temes principals del curs\u00a0<\/span> <\/strong><\/h4>\n<p>Els principals <strong>objectius<\/strong>:<\/p>\n<ul>\n<li><strong>Promoure la salut sexual<\/strong> de la poblaci\u00f3<\/li>\n<li><strong>Con\u00e8ixer i recon\u00e8ixer les ITS<\/strong> d&#8217;acord amb la classificaci\u00f3 etiopatog\u00e8nica, les manifestacions cl\u00edniques i el tractament farmacol\u00f2gic associat<\/li>\n<li>Fer un <strong>seguiment farmacoterap\u00e8utic<\/strong> adient<\/li>\n<li>Proporcionar les <strong>recomanacions de salut<\/strong> indicades per prevenir cada ITS<\/li>\n<\/ul>\n<figure id=\"attachment_36763\" aria-describedby=\"caption-attachment-36763\" style=\"width: 1363px\" class=\"wp-caption aligncenter\"><a href=\"https:\/\/blog.cofb.cat\/wp-content\/uploads\/2018\/02\/Prova-de-detecci\u00f3-preco\u00e7-del-VIH-a-les-farm\u00e0cies_edited.jpg\"><img fetchpriority=\"high\" decoding=\"async\" class=\"wp-image-36763 size-full\" title=\"Prova de detecci\u00f3 preco\u00e7 del VIH a les farm\u00e0cies.\" src=\"https:\/\/blog.cofb.cat\/wp-content\/uploads\/2018\/02\/Prova-de-detecci\u00f3-preco\u00e7-del-VIH-a-les-farm\u00e0cies_edited.jpg\" alt=\"Prova de detecci\u00f3 preco\u00e7 del VIH a les farm\u00e0cies.\" width=\"1363\" height=\"831\" \/><\/a><figcaption id=\"caption-attachment-36763\" class=\"wp-caption-text\">Prova de detecci\u00f3 preco\u00e7 del VIH a les farm\u00e0cies.<\/figcaption><\/figure>\n<p>Els <strong>temes principals<\/strong>:<\/p>\n<ul dir=\"ltr\">\n<li><strong>Infeccions bacterianes<\/strong>: s\u00edfilis, uretritis, cervicitis, malaltia inflamat\u00f2ria pelviana, limfogranuloma veneri<\/li>\n<li><strong>Infeccions f\u00fangiques<\/strong><\/li>\n<li><strong>Infeccions v\u00edriques<\/strong>: herpes genital, infecci\u00f3 pel virus del papil\u00b7loma hum\u00e0, <em>Molluscum contagiosum<\/em>, Sida, hepatitis B<\/li>\n<li><strong>Infeccions parasit\u00e0ries<\/strong><br \/>\n&#8211; Endopar\u00e0sits: tricomoniasi, proctocolitis, enteritis<br \/>\n&#8211; Ectopar\u00e0sits: pediculosis pubis, sarna<\/li>\n<\/ul>\n<h4><strong><span style=\"color: #008080;\">Dades i reflexions al voltant de les infeccions de transmissi\u00f3 sexual<\/span> <\/strong><\/h4>\n<p>Guillermo Bagaria, vicetresorer del COFB,\u00a0responsable d&#8217;Atenci\u00f3 Farmac\u00e8utica i coordinador d&#8217;aquesta formaci\u00f3, ha compartit amb aquest blog <strong>algunes reflexions<\/strong> <strong>sobre la formaci\u00f3<\/strong> i tamb\u00e9 ha explicat com s&#8217;estructura una <strong>bona intervenci\u00f3 sanit\u00e0ria<\/strong>.<\/p>\n<p>&#8220;El curs est\u00e0 pensat per fer un rep\u00e0s de les <strong>ITS<\/strong> <strong>(infeccions de transmissi\u00f3 sexual), tamb\u00e9 conegudes com a infeccions ven\u00e8ries. <\/strong>Les primeres dades que ens proporciona la formaci\u00f3 s\u00f3n <strong>esfere\u00efdores <\/strong>i\u00a0 reflecteixen un <strong>augment considerable de les ITS<\/strong>, sobretot de <strong>s\u00edfilis i gonorrea<\/strong> (amb increments de m\u00e9s del 50%). A m\u00e9s hi ha una <strong>tend\u00e8ncia entre la poblaci\u00f3 jove <\/strong>(entre 15 i 34 anys) <strong>a prescindir del preservatiu en les seves pr\u00e0ctiques sexuals<\/strong> (tan sols declara utilizar-lo un 11,5%)&#8221;, explica el vicetresorer del COFB, Guillermo Bagaria.<\/p>\n<figure id=\"attachment_36761\" aria-describedby=\"caption-attachment-36761\" style=\"width: 733px\" class=\"wp-caption aligncenter\"><a href=\"https:\/\/blog.cofb.cat\/wp-content\/uploads\/2018\/02\/Guillermo-Bagaria-declaracions-betev\u00e9.jpg\"><img decoding=\"async\" class=\"wp-image-36761 size-full\" title=\"Guillermo Bagaria atenent als mitjans per parlar de l'autotest de detecci\u00f3 del VIH. Font:betev\u00e9.\" src=\"https:\/\/blog.cofb.cat\/wp-content\/uploads\/2018\/02\/Guillermo-Bagaria-declaracions-betev\u00e9.jpg\" alt=\"Guillermo Bagaria atenent als mitjans per parlar de l'autotest de detecci\u00f3 del VIH. Font:betev\u00e9.\" width=\"733\" height=\"465\" \/><\/a><figcaption id=\"caption-attachment-36761\" class=\"wp-caption-text\">Guillermo Bagaria atenent recentment als mitjans per parlar de l&#8217;autotest de detecci\u00f3 del VIH. Font:Betev\u00e9.<\/figcaption><\/figure>\n<p>Segons Bagaria, davant de la situaci\u00f3 actual sobre les ITS, &#8220;el curs d\u00f3na eines per recon\u00e8ixer <strong>s\u00edmptomes<\/strong>, <strong>etiopatologia<\/strong>, <strong>criteris de derivaci\u00f3, repassar tractaments<\/strong> <strong>i<\/strong> <strong>incidir sobre la prevenci\u00f3 prim\u00e0ria de les ITS<\/strong>, tan important atesa la realitat que tamb\u00e9 palpem al taulell de la farm\u00e0cia&#8221;.<\/p>\n<p>Bagaria es va mostrar optimista respecte el paper de la farm\u00e0cia en la prevenci\u00f3 i tractament de les ITS: &#8220;<strong>Tenim moltes oportunitats per parlar d&#8217;ITS al taulell de la farm\u00e0cia<\/strong>, que impliquen aportar informaci\u00f3 sanit\u00e0ria b\u00e0sica i per acompanyar la dispensaci\u00f3 tant de medicaments (sol\u00b7licitud de p\u00edndola de l\u2019endem\u00e0 o anovulatoris) i tamb\u00e9 de productes sanitaris com la demanda del recentment comercialitzat test d\u2019autodiagn\u00f2stic del VIH&#8221;, va explicar.<\/p>\n<div class=\"box shadow\"><\/p>\n<h4><span style=\"color: #008080;\"><strong>Estructura d&#8217;una bona intervenci\u00f3 sanit\u00e0ria per tractar les ITS<\/strong><\/span><\/h4>\n<p>Guillermo Bagaria tamb\u00e9 va afegir que una <strong>bona intervenci\u00f3 sanit\u00e0ria<\/strong> per abordar les <strong>infeccions de transmissi\u00f3 sexuals<\/strong> es pot resumir en els passos seg\u00fcents:<\/p>\n<p>1.- <strong>Promoure pr\u00e0ctiques de sexe segur<\/strong> amb l\u2019<strong>\u00fas del preservatiu<\/strong> en relacions de risc per <strong>minimitzar el risc d\u2019infeccions.<br \/>\n<\/strong>2.- En el cas de persones que hagin mantingut<strong> relacions de risc<\/strong> i presentar <strong>s\u00edmptomes d\u2019alarma<\/strong>, cal <strong>oferir cribratge i derivar al metge.<br \/>\n<\/strong>3.- Davant d\u2019un resultat positiu per qualsevol ITS, <strong>\u00e9s recomanable fer-se una bateria de proves<\/strong> <strong>per la resta de ITS<\/strong>.<\/p>\n<p><\/div>\n<p><strong>Altres publicacions d&#8217;inter\u00e8s:<\/strong><\/p>\n<ul>\n<li><a href=\"https:\/\/blog.cofb.cat\/la-farmacia-comunitaria-peca-clau-en-la-deteccio-precoc-del-vih\/\">La farm\u00e0cia comunit\u00e0ria, pe\u00e7a clau en la detecci\u00f3 preco\u00e7 del VIH (Abril 2015)<\/a><\/li>\n<li><a href=\"https:\/\/blog.cofb.cat\/infeccions-de-transmissio-sexual\/\">Infeccions de transmissi\u00f3 sexual (Abril 2017)<\/a><\/li>\n<li><a href=\"https:\/\/blog.cofb.cat\/actualitzacio-de-les-guies-pel-tractament-prevencio-de-les-infeccions-urinaries\/\">Actualitzaci\u00f3 de les guies pel tractament i prevenci\u00f3 de les infeccions urin\u00e0ries (Juny 2017)<\/a><\/li>\n<li><a href=\"https:\/\/blog.cofb.cat\/dia-mundial-de-la-sida-el-paper-de-les-farmacies-per-fer-un-salt-endavant-cap-la-fi-de-la-sida\/\">Dia Mundial de la Sida: el paper de les farm\u00e0cies per fer \u201cun salt endavant cap a la fi de la Sida\u201d (Desembre 2017)<\/a><\/li>\n<li><a href=\"http:\/\/beteve.cat\/prova-vih-farmacies-comprar\/\" target=\"_blank\" rel=\"noopener\">L\u2019autotest del VIH, ja a la venda sense recepta a les farm\u00e0cies<\/a> (via Betev\u00e9, Gener 2018)<\/li>\n<\/ul>\n","protected":false},"excerpt":{"rendered":"<p>Els passats dies 15, 22 i 29 de gener es va realitzar el curs &#8220;Infeccions de Transmissi\u00f3 Sexual&#8221; al COFB, adre\u00e7at a farmac\u00e8utics comunitaris. Durant la formaci\u00f3, es van abordar l&#8217;epidemiologia, l\u2019etiopatog\u00e8nia i les estrat\u00e8gies de control i de tractament de diverses patologies, que han de ser conegudes pels farmac\u00e8utics [&hellip;]<\/p>\n","protected":false},"author":1,"featured_media":36763,"comment_status":"open","ping_status":"open","sticky":false,"template":"","format":"standard","meta":{"_uag_custom_page_level_css":"","site-sidebar-layout":"default","site-content-layout":"","ast-site-content-layout":"default","site-content-style":"default","site-sidebar-style":"default","ast-global-header-display":"","ast-banner-title-visibility":"","ast-main-header-display":"","ast-hfb-above-header-display":"","ast-hfb-below-header-display":"","ast-hfb-mobile-header-display":"","site-post-title":"","ast-breadcrumbs-content":"","ast-featured-img":"disabled","footer-sml-layout":"","theme-transparent-header-meta":"","adv-header-id-meta":"","stick-header-meta":"","header-above-stick-meta":"","header-main-stick-meta":"","header-below-stick-meta":"","astra-migrate-meta-layouts":"default","ast-page-background-enabled":"default","ast-page-background-meta":{"desktop":{"background-color":"var(--ast-global-color-4)","background-image":"","background-repeat":"repeat","background-position":"center center","background-size":"auto","background-attachment":"scroll","background-type":"","background-media":"","overlay-type":"","overlay-color":"","overlay-opacity":"","overlay-gradient":""},"tablet":{"background-color":"","background-image":"","background-repeat":"repeat","background-position":"center center","background-size":"auto","background-attachment":"scroll","background-type":"","background-media":"","overlay-type":"","overlay-color":"","overlay-opacity":"","overlay-gradient":""},"mobile":{"background-color":"","background-image":"","background-repeat":"repeat","background-position":"center center","background-size":"auto","background-attachment":"scroll","background-type":"","background-media":"","overlay-type":"","overlay-color":"","overlay-opacity":"","overlay-gradient":""}},"ast-content-background-meta":{"desktop":{"background-color":"var(--ast-global-color-5)","background-image":"","background-repeat":"repeat","background-position":"center center","background-size":"auto","background-attachment":"scroll","background-type":"","background-media":"","overlay-type":"","overlay-color":"","overlay-opacity":"","overlay-gradient":""},"tablet":{"background-color":"var(--ast-global-color-5)","background-image":"","background-repeat":"repeat","background-position":"center center","background-size":"auto","background-attachment":"scroll","background-type":"","background-media":"","overlay-type":"","overlay-color":"","overlay-opacity":"","overlay-gradient":""},"mobile":{"background-color":"var(--ast-global-color-5)","background-image":"","background-repeat":"repeat","background-position":"center center","background-size":"auto","background-attachment":"scroll","background-type":"","background-media":"","overlay-type":"","overlay-color":"","overlay-opacity":"","overlay-gradient":""}},"footnotes":""},"categories":[23,57],"tags":[2961,2851,728,25,70,2265,258,259,2962,264,117,96,2172,63,78,232],"class_list":["post-36740","post","type-post","status-publish","format-standard","has-post-thumbnail","hentry","category-destacats","category-mon-collegial","tag-agents-de-salut","tag-autodiagnostic-vih","tag-cribratge","tag-farmacies","tag-formacio","tag-infeccio-vaginal","tag-infeccions-de-transmissio-sexual","tag-its","tag-preservatiu","tag-prevencio","tag-salut","tag-salut-publica","tag-sida","tag-tractament","tag-tractament-farmacologic","tag-vih"],"yoast_head":"<!-- This site is optimized with the Yoast SEO plugin v22.4 - https:\/\/yoast.com\/wordpress\/plugins\/seo\/ -->\n<title>Infeccions de transmissi\u00f3 sexual: &quot;Tenim moltes oportunitats per parlar d\u2019ITS al taulell de la farm\u00e0cia&quot; - Col\u00b7legi de Farmac\u00e8utics de Barcelona<\/title>\n<meta name=\"description\" content=\"Els passats dies 15, 22 i 29 de gener es va realitzar el curs &quot;Infeccions de Transmissi\u00f3 Sexual&quot; al COFB, adre\u00e7at a farmac\u00e8utics comunitaris.\" \/>\n<meta name=\"robots\" content=\"index, follow, max-snippet:-1, max-image-preview:large, max-video-preview:-1\" \/>\n<link rel=\"canonical\" href=\"https:\/\/novaorg.cofb.net\/2018\/02\/02\/infeccions-de-transmissio-sexual-tenim-moltes-oportunitats-per-parlar-dits-al-taulell-de-la-farmacia\/\" \/>\n<meta property=\"og:locale\" content=\"ca_ES\" \/>\n<meta property=\"og:type\" content=\"article\" \/>\n<meta property=\"og:title\" content=\"Infeccions de transmissi\u00f3 sexual: &quot;Tenim moltes oportunitats per parlar d\u2019ITS al taulell de la farm\u00e0cia&quot; - Col\u00b7legi de Farmac\u00e8utics de Barcelona\" \/>\n<meta property=\"og:description\" content=\"Els passats dies 15, 22 i 29 de gener es va realitzar el curs &quot;Infeccions de Transmissi\u00f3 Sexual&quot; al COFB, adre\u00e7at a farmac\u00e8utics comunitaris.\" \/>\n<meta property=\"og:url\" content=\"https:\/\/novaorg.cofb.net\/2018\/02\/02\/infeccions-de-transmissio-sexual-tenim-moltes-oportunitats-per-parlar-dits-al-taulell-de-la-farmacia\/\" \/>\n<meta property=\"og:site_name\" content=\"Col\u00b7legi de Farmac\u00e8utics de Barcelona\" \/>\n<meta property=\"article:publisher\" content=\"https:\/\/www.facebook.com\/farmaceuticsbcn\/\" \/>\n<meta property=\"article:published_time\" content=\"2018-02-02T13:03:36+00:00\" \/>\n<meta name=\"author\" content=\"wpAdminCofbOrg\" \/>\n<meta name=\"twitter:card\" content=\"summary_large_image\" \/>\n<meta name=\"twitter:creator\" content=\"@farmaceuticsbcn\" \/>\n<meta name=\"twitter:site\" content=\"@farmaceuticsbcn\" \/>\n<meta name=\"twitter:label1\" content=\"Escrit per\" \/>\n\t<meta name=\"twitter:data1\" content=\"wpAdminCofbOrg\" \/>\n\t<meta name=\"twitter:label2\" content=\"Temps estimat de lectura\" \/>\n\t<meta name=\"twitter:data2\" content=\"4 minuts\" \/>\n<script type=\"application\/ld+json\" class=\"yoast-schema-graph\">{\"@context\":\"https:\/\/schema.org\",\"@graph\":[{\"@type\":\"Article\",\"@id\":\"https:\/\/novaorg.cofb.net\/2018\/02\/02\/infeccions-de-transmissio-sexual-tenim-moltes-oportunitats-per-parlar-dits-al-taulell-de-la-farmacia\/#article\",\"isPartOf\":{\"@id\":\"https:\/\/novaorg.cofb.net\/2018\/02\/02\/infeccions-de-transmissio-sexual-tenim-moltes-oportunitats-per-parlar-dits-al-taulell-de-la-farmacia\/\"},\"author\":{\"name\":\"wpAdminCofbOrg\",\"@id\":\"https:\/\/www.cofb.org\/#\/schema\/person\/22ed7eea88da74b0fa4d3154ad87ffcb\"},\"headline\":\"Infeccions de transmissi\u00f3 sexual: &#8220;Tenim moltes oportunitats per parlar d\u2019ITS al taulell de la farm\u00e0cia&#8221;\",\"datePublished\":\"2018-02-02T13:03:36+00:00\",\"dateModified\":\"2018-02-02T13:03:36+00:00\",\"mainEntityOfPage\":{\"@id\":\"https:\/\/novaorg.cofb.net\/2018\/02\/02\/infeccions-de-transmissio-sexual-tenim-moltes-oportunitats-per-parlar-dits-al-taulell-de-la-farmacia\/\"},\"wordCount\":734,\"commentCount\":0,\"publisher\":{\"@id\":\"https:\/\/www.cofb.org\/#organization\"},\"image\":{\"@id\":\"https:\/\/novaorg.cofb.net\/2018\/02\/02\/infeccions-de-transmissio-sexual-tenim-moltes-oportunitats-per-parlar-dits-al-taulell-de-la-farmacia\/#primaryimage\"},\"thumbnailUrl\":\"\",\"keywords\":[\"agents de salut\",\"Autodiagn\u00f2stic VIH\",\"cribratge\",\"farm\u00e0cies\",\"Formaci\u00f3\",\"infecci\u00f3 vaginal\",\"infeccions de transmissi\u00f3 sexual\",\"ITS\",\"preservatiu\",\"prevenci\u00f3\",\"salut\",\"Salut p\u00fablica\",\"sida\",\"tractament\",\"tractament farmacol\u00f2gic\",\"VIH\"],\"articleSection\":[\"Destacats\",\"M\u00f3n col\u00b7legial\"],\"inLanguage\":\"ca\",\"potentialAction\":[{\"@type\":\"CommentAction\",\"name\":\"Comment\",\"target\":[\"https:\/\/novaorg.cofb.net\/2018\/02\/02\/infeccions-de-transmissio-sexual-tenim-moltes-oportunitats-per-parlar-dits-al-taulell-de-la-farmacia\/#respond\"]}]},{\"@type\":\"WebPage\",\"@id\":\"https:\/\/novaorg.cofb.net\/2018\/02\/02\/infeccions-de-transmissio-sexual-tenim-moltes-oportunitats-per-parlar-dits-al-taulell-de-la-farmacia\/\",\"url\":\"https:\/\/novaorg.cofb.net\/2018\/02\/02\/infeccions-de-transmissio-sexual-tenim-moltes-oportunitats-per-parlar-dits-al-taulell-de-la-farmacia\/\",\"name\":\"Infeccions de transmissi\u00f3 sexual: \\\"Tenim moltes oportunitats per parlar d\u2019ITS al taulell de la farm\u00e0cia\\\" - Col\u00b7legi de Farmac\u00e8utics de Barcelona\",\"isPartOf\":{\"@id\":\"https:\/\/www.cofb.org\/#website\"},\"primaryImageOfPage\":{\"@id\":\"https:\/\/novaorg.cofb.net\/2018\/02\/02\/infeccions-de-transmissio-sexual-tenim-moltes-oportunitats-per-parlar-dits-al-taulell-de-la-farmacia\/#primaryimage\"},\"image\":{\"@id\":\"https:\/\/novaorg.cofb.net\/2018\/02\/02\/infeccions-de-transmissio-sexual-tenim-moltes-oportunitats-per-parlar-dits-al-taulell-de-la-farmacia\/#primaryimage\"},\"thumbnailUrl\":\"\",\"datePublished\":\"2018-02-02T13:03:36+00:00\",\"dateModified\":\"2018-02-02T13:03:36+00:00\",\"description\":\"Els passats dies 15, 22 i 29 de gener es va realitzar el curs \\\"Infeccions de Transmissi\u00f3 Sexual\\\" al COFB, adre\u00e7at a farmac\u00e8utics comunitaris.\",\"breadcrumb\":{\"@id\":\"https:\/\/novaorg.cofb.net\/2018\/02\/02\/infeccions-de-transmissio-sexual-tenim-moltes-oportunitats-per-parlar-dits-al-taulell-de-la-farmacia\/#breadcrumb\"},\"inLanguage\":\"ca\",\"potentialAction\":[{\"@type\":\"ReadAction\",\"target\":[\"https:\/\/novaorg.cofb.net\/2018\/02\/02\/infeccions-de-transmissio-sexual-tenim-moltes-oportunitats-per-parlar-dits-al-taulell-de-la-farmacia\/\"]}]},{\"@type\":\"ImageObject\",\"inLanguage\":\"ca\",\"@id\":\"https:\/\/novaorg.cofb.net\/2018\/02\/02\/infeccions-de-transmissio-sexual-tenim-moltes-oportunitats-per-parlar-dits-al-taulell-de-la-farmacia\/#primaryimage\",\"url\":\"\",\"contentUrl\":\"\"},{\"@type\":\"BreadcrumbList\",\"@id\":\"https:\/\/novaorg.cofb.net\/2018\/02\/02\/infeccions-de-transmissio-sexual-tenim-moltes-oportunitats-per-parlar-dits-al-taulell-de-la-farmacia\/#breadcrumb\",\"itemListElement\":[{\"@type\":\"ListItem\",\"position\":1,\"name\":\"Inici\",\"item\":\"https:\/\/novaorg.cofb.net\/\"},{\"@type\":\"ListItem\",\"position\":2,\"name\":\"Infeccions de transmissi\u00f3 sexual: &#8220;Tenim moltes oportunitats per parlar d\u2019ITS al taulell de la farm\u00e0cia&#8221;\"}]},{\"@type\":\"WebSite\",\"@id\":\"https:\/\/www.cofb.org\/#website\",\"url\":\"https:\/\/www.cofb.org\/\",\"name\":\"Col\u00b7legi de Farmac\u00e8utics de Barcelona\",\"description\":\"\",\"publisher\":{\"@id\":\"https:\/\/www.cofb.org\/#organization\"},\"potentialAction\":[{\"@type\":\"SearchAction\",\"target\":{\"@type\":\"EntryPoint\",\"urlTemplate\":\"https:\/\/www.cofb.org\/?s={search_term_string}\"},\"query-input\":\"required name=search_term_string\"}],\"inLanguage\":\"ca\"},{\"@type\":\"Organization\",\"@id\":\"https:\/\/www.cofb.org\/#organization\",\"name\":\"Col\u00b7legi de Farmac\u00e8utics de Barcelona\",\"url\":\"https:\/\/www.cofb.org\/\",\"logo\":{\"@type\":\"ImageObject\",\"inLanguage\":\"ca\",\"@id\":\"https:\/\/www.cofb.org\/#\/schema\/logo\/image\/\",\"url\":\"https:\/\/www.cofb.org\/wp-content\/uploads\/2023\/11\/cropped-Logotip-COFB.png\",\"contentUrl\":\"https:\/\/www.cofb.org\/wp-content\/uploads\/2023\/11\/cropped-Logotip-COFB.png\",\"width\":500,\"height\":105,\"caption\":\"Col\u00b7legi de Farmac\u00e8utics de Barcelona\"},\"image\":{\"@id\":\"https:\/\/www.cofb.org\/#\/schema\/logo\/image\/\"},\"sameAs\":[\"https:\/\/www.facebook.com\/farmaceuticsbcn\/\",\"https:\/\/twitter.com\/farmaceuticsbcn\",\"https:\/\/www.instagram.com\/farmaceuticsbcn\/\",\"https:\/\/www.linkedin.com\/company\/farmaceuticsbcn\/\"]},{\"@type\":\"Person\",\"@id\":\"https:\/\/www.cofb.org\/#\/schema\/person\/22ed7eea88da74b0fa4d3154ad87ffcb\",\"name\":\"wpAdminCofbOrg\",\"image\":{\"@type\":\"ImageObject\",\"inLanguage\":\"ca\",\"@id\":\"https:\/\/www.cofb.org\/#\/schema\/person\/image\/\",\"url\":\"https:\/\/secure.gravatar.com\/avatar\/1721b20b3b8ca882c3b56ec6c978c594fff670e40c0718e9190eaeeb76aae7d8?s=96&d=mm&r=g\",\"contentUrl\":\"https:\/\/secure.gravatar.com\/avatar\/1721b20b3b8ca882c3b56ec6c978c594fff670e40c0718e9190eaeeb76aae7d8?s=96&d=mm&r=g\",\"caption\":\"wpAdminCofbOrg\"},\"sameAs\":[\"http:\/\/192.168.64.122\/wordpress\"],\"url\":\"https:\/\/www.cofb.org\/ca\/author\/wpadmincofborg\/\"}]}<\/script>\n<!-- \/ Yoast SEO plugin. -->","yoast_head_json":{"title":"Infeccions de transmissi\u00f3 sexual: \"Tenim moltes oportunitats per parlar d\u2019ITS al taulell de la farm\u00e0cia\" - Col\u00b7legi de Farmac\u00e8utics de Barcelona","description":"Els passats dies 15, 22 i 29 de gener es va realitzar el curs \"Infeccions de Transmissi\u00f3 Sexual\" al COFB, adre\u00e7at a farmac\u00e8utics comunitaris.","robots":{"index":"index","follow":"follow","max-snippet":"max-snippet:-1","max-image-preview":"max-image-preview:large","max-video-preview":"max-video-preview:-1"},"canonical":"https:\/\/novaorg.cofb.net\/2018\/02\/02\/infeccions-de-transmissio-sexual-tenim-moltes-oportunitats-per-parlar-dits-al-taulell-de-la-farmacia\/","og_locale":"ca_ES","og_type":"article","og_title":"Infeccions de transmissi\u00f3 sexual: \"Tenim moltes oportunitats per parlar d\u2019ITS al taulell de la farm\u00e0cia\" - Col\u00b7legi de Farmac\u00e8utics de Barcelona","og_description":"Els passats dies 15, 22 i 29 de gener es va realitzar el curs \"Infeccions de Transmissi\u00f3 Sexual\" al COFB, adre\u00e7at a farmac\u00e8utics comunitaris.","og_url":"https:\/\/novaorg.cofb.net\/2018\/02\/02\/infeccions-de-transmissio-sexual-tenim-moltes-oportunitats-per-parlar-dits-al-taulell-de-la-farmacia\/","og_site_name":"Col\u00b7legi de Farmac\u00e8utics de Barcelona","article_publisher":"https:\/\/www.facebook.com\/farmaceuticsbcn\/","article_published_time":"2018-02-02T13:03:36+00:00","author":"wpAdminCofbOrg","twitter_card":"summary_large_image","twitter_creator":"@farmaceuticsbcn","twitter_site":"@farmaceuticsbcn","twitter_misc":{"Escrit per":"wpAdminCofbOrg","Temps estimat de lectura":"4 minuts"},"schema":{"@context":"https:\/\/schema.org","@graph":[{"@type":"Article","@id":"https:\/\/novaorg.cofb.net\/2018\/02\/02\/infeccions-de-transmissio-sexual-tenim-moltes-oportunitats-per-parlar-dits-al-taulell-de-la-farmacia\/#article","isPartOf":{"@id":"https:\/\/novaorg.cofb.net\/2018\/02\/02\/infeccions-de-transmissio-sexual-tenim-moltes-oportunitats-per-parlar-dits-al-taulell-de-la-farmacia\/"},"author":{"name":"wpAdminCofbOrg","@id":"https:\/\/www.cofb.org\/#\/schema\/person\/22ed7eea88da74b0fa4d3154ad87ffcb"},"headline":"Infeccions de transmissi\u00f3 sexual: &#8220;Tenim moltes oportunitats per parlar d\u2019ITS al taulell de la farm\u00e0cia&#8221;","datePublished":"2018-02-02T13:03:36+00:00","dateModified":"2018-02-02T13:03:36+00:00","mainEntityOfPage":{"@id":"https:\/\/novaorg.cofb.net\/2018\/02\/02\/infeccions-de-transmissio-sexual-tenim-moltes-oportunitats-per-parlar-dits-al-taulell-de-la-farmacia\/"},"wordCount":734,"commentCount":0,"publisher":{"@id":"https:\/\/www.cofb.org\/#organization"},"image":{"@id":"https:\/\/novaorg.cofb.net\/2018\/02\/02\/infeccions-de-transmissio-sexual-tenim-moltes-oportunitats-per-parlar-dits-al-taulell-de-la-farmacia\/#primaryimage"},"thumbnailUrl":"","keywords":["agents de salut","Autodiagn\u00f2stic VIH","cribratge","farm\u00e0cies","Formaci\u00f3","infecci\u00f3 vaginal","infeccions de transmissi\u00f3 sexual","ITS","preservatiu","prevenci\u00f3","salut","Salut p\u00fablica","sida","tractament","tractament farmacol\u00f2gic","VIH"],"articleSection":["Destacats","M\u00f3n col\u00b7legial"],"inLanguage":"ca","potentialAction":[{"@type":"CommentAction","name":"Comment","target":["https:\/\/novaorg.cofb.net\/2018\/02\/02\/infeccions-de-transmissio-sexual-tenim-moltes-oportunitats-per-parlar-dits-al-taulell-de-la-farmacia\/#respond"]}]},{"@type":"WebPage","@id":"https:\/\/novaorg.cofb.net\/2018\/02\/02\/infeccions-de-transmissio-sexual-tenim-moltes-oportunitats-per-parlar-dits-al-taulell-de-la-farmacia\/","url":"https:\/\/novaorg.cofb.net\/2018\/02\/02\/infeccions-de-transmissio-sexual-tenim-moltes-oportunitats-per-parlar-dits-al-taulell-de-la-farmacia\/","name":"Infeccions de transmissi\u00f3 sexual: \"Tenim moltes oportunitats per parlar d\u2019ITS al taulell de la farm\u00e0cia\" - Col\u00b7legi de Farmac\u00e8utics de Barcelona","isPartOf":{"@id":"https:\/\/www.cofb.org\/#website"},"primaryImageOfPage":{"@id":"https:\/\/novaorg.cofb.net\/2018\/02\/02\/infeccions-de-transmissio-sexual-tenim-moltes-oportunitats-per-parlar-dits-al-taulell-de-la-farmacia\/#primaryimage"},"image":{"@id":"https:\/\/novaorg.cofb.net\/2018\/02\/02\/infeccions-de-transmissio-sexual-tenim-moltes-oportunitats-per-parlar-dits-al-taulell-de-la-farmacia\/#primaryimage"},"thumbnailUrl":"","datePublished":"2018-02-02T13:03:36+00:00","dateModified":"2018-02-02T13:03:36+00:00","description":"Els passats dies 15, 22 i 29 de gener es va realitzar el curs \"Infeccions de Transmissi\u00f3 Sexual\" al COFB, adre\u00e7at a farmac\u00e8utics comunitaris.","breadcrumb":{"@id":"https:\/\/novaorg.cofb.net\/2018\/02\/02\/infeccions-de-transmissio-sexual-tenim-moltes-oportunitats-per-parlar-dits-al-taulell-de-la-farmacia\/#breadcrumb"},"inLanguage":"ca","potentialAction":[{"@type":"ReadAction","target":["https:\/\/novaorg.cofb.net\/2018\/02\/02\/infeccions-de-transmissio-sexual-tenim-moltes-oportunitats-per-parlar-dits-al-taulell-de-la-farmacia\/"]}]},{"@type":"ImageObject","inLanguage":"ca","@id":"https:\/\/novaorg.cofb.net\/2018\/02\/02\/infeccions-de-transmissio-sexual-tenim-moltes-oportunitats-per-parlar-dits-al-taulell-de-la-farmacia\/#primaryimage","url":"","contentUrl":""},{"@type":"BreadcrumbList","@id":"https:\/\/novaorg.cofb.net\/2018\/02\/02\/infeccions-de-transmissio-sexual-tenim-moltes-oportunitats-per-parlar-dits-al-taulell-de-la-farmacia\/#breadcrumb","itemListElement":[{"@type":"ListItem","position":1,"name":"Inici","item":"https:\/\/novaorg.cofb.net\/"},{"@type":"ListItem","position":2,"name":"Infeccions de transmissi\u00f3 sexual: &#8220;Tenim moltes oportunitats per parlar d\u2019ITS al taulell de la farm\u00e0cia&#8221;"}]},{"@type":"WebSite","@id":"https:\/\/www.cofb.org\/#website","url":"https:\/\/www.cofb.org\/","name":"Col\u00b7legi de Farmac\u00e8utics de Barcelona","description":"","publisher":{"@id":"https:\/\/www.cofb.org\/#organization"},"potentialAction":[{"@type":"SearchAction","target":{"@type":"EntryPoint","urlTemplate":"https:\/\/www.cofb.org\/?s={search_term_string}"},"query-input":"required name=search_term_string"}],"inLanguage":"ca"},{"@type":"Organization","@id":"https:\/\/www.cofb.org\/#organization","name":"Col\u00b7legi de Farmac\u00e8utics de Barcelona","url":"https:\/\/www.cofb.org\/","logo":{"@type":"ImageObject","inLanguage":"ca","@id":"https:\/\/www.cofb.org\/#\/schema\/logo\/image\/","url":"https:\/\/www.cofb.org\/wp-content\/uploads\/2023\/11\/cropped-Logotip-COFB.png","contentUrl":"https:\/\/www.cofb.org\/wp-content\/uploads\/2023\/11\/cropped-Logotip-COFB.png","width":500,"height":105,"caption":"Col\u00b7legi de Farmac\u00e8utics de Barcelona"},"image":{"@id":"https:\/\/www.cofb.org\/#\/schema\/logo\/image\/"},"sameAs":["https:\/\/www.facebook.com\/farmaceuticsbcn\/","https:\/\/twitter.com\/farmaceuticsbcn","https:\/\/www.instagram.com\/farmaceuticsbcn\/","https:\/\/www.linkedin.com\/company\/farmaceuticsbcn\/"]},{"@type":"Person","@id":"https:\/\/www.cofb.org\/#\/schema\/person\/22ed7eea88da74b0fa4d3154ad87ffcb","name":"wpAdminCofbOrg","image":{"@type":"ImageObject","inLanguage":"ca","@id":"https:\/\/www.cofb.org\/#\/schema\/person\/image\/","url":"https:\/\/secure.gravatar.com\/avatar\/1721b20b3b8ca882c3b56ec6c978c594fff670e40c0718e9190eaeeb76aae7d8?s=96&d=mm&r=g","contentUrl":"https:\/\/secure.gravatar.com\/avatar\/1721b20b3b8ca882c3b56ec6c978c594fff670e40c0718e9190eaeeb76aae7d8?s=96&d=mm&r=g","caption":"wpAdminCofbOrg"},"sameAs":["http:\/\/192.168.64.122\/wordpress"],"url":"https:\/\/www.cofb.org\/ca\/author\/wpadmincofborg\/"}]}},"uagb_featured_image_src":{"full":false,"thumbnail":false,"medium":false,"medium_large":false,"large":false,"1536x1536":false,"2048x2048":false,"trp-custom-language-flag":false},"uagb_author_info":{"display_name":"wpAdminCofbOrg","author_link":"https:\/\/www.cofb.org\/ca\/author\/wpadmincofborg\/"},"uagb_comment_info":0,"uagb_excerpt":"Els passats dies 15, 22 i 29 de gener es va realitzar el curs &#8220;Infeccions de Transmissi\u00f3 Sexual&#8221; al COFB, adre\u00e7at a farmac\u00e8utics comunitaris. Durant la formaci\u00f3, es van abordar l&#8217;epidemiologia, l\u2019etiopatog\u00e8nia i les estrat\u00e8gies de control i de tractament de diverses patologies, que han de ser conegudes pels farmac\u00e8utics [&hellip;]","_links":{"self":[{"href":"https:\/\/www.cofb.org\/ca\/wp-json\/wp\/v2\/posts\/36740","targetHints":{"allow":["GET"]}}],"collection":[{"href":"https:\/\/www.cofb.org\/ca\/wp-json\/wp\/v2\/posts"}],"about":[{"href":"https:\/\/www.cofb.org\/ca\/wp-json\/wp\/v2\/types\/post"}],"author":[{"embeddable":true,"href":"https:\/\/www.cofb.org\/ca\/wp-json\/wp\/v2\/users\/1"}],"replies":[{"embeddable":true,"href":"https:\/\/www.cofb.org\/ca\/wp-json\/wp\/v2\/comments?post=36740"}],"version-history":[{"count":0,"href":"https:\/\/www.cofb.org\/ca\/wp-json\/wp\/v2\/posts\/36740\/revisions"}],"wp:featuredmedia":[{"embeddable":true,"href":"https:\/\/www.cofb.org\/ca\/wp-json\/"}],"wp:attachment":[{"href":"https:\/\/www.cofb.org\/ca\/wp-json\/wp\/v2\/media?parent=36740"}],"wp:term":[{"taxonomy":"category","embeddable":true,"href":"https:\/\/www.cofb.org\/ca\/wp-json\/wp\/v2\/categories?post=36740"},{"taxonomy":"post_tag","embeddable":true,"href":"https:\/\/www.cofb.org\/ca\/wp-json\/wp\/v2\/tags?post=36740"}],"curies":[{"name":"wp","href":"https:\/\/api.w.org\/{rel}","templated":true}]}}