{"id":36666,"date":"2018-01-26T14:27:17","date_gmt":"2018-01-26T12:27:17","guid":{"rendered":"http:\/\/blog.cofb.cat\/?p=36666"},"modified":"2018-01-26T14:27:17","modified_gmt":"2018-01-26T12:27:17","slug":"moments-decisius-en-el-futur-de-la-professio","status":"publish","type":"post","link":"https:\/\/www.cofb.org\/ca\/2018\/01\/26\/moments-decisius-en-el-futur-de-la-professio\/","title":{"rendered":"Moments decisius en el futur de la professi\u00f3"},"content":{"rendered":"<p><strong>Article de Jordi de Dalmases, president del Col\u00b7legi de Farmac\u00e8utics de Barcelona i del Consell de Col\u00b7legis de Farmac\u00e8utics de Catalunya.<br \/>\n<\/strong><br \/>\n<div class=\"box shadow\"><\/p>\n<h4><span style=\"color: #008080;\"><strong><em>&#8220;La farm\u00e0cia comunit\u00e0ria tindr\u00e0 el repte de seguir sent el millor cam\u00ed a triar per a la dispensaci\u00f3 dels f\u00e0rmacs, no nom\u00e9s per accessibilitat i professionalitat, sin\u00f3 perqu\u00e8 el motiu que ens ha portat al desviament no ha estat sanitari sin\u00f3 econ\u00f2mic&#8221;<\/em><\/strong><\/span><\/h4>\n<p><\/div><\/p>\n<p>Tots aquells que em coneixen saben que sempre m&#8217;ha apassionat el m\u00f3n dels trens. Viatjar amb tren permet omplir-se d&#8217;imatges dels diferents territoris que es travessen. Quan apareix un encreuament de vies veiem com un petit canvi d&#8217;uns graus en la direcci\u00f3, al cap d&#8217;uns quil\u00f2metres, ens ha separat molt\u00edssim de la via original.<\/p>\n<p>Aquest s\u00edmil el podem aplicar a aquelles <strong>coses que ens passen en la nostra professi\u00f3 de manera silenciosa<\/strong>, gaireb\u00e9 imperceptible, <strong>per\u00f2 que a llarg termini tenen efectes decisius<\/strong>. <strong>\u00c9s el cas del que est\u00e0 succeint amb els medicaments hospitalaris de dispensaci\u00f3 ambulat\u00f2ria (MHDA)<\/strong>, \u00e9s a dir, amb aquells medicaments que van destinats a pacients que viuen a casa seva, per\u00f2 que es veuen obligats a anar a recollir els seus tractaments als serveis de farm\u00e0cia hospital\u00e0ria a causa de la desviaci\u00f3 d&#8217;aquests f\u00e0rmacs de la farm\u00e0cia comunit\u00e0ria.<\/p>\n<figure id=\"attachment_36684\" aria-describedby=\"caption-attachment-36684\" style=\"width: 1221px\" class=\"wp-caption aligncenter\"><a href=\"http:\/\/blog.cofb.cat\/wp-content\/uploads\/2018\/01\/Jordi-de-Dalmases-Presentaci\u00f3-COFB.jpg\"><img fetchpriority=\"high\" decoding=\"async\" class=\"wp-image-36684 size-full\" title=\"El president del Col\u00b7legi de Farmac\u00e8utics de Barcelona, Jordi De Dalmases, en un acte recent al COFB.\" src=\"http:\/\/blog.cofb.cat\/wp-content\/uploads\/2018\/01\/Jordi-de-Dalmases-Presentaci\u00f3-COFB.jpg\" alt=\"El president del Col\u00b7legi de Farmac\u00e8utics de Barcelona, Jordi De Dalmases, en un acte recent al COFB.\" width=\"1221\" height=\"751\" \/><\/a><figcaption id=\"caption-attachment-36684\" class=\"wp-caption-text\">El president del Col\u00b7legi de Farmac\u00e8utics de Barcelona, Jordi De Dalmases, en un acte recent al COFB.<\/figcaption><\/figure>\n<p>A qu\u00e8 es deu? En aquest cas <strong>s&#8217;han unit dos factors:<\/strong> <strong>la necessitat de prendre mesures econ\u00f2miques per reduir el cost de la prestaci\u00f3 farmac\u00e8utica en plena crisi<\/strong>, 2011\/2012, juntament amb l&#8217;<strong>aparici\u00f3 de nous medicaments d&#8217;alt\u00edssim cost<\/strong>. A poc a poc, com en l&#8217;exemple de l&#8217;encreuament de vies que descrivia, certs medicaments classificats per l&#8217;Ag\u00e8ncia Espanyola de Medicaments i Productes Sanitaris (AEMPS) com de diagn\u00f2stic hospitalari \u2013prescripci\u00f3 per especialista\u2013 van rebre posteriorment el cognom complementari de \u00absense cup\u00f3 precinte\u00bb, limitant-se, en la major part dels casos per motius econ\u00f2mics i de gesti\u00f3, la seva dispensaci\u00f3 en serveis de farm\u00e0cia hospital\u00e0ria.<\/p>\n<p>Progressivament, les decisions puntuals per motius econ\u00f2mics han fet que m\u00e9s i m\u00e9s novetats prenguin l&#8217;encreuament de vies que separa a aquests medicaments de l&#8217;accessibilitat per al pacient que ofereix la farm\u00e0cia comunit\u00e0ria, amb una xarxa de m\u00e9s de 22.000 establiments sanitaris.<\/p>\n<p><strong>Els efectes despr\u00e9s de cinc anys d&#8217;haver pres aquest cam\u00ed es tradueixen en una pujada de la facturaci\u00f3 anual dels MHDA dispensats a trav\u00e9s de l&#8217;hospital, equivalent a pr\u00e0cticament la meitat de la facturaci\u00f3 dels medicaments dispensats a trav\u00e9s de la farm\u00e0cia comunit\u00e0ria<\/strong>. Tot aix\u00f2 acompanyat d&#8217;un necessari esfor\u00e7 per incrementar els recursos destinats a aquesta finalitat als hospitals.<\/p>\n<p><strong>Arribats a aquest punt, \u00e9s necessari prendre altura per veure cap a on ens condueixen aquestes dues vies<\/strong> <strong>i prendre decisions per definir quin model de prestaci\u00f3 farmac\u00e8utica volem per a la nostra societat.<\/strong> Perqu\u00e8 si tal volum de f\u00e0rmacs es desvia de la xarxa de farm\u00e0cia comunit\u00e0ria, a m\u00e9s de deixar escapar entre els dits el futur professional, <strong>estem posant en risc un preuat model que prima l&#8217;accessibilitat per al pacient sempre que el tractament ho permeti,<\/strong> acompanyada de l&#8217;atenci\u00f3 per part d&#8217;excel\u00b7lents professionals sanitaris. <strong>Respectant, per descomptat, l&#8217;aportaci\u00f3 professional que significa la intervenci\u00f3 dels professionals farmac\u00e8utics d&#8217;hospital i d&#8217;atenci\u00f3 prim\u00e0ria<\/strong> sempre que la utilitzaci\u00f3 \u00f2ptima i segura d&#8217;un f\u00e0rmac ho requereix.<\/p>\n<p><strong>Davant els nous f\u00e0rmacs que apareixeran aviat, la prestaci\u00f3 farmac\u00e8utica requerir\u00e0 l&#8217;aportaci\u00f3 dels farmac\u00e8utics que exerceixen en els \u00e0mbits comunitari, hospitalari i d&#8217;atenci\u00f3 prim\u00e0ria.<\/strong><\/p>\n<p><strong>I la farm\u00e0cia comunit\u00e0ria tindr\u00e0 el repte de seguir sent el millor cam\u00ed a triar per a la dispensaci\u00f3 dels f\u00e0rmacs<\/strong>, <strong>no nom\u00e9s per accessibilitat i professionalitat, sin\u00f3 perqu\u00e8 el motiu que ens ha portat al desviament no ha estat sanitari sin\u00f3 econ\u00f2mic<\/strong>, deixant en un segon pla al pacient i posant en risc tot el que la farm\u00e0cia comunit\u00e0ria podr\u00e0 oferir-li en un futur.<\/p>\n<div class=\"traductor-textarea form-group\">\n<div class=\"textarea-desti col-xs-12 col-sm-6\">\n<div class=\"form-control second-textarea\">\n<p><strong>Traducci\u00f3 de l&#8217;article publicat a <a href=\"http:\/\/www.elfarmaceutico.es\/index.php\/con-firma\/item\/8670-momentos-decisivos-en-el-futuro-de-la-profesion#.Wmr6VDRG0pu\" target=\"_blank\" rel=\"noopener\">El Farmac\u00e9utico<\/a>, 15\/12\/2017<\/strong><\/p>\n<\/div>\n<\/div>\n<\/div>\n","protected":false},"excerpt":{"rendered":"<p>Article de Jordi de Dalmases, president del Col\u00b7legi de Farmac\u00e8utics de Barcelona i del Consell de Col\u00b7legis de Farmac\u00e8utics de Catalunya. Tots aquells que em coneixen saben que sempre m&#8217;ha apassionat el m\u00f3n dels trens. Viatjar amb tren permet omplir-se d&#8217;imatges dels diferents territoris que es travessen. Quan apareix un [&hellip;]<\/p>\n","protected":false},"author":1,"featured_media":36684,"comment_status":"open","ping_status":"open","sticky":false,"template":"","format":"standard","meta":{"_uag_custom_page_level_css":"","site-sidebar-layout":"default","site-content-layout":"","ast-site-content-layout":"default","site-content-style":"default","site-sidebar-style":"default","ast-global-header-display":"","ast-banner-title-visibility":"","ast-main-header-display":"","ast-hfb-above-header-display":"","ast-hfb-below-header-display":"","ast-hfb-mobile-header-display":"","site-post-title":"","ast-breadcrumbs-content":"","ast-featured-img":"disabled","footer-sml-layout":"","theme-transparent-header-meta":"","adv-header-id-meta":"","stick-header-meta":"","header-above-stick-meta":"","header-main-stick-meta":"","header-below-stick-meta":"","astra-migrate-meta-layouts":"default","ast-page-background-enabled":"default","ast-page-background-meta":{"desktop":{"background-color":"var(--ast-global-color-4)","background-image":"","background-repeat":"repeat","background-position":"center center","background-size":"auto","background-attachment":"scroll","background-type":"","background-media":"","overlay-type":"","overlay-color":"","overlay-opacity":"","overlay-gradient":""},"tablet":{"background-color":"","background-image":"","background-repeat":"repeat","background-position":"center center","background-size":"auto","background-attachment":"scroll","background-type":"","background-media":"","overlay-type":"","overlay-color":"","overlay-opacity":"","overlay-gradient":""},"mobile":{"background-color":"","background-image":"","background-repeat":"repeat","background-position":"center center","background-size":"auto","background-attachment":"scroll","background-type":"","background-media":"","overlay-type":"","overlay-color":"","overlay-opacity":"","overlay-gradient":""}},"ast-content-background-meta":{"desktop":{"background-color":"var(--ast-global-color-5)","background-image":"","background-repeat":"repeat","background-position":"center center","background-size":"auto","background-attachment":"scroll","background-type":"","background-media":"","overlay-type":"","overlay-color":"","overlay-opacity":"","overlay-gradient":""},"tablet":{"background-color":"var(--ast-global-color-5)","background-image":"","background-repeat":"repeat","background-position":"center center","background-size":"auto","background-attachment":"scroll","background-type":"","background-media":"","overlay-type":"","overlay-color":"","overlay-opacity":"","overlay-gradient":""},"mobile":{"background-color":"var(--ast-global-color-5)","background-image":"","background-repeat":"repeat","background-position":"center center","background-size":"auto","background-attachment":"scroll","background-type":"","background-media":"","overlay-type":"","overlay-color":"","overlay-opacity":"","overlay-gradient":""}},"footnotes":""},"categories":[489],"tags":[398,64,938,18,19,2407,53,68,69,480,54,853,229,676,2958,2959,117,510],"class_list":["post-36666","post","type-post","status-publish","format-standard","has-post-thumbnail","hentry","category-opinions-del-collegi","tag-aemps","tag-atencio-farmaceutica","tag-atencio-primaria","tag-cofb","tag-collegi-de-farmaceutics-de-barcelona","tag-conseller-de-salut","tag-farmaceutics","tag-farmacia","tag-farmacia-comunitaria","tag-farmacia-hospitalaria","tag-farmacs","tag-futur","tag-mhda","tag-mon-collegial","tag-propostes","tag-reflexions","tag-salut","tag-sanitat"],"yoast_head":"<!-- This site is optimized with the Yoast SEO plugin v22.4 - https:\/\/yoast.com\/wordpress\/plugins\/seo\/ -->\n<title>Moments decisius en el futur de la professi\u00f3 - Col\u00b7legi de Farmac\u00e8utics de Barcelona<\/title>\n<meta name=\"description\" content=\"&quot;La farm\u00e0cia comunit\u00e0ria tindr\u00e0 el repte de seguir sent el millor cam\u00ed a triar per a la dispensaci\u00f3 dels f\u00e0rmacs, no nom\u00e9s per accessibilitat i professionalitat, sin\u00f3 perqu\u00e8 el motiu que ens ha portat al desviament no ha estat sanitari sin\u00f3 econ\u00f2mic&quot;\" \/>\n<meta name=\"robots\" content=\"index, follow, max-snippet:-1, max-image-preview:large, max-video-preview:-1\" \/>\n<link rel=\"canonical\" href=\"https:\/\/novaorg.cofb.net\/2018\/01\/26\/moments-decisius-en-el-futur-de-la-professio\/\" \/>\n<meta property=\"og:locale\" content=\"ca_ES\" \/>\n<meta property=\"og:type\" content=\"article\" \/>\n<meta property=\"og:title\" content=\"Moments decisius en el futur de la professi\u00f3 - Col\u00b7legi de Farmac\u00e8utics de Barcelona\" \/>\n<meta property=\"og:description\" content=\"&quot;La farm\u00e0cia comunit\u00e0ria tindr\u00e0 el repte de seguir sent el millor cam\u00ed a triar per a la dispensaci\u00f3 dels f\u00e0rmacs, no nom\u00e9s per accessibilitat i professionalitat, sin\u00f3 perqu\u00e8 el motiu que ens ha portat al desviament no ha estat sanitari sin\u00f3 econ\u00f2mic&quot;\" \/>\n<meta property=\"og:url\" content=\"https:\/\/novaorg.cofb.net\/2018\/01\/26\/moments-decisius-en-el-futur-de-la-professio\/\" \/>\n<meta property=\"og:site_name\" content=\"Col\u00b7legi de Farmac\u00e8utics de Barcelona\" \/>\n<meta property=\"article:publisher\" content=\"https:\/\/www.facebook.com\/farmaceuticsbcn\/\" \/>\n<meta property=\"article:published_time\" content=\"2018-01-26T12:27:17+00:00\" \/>\n<meta name=\"author\" content=\"wpAdminCofbOrg\" \/>\n<meta name=\"twitter:card\" content=\"summary_large_image\" \/>\n<meta name=\"twitter:creator\" content=\"@farmaceuticsbcn\" \/>\n<meta name=\"twitter:site\" content=\"@farmaceuticsbcn\" \/>\n<meta name=\"twitter:label1\" content=\"Escrit per\" \/>\n\t<meta name=\"twitter:data1\" content=\"wpAdminCofbOrg\" \/>\n\t<meta name=\"twitter:label2\" content=\"Temps estimat de lectura\" \/>\n\t<meta name=\"twitter:data2\" content=\"4 minuts\" \/>\n<script type=\"application\/ld+json\" class=\"yoast-schema-graph\">{\"@context\":\"https:\/\/schema.org\",\"@graph\":[{\"@type\":\"Article\",\"@id\":\"https:\/\/novaorg.cofb.net\/2018\/01\/26\/moments-decisius-en-el-futur-de-la-professio\/#article\",\"isPartOf\":{\"@id\":\"https:\/\/novaorg.cofb.net\/2018\/01\/26\/moments-decisius-en-el-futur-de-la-professio\/\"},\"author\":{\"name\":\"wpAdminCofbOrg\",\"@id\":\"https:\/\/www.cofb.org\/#\/schema\/person\/22ed7eea88da74b0fa4d3154ad87ffcb\"},\"headline\":\"Moments decisius en el futur de la professi\u00f3\",\"datePublished\":\"2018-01-26T12:27:17+00:00\",\"dateModified\":\"2018-01-26T12:27:17+00:00\",\"mainEntityOfPage\":{\"@id\":\"https:\/\/novaorg.cofb.net\/2018\/01\/26\/moments-decisius-en-el-futur-de-la-professio\/\"},\"wordCount\":736,\"commentCount\":0,\"publisher\":{\"@id\":\"https:\/\/www.cofb.org\/#organization\"},\"image\":{\"@id\":\"https:\/\/novaorg.cofb.net\/2018\/01\/26\/moments-decisius-en-el-futur-de-la-professio\/#primaryimage\"},\"thumbnailUrl\":\"\",\"keywords\":[\"AEMPS\",\"Atenci\u00f3 farmac\u00e8utica\",\"Atenci\u00f3 prim\u00e0ria\",\"COFB\",\"Col\u00b7legi de Farmac\u00e8utics de Barcelona\",\"conseller de salut\",\"farmac\u00e8utics\",\"Farm\u00e0cia\",\"farm\u00e0cia comunit\u00e0ria\",\"farm\u00e0cia hospital\u00e0ria\",\"f\u00e0rmacs\",\"futur\",\"MHDA\",\"m\u00f3n col\u00b7legial\",\"propostes\",\"reflexions\",\"salut\",\"sanitat\"],\"articleSection\":[\"Opinions del Col\u00b7legi\"],\"inLanguage\":\"ca\",\"potentialAction\":[{\"@type\":\"CommentAction\",\"name\":\"Comment\",\"target\":[\"https:\/\/novaorg.cofb.net\/2018\/01\/26\/moments-decisius-en-el-futur-de-la-professio\/#respond\"]}]},{\"@type\":\"WebPage\",\"@id\":\"https:\/\/novaorg.cofb.net\/2018\/01\/26\/moments-decisius-en-el-futur-de-la-professio\/\",\"url\":\"https:\/\/novaorg.cofb.net\/2018\/01\/26\/moments-decisius-en-el-futur-de-la-professio\/\",\"name\":\"Moments decisius en el futur de la professi\u00f3 - Col\u00b7legi de Farmac\u00e8utics de Barcelona\",\"isPartOf\":{\"@id\":\"https:\/\/www.cofb.org\/#website\"},\"primaryImageOfPage\":{\"@id\":\"https:\/\/novaorg.cofb.net\/2018\/01\/26\/moments-decisius-en-el-futur-de-la-professio\/#primaryimage\"},\"image\":{\"@id\":\"https:\/\/novaorg.cofb.net\/2018\/01\/26\/moments-decisius-en-el-futur-de-la-professio\/#primaryimage\"},\"thumbnailUrl\":\"\",\"datePublished\":\"2018-01-26T12:27:17+00:00\",\"dateModified\":\"2018-01-26T12:27:17+00:00\",\"description\":\"\\\"La farm\u00e0cia comunit\u00e0ria tindr\u00e0 el repte de seguir sent el millor cam\u00ed a triar per a la dispensaci\u00f3 dels f\u00e0rmacs, no nom\u00e9s per accessibilitat i professionalitat, sin\u00f3 perqu\u00e8 el motiu que ens ha portat al desviament no ha estat sanitari sin\u00f3 econ\u00f2mic\\\"\",\"breadcrumb\":{\"@id\":\"https:\/\/novaorg.cofb.net\/2018\/01\/26\/moments-decisius-en-el-futur-de-la-professio\/#breadcrumb\"},\"inLanguage\":\"ca\",\"potentialAction\":[{\"@type\":\"ReadAction\",\"target\":[\"https:\/\/novaorg.cofb.net\/2018\/01\/26\/moments-decisius-en-el-futur-de-la-professio\/\"]}]},{\"@type\":\"ImageObject\",\"inLanguage\":\"ca\",\"@id\":\"https:\/\/novaorg.cofb.net\/2018\/01\/26\/moments-decisius-en-el-futur-de-la-professio\/#primaryimage\",\"url\":\"\",\"contentUrl\":\"\"},{\"@type\":\"BreadcrumbList\",\"@id\":\"https:\/\/novaorg.cofb.net\/2018\/01\/26\/moments-decisius-en-el-futur-de-la-professio\/#breadcrumb\",\"itemListElement\":[{\"@type\":\"ListItem\",\"position\":1,\"name\":\"Inici\",\"item\":\"https:\/\/novaorg.cofb.net\/\"},{\"@type\":\"ListItem\",\"position\":2,\"name\":\"Moments decisius en el futur de la professi\u00f3\"}]},{\"@type\":\"WebSite\",\"@id\":\"https:\/\/www.cofb.org\/#website\",\"url\":\"https:\/\/www.cofb.org\/\",\"name\":\"Col\u00b7legi de Farmac\u00e8utics de Barcelona\",\"description\":\"\",\"publisher\":{\"@id\":\"https:\/\/www.cofb.org\/#organization\"},\"potentialAction\":[{\"@type\":\"SearchAction\",\"target\":{\"@type\":\"EntryPoint\",\"urlTemplate\":\"https:\/\/www.cofb.org\/?s={search_term_string}\"},\"query-input\":\"required name=search_term_string\"}],\"inLanguage\":\"ca\"},{\"@type\":\"Organization\",\"@id\":\"https:\/\/www.cofb.org\/#organization\",\"name\":\"Col\u00b7legi de Farmac\u00e8utics de Barcelona\",\"url\":\"https:\/\/www.cofb.org\/\",\"logo\":{\"@type\":\"ImageObject\",\"inLanguage\":\"ca\",\"@id\":\"https:\/\/www.cofb.org\/#\/schema\/logo\/image\/\",\"url\":\"https:\/\/www.cofb.org\/wp-content\/uploads\/2023\/11\/cropped-Logotip-COFB.png\",\"contentUrl\":\"https:\/\/www.cofb.org\/wp-content\/uploads\/2023\/11\/cropped-Logotip-COFB.png\",\"width\":500,\"height\":105,\"caption\":\"Col\u00b7legi de Farmac\u00e8utics de Barcelona\"},\"image\":{\"@id\":\"https:\/\/www.cofb.org\/#\/schema\/logo\/image\/\"},\"sameAs\":[\"https:\/\/www.facebook.com\/farmaceuticsbcn\/\",\"https:\/\/twitter.com\/farmaceuticsbcn\",\"https:\/\/www.instagram.com\/farmaceuticsbcn\/\",\"https:\/\/www.linkedin.com\/company\/farmaceuticsbcn\/\"]},{\"@type\":\"Person\",\"@id\":\"https:\/\/www.cofb.org\/#\/schema\/person\/22ed7eea88da74b0fa4d3154ad87ffcb\",\"name\":\"wpAdminCofbOrg\",\"image\":{\"@type\":\"ImageObject\",\"inLanguage\":\"ca\",\"@id\":\"https:\/\/www.cofb.org\/#\/schema\/person\/image\/\",\"url\":\"https:\/\/secure.gravatar.com\/avatar\/1721b20b3b8ca882c3b56ec6c978c594fff670e40c0718e9190eaeeb76aae7d8?s=96&d=mm&r=g\",\"contentUrl\":\"https:\/\/secure.gravatar.com\/avatar\/1721b20b3b8ca882c3b56ec6c978c594fff670e40c0718e9190eaeeb76aae7d8?s=96&d=mm&r=g\",\"caption\":\"wpAdminCofbOrg\"},\"sameAs\":[\"http:\/\/192.168.64.122\/wordpress\"],\"url\":\"https:\/\/www.cofb.org\/ca\/author\/wpadmincofborg\/\"}]}<\/script>\n<!-- \/ Yoast SEO plugin. -->","yoast_head_json":{"title":"Moments decisius en el futur de la professi\u00f3 - Col\u00b7legi de Farmac\u00e8utics de Barcelona","description":"\"La farm\u00e0cia comunit\u00e0ria tindr\u00e0 el repte de seguir sent el millor cam\u00ed a triar per a la dispensaci\u00f3 dels f\u00e0rmacs, no nom\u00e9s per accessibilitat i professionalitat, sin\u00f3 perqu\u00e8 el motiu que ens ha portat al desviament no ha estat sanitari sin\u00f3 econ\u00f2mic\"","robots":{"index":"index","follow":"follow","max-snippet":"max-snippet:-1","max-image-preview":"max-image-preview:large","max-video-preview":"max-video-preview:-1"},"canonical":"https:\/\/novaorg.cofb.net\/2018\/01\/26\/moments-decisius-en-el-futur-de-la-professio\/","og_locale":"ca_ES","og_type":"article","og_title":"Moments decisius en el futur de la professi\u00f3 - Col\u00b7legi de Farmac\u00e8utics de Barcelona","og_description":"\"La farm\u00e0cia comunit\u00e0ria tindr\u00e0 el repte de seguir sent el millor cam\u00ed a triar per a la dispensaci\u00f3 dels f\u00e0rmacs, no nom\u00e9s per accessibilitat i professionalitat, sin\u00f3 perqu\u00e8 el motiu que ens ha portat al desviament no ha estat sanitari sin\u00f3 econ\u00f2mic\"","og_url":"https:\/\/novaorg.cofb.net\/2018\/01\/26\/moments-decisius-en-el-futur-de-la-professio\/","og_site_name":"Col\u00b7legi de Farmac\u00e8utics de Barcelona","article_publisher":"https:\/\/www.facebook.com\/farmaceuticsbcn\/","article_published_time":"2018-01-26T12:27:17+00:00","author":"wpAdminCofbOrg","twitter_card":"summary_large_image","twitter_creator":"@farmaceuticsbcn","twitter_site":"@farmaceuticsbcn","twitter_misc":{"Escrit per":"wpAdminCofbOrg","Temps estimat de lectura":"4 minuts"},"schema":{"@context":"https:\/\/schema.org","@graph":[{"@type":"Article","@id":"https:\/\/novaorg.cofb.net\/2018\/01\/26\/moments-decisius-en-el-futur-de-la-professio\/#article","isPartOf":{"@id":"https:\/\/novaorg.cofb.net\/2018\/01\/26\/moments-decisius-en-el-futur-de-la-professio\/"},"author":{"name":"wpAdminCofbOrg","@id":"https:\/\/www.cofb.org\/#\/schema\/person\/22ed7eea88da74b0fa4d3154ad87ffcb"},"headline":"Moments decisius en el futur de la professi\u00f3","datePublished":"2018-01-26T12:27:17+00:00","dateModified":"2018-01-26T12:27:17+00:00","mainEntityOfPage":{"@id":"https:\/\/novaorg.cofb.net\/2018\/01\/26\/moments-decisius-en-el-futur-de-la-professio\/"},"wordCount":736,"commentCount":0,"publisher":{"@id":"https:\/\/www.cofb.org\/#organization"},"image":{"@id":"https:\/\/novaorg.cofb.net\/2018\/01\/26\/moments-decisius-en-el-futur-de-la-professio\/#primaryimage"},"thumbnailUrl":"","keywords":["AEMPS","Atenci\u00f3 farmac\u00e8utica","Atenci\u00f3 prim\u00e0ria","COFB","Col\u00b7legi de Farmac\u00e8utics de Barcelona","conseller de salut","farmac\u00e8utics","Farm\u00e0cia","farm\u00e0cia comunit\u00e0ria","farm\u00e0cia hospital\u00e0ria","f\u00e0rmacs","futur","MHDA","m\u00f3n col\u00b7legial","propostes","reflexions","salut","sanitat"],"articleSection":["Opinions del Col\u00b7legi"],"inLanguage":"ca","potentialAction":[{"@type":"CommentAction","name":"Comment","target":["https:\/\/novaorg.cofb.net\/2018\/01\/26\/moments-decisius-en-el-futur-de-la-professio\/#respond"]}]},{"@type":"WebPage","@id":"https:\/\/novaorg.cofb.net\/2018\/01\/26\/moments-decisius-en-el-futur-de-la-professio\/","url":"https:\/\/novaorg.cofb.net\/2018\/01\/26\/moments-decisius-en-el-futur-de-la-professio\/","name":"Moments decisius en el futur de la professi\u00f3 - Col\u00b7legi de Farmac\u00e8utics de Barcelona","isPartOf":{"@id":"https:\/\/www.cofb.org\/#website"},"primaryImageOfPage":{"@id":"https:\/\/novaorg.cofb.net\/2018\/01\/26\/moments-decisius-en-el-futur-de-la-professio\/#primaryimage"},"image":{"@id":"https:\/\/novaorg.cofb.net\/2018\/01\/26\/moments-decisius-en-el-futur-de-la-professio\/#primaryimage"},"thumbnailUrl":"","datePublished":"2018-01-26T12:27:17+00:00","dateModified":"2018-01-26T12:27:17+00:00","description":"\"La farm\u00e0cia comunit\u00e0ria tindr\u00e0 el repte de seguir sent el millor cam\u00ed a triar per a la dispensaci\u00f3 dels f\u00e0rmacs, no nom\u00e9s per accessibilitat i professionalitat, sin\u00f3 perqu\u00e8 el motiu que ens ha portat al desviament no ha estat sanitari sin\u00f3 econ\u00f2mic\"","breadcrumb":{"@id":"https:\/\/novaorg.cofb.net\/2018\/01\/26\/moments-decisius-en-el-futur-de-la-professio\/#breadcrumb"},"inLanguage":"ca","potentialAction":[{"@type":"ReadAction","target":["https:\/\/novaorg.cofb.net\/2018\/01\/26\/moments-decisius-en-el-futur-de-la-professio\/"]}]},{"@type":"ImageObject","inLanguage":"ca","@id":"https:\/\/novaorg.cofb.net\/2018\/01\/26\/moments-decisius-en-el-futur-de-la-professio\/#primaryimage","url":"","contentUrl":""},{"@type":"BreadcrumbList","@id":"https:\/\/novaorg.cofb.net\/2018\/01\/26\/moments-decisius-en-el-futur-de-la-professio\/#breadcrumb","itemListElement":[{"@type":"ListItem","position":1,"name":"Inici","item":"https:\/\/novaorg.cofb.net\/"},{"@type":"ListItem","position":2,"name":"Moments decisius en el futur de la professi\u00f3"}]},{"@type":"WebSite","@id":"https:\/\/www.cofb.org\/#website","url":"https:\/\/www.cofb.org\/","name":"Col\u00b7legi de Farmac\u00e8utics de Barcelona","description":"","publisher":{"@id":"https:\/\/www.cofb.org\/#organization"},"potentialAction":[{"@type":"SearchAction","target":{"@type":"EntryPoint","urlTemplate":"https:\/\/www.cofb.org\/?s={search_term_string}"},"query-input":"required name=search_term_string"}],"inLanguage":"ca"},{"@type":"Organization","@id":"https:\/\/www.cofb.org\/#organization","name":"Col\u00b7legi de Farmac\u00e8utics de Barcelona","url":"https:\/\/www.cofb.org\/","logo":{"@type":"ImageObject","inLanguage":"ca","@id":"https:\/\/www.cofb.org\/#\/schema\/logo\/image\/","url":"https:\/\/www.cofb.org\/wp-content\/uploads\/2023\/11\/cropped-Logotip-COFB.png","contentUrl":"https:\/\/www.cofb.org\/wp-content\/uploads\/2023\/11\/cropped-Logotip-COFB.png","width":500,"height":105,"caption":"Col\u00b7legi de Farmac\u00e8utics de Barcelona"},"image":{"@id":"https:\/\/www.cofb.org\/#\/schema\/logo\/image\/"},"sameAs":["https:\/\/www.facebook.com\/farmaceuticsbcn\/","https:\/\/twitter.com\/farmaceuticsbcn","https:\/\/www.instagram.com\/farmaceuticsbcn\/","https:\/\/www.linkedin.com\/company\/farmaceuticsbcn\/"]},{"@type":"Person","@id":"https:\/\/www.cofb.org\/#\/schema\/person\/22ed7eea88da74b0fa4d3154ad87ffcb","name":"wpAdminCofbOrg","image":{"@type":"ImageObject","inLanguage":"ca","@id":"https:\/\/www.cofb.org\/#\/schema\/person\/image\/","url":"https:\/\/secure.gravatar.com\/avatar\/1721b20b3b8ca882c3b56ec6c978c594fff670e40c0718e9190eaeeb76aae7d8?s=96&d=mm&r=g","contentUrl":"https:\/\/secure.gravatar.com\/avatar\/1721b20b3b8ca882c3b56ec6c978c594fff670e40c0718e9190eaeeb76aae7d8?s=96&d=mm&r=g","caption":"wpAdminCofbOrg"},"sameAs":["http:\/\/192.168.64.122\/wordpress"],"url":"https:\/\/www.cofb.org\/ca\/author\/wpadmincofborg\/"}]}},"uagb_featured_image_src":{"full":false,"thumbnail":false,"medium":false,"medium_large":false,"large":false,"1536x1536":false,"2048x2048":false,"trp-custom-language-flag":false},"uagb_author_info":{"display_name":"wpAdminCofbOrg","author_link":"https:\/\/www.cofb.org\/ca\/author\/wpadmincofborg\/"},"uagb_comment_info":0,"uagb_excerpt":"Article de Jordi de Dalmases, president del Col\u00b7legi de Farmac\u00e8utics de Barcelona i del Consell de Col\u00b7legis de Farmac\u00e8utics de Catalunya. Tots aquells que em coneixen saben que sempre m&#8217;ha apassionat el m\u00f3n dels trens. Viatjar amb tren permet omplir-se d&#8217;imatges dels diferents territoris que es travessen. Quan apareix un [&hellip;]","_links":{"self":[{"href":"https:\/\/www.cofb.org\/ca\/wp-json\/wp\/v2\/posts\/36666","targetHints":{"allow":["GET"]}}],"collection":[{"href":"https:\/\/www.cofb.org\/ca\/wp-json\/wp\/v2\/posts"}],"about":[{"href":"https:\/\/www.cofb.org\/ca\/wp-json\/wp\/v2\/types\/post"}],"author":[{"embeddable":true,"href":"https:\/\/www.cofb.org\/ca\/wp-json\/wp\/v2\/users\/1"}],"replies":[{"embeddable":true,"href":"https:\/\/www.cofb.org\/ca\/wp-json\/wp\/v2\/comments?post=36666"}],"version-history":[{"count":0,"href":"https:\/\/www.cofb.org\/ca\/wp-json\/wp\/v2\/posts\/36666\/revisions"}],"wp:featuredmedia":[{"embeddable":true,"href":"https:\/\/www.cofb.org\/ca\/wp-json\/"}],"wp:attachment":[{"href":"https:\/\/www.cofb.org\/ca\/wp-json\/wp\/v2\/media?parent=36666"}],"wp:term":[{"taxonomy":"category","embeddable":true,"href":"https:\/\/www.cofb.org\/ca\/wp-json\/wp\/v2\/categories?post=36666"},{"taxonomy":"post_tag","embeddable":true,"href":"https:\/\/www.cofb.org\/ca\/wp-json\/wp\/v2\/tags?post=36666"}],"curies":[{"name":"wp","href":"https:\/\/api.w.org\/{rel}","templated":true}]}}