{"id":35749,"date":"2017-12-18T20:07:47","date_gmt":"2017-12-18T18:07:47","guid":{"rendered":"http:\/\/blog.cofb.cat\/?p=35749"},"modified":"2017-12-18T20:07:47","modified_gmt":"2017-12-18T18:07:47","slug":"aixi-va-ser-la-conferencia-del-forum-mgof-1-hora-de-lideratge-amb-carme-ledesma","status":"publish","type":"post","link":"https:\/\/www.cofb.org\/ca\/2017\/12\/18\/aixi-va-ser-la-conferencia-del-forum-mgof-1-hora-de-lideratge-amb-carme-ledesma\/","title":{"rendered":"Aix\u00ed va ser la confer\u00e8ncia del F\u00f2rum MGOF \u201c1 hora de lideratge amb Carme Ledesma\u201d"},"content":{"rendered":"<p style=\"text-align: justify;\">Dins de les <strong>activitats del F\u00f2rum MGOF<\/strong>, el dimarts 12 de desembre va tenir lloc la confer\u00e8ncia &#8220;<strong>1 hora de lideratge<\/strong>&#8220;, a c\u00e0rrec de<strong> Carme Ledesma<\/strong>, llicenciada en pedagogia i especialista en organitzaci\u00f3 educativa per la UAB, ADE (ESADE), i certificada en Coaching d&#8217;Equips per l&#8217;EEC.<\/p>\n<p style=\"text-align: justify;\">Amb <strong>l&#8217;objectiu d&#8217;oferir claus sobre el lideratge, el coaching i la comunicaci\u00f3 a l&#8217;oficina de farm\u00e0cia<\/strong>, bona part de la confer\u00e8ncia va girar al voltant de la <strong>gesti\u00f3 del temps<\/strong> i de la import\u00e0ncia, en aquest aspecte, de saber <strong>classificar i prioritzar les diferents tasques entre les urgents, les importants i les priorit\u00e0ries<\/strong>. Carme Ledesma va lligar-ho tamb\u00e9 amb la necessitat d&#8217;<strong>invertir temps a formar el mateix equip,<\/strong> ja que, a mitj\u00e0 termini, sempre ser\u00e0 <strong>una aposta rendible i que beneficiar\u00e0 a tots els membres<\/strong> de l&#8217;organitzaci\u00f3.<\/p>\n<figure id=\"attachment_35760\" aria-describedby=\"caption-attachment-35760\" style=\"width: 563px\" class=\"wp-caption aligncenter\"><a href=\"http:\/\/blog.cofb.cat\/wp-content\/uploads\/2017\/12\/cofb.171212-18.jpg\"><img fetchpriority=\"high\" decoding=\"async\" class=\"wp-image-35760 \" title=\"Un moment de la confer\u00e8ncia &quot;1 hora de lideratge amb Carme Ledesma&quot;\" src=\"http:\/\/blog.cofb.cat\/wp-content\/uploads\/2017\/12\/cofb.171212-18.jpg\" alt=\"Un moment de la confer\u00e8ncia &quot;1 hora de lideratge amb Carme Ledesma&quot;\" width=\"563\" height=\"375\" \/><\/a><figcaption id=\"caption-attachment-35760\" class=\"wp-caption-text\">Un moment de la confer\u00e8ncia &#8220;1 hora de lideratge amb Carme Ledesma&#8221;<\/figcaption><\/figure>\n<p style=\"text-align: justify;\">Tot seguit, va aturar-se en la gesti\u00f3 di\u00e0ria i els<strong> diferents<\/strong> grups de<strong> tasques de direcci\u00f3<\/strong> que hem de tenir presents: les<strong> t\u00e8cniques<\/strong>, les<strong> socials <\/strong>i les<strong> gerencials<\/strong>. Una gesti\u00f3, que segons les paraules de la ponent, vol dir <strong>&#8220;buscar equilibris i posar en ordre el que s&#8217;ha desordenat&#8221;<\/strong>, advertint que hi ha una <strong>tend\u00e8ncia a dedicar<\/strong> molta estona<strong> a tasques t\u00e8cniques<\/strong>, <strong>no dedicant-li el suficient temps a tasques socials i gerencials<\/strong>, que tamb\u00e9 s\u00f3n pr\u00f2pies d&#8217;un l\u00edder i que ning\u00fa far\u00e0 per ell.<br \/>\n<div class=\"box shadow\"><\/p>\n[caption id=\"attachment_35759\" align=\"alignright\" width=\"294\"]<a href=\"http:\/\/blog.cofb.cat\/wp-content\/uploads\/2017\/12\/cofb.171212-04.jpg\"><img decoding=\"async\" class=\"wp-image-35759 \" title=\"Joan Carles Serra, director del MGOF, presentant la confer\u00e8ncia de Carme Ledesma\" src=\"http:\/\/blog.cofb.cat\/wp-content\/uploads\/2017\/12\/cofb.171212-04.jpg\" alt=\"Joan Carles Serra, director del MGOF, presentant la confer\u00e8ncia de Carme Ledesma&quot;\" width=\"294\" height=\"195\" \/><\/a> Carme Ledesma i Joan Carles Serra.[\/caption]\n<p>Carme Ledesma participar\u00e0 tamb\u00e9 en el <strong>2n m\u00f2dul <\/strong>de la XIII edici\u00f3 del<strong> M\u00e0ster en Gesti\u00f3 de l&#8217;Oficina de Farm\u00e0cia (MGOF)<\/strong>, que portar\u00e0 per t\u00edtol &#8220;<strong>El farmac\u00e8utic com a responsable de la gesti\u00f3 de persones&#8221;<\/strong>, i que comen\u00e7ar\u00e0 el pr\u00f2xim 9 de gener.<\/p>\n<p><strong>M\u00e9s informaci\u00f3 i inscripcions <a href=\"http:\/\/www.cofb.org\/web\/guest\/cursos?p_p_id=portletllistatactivitats_WAR_portletllistatactivitats_INSTANCE_Au9v&amp;p_p_lifecycle=0&amp;p_p_state=normal&amp;p_p_mode=view&amp;p_p_col_id=column-2&amp;p_p_col_pos=1&amp;p_p_col_count=2&amp;_portletllistatactivitats_WAR_portletllistatactivitats_INSTANCE_Au9v_strutsAction=%2Fview%2Fdetall&amp;_portletllistatactivitats_WAR_portletllistatactivitats_INSTANCE_Au9v_id=1996\" target=\"_blank\" rel=\"noopener\">aqu\u00ed<\/a><\/strong>.<\/p>\n<p>&nbsp;<\/p>\n<p style=\"text-align: justify;\"><\/div><\/p>\n<p style=\"text-align: justify;\">A continuaci\u00f3, va fer menci\u00f3 al concepte de <strong>control sobre l&#8217;equip<\/strong>, traient-li la possible connotaci\u00f3 negativa, i afirmant que es pot i \u00e9s desitjable &#8220;<strong>controlar amb empatia<\/strong>&#8220;. Per finalitzar, fent refer\u00e8ncia <strong>a l&#8217;\u00e0mbit comunicatiu<\/strong>, va destacar la rellev\u00e0ncia de l&#8217;<strong>expressi\u00f3 corporal i facial<\/strong> a l&#8217;hora de relacionar-nos amb el nostre entorn professional, i del<strong> nivell d&#8217;impacte aconseguit<\/strong>, en funci\u00f3 de com ho fem.<\/p>\n<p><strong>Altres publicacions relacionades recollides al Blog:<\/strong><\/p>\n<ul>\n<li><a title=\"Comen\u00e7a la XIII edici\u00f3 del M\u00e0ster en Gesti\u00f3 de l\u2019Oficina de Farm\u00e0cia (MGOF)\" href=\"http:\/\/blog.cofb.cat\/comenca-la-xiii-edicio-del-master-en-gestio-de-loficina-de-farmacia-mgof\/\" target=\"_blank\" rel=\"bookmark noopener\">Comen\u00e7a la XIII edici\u00f3 del M\u00e0ster en Gesti\u00f3 de l\u2019Oficina de Farm\u00e0cia (MGOF) (Octubre 2017)<\/a><\/li>\n<li><a title=\"Aix\u00ed va ser la confer\u00e8ncia del F\u00f2rum MGOF \u201c1 hora de m\u00e0rqueting amb Joan Carles Serra\u201d\" href=\"http:\/\/blog.cofb.cat\/aixi-va-ser-la-conferencia-del-forum-mgof-1-hora-de-marqueting-amb-joan-carles-serra\/\" target=\"_blank\" rel=\"bookmark noopener\">Aix\u00ed va ser la confer\u00e8ncia del F\u00f2rum MGOF \u201c1 hora de m\u00e0rqueting amb Joan Carles Serra&#8221; (Setembre 2017)<\/a><\/li>\n<\/ul>\n","protected":false},"excerpt":{"rendered":"<p>Dins de les activitats del F\u00f2rum MGOF, el dimarts 12 de desembre va tenir lloc la confer\u00e8ncia &#8220;1 hora de lideratge&#8220;, a c\u00e0rrec de Carme Ledesma, llicenciada en pedagogia i especialista en organitzaci\u00f3 educativa per la UAB, ADE (ESADE), i certificada en Coaching d&#8217;Equips per l&#8217;EEC. Amb l&#8217;objectiu d&#8217;oferir claus [&hellip;]<\/p>\n","protected":false},"author":1,"featured_media":35760,"comment_status":"open","ping_status":"open","sticky":false,"template":"","format":"standard","meta":{"_uag_custom_page_level_css":"","site-sidebar-layout":"default","site-content-layout":"","ast-site-content-layout":"default","site-content-style":"default","site-sidebar-style":"default","ast-global-header-display":"","ast-banner-title-visibility":"","ast-main-header-display":"","ast-hfb-above-header-display":"","ast-hfb-below-header-display":"","ast-hfb-mobile-header-display":"","site-post-title":"","ast-breadcrumbs-content":"","ast-featured-img":"disabled","footer-sml-layout":"","theme-transparent-header-meta":"","adv-header-id-meta":"","stick-header-meta":"","header-above-stick-meta":"","header-main-stick-meta":"","header-below-stick-meta":"","astra-migrate-meta-layouts":"default","ast-page-background-enabled":"default","ast-page-background-meta":{"desktop":{"background-color":"var(--ast-global-color-4)","background-image":"","background-repeat":"repeat","background-position":"center center","background-size":"auto","background-attachment":"scroll","background-type":"","background-media":"","overlay-type":"","overlay-color":"","overlay-opacity":"","overlay-gradient":""},"tablet":{"background-color":"","background-image":"","background-repeat":"repeat","background-position":"center center","background-size":"auto","background-attachment":"scroll","background-type":"","background-media":"","overlay-type":"","overlay-color":"","overlay-opacity":"","overlay-gradient":""},"mobile":{"background-color":"","background-image":"","background-repeat":"repeat","background-position":"center center","background-size":"auto","background-attachment":"scroll","background-type":"","background-media":"","overlay-type":"","overlay-color":"","overlay-opacity":"","overlay-gradient":""}},"ast-content-background-meta":{"desktop":{"background-color":"var(--ast-global-color-5)","background-image":"","background-repeat":"repeat","background-position":"center center","background-size":"auto","background-attachment":"scroll","background-type":"","background-media":"","overlay-type":"","overlay-color":"","overlay-opacity":"","overlay-gradient":""},"tablet":{"background-color":"var(--ast-global-color-5)","background-image":"","background-repeat":"repeat","background-position":"center center","background-size":"auto","background-attachment":"scroll","background-type":"","background-media":"","overlay-type":"","overlay-color":"","overlay-opacity":"","overlay-gradient":""},"mobile":{"background-color":"var(--ast-global-color-5)","background-image":"","background-repeat":"repeat","background-position":"center center","background-size":"auto","background-attachment":"scroll","background-type":"","background-media":"","overlay-type":"","overlay-color":"","overlay-opacity":"","overlay-gradient":""}},"footnotes":""},"categories":[57],"tags":[2201,2409,2415,768,771,877],"class_list":["post-35749","post","type-post","status-publish","format-standard","has-post-thumbnail","hentry","category-mon-collegial","tag-coaching","tag-comunicacio-eficac","tag-forum-mgof","tag-gestio-de-persones","tag-master-en-gestio-de-loficina-de-farmacia","tag-mgof"],"yoast_head":"<!-- This site is optimized with the Yoast SEO plugin v22.4 - https:\/\/yoast.com\/wordpress\/plugins\/seo\/ -->\n<title>Aix\u00ed va ser la confer\u00e8ncia del F\u00f2rum MGOF \u201c1 hora de lideratge amb Carme Ledesma\u201d - Col\u00b7legi de Farmac\u00e8utics de Barcelona<\/title>\n<meta name=\"description\" content=\"Dins de les activitats del F\u00f2rum MGOF, el dimarts 12 de desembre va tenir lloc la confer\u00e8ncia \u201c1 hora de lideratge\u201d, a c\u00e0rrec de Carme Ledesma.\" \/>\n<meta name=\"robots\" content=\"index, follow, max-snippet:-1, max-image-preview:large, max-video-preview:-1\" \/>\n<link rel=\"canonical\" href=\"https:\/\/novaorg.cofb.net\/2017\/12\/18\/aixi-va-ser-la-conferencia-del-forum-mgof-1-hora-de-lideratge-amb-carme-ledesma\/\" \/>\n<meta property=\"og:locale\" content=\"ca_ES\" \/>\n<meta property=\"og:type\" content=\"article\" \/>\n<meta property=\"og:title\" content=\"Aix\u00ed va ser la confer\u00e8ncia del F\u00f2rum MGOF \u201c1 hora de lideratge amb Carme Ledesma\u201d - Col\u00b7legi de Farmac\u00e8utics de Barcelona\" \/>\n<meta property=\"og:description\" content=\"Dins de les activitats del F\u00f2rum MGOF, el dimarts 12 de desembre va tenir lloc la confer\u00e8ncia \u201c1 hora de lideratge\u201d, a c\u00e0rrec de Carme Ledesma.\" \/>\n<meta property=\"og:url\" content=\"https:\/\/novaorg.cofb.net\/2017\/12\/18\/aixi-va-ser-la-conferencia-del-forum-mgof-1-hora-de-lideratge-amb-carme-ledesma\/\" \/>\n<meta property=\"og:site_name\" content=\"Col\u00b7legi de Farmac\u00e8utics de Barcelona\" \/>\n<meta property=\"article:publisher\" content=\"https:\/\/www.facebook.com\/farmaceuticsbcn\/\" \/>\n<meta property=\"article:published_time\" content=\"2017-12-18T18:07:47+00:00\" \/>\n<meta name=\"author\" content=\"wpAdminCofbOrg\" \/>\n<meta name=\"twitter:card\" content=\"summary_large_image\" \/>\n<meta name=\"twitter:creator\" content=\"@farmaceuticsbcn\" \/>\n<meta name=\"twitter:site\" content=\"@farmaceuticsbcn\" \/>\n<meta name=\"twitter:label1\" content=\"Escrit per\" \/>\n\t<meta name=\"twitter:data1\" content=\"wpAdminCofbOrg\" \/>\n\t<meta name=\"twitter:label2\" content=\"Temps estimat de lectura\" \/>\n\t<meta name=\"twitter:data2\" content=\"2 minuts\" \/>\n<script type=\"application\/ld+json\" class=\"yoast-schema-graph\">{\"@context\":\"https:\/\/schema.org\",\"@graph\":[{\"@type\":\"Article\",\"@id\":\"https:\/\/novaorg.cofb.net\/2017\/12\/18\/aixi-va-ser-la-conferencia-del-forum-mgof-1-hora-de-lideratge-amb-carme-ledesma\/#article\",\"isPartOf\":{\"@id\":\"https:\/\/novaorg.cofb.net\/2017\/12\/18\/aixi-va-ser-la-conferencia-del-forum-mgof-1-hora-de-lideratge-amb-carme-ledesma\/\"},\"author\":{\"name\":\"wpAdminCofbOrg\",\"@id\":\"https:\/\/www.cofb.org\/#\/schema\/person\/22ed7eea88da74b0fa4d3154ad87ffcb\"},\"headline\":\"Aix\u00ed va ser la confer\u00e8ncia del F\u00f2rum MGOF \u201c1 hora de lideratge amb Carme Ledesma\u201d\",\"datePublished\":\"2017-12-18T18:07:47+00:00\",\"dateModified\":\"2017-12-18T18:07:47+00:00\",\"mainEntityOfPage\":{\"@id\":\"https:\/\/novaorg.cofb.net\/2017\/12\/18\/aixi-va-ser-la-conferencia-del-forum-mgof-1-hora-de-lideratge-amb-carme-ledesma\/\"},\"wordCount\":460,\"commentCount\":0,\"publisher\":{\"@id\":\"https:\/\/www.cofb.org\/#organization\"},\"image\":{\"@id\":\"https:\/\/novaorg.cofb.net\/2017\/12\/18\/aixi-va-ser-la-conferencia-del-forum-mgof-1-hora-de-lideratge-amb-carme-ledesma\/#primaryimage\"},\"thumbnailUrl\":\"\",\"keywords\":[\"coaching\",\"comunicaci\u00f3 efica\u00e7\",\"F\u00f2rum MGOF\",\"gesti\u00f3 de persones\",\"M\u00e0ster en Gesti\u00f3 de l'Oficina de Farm\u00e0cia\",\"MGOF\"],\"articleSection\":[\"M\u00f3n col\u00b7legial\"],\"inLanguage\":\"ca\",\"potentialAction\":[{\"@type\":\"CommentAction\",\"name\":\"Comment\",\"target\":[\"https:\/\/novaorg.cofb.net\/2017\/12\/18\/aixi-va-ser-la-conferencia-del-forum-mgof-1-hora-de-lideratge-amb-carme-ledesma\/#respond\"]}]},{\"@type\":\"WebPage\",\"@id\":\"https:\/\/novaorg.cofb.net\/2017\/12\/18\/aixi-va-ser-la-conferencia-del-forum-mgof-1-hora-de-lideratge-amb-carme-ledesma\/\",\"url\":\"https:\/\/novaorg.cofb.net\/2017\/12\/18\/aixi-va-ser-la-conferencia-del-forum-mgof-1-hora-de-lideratge-amb-carme-ledesma\/\",\"name\":\"Aix\u00ed va ser la confer\u00e8ncia del F\u00f2rum MGOF \u201c1 hora de lideratge amb Carme Ledesma\u201d - Col\u00b7legi de Farmac\u00e8utics de Barcelona\",\"isPartOf\":{\"@id\":\"https:\/\/www.cofb.org\/#website\"},\"primaryImageOfPage\":{\"@id\":\"https:\/\/novaorg.cofb.net\/2017\/12\/18\/aixi-va-ser-la-conferencia-del-forum-mgof-1-hora-de-lideratge-amb-carme-ledesma\/#primaryimage\"},\"image\":{\"@id\":\"https:\/\/novaorg.cofb.net\/2017\/12\/18\/aixi-va-ser-la-conferencia-del-forum-mgof-1-hora-de-lideratge-amb-carme-ledesma\/#primaryimage\"},\"thumbnailUrl\":\"\",\"datePublished\":\"2017-12-18T18:07:47+00:00\",\"dateModified\":\"2017-12-18T18:07:47+00:00\",\"description\":\"Dins de les activitats del F\u00f2rum MGOF, el dimarts 12 de desembre va tenir lloc la confer\u00e8ncia \u201c1 hora de lideratge\u201d, a c\u00e0rrec de Carme Ledesma.\",\"breadcrumb\":{\"@id\":\"https:\/\/novaorg.cofb.net\/2017\/12\/18\/aixi-va-ser-la-conferencia-del-forum-mgof-1-hora-de-lideratge-amb-carme-ledesma\/#breadcrumb\"},\"inLanguage\":\"ca\",\"potentialAction\":[{\"@type\":\"ReadAction\",\"target\":[\"https:\/\/novaorg.cofb.net\/2017\/12\/18\/aixi-va-ser-la-conferencia-del-forum-mgof-1-hora-de-lideratge-amb-carme-ledesma\/\"]}]},{\"@type\":\"ImageObject\",\"inLanguage\":\"ca\",\"@id\":\"https:\/\/novaorg.cofb.net\/2017\/12\/18\/aixi-va-ser-la-conferencia-del-forum-mgof-1-hora-de-lideratge-amb-carme-ledesma\/#primaryimage\",\"url\":\"\",\"contentUrl\":\"\"},{\"@type\":\"BreadcrumbList\",\"@id\":\"https:\/\/novaorg.cofb.net\/2017\/12\/18\/aixi-va-ser-la-conferencia-del-forum-mgof-1-hora-de-lideratge-amb-carme-ledesma\/#breadcrumb\",\"itemListElement\":[{\"@type\":\"ListItem\",\"position\":1,\"name\":\"Inici\",\"item\":\"https:\/\/novaorg.cofb.net\/\"},{\"@type\":\"ListItem\",\"position\":2,\"name\":\"Aix\u00ed va ser la confer\u00e8ncia del F\u00f2rum MGOF \u201c1 hora de lideratge amb Carme Ledesma\u201d\"}]},{\"@type\":\"WebSite\",\"@id\":\"https:\/\/www.cofb.org\/#website\",\"url\":\"https:\/\/www.cofb.org\/\",\"name\":\"Col\u00b7legi de Farmac\u00e8utics de Barcelona\",\"description\":\"\",\"publisher\":{\"@id\":\"https:\/\/www.cofb.org\/#organization\"},\"potentialAction\":[{\"@type\":\"SearchAction\",\"target\":{\"@type\":\"EntryPoint\",\"urlTemplate\":\"https:\/\/www.cofb.org\/?s={search_term_string}\"},\"query-input\":\"required name=search_term_string\"}],\"inLanguage\":\"ca\"},{\"@type\":\"Organization\",\"@id\":\"https:\/\/www.cofb.org\/#organization\",\"name\":\"Col\u00b7legi de Farmac\u00e8utics de Barcelona\",\"url\":\"https:\/\/www.cofb.org\/\",\"logo\":{\"@type\":\"ImageObject\",\"inLanguage\":\"ca\",\"@id\":\"https:\/\/www.cofb.org\/#\/schema\/logo\/image\/\",\"url\":\"https:\/\/www.cofb.org\/wp-content\/uploads\/2023\/11\/cropped-Logotip-COFB.png\",\"contentUrl\":\"https:\/\/www.cofb.org\/wp-content\/uploads\/2023\/11\/cropped-Logotip-COFB.png\",\"width\":500,\"height\":105,\"caption\":\"Col\u00b7legi de Farmac\u00e8utics de Barcelona\"},\"image\":{\"@id\":\"https:\/\/www.cofb.org\/#\/schema\/logo\/image\/\"},\"sameAs\":[\"https:\/\/www.facebook.com\/farmaceuticsbcn\/\",\"https:\/\/twitter.com\/farmaceuticsbcn\",\"https:\/\/www.instagram.com\/farmaceuticsbcn\/\",\"https:\/\/www.linkedin.com\/company\/farmaceuticsbcn\/\"]},{\"@type\":\"Person\",\"@id\":\"https:\/\/www.cofb.org\/#\/schema\/person\/22ed7eea88da74b0fa4d3154ad87ffcb\",\"name\":\"wpAdminCofbOrg\",\"image\":{\"@type\":\"ImageObject\",\"inLanguage\":\"ca\",\"@id\":\"https:\/\/www.cofb.org\/#\/schema\/person\/image\/\",\"url\":\"https:\/\/secure.gravatar.com\/avatar\/1721b20b3b8ca882c3b56ec6c978c594fff670e40c0718e9190eaeeb76aae7d8?s=96&d=mm&r=g\",\"contentUrl\":\"https:\/\/secure.gravatar.com\/avatar\/1721b20b3b8ca882c3b56ec6c978c594fff670e40c0718e9190eaeeb76aae7d8?s=96&d=mm&r=g\",\"caption\":\"wpAdminCofbOrg\"},\"sameAs\":[\"http:\/\/192.168.64.122\/wordpress\"],\"url\":\"https:\/\/www.cofb.org\/ca\/author\/wpadmincofborg\/\"}]}<\/script>\n<!-- \/ Yoast SEO plugin. -->","yoast_head_json":{"title":"Aix\u00ed va ser la confer\u00e8ncia del F\u00f2rum MGOF \u201c1 hora de lideratge amb Carme Ledesma\u201d - Col\u00b7legi de Farmac\u00e8utics de Barcelona","description":"Dins de les activitats del F\u00f2rum MGOF, el dimarts 12 de desembre va tenir lloc la confer\u00e8ncia \u201c1 hora de lideratge\u201d, a c\u00e0rrec de Carme Ledesma.","robots":{"index":"index","follow":"follow","max-snippet":"max-snippet:-1","max-image-preview":"max-image-preview:large","max-video-preview":"max-video-preview:-1"},"canonical":"https:\/\/novaorg.cofb.net\/2017\/12\/18\/aixi-va-ser-la-conferencia-del-forum-mgof-1-hora-de-lideratge-amb-carme-ledesma\/","og_locale":"ca_ES","og_type":"article","og_title":"Aix\u00ed va ser la confer\u00e8ncia del F\u00f2rum MGOF \u201c1 hora de lideratge amb Carme Ledesma\u201d - Col\u00b7legi de Farmac\u00e8utics de Barcelona","og_description":"Dins de les activitats del F\u00f2rum MGOF, el dimarts 12 de desembre va tenir lloc la confer\u00e8ncia \u201c1 hora de lideratge\u201d, a c\u00e0rrec de Carme Ledesma.","og_url":"https:\/\/novaorg.cofb.net\/2017\/12\/18\/aixi-va-ser-la-conferencia-del-forum-mgof-1-hora-de-lideratge-amb-carme-ledesma\/","og_site_name":"Col\u00b7legi de Farmac\u00e8utics de Barcelona","article_publisher":"https:\/\/www.facebook.com\/farmaceuticsbcn\/","article_published_time":"2017-12-18T18:07:47+00:00","author":"wpAdminCofbOrg","twitter_card":"summary_large_image","twitter_creator":"@farmaceuticsbcn","twitter_site":"@farmaceuticsbcn","twitter_misc":{"Escrit per":"wpAdminCofbOrg","Temps estimat de lectura":"2 minuts"},"schema":{"@context":"https:\/\/schema.org","@graph":[{"@type":"Article","@id":"https:\/\/novaorg.cofb.net\/2017\/12\/18\/aixi-va-ser-la-conferencia-del-forum-mgof-1-hora-de-lideratge-amb-carme-ledesma\/#article","isPartOf":{"@id":"https:\/\/novaorg.cofb.net\/2017\/12\/18\/aixi-va-ser-la-conferencia-del-forum-mgof-1-hora-de-lideratge-amb-carme-ledesma\/"},"author":{"name":"wpAdminCofbOrg","@id":"https:\/\/www.cofb.org\/#\/schema\/person\/22ed7eea88da74b0fa4d3154ad87ffcb"},"headline":"Aix\u00ed va ser la confer\u00e8ncia del F\u00f2rum MGOF \u201c1 hora de lideratge amb Carme Ledesma\u201d","datePublished":"2017-12-18T18:07:47+00:00","dateModified":"2017-12-18T18:07:47+00:00","mainEntityOfPage":{"@id":"https:\/\/novaorg.cofb.net\/2017\/12\/18\/aixi-va-ser-la-conferencia-del-forum-mgof-1-hora-de-lideratge-amb-carme-ledesma\/"},"wordCount":460,"commentCount":0,"publisher":{"@id":"https:\/\/www.cofb.org\/#organization"},"image":{"@id":"https:\/\/novaorg.cofb.net\/2017\/12\/18\/aixi-va-ser-la-conferencia-del-forum-mgof-1-hora-de-lideratge-amb-carme-ledesma\/#primaryimage"},"thumbnailUrl":"","keywords":["coaching","comunicaci\u00f3 efica\u00e7","F\u00f2rum MGOF","gesti\u00f3 de persones","M\u00e0ster en Gesti\u00f3 de l'Oficina de Farm\u00e0cia","MGOF"],"articleSection":["M\u00f3n col\u00b7legial"],"inLanguage":"ca","potentialAction":[{"@type":"CommentAction","name":"Comment","target":["https:\/\/novaorg.cofb.net\/2017\/12\/18\/aixi-va-ser-la-conferencia-del-forum-mgof-1-hora-de-lideratge-amb-carme-ledesma\/#respond"]}]},{"@type":"WebPage","@id":"https:\/\/novaorg.cofb.net\/2017\/12\/18\/aixi-va-ser-la-conferencia-del-forum-mgof-1-hora-de-lideratge-amb-carme-ledesma\/","url":"https:\/\/novaorg.cofb.net\/2017\/12\/18\/aixi-va-ser-la-conferencia-del-forum-mgof-1-hora-de-lideratge-amb-carme-ledesma\/","name":"Aix\u00ed va ser la confer\u00e8ncia del F\u00f2rum MGOF \u201c1 hora de lideratge amb Carme Ledesma\u201d - Col\u00b7legi de Farmac\u00e8utics de Barcelona","isPartOf":{"@id":"https:\/\/www.cofb.org\/#website"},"primaryImageOfPage":{"@id":"https:\/\/novaorg.cofb.net\/2017\/12\/18\/aixi-va-ser-la-conferencia-del-forum-mgof-1-hora-de-lideratge-amb-carme-ledesma\/#primaryimage"},"image":{"@id":"https:\/\/novaorg.cofb.net\/2017\/12\/18\/aixi-va-ser-la-conferencia-del-forum-mgof-1-hora-de-lideratge-amb-carme-ledesma\/#primaryimage"},"thumbnailUrl":"","datePublished":"2017-12-18T18:07:47+00:00","dateModified":"2017-12-18T18:07:47+00:00","description":"Dins de les activitats del F\u00f2rum MGOF, el dimarts 12 de desembre va tenir lloc la confer\u00e8ncia \u201c1 hora de lideratge\u201d, a c\u00e0rrec de Carme Ledesma.","breadcrumb":{"@id":"https:\/\/novaorg.cofb.net\/2017\/12\/18\/aixi-va-ser-la-conferencia-del-forum-mgof-1-hora-de-lideratge-amb-carme-ledesma\/#breadcrumb"},"inLanguage":"ca","potentialAction":[{"@type":"ReadAction","target":["https:\/\/novaorg.cofb.net\/2017\/12\/18\/aixi-va-ser-la-conferencia-del-forum-mgof-1-hora-de-lideratge-amb-carme-ledesma\/"]}]},{"@type":"ImageObject","inLanguage":"ca","@id":"https:\/\/novaorg.cofb.net\/2017\/12\/18\/aixi-va-ser-la-conferencia-del-forum-mgof-1-hora-de-lideratge-amb-carme-ledesma\/#primaryimage","url":"","contentUrl":""},{"@type":"BreadcrumbList","@id":"https:\/\/novaorg.cofb.net\/2017\/12\/18\/aixi-va-ser-la-conferencia-del-forum-mgof-1-hora-de-lideratge-amb-carme-ledesma\/#breadcrumb","itemListElement":[{"@type":"ListItem","position":1,"name":"Inici","item":"https:\/\/novaorg.cofb.net\/"},{"@type":"ListItem","position":2,"name":"Aix\u00ed va ser la confer\u00e8ncia del F\u00f2rum MGOF \u201c1 hora de lideratge amb Carme Ledesma\u201d"}]},{"@type":"WebSite","@id":"https:\/\/www.cofb.org\/#website","url":"https:\/\/www.cofb.org\/","name":"Col\u00b7legi de Farmac\u00e8utics de Barcelona","description":"","publisher":{"@id":"https:\/\/www.cofb.org\/#organization"},"potentialAction":[{"@type":"SearchAction","target":{"@type":"EntryPoint","urlTemplate":"https:\/\/www.cofb.org\/?s={search_term_string}"},"query-input":"required name=search_term_string"}],"inLanguage":"ca"},{"@type":"Organization","@id":"https:\/\/www.cofb.org\/#organization","name":"Col\u00b7legi de Farmac\u00e8utics de Barcelona","url":"https:\/\/www.cofb.org\/","logo":{"@type":"ImageObject","inLanguage":"ca","@id":"https:\/\/www.cofb.org\/#\/schema\/logo\/image\/","url":"https:\/\/www.cofb.org\/wp-content\/uploads\/2023\/11\/cropped-Logotip-COFB.png","contentUrl":"https:\/\/www.cofb.org\/wp-content\/uploads\/2023\/11\/cropped-Logotip-COFB.png","width":500,"height":105,"caption":"Col\u00b7legi de Farmac\u00e8utics de Barcelona"},"image":{"@id":"https:\/\/www.cofb.org\/#\/schema\/logo\/image\/"},"sameAs":["https:\/\/www.facebook.com\/farmaceuticsbcn\/","https:\/\/twitter.com\/farmaceuticsbcn","https:\/\/www.instagram.com\/farmaceuticsbcn\/","https:\/\/www.linkedin.com\/company\/farmaceuticsbcn\/"]},{"@type":"Person","@id":"https:\/\/www.cofb.org\/#\/schema\/person\/22ed7eea88da74b0fa4d3154ad87ffcb","name":"wpAdminCofbOrg","image":{"@type":"ImageObject","inLanguage":"ca","@id":"https:\/\/www.cofb.org\/#\/schema\/person\/image\/","url":"https:\/\/secure.gravatar.com\/avatar\/1721b20b3b8ca882c3b56ec6c978c594fff670e40c0718e9190eaeeb76aae7d8?s=96&d=mm&r=g","contentUrl":"https:\/\/secure.gravatar.com\/avatar\/1721b20b3b8ca882c3b56ec6c978c594fff670e40c0718e9190eaeeb76aae7d8?s=96&d=mm&r=g","caption":"wpAdminCofbOrg"},"sameAs":["http:\/\/192.168.64.122\/wordpress"],"url":"https:\/\/www.cofb.org\/ca\/author\/wpadmincofborg\/"}]}},"uagb_featured_image_src":{"full":false,"thumbnail":false,"medium":false,"medium_large":false,"large":false,"1536x1536":false,"2048x2048":false,"trp-custom-language-flag":false},"uagb_author_info":{"display_name":"wpAdminCofbOrg","author_link":"https:\/\/www.cofb.org\/ca\/author\/wpadmincofborg\/"},"uagb_comment_info":0,"uagb_excerpt":"Dins de les activitats del F\u00f2rum MGOF, el dimarts 12 de desembre va tenir lloc la confer\u00e8ncia &#8220;1 hora de lideratge&#8220;, a c\u00e0rrec de Carme Ledesma, llicenciada en pedagogia i especialista en organitzaci\u00f3 educativa per la UAB, ADE (ESADE), i certificada en Coaching d&#8217;Equips per l&#8217;EEC. Amb l&#8217;objectiu d&#8217;oferir claus [&hellip;]","_links":{"self":[{"href":"https:\/\/www.cofb.org\/ca\/wp-json\/wp\/v2\/posts\/35749","targetHints":{"allow":["GET"]}}],"collection":[{"href":"https:\/\/www.cofb.org\/ca\/wp-json\/wp\/v2\/posts"}],"about":[{"href":"https:\/\/www.cofb.org\/ca\/wp-json\/wp\/v2\/types\/post"}],"author":[{"embeddable":true,"href":"https:\/\/www.cofb.org\/ca\/wp-json\/wp\/v2\/users\/1"}],"replies":[{"embeddable":true,"href":"https:\/\/www.cofb.org\/ca\/wp-json\/wp\/v2\/comments?post=35749"}],"version-history":[{"count":0,"href":"https:\/\/www.cofb.org\/ca\/wp-json\/wp\/v2\/posts\/35749\/revisions"}],"wp:featuredmedia":[{"embeddable":true,"href":"https:\/\/www.cofb.org\/ca\/wp-json\/"}],"wp:attachment":[{"href":"https:\/\/www.cofb.org\/ca\/wp-json\/wp\/v2\/media?parent=35749"}],"wp:term":[{"taxonomy":"category","embeddable":true,"href":"https:\/\/www.cofb.org\/ca\/wp-json\/wp\/v2\/categories?post=35749"},{"taxonomy":"post_tag","embeddable":true,"href":"https:\/\/www.cofb.org\/ca\/wp-json\/wp\/v2\/tags?post=35749"}],"curies":[{"name":"wp","href":"https:\/\/api.w.org\/{rel}","templated":true}]}}