{"id":35181,"date":"2017-12-12T18:00:39","date_gmt":"2017-12-12T16:00:39","guid":{"rendered":"http:\/\/blog.cofb.cat\/?p=35181"},"modified":"2017-12-12T18:00:39","modified_gmt":"2017-12-12T16:00:39","slug":"entrevista-al-dr-bartres-faz-modificant-optimitzant-els-estils-de-vida-podriem-arribar-reduir-un-terc-de-les-malalties-neurodegeneratives","status":"publish","type":"post","link":"https:\/\/www.cofb.org\/ca\/2017\/12\/12\/entrevista-al-dr-bartres-faz-modificant-optimitzant-els-estils-de-vida-podriem-arribar-reduir-un-terc-de-les-malalties-neurodegeneratives\/","title":{"rendered":"Entrevista al Dr. Bartr\u00e9s-Faz: &#8220;Modificant i optimitzant els estils de vida podr\u00edem arribar a reduir un ter\u00e7 de les malalties neurodegeneratives&#8221;"},"content":{"rendered":"<p style=\"text-align: justify;\"><strong>Mantenir sa el nostre cervell \u00e9s imprescindible per tenir una bona qualitat de vida <\/strong>i per <strong>prevenir l&#8217;endarreriment i l&#8217;aparici\u00f3 de malalties<\/strong>. Aquest va ser el <strong>tema central<\/strong> de la confer\u00e8ncia del <strong>Dr. Bartr\u00e9s-Faz<\/strong>,<strong> investigador principal del BBHI (Barcelona Brain Health Initiative)<\/strong> i professor associat de la Facultat de Medicina i Ci\u00e8ncies de la Salut de la UB<strong>, <\/strong>amb motiu de la inauguraci\u00f3 del<strong> <a href=\"http:\/\/www.cofb.org\/fitxers\/Programa-Formaci%C3%B3\/\" target=\"_blank\" rel=\"noopener\">Programa de Formaci\u00f3 Continuada 2017-2018 del COFB<\/a>.<\/strong><\/p>\n<p style=\"text-align: justify;\">El Dr. Bartr\u00e9s-Faz i el seu equip estan implicats en <strong>projectes de dimensi\u00f3 internacional que investiguen si la modificaci\u00f3 d\u2019estils de vida en l\u2019etapa adulta poden tenir un efecte protector en l\u2019aparici\u00f3 de malalties neuropsiqui\u00e0triques<\/strong>. Sobre el projecte <strong>Barcelona Brain Health Initiative<\/strong> va girar l&#8217;entrevista concedida a aquest blog, on vam con\u00e8ixer m\u00e9s detalls sobre el mateix.<\/p>\n<p><iframe src=\"https:\/\/player.vimeo.com\/video\/246305552\" width=\"640\" height=\"360\" frameborder=\"0\" allowfullscreen=\"allowfullscreen\"><\/iframe><\/p>\n<h4 style=\"text-align: justify;\"><\/h4>\n<h4 style=\"text-align: justify;\"><strong><span style=\"text-decoration: underline;\">La import\u00e0ncia dels estils de vida<\/span><\/strong><\/h4>\n<p style=\"text-align: justify;\">Durant l&#8217;entrevista ens va parlar sobre la identificaci\u00f3 de <strong>set pilars<\/strong> o<strong> \u00e0mbits principals<\/strong> d&#8217;estils de vida modificables, que poden influir en el nostre estat de salut:<\/p>\n<ul style=\"text-align: justify;\">\n<li><strong>Activitat cognitiva<\/strong><\/li>\n<li><strong>Activitat f\u00edsica<\/strong><\/li>\n<li><strong>Dieta mediterr\u00e0nia<br \/>\n<\/strong><\/li>\n<li><strong>Xarxa social significativa per la persona<br \/>\n<\/strong><\/li>\n<li><strong>Direccionalitat en la conducta personal, tenint uns prop\u00f2sits clars a la vida<br \/>\n<\/strong><\/li>\n<li><strong>Reduir processos d&#8217;estr\u00e8s<\/strong><\/li>\n<li><strong>Reduir factors de risc<br \/>\n<\/strong><\/li>\n<\/ul>\n<figure id=\"attachment_35287\" aria-describedby=\"caption-attachment-35287\" style=\"width: 629px\" class=\"wp-caption aligncenter\"><a href=\"http:\/\/blog.cofb.cat\/wp-content\/uploads\/2017\/12\/cofb.171017-31.jpg\"><img fetchpriority=\"high\" decoding=\"async\" class=\"size-full wp-image-35287 \" title=\"El Dr. Bartr\u00e9s-Faz, durant un moment de la confer\u00e8ncia &quot;Barcelona Brain Health Initiative: Estils de vida i salut cerebral&quot;\" src=\"http:\/\/blog.cofb.cat\/wp-content\/uploads\/2017\/12\/cofb.171017-31.jpg\" alt=\"El Dr. Bartr\u00e9s-Faz, durant un moment de la confer\u00e8ncia &quot;Barcelona Brain Health Initiative: Estils de vida i salut cerebral&quot;\" width=\"629\" height=\"417\" \/><\/a><figcaption id=\"caption-attachment-35287\" class=\"wp-caption-text\">El Dr. Bartr\u00e9s-Faz, durant la confer\u00e8ncia &#8220;Barcelona Brain Health Initiative: Estils de vida i salut cerebral&#8221;<\/figcaption><\/figure>\n<p style=\"text-align: justify;\">En aquesta l\u00ednia ens va traslladar, amb dades, la import\u00e0ncia de tenir en compte aquests pilars: &#8220;<strong>Si parlem de la dem\u00e8ncia, o de diferents malalties neurodegeneratives que cursen amb dem\u00e8ncia, sabem que modificant els estils de vida i fent-los \u00f2ptims podr\u00edem reduir aproximadament un 30-35% dels casos d&#8217;aquesta malaltia<\/strong>. Probablement, no comen\u00e7ant per persones d&#8217;edat avan\u00e7ada sin\u00f3 <strong>comen\u00e7ant per les persones de mitjana edat, podr\u00edem arribar a reduir un ter\u00e7 de les malalties degeneratives<\/strong>&#8220;.<\/p>\n<h4 style=\"text-align: justify;\"><\/h4>\n<h4 style=\"text-align: justify;\"><strong><span style=\"text-decoration: underline;\">Les fases del projecte Barcelona Brain Health Initiative<\/span><\/strong><\/h4>\n<p style=\"text-align: justify;\">El projecte ha arribat al final de la implementaci\u00f3 de la <strong>fase 1<\/strong>, en la qual s&#8217;ha convidat a participar persones entre 40 i 65 anys i &#8220;que no tenen el diagn\u00f2stic d&#8217;una malaltia neuropsiqui\u00e0trica i el seu metge no els ha diagnosticat ni una depressi\u00f3, ni una dem\u00e8ncia, ni un Parkinson, ni han tingut un infart cerebral o una malaltia com l&#8217;ELA (Esclerosi Lateral Amiotr\u00f2fica), que afecta el cervell&#8221;. <strong>La fase 1 del BBHI ha generat una comunitat que actualment s&#8217;apropa a les 5.000 persones.<\/strong><\/p>\n<figure id=\"attachment_35289\" aria-describedby=\"caption-attachment-35289\" style=\"width: 620px\" class=\"wp-caption alignnone\"><a href=\"http:\/\/blog.cofb.cat\/wp-content\/uploads\/2017\/12\/cofb.171017-23.jpg\"><img decoding=\"async\" class=\"size-large wp-image-35289 \" title=\"Presentaci\u00f3 de la confer\u00e8ncia &quot;Barcelona Brain Health Initiative: Estils de vida i salut cerebral&quot;\" src=\"http:\/\/blog.cofb.cat\/wp-content\/uploads\/2017\/12\/cofb.171017-23-1024x682.jpg\" alt=\"Presentaci\u00f3 de la confer\u00e8ncia &quot;Barcelona Brain Health Initiative: Estils de vida i salut cerebral&quot;\" width=\"620\" height=\"412\" \/><\/a><figcaption id=\"caption-attachment-35289\" class=\"wp-caption-text\">Un moment de la presentaci\u00f3 de la confer\u00e8ncia &#8220;Barcelona Brain Health Initiative: Estils de vida i salut cerebral&#8221;<\/figcaption><\/figure>\n<p style=\"text-align: justify;\">A la <strong>fase 2<\/strong> es far\u00e0 una selecci\u00f3 d&#8217;aquesta mostra, d&#8217;aproximadament unes 1.000 persones que seran visitades peri\u00f2dicament per equips m\u00e8dics, psicol\u00f2gics, etc., que els realitzaran <strong>avaluacions cognitives exhaustives<\/strong> sobre com estan de mem\u00f2ria, atenci\u00f3, llenguatge, avaluaci\u00f3 m\u00e8dica gen\u00e8rica, etc. Aquestes persones seran visitades cada dos anys aproximadament per<strong> veure com els estils de vida s&#8217;associen amb l&#8217;estat de salut general en l&#8217;\u00e0mbit cognitiu i biol\u00f2gic<\/strong>.<\/p>\n<p style=\"text-align: justify;\">Per \u00faltim, la <strong>fase 3<\/strong> consistir\u00e0 a fer un estudi dirigit a <strong>modificar els estils de vida de forma individualitzada<\/strong>. El programa tindr\u00e0 una <strong>duraci\u00f3 de sis mesos<\/strong> i estar\u00e0 <strong>supervisat per <em>coaches<\/em> especialistes en salut<\/strong> que buscaran que les persones participants en l&#8217;estudi s&#8217;adhereixin a <strong>uns estils de vida i a uns h\u00e0bits saludables durant 6 mesos<\/strong>.<\/p>\n<h4 style=\"text-align: justify;\"><\/h4>\n<h4 style=\"text-align: justify;\"><span style=\"text-decoration: underline;\"><strong>Aspectes innovadors del projecte<\/strong><\/span><\/h4>\n<p style=\"text-align: justify;\">Per concloure, el Dr. Bartr\u00e9s-Faz, ens va parlar sobre la singularitat del projecte afirmant que &#8220;el <strong><em>Barcelona Brain Health Initiative<\/em> \u00e9s molt innovador<\/strong> en molts aspectes com ara <strong>el grup d&#8217;edat<\/strong> -perqu\u00e8 <strong>comencem molt aviat i amb gent sana<\/strong>-, la seva <strong>intervenci\u00f3 multimodal<\/strong>, i el fet de fer l&#8217;<strong>estudi observacional i, a la vegada, intervencional<\/strong>, amb els mateixos par\u00e0metres&#8221;. Unes novetats que fan que consideri que &#8220;<strong>el projecte \u00e9s bastant \u00fanic<\/strong>&#8221; en aquest \u00e0mbit.<\/p>\n<p style=\"text-align: justify;\"><strong>Potser tamb\u00e9 t&#8217;interessa:<\/strong><\/p>\n<ul>\n<li><a href=\"https:\/\/bbhi.cat\/\" target=\"_blank\" rel=\"noopener\"><em>Barcelona Brain Health Initiative<\/em> (<em>BBHI<\/em>)<\/a><\/li>\n<li><a href=\"https:\/\/www.farmaceuticonline.com\/ca\/familia\/472-cerebro-y-alimentacion\" target=\"_blank\" rel=\"noopener\">Cervell i alimentaci\u00f3 (via Farmaceuticonline)<\/a><\/li>\n<li><a href=\"http:\/\/blog.cofb.cat\/es-presenta-el-programa-de-formacio-continuada-17-18-amb-un-increment-del-14-en-la-seva-oferta\/\" target=\"_blank\" rel=\"noopener\">Es presenta el programa de formaci\u00f3 continuada 2017-2018, amb un increment del 14% en la seva oferta (Octubre 2017)<\/a><\/li>\n<\/ul>\n<p style=\"text-align: justify;\"><strong>Darreres entrevistes en v\u00eddeo publicades al Blog: <\/strong><\/p>\n<ul>\n<li><a href=\"http:\/\/blog.cofb.cat\/tertulia-dactualitat-desmitificant-els-antibiotics-video-entrevista\/\" target=\"_blank\" rel=\"noopener\">Tert\u00falia d&#8217;actualitat: desmitificant els antibi\u00f2tics (v\u00eddeo entrevista) (Agost 2017)<\/a><\/li>\n<li><a href=\"http:\/\/blog.cofb.cat\/entrevista-manel-esteller-director-del-programa-depigenetica-biologia-didibell-video\/\" target=\"_blank\" rel=\"noopener\">Entrevista a Manel Esteller, Director del Programa d&#8217;Epigen\u00e8tica i Biologia d&#8217;IDIBELL (Juny 2017)<\/a><\/li>\n<li><a href=\"http:\/\/blog.cofb.cat\/tertulia-dactualitat-dolor-cronic-des-de-la-farmacia-video-entrevista\/\" target=\"_blank\" rel=\"noopener\">Tert\u00falia d&#8217;actualitat: dolor cr\u00f2nic des de la farm\u00e0cia (v\u00eddeo entrevista) (Febrer 2017)<\/a><\/li>\n<li><a href=\"http:\/\/blog.cofb.cat\/tertulia-dactualitat-desconstruint-lobesitat-video-entrevista-2\/\" target=\"_blank\" rel=\"noopener\">Tert\u00falia d&#8217;actualitat: desconstruint l&#8217;obesitat (v\u00eddeo entrevista) (Gener 2017)<\/a><\/li>\n<\/ul>\n<p>&nbsp;<\/p>\n","protected":false},"excerpt":{"rendered":"<p>Mantenir sa el nostre cervell \u00e9s imprescindible per tenir una bona qualitat de vida i per prevenir l&#8217;endarreriment i l&#8217;aparici\u00f3 de malalties. Aquest va ser el tema central de la confer\u00e8ncia del Dr. Bartr\u00e9s-Faz, investigador principal del BBHI (Barcelona Brain Health Initiative) i professor associat de la Facultat de Medicina [&hellip;]<\/p>\n","protected":false},"author":1,"featured_media":35351,"comment_status":"open","ping_status":"open","sticky":false,"template":"","format":"standard","meta":{"_uag_custom_page_level_css":"","site-sidebar-layout":"default","site-content-layout":"","ast-site-content-layout":"default","site-content-style":"default","site-sidebar-style":"default","ast-global-header-display":"","ast-banner-title-visibility":"","ast-main-header-display":"","ast-hfb-above-header-display":"","ast-hfb-below-header-display":"","ast-hfb-mobile-header-display":"","site-post-title":"","ast-breadcrumbs-content":"","ast-featured-img":"disabled","footer-sml-layout":"","theme-transparent-header-meta":"","adv-header-id-meta":"","stick-header-meta":"","header-above-stick-meta":"","header-main-stick-meta":"","header-below-stick-meta":"","astra-migrate-meta-layouts":"default","ast-page-background-enabled":"default","ast-page-background-meta":{"desktop":{"background-color":"var(--ast-global-color-4)","background-image":"","background-repeat":"repeat","background-position":"center center","background-size":"auto","background-attachment":"scroll","background-type":"","background-media":"","overlay-type":"","overlay-color":"","overlay-opacity":"","overlay-gradient":""},"tablet":{"background-color":"","background-image":"","background-repeat":"repeat","background-position":"center center","background-size":"auto","background-attachment":"scroll","background-type":"","background-media":"","overlay-type":"","overlay-color":"","overlay-opacity":"","overlay-gradient":""},"mobile":{"background-color":"","background-image":"","background-repeat":"repeat","background-position":"center center","background-size":"auto","background-attachment":"scroll","background-type":"","background-media":"","overlay-type":"","overlay-color":"","overlay-opacity":"","overlay-gradient":""}},"ast-content-background-meta":{"desktop":{"background-color":"var(--ast-global-color-5)","background-image":"","background-repeat":"repeat","background-position":"center center","background-size":"auto","background-attachment":"scroll","background-type":"","background-media":"","overlay-type":"","overlay-color":"","overlay-opacity":"","overlay-gradient":""},"tablet":{"background-color":"var(--ast-global-color-5)","background-image":"","background-repeat":"repeat","background-position":"center center","background-size":"auto","background-attachment":"scroll","background-type":"","background-media":"","overlay-type":"","overlay-color":"","overlay-opacity":"","overlay-gradient":""},"mobile":{"background-color":"var(--ast-global-color-5)","background-image":"","background-repeat":"repeat","background-position":"center center","background-size":"auto","background-attachment":"scroll","background-type":"","background-media":"","overlay-type":"","overlay-color":"","overlay-opacity":"","overlay-gradient":""}},"footnotes":""},"categories":[23,57],"tags":[2934,520,2151,70,2935,637,2212],"class_list":["post-35181","post","type-post","status-publish","format-standard","has-post-thumbnail","hentry","category-destacats","category-mon-collegial","tag-barcelona-brain-health-initiative","tag-conferencia","tag-deteccio-precoc-malalties","tag-formacio","tag-malalties-neurodegeneratives","tag-programa-de-formacio-continuada","tag-videos"],"yoast_head":"<!-- This site is optimized with the Yoast SEO plugin v22.4 - https:\/\/yoast.com\/wordpress\/plugins\/seo\/ -->\n<title>Entrevista al Dr. Bartr\u00e9s-Faz: &quot;Modificant i optimitzant els estils de vida podr\u00edem arribar a reduir un ter\u00e7 de les malalties neurodegeneratives&quot; - Col\u00b7legi de Farmac\u00e8utics de Barcelona<\/title>\n<meta name=\"description\" content=\"La tert\u00falia d&#039;actualitat del Dr. Bartr\u00e9s-Faz va remarcar la import\u00e0ncia de mantenir sa el nostre cervell mitjan\u00e7ant estils de vida saludables\" \/>\n<meta name=\"robots\" content=\"index, follow, max-snippet:-1, max-image-preview:large, max-video-preview:-1\" \/>\n<link rel=\"canonical\" href=\"https:\/\/novaorg.cofb.net\/2017\/12\/12\/entrevista-al-dr-bartres-faz-modificant-optimitzant-els-estils-de-vida-podriem-arribar-reduir-un-terc-de-les-malalties-neurodegeneratives\/\" \/>\n<meta property=\"og:locale\" content=\"ca_ES\" \/>\n<meta property=\"og:type\" content=\"article\" \/>\n<meta property=\"og:title\" content=\"Entrevista al Dr. Bartr\u00e9s-Faz: &quot;Modificant i optimitzant els estils de vida podr\u00edem arribar a reduir un ter\u00e7 de les malalties neurodegeneratives&quot; - Col\u00b7legi de Farmac\u00e8utics de Barcelona\" \/>\n<meta property=\"og:description\" content=\"La tert\u00falia d&#039;actualitat del Dr. Bartr\u00e9s-Faz va remarcar la import\u00e0ncia de mantenir sa el nostre cervell mitjan\u00e7ant estils de vida saludables\" \/>\n<meta property=\"og:url\" content=\"https:\/\/novaorg.cofb.net\/2017\/12\/12\/entrevista-al-dr-bartres-faz-modificant-optimitzant-els-estils-de-vida-podriem-arribar-reduir-un-terc-de-les-malalties-neurodegeneratives\/\" \/>\n<meta property=\"og:site_name\" content=\"Col\u00b7legi de Farmac\u00e8utics de Barcelona\" \/>\n<meta property=\"article:publisher\" content=\"https:\/\/www.facebook.com\/farmaceuticsbcn\/\" \/>\n<meta property=\"article:published_time\" content=\"2017-12-12T16:00:39+00:00\" \/>\n<meta name=\"author\" content=\"wpAdminCofbOrg\" \/>\n<meta name=\"twitter:card\" content=\"summary_large_image\" \/>\n<meta name=\"twitter:creator\" content=\"@farmaceuticsbcn\" \/>\n<meta name=\"twitter:site\" content=\"@farmaceuticsbcn\" \/>\n<meta name=\"twitter:label1\" content=\"Escrit per\" \/>\n\t<meta name=\"twitter:data1\" content=\"wpAdminCofbOrg\" \/>\n\t<meta name=\"twitter:label2\" content=\"Temps estimat de lectura\" \/>\n\t<meta name=\"twitter:data2\" content=\"4 minuts\" \/>\n<script type=\"application\/ld+json\" class=\"yoast-schema-graph\">{\"@context\":\"https:\/\/schema.org\",\"@graph\":[{\"@type\":\"Article\",\"@id\":\"https:\/\/novaorg.cofb.net\/2017\/12\/12\/entrevista-al-dr-bartres-faz-modificant-optimitzant-els-estils-de-vida-podriem-arribar-reduir-un-terc-de-les-malalties-neurodegeneratives\/#article\",\"isPartOf\":{\"@id\":\"https:\/\/novaorg.cofb.net\/2017\/12\/12\/entrevista-al-dr-bartres-faz-modificant-optimitzant-els-estils-de-vida-podriem-arribar-reduir-un-terc-de-les-malalties-neurodegeneratives\/\"},\"author\":{\"name\":\"wpAdminCofbOrg\",\"@id\":\"https:\/\/www.cofb.org\/#\/schema\/person\/22ed7eea88da74b0fa4d3154ad87ffcb\"},\"headline\":\"Entrevista al Dr. Bartr\u00e9s-Faz: &#8220;Modificant i optimitzant els estils de vida podr\u00edem arribar a reduir un ter\u00e7 de les malalties neurodegeneratives&#8221;\",\"datePublished\":\"2017-12-12T16:00:39+00:00\",\"dateModified\":\"2017-12-12T16:00:39+00:00\",\"mainEntityOfPage\":{\"@id\":\"https:\/\/novaorg.cofb.net\/2017\/12\/12\/entrevista-al-dr-bartres-faz-modificant-optimitzant-els-estils-de-vida-podriem-arribar-reduir-un-terc-de-les-malalties-neurodegeneratives\/\"},\"wordCount\":780,\"commentCount\":0,\"publisher\":{\"@id\":\"https:\/\/www.cofb.org\/#organization\"},\"image\":{\"@id\":\"https:\/\/novaorg.cofb.net\/2017\/12\/12\/entrevista-al-dr-bartres-faz-modificant-optimitzant-els-estils-de-vida-podriem-arribar-reduir-un-terc-de-les-malalties-neurodegeneratives\/#primaryimage\"},\"thumbnailUrl\":\"\",\"keywords\":[\"barcelona brain health initiative\",\"confer\u00e8ncia\",\"Detecci\u00f3 preco\u00e7 malalties\",\"Formaci\u00f3\",\"malalties neurodegeneratives\",\"programa de formaci\u00f3 continuada\",\"v\u00eddeos\"],\"articleSection\":[\"Destacats\",\"M\u00f3n col\u00b7legial\"],\"inLanguage\":\"ca\",\"potentialAction\":[{\"@type\":\"CommentAction\",\"name\":\"Comment\",\"target\":[\"https:\/\/novaorg.cofb.net\/2017\/12\/12\/entrevista-al-dr-bartres-faz-modificant-optimitzant-els-estils-de-vida-podriem-arribar-reduir-un-terc-de-les-malalties-neurodegeneratives\/#respond\"]}]},{\"@type\":\"WebPage\",\"@id\":\"https:\/\/novaorg.cofb.net\/2017\/12\/12\/entrevista-al-dr-bartres-faz-modificant-optimitzant-els-estils-de-vida-podriem-arribar-reduir-un-terc-de-les-malalties-neurodegeneratives\/\",\"url\":\"https:\/\/novaorg.cofb.net\/2017\/12\/12\/entrevista-al-dr-bartres-faz-modificant-optimitzant-els-estils-de-vida-podriem-arribar-reduir-un-terc-de-les-malalties-neurodegeneratives\/\",\"name\":\"Entrevista al Dr. Bartr\u00e9s-Faz: \\\"Modificant i optimitzant els estils de vida podr\u00edem arribar a reduir un ter\u00e7 de les malalties neurodegeneratives\\\" - Col\u00b7legi de Farmac\u00e8utics de Barcelona\",\"isPartOf\":{\"@id\":\"https:\/\/www.cofb.org\/#website\"},\"primaryImageOfPage\":{\"@id\":\"https:\/\/novaorg.cofb.net\/2017\/12\/12\/entrevista-al-dr-bartres-faz-modificant-optimitzant-els-estils-de-vida-podriem-arribar-reduir-un-terc-de-les-malalties-neurodegeneratives\/#primaryimage\"},\"image\":{\"@id\":\"https:\/\/novaorg.cofb.net\/2017\/12\/12\/entrevista-al-dr-bartres-faz-modificant-optimitzant-els-estils-de-vida-podriem-arribar-reduir-un-terc-de-les-malalties-neurodegeneratives\/#primaryimage\"},\"thumbnailUrl\":\"\",\"datePublished\":\"2017-12-12T16:00:39+00:00\",\"dateModified\":\"2017-12-12T16:00:39+00:00\",\"description\":\"La tert\u00falia d'actualitat del Dr. Bartr\u00e9s-Faz va remarcar la import\u00e0ncia de mantenir sa el nostre cervell mitjan\u00e7ant estils de vida saludables\",\"breadcrumb\":{\"@id\":\"https:\/\/novaorg.cofb.net\/2017\/12\/12\/entrevista-al-dr-bartres-faz-modificant-optimitzant-els-estils-de-vida-podriem-arribar-reduir-un-terc-de-les-malalties-neurodegeneratives\/#breadcrumb\"},\"inLanguage\":\"ca\",\"potentialAction\":[{\"@type\":\"ReadAction\",\"target\":[\"https:\/\/novaorg.cofb.net\/2017\/12\/12\/entrevista-al-dr-bartres-faz-modificant-optimitzant-els-estils-de-vida-podriem-arribar-reduir-un-terc-de-les-malalties-neurodegeneratives\/\"]}]},{\"@type\":\"ImageObject\",\"inLanguage\":\"ca\",\"@id\":\"https:\/\/novaorg.cofb.net\/2017\/12\/12\/entrevista-al-dr-bartres-faz-modificant-optimitzant-els-estils-de-vida-podriem-arribar-reduir-un-terc-de-les-malalties-neurodegeneratives\/#primaryimage\",\"url\":\"\",\"contentUrl\":\"\"},{\"@type\":\"BreadcrumbList\",\"@id\":\"https:\/\/novaorg.cofb.net\/2017\/12\/12\/entrevista-al-dr-bartres-faz-modificant-optimitzant-els-estils-de-vida-podriem-arribar-reduir-un-terc-de-les-malalties-neurodegeneratives\/#breadcrumb\",\"itemListElement\":[{\"@type\":\"ListItem\",\"position\":1,\"name\":\"Inici\",\"item\":\"https:\/\/novaorg.cofb.net\/\"},{\"@type\":\"ListItem\",\"position\":2,\"name\":\"Entrevista al Dr. Bartr\u00e9s-Faz: &#8220;Modificant i optimitzant els estils de vida podr\u00edem arribar a reduir un ter\u00e7 de les malalties neurodegeneratives&#8221;\"}]},{\"@type\":\"WebSite\",\"@id\":\"https:\/\/www.cofb.org\/#website\",\"url\":\"https:\/\/www.cofb.org\/\",\"name\":\"Col\u00b7legi de Farmac\u00e8utics de Barcelona\",\"description\":\"\",\"publisher\":{\"@id\":\"https:\/\/www.cofb.org\/#organization\"},\"potentialAction\":[{\"@type\":\"SearchAction\",\"target\":{\"@type\":\"EntryPoint\",\"urlTemplate\":\"https:\/\/www.cofb.org\/?s={search_term_string}\"},\"query-input\":\"required name=search_term_string\"}],\"inLanguage\":\"ca\"},{\"@type\":\"Organization\",\"@id\":\"https:\/\/www.cofb.org\/#organization\",\"name\":\"Col\u00b7legi de Farmac\u00e8utics de Barcelona\",\"url\":\"https:\/\/www.cofb.org\/\",\"logo\":{\"@type\":\"ImageObject\",\"inLanguage\":\"ca\",\"@id\":\"https:\/\/www.cofb.org\/#\/schema\/logo\/image\/\",\"url\":\"https:\/\/www.cofb.org\/wp-content\/uploads\/2023\/11\/cropped-Logotip-COFB.png\",\"contentUrl\":\"https:\/\/www.cofb.org\/wp-content\/uploads\/2023\/11\/cropped-Logotip-COFB.png\",\"width\":500,\"height\":105,\"caption\":\"Col\u00b7legi de Farmac\u00e8utics de Barcelona\"},\"image\":{\"@id\":\"https:\/\/www.cofb.org\/#\/schema\/logo\/image\/\"},\"sameAs\":[\"https:\/\/www.facebook.com\/farmaceuticsbcn\/\",\"https:\/\/twitter.com\/farmaceuticsbcn\",\"https:\/\/www.instagram.com\/farmaceuticsbcn\/\",\"https:\/\/www.linkedin.com\/company\/farmaceuticsbcn\/\"]},{\"@type\":\"Person\",\"@id\":\"https:\/\/www.cofb.org\/#\/schema\/person\/22ed7eea88da74b0fa4d3154ad87ffcb\",\"name\":\"wpAdminCofbOrg\",\"image\":{\"@type\":\"ImageObject\",\"inLanguage\":\"ca\",\"@id\":\"https:\/\/www.cofb.org\/#\/schema\/person\/image\/\",\"url\":\"https:\/\/secure.gravatar.com\/avatar\/1721b20b3b8ca882c3b56ec6c978c594fff670e40c0718e9190eaeeb76aae7d8?s=96&d=mm&r=g\",\"contentUrl\":\"https:\/\/secure.gravatar.com\/avatar\/1721b20b3b8ca882c3b56ec6c978c594fff670e40c0718e9190eaeeb76aae7d8?s=96&d=mm&r=g\",\"caption\":\"wpAdminCofbOrg\"},\"sameAs\":[\"http:\/\/192.168.64.122\/wordpress\"],\"url\":\"https:\/\/www.cofb.org\/ca\/author\/wpadmincofborg\/\"}]}<\/script>\n<!-- \/ Yoast SEO plugin. -->","yoast_head_json":{"title":"Entrevista al Dr. Bartr\u00e9s-Faz: \"Modificant i optimitzant els estils de vida podr\u00edem arribar a reduir un ter\u00e7 de les malalties neurodegeneratives\" - Col\u00b7legi de Farmac\u00e8utics de Barcelona","description":"La tert\u00falia d'actualitat del Dr. Bartr\u00e9s-Faz va remarcar la import\u00e0ncia de mantenir sa el nostre cervell mitjan\u00e7ant estils de vida saludables","robots":{"index":"index","follow":"follow","max-snippet":"max-snippet:-1","max-image-preview":"max-image-preview:large","max-video-preview":"max-video-preview:-1"},"canonical":"https:\/\/novaorg.cofb.net\/2017\/12\/12\/entrevista-al-dr-bartres-faz-modificant-optimitzant-els-estils-de-vida-podriem-arribar-reduir-un-terc-de-les-malalties-neurodegeneratives\/","og_locale":"ca_ES","og_type":"article","og_title":"Entrevista al Dr. Bartr\u00e9s-Faz: \"Modificant i optimitzant els estils de vida podr\u00edem arribar a reduir un ter\u00e7 de les malalties neurodegeneratives\" - Col\u00b7legi de Farmac\u00e8utics de Barcelona","og_description":"La tert\u00falia d'actualitat del Dr. Bartr\u00e9s-Faz va remarcar la import\u00e0ncia de mantenir sa el nostre cervell mitjan\u00e7ant estils de vida saludables","og_url":"https:\/\/novaorg.cofb.net\/2017\/12\/12\/entrevista-al-dr-bartres-faz-modificant-optimitzant-els-estils-de-vida-podriem-arribar-reduir-un-terc-de-les-malalties-neurodegeneratives\/","og_site_name":"Col\u00b7legi de Farmac\u00e8utics de Barcelona","article_publisher":"https:\/\/www.facebook.com\/farmaceuticsbcn\/","article_published_time":"2017-12-12T16:00:39+00:00","author":"wpAdminCofbOrg","twitter_card":"summary_large_image","twitter_creator":"@farmaceuticsbcn","twitter_site":"@farmaceuticsbcn","twitter_misc":{"Escrit per":"wpAdminCofbOrg","Temps estimat de lectura":"4 minuts"},"schema":{"@context":"https:\/\/schema.org","@graph":[{"@type":"Article","@id":"https:\/\/novaorg.cofb.net\/2017\/12\/12\/entrevista-al-dr-bartres-faz-modificant-optimitzant-els-estils-de-vida-podriem-arribar-reduir-un-terc-de-les-malalties-neurodegeneratives\/#article","isPartOf":{"@id":"https:\/\/novaorg.cofb.net\/2017\/12\/12\/entrevista-al-dr-bartres-faz-modificant-optimitzant-els-estils-de-vida-podriem-arribar-reduir-un-terc-de-les-malalties-neurodegeneratives\/"},"author":{"name":"wpAdminCofbOrg","@id":"https:\/\/www.cofb.org\/#\/schema\/person\/22ed7eea88da74b0fa4d3154ad87ffcb"},"headline":"Entrevista al Dr. Bartr\u00e9s-Faz: &#8220;Modificant i optimitzant els estils de vida podr\u00edem arribar a reduir un ter\u00e7 de les malalties neurodegeneratives&#8221;","datePublished":"2017-12-12T16:00:39+00:00","dateModified":"2017-12-12T16:00:39+00:00","mainEntityOfPage":{"@id":"https:\/\/novaorg.cofb.net\/2017\/12\/12\/entrevista-al-dr-bartres-faz-modificant-optimitzant-els-estils-de-vida-podriem-arribar-reduir-un-terc-de-les-malalties-neurodegeneratives\/"},"wordCount":780,"commentCount":0,"publisher":{"@id":"https:\/\/www.cofb.org\/#organization"},"image":{"@id":"https:\/\/novaorg.cofb.net\/2017\/12\/12\/entrevista-al-dr-bartres-faz-modificant-optimitzant-els-estils-de-vida-podriem-arribar-reduir-un-terc-de-les-malalties-neurodegeneratives\/#primaryimage"},"thumbnailUrl":"","keywords":["barcelona brain health initiative","confer\u00e8ncia","Detecci\u00f3 preco\u00e7 malalties","Formaci\u00f3","malalties neurodegeneratives","programa de formaci\u00f3 continuada","v\u00eddeos"],"articleSection":["Destacats","M\u00f3n col\u00b7legial"],"inLanguage":"ca","potentialAction":[{"@type":"CommentAction","name":"Comment","target":["https:\/\/novaorg.cofb.net\/2017\/12\/12\/entrevista-al-dr-bartres-faz-modificant-optimitzant-els-estils-de-vida-podriem-arribar-reduir-un-terc-de-les-malalties-neurodegeneratives\/#respond"]}]},{"@type":"WebPage","@id":"https:\/\/novaorg.cofb.net\/2017\/12\/12\/entrevista-al-dr-bartres-faz-modificant-optimitzant-els-estils-de-vida-podriem-arribar-reduir-un-terc-de-les-malalties-neurodegeneratives\/","url":"https:\/\/novaorg.cofb.net\/2017\/12\/12\/entrevista-al-dr-bartres-faz-modificant-optimitzant-els-estils-de-vida-podriem-arribar-reduir-un-terc-de-les-malalties-neurodegeneratives\/","name":"Entrevista al Dr. Bartr\u00e9s-Faz: \"Modificant i optimitzant els estils de vida podr\u00edem arribar a reduir un ter\u00e7 de les malalties neurodegeneratives\" - Col\u00b7legi de Farmac\u00e8utics de Barcelona","isPartOf":{"@id":"https:\/\/www.cofb.org\/#website"},"primaryImageOfPage":{"@id":"https:\/\/novaorg.cofb.net\/2017\/12\/12\/entrevista-al-dr-bartres-faz-modificant-optimitzant-els-estils-de-vida-podriem-arribar-reduir-un-terc-de-les-malalties-neurodegeneratives\/#primaryimage"},"image":{"@id":"https:\/\/novaorg.cofb.net\/2017\/12\/12\/entrevista-al-dr-bartres-faz-modificant-optimitzant-els-estils-de-vida-podriem-arribar-reduir-un-terc-de-les-malalties-neurodegeneratives\/#primaryimage"},"thumbnailUrl":"","datePublished":"2017-12-12T16:00:39+00:00","dateModified":"2017-12-12T16:00:39+00:00","description":"La tert\u00falia d'actualitat del Dr. Bartr\u00e9s-Faz va remarcar la import\u00e0ncia de mantenir sa el nostre cervell mitjan\u00e7ant estils de vida saludables","breadcrumb":{"@id":"https:\/\/novaorg.cofb.net\/2017\/12\/12\/entrevista-al-dr-bartres-faz-modificant-optimitzant-els-estils-de-vida-podriem-arribar-reduir-un-terc-de-les-malalties-neurodegeneratives\/#breadcrumb"},"inLanguage":"ca","potentialAction":[{"@type":"ReadAction","target":["https:\/\/novaorg.cofb.net\/2017\/12\/12\/entrevista-al-dr-bartres-faz-modificant-optimitzant-els-estils-de-vida-podriem-arribar-reduir-un-terc-de-les-malalties-neurodegeneratives\/"]}]},{"@type":"ImageObject","inLanguage":"ca","@id":"https:\/\/novaorg.cofb.net\/2017\/12\/12\/entrevista-al-dr-bartres-faz-modificant-optimitzant-els-estils-de-vida-podriem-arribar-reduir-un-terc-de-les-malalties-neurodegeneratives\/#primaryimage","url":"","contentUrl":""},{"@type":"BreadcrumbList","@id":"https:\/\/novaorg.cofb.net\/2017\/12\/12\/entrevista-al-dr-bartres-faz-modificant-optimitzant-els-estils-de-vida-podriem-arribar-reduir-un-terc-de-les-malalties-neurodegeneratives\/#breadcrumb","itemListElement":[{"@type":"ListItem","position":1,"name":"Inici","item":"https:\/\/novaorg.cofb.net\/"},{"@type":"ListItem","position":2,"name":"Entrevista al Dr. Bartr\u00e9s-Faz: &#8220;Modificant i optimitzant els estils de vida podr\u00edem arribar a reduir un ter\u00e7 de les malalties neurodegeneratives&#8221;"}]},{"@type":"WebSite","@id":"https:\/\/www.cofb.org\/#website","url":"https:\/\/www.cofb.org\/","name":"Col\u00b7legi de Farmac\u00e8utics de Barcelona","description":"","publisher":{"@id":"https:\/\/www.cofb.org\/#organization"},"potentialAction":[{"@type":"SearchAction","target":{"@type":"EntryPoint","urlTemplate":"https:\/\/www.cofb.org\/?s={search_term_string}"},"query-input":"required name=search_term_string"}],"inLanguage":"ca"},{"@type":"Organization","@id":"https:\/\/www.cofb.org\/#organization","name":"Col\u00b7legi de Farmac\u00e8utics de Barcelona","url":"https:\/\/www.cofb.org\/","logo":{"@type":"ImageObject","inLanguage":"ca","@id":"https:\/\/www.cofb.org\/#\/schema\/logo\/image\/","url":"https:\/\/www.cofb.org\/wp-content\/uploads\/2023\/11\/cropped-Logotip-COFB.png","contentUrl":"https:\/\/www.cofb.org\/wp-content\/uploads\/2023\/11\/cropped-Logotip-COFB.png","width":500,"height":105,"caption":"Col\u00b7legi de Farmac\u00e8utics de Barcelona"},"image":{"@id":"https:\/\/www.cofb.org\/#\/schema\/logo\/image\/"},"sameAs":["https:\/\/www.facebook.com\/farmaceuticsbcn\/","https:\/\/twitter.com\/farmaceuticsbcn","https:\/\/www.instagram.com\/farmaceuticsbcn\/","https:\/\/www.linkedin.com\/company\/farmaceuticsbcn\/"]},{"@type":"Person","@id":"https:\/\/www.cofb.org\/#\/schema\/person\/22ed7eea88da74b0fa4d3154ad87ffcb","name":"wpAdminCofbOrg","image":{"@type":"ImageObject","inLanguage":"ca","@id":"https:\/\/www.cofb.org\/#\/schema\/person\/image\/","url":"https:\/\/secure.gravatar.com\/avatar\/1721b20b3b8ca882c3b56ec6c978c594fff670e40c0718e9190eaeeb76aae7d8?s=96&d=mm&r=g","contentUrl":"https:\/\/secure.gravatar.com\/avatar\/1721b20b3b8ca882c3b56ec6c978c594fff670e40c0718e9190eaeeb76aae7d8?s=96&d=mm&r=g","caption":"wpAdminCofbOrg"},"sameAs":["http:\/\/192.168.64.122\/wordpress"],"url":"https:\/\/www.cofb.org\/ca\/author\/wpadmincofborg\/"}]}},"uagb_featured_image_src":{"full":false,"thumbnail":false,"medium":false,"medium_large":false,"large":false,"1536x1536":false,"2048x2048":false,"trp-custom-language-flag":false},"uagb_author_info":{"display_name":"wpAdminCofbOrg","author_link":"https:\/\/www.cofb.org\/ca\/author\/wpadmincofborg\/"},"uagb_comment_info":0,"uagb_excerpt":"Mantenir sa el nostre cervell \u00e9s imprescindible per tenir una bona qualitat de vida i per prevenir l&#8217;endarreriment i l&#8217;aparici\u00f3 de malalties. Aquest va ser el tema central de la confer\u00e8ncia del Dr. Bartr\u00e9s-Faz, investigador principal del BBHI (Barcelona Brain Health Initiative) i professor associat de la Facultat de Medicina [&hellip;]","_links":{"self":[{"href":"https:\/\/www.cofb.org\/ca\/wp-json\/wp\/v2\/posts\/35181","targetHints":{"allow":["GET"]}}],"collection":[{"href":"https:\/\/www.cofb.org\/ca\/wp-json\/wp\/v2\/posts"}],"about":[{"href":"https:\/\/www.cofb.org\/ca\/wp-json\/wp\/v2\/types\/post"}],"author":[{"embeddable":true,"href":"https:\/\/www.cofb.org\/ca\/wp-json\/wp\/v2\/users\/1"}],"replies":[{"embeddable":true,"href":"https:\/\/www.cofb.org\/ca\/wp-json\/wp\/v2\/comments?post=35181"}],"version-history":[{"count":0,"href":"https:\/\/www.cofb.org\/ca\/wp-json\/wp\/v2\/posts\/35181\/revisions"}],"wp:featuredmedia":[{"embeddable":true,"href":"https:\/\/www.cofb.org\/ca\/wp-json\/"}],"wp:attachment":[{"href":"https:\/\/www.cofb.org\/ca\/wp-json\/wp\/v2\/media?parent=35181"}],"wp:term":[{"taxonomy":"category","embeddable":true,"href":"https:\/\/www.cofb.org\/ca\/wp-json\/wp\/v2\/categories?post=35181"},{"taxonomy":"post_tag","embeddable":true,"href":"https:\/\/www.cofb.org\/ca\/wp-json\/wp\/v2\/tags?post=35181"}],"curies":[{"name":"wp","href":"https:\/\/api.w.org\/{rel}","templated":true}]}}