{"id":32590,"date":"2017-09-28T13:41:52","date_gmt":"2017-09-28T12:41:52","guid":{"rendered":"http:\/\/blog.cofb.cat\/?p=32590"},"modified":"2017-09-28T13:41:52","modified_gmt":"2017-09-28T12:41:52","slug":"el-president-del-cof-de-barcelona-jordi-de-dalmases-ingressa-la-reial-academia-de-farmacia-de-catalunya","status":"publish","type":"post","link":"https:\/\/www.cofb.org\/ca\/2017\/09\/28\/el-president-del-cof-de-barcelona-jordi-de-dalmases-ingressa-la-reial-academia-de-farmacia-de-catalunya\/","title":{"rendered":"El president del COF de Barcelona, Jordi de Dalmases, ingressa a la Reial Acad\u00e8mia de Farm\u00e0cia de Catalunya"},"content":{"rendered":"<figure id=\"attachment_32615\" aria-describedby=\"caption-attachment-32615\" style=\"width: 358px\" class=\"wp-caption alignright\"><a href=\"http:\/\/blog.cofb.cat\/wp-content\/uploads\/2017\/09\/cofb.170929-a004.jpg\"><img fetchpriority=\"high\" decoding=\"async\" class=\" wp-image-32615  \" title=\"El president del Col\u00b7legi, Jordi de Dalmases, rebent la ins\u00edgnia que l'acredita com a membre de la Reial Acad\u00e8mia de Farm\u00e0cia de Catalunya\" alt=\"cofb.170929-a004\" src=\"http:\/\/blog.cofb.cat\/wp-content\/uploads\/2017\/09\/cofb.170929-a004-1024x682.jpg\" width=\"358\" height=\"238\" \/><\/a><figcaption id=\"caption-attachment-32615\" class=\"wp-caption-text\">El president del Col\u00b7legi, Jordi de Dalmases, rebent la ins\u00edgnia que l&#8217;acredita com a membre de la Reial Acad\u00e8mia de Farm\u00e0cia de Catalunya<\/figcaption><\/figure>\n<p><b>El president del Col\u00b7legi de Farmac\u00e8utics de Barcelona, Jordi de Dalmases, va ingressar ahir a la Reial Acad\u00e8mia de Farm\u00e0cia de Catalunya (RAFC) com a Acad\u00e8mic Corresponent.<\/b> Durant l\u2019acte d\u2019ingr\u00e9s va llegir <b>el discurs \u201cLa segona evoluci\u00f3 de la farm\u00e0cia\u201d,<\/b> amb el qual va abordar <b>un rep\u00e0s hist\u00f2ric, normatiu i del paper dels professionals en el desenvolupament de l\u2019oficina de farm\u00e0cia, des dels seus inicis fins a l\u2019actualitat. <\/b><\/p>\n<p>Tal com va concretar el secretari i l\u2019Acad\u00e8mic Numerari de la RAFC durant la presentaci\u00f3, Jaume Casas, aquest rep\u00e0s l\u2019ha fet \u201ccentrant-se en l\u2019evoluci\u00f3 que ha tingut la nostra professi\u00f3, pel que fa a l\u2019oficina de farm\u00e0cia en els \u00faltims anys, fent especial atenci\u00f3 a la farm\u00e0cia situada en el context actual, per acabar opinant qu\u00e8 s\u2019ha de fer, des del seu punt de vista, per aconseguir veure a on ens portar\u00e0 el continu proc\u00e9s de canvi, ara accelerat i que es va iniciar fa uns anys\u201d. \u201c<b>El que ens senyala com la segona evoluci\u00f3 de la farm\u00e0cia<\/b> \u2013va afegir Casas\u2013<b> es basa en el paper del farmac\u00e8utic com a servidor dels serveis assistencials potenciant la prevenci\u00f3 de la malaltia i la promoci\u00f3 de la salut en col\u00b7laboraci\u00f3 amb els altres agents sanitaris<\/b> <b>per arribar al fi de la nostra professi\u00f3, que \u00e9s el servei al malalt i a la societat a la qual ens devem\u201d. \u00a0<\/b><\/p>\n<p><b><div class=\"box shadow\">La farm\u00e0cia ahir, avui i dem\u00e0<\/b><\/p>\n[caption id=\"attachment_32614\" align=\"alignleft\" width=\"372\"]<a href=\"http:\/\/blog.cofb.cat\/wp-content\/uploads\/2017\/09\/cofb.170929-a003.jpg\"><img decoding=\"async\" class=\" wp-image-32614  \" title=\"Jordi de Dalmases llegint el discurs &quot;La segona evoluci\u00f3 de la farm\u00e0cia&quot;\" alt=\"cofb.170929-a003\" src=\"http:\/\/blog.cofb.cat\/wp-content\/uploads\/2017\/09\/cofb.170929-a003-1024x682.jpg\" width=\"372\" height=\"247\" \/><\/a> Jordi de Dalmases llegint el discurs &#8220;La segona evoluci\u00f3 de la farm\u00e0cia&#8221;[\/caption]\n<p>El discurs, amb el qual De Dalmases va voler compartir \u201c<b>una reflexi\u00f3 sobre el lloc del farmac\u00e8utic en el segle XXI\u201d,<\/b> estava <b>estructurat en quatres parts: \u201cLa farm\u00e0cia ahir: evoluci\u00f3 hist\u00f2rica de la farm\u00e0cia\u201d; \u201cLa farm\u00e0cia avui: claus del context actual\u201d; \u201cLa farm\u00e0cia dem\u00e0: la segona evoluci\u00f3 de la farm\u00e0cia\u201d; i \u201cConclusi\u00f3: visi\u00f3 de futur\u201d. <\/b><\/p>\n<p>Durant la introducci\u00f3 del parlament va assenyalar que\u00a0<b>&#8220;vint anys dedicats a la representaci\u00f3 del col\u00b7lectiu farmac\u00e8utic en diferents \u00e0mbits, <\/b>juntament amb la <b>meva dedicaci\u00f3 durant molts anys a la farm\u00e0cia i les viv\u00e8ncies que guardo en el record des de la meva infantesa<\/b> en la farm\u00e0cia familiar,<b> m\u2019han conformat, <\/b>com si d\u2019una f\u00f3rmula magistral es tract\u00e9s,<b> amb una visi\u00f3 de la situaci\u00f3 actual de l\u2019exercici de la professi\u00f3 en l\u2019oficina de farm\u00e0cia,<\/b> dels seus punts forts i febles com a model organitzat i un fort convenciment en la idea que <b>la professi\u00f3 ha d\u2019afrontar el present amb un important esperit de canvi, evoluci\u00f3 i creixement professional\u201d.<\/b><\/p>\n<p><b>\u201cUn pas m\u00e9s per fer cr\u00e9ixer l\u2019aportaci\u00f3 professional del farmac\u00e8utic als ciutadans\u201d<\/b><\/p>\n<p>Despr\u00e9s de fer aquest rep\u00e0s sobre l\u2019ahir, l\u2019avui i el dem\u00e0 de la farm\u00e0cia, <b>De Dalmases va concloure que s\u2019ha de fer un pas m\u00e9s \u201camb aquest esperit de canvi per fer cr\u00e9ixer la nostra aportaci\u00f3 professional als ciutadans a trav\u00e9s d\u2019all\u00f2 que \u00e9s nostre, el medicament\u201d i posar el focus \u201cen els efectes que aquests medicaments tenen en el pacient, en com podem contribuir amb la gesti\u00f3 del nostre coneixement a qu\u00e8 aquest efecte sigui el desitjat i, m\u00e9s enll\u00e0 del medicament, com podem contribuir activament a l\u2019educaci\u00f3 sanit\u00e0ria, a la promoci\u00f3 de la salut i a la prevenci\u00f3 de la malaltia\u201d. <\/b>En s\u00f3n exemples els cribratges en malalties com el c\u00e0ncer de c\u00f2lon i recte, el VIH, el c\u00e0ncer de pell, la malaltia cardiovascular, la diabetis, entre molts altres que arribaran. <b>\u201cAquest \u00e9s nom\u00e9s el principi de la segona evoluci\u00f3 de la farm\u00e0cia\u201d,<\/b> va afirmar.<b><\/div><\/b><\/p>\n<p>Jordi de Dalmases ha estat president del COFB en els darrers nou anys. Durant aquest temps tamb\u00e9 ha estat president del Consell de Col\u00b7legis Farmac\u00e8utics de Catalunya (des del 2008) i vicepresident del Consejo General de Colegios Farmac\u00e9uticos (des del 2009), \u00f2rgan que representa a tots els col\u00b7legis de farmac\u00e8utics de l\u2019Estat. Pr\u00e8viament va ser vicepresident del COFB (2004-2008); president de la Federaci\u00f3n Nacional de Asociaciones de Mayoristas y Distribuidores de Especialidades Farmac\u00e9uticas (Fedifar) (1999-2003); i president de Federaci\u00f3 Farmac\u00e8utica (1996-2004).<\/p>\n<figure id=\"attachment_32628\" aria-describedby=\"caption-attachment-32628\" style=\"width: 620px\" class=\"wp-caption aligncenter\"><a href=\"http:\/\/blog.cofb.cat\/wp-content\/uploads\/2017\/09\/cofb.170929-a001.jpg\"><img decoding=\"async\" class=\"size-large wp-image-32628\" title=\"La Reial Acad\u00e8mia de Farm\u00e0cia de Catalunya durant el discurs de De Dalmases\" alt=\"cofb.170929-a001\" src=\"http:\/\/blog.cofb.cat\/wp-content\/uploads\/2017\/09\/cofb.170929-a001-1024x476.jpg\" width=\"620\" height=\"288\" \/><\/a><figcaption id=\"caption-attachment-32628\" class=\"wp-caption-text\">La Reial Acad\u00e8mia de Farm\u00e0cia de Catalunya durant el discurs de De Dalmases<\/figcaption><\/figure>\n<p style=\"text-align: center;\"><strong>Tamb\u00e9 podeu consultar la <a href=\"http:\/\/www.cofb.org\/web\/guest\/Noticia\/-\/journal_content\/56_INSTANCE_V6ao\/10136\/1005918\" target=\"_blank\" rel=\"noopener\">nota de premsa<\/a> enviada als mitjans de comunicaci\u00f3.<\/strong><\/p>\n","protected":false},"excerpt":{"rendered":"<p>El president del Col\u00b7legi de Farmac\u00e8utics de Barcelona, Jordi de Dalmases, va ingressar ahir a la Reial Acad\u00e8mia de Farm\u00e0cia de Catalunya (RAFC) com a Acad\u00e8mic Corresponent. Durant l\u2019acte d\u2019ingr\u00e9s va llegir el discurs \u201cLa segona evoluci\u00f3 de la farm\u00e0cia\u201d, amb el qual va abordar un rep\u00e0s hist\u00f2ric, normatiu i [&hellip;]<\/p>\n","protected":false},"author":1,"featured_media":32614,"comment_status":"open","ping_status":"open","sticky":false,"template":"","format":"standard","meta":{"_uag_custom_page_level_css":"","site-sidebar-layout":"default","site-content-layout":"","ast-site-content-layout":"default","site-content-style":"default","site-sidebar-style":"default","ast-global-header-display":"","ast-banner-title-visibility":"","ast-main-header-display":"","ast-hfb-above-header-display":"","ast-hfb-below-header-display":"","ast-hfb-mobile-header-display":"","site-post-title":"","ast-breadcrumbs-content":"","ast-featured-img":"disabled","footer-sml-layout":"","theme-transparent-header-meta":"","adv-header-id-meta":"","stick-header-meta":"","header-above-stick-meta":"","header-main-stick-meta":"","header-below-stick-meta":"","astra-migrate-meta-layouts":"default","ast-page-background-enabled":"default","ast-page-background-meta":{"desktop":{"background-color":"var(--ast-global-color-4)","background-image":"","background-repeat":"repeat","background-position":"center center","background-size":"auto","background-attachment":"scroll","background-type":"","background-media":"","overlay-type":"","overlay-color":"","overlay-opacity":"","overlay-gradient":""},"tablet":{"background-color":"","background-image":"","background-repeat":"repeat","background-position":"center center","background-size":"auto","background-attachment":"scroll","background-type":"","background-media":"","overlay-type":"","overlay-color":"","overlay-opacity":"","overlay-gradient":""},"mobile":{"background-color":"","background-image":"","background-repeat":"repeat","background-position":"center center","background-size":"auto","background-attachment":"scroll","background-type":"","background-media":"","overlay-type":"","overlay-color":"","overlay-opacity":"","overlay-gradient":""}},"ast-content-background-meta":{"desktop":{"background-color":"var(--ast-global-color-5)","background-image":"","background-repeat":"repeat","background-position":"center center","background-size":"auto","background-attachment":"scroll","background-type":"","background-media":"","overlay-type":"","overlay-color":"","overlay-opacity":"","overlay-gradient":""},"tablet":{"background-color":"var(--ast-global-color-5)","background-image":"","background-repeat":"repeat","background-position":"center center","background-size":"auto","background-attachment":"scroll","background-type":"","background-media":"","overlay-type":"","overlay-color":"","overlay-opacity":"","overlay-gradient":""},"mobile":{"background-color":"var(--ast-global-color-5)","background-image":"","background-repeat":"repeat","background-position":"center center","background-size":"auto","background-attachment":"scroll","background-type":"","background-media":"","overlay-type":"","overlay-color":"","overlay-opacity":"","overlay-gradient":""}},"footnotes":""},"categories":[32],"tags":[2123,2236,2578],"class_list":["post-32590","post","type-post","status-publish","format-standard","has-post-thumbnail","hentry","category-noticies-farmacia","tag-jordi-de-dalmases","tag-rafc","tag-reial-academia-de-farmacia-de-catalunya"],"yoast_head":"<!-- This site is optimized with the Yoast SEO plugin v22.4 - https:\/\/yoast.com\/wordpress\/plugins\/seo\/ -->\n<title>El president del COF de Barcelona, Jordi de Dalmases, ingressa a la Reial Acad\u00e8mia de Farm\u00e0cia de Catalunya - Col\u00b7legi de Farmac\u00e8utics de Barcelona<\/title>\n<meta name=\"description\" content=\"Jordi de Dalmases, president del Col\u00b7legi de Farmac\u00e8utics de Barcelona, ingressa a la Reial Acad\u00e8mia de Farm\u00e0cia de Catalunya\" \/>\n<meta name=\"robots\" content=\"index, follow, max-snippet:-1, max-image-preview:large, max-video-preview:-1\" \/>\n<link rel=\"canonical\" href=\"https:\/\/novaorg.cofb.net\/2017\/09\/28\/el-president-del-cof-de-barcelona-jordi-de-dalmases-ingressa-la-reial-academia-de-farmacia-de-catalunya\/\" \/>\n<meta property=\"og:locale\" content=\"ca_ES\" \/>\n<meta property=\"og:type\" content=\"article\" \/>\n<meta property=\"og:title\" content=\"El president del COF de Barcelona, Jordi de Dalmases, ingressa a la Reial Acad\u00e8mia de Farm\u00e0cia de Catalunya - Col\u00b7legi de Farmac\u00e8utics de Barcelona\" \/>\n<meta property=\"og:description\" content=\"Jordi de Dalmases, president del Col\u00b7legi de Farmac\u00e8utics de Barcelona, ingressa a la Reial Acad\u00e8mia de Farm\u00e0cia de Catalunya\" \/>\n<meta property=\"og:url\" content=\"https:\/\/novaorg.cofb.net\/2017\/09\/28\/el-president-del-cof-de-barcelona-jordi-de-dalmases-ingressa-la-reial-academia-de-farmacia-de-catalunya\/\" \/>\n<meta property=\"og:site_name\" content=\"Col\u00b7legi de Farmac\u00e8utics de Barcelona\" \/>\n<meta property=\"article:publisher\" content=\"https:\/\/www.facebook.com\/farmaceuticsbcn\/\" \/>\n<meta property=\"article:published_time\" content=\"2017-09-28T12:41:52+00:00\" \/>\n<meta name=\"author\" content=\"wpAdminCofbOrg\" \/>\n<meta name=\"twitter:card\" content=\"summary_large_image\" \/>\n<meta name=\"twitter:creator\" content=\"@farmaceuticsbcn\" \/>\n<meta name=\"twitter:site\" content=\"@farmaceuticsbcn\" \/>\n<meta name=\"twitter:label1\" content=\"Escrit per\" \/>\n\t<meta name=\"twitter:data1\" content=\"wpAdminCofbOrg\" \/>\n\t<meta name=\"twitter:label2\" content=\"Temps estimat de lectura\" \/>\n\t<meta name=\"twitter:data2\" content=\"4 minuts\" \/>\n<script type=\"application\/ld+json\" class=\"yoast-schema-graph\">{\"@context\":\"https:\/\/schema.org\",\"@graph\":[{\"@type\":\"Article\",\"@id\":\"https:\/\/novaorg.cofb.net\/2017\/09\/28\/el-president-del-cof-de-barcelona-jordi-de-dalmases-ingressa-la-reial-academia-de-farmacia-de-catalunya\/#article\",\"isPartOf\":{\"@id\":\"https:\/\/novaorg.cofb.net\/2017\/09\/28\/el-president-del-cof-de-barcelona-jordi-de-dalmases-ingressa-la-reial-academia-de-farmacia-de-catalunya\/\"},\"author\":{\"name\":\"wpAdminCofbOrg\",\"@id\":\"https:\/\/www.cofb.org\/#\/schema\/person\/22ed7eea88da74b0fa4d3154ad87ffcb\"},\"headline\":\"El president del COF de Barcelona, Jordi de Dalmases, ingressa a la Reial Acad\u00e8mia de Farm\u00e0cia de Catalunya\",\"datePublished\":\"2017-09-28T12:41:52+00:00\",\"dateModified\":\"2017-09-28T12:41:52+00:00\",\"mainEntityOfPage\":{\"@id\":\"https:\/\/novaorg.cofb.net\/2017\/09\/28\/el-president-del-cof-de-barcelona-jordi-de-dalmases-ingressa-la-reial-academia-de-farmacia-de-catalunya\/\"},\"wordCount\":824,\"commentCount\":0,\"publisher\":{\"@id\":\"https:\/\/www.cofb.org\/#organization\"},\"image\":{\"@id\":\"https:\/\/novaorg.cofb.net\/2017\/09\/28\/el-president-del-cof-de-barcelona-jordi-de-dalmases-ingressa-la-reial-academia-de-farmacia-de-catalunya\/#primaryimage\"},\"thumbnailUrl\":\"\",\"keywords\":[\"Jordi de Dalmases\",\"RAFC\",\"Reial Acad\u00e8mia de Farm\u00e0cia de Catalunya\"],\"articleSection\":[\"Not\u00edcies farm\u00e0cia\"],\"inLanguage\":\"ca\",\"potentialAction\":[{\"@type\":\"CommentAction\",\"name\":\"Comment\",\"target\":[\"https:\/\/novaorg.cofb.net\/2017\/09\/28\/el-president-del-cof-de-barcelona-jordi-de-dalmases-ingressa-la-reial-academia-de-farmacia-de-catalunya\/#respond\"]}]},{\"@type\":\"WebPage\",\"@id\":\"https:\/\/novaorg.cofb.net\/2017\/09\/28\/el-president-del-cof-de-barcelona-jordi-de-dalmases-ingressa-la-reial-academia-de-farmacia-de-catalunya\/\",\"url\":\"https:\/\/novaorg.cofb.net\/2017\/09\/28\/el-president-del-cof-de-barcelona-jordi-de-dalmases-ingressa-la-reial-academia-de-farmacia-de-catalunya\/\",\"name\":\"El president del COF de Barcelona, Jordi de Dalmases, ingressa a la Reial Acad\u00e8mia de Farm\u00e0cia de Catalunya - Col\u00b7legi de Farmac\u00e8utics de Barcelona\",\"isPartOf\":{\"@id\":\"https:\/\/www.cofb.org\/#website\"},\"primaryImageOfPage\":{\"@id\":\"https:\/\/novaorg.cofb.net\/2017\/09\/28\/el-president-del-cof-de-barcelona-jordi-de-dalmases-ingressa-la-reial-academia-de-farmacia-de-catalunya\/#primaryimage\"},\"image\":{\"@id\":\"https:\/\/novaorg.cofb.net\/2017\/09\/28\/el-president-del-cof-de-barcelona-jordi-de-dalmases-ingressa-la-reial-academia-de-farmacia-de-catalunya\/#primaryimage\"},\"thumbnailUrl\":\"\",\"datePublished\":\"2017-09-28T12:41:52+00:00\",\"dateModified\":\"2017-09-28T12:41:52+00:00\",\"description\":\"Jordi de Dalmases, president del Col\u00b7legi de Farmac\u00e8utics de Barcelona, ingressa a la Reial Acad\u00e8mia de Farm\u00e0cia de Catalunya\",\"breadcrumb\":{\"@id\":\"https:\/\/novaorg.cofb.net\/2017\/09\/28\/el-president-del-cof-de-barcelona-jordi-de-dalmases-ingressa-la-reial-academia-de-farmacia-de-catalunya\/#breadcrumb\"},\"inLanguage\":\"ca\",\"potentialAction\":[{\"@type\":\"ReadAction\",\"target\":[\"https:\/\/novaorg.cofb.net\/2017\/09\/28\/el-president-del-cof-de-barcelona-jordi-de-dalmases-ingressa-la-reial-academia-de-farmacia-de-catalunya\/\"]}]},{\"@type\":\"ImageObject\",\"inLanguage\":\"ca\",\"@id\":\"https:\/\/novaorg.cofb.net\/2017\/09\/28\/el-president-del-cof-de-barcelona-jordi-de-dalmases-ingressa-la-reial-academia-de-farmacia-de-catalunya\/#primaryimage\",\"url\":\"\",\"contentUrl\":\"\"},{\"@type\":\"BreadcrumbList\",\"@id\":\"https:\/\/novaorg.cofb.net\/2017\/09\/28\/el-president-del-cof-de-barcelona-jordi-de-dalmases-ingressa-la-reial-academia-de-farmacia-de-catalunya\/#breadcrumb\",\"itemListElement\":[{\"@type\":\"ListItem\",\"position\":1,\"name\":\"Inici\",\"item\":\"https:\/\/novaorg.cofb.net\/\"},{\"@type\":\"ListItem\",\"position\":2,\"name\":\"El president del COF de Barcelona, Jordi de Dalmases, ingressa a la Reial Acad\u00e8mia de Farm\u00e0cia de Catalunya\"}]},{\"@type\":\"WebSite\",\"@id\":\"https:\/\/www.cofb.org\/#website\",\"url\":\"https:\/\/www.cofb.org\/\",\"name\":\"Col\u00b7legi de Farmac\u00e8utics de Barcelona\",\"description\":\"\",\"publisher\":{\"@id\":\"https:\/\/www.cofb.org\/#organization\"},\"potentialAction\":[{\"@type\":\"SearchAction\",\"target\":{\"@type\":\"EntryPoint\",\"urlTemplate\":\"https:\/\/www.cofb.org\/?s={search_term_string}\"},\"query-input\":\"required name=search_term_string\"}],\"inLanguage\":\"ca\"},{\"@type\":\"Organization\",\"@id\":\"https:\/\/www.cofb.org\/#organization\",\"name\":\"Col\u00b7legi de Farmac\u00e8utics de Barcelona\",\"url\":\"https:\/\/www.cofb.org\/\",\"logo\":{\"@type\":\"ImageObject\",\"inLanguage\":\"ca\",\"@id\":\"https:\/\/www.cofb.org\/#\/schema\/logo\/image\/\",\"url\":\"https:\/\/www.cofb.org\/wp-content\/uploads\/2023\/11\/cropped-Logotip-COFB.png\",\"contentUrl\":\"https:\/\/www.cofb.org\/wp-content\/uploads\/2023\/11\/cropped-Logotip-COFB.png\",\"width\":500,\"height\":105,\"caption\":\"Col\u00b7legi de Farmac\u00e8utics de Barcelona\"},\"image\":{\"@id\":\"https:\/\/www.cofb.org\/#\/schema\/logo\/image\/\"},\"sameAs\":[\"https:\/\/www.facebook.com\/farmaceuticsbcn\/\",\"https:\/\/twitter.com\/farmaceuticsbcn\",\"https:\/\/www.instagram.com\/farmaceuticsbcn\/\",\"https:\/\/www.linkedin.com\/company\/farmaceuticsbcn\/\"]},{\"@type\":\"Person\",\"@id\":\"https:\/\/www.cofb.org\/#\/schema\/person\/22ed7eea88da74b0fa4d3154ad87ffcb\",\"name\":\"wpAdminCofbOrg\",\"image\":{\"@type\":\"ImageObject\",\"inLanguage\":\"ca\",\"@id\":\"https:\/\/www.cofb.org\/#\/schema\/person\/image\/\",\"url\":\"https:\/\/secure.gravatar.com\/avatar\/1721b20b3b8ca882c3b56ec6c978c594fff670e40c0718e9190eaeeb76aae7d8?s=96&d=mm&r=g\",\"contentUrl\":\"https:\/\/secure.gravatar.com\/avatar\/1721b20b3b8ca882c3b56ec6c978c594fff670e40c0718e9190eaeeb76aae7d8?s=96&d=mm&r=g\",\"caption\":\"wpAdminCofbOrg\"},\"sameAs\":[\"http:\/\/192.168.64.122\/wordpress\"],\"url\":\"https:\/\/www.cofb.org\/ca\/author\/wpadmincofborg\/\"}]}<\/script>\n<!-- \/ Yoast SEO plugin. -->","yoast_head_json":{"title":"El president del COF de Barcelona, Jordi de Dalmases, ingressa a la Reial Acad\u00e8mia de Farm\u00e0cia de Catalunya - Col\u00b7legi de Farmac\u00e8utics de Barcelona","description":"Jordi de Dalmases, president del Col\u00b7legi de Farmac\u00e8utics de Barcelona, ingressa a la Reial Acad\u00e8mia de Farm\u00e0cia de Catalunya","robots":{"index":"index","follow":"follow","max-snippet":"max-snippet:-1","max-image-preview":"max-image-preview:large","max-video-preview":"max-video-preview:-1"},"canonical":"https:\/\/novaorg.cofb.net\/2017\/09\/28\/el-president-del-cof-de-barcelona-jordi-de-dalmases-ingressa-la-reial-academia-de-farmacia-de-catalunya\/","og_locale":"ca_ES","og_type":"article","og_title":"El president del COF de Barcelona, Jordi de Dalmases, ingressa a la Reial Acad\u00e8mia de Farm\u00e0cia de Catalunya - Col\u00b7legi de Farmac\u00e8utics de Barcelona","og_description":"Jordi de Dalmases, president del Col\u00b7legi de Farmac\u00e8utics de Barcelona, ingressa a la Reial Acad\u00e8mia de Farm\u00e0cia de Catalunya","og_url":"https:\/\/novaorg.cofb.net\/2017\/09\/28\/el-president-del-cof-de-barcelona-jordi-de-dalmases-ingressa-la-reial-academia-de-farmacia-de-catalunya\/","og_site_name":"Col\u00b7legi de Farmac\u00e8utics de Barcelona","article_publisher":"https:\/\/www.facebook.com\/farmaceuticsbcn\/","article_published_time":"2017-09-28T12:41:52+00:00","author":"wpAdminCofbOrg","twitter_card":"summary_large_image","twitter_creator":"@farmaceuticsbcn","twitter_site":"@farmaceuticsbcn","twitter_misc":{"Escrit per":"wpAdminCofbOrg","Temps estimat de lectura":"4 minuts"},"schema":{"@context":"https:\/\/schema.org","@graph":[{"@type":"Article","@id":"https:\/\/novaorg.cofb.net\/2017\/09\/28\/el-president-del-cof-de-barcelona-jordi-de-dalmases-ingressa-la-reial-academia-de-farmacia-de-catalunya\/#article","isPartOf":{"@id":"https:\/\/novaorg.cofb.net\/2017\/09\/28\/el-president-del-cof-de-barcelona-jordi-de-dalmases-ingressa-la-reial-academia-de-farmacia-de-catalunya\/"},"author":{"name":"wpAdminCofbOrg","@id":"https:\/\/www.cofb.org\/#\/schema\/person\/22ed7eea88da74b0fa4d3154ad87ffcb"},"headline":"El president del COF de Barcelona, Jordi de Dalmases, ingressa a la Reial Acad\u00e8mia de Farm\u00e0cia de Catalunya","datePublished":"2017-09-28T12:41:52+00:00","dateModified":"2017-09-28T12:41:52+00:00","mainEntityOfPage":{"@id":"https:\/\/novaorg.cofb.net\/2017\/09\/28\/el-president-del-cof-de-barcelona-jordi-de-dalmases-ingressa-la-reial-academia-de-farmacia-de-catalunya\/"},"wordCount":824,"commentCount":0,"publisher":{"@id":"https:\/\/www.cofb.org\/#organization"},"image":{"@id":"https:\/\/novaorg.cofb.net\/2017\/09\/28\/el-president-del-cof-de-barcelona-jordi-de-dalmases-ingressa-la-reial-academia-de-farmacia-de-catalunya\/#primaryimage"},"thumbnailUrl":"","keywords":["Jordi de Dalmases","RAFC","Reial Acad\u00e8mia de Farm\u00e0cia de Catalunya"],"articleSection":["Not\u00edcies farm\u00e0cia"],"inLanguage":"ca","potentialAction":[{"@type":"CommentAction","name":"Comment","target":["https:\/\/novaorg.cofb.net\/2017\/09\/28\/el-president-del-cof-de-barcelona-jordi-de-dalmases-ingressa-la-reial-academia-de-farmacia-de-catalunya\/#respond"]}]},{"@type":"WebPage","@id":"https:\/\/novaorg.cofb.net\/2017\/09\/28\/el-president-del-cof-de-barcelona-jordi-de-dalmases-ingressa-la-reial-academia-de-farmacia-de-catalunya\/","url":"https:\/\/novaorg.cofb.net\/2017\/09\/28\/el-president-del-cof-de-barcelona-jordi-de-dalmases-ingressa-la-reial-academia-de-farmacia-de-catalunya\/","name":"El president del COF de Barcelona, Jordi de Dalmases, ingressa a la Reial Acad\u00e8mia de Farm\u00e0cia de Catalunya - Col\u00b7legi de Farmac\u00e8utics de Barcelona","isPartOf":{"@id":"https:\/\/www.cofb.org\/#website"},"primaryImageOfPage":{"@id":"https:\/\/novaorg.cofb.net\/2017\/09\/28\/el-president-del-cof-de-barcelona-jordi-de-dalmases-ingressa-la-reial-academia-de-farmacia-de-catalunya\/#primaryimage"},"image":{"@id":"https:\/\/novaorg.cofb.net\/2017\/09\/28\/el-president-del-cof-de-barcelona-jordi-de-dalmases-ingressa-la-reial-academia-de-farmacia-de-catalunya\/#primaryimage"},"thumbnailUrl":"","datePublished":"2017-09-28T12:41:52+00:00","dateModified":"2017-09-28T12:41:52+00:00","description":"Jordi de Dalmases, president del Col\u00b7legi de Farmac\u00e8utics de Barcelona, ingressa a la Reial Acad\u00e8mia de Farm\u00e0cia de Catalunya","breadcrumb":{"@id":"https:\/\/novaorg.cofb.net\/2017\/09\/28\/el-president-del-cof-de-barcelona-jordi-de-dalmases-ingressa-la-reial-academia-de-farmacia-de-catalunya\/#breadcrumb"},"inLanguage":"ca","potentialAction":[{"@type":"ReadAction","target":["https:\/\/novaorg.cofb.net\/2017\/09\/28\/el-president-del-cof-de-barcelona-jordi-de-dalmases-ingressa-la-reial-academia-de-farmacia-de-catalunya\/"]}]},{"@type":"ImageObject","inLanguage":"ca","@id":"https:\/\/novaorg.cofb.net\/2017\/09\/28\/el-president-del-cof-de-barcelona-jordi-de-dalmases-ingressa-la-reial-academia-de-farmacia-de-catalunya\/#primaryimage","url":"","contentUrl":""},{"@type":"BreadcrumbList","@id":"https:\/\/novaorg.cofb.net\/2017\/09\/28\/el-president-del-cof-de-barcelona-jordi-de-dalmases-ingressa-la-reial-academia-de-farmacia-de-catalunya\/#breadcrumb","itemListElement":[{"@type":"ListItem","position":1,"name":"Inici","item":"https:\/\/novaorg.cofb.net\/"},{"@type":"ListItem","position":2,"name":"El president del COF de Barcelona, Jordi de Dalmases, ingressa a la Reial Acad\u00e8mia de Farm\u00e0cia de Catalunya"}]},{"@type":"WebSite","@id":"https:\/\/www.cofb.org\/#website","url":"https:\/\/www.cofb.org\/","name":"Col\u00b7legi de Farmac\u00e8utics de Barcelona","description":"","publisher":{"@id":"https:\/\/www.cofb.org\/#organization"},"potentialAction":[{"@type":"SearchAction","target":{"@type":"EntryPoint","urlTemplate":"https:\/\/www.cofb.org\/?s={search_term_string}"},"query-input":"required name=search_term_string"}],"inLanguage":"ca"},{"@type":"Organization","@id":"https:\/\/www.cofb.org\/#organization","name":"Col\u00b7legi de Farmac\u00e8utics de Barcelona","url":"https:\/\/www.cofb.org\/","logo":{"@type":"ImageObject","inLanguage":"ca","@id":"https:\/\/www.cofb.org\/#\/schema\/logo\/image\/","url":"https:\/\/www.cofb.org\/wp-content\/uploads\/2023\/11\/cropped-Logotip-COFB.png","contentUrl":"https:\/\/www.cofb.org\/wp-content\/uploads\/2023\/11\/cropped-Logotip-COFB.png","width":500,"height":105,"caption":"Col\u00b7legi de Farmac\u00e8utics de Barcelona"},"image":{"@id":"https:\/\/www.cofb.org\/#\/schema\/logo\/image\/"},"sameAs":["https:\/\/www.facebook.com\/farmaceuticsbcn\/","https:\/\/twitter.com\/farmaceuticsbcn","https:\/\/www.instagram.com\/farmaceuticsbcn\/","https:\/\/www.linkedin.com\/company\/farmaceuticsbcn\/"]},{"@type":"Person","@id":"https:\/\/www.cofb.org\/#\/schema\/person\/22ed7eea88da74b0fa4d3154ad87ffcb","name":"wpAdminCofbOrg","image":{"@type":"ImageObject","inLanguage":"ca","@id":"https:\/\/www.cofb.org\/#\/schema\/person\/image\/","url":"https:\/\/secure.gravatar.com\/avatar\/1721b20b3b8ca882c3b56ec6c978c594fff670e40c0718e9190eaeeb76aae7d8?s=96&d=mm&r=g","contentUrl":"https:\/\/secure.gravatar.com\/avatar\/1721b20b3b8ca882c3b56ec6c978c594fff670e40c0718e9190eaeeb76aae7d8?s=96&d=mm&r=g","caption":"wpAdminCofbOrg"},"sameAs":["http:\/\/192.168.64.122\/wordpress"],"url":"https:\/\/www.cofb.org\/ca\/author\/wpadmincofborg\/"}]}},"uagb_featured_image_src":{"full":false,"thumbnail":false,"medium":false,"medium_large":false,"large":false,"1536x1536":false,"2048x2048":false,"trp-custom-language-flag":false},"uagb_author_info":{"display_name":"wpAdminCofbOrg","author_link":"https:\/\/www.cofb.org\/ca\/author\/wpadmincofborg\/"},"uagb_comment_info":0,"uagb_excerpt":"El president del Col\u00b7legi de Farmac\u00e8utics de Barcelona, Jordi de Dalmases, va ingressar ahir a la Reial Acad\u00e8mia de Farm\u00e0cia de Catalunya (RAFC) com a Acad\u00e8mic Corresponent. Durant l\u2019acte d\u2019ingr\u00e9s va llegir el discurs \u201cLa segona evoluci\u00f3 de la farm\u00e0cia\u201d, amb el qual va abordar un rep\u00e0s hist\u00f2ric, normatiu i [&hellip;]","_links":{"self":[{"href":"https:\/\/www.cofb.org\/ca\/wp-json\/wp\/v2\/posts\/32590","targetHints":{"allow":["GET"]}}],"collection":[{"href":"https:\/\/www.cofb.org\/ca\/wp-json\/wp\/v2\/posts"}],"about":[{"href":"https:\/\/www.cofb.org\/ca\/wp-json\/wp\/v2\/types\/post"}],"author":[{"embeddable":true,"href":"https:\/\/www.cofb.org\/ca\/wp-json\/wp\/v2\/users\/1"}],"replies":[{"embeddable":true,"href":"https:\/\/www.cofb.org\/ca\/wp-json\/wp\/v2\/comments?post=32590"}],"version-history":[{"count":0,"href":"https:\/\/www.cofb.org\/ca\/wp-json\/wp\/v2\/posts\/32590\/revisions"}],"wp:featuredmedia":[{"embeddable":true,"href":"https:\/\/www.cofb.org\/ca\/wp-json\/"}],"wp:attachment":[{"href":"https:\/\/www.cofb.org\/ca\/wp-json\/wp\/v2\/media?parent=32590"}],"wp:term":[{"taxonomy":"category","embeddable":true,"href":"https:\/\/www.cofb.org\/ca\/wp-json\/wp\/v2\/categories?post=32590"},{"taxonomy":"post_tag","embeddable":true,"href":"https:\/\/www.cofb.org\/ca\/wp-json\/wp\/v2\/tags?post=32590"}],"curies":[{"name":"wp","href":"https:\/\/api.w.org\/{rel}","templated":true}]}}