{"id":32553,"date":"2017-09-29T11:47:48","date_gmt":"2017-09-29T10:47:48","guid":{"rendered":"http:\/\/blog.cofb.cat\/?p=32553"},"modified":"2017-09-29T11:47:48","modified_gmt":"2017-09-29T10:47:48","slug":"jornada-formativa-sobre-psoriasi-el-paper-del-farmaceutic-en-la-millora-del-seu-control","status":"publish","type":"post","link":"https:\/\/www.cofb.org\/ca\/2017\/09\/29\/jornada-formativa-sobre-psoriasi-el-paper-del-farmaceutic-en-la-millora-del-seu-control\/","title":{"rendered":"Jornada formativa sobre psoriasi i el paper del farmac\u00e8utic en la millora del seu control"},"content":{"rendered":"<figure id=\"attachment_32671\" aria-describedby=\"caption-attachment-32671\" style=\"width: 372px\" class=\"wp-caption alignright\"><a href=\"http:\/\/blog.cofb.cat\/wp-content\/uploads\/2017\/09\/04B5136.jpg\"><img fetchpriority=\"high\" decoding=\"async\" class=\" wp-image-32671\" title=\"Els tres ponents de la jornada: Miquel Ribera, Marta Alcalde i Santiago Alfonso (d'esquerra a dreta)\" alt=\"_04B5136\" src=\"http:\/\/blog.cofb.cat\/wp-content\/uploads\/2017\/09\/04B5136-1024x682.jpg\" width=\"372\" height=\"247\" \/><\/a><figcaption id=\"caption-attachment-32671\" class=\"wp-caption-text\">Els tres ponents de la jornada: Miquel Ribera, Marta Alcalde i Santiago Alfonso (d&#8217;esquerra a dreta)<\/figcaption><\/figure>\n<p>El Col\u00b7legi va acollir ahir, dijous 28 de setembre, <strong>\u201cEl paper del farmac\u00e8utic en la millora del control de la psoriasi\u201d<\/strong>, una jornada de formaci\u00f3 impulsada per l\u2019Associaci\u00f3 de Pacients <i>Acci\u00f3 Psoriasi<\/i> amb la finalitat <strong>d\u2019implicar els farmac\u00e8utics comunitaris en l\u2019abordatge d\u2019aquesta malaltia<\/strong>. L\u2019acte, que es va realitzar sota el marc de la campanya <i>Aclareix la Psoriasi,<\/i> va comptar amb la pres\u00e8ncia de <strong>Marta Alcalde<\/strong>, vocal de Dermofarm\u00e0cia i Productes Sanitaris del COFB, el doctor <strong>Miquel Ribera<\/strong>, Dermat\u00f2leg de l\u2019Hospital Universitari de Sabadell Corporaci\u00f3 Parc Taul\u00ed i vicepresident de <i>l\u2019Academia Espa\u00f1ola de Dermatolog\u00eda y Venereolog\u00eda<\/i>, i <strong>Santiago Alfonso<\/strong>, director de l\u2019Associaci\u00f3 de Pacients <i>Acci\u00f3 Psoriasi<\/i>.<\/p>\n<p>Durant la jornada, els conferenciants van incidir en la<strong> proximitat del farmac\u00e8utic comunitari amb la ciutadania<\/strong> i van ressaltar que, gr\u00e0cies a aquest fet, el professional pot ser clau en l\u2019abordatge de la malaltia, ja que la implicaci\u00f3 amb els pacients s\u2019esdevindria <strong>directe i constant<\/strong>. \u00a0D\u2019aquesta manera, l\u2019oficina de farm\u00e0cia podria establir-se com un espai on <strong>oferir informaci\u00f3 sobre la malaltia<\/strong> i, alhora, on es <strong>contribuiria a qu\u00e8 les persones afectades rebessin el tractament m\u00e9s idoni<\/strong>.<\/p>\n<p>Concretament, com va afirmar Marta Alcalde, \u00e9s <b>fonamental la intervenci\u00f3 del farmac\u00e8utic per la millora de l\u2019adher\u00e8ncia<\/b> del pacient al tractament, tenint molt en compte els factors d\u2019afectaci\u00f3 psicosocial que comporta la patologia, abordant-la des de la confian\u00e7a, l\u2019empatia i la informaci\u00f3 clara i comprensible. En aquest sentit, Santiago Alfonso, va destacar la import\u00e0ncia d\u2019aquesta relaci\u00f3 <strong>definint a la farm\u00e0cia<\/strong> com <b>\u201cla corretja de transmissi\u00f3 entre ci\u00e8ncia i pacients\u201d<\/b>. Tanmateix, el Dr. Miquel Ribera, va apuntar la <b>rellev\u00e0ncia del professional farmac\u00e8utic<\/b> en aquesta relaci\u00f3, especialment a l\u2019hora d\u2019aconseguir <b>una correcta aplicaci\u00f3 dels tractaments t\u00f2pics<\/b>.<\/p>\n<p><b><div class=\"box shadow\">Campanya de conscienciaci\u00f3 <i>Aclareix la Psoriasi<\/i><\/b><\/p>\n[caption id=\"attachment_32670\" align=\"alignleft\" width=\"298\"]<a href=\"http:\/\/blog.cofb.cat\/wp-content\/uploads\/2017\/09\/04B5079.jpg\"><img decoding=\"async\" class=\" wp-image-32670   \" title=\"Materials divulgatius de la campanya\" alt=\"Materials divulgatius de la campanya\" src=\"http:\/\/blog.cofb.cat\/wp-content\/uploads\/2017\/09\/04B5079-1024x682.jpg\" width=\"298\" height=\"198\" \/><\/a> Materials divulgatius de la campanya[\/caption]\n<p><i>Aclareix la Psoriasi<\/i> \u00e9s una campanya de conscienciaci\u00f3 i activaci\u00f3 impulsada per Acci\u00f3 Psoriasi, que pret\u00e9n <strong>sensibilitzar a la poblaci\u00f3 sobre l\u2019impacte social i psicol\u00f2gic de la psoriasi i conscienciar als qui la pateixen que \u00e9s possible aconseguir un millor control dels s\u00edmptomes i una millor qualitat de vida tenint un rol actiu davant d\u2019aquesta malaltia<\/strong>, que afecta el 2,3% de la poblaci\u00f3 o a m\u00e9s d\u2019un mili\u00f3 de persones a Espanya. A Catalunya, la patologia afecta a m\u00e9s de 170.000 persones i, en concret a Barcelona, a unes 37.000.<\/p>\n<p><strong><\/div><\/strong><\/p>\n<p><b>Per a m\u00e9s informaci\u00f3:<\/b><\/p>\n<ul>\n<li><a href=\"https:\/\/www.accionpsoriasis.org\/aclaralapsoriasis\/\">Aclara la Psoriasis<\/a> (via Acci\u00f3 Psoriasi)<\/li>\n<li><a title=\"Link permanent a Arriba a Barcelona la campanya de conscienciaci\u00f3 i activaci\u00f3 \u2018Aclareix la psoriasi\u2019\" href=\"http:\/\/blog.cofb.cat\/arriba-barcelona-la-campanya-de-conscienciacio-activacio-aclareix-la-psoriasi\/\">Arriba a Barcelona la campanya de conscienciaci\u00f3 i activaci\u00f3 \u2018Aclareix la psoriasi\u2019<\/a> (via Blog)<\/li>\n<\/ul>\n","protected":false},"excerpt":{"rendered":"<p>El Col\u00b7legi va acollir ahir, dijous 28 de setembre, \u201cEl paper del farmac\u00e8utic en la millora del control de la psoriasi\u201d, una jornada de formaci\u00f3 impulsada per l\u2019Associaci\u00f3 de Pacients Acci\u00f3 Psoriasi amb la finalitat d\u2019implicar els farmac\u00e8utics comunitaris en l\u2019abordatge d\u2019aquesta malaltia. L\u2019acte, que es va realitzar sota el [&hellip;]<\/p>\n","protected":false},"author":1,"featured_media":32670,"comment_status":"open","ping_status":"open","sticky":false,"template":"","format":"standard","meta":{"_uag_custom_page_level_css":"","site-sidebar-layout":"default","site-content-layout":"","ast-site-content-layout":"default","site-content-style":"default","site-sidebar-style":"default","ast-global-header-display":"","ast-banner-title-visibility":"","ast-main-header-display":"","ast-hfb-above-header-display":"","ast-hfb-below-header-display":"","ast-hfb-mobile-header-display":"","site-post-title":"","ast-breadcrumbs-content":"","ast-featured-img":"disabled","footer-sml-layout":"","theme-transparent-header-meta":"","adv-header-id-meta":"","stick-header-meta":"","header-above-stick-meta":"","header-main-stick-meta":"","header-below-stick-meta":"","astra-migrate-meta-layouts":"default","ast-page-background-enabled":"default","ast-page-background-meta":{"desktop":{"background-color":"var(--ast-global-color-4)","background-image":"","background-repeat":"repeat","background-position":"center center","background-size":"auto","background-attachment":"scroll","background-type":"","background-media":"","overlay-type":"","overlay-color":"","overlay-opacity":"","overlay-gradient":""},"tablet":{"background-color":"","background-image":"","background-repeat":"repeat","background-position":"center center","background-size":"auto","background-attachment":"scroll","background-type":"","background-media":"","overlay-type":"","overlay-color":"","overlay-opacity":"","overlay-gradient":""},"mobile":{"background-color":"","background-image":"","background-repeat":"repeat","background-position":"center center","background-size":"auto","background-attachment":"scroll","background-type":"","background-media":"","overlay-type":"","overlay-color":"","overlay-opacity":"","overlay-gradient":""}},"ast-content-background-meta":{"desktop":{"background-color":"var(--ast-global-color-5)","background-image":"","background-repeat":"repeat","background-position":"center center","background-size":"auto","background-attachment":"scroll","background-type":"","background-media":"","overlay-type":"","overlay-color":"","overlay-opacity":"","overlay-gradient":""},"tablet":{"background-color":"var(--ast-global-color-5)","background-image":"","background-repeat":"repeat","background-position":"center center","background-size":"auto","background-attachment":"scroll","background-type":"","background-media":"","overlay-type":"","overlay-color":"","overlay-opacity":"","overlay-gradient":""},"mobile":{"background-color":"var(--ast-global-color-5)","background-image":"","background-repeat":"repeat","background-position":"center center","background-size":"auto","background-attachment":"scroll","background-type":"","background-media":"","overlay-type":"","overlay-color":"","overlay-opacity":"","overlay-gradient":""}},"footnotes":""},"categories":[57],"tags":[802,803,2869,2798,231,436],"class_list":["post-32553","post","type-post","status-publish","format-standard","has-post-thumbnail","hentry","category-mon-collegial","tag-accio-psoriasi","tag-accion-psoriasis","tag-aclarece-la-psoriasis","tag-aclareix-la-psoriasi","tag-psoriasi","tag-serveis"],"yoast_head":"<!-- This site is optimized with the Yoast SEO plugin v22.4 - https:\/\/yoast.com\/wordpress\/plugins\/seo\/ -->\n<title>Jornada formativa sobre psoriasi i el paper del farmac\u00e8utic en la millora del seu control - Col\u00b7legi de Farmac\u00e8utics de Barcelona<\/title>\n<meta name=\"description\" content=\"El Col\u00b7legi va acollir ahir, dijous 28 de setembre, una jornada formativa sobre psoriasi i el paper del farmac\u00e8utic en la millora del seu control\" \/>\n<meta name=\"robots\" content=\"index, follow, max-snippet:-1, max-image-preview:large, max-video-preview:-1\" \/>\n<link rel=\"canonical\" href=\"https:\/\/novaorg.cofb.net\/2017\/09\/29\/jornada-formativa-sobre-psoriasi-el-paper-del-farmaceutic-en-la-millora-del-seu-control\/\" \/>\n<meta property=\"og:locale\" content=\"ca_ES\" \/>\n<meta property=\"og:type\" content=\"article\" \/>\n<meta property=\"og:title\" content=\"Jornada formativa sobre psoriasi i el paper del farmac\u00e8utic en la millora del seu control - Col\u00b7legi de Farmac\u00e8utics de Barcelona\" \/>\n<meta property=\"og:description\" content=\"El Col\u00b7legi va acollir ahir, dijous 28 de setembre, una jornada formativa sobre psoriasi i el paper del farmac\u00e8utic en la millora del seu control\" \/>\n<meta property=\"og:url\" content=\"https:\/\/novaorg.cofb.net\/2017\/09\/29\/jornada-formativa-sobre-psoriasi-el-paper-del-farmaceutic-en-la-millora-del-seu-control\/\" \/>\n<meta property=\"og:site_name\" content=\"Col\u00b7legi de Farmac\u00e8utics de Barcelona\" \/>\n<meta property=\"article:publisher\" content=\"https:\/\/www.facebook.com\/farmaceuticsbcn\/\" \/>\n<meta property=\"article:published_time\" content=\"2017-09-29T10:47:48+00:00\" \/>\n<meta name=\"author\" content=\"wpAdminCofbOrg\" \/>\n<meta name=\"twitter:card\" content=\"summary_large_image\" \/>\n<meta name=\"twitter:creator\" content=\"@farmaceuticsbcn\" \/>\n<meta name=\"twitter:site\" content=\"@farmaceuticsbcn\" \/>\n<meta name=\"twitter:label1\" content=\"Escrit per\" \/>\n\t<meta name=\"twitter:data1\" content=\"wpAdminCofbOrg\" \/>\n\t<meta name=\"twitter:label2\" content=\"Temps estimat de lectura\" \/>\n\t<meta name=\"twitter:data2\" content=\"2 minuts\" \/>\n<script type=\"application\/ld+json\" class=\"yoast-schema-graph\">{\"@context\":\"https:\/\/schema.org\",\"@graph\":[{\"@type\":\"Article\",\"@id\":\"https:\/\/novaorg.cofb.net\/2017\/09\/29\/jornada-formativa-sobre-psoriasi-el-paper-del-farmaceutic-en-la-millora-del-seu-control\/#article\",\"isPartOf\":{\"@id\":\"https:\/\/novaorg.cofb.net\/2017\/09\/29\/jornada-formativa-sobre-psoriasi-el-paper-del-farmaceutic-en-la-millora-del-seu-control\/\"},\"author\":{\"name\":\"wpAdminCofbOrg\",\"@id\":\"https:\/\/www.cofb.org\/#\/schema\/person\/22ed7eea88da74b0fa4d3154ad87ffcb\"},\"headline\":\"Jornada formativa sobre psoriasi i el paper del farmac\u00e8utic en la millora del seu control\",\"datePublished\":\"2017-09-29T10:47:48+00:00\",\"dateModified\":\"2017-09-29T10:47:48+00:00\",\"mainEntityOfPage\":{\"@id\":\"https:\/\/novaorg.cofb.net\/2017\/09\/29\/jornada-formativa-sobre-psoriasi-el-paper-del-farmaceutic-en-la-millora-del-seu-control\/\"},\"wordCount\":496,\"commentCount\":0,\"publisher\":{\"@id\":\"https:\/\/www.cofb.org\/#organization\"},\"image\":{\"@id\":\"https:\/\/novaorg.cofb.net\/2017\/09\/29\/jornada-formativa-sobre-psoriasi-el-paper-del-farmaceutic-en-la-millora-del-seu-control\/#primaryimage\"},\"thumbnailUrl\":\"\",\"keywords\":[\"Acci\u00f3 Psoriasi\",\"Acci\u00f3n Psoriasis\",\"aclarece la psoriasis\",\"Aclareix la psoriasi\",\"psoriasi\",\"serveis\"],\"articleSection\":[\"M\u00f3n col\u00b7legial\"],\"inLanguage\":\"ca\",\"potentialAction\":[{\"@type\":\"CommentAction\",\"name\":\"Comment\",\"target\":[\"https:\/\/novaorg.cofb.net\/2017\/09\/29\/jornada-formativa-sobre-psoriasi-el-paper-del-farmaceutic-en-la-millora-del-seu-control\/#respond\"]}]},{\"@type\":\"WebPage\",\"@id\":\"https:\/\/novaorg.cofb.net\/2017\/09\/29\/jornada-formativa-sobre-psoriasi-el-paper-del-farmaceutic-en-la-millora-del-seu-control\/\",\"url\":\"https:\/\/novaorg.cofb.net\/2017\/09\/29\/jornada-formativa-sobre-psoriasi-el-paper-del-farmaceutic-en-la-millora-del-seu-control\/\",\"name\":\"Jornada formativa sobre psoriasi i el paper del farmac\u00e8utic en la millora del seu control - Col\u00b7legi de Farmac\u00e8utics de Barcelona\",\"isPartOf\":{\"@id\":\"https:\/\/www.cofb.org\/#website\"},\"primaryImageOfPage\":{\"@id\":\"https:\/\/novaorg.cofb.net\/2017\/09\/29\/jornada-formativa-sobre-psoriasi-el-paper-del-farmaceutic-en-la-millora-del-seu-control\/#primaryimage\"},\"image\":{\"@id\":\"https:\/\/novaorg.cofb.net\/2017\/09\/29\/jornada-formativa-sobre-psoriasi-el-paper-del-farmaceutic-en-la-millora-del-seu-control\/#primaryimage\"},\"thumbnailUrl\":\"\",\"datePublished\":\"2017-09-29T10:47:48+00:00\",\"dateModified\":\"2017-09-29T10:47:48+00:00\",\"description\":\"El Col\u00b7legi va acollir ahir, dijous 28 de setembre, una jornada formativa sobre psoriasi i el paper del farmac\u00e8utic en la millora del seu control\",\"breadcrumb\":{\"@id\":\"https:\/\/novaorg.cofb.net\/2017\/09\/29\/jornada-formativa-sobre-psoriasi-el-paper-del-farmaceutic-en-la-millora-del-seu-control\/#breadcrumb\"},\"inLanguage\":\"ca\",\"potentialAction\":[{\"@type\":\"ReadAction\",\"target\":[\"https:\/\/novaorg.cofb.net\/2017\/09\/29\/jornada-formativa-sobre-psoriasi-el-paper-del-farmaceutic-en-la-millora-del-seu-control\/\"]}]},{\"@type\":\"ImageObject\",\"inLanguage\":\"ca\",\"@id\":\"https:\/\/novaorg.cofb.net\/2017\/09\/29\/jornada-formativa-sobre-psoriasi-el-paper-del-farmaceutic-en-la-millora-del-seu-control\/#primaryimage\",\"url\":\"\",\"contentUrl\":\"\"},{\"@type\":\"BreadcrumbList\",\"@id\":\"https:\/\/novaorg.cofb.net\/2017\/09\/29\/jornada-formativa-sobre-psoriasi-el-paper-del-farmaceutic-en-la-millora-del-seu-control\/#breadcrumb\",\"itemListElement\":[{\"@type\":\"ListItem\",\"position\":1,\"name\":\"Inici\",\"item\":\"https:\/\/novaorg.cofb.net\/\"},{\"@type\":\"ListItem\",\"position\":2,\"name\":\"Jornada formativa sobre psoriasi i el paper del farmac\u00e8utic en la millora del seu control\"}]},{\"@type\":\"WebSite\",\"@id\":\"https:\/\/www.cofb.org\/#website\",\"url\":\"https:\/\/www.cofb.org\/\",\"name\":\"Col\u00b7legi de Farmac\u00e8utics de Barcelona\",\"description\":\"\",\"publisher\":{\"@id\":\"https:\/\/www.cofb.org\/#organization\"},\"potentialAction\":[{\"@type\":\"SearchAction\",\"target\":{\"@type\":\"EntryPoint\",\"urlTemplate\":\"https:\/\/www.cofb.org\/?s={search_term_string}\"},\"query-input\":\"required name=search_term_string\"}],\"inLanguage\":\"ca\"},{\"@type\":\"Organization\",\"@id\":\"https:\/\/www.cofb.org\/#organization\",\"name\":\"Col\u00b7legi de Farmac\u00e8utics de Barcelona\",\"url\":\"https:\/\/www.cofb.org\/\",\"logo\":{\"@type\":\"ImageObject\",\"inLanguage\":\"ca\",\"@id\":\"https:\/\/www.cofb.org\/#\/schema\/logo\/image\/\",\"url\":\"https:\/\/www.cofb.org\/wp-content\/uploads\/2023\/11\/cropped-Logotip-COFB.png\",\"contentUrl\":\"https:\/\/www.cofb.org\/wp-content\/uploads\/2023\/11\/cropped-Logotip-COFB.png\",\"width\":500,\"height\":105,\"caption\":\"Col\u00b7legi de Farmac\u00e8utics de Barcelona\"},\"image\":{\"@id\":\"https:\/\/www.cofb.org\/#\/schema\/logo\/image\/\"},\"sameAs\":[\"https:\/\/www.facebook.com\/farmaceuticsbcn\/\",\"https:\/\/twitter.com\/farmaceuticsbcn\",\"https:\/\/www.instagram.com\/farmaceuticsbcn\/\",\"https:\/\/www.linkedin.com\/company\/farmaceuticsbcn\/\"]},{\"@type\":\"Person\",\"@id\":\"https:\/\/www.cofb.org\/#\/schema\/person\/22ed7eea88da74b0fa4d3154ad87ffcb\",\"name\":\"wpAdminCofbOrg\",\"image\":{\"@type\":\"ImageObject\",\"inLanguage\":\"ca\",\"@id\":\"https:\/\/www.cofb.org\/#\/schema\/person\/image\/\",\"url\":\"https:\/\/secure.gravatar.com\/avatar\/1721b20b3b8ca882c3b56ec6c978c594fff670e40c0718e9190eaeeb76aae7d8?s=96&d=mm&r=g\",\"contentUrl\":\"https:\/\/secure.gravatar.com\/avatar\/1721b20b3b8ca882c3b56ec6c978c594fff670e40c0718e9190eaeeb76aae7d8?s=96&d=mm&r=g\",\"caption\":\"wpAdminCofbOrg\"},\"sameAs\":[\"http:\/\/192.168.64.122\/wordpress\"],\"url\":\"https:\/\/www.cofb.org\/ca\/author\/wpadmincofborg\/\"}]}<\/script>\n<!-- \/ Yoast SEO plugin. -->","yoast_head_json":{"title":"Jornada formativa sobre psoriasi i el paper del farmac\u00e8utic en la millora del seu control - Col\u00b7legi de Farmac\u00e8utics de Barcelona","description":"El Col\u00b7legi va acollir ahir, dijous 28 de setembre, una jornada formativa sobre psoriasi i el paper del farmac\u00e8utic en la millora del seu control","robots":{"index":"index","follow":"follow","max-snippet":"max-snippet:-1","max-image-preview":"max-image-preview:large","max-video-preview":"max-video-preview:-1"},"canonical":"https:\/\/novaorg.cofb.net\/2017\/09\/29\/jornada-formativa-sobre-psoriasi-el-paper-del-farmaceutic-en-la-millora-del-seu-control\/","og_locale":"ca_ES","og_type":"article","og_title":"Jornada formativa sobre psoriasi i el paper del farmac\u00e8utic en la millora del seu control - Col\u00b7legi de Farmac\u00e8utics de Barcelona","og_description":"El Col\u00b7legi va acollir ahir, dijous 28 de setembre, una jornada formativa sobre psoriasi i el paper del farmac\u00e8utic en la millora del seu control","og_url":"https:\/\/novaorg.cofb.net\/2017\/09\/29\/jornada-formativa-sobre-psoriasi-el-paper-del-farmaceutic-en-la-millora-del-seu-control\/","og_site_name":"Col\u00b7legi de Farmac\u00e8utics de Barcelona","article_publisher":"https:\/\/www.facebook.com\/farmaceuticsbcn\/","article_published_time":"2017-09-29T10:47:48+00:00","author":"wpAdminCofbOrg","twitter_card":"summary_large_image","twitter_creator":"@farmaceuticsbcn","twitter_site":"@farmaceuticsbcn","twitter_misc":{"Escrit per":"wpAdminCofbOrg","Temps estimat de lectura":"2 minuts"},"schema":{"@context":"https:\/\/schema.org","@graph":[{"@type":"Article","@id":"https:\/\/novaorg.cofb.net\/2017\/09\/29\/jornada-formativa-sobre-psoriasi-el-paper-del-farmaceutic-en-la-millora-del-seu-control\/#article","isPartOf":{"@id":"https:\/\/novaorg.cofb.net\/2017\/09\/29\/jornada-formativa-sobre-psoriasi-el-paper-del-farmaceutic-en-la-millora-del-seu-control\/"},"author":{"name":"wpAdminCofbOrg","@id":"https:\/\/www.cofb.org\/#\/schema\/person\/22ed7eea88da74b0fa4d3154ad87ffcb"},"headline":"Jornada formativa sobre psoriasi i el paper del farmac\u00e8utic en la millora del seu control","datePublished":"2017-09-29T10:47:48+00:00","dateModified":"2017-09-29T10:47:48+00:00","mainEntityOfPage":{"@id":"https:\/\/novaorg.cofb.net\/2017\/09\/29\/jornada-formativa-sobre-psoriasi-el-paper-del-farmaceutic-en-la-millora-del-seu-control\/"},"wordCount":496,"commentCount":0,"publisher":{"@id":"https:\/\/www.cofb.org\/#organization"},"image":{"@id":"https:\/\/novaorg.cofb.net\/2017\/09\/29\/jornada-formativa-sobre-psoriasi-el-paper-del-farmaceutic-en-la-millora-del-seu-control\/#primaryimage"},"thumbnailUrl":"","keywords":["Acci\u00f3 Psoriasi","Acci\u00f3n Psoriasis","aclarece la psoriasis","Aclareix la psoriasi","psoriasi","serveis"],"articleSection":["M\u00f3n col\u00b7legial"],"inLanguage":"ca","potentialAction":[{"@type":"CommentAction","name":"Comment","target":["https:\/\/novaorg.cofb.net\/2017\/09\/29\/jornada-formativa-sobre-psoriasi-el-paper-del-farmaceutic-en-la-millora-del-seu-control\/#respond"]}]},{"@type":"WebPage","@id":"https:\/\/novaorg.cofb.net\/2017\/09\/29\/jornada-formativa-sobre-psoriasi-el-paper-del-farmaceutic-en-la-millora-del-seu-control\/","url":"https:\/\/novaorg.cofb.net\/2017\/09\/29\/jornada-formativa-sobre-psoriasi-el-paper-del-farmaceutic-en-la-millora-del-seu-control\/","name":"Jornada formativa sobre psoriasi i el paper del farmac\u00e8utic en la millora del seu control - Col\u00b7legi de Farmac\u00e8utics de Barcelona","isPartOf":{"@id":"https:\/\/www.cofb.org\/#website"},"primaryImageOfPage":{"@id":"https:\/\/novaorg.cofb.net\/2017\/09\/29\/jornada-formativa-sobre-psoriasi-el-paper-del-farmaceutic-en-la-millora-del-seu-control\/#primaryimage"},"image":{"@id":"https:\/\/novaorg.cofb.net\/2017\/09\/29\/jornada-formativa-sobre-psoriasi-el-paper-del-farmaceutic-en-la-millora-del-seu-control\/#primaryimage"},"thumbnailUrl":"","datePublished":"2017-09-29T10:47:48+00:00","dateModified":"2017-09-29T10:47:48+00:00","description":"El Col\u00b7legi va acollir ahir, dijous 28 de setembre, una jornada formativa sobre psoriasi i el paper del farmac\u00e8utic en la millora del seu control","breadcrumb":{"@id":"https:\/\/novaorg.cofb.net\/2017\/09\/29\/jornada-formativa-sobre-psoriasi-el-paper-del-farmaceutic-en-la-millora-del-seu-control\/#breadcrumb"},"inLanguage":"ca","potentialAction":[{"@type":"ReadAction","target":["https:\/\/novaorg.cofb.net\/2017\/09\/29\/jornada-formativa-sobre-psoriasi-el-paper-del-farmaceutic-en-la-millora-del-seu-control\/"]}]},{"@type":"ImageObject","inLanguage":"ca","@id":"https:\/\/novaorg.cofb.net\/2017\/09\/29\/jornada-formativa-sobre-psoriasi-el-paper-del-farmaceutic-en-la-millora-del-seu-control\/#primaryimage","url":"","contentUrl":""},{"@type":"BreadcrumbList","@id":"https:\/\/novaorg.cofb.net\/2017\/09\/29\/jornada-formativa-sobre-psoriasi-el-paper-del-farmaceutic-en-la-millora-del-seu-control\/#breadcrumb","itemListElement":[{"@type":"ListItem","position":1,"name":"Inici","item":"https:\/\/novaorg.cofb.net\/"},{"@type":"ListItem","position":2,"name":"Jornada formativa sobre psoriasi i el paper del farmac\u00e8utic en la millora del seu control"}]},{"@type":"WebSite","@id":"https:\/\/www.cofb.org\/#website","url":"https:\/\/www.cofb.org\/","name":"Col\u00b7legi de Farmac\u00e8utics de Barcelona","description":"","publisher":{"@id":"https:\/\/www.cofb.org\/#organization"},"potentialAction":[{"@type":"SearchAction","target":{"@type":"EntryPoint","urlTemplate":"https:\/\/www.cofb.org\/?s={search_term_string}"},"query-input":"required name=search_term_string"}],"inLanguage":"ca"},{"@type":"Organization","@id":"https:\/\/www.cofb.org\/#organization","name":"Col\u00b7legi de Farmac\u00e8utics de Barcelona","url":"https:\/\/www.cofb.org\/","logo":{"@type":"ImageObject","inLanguage":"ca","@id":"https:\/\/www.cofb.org\/#\/schema\/logo\/image\/","url":"https:\/\/www.cofb.org\/wp-content\/uploads\/2023\/11\/cropped-Logotip-COFB.png","contentUrl":"https:\/\/www.cofb.org\/wp-content\/uploads\/2023\/11\/cropped-Logotip-COFB.png","width":500,"height":105,"caption":"Col\u00b7legi de Farmac\u00e8utics de Barcelona"},"image":{"@id":"https:\/\/www.cofb.org\/#\/schema\/logo\/image\/"},"sameAs":["https:\/\/www.facebook.com\/farmaceuticsbcn\/","https:\/\/twitter.com\/farmaceuticsbcn","https:\/\/www.instagram.com\/farmaceuticsbcn\/","https:\/\/www.linkedin.com\/company\/farmaceuticsbcn\/"]},{"@type":"Person","@id":"https:\/\/www.cofb.org\/#\/schema\/person\/22ed7eea88da74b0fa4d3154ad87ffcb","name":"wpAdminCofbOrg","image":{"@type":"ImageObject","inLanguage":"ca","@id":"https:\/\/www.cofb.org\/#\/schema\/person\/image\/","url":"https:\/\/secure.gravatar.com\/avatar\/1721b20b3b8ca882c3b56ec6c978c594fff670e40c0718e9190eaeeb76aae7d8?s=96&d=mm&r=g","contentUrl":"https:\/\/secure.gravatar.com\/avatar\/1721b20b3b8ca882c3b56ec6c978c594fff670e40c0718e9190eaeeb76aae7d8?s=96&d=mm&r=g","caption":"wpAdminCofbOrg"},"sameAs":["http:\/\/192.168.64.122\/wordpress"],"url":"https:\/\/www.cofb.org\/ca\/author\/wpadmincofborg\/"}]}},"uagb_featured_image_src":{"full":false,"thumbnail":false,"medium":false,"medium_large":false,"large":false,"1536x1536":false,"2048x2048":false,"trp-custom-language-flag":false},"uagb_author_info":{"display_name":"wpAdminCofbOrg","author_link":"https:\/\/www.cofb.org\/ca\/author\/wpadmincofborg\/"},"uagb_comment_info":0,"uagb_excerpt":"El Col\u00b7legi va acollir ahir, dijous 28 de setembre, \u201cEl paper del farmac\u00e8utic en la millora del control de la psoriasi\u201d, una jornada de formaci\u00f3 impulsada per l\u2019Associaci\u00f3 de Pacients Acci\u00f3 Psoriasi amb la finalitat d\u2019implicar els farmac\u00e8utics comunitaris en l\u2019abordatge d\u2019aquesta malaltia. L\u2019acte, que es va realitzar sota el [&hellip;]","_links":{"self":[{"href":"https:\/\/www.cofb.org\/ca\/wp-json\/wp\/v2\/posts\/32553","targetHints":{"allow":["GET"]}}],"collection":[{"href":"https:\/\/www.cofb.org\/ca\/wp-json\/wp\/v2\/posts"}],"about":[{"href":"https:\/\/www.cofb.org\/ca\/wp-json\/wp\/v2\/types\/post"}],"author":[{"embeddable":true,"href":"https:\/\/www.cofb.org\/ca\/wp-json\/wp\/v2\/users\/1"}],"replies":[{"embeddable":true,"href":"https:\/\/www.cofb.org\/ca\/wp-json\/wp\/v2\/comments?post=32553"}],"version-history":[{"count":0,"href":"https:\/\/www.cofb.org\/ca\/wp-json\/wp\/v2\/posts\/32553\/revisions"}],"wp:featuredmedia":[{"embeddable":true,"href":"https:\/\/www.cofb.org\/ca\/wp-json\/"}],"wp:attachment":[{"href":"https:\/\/www.cofb.org\/ca\/wp-json\/wp\/v2\/media?parent=32553"}],"wp:term":[{"taxonomy":"category","embeddable":true,"href":"https:\/\/www.cofb.org\/ca\/wp-json\/wp\/v2\/categories?post=32553"},{"taxonomy":"post_tag","embeddable":true,"href":"https:\/\/www.cofb.org\/ca\/wp-json\/wp\/v2\/tags?post=32553"}],"curies":[{"name":"wp","href":"https:\/\/api.w.org\/{rel}","templated":true}]}}