{"id":32440,"date":"2017-09-28T16:48:59","date_gmt":"2017-09-28T15:48:59","guid":{"rendered":"http:\/\/blog.cofb.cat\/?p=32440"},"modified":"2017-09-28T16:48:59","modified_gmt":"2017-09-28T15:48:59","slug":"comenca-la-quarta-edicio-dels-tallers-de-bones-practiques-de-distribucio-de-medicaments","status":"publish","type":"post","link":"https:\/\/www.cofb.org\/ca\/2017\/09\/28\/comenca-la-quarta-edicio-dels-tallers-de-bones-practiques-de-distribucio-de-medicaments\/","title":{"rendered":"Comen\u00e7a la quarta edici\u00f3 dels tallers de bones pr\u00e0ctiques de distribuci\u00f3 de medicaments"},"content":{"rendered":"<p>Aquest 28 de setembre s&#8217;ha iniciat la quarta edici\u00f3 dels tallers de <b>bones pr\u00e0ctiques de distribuci\u00f3 de medicaments<\/b> (BPD), amb un total de sis cursos que tindran lloc a partir d&#8217;ara i fins el gener de 2018.<\/p>\n<p>Els tallers estan organitzats pel <b>Col\u00b7legi de Farmac\u00e8utics de Barcelona<\/b> conjuntament amb el <a href=\"http:\/\/salutweb.gencat.cat\/ca\/inici\/\" target=\"_blank\" rel=\"noopener\">Departament de Salut de la Generalitat de Catalunya<\/a> i la secci\u00f3 catalana de l\u2019<a href=\"http:\/\/www.aefi.org\/\" target=\"_blank\" rel=\"noopener\">Associaci\u00f3 Espanyola de Farmac\u00e8utics de la Ind\u00fastria (AEFI)<\/a>,\u00a0i s&#8217;ofereixen des del 2015 de manera\u00a0<strong>pionera a l&#8217;estat<\/strong> per respondre a les demandes i necessitats del sector.<\/p>\n<p><strong>Els tallers<\/strong>, que han tingut una molt bona acollida en cada edici\u00f3, <strong>combinen teoria i pr\u00e0ctica<\/strong> perqu\u00e8 els alumnes tinguin les eines necess\u00e0ries <strong>per aplicar m\u00e9s f\u00e0cilment els coneixements adquirits<\/strong> a les entitats de distribuci\u00f3 a qu\u00e8 estan vinculats. <strong>Les inscripcions<\/strong> als diferents cursos disponibles\u00a0<strong>estan obertes al web<\/strong>\u00a0<strong><a href=\"http:\/\/www.cofb.org\/web\/guest\/cursos\" target=\"_blank\" rel=\"noopener\">cofb.org<\/a>.<\/strong><\/p>\n<p>Les <b>bones pr\u00e0ctiques de distribuci\u00f3 de medicaments<\/b> constitueixen un marc de refer\u00e8ncia nou, de compliment obligat a la normativa europea, per desenvolupar els sistemes de garantia de qualitat que han de seguir les empreses que distribueixen medicaments d\u2019\u00fas hum\u00e0 a la Uni\u00f3 Europea.<\/p>\n<div class=\"box info\"> El bon \u00fas en la distribuci\u00f3 de medicaments serveix per <strong>garantir la qualitat i l\u2019autenticitat dels medicaments<\/strong> distribu\u00efts, evitar l\u2019entrada de medicaments falsificats al canal legal de distribuci\u00f3 i venda i <strong>protegir la salut<\/strong> de la poblaci\u00f3.<\/div>\n<p>El <strong>calendari i programa<\/strong> dels tallers s\u00f3n els seg\u00fcents:<\/p>\n<p><b><div class=\"box shadow\"> <\/b><\/p>\n<p><b>Taller 1. Validaci\u00f3 del transport capil\u00b7lar de medicaments<\/b><\/p>\n<ul>\n<li>Transport de medicaments. Qu\u00e8 ha d\u2019incloure la validaci\u00f3. Exemples de defici\u00e8ncies trobades en inspeccions.<\/li>\n<li>Sessi\u00f3 pr\u00e0ctica sobre la validaci\u00f3 del transport ca\u00adpil\u00b7lar en les entitats de distribuci\u00f3 de medicaments.<\/li>\n<\/ul>\n<p><em>Data: 28 de setembre de 2017. <\/em><\/p>\n<p><strong>Taller 2. Autoinspeccions i auditories.\u00a0<\/strong><\/p>\n<ul>\n<li>Autoinspeccions i auditories externes. Exemples de les defici\u00e8ncies m\u00e9s rellevants observades en les inspeccions.<\/li>\n<li>Sessi\u00f3 pr\u00e0ctica sobre com fer les autoinspec\u00adcions i les auditories externes. Revisi\u00f3 i an\u00e0lisi cr\u00edtica dels informes d\u2019auditoria a empreses de transport de medicaments.<i><br \/>\n<\/i><\/li>\n<\/ul>\n<p><em>Data: 19 d&#8217;octubre de 2017. <\/em><\/p>\n<p><strong>Taller 3.<\/strong> <b>An\u00e0lisi de riscos en la distribuci\u00f3 de medicaments.\u00a0<\/b><\/p>\n<ul>\n<li>L\u2019an\u00e0lisi de riscos en les BPD i exemples de defi\u00adci\u00e8ncies trobades en inspeccions.<\/li>\n<li>Sessi\u00f3 pr\u00e0ctica per implantar el proc\u00e9s d\u2019an\u00e0lisi de riscos en la distribuci\u00f3 farmac\u00e8utica.<\/li>\n<\/ul>\n<p><i>Data: 9 de novembre de 2017. <\/i><\/p>\n<p><strong>Taller 4.<\/strong> <b>Indicador<\/b><b>s de qualitat en la distribuci\u00f3 de medicaments.<\/b><\/p>\n<ul>\n<li>Indicadors de qualitat en les BPD i exemples de defici\u00e8ncies trobades en inspeccions.<\/li>\n<li>Sessi\u00f3 pr\u00e0ctica d\u2019identificaci\u00f3 d\u2019indicadors de qualitat i com gestionar-los.<\/li>\n<\/ul>\n<p><i>D<\/i><i>ata: 23 de novembre de 2017. <\/i><\/p>\n<p><strong>Taller 5.<\/strong> <b>Qualificaci\u00f3 de les instal\u00b7lacions d\u2019emmagatzematge.<\/b><\/p>\n<ul>\n<li>Condicions que han de complir les instal\u00b7lacions dedicades a conservar i emmagatzemar els me\u00addicaments i exemples de defici\u00e8ncies trobades en inspeccions.<\/li>\n<li>Sessi\u00f3 pr\u00e0ctica sobre la qualificaci\u00f3 de les instal\u00b7lacions de les entitats de distribuci\u00f3 dels medicaments.<\/li>\n<\/ul>\n<p><i>Data: 14 de desembre de 2<\/i><i>017. <\/i><\/p>\n<p><strong>Taller 6.<\/strong> <b>Validaci\u00f3 de sistemes informatitzats.<\/b><\/p>\n<ul>\n<li>Validaci\u00f3 de sistemes informatitzats. Exemples de defici\u00e8ncies trobades en inspeccions.<\/li>\n<li>Sessi\u00f3 pr\u00e0ctica sobre la validaci\u00f3 dels sistemes informatitzats utilitzats en processos de distribuci\u00f3 de medicaments.<\/li>\n<\/ul>\n<p><i>Data: 25 de ge<\/i><i>ner de 2018.<\/i> <\/div><\/p>\n<p>Les <strong>incripcions\u00a0<\/strong>es poden realitzar a <a href=\"http:\/\/www.cofb.org\/web\/guest\/cursos\" target=\"_blank\" rel=\"noopener\"><strong>cofb.org<\/strong> <\/a><\/p>\n<p>&nbsp;<\/p>\n<figure id=\"attachment_32658\" aria-describedby=\"caption-attachment-32658\" style=\"width: 620px\" class=\"wp-caption aligncenter\"><a href=\"http:\/\/blog.cofb.cat\/wp-content\/uploads\/2017\/09\/Taller-Distribuci\u00f3-Medicaments.jpg\"><img fetchpriority=\"high\" decoding=\"async\" class=\"size-large wp-image-32658   \" title=\"Primera sessi\u00f3 dels Tallers de bones pr\u00e0ctiques de distribuci\u00f3 de medicaments\" alt=\"Primera sessi\u00f3 de la 4a edici\u00f3 dels Tallers de bones pr\u00e0ctiques de distribuci\u00f3 de medicaments\" src=\"http:\/\/blog.cofb.cat\/wp-content\/uploads\/2017\/09\/Taller-Distribuci\u00f3-Medicaments-1024x616.jpg\" width=\"620\" height=\"372\" \/><\/a><figcaption id=\"caption-attachment-32658\" class=\"wp-caption-text\">Primera sessi\u00f3 de la 4a edici\u00f3 dels Tallers de bones pr\u00e0ctiques de distribuci\u00f3 de medicaments<\/figcaption><\/figure>\n<p>Les places s\u00f3n limitades a 30 persones per grup i tots els tallers tindran lloc al Col\u00b7legi de Farmac\u00e8utics de Barcelona (C\/Girona, 64-66), de 16 a 19h.<\/p>\n<p><b><div class=\"box shadow\"><br \/>\n<span style=\"text-decoration: underline;\">Coordinaci\u00f3<\/span><\/b><br \/>\n<strong>Anna Maria Culler\u00e9<\/strong>, vocal de Distribuci\u00f3 del Col\u00b7legi de Farmac\u00e8utics de Barcelona.<br \/>\n<strong>Raquel Aren\u00f3s<\/strong>, vocal de Garantia de Qualitat de l\u2019Associaci\u00f3 Espanyola de Farmac\u00e8utics de la Ind\u00fastria \u2013 Secci\u00f3 Catalana.<br \/>\n<strong>Salvador Cassany<\/strong>, cap del Servei de Control Farmac\u00e8utic i Productes Sanitaris del Departament de Salut.\u00a0<b><\/div>\u00a0<\/b><\/p>\n<p style=\"text-align: right;\"><strong>En col\u00b7laboraci\u00f3 amb:<\/strong><\/p>\n<p><a href=\"http:\/\/www.aefi.org\/\" target=\"_blank\" rel=\"noopener\"><img decoding=\"async\" class=\"size-medium wp-image-32582 alignright\" alt=\"Logo Asociaci\u00f3n Espa\u00f1ola de Farmac\u00e9uticos de la Ind\u00fastria. \" src=\"http:\/\/blog.cofb.cat\/wp-content\/uploads\/2017\/09\/logo-aefi.gif\" width=\"74\" height=\"32\" \/><\/a><strong><a href=\"http:\/\/salutweb.gencat.cat\/ca\/inici\/\" target=\"_blank\" rel=\"noopener\"><img decoding=\"async\" class=\"size-medium wp-image-32591 alignright\" alt=\"Logo Departament de Salut\" src=\"http:\/\/blog.cofb.cat\/wp-content\/uploads\/2017\/09\/logo_departament_salut-300x68.jpg\" width=\"126\" height=\"35\" \/><\/a><\/strong><\/p>\n<p>&nbsp;<\/p>\n<p><strong>Altres informacions dels tallers recollides al Blog:\u00a0\u00a0\u00a0\u00a0\u00a0\u00a0\u00a0\u00a0\u00a0\u00a0\u00a0\u00a0\u00a0\u00a0\u00a0\u00a0\u00a0\u00a0\u00a0\u00a0\u00a0\u00a0\u00a0\u00a0\u00a0\u00a0\u00a0\u00a0\u00a0\u00a0\u00a0\u00a0\u00a0<\/strong><\/p>\n<ul>\n<li><a href=\"http:\/\/blog.cofb.cat\/tallers-sobre-bones-practiques-de-distribucio-de-medicaments\/\" target=\"_blank\" rel=\"noopener\">Tallers sobre bones pr\u00e0ctiques de distribuci\u00f3 de medicaments (2015)<\/a><\/li>\n<li><a href=\"http:\/\/blog.cofb.cat\/la-implementacio-de-les-bones-practiques-de-distribucio-de-medicaments-a-debat-entre-els-professionals-farmaceutics\/\" target=\"_blank\" rel=\"noopener\">La implementaci\u00f3 de les bones pr\u00e0ctiques de distribuci\u00f3 de medicaments, a debat entre els professionals farmac\u00e8utics (2016)<\/a><\/li>\n<li><a href=\"http:\/\/blog.cofb.cat\/tornen-els-tallers-de-bones-practiques-de-distribucio-de-medicaments-despres-duna-primera-edicio-exitosa\/\" target=\"_blank\" rel=\"noopener\">Tornen els tallers de bones pr\u00e0ctiques de distribuci\u00f3 de medicaments despr\u00e9s d\u2019una primera edici\u00f3 exitosa (2016)<\/a><\/li>\n<\/ul>\n","protected":false},"excerpt":{"rendered":"<p>Aquest 28 de setembre s&#8217;ha iniciat la quarta edici\u00f3 dels tallers de bones pr\u00e0ctiques de distribuci\u00f3 de medicaments (BPD), amb un total de sis cursos que tindran lloc a partir d&#8217;ara i fins el gener de 2018. Els tallers estan organitzats pel Col\u00b7legi de Farmac\u00e8utics de Barcelona conjuntament amb el [&hellip;]<\/p>\n","protected":false},"author":1,"featured_media":32658,"comment_status":"open","ping_status":"open","sticky":false,"template":"","format":"standard","meta":{"_uag_custom_page_level_css":"","site-sidebar-layout":"default","site-content-layout":"","ast-site-content-layout":"default","site-content-style":"default","site-sidebar-style":"default","ast-global-header-display":"","ast-banner-title-visibility":"","ast-main-header-display":"","ast-hfb-above-header-display":"","ast-hfb-below-header-display":"","ast-hfb-mobile-header-display":"","site-post-title":"","ast-breadcrumbs-content":"","ast-featured-img":"disabled","footer-sml-layout":"","theme-transparent-header-meta":"","adv-header-id-meta":"","stick-header-meta":"","header-above-stick-meta":"","header-main-stick-meta":"","header-below-stick-meta":"","astra-migrate-meta-layouts":"default","ast-page-background-enabled":"default","ast-page-background-meta":{"desktop":{"background-color":"var(--ast-global-color-4)","background-image":"","background-repeat":"repeat","background-position":"center center","background-size":"auto","background-attachment":"scroll","background-type":"","background-media":"","overlay-type":"","overlay-color":"","overlay-opacity":"","overlay-gradient":""},"tablet":{"background-color":"","background-image":"","background-repeat":"repeat","background-position":"center center","background-size":"auto","background-attachment":"scroll","background-type":"","background-media":"","overlay-type":"","overlay-color":"","overlay-opacity":"","overlay-gradient":""},"mobile":{"background-color":"","background-image":"","background-repeat":"repeat","background-position":"center center","background-size":"auto","background-attachment":"scroll","background-type":"","background-media":"","overlay-type":"","overlay-color":"","overlay-opacity":"","overlay-gradient":""}},"ast-content-background-meta":{"desktop":{"background-color":"var(--ast-global-color-5)","background-image":"","background-repeat":"repeat","background-position":"center center","background-size":"auto","background-attachment":"scroll","background-type":"","background-media":"","overlay-type":"","overlay-color":"","overlay-opacity":"","overlay-gradient":""},"tablet":{"background-color":"var(--ast-global-color-5)","background-image":"","background-repeat":"repeat","background-position":"center center","background-size":"auto","background-attachment":"scroll","background-type":"","background-media":"","overlay-type":"","overlay-color":"","overlay-opacity":"","overlay-gradient":""},"mobile":{"background-color":"var(--ast-global-color-5)","background-image":"","background-repeat":"repeat","background-position":"center center","background-size":"auto","background-attachment":"scroll","background-type":"","background-media":"","overlay-type":"","overlay-color":"","overlay-opacity":"","overlay-gradient":""}},"footnotes":""},"categories":[23,57],"tags":[2137,2257,2229,18,19,70,300,45,2169,2713],"class_list":["post-32440","post","type-post","status-publish","format-standard","has-post-thumbnail","hentry","category-destacats","category-mon-collegial","tag-bon-us-dels-medicaments","tag-bon-us-medicaments","tag-bones-practiques-de-distribucio","tag-cofb","tag-collegi-de-farmaceutics-de-barcelona","tag-formacio","tag-formacio-continuada","tag-medicaments","tag-qualitat","tag-tallers"],"yoast_head":"<!-- This site is optimized with the Yoast SEO plugin v22.4 - https:\/\/yoast.com\/wordpress\/plugins\/seo\/ -->\n<title>Comen\u00e7a la quarta edici\u00f3 dels tallers de bones pr\u00e0ctiques de distribuci\u00f3 de medicaments - Col\u00b7legi de Farmac\u00e8utics de Barcelona<\/title>\n<meta name=\"description\" content=\"S&#039;ha iniciat la 4a edici\u00f3 dels tallers de bones pr\u00e0ctiques de distribuci\u00f3 de medicaments, amb un total de 6 cursos que tindran lloc fins gener de 2018\" \/>\n<meta name=\"robots\" content=\"index, follow, max-snippet:-1, max-image-preview:large, max-video-preview:-1\" \/>\n<link rel=\"canonical\" href=\"https:\/\/novaorg.cofb.net\/2017\/09\/28\/comenca-la-quarta-edicio-dels-tallers-de-bones-practiques-de-distribucio-de-medicaments\/\" \/>\n<meta property=\"og:locale\" content=\"ca_ES\" \/>\n<meta property=\"og:type\" content=\"article\" \/>\n<meta property=\"og:title\" content=\"Comen\u00e7a la quarta edici\u00f3 dels tallers de bones pr\u00e0ctiques de distribuci\u00f3 de medicaments - Col\u00b7legi de Farmac\u00e8utics de Barcelona\" \/>\n<meta property=\"og:description\" content=\"S&#039;ha iniciat la 4a edici\u00f3 dels tallers de bones pr\u00e0ctiques de distribuci\u00f3 de medicaments, amb un total de 6 cursos que tindran lloc fins gener de 2018\" \/>\n<meta property=\"og:url\" content=\"https:\/\/novaorg.cofb.net\/2017\/09\/28\/comenca-la-quarta-edicio-dels-tallers-de-bones-practiques-de-distribucio-de-medicaments\/\" \/>\n<meta property=\"og:site_name\" content=\"Col\u00b7legi de Farmac\u00e8utics de Barcelona\" \/>\n<meta property=\"article:publisher\" content=\"https:\/\/www.facebook.com\/farmaceuticsbcn\/\" \/>\n<meta property=\"article:published_time\" content=\"2017-09-28T15:48:59+00:00\" \/>\n<meta name=\"author\" content=\"wpAdminCofbOrg\" \/>\n<meta name=\"twitter:card\" content=\"summary_large_image\" \/>\n<meta name=\"twitter:creator\" content=\"@farmaceuticsbcn\" \/>\n<meta name=\"twitter:site\" content=\"@farmaceuticsbcn\" \/>\n<meta name=\"twitter:label1\" content=\"Escrit per\" \/>\n\t<meta name=\"twitter:data1\" content=\"wpAdminCofbOrg\" \/>\n\t<meta name=\"twitter:label2\" content=\"Temps estimat de lectura\" \/>\n\t<meta name=\"twitter:data2\" content=\"4 minuts\" \/>\n<script type=\"application\/ld+json\" class=\"yoast-schema-graph\">{\"@context\":\"https:\/\/schema.org\",\"@graph\":[{\"@type\":\"Article\",\"@id\":\"https:\/\/novaorg.cofb.net\/2017\/09\/28\/comenca-la-quarta-edicio-dels-tallers-de-bones-practiques-de-distribucio-de-medicaments\/#article\",\"isPartOf\":{\"@id\":\"https:\/\/novaorg.cofb.net\/2017\/09\/28\/comenca-la-quarta-edicio-dels-tallers-de-bones-practiques-de-distribucio-de-medicaments\/\"},\"author\":{\"name\":\"wpAdminCofbOrg\",\"@id\":\"https:\/\/www.cofb.org\/#\/schema\/person\/22ed7eea88da74b0fa4d3154ad87ffcb\"},\"headline\":\"Comen\u00e7a la quarta edici\u00f3 dels tallers de bones pr\u00e0ctiques de distribuci\u00f3 de medicaments\",\"datePublished\":\"2017-09-28T15:48:59+00:00\",\"dateModified\":\"2017-09-28T15:48:59+00:00\",\"mainEntityOfPage\":{\"@id\":\"https:\/\/novaorg.cofb.net\/2017\/09\/28\/comenca-la-quarta-edicio-dels-tallers-de-bones-practiques-de-distribucio-de-medicaments\/\"},\"wordCount\":725,\"commentCount\":0,\"publisher\":{\"@id\":\"https:\/\/www.cofb.org\/#organization\"},\"image\":{\"@id\":\"https:\/\/novaorg.cofb.net\/2017\/09\/28\/comenca-la-quarta-edicio-dels-tallers-de-bones-practiques-de-distribucio-de-medicaments\/#primaryimage\"},\"thumbnailUrl\":\"\",\"keywords\":[\"bon \u00fas dels medicaments\",\"bon \u00fas medicaments\",\"bones pr\u00e0ctiques de distribuci\u00f3\",\"COFB\",\"Col\u00b7legi de Farmac\u00e8utics de Barcelona\",\"Formaci\u00f3\",\"formaci\u00f3 continuada\",\"medicaments\",\"qualitat\",\"tallers\"],\"articleSection\":[\"Destacats\",\"M\u00f3n col\u00b7legial\"],\"inLanguage\":\"ca\",\"potentialAction\":[{\"@type\":\"CommentAction\",\"name\":\"Comment\",\"target\":[\"https:\/\/novaorg.cofb.net\/2017\/09\/28\/comenca-la-quarta-edicio-dels-tallers-de-bones-practiques-de-distribucio-de-medicaments\/#respond\"]}]},{\"@type\":\"WebPage\",\"@id\":\"https:\/\/novaorg.cofb.net\/2017\/09\/28\/comenca-la-quarta-edicio-dels-tallers-de-bones-practiques-de-distribucio-de-medicaments\/\",\"url\":\"https:\/\/novaorg.cofb.net\/2017\/09\/28\/comenca-la-quarta-edicio-dels-tallers-de-bones-practiques-de-distribucio-de-medicaments\/\",\"name\":\"Comen\u00e7a la quarta edici\u00f3 dels tallers de bones pr\u00e0ctiques de distribuci\u00f3 de medicaments - Col\u00b7legi de Farmac\u00e8utics de Barcelona\",\"isPartOf\":{\"@id\":\"https:\/\/www.cofb.org\/#website\"},\"primaryImageOfPage\":{\"@id\":\"https:\/\/novaorg.cofb.net\/2017\/09\/28\/comenca-la-quarta-edicio-dels-tallers-de-bones-practiques-de-distribucio-de-medicaments\/#primaryimage\"},\"image\":{\"@id\":\"https:\/\/novaorg.cofb.net\/2017\/09\/28\/comenca-la-quarta-edicio-dels-tallers-de-bones-practiques-de-distribucio-de-medicaments\/#primaryimage\"},\"thumbnailUrl\":\"\",\"datePublished\":\"2017-09-28T15:48:59+00:00\",\"dateModified\":\"2017-09-28T15:48:59+00:00\",\"description\":\"S'ha iniciat la 4a edici\u00f3 dels tallers de bones pr\u00e0ctiques de distribuci\u00f3 de medicaments, amb un total de 6 cursos que tindran lloc fins gener de 2018\",\"breadcrumb\":{\"@id\":\"https:\/\/novaorg.cofb.net\/2017\/09\/28\/comenca-la-quarta-edicio-dels-tallers-de-bones-practiques-de-distribucio-de-medicaments\/#breadcrumb\"},\"inLanguage\":\"ca\",\"potentialAction\":[{\"@type\":\"ReadAction\",\"target\":[\"https:\/\/novaorg.cofb.net\/2017\/09\/28\/comenca-la-quarta-edicio-dels-tallers-de-bones-practiques-de-distribucio-de-medicaments\/\"]}]},{\"@type\":\"ImageObject\",\"inLanguage\":\"ca\",\"@id\":\"https:\/\/novaorg.cofb.net\/2017\/09\/28\/comenca-la-quarta-edicio-dels-tallers-de-bones-practiques-de-distribucio-de-medicaments\/#primaryimage\",\"url\":\"\",\"contentUrl\":\"\"},{\"@type\":\"BreadcrumbList\",\"@id\":\"https:\/\/novaorg.cofb.net\/2017\/09\/28\/comenca-la-quarta-edicio-dels-tallers-de-bones-practiques-de-distribucio-de-medicaments\/#breadcrumb\",\"itemListElement\":[{\"@type\":\"ListItem\",\"position\":1,\"name\":\"Inici\",\"item\":\"https:\/\/novaorg.cofb.net\/\"},{\"@type\":\"ListItem\",\"position\":2,\"name\":\"Comen\u00e7a la quarta edici\u00f3 dels tallers de bones pr\u00e0ctiques de distribuci\u00f3 de medicaments\"}]},{\"@type\":\"WebSite\",\"@id\":\"https:\/\/www.cofb.org\/#website\",\"url\":\"https:\/\/www.cofb.org\/\",\"name\":\"Col\u00b7legi de Farmac\u00e8utics de Barcelona\",\"description\":\"\",\"publisher\":{\"@id\":\"https:\/\/www.cofb.org\/#organization\"},\"potentialAction\":[{\"@type\":\"SearchAction\",\"target\":{\"@type\":\"EntryPoint\",\"urlTemplate\":\"https:\/\/www.cofb.org\/?s={search_term_string}\"},\"query-input\":\"required name=search_term_string\"}],\"inLanguage\":\"ca\"},{\"@type\":\"Organization\",\"@id\":\"https:\/\/www.cofb.org\/#organization\",\"name\":\"Col\u00b7legi de Farmac\u00e8utics de Barcelona\",\"url\":\"https:\/\/www.cofb.org\/\",\"logo\":{\"@type\":\"ImageObject\",\"inLanguage\":\"ca\",\"@id\":\"https:\/\/www.cofb.org\/#\/schema\/logo\/image\/\",\"url\":\"https:\/\/www.cofb.org\/wp-content\/uploads\/2023\/11\/cropped-Logotip-COFB.png\",\"contentUrl\":\"https:\/\/www.cofb.org\/wp-content\/uploads\/2023\/11\/cropped-Logotip-COFB.png\",\"width\":500,\"height\":105,\"caption\":\"Col\u00b7legi de Farmac\u00e8utics de Barcelona\"},\"image\":{\"@id\":\"https:\/\/www.cofb.org\/#\/schema\/logo\/image\/\"},\"sameAs\":[\"https:\/\/www.facebook.com\/farmaceuticsbcn\/\",\"https:\/\/twitter.com\/farmaceuticsbcn\",\"https:\/\/www.instagram.com\/farmaceuticsbcn\/\",\"https:\/\/www.linkedin.com\/company\/farmaceuticsbcn\/\"]},{\"@type\":\"Person\",\"@id\":\"https:\/\/www.cofb.org\/#\/schema\/person\/22ed7eea88da74b0fa4d3154ad87ffcb\",\"name\":\"wpAdminCofbOrg\",\"image\":{\"@type\":\"ImageObject\",\"inLanguage\":\"ca\",\"@id\":\"https:\/\/www.cofb.org\/#\/schema\/person\/image\/\",\"url\":\"https:\/\/secure.gravatar.com\/avatar\/1721b20b3b8ca882c3b56ec6c978c594fff670e40c0718e9190eaeeb76aae7d8?s=96&d=mm&r=g\",\"contentUrl\":\"https:\/\/secure.gravatar.com\/avatar\/1721b20b3b8ca882c3b56ec6c978c594fff670e40c0718e9190eaeeb76aae7d8?s=96&d=mm&r=g\",\"caption\":\"wpAdminCofbOrg\"},\"sameAs\":[\"http:\/\/192.168.64.122\/wordpress\"],\"url\":\"https:\/\/www.cofb.org\/ca\/author\/wpadmincofborg\/\"}]}<\/script>\n<!-- \/ Yoast SEO plugin. -->","yoast_head_json":{"title":"Comen\u00e7a la quarta edici\u00f3 dels tallers de bones pr\u00e0ctiques de distribuci\u00f3 de medicaments - Col\u00b7legi de Farmac\u00e8utics de Barcelona","description":"S'ha iniciat la 4a edici\u00f3 dels tallers de bones pr\u00e0ctiques de distribuci\u00f3 de medicaments, amb un total de 6 cursos que tindran lloc fins gener de 2018","robots":{"index":"index","follow":"follow","max-snippet":"max-snippet:-1","max-image-preview":"max-image-preview:large","max-video-preview":"max-video-preview:-1"},"canonical":"https:\/\/novaorg.cofb.net\/2017\/09\/28\/comenca-la-quarta-edicio-dels-tallers-de-bones-practiques-de-distribucio-de-medicaments\/","og_locale":"ca_ES","og_type":"article","og_title":"Comen\u00e7a la quarta edici\u00f3 dels tallers de bones pr\u00e0ctiques de distribuci\u00f3 de medicaments - Col\u00b7legi de Farmac\u00e8utics de Barcelona","og_description":"S'ha iniciat la 4a edici\u00f3 dels tallers de bones pr\u00e0ctiques de distribuci\u00f3 de medicaments, amb un total de 6 cursos que tindran lloc fins gener de 2018","og_url":"https:\/\/novaorg.cofb.net\/2017\/09\/28\/comenca-la-quarta-edicio-dels-tallers-de-bones-practiques-de-distribucio-de-medicaments\/","og_site_name":"Col\u00b7legi de Farmac\u00e8utics de Barcelona","article_publisher":"https:\/\/www.facebook.com\/farmaceuticsbcn\/","article_published_time":"2017-09-28T15:48:59+00:00","author":"wpAdminCofbOrg","twitter_card":"summary_large_image","twitter_creator":"@farmaceuticsbcn","twitter_site":"@farmaceuticsbcn","twitter_misc":{"Escrit per":"wpAdminCofbOrg","Temps estimat de lectura":"4 minuts"},"schema":{"@context":"https:\/\/schema.org","@graph":[{"@type":"Article","@id":"https:\/\/novaorg.cofb.net\/2017\/09\/28\/comenca-la-quarta-edicio-dels-tallers-de-bones-practiques-de-distribucio-de-medicaments\/#article","isPartOf":{"@id":"https:\/\/novaorg.cofb.net\/2017\/09\/28\/comenca-la-quarta-edicio-dels-tallers-de-bones-practiques-de-distribucio-de-medicaments\/"},"author":{"name":"wpAdminCofbOrg","@id":"https:\/\/www.cofb.org\/#\/schema\/person\/22ed7eea88da74b0fa4d3154ad87ffcb"},"headline":"Comen\u00e7a la quarta edici\u00f3 dels tallers de bones pr\u00e0ctiques de distribuci\u00f3 de medicaments","datePublished":"2017-09-28T15:48:59+00:00","dateModified":"2017-09-28T15:48:59+00:00","mainEntityOfPage":{"@id":"https:\/\/novaorg.cofb.net\/2017\/09\/28\/comenca-la-quarta-edicio-dels-tallers-de-bones-practiques-de-distribucio-de-medicaments\/"},"wordCount":725,"commentCount":0,"publisher":{"@id":"https:\/\/www.cofb.org\/#organization"},"image":{"@id":"https:\/\/novaorg.cofb.net\/2017\/09\/28\/comenca-la-quarta-edicio-dels-tallers-de-bones-practiques-de-distribucio-de-medicaments\/#primaryimage"},"thumbnailUrl":"","keywords":["bon \u00fas dels medicaments","bon \u00fas medicaments","bones pr\u00e0ctiques de distribuci\u00f3","COFB","Col\u00b7legi de Farmac\u00e8utics de Barcelona","Formaci\u00f3","formaci\u00f3 continuada","medicaments","qualitat","tallers"],"articleSection":["Destacats","M\u00f3n col\u00b7legial"],"inLanguage":"ca","potentialAction":[{"@type":"CommentAction","name":"Comment","target":["https:\/\/novaorg.cofb.net\/2017\/09\/28\/comenca-la-quarta-edicio-dels-tallers-de-bones-practiques-de-distribucio-de-medicaments\/#respond"]}]},{"@type":"WebPage","@id":"https:\/\/novaorg.cofb.net\/2017\/09\/28\/comenca-la-quarta-edicio-dels-tallers-de-bones-practiques-de-distribucio-de-medicaments\/","url":"https:\/\/novaorg.cofb.net\/2017\/09\/28\/comenca-la-quarta-edicio-dels-tallers-de-bones-practiques-de-distribucio-de-medicaments\/","name":"Comen\u00e7a la quarta edici\u00f3 dels tallers de bones pr\u00e0ctiques de distribuci\u00f3 de medicaments - Col\u00b7legi de Farmac\u00e8utics de Barcelona","isPartOf":{"@id":"https:\/\/www.cofb.org\/#website"},"primaryImageOfPage":{"@id":"https:\/\/novaorg.cofb.net\/2017\/09\/28\/comenca-la-quarta-edicio-dels-tallers-de-bones-practiques-de-distribucio-de-medicaments\/#primaryimage"},"image":{"@id":"https:\/\/novaorg.cofb.net\/2017\/09\/28\/comenca-la-quarta-edicio-dels-tallers-de-bones-practiques-de-distribucio-de-medicaments\/#primaryimage"},"thumbnailUrl":"","datePublished":"2017-09-28T15:48:59+00:00","dateModified":"2017-09-28T15:48:59+00:00","description":"S'ha iniciat la 4a edici\u00f3 dels tallers de bones pr\u00e0ctiques de distribuci\u00f3 de medicaments, amb un total de 6 cursos que tindran lloc fins gener de 2018","breadcrumb":{"@id":"https:\/\/novaorg.cofb.net\/2017\/09\/28\/comenca-la-quarta-edicio-dels-tallers-de-bones-practiques-de-distribucio-de-medicaments\/#breadcrumb"},"inLanguage":"ca","potentialAction":[{"@type":"ReadAction","target":["https:\/\/novaorg.cofb.net\/2017\/09\/28\/comenca-la-quarta-edicio-dels-tallers-de-bones-practiques-de-distribucio-de-medicaments\/"]}]},{"@type":"ImageObject","inLanguage":"ca","@id":"https:\/\/novaorg.cofb.net\/2017\/09\/28\/comenca-la-quarta-edicio-dels-tallers-de-bones-practiques-de-distribucio-de-medicaments\/#primaryimage","url":"","contentUrl":""},{"@type":"BreadcrumbList","@id":"https:\/\/novaorg.cofb.net\/2017\/09\/28\/comenca-la-quarta-edicio-dels-tallers-de-bones-practiques-de-distribucio-de-medicaments\/#breadcrumb","itemListElement":[{"@type":"ListItem","position":1,"name":"Inici","item":"https:\/\/novaorg.cofb.net\/"},{"@type":"ListItem","position":2,"name":"Comen\u00e7a la quarta edici\u00f3 dels tallers de bones pr\u00e0ctiques de distribuci\u00f3 de medicaments"}]},{"@type":"WebSite","@id":"https:\/\/www.cofb.org\/#website","url":"https:\/\/www.cofb.org\/","name":"Col\u00b7legi de Farmac\u00e8utics de Barcelona","description":"","publisher":{"@id":"https:\/\/www.cofb.org\/#organization"},"potentialAction":[{"@type":"SearchAction","target":{"@type":"EntryPoint","urlTemplate":"https:\/\/www.cofb.org\/?s={search_term_string}"},"query-input":"required name=search_term_string"}],"inLanguage":"ca"},{"@type":"Organization","@id":"https:\/\/www.cofb.org\/#organization","name":"Col\u00b7legi de Farmac\u00e8utics de Barcelona","url":"https:\/\/www.cofb.org\/","logo":{"@type":"ImageObject","inLanguage":"ca","@id":"https:\/\/www.cofb.org\/#\/schema\/logo\/image\/","url":"https:\/\/www.cofb.org\/wp-content\/uploads\/2023\/11\/cropped-Logotip-COFB.png","contentUrl":"https:\/\/www.cofb.org\/wp-content\/uploads\/2023\/11\/cropped-Logotip-COFB.png","width":500,"height":105,"caption":"Col\u00b7legi de Farmac\u00e8utics de Barcelona"},"image":{"@id":"https:\/\/www.cofb.org\/#\/schema\/logo\/image\/"},"sameAs":["https:\/\/www.facebook.com\/farmaceuticsbcn\/","https:\/\/twitter.com\/farmaceuticsbcn","https:\/\/www.instagram.com\/farmaceuticsbcn\/","https:\/\/www.linkedin.com\/company\/farmaceuticsbcn\/"]},{"@type":"Person","@id":"https:\/\/www.cofb.org\/#\/schema\/person\/22ed7eea88da74b0fa4d3154ad87ffcb","name":"wpAdminCofbOrg","image":{"@type":"ImageObject","inLanguage":"ca","@id":"https:\/\/www.cofb.org\/#\/schema\/person\/image\/","url":"https:\/\/secure.gravatar.com\/avatar\/1721b20b3b8ca882c3b56ec6c978c594fff670e40c0718e9190eaeeb76aae7d8?s=96&d=mm&r=g","contentUrl":"https:\/\/secure.gravatar.com\/avatar\/1721b20b3b8ca882c3b56ec6c978c594fff670e40c0718e9190eaeeb76aae7d8?s=96&d=mm&r=g","caption":"wpAdminCofbOrg"},"sameAs":["http:\/\/192.168.64.122\/wordpress"],"url":"https:\/\/www.cofb.org\/ca\/author\/wpadmincofborg\/"}]}},"uagb_featured_image_src":{"full":false,"thumbnail":false,"medium":false,"medium_large":false,"large":false,"1536x1536":false,"2048x2048":false,"trp-custom-language-flag":false},"uagb_author_info":{"display_name":"wpAdminCofbOrg","author_link":"https:\/\/www.cofb.org\/ca\/author\/wpadmincofborg\/"},"uagb_comment_info":0,"uagb_excerpt":"Aquest 28 de setembre s&#8217;ha iniciat la quarta edici\u00f3 dels tallers de bones pr\u00e0ctiques de distribuci\u00f3 de medicaments (BPD), amb un total de sis cursos que tindran lloc a partir d&#8217;ara i fins el gener de 2018. Els tallers estan organitzats pel Col\u00b7legi de Farmac\u00e8utics de Barcelona conjuntament amb el [&hellip;]","_links":{"self":[{"href":"https:\/\/www.cofb.org\/ca\/wp-json\/wp\/v2\/posts\/32440","targetHints":{"allow":["GET"]}}],"collection":[{"href":"https:\/\/www.cofb.org\/ca\/wp-json\/wp\/v2\/posts"}],"about":[{"href":"https:\/\/www.cofb.org\/ca\/wp-json\/wp\/v2\/types\/post"}],"author":[{"embeddable":true,"href":"https:\/\/www.cofb.org\/ca\/wp-json\/wp\/v2\/users\/1"}],"replies":[{"embeddable":true,"href":"https:\/\/www.cofb.org\/ca\/wp-json\/wp\/v2\/comments?post=32440"}],"version-history":[{"count":0,"href":"https:\/\/www.cofb.org\/ca\/wp-json\/wp\/v2\/posts\/32440\/revisions"}],"wp:featuredmedia":[{"embeddable":true,"href":"https:\/\/www.cofb.org\/ca\/wp-json\/"}],"wp:attachment":[{"href":"https:\/\/www.cofb.org\/ca\/wp-json\/wp\/v2\/media?parent=32440"}],"wp:term":[{"taxonomy":"category","embeddable":true,"href":"https:\/\/www.cofb.org\/ca\/wp-json\/wp\/v2\/categories?post=32440"},{"taxonomy":"post_tag","embeddable":true,"href":"https:\/\/www.cofb.org\/ca\/wp-json\/wp\/v2\/tags?post=32440"}],"curies":[{"name":"wp","href":"https:\/\/api.w.org\/{rel}","templated":true}]}}