{"id":32225,"date":"2017-09-22T12:00:59","date_gmt":"2017-09-22T10:00:59","guid":{"rendered":"http:\/\/blog.cofb.cat\/?p=32225"},"modified":"2017-09-22T12:00:59","modified_gmt":"2017-09-22T10:00:59","slug":"agost-polimedicacio-xarxa-de-farmacies-sentinella-horaris-oficines-de-farmacia-com-temes-mes-destacats","status":"publish","type":"post","link":"https:\/\/www.cofb.org\/ca\/2017\/09\/22\/agost-polimedicacio-xarxa-de-farmacies-sentinella-horaris-oficines-de-farmacia-com-temes-mes-destacats\/","title":{"rendered":"Agost: polimedicaci\u00f3, xarxa de farm\u00e0cies sentinella i temes d&#8217;estiu, els m\u00e9s destacats"},"content":{"rendered":"<p><b><div class=\"box shadow\"><\/b><b>Farm\u00e0cia assistencial: polimedicaci\u00f3 i xarxa de farm\u00e0cies sentinella<\/b><\/p>\n[caption id=\"attachment_32242\" align=\"alignright\" width=\"300\"]<a href=\"http:\/\/www.ondacero.es\/emisoras\/catalunya\/audios-podcast\/la-ciutat-estiu\/la-ciutat-destiu-1230h-23082017_20170823599d73aa0cf2ba3c4a40ecb6.html\" target=\"_blank\" rel=\"noopener\"><img fetchpriority=\"high\" decoding=\"async\" class=\"size-medium wp-image-32242   \" title=\"Agost: polimedicaci\u00f3, Xarxa de farm\u00e0cies sentinella i horaris oficines de farm\u00e0cia com a temes m\u00e9s destacats\" alt=\"La polimedicaci\u00f3 a Onda Cero\" src=\"http:\/\/blog.cofb.cat\/wp-content\/uploads\/2017\/09\/1cf-300x250.png\" width=\"300\" height=\"250\" \/><\/a> La polimedicaci\u00f3 a Onda Cero[\/caption]\n<p>La <b>polimedicaci\u00f3<\/b> \u00e9s, \u00faltimament, un dels temes recurrents als mitjans de comunicaci\u00f3 i, a l\u2019agost, en va ser per partida doble. Per una banda, el programa <i><a href=\"http:\/\/www.ondacero.es\/emisoras\/catalunya\/audios-podcast\/la-ciutat-estiu\/la-ciutat-destiu-1230h-23082017_20170823599d73aa0cf2ba3c4a40ecb6.html\" target=\"_blank\" rel=\"noopener\">La Ciutat d\u2019Estiu<\/a><\/i> d\u2019Onda Cero va reservar part de la seva emissi\u00f3 (del minut 14\u201935\u2019\u2019 al 20\u201931\u2019\u2019) per parlar-ne. <b>Guillermo Bagaria<\/b>, vicetresorer del Col\u00b7legi, va ser font d\u2019informaci\u00f3 i va explicar <b>el paper que el farmac\u00e8utic t\u00e9 en coordinaci\u00f3 amb el metge <\/b>i va compartir <b>algunes recomanacions<\/b>\u00a0que\u00a0<b>seria bo que els pacients duguessin a terme<\/b>.<\/p>\n[caption id=\"attachment_32243\" align=\"alignleft\" width=\"300\"]<a href=\"http:\/\/www.canalblau.cat\/xarxa-farmacies-sentinelles\/\" target=\"_blank\" rel=\"noopener\"><img decoding=\"async\" class=\"size-medium wp-image-32243  \" title=\"Agost: polimedicaci\u00f3, Xarxa de farm\u00e0cies sentinella i horaris oficines de farm\u00e0cia com a temes m\u00e9s destacats\" alt=\"Canal Blau informant sobre la Xarxa de farm\u00e0cies sentinelles\" src=\"http:\/\/blog.cofb.cat\/wp-content\/uploads\/2017\/09\/1cnblau-300x258.png\" width=\"300\" height=\"258\" \/><\/a> Canal Blau informant sobre la Xarxa de farm\u00e0cies sentinelles[\/caption]\n<p>En segon lloc, El Peri\u00f3dico de Catalunya tamb\u00e9 va informar sobre aquesta problem\u00e0tica i <b>va aprofundir en el<\/b> <b>paper assistencial del farmac\u00e8utic comunitari<\/b>. El rotatiu detallava que\u00a0<b>\u201cs\u00f3n m\u00faltiples les iniciatives portades a terme en aquests punts sanitaris (farm\u00e0cies comunit\u00e0ries) per a la millora de l\u2019\u00fas dels medicaments\u201d<\/b>, destacant els <b>Sistemes Personalitzats de Dosificaci\u00f3 (SPD)<\/b>. A la pe\u00e7a <b>es defineix en qu\u00e8 consisteix aquest servei i es ressalta la formaci\u00f3 que el Col\u00b7legi\u00a0<\/b>ofereix a aquells farmac\u00e8utics que el donen.<\/p>\n<p>Finalment, <b>la Xarxa de farm\u00e0cies sentinella<\/b>\u00a0va tenir un espai a <a href=\"http:\/\/www.canalblau.cat\/xarxa-farmacies-sentinelles\/\" target=\"_blank\" rel=\"noopener\">Canal Blau<\/a>. El mitj\u00e0 va explicar el programa, <b>impulsat pel Consell de Col\u00b7legis Farmac\u00e8utics de Catalunya<\/b>, <b>i va recollir declaracions d\u2019una farm\u00e0cia de Vilanova i la Geltr\u00fa<\/b> per\u00a0<b>con\u00e8ixer el punt de vista dels professionals que s\u2019hi han adherit.<b><\/div><\/b><\/b><\/p>\n<p><b><div class=\"box shadow\">Horaris de les oficines de farm\u00e0cia\u00a0<\/b><\/p>\n[caption id=\"attachment_32245\" align=\"alignright\" width=\"300\"]<a href=\"http:\/\/www.correofarmaceutico.com\/2017\/01\/09\/gestion\/cerrar-a-las-1800-muy-complicado-en-botica-por-un-impedimento-legal-\" target=\"_blank\" rel=\"noopener\"><img decoding=\"async\" class=\"size-medium wp-image-32245  \" title=\"Agost: polimedicaci\u00f3, Xarxa de farm\u00e0cies sentinella i horaris oficines de farm\u00e0cia com a temes m\u00e9s destacats\" alt=\"La jornada laboral de les farm\u00e0cies al Correo Farmac\u00e9utico\" src=\"http:\/\/blog.cofb.cat\/wp-content\/uploads\/2017\/09\/2CFF-300x293.png\" width=\"300\" height=\"293\" \/><\/a> La jornada laboral de les farm\u00e0cies al Correo Farmac\u00e9utico[\/caption]\n<p>A principis d\u2019agost es va con\u00e8ixer la voluntat del Govern d\u2019Espanya <b>d\u2019acotar la jornada laboral fins a les 18:00 hores.<\/b> Arran d\u2019aquestes informacions, <a href=\"http:\/\/www.correofarmaceutico.com\/2017\/01\/09\/gestion\/cerrar-a-las-1800-muy-complicado-en-botica-por-un-impedimento-legal-\" target=\"_blank\" rel=\"noopener\">Correo Farmac\u00e9utico<\/a> va publicar una not\u00edcia explicant <b>la dificultat d&#8217;implementar aquesta nova mesura a les oficines de farm\u00e0cia<\/b>. El mitj\u00e0 feia refer\u00e8ncia a <b>diferents q\u00fcestions legals<\/b> <b>que ho impedien <\/b>i, per tal d\u2019abordar el tema amb m\u00e9s profunditat, va recollir declaracions de diversos responsables de col\u00b7legis de farmac\u00e8utics, entre ells, <b>Jordi Casas<\/b>, secretari del Col\u00b7legi. Casas va concretar que aquestes mesures podrien modificar els horaris de les farm\u00e0cies, per\u00f2 que, <b>\u201cen qualsevol cas, el marc legislatiu seguiria assegurant l\u2019assist\u00e8ncia al ciutad\u00e0 24 hores\u201d.<b><\/div><\/b><\/b><b>\u00a0<\/b><\/p>\n<p><b><div class=\"box shadow\">Atenci\u00f3 als turistes des de la farm\u00e0cia\u00a0<\/b><\/p>\n[caption id=\"attachment_32266\" align=\"alignleft\" width=\"300\"]<a href=\"http:\/\/www.correofarmaceutico.com\/2017\/08\/03\/al-dia\/entorno\/las-farmacias-ya-no-son-solo-bilinges\" target=\"_blank\" rel=\"noopener\"><img loading=\"lazy\" decoding=\"async\" class=\"size-medium wp-image-32266  \" title=\"Agost: polimedicaci\u00f3, Xarxa de farm\u00e0cies sentinella i horaris oficines de farm\u00e0cia com a temes m\u00e9s destacats\" alt=\"Correo Farmac\u00e9utico i l'atendi\u00f3 del turisme a les farm\u00e0cies \" src=\"http:\/\/blog.cofb.cat\/wp-content\/uploads\/2017\/09\/3CF-300x288.png\" width=\"300\" height=\"288\" \/><\/a> Correo Farmac\u00e9utico i l&#8217;atenci\u00f3 del turisme a les farm\u00e0cies[\/caption]\n<p>Aprofitant que era \u00e8poca d\u2019estiu, <a href=\"http:\/\/www.correofarmaceutico.com\/2017\/08\/03\/al-dia\/entorno\/las-farmacias-ya-no-son-solo-bilinges\" target=\"_blank\" rel=\"noopener\">Correo Farmac\u00e9utico<\/a> va realitzar una pe\u00e7a on es relacionava <b>turisme i farm\u00e0cia.<\/b> La not\u00edcia se centrava a explicar <b>l\u2019atenci\u00f3 que el professional fa aquest sector i compartia experi\u00e8ncies de diferents farmac\u00e8utics<\/b>, com <b>Montserrat Giron\u00e8s<\/b>, vocal d\u2019Ortop\u00e8dia del COFB. Giron\u00e8s va ressaltar <b>el paper assistencial que les farm\u00e0cies situades en punts tur\u00edstics poden fer<\/b>, tamb\u00e9, amb<b>\u00a0aquest col\u00b7lectiu<\/b>, posant com a exemple la prova del VIH. Alhora, el mitj\u00e0 va destacar algunes iniciatives i projectes que es duen a terme des del Col\u00b7legi per l\u2019atenci\u00f3 als turistes. Es va informar tamb\u00e9 sobre el curs <b><i>La salut del viatger<\/i> d\u2019\u00c0gora Sanit\u00e0ria<\/b>, <b>el traductor de s\u00edmptomes de salut<\/b>, que es troba en 18 idiomes a la web de salut del Col\u00b7legi, el <a href=\"https:\/\/www.farmaceuticonline.com\" target=\"_blank\" rel=\"noopener\">Farmaceuticonline<\/a>, aix\u00ed com dues peces d\u2019aquest portal i, finalment, el diccionari <b><i>L\u00e8xic de f\u00e0rmacs<\/i>,<\/b> en el qual el Col\u00b7legi hi va col\u00b7laborar.<b><\/div><\/b><b>\u00a0<\/b><\/p>\n<p><b><div class=\"box shadow\">Sol i medicaci\u00f3<\/b><\/p>\n<p><b>La interacci\u00f3 entre medicaci\u00f3 i sol<\/b> va ser un dels temes que es van tractar en el programa <i><a href=\"http:\/\/estaticos.marca.com\/radio\/2017\/08\/22\/media\/22082017153000CUIDATE_e221faa45d00513c0795014b969b1b3f.MP3\" target=\"_blank\" rel=\"noopener\">Cu\u00eddate<\/a> <\/i>de Radio Marca del 22 d\u2019agost, on es va contactar amb <b>Marta Alcalde<\/b>, vocal de Dermofarm\u00e0cia i Productes Sanitaris del COFB, com a font experta per resoldre els dubtes al respecte. D\u2019aquesta manera, Alcalde va definir, entre moltes altres q\u00fcestions, <b>qu\u00e8 s\u2019ent\u00e9n per efectes fotosensibles d\u2019alguns f\u00e0rmacs i va compartir algunes mesures de prevenci\u00f3<\/b>. Si ho voleu sentir, es va parlar d\u2019aquest tema del minut 2\u201919\u2019\u2019 al 12\u2019 35\u2019\u2019.<b><\/div><\/b><b>\u00a0<\/b><\/p>\n<p><b><div class=\"box shadow\">Mem\u00f2ria del Col\u00b7legi\u00a0<\/b><\/p>\n[caption id=\"attachment_32267\" align=\"alignright\" width=\"300\"]<a href=\"http:\/\/revistafarmanatur.com\/gestion-farmaceutica\/cofb-balance-trayectoria-2016\/\" target=\"_blank\" rel=\"noopener\"><img loading=\"lazy\" decoding=\"async\" class=\"size-medium wp-image-32267  \" title=\"Agost: polimedicaci\u00f3, Xarxa de farm\u00e0cies sentinella i horaris oficines de farm\u00e0cia com a temes m\u00e9s destacats\" alt=\"La Mem\u00f2ria del COFB a Farmantur\" src=\"http:\/\/blog.cofb.cat\/wp-content\/uploads\/2017\/09\/5farmantur-300x186.png\" width=\"300\" height=\"186\" \/><\/a> La Mem\u00f2ria del COFB a Farmantur[\/caption]\n<p>La revista especialitzada <a href=\"http:\/\/revistafarmanatur.com\/gestion-farmaceutica\/cofb-balance-trayectoria-2016\/\" target=\"_blank\" rel=\"noopener\">Farmanatur<\/a> va publicar el passat 31 d\u2019agost una not\u00edcia sobre la <b>Mem\u00f2ria del 2016 del Col\u00b7legi.<\/b> El mitj\u00e0 va sintetitzar el contingut del document posant l&#8217;\u00e8mfasi en algun dels projectes en els quals s\u2019ha participat, com <b>la detecci\u00f3 preco\u00e7 del c\u00e0ncer de c\u00f2lon, prevenci\u00f3 de l&#8217;ictus o la xarxa de farm\u00e0cies sentinelles<\/b>, entre d&#8217;altres. Alhora va destacar\u00a0<b>la creaci\u00f3 de la Comissi\u00f3 de Comprom\u00eds Social<\/b> i va compartir part de <b>la introducci\u00f3 del president del COFB, Jordi de Dalmases.<b><\/div><\/b><\/b><\/p>\n<p><b><div class=\"box shadow\">Atemptats terroristes a Barcelona i Cambrils<\/b><\/p>\n<p>Des del Col\u00b7legi es va fer una pe\u00e7a pel <a href=\"http:\/\/blog.cofb.cat\/el-cof-de-barcelona-condemna-els-atemptats-reconeix-la-tasca-dels-professionals-sanitaris\/\" target=\"_blank\" rel=\"noopener\">Blog<\/a> condemnant els atemptats terroristes a Barcelona i Cambrils que es van donar el 17 d\u2019agost. D\u2019aquesta manera, el COFB es va adherir a tots als professionals i centres sanitaris que van refusar aquests actes, escenificant-ho amb un minut de silenci l\u2019endem\u00e0.<b><\/div><\/b><\/p>\n","protected":false},"excerpt":{"rendered":"<p>\u00a0 \u00a0 \u00a0<\/p>\n","protected":false},"author":1,"featured_media":32301,"comment_status":"open","ping_status":"open","sticky":false,"template":"","format":"standard","meta":{"_uag_custom_page_level_css":"","site-sidebar-layout":"default","site-content-layout":"","ast-site-content-layout":"default","site-content-style":"default","site-sidebar-style":"default","ast-global-header-display":"","ast-banner-title-visibility":"","ast-main-header-display":"","ast-hfb-above-header-display":"","ast-hfb-below-header-display":"","ast-hfb-mobile-header-display":"","site-post-title":"","ast-breadcrumbs-content":"","ast-featured-img":"disabled","footer-sml-layout":"","theme-transparent-header-meta":"","adv-header-id-meta":"","stick-header-meta":"","header-above-stick-meta":"","header-main-stick-meta":"","header-below-stick-meta":"","astra-migrate-meta-layouts":"default","ast-page-background-enabled":"default","ast-page-background-meta":{"desktop":{"background-color":"var(--ast-global-color-4)","background-image":"","background-repeat":"repeat","background-position":"center center","background-size":"auto","background-attachment":"scroll","background-type":"","background-media":"","overlay-type":"","overlay-color":"","overlay-opacity":"","overlay-gradient":""},"tablet":{"background-color":"","background-image":"","background-repeat":"repeat","background-position":"center center","background-size":"auto","background-attachment":"scroll","background-type":"","background-media":"","overlay-type":"","overlay-color":"","overlay-opacity":"","overlay-gradient":""},"mobile":{"background-color":"","background-image":"","background-repeat":"repeat","background-position":"center center","background-size":"auto","background-attachment":"scroll","background-type":"","background-media":"","overlay-type":"","overlay-color":"","overlay-opacity":"","overlay-gradient":""}},"ast-content-background-meta":{"desktop":{"background-color":"var(--ast-global-color-5)","background-image":"","background-repeat":"repeat","background-position":"center center","background-size":"auto","background-attachment":"scroll","background-type":"","background-media":"","overlay-type":"","overlay-color":"","overlay-opacity":"","overlay-gradient":""},"tablet":{"background-color":"var(--ast-global-color-5)","background-image":"","background-repeat":"repeat","background-position":"center center","background-size":"auto","background-attachment":"scroll","background-type":"","background-media":"","overlay-type":"","overlay-color":"","overlay-opacity":"","overlay-gradient":""},"mobile":{"background-color":"var(--ast-global-color-5)","background-image":"","background-repeat":"repeat","background-position":"center center","background-size":"auto","background-attachment":"scroll","background-type":"","background-media":"","overlay-type":"","overlay-color":"","overlay-opacity":"","overlay-gradient":""}},"footnotes":""},"categories":[23,32],"tags":[2863,113,2845,2864,459,932,2865,2866,2216,2867],"class_list":["post-32225","post","type-post","status-publish","format-standard","has-post-thumbnail","hentry","category-destacats","category-noticies-farmacia","tag-atencio-las-turistes","tag-farmacia-assistencial","tag-memoria-2016","tag-memoria-del-cofb","tag-mitjans","tag-polimedicacio","tag-sistemes-personalitzats-de-d","tag-sol-i-medicacio","tag-spd","tag-xarxa-de-farmacies-sentinelles"],"yoast_head":"<!-- This site is optimized with the Yoast SEO plugin v22.4 - https:\/\/yoast.com\/wordpress\/plugins\/seo\/ -->\n<title>Agost: polimedicaci\u00f3, Xarxa de farm\u00e0cies sentinella i horaris oficines de farm\u00e0cia com a temes m\u00e9s destacats<\/title>\n<meta name=\"description\" content=\"Agost: polimedicaci\u00f3, Xarxa de farm\u00e0cies sentinella i horaris oficines de farm\u00e0cia com a temes m\u00e9s destacats\" \/>\n<meta name=\"robots\" content=\"index, follow, max-snippet:-1, max-image-preview:large, max-video-preview:-1\" \/>\n<link rel=\"canonical\" href=\"https:\/\/novaorg.cofb.net\/2017\/09\/22\/agost-polimedicacio-xarxa-de-farmacies-sentinella-horaris-oficines-de-farmacia-com-temes-mes-destacats\/\" \/>\n<meta property=\"og:locale\" content=\"ca_ES\" \/>\n<meta property=\"og:type\" content=\"article\" \/>\n<meta property=\"og:title\" content=\"Agost: polimedicaci\u00f3, Xarxa de farm\u00e0cies sentinella i horaris oficines de farm\u00e0cia com a temes m\u00e9s destacats\" \/>\n<meta property=\"og:description\" content=\"Agost: polimedicaci\u00f3, Xarxa de farm\u00e0cies sentinella i horaris oficines de farm\u00e0cia com a temes m\u00e9s destacats\" \/>\n<meta property=\"og:url\" content=\"https:\/\/novaorg.cofb.net\/2017\/09\/22\/agost-polimedicacio-xarxa-de-farmacies-sentinella-horaris-oficines-de-farmacia-com-temes-mes-destacats\/\" \/>\n<meta property=\"og:site_name\" content=\"Col\u00b7legi de Farmac\u00e8utics de Barcelona\" \/>\n<meta property=\"article:publisher\" content=\"https:\/\/www.facebook.com\/farmaceuticsbcn\/\" \/>\n<meta property=\"article:published_time\" content=\"2017-09-22T10:00:59+00:00\" \/>\n<meta name=\"author\" content=\"wpAdminCofbOrg\" \/>\n<meta name=\"twitter:card\" content=\"summary_large_image\" \/>\n<meta name=\"twitter:creator\" content=\"@farmaceuticsbcn\" \/>\n<meta name=\"twitter:site\" content=\"@farmaceuticsbcn\" \/>\n<meta name=\"twitter:label1\" content=\"Escrit per\" \/>\n\t<meta name=\"twitter:data1\" content=\"wpAdminCofbOrg\" \/>\n\t<meta name=\"twitter:label2\" content=\"Temps estimat de lectura\" \/>\n\t<meta name=\"twitter:data2\" content=\"5 minuts\" \/>\n<script type=\"application\/ld+json\" class=\"yoast-schema-graph\">{\"@context\":\"https:\/\/schema.org\",\"@graph\":[{\"@type\":\"Article\",\"@id\":\"https:\/\/novaorg.cofb.net\/2017\/09\/22\/agost-polimedicacio-xarxa-de-farmacies-sentinella-horaris-oficines-de-farmacia-com-temes-mes-destacats\/#article\",\"isPartOf\":{\"@id\":\"https:\/\/novaorg.cofb.net\/2017\/09\/22\/agost-polimedicacio-xarxa-de-farmacies-sentinella-horaris-oficines-de-farmacia-com-temes-mes-destacats\/\"},\"author\":{\"name\":\"wpAdminCofbOrg\",\"@id\":\"https:\/\/www.cofb.org\/#\/schema\/person\/22ed7eea88da74b0fa4d3154ad87ffcb\"},\"headline\":\"Agost: polimedicaci\u00f3, xarxa de farm\u00e0cies sentinella i temes d&#8217;estiu, els m\u00e9s destacats\",\"datePublished\":\"2017-09-22T10:00:59+00:00\",\"dateModified\":\"2017-09-22T10:00:59+00:00\",\"mainEntityOfPage\":{\"@id\":\"https:\/\/novaorg.cofb.net\/2017\/09\/22\/agost-polimedicacio-xarxa-de-farmacies-sentinella-horaris-oficines-de-farmacia-com-temes-mes-destacats\/\"},\"wordCount\":927,\"commentCount\":0,\"publisher\":{\"@id\":\"https:\/\/www.cofb.org\/#organization\"},\"image\":{\"@id\":\"https:\/\/novaorg.cofb.net\/2017\/09\/22\/agost-polimedicacio-xarxa-de-farmacies-sentinella-horaris-oficines-de-farmacia-com-temes-mes-destacats\/#primaryimage\"},\"thumbnailUrl\":\"\",\"keywords\":[\"atenci\u00f3 las turistes\",\"farm\u00e0cia assistencial\",\"Mem\u00f2ria 2016\",\"memoria del cofb\",\"Mitjans\",\"polimedicaci\u00f3\",\"Sistemes personalitzats de d\",\"sol i medicaci\u00f3\",\"SPD\",\"xarxa de farm\u00e0cies sentinelles\"],\"articleSection\":[\"Destacats\",\"Not\u00edcies farm\u00e0cia\"],\"inLanguage\":\"ca\",\"potentialAction\":[{\"@type\":\"CommentAction\",\"name\":\"Comment\",\"target\":[\"https:\/\/novaorg.cofb.net\/2017\/09\/22\/agost-polimedicacio-xarxa-de-farmacies-sentinella-horaris-oficines-de-farmacia-com-temes-mes-destacats\/#respond\"]}]},{\"@type\":\"WebPage\",\"@id\":\"https:\/\/novaorg.cofb.net\/2017\/09\/22\/agost-polimedicacio-xarxa-de-farmacies-sentinella-horaris-oficines-de-farmacia-com-temes-mes-destacats\/\",\"url\":\"https:\/\/novaorg.cofb.net\/2017\/09\/22\/agost-polimedicacio-xarxa-de-farmacies-sentinella-horaris-oficines-de-farmacia-com-temes-mes-destacats\/\",\"name\":\"Agost: polimedicaci\u00f3, Xarxa de farm\u00e0cies sentinella i horaris oficines de farm\u00e0cia com a temes m\u00e9s destacats\",\"isPartOf\":{\"@id\":\"https:\/\/www.cofb.org\/#website\"},\"primaryImageOfPage\":{\"@id\":\"https:\/\/novaorg.cofb.net\/2017\/09\/22\/agost-polimedicacio-xarxa-de-farmacies-sentinella-horaris-oficines-de-farmacia-com-temes-mes-destacats\/#primaryimage\"},\"image\":{\"@id\":\"https:\/\/novaorg.cofb.net\/2017\/09\/22\/agost-polimedicacio-xarxa-de-farmacies-sentinella-horaris-oficines-de-farmacia-com-temes-mes-destacats\/#primaryimage\"},\"thumbnailUrl\":\"\",\"datePublished\":\"2017-09-22T10:00:59+00:00\",\"dateModified\":\"2017-09-22T10:00:59+00:00\",\"description\":\"Agost: polimedicaci\u00f3, Xarxa de farm\u00e0cies sentinella i horaris oficines de farm\u00e0cia com a temes m\u00e9s destacats\",\"breadcrumb\":{\"@id\":\"https:\/\/novaorg.cofb.net\/2017\/09\/22\/agost-polimedicacio-xarxa-de-farmacies-sentinella-horaris-oficines-de-farmacia-com-temes-mes-destacats\/#breadcrumb\"},\"inLanguage\":\"ca\",\"potentialAction\":[{\"@type\":\"ReadAction\",\"target\":[\"https:\/\/novaorg.cofb.net\/2017\/09\/22\/agost-polimedicacio-xarxa-de-farmacies-sentinella-horaris-oficines-de-farmacia-com-temes-mes-destacats\/\"]}]},{\"@type\":\"ImageObject\",\"inLanguage\":\"ca\",\"@id\":\"https:\/\/novaorg.cofb.net\/2017\/09\/22\/agost-polimedicacio-xarxa-de-farmacies-sentinella-horaris-oficines-de-farmacia-com-temes-mes-destacats\/#primaryimage\",\"url\":\"\",\"contentUrl\":\"\"},{\"@type\":\"BreadcrumbList\",\"@id\":\"https:\/\/novaorg.cofb.net\/2017\/09\/22\/agost-polimedicacio-xarxa-de-farmacies-sentinella-horaris-oficines-de-farmacia-com-temes-mes-destacats\/#breadcrumb\",\"itemListElement\":[{\"@type\":\"ListItem\",\"position\":1,\"name\":\"Inici\",\"item\":\"https:\/\/novaorg.cofb.net\/\"},{\"@type\":\"ListItem\",\"position\":2,\"name\":\"Agost: polimedicaci\u00f3, xarxa de farm\u00e0cies sentinella i temes d&#8217;estiu, els m\u00e9s destacats\"}]},{\"@type\":\"WebSite\",\"@id\":\"https:\/\/www.cofb.org\/#website\",\"url\":\"https:\/\/www.cofb.org\/\",\"name\":\"Col\u00b7legi de Farmac\u00e8utics de Barcelona\",\"description\":\"\",\"publisher\":{\"@id\":\"https:\/\/www.cofb.org\/#organization\"},\"potentialAction\":[{\"@type\":\"SearchAction\",\"target\":{\"@type\":\"EntryPoint\",\"urlTemplate\":\"https:\/\/www.cofb.org\/?s={search_term_string}\"},\"query-input\":\"required name=search_term_string\"}],\"inLanguage\":\"ca\"},{\"@type\":\"Organization\",\"@id\":\"https:\/\/www.cofb.org\/#organization\",\"name\":\"Col\u00b7legi de Farmac\u00e8utics de Barcelona\",\"url\":\"https:\/\/www.cofb.org\/\",\"logo\":{\"@type\":\"ImageObject\",\"inLanguage\":\"ca\",\"@id\":\"https:\/\/www.cofb.org\/#\/schema\/logo\/image\/\",\"url\":\"https:\/\/www.cofb.org\/wp-content\/uploads\/2023\/11\/cropped-Logotip-COFB.png\",\"contentUrl\":\"https:\/\/www.cofb.org\/wp-content\/uploads\/2023\/11\/cropped-Logotip-COFB.png\",\"width\":500,\"height\":105,\"caption\":\"Col\u00b7legi de Farmac\u00e8utics de Barcelona\"},\"image\":{\"@id\":\"https:\/\/www.cofb.org\/#\/schema\/logo\/image\/\"},\"sameAs\":[\"https:\/\/www.facebook.com\/farmaceuticsbcn\/\",\"https:\/\/twitter.com\/farmaceuticsbcn\",\"https:\/\/www.instagram.com\/farmaceuticsbcn\/\",\"https:\/\/www.linkedin.com\/company\/farmaceuticsbcn\/\"]},{\"@type\":\"Person\",\"@id\":\"https:\/\/www.cofb.org\/#\/schema\/person\/22ed7eea88da74b0fa4d3154ad87ffcb\",\"name\":\"wpAdminCofbOrg\",\"image\":{\"@type\":\"ImageObject\",\"inLanguage\":\"ca\",\"@id\":\"https:\/\/www.cofb.org\/#\/schema\/person\/image\/\",\"url\":\"https:\/\/secure.gravatar.com\/avatar\/1721b20b3b8ca882c3b56ec6c978c594fff670e40c0718e9190eaeeb76aae7d8?s=96&d=mm&r=g\",\"contentUrl\":\"https:\/\/secure.gravatar.com\/avatar\/1721b20b3b8ca882c3b56ec6c978c594fff670e40c0718e9190eaeeb76aae7d8?s=96&d=mm&r=g\",\"caption\":\"wpAdminCofbOrg\"},\"sameAs\":[\"http:\/\/192.168.64.122\/wordpress\"],\"url\":\"https:\/\/www.cofb.org\/ca\/author\/wpadmincofborg\/\"}]}<\/script>\n<!-- \/ Yoast SEO plugin. -->","yoast_head_json":{"title":"Agost: polimedicaci\u00f3, Xarxa de farm\u00e0cies sentinella i horaris oficines de farm\u00e0cia com a temes m\u00e9s destacats","description":"Agost: polimedicaci\u00f3, Xarxa de farm\u00e0cies sentinella i horaris oficines de farm\u00e0cia com a temes m\u00e9s destacats","robots":{"index":"index","follow":"follow","max-snippet":"max-snippet:-1","max-image-preview":"max-image-preview:large","max-video-preview":"max-video-preview:-1"},"canonical":"https:\/\/novaorg.cofb.net\/2017\/09\/22\/agost-polimedicacio-xarxa-de-farmacies-sentinella-horaris-oficines-de-farmacia-com-temes-mes-destacats\/","og_locale":"ca_ES","og_type":"article","og_title":"Agost: polimedicaci\u00f3, Xarxa de farm\u00e0cies sentinella i horaris oficines de farm\u00e0cia com a temes m\u00e9s destacats","og_description":"Agost: polimedicaci\u00f3, Xarxa de farm\u00e0cies sentinella i horaris oficines de farm\u00e0cia com a temes m\u00e9s destacats","og_url":"https:\/\/novaorg.cofb.net\/2017\/09\/22\/agost-polimedicacio-xarxa-de-farmacies-sentinella-horaris-oficines-de-farmacia-com-temes-mes-destacats\/","og_site_name":"Col\u00b7legi de Farmac\u00e8utics de Barcelona","article_publisher":"https:\/\/www.facebook.com\/farmaceuticsbcn\/","article_published_time":"2017-09-22T10:00:59+00:00","author":"wpAdminCofbOrg","twitter_card":"summary_large_image","twitter_creator":"@farmaceuticsbcn","twitter_site":"@farmaceuticsbcn","twitter_misc":{"Escrit per":"wpAdminCofbOrg","Temps estimat de lectura":"5 minuts"},"schema":{"@context":"https:\/\/schema.org","@graph":[{"@type":"Article","@id":"https:\/\/novaorg.cofb.net\/2017\/09\/22\/agost-polimedicacio-xarxa-de-farmacies-sentinella-horaris-oficines-de-farmacia-com-temes-mes-destacats\/#article","isPartOf":{"@id":"https:\/\/novaorg.cofb.net\/2017\/09\/22\/agost-polimedicacio-xarxa-de-farmacies-sentinella-horaris-oficines-de-farmacia-com-temes-mes-destacats\/"},"author":{"name":"wpAdminCofbOrg","@id":"https:\/\/www.cofb.org\/#\/schema\/person\/22ed7eea88da74b0fa4d3154ad87ffcb"},"headline":"Agost: polimedicaci\u00f3, xarxa de farm\u00e0cies sentinella i temes d&#8217;estiu, els m\u00e9s destacats","datePublished":"2017-09-22T10:00:59+00:00","dateModified":"2017-09-22T10:00:59+00:00","mainEntityOfPage":{"@id":"https:\/\/novaorg.cofb.net\/2017\/09\/22\/agost-polimedicacio-xarxa-de-farmacies-sentinella-horaris-oficines-de-farmacia-com-temes-mes-destacats\/"},"wordCount":927,"commentCount":0,"publisher":{"@id":"https:\/\/www.cofb.org\/#organization"},"image":{"@id":"https:\/\/novaorg.cofb.net\/2017\/09\/22\/agost-polimedicacio-xarxa-de-farmacies-sentinella-horaris-oficines-de-farmacia-com-temes-mes-destacats\/#primaryimage"},"thumbnailUrl":"","keywords":["atenci\u00f3 las turistes","farm\u00e0cia assistencial","Mem\u00f2ria 2016","memoria del cofb","Mitjans","polimedicaci\u00f3","Sistemes personalitzats de d","sol i medicaci\u00f3","SPD","xarxa de farm\u00e0cies sentinelles"],"articleSection":["Destacats","Not\u00edcies farm\u00e0cia"],"inLanguage":"ca","potentialAction":[{"@type":"CommentAction","name":"Comment","target":["https:\/\/novaorg.cofb.net\/2017\/09\/22\/agost-polimedicacio-xarxa-de-farmacies-sentinella-horaris-oficines-de-farmacia-com-temes-mes-destacats\/#respond"]}]},{"@type":"WebPage","@id":"https:\/\/novaorg.cofb.net\/2017\/09\/22\/agost-polimedicacio-xarxa-de-farmacies-sentinella-horaris-oficines-de-farmacia-com-temes-mes-destacats\/","url":"https:\/\/novaorg.cofb.net\/2017\/09\/22\/agost-polimedicacio-xarxa-de-farmacies-sentinella-horaris-oficines-de-farmacia-com-temes-mes-destacats\/","name":"Agost: polimedicaci\u00f3, Xarxa de farm\u00e0cies sentinella i horaris oficines de farm\u00e0cia com a temes m\u00e9s destacats","isPartOf":{"@id":"https:\/\/www.cofb.org\/#website"},"primaryImageOfPage":{"@id":"https:\/\/novaorg.cofb.net\/2017\/09\/22\/agost-polimedicacio-xarxa-de-farmacies-sentinella-horaris-oficines-de-farmacia-com-temes-mes-destacats\/#primaryimage"},"image":{"@id":"https:\/\/novaorg.cofb.net\/2017\/09\/22\/agost-polimedicacio-xarxa-de-farmacies-sentinella-horaris-oficines-de-farmacia-com-temes-mes-destacats\/#primaryimage"},"thumbnailUrl":"","datePublished":"2017-09-22T10:00:59+00:00","dateModified":"2017-09-22T10:00:59+00:00","description":"Agost: polimedicaci\u00f3, Xarxa de farm\u00e0cies sentinella i horaris oficines de farm\u00e0cia com a temes m\u00e9s destacats","breadcrumb":{"@id":"https:\/\/novaorg.cofb.net\/2017\/09\/22\/agost-polimedicacio-xarxa-de-farmacies-sentinella-horaris-oficines-de-farmacia-com-temes-mes-destacats\/#breadcrumb"},"inLanguage":"ca","potentialAction":[{"@type":"ReadAction","target":["https:\/\/novaorg.cofb.net\/2017\/09\/22\/agost-polimedicacio-xarxa-de-farmacies-sentinella-horaris-oficines-de-farmacia-com-temes-mes-destacats\/"]}]},{"@type":"ImageObject","inLanguage":"ca","@id":"https:\/\/novaorg.cofb.net\/2017\/09\/22\/agost-polimedicacio-xarxa-de-farmacies-sentinella-horaris-oficines-de-farmacia-com-temes-mes-destacats\/#primaryimage","url":"","contentUrl":""},{"@type":"BreadcrumbList","@id":"https:\/\/novaorg.cofb.net\/2017\/09\/22\/agost-polimedicacio-xarxa-de-farmacies-sentinella-horaris-oficines-de-farmacia-com-temes-mes-destacats\/#breadcrumb","itemListElement":[{"@type":"ListItem","position":1,"name":"Inici","item":"https:\/\/novaorg.cofb.net\/"},{"@type":"ListItem","position":2,"name":"Agost: polimedicaci\u00f3, xarxa de farm\u00e0cies sentinella i temes d&#8217;estiu, els m\u00e9s destacats"}]},{"@type":"WebSite","@id":"https:\/\/www.cofb.org\/#website","url":"https:\/\/www.cofb.org\/","name":"Col\u00b7legi de Farmac\u00e8utics de Barcelona","description":"","publisher":{"@id":"https:\/\/www.cofb.org\/#organization"},"potentialAction":[{"@type":"SearchAction","target":{"@type":"EntryPoint","urlTemplate":"https:\/\/www.cofb.org\/?s={search_term_string}"},"query-input":"required name=search_term_string"}],"inLanguage":"ca"},{"@type":"Organization","@id":"https:\/\/www.cofb.org\/#organization","name":"Col\u00b7legi de Farmac\u00e8utics de Barcelona","url":"https:\/\/www.cofb.org\/","logo":{"@type":"ImageObject","inLanguage":"ca","@id":"https:\/\/www.cofb.org\/#\/schema\/logo\/image\/","url":"https:\/\/www.cofb.org\/wp-content\/uploads\/2023\/11\/cropped-Logotip-COFB.png","contentUrl":"https:\/\/www.cofb.org\/wp-content\/uploads\/2023\/11\/cropped-Logotip-COFB.png","width":500,"height":105,"caption":"Col\u00b7legi de Farmac\u00e8utics de Barcelona"},"image":{"@id":"https:\/\/www.cofb.org\/#\/schema\/logo\/image\/"},"sameAs":["https:\/\/www.facebook.com\/farmaceuticsbcn\/","https:\/\/twitter.com\/farmaceuticsbcn","https:\/\/www.instagram.com\/farmaceuticsbcn\/","https:\/\/www.linkedin.com\/company\/farmaceuticsbcn\/"]},{"@type":"Person","@id":"https:\/\/www.cofb.org\/#\/schema\/person\/22ed7eea88da74b0fa4d3154ad87ffcb","name":"wpAdminCofbOrg","image":{"@type":"ImageObject","inLanguage":"ca","@id":"https:\/\/www.cofb.org\/#\/schema\/person\/image\/","url":"https:\/\/secure.gravatar.com\/avatar\/1721b20b3b8ca882c3b56ec6c978c594fff670e40c0718e9190eaeeb76aae7d8?s=96&d=mm&r=g","contentUrl":"https:\/\/secure.gravatar.com\/avatar\/1721b20b3b8ca882c3b56ec6c978c594fff670e40c0718e9190eaeeb76aae7d8?s=96&d=mm&r=g","caption":"wpAdminCofbOrg"},"sameAs":["http:\/\/192.168.64.122\/wordpress"],"url":"https:\/\/www.cofb.org\/ca\/author\/wpadmincofborg\/"}]}},"uagb_featured_image_src":{"full":false,"thumbnail":false,"medium":false,"medium_large":false,"large":false,"1536x1536":false,"2048x2048":false,"trp-custom-language-flag":false},"uagb_author_info":{"display_name":"wpAdminCofbOrg","author_link":"https:\/\/www.cofb.org\/ca\/author\/wpadmincofborg\/"},"uagb_comment_info":0,"uagb_excerpt":"\u00a0 \u00a0 \u00a0","_links":{"self":[{"href":"https:\/\/www.cofb.org\/ca\/wp-json\/wp\/v2\/posts\/32225","targetHints":{"allow":["GET"]}}],"collection":[{"href":"https:\/\/www.cofb.org\/ca\/wp-json\/wp\/v2\/posts"}],"about":[{"href":"https:\/\/www.cofb.org\/ca\/wp-json\/wp\/v2\/types\/post"}],"author":[{"embeddable":true,"href":"https:\/\/www.cofb.org\/ca\/wp-json\/wp\/v2\/users\/1"}],"replies":[{"embeddable":true,"href":"https:\/\/www.cofb.org\/ca\/wp-json\/wp\/v2\/comments?post=32225"}],"version-history":[{"count":0,"href":"https:\/\/www.cofb.org\/ca\/wp-json\/wp\/v2\/posts\/32225\/revisions"}],"wp:featuredmedia":[{"embeddable":true,"href":"https:\/\/www.cofb.org\/ca\/wp-json\/"}],"wp:attachment":[{"href":"https:\/\/www.cofb.org\/ca\/wp-json\/wp\/v2\/media?parent=32225"}],"wp:term":[{"taxonomy":"category","embeddable":true,"href":"https:\/\/www.cofb.org\/ca\/wp-json\/wp\/v2\/categories?post=32225"},{"taxonomy":"post_tag","embeddable":true,"href":"https:\/\/www.cofb.org\/ca\/wp-json\/wp\/v2\/tags?post=32225"}],"curies":[{"name":"wp","href":"https:\/\/api.w.org\/{rel}","templated":true}]}}