{"id":32120,"date":"2017-09-22T12:39:38","date_gmt":"2017-09-22T11:39:38","guid":{"rendered":"http:\/\/blog.cofb.cat\/?p=32120"},"modified":"2017-09-22T12:39:38","modified_gmt":"2017-09-22T11:39:38","slug":"els-farmaceutics-celebren-el-seu-dia-mundial-recordant-laportacio-de-la-professio-en-la-millora-de-la-salut-de-les-persones","status":"publish","type":"post","link":"https:\/\/www.cofb.org\/ca\/2017\/09\/22\/els-farmaceutics-celebren-el-seu-dia-mundial-recordant-laportacio-de-la-professio-en-la-millora-de-la-salut-de-les-persones\/","title":{"rendered":"Els farmac\u00e8utics celebrem el Dia Mundial recordant l\u2019aportaci\u00f3 de la professi\u00f3 en la millora de la salut de les persones"},"content":{"rendered":"<p style=\"text-align: left;\"><a href=\"http:\/\/blog.cofb.cat\/wp-content\/uploads\/2017\/09\/p\u00f2sterDMF.jpg\" target=\"_blank\" rel=\"noopener\"><img fetchpriority=\"high\" decoding=\"async\" class=\"alignright  wp-image-32154\" title=\"Els farmac\u00e8utics celebrem el Dia Mundial recordant l\u2019aportaci\u00f3 de la professi\u00f3 en la millora de la salut de les persones\" alt=\"p\u00f2sterDMF\" src=\"http:\/\/blog.cofb.cat\/wp-content\/uploads\/2017\/09\/p\u00f2sterDMF.jpg\" width=\"388\" height=\"388\" \/><\/a>Aquest dilluns 25 de setembre se celebra el Dia Mundial del Farmac\u00e8utic, una commemoraci\u00f3 organitzada per la Federaci\u00f3 Farmac\u00e8utica\u00a0Internacional (FIP) que t\u00e9 com a lema <strong>\u201cDe la recerca a l\u2019assist\u00e8ncia sanit\u00e0ria: el\u00a0 farmac\u00e8utic al seu servei\u201d.<\/strong><\/p>\n<p style=\"text-align: left;\">Amb aquest missatge s\u2019ha volgut <strong>incidir en les aportacions de la professi\u00f3 farmac\u00e8utica<\/strong> a la salut des dels diferents \u00e0mbits d\u2019exercici de la professi\u00f3 i destacar la tasca que es realitza des de la proximitat i accessibilitat de la farm\u00e0cia comunit\u00e0ria.<\/p>\n<p style=\"text-align: left;\">Tamb\u00e9 s\u2019ha volgut <strong>recon\u00e8ixer la participaci\u00f3 del farmac\u00e8utic<\/strong> en els processos de <strong>reconeixement dels problemes de salut<\/strong>, la <strong>investigaci\u00f3<\/strong>, el <strong>desenvolupament de nous medicaments<\/strong> i la <strong>formaci\u00f3<\/strong> de futurs professionals de la salut.<\/p>\n<p><span style=\"text-decoration: underline; color: #008080;\"><strong>Professi\u00f3 farmac\u00e8utica <\/strong><\/span><\/p>\n<p>A la prov\u00edncia de Barcelona hi ha m\u00e9s de <b>8.600 farmac\u00e8utics <\/b>que treballen des dels diferents \u00e0mbits d\u2019exercici de la professi\u00f3\u00a0 per<b> millorar la salut<\/b> i el <b>benestar de les persones. <\/b>La col\u00b7laboraci\u00f3 entre els diferents professionals del sector tamb\u00e9 ha quedat recollida als materials que ha dissenyat el Consejo General de Colegios Oficiales de Farmac\u00e9uticos amb motiu d\u2019aquesta efem\u00e8ride: un <a href=\"http:\/\/www.portalfarma.com\/Profesionales\/campanaspf\/categorias\/Documents\/2017-Dia-Mundial-Farmaceutico-Catalan.pdf\" target=\"_blank\" rel=\"noopener\">cartell <\/a>per als farmac\u00e8utics, un <a href=\"https:\/\/www.youtube.com\/watch?v=R-zTKPy6mxk&amp;feature=youtu.be\" target=\"_blank\" rel=\"noopener\">v\u00eddeo commemoratiu <\/a>i <a href=\"http:\/\/www.portalfarma.com\/Profesionales\/campanaspf\/categorias\/Paginas\/Varios\/Dia-Mundial-Farmaceutico-2017.aspx\" target=\"_blank\" rel=\"noopener\">imatges per compartir a les xarxes socials<\/a> amb el hashtag #dmf2017.<\/p>\n<p><span style=\"text-decoration: underline;\"><b><div class=\"box info\"><\/b><\/span><span style=\"text-decoration: underline; color: #008080;\"><b> Qu\u00e8 ofereix el farmac\u00e8utic a la poblaci\u00f3?<\/b><\/span><\/p>\n<p>Les aportacions del farmac\u00e8utic a la societat s\u2019emmarquen en els <strong>diversos serveis<\/strong> que s\u2019ofereixen a les farm\u00e0cies en col\u00b7laboraci\u00f3 amb altres professionals sanitaris, entre els quals destaquen:<\/p>\n<p><em>Programes de reducci\u00f3 de danys:<\/em><\/p>\n<ul>\n<li>\u00a0<strong>Detecci\u00f3 preco\u00e7 del VIH<\/strong>.Hi han participat 70 farm\u00e0cies de Barcelona.<\/li>\n<\/ul>\n<ul>\n<li>\u00a0<strong>Programa de manteniment amb metadona<\/strong>. Se n&#8217;han beneficiat 670 persones i hi han participat 90 farm\u00e0cies.<\/li>\n<\/ul>\n<ul>\n<li><b>\u00a0Programa d\u2019Intercanvi de xeringues. <\/b>Hi han contribu\u00eft 240 farm\u00e0cies.<\/li>\n<\/ul>\n<p><em>I tamb\u00e9:<\/em><\/p>\n<ul>\n<li><b>Programa de detecci\u00f3 preco\u00e7 de c\u00e0ncer de c\u00f2lon i recte,<\/b> en el marc del qual 1.051 farm\u00e0cies han at\u00e8s 234.826 persones.<\/li>\n<\/ul>\n<ul>\n<li><strong>Programa de<\/strong> <b>farm\u00e0cies sentinelles,<\/b> que s\u2019ha ampliat recentment a <b>60 farm\u00e0cies de Catalunya<\/b> amb l\u2019objectiu d\u2019aportar informaci\u00f3 sobre l\u2019\u00fas dels medicaments per obtenir dades que es puguin integrar en sistemes de vigil\u00e0ncia d\u2019altres professionals sanitaris. <\/div><\/li>\n<\/ul>\n<p><iframe src=\"https:\/\/www.youtube.com\/embed\/R-zTKPy6mxk\" height=\"380\" width=\"615\" allowfullscreen=\"\" frameborder=\"0\"><\/iframe><\/p>\n<div class=\"box shadow\"><a href=\"http:\/\/blog.cofb.cat\/wp-content\/uploads\/2017\/09\/Infografia-DM-Farmac\u00e8utic-2017.jpg\" target=\"_blank\" rel=\"noopener\"><img decoding=\"async\" class=\"alignright  wp-image-32144\" title=\"Els farmac\u00e8utics celebrem el Dia Mundial recordant l\u2019aportaci\u00f3 de la professi\u00f3 en la millora de la salut de les persones\" alt=\"Infografia DM Farmac\u00e8utic 2017\" src=\"http:\/\/blog.cofb.cat\/wp-content\/uploads\/2017\/09\/Infografia-DM-Farmac\u00e8utic-2017.jpg\" width=\"328\" height=\"820\" \/><\/a><\/p>\n<p><b><span style=\"text-decoration: underline; color: #008080;\">La farm\u00e0cia a Catalunya<\/span><br \/>\n<\/b><\/p>\n<p><b>Quants col\u00b7legiats hi ha a Catalunya? <\/b>El nombre de <b>farmac\u00e8utics a Catalunya <\/b>s\u2019ha anat estabilitzant en els darrers tres anys, aix\u00ed per a l\u2019any 2016 el nombre total \u00e9s de <b>10.955, un 1,70% m\u00e9s que l\u2019any anterior:<\/b> 8.695 a la prov\u00edncia de Barcelona, 886 a Girona, 839 a Tarragona i 535 a Lleida.<\/p>\n<p><b>En quins \u00e0mbits exerceixen? 7.100 (el 64,81%) desenvolupen la seva tasca professional en alguna de les 3.18<\/b><b>2 far<\/b><b>m\u00e0cies del territori<\/b>, fet que suposa una mitjana de m\u00e9s de 2 farmac\u00e8utics per oficina de farm\u00e0cia. Alhora, un important percentatge de col\u00b7legiats desenvolupen la seva activitat professional en \u00e0mbits no exclusius pels farmac\u00e8utics, com \u00e9s el cas de l\u2019\u00e0mbit de la salut p\u00fablica, an\u00e0lisis cl\u00edniques, ind\u00fastria i distribuci\u00f3 farmac\u00e8utica. D\u2019altra banda, l\u2019adscripci\u00f3 dels farmac\u00e8utics a les diferents vocalies dels Col\u00b7legis remarca l\u2019inter\u00e8s professional espec\u00edfic en algunes \u00e0rees com s\u00f3n la <b>dermofarm\u00e0cia, l\u2019alimentaci\u00f3 i nutrici\u00f3, la fitoter\u00e0pia, l\u2019or<\/b><b>top\u00e8dia i la investigaci\u00f3 i doc\u00e8ncia<\/b> que es poden desenvolupar des de diferents formes d\u2019exercici de la professi\u00f3.<\/p>\n<p><b>Quin perfil predomina?<\/b> El <b>perfil del llicenciat<\/b> en farm\u00e0cia \u00e9s <b>femen\u00ed<\/b> \u2013 ja que representen el 73% de col\u00b7legiats \u2013 i<b>, pel que fa a les edats, la franja d\u2019edat on es concentra un major nombre de col\u00b7legiats a Catalunya \u00e9s la que va dels 35 a menys de 45 anys<\/b>, seguida de la de 45 a menys de 55 anys i la de menys de 35 anys. Tamb\u00e9 s\u2019observa una <b>feminitzaci\u00f3 progressiva de la professi\u00f3<\/b>, ja que el nombre de dones augmenta fins a un 78% sobre el total de farmac\u00e8utics col\u00b7legiats en la franja d\u2019edat de menys de 35 anys, mentre que en la de a partir de 65 anys, hi ha un 51,99% de dones i un 48,01% d\u2019homes. <\/div>\n<div class=\"box shadow\"> <span style=\"color: #008080;\"><span style=\"text-decoration: underline;\"><strong>Co<\/strong><\/span><b><span style=\"text-decoration: underline;\">m es distribueixen les farm\u00e0cies al territori?<\/span> <\/b><\/span><\/p>\n<p>Una de les caracter\u00edstiques distintives de la farm\u00e0cia \u00e9s la seva distribuci\u00f3, ja que gr\u00e0cies a criteris geogr\u00e0fics i demogr\u00e0fics recollits en la legislaci\u00f3, es garanteix que el<b> 99% de la poblaci\u00f3 disposi d\u2019una farm\u00e0cia on viu.<br \/>\n<\/b><br \/>\nLa distribuci\u00f3 de les farm\u00e0cies a Catalunya respon a la necessitat d\u2019assegurar un servei farmac\u00e8utic proper al ciutad\u00e0 de forma equitativa i de f\u00e0cil acc\u00e9s per a tothom, evitant, d\u2019aquesta manera, la concentraci\u00f3 en llocs m\u00e9s poblats o urbans en detriment de la poblaci\u00f3 que viu en llocs m\u00e9s rurals o de poca concentraci\u00f3. La seva ubicaci\u00f3 dep\u00e8n del nombre d\u2019habitants per \u00e0rea b\u00e0sica i contempla la dist\u00e0ncia m\u00ednima entre aquestes per tal d\u2019arribar a tots els nuclis poblacionals.<br \/>\n<b><br \/>\nCatalunya <\/b>va ser la<b> primera Comunitat de l\u2019Estat que va tenir una Llei d\u2019Ordenaci\u00f3 Farmac\u00e8utica pr\u00f2pia <\/b>(Llei 31\/1991)<b>,<\/b> aprovada per unanimitat de tot el Parlament de Catalunya.<\/p>\n<p>L\u2019<strong>extensa xarxa farmac\u00e8utica<\/strong> de Catalunya -3.182 oficines de farm\u00e0cia i 113 farmacioles-, fa que la r\u00e0tio de farm\u00e0cies per a la poblaci\u00f3 catalana sigui de les m\u00e9s altes d\u2019Europa. Concretament a Catalunya, hi ha una oficina de farm\u00e0cia per cada 2.350 habitants i 1 farmac\u00e8utic comunitari per cada 1.053 habitants, aproximadament, a l\u2019any 2016. <\/div>\n<p>Altres edicions del Dia Mundial del Farmac\u00e8utic recollides al Blog:<\/p>\n<p><a title=\"2014\" href=\"http:\/\/blog.cofb.cat\/dia-mundial-del-farmaceutic-accedir-al-farmaceutic-es-accedir-a-la-salut\/\" target=\"_blank\" rel=\"noopener\">2014<\/a><\/p>\n<p><a title=\"2015\" href=\"http:\/\/blog.cofb.cat\/dia-mundial-del-farmaceutic-el-teu-aliat-en-salut\/\" target=\"_blank\" rel=\"noopener\">2015<\/a><\/p>\n<p><a title=\"2016\" href=\"http:\/\/blog.cofb.cat\/els-farmaceutics-destaquen-en-el-seu-dia-mundial-el-compromis-amb-la-salut-dels-pacients\/ \" target=\"_blank\" rel=\"noopener\">2016<\/a><\/p>\n<p>Per a m\u00e9s informaci\u00f3, podeu consultar <a title=\"Portalfarma\" href=\"http:\/\/www.portalfarma.com\/Profesionales\/campanaspf\/categorias\/Paginas\/Varios\/Dia-Mundial-Farmaceutico-2017.aspx\" target=\"_blank\" rel=\"noopener\">Portalfarma<\/a>.<\/p>\n<p>&nbsp;<\/p>\n","protected":false},"excerpt":{"rendered":"<p>Aquest dilluns 25 de setembre se celebra el Dia Mundial del Farmac\u00e8utic, una commemoraci\u00f3 organitzada per la Federaci\u00f3 Farmac\u00e8utica\u00a0Internacional (FIP) que t\u00e9 com a lema \u201cDe la recerca a l\u2019assist\u00e8ncia sanit\u00e0ria: el\u00a0 farmac\u00e8utic al seu servei\u201d. Amb aquest missatge s\u2019ha volgut incidir en les aportacions de la professi\u00f3 farmac\u00e8utica a [&hellip;]<\/p>\n","protected":false},"author":1,"featured_media":32154,"comment_status":"open","ping_status":"open","sticky":false,"template":"","format":"standard","meta":{"_uag_custom_page_level_css":"","site-sidebar-layout":"default","site-content-layout":"","ast-site-content-layout":"default","site-content-style":"default","site-sidebar-style":"default","ast-global-header-display":"","ast-banner-title-visibility":"","ast-main-header-display":"","ast-hfb-above-header-display":"","ast-hfb-below-header-display":"","ast-hfb-mobile-header-display":"","site-post-title":"","ast-breadcrumbs-content":"","ast-featured-img":"disabled","footer-sml-layout":"","theme-transparent-header-meta":"","adv-header-id-meta":"","stick-header-meta":"","header-above-stick-meta":"","header-main-stick-meta":"","header-below-stick-meta":"","astra-migrate-meta-layouts":"default","ast-page-background-enabled":"default","ast-page-background-meta":{"desktop":{"background-color":"var(--ast-global-color-4)","background-image":"","background-repeat":"repeat","background-position":"center center","background-size":"auto","background-attachment":"scroll","background-type":"","background-media":"","overlay-type":"","overlay-color":"","overlay-opacity":"","overlay-gradient":""},"tablet":{"background-color":"","background-image":"","background-repeat":"repeat","background-position":"center center","background-size":"auto","background-attachment":"scroll","background-type":"","background-media":"","overlay-type":"","overlay-color":"","overlay-opacity":"","overlay-gradient":""},"mobile":{"background-color":"","background-image":"","background-repeat":"repeat","background-position":"center center","background-size":"auto","background-attachment":"scroll","background-type":"","background-media":"","overlay-type":"","overlay-color":"","overlay-opacity":"","overlay-gradient":""}},"ast-content-background-meta":{"desktop":{"background-color":"var(--ast-global-color-5)","background-image":"","background-repeat":"repeat","background-position":"center center","background-size":"auto","background-attachment":"scroll","background-type":"","background-media":"","overlay-type":"","overlay-color":"","overlay-opacity":"","overlay-gradient":""},"tablet":{"background-color":"var(--ast-global-color-5)","background-image":"","background-repeat":"repeat","background-position":"center center","background-size":"auto","background-attachment":"scroll","background-type":"","background-media":"","overlay-type":"","overlay-color":"","overlay-opacity":"","overlay-gradient":""},"mobile":{"background-color":"var(--ast-global-color-5)","background-image":"","background-repeat":"repeat","background-position":"center center","background-size":"auto","background-attachment":"scroll","background-type":"","background-media":"","overlay-type":"","overlay-color":"","overlay-opacity":"","overlay-gradient":""}},"footnotes":""},"categories":[23,32],"tags":[916,53,523,117,96],"class_list":["post-32120","post","type-post","status-publish","format-standard","has-post-thumbnail","hentry","category-destacats","category-noticies-farmacia","tag-dia-mundial-del-farmaceutic","tag-farmaceutics","tag-professionals-sanitaris","tag-salut","tag-salut-publica"],"yoast_head":"<!-- This site is optimized with the Yoast SEO plugin v22.4 - https:\/\/yoast.com\/wordpress\/plugins\/seo\/ -->\n<title>Els farmac\u00e8utics celebrem el Dia Mundial recordant l\u2019aportaci\u00f3 de la professi\u00f3 en la millora de la salut de les persones<\/title>\n<meta name=\"description\" content=\"Els farmac\u00e8utics celebrem el Dia Mundial recordant l\u2019aportaci\u00f3 de la professi\u00f3 en la millora de la salut de les persones\" \/>\n<meta name=\"robots\" content=\"index, follow, max-snippet:-1, max-image-preview:large, max-video-preview:-1\" \/>\n<link rel=\"canonical\" href=\"https:\/\/novaorg.cofb.net\/2017\/09\/22\/els-farmaceutics-celebren-el-seu-dia-mundial-recordant-laportacio-de-la-professio-en-la-millora-de-la-salut-de-les-persones\/\" \/>\n<meta property=\"og:locale\" content=\"ca_ES\" \/>\n<meta property=\"og:type\" content=\"article\" \/>\n<meta property=\"og:title\" content=\"Els farmac\u00e8utics celebrem el Dia Mundial recordant l\u2019aportaci\u00f3 de la professi\u00f3 en la millora de la salut de les persones\" \/>\n<meta property=\"og:description\" content=\"Els farmac\u00e8utics celebrem el Dia Mundial recordant l\u2019aportaci\u00f3 de la professi\u00f3 en la millora de la salut de les persones\" \/>\n<meta property=\"og:url\" content=\"https:\/\/novaorg.cofb.net\/2017\/09\/22\/els-farmaceutics-celebren-el-seu-dia-mundial-recordant-laportacio-de-la-professio-en-la-millora-de-la-salut-de-les-persones\/\" \/>\n<meta property=\"og:site_name\" content=\"Col\u00b7legi de Farmac\u00e8utics de Barcelona\" \/>\n<meta property=\"article:publisher\" content=\"https:\/\/www.facebook.com\/farmaceuticsbcn\/\" \/>\n<meta property=\"article:published_time\" content=\"2017-09-22T11:39:38+00:00\" \/>\n<meta name=\"author\" content=\"wpAdminCofbOrg\" \/>\n<meta name=\"twitter:card\" content=\"summary_large_image\" \/>\n<meta name=\"twitter:creator\" content=\"@farmaceuticsbcn\" \/>\n<meta name=\"twitter:site\" content=\"@farmaceuticsbcn\" \/>\n<meta name=\"twitter:label1\" content=\"Escrit per\" \/>\n\t<meta name=\"twitter:data1\" content=\"wpAdminCofbOrg\" \/>\n\t<meta name=\"twitter:label2\" content=\"Temps estimat de lectura\" \/>\n\t<meta name=\"twitter:data2\" content=\"5 minuts\" \/>\n<script type=\"application\/ld+json\" class=\"yoast-schema-graph\">{\"@context\":\"https:\/\/schema.org\",\"@graph\":[{\"@type\":\"Article\",\"@id\":\"https:\/\/novaorg.cofb.net\/2017\/09\/22\/els-farmaceutics-celebren-el-seu-dia-mundial-recordant-laportacio-de-la-professio-en-la-millora-de-la-salut-de-les-persones\/#article\",\"isPartOf\":{\"@id\":\"https:\/\/novaorg.cofb.net\/2017\/09\/22\/els-farmaceutics-celebren-el-seu-dia-mundial-recordant-laportacio-de-la-professio-en-la-millora-de-la-salut-de-les-persones\/\"},\"author\":{\"name\":\"wpAdminCofbOrg\",\"@id\":\"https:\/\/www.cofb.org\/#\/schema\/person\/22ed7eea88da74b0fa4d3154ad87ffcb\"},\"headline\":\"Els farmac\u00e8utics celebrem el Dia Mundial recordant l\u2019aportaci\u00f3 de la professi\u00f3 en la millora de la salut de les persones\",\"datePublished\":\"2017-09-22T11:39:38+00:00\",\"dateModified\":\"2017-09-22T11:39:38+00:00\",\"mainEntityOfPage\":{\"@id\":\"https:\/\/novaorg.cofb.net\/2017\/09\/22\/els-farmaceutics-celebren-el-seu-dia-mundial-recordant-laportacio-de-la-professio-en-la-millora-de-la-salut-de-les-persones\/\"},\"wordCount\":967,\"commentCount\":0,\"publisher\":{\"@id\":\"https:\/\/www.cofb.org\/#organization\"},\"image\":{\"@id\":\"https:\/\/novaorg.cofb.net\/2017\/09\/22\/els-farmaceutics-celebren-el-seu-dia-mundial-recordant-laportacio-de-la-professio-en-la-millora-de-la-salut-de-les-persones\/#primaryimage\"},\"thumbnailUrl\":\"\",\"keywords\":[\"Dia Mundial del Farmac\u00e8utic\",\"farmac\u00e8utics\",\"professionals sanitaris\",\"salut\",\"Salut p\u00fablica\"],\"articleSection\":[\"Destacats\",\"Not\u00edcies farm\u00e0cia\"],\"inLanguage\":\"ca\",\"potentialAction\":[{\"@type\":\"CommentAction\",\"name\":\"Comment\",\"target\":[\"https:\/\/novaorg.cofb.net\/2017\/09\/22\/els-farmaceutics-celebren-el-seu-dia-mundial-recordant-laportacio-de-la-professio-en-la-millora-de-la-salut-de-les-persones\/#respond\"]}]},{\"@type\":\"WebPage\",\"@id\":\"https:\/\/novaorg.cofb.net\/2017\/09\/22\/els-farmaceutics-celebren-el-seu-dia-mundial-recordant-laportacio-de-la-professio-en-la-millora-de-la-salut-de-les-persones\/\",\"url\":\"https:\/\/novaorg.cofb.net\/2017\/09\/22\/els-farmaceutics-celebren-el-seu-dia-mundial-recordant-laportacio-de-la-professio-en-la-millora-de-la-salut-de-les-persones\/\",\"name\":\"Els farmac\u00e8utics celebrem el Dia Mundial recordant l\u2019aportaci\u00f3 de la professi\u00f3 en la millora de la salut de les persones\",\"isPartOf\":{\"@id\":\"https:\/\/www.cofb.org\/#website\"},\"primaryImageOfPage\":{\"@id\":\"https:\/\/novaorg.cofb.net\/2017\/09\/22\/els-farmaceutics-celebren-el-seu-dia-mundial-recordant-laportacio-de-la-professio-en-la-millora-de-la-salut-de-les-persones\/#primaryimage\"},\"image\":{\"@id\":\"https:\/\/novaorg.cofb.net\/2017\/09\/22\/els-farmaceutics-celebren-el-seu-dia-mundial-recordant-laportacio-de-la-professio-en-la-millora-de-la-salut-de-les-persones\/#primaryimage\"},\"thumbnailUrl\":\"\",\"datePublished\":\"2017-09-22T11:39:38+00:00\",\"dateModified\":\"2017-09-22T11:39:38+00:00\",\"description\":\"Els farmac\u00e8utics celebrem el Dia Mundial recordant l\u2019aportaci\u00f3 de la professi\u00f3 en la millora de la salut de les persones\",\"breadcrumb\":{\"@id\":\"https:\/\/novaorg.cofb.net\/2017\/09\/22\/els-farmaceutics-celebren-el-seu-dia-mundial-recordant-laportacio-de-la-professio-en-la-millora-de-la-salut-de-les-persones\/#breadcrumb\"},\"inLanguage\":\"ca\",\"potentialAction\":[{\"@type\":\"ReadAction\",\"target\":[\"https:\/\/novaorg.cofb.net\/2017\/09\/22\/els-farmaceutics-celebren-el-seu-dia-mundial-recordant-laportacio-de-la-professio-en-la-millora-de-la-salut-de-les-persones\/\"]}]},{\"@type\":\"ImageObject\",\"inLanguage\":\"ca\",\"@id\":\"https:\/\/novaorg.cofb.net\/2017\/09\/22\/els-farmaceutics-celebren-el-seu-dia-mundial-recordant-laportacio-de-la-professio-en-la-millora-de-la-salut-de-les-persones\/#primaryimage\",\"url\":\"\",\"contentUrl\":\"\"},{\"@type\":\"BreadcrumbList\",\"@id\":\"https:\/\/novaorg.cofb.net\/2017\/09\/22\/els-farmaceutics-celebren-el-seu-dia-mundial-recordant-laportacio-de-la-professio-en-la-millora-de-la-salut-de-les-persones\/#breadcrumb\",\"itemListElement\":[{\"@type\":\"ListItem\",\"position\":1,\"name\":\"Inici\",\"item\":\"https:\/\/novaorg.cofb.net\/\"},{\"@type\":\"ListItem\",\"position\":2,\"name\":\"Els farmac\u00e8utics celebrem el Dia Mundial recordant l\u2019aportaci\u00f3 de la professi\u00f3 en la millora de la salut de les persones\"}]},{\"@type\":\"WebSite\",\"@id\":\"https:\/\/www.cofb.org\/#website\",\"url\":\"https:\/\/www.cofb.org\/\",\"name\":\"Col\u00b7legi de Farmac\u00e8utics de Barcelona\",\"description\":\"\",\"publisher\":{\"@id\":\"https:\/\/www.cofb.org\/#organization\"},\"potentialAction\":[{\"@type\":\"SearchAction\",\"target\":{\"@type\":\"EntryPoint\",\"urlTemplate\":\"https:\/\/www.cofb.org\/?s={search_term_string}\"},\"query-input\":\"required name=search_term_string\"}],\"inLanguage\":\"ca\"},{\"@type\":\"Organization\",\"@id\":\"https:\/\/www.cofb.org\/#organization\",\"name\":\"Col\u00b7legi de Farmac\u00e8utics de Barcelona\",\"url\":\"https:\/\/www.cofb.org\/\",\"logo\":{\"@type\":\"ImageObject\",\"inLanguage\":\"ca\",\"@id\":\"https:\/\/www.cofb.org\/#\/schema\/logo\/image\/\",\"url\":\"https:\/\/www.cofb.org\/wp-content\/uploads\/2023\/11\/cropped-Logotip-COFB.png\",\"contentUrl\":\"https:\/\/www.cofb.org\/wp-content\/uploads\/2023\/11\/cropped-Logotip-COFB.png\",\"width\":500,\"height\":105,\"caption\":\"Col\u00b7legi de Farmac\u00e8utics de Barcelona\"},\"image\":{\"@id\":\"https:\/\/www.cofb.org\/#\/schema\/logo\/image\/\"},\"sameAs\":[\"https:\/\/www.facebook.com\/farmaceuticsbcn\/\",\"https:\/\/twitter.com\/farmaceuticsbcn\",\"https:\/\/www.instagram.com\/farmaceuticsbcn\/\",\"https:\/\/www.linkedin.com\/company\/farmaceuticsbcn\/\"]},{\"@type\":\"Person\",\"@id\":\"https:\/\/www.cofb.org\/#\/schema\/person\/22ed7eea88da74b0fa4d3154ad87ffcb\",\"name\":\"wpAdminCofbOrg\",\"image\":{\"@type\":\"ImageObject\",\"inLanguage\":\"ca\",\"@id\":\"https:\/\/www.cofb.org\/#\/schema\/person\/image\/\",\"url\":\"https:\/\/secure.gravatar.com\/avatar\/1721b20b3b8ca882c3b56ec6c978c594fff670e40c0718e9190eaeeb76aae7d8?s=96&d=mm&r=g\",\"contentUrl\":\"https:\/\/secure.gravatar.com\/avatar\/1721b20b3b8ca882c3b56ec6c978c594fff670e40c0718e9190eaeeb76aae7d8?s=96&d=mm&r=g\",\"caption\":\"wpAdminCofbOrg\"},\"sameAs\":[\"http:\/\/192.168.64.122\/wordpress\"],\"url\":\"https:\/\/www.cofb.org\/ca\/author\/wpadmincofborg\/\"}]}<\/script>\n<!-- \/ Yoast SEO plugin. -->","yoast_head_json":{"title":"Els farmac\u00e8utics celebrem el Dia Mundial recordant l\u2019aportaci\u00f3 de la professi\u00f3 en la millora de la salut de les persones","description":"Els farmac\u00e8utics celebrem el Dia Mundial recordant l\u2019aportaci\u00f3 de la professi\u00f3 en la millora de la salut de les persones","robots":{"index":"index","follow":"follow","max-snippet":"max-snippet:-1","max-image-preview":"max-image-preview:large","max-video-preview":"max-video-preview:-1"},"canonical":"https:\/\/novaorg.cofb.net\/2017\/09\/22\/els-farmaceutics-celebren-el-seu-dia-mundial-recordant-laportacio-de-la-professio-en-la-millora-de-la-salut-de-les-persones\/","og_locale":"ca_ES","og_type":"article","og_title":"Els farmac\u00e8utics celebrem el Dia Mundial recordant l\u2019aportaci\u00f3 de la professi\u00f3 en la millora de la salut de les persones","og_description":"Els farmac\u00e8utics celebrem el Dia Mundial recordant l\u2019aportaci\u00f3 de la professi\u00f3 en la millora de la salut de les persones","og_url":"https:\/\/novaorg.cofb.net\/2017\/09\/22\/els-farmaceutics-celebren-el-seu-dia-mundial-recordant-laportacio-de-la-professio-en-la-millora-de-la-salut-de-les-persones\/","og_site_name":"Col\u00b7legi de Farmac\u00e8utics de Barcelona","article_publisher":"https:\/\/www.facebook.com\/farmaceuticsbcn\/","article_published_time":"2017-09-22T11:39:38+00:00","author":"wpAdminCofbOrg","twitter_card":"summary_large_image","twitter_creator":"@farmaceuticsbcn","twitter_site":"@farmaceuticsbcn","twitter_misc":{"Escrit per":"wpAdminCofbOrg","Temps estimat de lectura":"5 minuts"},"schema":{"@context":"https:\/\/schema.org","@graph":[{"@type":"Article","@id":"https:\/\/novaorg.cofb.net\/2017\/09\/22\/els-farmaceutics-celebren-el-seu-dia-mundial-recordant-laportacio-de-la-professio-en-la-millora-de-la-salut-de-les-persones\/#article","isPartOf":{"@id":"https:\/\/novaorg.cofb.net\/2017\/09\/22\/els-farmaceutics-celebren-el-seu-dia-mundial-recordant-laportacio-de-la-professio-en-la-millora-de-la-salut-de-les-persones\/"},"author":{"name":"wpAdminCofbOrg","@id":"https:\/\/www.cofb.org\/#\/schema\/person\/22ed7eea88da74b0fa4d3154ad87ffcb"},"headline":"Els farmac\u00e8utics celebrem el Dia Mundial recordant l\u2019aportaci\u00f3 de la professi\u00f3 en la millora de la salut de les persones","datePublished":"2017-09-22T11:39:38+00:00","dateModified":"2017-09-22T11:39:38+00:00","mainEntityOfPage":{"@id":"https:\/\/novaorg.cofb.net\/2017\/09\/22\/els-farmaceutics-celebren-el-seu-dia-mundial-recordant-laportacio-de-la-professio-en-la-millora-de-la-salut-de-les-persones\/"},"wordCount":967,"commentCount":0,"publisher":{"@id":"https:\/\/www.cofb.org\/#organization"},"image":{"@id":"https:\/\/novaorg.cofb.net\/2017\/09\/22\/els-farmaceutics-celebren-el-seu-dia-mundial-recordant-laportacio-de-la-professio-en-la-millora-de-la-salut-de-les-persones\/#primaryimage"},"thumbnailUrl":"","keywords":["Dia Mundial del Farmac\u00e8utic","farmac\u00e8utics","professionals sanitaris","salut","Salut p\u00fablica"],"articleSection":["Destacats","Not\u00edcies farm\u00e0cia"],"inLanguage":"ca","potentialAction":[{"@type":"CommentAction","name":"Comment","target":["https:\/\/novaorg.cofb.net\/2017\/09\/22\/els-farmaceutics-celebren-el-seu-dia-mundial-recordant-laportacio-de-la-professio-en-la-millora-de-la-salut-de-les-persones\/#respond"]}]},{"@type":"WebPage","@id":"https:\/\/novaorg.cofb.net\/2017\/09\/22\/els-farmaceutics-celebren-el-seu-dia-mundial-recordant-laportacio-de-la-professio-en-la-millora-de-la-salut-de-les-persones\/","url":"https:\/\/novaorg.cofb.net\/2017\/09\/22\/els-farmaceutics-celebren-el-seu-dia-mundial-recordant-laportacio-de-la-professio-en-la-millora-de-la-salut-de-les-persones\/","name":"Els farmac\u00e8utics celebrem el Dia Mundial recordant l\u2019aportaci\u00f3 de la professi\u00f3 en la millora de la salut de les persones","isPartOf":{"@id":"https:\/\/www.cofb.org\/#website"},"primaryImageOfPage":{"@id":"https:\/\/novaorg.cofb.net\/2017\/09\/22\/els-farmaceutics-celebren-el-seu-dia-mundial-recordant-laportacio-de-la-professio-en-la-millora-de-la-salut-de-les-persones\/#primaryimage"},"image":{"@id":"https:\/\/novaorg.cofb.net\/2017\/09\/22\/els-farmaceutics-celebren-el-seu-dia-mundial-recordant-laportacio-de-la-professio-en-la-millora-de-la-salut-de-les-persones\/#primaryimage"},"thumbnailUrl":"","datePublished":"2017-09-22T11:39:38+00:00","dateModified":"2017-09-22T11:39:38+00:00","description":"Els farmac\u00e8utics celebrem el Dia Mundial recordant l\u2019aportaci\u00f3 de la professi\u00f3 en la millora de la salut de les persones","breadcrumb":{"@id":"https:\/\/novaorg.cofb.net\/2017\/09\/22\/els-farmaceutics-celebren-el-seu-dia-mundial-recordant-laportacio-de-la-professio-en-la-millora-de-la-salut-de-les-persones\/#breadcrumb"},"inLanguage":"ca","potentialAction":[{"@type":"ReadAction","target":["https:\/\/novaorg.cofb.net\/2017\/09\/22\/els-farmaceutics-celebren-el-seu-dia-mundial-recordant-laportacio-de-la-professio-en-la-millora-de-la-salut-de-les-persones\/"]}]},{"@type":"ImageObject","inLanguage":"ca","@id":"https:\/\/novaorg.cofb.net\/2017\/09\/22\/els-farmaceutics-celebren-el-seu-dia-mundial-recordant-laportacio-de-la-professio-en-la-millora-de-la-salut-de-les-persones\/#primaryimage","url":"","contentUrl":""},{"@type":"BreadcrumbList","@id":"https:\/\/novaorg.cofb.net\/2017\/09\/22\/els-farmaceutics-celebren-el-seu-dia-mundial-recordant-laportacio-de-la-professio-en-la-millora-de-la-salut-de-les-persones\/#breadcrumb","itemListElement":[{"@type":"ListItem","position":1,"name":"Inici","item":"https:\/\/novaorg.cofb.net\/"},{"@type":"ListItem","position":2,"name":"Els farmac\u00e8utics celebrem el Dia Mundial recordant l\u2019aportaci\u00f3 de la professi\u00f3 en la millora de la salut de les persones"}]},{"@type":"WebSite","@id":"https:\/\/www.cofb.org\/#website","url":"https:\/\/www.cofb.org\/","name":"Col\u00b7legi de Farmac\u00e8utics de Barcelona","description":"","publisher":{"@id":"https:\/\/www.cofb.org\/#organization"},"potentialAction":[{"@type":"SearchAction","target":{"@type":"EntryPoint","urlTemplate":"https:\/\/www.cofb.org\/?s={search_term_string}"},"query-input":"required name=search_term_string"}],"inLanguage":"ca"},{"@type":"Organization","@id":"https:\/\/www.cofb.org\/#organization","name":"Col\u00b7legi de Farmac\u00e8utics de Barcelona","url":"https:\/\/www.cofb.org\/","logo":{"@type":"ImageObject","inLanguage":"ca","@id":"https:\/\/www.cofb.org\/#\/schema\/logo\/image\/","url":"https:\/\/www.cofb.org\/wp-content\/uploads\/2023\/11\/cropped-Logotip-COFB.png","contentUrl":"https:\/\/www.cofb.org\/wp-content\/uploads\/2023\/11\/cropped-Logotip-COFB.png","width":500,"height":105,"caption":"Col\u00b7legi de Farmac\u00e8utics de Barcelona"},"image":{"@id":"https:\/\/www.cofb.org\/#\/schema\/logo\/image\/"},"sameAs":["https:\/\/www.facebook.com\/farmaceuticsbcn\/","https:\/\/twitter.com\/farmaceuticsbcn","https:\/\/www.instagram.com\/farmaceuticsbcn\/","https:\/\/www.linkedin.com\/company\/farmaceuticsbcn\/"]},{"@type":"Person","@id":"https:\/\/www.cofb.org\/#\/schema\/person\/22ed7eea88da74b0fa4d3154ad87ffcb","name":"wpAdminCofbOrg","image":{"@type":"ImageObject","inLanguage":"ca","@id":"https:\/\/www.cofb.org\/#\/schema\/person\/image\/","url":"https:\/\/secure.gravatar.com\/avatar\/1721b20b3b8ca882c3b56ec6c978c594fff670e40c0718e9190eaeeb76aae7d8?s=96&d=mm&r=g","contentUrl":"https:\/\/secure.gravatar.com\/avatar\/1721b20b3b8ca882c3b56ec6c978c594fff670e40c0718e9190eaeeb76aae7d8?s=96&d=mm&r=g","caption":"wpAdminCofbOrg"},"sameAs":["http:\/\/192.168.64.122\/wordpress"],"url":"https:\/\/www.cofb.org\/ca\/author\/wpadmincofborg\/"}]}},"uagb_featured_image_src":{"full":false,"thumbnail":false,"medium":false,"medium_large":false,"large":false,"1536x1536":false,"2048x2048":false,"trp-custom-language-flag":false},"uagb_author_info":{"display_name":"wpAdminCofbOrg","author_link":"https:\/\/www.cofb.org\/ca\/author\/wpadmincofborg\/"},"uagb_comment_info":0,"uagb_excerpt":"Aquest dilluns 25 de setembre se celebra el Dia Mundial del Farmac\u00e8utic, una commemoraci\u00f3 organitzada per la Federaci\u00f3 Farmac\u00e8utica\u00a0Internacional (FIP) que t\u00e9 com a lema \u201cDe la recerca a l\u2019assist\u00e8ncia sanit\u00e0ria: el\u00a0 farmac\u00e8utic al seu servei\u201d. Amb aquest missatge s\u2019ha volgut incidir en les aportacions de la professi\u00f3 farmac\u00e8utica a [&hellip;]","_links":{"self":[{"href":"https:\/\/www.cofb.org\/ca\/wp-json\/wp\/v2\/posts\/32120","targetHints":{"allow":["GET"]}}],"collection":[{"href":"https:\/\/www.cofb.org\/ca\/wp-json\/wp\/v2\/posts"}],"about":[{"href":"https:\/\/www.cofb.org\/ca\/wp-json\/wp\/v2\/types\/post"}],"author":[{"embeddable":true,"href":"https:\/\/www.cofb.org\/ca\/wp-json\/wp\/v2\/users\/1"}],"replies":[{"embeddable":true,"href":"https:\/\/www.cofb.org\/ca\/wp-json\/wp\/v2\/comments?post=32120"}],"version-history":[{"count":0,"href":"https:\/\/www.cofb.org\/ca\/wp-json\/wp\/v2\/posts\/32120\/revisions"}],"wp:featuredmedia":[{"embeddable":true,"href":"https:\/\/www.cofb.org\/ca\/wp-json\/"}],"wp:attachment":[{"href":"https:\/\/www.cofb.org\/ca\/wp-json\/wp\/v2\/media?parent=32120"}],"wp:term":[{"taxonomy":"category","embeddable":true,"href":"https:\/\/www.cofb.org\/ca\/wp-json\/wp\/v2\/categories?post=32120"},{"taxonomy":"post_tag","embeddable":true,"href":"https:\/\/www.cofb.org\/ca\/wp-json\/wp\/v2\/tags?post=32120"}],"curies":[{"name":"wp","href":"https:\/\/api.w.org\/{rel}","templated":true}]}}