{"id":32066,"date":"2017-09-15T11:24:27","date_gmt":"2017-09-15T10:24:27","guid":{"rendered":"http:\/\/blog.cofb.cat\/?p=32066"},"modified":"2017-09-15T11:24:27","modified_gmt":"2017-09-15T10:24:27","slug":"tornada-lescola-com-prevenir-el-mal-desquena","status":"publish","type":"post","link":"https:\/\/www.cofb.org\/ca\/2017\/09\/15\/tornada-lescola-com-prevenir-el-mal-desquena\/","title":{"rendered":"Tornada a l\u2019escola: com prevenir el mal d\u2019esquena?"},"content":{"rendered":"<figure id=\"attachment_32070\" aria-describedby=\"caption-attachment-32070\" style=\"width: 288px\" class=\"wp-caption alignright\"><a href=\"http:\/\/blog.cofb.cat\/wp-content\/uploads\/2017\/09\/INFOGR\u00c0FIC_MOTXILLES.jpg\" target=\"_blank\" rel=\"noopener\"><img fetchpriority=\"high\" decoding=\"async\" class=\" wp-image-32070 \" src=\"http:\/\/blog.cofb.cat\/wp-content\/uploads\/2017\/09\/INFOGR\u00c0FIC_MOTXILLES.jpg\" alt=\"INFOGR\u00c0FIC_MOTXILLES\" width=\"288\" height=\"432\" \/><\/a><figcaption id=\"caption-attachment-32070\" class=\"wp-caption-text\">Clica a la imatge per fer-la m\u00e9s gran.<\/figcaption><\/figure>\n<p>Com cada any al mes de setembre, els infants i joves tornen a les aules i ho fan acompanyats de les motxilles escolars, gaireb\u00e9 sempre plenes de llibres, llibretes, carpetes, arxivadors, etc. Una c\u00e0rrega que, de vegades, \u00e9s excessiva i pot generar-los <b>problemes d\u2019esquena<\/b>.<\/p>\n<p>Alguns dels factors que s\u2019associen a un major risc de patir mal d\u2019esquena estan relacionats amb el <b>pes de la motxilla<\/b>, la <b>durada del transport<\/b> i <b>l\u2019estat de la musculatura de l\u2019esquena<\/b>, vinculat amb l\u2019h\u00e0bit i la freq\u00fc\u00e8ncia de la pr\u00e0ctica d\u2019exercici f\u00edsic.<\/p>\n<p>\u00c9s important que els pares revisin di\u00e0riament les motxilles dels seus fills, per tal de comprovar si estan <b>estructurades correctament<\/b>, si els <b>tirants <\/b>estan <b>ben regulats<\/b> i si el <b>pes del seu contingut \u00e9s adequat<\/b>, c\u00e0rrega que no ha de superar el 10% del pes de l\u2019infant.<\/p>\n<p>Cal tenir en compte que la motxilla escolar s\u2019haur\u00e0 de situar a la zona lumbar o entre els malucs (i no als om\u00f2plats) i graduar-la segons l\u2019al\u00e7ada de l\u2019infant o jove.<\/p>\n<div class=\"box info\">Diversos estudis aconsellen l\u2019\u00fas de la motxilla a l\u2019esquena m\u00e9s que no pas el de motxilles de rodes, perqu\u00e8 es considera que <b>la for\u00e7a que l\u2019infant realitza a l\u2019estirar la motxilla de rodes no \u00e9s uniforme<\/b> sin\u00f3 que carrega m\u00e9s d\u2019un costat que de l\u2019altre.<\/div>\n<p>L\u2019\u00fas incorrecte de la motxilla, per\u00f2, no \u00e9s l\u2019\u00fanic factor que pot afavorir el mal d\u2019esquena entre els m\u00e9s petits. El <b>mobiliari escolar inadequat<\/b>, moltes vegades no adaptat a les seves necessitats espec\u00edfiques, pot crear-los h\u00e0bits posturals incorrectes.<\/p>\n<p>Per tot plegat, \u00e9s recomanable complir amb algunes normes d\u2019<b>higiene postural <\/b>com ara seure tan enrere com es pugui de la cadira, amb l\u2019esquena recta i els colzes sobre la taula.<\/p>\n<p>Tamb\u00e9 cal <b>evitar estar assegut tot el dia<\/b>, per aix\u00f2 es recomana <b>anar canviant de postura<\/b> constantment i s\u2019aconsella <b>aixecar-se cada 45 o 60 minuts<\/b>. Una bona actitud pel que fa al posicionament de l\u2019esquena redueix el risc de patir dolor en un futur.<\/p>\n<p><b>Per a m\u00e9s informaci\u00f3:<\/b><\/p>\n<ul>\n<li><a href=\"https:\/\/www.farmaceuticonline.com\/motxilla-escolar-mal-desquena\/\" target=\"_blank\" rel=\"noopener\">Motxilles escolars<\/a> (via Farmaceuticonline)<\/li>\n<li><a href=\"http:\/\/blog.cofb.cat\/tornada-a-lescola-motxilles-escolars-que-cal-saber\/\" target=\"_blank\" rel=\"noopener\">Tornada a l\u2019escola: motxilles escolars, qu\u00e8 cal saber?<\/a> (Blog)<\/li>\n<li><a href=\"http:\/\/blog.cofb.cat\/motxilles-escolars-com-evitar-el-mal-desquena\/\" target=\"_blank\" rel=\"noopener\">Motxilles escolars, com evitar el mal d\u2019esquena?<\/a> (Blog)<\/li>\n<li><a href=\"http:\/\/blog.cofb.cat\/motxilles-escolars-millor-la-desquena-que-la-de-rodes\/\" target=\"_blank\" rel=\"noopener\">Motxilles escolars: millor la d\u2019esquena que la de rodes <\/a>(Blog)<\/li>\n<\/ul>\n","protected":false},"excerpt":{"rendered":"<p>Com cada any al mes de setembre, els infants i joves tornen a les aules i ho fan acompanyats de les motxilles escolars, gaireb\u00e9 sempre plenes de llibres, llibretes, carpetes, arxivadors, etc. Una c\u00e0rrega que, de vegades, \u00e9s excessiva i pot generar-los problemes d\u2019esquena. Alguns dels factors que s\u2019associen a [&hellip;]<\/p>\n","protected":false},"author":1,"featured_media":32076,"comment_status":"open","ping_status":"open","sticky":false,"template":"","format":"standard","meta":{"_uag_custom_page_level_css":"","site-sidebar-layout":"default","site-content-layout":"","ast-site-content-layout":"default","site-content-style":"default","site-sidebar-style":"default","ast-global-header-display":"","ast-banner-title-visibility":"","ast-main-header-display":"","ast-hfb-above-header-display":"","ast-hfb-below-header-display":"","ast-hfb-mobile-header-display":"","site-post-title":"","ast-breadcrumbs-content":"","ast-featured-img":"disabled","footer-sml-layout":"","theme-transparent-header-meta":"","adv-header-id-meta":"","stick-header-meta":"","header-above-stick-meta":"","header-main-stick-meta":"","header-below-stick-meta":"","astra-migrate-meta-layouts":"default","ast-page-background-enabled":"default","ast-page-background-meta":{"desktop":{"background-color":"var(--ast-global-color-4)","background-image":"","background-repeat":"repeat","background-position":"center center","background-size":"auto","background-attachment":"scroll","background-type":"","background-media":"","overlay-type":"","overlay-color":"","overlay-opacity":"","overlay-gradient":""},"tablet":{"background-color":"","background-image":"","background-repeat":"repeat","background-position":"center center","background-size":"auto","background-attachment":"scroll","background-type":"","background-media":"","overlay-type":"","overlay-color":"","overlay-opacity":"","overlay-gradient":""},"mobile":{"background-color":"","background-image":"","background-repeat":"repeat","background-position":"center center","background-size":"auto","background-attachment":"scroll","background-type":"","background-media":"","overlay-type":"","overlay-color":"","overlay-opacity":"","overlay-gradient":""}},"ast-content-background-meta":{"desktop":{"background-color":"var(--ast-global-color-5)","background-image":"","background-repeat":"repeat","background-position":"center center","background-size":"auto","background-attachment":"scroll","background-type":"","background-media":"","overlay-type":"","overlay-color":"","overlay-opacity":"","overlay-gradient":""},"tablet":{"background-color":"var(--ast-global-color-5)","background-image":"","background-repeat":"repeat","background-position":"center center","background-size":"auto","background-attachment":"scroll","background-type":"","background-media":"","overlay-type":"","overlay-color":"","overlay-opacity":"","overlay-gradient":""},"mobile":{"background-color":"var(--ast-global-color-5)","background-image":"","background-repeat":"repeat","background-position":"center center","background-size":"auto","background-attachment":"scroll","background-type":"","background-media":"","overlay-type":"","overlay-color":"","overlay-opacity":"","overlay-gradient":""}},"footnotes":""},"categories":[47],"tags":[762,2243,608,2859,2860,2245,997,2483,2861],"class_list":["post-32066","post","type-post","status-publish","format-standard","has-post-thumbnail","hentry","category-recomanacions-del-farmaceutic","tag-alumnes","tag-escola","tag-infants","tag-joves","tag-motxilla","tag-motxilles-escolars","tag-nens","tag-operacio-tornada","tag-setembre"],"yoast_head":"<!-- This site is optimized with the Yoast SEO plugin v22.4 - https:\/\/yoast.com\/wordpress\/plugins\/seo\/ -->\n<title>Tornada a l\u2019escola: com prevenir el mal d\u2019esquena?<\/title>\n<meta name=\"description\" content=\"Tornada a l\u2019escola: com prevenir el mal d\u2019esquena?\" \/>\n<meta name=\"robots\" content=\"index, follow, max-snippet:-1, max-image-preview:large, max-video-preview:-1\" \/>\n<link rel=\"canonical\" href=\"https:\/\/novaorg.cofb.net\/2017\/09\/15\/tornada-lescola-com-prevenir-el-mal-desquena\/\" \/>\n<meta property=\"og:locale\" content=\"ca_ES\" \/>\n<meta property=\"og:type\" content=\"article\" \/>\n<meta property=\"og:title\" content=\"Tornada a l\u2019escola: com prevenir el mal d\u2019esquena?\" \/>\n<meta property=\"og:description\" content=\"Tornada a l\u2019escola: com prevenir el mal d\u2019esquena?\" \/>\n<meta property=\"og:url\" content=\"https:\/\/novaorg.cofb.net\/2017\/09\/15\/tornada-lescola-com-prevenir-el-mal-desquena\/\" \/>\n<meta property=\"og:site_name\" content=\"Col\u00b7legi de Farmac\u00e8utics de Barcelona\" \/>\n<meta property=\"article:publisher\" content=\"https:\/\/www.facebook.com\/farmaceuticsbcn\/\" \/>\n<meta property=\"article:published_time\" content=\"2017-09-15T10:24:27+00:00\" \/>\n<meta name=\"author\" content=\"wpAdminCofbOrg\" \/>\n<meta name=\"twitter:card\" content=\"summary_large_image\" \/>\n<meta name=\"twitter:creator\" content=\"@farmaceuticsbcn\" \/>\n<meta name=\"twitter:site\" content=\"@farmaceuticsbcn\" \/>\n<meta name=\"twitter:label1\" content=\"Escrit per\" \/>\n\t<meta name=\"twitter:data1\" content=\"wpAdminCofbOrg\" \/>\n\t<meta name=\"twitter:label2\" content=\"Temps estimat de lectura\" \/>\n\t<meta name=\"twitter:data2\" content=\"2 minuts\" \/>\n<script type=\"application\/ld+json\" class=\"yoast-schema-graph\">{\"@context\":\"https:\/\/schema.org\",\"@graph\":[{\"@type\":\"Article\",\"@id\":\"https:\/\/novaorg.cofb.net\/2017\/09\/15\/tornada-lescola-com-prevenir-el-mal-desquena\/#article\",\"isPartOf\":{\"@id\":\"https:\/\/novaorg.cofb.net\/2017\/09\/15\/tornada-lescola-com-prevenir-el-mal-desquena\/\"},\"author\":{\"name\":\"wpAdminCofbOrg\",\"@id\":\"https:\/\/www.cofb.org\/#\/schema\/person\/22ed7eea88da74b0fa4d3154ad87ffcb\"},\"headline\":\"Tornada a l\u2019escola: com prevenir el mal d\u2019esquena?\",\"datePublished\":\"2017-09-15T10:24:27+00:00\",\"dateModified\":\"2017-09-15T10:24:27+00:00\",\"mainEntityOfPage\":{\"@id\":\"https:\/\/novaorg.cofb.net\/2017\/09\/15\/tornada-lescola-com-prevenir-el-mal-desquena\/\"},\"wordCount\":428,\"commentCount\":0,\"publisher\":{\"@id\":\"https:\/\/www.cofb.org\/#organization\"},\"image\":{\"@id\":\"https:\/\/novaorg.cofb.net\/2017\/09\/15\/tornada-lescola-com-prevenir-el-mal-desquena\/#primaryimage\"},\"thumbnailUrl\":\"\",\"keywords\":[\"alumnes\",\"escola\",\"infants\",\"joves\",\"motxilla\",\"motxilles escolars\",\"nens\",\"operaci\u00f3 tornada\",\"setembre\"],\"articleSection\":[\"Recomanacions del farmac\u00e8utic\"],\"inLanguage\":\"ca\",\"potentialAction\":[{\"@type\":\"CommentAction\",\"name\":\"Comment\",\"target\":[\"https:\/\/novaorg.cofb.net\/2017\/09\/15\/tornada-lescola-com-prevenir-el-mal-desquena\/#respond\"]}]},{\"@type\":\"WebPage\",\"@id\":\"https:\/\/novaorg.cofb.net\/2017\/09\/15\/tornada-lescola-com-prevenir-el-mal-desquena\/\",\"url\":\"https:\/\/novaorg.cofb.net\/2017\/09\/15\/tornada-lescola-com-prevenir-el-mal-desquena\/\",\"name\":\"Tornada a l\u2019escola: com prevenir el mal d\u2019esquena?\",\"isPartOf\":{\"@id\":\"https:\/\/www.cofb.org\/#website\"},\"primaryImageOfPage\":{\"@id\":\"https:\/\/novaorg.cofb.net\/2017\/09\/15\/tornada-lescola-com-prevenir-el-mal-desquena\/#primaryimage\"},\"image\":{\"@id\":\"https:\/\/novaorg.cofb.net\/2017\/09\/15\/tornada-lescola-com-prevenir-el-mal-desquena\/#primaryimage\"},\"thumbnailUrl\":\"\",\"datePublished\":\"2017-09-15T10:24:27+00:00\",\"dateModified\":\"2017-09-15T10:24:27+00:00\",\"description\":\"Tornada a l\u2019escola: com prevenir el mal d\u2019esquena?\",\"breadcrumb\":{\"@id\":\"https:\/\/novaorg.cofb.net\/2017\/09\/15\/tornada-lescola-com-prevenir-el-mal-desquena\/#breadcrumb\"},\"inLanguage\":\"ca\",\"potentialAction\":[{\"@type\":\"ReadAction\",\"target\":[\"https:\/\/novaorg.cofb.net\/2017\/09\/15\/tornada-lescola-com-prevenir-el-mal-desquena\/\"]}]},{\"@type\":\"ImageObject\",\"inLanguage\":\"ca\",\"@id\":\"https:\/\/novaorg.cofb.net\/2017\/09\/15\/tornada-lescola-com-prevenir-el-mal-desquena\/#primaryimage\",\"url\":\"\",\"contentUrl\":\"\"},{\"@type\":\"BreadcrumbList\",\"@id\":\"https:\/\/novaorg.cofb.net\/2017\/09\/15\/tornada-lescola-com-prevenir-el-mal-desquena\/#breadcrumb\",\"itemListElement\":[{\"@type\":\"ListItem\",\"position\":1,\"name\":\"Inici\",\"item\":\"https:\/\/novaorg.cofb.net\/\"},{\"@type\":\"ListItem\",\"position\":2,\"name\":\"Tornada a l\u2019escola: com prevenir el mal d\u2019esquena?\"}]},{\"@type\":\"WebSite\",\"@id\":\"https:\/\/www.cofb.org\/#website\",\"url\":\"https:\/\/www.cofb.org\/\",\"name\":\"Col\u00b7legi de Farmac\u00e8utics de Barcelona\",\"description\":\"\",\"publisher\":{\"@id\":\"https:\/\/www.cofb.org\/#organization\"},\"potentialAction\":[{\"@type\":\"SearchAction\",\"target\":{\"@type\":\"EntryPoint\",\"urlTemplate\":\"https:\/\/www.cofb.org\/?s={search_term_string}\"},\"query-input\":\"required name=search_term_string\"}],\"inLanguage\":\"ca\"},{\"@type\":\"Organization\",\"@id\":\"https:\/\/www.cofb.org\/#organization\",\"name\":\"Col\u00b7legi de Farmac\u00e8utics de Barcelona\",\"url\":\"https:\/\/www.cofb.org\/\",\"logo\":{\"@type\":\"ImageObject\",\"inLanguage\":\"ca\",\"@id\":\"https:\/\/www.cofb.org\/#\/schema\/logo\/image\/\",\"url\":\"https:\/\/www.cofb.org\/wp-content\/uploads\/2023\/11\/cropped-Logotip-COFB.png\",\"contentUrl\":\"https:\/\/www.cofb.org\/wp-content\/uploads\/2023\/11\/cropped-Logotip-COFB.png\",\"width\":500,\"height\":105,\"caption\":\"Col\u00b7legi de Farmac\u00e8utics de Barcelona\"},\"image\":{\"@id\":\"https:\/\/www.cofb.org\/#\/schema\/logo\/image\/\"},\"sameAs\":[\"https:\/\/www.facebook.com\/farmaceuticsbcn\/\",\"https:\/\/twitter.com\/farmaceuticsbcn\",\"https:\/\/www.instagram.com\/farmaceuticsbcn\/\",\"https:\/\/www.linkedin.com\/company\/farmaceuticsbcn\/\"]},{\"@type\":\"Person\",\"@id\":\"https:\/\/www.cofb.org\/#\/schema\/person\/22ed7eea88da74b0fa4d3154ad87ffcb\",\"name\":\"wpAdminCofbOrg\",\"image\":{\"@type\":\"ImageObject\",\"inLanguage\":\"ca\",\"@id\":\"https:\/\/www.cofb.org\/#\/schema\/person\/image\/\",\"url\":\"https:\/\/secure.gravatar.com\/avatar\/1721b20b3b8ca882c3b56ec6c978c594fff670e40c0718e9190eaeeb76aae7d8?s=96&d=mm&r=g\",\"contentUrl\":\"https:\/\/secure.gravatar.com\/avatar\/1721b20b3b8ca882c3b56ec6c978c594fff670e40c0718e9190eaeeb76aae7d8?s=96&d=mm&r=g\",\"caption\":\"wpAdminCofbOrg\"},\"sameAs\":[\"http:\/\/192.168.64.122\/wordpress\"],\"url\":\"https:\/\/www.cofb.org\/ca\/author\/wpadmincofborg\/\"}]}<\/script>\n<!-- \/ Yoast SEO plugin. -->","yoast_head_json":{"title":"Tornada a l\u2019escola: com prevenir el mal d\u2019esquena?","description":"Tornada a l\u2019escola: com prevenir el mal d\u2019esquena?","robots":{"index":"index","follow":"follow","max-snippet":"max-snippet:-1","max-image-preview":"max-image-preview:large","max-video-preview":"max-video-preview:-1"},"canonical":"https:\/\/novaorg.cofb.net\/2017\/09\/15\/tornada-lescola-com-prevenir-el-mal-desquena\/","og_locale":"ca_ES","og_type":"article","og_title":"Tornada a l\u2019escola: com prevenir el mal d\u2019esquena?","og_description":"Tornada a l\u2019escola: com prevenir el mal d\u2019esquena?","og_url":"https:\/\/novaorg.cofb.net\/2017\/09\/15\/tornada-lescola-com-prevenir-el-mal-desquena\/","og_site_name":"Col\u00b7legi de Farmac\u00e8utics de Barcelona","article_publisher":"https:\/\/www.facebook.com\/farmaceuticsbcn\/","article_published_time":"2017-09-15T10:24:27+00:00","author":"wpAdminCofbOrg","twitter_card":"summary_large_image","twitter_creator":"@farmaceuticsbcn","twitter_site":"@farmaceuticsbcn","twitter_misc":{"Escrit per":"wpAdminCofbOrg","Temps estimat de lectura":"2 minuts"},"schema":{"@context":"https:\/\/schema.org","@graph":[{"@type":"Article","@id":"https:\/\/novaorg.cofb.net\/2017\/09\/15\/tornada-lescola-com-prevenir-el-mal-desquena\/#article","isPartOf":{"@id":"https:\/\/novaorg.cofb.net\/2017\/09\/15\/tornada-lescola-com-prevenir-el-mal-desquena\/"},"author":{"name":"wpAdminCofbOrg","@id":"https:\/\/www.cofb.org\/#\/schema\/person\/22ed7eea88da74b0fa4d3154ad87ffcb"},"headline":"Tornada a l\u2019escola: com prevenir el mal d\u2019esquena?","datePublished":"2017-09-15T10:24:27+00:00","dateModified":"2017-09-15T10:24:27+00:00","mainEntityOfPage":{"@id":"https:\/\/novaorg.cofb.net\/2017\/09\/15\/tornada-lescola-com-prevenir-el-mal-desquena\/"},"wordCount":428,"commentCount":0,"publisher":{"@id":"https:\/\/www.cofb.org\/#organization"},"image":{"@id":"https:\/\/novaorg.cofb.net\/2017\/09\/15\/tornada-lescola-com-prevenir-el-mal-desquena\/#primaryimage"},"thumbnailUrl":"","keywords":["alumnes","escola","infants","joves","motxilla","motxilles escolars","nens","operaci\u00f3 tornada","setembre"],"articleSection":["Recomanacions del farmac\u00e8utic"],"inLanguage":"ca","potentialAction":[{"@type":"CommentAction","name":"Comment","target":["https:\/\/novaorg.cofb.net\/2017\/09\/15\/tornada-lescola-com-prevenir-el-mal-desquena\/#respond"]}]},{"@type":"WebPage","@id":"https:\/\/novaorg.cofb.net\/2017\/09\/15\/tornada-lescola-com-prevenir-el-mal-desquena\/","url":"https:\/\/novaorg.cofb.net\/2017\/09\/15\/tornada-lescola-com-prevenir-el-mal-desquena\/","name":"Tornada a l\u2019escola: com prevenir el mal d\u2019esquena?","isPartOf":{"@id":"https:\/\/www.cofb.org\/#website"},"primaryImageOfPage":{"@id":"https:\/\/novaorg.cofb.net\/2017\/09\/15\/tornada-lescola-com-prevenir-el-mal-desquena\/#primaryimage"},"image":{"@id":"https:\/\/novaorg.cofb.net\/2017\/09\/15\/tornada-lescola-com-prevenir-el-mal-desquena\/#primaryimage"},"thumbnailUrl":"","datePublished":"2017-09-15T10:24:27+00:00","dateModified":"2017-09-15T10:24:27+00:00","description":"Tornada a l\u2019escola: com prevenir el mal d\u2019esquena?","breadcrumb":{"@id":"https:\/\/novaorg.cofb.net\/2017\/09\/15\/tornada-lescola-com-prevenir-el-mal-desquena\/#breadcrumb"},"inLanguage":"ca","potentialAction":[{"@type":"ReadAction","target":["https:\/\/novaorg.cofb.net\/2017\/09\/15\/tornada-lescola-com-prevenir-el-mal-desquena\/"]}]},{"@type":"ImageObject","inLanguage":"ca","@id":"https:\/\/novaorg.cofb.net\/2017\/09\/15\/tornada-lescola-com-prevenir-el-mal-desquena\/#primaryimage","url":"","contentUrl":""},{"@type":"BreadcrumbList","@id":"https:\/\/novaorg.cofb.net\/2017\/09\/15\/tornada-lescola-com-prevenir-el-mal-desquena\/#breadcrumb","itemListElement":[{"@type":"ListItem","position":1,"name":"Inici","item":"https:\/\/novaorg.cofb.net\/"},{"@type":"ListItem","position":2,"name":"Tornada a l\u2019escola: com prevenir el mal d\u2019esquena?"}]},{"@type":"WebSite","@id":"https:\/\/www.cofb.org\/#website","url":"https:\/\/www.cofb.org\/","name":"Col\u00b7legi de Farmac\u00e8utics de Barcelona","description":"","publisher":{"@id":"https:\/\/www.cofb.org\/#organization"},"potentialAction":[{"@type":"SearchAction","target":{"@type":"EntryPoint","urlTemplate":"https:\/\/www.cofb.org\/?s={search_term_string}"},"query-input":"required name=search_term_string"}],"inLanguage":"ca"},{"@type":"Organization","@id":"https:\/\/www.cofb.org\/#organization","name":"Col\u00b7legi de Farmac\u00e8utics de Barcelona","url":"https:\/\/www.cofb.org\/","logo":{"@type":"ImageObject","inLanguage":"ca","@id":"https:\/\/www.cofb.org\/#\/schema\/logo\/image\/","url":"https:\/\/www.cofb.org\/wp-content\/uploads\/2023\/11\/cropped-Logotip-COFB.png","contentUrl":"https:\/\/www.cofb.org\/wp-content\/uploads\/2023\/11\/cropped-Logotip-COFB.png","width":500,"height":105,"caption":"Col\u00b7legi de Farmac\u00e8utics de Barcelona"},"image":{"@id":"https:\/\/www.cofb.org\/#\/schema\/logo\/image\/"},"sameAs":["https:\/\/www.facebook.com\/farmaceuticsbcn\/","https:\/\/twitter.com\/farmaceuticsbcn","https:\/\/www.instagram.com\/farmaceuticsbcn\/","https:\/\/www.linkedin.com\/company\/farmaceuticsbcn\/"]},{"@type":"Person","@id":"https:\/\/www.cofb.org\/#\/schema\/person\/22ed7eea88da74b0fa4d3154ad87ffcb","name":"wpAdminCofbOrg","image":{"@type":"ImageObject","inLanguage":"ca","@id":"https:\/\/www.cofb.org\/#\/schema\/person\/image\/","url":"https:\/\/secure.gravatar.com\/avatar\/1721b20b3b8ca882c3b56ec6c978c594fff670e40c0718e9190eaeeb76aae7d8?s=96&d=mm&r=g","contentUrl":"https:\/\/secure.gravatar.com\/avatar\/1721b20b3b8ca882c3b56ec6c978c594fff670e40c0718e9190eaeeb76aae7d8?s=96&d=mm&r=g","caption":"wpAdminCofbOrg"},"sameAs":["http:\/\/192.168.64.122\/wordpress"],"url":"https:\/\/www.cofb.org\/ca\/author\/wpadmincofborg\/"}]}},"uagb_featured_image_src":{"full":false,"thumbnail":false,"medium":false,"medium_large":false,"large":false,"1536x1536":false,"2048x2048":false,"trp-custom-language-flag":false},"uagb_author_info":{"display_name":"wpAdminCofbOrg","author_link":"https:\/\/www.cofb.org\/ca\/author\/wpadmincofborg\/"},"uagb_comment_info":0,"uagb_excerpt":"Com cada any al mes de setembre, els infants i joves tornen a les aules i ho fan acompanyats de les motxilles escolars, gaireb\u00e9 sempre plenes de llibres, llibretes, carpetes, arxivadors, etc. Una c\u00e0rrega que, de vegades, \u00e9s excessiva i pot generar-los problemes d\u2019esquena. Alguns dels factors que s\u2019associen a [&hellip;]","_links":{"self":[{"href":"https:\/\/www.cofb.org\/ca\/wp-json\/wp\/v2\/posts\/32066","targetHints":{"allow":["GET"]}}],"collection":[{"href":"https:\/\/www.cofb.org\/ca\/wp-json\/wp\/v2\/posts"}],"about":[{"href":"https:\/\/www.cofb.org\/ca\/wp-json\/wp\/v2\/types\/post"}],"author":[{"embeddable":true,"href":"https:\/\/www.cofb.org\/ca\/wp-json\/wp\/v2\/users\/1"}],"replies":[{"embeddable":true,"href":"https:\/\/www.cofb.org\/ca\/wp-json\/wp\/v2\/comments?post=32066"}],"version-history":[{"count":0,"href":"https:\/\/www.cofb.org\/ca\/wp-json\/wp\/v2\/posts\/32066\/revisions"}],"wp:featuredmedia":[{"embeddable":true,"href":"https:\/\/www.cofb.org\/ca\/wp-json\/"}],"wp:attachment":[{"href":"https:\/\/www.cofb.org\/ca\/wp-json\/wp\/v2\/media?parent=32066"}],"wp:term":[{"taxonomy":"category","embeddable":true,"href":"https:\/\/www.cofb.org\/ca\/wp-json\/wp\/v2\/categories?post=32066"},{"taxonomy":"post_tag","embeddable":true,"href":"https:\/\/www.cofb.org\/ca\/wp-json\/wp\/v2\/tags?post=32066"}],"curies":[{"name":"wp","href":"https:\/\/api.w.org\/{rel}","templated":true}]}}