{"id":32022,"date":"2017-09-08T12:55:05","date_gmt":"2017-09-08T11:55:05","guid":{"rendered":"http:\/\/blog.cofb.cat\/?p=32022"},"modified":"2017-09-08T12:55:05","modified_gmt":"2017-09-08T11:55:05","slug":"28-de-setembre-sessio-informativa-de-la-xiii-edicio-del-master-en-gestio-doficina-de-farmacia-mgof","status":"publish","type":"post","link":"https:\/\/www.cofb.org\/ca\/2017\/09\/08\/28-de-setembre-sessio-informativa-de-la-xiii-edicio-del-master-en-gestio-doficina-de-farmacia-mgof\/","title":{"rendered":"28 de setembre, sessi\u00f3 informativa de la XIII edici\u00f3 del M\u00e0ster en Gesti\u00f3 de l&#8217;Oficina de Farm\u00e0cia (MGOF)"},"content":{"rendered":"<p><a href=\"http:\/\/blog.cofb.cat\/wp-content\/uploads\/2017\/09\/MGOF-2017-2018-web.pdf\" target=\"_blank\" rel=\"noopener\"><img fetchpriority=\"high\" decoding=\"async\" class=\"alignright wp-image-32032\" title=\"28 de setembre, sessi\u00f3 informativa de la XIII edici\u00f3 del M\u00e0ster en Gesti\u00f3 de l'Oficina de Farm\u00e0cia (MGOF)\" src=\"http:\/\/blog.cofb.cat\/wp-content\/uploads\/2017\/09\/mgof-portada.jpg\" alt=\"28 de setembre, sessi\u00f3 informativa de la XIII edici\u00f3 del M\u00e0ster en Gesti\u00f3 de l'Oficina de Farm\u00e0cia (MGOF)\" width=\"331\" height=\"466\" \/><\/a>La<strong> XIII edici\u00f3 del M\u00e0ster en Gesti\u00f3 de l&#8217;Oficina de Farm\u00e0cia est\u00e0 a punt d\u2019engegar<\/strong>. \u00c9s per aix\u00f2 que, el proper <b>dijous 28 de setembre<\/b>, el Col\u00b7legi oferir\u00e0 una <b>sessi\u00f3 informativa<\/b> on s\u2019exposaran i explicaran els principals objectius del curs. L\u2019acte es far\u00e0 a c\u00e0rrec de<b> l\u2019equip organitzatiu<\/b> <b>dels estudis<\/b>, que, alhora, resoldran i aclariran tots els possibles dubtes dels futurs alumnes. La sessi\u00f3 s\u2019iniciar\u00e0 a les <b>14 hores<\/b> <strong>al COFB <\/strong>i els interessats<b> poden <a href=\"http:\/\/www.cofb.org\/web\/guest\/conferencies;jsessionid=5B925B4DE49A2A61EC0D70B18A75A1C7?p_p_id=portletllistatactivitats_WAR_portletllistatactivitats_INSTANCE_4iaT&amp;p_p_lifecycle=0&amp;p_p_state=normal&amp;p_p_mode=view&amp;p_p_col_id=column-2&amp;p_p_col_pos=1&amp;p_p_col_count=2&amp;_portletllistatactivitats_WAR_portletllistatactivitats_INSTANCE_4iaT_strutsAction=%2Fview%2Fdetall&amp;_portletllistatactivitats_WAR_portletllistatactivitats_INSTANCE_4iaT_id=2002\" target=\"_blank\" rel=\"noopener\">inscriure\u2019s<\/a> fins el dia abans de la sessi\u00f3.<\/b><\/p>\n<p><b>Con\u00e8ixer les diferents \u00e0rees funcionals i processos de negoci de la farm\u00e0cia, proporcionar una visi\u00f3 global, generalista i integradora de la direcci\u00f3 i la gesti\u00f3 d\u2019empreses o desenvolupar les capacitats directives per liderar l\u2019equip de col\u00b7laboradors<\/b> s\u00f3n alguns dels aprenentatges que es treballaran durant el curs, que, enguany, s\u2019iniciar\u00e0 el <b>10 d\u2019octubre del 2017<\/b>. En acabar el m\u00e0ster, que consta de 3 m\u00f2duls (Finances i fiscalitat, Gesti\u00f3 de persones i M\u00e0rqueting), l\u2019alumne <b>sabr\u00e0 actuar com a responsable d\u2019una empresa<\/b> amb unes caracter\u00edstiques que regulen i que la fan diferent de la resta, de la qual coneixer\u00e0 totes les funcions amb prou fermesa per gestionar-la de forma eficient. Com en cada edici\u00f3, el MGOF aposta per <b>l\u2019aprenentatge actiu i pr\u00e0ctic<\/b> per, d\u2019aquesta manera, <b>fomentar la capacitat de reflexi\u00f3<\/b>, el <b>treball en cooperaci\u00f3<\/b> i la <b>transmissi\u00f3 de coneixements entre els assistents<\/b>.<\/p>\n<div class=\"box note\"><strong>Sessi\u00f3 informativa del M\u00e0ster en Gesti\u00f3 de l&#8217;Oficina de Farm\u00e0cia (MGOF)<\/strong><\/p>\n<ul>\n<li><strong>DATA<\/strong>: 28 de setembre<\/li>\n<li><strong>HORA<\/strong>: 14 hores<\/li>\n<li><strong>LLOC<\/strong>: COFB<\/li>\n<li><strong><a href=\"http:\/\/www.cofb.org\/web\/guest\/conferencies;jsessionid=5B925B4DE49A2A61EC0D70B18A75A1C7?p_p_id=portletllistatactivitats_WAR_portletllistatactivitats_INSTANCE_4iaT&amp;p_p_lifecycle=0&amp;p_p_state=normal&amp;p_p_mode=view&amp;p_p_col_id=column-2&amp;p_p_col_pos=1&amp;p_p_col_count=2&amp;_portletllistatactivitats_WAR_portletllistatactivitats_INSTANCE_4iaT_strutsAction=%2Fview%2Fdetall&amp;_portletllistatactivitats_WAR_portletllistatactivitats_INSTANCE_4iaT_id=2002\" target=\"_blank\" rel=\"noopener\">INSCRIPCI\u00d3<\/a>:<\/strong> els assistents podran apuntar-se fins el dia abans de l&#8217;acte.<\/li>\n<\/ul>\n<p>Consulta el <a href=\"http:\/\/blog.cofb.cat\/wp-content\/uploads\/2017\/09\/programa-PDF-MGOF-2017-2018-petit.pdf\" target=\"_blank\" rel=\"noopener\"><strong>PROGRAMA<\/strong><\/a> dels estudis i <a href=\"http:\/\/www.cofb.org\/web\/guest\/inscripcions?p_p_id=portletgestioformacio_WAR_portletgestioformacio_INSTANCE_1IdP&amp;p_p_lifecycle=0&amp;p_p_state=normal&amp;p_p_mode=view&amp;p_p_col_id=column-2&amp;p_p_col_count=1&amp;_portletgestioformacio_WAR_portletgestioformacio_INSTANCE_1IdP_strutsAction=%2Fformulari&amp;_portletgestioformacio_WAR_portletgestioformacio_INSTANCE_1IdP_id=1994\" target=\"_blank\" rel=\"noopener\"><strong>INSCRIU-TE<\/strong> <\/a>al m\u00e0ster!<\/div>\n<div class=\"box info\"> <strong>F\u00f2rum MGOF: 1 hora de m\u00e0rqueting amb Joan Carles Serra<\/strong><\/p>\n<p>Dos dies abans, el <strong>26 de setembre<\/strong>, a les <strong>14 hores<\/strong>, tindr\u00e0 lloc al Col\u00b7legi el F\u00f2rum MGOF. Durant 1 hora, Joan Carles Serra, director del M\u00e0ster, <strong>donar\u00e0 resposta a algunes de les preguntes m\u00e9s freq\u00fcents en el camp del m\u00e0rqueting<\/strong>: realment \u00e9s necessari? Qu\u00e8 \u00e9s o no \u00e9s? En qu\u00e8 es basa? Per on comen\u00e7o?<\/p>\n<p>La sessi\u00f3 es podr\u00e0 seguir de manera presencial o b\u00e9 webinar en directe. Inscriu-te aqu\u00ed (via intranet col\u00b7legial): <a href=\"https:\/\/farmaceutics.cofb.net\/group\/guest\/inscripcions?p_p_id=portletgestioformacio_WAR_webportletGestioFormacio_INSTANCE_bTsRcDgsHETC&amp;p_p_lifecycle=0&amp;p_p_state=normal&amp;p_p_mode=view&amp;p_p_col_id=layout-column_column-1&amp;p_p_col_count=1&amp;_portletgestioformacio_WAR_webportletGestioFormacio_INSTANCE_bTsRcDgsHETC_strutsAction=\/formulari&amp;_portletgestioformacio_WAR_webportletGestioFormacio_INSTANCE_bTsRcDgsHETC_id=2161\">sessi\u00f3 presencial<\/a> | <a href=\"https:\/\/farmaceutics.cofb.net\/group\/guest\/inscripcions?p_p_id=portletgestioformacio_WAR_webportletGestioFormacio_INSTANCE_bTsRcDgsHETC&amp;p_p_lifecycle=0&amp;p_p_state=normal&amp;p_p_mode=view&amp;p_p_col_id=layout-column_column-1&amp;p_p_col_count=1&amp;_portletgestioformacio_WAR_webportletGestioFormacio_INSTANCE_bTsRcDgsHETC_strutsAction=\/formulari&amp;_portletgestioformacio_WAR_webportletGestioFormacio_INSTANCE_bTsRcDgsHETC_id=2162\">sessi\u00f3 webinar<\/a> <\/div>\n<p><strong>Potser tamb\u00e9 t&#8217;interessa:<\/strong><\/p>\n<ul>\n<li><a href=\"http:\/\/blog.cofb.cat\/conferencia-sobre-finances-al-forum-mgof\/\" target=\"_blank\" rel=\"noopener\">Confer\u00e8ncia sobre finances al f\u00f2rum MGOF<\/a> (Blog)<\/li>\n<li><a href=\"http:\/\/blog.cofb.cat\/finalitza-la-dotzena-edicio-del-mgof\/\" target=\"_blank\" rel=\"noopener\">Finalitza la dotzena edici\u00f3 del MGOF<\/a> (Blog)<\/li>\n<li><a href=\"http:\/\/blog.cofb.cat\/es-posa-en-marxa-una-nova-edicio-del-mgof\/\" target=\"_blank\" rel=\"noopener\">Es posa en marxa una nova edici\u00f3 del MGOF<\/a> (Blog)<\/li>\n<\/ul>\n","protected":false},"excerpt":{"rendered":"<p>La XIII edici\u00f3 del M\u00e0ster en Gesti\u00f3 de l&#8217;Oficina de Farm\u00e0cia est\u00e0 a punt d\u2019engegar. \u00c9s per aix\u00f2 que, el proper dijous 28 de setembre, el Col\u00b7legi oferir\u00e0 una sessi\u00f3 informativa on s\u2019exposaran i explicaran els principals objectius del curs. L\u2019acte es far\u00e0 a c\u00e0rrec de l\u2019equip organitzatiu dels estudis, [&hellip;]<\/p>\n","protected":false},"author":1,"featured_media":32032,"comment_status":"open","ping_status":"open","sticky":false,"template":"","format":"standard","meta":{"_uag_custom_page_level_css":"","site-sidebar-layout":"default","site-content-layout":"","ast-site-content-layout":"default","site-content-style":"default","site-sidebar-style":"default","ast-global-header-display":"","ast-banner-title-visibility":"","ast-main-header-display":"","ast-hfb-above-header-display":"","ast-hfb-below-header-display":"","ast-hfb-mobile-header-display":"","site-post-title":"","ast-breadcrumbs-content":"","ast-featured-img":"disabled","footer-sml-layout":"","theme-transparent-header-meta":"","adv-header-id-meta":"","stick-header-meta":"","header-above-stick-meta":"","header-main-stick-meta":"","header-below-stick-meta":"","astra-migrate-meta-layouts":"default","ast-page-background-enabled":"default","ast-page-background-meta":{"desktop":{"background-color":"var(--ast-global-color-4)","background-image":"","background-repeat":"repeat","background-position":"center center","background-size":"auto","background-attachment":"scroll","background-type":"","background-media":"","overlay-type":"","overlay-color":"","overlay-opacity":"","overlay-gradient":""},"tablet":{"background-color":"","background-image":"","background-repeat":"repeat","background-position":"center center","background-size":"auto","background-attachment":"scroll","background-type":"","background-media":"","overlay-type":"","overlay-color":"","overlay-opacity":"","overlay-gradient":""},"mobile":{"background-color":"","background-image":"","background-repeat":"repeat","background-position":"center center","background-size":"auto","background-attachment":"scroll","background-type":"","background-media":"","overlay-type":"","overlay-color":"","overlay-opacity":"","overlay-gradient":""}},"ast-content-background-meta":{"desktop":{"background-color":"var(--ast-global-color-5)","background-image":"","background-repeat":"repeat","background-position":"center center","background-size":"auto","background-attachment":"scroll","background-type":"","background-media":"","overlay-type":"","overlay-color":"","overlay-opacity":"","overlay-gradient":""},"tablet":{"background-color":"var(--ast-global-color-5)","background-image":"","background-repeat":"repeat","background-position":"center center","background-size":"auto","background-attachment":"scroll","background-type":"","background-media":"","overlay-type":"","overlay-color":"","overlay-opacity":"","overlay-gradient":""},"mobile":{"background-color":"var(--ast-global-color-5)","background-image":"","background-repeat":"repeat","background-position":"center center","background-size":"auto","background-attachment":"scroll","background-type":"","background-media":"","overlay-type":"","overlay-color":"","overlay-opacity":"","overlay-gradient":""}},"footnotes":""},"categories":[57],"tags":[2856,768,770,771,877,2857,2858],"class_list":["post-32022","post","type-post","status-publish","format-standard","has-post-thumbnail","hentry","category-mon-collegial","tag-finances-i-fiscalitat","tag-gestio-de-persones","tag-marqueting","tag-master-en-gestio-de-loficina-de-farmacia","tag-mgof","tag-sessio-informativa","tag-xiii-edicio"],"yoast_head":"<!-- This site is optimized with the Yoast SEO plugin v22.4 - https:\/\/yoast.com\/wordpress\/plugins\/seo\/ -->\n<title>28 de setembre, sessi\u00f3 informativa de la XIII edici\u00f3 del M\u00e0ster en Gesti\u00f3 de l&#039;Oficina de Farm\u00e0cia (MGOF)<\/title>\n<meta name=\"description\" content=\"28 de setembre, sessi\u00f3 informativa de la XIII edici\u00f3 del M\u00e0ster en Gesti\u00f3 de l&#039;Oficina de Farm\u00e0cia (MGOF)\" \/>\n<meta name=\"robots\" content=\"index, follow, max-snippet:-1, max-image-preview:large, max-video-preview:-1\" \/>\n<link rel=\"canonical\" href=\"https:\/\/novaorg.cofb.net\/2017\/09\/08\/28-de-setembre-sessio-informativa-de-la-xiii-edicio-del-master-en-gestio-doficina-de-farmacia-mgof\/\" \/>\n<meta property=\"og:locale\" content=\"ca_ES\" \/>\n<meta property=\"og:type\" content=\"article\" \/>\n<meta property=\"og:title\" content=\"28 de setembre, sessi\u00f3 informativa de la XIII edici\u00f3 del M\u00e0ster en Gesti\u00f3 de l&#039;Oficina de Farm\u00e0cia (MGOF)\" \/>\n<meta property=\"og:description\" content=\"28 de setembre, sessi\u00f3 informativa de la XIII edici\u00f3 del M\u00e0ster en Gesti\u00f3 de l&#039;Oficina de Farm\u00e0cia (MGOF)\" \/>\n<meta property=\"og:url\" content=\"https:\/\/novaorg.cofb.net\/2017\/09\/08\/28-de-setembre-sessio-informativa-de-la-xiii-edicio-del-master-en-gestio-doficina-de-farmacia-mgof\/\" \/>\n<meta property=\"og:site_name\" content=\"Col\u00b7legi de Farmac\u00e8utics de Barcelona\" \/>\n<meta property=\"article:publisher\" content=\"https:\/\/www.facebook.com\/farmaceuticsbcn\/\" \/>\n<meta property=\"article:published_time\" content=\"2017-09-08T11:55:05+00:00\" \/>\n<meta name=\"author\" content=\"wpAdminCofbOrg\" \/>\n<meta name=\"twitter:card\" content=\"summary_large_image\" \/>\n<meta name=\"twitter:creator\" content=\"@farmaceuticsbcn\" \/>\n<meta name=\"twitter:site\" content=\"@farmaceuticsbcn\" \/>\n<meta name=\"twitter:label1\" content=\"Escrit per\" \/>\n\t<meta name=\"twitter:data1\" content=\"wpAdminCofbOrg\" \/>\n\t<meta name=\"twitter:label2\" content=\"Temps estimat de lectura\" \/>\n\t<meta name=\"twitter:data2\" content=\"2 minuts\" \/>\n<script type=\"application\/ld+json\" class=\"yoast-schema-graph\">{\"@context\":\"https:\/\/schema.org\",\"@graph\":[{\"@type\":\"Article\",\"@id\":\"https:\/\/novaorg.cofb.net\/2017\/09\/08\/28-de-setembre-sessio-informativa-de-la-xiii-edicio-del-master-en-gestio-doficina-de-farmacia-mgof\/#article\",\"isPartOf\":{\"@id\":\"https:\/\/novaorg.cofb.net\/2017\/09\/08\/28-de-setembre-sessio-informativa-de-la-xiii-edicio-del-master-en-gestio-doficina-de-farmacia-mgof\/\"},\"author\":{\"name\":\"wpAdminCofbOrg\",\"@id\":\"https:\/\/www.cofb.org\/#\/schema\/person\/22ed7eea88da74b0fa4d3154ad87ffcb\"},\"headline\":\"28 de setembre, sessi\u00f3 informativa de la XIII edici\u00f3 del M\u00e0ster en Gesti\u00f3 de l&#8217;Oficina de Farm\u00e0cia (MGOF)\",\"datePublished\":\"2017-09-08T11:55:05+00:00\",\"dateModified\":\"2017-09-08T11:55:05+00:00\",\"mainEntityOfPage\":{\"@id\":\"https:\/\/novaorg.cofb.net\/2017\/09\/08\/28-de-setembre-sessio-informativa-de-la-xiii-edicio-del-master-en-gestio-doficina-de-farmacia-mgof\/\"},\"wordCount\":440,\"commentCount\":0,\"publisher\":{\"@id\":\"https:\/\/www.cofb.org\/#organization\"},\"image\":{\"@id\":\"https:\/\/novaorg.cofb.net\/2017\/09\/08\/28-de-setembre-sessio-informativa-de-la-xiii-edicio-del-master-en-gestio-doficina-de-farmacia-mgof\/#primaryimage\"},\"thumbnailUrl\":\"\",\"keywords\":[\"finances i fiscalitat\",\"gesti\u00f3 de persones\",\"m\u00e0rqueting\",\"M\u00e0ster en Gesti\u00f3 de l'Oficina de Farm\u00e0cia\",\"MGOF\",\"sessi\u00f3 informativa\",\"XIII edici\u00f3\"],\"articleSection\":[\"M\u00f3n col\u00b7legial\"],\"inLanguage\":\"ca\",\"potentialAction\":[{\"@type\":\"CommentAction\",\"name\":\"Comment\",\"target\":[\"https:\/\/novaorg.cofb.net\/2017\/09\/08\/28-de-setembre-sessio-informativa-de-la-xiii-edicio-del-master-en-gestio-doficina-de-farmacia-mgof\/#respond\"]}]},{\"@type\":\"WebPage\",\"@id\":\"https:\/\/novaorg.cofb.net\/2017\/09\/08\/28-de-setembre-sessio-informativa-de-la-xiii-edicio-del-master-en-gestio-doficina-de-farmacia-mgof\/\",\"url\":\"https:\/\/novaorg.cofb.net\/2017\/09\/08\/28-de-setembre-sessio-informativa-de-la-xiii-edicio-del-master-en-gestio-doficina-de-farmacia-mgof\/\",\"name\":\"28 de setembre, sessi\u00f3 informativa de la XIII edici\u00f3 del M\u00e0ster en Gesti\u00f3 de l'Oficina de Farm\u00e0cia (MGOF)\",\"isPartOf\":{\"@id\":\"https:\/\/www.cofb.org\/#website\"},\"primaryImageOfPage\":{\"@id\":\"https:\/\/novaorg.cofb.net\/2017\/09\/08\/28-de-setembre-sessio-informativa-de-la-xiii-edicio-del-master-en-gestio-doficina-de-farmacia-mgof\/#primaryimage\"},\"image\":{\"@id\":\"https:\/\/novaorg.cofb.net\/2017\/09\/08\/28-de-setembre-sessio-informativa-de-la-xiii-edicio-del-master-en-gestio-doficina-de-farmacia-mgof\/#primaryimage\"},\"thumbnailUrl\":\"\",\"datePublished\":\"2017-09-08T11:55:05+00:00\",\"dateModified\":\"2017-09-08T11:55:05+00:00\",\"description\":\"28 de setembre, sessi\u00f3 informativa de la XIII edici\u00f3 del M\u00e0ster en Gesti\u00f3 de l'Oficina de Farm\u00e0cia (MGOF)\",\"breadcrumb\":{\"@id\":\"https:\/\/novaorg.cofb.net\/2017\/09\/08\/28-de-setembre-sessio-informativa-de-la-xiii-edicio-del-master-en-gestio-doficina-de-farmacia-mgof\/#breadcrumb\"},\"inLanguage\":\"ca\",\"potentialAction\":[{\"@type\":\"ReadAction\",\"target\":[\"https:\/\/novaorg.cofb.net\/2017\/09\/08\/28-de-setembre-sessio-informativa-de-la-xiii-edicio-del-master-en-gestio-doficina-de-farmacia-mgof\/\"]}]},{\"@type\":\"ImageObject\",\"inLanguage\":\"ca\",\"@id\":\"https:\/\/novaorg.cofb.net\/2017\/09\/08\/28-de-setembre-sessio-informativa-de-la-xiii-edicio-del-master-en-gestio-doficina-de-farmacia-mgof\/#primaryimage\",\"url\":\"\",\"contentUrl\":\"\"},{\"@type\":\"BreadcrumbList\",\"@id\":\"https:\/\/novaorg.cofb.net\/2017\/09\/08\/28-de-setembre-sessio-informativa-de-la-xiii-edicio-del-master-en-gestio-doficina-de-farmacia-mgof\/#breadcrumb\",\"itemListElement\":[{\"@type\":\"ListItem\",\"position\":1,\"name\":\"Inici\",\"item\":\"https:\/\/novaorg.cofb.net\/\"},{\"@type\":\"ListItem\",\"position\":2,\"name\":\"28 de setembre, sessi\u00f3 informativa de la XIII edici\u00f3 del M\u00e0ster en Gesti\u00f3 de l&#8217;Oficina de Farm\u00e0cia (MGOF)\"}]},{\"@type\":\"WebSite\",\"@id\":\"https:\/\/www.cofb.org\/#website\",\"url\":\"https:\/\/www.cofb.org\/\",\"name\":\"Col\u00b7legi de Farmac\u00e8utics de Barcelona\",\"description\":\"\",\"publisher\":{\"@id\":\"https:\/\/www.cofb.org\/#organization\"},\"potentialAction\":[{\"@type\":\"SearchAction\",\"target\":{\"@type\":\"EntryPoint\",\"urlTemplate\":\"https:\/\/www.cofb.org\/?s={search_term_string}\"},\"query-input\":\"required name=search_term_string\"}],\"inLanguage\":\"ca\"},{\"@type\":\"Organization\",\"@id\":\"https:\/\/www.cofb.org\/#organization\",\"name\":\"Col\u00b7legi de Farmac\u00e8utics de Barcelona\",\"url\":\"https:\/\/www.cofb.org\/\",\"logo\":{\"@type\":\"ImageObject\",\"inLanguage\":\"ca\",\"@id\":\"https:\/\/www.cofb.org\/#\/schema\/logo\/image\/\",\"url\":\"https:\/\/www.cofb.org\/wp-content\/uploads\/2023\/11\/cropped-Logotip-COFB.png\",\"contentUrl\":\"https:\/\/www.cofb.org\/wp-content\/uploads\/2023\/11\/cropped-Logotip-COFB.png\",\"width\":500,\"height\":105,\"caption\":\"Col\u00b7legi de Farmac\u00e8utics de Barcelona\"},\"image\":{\"@id\":\"https:\/\/www.cofb.org\/#\/schema\/logo\/image\/\"},\"sameAs\":[\"https:\/\/www.facebook.com\/farmaceuticsbcn\/\",\"https:\/\/twitter.com\/farmaceuticsbcn\",\"https:\/\/www.instagram.com\/farmaceuticsbcn\/\",\"https:\/\/www.linkedin.com\/company\/farmaceuticsbcn\/\"]},{\"@type\":\"Person\",\"@id\":\"https:\/\/www.cofb.org\/#\/schema\/person\/22ed7eea88da74b0fa4d3154ad87ffcb\",\"name\":\"wpAdminCofbOrg\",\"image\":{\"@type\":\"ImageObject\",\"inLanguage\":\"ca\",\"@id\":\"https:\/\/www.cofb.org\/#\/schema\/person\/image\/\",\"url\":\"https:\/\/secure.gravatar.com\/avatar\/1721b20b3b8ca882c3b56ec6c978c594fff670e40c0718e9190eaeeb76aae7d8?s=96&d=mm&r=g\",\"contentUrl\":\"https:\/\/secure.gravatar.com\/avatar\/1721b20b3b8ca882c3b56ec6c978c594fff670e40c0718e9190eaeeb76aae7d8?s=96&d=mm&r=g\",\"caption\":\"wpAdminCofbOrg\"},\"sameAs\":[\"http:\/\/192.168.64.122\/wordpress\"],\"url\":\"https:\/\/www.cofb.org\/ca\/author\/wpadmincofborg\/\"}]}<\/script>\n<!-- \/ Yoast SEO plugin. -->","yoast_head_json":{"title":"28 de setembre, sessi\u00f3 informativa de la XIII edici\u00f3 del M\u00e0ster en Gesti\u00f3 de l'Oficina de Farm\u00e0cia (MGOF)","description":"28 de setembre, sessi\u00f3 informativa de la XIII edici\u00f3 del M\u00e0ster en Gesti\u00f3 de l'Oficina de Farm\u00e0cia (MGOF)","robots":{"index":"index","follow":"follow","max-snippet":"max-snippet:-1","max-image-preview":"max-image-preview:large","max-video-preview":"max-video-preview:-1"},"canonical":"https:\/\/novaorg.cofb.net\/2017\/09\/08\/28-de-setembre-sessio-informativa-de-la-xiii-edicio-del-master-en-gestio-doficina-de-farmacia-mgof\/","og_locale":"ca_ES","og_type":"article","og_title":"28 de setembre, sessi\u00f3 informativa de la XIII edici\u00f3 del M\u00e0ster en Gesti\u00f3 de l'Oficina de Farm\u00e0cia (MGOF)","og_description":"28 de setembre, sessi\u00f3 informativa de la XIII edici\u00f3 del M\u00e0ster en Gesti\u00f3 de l'Oficina de Farm\u00e0cia (MGOF)","og_url":"https:\/\/novaorg.cofb.net\/2017\/09\/08\/28-de-setembre-sessio-informativa-de-la-xiii-edicio-del-master-en-gestio-doficina-de-farmacia-mgof\/","og_site_name":"Col\u00b7legi de Farmac\u00e8utics de Barcelona","article_publisher":"https:\/\/www.facebook.com\/farmaceuticsbcn\/","article_published_time":"2017-09-08T11:55:05+00:00","author":"wpAdminCofbOrg","twitter_card":"summary_large_image","twitter_creator":"@farmaceuticsbcn","twitter_site":"@farmaceuticsbcn","twitter_misc":{"Escrit per":"wpAdminCofbOrg","Temps estimat de lectura":"2 minuts"},"schema":{"@context":"https:\/\/schema.org","@graph":[{"@type":"Article","@id":"https:\/\/novaorg.cofb.net\/2017\/09\/08\/28-de-setembre-sessio-informativa-de-la-xiii-edicio-del-master-en-gestio-doficina-de-farmacia-mgof\/#article","isPartOf":{"@id":"https:\/\/novaorg.cofb.net\/2017\/09\/08\/28-de-setembre-sessio-informativa-de-la-xiii-edicio-del-master-en-gestio-doficina-de-farmacia-mgof\/"},"author":{"name":"wpAdminCofbOrg","@id":"https:\/\/www.cofb.org\/#\/schema\/person\/22ed7eea88da74b0fa4d3154ad87ffcb"},"headline":"28 de setembre, sessi\u00f3 informativa de la XIII edici\u00f3 del M\u00e0ster en Gesti\u00f3 de l&#8217;Oficina de Farm\u00e0cia (MGOF)","datePublished":"2017-09-08T11:55:05+00:00","dateModified":"2017-09-08T11:55:05+00:00","mainEntityOfPage":{"@id":"https:\/\/novaorg.cofb.net\/2017\/09\/08\/28-de-setembre-sessio-informativa-de-la-xiii-edicio-del-master-en-gestio-doficina-de-farmacia-mgof\/"},"wordCount":440,"commentCount":0,"publisher":{"@id":"https:\/\/www.cofb.org\/#organization"},"image":{"@id":"https:\/\/novaorg.cofb.net\/2017\/09\/08\/28-de-setembre-sessio-informativa-de-la-xiii-edicio-del-master-en-gestio-doficina-de-farmacia-mgof\/#primaryimage"},"thumbnailUrl":"","keywords":["finances i fiscalitat","gesti\u00f3 de persones","m\u00e0rqueting","M\u00e0ster en Gesti\u00f3 de l'Oficina de Farm\u00e0cia","MGOF","sessi\u00f3 informativa","XIII edici\u00f3"],"articleSection":["M\u00f3n col\u00b7legial"],"inLanguage":"ca","potentialAction":[{"@type":"CommentAction","name":"Comment","target":["https:\/\/novaorg.cofb.net\/2017\/09\/08\/28-de-setembre-sessio-informativa-de-la-xiii-edicio-del-master-en-gestio-doficina-de-farmacia-mgof\/#respond"]}]},{"@type":"WebPage","@id":"https:\/\/novaorg.cofb.net\/2017\/09\/08\/28-de-setembre-sessio-informativa-de-la-xiii-edicio-del-master-en-gestio-doficina-de-farmacia-mgof\/","url":"https:\/\/novaorg.cofb.net\/2017\/09\/08\/28-de-setembre-sessio-informativa-de-la-xiii-edicio-del-master-en-gestio-doficina-de-farmacia-mgof\/","name":"28 de setembre, sessi\u00f3 informativa de la XIII edici\u00f3 del M\u00e0ster en Gesti\u00f3 de l'Oficina de Farm\u00e0cia (MGOF)","isPartOf":{"@id":"https:\/\/www.cofb.org\/#website"},"primaryImageOfPage":{"@id":"https:\/\/novaorg.cofb.net\/2017\/09\/08\/28-de-setembre-sessio-informativa-de-la-xiii-edicio-del-master-en-gestio-doficina-de-farmacia-mgof\/#primaryimage"},"image":{"@id":"https:\/\/novaorg.cofb.net\/2017\/09\/08\/28-de-setembre-sessio-informativa-de-la-xiii-edicio-del-master-en-gestio-doficina-de-farmacia-mgof\/#primaryimage"},"thumbnailUrl":"","datePublished":"2017-09-08T11:55:05+00:00","dateModified":"2017-09-08T11:55:05+00:00","description":"28 de setembre, sessi\u00f3 informativa de la XIII edici\u00f3 del M\u00e0ster en Gesti\u00f3 de l'Oficina de Farm\u00e0cia (MGOF)","breadcrumb":{"@id":"https:\/\/novaorg.cofb.net\/2017\/09\/08\/28-de-setembre-sessio-informativa-de-la-xiii-edicio-del-master-en-gestio-doficina-de-farmacia-mgof\/#breadcrumb"},"inLanguage":"ca","potentialAction":[{"@type":"ReadAction","target":["https:\/\/novaorg.cofb.net\/2017\/09\/08\/28-de-setembre-sessio-informativa-de-la-xiii-edicio-del-master-en-gestio-doficina-de-farmacia-mgof\/"]}]},{"@type":"ImageObject","inLanguage":"ca","@id":"https:\/\/novaorg.cofb.net\/2017\/09\/08\/28-de-setembre-sessio-informativa-de-la-xiii-edicio-del-master-en-gestio-doficina-de-farmacia-mgof\/#primaryimage","url":"","contentUrl":""},{"@type":"BreadcrumbList","@id":"https:\/\/novaorg.cofb.net\/2017\/09\/08\/28-de-setembre-sessio-informativa-de-la-xiii-edicio-del-master-en-gestio-doficina-de-farmacia-mgof\/#breadcrumb","itemListElement":[{"@type":"ListItem","position":1,"name":"Inici","item":"https:\/\/novaorg.cofb.net\/"},{"@type":"ListItem","position":2,"name":"28 de setembre, sessi\u00f3 informativa de la XIII edici\u00f3 del M\u00e0ster en Gesti\u00f3 de l&#8217;Oficina de Farm\u00e0cia (MGOF)"}]},{"@type":"WebSite","@id":"https:\/\/www.cofb.org\/#website","url":"https:\/\/www.cofb.org\/","name":"Col\u00b7legi de Farmac\u00e8utics de Barcelona","description":"","publisher":{"@id":"https:\/\/www.cofb.org\/#organization"},"potentialAction":[{"@type":"SearchAction","target":{"@type":"EntryPoint","urlTemplate":"https:\/\/www.cofb.org\/?s={search_term_string}"},"query-input":"required name=search_term_string"}],"inLanguage":"ca"},{"@type":"Organization","@id":"https:\/\/www.cofb.org\/#organization","name":"Col\u00b7legi de Farmac\u00e8utics de Barcelona","url":"https:\/\/www.cofb.org\/","logo":{"@type":"ImageObject","inLanguage":"ca","@id":"https:\/\/www.cofb.org\/#\/schema\/logo\/image\/","url":"https:\/\/www.cofb.org\/wp-content\/uploads\/2023\/11\/cropped-Logotip-COFB.png","contentUrl":"https:\/\/www.cofb.org\/wp-content\/uploads\/2023\/11\/cropped-Logotip-COFB.png","width":500,"height":105,"caption":"Col\u00b7legi de Farmac\u00e8utics de Barcelona"},"image":{"@id":"https:\/\/www.cofb.org\/#\/schema\/logo\/image\/"},"sameAs":["https:\/\/www.facebook.com\/farmaceuticsbcn\/","https:\/\/twitter.com\/farmaceuticsbcn","https:\/\/www.instagram.com\/farmaceuticsbcn\/","https:\/\/www.linkedin.com\/company\/farmaceuticsbcn\/"]},{"@type":"Person","@id":"https:\/\/www.cofb.org\/#\/schema\/person\/22ed7eea88da74b0fa4d3154ad87ffcb","name":"wpAdminCofbOrg","image":{"@type":"ImageObject","inLanguage":"ca","@id":"https:\/\/www.cofb.org\/#\/schema\/person\/image\/","url":"https:\/\/secure.gravatar.com\/avatar\/1721b20b3b8ca882c3b56ec6c978c594fff670e40c0718e9190eaeeb76aae7d8?s=96&d=mm&r=g","contentUrl":"https:\/\/secure.gravatar.com\/avatar\/1721b20b3b8ca882c3b56ec6c978c594fff670e40c0718e9190eaeeb76aae7d8?s=96&d=mm&r=g","caption":"wpAdminCofbOrg"},"sameAs":["http:\/\/192.168.64.122\/wordpress"],"url":"https:\/\/www.cofb.org\/ca\/author\/wpadmincofborg\/"}]}},"uagb_featured_image_src":{"full":false,"thumbnail":false,"medium":false,"medium_large":false,"large":false,"1536x1536":false,"2048x2048":false,"trp-custom-language-flag":false},"uagb_author_info":{"display_name":"wpAdminCofbOrg","author_link":"https:\/\/www.cofb.org\/ca\/author\/wpadmincofborg\/"},"uagb_comment_info":0,"uagb_excerpt":"La XIII edici\u00f3 del M\u00e0ster en Gesti\u00f3 de l&#8217;Oficina de Farm\u00e0cia est\u00e0 a punt d\u2019engegar. \u00c9s per aix\u00f2 que, el proper dijous 28 de setembre, el Col\u00b7legi oferir\u00e0 una sessi\u00f3 informativa on s\u2019exposaran i explicaran els principals objectius del curs. L\u2019acte es far\u00e0 a c\u00e0rrec de l\u2019equip organitzatiu dels estudis, [&hellip;]","_links":{"self":[{"href":"https:\/\/www.cofb.org\/ca\/wp-json\/wp\/v2\/posts\/32022","targetHints":{"allow":["GET"]}}],"collection":[{"href":"https:\/\/www.cofb.org\/ca\/wp-json\/wp\/v2\/posts"}],"about":[{"href":"https:\/\/www.cofb.org\/ca\/wp-json\/wp\/v2\/types\/post"}],"author":[{"embeddable":true,"href":"https:\/\/www.cofb.org\/ca\/wp-json\/wp\/v2\/users\/1"}],"replies":[{"embeddable":true,"href":"https:\/\/www.cofb.org\/ca\/wp-json\/wp\/v2\/comments?post=32022"}],"version-history":[{"count":0,"href":"https:\/\/www.cofb.org\/ca\/wp-json\/wp\/v2\/posts\/32022\/revisions"}],"wp:featuredmedia":[{"embeddable":true,"href":"https:\/\/www.cofb.org\/ca\/wp-json\/"}],"wp:attachment":[{"href":"https:\/\/www.cofb.org\/ca\/wp-json\/wp\/v2\/media?parent=32022"}],"wp:term":[{"taxonomy":"category","embeddable":true,"href":"https:\/\/www.cofb.org\/ca\/wp-json\/wp\/v2\/categories?post=32022"},{"taxonomy":"post_tag","embeddable":true,"href":"https:\/\/www.cofb.org\/ca\/wp-json\/wp\/v2\/tags?post=32022"}],"curies":[{"name":"wp","href":"https:\/\/api.w.org\/{rel}","templated":true}]}}