{"id":31758,"date":"2017-08-04T09:04:13","date_gmt":"2017-08-04T08:04:13","guid":{"rendered":"http:\/\/blog.cofb.cat\/?p=31758"},"modified":"2017-08-04T09:04:13","modified_gmt":"2017-08-04T08:04:13","slug":"memoria-cofb-2016-quin-cami-hem-construit-per-millorar-la-salut-de-les-persones","status":"publish","type":"post","link":"https:\/\/www.cofb.org\/ca\/2017\/08\/04\/memoria-cofb-2016-quin-cami-hem-construit-per-millorar-la-salut-de-les-persones\/","title":{"rendered":"Mem\u00f2ria COFB 2016: quin cam\u00ed hem constru\u00eft per millorar la salut de les persones?"},"content":{"rendered":"<p><a href=\"http:\/\/blog.cofb.cat\/wp-content\/uploads\/2017\/08\/memoria2016.jpg\"><img fetchpriority=\"high\" decoding=\"async\" class=\" wp-image-31759 alignleft\" title=\"Mem\u00f2ria COFB 2016: quin cam\u00ed hem constru\u00eft per millorar la salut de les persones?\" alt=\"memoria2016\" src=\"http:\/\/blog.cofb.cat\/wp-content\/uploads\/2017\/08\/memoria2016.jpg\" width=\"275\" height=\"333\" \/><\/a>Cap a on s\u2019ha adre\u00e7at el cam\u00ed constru\u00eft pel Col\u00b7legi durant el 2016? Qu\u00e8 s\u2019ha fet per continuar aportant valor a la societat a trav\u00e9s d\u2019una professi\u00f3 que evoluciona, apr\u00e8n i s\u2019adapta a les noves necessitats de salut de la poblaci\u00f3? I quines s\u00f3n les principals novetats en les quals s\u2019ha treballat? <b>Us convidem a donar resposta a aquestes q\u00fcestions clicant a la imatge, la porta d\u2019entrada al recorregut marcat per la Mem\u00f2ria del COFB 2016<\/b> que es complementa amb el <a href=\"https:\/\/cdn.knightlab.com\/libs\/timeline3\/latest\/embed\/index.html?source=1T7ZhVRERiKcXd0JREHUkWFndW7vwPWiun-HrPyJfyFA&amp;font=Default&amp;lang=ca&amp;initial_zoom=0&amp;height=650\" target=\"_blank\" rel=\"noopener\"><b>timeline interactiu<\/b><\/a><b> creat amb el m\u00e9s destacat de l\u2019any. <\/b><\/p>\n<p>A trav\u00e9s de les diferents p\u00e0gines trobareu en <b>quins projectes ha participat la farm\u00e0cia, juntament amb altres professionals sanitaris, per millorar els resultats de salut de les persones: alguns nous,<\/b> com la <b>detecci\u00f3 preco\u00e7 d\u2019un c\u00e0ncer de pell, la prevenci\u00f3 d\u2019un ictus i el treball en xarxa per vetllar per un bon \u00fas del medicaments; <\/b>i <b>d\u2019altres que s\u2019han continuat consolidant, <\/b>com la <b>detecci\u00f3 preco\u00e7 del c\u00e0ncer de c\u00f2lon i recte o la infecci\u00f3 per VIH, el programa d\u2019intercanvi de xeringues o el de manteniment amb Metadona.<\/b> Tamb\u00e9 accedireu a un <b>rep\u00e0s de les xifres i dades m\u00e9s representatives del col\u00b7lectiu i del Col\u00b7leg<\/b>i i <b>sereu testimonis de les noves apostes que s\u2019han fet<\/b>, com la <b>creaci\u00f3 de la Comissi\u00f3 de Comprom\u00eds Social <\/b>per tal d\u2019impulsar i ordenar tots aquells projectes que tenen a veure amb la responsabilitat social de la instituci\u00f3. En definitiva, a aquest document <b>trobareu molt m\u00e9s sobre cada un dels projectes, i tamb\u00e9 sobre premis, beques i els aven\u00e7os en formaci\u00f3<\/b>.<\/p>\n<p>Accedeix a la Mem\u00f2ria a trav\u00e9s del web institucional: <a href=\"http:\/\/www.cofb.org\/web\/guest\/memoria\" target=\"_blank\" rel=\"noopener\">Mem\u00f2ria 2016<\/a><\/p>\n","protected":false},"excerpt":{"rendered":"<p>Cap a on s\u2019ha adre\u00e7at el cam\u00ed constru\u00eft pel Col\u00b7legi durant el 2016? Qu\u00e8 s\u2019ha fet per continuar aportant valor a la societat a trav\u00e9s d\u2019una professi\u00f3 que evoluciona, apr\u00e8n i s\u2019adapta a les noves necessitats de salut de la poblaci\u00f3? I quines s\u00f3n les principals novetats en les quals [&hellip;]<\/p>\n","protected":false},"author":1,"featured_media":31760,"comment_status":"open","ping_status":"open","sticky":false,"template":"","format":"standard","meta":{"_uag_custom_page_level_css":"","site-sidebar-layout":"default","site-content-layout":"","ast-site-content-layout":"default","site-content-style":"default","site-sidebar-style":"default","ast-global-header-display":"","ast-banner-title-visibility":"","ast-main-header-display":"","ast-hfb-above-header-display":"","ast-hfb-below-header-display":"","ast-hfb-mobile-header-display":"","site-post-title":"","ast-breadcrumbs-content":"","ast-featured-img":"disabled","footer-sml-layout":"","theme-transparent-header-meta":"","adv-header-id-meta":"","stick-header-meta":"","header-above-stick-meta":"","header-main-stick-meta":"","header-below-stick-meta":"","astra-migrate-meta-layouts":"default","ast-page-background-enabled":"default","ast-page-background-meta":{"desktop":{"background-color":"var(--ast-global-color-4)","background-image":"","background-repeat":"repeat","background-position":"center center","background-size":"auto","background-attachment":"scroll","background-type":"","background-media":"","overlay-type":"","overlay-color":"","overlay-opacity":"","overlay-gradient":""},"tablet":{"background-color":"","background-image":"","background-repeat":"repeat","background-position":"center center","background-size":"auto","background-attachment":"scroll","background-type":"","background-media":"","overlay-type":"","overlay-color":"","overlay-opacity":"","overlay-gradient":""},"mobile":{"background-color":"","background-image":"","background-repeat":"repeat","background-position":"center center","background-size":"auto","background-attachment":"scroll","background-type":"","background-media":"","overlay-type":"","overlay-color":"","overlay-opacity":"","overlay-gradient":""}},"ast-content-background-meta":{"desktop":{"background-color":"var(--ast-global-color-5)","background-image":"","background-repeat":"repeat","background-position":"center center","background-size":"auto","background-attachment":"scroll","background-type":"","background-media":"","overlay-type":"","overlay-color":"","overlay-opacity":"","overlay-gradient":""},"tablet":{"background-color":"var(--ast-global-color-5)","background-image":"","background-repeat":"repeat","background-position":"center center","background-size":"auto","background-attachment":"scroll","background-type":"","background-media":"","overlay-type":"","overlay-color":"","overlay-opacity":"","overlay-gradient":""},"mobile":{"background-color":"var(--ast-global-color-5)","background-image":"","background-repeat":"repeat","background-position":"center center","background-size":"auto","background-attachment":"scroll","background-type":"","background-media":"","overlay-type":"","overlay-color":"","overlay-opacity":"","overlay-gradient":""}},"footnotes":""},"categories":[57],"tags":[18,19,684,2845,2149],"class_list":["post-31758","post","type-post","status-publish","format-standard","has-post-thumbnail","hentry","category-mon-collegial","tag-cofb","tag-collegi-de-farmaceutics-de-barcelona","tag-memoria","tag-memoria-2016","tag-publicacions"],"yoast_head":"<!-- This site is optimized with the Yoast SEO plugin v22.4 - https:\/\/yoast.com\/wordpress\/plugins\/seo\/ -->\n<title>Mem\u00f2ria COFB 2016: quin cam\u00ed hem constru\u00eft per millorar la salut de les persones?<\/title>\n<meta name=\"description\" content=\"Mem\u00f2ria COFB 2016: quin cam\u00ed hem constru\u00eft per millorar la salut de les persones?\" \/>\n<meta name=\"robots\" content=\"index, follow, max-snippet:-1, max-image-preview:large, max-video-preview:-1\" \/>\n<link rel=\"canonical\" href=\"https:\/\/novaorg.cofb.net\/2017\/08\/04\/memoria-cofb-2016-quin-cami-hem-construit-per-millorar-la-salut-de-les-persones\/\" \/>\n<meta property=\"og:locale\" content=\"ca_ES\" \/>\n<meta property=\"og:type\" content=\"article\" \/>\n<meta property=\"og:title\" content=\"Mem\u00f2ria COFB 2016: quin cam\u00ed hem constru\u00eft per millorar la salut de les persones?\" \/>\n<meta property=\"og:description\" content=\"Mem\u00f2ria COFB 2016: quin cam\u00ed hem constru\u00eft per millorar la salut de les persones?\" \/>\n<meta property=\"og:url\" content=\"https:\/\/novaorg.cofb.net\/2017\/08\/04\/memoria-cofb-2016-quin-cami-hem-construit-per-millorar-la-salut-de-les-persones\/\" \/>\n<meta property=\"og:site_name\" content=\"Col\u00b7legi de Farmac\u00e8utics de Barcelona\" \/>\n<meta property=\"article:publisher\" content=\"https:\/\/www.facebook.com\/farmaceuticsbcn\/\" \/>\n<meta property=\"article:published_time\" content=\"2017-08-04T08:04:13+00:00\" \/>\n<meta name=\"author\" content=\"wpAdminCofbOrg\" \/>\n<meta name=\"twitter:card\" content=\"summary_large_image\" \/>\n<meta name=\"twitter:creator\" content=\"@farmaceuticsbcn\" \/>\n<meta name=\"twitter:site\" content=\"@farmaceuticsbcn\" \/>\n<meta name=\"twitter:label1\" content=\"Escrit per\" \/>\n\t<meta name=\"twitter:data1\" content=\"wpAdminCofbOrg\" \/>\n\t<meta name=\"twitter:label2\" content=\"Temps estimat de lectura\" \/>\n\t<meta name=\"twitter:data2\" content=\"2 minuts\" \/>\n<script type=\"application\/ld+json\" class=\"yoast-schema-graph\">{\"@context\":\"https:\/\/schema.org\",\"@graph\":[{\"@type\":\"Article\",\"@id\":\"https:\/\/novaorg.cofb.net\/2017\/08\/04\/memoria-cofb-2016-quin-cami-hem-construit-per-millorar-la-salut-de-les-persones\/#article\",\"isPartOf\":{\"@id\":\"https:\/\/novaorg.cofb.net\/2017\/08\/04\/memoria-cofb-2016-quin-cami-hem-construit-per-millorar-la-salut-de-les-persones\/\"},\"author\":{\"name\":\"wpAdminCofbOrg\",\"@id\":\"https:\/\/www.cofb.org\/#\/schema\/person\/22ed7eea88da74b0fa4d3154ad87ffcb\"},\"headline\":\"Mem\u00f2ria COFB 2016: quin cam\u00ed hem constru\u00eft per millorar la salut de les persones?\",\"datePublished\":\"2017-08-04T08:04:13+00:00\",\"dateModified\":\"2017-08-04T08:04:13+00:00\",\"mainEntityOfPage\":{\"@id\":\"https:\/\/novaorg.cofb.net\/2017\/08\/04\/memoria-cofb-2016-quin-cami-hem-construit-per-millorar-la-salut-de-les-persones\/\"},\"wordCount\":317,\"commentCount\":0,\"publisher\":{\"@id\":\"https:\/\/www.cofb.org\/#organization\"},\"image\":{\"@id\":\"https:\/\/novaorg.cofb.net\/2017\/08\/04\/memoria-cofb-2016-quin-cami-hem-construit-per-millorar-la-salut-de-les-persones\/#primaryimage\"},\"thumbnailUrl\":\"\",\"keywords\":[\"COFB\",\"Col\u00b7legi de Farmac\u00e8utics de Barcelona\",\"Mem\u00f2ria\",\"Mem\u00f2ria 2016\",\"Publicacions\"],\"articleSection\":[\"M\u00f3n col\u00b7legial\"],\"inLanguage\":\"ca\",\"potentialAction\":[{\"@type\":\"CommentAction\",\"name\":\"Comment\",\"target\":[\"https:\/\/novaorg.cofb.net\/2017\/08\/04\/memoria-cofb-2016-quin-cami-hem-construit-per-millorar-la-salut-de-les-persones\/#respond\"]}]},{\"@type\":\"WebPage\",\"@id\":\"https:\/\/novaorg.cofb.net\/2017\/08\/04\/memoria-cofb-2016-quin-cami-hem-construit-per-millorar-la-salut-de-les-persones\/\",\"url\":\"https:\/\/novaorg.cofb.net\/2017\/08\/04\/memoria-cofb-2016-quin-cami-hem-construit-per-millorar-la-salut-de-les-persones\/\",\"name\":\"Mem\u00f2ria COFB 2016: quin cam\u00ed hem constru\u00eft per millorar la salut de les persones?\",\"isPartOf\":{\"@id\":\"https:\/\/www.cofb.org\/#website\"},\"primaryImageOfPage\":{\"@id\":\"https:\/\/novaorg.cofb.net\/2017\/08\/04\/memoria-cofb-2016-quin-cami-hem-construit-per-millorar-la-salut-de-les-persones\/#primaryimage\"},\"image\":{\"@id\":\"https:\/\/novaorg.cofb.net\/2017\/08\/04\/memoria-cofb-2016-quin-cami-hem-construit-per-millorar-la-salut-de-les-persones\/#primaryimage\"},\"thumbnailUrl\":\"\",\"datePublished\":\"2017-08-04T08:04:13+00:00\",\"dateModified\":\"2017-08-04T08:04:13+00:00\",\"description\":\"Mem\u00f2ria COFB 2016: quin cam\u00ed hem constru\u00eft per millorar la salut de les persones?\",\"breadcrumb\":{\"@id\":\"https:\/\/novaorg.cofb.net\/2017\/08\/04\/memoria-cofb-2016-quin-cami-hem-construit-per-millorar-la-salut-de-les-persones\/#breadcrumb\"},\"inLanguage\":\"ca\",\"potentialAction\":[{\"@type\":\"ReadAction\",\"target\":[\"https:\/\/novaorg.cofb.net\/2017\/08\/04\/memoria-cofb-2016-quin-cami-hem-construit-per-millorar-la-salut-de-les-persones\/\"]}]},{\"@type\":\"ImageObject\",\"inLanguage\":\"ca\",\"@id\":\"https:\/\/novaorg.cofb.net\/2017\/08\/04\/memoria-cofb-2016-quin-cami-hem-construit-per-millorar-la-salut-de-les-persones\/#primaryimage\",\"url\":\"\",\"contentUrl\":\"\"},{\"@type\":\"BreadcrumbList\",\"@id\":\"https:\/\/novaorg.cofb.net\/2017\/08\/04\/memoria-cofb-2016-quin-cami-hem-construit-per-millorar-la-salut-de-les-persones\/#breadcrumb\",\"itemListElement\":[{\"@type\":\"ListItem\",\"position\":1,\"name\":\"Inici\",\"item\":\"https:\/\/novaorg.cofb.net\/\"},{\"@type\":\"ListItem\",\"position\":2,\"name\":\"Mem\u00f2ria COFB 2016: quin cam\u00ed hem constru\u00eft per millorar la salut de les persones?\"}]},{\"@type\":\"WebSite\",\"@id\":\"https:\/\/www.cofb.org\/#website\",\"url\":\"https:\/\/www.cofb.org\/\",\"name\":\"Col\u00b7legi de Farmac\u00e8utics de Barcelona\",\"description\":\"\",\"publisher\":{\"@id\":\"https:\/\/www.cofb.org\/#organization\"},\"potentialAction\":[{\"@type\":\"SearchAction\",\"target\":{\"@type\":\"EntryPoint\",\"urlTemplate\":\"https:\/\/www.cofb.org\/?s={search_term_string}\"},\"query-input\":\"required name=search_term_string\"}],\"inLanguage\":\"ca\"},{\"@type\":\"Organization\",\"@id\":\"https:\/\/www.cofb.org\/#organization\",\"name\":\"Col\u00b7legi de Farmac\u00e8utics de Barcelona\",\"url\":\"https:\/\/www.cofb.org\/\",\"logo\":{\"@type\":\"ImageObject\",\"inLanguage\":\"ca\",\"@id\":\"https:\/\/www.cofb.org\/#\/schema\/logo\/image\/\",\"url\":\"https:\/\/www.cofb.org\/wp-content\/uploads\/2023\/11\/cropped-Logotip-COFB.png\",\"contentUrl\":\"https:\/\/www.cofb.org\/wp-content\/uploads\/2023\/11\/cropped-Logotip-COFB.png\",\"width\":500,\"height\":105,\"caption\":\"Col\u00b7legi de Farmac\u00e8utics de Barcelona\"},\"image\":{\"@id\":\"https:\/\/www.cofb.org\/#\/schema\/logo\/image\/\"},\"sameAs\":[\"https:\/\/www.facebook.com\/farmaceuticsbcn\/\",\"https:\/\/twitter.com\/farmaceuticsbcn\",\"https:\/\/www.instagram.com\/farmaceuticsbcn\/\",\"https:\/\/www.linkedin.com\/company\/farmaceuticsbcn\/\"]},{\"@type\":\"Person\",\"@id\":\"https:\/\/www.cofb.org\/#\/schema\/person\/22ed7eea88da74b0fa4d3154ad87ffcb\",\"name\":\"wpAdminCofbOrg\",\"image\":{\"@type\":\"ImageObject\",\"inLanguage\":\"ca\",\"@id\":\"https:\/\/www.cofb.org\/#\/schema\/person\/image\/\",\"url\":\"https:\/\/secure.gravatar.com\/avatar\/1721b20b3b8ca882c3b56ec6c978c594fff670e40c0718e9190eaeeb76aae7d8?s=96&d=mm&r=g\",\"contentUrl\":\"https:\/\/secure.gravatar.com\/avatar\/1721b20b3b8ca882c3b56ec6c978c594fff670e40c0718e9190eaeeb76aae7d8?s=96&d=mm&r=g\",\"caption\":\"wpAdminCofbOrg\"},\"sameAs\":[\"http:\/\/192.168.64.122\/wordpress\"],\"url\":\"https:\/\/www.cofb.org\/ca\/author\/wpadmincofborg\/\"}]}<\/script>\n<!-- \/ Yoast SEO plugin. -->","yoast_head_json":{"title":"Mem\u00f2ria COFB 2016: quin cam\u00ed hem constru\u00eft per millorar la salut de les persones?","description":"Mem\u00f2ria COFB 2016: quin cam\u00ed hem constru\u00eft per millorar la salut de les persones?","robots":{"index":"index","follow":"follow","max-snippet":"max-snippet:-1","max-image-preview":"max-image-preview:large","max-video-preview":"max-video-preview:-1"},"canonical":"https:\/\/novaorg.cofb.net\/2017\/08\/04\/memoria-cofb-2016-quin-cami-hem-construit-per-millorar-la-salut-de-les-persones\/","og_locale":"ca_ES","og_type":"article","og_title":"Mem\u00f2ria COFB 2016: quin cam\u00ed hem constru\u00eft per millorar la salut de les persones?","og_description":"Mem\u00f2ria COFB 2016: quin cam\u00ed hem constru\u00eft per millorar la salut de les persones?","og_url":"https:\/\/novaorg.cofb.net\/2017\/08\/04\/memoria-cofb-2016-quin-cami-hem-construit-per-millorar-la-salut-de-les-persones\/","og_site_name":"Col\u00b7legi de Farmac\u00e8utics de Barcelona","article_publisher":"https:\/\/www.facebook.com\/farmaceuticsbcn\/","article_published_time":"2017-08-04T08:04:13+00:00","author":"wpAdminCofbOrg","twitter_card":"summary_large_image","twitter_creator":"@farmaceuticsbcn","twitter_site":"@farmaceuticsbcn","twitter_misc":{"Escrit per":"wpAdminCofbOrg","Temps estimat de lectura":"2 minuts"},"schema":{"@context":"https:\/\/schema.org","@graph":[{"@type":"Article","@id":"https:\/\/novaorg.cofb.net\/2017\/08\/04\/memoria-cofb-2016-quin-cami-hem-construit-per-millorar-la-salut-de-les-persones\/#article","isPartOf":{"@id":"https:\/\/novaorg.cofb.net\/2017\/08\/04\/memoria-cofb-2016-quin-cami-hem-construit-per-millorar-la-salut-de-les-persones\/"},"author":{"name":"wpAdminCofbOrg","@id":"https:\/\/www.cofb.org\/#\/schema\/person\/22ed7eea88da74b0fa4d3154ad87ffcb"},"headline":"Mem\u00f2ria COFB 2016: quin cam\u00ed hem constru\u00eft per millorar la salut de les persones?","datePublished":"2017-08-04T08:04:13+00:00","dateModified":"2017-08-04T08:04:13+00:00","mainEntityOfPage":{"@id":"https:\/\/novaorg.cofb.net\/2017\/08\/04\/memoria-cofb-2016-quin-cami-hem-construit-per-millorar-la-salut-de-les-persones\/"},"wordCount":317,"commentCount":0,"publisher":{"@id":"https:\/\/www.cofb.org\/#organization"},"image":{"@id":"https:\/\/novaorg.cofb.net\/2017\/08\/04\/memoria-cofb-2016-quin-cami-hem-construit-per-millorar-la-salut-de-les-persones\/#primaryimage"},"thumbnailUrl":"","keywords":["COFB","Col\u00b7legi de Farmac\u00e8utics de Barcelona","Mem\u00f2ria","Mem\u00f2ria 2016","Publicacions"],"articleSection":["M\u00f3n col\u00b7legial"],"inLanguage":"ca","potentialAction":[{"@type":"CommentAction","name":"Comment","target":["https:\/\/novaorg.cofb.net\/2017\/08\/04\/memoria-cofb-2016-quin-cami-hem-construit-per-millorar-la-salut-de-les-persones\/#respond"]}]},{"@type":"WebPage","@id":"https:\/\/novaorg.cofb.net\/2017\/08\/04\/memoria-cofb-2016-quin-cami-hem-construit-per-millorar-la-salut-de-les-persones\/","url":"https:\/\/novaorg.cofb.net\/2017\/08\/04\/memoria-cofb-2016-quin-cami-hem-construit-per-millorar-la-salut-de-les-persones\/","name":"Mem\u00f2ria COFB 2016: quin cam\u00ed hem constru\u00eft per millorar la salut de les persones?","isPartOf":{"@id":"https:\/\/www.cofb.org\/#website"},"primaryImageOfPage":{"@id":"https:\/\/novaorg.cofb.net\/2017\/08\/04\/memoria-cofb-2016-quin-cami-hem-construit-per-millorar-la-salut-de-les-persones\/#primaryimage"},"image":{"@id":"https:\/\/novaorg.cofb.net\/2017\/08\/04\/memoria-cofb-2016-quin-cami-hem-construit-per-millorar-la-salut-de-les-persones\/#primaryimage"},"thumbnailUrl":"","datePublished":"2017-08-04T08:04:13+00:00","dateModified":"2017-08-04T08:04:13+00:00","description":"Mem\u00f2ria COFB 2016: quin cam\u00ed hem constru\u00eft per millorar la salut de les persones?","breadcrumb":{"@id":"https:\/\/novaorg.cofb.net\/2017\/08\/04\/memoria-cofb-2016-quin-cami-hem-construit-per-millorar-la-salut-de-les-persones\/#breadcrumb"},"inLanguage":"ca","potentialAction":[{"@type":"ReadAction","target":["https:\/\/novaorg.cofb.net\/2017\/08\/04\/memoria-cofb-2016-quin-cami-hem-construit-per-millorar-la-salut-de-les-persones\/"]}]},{"@type":"ImageObject","inLanguage":"ca","@id":"https:\/\/novaorg.cofb.net\/2017\/08\/04\/memoria-cofb-2016-quin-cami-hem-construit-per-millorar-la-salut-de-les-persones\/#primaryimage","url":"","contentUrl":""},{"@type":"BreadcrumbList","@id":"https:\/\/novaorg.cofb.net\/2017\/08\/04\/memoria-cofb-2016-quin-cami-hem-construit-per-millorar-la-salut-de-les-persones\/#breadcrumb","itemListElement":[{"@type":"ListItem","position":1,"name":"Inici","item":"https:\/\/novaorg.cofb.net\/"},{"@type":"ListItem","position":2,"name":"Mem\u00f2ria COFB 2016: quin cam\u00ed hem constru\u00eft per millorar la salut de les persones?"}]},{"@type":"WebSite","@id":"https:\/\/www.cofb.org\/#website","url":"https:\/\/www.cofb.org\/","name":"Col\u00b7legi de Farmac\u00e8utics de Barcelona","description":"","publisher":{"@id":"https:\/\/www.cofb.org\/#organization"},"potentialAction":[{"@type":"SearchAction","target":{"@type":"EntryPoint","urlTemplate":"https:\/\/www.cofb.org\/?s={search_term_string}"},"query-input":"required name=search_term_string"}],"inLanguage":"ca"},{"@type":"Organization","@id":"https:\/\/www.cofb.org\/#organization","name":"Col\u00b7legi de Farmac\u00e8utics de Barcelona","url":"https:\/\/www.cofb.org\/","logo":{"@type":"ImageObject","inLanguage":"ca","@id":"https:\/\/www.cofb.org\/#\/schema\/logo\/image\/","url":"https:\/\/www.cofb.org\/wp-content\/uploads\/2023\/11\/cropped-Logotip-COFB.png","contentUrl":"https:\/\/www.cofb.org\/wp-content\/uploads\/2023\/11\/cropped-Logotip-COFB.png","width":500,"height":105,"caption":"Col\u00b7legi de Farmac\u00e8utics de Barcelona"},"image":{"@id":"https:\/\/www.cofb.org\/#\/schema\/logo\/image\/"},"sameAs":["https:\/\/www.facebook.com\/farmaceuticsbcn\/","https:\/\/twitter.com\/farmaceuticsbcn","https:\/\/www.instagram.com\/farmaceuticsbcn\/","https:\/\/www.linkedin.com\/company\/farmaceuticsbcn\/"]},{"@type":"Person","@id":"https:\/\/www.cofb.org\/#\/schema\/person\/22ed7eea88da74b0fa4d3154ad87ffcb","name":"wpAdminCofbOrg","image":{"@type":"ImageObject","inLanguage":"ca","@id":"https:\/\/www.cofb.org\/#\/schema\/person\/image\/","url":"https:\/\/secure.gravatar.com\/avatar\/1721b20b3b8ca882c3b56ec6c978c594fff670e40c0718e9190eaeeb76aae7d8?s=96&d=mm&r=g","contentUrl":"https:\/\/secure.gravatar.com\/avatar\/1721b20b3b8ca882c3b56ec6c978c594fff670e40c0718e9190eaeeb76aae7d8?s=96&d=mm&r=g","caption":"wpAdminCofbOrg"},"sameAs":["http:\/\/192.168.64.122\/wordpress"],"url":"https:\/\/www.cofb.org\/ca\/author\/wpadmincofborg\/"}]}},"uagb_featured_image_src":{"full":false,"thumbnail":false,"medium":false,"medium_large":false,"large":false,"1536x1536":false,"2048x2048":false,"trp-custom-language-flag":false},"uagb_author_info":{"display_name":"wpAdminCofbOrg","author_link":"https:\/\/www.cofb.org\/ca\/author\/wpadmincofborg\/"},"uagb_comment_info":0,"uagb_excerpt":"Cap a on s\u2019ha adre\u00e7at el cam\u00ed constru\u00eft pel Col\u00b7legi durant el 2016? Qu\u00e8 s\u2019ha fet per continuar aportant valor a la societat a trav\u00e9s d\u2019una professi\u00f3 que evoluciona, apr\u00e8n i s\u2019adapta a les noves necessitats de salut de la poblaci\u00f3? I quines s\u00f3n les principals novetats en les quals [&hellip;]","_links":{"self":[{"href":"https:\/\/www.cofb.org\/ca\/wp-json\/wp\/v2\/posts\/31758","targetHints":{"allow":["GET"]}}],"collection":[{"href":"https:\/\/www.cofb.org\/ca\/wp-json\/wp\/v2\/posts"}],"about":[{"href":"https:\/\/www.cofb.org\/ca\/wp-json\/wp\/v2\/types\/post"}],"author":[{"embeddable":true,"href":"https:\/\/www.cofb.org\/ca\/wp-json\/wp\/v2\/users\/1"}],"replies":[{"embeddable":true,"href":"https:\/\/www.cofb.org\/ca\/wp-json\/wp\/v2\/comments?post=31758"}],"version-history":[{"count":0,"href":"https:\/\/www.cofb.org\/ca\/wp-json\/wp\/v2\/posts\/31758\/revisions"}],"wp:featuredmedia":[{"embeddable":true,"href":"https:\/\/www.cofb.org\/ca\/wp-json\/"}],"wp:attachment":[{"href":"https:\/\/www.cofb.org\/ca\/wp-json\/wp\/v2\/media?parent=31758"}],"wp:term":[{"taxonomy":"category","embeddable":true,"href":"https:\/\/www.cofb.org\/ca\/wp-json\/wp\/v2\/categories?post=31758"},{"taxonomy":"post_tag","embeddable":true,"href":"https:\/\/www.cofb.org\/ca\/wp-json\/wp\/v2\/tags?post=31758"}],"curies":[{"name":"wp","href":"https:\/\/api.w.org\/{rel}","templated":true}]}}