{"id":31697,"date":"2017-09-05T10:16:07","date_gmt":"2017-09-05T09:16:07","guid":{"rendered":"http:\/\/blog.cofb.cat\/?p=31697"},"modified":"2017-09-05T10:16:07","modified_gmt":"2017-09-05T09:16:07","slug":"cinquena-edicio-del-curs-dactualitzacio-en-ciencies-de-laboratori-clinic","status":"publish","type":"post","link":"https:\/\/www.cofb.org\/ca\/2017\/09\/05\/cinquena-edicio-del-curs-dactualitzacio-en-ciencies-de-laboratori-clinic\/","title":{"rendered":"Cinquena edici\u00f3 del curs d\u2019actualitzaci\u00f3 en ci\u00e8ncies de laboratori cl\u00ednic"},"content":{"rendered":"<figure id=\"attachment_31703\" aria-describedby=\"caption-attachment-31703\" style=\"width: 347px\" class=\"wp-caption alignright\"><a href=\"http:\/\/blog.cofb.cat\/wp-content\/uploads\/2017\/07\/curs-ciencies-laboratori-clinic-COFB-1.jpg\"><img fetchpriority=\"high\" decoding=\"async\" class=\" wp-image-31703  \" alt=\"curs-ciencies-laboratori-clinic-COFB (1)\" src=\"http:\/\/blog.cofb.cat\/wp-content\/uploads\/2017\/07\/curs-ciencies-laboratori-clinic-COFB-1.jpg\" width=\"347\" height=\"232\" \/><\/a><figcaption id=\"caption-attachment-31703\" class=\"wp-caption-text\">Llu\u00efsa Juan, coordinadora i vocal d&#8217;An\u00e0lisi del COFB, va presentar el curs a l&#8217;octubre<\/figcaption><\/figure>\n<p>Aquest curs, que recentment ha finalitzat la cinquena edici\u00f3, estava pensat per fomentar la comunicaci\u00f3 d\u2019experi\u00e8ncies amb vista a <b>prendre decisions a qualsevol nivell de responsabilitat del laboratori cl\u00ednic<\/b>, ja que \u00e9s una de les millors eines per contribuir al progr\u00e9s dels professionals i de les organitzacions. Les diferents sessions van aprofundir en els conceptes de <strong>gesti\u00f3 i d\u2019organitzaci\u00f3 dels laboratoris cl\u00ednics<\/strong> per arribar a totes les tasques de direcci\u00f3 amb la utilitzaci\u00f3 correcta dels recursos humans i t\u00e8cnics a l\u2019abast i van proporcionar als alumnes els coneixements per establir una <strong>millora continuada en la qualitat dels laboratoris cl\u00ednics.<\/strong> Aix\u00ed mateix, el curs va permetre obrir un<strong> espai de di\u00e0leg i de debat<\/strong> als professionals interessats en aquests temes.<\/p>\n<div class=\"box shadow\">El programa de la formaci\u00f3 va repassar diversos temes d\u2019inter\u00e8s: monitoratge de la immunoter\u00e0pia antitumoral; actualitzaci\u00f3 del diagn\u00f2stic\/tractament de l\u2019Helicobacter pylori; recomanacions en el diagn\u00f2stic de les hemoglobinopaties; \u00faltimes recomanacions de les guies internacionals en el diagn\u00f2stic del mieloma m\u00faltiple; com obtenir el diagn\u00f2stic gen\u00e8tic utilitzant <i>Next generation sequencing<\/i>; qu\u00e8 suposa l\u2019al\u00b7l\u00e8rgia aliment\u00e0ria: bases fisiopatol\u00f2giques i diagn\u00f2stic; el diagn\u00f2stic bioqu\u00edmic de la malaltia d\u2019Alzheimer i l\u2019estudi de Micro-RNA com a nova eina diagn\u00f2stica en la malaltia d\u2019Alzheimer; i el Biobanc i la gesti\u00f3 de col\u00b7leccions de mostres en els laboratoris cl\u00ednics.<\/div>\n<figure id=\"attachment_31705\" aria-describedby=\"caption-attachment-31705\" style=\"width: 328px\" class=\"wp-caption alignleft\"><a href=\"http:\/\/blog.cofb.cat\/wp-content\/uploads\/2017\/07\/curs-ciencies-laboratori-clinic-COFB-3.jpg\"><img decoding=\"async\" class=\" wp-image-31705    \" alt=\"curs-ciencies-laboratori-clinic-COFB (3)\" src=\"http:\/\/blog.cofb.cat\/wp-content\/uploads\/2017\/07\/curs-ciencies-laboratori-clinic-COFB-3.jpg\" width=\"328\" height=\"219\" \/><\/a><figcaption id=\"caption-attachment-31705\" class=\"wp-caption-text\">Manel Juan (Hospital Cl\u00ednic) durant la seva sessi\u00f3 del curs<\/figcaption><\/figure>\n<p>El quadre docent va estar format per:<\/p>\n<ul>\n<li><b>Judith Armstrong<\/b>, doctora en gen\u00e8tica, llicenciada en biologia, facultativa adjunta del Servei de Medicina Gen\u00e8tica i Molecular de l&#8217;Hospital Sant Joan de D\u00e9u \/ IPER-Institut Pedi\u00e0tric de Malalties Rares de l\u2019Hospital Universitari Sant Joan de D\u00e9u.<\/li>\n<li><b>David Ben\u00e9itez<\/b>, doctor en medicina i cirurgia del Servei d\u2019Hematologia de l\u2019Hospital de la Vall d\u2019Hebron.<\/li>\n<li><b>Carme Garc\u00eda<\/b>, llicenciada en bioqu\u00edmica, especialista en an\u00e0lisis cl\u00edniques, professora associada de la Universitat Aut\u00f2noma de Barcelona, responsable del Departament de Biologia Molecular, Centre Mas Blau, Laboratori de Refer\u00e8ncia de Catalunya.<\/li>\n<li><b>Alejandro Gella<\/b>, doctor en bioqu\u00edmica i biologia molecular, investigador Marie Sk\u0142odowska-Curie, Laboratori de Neuropatologia Mitocondrial de l\u2019Institut de Neuroci\u00e8ncies de la Universitat Aut\u00f2noma de Barcelona.<\/li>\n<li><b>Manel Juan<\/b>, doctor en medicina i cirurgia, cap de la Secci\u00f3 d\u2019Immunoter\u00e0pia del Servei d\u2019Immunologia, Centre de Diagn\u00f2stic Biom\u00e8dic de l\u2019Hospital Cl\u00ednic de Barcelona.<\/li>\n<li><b>Alfredo J Mi\u00f1ano<\/b>, doctor en bioqu\u00edmica i biologia molecular, investigador CIBERNED \/ professor associat UAB, Laboratori de mecanismes moleculars implicats en la mort neuronal, Institut de Neuroci\u00e8ncies de la Universitat Aut\u00f2noma de Barcelona.<\/li>\n<li><b>Mariona Pascal<\/b>, doctora en biomedicina i llicenciada en farm\u00e0cia, especialista en immunologia, Servei d&#8217;Immunologia, Centre de Diagn\u00f2stic Biom\u00e8dic de l\u2019Hospital Cl\u00ednic de Barcelona, responsable del laboratori d\u2019Immunoal\u00e8rgia, investigadora del grup de recerca IRCE de l&#8217;IDIBAPS de la Universitat de Barcelona.<\/li>\n<li><b>Edurne Pedrosa<\/b>, doctora en immunologia, llicenciada en biotecnologia, m\u00e0ster en biobancs, directora cient\u00edfica del Departament de Biobanc IGTP-HUGTP de la Fundaci\u00f3 Institut d\u2019Investigaci\u00f3 Germans Trias i Pujol.<\/li>\n<li><b>Edgar Zapico<\/b>, doctor en ci\u00e8ncies qu\u00edmiques, especialista en bioqu\u00edmica cl\u00ednica, adjunt s\u00e8nior del Servei de Bioqu\u00edmica, professor associat cl\u00ednic de la Facultat de Medicina de la UAB, Laboratori de Sant Pau, Diagn\u00f2stic Biol\u00f2gic de l\u2019Hospital de la Santa Creu i Sant Pau.<\/li>\n<\/ul>\n<p>Formaci\u00f3 <b>coordinada per Llu\u00efsa Juan<\/b>, doctora en Farm\u00e0cia, responsable de Laboratori d\u2019Urg\u00e8ncies de CatLab-Hospital de Martorell, especialitzada en bioqu\u00edmica cl\u00ednica i vocal d\u2019An\u00e0lisis Cl\u00edniques del COF de Barcelona. Organitzat conjuntament amb la Secci\u00f3 de Gesti\u00f3 de l\u2019<a href=\"http:\/\/www.acclc.cat\/\">Associaci\u00f3 Catalana de Ci\u00e8ncies del Laboratori Cl\u00ednic<\/a>.<\/p>\n<p align=\"right\"><b>Amb la col\u00b7laboraci\u00f3 de:<\/b><\/p>\n<p align=\"right\"><a href=\"http:\/\/www.acclc.cat\/\" target=\"_blank\" rel=\"noopener\"><img decoding=\"async\" class=\"alignright size-full wp-image-23707\" alt=\"ACCLC-logo\" src=\"http:\/\/blog.cofb.cat\/wp-content\/uploads\/2016\/07\/ACCLC-logo.jpg\" width=\"100\" height=\"28\" \/><\/a><\/p>\n","protected":false},"excerpt":{"rendered":"<p>Aquest curs, que recentment ha finalitzat la cinquena edici\u00f3, estava pensat per fomentar la comunicaci\u00f3 d\u2019experi\u00e8ncies amb vista a prendre decisions a qualsevol nivell de responsabilitat del laboratori cl\u00ednic, ja que \u00e9s una de les millors eines per contribuir al progr\u00e9s dels professionals i de les organitzacions. Les diferents sessions [&hellip;]<\/p>\n","protected":false},"author":1,"featured_media":31704,"comment_status":"open","ping_status":"open","sticky":false,"template":"","format":"standard","meta":{"_uag_custom_page_level_css":"","site-sidebar-layout":"default","site-content-layout":"","ast-site-content-layout":"default","site-content-style":"default","site-sidebar-style":"default","ast-global-header-display":"","ast-banner-title-visibility":"","ast-main-header-display":"","ast-hfb-above-header-display":"","ast-hfb-below-header-display":"","ast-hfb-mobile-header-display":"","site-post-title":"","ast-breadcrumbs-content":"","ast-featured-img":"disabled","footer-sml-layout":"","theme-transparent-header-meta":"","adv-header-id-meta":"","stick-header-meta":"","header-above-stick-meta":"","header-main-stick-meta":"","header-below-stick-meta":"","astra-migrate-meta-layouts":"default","ast-page-background-enabled":"default","ast-page-background-meta":{"desktop":{"background-color":"var(--ast-global-color-4)","background-image":"","background-repeat":"repeat","background-position":"center center","background-size":"auto","background-attachment":"scroll","background-type":"","background-media":"","overlay-type":"","overlay-color":"","overlay-opacity":"","overlay-gradient":""},"tablet":{"background-color":"","background-image":"","background-repeat":"repeat","background-position":"center center","background-size":"auto","background-attachment":"scroll","background-type":"","background-media":"","overlay-type":"","overlay-color":"","overlay-opacity":"","overlay-gradient":""},"mobile":{"background-color":"","background-image":"","background-repeat":"repeat","background-position":"center center","background-size":"auto","background-attachment":"scroll","background-type":"","background-media":"","overlay-type":"","overlay-color":"","overlay-opacity":"","overlay-gradient":""}},"ast-content-background-meta":{"desktop":{"background-color":"var(--ast-global-color-5)","background-image":"","background-repeat":"repeat","background-position":"center center","background-size":"auto","background-attachment":"scroll","background-type":"","background-media":"","overlay-type":"","overlay-color":"","overlay-opacity":"","overlay-gradient":""},"tablet":{"background-color":"var(--ast-global-color-5)","background-image":"","background-repeat":"repeat","background-position":"center center","background-size":"auto","background-attachment":"scroll","background-type":"","background-media":"","overlay-type":"","overlay-color":"","overlay-opacity":"","overlay-gradient":""},"mobile":{"background-color":"var(--ast-global-color-5)","background-image":"","background-repeat":"repeat","background-position":"center center","background-size":"auto","background-attachment":"scroll","background-type":"","background-media":"","overlay-type":"","overlay-color":"","overlay-opacity":"","overlay-gradient":""}},"footnotes":""},"categories":[57],"tags":[86,2844,70,2163],"class_list":["post-31697","post","type-post","status-publish","format-standard","has-post-thumbnail","hentry","category-mon-collegial","tag-analisis-cliniques","tag-ciencies-de-laboratori-clinic","tag-formacio","tag-laboratori-clinic"],"yoast_head":"<!-- This site is optimized with the Yoast SEO plugin v22.4 - https:\/\/yoast.com\/wordpress\/plugins\/seo\/ -->\n<title>Cinquena edici\u00f3 del curs d\u2019actualitzaci\u00f3 en ci\u00e8ncies de laboratori cl\u00ednic<\/title>\n<meta name=\"description\" content=\"Cinquena edici\u00f3 del curs d\u2019actualitzaci\u00f3 en ci\u00e8ncies de laboratori cl\u00ednic\" \/>\n<meta name=\"robots\" content=\"index, follow, max-snippet:-1, max-image-preview:large, max-video-preview:-1\" \/>\n<link rel=\"canonical\" href=\"https:\/\/novaorg.cofb.net\/2017\/09\/05\/cinquena-edicio-del-curs-dactualitzacio-en-ciencies-de-laboratori-clinic\/\" \/>\n<meta property=\"og:locale\" content=\"ca_ES\" \/>\n<meta property=\"og:type\" content=\"article\" \/>\n<meta property=\"og:title\" content=\"Cinquena edici\u00f3 del curs d\u2019actualitzaci\u00f3 en ci\u00e8ncies de laboratori cl\u00ednic\" \/>\n<meta property=\"og:description\" content=\"Cinquena edici\u00f3 del curs d\u2019actualitzaci\u00f3 en ci\u00e8ncies de laboratori cl\u00ednic\" \/>\n<meta property=\"og:url\" content=\"https:\/\/novaorg.cofb.net\/2017\/09\/05\/cinquena-edicio-del-curs-dactualitzacio-en-ciencies-de-laboratori-clinic\/\" \/>\n<meta property=\"og:site_name\" content=\"Col\u00b7legi de Farmac\u00e8utics de Barcelona\" \/>\n<meta property=\"article:publisher\" content=\"https:\/\/www.facebook.com\/farmaceuticsbcn\/\" \/>\n<meta property=\"article:published_time\" content=\"2017-09-05T09:16:07+00:00\" \/>\n<meta name=\"author\" content=\"wpAdminCofbOrg\" \/>\n<meta name=\"twitter:card\" content=\"summary_large_image\" \/>\n<meta name=\"twitter:creator\" content=\"@farmaceuticsbcn\" \/>\n<meta name=\"twitter:site\" content=\"@farmaceuticsbcn\" \/>\n<meta name=\"twitter:label1\" content=\"Escrit per\" \/>\n\t<meta name=\"twitter:data1\" content=\"wpAdminCofbOrg\" \/>\n\t<meta name=\"twitter:label2\" content=\"Temps estimat de lectura\" \/>\n\t<meta name=\"twitter:data2\" content=\"3 minuts\" \/>\n<script type=\"application\/ld+json\" class=\"yoast-schema-graph\">{\"@context\":\"https:\/\/schema.org\",\"@graph\":[{\"@type\":\"Article\",\"@id\":\"https:\/\/novaorg.cofb.net\/2017\/09\/05\/cinquena-edicio-del-curs-dactualitzacio-en-ciencies-de-laboratori-clinic\/#article\",\"isPartOf\":{\"@id\":\"https:\/\/novaorg.cofb.net\/2017\/09\/05\/cinquena-edicio-del-curs-dactualitzacio-en-ciencies-de-laboratori-clinic\/\"},\"author\":{\"name\":\"wpAdminCofbOrg\",\"@id\":\"https:\/\/www.cofb.org\/#\/schema\/person\/22ed7eea88da74b0fa4d3154ad87ffcb\"},\"headline\":\"Cinquena edici\u00f3 del curs d\u2019actualitzaci\u00f3 en ci\u00e8ncies de laboratori cl\u00ednic\",\"datePublished\":\"2017-09-05T09:16:07+00:00\",\"dateModified\":\"2017-09-05T09:16:07+00:00\",\"mainEntityOfPage\":{\"@id\":\"https:\/\/novaorg.cofb.net\/2017\/09\/05\/cinquena-edicio-del-curs-dactualitzacio-en-ciencies-de-laboratori-clinic\/\"},\"wordCount\":699,\"commentCount\":0,\"publisher\":{\"@id\":\"https:\/\/www.cofb.org\/#organization\"},\"image\":{\"@id\":\"https:\/\/novaorg.cofb.net\/2017\/09\/05\/cinquena-edicio-del-curs-dactualitzacio-en-ciencies-de-laboratori-clinic\/#primaryimage\"},\"thumbnailUrl\":\"\",\"keywords\":[\"an\u00e0lisis cl\u00edniques\",\"ci\u00e8ncies de laboratori cl\u00ednic\",\"Formaci\u00f3\",\"Laboratori cl\u00ednic\"],\"articleSection\":[\"M\u00f3n col\u00b7legial\"],\"inLanguage\":\"ca\",\"potentialAction\":[{\"@type\":\"CommentAction\",\"name\":\"Comment\",\"target\":[\"https:\/\/novaorg.cofb.net\/2017\/09\/05\/cinquena-edicio-del-curs-dactualitzacio-en-ciencies-de-laboratori-clinic\/#respond\"]}]},{\"@type\":\"WebPage\",\"@id\":\"https:\/\/novaorg.cofb.net\/2017\/09\/05\/cinquena-edicio-del-curs-dactualitzacio-en-ciencies-de-laboratori-clinic\/\",\"url\":\"https:\/\/novaorg.cofb.net\/2017\/09\/05\/cinquena-edicio-del-curs-dactualitzacio-en-ciencies-de-laboratori-clinic\/\",\"name\":\"Cinquena edici\u00f3 del curs d\u2019actualitzaci\u00f3 en ci\u00e8ncies de laboratori cl\u00ednic\",\"isPartOf\":{\"@id\":\"https:\/\/www.cofb.org\/#website\"},\"primaryImageOfPage\":{\"@id\":\"https:\/\/novaorg.cofb.net\/2017\/09\/05\/cinquena-edicio-del-curs-dactualitzacio-en-ciencies-de-laboratori-clinic\/#primaryimage\"},\"image\":{\"@id\":\"https:\/\/novaorg.cofb.net\/2017\/09\/05\/cinquena-edicio-del-curs-dactualitzacio-en-ciencies-de-laboratori-clinic\/#primaryimage\"},\"thumbnailUrl\":\"\",\"datePublished\":\"2017-09-05T09:16:07+00:00\",\"dateModified\":\"2017-09-05T09:16:07+00:00\",\"description\":\"Cinquena edici\u00f3 del curs d\u2019actualitzaci\u00f3 en ci\u00e8ncies de laboratori cl\u00ednic\",\"breadcrumb\":{\"@id\":\"https:\/\/novaorg.cofb.net\/2017\/09\/05\/cinquena-edicio-del-curs-dactualitzacio-en-ciencies-de-laboratori-clinic\/#breadcrumb\"},\"inLanguage\":\"ca\",\"potentialAction\":[{\"@type\":\"ReadAction\",\"target\":[\"https:\/\/novaorg.cofb.net\/2017\/09\/05\/cinquena-edicio-del-curs-dactualitzacio-en-ciencies-de-laboratori-clinic\/\"]}]},{\"@type\":\"ImageObject\",\"inLanguage\":\"ca\",\"@id\":\"https:\/\/novaorg.cofb.net\/2017\/09\/05\/cinquena-edicio-del-curs-dactualitzacio-en-ciencies-de-laboratori-clinic\/#primaryimage\",\"url\":\"\",\"contentUrl\":\"\"},{\"@type\":\"BreadcrumbList\",\"@id\":\"https:\/\/novaorg.cofb.net\/2017\/09\/05\/cinquena-edicio-del-curs-dactualitzacio-en-ciencies-de-laboratori-clinic\/#breadcrumb\",\"itemListElement\":[{\"@type\":\"ListItem\",\"position\":1,\"name\":\"Inici\",\"item\":\"https:\/\/novaorg.cofb.net\/\"},{\"@type\":\"ListItem\",\"position\":2,\"name\":\"Cinquena edici\u00f3 del curs d\u2019actualitzaci\u00f3 en ci\u00e8ncies de laboratori cl\u00ednic\"}]},{\"@type\":\"WebSite\",\"@id\":\"https:\/\/www.cofb.org\/#website\",\"url\":\"https:\/\/www.cofb.org\/\",\"name\":\"Col\u00b7legi de Farmac\u00e8utics de Barcelona\",\"description\":\"\",\"publisher\":{\"@id\":\"https:\/\/www.cofb.org\/#organization\"},\"potentialAction\":[{\"@type\":\"SearchAction\",\"target\":{\"@type\":\"EntryPoint\",\"urlTemplate\":\"https:\/\/www.cofb.org\/?s={search_term_string}\"},\"query-input\":\"required name=search_term_string\"}],\"inLanguage\":\"ca\"},{\"@type\":\"Organization\",\"@id\":\"https:\/\/www.cofb.org\/#organization\",\"name\":\"Col\u00b7legi de Farmac\u00e8utics de Barcelona\",\"url\":\"https:\/\/www.cofb.org\/\",\"logo\":{\"@type\":\"ImageObject\",\"inLanguage\":\"ca\",\"@id\":\"https:\/\/www.cofb.org\/#\/schema\/logo\/image\/\",\"url\":\"https:\/\/www.cofb.org\/wp-content\/uploads\/2023\/11\/cropped-Logotip-COFB.png\",\"contentUrl\":\"https:\/\/www.cofb.org\/wp-content\/uploads\/2023\/11\/cropped-Logotip-COFB.png\",\"width\":500,\"height\":105,\"caption\":\"Col\u00b7legi de Farmac\u00e8utics de Barcelona\"},\"image\":{\"@id\":\"https:\/\/www.cofb.org\/#\/schema\/logo\/image\/\"},\"sameAs\":[\"https:\/\/www.facebook.com\/farmaceuticsbcn\/\",\"https:\/\/twitter.com\/farmaceuticsbcn\",\"https:\/\/www.instagram.com\/farmaceuticsbcn\/\",\"https:\/\/www.linkedin.com\/company\/farmaceuticsbcn\/\"]},{\"@type\":\"Person\",\"@id\":\"https:\/\/www.cofb.org\/#\/schema\/person\/22ed7eea88da74b0fa4d3154ad87ffcb\",\"name\":\"wpAdminCofbOrg\",\"image\":{\"@type\":\"ImageObject\",\"inLanguage\":\"ca\",\"@id\":\"https:\/\/www.cofb.org\/#\/schema\/person\/image\/\",\"url\":\"https:\/\/secure.gravatar.com\/avatar\/1721b20b3b8ca882c3b56ec6c978c594fff670e40c0718e9190eaeeb76aae7d8?s=96&d=mm&r=g\",\"contentUrl\":\"https:\/\/secure.gravatar.com\/avatar\/1721b20b3b8ca882c3b56ec6c978c594fff670e40c0718e9190eaeeb76aae7d8?s=96&d=mm&r=g\",\"caption\":\"wpAdminCofbOrg\"},\"sameAs\":[\"http:\/\/192.168.64.122\/wordpress\"],\"url\":\"https:\/\/www.cofb.org\/ca\/author\/wpadmincofborg\/\"}]}<\/script>\n<!-- \/ Yoast SEO plugin. -->","yoast_head_json":{"title":"Cinquena edici\u00f3 del curs d\u2019actualitzaci\u00f3 en ci\u00e8ncies de laboratori cl\u00ednic","description":"Cinquena edici\u00f3 del curs d\u2019actualitzaci\u00f3 en ci\u00e8ncies de laboratori cl\u00ednic","robots":{"index":"index","follow":"follow","max-snippet":"max-snippet:-1","max-image-preview":"max-image-preview:large","max-video-preview":"max-video-preview:-1"},"canonical":"https:\/\/novaorg.cofb.net\/2017\/09\/05\/cinquena-edicio-del-curs-dactualitzacio-en-ciencies-de-laboratori-clinic\/","og_locale":"ca_ES","og_type":"article","og_title":"Cinquena edici\u00f3 del curs d\u2019actualitzaci\u00f3 en ci\u00e8ncies de laboratori cl\u00ednic","og_description":"Cinquena edici\u00f3 del curs d\u2019actualitzaci\u00f3 en ci\u00e8ncies de laboratori cl\u00ednic","og_url":"https:\/\/novaorg.cofb.net\/2017\/09\/05\/cinquena-edicio-del-curs-dactualitzacio-en-ciencies-de-laboratori-clinic\/","og_site_name":"Col\u00b7legi de Farmac\u00e8utics de Barcelona","article_publisher":"https:\/\/www.facebook.com\/farmaceuticsbcn\/","article_published_time":"2017-09-05T09:16:07+00:00","author":"wpAdminCofbOrg","twitter_card":"summary_large_image","twitter_creator":"@farmaceuticsbcn","twitter_site":"@farmaceuticsbcn","twitter_misc":{"Escrit per":"wpAdminCofbOrg","Temps estimat de lectura":"3 minuts"},"schema":{"@context":"https:\/\/schema.org","@graph":[{"@type":"Article","@id":"https:\/\/novaorg.cofb.net\/2017\/09\/05\/cinquena-edicio-del-curs-dactualitzacio-en-ciencies-de-laboratori-clinic\/#article","isPartOf":{"@id":"https:\/\/novaorg.cofb.net\/2017\/09\/05\/cinquena-edicio-del-curs-dactualitzacio-en-ciencies-de-laboratori-clinic\/"},"author":{"name":"wpAdminCofbOrg","@id":"https:\/\/www.cofb.org\/#\/schema\/person\/22ed7eea88da74b0fa4d3154ad87ffcb"},"headline":"Cinquena edici\u00f3 del curs d\u2019actualitzaci\u00f3 en ci\u00e8ncies de laboratori cl\u00ednic","datePublished":"2017-09-05T09:16:07+00:00","dateModified":"2017-09-05T09:16:07+00:00","mainEntityOfPage":{"@id":"https:\/\/novaorg.cofb.net\/2017\/09\/05\/cinquena-edicio-del-curs-dactualitzacio-en-ciencies-de-laboratori-clinic\/"},"wordCount":699,"commentCount":0,"publisher":{"@id":"https:\/\/www.cofb.org\/#organization"},"image":{"@id":"https:\/\/novaorg.cofb.net\/2017\/09\/05\/cinquena-edicio-del-curs-dactualitzacio-en-ciencies-de-laboratori-clinic\/#primaryimage"},"thumbnailUrl":"","keywords":["an\u00e0lisis cl\u00edniques","ci\u00e8ncies de laboratori cl\u00ednic","Formaci\u00f3","Laboratori cl\u00ednic"],"articleSection":["M\u00f3n col\u00b7legial"],"inLanguage":"ca","potentialAction":[{"@type":"CommentAction","name":"Comment","target":["https:\/\/novaorg.cofb.net\/2017\/09\/05\/cinquena-edicio-del-curs-dactualitzacio-en-ciencies-de-laboratori-clinic\/#respond"]}]},{"@type":"WebPage","@id":"https:\/\/novaorg.cofb.net\/2017\/09\/05\/cinquena-edicio-del-curs-dactualitzacio-en-ciencies-de-laboratori-clinic\/","url":"https:\/\/novaorg.cofb.net\/2017\/09\/05\/cinquena-edicio-del-curs-dactualitzacio-en-ciencies-de-laboratori-clinic\/","name":"Cinquena edici\u00f3 del curs d\u2019actualitzaci\u00f3 en ci\u00e8ncies de laboratori cl\u00ednic","isPartOf":{"@id":"https:\/\/www.cofb.org\/#website"},"primaryImageOfPage":{"@id":"https:\/\/novaorg.cofb.net\/2017\/09\/05\/cinquena-edicio-del-curs-dactualitzacio-en-ciencies-de-laboratori-clinic\/#primaryimage"},"image":{"@id":"https:\/\/novaorg.cofb.net\/2017\/09\/05\/cinquena-edicio-del-curs-dactualitzacio-en-ciencies-de-laboratori-clinic\/#primaryimage"},"thumbnailUrl":"","datePublished":"2017-09-05T09:16:07+00:00","dateModified":"2017-09-05T09:16:07+00:00","description":"Cinquena edici\u00f3 del curs d\u2019actualitzaci\u00f3 en ci\u00e8ncies de laboratori cl\u00ednic","breadcrumb":{"@id":"https:\/\/novaorg.cofb.net\/2017\/09\/05\/cinquena-edicio-del-curs-dactualitzacio-en-ciencies-de-laboratori-clinic\/#breadcrumb"},"inLanguage":"ca","potentialAction":[{"@type":"ReadAction","target":["https:\/\/novaorg.cofb.net\/2017\/09\/05\/cinquena-edicio-del-curs-dactualitzacio-en-ciencies-de-laboratori-clinic\/"]}]},{"@type":"ImageObject","inLanguage":"ca","@id":"https:\/\/novaorg.cofb.net\/2017\/09\/05\/cinquena-edicio-del-curs-dactualitzacio-en-ciencies-de-laboratori-clinic\/#primaryimage","url":"","contentUrl":""},{"@type":"BreadcrumbList","@id":"https:\/\/novaorg.cofb.net\/2017\/09\/05\/cinquena-edicio-del-curs-dactualitzacio-en-ciencies-de-laboratori-clinic\/#breadcrumb","itemListElement":[{"@type":"ListItem","position":1,"name":"Inici","item":"https:\/\/novaorg.cofb.net\/"},{"@type":"ListItem","position":2,"name":"Cinquena edici\u00f3 del curs d\u2019actualitzaci\u00f3 en ci\u00e8ncies de laboratori cl\u00ednic"}]},{"@type":"WebSite","@id":"https:\/\/www.cofb.org\/#website","url":"https:\/\/www.cofb.org\/","name":"Col\u00b7legi de Farmac\u00e8utics de Barcelona","description":"","publisher":{"@id":"https:\/\/www.cofb.org\/#organization"},"potentialAction":[{"@type":"SearchAction","target":{"@type":"EntryPoint","urlTemplate":"https:\/\/www.cofb.org\/?s={search_term_string}"},"query-input":"required name=search_term_string"}],"inLanguage":"ca"},{"@type":"Organization","@id":"https:\/\/www.cofb.org\/#organization","name":"Col\u00b7legi de Farmac\u00e8utics de Barcelona","url":"https:\/\/www.cofb.org\/","logo":{"@type":"ImageObject","inLanguage":"ca","@id":"https:\/\/www.cofb.org\/#\/schema\/logo\/image\/","url":"https:\/\/www.cofb.org\/wp-content\/uploads\/2023\/11\/cropped-Logotip-COFB.png","contentUrl":"https:\/\/www.cofb.org\/wp-content\/uploads\/2023\/11\/cropped-Logotip-COFB.png","width":500,"height":105,"caption":"Col\u00b7legi de Farmac\u00e8utics de Barcelona"},"image":{"@id":"https:\/\/www.cofb.org\/#\/schema\/logo\/image\/"},"sameAs":["https:\/\/www.facebook.com\/farmaceuticsbcn\/","https:\/\/twitter.com\/farmaceuticsbcn","https:\/\/www.instagram.com\/farmaceuticsbcn\/","https:\/\/www.linkedin.com\/company\/farmaceuticsbcn\/"]},{"@type":"Person","@id":"https:\/\/www.cofb.org\/#\/schema\/person\/22ed7eea88da74b0fa4d3154ad87ffcb","name":"wpAdminCofbOrg","image":{"@type":"ImageObject","inLanguage":"ca","@id":"https:\/\/www.cofb.org\/#\/schema\/person\/image\/","url":"https:\/\/secure.gravatar.com\/avatar\/1721b20b3b8ca882c3b56ec6c978c594fff670e40c0718e9190eaeeb76aae7d8?s=96&d=mm&r=g","contentUrl":"https:\/\/secure.gravatar.com\/avatar\/1721b20b3b8ca882c3b56ec6c978c594fff670e40c0718e9190eaeeb76aae7d8?s=96&d=mm&r=g","caption":"wpAdminCofbOrg"},"sameAs":["http:\/\/192.168.64.122\/wordpress"],"url":"https:\/\/www.cofb.org\/ca\/author\/wpadmincofborg\/"}]}},"uagb_featured_image_src":{"full":false,"thumbnail":false,"medium":false,"medium_large":false,"large":false,"1536x1536":false,"2048x2048":false,"trp-custom-language-flag":false},"uagb_author_info":{"display_name":"wpAdminCofbOrg","author_link":"https:\/\/www.cofb.org\/ca\/author\/wpadmincofborg\/"},"uagb_comment_info":0,"uagb_excerpt":"Aquest curs, que recentment ha finalitzat la cinquena edici\u00f3, estava pensat per fomentar la comunicaci\u00f3 d\u2019experi\u00e8ncies amb vista a prendre decisions a qualsevol nivell de responsabilitat del laboratori cl\u00ednic, ja que \u00e9s una de les millors eines per contribuir al progr\u00e9s dels professionals i de les organitzacions. Les diferents sessions [&hellip;]","_links":{"self":[{"href":"https:\/\/www.cofb.org\/ca\/wp-json\/wp\/v2\/posts\/31697","targetHints":{"allow":["GET"]}}],"collection":[{"href":"https:\/\/www.cofb.org\/ca\/wp-json\/wp\/v2\/posts"}],"about":[{"href":"https:\/\/www.cofb.org\/ca\/wp-json\/wp\/v2\/types\/post"}],"author":[{"embeddable":true,"href":"https:\/\/www.cofb.org\/ca\/wp-json\/wp\/v2\/users\/1"}],"replies":[{"embeddable":true,"href":"https:\/\/www.cofb.org\/ca\/wp-json\/wp\/v2\/comments?post=31697"}],"version-history":[{"count":0,"href":"https:\/\/www.cofb.org\/ca\/wp-json\/wp\/v2\/posts\/31697\/revisions"}],"wp:featuredmedia":[{"embeddable":true,"href":"https:\/\/www.cofb.org\/ca\/wp-json\/"}],"wp:attachment":[{"href":"https:\/\/www.cofb.org\/ca\/wp-json\/wp\/v2\/media?parent=31697"}],"wp:term":[{"taxonomy":"category","embeddable":true,"href":"https:\/\/www.cofb.org\/ca\/wp-json\/wp\/v2\/categories?post=31697"},{"taxonomy":"post_tag","embeddable":true,"href":"https:\/\/www.cofb.org\/ca\/wp-json\/wp\/v2\/tags?post=31697"}],"curies":[{"name":"wp","href":"https:\/\/api.w.org\/{rel}","templated":true}]}}