{"id":31469,"date":"2017-07-26T08:53:30","date_gmt":"2017-07-26T06:53:30","guid":{"rendered":"http:\/\/blog.cofb.cat\/?p=31469"},"modified":"2017-07-26T08:53:30","modified_gmt":"2017-07-26T06:53:30","slug":"juny-campanya-contra-el-cancer-de-pell-el-rol-assistencial-de-les-farmacies-la-candidatura-de-bcn-com-seu-de-lema-els-temes-mes-destacats","status":"publish","type":"post","link":"https:\/\/www.cofb.org\/ca\/2017\/07\/26\/juny-campanya-contra-el-cancer-de-pell-el-rol-assistencial-de-les-farmacies-la-candidatura-de-bcn-com-seu-de-lema-els-temes-mes-destacats\/","title":{"rendered":"Juny: Campanya contra el c\u00e0ncer de pell, el rol assistencial de les farm\u00e0cies i la candidatura de BCN com a seu de l&#8217;EMA, els temes m\u00e9s destacats"},"content":{"rendered":"<p><b><div class=\"box shadow\"><a href=\"http:\/\/blog.cofb.cat\/mes-de-2-000-persones-ja-han-anat-les-farmacies-per-prevenir-detectar-els-riscos-de-patir-un-cancer-de-pell\/\" target=\"_blank\" rel=\"noopener\">Segona edici\u00f3 de la campanya \u201cAbans de deixar-t\u2019hi la pell, consulta\u201d<\/a><\/b><\/p>\n<p>Durant el mes de juny va seguir sent not\u00edcia la <a href=\"http:\/\/blog.cofb.cat\/mes-de-2-000-persones-ja-han-anat-les-farmacies-per-prevenir-detectar-els-riscos-de-patir-un-cancer-de-pell\/\" target=\"_blank\" rel=\"noopener\"><b>segona edici\u00f3 de la campanya \u201cAbans de deixar-t\u2019hi la pell, consulta\u201d<\/b><\/a>, una iniciativa del Col\u00b7legi per fer front al c\u00e0ncer de pell en col\u00b7laboraci\u00f3 amb el Grup de Melanoma de l\u2019Hospital Cl\u00ednic de Barcelona. La campanya va finalitzar el 13 de juny, coincidint amb el Dia Europeu de la Prevenci\u00f3 del C\u00e0ncer de Pell, i, durant les tres setmanes que va dur-se a terme, els mitjans en van informar.<\/p>\n[caption id=\"attachment_31532\" align=\"alignright\" width=\"300\"]<a href=\"http:\/\/www.ccma.cat\/tv3\/alacarta\/divendres\/hem-parlat-de-la-proteccio-de-la-pell-i-els-efectes-del-sol\/video\/5671791\/\" target=\"_blank\" rel=\"noopener\"><img decoding=\"async\" class=\"size-medium wp-image-31532  \" alt=\"Juny: Campanya contra el c\u00e0ncer de pell, el rol assistencial de les farm\u00e0cies i la candidatura de BCN com a seu de l'EMA, els temes m\u00e9s destacats\" src=\"http:\/\/blog.cofb.cat\/wp-content\/uploads\/2017\/07\/1TV3-300x163.jpg\" width=\"300\" height=\"163\" \/><\/a> N\u00faria Bosch, vicetresorera del Col\u00b7legi, al Divendres de TV3[\/caption]\n<p>El programa <a href=\"http:\/\/www.ccma.cat\/tv3\/alacarta\/divendres\/hem-parlat-de-la-proteccio-de-la-pell-i-els-efectes-del-sol\/video\/5671791\/\" target=\"_blank\" rel=\"noopener\"><i>Divendres<\/i><\/a> de TV3 va dedicar un espai a aquesta iniciativa, on es va convidar a la vicepresidenta del Col\u00b7legi, N\u00faria Bosch, juntament amb Josep Malveh\u00ed, coordinador del Grup de Melanoma de l\u2019Hospital Cl\u00ednic. Tots dos van explicar <b>en qu\u00e8 consistia la campanya i els diferents efectes adversos que pot tenir una exposici\u00f3 indeguda al sol<\/b>, entre altres q\u00fcestions que van resoldre durant l\u2019emissi\u00f3.<\/p>\n<p>Al juny tamb\u00e9 es van con\u00e8ixer <b>les primeres xifres de participaci\u00f3<\/b>, que van recollir <a href=\"http:\/\/www.lavanguardia.com\/vida\/20170608\/423267111678\/mas-de-2000-personas-han-acudido-a-farmacias-campana-prevenir-cancer-de-piel.html\" target=\"_blank\" rel=\"noopener\">La Vanguardia<\/a>, <a href=\"http:\/\/www.aldia.cat\/gent\/noticia-mes-2000-persones-sotmeten-test-per-prevenir-cancer-pell-farmacies-20170608144148.html\" target=\"_blank\" rel=\"noopener\">Al Dia<\/a>, <a href=\"http:\/\/www.vilaweb.cat\/noticies\/mes-de-2-000-persones-se-sotmeten-al-test-per-prevenir-el-cancer-de-pell-en-farmacies\/\" target=\"_blank\" rel=\"noopener\">Vilaweb<\/a>, <a href=\"http:\/\/agencias.abc.es\/agencias\/noticia.asp?noticia=2521552\" target=\"_blank\" rel=\"noopener\">ABC<\/a>, <a href=\"http:\/\/www.correofarmaceutico.com\/tododermo\/cuidados-de-la-piel\/mas-de-2000-personas-ya-han-asistido-a-las-farmacias-de-barcelona-para-detectar-cancer-de-piel\" target=\"_blank\" rel=\"noopener\">Correo Farmac\u00e9utico<\/a>, <a href=\"https:\/\/www.diariofarma.com\/2017\/06\/12\/mas-2-000-personas-van-farmacias-barcelonesas-analizar-piel?&amp;utm_source=nwlt&amp;utm_medium=regular&amp;utm_campaign=13\/06\/17\" target=\"_blank\" rel=\"noopener\">Diariofarma,<\/a> <a href=\"http:\/\/www.imfarmacias.es\/noticia\/12728\/mas-de-2000-personas-ya-han-pasado-por-la-farmacia-para-prevenir-y-d\" target=\"_blank\" rel=\"noopener\">IMFarmacias<\/a>, <a href=\"http:\/\/www.elfarmaceutico.es\/index.php\/noticias-actualidad-farmaceutica\/item\/8167-la-campana-antes-de-dejarte-la-piel-consulta-ya-ha-atendido-a-mas-de-2-000-personas#.WTpMXuvyipo\" target=\"_blank\" rel=\"noopener\">El Farmac\u00e9utico<\/a>, <a href=\"http:\/\/www.farmaventas.es\/noticias-del-sector\/otras-noticias\/6197-mas-de-2-000-personas-ya-han-asistido-a-las-farmacias-de-barcelona-para-prevenir-y-detectar-los-riesgos-de-sufrir-un-cancer-de-piel.html\" target=\"_blank\" rel=\"noopener\">Farmaventas<\/a> i Sanifax. A finals de mes, les farm\u00e0cies havien at\u00e8s a<b><a href=\"http:\/\/blog.cofb.cat\/mes-de-2-000-persones-ja-han-anat-les-farmacies-per-prevenir-detectar-els-riscos-de-patir-un-cancer-de-pell\/\" target=\"_blank\" rel=\"noopener\"> m\u00e9s de 3.100 usuaris.<\/a><br \/>\n<\/b><\/p>\n[caption id=\"attachment_31531\" align=\"alignleft\" width=\"300\"]<a href=\"http:\/\/www.lavanguardia.com\/vida\/20170608\/423267111678\/mas-de-2000-personas-han-acudido-a-farmacias-campana-prevenir-cancer-de-piel.html\" target=\"_blank\" rel=\"noopener\"><img decoding=\"async\" class=\"size-medium wp-image-31531  \" title=\"Juny: Campanya contra el c\u00e0ncer de pell, el rol assistencial de les farm\u00e0cies i la candidatura de BCN com a seu de l'EMA, els temes m\u00e9s destacats\" alt=\"Les primeres xifres de participacio a La Vanguardia\" src=\"http:\/\/blog.cofb.cat\/wp-content\/uploads\/2017\/07\/1LV-300x111.jpg\" width=\"300\" height=\"111\" \/><\/a> Les primeres xifres de participaci\u00f3 a La Vanguardia[\/caption]\n<p>Pel que fa a l\u2019\u00e0mbit local, van fer-se ress\u00f2 <a href=\"http:\/\/malgratcomunicacio.cat\/index.php?cont=not&amp;id=4305\" target=\"_blank\" rel=\"noopener\">Ona Malgrat<\/a>, <a href=\"https:\/\/elmalgratenc.com\/2017\/05\/26\/prevenint-el-cancer-de-pell\/\" target=\"_blank\" rel=\"noopener\">El Magratenc<\/a>, <a href=\"http:\/\/tvbadalona.xiptv.cat\/badalona-tres60\/capitol\/7-de-juny-de-2017\" target=\"_blank\" rel=\"noopener\"><i>Badalona Tres60<\/i><\/a> de TV Badalona (del 10\u201935\u2019\u2019 al 24\u201905\u2019\u2019) amb declaracions de Marta Alcalde, vocal de Dermofarm\u00e0cia i Productes Sanitaris del COFB, <a href=\"http:\/\/tvbadalona.xiptv.cat\/informatiu\/capitol\/7-de-juny-de-2017\" target=\"_blank\" rel=\"noopener\"><i>Informatius<\/i><\/a> de Badalona TV (entradeta del 1\u201919\u2019\u2019 al 1\u201942\u2019\u2019 i not\u00edcia del minut 10\u201942\u2019\u2019 al 12\u201932\u2019\u2019), <a href=\"http:\/\/www.badanotis.com\/noticia.php?n=14714\" target=\"_blank\" rel=\"noopener\">Badanotis<\/a>, <a href=\"http:\/\/badalona.cat\/portalWeb\/badalona.portal?_nfpb=true&amp;_pageLabel=detall_noticia&amp;dDocName=AJB083386#wlp_detall_noticia\" target=\"_blank\" rel=\"noopener\">Ajuntament de Badalona<\/a>, <a href=\"http:\/\/www.areabadalona.com\/noticia\/9174_badalona_collabora_en_la_campanya__8220abans_de_deixart_8217hi_la_pell_consulta_8221_sobre_la_prevencio_del_cancer_de_pell\" target=\"_blank\" rel=\"noopener\">Area Badalona<\/a>, <a href=\"http:\/\/digital-h.cat\/web\/digital-h\/noticia\/-\/journal_content\/56\/11023\/11621310;jsessionid=FDF7138EA91C1DC6FE597C8EA6ACC5B8?refererPlid=11521\" target=\"_blank\" rel=\"noopener\">L\u2019H Digital<\/a>, <a href=\"https:\/\/soundcloud.com\/radiosabadell\/sabadell-batega-consells-des-de-la-farmacia-campanya-de-prevencio-del-cancer-de-pell\" target=\"_blank\" rel=\"noopener\"><i>Sabadell Batega<\/i><\/a> de R\u00e0dio Sabadell, <a href=\"http:\/\/www.diarideterrassa.es\/terrassa\/2017\/06\/13\/hoy-examinan-gratuitamente-placa-vella-riesgo-contraer-cancer-piel\/59200.html?platform=hootsuite\" target=\"_blank\" rel=\"noopener\">Diari Terrassa<\/a>, <a href=\"http:\/\/terrassadigital.cat\/la-campanya-de-les-farmacies-per-prevenir-el-cancer-de-pell-acaba-aquest-dimarts-a-terrassa\/\" target=\"_blank\" rel=\"noopener\">Terrassa Digital<\/a>, <a href=\"https:\/\/www.youtube.com\/watch?v=ZqYvVVbnVTs\" target=\"_blank\" rel=\"noopener\">Canal Terrassa<\/a>, <a href=\"http:\/\/www.gasl.cat\/GASL\/DetallPrograma\/_7hnsAmuDYQZhZgXYrWtEwzefyyf3AdHaDiVV67ZZO_4\" target=\"_blank\" rel=\"noopener\"><i>Granollers avui<\/i><\/a> de R\u00e0dio Granollers, <a href=\"http:\/\/elcargol.com\/index.php\/societat\/1065-les-farmacies-de-vilafranca-contribueixen-a-la-prevencio-i-deteccio-precoc-dels-riscos-de-patir-un-cancer-de-pell\" target=\"_blank\" rel=\"noopener\">El Cargol<\/a>, <a href=\"http:\/\/www.eixdiari.cat\/societat\/doc\/71256\/farmacies-de-vilafranca-impulsen-una-campanya-contra-el-cancer-de-pell.html\" target=\"_blank\" rel=\"noopener\">Eix Diari<\/a>, <a href=\"http:\/\/www.naciodigital.cat\/latorredelpalau\/noticia\/59747\/campanya\/contra\/cancer\/pell\/fa\/parada\/aquest\/dimarts\/terrassa\" target=\"_blank\" rel=\"noopener\">Naci\u00f3 Digital<\/a>, <a href=\"http:\/\/www.rtvvilafranca.cat\/2017\/06\/campanya-prevencio-deteccio-precoc-cancer-pell-lalt-penedes-garraf\/\" target=\"_blank\" rel=\"noopener\">rtvVilafranca.cat<\/a>, El 3 de vuit i <a href=\"http:\/\/anoiadiari.cat\/societat\/farmacies-csa-campanya-informacio-sobre-cancer-pell\/\" target=\"_blank\" rel=\"noopener\">Anoia Diari<\/a>.<\/p>\n<p style=\"text-align: left;\">Tamb\u00e9 vam publicar dos articles divulgatius m\u00e9s a la Vanguardia, El Peri\u00f3dico i l\u2019Ara per informar a la poblaci\u00f3 <a href=\"https:\/\/www.farmaceuticonline.com\/ca\/component\/content\/article\/20-varios\/726-campana-para-la-prevencion-y-la-deteccion-precoz-de-los-riesgos-de-padecer-un-cancer-de-piel\" target=\"_blank\" rel=\"noopener\"><b>sobre quan ens hem de protegir del sol i no ho sabem<\/b> i <\/a><b><a href=\"https:\/\/www.farmaceuticonline.com\/ca\/component\/content\/article\/20-varios\/726-campana-para-la-prevencion-y-la-deteccion-precoz-de-los-riesgos-de-padecer-un-cancer-de-piel\" target=\"_blank\" rel=\"noopener\">sobre els efectes de l&#8217;exposici\u00f3 solar al llarg dels anys<\/a>. <b><\/div><\/b><\/b><\/p>\n<p><b><div class=\"box shadow\">Farm\u00e0cia assistencial<\/b><\/p>\n<p>El rol assistencial que desenvolupa el farmac\u00e8utic comunitari segueix present als mitjans.<\/p>\n[caption id=\"attachment_31534\" align=\"alignright\" width=\"300\"]<a href=\"http:\/\/www.correofarmaceutico.com\/2017\/06\/19\/al-dia\/entorno\/cataluna-farmaceuticos-se-forman-para-participar-en-la-red-de-farmacias-centinela\" target=\"_blank\" rel=\"noopener\"><img decoding=\"async\" class=\"size-medium wp-image-31534  \" title=\"Juny: Campanya contra el c\u00e0ncer de pell, el rol assistencial de les farm\u00e0cies i la candidatura de BCN com a seu de l'EMA, els temes m\u00e9s destacats\" alt=\"2CF\" src=\"http:\/\/blog.cofb.cat\/wp-content\/uploads\/2017\/07\/2CF-300x84.jpg\" width=\"300\" height=\"84\" \/><\/a> Correo Farmac\u00e9utico explicant la formaci\u00f3 per participar a la Xarxa de Farmacies Sentinelles[\/caption]\n<p>El 19 de juny es va enviar una <a href=\"http:\/\/blog.cofb.cat\/es-posa-en-marxa-la-xarxa-de-farmacies-sentinella-de-catalunya\/\" target=\"_blank\" rel=\"noopener\">nota de premsa<\/a> per donar a con\u00e8ixer la<b> formaci\u00f3 que vam dur a terme per a aquells farmac\u00e8utics que formarien part de la Xarxa de Farm\u00e0cies Sentinelles<\/b>. El comunicat definia la iniciativa i informava que, despr\u00e9s de l\u2019\u00e8xit de la prova pilot a Barcelona, <b>estava previst que el projecte s\u2019inici\u00e9s a principis de juliol arreu del territori catal\u00e0<\/b>. Aix\u00ed en van informar <a href=\"http:\/\/www.correofarmaceutico.com\/2017\/06\/19\/al-dia\/entorno\/cataluna-farmaceuticos-se-forman-para-participar-en-la-red-de-farmacias-centinela\" target=\"_blank\" rel=\"noopener\">Correo Farmac\u00e9utico<\/a>, <a href=\"https:\/\/www.diariofarma.com\/2017\/06\/19\/cataluna-farmaceuticos-formados-tejer-la-red-farmacias-centinela\" target=\"_blank\" rel=\"noopener\">Diariofarma<\/a>, <a href=\"http:\/\/www.imfarmacias.es\/noticia\/12821\/el-proyecto-de-farmacias-centinelas-se-expandira-por-cataluna-a-part?cn=bWVudGlvbg%3D%3D\" target=\"_blank\" rel=\"noopener\">IMFarmacias<\/a>, <a href=\"http:\/\/www.elfarmaceutico.es\/index.php\/noticias-actualidad-farmaceutica\/item\/8211-farmaceuticos-catalanes-se-forman-para-participar-en-la-red-de-farmacias-centinelas#.WUfUJe3yipo\" target=\"_blank\" rel=\"noopener\">El Farmac\u00e9utico<\/a>, <a href=\"https:\/\/www.redaccionmedica.com\/secciones\/farmacia\/farmaceuticos-catalanes-se-forman-en-la-red-de-farmacias-centinelas-7218\" target=\"_blank\" rel=\"noopener\">Redacci\u00f3n M\u00e9dica<\/a>, <a href=\"http:\/\/www.actasanitaria.com\/farmaceuticos-catalanes-se-forman-para-participar-en-la-red-de-farmacias-centinela\/\" target=\"_blank\" rel=\"noopener\">Acta Sanitaria<\/a>, <a href=\"http:\/\/www.farmaventas.es\/noticias-del-sector\/otras-noticias\/6259-farmaceuticos-catalanes-se-forman-para-participar-en-la-red-de-farmacias-centinelas.html\" target=\"_blank\" rel=\"noopener\">Farmaventas<\/a>, <a href=\"http:\/\/revistafarmanatur.com\/gestion-farmaceutica\/formacion-participar-la-red-farmacias-centinelas\/\" target=\"_blank\" rel=\"noopener\">Farmanatur<\/a> i Sanifax. <a href=\"http:\/\/www.elglobal.net\/farmacia\/las-farmacias-centinela-catalanas-estaran-al-acecho-en-julio-BE969210\" target=\"_blank\" rel=\"noopener\">El Global<\/a> tamb\u00e9 va publicar una pe\u00e7a notificant l\u2019imminent inici, amb declaracions de Rafael Guayta-Escolies, director de Projectes i Recerca del Consell, en les quals es detallaven <b>alguns dels aspectes m\u00e9s caracter\u00edstics de la xarxa i el valor que pot tenir.<\/b><\/p>\n[caption id=\"attachment_31533\" align=\"alignleft\" width=\"300\"]<a href=\"http:\/\/etv.xiptv.cat\/al-dia-llobregat\/capitol\/9-juny-2017\" target=\"_blank\" rel=\"noopener\"><img loading=\"lazy\" decoding=\"async\" class=\"size-medium wp-image-31533   \" title=\"Juny: Campanya contra el c\u00e0ncer de pell, el rol assistencial de les farm\u00e0cies i la candidatura de BCN com a seu de l'EMA, els temes m\u00e9s destacats\" alt=\"2BLLV\" src=\"http:\/\/blog.cofb.cat\/wp-content\/uploads\/2017\/07\/2BLLV-300x144.jpg\" width=\"300\" height=\"144\" \/><\/a> La campanya contra el mosquit tigre, Al Dia Llobregat d&#8217;Espluges Llobregat[\/caption]\n<p><b>La campanya contra el mosquit tigre al Baix Llobregat<\/b> va ser un dels altres projectes destacats al juny. L\u2019informatiu <a href=\"http:\/\/etv.xiptv.cat\/al-dia-llobregat\/capitol\/9-juny-2017\" target=\"_blank\" rel=\"noopener\"><i>Al Dia Llobregat<\/i><\/a> d\u2019Esplugues Televisi\u00f3 la va explicar remarcant el principal objectiu de la iniciativa, <b>combatre la proliferaci\u00f3 de l\u2019insecte a la comarca del Baix Llobregat.<\/b> La <a href=\"https:\/\/www.lapremsadelbaix.es\/noticies\/societat\/16831-ferrer-col-labora-en-la-prevencio-contra-el-mosquit-tigre-al-baix-llobregat.html\" target=\"_blank\" rel=\"noopener\">premsadelbaix<\/a> i <a href=\"http:\/\/elfar.cat\/not\/19553\/campana-divulgativa-en-las-farmacias-para-combatir-al-mosquito-tigre\/\" target=\"_blank\" rel=\"noopener\">El Far<\/a> s\u00f3n els dos altres mitjans que tamb\u00e9 en van informar.<\/p>\n<p>D\u2019altra banda, <a href=\"https:\/\/www.youtube.com\/watch?v=rkBpx4h9Sj4\" target=\"_blank\" rel=\"noopener\"><i>La Nit dels Savis<\/i><\/a> de Canal Terrassa va dedicar el programa del 2 de juny a parlar de <b>com fer un bon \u00fas de la medicaci\u00f3<\/b>. Es va convidar a diferents experts, entre ells, una farmac\u00e8utica, Marta Bueno.<\/p>\n[caption id=\"attachment_31556\" align=\"alignright\" width=\"300\"]<a href=\"https:\/\/www.youtube.com\/watch?v=rkBpx4h9Sj4\" target=\"_blank\" rel=\"noopener\"><img loading=\"lazy\" decoding=\"async\" class=\"size-medium wp-image-31556    \" title=\"Juny: Campanya contra el c\u00e0ncer de pell, el rol assistencial de les farm\u00e0cies i la candidatura de BCN com a seu de l'EMA, els temes m\u00e9s destacats\" alt=\"2CT\" src=\"http:\/\/blog.cofb.cat\/wp-content\/uploads\/2017\/07\/2CT-300x158.jpg\" width=\"300\" height=\"158\" \/><\/a> El bon \u00fas dels medicaments, tema tractat per Canal Terrassa[\/caption]\n<p>Finalment, La Vanguardia va comunicar la intenci\u00f3 de l\u2019Ajuntament de Barcelona <b>d\u2019incentivar el projecte Radars<\/b>, la xarxa de prevenci\u00f3 i d\u2019acci\u00f3 comunit\u00e0ria adre\u00e7ada a detectar i prevenir situacions de risc de les persones grans i de la qual <b>les farm\u00e0cies comunit\u00e0ries en s\u00f3n un agent part\u00edcip.<\/b><\/p>\n<p>&nbsp;<\/p>\n<p><b><b><\/div><\/b><\/b><\/p>\n<div class=\"box shadow\"><b>Seu EMA<\/b><\/p>\n<p>[caption id=\"attachment_31535\" align=\"alignleft\" width=\"300\"]<a href=\"http:\/\/www.lavanguardia.com\/vida\/20170612\/423352864229\/un-comite-de-80-profesionales-embajadores-de-la-candidatura-barcelona-a-ema.html\" target=\"_blank\" rel=\"noopener\"><img loading=\"lazy\" decoding=\"async\" class=\"size-medium wp-image-31535  \" title=\"Juny: Campanya contra el c\u00e0ncer de pell, el rol assistencial de les farm\u00e0cies i la candidatura de BCN com a seu de l'EMA, els temes m\u00e9s destacats\" alt=\"La Vanguardia informant del nou comite de suport per la candidatura de Barcelona com a seu de lEMA\" src=\"http:\/\/blog.cofb.cat\/wp-content\/uploads\/2017\/07\/3LV-300x129.jpg\" width=\"300\" height=\"129\" \/><\/a> La Vanguardia informant del nou comit\u00e9 de suport per la candidatura de Barcelona com a seu de l&#8217;EMA[\/caption]<\/p>\n<p>Durant el juny, es va anunciar <b>la posada en escena del comit\u00e8 de suport a la candidatura de Barcelona com a nova seu de l\u2019Ag\u00e8ncia Europea del Medicament (EMA)<\/b>. <b>El president del Col\u00b7legi, Jordi de Dalmases, \u00e9s un dels 80 professionals vinculats a la sanitat que integra el comit\u00e8<\/b>, juntament amb altres experts, el sector empresarial i mitjans de comunicaci\u00f3. Es tracta d\u2019un grup especialitzat que t\u00e9 com a objectiu principal la promoci\u00f3 de la candidatura. Van fer-se ress\u00f2 <a href=\"http:\/\/www.lavanguardia.com\/vida\/20170612\/423352864229\/un-comite-de-80-profesionales-embajadores-de-la-candidatura-barcelona-a-ema.html\" target=\"_blank\" rel=\"noopener\">La Vanguardia<\/a>, Ara,\u00a0 <a href=\"http:\/\/www.elmundo.es\/cataluna\/2017\/06\/12\/593ebd02e5fdeab1138b456e.html\" target=\"_blank\" rel=\"noopener\">El Mundo<\/a>, La Raz\u00f3n, <a href=\"http:\/\/consalud.es\/politica-sanitaria\/primera-reunion-del-comite-de-apoyo-a-barcelona-como-sede-de-la-ema-37025\" target=\"_blank\" rel=\"noopener\">Consalud<\/a>, <a href=\"https:\/\/www.diariofarma.com\/2017\/06\/12\/marcha-comite-apoyo-la-candidatura-barcelona-la-ema?&amp;utm_source=nwlt&amp;utm_medium=regular&amp;utm_campaign=13\/06\/17\" target=\"_blank\" rel=\"noopener\">Diariofarma<\/a>, <a href=\"http:\/\/www.imfarmacias.es\/noticia\/12759\/el-lobby-pro-emabarcelona-cita-a-los-embajadores-de-la-candidatura\" target=\"_blank\" rel=\"noopener\">IMFarmacias<\/a> i\u00a0 Sanifax.<\/div>\n<p><b><div class=\"box shadow\">Farm\u00e0cia comunit\u00e0ria<\/b><\/p>\n[caption id=\"attachment_31536\" align=\"alignright\" width=\"270\"]<a href=\"https:\/\/www.diariofarma.com\/2017\/06\/29\/cof-barcelona-clausuro-la-12a-edicion-master-gestion\" target=\"_blank\" rel=\"noopener\"><img loading=\"lazy\" decoding=\"async\" class=\" wp-image-31536   \" title=\"Juny: Campanya contra el c\u00e0ncer de pell, el rol assistencial de les farm\u00e0cies i la candidatura de BCN com a seu de l'EMA, els temes m\u00e9s destacats\" alt=\"Diariofarma i el MGOF\" src=\"http:\/\/blog.cofb.cat\/wp-content\/uploads\/2017\/07\/4Dfm-300x300.jpg\" width=\"270\" height=\"270\" \/><\/a> Diariofarma i el MGOF[\/caption]\n<p>D&#8217;una banda, la premsa especialitzada (<a href=\"http:\/\/www.elglobal.net\/farmacia\/finaliza-la-duodecima-edicion-del-master-en-gestion-de-oficina-de-farmacia-XG976909\" target=\"_blank\" rel=\"noopener\">El Global<\/a>, <a href=\"https:\/\/www.diariofarma.com\/2017\/06\/29\/cof-barcelona-clausuro-la-12a-edicion-master-gestion\" target=\"_blank\" rel=\"noopener\">Diariofarma<\/a>,\u00a0<a href=\"http:\/\/www.imfarmacias.es\/noticia\/12933\/punto-y-final-a-la-xii-edicion-del-master-en-gestion-de-oficina-de?cn=bWVudGlvbg%3D%3D\" target=\"_blank\" rel=\"noopener\">IMFarmacias<\/a>, <a href=\"http:\/\/www.farmaventas.es\/noticias-del-sector\/otras-noticias\/6336-finaliza-la-duodecima-edicion-del-master-en-gestion-de-oficina-de-farmacia-mgof.html\" target=\"_blank\" rel=\"noopener\">Farmaventas<\/a> i <a href=\"http:\/\/revistafarmanatur.com\/gestion-farmaceutica\/finaliza-la-duodecima-edicion-del-mgof\/\" target=\"_blank\" rel=\"noopener\">Farmanatur<\/a>) va destacar <b>l\u2019acte de cloenda del M\u00e0ster en Gesti\u00f3 d\u2019Oficina de Farm\u00e0cia (MGOF)<\/b>, curs que, enguany, celebrava la dotzena edici\u00f3. Es va enviar una nota de premsa on es van recollir declaracions del President i de dos alumnes, aix\u00ed com les principals caracter\u00edstiques dels estudis.<\/p>\n<p>Correo Farmac\u00e9utico (<a href=\"http:\/\/www.correofarmaceutico.com\/2017\/06\/26\/al-dia\/profesion\/la-autorizacion-del-usuario-para-tratar-sus-datos-obligada-en-botica\" target=\"_blank\" rel=\"noopener\">1<\/a> i <a href=\"http:\/\/www.correofarmaceutico.com\/2017\/06\/26\/gestion\/oficina-de-farmacia\/una-buena-compraventa-pasa-por-controlar-los-rinfinitosr-tramites\" target=\"_blank\" rel=\"noopener\">2<\/a>) va publicar, a m\u00e9s, dues not\u00edcies on s\u2019explicava, en un cas, <b>la legislaci\u00f3 vigent per la protecci\u00f3 dels pacients que han de tenir en compte les farm\u00e0cies<\/b> i, en l\u2019altre, <strong>transaccions relacionades amb<\/strong><b> les oficines de farm\u00e0cia<\/b>. En el primer cas, el mitj\u00e0 va recollir declaracions de Merc\u00e8 Gras, cap del departament jur\u00eddic del Col\u00b7legi, i es va compartir el protocol del COFB de tractament de dades de car\u00e0cter personal aplicable al tractament de dades de l&#8217;oficina de farm\u00e0cia, que el mitj\u00e0 va titllar de <b>referent<\/b>. La segona not\u00edcia va comptar amb declaracions d\u2019Agust\u00ed Ortega, gerent de COFBServeis, que va explicar alguns dels tr\u00e0mits que es faciliten des de la iniciativa.<b><\/div><\/b><\/p>\n<p><b><div class=\"box shadow\">Tribuna de Pilar Gasc\u00f3n a <i>El Farmac\u00e9utico<\/i><\/b><\/p>\n[caption id=\"attachment_31539\" align=\"alignleft\" width=\"300\"]<a href=\"http:\/\/elfarmaceutico.es\/index.php\/con-firma\/item\/8193-la-formacion-continuada-y-el-desarrollo-profesional#.WXXLKVHtaUl\" target=\"_blank\" rel=\"noopener\"><img loading=\"lazy\" decoding=\"async\" class=\"size-medium wp-image-31539   \" title=\"Juny: Campanya contra el c\u00e0ncer de pell, el rol assistencial de les farm\u00e0cies i la candidatura de BCN com a seu de l'EMA, els temes m\u00e9s destacats\" alt=\"La tribuna de Pilar Gascon, vocal dInvestigacio i Docencia del COFB i secretaria del CCFC\" src=\"http:\/\/blog.cofb.cat\/wp-content\/uploads\/2017\/07\/6EF-300x245.jpg\" width=\"300\" height=\"245\" \/><\/a> La tribuna de Pilar Gasc\u00f3n, vocal d&#8217;Investigaci\u00f3 i Doc\u00e8ncia del COFB i secret\u00e0ria del CCFC[\/caption]\n<p><a href=\"http:\/\/elfarmaceutico.es\/index.php\/con-firma\/item\/8193-la-formacion-continuada-y-el-desarrollo-profesional#.WXXLKVHtaUl\" target=\"_blank\" rel=\"noopener\">El Farmac\u00e9utico<\/a> va publicar el passat 15 de juny la tribuna escrita per Pilar Gasc\u00f3n, vocal d\u2019Investigaci\u00f3 i Doc\u00e8ncia del COFB i secret\u00e0ria del Consell (CCFC), <b>\u201cLa formaci\u00f3n continuada y el desarrollo profesional\u201d<\/b>. La vocal <b>ressalta la import\u00e0ncia que t\u00e9 el fet que el farmac\u00e8utic es formi constantment i destaca que resulta fonamental perqu\u00e8 es pugui adaptar als nous serveis i activitats que es realitzen des de la farm\u00e0cia<\/b><b>.<\/b><\/p>\n<p>&nbsp;<\/p>\n<p><b><b><\/div><\/b><\/b><\/p>\n<p><b><div class=\"box shadow\">Curs d\u2019\u00c0gora Sanit\u00e0ria sobre consells de salut per al viatger<\/b><\/p>\n[caption id=\"attachment_31540\" align=\"alignright\" width=\"240\"]<a href=\"https:\/\/www.diariofarma.com\/2017\/06\/15\/agora-sanitaria-ferrer-formaran-farmaceuticos-dar-consejo-viajeros\" target=\"_blank\" rel=\"noopener\"><img loading=\"lazy\" decoding=\"async\" class=\" wp-image-31540    \" title=\"Juny: Campanya contra el c\u00e0ncer de pell, el rol assistencial de les farm\u00e0cies i la candidatura de BCN com a seu de l'EMA, els temes m\u00e9s destacats\" alt=\"El nou curs d'\u00c0gora Sanit\u00e0ria, a Diariofarma\" src=\"http:\/\/blog.cofb.cat\/wp-content\/uploads\/2017\/07\/7Dfm-300x298.jpg\" width=\"240\" height=\"238\" \/><\/a> El nou curs d&#8217;\u00c0gora Sanit\u00e0ria, a Diariofarma[\/caption]\n<p>Mitjans de la premsa especialitzada, <a href=\"https:\/\/www.diariofarma.com\/2017\/06\/15\/agora-sanitaria-ferrer-formaran-farmaceuticos-dar-consejo-viajeros\" target=\"_blank\" rel=\"noopener\">Diariofarma<\/a>, <a href=\"http:\/\/www.elfarmaceutico.es\/index.php\/noticias-novedades-del-mercado-farmaceutico\/item\/8209-ferrer-impulsa-una-formacion-online-sobre-la-recomendacion-farmaceutica-en-la-salud-del-viajero#.WUefNevyipo\" target=\"_blank\" rel=\"noopener\">El Farmac\u00e9utico<\/a>, <a href=\"http:\/\/www.imfarmacias.es\/noticia\/12788\/nueva-formacion-de-agora-sanitaria-y-ferrer-para-la-recomendacion-f\" target=\"_blank\" rel=\"noopener\">IMFarmacias<\/a>, <a href=\"http:\/\/www.farmaventas.es\/noticias-del-sector\/otras-noticias\/6242-agora-sanitaria-y-ferrer-impulsan-una-formacion-online-sobre-la-recomendacion-farmaceutica-en-la-salud-del-viajero.html\" target=\"_blank\" rel=\"noopener\">Farmaventas<\/a> i <a href=\"http:\/\/www.pmfarma.es\/noticias\/24525-agora-sanitaria-y-ferrer-impulsan-formacion-online-en-la-salud-del-viajero.html\" target=\"_blank\" rel=\"noopener\">PMFarma<\/a> van recollir la nota de premsa d&#8217;\u00c0gora Sanit\u00e0ria i Laboratoris Ferrer on s&#8217;explicava la formaci\u00f3 <em>onlin<\/em>e sobre <b>la salut del viatger i les diferents recomanacions que es poden proporcionar des de la farm\u00e0cia<\/b>. Es tracta d\u2019un curs configurat per nou m\u00f2duls impartits per especialistes del Servei de Medicina Tropical i Salut Internacional de l\u2019Hospital Cl\u00ednic i farmac\u00e8utics comunitaris. Els estudis proporcionen informaci\u00f3 sobre diferents aspectes, <b>com la manera de tractar el <i>jet lag<\/i> l\u2019\u00fas de repel\u00b7lents i fotoprotectors, vacunaci\u00f3 o com preparar la farmaciola.<b><\/div><\/b><\/b><\/p>\n<p><b><div class=\"box shadow\">Vacuna meningitis B<\/b><\/p>\n[caption id=\"attachment_31541\" align=\"alignleft\" width=\"300\"]<a href=\"http:\/\/www.rac1.cat\/info-rac1\/20170602\/423136588080\/la-vacuna-contra-la-meningitis-b-torna-a-les-farmacies-catalanes.html\" target=\"_blank\" rel=\"noopener\"><img loading=\"lazy\" decoding=\"async\" class=\"size-medium wp-image-31541   \" title=\"Juny: Campanya contra el c\u00e0ncer de pell, el rol assistencial de les farm\u00e0cies i la candidatura de BCN com a seu de l'EMA, els temes m\u00e9s destacats\" alt=\"Not\u00edcia que va publicar RAC1 sobre la vacuna\" src=\"http:\/\/blog.cofb.cat\/wp-content\/uploads\/2017\/07\/8RAC1-300x161.jpg\" width=\"300\" height=\"161\" \/><\/a> Not\u00edcia que va publicar RAC1 sobre la vacuna[\/caption]\n<p>Al juny, es va tornar a parlar de les llistes d\u2019espera per obtenir la vacuna contra la meningitis B, Bexsero. Ho va explicar <a href=\"http:\/\/www.rac1.cat\/info-rac1\/20170602\/423136588080\/la-vacuna-contra-la-meningitis-b-torna-a-les-farmacies-catalanes.html\" target=\"_blank\" rel=\"noopener\">RAC1<\/a> per partida doble, a <i><a href=\"http:\/\/www.rac1.cat\/a-la-carta\/el-mon\" target=\"_blank\" rel=\"noopener\">El M\u00f3n<\/a> a RAC1<\/i> (del minut 23\u201933\u2019\u2019 al 24\u201931\u2019\u2019; tall de 8h a 9h) i a l\u2019<a href=\"http:\/\/www.rac1.cat\/a-la-carta\/14-15 \/\" target=\"_blank\" rel=\"noopener\"><i>Informatiu migdia<\/i><\/a> (del minut 13\u201910\u2019\u2019 al 13\u201955\u2019\u2019), on va fer de portaveu el vicetresorer del Col\u00b7legi, Guillermo Bagar\u00eda, que va <b>recordar que els col\u00b7lectius amb m\u00e9s risc s\u00f3n les criatures des dels dos mesos fins als dos o tres anys.<b><\/div><\/b><\/b><\/p>\n<p><b><div class=\"box shadow\">Farmac\u00e8utics: fonts de refer\u00e8ncia<\/b><\/p>\n<p>Un mes m\u00e9s, el Col\u00b7legi ha servit de font pels diferents mitjans de comunicaci\u00f3.<\/p>\n[caption id=\"attachment_31544\" align=\"alignright\" width=\"300\"]<a href=\"http:\/\/www.elperiodico.com\/es\/noticias\/politica\/una-campana-sensibiliza-sobre-psoriasis-para-acabar-con-estigma-promover-tratamiento-6089203\" target=\"_blank\" rel=\"noopener\"><img loading=\"lazy\" decoding=\"async\" class=\"size-medium wp-image-31544   \" title=\"Juny: Campanya contra el c\u00e0ncer de pell, el rol assistencial de les farm\u00e0cies i la candidatura de BCN com a seu de l'EMA, els temes m\u00e9s destacats\" alt=\"Declaracions de N\u00faria Bosch recollides per El Peri\u00f3dico\" src=\"http:\/\/blog.cofb.cat\/wp-content\/uploads\/2017\/07\/9EPP-300x74.jpg\" width=\"300\" height=\"74\" \/><\/a> Declaracions de N\u00faria Bosch, vicepresidenta del COFB, recollides per El Peri\u00f3dico[\/caption]\n<p><strong>La vicepresidenta del COFB, N\u00faria Bosch,<\/strong> ho ha estat per dos temes diferents: <b>una nova campanya d\u2019Acci\u00f3 Psoriasi de conscienciaci\u00f3 de la malaltia i el 360\u00ba Women Congress<\/b>. De la iniciativa sobre la psoriasi, <a href=\"http:\/\/www.elperiodico.com\/es\/noticias\/politica\/una-campana-sensibiliza-sobre-psoriasis-para-acabar-con-estigma-promover-tratamiento-6089203\" target=\"_blank\" rel=\"noopener\">El Peri\u00f3dico<\/a>, <a href=\"http:\/\/ecodiario.eleconomista.es\/espana\/noticias\/8412728\/06\/17\/Una-campana-sensibiliza-sobre-la-psoriasis-para-acabar-con-el-estigma-y-promover-el-tratamiento.html\" target=\"_blank\" rel=\"noopener\">Ecodiario<\/a> i Gaceta M\u00e9dica van compartir declaracions de la vicepresidenta, que va traslladar els beneficis per als pacients de seguir uns bons h\u00e0bits de salut. <a href=\"http:\/\/www.pmfarma.es\/noticias\/24454-las-tics-para-la-atencion-al-paciente-en-el-women-360-congress.html\" target=\"_blank\" rel=\"noopener\">PMFarma<\/a>, <a href=\"http:\/\/www.actasanitaria.com\/tic-congreso-women\/\" target=\"_blank\" rel=\"noopener\">Acta Sanitaria<\/a> i <a href=\"https:\/\/www.medicina21.com\/Notas_de_Prensa-V10949.html\" target=\"_blank\" rel=\"noopener\">Medicina21<\/a> van ser qui van parlar del congr\u00e9s, tot destacant la participaci\u00f3 de Bosch.<\/p>\n[caption id=\"attachment_31543\" align=\"alignleft\" width=\"300\"]<a href=\"http:\/\/www.correofarmaceutico.com\/2017\/07\/03\/opinion-participacion\/cartas-al-director\/romper-con-la-inercia\" target=\"_blank\" rel=\"noopener\"><img loading=\"lazy\" decoding=\"async\" class=\"size-medium wp-image-31543  \" title=\"Juny: Campanya contra el c\u00e0ncer de pell, el rol assistencial de les farm\u00e0cies i la candidatura de BCN com a seu de l'EMA, els temes m\u00e9s destacats\" alt=\"Guillermo Bagaria, vicetresorer del COFB, al Correo Farmac\u00e9utico\" src=\"http:\/\/blog.cofb.cat\/wp-content\/uploads\/2017\/07\/9CF-300x64.jpg\" width=\"300\" height=\"64\" \/><\/a> Guillermo Bagaria, vicetresorer del COFB, al Correo Farmac\u00e9utico[\/caption]\n<p><strong>Guillermo Bagar\u00eda, vicetresorer del Col\u00b7legi,<\/strong> va ser un dels ponents de dues jornades que Correo Farmac\u00e9utico va dur a terme al llarg del juny<b>: <a href=\"http:\/\/www.correofarmaceutico.com\/2017\/07\/03\/opinion-participacion\/cartas-al-director\/romper-con-la-inercia\" target=\"_blank\" rel=\"noopener\">XVI Jornada d\u2019Aniversari de Correo Farmac\u00e9utico<\/a> i <a href=\"http:\/\/www.correofarmaceutico.com\/2017\/06\/05\/gestion\/oficina-de-farmacia\/ocho-expertos-daran-las-claves-para-sacar-lo-mejor-de-su-farmacia\" target=\"_blank\" rel=\"noopener\">Jornada de Gesti\u00f3 Pr\u00e0ctica de l\u2019Oficina de Farm\u00e0cia<\/a><\/b>. El mitj\u00e0 va compartir algunes de les idees que el vicetresorer va voler traslladar als seus oients. Bagaria tamb\u00e9 va parlar a <a href=\"http:\/\/www.ivoox.com\/setmana-sense-fum-audios-mp3_rf_19149846_1.html\" target=\"_blank\" rel=\"noopener\"><i>El Mat\u00ed<\/i><\/a> de R\u00e0dio Sant Cebri\u00e0 sobre<b> la Setmana Sense Fum<\/b> i amb <a href=\"http:\/\/www.cuidateplus.com\/medicamentos\/2017\/06\/21\/errores-frecuentes-medicamentos-143614.html\" target=\"_blank\" rel=\"noopener\">Cu\u00eddatePlus<\/a> sobre<b> possibles errors a l\u2019hora de prendre la medicaci\u00f3.<\/b><\/p>\n[caption id=\"attachment_31542\" align=\"alignright\" width=\"300\"]<a href=\"http:\/\/www.ara.cat\/societat\/riscos-loperacio-biquini_0_1820817933.html\" target=\"_blank\" rel=\"noopener\"><img loading=\"lazy\" decoding=\"async\" class=\"size-medium wp-image-31542  \" title=\"Juny: Campanya contra el c\u00e0ncer de pell, el rol assistencial de les farm\u00e0cies i la candidatura de BCN com a seu de l'EMA, els temes m\u00e9s destacats\" alt=\"L'ARA i els riscos de l'operaci\u00f3 biquini, amb paraules d'Anna Bach, vocal d'Alimentaci\u00f3 i Nutrici\u00f3 del COFB\" src=\"http:\/\/blog.cofb.cat\/wp-content\/uploads\/2017\/07\/9ARA-300x49.jpg\" width=\"300\" height=\"49\" \/><\/a> L&#8217;ARA i els riscos de l&#8217;operaci\u00f3 biquini, amb paraules d&#8217;Anna Bach, vocal d&#8217;Alimentaci\u00f3 i Nutrici\u00f3 del COFB[\/caption]\n<p>El diari <a href=\"http:\/\/www.ara.cat\/societat\/riscos-loperacio-biquini_0_1820817933.html\" target=\"_blank\" rel=\"noopener\">Ara<\/a> va publicar una not\u00edcia remarcant els riscos que existeixen en l&#8217;anomenada operaci\u00f3 biquini. La pe\u00e7a va recollir les declaracions d&#8217;<strong>Anna Bach, vocal d&#8217;Alimentaci\u00f3 i Nutrici\u00f3<\/strong>, que va proporcionar el seu punt de visa com a experta en nutrici\u00f3.<\/p>\n<p>Dues peces de recomanacions s\u00f3n les que van compartir declaracions de <strong>Marta Alcalde, vocal de Dermofarm\u00e0cia i Productes Sanitaris<\/strong>. Per una banda, l\u2019Especial Autocura de Correo Farmac\u00e9utico sobre <b>onicomicosis<\/b>, i l\u2019altre sobre <b>la import\u00e0ncia d\u2019utilitzar el repel\u00b7lent contra els insectes<\/b> de <a href=\"http:\/\/www.cuidateplus.com\/bienestar\/2017\/06\/13\/-importante-utilizar-repelentes-insectos-143359.html\" target=\"_blank\" rel=\"noopener\">Cu\u00eddate Plus<\/a>.<\/p>\n<p>La not\u00edcia <b>\u201cLa Orden Ministerial para f\u00e1rmacos homeop\u00e1ticos, a\u00fan sin aprovar\u201d <\/b>de <a href=\"http:\/\/www.correofarmaceutico.com\/2017\/06\/13\/al-dia\/profesion\/la-orden-ministerial-para-farmacos-homeopaticos-aun-sin-aprobar\" target=\"_blank\" rel=\"noopener\">Correo Farmac\u00e9utico<\/a> va aprofundir sobre l\u2019homeopatia mitjan\u00e7ant declaracions de diferents experts, entre ells, <strong>Josep Allu\u00e9, el vocal de Plantes Medicinals i Homeopatia del Col\u00b7legi.<\/strong><\/p>\n[caption id=\"attachment_31545\" align=\"alignleft\" width=\"300\"]<a href=\"http:\/\/www.imfarmacias.es\/noticia\/12892\/en-el-autocuidado-la-dermofarmacia-ha-adoptado-un-rol-de-liderazgo\" target=\"_blank\" rel=\"noopener\"><img loading=\"lazy\" decoding=\"async\" class=\"size-medium wp-image-31545  \" title=\"Juny: Campanya contra el c\u00e0ncer de pell, el rol assistencial de les farm\u00e0cies i la candidatura de BCN com a seu de l'EMA, els temes m\u00e9s destacats\" alt=\"IMFarmacias i la dermofarm\u00e0cia, amb menci\u00f3 al Col\u00b7legi\" src=\"http:\/\/blog.cofb.cat\/wp-content\/uploads\/2017\/07\/9IMF-300x41.jpg\" width=\"300\" height=\"41\" \/><\/a> IMFarmacias i la dermofarm\u00e0cia, amb menci\u00f3 al Col\u00b7legi[\/caption]\n<p>Finalment, es va fer menci\u00f3 del Col\u00b7legi en\u00a0 tres ocasions diverses: <b>consum d\u2019opioides a Espanya<\/b>, de Correo Farmac\u00e9utico<b>; dermofarm\u00e0cia i autocura<\/b>, d\u2019<a href=\"http:\/\/www.imfarmacias.es\/noticia\/12892\/en-el-autocuidado-la-dermofarmacia-ha-adoptado-un-rol-de-liderazgo\" target=\"_blank\" rel=\"noopener\">IMFarmacias<\/a>; i <b>tabaquisme<\/b>, a Canarias7.<b><\/div><\/b><\/p>\n","protected":false},"excerpt":{"rendered":"","protected":false},"author":1,"featured_media":31582,"comment_status":"open","ping_status":"open","sticky":false,"template":"","format":"standard","meta":{"_uag_custom_page_level_css":"","site-sidebar-layout":"default","site-content-layout":"","ast-site-content-layout":"default","site-content-style":"default","site-sidebar-style":"default","ast-global-header-display":"","ast-banner-title-visibility":"","ast-main-header-display":"","ast-hfb-above-header-display":"","ast-hfb-below-header-display":"","ast-hfb-mobile-header-display":"","site-post-title":"","ast-breadcrumbs-content":"","ast-featured-img":"disabled","footer-sml-layout":"","theme-transparent-header-meta":"","adv-header-id-meta":"","stick-header-meta":"","header-above-stick-meta":"","header-main-stick-meta":"","header-below-stick-meta":"","astra-migrate-meta-layouts":"default","ast-page-background-enabled":"default","ast-page-background-meta":{"desktop":{"background-color":"var(--ast-global-color-4)","background-image":"","background-repeat":"repeat","background-position":"center center","background-size":"auto","background-attachment":"scroll","background-type":"","background-media":"","overlay-type":"","overlay-color":"","overlay-opacity":"","overlay-gradient":""},"tablet":{"background-color":"","background-image":"","background-repeat":"repeat","background-position":"center center","background-size":"auto","background-attachment":"scroll","background-type":"","background-media":"","overlay-type":"","overlay-color":"","overlay-opacity":"","overlay-gradient":""},"mobile":{"background-color":"","background-image":"","background-repeat":"repeat","background-position":"center center","background-size":"auto","background-attachment":"scroll","background-type":"","background-media":"","overlay-type":"","overlay-color":"","overlay-opacity":"","overlay-gradient":""}},"ast-content-background-meta":{"desktop":{"background-color":"var(--ast-global-color-5)","background-image":"","background-repeat":"repeat","background-position":"center center","background-size":"auto","background-attachment":"scroll","background-type":"","background-media":"","overlay-type":"","overlay-color":"","overlay-opacity":"","overlay-gradient":""},"tablet":{"background-color":"var(--ast-global-color-5)","background-image":"","background-repeat":"repeat","background-position":"center center","background-size":"auto","background-attachment":"scroll","background-type":"","background-media":"","overlay-type":"","overlay-color":"","overlay-opacity":"","overlay-gradient":""},"mobile":{"background-color":"var(--ast-global-color-5)","background-image":"","background-repeat":"repeat","background-position":"center center","background-size":"auto","background-attachment":"scroll","background-type":"","background-media":"","overlay-type":"","overlay-color":"","overlay-opacity":"","overlay-gradient":""}},"footnotes":""},"categories":[23,32],"tags":[2442,802,109,2257,2830,113,2130,70,2153,771,877,459,2803,2183,2831,2832,2833,2834,2782,138,2387,2835],"class_list":["post-31469","post","type-post","status-publish","format-standard","has-post-thumbnail","hentry","category-destacats","category-noticies-farmacia","tag-abans-de-deixar-thi-la-pell","tag-accio-psoriasi","tag-agora-sanitaria","tag-bon-us-medicaments","tag-cancer-pell","tag-farmacia-assistencial","tag-farmacies-sentinelles","tag-formacio","tag-homeopatia","tag-master-en-gestio-de-loficina-de-farmacia","tag-mgof","tag-mitjans","tag-mosquit-tigre","tag-onicomicosi","tag-operacio-biquini","tag-opioides","tag-repellents-insectes","tag-salut-viatger","tag-seu-ema","tag-tabaquisme","tag-vacuna-meningitis","tag-xvi-jornada-aniversari-correo-farmaceutico"],"yoast_head":"<!-- This site is optimized with the Yoast SEO plugin v22.4 - https:\/\/yoast.com\/wordpress\/plugins\/seo\/ -->\n<title>Juny: campanya contra el c\u00e0ncer de pell, farm\u00e0cia assistencial i la seu de l&#039;EMA, temes m\u00e9s destacats<\/title>\n<meta name=\"description\" content=\"Juny: campanya contra el c\u00e0ncer de pell, farm\u00e0cia assistencial i la seu de l&#039;EMA, temes m\u00e9s destacats\" \/>\n<meta name=\"robots\" content=\"index, follow, max-snippet:-1, max-image-preview:large, max-video-preview:-1\" \/>\n<link rel=\"canonical\" href=\"https:\/\/novaorg.cofb.net\/2017\/07\/26\/juny-campanya-contra-el-cancer-de-pell-el-rol-assistencial-de-les-farmacies-la-candidatura-de-bcn-com-seu-de-lema-els-temes-mes-destacats\/\" \/>\n<meta property=\"og:locale\" content=\"ca_ES\" \/>\n<meta property=\"og:type\" content=\"article\" \/>\n<meta property=\"og:title\" content=\"Juny: campanya contra el c\u00e0ncer de pell, farm\u00e0cia assistencial i la seu de l&#039;EMA, temes m\u00e9s destacats\" \/>\n<meta property=\"og:description\" content=\"Juny: campanya contra el c\u00e0ncer de pell, farm\u00e0cia assistencial i la seu de l&#039;EMA, temes m\u00e9s destacats\" \/>\n<meta property=\"og:url\" content=\"https:\/\/novaorg.cofb.net\/2017\/07\/26\/juny-campanya-contra-el-cancer-de-pell-el-rol-assistencial-de-les-farmacies-la-candidatura-de-bcn-com-seu-de-lema-els-temes-mes-destacats\/\" \/>\n<meta property=\"og:site_name\" content=\"Col\u00b7legi de Farmac\u00e8utics de Barcelona\" \/>\n<meta property=\"article:publisher\" content=\"https:\/\/www.facebook.com\/farmaceuticsbcn\/\" \/>\n<meta property=\"article:published_time\" content=\"2017-07-26T06:53:30+00:00\" \/>\n<meta name=\"author\" content=\"wpAdminCofbOrg\" \/>\n<meta name=\"twitter:card\" content=\"summary_large_image\" \/>\n<meta name=\"twitter:creator\" content=\"@farmaceuticsbcn\" \/>\n<meta name=\"twitter:site\" content=\"@farmaceuticsbcn\" \/>\n<meta name=\"twitter:label1\" content=\"Escrit per\" \/>\n\t<meta name=\"twitter:data1\" content=\"wpAdminCofbOrg\" \/>\n\t<meta name=\"twitter:label2\" content=\"Temps estimat de lectura\" \/>\n\t<meta name=\"twitter:data2\" content=\"10 minuts\" \/>\n<script type=\"application\/ld+json\" class=\"yoast-schema-graph\">{\"@context\":\"https:\/\/schema.org\",\"@graph\":[{\"@type\":\"Article\",\"@id\":\"https:\/\/novaorg.cofb.net\/2017\/07\/26\/juny-campanya-contra-el-cancer-de-pell-el-rol-assistencial-de-les-farmacies-la-candidatura-de-bcn-com-seu-de-lema-els-temes-mes-destacats\/#article\",\"isPartOf\":{\"@id\":\"https:\/\/novaorg.cofb.net\/2017\/07\/26\/juny-campanya-contra-el-cancer-de-pell-el-rol-assistencial-de-les-farmacies-la-candidatura-de-bcn-com-seu-de-lema-els-temes-mes-destacats\/\"},\"author\":{\"name\":\"wpAdminCofbOrg\",\"@id\":\"https:\/\/www.cofb.org\/#\/schema\/person\/22ed7eea88da74b0fa4d3154ad87ffcb\"},\"headline\":\"Juny: Campanya contra el c\u00e0ncer de pell, el rol assistencial de les farm\u00e0cies i la candidatura de BCN com a seu de l&#8217;EMA, els temes m\u00e9s destacats\",\"datePublished\":\"2017-07-26T06:53:30+00:00\",\"dateModified\":\"2017-07-26T06:53:30+00:00\",\"mainEntityOfPage\":{\"@id\":\"https:\/\/novaorg.cofb.net\/2017\/07\/26\/juny-campanya-contra-el-cancer-de-pell-el-rol-assistencial-de-les-farmacies-la-candidatura-de-bcn-com-seu-de-lema-els-temes-mes-destacats\/\"},\"wordCount\":1961,\"commentCount\":0,\"publisher\":{\"@id\":\"https:\/\/www.cofb.org\/#organization\"},\"image\":{\"@id\":\"https:\/\/novaorg.cofb.net\/2017\/07\/26\/juny-campanya-contra-el-cancer-de-pell-el-rol-assistencial-de-les-farmacies-la-candidatura-de-bcn-com-seu-de-lema-els-temes-mes-destacats\/#primaryimage\"},\"thumbnailUrl\":\"\",\"keywords\":[\"Abans de deixar-t'hi la pell\",\"Acci\u00f3 Psoriasi\",\"\u00c1gora Sanitaria\",\"bon \u00fas medicaments\",\"cancer pell\",\"farm\u00e0cia assistencial\",\"farm\u00e0cies sentinelles\",\"Formaci\u00f3\",\"Homeopatia\",\"M\u00e0ster en Gesti\u00f3 de l'Oficina de Farm\u00e0cia\",\"MGOF\",\"Mitjans\",\"mosquit tigre\",\"onicomicosi\",\"Operacio biquini\",\"opioides\",\"repel\u00b7lents insectes\",\"salut viatger\",\"seu ema\",\"tabaquisme\",\"vacuna meningitis\",\"XVI Jornada Aniversari Correo Farmaceutico\"],\"articleSection\":[\"Destacats\",\"Not\u00edcies farm\u00e0cia\"],\"inLanguage\":\"ca\",\"potentialAction\":[{\"@type\":\"CommentAction\",\"name\":\"Comment\",\"target\":[\"https:\/\/novaorg.cofb.net\/2017\/07\/26\/juny-campanya-contra-el-cancer-de-pell-el-rol-assistencial-de-les-farmacies-la-candidatura-de-bcn-com-seu-de-lema-els-temes-mes-destacats\/#respond\"]}]},{\"@type\":\"WebPage\",\"@id\":\"https:\/\/novaorg.cofb.net\/2017\/07\/26\/juny-campanya-contra-el-cancer-de-pell-el-rol-assistencial-de-les-farmacies-la-candidatura-de-bcn-com-seu-de-lema-els-temes-mes-destacats\/\",\"url\":\"https:\/\/novaorg.cofb.net\/2017\/07\/26\/juny-campanya-contra-el-cancer-de-pell-el-rol-assistencial-de-les-farmacies-la-candidatura-de-bcn-com-seu-de-lema-els-temes-mes-destacats\/\",\"name\":\"Juny: campanya contra el c\u00e0ncer de pell, farm\u00e0cia assistencial i la seu de l'EMA, temes m\u00e9s destacats\",\"isPartOf\":{\"@id\":\"https:\/\/www.cofb.org\/#website\"},\"primaryImageOfPage\":{\"@id\":\"https:\/\/novaorg.cofb.net\/2017\/07\/26\/juny-campanya-contra-el-cancer-de-pell-el-rol-assistencial-de-les-farmacies-la-candidatura-de-bcn-com-seu-de-lema-els-temes-mes-destacats\/#primaryimage\"},\"image\":{\"@id\":\"https:\/\/novaorg.cofb.net\/2017\/07\/26\/juny-campanya-contra-el-cancer-de-pell-el-rol-assistencial-de-les-farmacies-la-candidatura-de-bcn-com-seu-de-lema-els-temes-mes-destacats\/#primaryimage\"},\"thumbnailUrl\":\"\",\"datePublished\":\"2017-07-26T06:53:30+00:00\",\"dateModified\":\"2017-07-26T06:53:30+00:00\",\"description\":\"Juny: campanya contra el c\u00e0ncer de pell, farm\u00e0cia assistencial i la seu de l'EMA, temes m\u00e9s destacats\",\"breadcrumb\":{\"@id\":\"https:\/\/novaorg.cofb.net\/2017\/07\/26\/juny-campanya-contra-el-cancer-de-pell-el-rol-assistencial-de-les-farmacies-la-candidatura-de-bcn-com-seu-de-lema-els-temes-mes-destacats\/#breadcrumb\"},\"inLanguage\":\"ca\",\"potentialAction\":[{\"@type\":\"ReadAction\",\"target\":[\"https:\/\/novaorg.cofb.net\/2017\/07\/26\/juny-campanya-contra-el-cancer-de-pell-el-rol-assistencial-de-les-farmacies-la-candidatura-de-bcn-com-seu-de-lema-els-temes-mes-destacats\/\"]}]},{\"@type\":\"ImageObject\",\"inLanguage\":\"ca\",\"@id\":\"https:\/\/novaorg.cofb.net\/2017\/07\/26\/juny-campanya-contra-el-cancer-de-pell-el-rol-assistencial-de-les-farmacies-la-candidatura-de-bcn-com-seu-de-lema-els-temes-mes-destacats\/#primaryimage\",\"url\":\"\",\"contentUrl\":\"\"},{\"@type\":\"BreadcrumbList\",\"@id\":\"https:\/\/novaorg.cofb.net\/2017\/07\/26\/juny-campanya-contra-el-cancer-de-pell-el-rol-assistencial-de-les-farmacies-la-candidatura-de-bcn-com-seu-de-lema-els-temes-mes-destacats\/#breadcrumb\",\"itemListElement\":[{\"@type\":\"ListItem\",\"position\":1,\"name\":\"Inici\",\"item\":\"https:\/\/novaorg.cofb.net\/\"},{\"@type\":\"ListItem\",\"position\":2,\"name\":\"Juny: Campanya contra el c\u00e0ncer de pell, el rol assistencial de les farm\u00e0cies i la candidatura de BCN com a seu de l&#8217;EMA, els temes m\u00e9s destacats\"}]},{\"@type\":\"WebSite\",\"@id\":\"https:\/\/www.cofb.org\/#website\",\"url\":\"https:\/\/www.cofb.org\/\",\"name\":\"Col\u00b7legi de Farmac\u00e8utics de Barcelona\",\"description\":\"\",\"publisher\":{\"@id\":\"https:\/\/www.cofb.org\/#organization\"},\"potentialAction\":[{\"@type\":\"SearchAction\",\"target\":{\"@type\":\"EntryPoint\",\"urlTemplate\":\"https:\/\/www.cofb.org\/?s={search_term_string}\"},\"query-input\":\"required name=search_term_string\"}],\"inLanguage\":\"ca\"},{\"@type\":\"Organization\",\"@id\":\"https:\/\/www.cofb.org\/#organization\",\"name\":\"Col\u00b7legi de Farmac\u00e8utics de Barcelona\",\"url\":\"https:\/\/www.cofb.org\/\",\"logo\":{\"@type\":\"ImageObject\",\"inLanguage\":\"ca\",\"@id\":\"https:\/\/www.cofb.org\/#\/schema\/logo\/image\/\",\"url\":\"https:\/\/www.cofb.org\/wp-content\/uploads\/2023\/11\/cropped-Logotip-COFB.png\",\"contentUrl\":\"https:\/\/www.cofb.org\/wp-content\/uploads\/2023\/11\/cropped-Logotip-COFB.png\",\"width\":500,\"height\":105,\"caption\":\"Col\u00b7legi de Farmac\u00e8utics de Barcelona\"},\"image\":{\"@id\":\"https:\/\/www.cofb.org\/#\/schema\/logo\/image\/\"},\"sameAs\":[\"https:\/\/www.facebook.com\/farmaceuticsbcn\/\",\"https:\/\/twitter.com\/farmaceuticsbcn\",\"https:\/\/www.instagram.com\/farmaceuticsbcn\/\",\"https:\/\/www.linkedin.com\/company\/farmaceuticsbcn\/\"]},{\"@type\":\"Person\",\"@id\":\"https:\/\/www.cofb.org\/#\/schema\/person\/22ed7eea88da74b0fa4d3154ad87ffcb\",\"name\":\"wpAdminCofbOrg\",\"image\":{\"@type\":\"ImageObject\",\"inLanguage\":\"ca\",\"@id\":\"https:\/\/www.cofb.org\/#\/schema\/person\/image\/\",\"url\":\"https:\/\/secure.gravatar.com\/avatar\/1721b20b3b8ca882c3b56ec6c978c594fff670e40c0718e9190eaeeb76aae7d8?s=96&d=mm&r=g\",\"contentUrl\":\"https:\/\/secure.gravatar.com\/avatar\/1721b20b3b8ca882c3b56ec6c978c594fff670e40c0718e9190eaeeb76aae7d8?s=96&d=mm&r=g\",\"caption\":\"wpAdminCofbOrg\"},\"sameAs\":[\"http:\/\/192.168.64.122\/wordpress\"],\"url\":\"https:\/\/www.cofb.org\/ca\/author\/wpadmincofborg\/\"}]}<\/script>\n<!-- \/ Yoast SEO plugin. -->","yoast_head_json":{"title":"Juny: campanya contra el c\u00e0ncer de pell, farm\u00e0cia assistencial i la seu de l'EMA, temes m\u00e9s destacats","description":"Juny: campanya contra el c\u00e0ncer de pell, farm\u00e0cia assistencial i la seu de l'EMA, temes m\u00e9s destacats","robots":{"index":"index","follow":"follow","max-snippet":"max-snippet:-1","max-image-preview":"max-image-preview:large","max-video-preview":"max-video-preview:-1"},"canonical":"https:\/\/novaorg.cofb.net\/2017\/07\/26\/juny-campanya-contra-el-cancer-de-pell-el-rol-assistencial-de-les-farmacies-la-candidatura-de-bcn-com-seu-de-lema-els-temes-mes-destacats\/","og_locale":"ca_ES","og_type":"article","og_title":"Juny: campanya contra el c\u00e0ncer de pell, farm\u00e0cia assistencial i la seu de l'EMA, temes m\u00e9s destacats","og_description":"Juny: campanya contra el c\u00e0ncer de pell, farm\u00e0cia assistencial i la seu de l'EMA, temes m\u00e9s destacats","og_url":"https:\/\/novaorg.cofb.net\/2017\/07\/26\/juny-campanya-contra-el-cancer-de-pell-el-rol-assistencial-de-les-farmacies-la-candidatura-de-bcn-com-seu-de-lema-els-temes-mes-destacats\/","og_site_name":"Col\u00b7legi de Farmac\u00e8utics de Barcelona","article_publisher":"https:\/\/www.facebook.com\/farmaceuticsbcn\/","article_published_time":"2017-07-26T06:53:30+00:00","author":"wpAdminCofbOrg","twitter_card":"summary_large_image","twitter_creator":"@farmaceuticsbcn","twitter_site":"@farmaceuticsbcn","twitter_misc":{"Escrit per":"wpAdminCofbOrg","Temps estimat de lectura":"10 minuts"},"schema":{"@context":"https:\/\/schema.org","@graph":[{"@type":"Article","@id":"https:\/\/novaorg.cofb.net\/2017\/07\/26\/juny-campanya-contra-el-cancer-de-pell-el-rol-assistencial-de-les-farmacies-la-candidatura-de-bcn-com-seu-de-lema-els-temes-mes-destacats\/#article","isPartOf":{"@id":"https:\/\/novaorg.cofb.net\/2017\/07\/26\/juny-campanya-contra-el-cancer-de-pell-el-rol-assistencial-de-les-farmacies-la-candidatura-de-bcn-com-seu-de-lema-els-temes-mes-destacats\/"},"author":{"name":"wpAdminCofbOrg","@id":"https:\/\/www.cofb.org\/#\/schema\/person\/22ed7eea88da74b0fa4d3154ad87ffcb"},"headline":"Juny: Campanya contra el c\u00e0ncer de pell, el rol assistencial de les farm\u00e0cies i la candidatura de BCN com a seu de l&#8217;EMA, els temes m\u00e9s destacats","datePublished":"2017-07-26T06:53:30+00:00","dateModified":"2017-07-26T06:53:30+00:00","mainEntityOfPage":{"@id":"https:\/\/novaorg.cofb.net\/2017\/07\/26\/juny-campanya-contra-el-cancer-de-pell-el-rol-assistencial-de-les-farmacies-la-candidatura-de-bcn-com-seu-de-lema-els-temes-mes-destacats\/"},"wordCount":1961,"commentCount":0,"publisher":{"@id":"https:\/\/www.cofb.org\/#organization"},"image":{"@id":"https:\/\/novaorg.cofb.net\/2017\/07\/26\/juny-campanya-contra-el-cancer-de-pell-el-rol-assistencial-de-les-farmacies-la-candidatura-de-bcn-com-seu-de-lema-els-temes-mes-destacats\/#primaryimage"},"thumbnailUrl":"","keywords":["Abans de deixar-t'hi la pell","Acci\u00f3 Psoriasi","\u00c1gora Sanitaria","bon \u00fas medicaments","cancer pell","farm\u00e0cia assistencial","farm\u00e0cies sentinelles","Formaci\u00f3","Homeopatia","M\u00e0ster en Gesti\u00f3 de l'Oficina de Farm\u00e0cia","MGOF","Mitjans","mosquit tigre","onicomicosi","Operacio biquini","opioides","repel\u00b7lents insectes","salut viatger","seu ema","tabaquisme","vacuna meningitis","XVI Jornada Aniversari Correo Farmaceutico"],"articleSection":["Destacats","Not\u00edcies farm\u00e0cia"],"inLanguage":"ca","potentialAction":[{"@type":"CommentAction","name":"Comment","target":["https:\/\/novaorg.cofb.net\/2017\/07\/26\/juny-campanya-contra-el-cancer-de-pell-el-rol-assistencial-de-les-farmacies-la-candidatura-de-bcn-com-seu-de-lema-els-temes-mes-destacats\/#respond"]}]},{"@type":"WebPage","@id":"https:\/\/novaorg.cofb.net\/2017\/07\/26\/juny-campanya-contra-el-cancer-de-pell-el-rol-assistencial-de-les-farmacies-la-candidatura-de-bcn-com-seu-de-lema-els-temes-mes-destacats\/","url":"https:\/\/novaorg.cofb.net\/2017\/07\/26\/juny-campanya-contra-el-cancer-de-pell-el-rol-assistencial-de-les-farmacies-la-candidatura-de-bcn-com-seu-de-lema-els-temes-mes-destacats\/","name":"Juny: campanya contra el c\u00e0ncer de pell, farm\u00e0cia assistencial i la seu de l'EMA, temes m\u00e9s destacats","isPartOf":{"@id":"https:\/\/www.cofb.org\/#website"},"primaryImageOfPage":{"@id":"https:\/\/novaorg.cofb.net\/2017\/07\/26\/juny-campanya-contra-el-cancer-de-pell-el-rol-assistencial-de-les-farmacies-la-candidatura-de-bcn-com-seu-de-lema-els-temes-mes-destacats\/#primaryimage"},"image":{"@id":"https:\/\/novaorg.cofb.net\/2017\/07\/26\/juny-campanya-contra-el-cancer-de-pell-el-rol-assistencial-de-les-farmacies-la-candidatura-de-bcn-com-seu-de-lema-els-temes-mes-destacats\/#primaryimage"},"thumbnailUrl":"","datePublished":"2017-07-26T06:53:30+00:00","dateModified":"2017-07-26T06:53:30+00:00","description":"Juny: campanya contra el c\u00e0ncer de pell, farm\u00e0cia assistencial i la seu de l'EMA, temes m\u00e9s destacats","breadcrumb":{"@id":"https:\/\/novaorg.cofb.net\/2017\/07\/26\/juny-campanya-contra-el-cancer-de-pell-el-rol-assistencial-de-les-farmacies-la-candidatura-de-bcn-com-seu-de-lema-els-temes-mes-destacats\/#breadcrumb"},"inLanguage":"ca","potentialAction":[{"@type":"ReadAction","target":["https:\/\/novaorg.cofb.net\/2017\/07\/26\/juny-campanya-contra-el-cancer-de-pell-el-rol-assistencial-de-les-farmacies-la-candidatura-de-bcn-com-seu-de-lema-els-temes-mes-destacats\/"]}]},{"@type":"ImageObject","inLanguage":"ca","@id":"https:\/\/novaorg.cofb.net\/2017\/07\/26\/juny-campanya-contra-el-cancer-de-pell-el-rol-assistencial-de-les-farmacies-la-candidatura-de-bcn-com-seu-de-lema-els-temes-mes-destacats\/#primaryimage","url":"","contentUrl":""},{"@type":"BreadcrumbList","@id":"https:\/\/novaorg.cofb.net\/2017\/07\/26\/juny-campanya-contra-el-cancer-de-pell-el-rol-assistencial-de-les-farmacies-la-candidatura-de-bcn-com-seu-de-lema-els-temes-mes-destacats\/#breadcrumb","itemListElement":[{"@type":"ListItem","position":1,"name":"Inici","item":"https:\/\/novaorg.cofb.net\/"},{"@type":"ListItem","position":2,"name":"Juny: Campanya contra el c\u00e0ncer de pell, el rol assistencial de les farm\u00e0cies i la candidatura de BCN com a seu de l&#8217;EMA, els temes m\u00e9s destacats"}]},{"@type":"WebSite","@id":"https:\/\/www.cofb.org\/#website","url":"https:\/\/www.cofb.org\/","name":"Col\u00b7legi de Farmac\u00e8utics de Barcelona","description":"","publisher":{"@id":"https:\/\/www.cofb.org\/#organization"},"potentialAction":[{"@type":"SearchAction","target":{"@type":"EntryPoint","urlTemplate":"https:\/\/www.cofb.org\/?s={search_term_string}"},"query-input":"required name=search_term_string"}],"inLanguage":"ca"},{"@type":"Organization","@id":"https:\/\/www.cofb.org\/#organization","name":"Col\u00b7legi de Farmac\u00e8utics de Barcelona","url":"https:\/\/www.cofb.org\/","logo":{"@type":"ImageObject","inLanguage":"ca","@id":"https:\/\/www.cofb.org\/#\/schema\/logo\/image\/","url":"https:\/\/www.cofb.org\/wp-content\/uploads\/2023\/11\/cropped-Logotip-COFB.png","contentUrl":"https:\/\/www.cofb.org\/wp-content\/uploads\/2023\/11\/cropped-Logotip-COFB.png","width":500,"height":105,"caption":"Col\u00b7legi de Farmac\u00e8utics de Barcelona"},"image":{"@id":"https:\/\/www.cofb.org\/#\/schema\/logo\/image\/"},"sameAs":["https:\/\/www.facebook.com\/farmaceuticsbcn\/","https:\/\/twitter.com\/farmaceuticsbcn","https:\/\/www.instagram.com\/farmaceuticsbcn\/","https:\/\/www.linkedin.com\/company\/farmaceuticsbcn\/"]},{"@type":"Person","@id":"https:\/\/www.cofb.org\/#\/schema\/person\/22ed7eea88da74b0fa4d3154ad87ffcb","name":"wpAdminCofbOrg","image":{"@type":"ImageObject","inLanguage":"ca","@id":"https:\/\/www.cofb.org\/#\/schema\/person\/image\/","url":"https:\/\/secure.gravatar.com\/avatar\/1721b20b3b8ca882c3b56ec6c978c594fff670e40c0718e9190eaeeb76aae7d8?s=96&d=mm&r=g","contentUrl":"https:\/\/secure.gravatar.com\/avatar\/1721b20b3b8ca882c3b56ec6c978c594fff670e40c0718e9190eaeeb76aae7d8?s=96&d=mm&r=g","caption":"wpAdminCofbOrg"},"sameAs":["http:\/\/192.168.64.122\/wordpress"],"url":"https:\/\/www.cofb.org\/ca\/author\/wpadmincofborg\/"}]}},"uagb_featured_image_src":{"full":false,"thumbnail":false,"medium":false,"medium_large":false,"large":false,"1536x1536":false,"2048x2048":false,"trp-custom-language-flag":false},"uagb_author_info":{"display_name":"wpAdminCofbOrg","author_link":"https:\/\/www.cofb.org\/ca\/author\/wpadmincofborg\/"},"uagb_comment_info":0,"uagb_excerpt":null,"_links":{"self":[{"href":"https:\/\/www.cofb.org\/ca\/wp-json\/wp\/v2\/posts\/31469","targetHints":{"allow":["GET"]}}],"collection":[{"href":"https:\/\/www.cofb.org\/ca\/wp-json\/wp\/v2\/posts"}],"about":[{"href":"https:\/\/www.cofb.org\/ca\/wp-json\/wp\/v2\/types\/post"}],"author":[{"embeddable":true,"href":"https:\/\/www.cofb.org\/ca\/wp-json\/wp\/v2\/users\/1"}],"replies":[{"embeddable":true,"href":"https:\/\/www.cofb.org\/ca\/wp-json\/wp\/v2\/comments?post=31469"}],"version-history":[{"count":0,"href":"https:\/\/www.cofb.org\/ca\/wp-json\/wp\/v2\/posts\/31469\/revisions"}],"wp:featuredmedia":[{"embeddable":true,"href":"https:\/\/www.cofb.org\/ca\/wp-json\/"}],"wp:attachment":[{"href":"https:\/\/www.cofb.org\/ca\/wp-json\/wp\/v2\/media?parent=31469"}],"wp:term":[{"taxonomy":"category","embeddable":true,"href":"https:\/\/www.cofb.org\/ca\/wp-json\/wp\/v2\/categories?post=31469"},{"taxonomy":"post_tag","embeddable":true,"href":"https:\/\/www.cofb.org\/ca\/wp-json\/wp\/v2\/tags?post=31469"}],"curies":[{"name":"wp","href":"https:\/\/api.w.org\/{rel}","templated":true}]}}