{"id":31052,"date":"2017-06-23T12:06:40","date_gmt":"2017-06-23T10:06:40","guid":{"rendered":"http:\/\/blog.cofb.cat\/?p=31052"},"modified":"2017-06-23T12:06:40","modified_gmt":"2017-06-23T10:06:40","slug":"campanya-de-prevencio-del-cancer-pell-infarma-solidari-plenufar-6-temes-mes-destacats-al-maig","status":"publish","type":"post","link":"https:\/\/www.cofb.org\/ca\/2017\/06\/23\/campanya-de-prevencio-del-cancer-pell-infarma-solidari-plenufar-6-temes-mes-destacats-al-maig\/","title":{"rendered":"Campanya de prevenci\u00f3 del c\u00e0ncer pell, Infarma Solidari i Plenufar 6, temes m\u00e9s destacats al maig"},"content":{"rendered":"<p><b><div class=\"box shadow\"><a href=\"http:\/\/blog.cofb.cat\/mes-de-2-000-persones-ja-han-anat-les-farmacies-per-prevenir-detectar-els-riscos-de-patir-un-cancer-de-pell\/\" target=\"_blank\" rel=\"noopener\">Segona edici\u00f3 de la campanya \u201cAbans de deixar-t\u2019hi la pell, consulta\u201d <\/a><\/b><\/p>\n[caption id=\"attachment_31062\" align=\"alignright\" width=\"240\"]<a href=\"http:\/\/www.elglobal.net\/farmacia\/farmaceuticos-de-barcelona-se-forman-para-detectar-riesgos-de-cancer-de-piel-YG888089\" target=\"_blank\" rel=\"noopener\"><img decoding=\"async\" class=\" wp-image-31062   \" title=\"Campanya de prevenci\u00f3 del c\u00e0ncer pell, Infarma Solidari i Plenufar6, temes m\u00e9s destacats al maig\" alt=\"El Global i la formaci\u00f3 per poder dur a terme la campanya\" src=\"http:\/\/blog.cofb.cat\/wp-content\/uploads\/2017\/06\/1EG-300x226.jpg\" width=\"240\" height=\"181\" \/><\/a> El Global i la formaci\u00f3 per poder dur a terme la campanya[\/caption]\n<p>Durant tot el mes de maig, tant mitjans generalistes com especialitzats van fer ress\u00f2 de la campanya <b>\u201cAbans de deixar-t\u2019hi la pell, consulta\u201d<\/b> que, enguany, celebrava la segona edici\u00f3. <a href=\"http:\/\/blog.cofb.cat\/mes-de-600-farmaceutics-de-barcelona-es-formen-sobre-com-detectar-els-riscos-de-la-poblacio-de-patir-un-cancer-de-pell\/\" target=\"_blank\" rel=\"noopener\"><b>M\u00e9s de 600 farmac\u00e8utics de Barcelona es van formar per tal de poder-hi participar<\/b><\/a>. <b>Superar aquesta avaluaci\u00f3 dels coneixements pr\u00e0ctics adquirits suposava una condici\u00f3 imprescindible per poder-s&#8217;hi adherir.<\/b><\/p>\n<p>El 23 de maig, tot coincidint amb el Dia Mundial del Melanoma, es va engegar la campanya. Aquesta edici\u00f3 presentava diferents novetats, <b>com la pres\u00e8ncia d\u2019una carpa itinerant que es va instal\u00b7lar a 11 ciutats de la prov\u00edncia de Barcelona per refor\u00e7ar la difusi\u00f3 entre la poblaci\u00f3<\/b>. Justament aquest espai, que s\u2019establia cada dia en un indret diferent, es va fer servir d\u2019escenari per dur a terme la roda de premsa, realitzada a Barcelona, primer municipi on es va instal\u00b7lar.<\/p>\n[caption id=\"attachment_31063\" align=\"alignleft\" width=\"300\"]<a href=\"http:\/\/www.ccma.cat\/tv3\/alacarta\/els-matins\/augmenta-el-cancer-de-pell-com-prevenir-lo\/video\/5669162\/\" target=\"_blank\" rel=\"noopener\"><img fetchpriority=\"high\" decoding=\"async\" class=\"size-medium wp-image-31063  \" title=\"Campanya de prevenci\u00f3 del c\u00e0ncer pell, Infarma Solidari i Plenufar6, temes m\u00e9s destacats al maig\" alt=\"N\u00faria Bosch a Els Matins de TV3\" src=\"http:\/\/blog.cofb.cat\/wp-content\/uploads\/2017\/06\/1TV3-300x204.jpg\" width=\"300\" height=\"204\" \/><\/a> N\u00faria Bosch a Els Matins de TV3[\/caption]\n<p>Els mitjans que van fer difusi\u00f3 de tot plegat van ser <a href=\"http:\/\/www.ccma.cat\/tv3\/alacarta\/els-matins\/augmenta-el-cancer-de-pell-com-prevenir-lo\/video\/5669162\/\" target=\"_blank\" rel=\"noopener\"><i>Els Matins <\/i><\/a>de TV3, on es va fer una tert\u00falia amb la vicepresidenta del Col\u00b7legi, N\u00faria Bosch, i el coordinador del Grup Melanoma de l\u2019Hospital Cl\u00ednic, Josep Malveh\u00ed. Per la seva banda, en r\u00e0dio, va ser not\u00edcia a l\u2019<a href=\"http:\/\/www.cope.es\/audios\/mati-cope-catalunya-andorra\/herrera-cope-catalunya-andorra_384498\" target=\"_blank\" rel=\"noopener\"><i>Herrera en Cope Catalunya i Andorra<\/i><\/a> de Cope Barcelona, on es va entrevistar tamb\u00e9 a Bosch, el <a href=\"http:\/\/www.rac1.cat\/a-la-carta\/14-15\" target=\"_blank\" rel=\"noopener\"><i>14\/15<\/i><\/a> de RAC1 (del minut 10\u201949\u2019\u2019 al 12\u201909\u2019\u2019), a l\u2019<a href=\"http:\/\/www.cope.es\/audios\/barcelona\/informatiu-migdia_384515\" target=\"_blank\" rel=\"noopener\"><i>Informatiu migdia<\/i><\/a> de Cope Barcelona i al <a href=\"http:\/\/play.cadenaser.com\/audio\/ser_barcelona_hoyporhoycatalunya_20170524_072000_073000\" target=\"_blank\" rel=\"noopener\"><i>Hoy por hoy <\/i><\/a>de Cadena Ser (tall de les 7:20, del minut 8 al 8\u2019 45\u2019\u2019). En premsa general, van recollir-ho La Vanguardia (<a href=\"http:\/\/www.lavanguardia.com\/vida\/20170523\/422829852908\/la-incidencia-del-cancer-de-piel-se-triplica-en-los-ultimos-diez-anos.html\" target=\"_blank\" rel=\"noopener\">1<\/a> i <a href=\"http:\/\/www.lavanguardia.com\/vida\/20170523\/422831209545\/alertan-de-que-los-casos-de-melanoma-se-han-triplicado-en-10-anos.html\" target=\"_blank\" rel=\"noopener\">2<\/a>), <a href=\"http:\/\/www.elperiodico.com\/es\/noticias\/sociedad\/incidencia-del-cancer-piel-triplica-los-ultimos-diez-anos-6055842\" target=\"_blank\" rel=\"noopener\">El Peri\u00f3dico<\/a>, <a href=\"http:\/\/www.ara.cat\/societat\/Mes-80-casos-melanoma-prevenir-lexposicio-excessiva-sol_0_1801020019.html\" target=\"_blank\" rel=\"noopener\">Ara<\/a>, <a href=\"http:\/\/www.europapress.es\/catalunya\/noticia-alertan-casos-melanoma-triplicado-10-anos-20170523122758.html\" target=\"_blank\" rel=\"noopener\">Europa Press<\/a>, 3\/24 (<a href=\"http:\/\/www.ccma.cat\/324\/alerten-de-les-xifres-alarmants-de-casos-de-cancer-de-pell-i-que-els-melanomes-es-tripliquen-cada-10-anys\/noticia\/2790323\/\" target=\"_blank\" rel=\"noopener\">1<\/a> i <a href=\"http:\/\/www.ccma.cat\/324\/melanoma-el-perill-danar-acumulant-moltes-hores-de-sol\/noticia\/2790375\/\" target=\"_blank\" rel=\"noopener\">2<\/a>) i <a href=\"http:\/\/www.rac1.cat\/programes\/el-mon\/20170523\/422823673035\/els-metges-avisen-que-el-80-dels-cancers-de-pell-es-podrien-evitar.html\" target=\"_blank\" rel=\"noopener\">RAC1<\/a> en les respectives p\u00e0gines web, <a href=\"http:\/\/ecodiario.eleconomista.es\/espana\/noticias\/8377676\/05\/17\/Alertan-de-que-los-casos-de-melanoma-se-han-triplicado-en-10-anos.html\" target=\"_blank\" rel=\"noopener\">El Economista<\/a>, <a href=\"http:\/\/www.vilaweb.cat\/noticies\/alerten-que-els-casos-de-melanoma-shan-triplicat-en-10-anys\/\" target=\"_blank\" rel=\"noopener\">Vilaweb<\/a>, <a href=\"http:\/\/www.directe.cat\/acn\/753910\/alerten-de-les-xifres-alarmants-de-casos-de-cancer-de-pell-i-que-els-melanomes-es-tripliqu\" target=\"_blank\" rel=\"noopener\">Directe<\/a> i <a href=\"http:\/\/www.aldia.cat\/gent\/noticia-alerten-els-casos-melanoma-shan-triplicat-10-anys-20170523123634.html\" target=\"_blank\" rel=\"noopener\">Al Dia<\/a> i, a l\u2019especialitzada, <a href=\"http:\/\/www.correofarmaceutico.com\/2017\/05\/23\/al-dia\/entorno\/las-farmacias-de-barcelona-contra-el-cancer-de-piel\" target=\"_blank\" rel=\"noopener\">Correo Farmac\u00e9utico<\/a>, <a href=\"https:\/\/www.diariofarma.com\/2017\/05\/24\/farmacias-barcelona-haran-vigilantes-cancer-piel\" target=\"_blank\" rel=\"noopener\">Diariofarma<\/a>, <a href=\"https:\/\/www.redaccionmedica.com\/secciones\/farmacia\/el-colegio-de-farmaceuticos-de-barcelona-lucha-contra-el-cancer-de-piel-8030\" target=\"_blank\" rel=\"noopener\">Redacci\u00f3n M\u00e9dica<\/a>, <a href=\"http:\/\/www.farmaventas.es\/noticias-del-sector\/6080-nueva-edicion-de-la-campana-de-deteccion-precoz-del-cancer-de-piel.html\" target=\"_blank\" rel=\"noopener\">Farmaventas<\/a>, <a href=\"http:\/\/revistafarmanatur.com\/home-izq\/el-cofb-presenta-campan%CC%83a-deteccion-precoz-del-cancer-piel\/\" target=\"_blank\" rel=\"noopener\">Farmanatur<\/a>, <a href=\"http:\/\/www.gacetamedica.com\/cat\/deteccio-precoc-del-cancer-de-pell-amb-la-implicacio-de-les-farmacies-BL915650\" target=\"_blank\" rel=\"noopener\">Gaceta M\u00e9dica,\u00a0<\/a> El Farmac\u00e9utico (<a href=\"http:\/\/www.elfarmaceutico.es\/index.php\/noticias-actualidad-farmaceutica\/item\/8040-mas-de-600-farmaceuticos-de-barcelona-se-forman-sobre-como-detectar-los-riesgos-de-la-poblacion-de-padecer-un-cancer-de-piel#.WRQSdFXyipo\" target=\"_blank\" rel=\"noopener\">1<\/a> i <a href=\"http:\/\/www.elfarmaceutico.es\/index.php\/noticias-actualidad-farmaceutica\/item\/8040-mas-de-600-farmaceuticos-de-barcelona-se-forman-sobre-como-detectar-los-riesgos-de-la-poblacion-de-padecer-un-cancer-de-piel#.WRQSdFXyipo\" target=\"_blank\" rel=\"noopener\">2<\/a>)\u00a0i IMFarmacias (<a href=\"http:\/\/www.imfarmacias.es\/noticia\/12588\/300-farmacias-de-barcelona-evaluaran-los-factores-de-riesgo-de-sufrir\" target=\"_blank\" rel=\"noopener\">1<\/a> i <a href=\"http:\/\/www.imfarmacias.es\/noticia\/12457\/los-farmaceuticos-de-barcelona-se-actualizan-para-detectar-los-riesgo\" target=\"_blank\" rel=\"noopener\">2<\/a>) i Sanifax. Aquests tres \u00faltims, juntament amb\u00a0<a href=\"http:\/\/www.elglobal.net\/farmacia\/farmaceuticos-de-barcelona-se-forman-para-detectar-riesgos-de-cancer-de-piel-YG888089\" target=\"_blank\" rel=\"noopener\">El Global<\/a>, tamb\u00e9 van fer ress\u00f2 de la formaci\u00f3 pr\u00e8via.<\/p>\n[caption id=\"attachment_31071\" align=\"alignright\" width=\"300\"]<a href=\"http:\/\/www.farmaceuticonline.com\/ca\/component\/content\/article\/20-varios\/726-campana-para-la-prevencion-y-la-deteccion-precoz-de-los-riesgos-de-padecer-un-cancer-de-piel\" target=\"_blank\" rel=\"noopener\"><img decoding=\"async\" class=\"size-medium wp-image-31071  \" title=\"Campanya de prevenci\u00f3 del c\u00e0ncer pell, Infarma Solidari i Plenufar6, temes m\u00e9s destacats al maig\" alt=\"L'article publicat als tres diaris\" src=\"http:\/\/blog.cofb.cat\/wp-content\/uploads\/2017\/06\/1publi-300x224.jpg\" width=\"300\" height=\"224\" \/><\/a> L&#8217;article publicat als tres diaris[\/caption]\n<p>Per fer-ne encara m\u00e9s difusi\u00f3, es van publicar durant el transcurs de la campanya, tres articles als principals diaris de la premsa catalana: La Vanguardia, El Peri\u00f3dico i l\u2019Ara. Els especials, que sortien els dissabtes, van servir per informar <b>sobre alguns dels factors de risc que pot tenir una mala exposici\u00f3 al sol<\/b>. L\u2019article que va sortir al maig va centrar-se <b>en la <a href=\"http:\/\/www.farmaceuticonline.com\/ca\/component\/content\/article\/20-varios\/726-campana-para-la-prevencion-y-la-deteccion-precoz-de-los-riesgos-de-padecer-un-cancer-de-piel \" target=\"_blank\" rel=\"noopener\">protecci\u00f3 solar en els primers anys de vida<\/a><\/b><a href=\"http:\/\/www.farmaceuticonline.com\/ca\/component\/content\/article\/20-varios\/726-campana-para-la-prevencion-y-la-deteccion-precoz-de-los-riesgos-de-padecer-un-cancer-de-piel \" target=\"_blank\" rel=\"noopener\">.<\/a><\/p>\n<p>Al disposar d\u2019una carpa itinerant que s\u2019anava depla\u00e7ant a diferents ciutats, es va generar, tamb\u00e9, un impacte als mitjans locals d\u2019aquestes localitats. En van parlar al programa <a href=\"http:\/\/votv.xiptv.cat\/infovalles\/modetv\" target=\"_blank\" rel=\"noopener\"><i>Infovall\u00e8s<\/i><\/a>, de Votv (entradeta del segon 25\u2019\u2019 al 44\u2019\u2019 i not\u00edcia del minut 6\u201954\u2019\u2019 al 8\u201933\u2019\u2019, 24\/05), <a href=\"http:\/\/www.radiorubi.fm\/portada2\/item\/17660-3-farmacies-rubinenques-participen-al-programa-de-prevencio-de-cancer-de-pell\" target=\"_blank\" rel=\"noopener\">R\u00e0dio Rub\u00ed<\/a>, <a href=\"https:\/\/www.santfeliu.cat\/go.faces?xmid=1467&amp;newid=25772&amp;widget=carrousel\" target=\"_blank\" rel=\"noopener\">Ajuntament de Sant Feliu de Llobregat<\/a>, el <a href=\"http:\/\/alacarta.radiosantfeliu.cat\/#\/programs\/noticies\/radiosantfeliu_podcast_2965\" target=\"_blank\" rel=\"noopener\"><i>Not\u00edcies Migdia<\/i><\/a> de R\u00e0dio Sant Feliu, amb declaracions de Mireia Garrido, delegada de Sant Feliu de Llobregat, i Joan F. Mir, del Departament de Formaci\u00f3 del COFB (del minut 02\u201946\u2019\u2019 al 06\u201946\u2019\u2019, 25\/05), <a href=\"http:\/\/www.radioona.com\/radio-a-la-carta\/\" target=\"_blank\" rel=\"noopener\"><i>R\u00e0dio Ona Not\u00edcies<\/i><\/a> de R\u00e0dio Ona (entradeta del minut 3\u201917\u2019\u2019 al 3\u201934\u2019\u2019 i not\u00edcia del 7\u201905\u2019\u2019 al 9\u201915\u2019\u2019, 25\/05. Not\u00edcia tamb\u00e9 publicada al <a href=\"http:\/\/www.radioona.com\/noticies\/14840\/0\/torell%C3%B3-dins-la-campanya-per-prevenir-el-c%C3%A0ncer-de-pell-en-les-farm%C3%A0cies\/\" target=\"_blank\" rel=\"noopener\">web<\/a> del mitj\u00e0), <a href=\"http:\/\/www.radiocalella.cat\/les-farmacies-fan-campanya-per-evitar-cancers-de-pell\/\" target=\"_blank\" rel=\"noopener\">R\u00e0dio Calella<\/a>, amb declaracions de Marta Alcalde, vocal de Dermofarm\u00e0cia i Productes Sanitaris del COFB, (29\/05), <a href=\"http:\/\/www.radioarenys.cat\/carta\" target=\"_blank\" rel=\"noopener\"><i>Tot a l\u2019hora <\/i><\/a>de R\u00e0dio Arenys (del 40\u201942\u2019\u2019 al 1h00\u201911\u2019\u2019), amb declaracions d\u2019Alcalde, i <a href=\"http:\/\/lhdigital.cat\/web\/digital-h\/televisio\/veure-video\/-\/journal_content\/56_INSTANCE_ZrP3\/11023\/11619385\" target=\"_blank\" rel=\"noopener\"><i>L\u2019informatiu <\/i><\/a>de TV L\u2019Hospitalet.<b><\/div><\/b><\/p>\n<p><b><div class=\"box shadow\"><a href=\"http:\/\/blog.cofb.cat\/infarma-solidari-recapta-mes-de-15-400e-per-impulsar-quatre-projectes-benefics-relacionats-amb-la-farmacia\/\" target=\"_blank\" rel=\"noopener\">Resultats Infarma Solidari<\/a><\/b><\/p>\n[caption id=\"attachment_31064\" align=\"alignleft\" width=\"300\"]<a href=\"http:\/\/www.lavanguardia.com\/vida\/20170508\/422394593887\/infarma-solidario-recauda-15400-euros-para-fines-beneficos-farmaceuticos.html\" target=\"_blank\" rel=\"noopener\"><img loading=\"lazy\" decoding=\"async\" class=\"size-medium wp-image-31064  \" title=\"Campanya de prevenci\u00f3 del c\u00e0ncer pell, Infarma Solidari i Plenufar6, temes m\u00e9s destacats al maig\" alt=\"La Vanguardia informant sobre els resultats d'Infarma Solidari\" src=\"http:\/\/blog.cofb.cat\/wp-content\/uploads\/2017\/06\/2LV-300x123.jpg\" width=\"300\" height=\"123\" \/><\/a> La Vanguardia informant sobre els resultats d&#8217;Infarma Solidari[\/caption]\n<p>La iniciativa Infarma Solidari va recaptar m\u00e9s de 15.400\u20ac per impulsar quatre projectes ben\u00e8fics: <b>finan\u00e7ar el Fons Social de Medicaments, la millora en l\u2019acc\u00e9s d\u2019aigua potable a Equador, l\u2019ajuda en la recerca en medicaments orfes i malalties rares i l\u2019impuls d\u2019una farm\u00e0cia comunit\u00e0ria a un hospital pedi\u00e0tric d\u2019Hait\u00ed<\/b>. Es va enviar una nota de premsa que van recollir <a href=\"http:\/\/www.lavanguardia.com\/vida\/20170508\/422394593887\/infarma-solidario-recauda-15400-euros-para-fines-beneficos-farmaceuticos.html\" target=\"_blank\" rel=\"noopener\">La Vanguardia<\/a>, <a href=\"http:\/\/www.europapress.es\/catalunya\/firadebarcelona-00630\/noticia-infarma-barcelona-recauda-mas-15400-euros-cuatro-proyectos-solidarios-salud-20170508143814.html\" target=\"_blank\" rel=\"noopener\">Europa Press<\/a>, <a href=\"http:\/\/www.aldia.cat\/gent\/noticia-infarma-barcelona-recapta-mes-15400-euros-per-quatre-projectes-solidaris-salut-20170508144058.html\" target=\"_blank\" rel=\"noopener\">Al Dia<\/a>, <a href=\"http:\/\/www.elglobal.net\/farmacia\/infarma-solidario-impulsa-4-proyectos-tras-recaudar-mas-de-15-400-euros-CB883523\" target=\"_blank\" rel=\"noopener\">El Global<\/a>, <a href=\"https:\/\/www.diariofarma.com\/2017\/05\/09\/infarma-solidario-recaudo-15-400-euros-cuatro-proyectos-beneficos?&amp;utm_source=nwlt&amp;utm_medium=regular&amp;utm_campaign=10\/05\/17\" target=\"_blank\" rel=\"noopener\">Diariofarma<\/a>, <a href=\"http:\/\/www.imfarmacias.es\/noticia\/12443\/infarma-solidario-impulsara-cuatro-proyectos-beneficos-relacionados\" target=\"_blank\" rel=\"noopener\">IMFarmacias<\/a>, <a href=\"http:\/\/elfarmaceutico.es\/index.php\/noticias-actualidad-farmaceutica\/item\/8034-infarma-solidario-recauda-mas-de-15-400-para-impulsar-cuatro-proyectos-beneficos-relacionados-con-la-farmacia#.WRFu9VWLSpo\" target=\"_blank\" rel=\"noopener\">El Farmac\u00e9utico<\/a>, <a href=\"http:\/\/www.actasanitaria.com\/infarma-solidario-recauda-15-400-euros-proyectos-beneficos-relacionados-la-farmacia\/\" target=\"_blank\" rel=\"noopener\">Acta Sanitaria<\/a>, <a href=\"http:\/\/www.farmaventas.es\/ultimos-lanzamientos\/5992-infarma-solidario-recauda-mas-de-15-400-para-impulsar-cuatro-proyectos-beneficos.html\" target=\"_blank\" rel=\"noopener\">Farmaventas<\/a> i Sanifax. Els mitjans van concretar que es tracta d\u2019una recaptaci\u00f3 de fons que es va fer sota el marc d<b>\u2019Infarma Barcelona 2017 com a projecte de Resposabilitat Social Corporativa RSC<\/b>, i, alhora, ressaltaven altres accions que s\u2019han dut a terme, com <b>una zona dedicada a p\u00f2sters d\u2019RSC<\/b> o <b>un punt de venda de polseres Candela<\/b>.<b><b><\/div><\/b><br \/>\n<\/b><\/p>\n<p><b><div class=\"box shadow\"><a href=\"http:\/\/blog.cofb.cat\/mes-de-300-farmacies-de-barcelona-oferiran-educacio-nutricional-en-lactivitat-fisica\/\" target=\"_blank\" rel=\"noopener\">Plenufar 6 <\/a><\/b><\/p>\n[caption id=\"attachment_31065\" align=\"alignright\" width=\"300\"]<a href=\"http:\/\/www.elperiodico.com\/es\/noticias\/sociedad\/mas-500-farmacias-cataluna-daran-educacion-nutricional-actividad-fisica-6013506\" target=\"_blank\" rel=\"noopener\"><img loading=\"lazy\" decoding=\"async\" class=\"size-medium wp-image-31065  \" title=\"Campanya de prevenci\u00f3 del c\u00e0ncer pell, Infarma Solidari i Plenufar6, temes m\u00e9s destacats al maig\" alt=\"Plenufar a El Peri\u00f3dico\" src=\"http:\/\/blog.cofb.cat\/wp-content\/uploads\/2017\/06\/3EP-300x144.jpg\" width=\"300\" height=\"144\" \/><\/a> Plenufar a El Peri\u00f3dico[\/caption]\n<p>A principis de mes, alguns mitjans de la premsa generalista (<a href=\"http:\/\/www.lavanguardia.com\/vida\/20170503\/422254531029\/mas-500-farmacias-de-cataluna-daran-educacion-nutricional-en-actividad-fisica.html\" target=\"_blank\" rel=\"noopener\">La Vanguardia<\/a>, <a href=\"http:\/\/www.elperiodico.com\/es\/noticias\/sociedad\/mas-500-farmacias-cataluna-daran-educacion-nutricional-actividad-fisica-6013506\" target=\"_blank\" rel=\"noopener\">El Peri\u00f3dico<\/a>, <a href=\"http:\/\/agencias.abc.es\/agencias\/noticia.asp?noticia=2489567\" target=\"_blank\" rel=\"noopener\">ABC<\/a>, <a href=\"http:\/\/www.aldia.cat\/gent\/noticia-mes-500-farmacies-oferiran-educacio-nutricional-per-lactivitat-fisica-20170503141544.html\" target=\"_blank\" rel=\"noopener\">Al Dia<\/a> i Diari de Girona) i d\u2019altres de l\u2019especialitzada (<a href=\"http:\/\/elfarmaceutico.es\/index.php\/noticias-actualidad-farmaceutica\/item\/8017-mas-de-300-farmacias-de-barcelona-ofreceran-a-la-poblacion-educacion-nutricional-en-la-actividad-fisica#.WQnUPlXyipo\" target=\"_blank\" rel=\"noopener\">El Farmac\u00e9utico<\/a>, <a href=\"http:\/\/www.imfarmacias.es\/noticia\/12404\/plenufar-y-la-educacion-nutricional-en-la-actividad-fisica-llega-a-m\" target=\"_blank\" rel=\"noopener\">IMFarmacias<\/a>, <a href=\"http:\/\/revistafarmanatur.com\/gestion-farmaceutica\/mas-300-farmacias-barcelona-ofreceran-educacion-nutricional-deporte\/\" target=\"_blank\" rel=\"noopener\">Farmanatur<\/a>, <a href=\"https:\/\/www.miradaprofesional.com\/ampliarpagina.php?npag=3&amp;id=1969\" target=\"_blank\" rel=\"noopener\">Mirada Professional<\/a> i Sanifax) van informar sobre la <a href=\"http:\/\/blog.cofb.cat\/mes-de-300-farmacies-de-barcelona-oferiran-educacio-nutricional-en-lactivitat-fisica\/\" target=\"_blank\" rel=\"noopener\"><b>6a edici\u00f3 del projecte Pla d\u2019Educaci\u00f3 Nutricional pel Farmac\u00e8utic<\/b> <b>(Plenufar)<\/b><\/a>, una iniciativa del Consejo General de Colegios Oficiales de Farmac\u00e9uticos, en col\u00b7laboraci\u00f3 amb la Vocalia d\u2019Alimentaci\u00f3 i Nutrici\u00f3 del Col\u00b7legi. L\u2019objectiu de la campanya va ser <b>donar resposta a esportistes <i>amateurs<\/i> i persones actives que cada dia realitzen algun tipus d\u2019activitat f\u00edsica i necessiten assessorament sobre com dur a terme una bona alimentaci\u00f3 d\u2019acord a les seves necessitats<\/b>.<\/p>\n<p>La iniciativa tamb\u00e9 va ser not\u00edcia a l&#8217;<a href=\"http:\/\/www.cope.es\/audios\/barcelona\/informatiu-migdia-cope04-05-2017_354668\" target=\"_blank\" rel=\"noopener\"><em>Informatiu migdia<\/em><\/a> de Cope Catalunya i a la Cadena Ser, al programa <a href=\"http:\/\/play.cadenaser.com\/audio\/ser_cataluna_hora14capdesetmana_20170507_140000_143000\/\" target=\"_blank\" rel=\"noopener\"><i>Hora 14<\/i><\/a>. La segona repercussi\u00f3 va recollir declaracions de la vocal d\u2019Alimentaci\u00f3 i Nutrici\u00f3 del COFB, Anna Bach, que va explicar el projecte.<b><\/div><\/b><\/p>\n<p><b><div class=\"box shadow\"><a href=\"http:\/\/blog.cofb.cat\/els-col%c2%b7legis-de-metges-farmaceutics-economistes-enginyers-donen-suport-la-candidatura-de-barcelona-com-seu-de-lema\/\" target=\"_blank\" rel=\"noopener\">Seu EMA<\/a><\/b><\/p>\n[caption id=\"attachment_31067\" align=\"alignleft\" width=\"300\"]<a href=\"http:\/\/www.naciodigital.cat\/noticia\/131451\/impacte\/agencia\/europea\/medicament\/36000\/visitants\/anuals\/2400\/llocs\/treball\" target=\"_blank\" rel=\"noopener\"><img loading=\"lazy\" decoding=\"async\" class=\"size-medium wp-image-31067  \" title=\"Campanya de prevenci\u00f3 del c\u00e0ncer pell, Infarma Solidari i Plenufar6, temes m\u00e9s destacats al maig\" alt=\"Naci\u00f3 Digital va explicar la possibilitat que Barcelona fos la nova seu de l'EMA\" src=\"http:\/\/blog.cofb.cat\/wp-content\/uploads\/2017\/06\/4ND-300x115.jpg\" width=\"300\" height=\"115\" \/><\/a> Naci\u00f3 Digital va explicar la possibilitat que Barcelona fos la nova seu de l&#8217;EMA[\/caption]\n<p>Com en <a href=\"http:\/\/blog.cofb.cat\/infarma-barcelona-seu-de-lema-agora-sanitaria-temes-destacats-al-marc\/\" target=\"_blank\" rel=\"noopener\">mesos anteriors<\/a>, la possibilitat que Barcelona sigui la nova seu de l\u2019Ag\u00e8ncia Europea del Medicament (EMA) segueix sent not\u00edcia als mitjans. El passat mes de maig, dues repercussions, a part d\u2019explicar-ho, van fer esment al Col\u00b7legi. <a href=\"http:\/\/www.bolsamania.com\/noticias\/economia\/el-riesgo-independentista-frena-a-barcelona-en-su-ofensiva-por-la-agencia-del-medicamento--2664972.html\" target=\"_blank\" rel=\"noopener\">Bolsamania<\/a> va recollir declaracions de Jordi de Dalmases, president del Col\u00b7legi, on destacava una <b>\u201ctotal coordinaci\u00f3 entre el Ministeri de Sanitat, la Conselleria de Sanitat i l\u2019Ajuntament de Barcelona\u201d<\/b>. <a href=\"http:\/\/www.naciodigital.cat\/noticia\/131451\/impacte\/agencia\/europea\/medicament\/36000\/visitants\/anuals\/2400\/llocs\/treball\" target=\"_blank\" rel=\"noopener\">Naci\u00f3 Digital<\/a>, d&#8217;altra banda, desglossava tot el que \u00e9s aquesta instituci\u00f3 i el que comportaria que s\u2019establ\u00eds a Barcelona. El mitj\u00e0 digital afegia declaracions de diferents institucions, entre elles, el Col\u00b7legi, on s\u2019afirmava que es <b>donava suport al projecte<\/b>. Es puntualitzava diferents elements, com que es creu que \u00e9s <b>\u201cl\u2019empla\u00e7ament idoni\u201d per acollir l\u2019organisme o \u201cla fortalesa de la ind\u00fastria del medicament catal\u00e0\u201d.<b><\/div><\/b><br \/>\n<\/b><\/p>\n<p><b><div class=\"box shadow\">Avaria Telef\u00f2nica<br \/>\n<\/b><\/p>\n[caption id=\"attachment_31068\" align=\"alignright\" width=\"300\"]<a href=\"http:\/\/beteve.cat\/problemes-farmacies-recepta-electronica-avaria\/\" target=\"_blank\" rel=\"noopener\"><img loading=\"lazy\" decoding=\"async\" class=\"size-medium wp-image-31068  \" title=\"Campanya de prevenci\u00f3 del c\u00e0ncer pell, Infarma Solidari i Plenufar6, temes m\u00e9s destacats al maig\" alt=\"5BTV\" src=\"http:\/\/blog.cofb.cat\/wp-content\/uploads\/2017\/06\/5BTV-300x229.jpg\" width=\"300\" height=\"229\" \/><\/a> Jordi de Dalmases, president del COFB, a Betev\u00e9[\/caption]\n<p>Davant de l&#8217;<strong>avaria d&#8217;un Centre de processament de dades de Telef\u00f3nica que va provocar que m\u00e9s de 200 farm\u00e0cies no puguessin dispensar medicaments amb recepta electr\u00f2nica, el Col\u00b7legi va reivindicar als mitjans de comunicaci\u00f3 la necessitat de solucions r\u00e0pides davant de situacions com aquesta<\/strong>. El president, <strong>Jordi de Dalmases<\/strong>, i el secretari del Col\u00b7legi, <strong>Jordi Casas<\/strong>, van excercir de portaveus a Betev\u00e9 en dues ocasions (<a href=\"http:\/\/beteve.cat\/problemes-farmacies-recepta-electronica-avaria\/\" target=\"_blank\" rel=\"noopener\">1<\/a> i <a href=\"http:\/\/beteve.cat\/programa\/la-tarda-de-barcelona\/\" target=\"_blank\" rel=\"noopener\">2<\/a>) per explicar l&#8217;avaria i quines mesures s\u2019havien dut a terme per solucionar-la. Tanmateix, RAC1 tamb\u00e9 va informar-ne per partida doble (<a href=\"http:\/\/www.rac1.cat\/a-la-carta\/el-mon\" target=\"_blank\" rel=\"noopener\">1<\/a> i <a href=\"http:\/\/www.rac1.cat\/a-la-carta\/14-15\" target=\"_blank\" rel=\"noopener\">2<\/a>), per explicar la situaci\u00f3 i concretar que ja s\u2019havia resolt, i en premsa, en van fer difusi\u00f3\u00a0<a href=\"http:\/\/www.lavanguardia.com\/vida\/20170531\/423079665531\/una-avaria-impedeix-a-mes-de-200-farmacies-dispensar-medicaments-a-traves-de-la-recepta-electronica.html\" target=\"_blank\" rel=\"noopener\">La Vanguardia<\/a>, <a href=\"http:\/\/www.ara.cat\/societat\/Farmacies-catalanes-no-poden-dispensar-medicaments-problemes-sistema-recepta-electronica_0_1805819504.html\" target=\"_blank\" rel=\"noopener\">Ara<\/a>,\u00a0<a href=\"http:\/\/www.elpuntavui.cat\/societat\/article\/5-societat\/1156883-mes-de-200-farmacies-catalanes-no-poden-dispensar-medicaments-per-problemes-amb-el-sistema-de-recepta-electronica.html\" target=\"_blank\" rel=\"noopener\">El Punt Avui<\/a>, Naci\u00f3 Digital (<a href=\"http:\/\/www.naciodigital.cat\/noticia\/132160\" target=\"_blank\" rel=\"noopener\">1<\/a> i <a href=\"http:\/\/www.naciodigital.cat\/tarragona\/noticia\/22110\/trentena\/farmacies\/no\/poden\/lliurar\/receptes\/electroniques\/problemes\/tecnics\" target=\"_blank\" rel=\"noopener\">2<\/a>), <a href=\"http:\/\/www.vilaweb.cat\/noticies\/una-avaria-impedeix-a-mes-de-200-farmacies-dispensar-medicaments-a-traves-de-la-recepta-electronica\/\" target=\"_blank\" rel=\"noopener\">Vilaweb<\/a>,\u00a0<a href=\"http:\/\/www.abc.es\/espana\/catalunya\/abci-fallo-informatico-impide-200-farmacias-catalanas-expedir-recetas-electronicas-durante-24-horas-201705311729_noticia.html\" target=\"_blank\" rel=\"noopener\">Abc<\/a> i <a href=\"https:\/\/intereconomia.com\/empresas\/industria\/una-averia-telefonica-deja-sin-servicio-204-farmacias-catalanas-20170531-1413\/\" target=\"_blank\" rel=\"noopener\">Intereconomia<\/a>, especificant en qu\u00e8 consistia el problema i, <a href=\"http:\/\/www.naciodigital.cat\/noticia\/132175\/resolta\/averia\/impedia\/dispensar\/medicaments\/200\/farmacies\" target=\"_blank\" rel=\"noopener\">Naci\u00f3 Digital<\/a> i <a href=\"http:\/\/www.directe.cat\/acn\/754956\/resolta-l-avaria-que-impedia-a-unes-200-farmacies-dispensar-medicaments-a-traves-de-la-rec\" target=\"_blank\" rel=\"noopener\">Directe<\/a> notificant que ja estava solucionat.<b><\/div><\/b><\/p>\n<p><b><div class=\"box shadow\">Entrevista a Rafael Guayta-Escolies a l\u2019especial sobre polimedicaci\u00f3 del diari ARA<\/b><\/p>\n[caption id=\"attachment_31069\" align=\"alignleft\" width=\"216\"]<a href=\"http:\/\/www.ara.cat\/dossier\/Rafel-Guayta-Escolies-paisos-efectes-adversos_0_1795620471.html\" target=\"_blank\" rel=\"noopener\"><img loading=\"lazy\" decoding=\"async\" class=\" wp-image-31069   \" title=\"Campanya de prevenci\u00f3 del c\u00e0ncer pell, Infarma Solidari i Plenufar6, temes m\u00e9s destacats al maig\" alt=\"Entrevista de l'ARA a Rafael Guayta-Escolies\" src=\"http:\/\/blog.cofb.cat\/wp-content\/uploads\/2017\/06\/6ARA-270x300.jpg\" width=\"216\" height=\"240\" \/><\/a> Entrevista de l&#8217;ARA a Rafael Guayta-Escolies, director de Projectes i Recerca del Consell[\/caption]\n<p>El 14 de maig, el diari Ara va dedicar el<a href=\"http:\/\/www.ara.cat\/especials\/portadaaportada\/Empastillats-dossier-lARA-daquest-diumenge_0_1795020773.html\" target=\"_blank\" rel=\"noopener\"> dossier especial<\/a> que publica els diumenges<b> \u201ca analitzar el fenomen de la polimedicaci\u00f3\u201d<\/b>. L\u2019edici\u00f3 va comptar amb l\u2019opini\u00f3 de diferents experts de la tem\u00e0tica, entre ells, el director de Projectes i Recerca del Consell, Rafael Guayta-Escolies. El diari va realitzar-li una <a href=\"http:\/\/www.ara.cat\/dossier\/Rafel-Guayta-Escolies-paisos-efectes-adversos_0_1795620471.html\" target=\"_blank\" rel=\"noopener\">entrevista<\/a> que va formar part de l\u2019especial, on Guayta defensava que &#8220;som dels pa\u00efsos amb menys efectes adversos&#8221; i posava \u00e8mfasi en la capacitat de les farm\u00e0cies per detectar l&#8217;ab\u00fas de medicaci\u00f3.<\/p>\n<p>&nbsp;<\/p>\n<p><b><\/div><\/b><\/p>\n<p>&nbsp;<\/p>\n<p><b><div class=\"box shadow\">Els farmac\u00e8utics: fonts de refer\u00e8ncia <\/b><\/p>\n[caption id=\"attachment_31091\" align=\"alignright\" width=\"300\"]<a href=\"http:\/\/www.correofarmaceutico.com\/2017\/05\/05\/al-dia\/entorno\/farmaceuticos-y-medicos-de-ap-plantean-protocolizar-roles-en-la-dispensacion-y-tratamiento-de-medicamentos-innovadores\" target=\"_blank\" rel=\"noopener\"><img loading=\"lazy\" decoding=\"async\" class=\"size-medium wp-image-31091  \" title=\"Campanya de prevenci\u00f3 del c\u00e0ncer pell, Infarma Solidari i Plenufar6, temes m\u00e9s destacats al maig\" alt=\"La Jornada de Sefac al Correo Farmac\u00e9utico\" src=\"http:\/\/blog.cofb.cat\/wp-content\/uploads\/2017\/06\/7CF-300x81.jpg\" width=\"300\" height=\"81\" \/><\/a> Correo Farmac\u00e9utico informant de la Jornada[\/caption]\n<p><a href=\"http:\/\/www.correofarmaceutico.com\/2017\/05\/05\/al-dia\/entorno\/farmaceuticos-y-medicos-de-ap-plantean-protocolizar-roles-en-la-dispensacion-y-tratamiento-de-medicamentos-innovadores\" target=\"_blank\" rel=\"noopener\">Correo Farmac\u00e9utico<\/a>, <a href=\"https:\/\/www.diariofarma.com\/2017\/05\/05\/sefac-lleva-debate-la-dispensacion-los-dh-cataluna?&amp;utm_source=nwlt&amp;utm_medium=regular&amp;utm_campaign=08\/05\/17\" target=\"_blank\" rel=\"noopener\">Diariofarma<\/a> i <a href=\"http:\/\/www.elfarmaceutico.es\/index.php\/noticias-actualidad-farmaceutica\/item\/8024-la-jornada-de-sefac-en-barcelona-reunio-a-mas-de-250-farmaceuticos#.WRBGwVXyipo\" target=\"_blank\" rel=\"noopener\">El Farmac\u00e9utico<\/a>, van compartir declaracions de Jordi Casas, secretari del COFB a les respectives repercussions, realitzades sobre la jornada cient\u00edfic-professional de la Societat Espanyola de Farm\u00e0cia Familiar i Comunit\u00e0ria (Sefac) sobre el paper de la farm\u00e0cia comunit\u00e0ria en l\u2019organitzaci\u00f3 sanit\u00e0ria.<\/p>\n<p>Per la seva banda, <a href=\"http:\/\/beteve.cat\/pindola-endema-barcelonines-40-per-cent-17-anys-han-pres\/\" target=\"_blank\" rel=\"noopener\">Betev\u00e9<\/a> va emetre una not\u00edcia sobre la p\u00edndola de l\u2019endem\u00e0 amb declaracions del <strong>vicetresorer del COFB, Guillermo Bagaria<\/strong>, on afirmava \u201c<b>que es tracta d\u2019un medicament amb uns requisits especials\u201d<\/b> i concretava que, aix\u00f2, implica que <b>\u201cel farmac\u00e8utic faci especial cura en el seu \u00fas racional\u201d.<\/b><\/p>\n[caption id=\"attachment_31070\" align=\"alignleft\" width=\"270\"]<a href=\"http:\/\/beteve.cat\/pindola-endema-barcelonines-40-per-cent-17-anys-han-pres\/\" target=\"_blank\" rel=\"noopener\"><img loading=\"lazy\" decoding=\"async\" class=\" wp-image-31070    \" title=\"Campanya de prevenci\u00f3 del c\u00e0ncer pell, Infarma Solidari i Plenufar6, temes m\u00e9s destacats al maig\" alt=\"Guillermo Bagaria parlant a Betev\u00e9 sobre\" src=\"http:\/\/blog.cofb.cat\/wp-content\/uploads\/2017\/06\/7BTV-300x230.jpg\" width=\"270\" height=\"207\" \/><\/a> Guillermo Bagaria, vicetresorer del COFB, parlant a Betev\u00e9 sobre[\/caption]\n<p>La presentaci\u00f3 d&#8217;un estudi de la consultora <b>CIMA sobre la facturaci\u00f3 de les farm\u00e0cies <\/b>va comptar amb la participaci\u00f3 de Pilar Gasc\u00f3n, vocal del Col\u00b7legi i secret\u00e0ria del Consell. Se&#8217;n van fer ress\u00f2 i van compartir les declaracions de Gasc\u00f3n <a href=\"http:\/\/www.lavanguardia.com\/vida\/20170511\/422500685016\/un-estudio-detecta-una-polarizacion-entre-farmacias-pequenas-y-grandes-en-barcelona.html\" target=\"_blank\" rel=\"noopener\">La Vanguardia<\/a>, <a href=\"http:\/\/www.europapress.es\/catalunya\/noticia-estudio-detecta-polarizacion-farmacias-pequenas-grandes-barcelona-20170511162735.html\" target=\"_blank\" rel=\"noopener\">Europa Press<\/a>, <a href=\"http:\/\/www.vilaweb.cat\/noticies\/un-estudi-detecta-una-polaritzacio-entre-farmacies-petites-i-grans-a-barcelona\/\" target=\"_blank\" rel=\"noopener\">Vilaweb<\/a>, <a href=\"http:\/\/www.catalunyapress.cat\/texto-diario\/mostrar\/734124\/facturacio-farmcies-barcelona-augmenta-2\" target=\"_blank\" rel=\"noopener\">Catalunya Press<\/a>, <a href=\"http:\/\/www.elfarmaceutico.es\/index.php\/noticias-actualidad-farmaceutica\/item\/8047-el-sector-farmaceutico-en-barcelona-crece-mas-de-un-2#.WRVjQFXyipo\" target=\"_blank\" rel=\"noopener\">El Farmac\u00e9utico<\/a> i <a href=\"http:\/\/www.imfarmacias.es\/noticia\/12485\/la-facturacion-media-de-las-farmaciasnbspen-barcelona-crecio-un-2\" target=\"_blank\" rel=\"noopener\">IMFarmacias<\/a>.<\/p>\n<p>Marta Alcalde, vocal de Dermofarm\u00e0cia i Productes Sanitaris del COFB, va ser font d&#8217;informaci\u00f3 de la not\u00edcia de <a href=\"http:\/\/www.cuidateplus.com\/belleza-y-piel\/cuidados-cuerpo\/2017\/05\/25\/nutricosmetica-puesta-punto-interior-143268.html?platform=hootsuite\" target=\"_blank\" rel=\"noopener\">Cu\u00eddate Plus<\/a> sobre <b>nutricosm\u00e8tica<\/b>. La vocal va valorar i compartir els beneficis i els contres d\u2019aquesta pr\u00e0ctica. De dermofarm\u00e0cia tamb\u00e9 va parlar IMFarmacias, que hi va dedicar un especial fent menci\u00f3 al Consell de Col\u00b7legi de Farmac\u00e8utics de Catalunya com a organisme de salut que regula les guies acreditades i els protocols de diferents projectes.<\/p>\n<p>El programa <a href=\"http:\/\/beteve.cat\/programa\/codi-de-barris\/\" target=\"_blank\" rel=\"noopener\"><i>Codi de barris<\/i><\/a> de Betev\u00e9 va parlar sobre Sistemes Personalitzats de Dosificaci\u00f3, mencionant al Col\u00b7legi i el paper dels farmac\u00e8utics, i <a href=\"http:\/\/alo.co\/bienestar\/consejos-para-no-recaer-en-la-adiccion-al-cigarrillo\" target=\"_blank\" rel=\"noopener\">Al\u00f3<\/a> va fer una recomanaci\u00f3 de com deixar de fumar, mencionant tamb\u00e9 el COFB.<b><\/div><\/b><\/p>\n","protected":false},"excerpt":{"rendered":"<p>&nbsp;<\/p>\n","protected":false},"author":1,"featured_media":31114,"comment_status":"open","ping_status":"open","sticky":false,"template":"","format":"standard","meta":{"_uag_custom_page_level_css":"","site-sidebar-layout":"default","site-content-layout":"","ast-site-content-layout":"default","site-content-style":"default","site-sidebar-style":"default","ast-global-header-display":"","ast-banner-title-visibility":"","ast-main-header-display":"","ast-hfb-above-header-display":"","ast-hfb-below-header-display":"","ast-hfb-mobile-header-display":"","site-post-title":"","ast-breadcrumbs-content":"","ast-featured-img":"disabled","footer-sml-layout":"","theme-transparent-header-meta":"","adv-header-id-meta":"","stick-header-meta":"","header-above-stick-meta":"","header-main-stick-meta":"","header-below-stick-meta":"","astra-migrate-meta-layouts":"default","ast-page-background-enabled":"default","ast-page-background-meta":{"desktop":{"background-color":"var(--ast-global-color-4)","background-image":"","background-repeat":"repeat","background-position":"center center","background-size":"auto","background-attachment":"scroll","background-type":"","background-media":"","overlay-type":"","overlay-color":"","overlay-opacity":"","overlay-gradient":""},"tablet":{"background-color":"","background-image":"","background-repeat":"repeat","background-position":"center center","background-size":"auto","background-attachment":"scroll","background-type":"","background-media":"","overlay-type":"","overlay-color":"","overlay-opacity":"","overlay-gradient":""},"mobile":{"background-color":"","background-image":"","background-repeat":"repeat","background-position":"center center","background-size":"auto","background-attachment":"scroll","background-type":"","background-media":"","overlay-type":"","overlay-color":"","overlay-opacity":"","overlay-gradient":""}},"ast-content-background-meta":{"desktop":{"background-color":"var(--ast-global-color-5)","background-image":"","background-repeat":"repeat","background-position":"center center","background-size":"auto","background-attachment":"scroll","background-type":"","background-media":"","overlay-type":"","overlay-color":"","overlay-opacity":"","overlay-gradient":""},"tablet":{"background-color":"var(--ast-global-color-5)","background-image":"","background-repeat":"repeat","background-position":"center center","background-size":"auto","background-attachment":"scroll","background-type":"","background-media":"","overlay-type":"","overlay-color":"","overlay-opacity":"","overlay-gradient":""},"mobile":{"background-color":"var(--ast-global-color-5)","background-image":"","background-repeat":"repeat","background-position":"center center","background-size":"auto","background-attachment":"scroll","background-type":"","background-media":"","overlay-type":"","overlay-color":"","overlay-opacity":"","overlay-gradient":""}},"footnotes":""},"categories":[23,32],"tags":[2442,2443,2813,424,2491,164,459,2814,2815,2587,932,2116],"class_list":["post-31052","post","type-post","status-publish","format-standard","has-post-thumbnail","hentry","category-destacats","category-noticies-farmacia","tag-abans-de-deixar-thi-la-pell","tag-campanya-prevencio-cancer-de-pell","tag-cima","tag-ema","tag-infarma-barcelona-2017","tag-infarma-solidari","tag-mitjans","tag-nutricosmetica","tag-pindola-de-lendema","tag-plenufar-6","tag-polimedicacio","tag-recepta-electronica"],"yoast_head":"<!-- This site is optimized with the Yoast SEO plugin v22.4 - https:\/\/yoast.com\/wordpress\/plugins\/seo\/ -->\n<title>Campanya de prevenci\u00f3 del c\u00e0ncer pell, Infarma Solidari i Plenufar6, temes m\u00e9s destacats al maig<\/title>\n<meta name=\"description\" content=\"Campanya de prevenci\u00f3 del c\u00e0ncer pell, Infarma Solidari i Plenufar6, temes m\u00e9s destacats al maig\" \/>\n<meta name=\"robots\" content=\"index, follow, max-snippet:-1, max-image-preview:large, max-video-preview:-1\" \/>\n<link rel=\"canonical\" href=\"https:\/\/novaorg.cofb.net\/2017\/06\/23\/campanya-de-prevencio-del-cancer-pell-infarma-solidari-plenufar-6-temes-mes-destacats-al-maig\/\" \/>\n<meta property=\"og:locale\" content=\"ca_ES\" \/>\n<meta property=\"og:type\" content=\"article\" \/>\n<meta property=\"og:title\" content=\"Campanya de prevenci\u00f3 del c\u00e0ncer pell, Infarma Solidari i Plenufar6, temes m\u00e9s destacats al maig\" \/>\n<meta property=\"og:description\" content=\"Campanya de prevenci\u00f3 del c\u00e0ncer pell, Infarma Solidari i Plenufar6, temes m\u00e9s destacats al maig\" \/>\n<meta property=\"og:url\" content=\"https:\/\/novaorg.cofb.net\/2017\/06\/23\/campanya-de-prevencio-del-cancer-pell-infarma-solidari-plenufar-6-temes-mes-destacats-al-maig\/\" \/>\n<meta property=\"og:site_name\" content=\"Col\u00b7legi de Farmac\u00e8utics de Barcelona\" \/>\n<meta property=\"article:publisher\" content=\"https:\/\/www.facebook.com\/farmaceuticsbcn\/\" \/>\n<meta property=\"article:published_time\" content=\"2017-06-23T10:06:40+00:00\" \/>\n<meta name=\"author\" content=\"wpAdminCofbOrg\" \/>\n<meta name=\"twitter:card\" content=\"summary_large_image\" \/>\n<meta name=\"twitter:creator\" content=\"@farmaceuticsbcn\" \/>\n<meta name=\"twitter:site\" content=\"@farmaceuticsbcn\" \/>\n<meta name=\"twitter:label1\" content=\"Escrit per\" \/>\n\t<meta name=\"twitter:data1\" content=\"wpAdminCofbOrg\" \/>\n\t<meta name=\"twitter:label2\" content=\"Temps estimat de lectura\" \/>\n\t<meta name=\"twitter:data2\" content=\"9 minuts\" \/>\n<script type=\"application\/ld+json\" class=\"yoast-schema-graph\">{\"@context\":\"https:\/\/schema.org\",\"@graph\":[{\"@type\":\"Article\",\"@id\":\"https:\/\/novaorg.cofb.net\/2017\/06\/23\/campanya-de-prevencio-del-cancer-pell-infarma-solidari-plenufar-6-temes-mes-destacats-al-maig\/#article\",\"isPartOf\":{\"@id\":\"https:\/\/novaorg.cofb.net\/2017\/06\/23\/campanya-de-prevencio-del-cancer-pell-infarma-solidari-plenufar-6-temes-mes-destacats-al-maig\/\"},\"author\":{\"name\":\"wpAdminCofbOrg\",\"@id\":\"https:\/\/www.cofb.org\/#\/schema\/person\/22ed7eea88da74b0fa4d3154ad87ffcb\"},\"headline\":\"Campanya de prevenci\u00f3 del c\u00e0ncer pell, Infarma Solidari i Plenufar 6, temes m\u00e9s destacats al maig\",\"datePublished\":\"2017-06-23T10:06:40+00:00\",\"dateModified\":\"2017-06-23T10:06:40+00:00\",\"mainEntityOfPage\":{\"@id\":\"https:\/\/novaorg.cofb.net\/2017\/06\/23\/campanya-de-prevencio-del-cancer-pell-infarma-solidari-plenufar-6-temes-mes-destacats-al-maig\/\"},\"wordCount\":1773,\"commentCount\":0,\"publisher\":{\"@id\":\"https:\/\/www.cofb.org\/#organization\"},\"image\":{\"@id\":\"https:\/\/novaorg.cofb.net\/2017\/06\/23\/campanya-de-prevencio-del-cancer-pell-infarma-solidari-plenufar-6-temes-mes-destacats-al-maig\/#primaryimage\"},\"thumbnailUrl\":\"\",\"keywords\":[\"Abans de deixar-t'hi la pell\",\"Campanya prevenci\u00f3 c\u00e0ncer de pell\",\"CIMA\",\"EMA\",\"Infarma Barcelona 2017\",\"Infarma Solidari\",\"Mitjans\",\"nutricosm\u00e8tica\",\"p\u00edndola de l'endem\u00e0\",\"plenufar 6\",\"polimedicaci\u00f3\",\"recepta electr\u00f2nica\"],\"articleSection\":[\"Destacats\",\"Not\u00edcies farm\u00e0cia\"],\"inLanguage\":\"ca\",\"potentialAction\":[{\"@type\":\"CommentAction\",\"name\":\"Comment\",\"target\":[\"https:\/\/novaorg.cofb.net\/2017\/06\/23\/campanya-de-prevencio-del-cancer-pell-infarma-solidari-plenufar-6-temes-mes-destacats-al-maig\/#respond\"]}]},{\"@type\":\"WebPage\",\"@id\":\"https:\/\/novaorg.cofb.net\/2017\/06\/23\/campanya-de-prevencio-del-cancer-pell-infarma-solidari-plenufar-6-temes-mes-destacats-al-maig\/\",\"url\":\"https:\/\/novaorg.cofb.net\/2017\/06\/23\/campanya-de-prevencio-del-cancer-pell-infarma-solidari-plenufar-6-temes-mes-destacats-al-maig\/\",\"name\":\"Campanya de prevenci\u00f3 del c\u00e0ncer pell, Infarma Solidari i Plenufar6, temes m\u00e9s destacats al maig\",\"isPartOf\":{\"@id\":\"https:\/\/www.cofb.org\/#website\"},\"primaryImageOfPage\":{\"@id\":\"https:\/\/novaorg.cofb.net\/2017\/06\/23\/campanya-de-prevencio-del-cancer-pell-infarma-solidari-plenufar-6-temes-mes-destacats-al-maig\/#primaryimage\"},\"image\":{\"@id\":\"https:\/\/novaorg.cofb.net\/2017\/06\/23\/campanya-de-prevencio-del-cancer-pell-infarma-solidari-plenufar-6-temes-mes-destacats-al-maig\/#primaryimage\"},\"thumbnailUrl\":\"\",\"datePublished\":\"2017-06-23T10:06:40+00:00\",\"dateModified\":\"2017-06-23T10:06:40+00:00\",\"description\":\"Campanya de prevenci\u00f3 del c\u00e0ncer pell, Infarma Solidari i Plenufar6, temes m\u00e9s destacats al maig\",\"breadcrumb\":{\"@id\":\"https:\/\/novaorg.cofb.net\/2017\/06\/23\/campanya-de-prevencio-del-cancer-pell-infarma-solidari-plenufar-6-temes-mes-destacats-al-maig\/#breadcrumb\"},\"inLanguage\":\"ca\",\"potentialAction\":[{\"@type\":\"ReadAction\",\"target\":[\"https:\/\/novaorg.cofb.net\/2017\/06\/23\/campanya-de-prevencio-del-cancer-pell-infarma-solidari-plenufar-6-temes-mes-destacats-al-maig\/\"]}]},{\"@type\":\"ImageObject\",\"inLanguage\":\"ca\",\"@id\":\"https:\/\/novaorg.cofb.net\/2017\/06\/23\/campanya-de-prevencio-del-cancer-pell-infarma-solidari-plenufar-6-temes-mes-destacats-al-maig\/#primaryimage\",\"url\":\"\",\"contentUrl\":\"\"},{\"@type\":\"BreadcrumbList\",\"@id\":\"https:\/\/novaorg.cofb.net\/2017\/06\/23\/campanya-de-prevencio-del-cancer-pell-infarma-solidari-plenufar-6-temes-mes-destacats-al-maig\/#breadcrumb\",\"itemListElement\":[{\"@type\":\"ListItem\",\"position\":1,\"name\":\"Inici\",\"item\":\"https:\/\/novaorg.cofb.net\/\"},{\"@type\":\"ListItem\",\"position\":2,\"name\":\"Campanya de prevenci\u00f3 del c\u00e0ncer pell, Infarma Solidari i Plenufar 6, temes m\u00e9s destacats al maig\"}]},{\"@type\":\"WebSite\",\"@id\":\"https:\/\/www.cofb.org\/#website\",\"url\":\"https:\/\/www.cofb.org\/\",\"name\":\"Col\u00b7legi de Farmac\u00e8utics de Barcelona\",\"description\":\"\",\"publisher\":{\"@id\":\"https:\/\/www.cofb.org\/#organization\"},\"potentialAction\":[{\"@type\":\"SearchAction\",\"target\":{\"@type\":\"EntryPoint\",\"urlTemplate\":\"https:\/\/www.cofb.org\/?s={search_term_string}\"},\"query-input\":\"required name=search_term_string\"}],\"inLanguage\":\"ca\"},{\"@type\":\"Organization\",\"@id\":\"https:\/\/www.cofb.org\/#organization\",\"name\":\"Col\u00b7legi de Farmac\u00e8utics de Barcelona\",\"url\":\"https:\/\/www.cofb.org\/\",\"logo\":{\"@type\":\"ImageObject\",\"inLanguage\":\"ca\",\"@id\":\"https:\/\/www.cofb.org\/#\/schema\/logo\/image\/\",\"url\":\"https:\/\/www.cofb.org\/wp-content\/uploads\/2023\/11\/cropped-Logotip-COFB.png\",\"contentUrl\":\"https:\/\/www.cofb.org\/wp-content\/uploads\/2023\/11\/cropped-Logotip-COFB.png\",\"width\":500,\"height\":105,\"caption\":\"Col\u00b7legi de Farmac\u00e8utics de Barcelona\"},\"image\":{\"@id\":\"https:\/\/www.cofb.org\/#\/schema\/logo\/image\/\"},\"sameAs\":[\"https:\/\/www.facebook.com\/farmaceuticsbcn\/\",\"https:\/\/twitter.com\/farmaceuticsbcn\",\"https:\/\/www.instagram.com\/farmaceuticsbcn\/\",\"https:\/\/www.linkedin.com\/company\/farmaceuticsbcn\/\"]},{\"@type\":\"Person\",\"@id\":\"https:\/\/www.cofb.org\/#\/schema\/person\/22ed7eea88da74b0fa4d3154ad87ffcb\",\"name\":\"wpAdminCofbOrg\",\"image\":{\"@type\":\"ImageObject\",\"inLanguage\":\"ca\",\"@id\":\"https:\/\/www.cofb.org\/#\/schema\/person\/image\/\",\"url\":\"https:\/\/secure.gravatar.com\/avatar\/1721b20b3b8ca882c3b56ec6c978c594fff670e40c0718e9190eaeeb76aae7d8?s=96&d=mm&r=g\",\"contentUrl\":\"https:\/\/secure.gravatar.com\/avatar\/1721b20b3b8ca882c3b56ec6c978c594fff670e40c0718e9190eaeeb76aae7d8?s=96&d=mm&r=g\",\"caption\":\"wpAdminCofbOrg\"},\"sameAs\":[\"http:\/\/192.168.64.122\/wordpress\"],\"url\":\"https:\/\/www.cofb.org\/ca\/author\/wpadmincofborg\/\"}]}<\/script>\n<!-- \/ Yoast SEO plugin. -->","yoast_head_json":{"title":"Campanya de prevenci\u00f3 del c\u00e0ncer pell, Infarma Solidari i Plenufar6, temes m\u00e9s destacats al maig","description":"Campanya de prevenci\u00f3 del c\u00e0ncer pell, Infarma Solidari i Plenufar6, temes m\u00e9s destacats al maig","robots":{"index":"index","follow":"follow","max-snippet":"max-snippet:-1","max-image-preview":"max-image-preview:large","max-video-preview":"max-video-preview:-1"},"canonical":"https:\/\/novaorg.cofb.net\/2017\/06\/23\/campanya-de-prevencio-del-cancer-pell-infarma-solidari-plenufar-6-temes-mes-destacats-al-maig\/","og_locale":"ca_ES","og_type":"article","og_title":"Campanya de prevenci\u00f3 del c\u00e0ncer pell, Infarma Solidari i Plenufar6, temes m\u00e9s destacats al maig","og_description":"Campanya de prevenci\u00f3 del c\u00e0ncer pell, Infarma Solidari i Plenufar6, temes m\u00e9s destacats al maig","og_url":"https:\/\/novaorg.cofb.net\/2017\/06\/23\/campanya-de-prevencio-del-cancer-pell-infarma-solidari-plenufar-6-temes-mes-destacats-al-maig\/","og_site_name":"Col\u00b7legi de Farmac\u00e8utics de Barcelona","article_publisher":"https:\/\/www.facebook.com\/farmaceuticsbcn\/","article_published_time":"2017-06-23T10:06:40+00:00","author":"wpAdminCofbOrg","twitter_card":"summary_large_image","twitter_creator":"@farmaceuticsbcn","twitter_site":"@farmaceuticsbcn","twitter_misc":{"Escrit per":"wpAdminCofbOrg","Temps estimat de lectura":"9 minuts"},"schema":{"@context":"https:\/\/schema.org","@graph":[{"@type":"Article","@id":"https:\/\/novaorg.cofb.net\/2017\/06\/23\/campanya-de-prevencio-del-cancer-pell-infarma-solidari-plenufar-6-temes-mes-destacats-al-maig\/#article","isPartOf":{"@id":"https:\/\/novaorg.cofb.net\/2017\/06\/23\/campanya-de-prevencio-del-cancer-pell-infarma-solidari-plenufar-6-temes-mes-destacats-al-maig\/"},"author":{"name":"wpAdminCofbOrg","@id":"https:\/\/www.cofb.org\/#\/schema\/person\/22ed7eea88da74b0fa4d3154ad87ffcb"},"headline":"Campanya de prevenci\u00f3 del c\u00e0ncer pell, Infarma Solidari i Plenufar 6, temes m\u00e9s destacats al maig","datePublished":"2017-06-23T10:06:40+00:00","dateModified":"2017-06-23T10:06:40+00:00","mainEntityOfPage":{"@id":"https:\/\/novaorg.cofb.net\/2017\/06\/23\/campanya-de-prevencio-del-cancer-pell-infarma-solidari-plenufar-6-temes-mes-destacats-al-maig\/"},"wordCount":1773,"commentCount":0,"publisher":{"@id":"https:\/\/www.cofb.org\/#organization"},"image":{"@id":"https:\/\/novaorg.cofb.net\/2017\/06\/23\/campanya-de-prevencio-del-cancer-pell-infarma-solidari-plenufar-6-temes-mes-destacats-al-maig\/#primaryimage"},"thumbnailUrl":"","keywords":["Abans de deixar-t'hi la pell","Campanya prevenci\u00f3 c\u00e0ncer de pell","CIMA","EMA","Infarma Barcelona 2017","Infarma Solidari","Mitjans","nutricosm\u00e8tica","p\u00edndola de l'endem\u00e0","plenufar 6","polimedicaci\u00f3","recepta electr\u00f2nica"],"articleSection":["Destacats","Not\u00edcies farm\u00e0cia"],"inLanguage":"ca","potentialAction":[{"@type":"CommentAction","name":"Comment","target":["https:\/\/novaorg.cofb.net\/2017\/06\/23\/campanya-de-prevencio-del-cancer-pell-infarma-solidari-plenufar-6-temes-mes-destacats-al-maig\/#respond"]}]},{"@type":"WebPage","@id":"https:\/\/novaorg.cofb.net\/2017\/06\/23\/campanya-de-prevencio-del-cancer-pell-infarma-solidari-plenufar-6-temes-mes-destacats-al-maig\/","url":"https:\/\/novaorg.cofb.net\/2017\/06\/23\/campanya-de-prevencio-del-cancer-pell-infarma-solidari-plenufar-6-temes-mes-destacats-al-maig\/","name":"Campanya de prevenci\u00f3 del c\u00e0ncer pell, Infarma Solidari i Plenufar6, temes m\u00e9s destacats al maig","isPartOf":{"@id":"https:\/\/www.cofb.org\/#website"},"primaryImageOfPage":{"@id":"https:\/\/novaorg.cofb.net\/2017\/06\/23\/campanya-de-prevencio-del-cancer-pell-infarma-solidari-plenufar-6-temes-mes-destacats-al-maig\/#primaryimage"},"image":{"@id":"https:\/\/novaorg.cofb.net\/2017\/06\/23\/campanya-de-prevencio-del-cancer-pell-infarma-solidari-plenufar-6-temes-mes-destacats-al-maig\/#primaryimage"},"thumbnailUrl":"","datePublished":"2017-06-23T10:06:40+00:00","dateModified":"2017-06-23T10:06:40+00:00","description":"Campanya de prevenci\u00f3 del c\u00e0ncer pell, Infarma Solidari i Plenufar6, temes m\u00e9s destacats al maig","breadcrumb":{"@id":"https:\/\/novaorg.cofb.net\/2017\/06\/23\/campanya-de-prevencio-del-cancer-pell-infarma-solidari-plenufar-6-temes-mes-destacats-al-maig\/#breadcrumb"},"inLanguage":"ca","potentialAction":[{"@type":"ReadAction","target":["https:\/\/novaorg.cofb.net\/2017\/06\/23\/campanya-de-prevencio-del-cancer-pell-infarma-solidari-plenufar-6-temes-mes-destacats-al-maig\/"]}]},{"@type":"ImageObject","inLanguage":"ca","@id":"https:\/\/novaorg.cofb.net\/2017\/06\/23\/campanya-de-prevencio-del-cancer-pell-infarma-solidari-plenufar-6-temes-mes-destacats-al-maig\/#primaryimage","url":"","contentUrl":""},{"@type":"BreadcrumbList","@id":"https:\/\/novaorg.cofb.net\/2017\/06\/23\/campanya-de-prevencio-del-cancer-pell-infarma-solidari-plenufar-6-temes-mes-destacats-al-maig\/#breadcrumb","itemListElement":[{"@type":"ListItem","position":1,"name":"Inici","item":"https:\/\/novaorg.cofb.net\/"},{"@type":"ListItem","position":2,"name":"Campanya de prevenci\u00f3 del c\u00e0ncer pell, Infarma Solidari i Plenufar 6, temes m\u00e9s destacats al maig"}]},{"@type":"WebSite","@id":"https:\/\/www.cofb.org\/#website","url":"https:\/\/www.cofb.org\/","name":"Col\u00b7legi de Farmac\u00e8utics de Barcelona","description":"","publisher":{"@id":"https:\/\/www.cofb.org\/#organization"},"potentialAction":[{"@type":"SearchAction","target":{"@type":"EntryPoint","urlTemplate":"https:\/\/www.cofb.org\/?s={search_term_string}"},"query-input":"required name=search_term_string"}],"inLanguage":"ca"},{"@type":"Organization","@id":"https:\/\/www.cofb.org\/#organization","name":"Col\u00b7legi de Farmac\u00e8utics de Barcelona","url":"https:\/\/www.cofb.org\/","logo":{"@type":"ImageObject","inLanguage":"ca","@id":"https:\/\/www.cofb.org\/#\/schema\/logo\/image\/","url":"https:\/\/www.cofb.org\/wp-content\/uploads\/2023\/11\/cropped-Logotip-COFB.png","contentUrl":"https:\/\/www.cofb.org\/wp-content\/uploads\/2023\/11\/cropped-Logotip-COFB.png","width":500,"height":105,"caption":"Col\u00b7legi de Farmac\u00e8utics de Barcelona"},"image":{"@id":"https:\/\/www.cofb.org\/#\/schema\/logo\/image\/"},"sameAs":["https:\/\/www.facebook.com\/farmaceuticsbcn\/","https:\/\/twitter.com\/farmaceuticsbcn","https:\/\/www.instagram.com\/farmaceuticsbcn\/","https:\/\/www.linkedin.com\/company\/farmaceuticsbcn\/"]},{"@type":"Person","@id":"https:\/\/www.cofb.org\/#\/schema\/person\/22ed7eea88da74b0fa4d3154ad87ffcb","name":"wpAdminCofbOrg","image":{"@type":"ImageObject","inLanguage":"ca","@id":"https:\/\/www.cofb.org\/#\/schema\/person\/image\/","url":"https:\/\/secure.gravatar.com\/avatar\/1721b20b3b8ca882c3b56ec6c978c594fff670e40c0718e9190eaeeb76aae7d8?s=96&d=mm&r=g","contentUrl":"https:\/\/secure.gravatar.com\/avatar\/1721b20b3b8ca882c3b56ec6c978c594fff670e40c0718e9190eaeeb76aae7d8?s=96&d=mm&r=g","caption":"wpAdminCofbOrg"},"sameAs":["http:\/\/192.168.64.122\/wordpress"],"url":"https:\/\/www.cofb.org\/ca\/author\/wpadmincofborg\/"}]}},"uagb_featured_image_src":{"full":false,"thumbnail":false,"medium":false,"medium_large":false,"large":false,"1536x1536":false,"2048x2048":false,"trp-custom-language-flag":false},"uagb_author_info":{"display_name":"wpAdminCofbOrg","author_link":"https:\/\/www.cofb.org\/ca\/author\/wpadmincofborg\/"},"uagb_comment_info":0,"uagb_excerpt":"&nbsp;","_links":{"self":[{"href":"https:\/\/www.cofb.org\/ca\/wp-json\/wp\/v2\/posts\/31052","targetHints":{"allow":["GET"]}}],"collection":[{"href":"https:\/\/www.cofb.org\/ca\/wp-json\/wp\/v2\/posts"}],"about":[{"href":"https:\/\/www.cofb.org\/ca\/wp-json\/wp\/v2\/types\/post"}],"author":[{"embeddable":true,"href":"https:\/\/www.cofb.org\/ca\/wp-json\/wp\/v2\/users\/1"}],"replies":[{"embeddable":true,"href":"https:\/\/www.cofb.org\/ca\/wp-json\/wp\/v2\/comments?post=31052"}],"version-history":[{"count":0,"href":"https:\/\/www.cofb.org\/ca\/wp-json\/wp\/v2\/posts\/31052\/revisions"}],"wp:featuredmedia":[{"embeddable":true,"href":"https:\/\/www.cofb.org\/ca\/wp-json\/"}],"wp:attachment":[{"href":"https:\/\/www.cofb.org\/ca\/wp-json\/wp\/v2\/media?parent=31052"}],"wp:term":[{"taxonomy":"category","embeddable":true,"href":"https:\/\/www.cofb.org\/ca\/wp-json\/wp\/v2\/categories?post=31052"},{"taxonomy":"post_tag","embeddable":true,"href":"https:\/\/www.cofb.org\/ca\/wp-json\/wp\/v2\/tags?post=31052"}],"curies":[{"name":"wp","href":"https:\/\/api.w.org\/{rel}","templated":true}]}}