{"id":30549,"date":"2017-06-09T09:01:44","date_gmt":"2017-06-09T08:01:44","guid":{"rendered":"http:\/\/blog.cofb.cat\/?p=30549"},"modified":"2017-06-09T09:01:44","modified_gmt":"2017-06-09T08:01:44","slug":"actualitzacio-en-gestio-de-loficina-de-farmacia-forum-mgof","status":"publish","type":"post","link":"https:\/\/www.cofb.org\/ca\/2017\/06\/09\/actualitzacio-en-gestio-de-loficina-de-farmacia-forum-mgof\/","title":{"rendered":"Actualitzaci\u00f3 en gesti\u00f3 de l\u2019oficina de farm\u00e0cia (F\u00f2rum MGOF)"},"content":{"rendered":"<figure id=\"attachment_30554\" aria-describedby=\"caption-attachment-30554\" style=\"width: 347px\" class=\"wp-caption alignright\"><a href=\"http:\/\/blog.cofb.cat\/wp-content\/uploads\/2017\/06\/gestio-OF-COFB-3.jpg\"><img fetchpriority=\"high\" decoding=\"async\" class=\" wp-image-30554   \" title=\"Actualitzaci\u00f3 en gesti\u00f3 de l\u2019oficina de farm\u00e0cia (F\u00f2rum MGOF)\" alt=\"gestio-OF-COFB (3)\" src=\"http:\/\/blog.cofb.cat\/wp-content\/uploads\/2017\/06\/gestio-OF-COFB-3.jpg\" width=\"347\" height=\"232\" \/><\/a><figcaption id=\"caption-attachment-30554\" class=\"wp-caption-text\">Carme Permanyer, Secret\u00e0ria T\u00e8cnica del COFB, i Aina Surroca, vocal del Col\u00b7legi<\/figcaption><\/figure>\n<p>El 20 d\u2019abril a la seu del COFB va tenir lloc la confer\u00e8ncia \u201c<b>Punts clau de la facturaci\u00f3 al Servei Catal\u00e0 de la Salut (SCS) i m\u00fatues<\/b>\u201d, un acte presentat per <b>Aina Surroca,<\/b> vocal de la Junta de Govern i responsable de la Comissi\u00f3 delegada de formaci\u00f3 continuada, en el marc del F\u00f2rum MGOF (M\u00e0ster de Gesti\u00f3 de l&#8217;Oficina de Farm\u00e0cia del Col\u00b7legi). Surroca va destacar la <b>import\u00e0ncia d\u2019actualitzar els coneixements dels processos de facturaci\u00f3,<\/b> <b>aspectes b\u00e0sics del dia a dia de l\u2019activitat del farmac\u00e8utic per\u00f2 tamb\u00e9 elements claus per a la gesti\u00f3 de la farm\u00e0cia<\/b>. Va recordar que aquesta activitat est\u00e0 emmarcada en la formaci\u00f3 i actualitzaci\u00f3 en gesti\u00f3 de l\u2019oficina de farm\u00e0cia.<\/p>\n<p>La confer\u00e8ncia va ser impartida per <b>M. Carme Permanyer, <\/b>Secret\u00e0ria T\u00e8cnica del COFB que, amb l\u2019objectiu d\u2019extraure el m\u00e0xim rendiment de les dades dels documents de facturaci\u00f3 proporcionats pel COFB, va repassar els punts claus del proc\u00e9s de facturaci\u00f3.<\/p>\n<div class=\"box shadow\">En primer lloc, es va referir a la <b>nomenclatura dels diferents imports<\/b>, derivats de la complexitat del proc\u00e9s de facturaci\u00f3 i que \u00e9s conseq\u00fc\u00e8ncia de l\u2019aplicaci\u00f3 de les diferents normatives per al control de la despesa farmac\u00e8utica, tant de nivell auton\u00f2mic (taxa) com nacional. Va detallar el c\u00e0lcul de <b>les deduccions<\/b>, aix\u00ed com el c\u00e0lcul <b>dels preus i marges<\/b> dels medicaments i altres productes finan\u00e7ats. A continuaci\u00f3 va explicar les diferents etapes del proc\u00e9s de facturaci\u00f3 com\u00fa per al CatSalut i les m\u00fatues i, finalment els conceptes i les dades dels documents de liquidaci\u00f3 i facturaci\u00f3 de l\u2019apartat \u201cDades econ\u00f2miques\u201d de la web de col\u00b7legiats.<\/p>\n<p>En segon lloc, va recordar que el <b>circuit de lliurament de cupons precinte consisteix a assolir <\/b>el percentatge m\u00ednim de coincid\u00e8ncia entre els <b>cupons dispensats<\/b> en el sistema de recepta electr\u00f2nica i els <b>cupons enviats<\/b> al CatSalut, establert en el Concert i que ha de ser, com a m\u00ednim del 99% (o 99,5% si hi ha un av\u00eds previ de no coincid\u00e8ncia).<b> Va remarcar que l\u2019objectiu del lliurament dels cupons \u00e9s el control de la qualitat de la dispensaci\u00f3 i que, en cap cas s\u2019utilitza per a la facturaci\u00f3. <\/b>Finalment va recordar les recomanacions per garantir la qualitat del proc\u00e9s de facturaci\u00f3.<\/p>\n<p>Per \u00faltim, va explicar<b> les utilitats del Portal de Serveis del Consell de Col\u00b7legis Farmac\u00e8utics de Catalunya,<\/b> <b>concretament la generaci\u00f3 dels informes de dispensaci\u00f3<\/b>, comentant en detall la informaci\u00f3 continguda i la seva utilitat.<\/div>\n<p>Altres not\u00edcies relacionades amb el F\u00f2rum MGOF, via Blog:<\/p>\n<ul>\n<li><a href=\"http:\/\/blog.cofb.cat\/novetats-a-lirpf-reforma-fiscal-2015-forum-mgof\/\" target=\"_blank\" rel=\"noopener\">Novetats a l\u2019IRPF: reforma fiscal 2015 (F\u00f2rum MGOF)<\/a><\/li>\n<li><a href=\"http:\/\/blog.cofb.cat\/forum-mgof-10-trucs-per-motivar-el-teu-equip-i-orientar-lo-a-les-vendes\/\" target=\"_blank\" rel=\"noopener\">F\u00f2rum MGOF: 10 trucs per motivar el teu equip i orientar-lo a les vendes<\/a><\/li>\n<li><a href=\"http:\/\/blog.cofb.cat\/novetats-fiscals-a-la-farmacia-forum-mgof\/\" target=\"_blank\" rel=\"noopener\">Novetats fiscals a la farm\u00e0cia (F\u00f2rum MGOF)<\/a><\/li>\n<li><a href=\"http:\/\/blog.cofb.cat\/forum-mgof-eines-i-estrategies-per-incrementar-la-recomanacio-farmaceutica\/\" target=\"_blank\" rel=\"noopener\">F\u00f2rum MGOF: Eines i estrat\u00e8gies per incrementar la recomanaci\u00f3 farmac\u00e8utica<\/a><\/li>\n<\/ul>\n<p>&nbsp;<\/p>\n","protected":false},"excerpt":{"rendered":"<p>El 20 d\u2019abril a la seu del COFB va tenir lloc la confer\u00e8ncia \u201cPunts clau de la facturaci\u00f3 al Servei Catal\u00e0 de la Salut (SCS) i m\u00fatues\u201d, un acte presentat per Aina Surroca, vocal de la Junta de Govern i responsable de la Comissi\u00f3 delegada de formaci\u00f3 continuada, en el [&hellip;]<\/p>\n","protected":false},"author":1,"featured_media":30553,"comment_status":"open","ping_status":"open","sticky":false,"template":"","format":"standard","meta":{"_uag_custom_page_level_css":"","site-sidebar-layout":"default","site-content-layout":"","ast-site-content-layout":"default","site-content-style":"default","site-sidebar-style":"default","ast-global-header-display":"","ast-banner-title-visibility":"","ast-main-header-display":"","ast-hfb-above-header-display":"","ast-hfb-below-header-display":"","ast-hfb-mobile-header-display":"","site-post-title":"","ast-breadcrumbs-content":"","ast-featured-img":"disabled","footer-sml-layout":"","theme-transparent-header-meta":"","adv-header-id-meta":"","stick-header-meta":"","header-above-stick-meta":"","header-main-stick-meta":"","header-below-stick-meta":"","astra-migrate-meta-layouts":"default","ast-page-background-enabled":"default","ast-page-background-meta":{"desktop":{"background-color":"var(--ast-global-color-4)","background-image":"","background-repeat":"repeat","background-position":"center center","background-size":"auto","background-attachment":"scroll","background-type":"","background-media":"","overlay-type":"","overlay-color":"","overlay-opacity":"","overlay-gradient":""},"tablet":{"background-color":"","background-image":"","background-repeat":"repeat","background-position":"center center","background-size":"auto","background-attachment":"scroll","background-type":"","background-media":"","overlay-type":"","overlay-color":"","overlay-opacity":"","overlay-gradient":""},"mobile":{"background-color":"","background-image":"","background-repeat":"repeat","background-position":"center center","background-size":"auto","background-attachment":"scroll","background-type":"","background-media":"","overlay-type":"","overlay-color":"","overlay-opacity":"","overlay-gradient":""}},"ast-content-background-meta":{"desktop":{"background-color":"var(--ast-global-color-5)","background-image":"","background-repeat":"repeat","background-position":"center center","background-size":"auto","background-attachment":"scroll","background-type":"","background-media":"","overlay-type":"","overlay-color":"","overlay-opacity":"","overlay-gradient":""},"tablet":{"background-color":"var(--ast-global-color-5)","background-image":"","background-repeat":"repeat","background-position":"center center","background-size":"auto","background-attachment":"scroll","background-type":"","background-media":"","overlay-type":"","overlay-color":"","overlay-opacity":"","overlay-gradient":""},"mobile":{"background-color":"var(--ast-global-color-5)","background-image":"","background-repeat":"repeat","background-position":"center center","background-size":"auto","background-attachment":"scroll","background-type":"","background-media":"","overlay-type":"","overlay-color":"","overlay-opacity":"","overlay-gradient":""}},"footnotes":""},"categories":[57],"tags":[399,2796,2415,737,2722,771,877,2797,2655],"class_list":["post-30549","post","type-post","status-publish","format-standard","has-post-thumbnail","hentry","category-mon-collegial","tag-catsalut","tag-facturacio","tag-forum-mgof","tag-gestio","tag-gestio-de-la-farmacia","tag-master-en-gestio-de-loficina-de-farmacia","tag-mgof","tag-mutues","tag-sistema-de-gestio"],"yoast_head":"<!-- This site is optimized with the Yoast SEO plugin v22.4 - https:\/\/yoast.com\/wordpress\/plugins\/seo\/ -->\n<title>Actualitzaci\u00f3 en gesti\u00f3 de l\u2019oficina de farm\u00e0cia (F\u00f2rum MGOF)<\/title>\n<meta name=\"description\" content=\"Actualitzaci\u00f3 en gesti\u00f3 de l\u2019oficina de farm\u00e0cia (F\u00f2rum MGOF)\" \/>\n<meta name=\"robots\" content=\"index, follow, max-snippet:-1, max-image-preview:large, max-video-preview:-1\" \/>\n<link rel=\"canonical\" href=\"https:\/\/novaorg.cofb.net\/2017\/06\/09\/actualitzacio-en-gestio-de-loficina-de-farmacia-forum-mgof\/\" \/>\n<meta property=\"og:locale\" content=\"ca_ES\" \/>\n<meta property=\"og:type\" content=\"article\" \/>\n<meta property=\"og:title\" content=\"Actualitzaci\u00f3 en gesti\u00f3 de l\u2019oficina de farm\u00e0cia (F\u00f2rum MGOF)\" \/>\n<meta property=\"og:description\" content=\"Actualitzaci\u00f3 en gesti\u00f3 de l\u2019oficina de farm\u00e0cia (F\u00f2rum MGOF)\" \/>\n<meta property=\"og:url\" content=\"https:\/\/novaorg.cofb.net\/2017\/06\/09\/actualitzacio-en-gestio-de-loficina-de-farmacia-forum-mgof\/\" \/>\n<meta property=\"og:site_name\" content=\"Col\u00b7legi de Farmac\u00e8utics de Barcelona\" \/>\n<meta property=\"article:publisher\" content=\"https:\/\/www.facebook.com\/farmaceuticsbcn\/\" \/>\n<meta property=\"article:published_time\" content=\"2017-06-09T08:01:44+00:00\" \/>\n<meta name=\"author\" content=\"wpAdminCofbOrg\" \/>\n<meta name=\"twitter:card\" content=\"summary_large_image\" \/>\n<meta name=\"twitter:creator\" content=\"@farmaceuticsbcn\" \/>\n<meta name=\"twitter:site\" content=\"@farmaceuticsbcn\" \/>\n<meta name=\"twitter:label1\" content=\"Escrit per\" \/>\n\t<meta name=\"twitter:data1\" content=\"wpAdminCofbOrg\" \/>\n\t<meta name=\"twitter:label2\" content=\"Temps estimat de lectura\" \/>\n\t<meta name=\"twitter:data2\" content=\"3 minuts\" \/>\n<script type=\"application\/ld+json\" class=\"yoast-schema-graph\">{\"@context\":\"https:\/\/schema.org\",\"@graph\":[{\"@type\":\"Article\",\"@id\":\"https:\/\/novaorg.cofb.net\/2017\/06\/09\/actualitzacio-en-gestio-de-loficina-de-farmacia-forum-mgof\/#article\",\"isPartOf\":{\"@id\":\"https:\/\/novaorg.cofb.net\/2017\/06\/09\/actualitzacio-en-gestio-de-loficina-de-farmacia-forum-mgof\/\"},\"author\":{\"name\":\"wpAdminCofbOrg\",\"@id\":\"https:\/\/www.cofb.org\/#\/schema\/person\/22ed7eea88da74b0fa4d3154ad87ffcb\"},\"headline\":\"Actualitzaci\u00f3 en gesti\u00f3 de l\u2019oficina de farm\u00e0cia (F\u00f2rum MGOF)\",\"datePublished\":\"2017-06-09T08:01:44+00:00\",\"dateModified\":\"2017-06-09T08:01:44+00:00\",\"mainEntityOfPage\":{\"@id\":\"https:\/\/novaorg.cofb.net\/2017\/06\/09\/actualitzacio-en-gestio-de-loficina-de-farmacia-forum-mgof\/\"},\"wordCount\":533,\"commentCount\":0,\"publisher\":{\"@id\":\"https:\/\/www.cofb.org\/#organization\"},\"image\":{\"@id\":\"https:\/\/novaorg.cofb.net\/2017\/06\/09\/actualitzacio-en-gestio-de-loficina-de-farmacia-forum-mgof\/#primaryimage\"},\"thumbnailUrl\":\"\",\"keywords\":[\"catSalut\",\"facturaci\u00f3\",\"F\u00f2rum MGOF\",\"gesti\u00f3\",\"gesti\u00f3 de la farm\u00e0cia\",\"M\u00e0ster en Gesti\u00f3 de l'Oficina de Farm\u00e0cia\",\"MGOF\",\"m\u00fatues\",\"sistema de gesti\u00f3\"],\"articleSection\":[\"M\u00f3n col\u00b7legial\"],\"inLanguage\":\"ca\",\"potentialAction\":[{\"@type\":\"CommentAction\",\"name\":\"Comment\",\"target\":[\"https:\/\/novaorg.cofb.net\/2017\/06\/09\/actualitzacio-en-gestio-de-loficina-de-farmacia-forum-mgof\/#respond\"]}]},{\"@type\":\"WebPage\",\"@id\":\"https:\/\/novaorg.cofb.net\/2017\/06\/09\/actualitzacio-en-gestio-de-loficina-de-farmacia-forum-mgof\/\",\"url\":\"https:\/\/novaorg.cofb.net\/2017\/06\/09\/actualitzacio-en-gestio-de-loficina-de-farmacia-forum-mgof\/\",\"name\":\"Actualitzaci\u00f3 en gesti\u00f3 de l\u2019oficina de farm\u00e0cia (F\u00f2rum MGOF)\",\"isPartOf\":{\"@id\":\"https:\/\/www.cofb.org\/#website\"},\"primaryImageOfPage\":{\"@id\":\"https:\/\/novaorg.cofb.net\/2017\/06\/09\/actualitzacio-en-gestio-de-loficina-de-farmacia-forum-mgof\/#primaryimage\"},\"image\":{\"@id\":\"https:\/\/novaorg.cofb.net\/2017\/06\/09\/actualitzacio-en-gestio-de-loficina-de-farmacia-forum-mgof\/#primaryimage\"},\"thumbnailUrl\":\"\",\"datePublished\":\"2017-06-09T08:01:44+00:00\",\"dateModified\":\"2017-06-09T08:01:44+00:00\",\"description\":\"Actualitzaci\u00f3 en gesti\u00f3 de l\u2019oficina de farm\u00e0cia (F\u00f2rum MGOF)\",\"breadcrumb\":{\"@id\":\"https:\/\/novaorg.cofb.net\/2017\/06\/09\/actualitzacio-en-gestio-de-loficina-de-farmacia-forum-mgof\/#breadcrumb\"},\"inLanguage\":\"ca\",\"potentialAction\":[{\"@type\":\"ReadAction\",\"target\":[\"https:\/\/novaorg.cofb.net\/2017\/06\/09\/actualitzacio-en-gestio-de-loficina-de-farmacia-forum-mgof\/\"]}]},{\"@type\":\"ImageObject\",\"inLanguage\":\"ca\",\"@id\":\"https:\/\/novaorg.cofb.net\/2017\/06\/09\/actualitzacio-en-gestio-de-loficina-de-farmacia-forum-mgof\/#primaryimage\",\"url\":\"\",\"contentUrl\":\"\"},{\"@type\":\"BreadcrumbList\",\"@id\":\"https:\/\/novaorg.cofb.net\/2017\/06\/09\/actualitzacio-en-gestio-de-loficina-de-farmacia-forum-mgof\/#breadcrumb\",\"itemListElement\":[{\"@type\":\"ListItem\",\"position\":1,\"name\":\"Inici\",\"item\":\"https:\/\/novaorg.cofb.net\/\"},{\"@type\":\"ListItem\",\"position\":2,\"name\":\"Actualitzaci\u00f3 en gesti\u00f3 de l\u2019oficina de farm\u00e0cia (F\u00f2rum MGOF)\"}]},{\"@type\":\"WebSite\",\"@id\":\"https:\/\/www.cofb.org\/#website\",\"url\":\"https:\/\/www.cofb.org\/\",\"name\":\"Col\u00b7legi de Farmac\u00e8utics de Barcelona\",\"description\":\"\",\"publisher\":{\"@id\":\"https:\/\/www.cofb.org\/#organization\"},\"potentialAction\":[{\"@type\":\"SearchAction\",\"target\":{\"@type\":\"EntryPoint\",\"urlTemplate\":\"https:\/\/www.cofb.org\/?s={search_term_string}\"},\"query-input\":\"required name=search_term_string\"}],\"inLanguage\":\"ca\"},{\"@type\":\"Organization\",\"@id\":\"https:\/\/www.cofb.org\/#organization\",\"name\":\"Col\u00b7legi de Farmac\u00e8utics de Barcelona\",\"url\":\"https:\/\/www.cofb.org\/\",\"logo\":{\"@type\":\"ImageObject\",\"inLanguage\":\"ca\",\"@id\":\"https:\/\/www.cofb.org\/#\/schema\/logo\/image\/\",\"url\":\"https:\/\/www.cofb.org\/wp-content\/uploads\/2023\/11\/cropped-Logotip-COFB.png\",\"contentUrl\":\"https:\/\/www.cofb.org\/wp-content\/uploads\/2023\/11\/cropped-Logotip-COFB.png\",\"width\":500,\"height\":105,\"caption\":\"Col\u00b7legi de Farmac\u00e8utics de Barcelona\"},\"image\":{\"@id\":\"https:\/\/www.cofb.org\/#\/schema\/logo\/image\/\"},\"sameAs\":[\"https:\/\/www.facebook.com\/farmaceuticsbcn\/\",\"https:\/\/twitter.com\/farmaceuticsbcn\",\"https:\/\/www.instagram.com\/farmaceuticsbcn\/\",\"https:\/\/www.linkedin.com\/company\/farmaceuticsbcn\/\"]},{\"@type\":\"Person\",\"@id\":\"https:\/\/www.cofb.org\/#\/schema\/person\/22ed7eea88da74b0fa4d3154ad87ffcb\",\"name\":\"wpAdminCofbOrg\",\"image\":{\"@type\":\"ImageObject\",\"inLanguage\":\"ca\",\"@id\":\"https:\/\/www.cofb.org\/#\/schema\/person\/image\/\",\"url\":\"https:\/\/secure.gravatar.com\/avatar\/1721b20b3b8ca882c3b56ec6c978c594fff670e40c0718e9190eaeeb76aae7d8?s=96&d=mm&r=g\",\"contentUrl\":\"https:\/\/secure.gravatar.com\/avatar\/1721b20b3b8ca882c3b56ec6c978c594fff670e40c0718e9190eaeeb76aae7d8?s=96&d=mm&r=g\",\"caption\":\"wpAdminCofbOrg\"},\"sameAs\":[\"http:\/\/192.168.64.122\/wordpress\"],\"url\":\"https:\/\/www.cofb.org\/ca\/author\/wpadmincofborg\/\"}]}<\/script>\n<!-- \/ Yoast SEO plugin. -->","yoast_head_json":{"title":"Actualitzaci\u00f3 en gesti\u00f3 de l\u2019oficina de farm\u00e0cia (F\u00f2rum MGOF)","description":"Actualitzaci\u00f3 en gesti\u00f3 de l\u2019oficina de farm\u00e0cia (F\u00f2rum MGOF)","robots":{"index":"index","follow":"follow","max-snippet":"max-snippet:-1","max-image-preview":"max-image-preview:large","max-video-preview":"max-video-preview:-1"},"canonical":"https:\/\/novaorg.cofb.net\/2017\/06\/09\/actualitzacio-en-gestio-de-loficina-de-farmacia-forum-mgof\/","og_locale":"ca_ES","og_type":"article","og_title":"Actualitzaci\u00f3 en gesti\u00f3 de l\u2019oficina de farm\u00e0cia (F\u00f2rum MGOF)","og_description":"Actualitzaci\u00f3 en gesti\u00f3 de l\u2019oficina de farm\u00e0cia (F\u00f2rum MGOF)","og_url":"https:\/\/novaorg.cofb.net\/2017\/06\/09\/actualitzacio-en-gestio-de-loficina-de-farmacia-forum-mgof\/","og_site_name":"Col\u00b7legi de Farmac\u00e8utics de Barcelona","article_publisher":"https:\/\/www.facebook.com\/farmaceuticsbcn\/","article_published_time":"2017-06-09T08:01:44+00:00","author":"wpAdminCofbOrg","twitter_card":"summary_large_image","twitter_creator":"@farmaceuticsbcn","twitter_site":"@farmaceuticsbcn","twitter_misc":{"Escrit per":"wpAdminCofbOrg","Temps estimat de lectura":"3 minuts"},"schema":{"@context":"https:\/\/schema.org","@graph":[{"@type":"Article","@id":"https:\/\/novaorg.cofb.net\/2017\/06\/09\/actualitzacio-en-gestio-de-loficina-de-farmacia-forum-mgof\/#article","isPartOf":{"@id":"https:\/\/novaorg.cofb.net\/2017\/06\/09\/actualitzacio-en-gestio-de-loficina-de-farmacia-forum-mgof\/"},"author":{"name":"wpAdminCofbOrg","@id":"https:\/\/www.cofb.org\/#\/schema\/person\/22ed7eea88da74b0fa4d3154ad87ffcb"},"headline":"Actualitzaci\u00f3 en gesti\u00f3 de l\u2019oficina de farm\u00e0cia (F\u00f2rum MGOF)","datePublished":"2017-06-09T08:01:44+00:00","dateModified":"2017-06-09T08:01:44+00:00","mainEntityOfPage":{"@id":"https:\/\/novaorg.cofb.net\/2017\/06\/09\/actualitzacio-en-gestio-de-loficina-de-farmacia-forum-mgof\/"},"wordCount":533,"commentCount":0,"publisher":{"@id":"https:\/\/www.cofb.org\/#organization"},"image":{"@id":"https:\/\/novaorg.cofb.net\/2017\/06\/09\/actualitzacio-en-gestio-de-loficina-de-farmacia-forum-mgof\/#primaryimage"},"thumbnailUrl":"","keywords":["catSalut","facturaci\u00f3","F\u00f2rum MGOF","gesti\u00f3","gesti\u00f3 de la farm\u00e0cia","M\u00e0ster en Gesti\u00f3 de l'Oficina de Farm\u00e0cia","MGOF","m\u00fatues","sistema de gesti\u00f3"],"articleSection":["M\u00f3n col\u00b7legial"],"inLanguage":"ca","potentialAction":[{"@type":"CommentAction","name":"Comment","target":["https:\/\/novaorg.cofb.net\/2017\/06\/09\/actualitzacio-en-gestio-de-loficina-de-farmacia-forum-mgof\/#respond"]}]},{"@type":"WebPage","@id":"https:\/\/novaorg.cofb.net\/2017\/06\/09\/actualitzacio-en-gestio-de-loficina-de-farmacia-forum-mgof\/","url":"https:\/\/novaorg.cofb.net\/2017\/06\/09\/actualitzacio-en-gestio-de-loficina-de-farmacia-forum-mgof\/","name":"Actualitzaci\u00f3 en gesti\u00f3 de l\u2019oficina de farm\u00e0cia (F\u00f2rum MGOF)","isPartOf":{"@id":"https:\/\/www.cofb.org\/#website"},"primaryImageOfPage":{"@id":"https:\/\/novaorg.cofb.net\/2017\/06\/09\/actualitzacio-en-gestio-de-loficina-de-farmacia-forum-mgof\/#primaryimage"},"image":{"@id":"https:\/\/novaorg.cofb.net\/2017\/06\/09\/actualitzacio-en-gestio-de-loficina-de-farmacia-forum-mgof\/#primaryimage"},"thumbnailUrl":"","datePublished":"2017-06-09T08:01:44+00:00","dateModified":"2017-06-09T08:01:44+00:00","description":"Actualitzaci\u00f3 en gesti\u00f3 de l\u2019oficina de farm\u00e0cia (F\u00f2rum MGOF)","breadcrumb":{"@id":"https:\/\/novaorg.cofb.net\/2017\/06\/09\/actualitzacio-en-gestio-de-loficina-de-farmacia-forum-mgof\/#breadcrumb"},"inLanguage":"ca","potentialAction":[{"@type":"ReadAction","target":["https:\/\/novaorg.cofb.net\/2017\/06\/09\/actualitzacio-en-gestio-de-loficina-de-farmacia-forum-mgof\/"]}]},{"@type":"ImageObject","inLanguage":"ca","@id":"https:\/\/novaorg.cofb.net\/2017\/06\/09\/actualitzacio-en-gestio-de-loficina-de-farmacia-forum-mgof\/#primaryimage","url":"","contentUrl":""},{"@type":"BreadcrumbList","@id":"https:\/\/novaorg.cofb.net\/2017\/06\/09\/actualitzacio-en-gestio-de-loficina-de-farmacia-forum-mgof\/#breadcrumb","itemListElement":[{"@type":"ListItem","position":1,"name":"Inici","item":"https:\/\/novaorg.cofb.net\/"},{"@type":"ListItem","position":2,"name":"Actualitzaci\u00f3 en gesti\u00f3 de l\u2019oficina de farm\u00e0cia (F\u00f2rum MGOF)"}]},{"@type":"WebSite","@id":"https:\/\/www.cofb.org\/#website","url":"https:\/\/www.cofb.org\/","name":"Col\u00b7legi de Farmac\u00e8utics de Barcelona","description":"","publisher":{"@id":"https:\/\/www.cofb.org\/#organization"},"potentialAction":[{"@type":"SearchAction","target":{"@type":"EntryPoint","urlTemplate":"https:\/\/www.cofb.org\/?s={search_term_string}"},"query-input":"required name=search_term_string"}],"inLanguage":"ca"},{"@type":"Organization","@id":"https:\/\/www.cofb.org\/#organization","name":"Col\u00b7legi de Farmac\u00e8utics de Barcelona","url":"https:\/\/www.cofb.org\/","logo":{"@type":"ImageObject","inLanguage":"ca","@id":"https:\/\/www.cofb.org\/#\/schema\/logo\/image\/","url":"https:\/\/www.cofb.org\/wp-content\/uploads\/2023\/11\/cropped-Logotip-COFB.png","contentUrl":"https:\/\/www.cofb.org\/wp-content\/uploads\/2023\/11\/cropped-Logotip-COFB.png","width":500,"height":105,"caption":"Col\u00b7legi de Farmac\u00e8utics de Barcelona"},"image":{"@id":"https:\/\/www.cofb.org\/#\/schema\/logo\/image\/"},"sameAs":["https:\/\/www.facebook.com\/farmaceuticsbcn\/","https:\/\/twitter.com\/farmaceuticsbcn","https:\/\/www.instagram.com\/farmaceuticsbcn\/","https:\/\/www.linkedin.com\/company\/farmaceuticsbcn\/"]},{"@type":"Person","@id":"https:\/\/www.cofb.org\/#\/schema\/person\/22ed7eea88da74b0fa4d3154ad87ffcb","name":"wpAdminCofbOrg","image":{"@type":"ImageObject","inLanguage":"ca","@id":"https:\/\/www.cofb.org\/#\/schema\/person\/image\/","url":"https:\/\/secure.gravatar.com\/avatar\/1721b20b3b8ca882c3b56ec6c978c594fff670e40c0718e9190eaeeb76aae7d8?s=96&d=mm&r=g","contentUrl":"https:\/\/secure.gravatar.com\/avatar\/1721b20b3b8ca882c3b56ec6c978c594fff670e40c0718e9190eaeeb76aae7d8?s=96&d=mm&r=g","caption":"wpAdminCofbOrg"},"sameAs":["http:\/\/192.168.64.122\/wordpress"],"url":"https:\/\/www.cofb.org\/ca\/author\/wpadmincofborg\/"}]}},"uagb_featured_image_src":{"full":false,"thumbnail":false,"medium":false,"medium_large":false,"large":false,"1536x1536":false,"2048x2048":false,"trp-custom-language-flag":false},"uagb_author_info":{"display_name":"wpAdminCofbOrg","author_link":"https:\/\/www.cofb.org\/ca\/author\/wpadmincofborg\/"},"uagb_comment_info":0,"uagb_excerpt":"El 20 d\u2019abril a la seu del COFB va tenir lloc la confer\u00e8ncia \u201cPunts clau de la facturaci\u00f3 al Servei Catal\u00e0 de la Salut (SCS) i m\u00fatues\u201d, un acte presentat per Aina Surroca, vocal de la Junta de Govern i responsable de la Comissi\u00f3 delegada de formaci\u00f3 continuada, en el [&hellip;]","_links":{"self":[{"href":"https:\/\/www.cofb.org\/ca\/wp-json\/wp\/v2\/posts\/30549","targetHints":{"allow":["GET"]}}],"collection":[{"href":"https:\/\/www.cofb.org\/ca\/wp-json\/wp\/v2\/posts"}],"about":[{"href":"https:\/\/www.cofb.org\/ca\/wp-json\/wp\/v2\/types\/post"}],"author":[{"embeddable":true,"href":"https:\/\/www.cofb.org\/ca\/wp-json\/wp\/v2\/users\/1"}],"replies":[{"embeddable":true,"href":"https:\/\/www.cofb.org\/ca\/wp-json\/wp\/v2\/comments?post=30549"}],"version-history":[{"count":0,"href":"https:\/\/www.cofb.org\/ca\/wp-json\/wp\/v2\/posts\/30549\/revisions"}],"wp:featuredmedia":[{"embeddable":true,"href":"https:\/\/www.cofb.org\/ca\/wp-json\/"}],"wp:attachment":[{"href":"https:\/\/www.cofb.org\/ca\/wp-json\/wp\/v2\/media?parent=30549"}],"wp:term":[{"taxonomy":"category","embeddable":true,"href":"https:\/\/www.cofb.org\/ca\/wp-json\/wp\/v2\/categories?post=30549"},{"taxonomy":"post_tag","embeddable":true,"href":"https:\/\/www.cofb.org\/ca\/wp-json\/wp\/v2\/tags?post=30549"}],"curies":[{"name":"wp","href":"https:\/\/api.w.org\/{rel}","templated":true}]}}