{"id":29682,"date":"2017-04-26T16:37:09","date_gmt":"2017-04-26T15:37:09","guid":{"rendered":"http:\/\/blog.cofb.cat\/?p=29682"},"modified":"2017-04-26T16:37:09","modified_gmt":"2017-04-26T15:37:09","slug":"setmana-internacional-de-la-immunitzacio-del-24-al-30-dabril","status":"publish","type":"post","link":"https:\/\/www.cofb.org\/ca\/2017\/04\/26\/setmana-internacional-de-la-immunitzacio-del-24-al-30-dabril\/","title":{"rendered":"Setmana Internacional de la Immunitzaci\u00f3: del 24 al 30 d&#8217;abril"},"content":{"rendered":"<figure id=\"attachment_29708\" aria-describedby=\"caption-attachment-29708\" style=\"width: 276px\" class=\"wp-caption alignright\"><a href=\"http:\/\/blog.cofb.cat\/wp-content\/uploads\/2017\/04\/infographic-5-facts.jpg\" target=\"_blank\" rel=\"noopener\"><img fetchpriority=\"high\" decoding=\"async\" class=\" wp-image-29708   \" alt=\"infographic-5-facts\" src=\"http:\/\/blog.cofb.cat\/wp-content\/uploads\/2017\/04\/infographic-5-facts-345x1024.jpg\" width=\"276\" height=\"819\" \/><\/a><figcaption id=\"caption-attachment-29708\" class=\"wp-caption-text\">Infografia 5 fets sobre les vacunes (via OMS)<br \/>Clica a la imatge per ampliar-la i facilitar la seva lectura<\/figcaption><\/figure>\n<p>Del dia 24 al 30 d\u2019abril se celebra la <b><a href=\"http:\/\/who.int\/campaigns\/immunization-week\/2017\/es\/\" target=\"_blank\" rel=\"noopener\">Setmana Internacional de la Immunitzaci\u00f3,<\/a><\/b> una iniciativa promoguda per l\u2019Organitzaci\u00f3 Mundial de la Salut (OMS), amb el lema: <strong>\u201cLes vacunes funcionen\u201d (#VaccinesWork)<\/strong>. Aquest any la Setmana se centra en la gran import\u00e0ncia que t\u00e9 la vacunaci\u00f3 durant tota la vida i el seu paper per assolir els objectius del desenvolupament sostenible.<\/p>\n<p>Els farmac\u00e8utics de tot l\u2019Estat se sumen a la campanya: a Espanya les farm\u00e0cies s\u00f3n establiments sanitaris \u00f2ptims per a la informaci\u00f3 activa de l&#8217;usuari i aproximadament el 30% dels pacients que acudeixen a les farm\u00e0cies di\u00e0riament reben un consell sanitari en resposta a una demanda aliena a la dispensaci\u00f3 d&#8217;un medicament.<\/p>\n<p><a href=\"http:\/\/www.portalfarma.com\/Profesionales\/consejoinforma\/Paginas\/2017-Campana-Vacunas-MSSSI.aspx\" target=\"_blank\" rel=\"noopener\">Segons trasllada el Consejo General de Colegios Farmac\u00e9uticos,<\/a> la informaci\u00f3 adequada a l&#8217;usuari sobre les vacunes per part del farmac\u00e8utic pot ajudar a eliminar falsos mites. <strong>La cust\u00f2dia, conservaci\u00f3 i dispensaci\u00f3 de totes les vacunes ha d\u2019estar sota la supervisi\u00f3 d\u2019un professional farmac\u00e8utic<\/strong>. El farmac\u00e8utic comunitari pot tenir un paper rellevant, en col\u00b7laboraci\u00f3 amb la resta de professionals sanitaris desenvolupant funcions com:<\/p>\n<ul>\n<li><b>El seguiment farmacoterap\u00e8utic del pacient que rep una vacuna<\/b>: especialment per a la detecci\u00f3 de qualsevol reacci\u00f3 adversa que pugui estar associada a l&#8217;administraci\u00f3 de la vacuna, en col\u00b7laboraci\u00f3 amb l&#8217;equip multidisciplinari de salut.<\/li>\n<li>La <b>notificaci\u00f3 de sospites de reaccions adverses causades per vacunes<\/b> al Sistema Espa\u00f1ol de Farmacovigil\u00e0ncia de Medicaments d&#8217;\u00das Hum\u00e0 (SEFV-H).<\/li>\n<li>La <b>promoci\u00f3 de l&#8217;\u00fas responsable de les vacunes i la provisi\u00f3 de consell i informaci\u00f3 sobre aquest tipus de medicaments<\/b> (conservaci\u00f3, mecanisme d&#8217;acci\u00f3, possibles reaccions adverses, import\u00e0ncia de la seva administraci\u00f3 per a la prevenci\u00f3 de malalties, calendari de vacunaci\u00f3, vies d&#8217;adquisici\u00f3, etc.), en col\u00b7laboraci\u00f3 amb altres professionals de l&#8217;equip multidisciplinari de salut.<\/li>\n<li>La <b>participaci\u00f3 en activitats de promoci\u00f3 de la salut i de prevenci\u00f3 de malalties relacionades amb vacunes<\/b>, tan promogudes per l&#8217;administraci\u00f3 com per altres institucions.<\/li>\n<\/ul>\n<p><a href=\"http:\/\/blog.cofb.cat\/wp-content\/uploads\/2017\/04\/vacunateSanitarioA4Catalan-CARTELL.jpg\" target=\"_blank\" rel=\"noopener\"><img decoding=\"async\" class=\"alignleft  wp-image-29707\" alt=\"vacunateSanitarioA4Catalan CARTELL\" src=\"http:\/\/blog.cofb.cat\/wp-content\/uploads\/2017\/04\/vacunateSanitarioA4Catalan-CARTELL-724x1024.jpg\" width=\"208\" height=\"294\" \/><\/a>Aix\u00ed mateix, el Ministeri de Sanitat, Serveis Socials i Igualtat ha impulsat la <b><a href=\"https:\/\/www.msssi.gob.es\/campannas\/campanas17\/vacunacionSanitarios.htm\">campanya \u201cVacuna&#8217;t: per tu, per tots\u201d<\/a><\/b>, en la qual ha col\u00b7laborat el Consejo General juntament amb prop d&#8217;una vintena de societats cient\u00edfiques. Els programes de vacunaci\u00f3 dirigits als treballadors sanitaris s\u00f3n part essencial de les estrat\u00e8gies de salut laboral, com assenyala el Ministeri de Sanitat, Serveis Socials i Igualtat en l&#8217;<a href=\"http:\/\/www.msssi.gob.es\/profesionales\/saludPublica\/prevPromocion\/vacunaciones\/docs\/Vacunacion_sanitarios.pdf\">informe \u201cVacunaci\u00f3 en treballadors sanitaris<\/a>\u201d.<\/p>\n<p><a href=\"http:\/\/blog.cofb.cat\/wp-content\/uploads\/2017\/04\/infografiaVacunasA4-infografia-MinisterioS.jpg\" target=\"_blank\" rel=\"noopener\">Infografia de la campanya<\/a> (JPG)<\/p>\n<p><a href=\"http:\/\/blog.cofb.cat\/wp-content\/uploads\/2017\/04\/vacunateSanitarioA4Catalan-CARTELL.jpg\" target=\"_blank\" rel=\"noopener\">Cartell de la campanya <\/a>(JPG)<\/p>\n<p>&nbsp;<\/p>\n<p><b>V\u00eddeo promocional Vacunaci\u00f3 Treballadors Sanitaris<\/b><\/p>\n<div style=\"position: relative; height: 0; padding-bottom: 56.25%;\"><iframe style=\"position: absolute; width: 100%; height: 100%; left: 0;\" src=\"https:\/\/www.youtube.com\/embed\/xM7mtTopfP0?ecver=2\" height=\"360\" width=\"640\" allowfullscreen=\"\" frameborder=\"0\"><\/iframe><\/div>\n<p><b><div class=\"box shadow\"><\/b>El COFB aposta per la formaci\u00f3 cont\u00ednua dels farmac\u00e8utics amb diversos cursos relacionats amb la vacunaci\u00f3:<\/p>\n<ul>\n<li><a href=\"http:\/\/www.who.int\/campaigns\/immunization-week\/2017\/en\/\" target=\"_blank\" rel=\"noopener\">Pneum\u00f2nia pneumoc\u00f2ccica: estrat\u00e8gies de prevenci\u00f3 per vacunaci\u00f3<\/a><\/li>\n<li><a href=\"http:\/\/blog.cofb.cat\/actualitzacio-en-grip-vacunes-antigripals\/\">Actualitzaci\u00f3 en grip i vacunes antigripals<\/a><\/li>\n<li><a href=\"http:\/\/blog.cofb.cat\/paper-del-farmaceutic-en-els-programes-de-vacunacio\/\">Paper del farmac\u00e8utic en els programes de vacunaci\u00f3<\/a><\/li>\n<li><a href=\"http:\/\/blog.cofb.cat\/tertulia-dactualitat-quines-novetats-hi-ha-en-les-vacunes-contra-lal%C2%B7lergia\/\">Tert\u00falia d\u2019actualitat: quines novetats hi ha en les vacunes contra l\u2019al\u00b7l\u00e8rgia?<\/a><\/li>\n<li><a href=\"http:\/\/blog.cofb.cat\/tractament-del-vih-quina-es-la-situacio-de-la-vacuna\/\">Tractament del VIH: quina \u00e9s la situaci\u00f3 de la vacuna?<\/a><\/li>\n<\/ul>\n<p><b>I tamb\u00e9 s\u2019ha fet ress\u00f2 de campanyes informatives a favor de la vacunaci\u00f3 (<a href=\"http:\/\/blog.cofb.cat\/campanyes-informatives-a-favor-de-la-vacunacio\/\">llegir not\u00edcia al Blog<\/a>).<\/b><\/p>\n<p>Al web de salut del Col\u00b7legi, Farmaceuticonline, trobareu un apartat informatiu sobre\u00a0<strong><a href=\"http:\/\/www.farmaceuticonline.com\/ca\/familia\/595-vacunas-infantiles?showall=1\" target=\"_blank\" rel=\"noopener\">Vacunes infantils<\/a><\/strong>.<b><\/div><\/b><\/p>\n<div class=\"box info\">El <a href=\"http:\/\/canalsalut.gencat.cat\/ca\/detalls\/noticia\/Setmana-Internacional-de-la-Immunitzacio-de-lOMS\">Canal Salut<\/a> de la Generalitat destaca de la campanya de l\u2019OMS que:<\/p>\n<ul>\n<li>Les vacunes s\u00f3n efectives i segures.<\/li>\n<li>Utilitzant-les s\u2019han evitat 10 milions de morts entre 2010 i 2015 a tot el m\u00f3n i s\u2019han previngut molt\u00edssims m\u00e9s casos de malaltia i de les seves complicacions.<\/li>\n<li>Per contrarestar la informaci\u00f3 incorrecta que hi ha en moltes webs sobre la seguretat de les vacunes, s\u2019ha creat una xarxa de webs amb informaci\u00f3 validada: <b><a href=\"http:\/\/www.who.int\/vaccine_safety\/initiative\/communication\/network\/vaccine_safety_websites\/en\/\">Vaccine Safety Net <\/a><\/b>\u00a0(Xarxa de Seguretat vacunal) al web de l\u2019OMS.<\/li>\n<\/ul>\n<p>A l\u2019apartat del seu web \u201c<a href=\"http:\/\/canalsalut.gencat.cat\/ca\/salut-a-z\/v\/vacunacions\/vacunacions\/sabieu-que...\/\">Sab\u00edeu que&#8230;\u201d<\/a> es desmitifiquen falses creences i evid\u00e8ncies sobre la vacunaci\u00f3.<\/div>\n<p><b><a href=\"http:\/\/blog.cofb.cat\/wp-content\/uploads\/2016\/02\/twitter-LOGO.jpg\"><img decoding=\"async\" class=\"alignleft  wp-image-19080\" alt=\"twitter-LOGO\" src=\"http:\/\/blog.cofb.cat\/wp-content\/uploads\/2016\/02\/twitter-LOGO-150x150.jpg\" width=\"43\" height=\"43\" \/><\/a>Segueix el tema a Twitter:<\/b> <a href=\"https:\/\/twitter.com\/hashtag\/vaccineswork?lang=es\">#VaccinesWork<\/a><\/p>\n<p><b><br \/>\nFonts i m\u00e9s informaci\u00f3:<\/b><\/p>\n<ul>\n<li><a href=\"http:\/\/who.int\/campaigns\/immunization-week\/2017\/es\/\" target=\"_blank\" rel=\"noopener\">Campanya Setmana Internacional de la Immunitzaci\u00f3<\/a> (via OMS)<\/li>\n<li>Nota de premsa <a href=\"http:\/\/www.portalfarma.com\/Profesionales\/consejoinforma\/Paginas\/2017-Campana-Vacunas-MSSSI.aspx\">Los farmac\u00e9uticos ponen de manifiesto su labor en la Semana Mundial de la Inmunizaci\u00f3n<\/a> (via Consejo General de Colegios Oficiales de Farmac\u00e9uticos)<\/li>\n<li>Campanya <a href=\"https:\/\/www.msssi.gob.es\/campannas\/campanas17\/vacunacionSanitarios.htm\">Promoci\u00f3n de los Beneficios de la Vacunaci\u00f3n en Trabajadores Sanitarios<\/a> (via Ministeri de Sanitat, Serveis Socials i Igualtat)<\/li>\n<li><a href=\"http:\/\/canalsalut.gencat.cat\/ca\/detalls\/noticia\/Setmana-Internacional-de-la-Immunitzacio-de-lOMS\">Setmana Mundial de la Immunitzaci\u00f3<\/a> (via Canal Salut de la Generalitat)<\/li>\n<li><a href=\"http:\/\/canalsalut.gencat.cat\/ca\/salut-a-z\/v\/vacunacions\/vacunacions\/\">Vacunacions<\/a> (via Canal Salut de la Generalitat)<\/li>\n<\/ul>\n","protected":false},"excerpt":{"rendered":"<p>Del dia 24 al 30 d\u2019abril se celebra la Setmana Internacional de la Immunitzaci\u00f3, una iniciativa promoguda per l\u2019Organitzaci\u00f3 Mundial de la Salut (OMS), amb el lema: \u201cLes vacunes funcionen\u201d (#VaccinesWork). Aquest any la Setmana se centra en la gran import\u00e0ncia que t\u00e9 la vacunaci\u00f3 durant tota la vida i [&hellip;]<\/p>\n","protected":false},"author":1,"featured_media":29706,"comment_status":"open","ping_status":"open","sticky":false,"template":"","format":"standard","meta":{"_uag_custom_page_level_css":"","site-sidebar-layout":"default","site-content-layout":"","ast-site-content-layout":"default","site-content-style":"default","site-sidebar-style":"default","ast-global-header-display":"","ast-banner-title-visibility":"","ast-main-header-display":"","ast-hfb-above-header-display":"","ast-hfb-below-header-display":"","ast-hfb-mobile-header-display":"","site-post-title":"","ast-breadcrumbs-content":"","ast-featured-img":"disabled","footer-sml-layout":"","theme-transparent-header-meta":"","adv-header-id-meta":"","stick-header-meta":"","header-above-stick-meta":"","header-main-stick-meta":"","header-below-stick-meta":"","astra-migrate-meta-layouts":"default","ast-page-background-enabled":"default","ast-page-background-meta":{"desktop":{"background-color":"var(--ast-global-color-4)","background-image":"","background-repeat":"repeat","background-position":"center center","background-size":"auto","background-attachment":"scroll","background-type":"","background-media":"","overlay-type":"","overlay-color":"","overlay-opacity":"","overlay-gradient":""},"tablet":{"background-color":"","background-image":"","background-repeat":"repeat","background-position":"center center","background-size":"auto","background-attachment":"scroll","background-type":"","background-media":"","overlay-type":"","overlay-color":"","overlay-opacity":"","overlay-gradient":""},"mobile":{"background-color":"","background-image":"","background-repeat":"repeat","background-position":"center center","background-size":"auto","background-attachment":"scroll","background-type":"","background-media":"","overlay-type":"","overlay-color":"","overlay-opacity":"","overlay-gradient":""}},"ast-content-background-meta":{"desktop":{"background-color":"var(--ast-global-color-5)","background-image":"","background-repeat":"repeat","background-position":"center center","background-size":"auto","background-attachment":"scroll","background-type":"","background-media":"","overlay-type":"","overlay-color":"","overlay-opacity":"","overlay-gradient":""},"tablet":{"background-color":"var(--ast-global-color-5)","background-image":"","background-repeat":"repeat","background-position":"center center","background-size":"auto","background-attachment":"scroll","background-type":"","background-media":"","overlay-type":"","overlay-color":"","overlay-opacity":"","overlay-gradient":""},"mobile":{"background-color":"var(--ast-global-color-5)","background-image":"","background-repeat":"repeat","background-position":"center center","background-size":"auto","background-attachment":"scroll","background-type":"","background-media":"","overlay-type":"","overlay-color":"","overlay-opacity":"","overlay-gradient":""}},"footnotes":""},"categories":[32],"tags":[2613,162,602,523,96,2747,814,2194],"class_list":["post-29682","post","type-post","status-publish","format-standard","has-post-thumbnail","hentry","category-noticies-farmacia","tag-canal-salut","tag-consejo-general-de-colegios-farmaceuticos","tag-oms","tag-professionals-sanitaris","tag-salut-publica","tag-setmana-internacional-de-la-immunitzacio","tag-vacunacio","tag-vacunes"],"yoast_head":"<!-- This site is optimized with the Yoast SEO plugin v22.4 - https:\/\/yoast.com\/wordpress\/plugins\/seo\/ -->\n<title>Setmana Internacional de la Immunitzaci\u00f3: del 24 al 30 d&#039;abril - Col\u00b7legi de Farmac\u00e8utics de Barcelona<\/title>\n<meta name=\"description\" content=\"Setmana Internacional de la Immunitzaci\u00f3: del 24 al 30 d&#039;abril\" \/>\n<meta name=\"robots\" content=\"index, follow, max-snippet:-1, max-image-preview:large, max-video-preview:-1\" \/>\n<link rel=\"canonical\" href=\"https:\/\/novaorg.cofb.net\/2017\/04\/26\/setmana-internacional-de-la-immunitzacio-del-24-al-30-dabril\/\" \/>\n<meta property=\"og:locale\" content=\"ca_ES\" \/>\n<meta property=\"og:type\" content=\"article\" \/>\n<meta property=\"og:title\" content=\"Setmana Internacional de la Immunitzaci\u00f3: del 24 al 30 d&#039;abril - Col\u00b7legi de Farmac\u00e8utics de Barcelona\" \/>\n<meta property=\"og:description\" content=\"Setmana Internacional de la Immunitzaci\u00f3: del 24 al 30 d&#039;abril\" \/>\n<meta property=\"og:url\" content=\"https:\/\/novaorg.cofb.net\/2017\/04\/26\/setmana-internacional-de-la-immunitzacio-del-24-al-30-dabril\/\" \/>\n<meta property=\"og:site_name\" content=\"Col\u00b7legi de Farmac\u00e8utics de Barcelona\" \/>\n<meta property=\"article:publisher\" content=\"https:\/\/www.facebook.com\/farmaceuticsbcn\/\" \/>\n<meta property=\"article:published_time\" content=\"2017-04-26T15:37:09+00:00\" \/>\n<meta name=\"author\" content=\"wpAdminCofbOrg\" \/>\n<meta name=\"twitter:card\" content=\"summary_large_image\" \/>\n<meta name=\"twitter:creator\" content=\"@farmaceuticsbcn\" \/>\n<meta name=\"twitter:site\" content=\"@farmaceuticsbcn\" \/>\n<meta name=\"twitter:label1\" content=\"Escrit per\" \/>\n\t<meta name=\"twitter:data1\" content=\"wpAdminCofbOrg\" \/>\n\t<meta name=\"twitter:label2\" content=\"Temps estimat de lectura\" \/>\n\t<meta name=\"twitter:data2\" content=\"4 minuts\" \/>\n<script type=\"application\/ld+json\" class=\"yoast-schema-graph\">{\"@context\":\"https:\/\/schema.org\",\"@graph\":[{\"@type\":\"Article\",\"@id\":\"https:\/\/novaorg.cofb.net\/2017\/04\/26\/setmana-internacional-de-la-immunitzacio-del-24-al-30-dabril\/#article\",\"isPartOf\":{\"@id\":\"https:\/\/novaorg.cofb.net\/2017\/04\/26\/setmana-internacional-de-la-immunitzacio-del-24-al-30-dabril\/\"},\"author\":{\"name\":\"wpAdminCofbOrg\",\"@id\":\"https:\/\/www.cofb.org\/#\/schema\/person\/22ed7eea88da74b0fa4d3154ad87ffcb\"},\"headline\":\"Setmana Internacional de la Immunitzaci\u00f3: del 24 al 30 d&#8217;abril\",\"datePublished\":\"2017-04-26T15:37:09+00:00\",\"dateModified\":\"2017-04-26T15:37:09+00:00\",\"mainEntityOfPage\":{\"@id\":\"https:\/\/novaorg.cofb.net\/2017\/04\/26\/setmana-internacional-de-la-immunitzacio-del-24-al-30-dabril\/\"},\"wordCount\":769,\"commentCount\":0,\"publisher\":{\"@id\":\"https:\/\/www.cofb.org\/#organization\"},\"image\":{\"@id\":\"https:\/\/novaorg.cofb.net\/2017\/04\/26\/setmana-internacional-de-la-immunitzacio-del-24-al-30-dabril\/#primaryimage\"},\"thumbnailUrl\":\"\",\"keywords\":[\"Canal Salut\",\"Consejo General de Colegios Farmac\u00e9uticos\",\"OMS\",\"professionals sanitaris\",\"Salut p\u00fablica\",\"setmana internacional de la immunitzaci\u00f3\",\"vacunaci\u00f3\",\"vacunes\"],\"articleSection\":[\"Not\u00edcies farm\u00e0cia\"],\"inLanguage\":\"ca\",\"potentialAction\":[{\"@type\":\"CommentAction\",\"name\":\"Comment\",\"target\":[\"https:\/\/novaorg.cofb.net\/2017\/04\/26\/setmana-internacional-de-la-immunitzacio-del-24-al-30-dabril\/#respond\"]}]},{\"@type\":\"WebPage\",\"@id\":\"https:\/\/novaorg.cofb.net\/2017\/04\/26\/setmana-internacional-de-la-immunitzacio-del-24-al-30-dabril\/\",\"url\":\"https:\/\/novaorg.cofb.net\/2017\/04\/26\/setmana-internacional-de-la-immunitzacio-del-24-al-30-dabril\/\",\"name\":\"Setmana Internacional de la Immunitzaci\u00f3: del 24 al 30 d'abril - Col\u00b7legi de Farmac\u00e8utics de Barcelona\",\"isPartOf\":{\"@id\":\"https:\/\/www.cofb.org\/#website\"},\"primaryImageOfPage\":{\"@id\":\"https:\/\/novaorg.cofb.net\/2017\/04\/26\/setmana-internacional-de-la-immunitzacio-del-24-al-30-dabril\/#primaryimage\"},\"image\":{\"@id\":\"https:\/\/novaorg.cofb.net\/2017\/04\/26\/setmana-internacional-de-la-immunitzacio-del-24-al-30-dabril\/#primaryimage\"},\"thumbnailUrl\":\"\",\"datePublished\":\"2017-04-26T15:37:09+00:00\",\"dateModified\":\"2017-04-26T15:37:09+00:00\",\"description\":\"Setmana Internacional de la Immunitzaci\u00f3: del 24 al 30 d'abril\",\"breadcrumb\":{\"@id\":\"https:\/\/novaorg.cofb.net\/2017\/04\/26\/setmana-internacional-de-la-immunitzacio-del-24-al-30-dabril\/#breadcrumb\"},\"inLanguage\":\"ca\",\"potentialAction\":[{\"@type\":\"ReadAction\",\"target\":[\"https:\/\/novaorg.cofb.net\/2017\/04\/26\/setmana-internacional-de-la-immunitzacio-del-24-al-30-dabril\/\"]}]},{\"@type\":\"ImageObject\",\"inLanguage\":\"ca\",\"@id\":\"https:\/\/novaorg.cofb.net\/2017\/04\/26\/setmana-internacional-de-la-immunitzacio-del-24-al-30-dabril\/#primaryimage\",\"url\":\"\",\"contentUrl\":\"\"},{\"@type\":\"BreadcrumbList\",\"@id\":\"https:\/\/novaorg.cofb.net\/2017\/04\/26\/setmana-internacional-de-la-immunitzacio-del-24-al-30-dabril\/#breadcrumb\",\"itemListElement\":[{\"@type\":\"ListItem\",\"position\":1,\"name\":\"Inici\",\"item\":\"https:\/\/novaorg.cofb.net\/\"},{\"@type\":\"ListItem\",\"position\":2,\"name\":\"Setmana Internacional de la Immunitzaci\u00f3: del 24 al 30 d&#8217;abril\"}]},{\"@type\":\"WebSite\",\"@id\":\"https:\/\/www.cofb.org\/#website\",\"url\":\"https:\/\/www.cofb.org\/\",\"name\":\"Col\u00b7legi de Farmac\u00e8utics de Barcelona\",\"description\":\"\",\"publisher\":{\"@id\":\"https:\/\/www.cofb.org\/#organization\"},\"potentialAction\":[{\"@type\":\"SearchAction\",\"target\":{\"@type\":\"EntryPoint\",\"urlTemplate\":\"https:\/\/www.cofb.org\/?s={search_term_string}\"},\"query-input\":\"required name=search_term_string\"}],\"inLanguage\":\"ca\"},{\"@type\":\"Organization\",\"@id\":\"https:\/\/www.cofb.org\/#organization\",\"name\":\"Col\u00b7legi de Farmac\u00e8utics de Barcelona\",\"url\":\"https:\/\/www.cofb.org\/\",\"logo\":{\"@type\":\"ImageObject\",\"inLanguage\":\"ca\",\"@id\":\"https:\/\/www.cofb.org\/#\/schema\/logo\/image\/\",\"url\":\"https:\/\/www.cofb.org\/wp-content\/uploads\/2023\/11\/cropped-Logotip-COFB.png\",\"contentUrl\":\"https:\/\/www.cofb.org\/wp-content\/uploads\/2023\/11\/cropped-Logotip-COFB.png\",\"width\":500,\"height\":105,\"caption\":\"Col\u00b7legi de Farmac\u00e8utics de Barcelona\"},\"image\":{\"@id\":\"https:\/\/www.cofb.org\/#\/schema\/logo\/image\/\"},\"sameAs\":[\"https:\/\/www.facebook.com\/farmaceuticsbcn\/\",\"https:\/\/twitter.com\/farmaceuticsbcn\",\"https:\/\/www.instagram.com\/farmaceuticsbcn\/\",\"https:\/\/www.linkedin.com\/company\/farmaceuticsbcn\/\"]},{\"@type\":\"Person\",\"@id\":\"https:\/\/www.cofb.org\/#\/schema\/person\/22ed7eea88da74b0fa4d3154ad87ffcb\",\"name\":\"wpAdminCofbOrg\",\"image\":{\"@type\":\"ImageObject\",\"inLanguage\":\"ca\",\"@id\":\"https:\/\/www.cofb.org\/#\/schema\/person\/image\/\",\"url\":\"https:\/\/secure.gravatar.com\/avatar\/1721b20b3b8ca882c3b56ec6c978c594fff670e40c0718e9190eaeeb76aae7d8?s=96&d=mm&r=g\",\"contentUrl\":\"https:\/\/secure.gravatar.com\/avatar\/1721b20b3b8ca882c3b56ec6c978c594fff670e40c0718e9190eaeeb76aae7d8?s=96&d=mm&r=g\",\"caption\":\"wpAdminCofbOrg\"},\"sameAs\":[\"http:\/\/192.168.64.122\/wordpress\"],\"url\":\"https:\/\/www.cofb.org\/ca\/author\/wpadmincofborg\/\"}]}<\/script>\n<!-- \/ Yoast SEO plugin. -->","yoast_head_json":{"title":"Setmana Internacional de la Immunitzaci\u00f3: del 24 al 30 d'abril - Col\u00b7legi de Farmac\u00e8utics de Barcelona","description":"Setmana Internacional de la Immunitzaci\u00f3: del 24 al 30 d'abril","robots":{"index":"index","follow":"follow","max-snippet":"max-snippet:-1","max-image-preview":"max-image-preview:large","max-video-preview":"max-video-preview:-1"},"canonical":"https:\/\/novaorg.cofb.net\/2017\/04\/26\/setmana-internacional-de-la-immunitzacio-del-24-al-30-dabril\/","og_locale":"ca_ES","og_type":"article","og_title":"Setmana Internacional de la Immunitzaci\u00f3: del 24 al 30 d'abril - Col\u00b7legi de Farmac\u00e8utics de Barcelona","og_description":"Setmana Internacional de la Immunitzaci\u00f3: del 24 al 30 d'abril","og_url":"https:\/\/novaorg.cofb.net\/2017\/04\/26\/setmana-internacional-de-la-immunitzacio-del-24-al-30-dabril\/","og_site_name":"Col\u00b7legi de Farmac\u00e8utics de Barcelona","article_publisher":"https:\/\/www.facebook.com\/farmaceuticsbcn\/","article_published_time":"2017-04-26T15:37:09+00:00","author":"wpAdminCofbOrg","twitter_card":"summary_large_image","twitter_creator":"@farmaceuticsbcn","twitter_site":"@farmaceuticsbcn","twitter_misc":{"Escrit per":"wpAdminCofbOrg","Temps estimat de lectura":"4 minuts"},"schema":{"@context":"https:\/\/schema.org","@graph":[{"@type":"Article","@id":"https:\/\/novaorg.cofb.net\/2017\/04\/26\/setmana-internacional-de-la-immunitzacio-del-24-al-30-dabril\/#article","isPartOf":{"@id":"https:\/\/novaorg.cofb.net\/2017\/04\/26\/setmana-internacional-de-la-immunitzacio-del-24-al-30-dabril\/"},"author":{"name":"wpAdminCofbOrg","@id":"https:\/\/www.cofb.org\/#\/schema\/person\/22ed7eea88da74b0fa4d3154ad87ffcb"},"headline":"Setmana Internacional de la Immunitzaci\u00f3: del 24 al 30 d&#8217;abril","datePublished":"2017-04-26T15:37:09+00:00","dateModified":"2017-04-26T15:37:09+00:00","mainEntityOfPage":{"@id":"https:\/\/novaorg.cofb.net\/2017\/04\/26\/setmana-internacional-de-la-immunitzacio-del-24-al-30-dabril\/"},"wordCount":769,"commentCount":0,"publisher":{"@id":"https:\/\/www.cofb.org\/#organization"},"image":{"@id":"https:\/\/novaorg.cofb.net\/2017\/04\/26\/setmana-internacional-de-la-immunitzacio-del-24-al-30-dabril\/#primaryimage"},"thumbnailUrl":"","keywords":["Canal Salut","Consejo General de Colegios Farmac\u00e9uticos","OMS","professionals sanitaris","Salut p\u00fablica","setmana internacional de la immunitzaci\u00f3","vacunaci\u00f3","vacunes"],"articleSection":["Not\u00edcies farm\u00e0cia"],"inLanguage":"ca","potentialAction":[{"@type":"CommentAction","name":"Comment","target":["https:\/\/novaorg.cofb.net\/2017\/04\/26\/setmana-internacional-de-la-immunitzacio-del-24-al-30-dabril\/#respond"]}]},{"@type":"WebPage","@id":"https:\/\/novaorg.cofb.net\/2017\/04\/26\/setmana-internacional-de-la-immunitzacio-del-24-al-30-dabril\/","url":"https:\/\/novaorg.cofb.net\/2017\/04\/26\/setmana-internacional-de-la-immunitzacio-del-24-al-30-dabril\/","name":"Setmana Internacional de la Immunitzaci\u00f3: del 24 al 30 d'abril - Col\u00b7legi de Farmac\u00e8utics de Barcelona","isPartOf":{"@id":"https:\/\/www.cofb.org\/#website"},"primaryImageOfPage":{"@id":"https:\/\/novaorg.cofb.net\/2017\/04\/26\/setmana-internacional-de-la-immunitzacio-del-24-al-30-dabril\/#primaryimage"},"image":{"@id":"https:\/\/novaorg.cofb.net\/2017\/04\/26\/setmana-internacional-de-la-immunitzacio-del-24-al-30-dabril\/#primaryimage"},"thumbnailUrl":"","datePublished":"2017-04-26T15:37:09+00:00","dateModified":"2017-04-26T15:37:09+00:00","description":"Setmana Internacional de la Immunitzaci\u00f3: del 24 al 30 d'abril","breadcrumb":{"@id":"https:\/\/novaorg.cofb.net\/2017\/04\/26\/setmana-internacional-de-la-immunitzacio-del-24-al-30-dabril\/#breadcrumb"},"inLanguage":"ca","potentialAction":[{"@type":"ReadAction","target":["https:\/\/novaorg.cofb.net\/2017\/04\/26\/setmana-internacional-de-la-immunitzacio-del-24-al-30-dabril\/"]}]},{"@type":"ImageObject","inLanguage":"ca","@id":"https:\/\/novaorg.cofb.net\/2017\/04\/26\/setmana-internacional-de-la-immunitzacio-del-24-al-30-dabril\/#primaryimage","url":"","contentUrl":""},{"@type":"BreadcrumbList","@id":"https:\/\/novaorg.cofb.net\/2017\/04\/26\/setmana-internacional-de-la-immunitzacio-del-24-al-30-dabril\/#breadcrumb","itemListElement":[{"@type":"ListItem","position":1,"name":"Inici","item":"https:\/\/novaorg.cofb.net\/"},{"@type":"ListItem","position":2,"name":"Setmana Internacional de la Immunitzaci\u00f3: del 24 al 30 d&#8217;abril"}]},{"@type":"WebSite","@id":"https:\/\/www.cofb.org\/#website","url":"https:\/\/www.cofb.org\/","name":"Col\u00b7legi de Farmac\u00e8utics de Barcelona","description":"","publisher":{"@id":"https:\/\/www.cofb.org\/#organization"},"potentialAction":[{"@type":"SearchAction","target":{"@type":"EntryPoint","urlTemplate":"https:\/\/www.cofb.org\/?s={search_term_string}"},"query-input":"required name=search_term_string"}],"inLanguage":"ca"},{"@type":"Organization","@id":"https:\/\/www.cofb.org\/#organization","name":"Col\u00b7legi de Farmac\u00e8utics de Barcelona","url":"https:\/\/www.cofb.org\/","logo":{"@type":"ImageObject","inLanguage":"ca","@id":"https:\/\/www.cofb.org\/#\/schema\/logo\/image\/","url":"https:\/\/www.cofb.org\/wp-content\/uploads\/2023\/11\/cropped-Logotip-COFB.png","contentUrl":"https:\/\/www.cofb.org\/wp-content\/uploads\/2023\/11\/cropped-Logotip-COFB.png","width":500,"height":105,"caption":"Col\u00b7legi de Farmac\u00e8utics de Barcelona"},"image":{"@id":"https:\/\/www.cofb.org\/#\/schema\/logo\/image\/"},"sameAs":["https:\/\/www.facebook.com\/farmaceuticsbcn\/","https:\/\/twitter.com\/farmaceuticsbcn","https:\/\/www.instagram.com\/farmaceuticsbcn\/","https:\/\/www.linkedin.com\/company\/farmaceuticsbcn\/"]},{"@type":"Person","@id":"https:\/\/www.cofb.org\/#\/schema\/person\/22ed7eea88da74b0fa4d3154ad87ffcb","name":"wpAdminCofbOrg","image":{"@type":"ImageObject","inLanguage":"ca","@id":"https:\/\/www.cofb.org\/#\/schema\/person\/image\/","url":"https:\/\/secure.gravatar.com\/avatar\/1721b20b3b8ca882c3b56ec6c978c594fff670e40c0718e9190eaeeb76aae7d8?s=96&d=mm&r=g","contentUrl":"https:\/\/secure.gravatar.com\/avatar\/1721b20b3b8ca882c3b56ec6c978c594fff670e40c0718e9190eaeeb76aae7d8?s=96&d=mm&r=g","caption":"wpAdminCofbOrg"},"sameAs":["http:\/\/192.168.64.122\/wordpress"],"url":"https:\/\/www.cofb.org\/ca\/author\/wpadmincofborg\/"}]}},"uagb_featured_image_src":{"full":false,"thumbnail":false,"medium":false,"medium_large":false,"large":false,"1536x1536":false,"2048x2048":false,"trp-custom-language-flag":false},"uagb_author_info":{"display_name":"wpAdminCofbOrg","author_link":"https:\/\/www.cofb.org\/ca\/author\/wpadmincofborg\/"},"uagb_comment_info":0,"uagb_excerpt":"Del dia 24 al 30 d\u2019abril se celebra la Setmana Internacional de la Immunitzaci\u00f3, una iniciativa promoguda per l\u2019Organitzaci\u00f3 Mundial de la Salut (OMS), amb el lema: \u201cLes vacunes funcionen\u201d (#VaccinesWork). Aquest any la Setmana se centra en la gran import\u00e0ncia que t\u00e9 la vacunaci\u00f3 durant tota la vida i [&hellip;]","_links":{"self":[{"href":"https:\/\/www.cofb.org\/ca\/wp-json\/wp\/v2\/posts\/29682","targetHints":{"allow":["GET"]}}],"collection":[{"href":"https:\/\/www.cofb.org\/ca\/wp-json\/wp\/v2\/posts"}],"about":[{"href":"https:\/\/www.cofb.org\/ca\/wp-json\/wp\/v2\/types\/post"}],"author":[{"embeddable":true,"href":"https:\/\/www.cofb.org\/ca\/wp-json\/wp\/v2\/users\/1"}],"replies":[{"embeddable":true,"href":"https:\/\/www.cofb.org\/ca\/wp-json\/wp\/v2\/comments?post=29682"}],"version-history":[{"count":0,"href":"https:\/\/www.cofb.org\/ca\/wp-json\/wp\/v2\/posts\/29682\/revisions"}],"wp:featuredmedia":[{"embeddable":true,"href":"https:\/\/www.cofb.org\/ca\/wp-json\/"}],"wp:attachment":[{"href":"https:\/\/www.cofb.org\/ca\/wp-json\/wp\/v2\/media?parent=29682"}],"wp:term":[{"taxonomy":"category","embeddable":true,"href":"https:\/\/www.cofb.org\/ca\/wp-json\/wp\/v2\/categories?post=29682"},{"taxonomy":"post_tag","embeddable":true,"href":"https:\/\/www.cofb.org\/ca\/wp-json\/wp\/v2\/tags?post=29682"}],"curies":[{"name":"wp","href":"https:\/\/api.w.org\/{rel}","templated":true}]}}