{"id":29557,"date":"2017-04-27T10:33:40","date_gmt":"2017-04-27T09:33:40","guid":{"rendered":"http:\/\/blog.cofb.cat\/?p=29557"},"modified":"2017-04-27T10:33:40","modified_gmt":"2017-04-27T09:33:40","slug":"la-figura-del-farmaceutic-necessaria-en-la-ruta-assistencial-de-la-insuficiencia-cardiaca-la-fibril%c2%b7lacio-auricular","status":"publish","type":"post","link":"https:\/\/www.cofb.org\/ca\/2017\/04\/27\/la-figura-del-farmaceutic-necessaria-en-la-ruta-assistencial-de-la-insuficiencia-cardiaca-la-fibril%c2%b7lacio-auricular\/","title":{"rendered":"La figura del farmac\u00e8utic, necess\u00e0ria en la ruta assistencial de la insufici\u00e8ncia card\u00edaca i la fibril\u00b7laci\u00f3 auricular"},"content":{"rendered":"<figure id=\"attachment_29564\" aria-describedby=\"caption-attachment-29564\" style=\"width: 268px\" class=\"wp-caption alignleft\"><a href=\"http:\/\/blog.cofb.cat\/wp-content\/uploads\/2017\/04\/curs_IC-2.jpg\"><img decoding=\"async\" class=\" wp-image-29564   \" title=\"La figura del farmac\u00e8utic, necess\u00e0ria en la ruta assistencial de la insufici\u00e8ncia card\u00edaca i la fibril\u00b7laci\u00f3 auricular\" alt=\"curs_IC (2)\" src=\"http:\/\/blog.cofb.cat\/wp-content\/uploads\/2017\/04\/curs_IC-2-1024x683.jpg\" width=\"268\" height=\"178\" \/><\/a><figcaption id=\"caption-attachment-29564\" class=\"wp-caption-text\">Guillermo Bagar\u00eda, vicetresorer del COFB, va presentar el curs<\/figcaption><\/figure>\n<p><b>\u00c9s necessari que el farmac\u00e8utic dels diferents \u00e0mbits assistencials s\u2019integri, juntament amb la resta de professionals sanitaris, en la ruta assistencial de la insufici\u00e8ncia card\u00edaca i la fibril\u00b7laci\u00f3 auricular. <\/b>\u00c9s una de les conclusions a les quals es va arribar a la<b> formaci\u00f3 organitzada pel COF de Barcelona, juntament a la <a href=\"http:\/\/www.scfarmclin.org\/\" target=\"_blank\" rel=\"noopener\">Societat Catalana de Farm\u00e0cia Cl\u00ednica<\/a>, sobre els pacients amb insufici\u00e8ncia card\u00edaca (IC).<\/b> Durant el curs, impartit per <b>agents de salut de diferents \u00e0mbits &#8211;<\/b>metges d&#8217;atenci\u00f3 prim\u00e0ria, cardi\u00f2legs, geriatres, infermeres, farmac\u00e8utics hospitalaris, farmac\u00e8utics d\u2019atenci\u00f3 prim\u00e0ria i farmac\u00e8utics comunitaris- tamb\u00e9 <b>es va destacar la import\u00e0ncia de la coordinaci\u00f3 entre els diferents professionals sanitaris a l\u2019hora d\u2019abordar aquests tipus de pacients. <\/b><\/p>\n<p><b><div class=\"box shadow\">Recomanacions de salut per prevenir la insufici\u00e8ncia card\u00edaca i detectar problemes relacionats amb la medicaci\u00f3, dos dels objectius del curs<\/b><\/p>\n<p>Al voltant d\u2019un centenar de farmac\u00e8utics es van formar a aquest curs, patrocinat per <a href=\"https:\/\/www.novartis.es\/\" target=\"_blank\" rel=\"noopener\">Novartis<\/a>, que va tenir lloc el passat 6 d\u2019abril i va estar coordinat per<strong> Antonio S\u00e1nchez<\/strong>, cap de Servei de Cardiologia del Consorci Sanitari de Terrassa; <strong>Roser Vall\u00e8s<\/strong>, vocal d\u2019Atenci\u00f3 Prim\u00e0ria del COFB; <strong>Guillermo Bagar\u00eda<\/strong>, vicetresorer del COFB; <strong>Cristina Roure<\/strong>, vocal d\u2019Hospitals del COFB; i <strong>Julio Mart\u00ednez<\/strong>, president de la Societat Catalana de Farm\u00e0cia Cl\u00ednica (SCFC).<\/p>\n<p>Al llarg de quatre hores, els alumnes van poder <b>aprofundir coneixements davant q\u00fcestions com quines s\u00f3n les recomanacions de salut i estil de vida \u00f2ptim per prevenir o retardar l\u2019aparici\u00f3 de la insufici\u00e8ncia card\u00edaca<\/b>; <b>els tractaments farmacoterap\u00e8utics indicats;<\/b> <b>l\u2019evid\u00e8ncia cient\u00edfica de cada tractament i la combinaci\u00f3 d\u2019aquests f\u00e0rmacs<\/b>;<b> la detecci\u00f3 de problemes relacionats amb els medicaments (PRM)<\/b> (les interaccions, la dificultat d\u2019adher\u00e8ncia i l\u2019incompliment terap\u00e8utic, entre d\u2019altres); aix\u00ed com <b>el debat sobre com integrar i millorar la comunicaci\u00f3 i la coordinaci\u00f3 de l\u2019equip assistencial per millorar la qualitat de vida del pacient amb IC.<\/b> Alhora, tamb\u00e9 es va comptar amb la participaci\u00f3 d&#8217;una pacient cr\u00f2nica, membre del programa de pacients experts d\u2019IC del Departament de Salut, que va donar el seu testimoni del seu pas pel proc\u00e9s assistencial, des del diagn\u00f2stic fins a fases avan\u00e7ades de la malaltia.<b><\/div><\/b><\/p>\n<figure id=\"attachment_29565\" aria-describedby=\"caption-attachment-29565\" style=\"width: 268px\" class=\"wp-caption alignleft\"><a href=\"http:\/\/blog.cofb.cat\/wp-content\/uploads\/2017\/04\/curs_IC-3.jpg\"><img decoding=\"async\" class=\" wp-image-29565   \" title=\"La figura del farmac\u00e8utic, necess\u00e0ria en la ruta assistencial de la insufici\u00e8ncia card\u00edaca i la fibril\u00b7laci\u00f3 auricular\" alt=\"curs_IC (3)\" src=\"http:\/\/blog.cofb.cat\/wp-content\/uploads\/2017\/04\/curs_IC-3-1024x683.jpg\" width=\"268\" height=\"178\" \/><\/a><figcaption id=\"caption-attachment-29565\" class=\"wp-caption-text\">El metge Mariano de la Figuera<\/figcaption><\/figure>\n<figure id=\"attachment_29566\" aria-describedby=\"caption-attachment-29566\" style=\"width: 268px\" class=\"wp-caption alignleft\"><a href=\"http:\/\/blog.cofb.cat\/wp-content\/uploads\/2017\/04\/curs_IC-4.jpg\"><img decoding=\"async\" class=\"wp-image-29566       \" title=\"La figura del farmac\u00e8utic, necess\u00e0ria en la ruta assistencial de la insufici\u00e8ncia card\u00edaca i la fibril\u00b7laci\u00f3 auricular\" alt=\"curs_IC (4)\" src=\"http:\/\/blog.cofb.cat\/wp-content\/uploads\/2017\/04\/curs_IC-4-1024x683.jpg\" width=\"268\" height=\"178\" \/><\/a><figcaption id=\"caption-attachment-29566\" class=\"wp-caption-text\">El cardi\u00f2leg Roman Freixa<\/figcaption><\/figure>\n<figure id=\"attachment_29567\" aria-describedby=\"caption-attachment-29567\" style=\"width: 268px\" class=\"wp-caption alignleft\"><a href=\"http:\/\/blog.cofb.cat\/wp-content\/uploads\/2017\/04\/curs_IC-5.jpg\"><img loading=\"lazy\" decoding=\"async\" class=\" wp-image-29567     \" title=\"La figura del farmac\u00e8utic, necess\u00e0ria en la ruta assistencial de la insufici\u00e8ncia card\u00edaca i la fibril\u00b7laci\u00f3 auricular\" alt=\"curs_IC (5)\" src=\"http:\/\/blog.cofb.cat\/wp-content\/uploads\/2017\/04\/curs_IC-5-1024x683.jpg\" width=\"268\" height=\"178\" \/><\/a><figcaption id=\"caption-attachment-29567\" class=\"wp-caption-text\">La farmac\u00e8utica Montserrat Iracheta<\/figcaption><\/figure>\n<figure id=\"attachment_29569\" aria-describedby=\"caption-attachment-29569\" style=\"width: 268px\" class=\"wp-caption alignleft\"><a href=\"http:\/\/blog.cofb.cat\/wp-content\/uploads\/2017\/04\/curs_IC-7.jpg\"><img loading=\"lazy\" decoding=\"async\" class=\"wp-image-29569    \" title=\"La figura del farmac\u00e8utic, necess\u00e0ria en la ruta assistencial de la insufici\u00e8ncia card\u00edaca i la fibril\u00b7laci\u00f3 auricular\" alt=\"curs_IC (7)\" src=\"http:\/\/blog.cofb.cat\/wp-content\/uploads\/2017\/04\/curs_IC-7-1024x683.jpg\" width=\"268\" height=\"178\" \/><\/a><figcaption id=\"caption-attachment-29569\" class=\"wp-caption-text\">La farmac\u00e8utica Mariona Roca<\/figcaption><\/figure>\n<p>&nbsp;<\/p>\n<p>&nbsp;<\/p>\n<p>&nbsp;<\/p>\n<p>&nbsp;<\/p>\n<p>&nbsp;<\/p>\n<p>&nbsp;<\/p>\n<p>&nbsp;<\/p>\n<p>&nbsp;<\/p>\n<p>&nbsp;<\/p>\n<p>&nbsp;<\/p>\n<p>&nbsp;<\/p>\n<p>&nbsp;<\/p>\n<p>El quadre docent va estar format per <strong>Montserrat Brugada<\/strong>, infermera, gesti\u00f3 de casos a l&#8217;UGAP 3-4 de Santa Coloma de Gramenet; <strong>Mariano De la Figuera<\/strong>, metge de fam\u00edlia de l&#8217;EAP Sardenya de Barcelona; <strong>Mercedes Fernandez,<\/strong> pacient cr\u00f2nica experta; <strong>Roman Freixa<\/strong>, cardi\u00f2leg, cap del Servei de Cardiologia de l&#8217;Hospital Mois\u00e8s Broggi de Sant Joan Desp\u00ed\/L\u2019Hospitalet de Llobregat; <strong>\u00a0Montse Iracheta<\/strong>, farmac\u00e8utica comunit\u00e0ria a Santa Coloma de Gramenet, vocal de l\u2019executiva catalana de la SEFAC i professora associada de la Facultat de Farmacia (UB); \u00a0<strong>N\u00faria Molist<\/strong>, geriatra de l&#8217;Hospital de la Santa Creu de Vic; <strong>Mariona Roca<\/strong>, farmac\u00e8utica d&#8217;atenci\u00f3 prim\u00e0ria del Consorci Sanitari de Terrassa-Servei de farm\u00e0cia integral; i <strong>Salvador Tous<\/strong>, \u00a0farmac\u00e8utic comunitari a Barcelona, vocal de l&#8217;executiva catalana de la SEFAC i m\u00e0ster d\u2019informaci\u00f3 i consell sanitari a l\u2019oficina de farm\u00e0cia.<\/p>\n<p><b>L\u2019aparell circulatori, una de les prioritats del Pla de Salut 2016-2020<\/b><\/p>\n<p>D\u2019acord amb els objectius del <a href=\"http:\/\/salutweb.gencat.cat\/ca\/el_departament\/Pla_salut\/pla-de-salut-2016-2020\/\" target=\"_blank\" rel=\"noopener\">Pla de Salut 2016-2020<\/a> del Departament de Salut, els principals reptes a desenvolupar han de servir per donar resposta a les necessitats de salut de la poblaci\u00f3 i treballar per la consolidaci\u00f3 d\u2019un sistema sanitari centrat en les persones. <b>Entre les \u00e0rees que prioritza el nou Pla hi ha l\u2019aparell circulatori,<\/b> tant el cardiovascular com el cerebrovascular, \u00e9s per aix\u00f2 que <b>s\u2019ha de posar a l\u2019abast dels professionals eines per adquirir, mantenir i potenciar les compet\u00e8ncies necess\u00e0ries per dur a terme les actuacions definides en aquest Pla. <\/b><\/p>\n<p><b>Un exemple d\u2019\u00e8xit de la participaci\u00f3 del farmac\u00e8utic en la ruta assistencial de la fibril\u00b7laci\u00f3 auricular \u00e9s la <a href=\"http:\/\/blog.cofb.cat\/ultims-dies-de-la-campanya-pren-te-el-pols-abans-de-la-marato\/\" target=\"_blank\" rel=\"noopener\">campanya \u201cPren-te el pols\u201d<\/a>,<\/b> organitzada pel Departament de Salut, la Fundaci\u00f3 Ictus i el Consell de Col\u00b7legis Farmac\u00e8utics de Catalunya. En el marc d\u2019aquesta iniciativa, <b>370 farm\u00e0cies comunit\u00e0ries, 40 ajuntaments i 105 centres de salut van treballar conjuntament per millorar la detecci\u00f3, el diagn\u00f2stic i el tractament de l&#8217;ar\u00edtmia card\u00edaca, i contribuir aix\u00ed a prevenir l&#8217;ictus, <\/b>considerada la primera causa de mort en les dones i la tercera en els homes.<\/p>\n<p><span style=\"color: #888888;\"><strong>Nota de premsa enviada als mitjans de comunicaci\u00f3. Tamb\u00e9 es pot consultar a la <a href=\"http:\/\/www.cofb.org\/web\/guest\/Noticia\/-\/journal_content\/56_INSTANCE_V6ao\/10136\/983626\" target=\"_blank\" rel=\"noopener\">Sala de Premsa <\/a>del web institucional.<\/strong><\/span><\/p>\n","protected":false},"excerpt":{"rendered":"<p>\u00c9s necessari que el farmac\u00e8utic dels diferents \u00e0mbits assistencials s\u2019integri, juntament amb la resta de professionals sanitaris, en la ruta assistencial de la insufici\u00e8ncia card\u00edaca i la fibril\u00b7laci\u00f3 auricular. \u00c9s una de les conclusions a les quals es va arribar a la formaci\u00f3 organitzada pel COF de Barcelona, juntament a [&hellip;]<\/p>\n","protected":false},"author":1,"featured_media":29733,"comment_status":"open","ping_status":"open","sticky":false,"template":"","format":"standard","meta":{"_uag_custom_page_level_css":"","site-sidebar-layout":"default","site-content-layout":"","ast-site-content-layout":"default","site-content-style":"default","site-sidebar-style":"default","ast-global-header-display":"","ast-banner-title-visibility":"","ast-main-header-display":"","ast-hfb-above-header-display":"","ast-hfb-below-header-display":"","ast-hfb-mobile-header-display":"","site-post-title":"","ast-breadcrumbs-content":"","ast-featured-img":"disabled","footer-sml-layout":"","theme-transparent-header-meta":"","adv-header-id-meta":"","stick-header-meta":"","header-above-stick-meta":"","header-main-stick-meta":"","header-below-stick-meta":"","astra-migrate-meta-layouts":"default","ast-page-background-enabled":"default","ast-page-background-meta":{"desktop":{"background-color":"var(--ast-global-color-4)","background-image":"","background-repeat":"repeat","background-position":"center center","background-size":"auto","background-attachment":"scroll","background-type":"","background-media":"","overlay-type":"","overlay-color":"","overlay-opacity":"","overlay-gradient":""},"tablet":{"background-color":"","background-image":"","background-repeat":"repeat","background-position":"center center","background-size":"auto","background-attachment":"scroll","background-type":"","background-media":"","overlay-type":"","overlay-color":"","overlay-opacity":"","overlay-gradient":""},"mobile":{"background-color":"","background-image":"","background-repeat":"repeat","background-position":"center center","background-size":"auto","background-attachment":"scroll","background-type":"","background-media":"","overlay-type":"","overlay-color":"","overlay-opacity":"","overlay-gradient":""}},"ast-content-background-meta":{"desktop":{"background-color":"var(--ast-global-color-5)","background-image":"","background-repeat":"repeat","background-position":"center center","background-size":"auto","background-attachment":"scroll","background-type":"","background-media":"","overlay-type":"","overlay-color":"","overlay-opacity":"","overlay-gradient":""},"tablet":{"background-color":"var(--ast-global-color-5)","background-image":"","background-repeat":"repeat","background-position":"center center","background-size":"auto","background-attachment":"scroll","background-type":"","background-media":"","overlay-type":"","overlay-color":"","overlay-opacity":"","overlay-gradient":""},"mobile":{"background-color":"var(--ast-global-color-5)","background-image":"","background-repeat":"repeat","background-position":"center center","background-size":"auto","background-attachment":"scroll","background-type":"","background-media":"","overlay-type":"","overlay-color":"","overlay-opacity":"","overlay-gradient":""}},"footnotes":""},"categories":[57],"tags":[2601,24,2580,70,2743,2554,2744,2177,2132,2582,682,2745],"class_list":["post-29557","post","type-post","status-publish","format-standard","has-post-thumbnail","hentry","category-mon-collegial","tag-aritmia-cardiaca","tag-farmaceutics-comunitaris","tag-fibrillacio-auricular","tag-formacio","tag-ic","tag-ictus","tag-insuficiencia-cardiaca","tag-interaccions","tag-pla-de-salut-2016-2020","tag-pren-te-el-pols","tag-prim","tag-prm"],"yoast_head":"<!-- This site is optimized with the Yoast SEO plugin v22.4 - https:\/\/yoast.com\/wordpress\/plugins\/seo\/ -->\n<title>La figura del farmac\u00e8utic, necess\u00e0ria en la ruta assistencial de la insufici\u00e8ncia card\u00edaca i la fibril\u00b7laci\u00f3 auricular<\/title>\n<meta name=\"description\" content=\"La figura del farmac\u00e8utic, necess\u00e0ria en la ruta assistencial de la insufici\u00e8ncia card\u00edaca i la fibril\u00b7laci\u00f3 auricular\" \/>\n<meta name=\"robots\" content=\"index, follow, max-snippet:-1, max-image-preview:large, max-video-preview:-1\" \/>\n<link rel=\"canonical\" href=\"https:\/\/novaorg.cofb.net\/2017\/04\/27\/la-figura-del-farmaceutic-necessaria-en-la-ruta-assistencial-de-la-insuficiencia-cardiaca-la-fibril\u00b7lacio-auricular\/\" \/>\n<meta property=\"og:locale\" content=\"ca_ES\" \/>\n<meta property=\"og:type\" content=\"article\" \/>\n<meta property=\"og:title\" content=\"La figura del farmac\u00e8utic, necess\u00e0ria en la ruta assistencial de la insufici\u00e8ncia card\u00edaca i la fibril\u00b7laci\u00f3 auricular\" \/>\n<meta property=\"og:description\" content=\"La figura del farmac\u00e8utic, necess\u00e0ria en la ruta assistencial de la insufici\u00e8ncia card\u00edaca i la fibril\u00b7laci\u00f3 auricular\" \/>\n<meta property=\"og:url\" content=\"https:\/\/novaorg.cofb.net\/2017\/04\/27\/la-figura-del-farmaceutic-necessaria-en-la-ruta-assistencial-de-la-insuficiencia-cardiaca-la-fibril\u00b7lacio-auricular\/\" \/>\n<meta property=\"og:site_name\" content=\"Col\u00b7legi de Farmac\u00e8utics de Barcelona\" \/>\n<meta property=\"article:publisher\" content=\"https:\/\/www.facebook.com\/farmaceuticsbcn\/\" \/>\n<meta property=\"article:published_time\" content=\"2017-04-27T09:33:40+00:00\" \/>\n<meta name=\"author\" content=\"wpAdminCofbOrg\" \/>\n<meta name=\"twitter:card\" content=\"summary_large_image\" \/>\n<meta name=\"twitter:creator\" content=\"@farmaceuticsbcn\" \/>\n<meta name=\"twitter:site\" content=\"@farmaceuticsbcn\" \/>\n<meta name=\"twitter:label1\" content=\"Escrit per\" \/>\n\t<meta name=\"twitter:data1\" content=\"wpAdminCofbOrg\" \/>\n\t<meta name=\"twitter:label2\" content=\"Temps estimat de lectura\" \/>\n\t<meta name=\"twitter:data2\" content=\"4 minuts\" \/>\n<script type=\"application\/ld+json\" class=\"yoast-schema-graph\">{\"@context\":\"https:\/\/schema.org\",\"@graph\":[{\"@type\":\"Article\",\"@id\":\"https:\/\/novaorg.cofb.net\/2017\/04\/27\/la-figura-del-farmaceutic-necessaria-en-la-ruta-assistencial-de-la-insuficiencia-cardiaca-la-fibril%c2%b7lacio-auricular\/#article\",\"isPartOf\":{\"@id\":\"https:\/\/novaorg.cofb.net\/2017\/04\/27\/la-figura-del-farmaceutic-necessaria-en-la-ruta-assistencial-de-la-insuficiencia-cardiaca-la-fibril%c2%b7lacio-auricular\/\"},\"author\":{\"name\":\"wpAdminCofbOrg\",\"@id\":\"https:\/\/www.cofb.org\/#\/schema\/person\/22ed7eea88da74b0fa4d3154ad87ffcb\"},\"headline\":\"La figura del farmac\u00e8utic, necess\u00e0ria en la ruta assistencial de la insufici\u00e8ncia card\u00edaca i la fibril\u00b7laci\u00f3 auricular\",\"datePublished\":\"2017-04-27T09:33:40+00:00\",\"dateModified\":\"2017-04-27T09:33:40+00:00\",\"mainEntityOfPage\":{\"@id\":\"https:\/\/novaorg.cofb.net\/2017\/04\/27\/la-figura-del-farmaceutic-necessaria-en-la-ruta-assistencial-de-la-insuficiencia-cardiaca-la-fibril%c2%b7lacio-auricular\/\"},\"wordCount\":880,\"commentCount\":0,\"publisher\":{\"@id\":\"https:\/\/www.cofb.org\/#organization\"},\"image\":{\"@id\":\"https:\/\/novaorg.cofb.net\/2017\/04\/27\/la-figura-del-farmaceutic-necessaria-en-la-ruta-assistencial-de-la-insuficiencia-cardiaca-la-fibril%c2%b7lacio-auricular\/#primaryimage\"},\"thumbnailUrl\":\"\",\"keywords\":[\"ar\u00edtmia card\u00edaca\",\"farmac\u00e8utics comunitaris\",\"fibril\u00b7laci\u00f3 auricular\",\"Formaci\u00f3\",\"IC\",\"ictus\",\"insufici\u00e8ncia card\u00edaca\",\"interaccions\",\"Pla de Salut 2016-2020\",\"pren-te el pols\",\"prim\",\"PRM\"],\"articleSection\":[\"M\u00f3n col\u00b7legial\"],\"inLanguage\":\"ca\",\"potentialAction\":[{\"@type\":\"CommentAction\",\"name\":\"Comment\",\"target\":[\"https:\/\/novaorg.cofb.net\/2017\/04\/27\/la-figura-del-farmaceutic-necessaria-en-la-ruta-assistencial-de-la-insuficiencia-cardiaca-la-fibril%c2%b7lacio-auricular\/#respond\"]}]},{\"@type\":\"WebPage\",\"@id\":\"https:\/\/novaorg.cofb.net\/2017\/04\/27\/la-figura-del-farmaceutic-necessaria-en-la-ruta-assistencial-de-la-insuficiencia-cardiaca-la-fibril%c2%b7lacio-auricular\/\",\"url\":\"https:\/\/novaorg.cofb.net\/2017\/04\/27\/la-figura-del-farmaceutic-necessaria-en-la-ruta-assistencial-de-la-insuficiencia-cardiaca-la-fibril%c2%b7lacio-auricular\/\",\"name\":\"La figura del farmac\u00e8utic, necess\u00e0ria en la ruta assistencial de la insufici\u00e8ncia card\u00edaca i la fibril\u00b7laci\u00f3 auricular\",\"isPartOf\":{\"@id\":\"https:\/\/www.cofb.org\/#website\"},\"primaryImageOfPage\":{\"@id\":\"https:\/\/novaorg.cofb.net\/2017\/04\/27\/la-figura-del-farmaceutic-necessaria-en-la-ruta-assistencial-de-la-insuficiencia-cardiaca-la-fibril%c2%b7lacio-auricular\/#primaryimage\"},\"image\":{\"@id\":\"https:\/\/novaorg.cofb.net\/2017\/04\/27\/la-figura-del-farmaceutic-necessaria-en-la-ruta-assistencial-de-la-insuficiencia-cardiaca-la-fibril%c2%b7lacio-auricular\/#primaryimage\"},\"thumbnailUrl\":\"\",\"datePublished\":\"2017-04-27T09:33:40+00:00\",\"dateModified\":\"2017-04-27T09:33:40+00:00\",\"description\":\"La figura del farmac\u00e8utic, necess\u00e0ria en la ruta assistencial de la insufici\u00e8ncia card\u00edaca i la fibril\u00b7laci\u00f3 auricular\",\"breadcrumb\":{\"@id\":\"https:\/\/novaorg.cofb.net\/2017\/04\/27\/la-figura-del-farmaceutic-necessaria-en-la-ruta-assistencial-de-la-insuficiencia-cardiaca-la-fibril%c2%b7lacio-auricular\/#breadcrumb\"},\"inLanguage\":\"ca\",\"potentialAction\":[{\"@type\":\"ReadAction\",\"target\":[\"https:\/\/novaorg.cofb.net\/2017\/04\/27\/la-figura-del-farmaceutic-necessaria-en-la-ruta-assistencial-de-la-insuficiencia-cardiaca-la-fibril%c2%b7lacio-auricular\/\"]}]},{\"@type\":\"ImageObject\",\"inLanguage\":\"ca\",\"@id\":\"https:\/\/novaorg.cofb.net\/2017\/04\/27\/la-figura-del-farmaceutic-necessaria-en-la-ruta-assistencial-de-la-insuficiencia-cardiaca-la-fibril%c2%b7lacio-auricular\/#primaryimage\",\"url\":\"\",\"contentUrl\":\"\"},{\"@type\":\"BreadcrumbList\",\"@id\":\"https:\/\/novaorg.cofb.net\/2017\/04\/27\/la-figura-del-farmaceutic-necessaria-en-la-ruta-assistencial-de-la-insuficiencia-cardiaca-la-fibril%c2%b7lacio-auricular\/#breadcrumb\",\"itemListElement\":[{\"@type\":\"ListItem\",\"position\":1,\"name\":\"Inici\",\"item\":\"https:\/\/novaorg.cofb.net\/\"},{\"@type\":\"ListItem\",\"position\":2,\"name\":\"La figura del farmac\u00e8utic, necess\u00e0ria en la ruta assistencial de la insufici\u00e8ncia card\u00edaca i la fibril\u00b7laci\u00f3 auricular\"}]},{\"@type\":\"WebSite\",\"@id\":\"https:\/\/www.cofb.org\/#website\",\"url\":\"https:\/\/www.cofb.org\/\",\"name\":\"Col\u00b7legi de Farmac\u00e8utics de Barcelona\",\"description\":\"\",\"publisher\":{\"@id\":\"https:\/\/www.cofb.org\/#organization\"},\"potentialAction\":[{\"@type\":\"SearchAction\",\"target\":{\"@type\":\"EntryPoint\",\"urlTemplate\":\"https:\/\/www.cofb.org\/?s={search_term_string}\"},\"query-input\":\"required name=search_term_string\"}],\"inLanguage\":\"ca\"},{\"@type\":\"Organization\",\"@id\":\"https:\/\/www.cofb.org\/#organization\",\"name\":\"Col\u00b7legi de Farmac\u00e8utics de Barcelona\",\"url\":\"https:\/\/www.cofb.org\/\",\"logo\":{\"@type\":\"ImageObject\",\"inLanguage\":\"ca\",\"@id\":\"https:\/\/www.cofb.org\/#\/schema\/logo\/image\/\",\"url\":\"https:\/\/www.cofb.org\/wp-content\/uploads\/2023\/11\/cropped-Logotip-COFB.png\",\"contentUrl\":\"https:\/\/www.cofb.org\/wp-content\/uploads\/2023\/11\/cropped-Logotip-COFB.png\",\"width\":500,\"height\":105,\"caption\":\"Col\u00b7legi de Farmac\u00e8utics de Barcelona\"},\"image\":{\"@id\":\"https:\/\/www.cofb.org\/#\/schema\/logo\/image\/\"},\"sameAs\":[\"https:\/\/www.facebook.com\/farmaceuticsbcn\/\",\"https:\/\/twitter.com\/farmaceuticsbcn\",\"https:\/\/www.instagram.com\/farmaceuticsbcn\/\",\"https:\/\/www.linkedin.com\/company\/farmaceuticsbcn\/\"]},{\"@type\":\"Person\",\"@id\":\"https:\/\/www.cofb.org\/#\/schema\/person\/22ed7eea88da74b0fa4d3154ad87ffcb\",\"name\":\"wpAdminCofbOrg\",\"image\":{\"@type\":\"ImageObject\",\"inLanguage\":\"ca\",\"@id\":\"https:\/\/www.cofb.org\/#\/schema\/person\/image\/\",\"url\":\"https:\/\/secure.gravatar.com\/avatar\/1721b20b3b8ca882c3b56ec6c978c594fff670e40c0718e9190eaeeb76aae7d8?s=96&d=mm&r=g\",\"contentUrl\":\"https:\/\/secure.gravatar.com\/avatar\/1721b20b3b8ca882c3b56ec6c978c594fff670e40c0718e9190eaeeb76aae7d8?s=96&d=mm&r=g\",\"caption\":\"wpAdminCofbOrg\"},\"sameAs\":[\"http:\/\/192.168.64.122\/wordpress\"],\"url\":\"https:\/\/www.cofb.org\/ca\/author\/wpadmincofborg\/\"}]}<\/script>\n<!-- \/ Yoast SEO plugin. -->","yoast_head_json":{"title":"La figura del farmac\u00e8utic, necess\u00e0ria en la ruta assistencial de la insufici\u00e8ncia card\u00edaca i la fibril\u00b7laci\u00f3 auricular","description":"La figura del farmac\u00e8utic, necess\u00e0ria en la ruta assistencial de la insufici\u00e8ncia card\u00edaca i la fibril\u00b7laci\u00f3 auricular","robots":{"index":"index","follow":"follow","max-snippet":"max-snippet:-1","max-image-preview":"max-image-preview:large","max-video-preview":"max-video-preview:-1"},"canonical":"https:\/\/novaorg.cofb.net\/2017\/04\/27\/la-figura-del-farmaceutic-necessaria-en-la-ruta-assistencial-de-la-insuficiencia-cardiaca-la-fibril\u00b7lacio-auricular\/","og_locale":"ca_ES","og_type":"article","og_title":"La figura del farmac\u00e8utic, necess\u00e0ria en la ruta assistencial de la insufici\u00e8ncia card\u00edaca i la fibril\u00b7laci\u00f3 auricular","og_description":"La figura del farmac\u00e8utic, necess\u00e0ria en la ruta assistencial de la insufici\u00e8ncia card\u00edaca i la fibril\u00b7laci\u00f3 auricular","og_url":"https:\/\/novaorg.cofb.net\/2017\/04\/27\/la-figura-del-farmaceutic-necessaria-en-la-ruta-assistencial-de-la-insuficiencia-cardiaca-la-fibril\u00b7lacio-auricular\/","og_site_name":"Col\u00b7legi de Farmac\u00e8utics de Barcelona","article_publisher":"https:\/\/www.facebook.com\/farmaceuticsbcn\/","article_published_time":"2017-04-27T09:33:40+00:00","author":"wpAdminCofbOrg","twitter_card":"summary_large_image","twitter_creator":"@farmaceuticsbcn","twitter_site":"@farmaceuticsbcn","twitter_misc":{"Escrit per":"wpAdminCofbOrg","Temps estimat de lectura":"4 minuts"},"schema":{"@context":"https:\/\/schema.org","@graph":[{"@type":"Article","@id":"https:\/\/novaorg.cofb.net\/2017\/04\/27\/la-figura-del-farmaceutic-necessaria-en-la-ruta-assistencial-de-la-insuficiencia-cardiaca-la-fibril%c2%b7lacio-auricular\/#article","isPartOf":{"@id":"https:\/\/novaorg.cofb.net\/2017\/04\/27\/la-figura-del-farmaceutic-necessaria-en-la-ruta-assistencial-de-la-insuficiencia-cardiaca-la-fibril%c2%b7lacio-auricular\/"},"author":{"name":"wpAdminCofbOrg","@id":"https:\/\/www.cofb.org\/#\/schema\/person\/22ed7eea88da74b0fa4d3154ad87ffcb"},"headline":"La figura del farmac\u00e8utic, necess\u00e0ria en la ruta assistencial de la insufici\u00e8ncia card\u00edaca i la fibril\u00b7laci\u00f3 auricular","datePublished":"2017-04-27T09:33:40+00:00","dateModified":"2017-04-27T09:33:40+00:00","mainEntityOfPage":{"@id":"https:\/\/novaorg.cofb.net\/2017\/04\/27\/la-figura-del-farmaceutic-necessaria-en-la-ruta-assistencial-de-la-insuficiencia-cardiaca-la-fibril%c2%b7lacio-auricular\/"},"wordCount":880,"commentCount":0,"publisher":{"@id":"https:\/\/www.cofb.org\/#organization"},"image":{"@id":"https:\/\/novaorg.cofb.net\/2017\/04\/27\/la-figura-del-farmaceutic-necessaria-en-la-ruta-assistencial-de-la-insuficiencia-cardiaca-la-fibril%c2%b7lacio-auricular\/#primaryimage"},"thumbnailUrl":"","keywords":["ar\u00edtmia card\u00edaca","farmac\u00e8utics comunitaris","fibril\u00b7laci\u00f3 auricular","Formaci\u00f3","IC","ictus","insufici\u00e8ncia card\u00edaca","interaccions","Pla de Salut 2016-2020","pren-te el pols","prim","PRM"],"articleSection":["M\u00f3n col\u00b7legial"],"inLanguage":"ca","potentialAction":[{"@type":"CommentAction","name":"Comment","target":["https:\/\/novaorg.cofb.net\/2017\/04\/27\/la-figura-del-farmaceutic-necessaria-en-la-ruta-assistencial-de-la-insuficiencia-cardiaca-la-fibril%c2%b7lacio-auricular\/#respond"]}]},{"@type":"WebPage","@id":"https:\/\/novaorg.cofb.net\/2017\/04\/27\/la-figura-del-farmaceutic-necessaria-en-la-ruta-assistencial-de-la-insuficiencia-cardiaca-la-fibril%c2%b7lacio-auricular\/","url":"https:\/\/novaorg.cofb.net\/2017\/04\/27\/la-figura-del-farmaceutic-necessaria-en-la-ruta-assistencial-de-la-insuficiencia-cardiaca-la-fibril%c2%b7lacio-auricular\/","name":"La figura del farmac\u00e8utic, necess\u00e0ria en la ruta assistencial de la insufici\u00e8ncia card\u00edaca i la fibril\u00b7laci\u00f3 auricular","isPartOf":{"@id":"https:\/\/www.cofb.org\/#website"},"primaryImageOfPage":{"@id":"https:\/\/novaorg.cofb.net\/2017\/04\/27\/la-figura-del-farmaceutic-necessaria-en-la-ruta-assistencial-de-la-insuficiencia-cardiaca-la-fibril%c2%b7lacio-auricular\/#primaryimage"},"image":{"@id":"https:\/\/novaorg.cofb.net\/2017\/04\/27\/la-figura-del-farmaceutic-necessaria-en-la-ruta-assistencial-de-la-insuficiencia-cardiaca-la-fibril%c2%b7lacio-auricular\/#primaryimage"},"thumbnailUrl":"","datePublished":"2017-04-27T09:33:40+00:00","dateModified":"2017-04-27T09:33:40+00:00","description":"La figura del farmac\u00e8utic, necess\u00e0ria en la ruta assistencial de la insufici\u00e8ncia card\u00edaca i la fibril\u00b7laci\u00f3 auricular","breadcrumb":{"@id":"https:\/\/novaorg.cofb.net\/2017\/04\/27\/la-figura-del-farmaceutic-necessaria-en-la-ruta-assistencial-de-la-insuficiencia-cardiaca-la-fibril%c2%b7lacio-auricular\/#breadcrumb"},"inLanguage":"ca","potentialAction":[{"@type":"ReadAction","target":["https:\/\/novaorg.cofb.net\/2017\/04\/27\/la-figura-del-farmaceutic-necessaria-en-la-ruta-assistencial-de-la-insuficiencia-cardiaca-la-fibril%c2%b7lacio-auricular\/"]}]},{"@type":"ImageObject","inLanguage":"ca","@id":"https:\/\/novaorg.cofb.net\/2017\/04\/27\/la-figura-del-farmaceutic-necessaria-en-la-ruta-assistencial-de-la-insuficiencia-cardiaca-la-fibril%c2%b7lacio-auricular\/#primaryimage","url":"","contentUrl":""},{"@type":"BreadcrumbList","@id":"https:\/\/novaorg.cofb.net\/2017\/04\/27\/la-figura-del-farmaceutic-necessaria-en-la-ruta-assistencial-de-la-insuficiencia-cardiaca-la-fibril%c2%b7lacio-auricular\/#breadcrumb","itemListElement":[{"@type":"ListItem","position":1,"name":"Inici","item":"https:\/\/novaorg.cofb.net\/"},{"@type":"ListItem","position":2,"name":"La figura del farmac\u00e8utic, necess\u00e0ria en la ruta assistencial de la insufici\u00e8ncia card\u00edaca i la fibril\u00b7laci\u00f3 auricular"}]},{"@type":"WebSite","@id":"https:\/\/www.cofb.org\/#website","url":"https:\/\/www.cofb.org\/","name":"Col\u00b7legi de Farmac\u00e8utics de Barcelona","description":"","publisher":{"@id":"https:\/\/www.cofb.org\/#organization"},"potentialAction":[{"@type":"SearchAction","target":{"@type":"EntryPoint","urlTemplate":"https:\/\/www.cofb.org\/?s={search_term_string}"},"query-input":"required name=search_term_string"}],"inLanguage":"ca"},{"@type":"Organization","@id":"https:\/\/www.cofb.org\/#organization","name":"Col\u00b7legi de Farmac\u00e8utics de Barcelona","url":"https:\/\/www.cofb.org\/","logo":{"@type":"ImageObject","inLanguage":"ca","@id":"https:\/\/www.cofb.org\/#\/schema\/logo\/image\/","url":"https:\/\/www.cofb.org\/wp-content\/uploads\/2023\/11\/cropped-Logotip-COFB.png","contentUrl":"https:\/\/www.cofb.org\/wp-content\/uploads\/2023\/11\/cropped-Logotip-COFB.png","width":500,"height":105,"caption":"Col\u00b7legi de Farmac\u00e8utics de Barcelona"},"image":{"@id":"https:\/\/www.cofb.org\/#\/schema\/logo\/image\/"},"sameAs":["https:\/\/www.facebook.com\/farmaceuticsbcn\/","https:\/\/twitter.com\/farmaceuticsbcn","https:\/\/www.instagram.com\/farmaceuticsbcn\/","https:\/\/www.linkedin.com\/company\/farmaceuticsbcn\/"]},{"@type":"Person","@id":"https:\/\/www.cofb.org\/#\/schema\/person\/22ed7eea88da74b0fa4d3154ad87ffcb","name":"wpAdminCofbOrg","image":{"@type":"ImageObject","inLanguage":"ca","@id":"https:\/\/www.cofb.org\/#\/schema\/person\/image\/","url":"https:\/\/secure.gravatar.com\/avatar\/1721b20b3b8ca882c3b56ec6c978c594fff670e40c0718e9190eaeeb76aae7d8?s=96&d=mm&r=g","contentUrl":"https:\/\/secure.gravatar.com\/avatar\/1721b20b3b8ca882c3b56ec6c978c594fff670e40c0718e9190eaeeb76aae7d8?s=96&d=mm&r=g","caption":"wpAdminCofbOrg"},"sameAs":["http:\/\/192.168.64.122\/wordpress"],"url":"https:\/\/www.cofb.org\/ca\/author\/wpadmincofborg\/"}]}},"uagb_featured_image_src":{"full":false,"thumbnail":false,"medium":false,"medium_large":false,"large":false,"1536x1536":false,"2048x2048":false,"trp-custom-language-flag":false},"uagb_author_info":{"display_name":"wpAdminCofbOrg","author_link":"https:\/\/www.cofb.org\/ca\/author\/wpadmincofborg\/"},"uagb_comment_info":0,"uagb_excerpt":"\u00c9s necessari que el farmac\u00e8utic dels diferents \u00e0mbits assistencials s\u2019integri, juntament amb la resta de professionals sanitaris, en la ruta assistencial de la insufici\u00e8ncia card\u00edaca i la fibril\u00b7laci\u00f3 auricular. \u00c9s una de les conclusions a les quals es va arribar a la formaci\u00f3 organitzada pel COF de Barcelona, juntament a [&hellip;]","_links":{"self":[{"href":"https:\/\/www.cofb.org\/ca\/wp-json\/wp\/v2\/posts\/29557","targetHints":{"allow":["GET"]}}],"collection":[{"href":"https:\/\/www.cofb.org\/ca\/wp-json\/wp\/v2\/posts"}],"about":[{"href":"https:\/\/www.cofb.org\/ca\/wp-json\/wp\/v2\/types\/post"}],"author":[{"embeddable":true,"href":"https:\/\/www.cofb.org\/ca\/wp-json\/wp\/v2\/users\/1"}],"replies":[{"embeddable":true,"href":"https:\/\/www.cofb.org\/ca\/wp-json\/wp\/v2\/comments?post=29557"}],"version-history":[{"count":0,"href":"https:\/\/www.cofb.org\/ca\/wp-json\/wp\/v2\/posts\/29557\/revisions"}],"wp:featuredmedia":[{"embeddable":true,"href":"https:\/\/www.cofb.org\/ca\/wp-json\/"}],"wp:attachment":[{"href":"https:\/\/www.cofb.org\/ca\/wp-json\/wp\/v2\/media?parent=29557"}],"wp:term":[{"taxonomy":"category","embeddable":true,"href":"https:\/\/www.cofb.org\/ca\/wp-json\/wp\/v2\/categories?post=29557"},{"taxonomy":"post_tag","embeddable":true,"href":"https:\/\/www.cofb.org\/ca\/wp-json\/wp\/v2\/tags?post=29557"}],"curies":[{"name":"wp","href":"https:\/\/api.w.org\/{rel}","templated":true}]}}