{"id":29499,"date":"2017-04-25T16:42:12","date_gmt":"2017-04-25T14:42:12","guid":{"rendered":"http:\/\/blog.cofb.cat\/?p=29499"},"modified":"2017-04-25T16:42:12","modified_gmt":"2017-04-25T14:42:12","slug":"infarma-barcelona-seu-de-lema-agora-sanitaria-temes-destacats-al-marc","status":"publish","type":"post","link":"https:\/\/www.cofb.org\/ca\/2017\/04\/25\/infarma-barcelona-seu-de-lema-agora-sanitaria-temes-destacats-al-marc\/","title":{"rendered":"Infarma, Barcelona seu de l&#8217;EMA i \u00c0gora Sanit\u00e0ria, temes destacats al mar\u00e7"},"content":{"rendered":"<p><strong><div class=\"box shadow\"><a href=\"http:\/\/blog.cofb.cat\/category\/infarma-2015\/\" target=\"_blank\" rel=\"noopener\">Infarma Barcelona 2017<\/a>: m\u00e9s de 500 repercussions en mitjans<\/strong><\/p>\n[caption id=\"attachment_29507\" align=\"alignleft\" width=\"270\"]<a href=\"http:\/\/www.correofarmaceutico.com\/2017\/03\/06\/opinion-participacion\/tribunas\/mentes-abiertas-para-trascender\" target=\"_blank\" rel=\"noopener\"><img decoding=\"async\" class=\" wp-image-29507     \" title=\"Infarma, Barcelona seu de l'EMA i \u00c0gora Sanit\u00e0ria, temes destacats al mar\u00e7 \" alt=\"Tribuna de Jordi de Dalmases al Correo Farmac\u00e9utico\" src=\"http:\/\/blog.cofb.cat\/wp-content\/uploads\/2017\/04\/1CF-300x163.jpg\" width=\"270\" height=\"147\" \/><\/a> Tribuna del President del COFB a Correo Farmac\u00e9utico[\/caption]\n<p>Del 21 al 23 de mar\u00e7, el recinte firal Gran Via de Barcelona va acollir, com cada dos anys, una nova edici\u00f3 d\u2019<a href=\"http:\/\/blog.cofb.cat\/category\/infarma-2015\/\" target=\"_blank\" rel=\"noopener\">Infarma<\/a>, cita que va tenir un fort impacte als mitjans de comunicaci\u00f3. Aquests en van informar abans, durant i posterior a la celebraci\u00f3 del Congr\u00e9s, <b>generant m\u00e9s de 500 repercussions entre not\u00edcies, articles, reportatges i entrevistes.<\/b><\/p>\n<p>Destacar la inauguraci\u00f3, on va\u00a0<b>assistir el conseller de Salut de la Generalitat, Antoni Com\u00edn<\/b>. En van informar,\u00a0<a href=\"http:\/\/www.rtve.es\/alacarta\/videos\/linformatiu\/linformatiu-21-03-17\/3951548\/\" target=\"_blank\" rel=\"noopener\">TVE1 Catalunya<\/a>\u00a0(del minut 16&#8217;41&#8221; al (17&#8217;28&#8221;)\u00a0en televisi\u00f3 i\u00a0<a href=\"http:\/\/www.rtve.es\/alacarta\/audios\/edicio-migdia-catalunya\/edicio-migdia-troben-indicis-vaixell-enfonsat-podria-haver-estat-localitzat\/3951493\/\" target=\"_blank\" rel=\"noopener\">RNE-1 Catalunya<\/a>\u00a0del minut 32&#8217;48&#8221; al 34&#8217;03&#8221;) en r\u00e0dio, a tall d&#8217;exemple, entre altres mitjans de comunicaci\u00f3.<\/p>\n[caption id=\"attachment_29623\" align=\"alignright\" width=\"300\"]<a href=\"http:\/\/www.rtve.es\/alacarta\/videos\/linformatiu\/linformatiu-21-03-17\/3951548\/\" target=\"_blank\" rel=\"attachment wp-att-29623 noopener\"><img fetchpriority=\"high\" decoding=\"async\" class=\"size-medium wp-image-29623  \" title=\"Infarma, Barcelona seu de l'EMA i \u00c0gora Sanit\u00e0ria, temes destacats al mar\u00e7 \" alt=\"TVE Catalunya informant de la inauguraci\u00f3 d'Infarma\" src=\"http:\/\/blog.cofb.cat\/wp-content\/uploads\/2017\/04\/1TVE-300x210.jpg\" width=\"300\" height=\"210\" \/><\/a> TVE Catalunya informant de la inauguraci\u00f3 d&#8217;Infarma[\/caption]\n<p>Pr\u00e8viament a l&#8217;esdeveniment, diversos mitjans van entrevistar a organitzadors i convidats del Congr\u00e9s, concretament a\u00a0<strong>Jordi de Dalmases, Francisca Aranzana<\/strong>, vocal d\u2019Oficina de Farm\u00e0cia i directora d\u2019Infarma,\u00a0<strong>Daniel Sarto<\/strong>, director del Sal\u00f3, i a\u00a0<strong>Antoni Trilla<\/strong>, director de Qualitat i Seguretat Assistencial de l\u2019Hospital Cl\u00ednic de Barcelona i ponent de la confer\u00e8ncia inaugural. Tots quatre van ser entrevistats per El\u00a0Farmac\u00e9utico\u00a0(<a href=\"http:\/\/elfarmaceutico.es\/index.php\/canal-ef\/item\/7904-creemos-y-apostamos-por-una-farmacia-asistencial-y-focalizada-en-el-paciente\" target=\"_blank\" rel=\"noopener\">1<\/a>,\u00a0<a href=\"http:\/\/elfarmaceutico.es\/index.php\/canal-ef\/item\/7906-estare-satisfecha-si-todos-los-asistentes-se-van-de-infarma-motivados-y-orgullosos-de-ser-farmaceuticos\" target=\"_blank\" rel=\"noopener\">2<\/a>,\u00a0<a href=\"http:\/\/elfarmaceutico.es\/index.php\/canal-ef\/item\/7907-en-numero-de-expositores-y-en-metros-cuadrados-ocupados-estamos-en-un-crecimiento-de-un-10\" target=\"_blank\" rel=\"noopener\">3<\/a>\u00a0i\u00a0<a href=\"http:\/\/elfarmaceutico.es\/index.php\/canal-ef\/item\/7908-la-peor-noticia-que-se-puede-dar-sobre-una-epidemia-es-no-haberse-preparado-para-prevenirla\" target=\"_blank\" rel=\"noopener\">4<\/a>, ordenades respectivament a l&#8217;ordre anterior) en uns v\u00eddeos on es\u00a0<b>desglossaven els objectius principals de la cita.\u00a0<\/b><a href=\"http:\/\/www.larazon.es\/damesuplementos\/salud\/2017-03-26_SAL\/files\/assets\/basic-html\/page-1.html\" target=\"_blank\" rel=\"noopener\">La Raz\u00f3n<\/a>,\u00a0<a href=\"http:\/\/www.elglobal.net\/farmacia\/infarma\/algunas-mesas-de-debate-no-seran-comodas-pero-el-objetivo-es-no-esquivar-ningun-tema-EL805170\" target=\"_blank\" rel=\"noopener\">El Global<\/a>, Farmaventas i Acofar tamb\u00e9 van parlar amb De Dalmases, El Global (<a href=\"http:\/\/www.elglobal.net\/farmacia\/infarma\/todo-lo-que-el-farmaceutico-se-lleve-de-infarma-repercutira-positivamente-en-su-labor-diaria-FL805214\" target=\"_blank\" rel=\"noopener\">1<\/a>\u00a0i\u00a0<a href=\"http:\/\/www.elglobal.net\/farmacia\/infarma\/hemos-duplicado-las-areas-de-uso-comun-respecto-a-2016-CL805334\" target=\"_blank\" rel=\"noopener\">2<\/a>) amb Aranzana i Sarto i\u00a0<a href=\"http:\/\/www.imfarmacias.es\/revista\/73\/?utm_source=phplist1128&amp;utm_medium=email&amp;utm_content=HTML&amp;utm_campaign=Disponible+IM+Farmacias+73#82\/z\" target=\"_blank\" rel=\"noopener\">IMFarmacias<\/a>\u00a0tamb\u00e9 amb el director del Sal\u00f3. Tamb\u00e9 als dies previs al Congr\u00e9s,\u00a0<a href=\"http:\/\/www.correofarmaceutico.com\/2017\/03\/06\/opinion-participacion\/tribunas\/mentes-abiertas-para-trascender\" target=\"_blank\" rel=\"noopener\">Correo Farmac\u00e9utico<\/a>\u00a0va publicar una tribuna escrita pel president del Col\u00b7legi, Jordi de Dalmases,\u00a0<b>on es feia una crida al m\u00f3n professional perqu\u00e8 assist\u00eds a l\u2019esdeveniment, s<\/b>ota el\u00a0<b>t\u00edtol \u201cMentes abiertas para trascender\u201d.<\/b><\/p>\n[caption id=\"attachment_29528\" align=\"alignleft\" width=\"240\"]<a href=\"http:\/\/www.elglobal.net\/farmacia\/infarma\/farmaidearium-y-las-aulas-de-actualidad-estrenos-sobre-2016-XL805275\" target=\"_blank\" rel=\"noopener\"><img decoding=\"async\" class=\"wp-image-29528 \" title=\"Infarma, Barcelona seu de l'EMA i \u00c0gora Sanit\u00e0ria, temes destacats al mar\u00e7 \" alt=\"Repercussi\u00f3 d'El Global explicant les novetats del Congr\u00e9s\" src=\"http:\/\/blog.cofb.cat\/wp-content\/uploads\/2017\/04\/1.1EG1-300x230.jpg\" width=\"240\" height=\"184\" \/><\/a> Repercussi\u00f3 d&#8217;El Global explicant les novetats del Congr\u00e9s[\/caption]\n<p>Abans de la cita, es van enviar les dues \u00faltimes notes de premsa (<a href=\"http:\/\/blog.cofb.cat\/infarma-aules-dactualitat-professional-farmaidearium\/\" target=\"_blank\" rel=\"noopener\">1<\/a> i <a href=\"http:\/\/blog.cofb.cat\/infarma-solidari-farmaidearium-compromis-social-xarxes-socials\/\" target=\"_blank\" rel=\"noopener\">2<\/a>) per explicar, per una banda, <b>qu\u00e8 eren i sobre qu\u00e8 anirien les Aules d\u2019Actualitat Professional<\/b>, el nou nom que se li van atorgar a les aules actives, i, d\u2019altra, <b>dos projectes relacionats amb el comprom\u00eds social i la innovaci\u00f3: Infarma Solidari i #Farmaidearium<\/b>. Es van fer ress\u00f2 mitjans com La Vanguardia (Monogr\u00e1ficos Especiales),\u00a0<a href=\"https:\/\/www.diariofarma.com\/2017\/03\/08\/infarma-50-aulas-programas-farmaceutico-se-actualice?&amp;utm_source=nwlt&amp;utm_medium=regular&amp;utm_campaign=09\/03\/17\" target=\"_blank\" rel=\"noopener\">Correo Farmac\u00e9utico<\/a>, <a href=\"http:\/\/www.imfarmacias.es\/noticia\/11885\/infarma-las-aulas-de-actualidad-profesional-abordaraacuten-todas-las-vertientes-de-la-farmacia-comunitaria?utm_source=news_2017-03-08&amp;utm_medium=2017-03-08&amp;utm_campaign=mailing&amp;email=0\" target=\"_blank\" rel=\"noopener\">IMFarmacias<\/a>, <a href=\"http:\/\/www.farmaventas.es\/noticias-del-sector\/otras-noticias\/5627-infarma-pone-en-marcha-las-aulas-de-actualidad-profesional-para-debatir-sobre-farmacia-comunitaria-su-vertiente-asistencial-y-gestion.html?utm_source=newsletter_765&amp;utm_medium=email&amp;utm_campaign=farmaventas-autocontent-8-9-10-11-12-20-32-max-1-order-id-desc-type-title\" target=\"_blank\" rel=\"noopener\">Farmaventas<\/a>, <a href=\"http:\/\/www.actasanitaria.com\/infarma-aulas-actualidad\/\" target=\"_blank\" rel=\"noopener\">Acta Sanitaria<\/a>, <a href=\"http:\/\/revistafarmanatur.com\/noticias\/infarma-pone-marcha-las-aulas-actualidad-profesional\/\" target=\"_blank\" rel=\"noopener\">Farmanatur<\/a> i Sanifax,\u00a0<a href=\"https:\/\/www.diariofarma.com\/2017\/03\/16\/infarma-2017-tambien-contara-espacio-iniciativas-solidarias\" target=\"_blank\" rel=\"noopener\">Diariofarma<\/a>, \u00a0<a href=\"http:\/\/www.elglobal.net\/farmacia\/infarma\/farmaidearium-y-las-aulas-de-actualidad-estrenos-sobre-2016-XL805275\" target=\"_blank\" rel=\"noopener\">El Global<\/a>\u00a0o\u00a0<a href=\"http:\/\/www.consejosdetufarmaceutico.com\/infarma-solidario-y-farmaidearium-iniciativas-infarma\/\" target=\"_blank\" rel=\"noopener\">Consejos de tu Farmac\u00e9utico<\/a>, entre altres.<\/p>\n[caption id=\"attachment_29541\" align=\"alignright\" width=\"227\"]<a href=\"https:\/\/www.diariofarma.com\/2017\/03\/23\/infarma-2017-cierra-puertas-la-mirada-puesta-paciente\" target=\"_blank\" rel=\"noopener\"><img loading=\"lazy\" decoding=\"async\" class=\" wp-image-29541    \" title=\"Infarma, Barcelona seu de l'EMA i \u00c0gora Sanit\u00e0ria, temes destacats al mar\u00e7\" alt=\"La clausura a Diariofarma\" src=\"http:\/\/blog.cofb.cat\/wp-content\/uploads\/2017\/04\/1.2abc1-284x300.jpg\" width=\"227\" height=\"240\" \/><\/a> La clausura a Diariofarma[\/caption]\n<p>Finalment, Aranzana va clausurar la cita afirmant que es tancaven les portes amb la <b>\u201cmirada posada en el pacient, objectiu com\u00fa del sector farmac\u00e8utic\u201d<\/b>. L\u2019acte tamb\u00e9 va anar a c\u00e0rrec de De Dalmases, Jes\u00fas Aguilar, president del Consejo General de Colegios Oficiales de Farmac\u00e9uticos i Luis Gonz\u00e1lez, president del COF de Madrid. El tancament va servir, alhora, per passar el testimoni al col\u00b7legi madrileny, que organitzar\u00e0 la seg\u00fcent edici\u00f3, la 30a. Ho van explicar <a href=\"http:\/\/www.lavanguardia.com\/vida\/20170324\/421143553050\/infarma-supera-los-30000-asistentes-con-la-mirada-fijada-en-el-paciente.html\" target=\"_blank\" rel=\"noopener\">La Vanguardia<\/a>, <a href=\"http:\/\/agencias.abc.es\/agencias\/noticia.asp?noticia=2455336\" target=\"_blank\" rel=\"noopener\">ABC<\/a>, Correo Farmac\u00e9utico, <a href=\"http:\/\/www.elglobal.net\/documents\/10157\/0\/video_content_160384_20170324171646.pdf\" target=\"_blank\" rel=\"noopener\">El Global<\/a>, <a href=\"http:\/\/www.imfarmacias.es\/noticia\/12077\/se-clausura-infarma-con-un-20-de-crecimiento-en-asistentes\" target=\"_blank\" rel=\"noopener\">IMFarmacias<\/a>, <a href=\"http:\/\/www.actasanitaria.com\/infarma-cierra-puertas\/\" target=\"_blank\" rel=\"noopener\">Acta Sanitaria<\/a>, <a href=\"http:\/\/www.farmaventas.es\/noticias-del-sector\/5742-infarma-cierra-sus-puertas-con-la-mirada-puesta-en-el-paciente.html\" target=\"_blank\" rel=\"noopener\">Farmaventas<\/a>, <a href=\"https:\/\/www.diariofarma.com\/2017\/03\/23\/infarma-2017-cierra-puertas-la-mirada-puesta-paciente\" target=\"_blank\" rel=\"noopener\">Diariofarma<\/a>, <a href=\"http:\/\/www.consejosdetufarmaceutico.com\/finaliza-infarma-la-mirada-puesta-paciente-objetivo-comun-del-sector-farmaceutico\/\" target=\"_blank\" rel=\"noopener\">Consejos de tu Farmac\u00e9utico<\/a>, <a href=\"http:\/\/revistafarmanatur.com\/home-drch\/infarma-cierra-puertas-la-mirada-puesta-paciente-objetivo-comun-del-sector-farmaceutico\/\" target=\"_blank\" rel=\"noopener\">Farmanatur<\/a>\u00a0i Sanifax.<\/p>\n<p><strong><span style=\"color: #888888;\">Durant el Congr\u00e9s, el COFB va enviar una vintena de notes de premsa. M\u00e9s d&#8217;un centenar de periodistes es van acreditar per assistir a Infarma Barcelona.<\/span>\u00a0<\/strong><b><\/div><\/b><\/p>\n<p><b><div class=\"box shadow\"><a href=\"http:\/\/blog.cofb.cat\/els-col%C2%B7legis-de-metges-farmaceutics-economistes-enginyers-donen-suport-la-candidatura-de-barcelona-com-seu-de-lema\/\" target=\"_blank\" rel=\"noopener\">Barcelona com a futura seu de l\u2019Ag\u00e8ncia Europea del Medicament (EMA)<\/a><\/b><\/p>\n[caption id=\"attachment_29508\" align=\"alignleft\" width=\"300\"]<a href=\"http:\/\/www.lavanguardia.com\/vida\/20170320\/421038485343\/colegios-profesionales-apoyan-barcelona-para-agencia-europea-del-medicamento.html\" target=\"_blank\" rel=\"noopener\"><img loading=\"lazy\" decoding=\"async\" class=\"size-medium wp-image-29508 \" alt=\"Not\u00edcia de La Vanguardia explicant el recolzament de diferents col\u00b7legis professionals perqu\u00e8 Barcelona sigui la seu de l'EMA\" src=\"http:\/\/blog.cofb.cat\/wp-content\/uploads\/2017\/04\/2LV-300x120.jpg\" width=\"300\" height=\"120\" \/><\/a> Not\u00edcia de La Vanguardia explicant el suport de diferents col\u00b7legis professionals[\/caption]\n<p>Al mar\u00e7 es va enviar un <a href=\"http:\/\/www.cofb.org\/web\/guest\/Noticia\/-\/journal_content\/56_INSTANCE_V6ao\/10136\/977931\" target=\"_blank\" rel=\"noopener\">comunicat<\/a> als mitjans on ens posicion\u00e0vem, juntament amb el Col\u00b7legi de<b>\u00a0metges de Barcelona i el d\u2019economistes i enginyers industrials de Catalunya per donar suport a la candidatura de Barcelona com la futura seu de l\u2019Ag\u00e8ncia Europea del Medicament (EMA)<\/b>. Les quatre institucions coincidien que la capital catalana <b>&#8220;\u00e9s l&#8217;empla\u00e7ament idoni per la seva vinculaci\u00f3 a la ind\u00fastria farmac\u00e8utica i la recerca en els camps de les ci\u00e8ncies de la salut, les bioci\u00e8ncies i la biotecnologia&#8221;<\/b>. Van fer difusi\u00f3 de la nota <a href=\"http:\/\/www.lavanguardia.com\/vida\/20170320\/421038485343\/colegios-profesionales-apoyan-barcelona-para-agencia-europea-del-medicamento.html\" target=\"_blank\" rel=\"noopener\">La Vanguardia<\/a>, <a href=\"http:\/\/www.aldia.cat\/gent\/noticia-metges-farmaceutics-economistes-enginyers-demanen-barcelona-aculli-lagencia-europea-medicament-20170320150131.html\" target=\"_blank\" rel=\"noopener\">Al Dia<\/a>, <a href=\"http:\/\/www.elconfidencial.com\/ultima-hora-en-vivo\/2017-03-20\/colegios-profesionales-apoyan-barcelona-para-agencia-europea-del-medicamento_1169022\/\" target=\"_blank\" rel=\"noopener\">El Confidencial<\/a>, <a href=\"http:\/\/eldia.es\/agencias\/9140394-AGENCIA-MEDICAMENTOS-Colegios-profesionales-apoyan-Barcelona-Agencia-Europea-Medicamento\" target=\"_blank\" rel=\"noopener\">El Dia<\/a>, <a href=\"http:\/\/www.elglobal.net\/politica-sanitaria\/farmaceuticos-medicos-ingenieros-y-economistas-catalanes-apoyan-a-barcelona-como-sede-de-la-ema-HX808328\" target=\"_blank\" rel=\"noopener\">El Global<\/a>, <a href=\"http:\/\/www.correofarmaceutico.com\/2017\/03\/21\/al-dia\/profesion\/medicos-farmaceuticos-economistas-e-ingenieros-piden-que-barcelona-acoja-la-ema\" target=\"_blank\" rel=\"noopener\">Correo Farmac\u00e9utico<\/a>, <a href=\"http:\/\/www.elfarmaceutico.es\/index.php\/noticias-actualidad-farmaceutica\/item\/7920-los-colegios-de-medicos-farmaceuticos-economistas-e-ingenieros-apoyan-la-candidatura-de-barcelona-como-sede-de-la-ema#.WM_4-m81-po\" target=\"_blank\" rel=\"noopener\">El Farmac\u00e9utico<\/a>, <a href=\"http:\/\/www.imfarmacias.es\/noticia\/12013\/farmacuticos-mdicos-economistas-e-ingenieros-apoyan-a-barcelona-como-prxima-sede-de-la-ema?utm_source=news_2017-03-21&amp;utm_medium=2017-03-21&amp;utm_campaign=mailing&amp;email=!*email*!\" target=\"_blank\" rel=\"noopener\">IMFarmacias<\/a>, <a href=\"http:\/\/www.diariomedico.com\/2017\/03\/20\/area-profesional\/sanidad\/los-colegios-de-medicos-y-farmaceuticos-de-barcelona-a-favor-de-acoger-la-ema\" target=\"_blank\" rel=\"noopener\">Diario M\u00e9dico<\/a>, <a href=\"http:\/\/www.sietediasmedicos.com\/actualidad\/actualidad-sanitaria\/item\/6854-los-colegios-de-medicos-farmaceuticos-economistas-e-ingenieros-apoyan-la-candidatura-de-barcelona-como-sede-de-la-agencia-europea-del-medicamento#.WM_6Z2_hCpo\" target=\"_blank\" rel=\"noopener\">Siete D\u00edas M\u00e9dicos<\/a>, Cincos D\u00edas i Sanifax, per\u00f2 la not\u00edcia va seguint tenint cabuda a altres mitjans com a <a href=\"http:\/\/cat.elpais.com\/cat\/2017\/03\/18\/catalunya\/1489864077_217975.html\" target=\"_blank\" rel=\"noopener\">El Pa\u00eds<\/a>, <a href=\"http:\/\/www.correofarmaceutico.com\/2017\/03\/20\/al-dia\/profesion\/cataluna-gesta-el-rembrionr-de-la-futura-agencia-catalana-del-medicamento\" target=\"_blank\" rel=\"noopener\">Correo Farmac\u00e9utico<\/a>,\u00a0El Global (<a href=\"http:\/\/www.elglobal.net\/politica-sanitaria\/el-senado-se-une-al-apoyo-del-ministerio-por-barcelona-como-sede-de-la-ema-GL805080\" target=\"_blank\" rel=\"noopener\">1<\/a> i <a href=\"http:\/\/www.elglobal.net\/politica-sanitaria\/barcelona-necesita-presentar-una-propuesta-oficial-para-la-ema-FN816456\" target=\"_blank\" rel=\"noopener\">2<\/a>), entres altres.<b><\/div><\/b><\/p>\n<p><b><b><div class=\"box shadow\"><\/b><\/b><b><a href=\"http:\/\/blog.cofb.cat\/mes-de-12-000-inscrits-shan-format-agora-sanitaria-durant-el-2016\/\" target=\"_blank\" rel=\"noopener\">Tancament del 2016 d\u2019\u00c0gora Sanit\u00e0ria<\/a>\u00a0\u00a0<\/b><\/p>\n[caption id=\"attachment_29509\" align=\"alignright\" width=\"300\"]<a href=\"http:\/\/www.actasanitaria.com\/agora-sanitaria-registro-12-000-inscripciones-en-2016-para-formacion-farmaceutica-y-seguimiento-del-paciente\/\" target=\"_blank\" rel=\"noopener\"><img loading=\"lazy\" decoding=\"async\" class=\"size-medium wp-image-29509   \" title=\"Infarma, Barcelona seu de l'EMA i \u00c0gora Sanit\u00e0ria, temes destacats al mar\u00e7 \" alt=\"Acta Sanitaria i les xifres d'inscripcions d'\u00c0gora Sanit\u00e0ria\" src=\"http:\/\/blog.cofb.cat\/wp-content\/uploads\/2017\/04\/3AS-300x182.jpg\" width=\"300\" height=\"182\" \/><\/a> Acta Sanitaria i les xifres d&#8217;inscripcions d&#8217;\u00c0gora Sanit\u00e0ria[\/caption]\n<p>El portal formatiu \u00c0gora Sanit\u00e0ria va acumular\u00a0<b>m\u00e9s de 12.000 inscrits durant el 2016<\/b>, xifra que representa <b>un increment del 16% respecte a l\u2019any anterior<\/b>. <a href=\"http:\/\/www.actasanitaria.com\/agora-sanitaria-registro-12-000-inscripciones-en-2016-para-formacion-farmaceutica-y-seguimiento-del-paciente\/\" target=\"_blank\" rel=\"noopener\">Acta Sanitaria<\/a>, <a href=\"http:\/\/revistafarmanatur.com\/gestion-farmaceutica\/mas-12-000-inscritos-agora-sanitaria-2016\/\" target=\"_blank\" rel=\"noopener\">Farmanatur<\/a> i Sanifax en van informar i van destacar les diferents tem\u00e0tiques que m\u00e9s han interessat als professionals sanitaris, com les relacionades <b>amb els s\u00edmptomes menors<\/b>. Altres formacions que han obtingut una bona rebuda s\u00f3n les lligades <b>amb les \u00e0rees de recomanaci\u00f3, el seguiment farmacoterap\u00e8utic i les \u00e0rees de gesti\u00f3 de la farm\u00e0cia<\/b>. Se\u2019n va fer difusi\u00f3 mitjan\u00e7ant una nota de premsa enviada des del Col\u00b7legi que es pot llegir clicant <a href=\"http:\/\/www.cofb.org\/web\/guest\/Noticia\/-\/journal_content\/56_INSTANCE_V6ao\/10136\/971835\" target=\"_blank\" rel=\"noopener\">aqu\u00ed<\/a>.<b><\/div><\/b><\/p>\n<p><b><div class=\"box shadow\"><\/b><b>Farm\u00e0cia assistencial<\/b><\/p>\n[caption id=\"attachment_29510\" align=\"alignleft\" width=\"300\"]<a href=\"http:\/\/www.correofarmaceutico.com\/2017\/03\/21\/gestion\/oficina-de-farmacia\/vender-un-servicio-farmaceutico-implica-creerselo\" target=\"_blank\" rel=\"noopener\"><img loading=\"lazy\" decoding=\"async\" class=\"size-medium wp-image-29510     \" title=\"Infarma, Barcelona seu de l'EMA i \u00c0gora Sanit\u00e0ria, temes destacats al mar\u00e7 \" alt=\"4CF\" src=\"http:\/\/blog.cofb.cat\/wp-content\/uploads\/2017\/04\/4CF-300x261.jpg\" width=\"300\" height=\"261\" \/><\/a> Els serveis professionals a Correo Farma\u00e9utico[\/caption]\n<p>Durant el mar\u00e7, el paper assistencial que, cada cop amb m\u00e9s for\u00e7a, est\u00e0 adoptant el farmac\u00e8utic comunitari, va tenir cabuda a dos mitjans: <a href=\"http:\/\/www.ivoox.com\/2017-01-23-i-com-estas-salut-audios-mp3_rf_16592727_1.html\" target=\"_blank\" rel=\"noopener\">Matar\u00f3 R\u00e0dio<\/a> i <a href=\"http:\/\/www.correofarmaceutico.com\/2017\/03\/21\/gestion\/oficina-de-farmacia\/vender-un-servicio-farmaceutico-implica-creerselo\" target=\"_blank\" rel=\"noopener\">Correo Farmac\u00e9utico<\/a>. Per una banda, el programa <i>I&#8230; com est\u00e0s de salut? <\/i>de la r\u00e0dio maresmenca va dur a <b>terme una entrevista a Pilar Gasc\u00f3n<\/b>, vocal del Col\u00b7legi i secret\u00e0ria del Consell de Col\u00b7legis de Farmac\u00e8utics (del minut 16&#8217;38&#8221; al 40&#8217;44&#8221;)<b> per tal de con\u00e8ixer qu\u00e8 es vol dir quan es parla del paper assistencial del farmac\u00e8utic i qu\u00e8 es duu a terme quan es desenvolupen aquestes funcions<\/b>. En segon lloc, la publicaci\u00f3 de Correo Farmac\u00e9utico va informar sobre <b>els serveis professionals i com vendre\u2019ls; creient-hi i \u201ctenint com a finalitat cobrir una necessitat real d\u2019un usuari\u201d.<\/b> La pe\u00e7a va recollir declaracions de Guillermo Bagaria, vicetresorer i responsable d\u2019Atenci\u00f3 Farmac\u00e8utica del Col\u00b7legi, extretes de la taula d\u2019Infarma <i>Claves para gestionar y vender un servicio professional<\/i>.<b><\/div><\/b><\/p>\n<p><b><div class=\"box shadow\"><a href=\"http:\/\/blog.cofb.cat\/el-cofb-el-consell-premiats-amb-quatre-guardons-per-correo-farmaceutico\/\" target=\"_blank\" rel=\"noopener\">Premis Correo Farmac\u00e9utico a les millors iniciatives de l\u2019any<\/a>\u00a0<\/b><\/p>\n[caption id=\"attachment_29511\" align=\"alignright\" width=\"300\"]<a href=\"http:\/\/www.correofarmaceutico.com\/2017\/03\/14\/al-dia\/salud-publica\/gran-exito-de-cf-en-sus-premios-a-las-mejores-iniciativas-de-la-farmacia\" target=\"_blank\" rel=\"noopener\"><img loading=\"lazy\" decoding=\"async\" class=\" wp-image-29511  \" title=\"Infarma, Barcelona seu de l'EMA i \u00c0gora Sanit\u00e0ria, temes destacats al mar\u00e7 \" alt=\"Els premis del Correo Farmac\u00e9utico\" src=\"http:\/\/blog.cofb.cat\/wp-content\/uploads\/2017\/04\/5CF-300x67.jpg\" width=\"300\" height=\"67\" \/><\/a> Els premis del Correo Farmac\u00e9utico[\/caption]\n<p>Com cada any, <a href=\"http:\/\/www.correofarmaceutico.com\/2017\/03\/14\/al-dia\/salud-publica\/gran-exito-de-cf-en-sus-premios-a-las-mejores-iniciativas-de-la-farmacia\" target=\"_blank\" rel=\"noopener\">Correo Farmac\u00e9utico<\/a> concedeix els guardons a les millors iniciatives que s\u2019han dut a terme durant l\u2019any. Enguany, <b>el Col\u00b7legi i el Consell n\u2019han obtingut 4 pels projectes <i>Pren-te el pols; Abans de deixar-t\u2019hi la pell, consulta; Formulari de pal\u00b7liatius <\/i>i <i>Programa de Detecci\u00f3 Preco\u00e7 del C\u00e0ncer de C\u00f2lon i Recte<\/i><\/b>. Jordi de Dalmases, president del Col\u00b7legi, Guillermo Bagar\u00eda, vicetresorer del COFB, i Francesc Llamb\u00ed, vocal del Col\u00b7legi, van traslladar-se a Madrid per recollir els diferents premis.<b><\/div><\/b><\/p>\n<p><b><div class=\"box shadow\"><\/b><b>Fonts d\u2019informaci\u00f3<\/b><\/p>\n[caption id=\"attachment_29552\" align=\"alignleft\" width=\"270\"]<a href=\"http:\/\/www.rac1.cat\/info-rac1\/20170323\/421118603415\/la-vacuna-contra-la-meningitis-b-ja-es-a-les-farmacies.html\" target=\"_blank\" rel=\"noopener\"><img loading=\"lazy\" decoding=\"async\" class=\" wp-image-29552   \" title=\"Infarma, Barcelona seu de l'EMA i \u00c0gora Sanit\u00e0ria, temes m\u00e9s destacats al mar\u00e7 \" alt=\"Not\u00edcia de RAC1 sobre la vacuna contra la meningitis B\" src=\"http:\/\/blog.cofb.cat\/wp-content\/uploads\/2017\/04\/6rac1asdf1-300x188.jpg\" width=\"270\" height=\"169\" \/><\/a> Not\u00edcia de RAC1 sobre la vacuna contra la meningitis B[\/caption]\n<p>El Col\u00b7legi va seguir sent una font de refer\u00e8ncia pels mitjans al mes de mar\u00e7. I \u00e9s que, a m\u00e9s de totes les declaracions que s&#8217;han recollit en els temes anteriors, l&#8217;informatiu del programa <a href=\"http:\/\/www.rac1.cat\/info-rac1\/20170323\/421118603415\/la-vacuna-contra-la-meningitis-b-ja-es-a-les-farmacies.html\" target=\"_blank\" rel=\"noopener\"><i>14\/15<\/i> <\/a>de RAC1 en va prendre del vicetresorer del COFB, Guillermo Bagar\u00eda, <b>per entendre la situaci\u00f3 del sector en relaci\u00f3 el desprove\u00efment de la vacuna contra la meningitis B<\/b>. La not\u00edcia sorgia en el moment que se sabia que\u00a0 s&#8217;havien posat a la venda m\u00e9s de 230.000 dosis i, gr\u00e0cies a aquest fet, Bagar\u00eda explicava que es tenia <b>l&#8217;expectativa d\u2019apaivagar la gran demanda de la vacuna<\/b>, per\u00f2 recordava que <b>&#8220;el disseny de vacunaci\u00f3 est\u00e0 previst per grups de risc\u201d<\/b>, \u00e9s a dir, <b>\u201cpersones a les quals se&#8217;ls hi recomani&#8221;. <\/b><\/p>\n<p><b><span style=\"color: #888888;\">El COFB tamb\u00e9 va ser font d&#8217;informaci\u00f3 sobre aquesta vacuna per a m\u00e9s d&#8217;una desena de mitjans de comunicaci\u00f3<\/span>.<b><\/div><\/b><\/b><\/p>\n","protected":false},"excerpt":{"rendered":"","protected":false},"author":1,"featured_media":29635,"comment_status":"open","ping_status":"open","sticky":false,"template":"","format":"standard","meta":{"_uag_custom_page_level_css":"","site-sidebar-layout":"default","site-content-layout":"","ast-site-content-layout":"default","site-content-style":"default","site-sidebar-style":"default","ast-global-header-display":"","ast-banner-title-visibility":"","ast-main-header-display":"","ast-hfb-above-header-display":"","ast-hfb-below-header-display":"","ast-hfb-mobile-header-display":"","site-post-title":"","ast-breadcrumbs-content":"","ast-featured-img":"disabled","footer-sml-layout":"","theme-transparent-header-meta":"","adv-header-id-meta":"","stick-header-meta":"","header-above-stick-meta":"","header-main-stick-meta":"","header-below-stick-meta":"","astra-migrate-meta-layouts":"default","ast-page-background-enabled":"default","ast-page-background-meta":{"desktop":{"background-color":"var(--ast-global-color-4)","background-image":"","background-repeat":"repeat","background-position":"center center","background-size":"auto","background-attachment":"scroll","background-type":"","background-media":"","overlay-type":"","overlay-color":"","overlay-opacity":"","overlay-gradient":""},"tablet":{"background-color":"","background-image":"","background-repeat":"repeat","background-position":"center center","background-size":"auto","background-attachment":"scroll","background-type":"","background-media":"","overlay-type":"","overlay-color":"","overlay-opacity":"","overlay-gradient":""},"mobile":{"background-color":"","background-image":"","background-repeat":"repeat","background-position":"center center","background-size":"auto","background-attachment":"scroll","background-type":"","background-media":"","overlay-type":"","overlay-color":"","overlay-opacity":"","overlay-gradient":""}},"ast-content-background-meta":{"desktop":{"background-color":"var(--ast-global-color-5)","background-image":"","background-repeat":"repeat","background-position":"center center","background-size":"auto","background-attachment":"scroll","background-type":"","background-media":"","overlay-type":"","overlay-color":"","overlay-opacity":"","overlay-gradient":""},"tablet":{"background-color":"var(--ast-global-color-5)","background-image":"","background-repeat":"repeat","background-position":"center center","background-size":"auto","background-attachment":"scroll","background-type":"","background-media":"","overlay-type":"","overlay-color":"","overlay-opacity":"","overlay-gradient":""},"mobile":{"background-color":"var(--ast-global-color-5)","background-image":"","background-repeat":"repeat","background-position":"center center","background-size":"auto","background-attachment":"scroll","background-type":"","background-media":"","overlay-type":"","overlay-color":"","overlay-opacity":"","overlay-gradient":""}},"footnotes":""},"categories":[23,32],"tags":[2484,109,424,113,28,2491,459,2371,2387],"class_list":["post-29499","post","type-post","status-publish","format-standard","has-post-thumbnail","hentry","category-destacats","category-noticies-farmacia","tag-agencia-europea-del-medicament","tag-agora-sanitaria","tag-ema","tag-farmacia-assistencial","tag-infarma","tag-infarma-barcelona-2017","tag-mitjans","tag-premis-correo-farmaceutico","tag-vacuna-meningitis"],"yoast_head":"<!-- This site is optimized with the Yoast SEO plugin v22.4 - https:\/\/yoast.com\/wordpress\/plugins\/seo\/ -->\n<title>Infarma, Barcelona seu de l&#039;EMA i \u00c0gora Sanit\u00e0ria, temes destacats al mar\u00e7<\/title>\n<meta name=\"description\" content=\"Infarma, Barcelona seu de l&#039;EMA i \u00c0gora Sanit\u00e0ria, temes destacats al mar\u00e7. Intervencions del COFB \/ farm\u00e0cia als mitjans de comunicaci\u00f3\" \/>\n<meta name=\"robots\" content=\"index, follow, max-snippet:-1, max-image-preview:large, max-video-preview:-1\" \/>\n<link rel=\"canonical\" href=\"https:\/\/novaorg.cofb.net\/2017\/04\/25\/infarma-barcelona-seu-de-lema-agora-sanitaria-temes-destacats-al-marc\/\" \/>\n<meta property=\"og:locale\" content=\"ca_ES\" \/>\n<meta property=\"og:type\" content=\"article\" \/>\n<meta property=\"og:title\" content=\"Infarma, Barcelona seu de l&#039;EMA i \u00c0gora Sanit\u00e0ria, temes destacats al mar\u00e7\" \/>\n<meta property=\"og:description\" content=\"Infarma, Barcelona seu de l&#039;EMA i \u00c0gora Sanit\u00e0ria, temes destacats al mar\u00e7. Intervencions del COFB \/ farm\u00e0cia als mitjans de comunicaci\u00f3\" \/>\n<meta property=\"og:url\" content=\"https:\/\/novaorg.cofb.net\/2017\/04\/25\/infarma-barcelona-seu-de-lema-agora-sanitaria-temes-destacats-al-marc\/\" \/>\n<meta property=\"og:site_name\" content=\"Col\u00b7legi de Farmac\u00e8utics de Barcelona\" \/>\n<meta property=\"article:publisher\" content=\"https:\/\/www.facebook.com\/farmaceuticsbcn\/\" \/>\n<meta property=\"article:published_time\" content=\"2017-04-25T14:42:12+00:00\" \/>\n<meta name=\"author\" content=\"wpAdminCofbOrg\" \/>\n<meta name=\"twitter:card\" content=\"summary_large_image\" \/>\n<meta name=\"twitter:creator\" content=\"@farmaceuticsbcn\" \/>\n<meta name=\"twitter:site\" content=\"@farmaceuticsbcn\" \/>\n<meta name=\"twitter:label1\" content=\"Escrit per\" \/>\n\t<meta name=\"twitter:data1\" content=\"wpAdminCofbOrg\" \/>\n\t<meta name=\"twitter:label2\" content=\"Temps estimat de lectura\" \/>\n\t<meta name=\"twitter:data2\" content=\"7 minuts\" \/>\n<script type=\"application\/ld+json\" class=\"yoast-schema-graph\">{\"@context\":\"https:\/\/schema.org\",\"@graph\":[{\"@type\":\"Article\",\"@id\":\"https:\/\/novaorg.cofb.net\/2017\/04\/25\/infarma-barcelona-seu-de-lema-agora-sanitaria-temes-destacats-al-marc\/#article\",\"isPartOf\":{\"@id\":\"https:\/\/novaorg.cofb.net\/2017\/04\/25\/infarma-barcelona-seu-de-lema-agora-sanitaria-temes-destacats-al-marc\/\"},\"author\":{\"name\":\"wpAdminCofbOrg\",\"@id\":\"https:\/\/www.cofb.org\/#\/schema\/person\/22ed7eea88da74b0fa4d3154ad87ffcb\"},\"headline\":\"Infarma, Barcelona seu de l&#8217;EMA i \u00c0gora Sanit\u00e0ria, temes destacats al mar\u00e7\",\"datePublished\":\"2017-04-25T14:42:12+00:00\",\"dateModified\":\"2017-04-25T14:42:12+00:00\",\"mainEntityOfPage\":{\"@id\":\"https:\/\/novaorg.cofb.net\/2017\/04\/25\/infarma-barcelona-seu-de-lema-agora-sanitaria-temes-destacats-al-marc\/\"},\"wordCount\":1397,\"commentCount\":0,\"publisher\":{\"@id\":\"https:\/\/www.cofb.org\/#organization\"},\"image\":{\"@id\":\"https:\/\/novaorg.cofb.net\/2017\/04\/25\/infarma-barcelona-seu-de-lema-agora-sanitaria-temes-destacats-al-marc\/#primaryimage\"},\"thumbnailUrl\":\"\",\"keywords\":[\"Ag\u00e8ncia Europea del Medicament\",\"\u00c1gora Sanitaria\",\"EMA\",\"farm\u00e0cia assistencial\",\"Infarma\",\"Infarma Barcelona 2017\",\"Mitjans\",\"Premis Correo Farmac\u00e9utico\",\"vacuna meningitis\"],\"articleSection\":[\"Destacats\",\"Not\u00edcies farm\u00e0cia\"],\"inLanguage\":\"ca\",\"potentialAction\":[{\"@type\":\"CommentAction\",\"name\":\"Comment\",\"target\":[\"https:\/\/novaorg.cofb.net\/2017\/04\/25\/infarma-barcelona-seu-de-lema-agora-sanitaria-temes-destacats-al-marc\/#respond\"]}]},{\"@type\":\"WebPage\",\"@id\":\"https:\/\/novaorg.cofb.net\/2017\/04\/25\/infarma-barcelona-seu-de-lema-agora-sanitaria-temes-destacats-al-marc\/\",\"url\":\"https:\/\/novaorg.cofb.net\/2017\/04\/25\/infarma-barcelona-seu-de-lema-agora-sanitaria-temes-destacats-al-marc\/\",\"name\":\"Infarma, Barcelona seu de l'EMA i \u00c0gora Sanit\u00e0ria, temes destacats al mar\u00e7\",\"isPartOf\":{\"@id\":\"https:\/\/www.cofb.org\/#website\"},\"primaryImageOfPage\":{\"@id\":\"https:\/\/novaorg.cofb.net\/2017\/04\/25\/infarma-barcelona-seu-de-lema-agora-sanitaria-temes-destacats-al-marc\/#primaryimage\"},\"image\":{\"@id\":\"https:\/\/novaorg.cofb.net\/2017\/04\/25\/infarma-barcelona-seu-de-lema-agora-sanitaria-temes-destacats-al-marc\/#primaryimage\"},\"thumbnailUrl\":\"\",\"datePublished\":\"2017-04-25T14:42:12+00:00\",\"dateModified\":\"2017-04-25T14:42:12+00:00\",\"description\":\"Infarma, Barcelona seu de l'EMA i \u00c0gora Sanit\u00e0ria, temes destacats al mar\u00e7. Intervencions del COFB \/ farm\u00e0cia als mitjans de comunicaci\u00f3\",\"breadcrumb\":{\"@id\":\"https:\/\/novaorg.cofb.net\/2017\/04\/25\/infarma-barcelona-seu-de-lema-agora-sanitaria-temes-destacats-al-marc\/#breadcrumb\"},\"inLanguage\":\"ca\",\"potentialAction\":[{\"@type\":\"ReadAction\",\"target\":[\"https:\/\/novaorg.cofb.net\/2017\/04\/25\/infarma-barcelona-seu-de-lema-agora-sanitaria-temes-destacats-al-marc\/\"]}]},{\"@type\":\"ImageObject\",\"inLanguage\":\"ca\",\"@id\":\"https:\/\/novaorg.cofb.net\/2017\/04\/25\/infarma-barcelona-seu-de-lema-agora-sanitaria-temes-destacats-al-marc\/#primaryimage\",\"url\":\"\",\"contentUrl\":\"\"},{\"@type\":\"BreadcrumbList\",\"@id\":\"https:\/\/novaorg.cofb.net\/2017\/04\/25\/infarma-barcelona-seu-de-lema-agora-sanitaria-temes-destacats-al-marc\/#breadcrumb\",\"itemListElement\":[{\"@type\":\"ListItem\",\"position\":1,\"name\":\"Inici\",\"item\":\"https:\/\/novaorg.cofb.net\/\"},{\"@type\":\"ListItem\",\"position\":2,\"name\":\"Infarma, Barcelona seu de l&#8217;EMA i \u00c0gora Sanit\u00e0ria, temes destacats al mar\u00e7\"}]},{\"@type\":\"WebSite\",\"@id\":\"https:\/\/www.cofb.org\/#website\",\"url\":\"https:\/\/www.cofb.org\/\",\"name\":\"Col\u00b7legi de Farmac\u00e8utics de Barcelona\",\"description\":\"\",\"publisher\":{\"@id\":\"https:\/\/www.cofb.org\/#organization\"},\"potentialAction\":[{\"@type\":\"SearchAction\",\"target\":{\"@type\":\"EntryPoint\",\"urlTemplate\":\"https:\/\/www.cofb.org\/?s={search_term_string}\"},\"query-input\":\"required name=search_term_string\"}],\"inLanguage\":\"ca\"},{\"@type\":\"Organization\",\"@id\":\"https:\/\/www.cofb.org\/#organization\",\"name\":\"Col\u00b7legi de Farmac\u00e8utics de Barcelona\",\"url\":\"https:\/\/www.cofb.org\/\",\"logo\":{\"@type\":\"ImageObject\",\"inLanguage\":\"ca\",\"@id\":\"https:\/\/www.cofb.org\/#\/schema\/logo\/image\/\",\"url\":\"https:\/\/www.cofb.org\/wp-content\/uploads\/2023\/11\/cropped-Logotip-COFB.png\",\"contentUrl\":\"https:\/\/www.cofb.org\/wp-content\/uploads\/2023\/11\/cropped-Logotip-COFB.png\",\"width\":500,\"height\":105,\"caption\":\"Col\u00b7legi de Farmac\u00e8utics de Barcelona\"},\"image\":{\"@id\":\"https:\/\/www.cofb.org\/#\/schema\/logo\/image\/\"},\"sameAs\":[\"https:\/\/www.facebook.com\/farmaceuticsbcn\/\",\"https:\/\/twitter.com\/farmaceuticsbcn\",\"https:\/\/www.instagram.com\/farmaceuticsbcn\/\",\"https:\/\/www.linkedin.com\/company\/farmaceuticsbcn\/\"]},{\"@type\":\"Person\",\"@id\":\"https:\/\/www.cofb.org\/#\/schema\/person\/22ed7eea88da74b0fa4d3154ad87ffcb\",\"name\":\"wpAdminCofbOrg\",\"image\":{\"@type\":\"ImageObject\",\"inLanguage\":\"ca\",\"@id\":\"https:\/\/www.cofb.org\/#\/schema\/person\/image\/\",\"url\":\"https:\/\/secure.gravatar.com\/avatar\/1721b20b3b8ca882c3b56ec6c978c594fff670e40c0718e9190eaeeb76aae7d8?s=96&d=mm&r=g\",\"contentUrl\":\"https:\/\/secure.gravatar.com\/avatar\/1721b20b3b8ca882c3b56ec6c978c594fff670e40c0718e9190eaeeb76aae7d8?s=96&d=mm&r=g\",\"caption\":\"wpAdminCofbOrg\"},\"sameAs\":[\"http:\/\/192.168.64.122\/wordpress\"],\"url\":\"https:\/\/www.cofb.org\/ca\/author\/wpadmincofborg\/\"}]}<\/script>\n<!-- \/ Yoast SEO plugin. -->","yoast_head_json":{"title":"Infarma, Barcelona seu de l'EMA i \u00c0gora Sanit\u00e0ria, temes destacats al mar\u00e7","description":"Infarma, Barcelona seu de l'EMA i \u00c0gora Sanit\u00e0ria, temes destacats al mar\u00e7. Intervencions del COFB \/ farm\u00e0cia als mitjans de comunicaci\u00f3","robots":{"index":"index","follow":"follow","max-snippet":"max-snippet:-1","max-image-preview":"max-image-preview:large","max-video-preview":"max-video-preview:-1"},"canonical":"https:\/\/novaorg.cofb.net\/2017\/04\/25\/infarma-barcelona-seu-de-lema-agora-sanitaria-temes-destacats-al-marc\/","og_locale":"ca_ES","og_type":"article","og_title":"Infarma, Barcelona seu de l'EMA i \u00c0gora Sanit\u00e0ria, temes destacats al mar\u00e7","og_description":"Infarma, Barcelona seu de l'EMA i \u00c0gora Sanit\u00e0ria, temes destacats al mar\u00e7. Intervencions del COFB \/ farm\u00e0cia als mitjans de comunicaci\u00f3","og_url":"https:\/\/novaorg.cofb.net\/2017\/04\/25\/infarma-barcelona-seu-de-lema-agora-sanitaria-temes-destacats-al-marc\/","og_site_name":"Col\u00b7legi de Farmac\u00e8utics de Barcelona","article_publisher":"https:\/\/www.facebook.com\/farmaceuticsbcn\/","article_published_time":"2017-04-25T14:42:12+00:00","author":"wpAdminCofbOrg","twitter_card":"summary_large_image","twitter_creator":"@farmaceuticsbcn","twitter_site":"@farmaceuticsbcn","twitter_misc":{"Escrit per":"wpAdminCofbOrg","Temps estimat de lectura":"7 minuts"},"schema":{"@context":"https:\/\/schema.org","@graph":[{"@type":"Article","@id":"https:\/\/novaorg.cofb.net\/2017\/04\/25\/infarma-barcelona-seu-de-lema-agora-sanitaria-temes-destacats-al-marc\/#article","isPartOf":{"@id":"https:\/\/novaorg.cofb.net\/2017\/04\/25\/infarma-barcelona-seu-de-lema-agora-sanitaria-temes-destacats-al-marc\/"},"author":{"name":"wpAdminCofbOrg","@id":"https:\/\/www.cofb.org\/#\/schema\/person\/22ed7eea88da74b0fa4d3154ad87ffcb"},"headline":"Infarma, Barcelona seu de l&#8217;EMA i \u00c0gora Sanit\u00e0ria, temes destacats al mar\u00e7","datePublished":"2017-04-25T14:42:12+00:00","dateModified":"2017-04-25T14:42:12+00:00","mainEntityOfPage":{"@id":"https:\/\/novaorg.cofb.net\/2017\/04\/25\/infarma-barcelona-seu-de-lema-agora-sanitaria-temes-destacats-al-marc\/"},"wordCount":1397,"commentCount":0,"publisher":{"@id":"https:\/\/www.cofb.org\/#organization"},"image":{"@id":"https:\/\/novaorg.cofb.net\/2017\/04\/25\/infarma-barcelona-seu-de-lema-agora-sanitaria-temes-destacats-al-marc\/#primaryimage"},"thumbnailUrl":"","keywords":["Ag\u00e8ncia Europea del Medicament","\u00c1gora Sanitaria","EMA","farm\u00e0cia assistencial","Infarma","Infarma Barcelona 2017","Mitjans","Premis Correo Farmac\u00e9utico","vacuna meningitis"],"articleSection":["Destacats","Not\u00edcies farm\u00e0cia"],"inLanguage":"ca","potentialAction":[{"@type":"CommentAction","name":"Comment","target":["https:\/\/novaorg.cofb.net\/2017\/04\/25\/infarma-barcelona-seu-de-lema-agora-sanitaria-temes-destacats-al-marc\/#respond"]}]},{"@type":"WebPage","@id":"https:\/\/novaorg.cofb.net\/2017\/04\/25\/infarma-barcelona-seu-de-lema-agora-sanitaria-temes-destacats-al-marc\/","url":"https:\/\/novaorg.cofb.net\/2017\/04\/25\/infarma-barcelona-seu-de-lema-agora-sanitaria-temes-destacats-al-marc\/","name":"Infarma, Barcelona seu de l'EMA i \u00c0gora Sanit\u00e0ria, temes destacats al mar\u00e7","isPartOf":{"@id":"https:\/\/www.cofb.org\/#website"},"primaryImageOfPage":{"@id":"https:\/\/novaorg.cofb.net\/2017\/04\/25\/infarma-barcelona-seu-de-lema-agora-sanitaria-temes-destacats-al-marc\/#primaryimage"},"image":{"@id":"https:\/\/novaorg.cofb.net\/2017\/04\/25\/infarma-barcelona-seu-de-lema-agora-sanitaria-temes-destacats-al-marc\/#primaryimage"},"thumbnailUrl":"","datePublished":"2017-04-25T14:42:12+00:00","dateModified":"2017-04-25T14:42:12+00:00","description":"Infarma, Barcelona seu de l'EMA i \u00c0gora Sanit\u00e0ria, temes destacats al mar\u00e7. Intervencions del COFB \/ farm\u00e0cia als mitjans de comunicaci\u00f3","breadcrumb":{"@id":"https:\/\/novaorg.cofb.net\/2017\/04\/25\/infarma-barcelona-seu-de-lema-agora-sanitaria-temes-destacats-al-marc\/#breadcrumb"},"inLanguage":"ca","potentialAction":[{"@type":"ReadAction","target":["https:\/\/novaorg.cofb.net\/2017\/04\/25\/infarma-barcelona-seu-de-lema-agora-sanitaria-temes-destacats-al-marc\/"]}]},{"@type":"ImageObject","inLanguage":"ca","@id":"https:\/\/novaorg.cofb.net\/2017\/04\/25\/infarma-barcelona-seu-de-lema-agora-sanitaria-temes-destacats-al-marc\/#primaryimage","url":"","contentUrl":""},{"@type":"BreadcrumbList","@id":"https:\/\/novaorg.cofb.net\/2017\/04\/25\/infarma-barcelona-seu-de-lema-agora-sanitaria-temes-destacats-al-marc\/#breadcrumb","itemListElement":[{"@type":"ListItem","position":1,"name":"Inici","item":"https:\/\/novaorg.cofb.net\/"},{"@type":"ListItem","position":2,"name":"Infarma, Barcelona seu de l&#8217;EMA i \u00c0gora Sanit\u00e0ria, temes destacats al mar\u00e7"}]},{"@type":"WebSite","@id":"https:\/\/www.cofb.org\/#website","url":"https:\/\/www.cofb.org\/","name":"Col\u00b7legi de Farmac\u00e8utics de Barcelona","description":"","publisher":{"@id":"https:\/\/www.cofb.org\/#organization"},"potentialAction":[{"@type":"SearchAction","target":{"@type":"EntryPoint","urlTemplate":"https:\/\/www.cofb.org\/?s={search_term_string}"},"query-input":"required name=search_term_string"}],"inLanguage":"ca"},{"@type":"Organization","@id":"https:\/\/www.cofb.org\/#organization","name":"Col\u00b7legi de Farmac\u00e8utics de Barcelona","url":"https:\/\/www.cofb.org\/","logo":{"@type":"ImageObject","inLanguage":"ca","@id":"https:\/\/www.cofb.org\/#\/schema\/logo\/image\/","url":"https:\/\/www.cofb.org\/wp-content\/uploads\/2023\/11\/cropped-Logotip-COFB.png","contentUrl":"https:\/\/www.cofb.org\/wp-content\/uploads\/2023\/11\/cropped-Logotip-COFB.png","width":500,"height":105,"caption":"Col\u00b7legi de Farmac\u00e8utics de Barcelona"},"image":{"@id":"https:\/\/www.cofb.org\/#\/schema\/logo\/image\/"},"sameAs":["https:\/\/www.facebook.com\/farmaceuticsbcn\/","https:\/\/twitter.com\/farmaceuticsbcn","https:\/\/www.instagram.com\/farmaceuticsbcn\/","https:\/\/www.linkedin.com\/company\/farmaceuticsbcn\/"]},{"@type":"Person","@id":"https:\/\/www.cofb.org\/#\/schema\/person\/22ed7eea88da74b0fa4d3154ad87ffcb","name":"wpAdminCofbOrg","image":{"@type":"ImageObject","inLanguage":"ca","@id":"https:\/\/www.cofb.org\/#\/schema\/person\/image\/","url":"https:\/\/secure.gravatar.com\/avatar\/1721b20b3b8ca882c3b56ec6c978c594fff670e40c0718e9190eaeeb76aae7d8?s=96&d=mm&r=g","contentUrl":"https:\/\/secure.gravatar.com\/avatar\/1721b20b3b8ca882c3b56ec6c978c594fff670e40c0718e9190eaeeb76aae7d8?s=96&d=mm&r=g","caption":"wpAdminCofbOrg"},"sameAs":["http:\/\/192.168.64.122\/wordpress"],"url":"https:\/\/www.cofb.org\/ca\/author\/wpadmincofborg\/"}]}},"uagb_featured_image_src":{"full":false,"thumbnail":false,"medium":false,"medium_large":false,"large":false,"1536x1536":false,"2048x2048":false,"trp-custom-language-flag":false},"uagb_author_info":{"display_name":"wpAdminCofbOrg","author_link":"https:\/\/www.cofb.org\/ca\/author\/wpadmincofborg\/"},"uagb_comment_info":0,"uagb_excerpt":null,"_links":{"self":[{"href":"https:\/\/www.cofb.org\/ca\/wp-json\/wp\/v2\/posts\/29499","targetHints":{"allow":["GET"]}}],"collection":[{"href":"https:\/\/www.cofb.org\/ca\/wp-json\/wp\/v2\/posts"}],"about":[{"href":"https:\/\/www.cofb.org\/ca\/wp-json\/wp\/v2\/types\/post"}],"author":[{"embeddable":true,"href":"https:\/\/www.cofb.org\/ca\/wp-json\/wp\/v2\/users\/1"}],"replies":[{"embeddable":true,"href":"https:\/\/www.cofb.org\/ca\/wp-json\/wp\/v2\/comments?post=29499"}],"version-history":[{"count":0,"href":"https:\/\/www.cofb.org\/ca\/wp-json\/wp\/v2\/posts\/29499\/revisions"}],"wp:featuredmedia":[{"embeddable":true,"href":"https:\/\/www.cofb.org\/ca\/wp-json\/"}],"wp:attachment":[{"href":"https:\/\/www.cofb.org\/ca\/wp-json\/wp\/v2\/media?parent=29499"}],"wp:term":[{"taxonomy":"category","embeddable":true,"href":"https:\/\/www.cofb.org\/ca\/wp-json\/wp\/v2\/categories?post=29499"},{"taxonomy":"post_tag","embeddable":true,"href":"https:\/\/www.cofb.org\/ca\/wp-json\/wp\/v2\/tags?post=29499"}],"curies":[{"name":"wp","href":"https:\/\/api.w.org\/{rel}","templated":true}]}}