{"id":29399,"date":"2017-04-19T14:31:40","date_gmt":"2017-04-19T13:31:40","guid":{"rendered":"http:\/\/blog.cofb.cat\/?p=29399"},"modified":"2017-04-19T14:31:40","modified_gmt":"2017-04-19T13:31:40","slug":"farmacies-actives-en-el-dia-mundial-de-la-salut","status":"publish","type":"post","link":"https:\/\/www.cofb.org\/ca\/2017\/04\/19\/farmacies-actives-en-el-dia-mundial-de-la-salut\/","title":{"rendered":"Farm\u00e0cies actives en el Dia Mundial de la Salut"},"content":{"rendered":"<p>El 7 d\u2019abril es va celebrar el <a href=\"http:\/\/blog.cofb.cat\/6-7-dabril-dies-mundials-de-lactivitat-fisica-la-salut\/\">Dia Mundial de la Salut<\/a>, en commemoraci\u00f3 de l&#8217;aniversari de la fundaci\u00f3 de l&#8217;Organitzaci\u00f3 Mundial de la Salut el 1948. Destaquem el paper actiu de les farm\u00e0cies de dues ciutats, Sabadell i L\u2019Hospitalet, per commemorar aquesta data de conscienciaci\u00f3 global en l\u2019\u00e0mbit de la salut.<\/p>\n<p><a href=\"http:\/\/blog.cofb.cat\/wp-content\/uploads\/2017\/03\/PROGRAMA-FORUM-SALUT_2017-Sabadell_P\u00e1gina_1.jpg\"><img decoding=\"async\" class=\"alignleft  wp-image-28940\" alt=\"PROGRAMA FORUM SALUT_2017 Sabadell_P\u00e1gina_1\" src=\"http:\/\/blog.cofb.cat\/wp-content\/uploads\/2017\/03\/PROGRAMA-FORUM-SALUT_2017-Sabadell_P\u00e1gina_1.jpg\" width=\"179\" height=\"264\" \/><\/a>L\u20191 d\u2019abril, <a href=\"http:\/\/blog.cofb.cat\/dia-mundial-contra-el-cancer-de-colon-recte-xifres-de-la-prova-de-deteccio-precoc-amb-la-participacio-de-les-farmacies\/\">la farm\u00e0cia comunit\u00e0ria va estar present al <b>F\u00f2rum Salut de Sabadell<\/b><\/a>, una jornada que va voler reivindicar la perspectiva dels usuaris en la millora i transformaci\u00f3 del sistema sanitari. Aquest f\u00f2rum \u00e9s un instrument que va n\u00e9ixer amb la pretensi\u00f3 que anualment, al voltant del Dia Mundial de la Salut, s\u2019articulin una s\u00e8rie de sessions, taules i debats que puguin ser d\u2019inter\u00e8s a la ciutadania, i en les que s\u2019hi tinguin en compte diferents perspectives.<\/p>\n<p><a href=\"http:\/\/www.sabadell.cat\/ca\/forum-salut\">Web del F\u00f2rum.<\/a><\/p>\n<p>Aix\u00ed mateix, les farm\u00e0cies de Sabadell<strong> van ubicar un estand<\/strong> a l&#8217;exterior del F\u00f2rum, juntament amb altres entitats de la ciutat, <strong>per exposar tots els serveis professionals que duen a terme.<\/strong><\/p>\n<div class=\"box shadow\">\u201cEs va parlar de la humanitzaci\u00f3 de la salut i de la societat civil organitzada. Hi van participar associacions de malalts, professionals sanitaris -entre ells farmac\u00e8utics i farmac\u00e8utiques de Sabadell-, membres de l&#8217;ajuntament&#8230; va ser molt interessant i tothom va sortir molt content\u201d explica <b>Meritxell Blanchart, coordinadora de les farm\u00e0cies del Vall\u00e8s Occidental Est<\/b>.<\/p>\n<p>\u201cPel que fa a les farm\u00e0cies, i malgrat la pluja, tamb\u00e9 va ser un \u00e8xit de participaci\u00f3. Vam ser en total 14 farmac\u00e8utics de Sabadell i ens vam organitzar molt b\u00e9. Destacar el paper de Rosa Jordana com a relatora d&#8217;una de les taules rodones, i Olga Codinach i Susa Gonzalez que van fer les xerrades\/tallers sobre &#8216;Bon \u00fas dels medicaments&#8217; i &#8216;Com fer b\u00e9 els tractaments'&#8221;.<\/div>\n<figure id=\"attachment_29415\" aria-describedby=\"caption-attachment-29415\" style=\"width: 249px\" class=\"wp-caption alignleft\"><a href=\"http:\/\/blog.cofb.cat\/wp-content\/uploads\/2017\/04\/IMG-20170401-WA0009.jpg\"><img decoding=\"async\" class=\" wp-image-29415 \" alt=\"IMG-20170401-WA0009\" src=\"http:\/\/blog.cofb.cat\/wp-content\/uploads\/2017\/04\/IMG-20170401-WA0009.jpg\" width=\"249\" height=\"140\" \/><\/a><figcaption id=\"caption-attachment-29415\" class=\"wp-caption-text\">La farmac\u00e8utica Rosa Jordana<\/figcaption><\/figure>\n<figure id=\"attachment_29494\" aria-describedby=\"caption-attachment-29494\" style=\"width: 322px\" class=\"wp-caption alignleft\"><a href=\"http:\/\/blog.cofb.cat\/wp-content\/uploads\/2017\/04\/IMG-20170404-WA0000.jpg\"><img fetchpriority=\"high\" decoding=\"async\" class=\" wp-image-29494    \" alt=\"IMG-20170404-WA0000\" src=\"http:\/\/blog.cofb.cat\/wp-content\/uploads\/2017\/04\/IMG-20170404-WA0000.jpg\" width=\"322\" height=\"181\" \/><\/a><figcaption id=\"caption-attachment-29494\" class=\"wp-caption-text\">Meritxell Blanchart, la segona comen\u00e7ant per l&#8217;esquerra, amb els participants del F\u00f2rum Salut de Sabadell<\/figcaption><\/figure>\n<p>&nbsp;<\/p>\n<div class=\"custom-divider\"><\/div>\n<p>Tamb\u00e9 en el marc del Dia Mundial de la Salut i el de l\u2019Activitat F\u00edsica (un dia despr\u00e9s),<strong> farm\u00e0cies comunit\u00e0ries de L\u2019Hospitalet van participar el 6 d\u2019abril en els tallers d\u2019h\u00e0bits saludables i accions que promouen l\u2019activitat f\u00edsica<\/strong> com a font de salut que organitza la ciutat amb motiu d\u2019aquests dies mundials.<\/p>\n<div class=\"box shadow\"><a href=\"http:\/\/blog.cofb.cat\/wp-content\/uploads\/2017\/04\/farmacies-DMsalut-Hospitalet-3.jpg\"><img loading=\"lazy\" decoding=\"async\" class=\"alignleft  wp-image-29402\" alt=\"farmacies-DMsalut-Hospitalet (3)\" src=\"http:\/\/blog.cofb.cat\/wp-content\/uploads\/2017\/04\/farmacies-DMsalut-Hospitalet-3.jpg\" width=\"266\" height=\"199\" \/><\/a>Les farm\u00e0cies van<strong>\u00a0estar presents a una carpa a peu de carrer per donar a con\u00e8ixer, de primera m\u00e0, les activitats assistencials que es fan a les farm\u00e0cies comunit\u00e0ries de la ciutat\u00a0sota el lema &#8220;Saps tot el que un farmac\u00e8utic pot fer per tu?&#8221;.<\/strong><\/div>\n<p>A L\u2019Hospitalet, des de fa 8 anys, se celebren aquests dies mundials amb un acte multitudinari al carrer, amb diferents tallers d\u2019h\u00e0bits saludables i accions que promouen l\u2019activitat f\u00edsica com a font de salut. La jornada va comptar amb la col\u00b7laboraci\u00f3, entre altres entitats, de les farm\u00e0cies comunit\u00e0ries de l\u2019Hospitalet. M\u00e9s informaci\u00f3 en <a href=\"http:\/\/www.l-h.cat\/agenda\/detallAgenda.aspx?1J1xyVlWu6iMoyrMHvSqazCf5yxyO2mgrmez9xgWVvIqqazAAjnOSjW9HfftDBvDt1WBaJH\" target=\"_blank\" rel=\"noopener\">aquest enlla\u00e7<\/a>.<\/p>\n<p>A les imatges de sota podeu veure la participaci\u00f3 de les farm\u00e0cies de L&#8217;Hospitalet \u00a0a la carpa informativa:<\/p>\n<p><a href=\"http:\/\/blog.cofb.cat\/wp-content\/uploads\/2017\/04\/farmacies-DMsalut-Hospitalet-4.jpg\"><img loading=\"lazy\" decoding=\"async\" class=\"alignleft  wp-image-29403\" alt=\"farmacies-DMsalut-Hospitalet (4)\" src=\"http:\/\/blog.cofb.cat\/wp-content\/uploads\/2017\/04\/farmacies-DMsalut-Hospitalet-4.jpg\" width=\"154\" height=\"274\" \/><\/a> <a href=\"http:\/\/blog.cofb.cat\/wp-content\/uploads\/2017\/04\/farmacies-DMsalut-Hospitalet-2.jpg\"><img loading=\"lazy\" decoding=\"async\" class=\"wp-image-29401 alignleft\" alt=\"farmacies-DMsalut-Hospitalet (2)\" src=\"http:\/\/blog.cofb.cat\/wp-content\/uploads\/2017\/04\/farmacies-DMsalut-Hospitalet-2.jpg\" width=\"199\" height=\"266\" \/><\/a> <a href=\"http:\/\/blog.cofb.cat\/wp-content\/uploads\/2017\/04\/farmacies-DMsalut-Hospitalet-1.jpg\"><img loading=\"lazy\" decoding=\"async\" class=\"wp-image-29400 alignleft\" alt=\"farmacies-DMsalut-Hospitalet (1)\" src=\"http:\/\/blog.cofb.cat\/wp-content\/uploads\/2017\/04\/farmacies-DMsalut-Hospitalet-1.jpg\" width=\"201\" height=\"268\" \/><\/a><\/p>\n<p>&nbsp;<\/p>\n<p><strong>Not\u00edcies relacionades, via Blog:<\/strong><\/p>\n<ul>\n<li><a href=\"http:\/\/blog.cofb.cat\/6-7-dabril-dies-mundials-de-lactivitat-fisica-la-salut\/\" target=\"_blank\" rel=\"noopener\">6 i 7 d\u2019abril: dies mundials de l\u2019Activitat F\u00edsica i la Salut<\/a><\/li>\n<li><a href=\"http:\/\/blog.cofb.cat\/dia-mundial-contra-el-cancer-de-colon-recte-xifres-de-la-prova-de-deteccio-precoc-amb-la-participacio-de-les-farmacies\/\" target=\"_blank\" rel=\"noopener\">Dia Mundial contra el c\u00e0ncer de c\u00f2lon i recte: xifres de la prova de detecci\u00f3 preco\u00e7 amb la participaci\u00f3 de les farm\u00e0cies<\/a><\/li>\n<li><a href=\"http:\/\/blog.cofb.cat\/les-farmacies-participen-en-la-setmana-europea-de-la-prova-del-vih\/\" target=\"_blank\" rel=\"noopener\">Les farm\u00e0cies participen en la Setmana Europea de la prova del VIH<\/a><\/li>\n<li><a href=\"http:\/\/blog.cofb.cat\/exit-de-participacio-en-la-setmana-sense-fum\/\" target=\"_blank\" rel=\"noopener\">\u00c8xit de participaci\u00f3 en la Setmana sense fum<\/a><\/li>\n<\/ul>\n<p>&nbsp;<\/p>\n","protected":false},"excerpt":{"rendered":"<p>El 7 d\u2019abril es va celebrar el Dia Mundial de la Salut, en commemoraci\u00f3 de l&#8217;aniversari de la fundaci\u00f3 de l&#8217;Organitzaci\u00f3 Mundial de la Salut el 1948. Destaquem el paper actiu de les farm\u00e0cies de dues ciutats, Sabadell i L\u2019Hospitalet, per commemorar aquesta data de conscienciaci\u00f3 global en l\u2019\u00e0mbit de [&hellip;]<\/p>\n","protected":false},"author":1,"featured_media":29402,"comment_status":"open","ping_status":"open","sticky":false,"template":"","format":"standard","meta":{"_uag_custom_page_level_css":"","site-sidebar-layout":"default","site-content-layout":"","ast-site-content-layout":"default","site-content-style":"default","site-sidebar-style":"default","ast-global-header-display":"","ast-banner-title-visibility":"","ast-main-header-display":"","ast-hfb-above-header-display":"","ast-hfb-below-header-display":"","ast-hfb-mobile-header-display":"","site-post-title":"","ast-breadcrumbs-content":"","ast-featured-img":"disabled","footer-sml-layout":"","theme-transparent-header-meta":"","adv-header-id-meta":"","stick-header-meta":"","header-above-stick-meta":"","header-main-stick-meta":"","header-below-stick-meta":"","astra-migrate-meta-layouts":"default","ast-page-background-enabled":"default","ast-page-background-meta":{"desktop":{"background-color":"var(--ast-global-color-4)","background-image":"","background-repeat":"repeat","background-position":"center center","background-size":"auto","background-attachment":"scroll","background-type":"","background-media":"","overlay-type":"","overlay-color":"","overlay-opacity":"","overlay-gradient":""},"tablet":{"background-color":"","background-image":"","background-repeat":"repeat","background-position":"center center","background-size":"auto","background-attachment":"scroll","background-type":"","background-media":"","overlay-type":"","overlay-color":"","overlay-opacity":"","overlay-gradient":""},"mobile":{"background-color":"","background-image":"","background-repeat":"repeat","background-position":"center center","background-size":"auto","background-attachment":"scroll","background-type":"","background-media":"","overlay-type":"","overlay-color":"","overlay-opacity":"","overlay-gradient":""}},"ast-content-background-meta":{"desktop":{"background-color":"var(--ast-global-color-5)","background-image":"","background-repeat":"repeat","background-position":"center center","background-size":"auto","background-attachment":"scroll","background-type":"","background-media":"","overlay-type":"","overlay-color":"","overlay-opacity":"","overlay-gradient":""},"tablet":{"background-color":"var(--ast-global-color-5)","background-image":"","background-repeat":"repeat","background-position":"center center","background-size":"auto","background-attachment":"scroll","background-type":"","background-media":"","overlay-type":"","overlay-color":"","overlay-opacity":"","overlay-gradient":""},"mobile":{"background-color":"var(--ast-global-color-5)","background-image":"","background-repeat":"repeat","background-position":"center center","background-size":"auto","background-attachment":"scroll","background-type":"","background-media":"","overlay-type":"","overlay-color":"","overlay-opacity":"","overlay-gradient":""}},"footnotes":""},"categories":[32],"tags":[2737,2366,69,2742],"class_list":["post-29399","post","type-post","status-publish","format-standard","has-post-thumbnail","hentry","category-noticies-farmacia","tag-dia-mundial-de-lactivitat-fisica","tag-dia-mundial-de-la-salut","tag-farmacia-comunitaria","tag-forum-salut-sabadell"],"yoast_head":"<!-- This site is optimized with the Yoast SEO plugin v22.4 - https:\/\/yoast.com\/wordpress\/plugins\/seo\/ -->\n<title>Farm\u00e0cies actives en el Dia Mundial de la Salut<\/title>\n<meta name=\"description\" content=\"Farm\u00e0cies actives en el Dia Mundial de la Salut. Farm\u00e0cies comunit\u00e0ries de Sabadell i L&#039;Hospitalet\" \/>\n<meta name=\"robots\" content=\"index, follow, max-snippet:-1, max-image-preview:large, max-video-preview:-1\" \/>\n<link rel=\"canonical\" href=\"https:\/\/novaorg.cofb.net\/2017\/04\/19\/farmacies-actives-en-el-dia-mundial-de-la-salut\/\" \/>\n<meta property=\"og:locale\" content=\"ca_ES\" \/>\n<meta property=\"og:type\" content=\"article\" \/>\n<meta property=\"og:title\" content=\"Farm\u00e0cies actives en el Dia Mundial de la Salut\" \/>\n<meta property=\"og:description\" content=\"Farm\u00e0cies actives en el Dia Mundial de la Salut. Farm\u00e0cies comunit\u00e0ries de Sabadell i L&#039;Hospitalet\" \/>\n<meta property=\"og:url\" content=\"https:\/\/novaorg.cofb.net\/2017\/04\/19\/farmacies-actives-en-el-dia-mundial-de-la-salut\/\" \/>\n<meta property=\"og:site_name\" content=\"Col\u00b7legi de Farmac\u00e8utics de Barcelona\" \/>\n<meta property=\"article:publisher\" content=\"https:\/\/www.facebook.com\/farmaceuticsbcn\/\" \/>\n<meta property=\"article:published_time\" content=\"2017-04-19T13:31:40+00:00\" \/>\n<meta name=\"author\" content=\"wpAdminCofbOrg\" \/>\n<meta name=\"twitter:card\" content=\"summary_large_image\" \/>\n<meta name=\"twitter:creator\" content=\"@farmaceuticsbcn\" \/>\n<meta name=\"twitter:site\" content=\"@farmaceuticsbcn\" \/>\n<meta name=\"twitter:label1\" content=\"Escrit per\" \/>\n\t<meta name=\"twitter:data1\" content=\"wpAdminCofbOrg\" \/>\n\t<meta name=\"twitter:label2\" content=\"Temps estimat de lectura\" \/>\n\t<meta name=\"twitter:data2\" content=\"3 minuts\" \/>\n<script type=\"application\/ld+json\" class=\"yoast-schema-graph\">{\"@context\":\"https:\/\/schema.org\",\"@graph\":[{\"@type\":\"Article\",\"@id\":\"https:\/\/novaorg.cofb.net\/2017\/04\/19\/farmacies-actives-en-el-dia-mundial-de-la-salut\/#article\",\"isPartOf\":{\"@id\":\"https:\/\/novaorg.cofb.net\/2017\/04\/19\/farmacies-actives-en-el-dia-mundial-de-la-salut\/\"},\"author\":{\"name\":\"wpAdminCofbOrg\",\"@id\":\"https:\/\/www.cofb.org\/#\/schema\/person\/22ed7eea88da74b0fa4d3154ad87ffcb\"},\"headline\":\"Farm\u00e0cies actives en el Dia Mundial de la Salut\",\"datePublished\":\"2017-04-19T13:31:40+00:00\",\"dateModified\":\"2017-04-19T13:31:40+00:00\",\"mainEntityOfPage\":{\"@id\":\"https:\/\/novaorg.cofb.net\/2017\/04\/19\/farmacies-actives-en-el-dia-mundial-de-la-salut\/\"},\"wordCount\":631,\"commentCount\":0,\"publisher\":{\"@id\":\"https:\/\/www.cofb.org\/#organization\"},\"image\":{\"@id\":\"https:\/\/novaorg.cofb.net\/2017\/04\/19\/farmacies-actives-en-el-dia-mundial-de-la-salut\/#primaryimage\"},\"thumbnailUrl\":\"\",\"keywords\":[\"Dia Mundial de l'Activitat F\u00edsica\",\"Dia Mundial de la Salut\",\"farm\u00e0cia comunit\u00e0ria\",\"F\u00f2rum Salut Sabadell\"],\"articleSection\":[\"Not\u00edcies farm\u00e0cia\"],\"inLanguage\":\"ca\",\"potentialAction\":[{\"@type\":\"CommentAction\",\"name\":\"Comment\",\"target\":[\"https:\/\/novaorg.cofb.net\/2017\/04\/19\/farmacies-actives-en-el-dia-mundial-de-la-salut\/#respond\"]}]},{\"@type\":\"WebPage\",\"@id\":\"https:\/\/novaorg.cofb.net\/2017\/04\/19\/farmacies-actives-en-el-dia-mundial-de-la-salut\/\",\"url\":\"https:\/\/novaorg.cofb.net\/2017\/04\/19\/farmacies-actives-en-el-dia-mundial-de-la-salut\/\",\"name\":\"Farm\u00e0cies actives en el Dia Mundial de la Salut\",\"isPartOf\":{\"@id\":\"https:\/\/www.cofb.org\/#website\"},\"primaryImageOfPage\":{\"@id\":\"https:\/\/novaorg.cofb.net\/2017\/04\/19\/farmacies-actives-en-el-dia-mundial-de-la-salut\/#primaryimage\"},\"image\":{\"@id\":\"https:\/\/novaorg.cofb.net\/2017\/04\/19\/farmacies-actives-en-el-dia-mundial-de-la-salut\/#primaryimage\"},\"thumbnailUrl\":\"\",\"datePublished\":\"2017-04-19T13:31:40+00:00\",\"dateModified\":\"2017-04-19T13:31:40+00:00\",\"description\":\"Farm\u00e0cies actives en el Dia Mundial de la Salut. Farm\u00e0cies comunit\u00e0ries de Sabadell i L'Hospitalet\",\"breadcrumb\":{\"@id\":\"https:\/\/novaorg.cofb.net\/2017\/04\/19\/farmacies-actives-en-el-dia-mundial-de-la-salut\/#breadcrumb\"},\"inLanguage\":\"ca\",\"potentialAction\":[{\"@type\":\"ReadAction\",\"target\":[\"https:\/\/novaorg.cofb.net\/2017\/04\/19\/farmacies-actives-en-el-dia-mundial-de-la-salut\/\"]}]},{\"@type\":\"ImageObject\",\"inLanguage\":\"ca\",\"@id\":\"https:\/\/novaorg.cofb.net\/2017\/04\/19\/farmacies-actives-en-el-dia-mundial-de-la-salut\/#primaryimage\",\"url\":\"\",\"contentUrl\":\"\"},{\"@type\":\"BreadcrumbList\",\"@id\":\"https:\/\/novaorg.cofb.net\/2017\/04\/19\/farmacies-actives-en-el-dia-mundial-de-la-salut\/#breadcrumb\",\"itemListElement\":[{\"@type\":\"ListItem\",\"position\":1,\"name\":\"Inici\",\"item\":\"https:\/\/novaorg.cofb.net\/\"},{\"@type\":\"ListItem\",\"position\":2,\"name\":\"Farm\u00e0cies actives en el Dia Mundial de la Salut\"}]},{\"@type\":\"WebSite\",\"@id\":\"https:\/\/www.cofb.org\/#website\",\"url\":\"https:\/\/www.cofb.org\/\",\"name\":\"Col\u00b7legi de Farmac\u00e8utics de Barcelona\",\"description\":\"\",\"publisher\":{\"@id\":\"https:\/\/www.cofb.org\/#organization\"},\"potentialAction\":[{\"@type\":\"SearchAction\",\"target\":{\"@type\":\"EntryPoint\",\"urlTemplate\":\"https:\/\/www.cofb.org\/?s={search_term_string}\"},\"query-input\":\"required name=search_term_string\"}],\"inLanguage\":\"ca\"},{\"@type\":\"Organization\",\"@id\":\"https:\/\/www.cofb.org\/#organization\",\"name\":\"Col\u00b7legi de Farmac\u00e8utics de Barcelona\",\"url\":\"https:\/\/www.cofb.org\/\",\"logo\":{\"@type\":\"ImageObject\",\"inLanguage\":\"ca\",\"@id\":\"https:\/\/www.cofb.org\/#\/schema\/logo\/image\/\",\"url\":\"https:\/\/www.cofb.org\/wp-content\/uploads\/2023\/11\/cropped-Logotip-COFB.png\",\"contentUrl\":\"https:\/\/www.cofb.org\/wp-content\/uploads\/2023\/11\/cropped-Logotip-COFB.png\",\"width\":500,\"height\":105,\"caption\":\"Col\u00b7legi de Farmac\u00e8utics de Barcelona\"},\"image\":{\"@id\":\"https:\/\/www.cofb.org\/#\/schema\/logo\/image\/\"},\"sameAs\":[\"https:\/\/www.facebook.com\/farmaceuticsbcn\/\",\"https:\/\/twitter.com\/farmaceuticsbcn\",\"https:\/\/www.instagram.com\/farmaceuticsbcn\/\",\"https:\/\/www.linkedin.com\/company\/farmaceuticsbcn\/\"]},{\"@type\":\"Person\",\"@id\":\"https:\/\/www.cofb.org\/#\/schema\/person\/22ed7eea88da74b0fa4d3154ad87ffcb\",\"name\":\"wpAdminCofbOrg\",\"image\":{\"@type\":\"ImageObject\",\"inLanguage\":\"ca\",\"@id\":\"https:\/\/www.cofb.org\/#\/schema\/person\/image\/\",\"url\":\"https:\/\/secure.gravatar.com\/avatar\/1721b20b3b8ca882c3b56ec6c978c594fff670e40c0718e9190eaeeb76aae7d8?s=96&d=mm&r=g\",\"contentUrl\":\"https:\/\/secure.gravatar.com\/avatar\/1721b20b3b8ca882c3b56ec6c978c594fff670e40c0718e9190eaeeb76aae7d8?s=96&d=mm&r=g\",\"caption\":\"wpAdminCofbOrg\"},\"sameAs\":[\"http:\/\/192.168.64.122\/wordpress\"],\"url\":\"https:\/\/www.cofb.org\/ca\/author\/wpadmincofborg\/\"}]}<\/script>\n<!-- \/ Yoast SEO plugin. -->","yoast_head_json":{"title":"Farm\u00e0cies actives en el Dia Mundial de la Salut","description":"Farm\u00e0cies actives en el Dia Mundial de la Salut. Farm\u00e0cies comunit\u00e0ries de Sabadell i L'Hospitalet","robots":{"index":"index","follow":"follow","max-snippet":"max-snippet:-1","max-image-preview":"max-image-preview:large","max-video-preview":"max-video-preview:-1"},"canonical":"https:\/\/novaorg.cofb.net\/2017\/04\/19\/farmacies-actives-en-el-dia-mundial-de-la-salut\/","og_locale":"ca_ES","og_type":"article","og_title":"Farm\u00e0cies actives en el Dia Mundial de la Salut","og_description":"Farm\u00e0cies actives en el Dia Mundial de la Salut. Farm\u00e0cies comunit\u00e0ries de Sabadell i L'Hospitalet","og_url":"https:\/\/novaorg.cofb.net\/2017\/04\/19\/farmacies-actives-en-el-dia-mundial-de-la-salut\/","og_site_name":"Col\u00b7legi de Farmac\u00e8utics de Barcelona","article_publisher":"https:\/\/www.facebook.com\/farmaceuticsbcn\/","article_published_time":"2017-04-19T13:31:40+00:00","author":"wpAdminCofbOrg","twitter_card":"summary_large_image","twitter_creator":"@farmaceuticsbcn","twitter_site":"@farmaceuticsbcn","twitter_misc":{"Escrit per":"wpAdminCofbOrg","Temps estimat de lectura":"3 minuts"},"schema":{"@context":"https:\/\/schema.org","@graph":[{"@type":"Article","@id":"https:\/\/novaorg.cofb.net\/2017\/04\/19\/farmacies-actives-en-el-dia-mundial-de-la-salut\/#article","isPartOf":{"@id":"https:\/\/novaorg.cofb.net\/2017\/04\/19\/farmacies-actives-en-el-dia-mundial-de-la-salut\/"},"author":{"name":"wpAdminCofbOrg","@id":"https:\/\/www.cofb.org\/#\/schema\/person\/22ed7eea88da74b0fa4d3154ad87ffcb"},"headline":"Farm\u00e0cies actives en el Dia Mundial de la Salut","datePublished":"2017-04-19T13:31:40+00:00","dateModified":"2017-04-19T13:31:40+00:00","mainEntityOfPage":{"@id":"https:\/\/novaorg.cofb.net\/2017\/04\/19\/farmacies-actives-en-el-dia-mundial-de-la-salut\/"},"wordCount":631,"commentCount":0,"publisher":{"@id":"https:\/\/www.cofb.org\/#organization"},"image":{"@id":"https:\/\/novaorg.cofb.net\/2017\/04\/19\/farmacies-actives-en-el-dia-mundial-de-la-salut\/#primaryimage"},"thumbnailUrl":"","keywords":["Dia Mundial de l'Activitat F\u00edsica","Dia Mundial de la Salut","farm\u00e0cia comunit\u00e0ria","F\u00f2rum Salut Sabadell"],"articleSection":["Not\u00edcies farm\u00e0cia"],"inLanguage":"ca","potentialAction":[{"@type":"CommentAction","name":"Comment","target":["https:\/\/novaorg.cofb.net\/2017\/04\/19\/farmacies-actives-en-el-dia-mundial-de-la-salut\/#respond"]}]},{"@type":"WebPage","@id":"https:\/\/novaorg.cofb.net\/2017\/04\/19\/farmacies-actives-en-el-dia-mundial-de-la-salut\/","url":"https:\/\/novaorg.cofb.net\/2017\/04\/19\/farmacies-actives-en-el-dia-mundial-de-la-salut\/","name":"Farm\u00e0cies actives en el Dia Mundial de la Salut","isPartOf":{"@id":"https:\/\/www.cofb.org\/#website"},"primaryImageOfPage":{"@id":"https:\/\/novaorg.cofb.net\/2017\/04\/19\/farmacies-actives-en-el-dia-mundial-de-la-salut\/#primaryimage"},"image":{"@id":"https:\/\/novaorg.cofb.net\/2017\/04\/19\/farmacies-actives-en-el-dia-mundial-de-la-salut\/#primaryimage"},"thumbnailUrl":"","datePublished":"2017-04-19T13:31:40+00:00","dateModified":"2017-04-19T13:31:40+00:00","description":"Farm\u00e0cies actives en el Dia Mundial de la Salut. Farm\u00e0cies comunit\u00e0ries de Sabadell i L'Hospitalet","breadcrumb":{"@id":"https:\/\/novaorg.cofb.net\/2017\/04\/19\/farmacies-actives-en-el-dia-mundial-de-la-salut\/#breadcrumb"},"inLanguage":"ca","potentialAction":[{"@type":"ReadAction","target":["https:\/\/novaorg.cofb.net\/2017\/04\/19\/farmacies-actives-en-el-dia-mundial-de-la-salut\/"]}]},{"@type":"ImageObject","inLanguage":"ca","@id":"https:\/\/novaorg.cofb.net\/2017\/04\/19\/farmacies-actives-en-el-dia-mundial-de-la-salut\/#primaryimage","url":"","contentUrl":""},{"@type":"BreadcrumbList","@id":"https:\/\/novaorg.cofb.net\/2017\/04\/19\/farmacies-actives-en-el-dia-mundial-de-la-salut\/#breadcrumb","itemListElement":[{"@type":"ListItem","position":1,"name":"Inici","item":"https:\/\/novaorg.cofb.net\/"},{"@type":"ListItem","position":2,"name":"Farm\u00e0cies actives en el Dia Mundial de la Salut"}]},{"@type":"WebSite","@id":"https:\/\/www.cofb.org\/#website","url":"https:\/\/www.cofb.org\/","name":"Col\u00b7legi de Farmac\u00e8utics de Barcelona","description":"","publisher":{"@id":"https:\/\/www.cofb.org\/#organization"},"potentialAction":[{"@type":"SearchAction","target":{"@type":"EntryPoint","urlTemplate":"https:\/\/www.cofb.org\/?s={search_term_string}"},"query-input":"required name=search_term_string"}],"inLanguage":"ca"},{"@type":"Organization","@id":"https:\/\/www.cofb.org\/#organization","name":"Col\u00b7legi de Farmac\u00e8utics de Barcelona","url":"https:\/\/www.cofb.org\/","logo":{"@type":"ImageObject","inLanguage":"ca","@id":"https:\/\/www.cofb.org\/#\/schema\/logo\/image\/","url":"https:\/\/www.cofb.org\/wp-content\/uploads\/2023\/11\/cropped-Logotip-COFB.png","contentUrl":"https:\/\/www.cofb.org\/wp-content\/uploads\/2023\/11\/cropped-Logotip-COFB.png","width":500,"height":105,"caption":"Col\u00b7legi de Farmac\u00e8utics de Barcelona"},"image":{"@id":"https:\/\/www.cofb.org\/#\/schema\/logo\/image\/"},"sameAs":["https:\/\/www.facebook.com\/farmaceuticsbcn\/","https:\/\/twitter.com\/farmaceuticsbcn","https:\/\/www.instagram.com\/farmaceuticsbcn\/","https:\/\/www.linkedin.com\/company\/farmaceuticsbcn\/"]},{"@type":"Person","@id":"https:\/\/www.cofb.org\/#\/schema\/person\/22ed7eea88da74b0fa4d3154ad87ffcb","name":"wpAdminCofbOrg","image":{"@type":"ImageObject","inLanguage":"ca","@id":"https:\/\/www.cofb.org\/#\/schema\/person\/image\/","url":"https:\/\/secure.gravatar.com\/avatar\/1721b20b3b8ca882c3b56ec6c978c594fff670e40c0718e9190eaeeb76aae7d8?s=96&d=mm&r=g","contentUrl":"https:\/\/secure.gravatar.com\/avatar\/1721b20b3b8ca882c3b56ec6c978c594fff670e40c0718e9190eaeeb76aae7d8?s=96&d=mm&r=g","caption":"wpAdminCofbOrg"},"sameAs":["http:\/\/192.168.64.122\/wordpress"],"url":"https:\/\/www.cofb.org\/ca\/author\/wpadmincofborg\/"}]}},"uagb_featured_image_src":{"full":false,"thumbnail":false,"medium":false,"medium_large":false,"large":false,"1536x1536":false,"2048x2048":false,"trp-custom-language-flag":false},"uagb_author_info":{"display_name":"wpAdminCofbOrg","author_link":"https:\/\/www.cofb.org\/ca\/author\/wpadmincofborg\/"},"uagb_comment_info":0,"uagb_excerpt":"El 7 d\u2019abril es va celebrar el Dia Mundial de la Salut, en commemoraci\u00f3 de l&#8217;aniversari de la fundaci\u00f3 de l&#8217;Organitzaci\u00f3 Mundial de la Salut el 1948. Destaquem el paper actiu de les farm\u00e0cies de dues ciutats, Sabadell i L\u2019Hospitalet, per commemorar aquesta data de conscienciaci\u00f3 global en l\u2019\u00e0mbit de [&hellip;]","_links":{"self":[{"href":"https:\/\/www.cofb.org\/ca\/wp-json\/wp\/v2\/posts\/29399","targetHints":{"allow":["GET"]}}],"collection":[{"href":"https:\/\/www.cofb.org\/ca\/wp-json\/wp\/v2\/posts"}],"about":[{"href":"https:\/\/www.cofb.org\/ca\/wp-json\/wp\/v2\/types\/post"}],"author":[{"embeddable":true,"href":"https:\/\/www.cofb.org\/ca\/wp-json\/wp\/v2\/users\/1"}],"replies":[{"embeddable":true,"href":"https:\/\/www.cofb.org\/ca\/wp-json\/wp\/v2\/comments?post=29399"}],"version-history":[{"count":0,"href":"https:\/\/www.cofb.org\/ca\/wp-json\/wp\/v2\/posts\/29399\/revisions"}],"wp:featuredmedia":[{"embeddable":true,"href":"https:\/\/www.cofb.org\/ca\/wp-json\/"}],"wp:attachment":[{"href":"https:\/\/www.cofb.org\/ca\/wp-json\/wp\/v2\/media?parent=29399"}],"wp:term":[{"taxonomy":"category","embeddable":true,"href":"https:\/\/www.cofb.org\/ca\/wp-json\/wp\/v2\/categories?post=29399"},{"taxonomy":"post_tag","embeddable":true,"href":"https:\/\/www.cofb.org\/ca\/wp-json\/wp\/v2\/tags?post=29399"}],"curies":[{"name":"wp","href":"https:\/\/api.w.org\/{rel}","templated":true}]}}