{"id":29250,"date":"2017-04-11T09:53:01","date_gmt":"2017-04-11T08:53:01","guid":{"rendered":"http:\/\/blog.cofb.cat\/?p=29250"},"modified":"2017-04-11T09:53:01","modified_gmt":"2017-04-11T08:53:01","slug":"noves-denominacions-incloses-al-lexic-de-farmacs-en-linia","status":"publish","type":"post","link":"https:\/\/www.cofb.org\/ca\/2017\/04\/11\/noves-denominacions-incloses-al-lexic-de-farmacs-en-linia\/","title":{"rendered":"Noves denominacions incloses al &#8216;L\u00e8xic de f\u00e0rmacs&#8217; en l\u00ednia"},"content":{"rendered":"<p><a href=\"http:\/\/www.termcat.cat\/ca\/Diccionaris_En_Linia\/12\/Presentacio\" target=\"_blank\" rel=\"noopener\"><img decoding=\"async\" class=\"alignright\" title=\"Noves denominacions incloses al L\u00e8xic de f\u00e0rmacs en l\u00ednia\" alt=\"lexic-de-farmacs\" src=\"http:\/\/blog.cofb.cat\/wp-content\/uploads\/2017\/04\/lexic-de-farmacs.jpg\" width=\"305\" height=\"133\" \/><\/a>Coincidint amb la recent celebraci\u00f3 a Barcelona del congr\u00e9s\u00a0<a href=\"http:\/\/blog.cofb.cat\/infarma-tanca-les-seves-portes-amb-la-mirada-posada-en-el-pacient-objectiu-comu-del-sector-farmaceutic\/\" target=\"_blank\" rel=\"noopener\">Infarma 2017<\/a>, el Col\u00b7legi de Farmac\u00e8utics de Barcelona i el\u00a0<a href=\"http:\/\/www.termcat.cat\/\">TERMCAT<\/a>\u00a0<strong>han<\/strong><b>\u00a0publicat l\u2019actualitzaci\u00f3 anual del\u00a0<i><a href=\"http:\/\/www.termcat.cat\/ca\/Diccionaris_En_Linia\/12\/Presentacio\">L\u00e8xic de f\u00e0rmacs<\/a>\u00a0<\/i><\/b><strong>en l\u00ednia.\u00a0<\/strong>Concretament, s\u2019han incorporat a l\u2019obra les\u00a0<b>noves denominacions comunes internacionals de f\u00e0rmacs aprovades al llarg del 2016<\/b>, i \u00e9s el fruit del treball conjunt d\u2019ambdues institucions per a mantenir aquest repertori de terminologia permanentment actualitzat.<\/p>\n<p>El\u00a0<b><a href=\"http:\/\/www.termcat.cat\/ca\/Diccionaris_En_Linia\/12\/Presentacio\" target=\"_blank\" rel=\"noopener\"><i>L\u00e8xic de f\u00e0rmacs<\/i><\/a>\u00a0cont\u00e9 m\u00e9s de tres mil termes<\/b>, amb la denominaci\u00f3 catalana i la categoria l\u00e8xica; els equivalents en castell\u00e0, franc\u00e8s i angl\u00e8s; les accions terap\u00e8utiques o els mecanismes d&#8217;acci\u00f3 m\u00e9s habituals de cada f\u00e0rmac (antibi\u00f2tic, immunomodulador, antiv\u00edric, etc.), i el n\u00famero CAS, una identificaci\u00f3 num\u00e8rica, \u00fanica per a cada compost qu\u00edmic, que atorga el Servei de Resums Qu\u00edmics (Chemical Abstracts Service, CAS), la divisi\u00f3 d\u2019informaci\u00f3 de la Societat Americana de Qu\u00edmica.<\/p>\n<div class=\"box info\">En catal\u00e0 \u00e9s omperazole o omeprazol? Com es diu ibuprof\u00e8 o ibuprof\u00e8n? Al <a href=\"http:\/\/www.termcat.cat\/dicci\/farmacs\/\" target=\"_blank\" rel=\"noopener\"><em>L\u00e9xic de f\u00e0rmacs<\/em> <\/a>trobar\u00e0s m\u00e9s de 3.000 noms de principis actius! <a href=\"http:\/\/www.termcat.cat\/ca\/Diccionaris_En_Linia\/12\/Fitxes\/\" target=\"_blank\" rel=\"noopener\"><strong>CONSULTA&#8217;L<\/strong><\/a><\/div>\n<p><b>Aquest l\u00e8xic va ser editat en paper el 2008 pel Col\u00b7legi, i cada any se&#8217;n publica en l\u00ednia l&#8217;actualitzaci\u00f3<\/b>. Enguany, es difon acompanyat d\u2019un v\u00eddeo que divulga, de manera visual, el contingut i la utilitat del\u00a0<i>L\u00e8xic de f\u00e0rmacs<\/i>.<\/p>\n<p><strong>V\u00eddeo presentaci\u00f3 de l&#8217;actualitzaci\u00f3 del <em>L\u00e8xic de f\u00e0rmacs<\/em><\/strong><\/p>\n<div style=\"position: relative; height: 0; padding-bottom: 56.25%;\"><iframe style=\"position: absolute; width: 100%; height: 100%; left: 0;\" src=\"https:\/\/www.youtube.com\/embed\/dyQxQTVC4pU?ecver=2\" height=\"360\" width=\"640\" allowfullscreen=\"\" frameborder=\"0\"><\/iframe><\/div>\n<p><strong>Font de la not\u00edcia<\/strong>:\u00a0<a href=\"http:\/\/www.termcat.cat\/ca\/Actualitat\/Noticies\/960\/\" target=\"_blank\" rel=\"noopener\">El TERMCAT actualitza el L\u00e8xic de f\u00e0rmacs en l\u00ednia<\/a> (via TERMCAT)<\/p>\n<p>Actualitzacions anuals anteriors, via Blog:<\/p>\n<ul>\n<li><a href=\"http:\/\/blog.cofb.cat\/el-col%C2%B7legi-col%C2%B7labora-en-les-actualitzacions-de-dos-diccionaris-especialitzats-lexic-de-farmacs-i-demcat\/\" target=\"_blank\" rel=\"noopener\">El Col\u00b7legi col\u00b7labora en les actualitzacions de dos diccionaris especialitzats: L\u00e8xic de f\u00e0rmacs i DEMCA<\/a>T (2016)<\/li>\n<li><a href=\"http:\/\/blog.cofb.cat\/sofosbuvir-plazomicina-cadazolid-nous-medicaments-a-lactualitzacio-del-lexic-de-farmacs\/\" target=\"_blank\" rel=\"noopener\">Sofosbuvir, plazomicina, cadazolid\u2026 nous medicaments a l\u2019actualitzaci\u00f3 del L\u00e8xic de f\u00e0rmacs <\/a>(2015)<\/li>\n<li><a href=\"http:\/\/blog.cofb.cat\/el-col%C2%B7legi-col%C2%B7labora-en-lactualitzacio-del-diccionari-lexic-de-farmacs\/\" target=\"_blank\" rel=\"noopener\">El Col\u00b7legi col\u00b7labora en l\u2019actualitzaci\u00f3 del diccionari L\u00e8xic de f\u00e0rmacs<\/a> (2014)<\/li>\n<li><a href=\"http:\/\/blog.cofb.cat\/escriu-correctament-els-noms-dels-farmacs-amb-lexic-de-farmacs\/\" target=\"_blank\" rel=\"noopener\">Escriu correctament els noms dels f\u00e0rmacs amb L\u00e8xic de f\u00e0rmacs<\/a> (2013)<\/li>\n<\/ul>\n","protected":false},"excerpt":{"rendered":"<p>Coincidint amb la recent celebraci\u00f3 a Barcelona del congr\u00e9s\u00a0Infarma 2017, el Col\u00b7legi de Farmac\u00e8utics de Barcelona i el\u00a0TERMCAT\u00a0han\u00a0publicat l\u2019actualitzaci\u00f3 anual del\u00a0L\u00e8xic de f\u00e0rmacs\u00a0en l\u00ednia.\u00a0Concretament, s\u2019han incorporat a l\u2019obra les\u00a0noves denominacions comunes internacionals de f\u00e0rmacs aprovades al llarg del 2016, i \u00e9s el fruit del treball conjunt d\u2019ambdues institucions per a [&hellip;]<\/p>\n","protected":false},"author":1,"featured_media":29247,"comment_status":"open","ping_status":"open","sticky":false,"template":"","format":"standard","meta":{"_uag_custom_page_level_css":"","site-sidebar-layout":"default","site-content-layout":"","ast-site-content-layout":"default","site-content-style":"default","site-sidebar-style":"default","ast-global-header-display":"","ast-banner-title-visibility":"","ast-main-header-display":"","ast-hfb-above-header-display":"","ast-hfb-below-header-display":"","ast-hfb-mobile-header-display":"","site-post-title":"","ast-breadcrumbs-content":"","ast-featured-img":"disabled","footer-sml-layout":"","theme-transparent-header-meta":"","adv-header-id-meta":"","stick-header-meta":"","header-above-stick-meta":"","header-main-stick-meta":"","header-below-stick-meta":"","astra-migrate-meta-layouts":"default","ast-page-background-enabled":"default","ast-page-background-meta":{"desktop":{"background-color":"var(--ast-global-color-4)","background-image":"","background-repeat":"repeat","background-position":"center center","background-size":"auto","background-attachment":"scroll","background-type":"","background-media":"","overlay-type":"","overlay-color":"","overlay-opacity":"","overlay-gradient":""},"tablet":{"background-color":"","background-image":"","background-repeat":"repeat","background-position":"center center","background-size":"auto","background-attachment":"scroll","background-type":"","background-media":"","overlay-type":"","overlay-color":"","overlay-opacity":"","overlay-gradient":""},"mobile":{"background-color":"","background-image":"","background-repeat":"repeat","background-position":"center center","background-size":"auto","background-attachment":"scroll","background-type":"","background-media":"","overlay-type":"","overlay-color":"","overlay-opacity":"","overlay-gradient":""}},"ast-content-background-meta":{"desktop":{"background-color":"var(--ast-global-color-5)","background-image":"","background-repeat":"repeat","background-position":"center center","background-size":"auto","background-attachment":"scroll","background-type":"","background-media":"","overlay-type":"","overlay-color":"","overlay-opacity":"","overlay-gradient":""},"tablet":{"background-color":"var(--ast-global-color-5)","background-image":"","background-repeat":"repeat","background-position":"center center","background-size":"auto","background-attachment":"scroll","background-type":"","background-media":"","overlay-type":"","overlay-color":"","overlay-opacity":"","overlay-gradient":""},"mobile":{"background-color":"var(--ast-global-color-5)","background-image":"","background-repeat":"repeat","background-position":"center center","background-size":"auto","background-attachment":"scroll","background-type":"","background-media":"","overlay-type":"","overlay-color":"","overlay-opacity":"","overlay-gradient":""}},"footnotes":""},"categories":[57],"tags":[18,612,601,2149,604],"class_list":["post-29250","post","type-post","status-publish","format-standard","has-post-thumbnail","hentry","category-mon-collegial","tag-cofb","tag-farmacologia","tag-lexic-de-farmacs","tag-publicacions","tag-termcat"],"yoast_head":"<!-- This site is optimized with the Yoast SEO plugin v22.4 - https:\/\/yoast.com\/wordpress\/plugins\/seo\/ -->\n<title>Noves denominacions incloses al &#039;L\u00e8xic de f\u00e0rmacs&#039; en l\u00ednia<\/title>\n<meta name=\"description\" content=\"Noves denominacions incloses al &#039;L\u00e8xic de f\u00e0rmacs&#039; en l\u00ednia. Treball conjunt del Col\u00b7legi de Farmac\u00e8utics de Barcelona i TERMCAT\" \/>\n<meta name=\"robots\" content=\"index, follow, max-snippet:-1, max-image-preview:large, max-video-preview:-1\" \/>\n<link rel=\"canonical\" href=\"https:\/\/novaorg.cofb.net\/2017\/04\/11\/noves-denominacions-incloses-al-lexic-de-farmacs-en-linia\/\" \/>\n<meta property=\"og:locale\" content=\"ca_ES\" \/>\n<meta property=\"og:type\" content=\"article\" \/>\n<meta property=\"og:title\" content=\"Noves denominacions incloses al &#039;L\u00e8xic de f\u00e0rmacs&#039; en l\u00ednia\" \/>\n<meta property=\"og:description\" content=\"Noves denominacions incloses al &#039;L\u00e8xic de f\u00e0rmacs&#039; en l\u00ednia. Treball conjunt del Col\u00b7legi de Farmac\u00e8utics de Barcelona i TERMCAT\" \/>\n<meta property=\"og:url\" content=\"https:\/\/novaorg.cofb.net\/2017\/04\/11\/noves-denominacions-incloses-al-lexic-de-farmacs-en-linia\/\" \/>\n<meta property=\"og:site_name\" content=\"Col\u00b7legi de Farmac\u00e8utics de Barcelona\" \/>\n<meta property=\"article:publisher\" content=\"https:\/\/www.facebook.com\/farmaceuticsbcn\/\" \/>\n<meta property=\"article:published_time\" content=\"2017-04-11T08:53:01+00:00\" \/>\n<meta name=\"author\" content=\"wpAdminCofbOrg\" \/>\n<meta name=\"twitter:card\" content=\"summary_large_image\" \/>\n<meta name=\"twitter:creator\" content=\"@farmaceuticsbcn\" \/>\n<meta name=\"twitter:site\" content=\"@farmaceuticsbcn\" \/>\n<meta name=\"twitter:label1\" content=\"Escrit per\" \/>\n\t<meta name=\"twitter:data1\" content=\"wpAdminCofbOrg\" \/>\n\t<meta name=\"twitter:label2\" content=\"Temps estimat de lectura\" \/>\n\t<meta name=\"twitter:data2\" content=\"2 minuts\" \/>\n<script type=\"application\/ld+json\" class=\"yoast-schema-graph\">{\"@context\":\"https:\/\/schema.org\",\"@graph\":[{\"@type\":\"Article\",\"@id\":\"https:\/\/novaorg.cofb.net\/2017\/04\/11\/noves-denominacions-incloses-al-lexic-de-farmacs-en-linia\/#article\",\"isPartOf\":{\"@id\":\"https:\/\/novaorg.cofb.net\/2017\/04\/11\/noves-denominacions-incloses-al-lexic-de-farmacs-en-linia\/\"},\"author\":{\"name\":\"wpAdminCofbOrg\",\"@id\":\"https:\/\/www.cofb.org\/#\/schema\/person\/22ed7eea88da74b0fa4d3154ad87ffcb\"},\"headline\":\"Noves denominacions incloses al &#8216;L\u00e8xic de f\u00e0rmacs&#8217; en l\u00ednia\",\"datePublished\":\"2017-04-11T08:53:01+00:00\",\"dateModified\":\"2017-04-11T08:53:01+00:00\",\"mainEntityOfPage\":{\"@id\":\"https:\/\/novaorg.cofb.net\/2017\/04\/11\/noves-denominacions-incloses-al-lexic-de-farmacs-en-linia\/\"},\"wordCount\":356,\"commentCount\":0,\"publisher\":{\"@id\":\"https:\/\/www.cofb.org\/#organization\"},\"image\":{\"@id\":\"https:\/\/novaorg.cofb.net\/2017\/04\/11\/noves-denominacions-incloses-al-lexic-de-farmacs-en-linia\/#primaryimage\"},\"thumbnailUrl\":\"\",\"keywords\":[\"COFB\",\"farmacologia\",\"L\u00e8xic de f\u00e0rmacs\",\"Publicacions\",\"Termcat\"],\"articleSection\":[\"M\u00f3n col\u00b7legial\"],\"inLanguage\":\"ca\",\"potentialAction\":[{\"@type\":\"CommentAction\",\"name\":\"Comment\",\"target\":[\"https:\/\/novaorg.cofb.net\/2017\/04\/11\/noves-denominacions-incloses-al-lexic-de-farmacs-en-linia\/#respond\"]}]},{\"@type\":\"WebPage\",\"@id\":\"https:\/\/novaorg.cofb.net\/2017\/04\/11\/noves-denominacions-incloses-al-lexic-de-farmacs-en-linia\/\",\"url\":\"https:\/\/novaorg.cofb.net\/2017\/04\/11\/noves-denominacions-incloses-al-lexic-de-farmacs-en-linia\/\",\"name\":\"Noves denominacions incloses al 'L\u00e8xic de f\u00e0rmacs' en l\u00ednia\",\"isPartOf\":{\"@id\":\"https:\/\/www.cofb.org\/#website\"},\"primaryImageOfPage\":{\"@id\":\"https:\/\/novaorg.cofb.net\/2017\/04\/11\/noves-denominacions-incloses-al-lexic-de-farmacs-en-linia\/#primaryimage\"},\"image\":{\"@id\":\"https:\/\/novaorg.cofb.net\/2017\/04\/11\/noves-denominacions-incloses-al-lexic-de-farmacs-en-linia\/#primaryimage\"},\"thumbnailUrl\":\"\",\"datePublished\":\"2017-04-11T08:53:01+00:00\",\"dateModified\":\"2017-04-11T08:53:01+00:00\",\"description\":\"Noves denominacions incloses al 'L\u00e8xic de f\u00e0rmacs' en l\u00ednia. Treball conjunt del Col\u00b7legi de Farmac\u00e8utics de Barcelona i TERMCAT\",\"breadcrumb\":{\"@id\":\"https:\/\/novaorg.cofb.net\/2017\/04\/11\/noves-denominacions-incloses-al-lexic-de-farmacs-en-linia\/#breadcrumb\"},\"inLanguage\":\"ca\",\"potentialAction\":[{\"@type\":\"ReadAction\",\"target\":[\"https:\/\/novaorg.cofb.net\/2017\/04\/11\/noves-denominacions-incloses-al-lexic-de-farmacs-en-linia\/\"]}]},{\"@type\":\"ImageObject\",\"inLanguage\":\"ca\",\"@id\":\"https:\/\/novaorg.cofb.net\/2017\/04\/11\/noves-denominacions-incloses-al-lexic-de-farmacs-en-linia\/#primaryimage\",\"url\":\"\",\"contentUrl\":\"\"},{\"@type\":\"BreadcrumbList\",\"@id\":\"https:\/\/novaorg.cofb.net\/2017\/04\/11\/noves-denominacions-incloses-al-lexic-de-farmacs-en-linia\/#breadcrumb\",\"itemListElement\":[{\"@type\":\"ListItem\",\"position\":1,\"name\":\"Inici\",\"item\":\"https:\/\/novaorg.cofb.net\/\"},{\"@type\":\"ListItem\",\"position\":2,\"name\":\"Noves denominacions incloses al &#8216;L\u00e8xic de f\u00e0rmacs&#8217; en l\u00ednia\"}]},{\"@type\":\"WebSite\",\"@id\":\"https:\/\/www.cofb.org\/#website\",\"url\":\"https:\/\/www.cofb.org\/\",\"name\":\"Col\u00b7legi de Farmac\u00e8utics de Barcelona\",\"description\":\"\",\"publisher\":{\"@id\":\"https:\/\/www.cofb.org\/#organization\"},\"potentialAction\":[{\"@type\":\"SearchAction\",\"target\":{\"@type\":\"EntryPoint\",\"urlTemplate\":\"https:\/\/www.cofb.org\/?s={search_term_string}\"},\"query-input\":\"required name=search_term_string\"}],\"inLanguage\":\"ca\"},{\"@type\":\"Organization\",\"@id\":\"https:\/\/www.cofb.org\/#organization\",\"name\":\"Col\u00b7legi de Farmac\u00e8utics de Barcelona\",\"url\":\"https:\/\/www.cofb.org\/\",\"logo\":{\"@type\":\"ImageObject\",\"inLanguage\":\"ca\",\"@id\":\"https:\/\/www.cofb.org\/#\/schema\/logo\/image\/\",\"url\":\"https:\/\/www.cofb.org\/wp-content\/uploads\/2023\/11\/cropped-Logotip-COFB.png\",\"contentUrl\":\"https:\/\/www.cofb.org\/wp-content\/uploads\/2023\/11\/cropped-Logotip-COFB.png\",\"width\":500,\"height\":105,\"caption\":\"Col\u00b7legi de Farmac\u00e8utics de Barcelona\"},\"image\":{\"@id\":\"https:\/\/www.cofb.org\/#\/schema\/logo\/image\/\"},\"sameAs\":[\"https:\/\/www.facebook.com\/farmaceuticsbcn\/\",\"https:\/\/twitter.com\/farmaceuticsbcn\",\"https:\/\/www.instagram.com\/farmaceuticsbcn\/\",\"https:\/\/www.linkedin.com\/company\/farmaceuticsbcn\/\"]},{\"@type\":\"Person\",\"@id\":\"https:\/\/www.cofb.org\/#\/schema\/person\/22ed7eea88da74b0fa4d3154ad87ffcb\",\"name\":\"wpAdminCofbOrg\",\"image\":{\"@type\":\"ImageObject\",\"inLanguage\":\"ca\",\"@id\":\"https:\/\/www.cofb.org\/#\/schema\/person\/image\/\",\"url\":\"https:\/\/secure.gravatar.com\/avatar\/1721b20b3b8ca882c3b56ec6c978c594fff670e40c0718e9190eaeeb76aae7d8?s=96&d=mm&r=g\",\"contentUrl\":\"https:\/\/secure.gravatar.com\/avatar\/1721b20b3b8ca882c3b56ec6c978c594fff670e40c0718e9190eaeeb76aae7d8?s=96&d=mm&r=g\",\"caption\":\"wpAdminCofbOrg\"},\"sameAs\":[\"http:\/\/192.168.64.122\/wordpress\"],\"url\":\"https:\/\/www.cofb.org\/ca\/author\/wpadmincofborg\/\"}]}<\/script>\n<!-- \/ Yoast SEO plugin. -->","yoast_head_json":{"title":"Noves denominacions incloses al 'L\u00e8xic de f\u00e0rmacs' en l\u00ednia","description":"Noves denominacions incloses al 'L\u00e8xic de f\u00e0rmacs' en l\u00ednia. Treball conjunt del Col\u00b7legi de Farmac\u00e8utics de Barcelona i TERMCAT","robots":{"index":"index","follow":"follow","max-snippet":"max-snippet:-1","max-image-preview":"max-image-preview:large","max-video-preview":"max-video-preview:-1"},"canonical":"https:\/\/novaorg.cofb.net\/2017\/04\/11\/noves-denominacions-incloses-al-lexic-de-farmacs-en-linia\/","og_locale":"ca_ES","og_type":"article","og_title":"Noves denominacions incloses al 'L\u00e8xic de f\u00e0rmacs' en l\u00ednia","og_description":"Noves denominacions incloses al 'L\u00e8xic de f\u00e0rmacs' en l\u00ednia. Treball conjunt del Col\u00b7legi de Farmac\u00e8utics de Barcelona i TERMCAT","og_url":"https:\/\/novaorg.cofb.net\/2017\/04\/11\/noves-denominacions-incloses-al-lexic-de-farmacs-en-linia\/","og_site_name":"Col\u00b7legi de Farmac\u00e8utics de Barcelona","article_publisher":"https:\/\/www.facebook.com\/farmaceuticsbcn\/","article_published_time":"2017-04-11T08:53:01+00:00","author":"wpAdminCofbOrg","twitter_card":"summary_large_image","twitter_creator":"@farmaceuticsbcn","twitter_site":"@farmaceuticsbcn","twitter_misc":{"Escrit per":"wpAdminCofbOrg","Temps estimat de lectura":"2 minuts"},"schema":{"@context":"https:\/\/schema.org","@graph":[{"@type":"Article","@id":"https:\/\/novaorg.cofb.net\/2017\/04\/11\/noves-denominacions-incloses-al-lexic-de-farmacs-en-linia\/#article","isPartOf":{"@id":"https:\/\/novaorg.cofb.net\/2017\/04\/11\/noves-denominacions-incloses-al-lexic-de-farmacs-en-linia\/"},"author":{"name":"wpAdminCofbOrg","@id":"https:\/\/www.cofb.org\/#\/schema\/person\/22ed7eea88da74b0fa4d3154ad87ffcb"},"headline":"Noves denominacions incloses al &#8216;L\u00e8xic de f\u00e0rmacs&#8217; en l\u00ednia","datePublished":"2017-04-11T08:53:01+00:00","dateModified":"2017-04-11T08:53:01+00:00","mainEntityOfPage":{"@id":"https:\/\/novaorg.cofb.net\/2017\/04\/11\/noves-denominacions-incloses-al-lexic-de-farmacs-en-linia\/"},"wordCount":356,"commentCount":0,"publisher":{"@id":"https:\/\/www.cofb.org\/#organization"},"image":{"@id":"https:\/\/novaorg.cofb.net\/2017\/04\/11\/noves-denominacions-incloses-al-lexic-de-farmacs-en-linia\/#primaryimage"},"thumbnailUrl":"","keywords":["COFB","farmacologia","L\u00e8xic de f\u00e0rmacs","Publicacions","Termcat"],"articleSection":["M\u00f3n col\u00b7legial"],"inLanguage":"ca","potentialAction":[{"@type":"CommentAction","name":"Comment","target":["https:\/\/novaorg.cofb.net\/2017\/04\/11\/noves-denominacions-incloses-al-lexic-de-farmacs-en-linia\/#respond"]}]},{"@type":"WebPage","@id":"https:\/\/novaorg.cofb.net\/2017\/04\/11\/noves-denominacions-incloses-al-lexic-de-farmacs-en-linia\/","url":"https:\/\/novaorg.cofb.net\/2017\/04\/11\/noves-denominacions-incloses-al-lexic-de-farmacs-en-linia\/","name":"Noves denominacions incloses al 'L\u00e8xic de f\u00e0rmacs' en l\u00ednia","isPartOf":{"@id":"https:\/\/www.cofb.org\/#website"},"primaryImageOfPage":{"@id":"https:\/\/novaorg.cofb.net\/2017\/04\/11\/noves-denominacions-incloses-al-lexic-de-farmacs-en-linia\/#primaryimage"},"image":{"@id":"https:\/\/novaorg.cofb.net\/2017\/04\/11\/noves-denominacions-incloses-al-lexic-de-farmacs-en-linia\/#primaryimage"},"thumbnailUrl":"","datePublished":"2017-04-11T08:53:01+00:00","dateModified":"2017-04-11T08:53:01+00:00","description":"Noves denominacions incloses al 'L\u00e8xic de f\u00e0rmacs' en l\u00ednia. Treball conjunt del Col\u00b7legi de Farmac\u00e8utics de Barcelona i TERMCAT","breadcrumb":{"@id":"https:\/\/novaorg.cofb.net\/2017\/04\/11\/noves-denominacions-incloses-al-lexic-de-farmacs-en-linia\/#breadcrumb"},"inLanguage":"ca","potentialAction":[{"@type":"ReadAction","target":["https:\/\/novaorg.cofb.net\/2017\/04\/11\/noves-denominacions-incloses-al-lexic-de-farmacs-en-linia\/"]}]},{"@type":"ImageObject","inLanguage":"ca","@id":"https:\/\/novaorg.cofb.net\/2017\/04\/11\/noves-denominacions-incloses-al-lexic-de-farmacs-en-linia\/#primaryimage","url":"","contentUrl":""},{"@type":"BreadcrumbList","@id":"https:\/\/novaorg.cofb.net\/2017\/04\/11\/noves-denominacions-incloses-al-lexic-de-farmacs-en-linia\/#breadcrumb","itemListElement":[{"@type":"ListItem","position":1,"name":"Inici","item":"https:\/\/novaorg.cofb.net\/"},{"@type":"ListItem","position":2,"name":"Noves denominacions incloses al &#8216;L\u00e8xic de f\u00e0rmacs&#8217; en l\u00ednia"}]},{"@type":"WebSite","@id":"https:\/\/www.cofb.org\/#website","url":"https:\/\/www.cofb.org\/","name":"Col\u00b7legi de Farmac\u00e8utics de Barcelona","description":"","publisher":{"@id":"https:\/\/www.cofb.org\/#organization"},"potentialAction":[{"@type":"SearchAction","target":{"@type":"EntryPoint","urlTemplate":"https:\/\/www.cofb.org\/?s={search_term_string}"},"query-input":"required name=search_term_string"}],"inLanguage":"ca"},{"@type":"Organization","@id":"https:\/\/www.cofb.org\/#organization","name":"Col\u00b7legi de Farmac\u00e8utics de Barcelona","url":"https:\/\/www.cofb.org\/","logo":{"@type":"ImageObject","inLanguage":"ca","@id":"https:\/\/www.cofb.org\/#\/schema\/logo\/image\/","url":"https:\/\/www.cofb.org\/wp-content\/uploads\/2023\/11\/cropped-Logotip-COFB.png","contentUrl":"https:\/\/www.cofb.org\/wp-content\/uploads\/2023\/11\/cropped-Logotip-COFB.png","width":500,"height":105,"caption":"Col\u00b7legi de Farmac\u00e8utics de Barcelona"},"image":{"@id":"https:\/\/www.cofb.org\/#\/schema\/logo\/image\/"},"sameAs":["https:\/\/www.facebook.com\/farmaceuticsbcn\/","https:\/\/twitter.com\/farmaceuticsbcn","https:\/\/www.instagram.com\/farmaceuticsbcn\/","https:\/\/www.linkedin.com\/company\/farmaceuticsbcn\/"]},{"@type":"Person","@id":"https:\/\/www.cofb.org\/#\/schema\/person\/22ed7eea88da74b0fa4d3154ad87ffcb","name":"wpAdminCofbOrg","image":{"@type":"ImageObject","inLanguage":"ca","@id":"https:\/\/www.cofb.org\/#\/schema\/person\/image\/","url":"https:\/\/secure.gravatar.com\/avatar\/1721b20b3b8ca882c3b56ec6c978c594fff670e40c0718e9190eaeeb76aae7d8?s=96&d=mm&r=g","contentUrl":"https:\/\/secure.gravatar.com\/avatar\/1721b20b3b8ca882c3b56ec6c978c594fff670e40c0718e9190eaeeb76aae7d8?s=96&d=mm&r=g","caption":"wpAdminCofbOrg"},"sameAs":["http:\/\/192.168.64.122\/wordpress"],"url":"https:\/\/www.cofb.org\/ca\/author\/wpadmincofborg\/"}]}},"uagb_featured_image_src":{"full":false,"thumbnail":false,"medium":false,"medium_large":false,"large":false,"1536x1536":false,"2048x2048":false,"trp-custom-language-flag":false},"uagb_author_info":{"display_name":"wpAdminCofbOrg","author_link":"https:\/\/www.cofb.org\/ca\/author\/wpadmincofborg\/"},"uagb_comment_info":0,"uagb_excerpt":"Coincidint amb la recent celebraci\u00f3 a Barcelona del congr\u00e9s\u00a0Infarma 2017, el Col\u00b7legi de Farmac\u00e8utics de Barcelona i el\u00a0TERMCAT\u00a0han\u00a0publicat l\u2019actualitzaci\u00f3 anual del\u00a0L\u00e8xic de f\u00e0rmacs\u00a0en l\u00ednia.\u00a0Concretament, s\u2019han incorporat a l\u2019obra les\u00a0noves denominacions comunes internacionals de f\u00e0rmacs aprovades al llarg del 2016, i \u00e9s el fruit del treball conjunt d\u2019ambdues institucions per a [&hellip;]","_links":{"self":[{"href":"https:\/\/www.cofb.org\/ca\/wp-json\/wp\/v2\/posts\/29250","targetHints":{"allow":["GET"]}}],"collection":[{"href":"https:\/\/www.cofb.org\/ca\/wp-json\/wp\/v2\/posts"}],"about":[{"href":"https:\/\/www.cofb.org\/ca\/wp-json\/wp\/v2\/types\/post"}],"author":[{"embeddable":true,"href":"https:\/\/www.cofb.org\/ca\/wp-json\/wp\/v2\/users\/1"}],"replies":[{"embeddable":true,"href":"https:\/\/www.cofb.org\/ca\/wp-json\/wp\/v2\/comments?post=29250"}],"version-history":[{"count":0,"href":"https:\/\/www.cofb.org\/ca\/wp-json\/wp\/v2\/posts\/29250\/revisions"}],"wp:featuredmedia":[{"embeddable":true,"href":"https:\/\/www.cofb.org\/ca\/wp-json\/"}],"wp:attachment":[{"href":"https:\/\/www.cofb.org\/ca\/wp-json\/wp\/v2\/media?parent=29250"}],"wp:term":[{"taxonomy":"category","embeddable":true,"href":"https:\/\/www.cofb.org\/ca\/wp-json\/wp\/v2\/categories?post=29250"},{"taxonomy":"post_tag","embeddable":true,"href":"https:\/\/www.cofb.org\/ca\/wp-json\/wp\/v2\/tags?post=29250"}],"curies":[{"name":"wp","href":"https:\/\/api.w.org\/{rel}","templated":true}]}}