{"id":29031,"date":"2017-04-05T10:11:53","date_gmt":"2017-04-05T09:11:53","guid":{"rendered":"http:\/\/blog.cofb.cat\/?p=29031"},"modified":"2017-04-05T10:11:53","modified_gmt":"2017-04-05T09:11:53","slug":"viii-cursa-intercol%c2%b7legial-inscripcions-obertes","status":"publish","type":"post","link":"https:\/\/www.cofb.org\/ca\/2017\/04\/05\/viii-cursa-intercol%c2%b7legial-inscripcions-obertes\/","title":{"rendered":"VIII Cursa Intercol\u00b7legial: inscripcions obertes"},"content":{"rendered":"<p><a href=\"http:\/\/blog.cofb.cat\/wp-content\/uploads\/2017\/04\/C8fSieXXkAAZOOx.jpg\" target=\"_blank\" rel=\"noopener\"><img fetchpriority=\"high\" decoding=\"async\" class=\"alignleft  wp-image-29074\" alt=\"VIII-Cursa-Intercol\u00b7legial-inscripcions-obertes\" src=\"http:\/\/blog.cofb.cat\/wp-content\/uploads\/2017\/04\/C8fSieXXkAAZOOx.jpg\" width=\"334\" height=\"222\" \/><\/a>El pr\u00f2xim dissabte 22 d\u2019abril el m\u00f3n col\u00b7legial t\u00e9 una cita amb l\u2019esport. I \u00e9s que, un any m\u00e9s, diversos col\u00b7legis i associacions professionals organitzen una nova edici\u00f3 de la\u00a0<a href=\"http:\/\/www.cursaintercol.cat\/\" target=\"_blank\" rel=\"noopener\"><strong>Cursa Intercol\u00b7legial<\/strong><\/a> amb el suport de l\u2019<a href=\"http:\/\/www.barcelona.cat\/ca\/\" target=\"_blank\" rel=\"noopener\">Ajuntament de Barcelona<\/a> i la coordinaci\u00f3 t\u00e8cnica de <a href=\"http:\/\/www.gesport.cat\/web\/web\/\" target=\"_blank\" rel=\"noopener\">Gesport<\/a>, aix\u00ed com amb el patrocini principal de <a href=\"https:\/\/www.bancsabadell.com\/cs\/Satellite\/SabAtl\/\" target=\"_blank\" rel=\"noopener\">Banc Sabadell<\/a>. L\u2019esdeveniment, que enguany celebra la seva vuitena edici\u00f3, <strong>comen\u00e7ar\u00e0 a les 9:00 hores i tindr\u00e0, com a punt de partida (i d\u2019arribada), el Passeig Ol\u00edmpic del Port Mar\u00edtim de Barcelona<\/strong>. Es tracta d\u2019una iniciativa adre\u00e7ada a col\u00b7legiats amb la possibilitat que, aquests, puguin inscriure a familiars i\/o amics.<\/p>\n<p>La cursa es dividir\u00e0 en quatre categories,<strong>\u00a0Infantil<\/strong><strong>\u00a0(d\u201911 a 14 anys), Junior (de 15 a 20 anys), S\u00e8nior (de 21 a 49 anys) i Veter\u00e0 (<\/strong><strong>de m\u00e9s de 50 anys) <\/strong>i,\u00a0tenint en compte aquesta diferenciaci\u00f3, se&#8217;n realitzaran dues de simult\u00e0nies per fer-ho m\u00e9s accessible a tots els participants:<strong>\u00a0una de 5 quil\u00f2metres per a la categoria Infantil i, per a la resta, una de 10 quil\u00f2metres<\/strong>. Hi haur\u00e0 primer, segon i tercer classificat a les quatre categories tan en mascul\u00ed com en femen\u00ed.<\/p>\n<p>La recollida del dorsal, la samarreta corporativa i el xip es podr\u00e0 fer abans de la cursa a la botiga\u00a0<a href=\"http:\/\/www.prorunners.es\/\" target=\"_blank\" rel=\"noopener\"><i>Prorunners <\/i><\/a>Barcelona (Ramon Turr\u00f3, 303. Barcelona) durant el divendres 21 d\u2019abril de 10:00 a 20:00 hores o, si es prefereix, el mateix dia de la cursa de 7:45 a 8:45 hores en el lloc de partida. Els participants rebran una bossa amb obsequis dels col\u00b7laboradors que s\u2019entregar\u00e0 al final de la cursa.<\/p>\n<p><strong>Les inscripcions ja estan obertes i es tancaran el 21 d\u2019abril a les 13:00 hores<\/strong>, \u00e9s a dir, un dia abans de l\u2019esdeveniment. \u00a0Si vols participar-hi,\u00a0<i>c\u00f3rrer<\/i>! Les places s\u00f3n limitades a 500 corredors per ordre d\u2019inscripci\u00f3. Per apuntar-se: <a href=\"http:\/\/xipgroc.cat\/ca\/curses\/SABADELLPROFESSIONAL2017\/10k\/inscripcio\/run\" target=\"_blank\" rel=\"noopener\">Inscripci\u00f3 Cursa Adults<\/a> i <a href=\"http:\/\/xipgroc.cat\/ca\/curses\/SABADELLPROFESSIONAL2017\/5k\/inscripcio\/infantils\" target=\"_blank\" rel=\"noopener\">Inscripci\u00f3 Cursa Infantils<\/a><\/p>\n<div class=\"box note\">\u00a0<strong>SAVE THE DATE: VIII Cursa Intercol\u00b7legial<\/strong><\/p>\n<ul>\n<li><strong>Dia<\/strong>: Dissabte 22 d&#8217;abril de 2017<\/li>\n<li><strong>Hora<\/strong>: 9:00 hores<\/li>\n<li><strong>Lloc<\/strong>: Passeig Ol\u00edmpic del Port Mar\u00edtim de Barcelona<\/li>\n<li><strong>Preu<\/strong>: amb xip groc, 10\u20ac la inscripci\u00f3 d&#8217;adults (categories Junior, S\u00e8nior i Veter\u00e0); amb xip de lloguer 12\u20ac la inscripci\u00f3 d&#8217;adults (categories Junior, S\u00e8nior i Veter\u00e0); inscripci\u00f3 gratu\u00efta per la categoria infantil (amb xip de lloguer: 2\u20ac).<\/li>\n<li><strong>Inscripcions:<\/strong>\u00a0obertes des del 23\/03\/2017 fins al 21\/04\/2017 a les 13:00 hores<\/li>\n<\/ul>\n<p><\/div>\n<figure id=\"attachment_29041\" aria-describedby=\"caption-attachment-29041\" style=\"width: 458px\" class=\"wp-caption alignright\"><a href=\"http:\/\/blog.cofb.cat\/wp-content\/uploads\/2017\/04\/planol-Intercollegial-2016.jpg\" target=\"_blank\" rel=\"noopener\"><img decoding=\"async\" class=\" wp-image-29041 \" alt=\"VIII-Cursa-Intercol\u00b7legial-inscripcions-obertes\" src=\"http:\/\/blog.cofb.cat\/wp-content\/uploads\/2017\/04\/planol-Intercollegial-2016.jpg\" width=\"458\" height=\"242\" \/><\/a><figcaption id=\"caption-attachment-29041\" class=\"wp-caption-text\">Pl\u00e0nol del recorregut (clicar per augmentar-lo)<\/figcaption><\/figure>\n<p>&nbsp;<\/p>\n<p><strong>Recordar que l\u2019\u00fanic requisit indispensable per c\u00f3rrer a la Cursa \u00e9s que cal estar col\u00b7legiat i inscriure\u2019s seguint el proc\u00e9s establert al col\u00b7legi professional al qual es pertany.<\/strong><\/p>\n<p>Totes les imatges de l&#8217;any passat, <a href=\"https:\/\/www.flickr.com\/photos\/142100350@N04\/sets\/72157666883004610\/\" target=\"_blank\" rel=\"noopener\">aqu\u00ed<\/a>.<\/p>\n<p>&nbsp;<\/p>\n<p><strong>Per a m\u00e9s informaci\u00f3:\u00a0<\/strong><\/p>\n<ul>\n<li><a href=\"http:\/\/www.cursaintercol.cat\/\" target=\"_blank\" rel=\"noopener\">P\u00e0gina web de la competici\u00f3<\/a><\/li>\n<\/ul>\n<p><strong>Edicions passades recollides al Blog:<\/strong><\/p>\n<ul>\n<li><a title=\"Link permanent a Quatre farmac\u00e8utics al p\u00f2dium de la VII edici\u00f3 de la Cursa Intercol\u00b7legial\" href=\"http:\/\/blog.cofb.cat\/quatre-farmaceutics-al-podium-de-la-vii-edicio-de-la-cursa-intercol%c2%b7legial\/\" rel=\"bookmark\">Quatre farmac\u00e8utics al p\u00f2dium de la VII edici\u00f3 de la Cursa Intercol\u00b7legial<\/a>\u00a0(2016)<\/li>\n<li><a title=\"Link permanent a Dos farmac\u00e8utics, guanyadors a la VI cursa intercol\u00b7legial\" href=\"http:\/\/blog.cofb.cat\/dos-farmaceutics-guanyadors-a-la-vi-cursa-intercol%c2%b7legial\/\" rel=\"bookmark\">Dos farmac\u00e8utics, guanyadors a la VI cursa intercol\u00b7legial<\/a>\u00a0(2015)<\/li>\n<li><a title=\"Link permanent a La farmac\u00e8utica Aida Arnaiz, guanyadora a la V cursa intercol\u00b7legial en la categoria de veterans\" href=\"http:\/\/blog.cofb.cat\/la-farmaceutica-aida-arnaiz-guanyadora-a-la-v-cursa-intercol%c2%b7legial-en-la-categoria-de-veterans\/\" rel=\"bookmark\">La farmac\u00e8utica Aida Arnaiz, guanyadora a la V cursa intercol\u00b7legial en la categoria de veterans<\/a>\u00a0(2014)<\/li>\n<li><a title=\"Link permanent a La farmac\u00e8utica Eva Vallcanera, guanyadora a la Cursa intercol\u00b7legial\" href=\"http:\/\/blog.cofb.cat\/la-farmaceutica-eva-vallcanera-guanyadora-a-la-cursa-intercol%c2%b7legial\/\" rel=\"bookmark\">La farmac\u00e8utica Eva Vallcanera, guanyadora a la Cursa intercol\u00b7legial<\/a>\u00a0(2013)<\/li>\n<\/ul>\n","protected":false},"excerpt":{"rendered":"<p>El pr\u00f2xim dissabte 22 d\u2019abril el m\u00f3n col\u00b7legial t\u00e9 una cita amb l\u2019esport. I \u00e9s que, un any m\u00e9s, diversos col\u00b7legis i associacions professionals organitzen una nova edici\u00f3 de la\u00a0Cursa Intercol\u00b7legial amb el suport de l\u2019Ajuntament de Barcelona i la coordinaci\u00f3 t\u00e8cnica de Gesport, aix\u00ed com amb el patrocini principal [&hellip;]<\/p>\n","protected":false},"author":1,"featured_media":29074,"comment_status":"open","ping_status":"open","sticky":false,"template":"","format":"standard","meta":{"_uag_custom_page_level_css":"","site-sidebar-layout":"default","site-content-layout":"","ast-site-content-layout":"default","site-content-style":"default","site-sidebar-style":"default","ast-global-header-display":"","ast-banner-title-visibility":"","ast-main-header-display":"","ast-hfb-above-header-display":"","ast-hfb-below-header-display":"","ast-hfb-mobile-header-display":"","site-post-title":"","ast-breadcrumbs-content":"","ast-featured-img":"disabled","footer-sml-layout":"","theme-transparent-header-meta":"","adv-header-id-meta":"","stick-header-meta":"","header-above-stick-meta":"","header-main-stick-meta":"","header-below-stick-meta":"","astra-migrate-meta-layouts":"default","ast-page-background-enabled":"default","ast-page-background-meta":{"desktop":{"background-color":"var(--ast-global-color-4)","background-image":"","background-repeat":"repeat","background-position":"center center","background-size":"auto","background-attachment":"scroll","background-type":"","background-media":"","overlay-type":"","overlay-color":"","overlay-opacity":"","overlay-gradient":""},"tablet":{"background-color":"","background-image":"","background-repeat":"repeat","background-position":"center center","background-size":"auto","background-attachment":"scroll","background-type":"","background-media":"","overlay-type":"","overlay-color":"","overlay-opacity":"","overlay-gradient":""},"mobile":{"background-color":"","background-image":"","background-repeat":"repeat","background-position":"center center","background-size":"auto","background-attachment":"scroll","background-type":"","background-media":"","overlay-type":"","overlay-color":"","overlay-opacity":"","overlay-gradient":""}},"ast-content-background-meta":{"desktop":{"background-color":"var(--ast-global-color-5)","background-image":"","background-repeat":"repeat","background-position":"center center","background-size":"auto","background-attachment":"scroll","background-type":"","background-media":"","overlay-type":"","overlay-color":"","overlay-opacity":"","overlay-gradient":""},"tablet":{"background-color":"var(--ast-global-color-5)","background-image":"","background-repeat":"repeat","background-position":"center center","background-size":"auto","background-attachment":"scroll","background-type":"","background-media":"","overlay-type":"","overlay-color":"","overlay-opacity":"","overlay-gradient":""},"mobile":{"background-color":"var(--ast-global-color-5)","background-image":"","background-repeat":"repeat","background-position":"center center","background-size":"auto","background-attachment":"scroll","background-type":"","background-media":"","overlay-type":"","overlay-color":"","overlay-opacity":"","overlay-gradient":""}},"footnotes":""},"categories":[57],"tags":[2734,2735,2736,2190],"class_list":["post-29031","post","type-post","status-publish","format-standard","has-post-thumbnail","hentry","category-mon-collegial","tag-associacions-professionals","tag-collegis-professinals","tag-competicio","tag-cursa-intercollegial"],"yoast_head":"<!-- This site is optimized with the Yoast SEO plugin v22.4 - https:\/\/yoast.com\/wordpress\/plugins\/seo\/ -->\n<title>VIII Cursa Intercol\u00b7legial: inscripcions obertes<\/title>\n<meta name=\"description\" content=\"VIII Cursa Intercol\u00b7legial: inscripcions obertes\" \/>\n<meta name=\"robots\" content=\"index, follow, max-snippet:-1, max-image-preview:large, max-video-preview:-1\" \/>\n<link rel=\"canonical\" href=\"https:\/\/novaorg.cofb.net\/2017\/04\/05\/viii-cursa-intercol\u00b7legial-inscripcions-obertes\/\" \/>\n<meta property=\"og:locale\" content=\"ca_ES\" \/>\n<meta property=\"og:type\" content=\"article\" \/>\n<meta property=\"og:title\" content=\"VIII Cursa Intercol\u00b7legial: inscripcions obertes\" \/>\n<meta property=\"og:description\" content=\"VIII Cursa Intercol\u00b7legial: inscripcions obertes\" \/>\n<meta property=\"og:url\" content=\"https:\/\/novaorg.cofb.net\/2017\/04\/05\/viii-cursa-intercol\u00b7legial-inscripcions-obertes\/\" \/>\n<meta property=\"og:site_name\" content=\"Col\u00b7legi de Farmac\u00e8utics de Barcelona\" \/>\n<meta property=\"article:publisher\" content=\"https:\/\/www.facebook.com\/farmaceuticsbcn\/\" \/>\n<meta property=\"article:published_time\" content=\"2017-04-05T09:11:53+00:00\" \/>\n<meta name=\"author\" content=\"wpAdminCofbOrg\" \/>\n<meta name=\"twitter:card\" content=\"summary_large_image\" \/>\n<meta name=\"twitter:creator\" content=\"@farmaceuticsbcn\" \/>\n<meta name=\"twitter:site\" content=\"@farmaceuticsbcn\" \/>\n<meta name=\"twitter:label1\" content=\"Escrit per\" \/>\n\t<meta name=\"twitter:data1\" content=\"wpAdminCofbOrg\" \/>\n\t<meta name=\"twitter:label2\" content=\"Temps estimat de lectura\" \/>\n\t<meta name=\"twitter:data2\" content=\"3 minuts\" \/>\n<script type=\"application\/ld+json\" class=\"yoast-schema-graph\">{\"@context\":\"https:\/\/schema.org\",\"@graph\":[{\"@type\":\"Article\",\"@id\":\"https:\/\/novaorg.cofb.net\/2017\/04\/05\/viii-cursa-intercol%c2%b7legial-inscripcions-obertes\/#article\",\"isPartOf\":{\"@id\":\"https:\/\/novaorg.cofb.net\/2017\/04\/05\/viii-cursa-intercol%c2%b7legial-inscripcions-obertes\/\"},\"author\":{\"name\":\"wpAdminCofbOrg\",\"@id\":\"https:\/\/www.cofb.org\/#\/schema\/person\/22ed7eea88da74b0fa4d3154ad87ffcb\"},\"headline\":\"VIII Cursa Intercol\u00b7legial: inscripcions obertes\",\"datePublished\":\"2017-04-05T09:11:53+00:00\",\"dateModified\":\"2017-04-05T09:11:53+00:00\",\"mainEntityOfPage\":{\"@id\":\"https:\/\/novaorg.cofb.net\/2017\/04\/05\/viii-cursa-intercol%c2%b7legial-inscripcions-obertes\/\"},\"wordCount\":529,\"commentCount\":0,\"publisher\":{\"@id\":\"https:\/\/www.cofb.org\/#organization\"},\"image\":{\"@id\":\"https:\/\/novaorg.cofb.net\/2017\/04\/05\/viii-cursa-intercol%c2%b7legial-inscripcions-obertes\/#primaryimage\"},\"thumbnailUrl\":\"\",\"keywords\":[\"Associacions professionals\",\"Col\u00b7legis professinals\",\"Competici\u00f3\",\"Cursa Intercol\u00b7legial\"],\"articleSection\":[\"M\u00f3n col\u00b7legial\"],\"inLanguage\":\"ca\",\"potentialAction\":[{\"@type\":\"CommentAction\",\"name\":\"Comment\",\"target\":[\"https:\/\/novaorg.cofb.net\/2017\/04\/05\/viii-cursa-intercol%c2%b7legial-inscripcions-obertes\/#respond\"]}]},{\"@type\":\"WebPage\",\"@id\":\"https:\/\/novaorg.cofb.net\/2017\/04\/05\/viii-cursa-intercol%c2%b7legial-inscripcions-obertes\/\",\"url\":\"https:\/\/novaorg.cofb.net\/2017\/04\/05\/viii-cursa-intercol%c2%b7legial-inscripcions-obertes\/\",\"name\":\"VIII Cursa Intercol\u00b7legial: inscripcions obertes\",\"isPartOf\":{\"@id\":\"https:\/\/www.cofb.org\/#website\"},\"primaryImageOfPage\":{\"@id\":\"https:\/\/novaorg.cofb.net\/2017\/04\/05\/viii-cursa-intercol%c2%b7legial-inscripcions-obertes\/#primaryimage\"},\"image\":{\"@id\":\"https:\/\/novaorg.cofb.net\/2017\/04\/05\/viii-cursa-intercol%c2%b7legial-inscripcions-obertes\/#primaryimage\"},\"thumbnailUrl\":\"\",\"datePublished\":\"2017-04-05T09:11:53+00:00\",\"dateModified\":\"2017-04-05T09:11:53+00:00\",\"description\":\"VIII Cursa Intercol\u00b7legial: inscripcions obertes\",\"breadcrumb\":{\"@id\":\"https:\/\/novaorg.cofb.net\/2017\/04\/05\/viii-cursa-intercol%c2%b7legial-inscripcions-obertes\/#breadcrumb\"},\"inLanguage\":\"ca\",\"potentialAction\":[{\"@type\":\"ReadAction\",\"target\":[\"https:\/\/novaorg.cofb.net\/2017\/04\/05\/viii-cursa-intercol%c2%b7legial-inscripcions-obertes\/\"]}]},{\"@type\":\"ImageObject\",\"inLanguage\":\"ca\",\"@id\":\"https:\/\/novaorg.cofb.net\/2017\/04\/05\/viii-cursa-intercol%c2%b7legial-inscripcions-obertes\/#primaryimage\",\"url\":\"\",\"contentUrl\":\"\"},{\"@type\":\"BreadcrumbList\",\"@id\":\"https:\/\/novaorg.cofb.net\/2017\/04\/05\/viii-cursa-intercol%c2%b7legial-inscripcions-obertes\/#breadcrumb\",\"itemListElement\":[{\"@type\":\"ListItem\",\"position\":1,\"name\":\"Inici\",\"item\":\"https:\/\/novaorg.cofb.net\/\"},{\"@type\":\"ListItem\",\"position\":2,\"name\":\"VIII Cursa Intercol\u00b7legial: inscripcions obertes\"}]},{\"@type\":\"WebSite\",\"@id\":\"https:\/\/www.cofb.org\/#website\",\"url\":\"https:\/\/www.cofb.org\/\",\"name\":\"Col\u00b7legi de Farmac\u00e8utics de Barcelona\",\"description\":\"\",\"publisher\":{\"@id\":\"https:\/\/www.cofb.org\/#organization\"},\"potentialAction\":[{\"@type\":\"SearchAction\",\"target\":{\"@type\":\"EntryPoint\",\"urlTemplate\":\"https:\/\/www.cofb.org\/?s={search_term_string}\"},\"query-input\":\"required name=search_term_string\"}],\"inLanguage\":\"ca\"},{\"@type\":\"Organization\",\"@id\":\"https:\/\/www.cofb.org\/#organization\",\"name\":\"Col\u00b7legi de Farmac\u00e8utics de Barcelona\",\"url\":\"https:\/\/www.cofb.org\/\",\"logo\":{\"@type\":\"ImageObject\",\"inLanguage\":\"ca\",\"@id\":\"https:\/\/www.cofb.org\/#\/schema\/logo\/image\/\",\"url\":\"https:\/\/www.cofb.org\/wp-content\/uploads\/2023\/11\/cropped-Logotip-COFB.png\",\"contentUrl\":\"https:\/\/www.cofb.org\/wp-content\/uploads\/2023\/11\/cropped-Logotip-COFB.png\",\"width\":500,\"height\":105,\"caption\":\"Col\u00b7legi de Farmac\u00e8utics de Barcelona\"},\"image\":{\"@id\":\"https:\/\/www.cofb.org\/#\/schema\/logo\/image\/\"},\"sameAs\":[\"https:\/\/www.facebook.com\/farmaceuticsbcn\/\",\"https:\/\/twitter.com\/farmaceuticsbcn\",\"https:\/\/www.instagram.com\/farmaceuticsbcn\/\",\"https:\/\/www.linkedin.com\/company\/farmaceuticsbcn\/\"]},{\"@type\":\"Person\",\"@id\":\"https:\/\/www.cofb.org\/#\/schema\/person\/22ed7eea88da74b0fa4d3154ad87ffcb\",\"name\":\"wpAdminCofbOrg\",\"image\":{\"@type\":\"ImageObject\",\"inLanguage\":\"ca\",\"@id\":\"https:\/\/www.cofb.org\/#\/schema\/person\/image\/\",\"url\":\"https:\/\/secure.gravatar.com\/avatar\/1721b20b3b8ca882c3b56ec6c978c594fff670e40c0718e9190eaeeb76aae7d8?s=96&d=mm&r=g\",\"contentUrl\":\"https:\/\/secure.gravatar.com\/avatar\/1721b20b3b8ca882c3b56ec6c978c594fff670e40c0718e9190eaeeb76aae7d8?s=96&d=mm&r=g\",\"caption\":\"wpAdminCofbOrg\"},\"sameAs\":[\"http:\/\/192.168.64.122\/wordpress\"],\"url\":\"https:\/\/www.cofb.org\/ca\/author\/wpadmincofborg\/\"}]}<\/script>\n<!-- \/ Yoast SEO plugin. -->","yoast_head_json":{"title":"VIII Cursa Intercol\u00b7legial: inscripcions obertes","description":"VIII Cursa Intercol\u00b7legial: inscripcions obertes","robots":{"index":"index","follow":"follow","max-snippet":"max-snippet:-1","max-image-preview":"max-image-preview:large","max-video-preview":"max-video-preview:-1"},"canonical":"https:\/\/novaorg.cofb.net\/2017\/04\/05\/viii-cursa-intercol\u00b7legial-inscripcions-obertes\/","og_locale":"ca_ES","og_type":"article","og_title":"VIII Cursa Intercol\u00b7legial: inscripcions obertes","og_description":"VIII Cursa Intercol\u00b7legial: inscripcions obertes","og_url":"https:\/\/novaorg.cofb.net\/2017\/04\/05\/viii-cursa-intercol\u00b7legial-inscripcions-obertes\/","og_site_name":"Col\u00b7legi de Farmac\u00e8utics de Barcelona","article_publisher":"https:\/\/www.facebook.com\/farmaceuticsbcn\/","article_published_time":"2017-04-05T09:11:53+00:00","author":"wpAdminCofbOrg","twitter_card":"summary_large_image","twitter_creator":"@farmaceuticsbcn","twitter_site":"@farmaceuticsbcn","twitter_misc":{"Escrit per":"wpAdminCofbOrg","Temps estimat de lectura":"3 minuts"},"schema":{"@context":"https:\/\/schema.org","@graph":[{"@type":"Article","@id":"https:\/\/novaorg.cofb.net\/2017\/04\/05\/viii-cursa-intercol%c2%b7legial-inscripcions-obertes\/#article","isPartOf":{"@id":"https:\/\/novaorg.cofb.net\/2017\/04\/05\/viii-cursa-intercol%c2%b7legial-inscripcions-obertes\/"},"author":{"name":"wpAdminCofbOrg","@id":"https:\/\/www.cofb.org\/#\/schema\/person\/22ed7eea88da74b0fa4d3154ad87ffcb"},"headline":"VIII Cursa Intercol\u00b7legial: inscripcions obertes","datePublished":"2017-04-05T09:11:53+00:00","dateModified":"2017-04-05T09:11:53+00:00","mainEntityOfPage":{"@id":"https:\/\/novaorg.cofb.net\/2017\/04\/05\/viii-cursa-intercol%c2%b7legial-inscripcions-obertes\/"},"wordCount":529,"commentCount":0,"publisher":{"@id":"https:\/\/www.cofb.org\/#organization"},"image":{"@id":"https:\/\/novaorg.cofb.net\/2017\/04\/05\/viii-cursa-intercol%c2%b7legial-inscripcions-obertes\/#primaryimage"},"thumbnailUrl":"","keywords":["Associacions professionals","Col\u00b7legis professinals","Competici\u00f3","Cursa Intercol\u00b7legial"],"articleSection":["M\u00f3n col\u00b7legial"],"inLanguage":"ca","potentialAction":[{"@type":"CommentAction","name":"Comment","target":["https:\/\/novaorg.cofb.net\/2017\/04\/05\/viii-cursa-intercol%c2%b7legial-inscripcions-obertes\/#respond"]}]},{"@type":"WebPage","@id":"https:\/\/novaorg.cofb.net\/2017\/04\/05\/viii-cursa-intercol%c2%b7legial-inscripcions-obertes\/","url":"https:\/\/novaorg.cofb.net\/2017\/04\/05\/viii-cursa-intercol%c2%b7legial-inscripcions-obertes\/","name":"VIII Cursa Intercol\u00b7legial: inscripcions obertes","isPartOf":{"@id":"https:\/\/www.cofb.org\/#website"},"primaryImageOfPage":{"@id":"https:\/\/novaorg.cofb.net\/2017\/04\/05\/viii-cursa-intercol%c2%b7legial-inscripcions-obertes\/#primaryimage"},"image":{"@id":"https:\/\/novaorg.cofb.net\/2017\/04\/05\/viii-cursa-intercol%c2%b7legial-inscripcions-obertes\/#primaryimage"},"thumbnailUrl":"","datePublished":"2017-04-05T09:11:53+00:00","dateModified":"2017-04-05T09:11:53+00:00","description":"VIII Cursa Intercol\u00b7legial: inscripcions obertes","breadcrumb":{"@id":"https:\/\/novaorg.cofb.net\/2017\/04\/05\/viii-cursa-intercol%c2%b7legial-inscripcions-obertes\/#breadcrumb"},"inLanguage":"ca","potentialAction":[{"@type":"ReadAction","target":["https:\/\/novaorg.cofb.net\/2017\/04\/05\/viii-cursa-intercol%c2%b7legial-inscripcions-obertes\/"]}]},{"@type":"ImageObject","inLanguage":"ca","@id":"https:\/\/novaorg.cofb.net\/2017\/04\/05\/viii-cursa-intercol%c2%b7legial-inscripcions-obertes\/#primaryimage","url":"","contentUrl":""},{"@type":"BreadcrumbList","@id":"https:\/\/novaorg.cofb.net\/2017\/04\/05\/viii-cursa-intercol%c2%b7legial-inscripcions-obertes\/#breadcrumb","itemListElement":[{"@type":"ListItem","position":1,"name":"Inici","item":"https:\/\/novaorg.cofb.net\/"},{"@type":"ListItem","position":2,"name":"VIII Cursa Intercol\u00b7legial: inscripcions obertes"}]},{"@type":"WebSite","@id":"https:\/\/www.cofb.org\/#website","url":"https:\/\/www.cofb.org\/","name":"Col\u00b7legi de Farmac\u00e8utics de Barcelona","description":"","publisher":{"@id":"https:\/\/www.cofb.org\/#organization"},"potentialAction":[{"@type":"SearchAction","target":{"@type":"EntryPoint","urlTemplate":"https:\/\/www.cofb.org\/?s={search_term_string}"},"query-input":"required name=search_term_string"}],"inLanguage":"ca"},{"@type":"Organization","@id":"https:\/\/www.cofb.org\/#organization","name":"Col\u00b7legi de Farmac\u00e8utics de Barcelona","url":"https:\/\/www.cofb.org\/","logo":{"@type":"ImageObject","inLanguage":"ca","@id":"https:\/\/www.cofb.org\/#\/schema\/logo\/image\/","url":"https:\/\/www.cofb.org\/wp-content\/uploads\/2023\/11\/cropped-Logotip-COFB.png","contentUrl":"https:\/\/www.cofb.org\/wp-content\/uploads\/2023\/11\/cropped-Logotip-COFB.png","width":500,"height":105,"caption":"Col\u00b7legi de Farmac\u00e8utics de Barcelona"},"image":{"@id":"https:\/\/www.cofb.org\/#\/schema\/logo\/image\/"},"sameAs":["https:\/\/www.facebook.com\/farmaceuticsbcn\/","https:\/\/twitter.com\/farmaceuticsbcn","https:\/\/www.instagram.com\/farmaceuticsbcn\/","https:\/\/www.linkedin.com\/company\/farmaceuticsbcn\/"]},{"@type":"Person","@id":"https:\/\/www.cofb.org\/#\/schema\/person\/22ed7eea88da74b0fa4d3154ad87ffcb","name":"wpAdminCofbOrg","image":{"@type":"ImageObject","inLanguage":"ca","@id":"https:\/\/www.cofb.org\/#\/schema\/person\/image\/","url":"https:\/\/secure.gravatar.com\/avatar\/1721b20b3b8ca882c3b56ec6c978c594fff670e40c0718e9190eaeeb76aae7d8?s=96&d=mm&r=g","contentUrl":"https:\/\/secure.gravatar.com\/avatar\/1721b20b3b8ca882c3b56ec6c978c594fff670e40c0718e9190eaeeb76aae7d8?s=96&d=mm&r=g","caption":"wpAdminCofbOrg"},"sameAs":["http:\/\/192.168.64.122\/wordpress"],"url":"https:\/\/www.cofb.org\/ca\/author\/wpadmincofborg\/"}]}},"uagb_featured_image_src":{"full":false,"thumbnail":false,"medium":false,"medium_large":false,"large":false,"1536x1536":false,"2048x2048":false,"trp-custom-language-flag":false},"uagb_author_info":{"display_name":"wpAdminCofbOrg","author_link":"https:\/\/www.cofb.org\/ca\/author\/wpadmincofborg\/"},"uagb_comment_info":0,"uagb_excerpt":"El pr\u00f2xim dissabte 22 d\u2019abril el m\u00f3n col\u00b7legial t\u00e9 una cita amb l\u2019esport. I \u00e9s que, un any m\u00e9s, diversos col\u00b7legis i associacions professionals organitzen una nova edici\u00f3 de la\u00a0Cursa Intercol\u00b7legial amb el suport de l\u2019Ajuntament de Barcelona i la coordinaci\u00f3 t\u00e8cnica de Gesport, aix\u00ed com amb el patrocini principal [&hellip;]","_links":{"self":[{"href":"https:\/\/www.cofb.org\/ca\/wp-json\/wp\/v2\/posts\/29031","targetHints":{"allow":["GET"]}}],"collection":[{"href":"https:\/\/www.cofb.org\/ca\/wp-json\/wp\/v2\/posts"}],"about":[{"href":"https:\/\/www.cofb.org\/ca\/wp-json\/wp\/v2\/types\/post"}],"author":[{"embeddable":true,"href":"https:\/\/www.cofb.org\/ca\/wp-json\/wp\/v2\/users\/1"}],"replies":[{"embeddable":true,"href":"https:\/\/www.cofb.org\/ca\/wp-json\/wp\/v2\/comments?post=29031"}],"version-history":[{"count":0,"href":"https:\/\/www.cofb.org\/ca\/wp-json\/wp\/v2\/posts\/29031\/revisions"}],"wp:featuredmedia":[{"embeddable":true,"href":"https:\/\/www.cofb.org\/ca\/wp-json\/"}],"wp:attachment":[{"href":"https:\/\/www.cofb.org\/ca\/wp-json\/wp\/v2\/media?parent=29031"}],"wp:term":[{"taxonomy":"category","embeddable":true,"href":"https:\/\/www.cofb.org\/ca\/wp-json\/wp\/v2\/categories?post=29031"},{"taxonomy":"post_tag","embeddable":true,"href":"https:\/\/www.cofb.org\/ca\/wp-json\/wp\/v2\/tags?post=29031"}],"curies":[{"name":"wp","href":"https:\/\/api.w.org\/{rel}","templated":true}]}}