{"id":28731,"date":"2017-04-10T10:02:23","date_gmt":"2017-04-10T09:02:23","guid":{"rendered":"http:\/\/blog.cofb.cat\/?p=28731"},"modified":"2017-04-10T10:02:23","modified_gmt":"2017-04-10T09:02:23","slug":"actualitzacio-en-vih","status":"publish","type":"post","link":"https:\/\/www.cofb.org\/ca\/2017\/04\/10\/actualitzacio-en-vih\/","title":{"rendered":"Actualitzaci\u00f3 en VIH"},"content":{"rendered":"<p>La infecci\u00f3 pel virus de la immunodefici\u00e8ncia humana (VIH) i l\u2019enorme incid\u00e8ncia que ha tingut en la poblaci\u00f3 mundial han propiciat un canvi quantitatiu i qualitatiu de la investigaci\u00f3. Els aven\u00e7os dels \u00faltims anys han perm\u00e8s ampliar el coneixement sobre el virus, definir les pautes de tractament antiretroviral (TArV), fixar les bases per desenvolupar les vacunes, incorporar noves estrat\u00e8gies d\u2019eradicaci\u00f3 i fer de la retrovirologia humana una de les \u00e0rees m\u00e9s din\u00e0miques de la biomedicina. <b>Els nous reptes en la ter\u00e0pia antiretroviral i la personalitzaci\u00f3 del tractament s\u00f3n objectius de salut que ajuden a millorar la qualitat de vida dels pacients amb VIH.<\/b><\/p>\n<p>El 2 de mar\u00e7 farmac\u00e8utics d\u2019hospitals, d\u2019atenci\u00f3 prim\u00e0ria i de l\u2019administraci\u00f3 sanit\u00e0ria es van reunir per fer una reflexi\u00f3 conjunta de diferents especialistes amb punts de vista diversos sobre les noves estrat\u00e8gies terap\u00e8utiques. El curs \u201c<b>Actualitzaci\u00f3 en VIH<\/b>\u201d va permetre als assistents aprofundir en el coneixement de les noves estrat\u00e8gies terap\u00e8utiques, analitzar el posicionament de les diferents guies terap\u00e8utiques, con\u00e8ixer les alternatives d\u2019abordatge de la malaltia i com personalitzar els tractaments. Tamb\u00e9 incorporar nous reptes del tractament antiretroviral (TArV) i evidenciar el cost-efic\u00e0cia dels tractaments.<\/p>\n<p>Els professors que van conformar el quadre docent, ens donen els seus punts de vista sobre el curs:<\/p>\n<p><a href=\"http:\/\/blog.cofb.cat\/wp-content\/uploads\/2017\/03\/actualitzacio-en-VIH-4.jpg\"><img fetchpriority=\"high\" decoding=\"async\" class=\"alignright  wp-image-28738\" alt=\"actualitzacio-en-VIH (4)\" src=\"http:\/\/blog.cofb.cat\/wp-content\/uploads\/2017\/03\/actualitzacio-en-VIH-4.jpg\" width=\"298\" height=\"199\" \/><\/a><div class=\"box shadow\">\u201cEl curs sobre actualitzaci\u00f3 en VIH ha comptat amb una bona assist\u00e8ncia de farmac\u00e8utics amb molt bona predisposici\u00f3 per part d\u2019ells i aconseguint un bon grau de dinamisme i interacci\u00f3\u201d explica <b>Josep Vilar\u00f3<\/b>, responsable de Malalties Infeccioses del Consorci Hospitalari de Vic. \u201cVaig parlar del tema de l\u2019envelliment de les persones amb VIH. Les conclusions es podrien resumir en qu\u00e8 gr\u00e0cies al tractament antiretroviral actual (TAR) les persones han aconseguit una esperan\u00e7a de vida similar a les persones no infectades i, per tant, cada vegada tindrem persones m\u00e9s velles per atendre. Les persones amb VIH semblen envellir una mitjana de 10 anys abans que les persones no infectades i presenten m\u00e9s comorbiditats en edats m\u00e9s joves. Aquestes particularitats juntament amb <b>la polifarm\u00e0cia, que suposa el tractament de les comorbiditats, les interaccions farmacol\u00f2giques i la pr\u00f2pia toxicitat dels diferents antiretrovirals, condicionen una major complexitat i nous reptes en el maneig d\u2019aquests pacients fent cada vegada m\u00e9s necess\u00e0ria la coparticipaci\u00f3 dels farmac\u00e8utics<\/b>\u201d.<\/p>\n<p><b><a href=\"http:\/\/blog.cofb.cat\/wp-content\/uploads\/2017\/03\/actualitzacio-en-VIH-1.jpg\"><img decoding=\"async\" class=\" wp-image-28735 alignleft\" alt=\"actualitzacio-en-VIH (1)\" src=\"http:\/\/blog.cofb.cat\/wp-content\/uploads\/2017\/03\/actualitzacio-en-VIH-1.jpg\" width=\"306\" height=\"204\" \/><\/a>Elisabeth Deig<\/b>, del Servei de Medicina Interna de la Unitat de Malalties Infeccioses VIH de l\u2019Hospital General de Granollers, comenta que \u201c<b>la feina del metge i del farmac\u00e8utic hospitalari han d&#8217;anar de la m\u00e0<\/b>. Cada vegada, es fan m\u00e9s tractaments individualitzats, i crec \u00e9s important que el farmac\u00e8utic que fa la dispensaci\u00f3 s\u00e0piga els motius per els quals porta aquest tractament, si \u00e9s un pacient que ha fracassat en tractament previs, si hi ha efectes secundaris o si se\u2019n valen prevenir\u201d. I afegeix: \u201c<b>Crec que si el farmac\u00e8utic te aquesta informaci\u00f3 dels pacient pot fer una feina de forma m\u00e9s eficient i coordinada amb el metge<\/b>, com per exemple <b>insistir en l&#8217;adher\u00e8ncia, detectar efectes secundaris<\/b>, etc. D&#8217;altra banda, crec que el farmac\u00e8utic d\u2019oficina de farm\u00e0cia tamb\u00e9 ha de con\u00e8ixer els tractaments que porta el pacient per tal d&#8217;evitar interaccions amb altres f\u00e0rmacs o productes naturals&#8230;\u201d. Deig anima \u201ca mantenir aquest tipus de reunions, la passada crec que va anar molt b\u00e9, amb una molt bona assist\u00e8ncia i participativa\u201d.<\/p>\n<p><a href=\"http:\/\/blog.cofb.cat\/wp-content\/uploads\/2017\/03\/actualitzacio-en-VIH-3.jpg\"><img decoding=\"async\" class=\"alignright  wp-image-28737\" alt=\"actualitzacio-en-VIH (3)\" src=\"http:\/\/blog.cofb.cat\/wp-content\/uploads\/2017\/03\/actualitzacio-en-VIH-3.jpg\" width=\"298\" height=\"199\" \/><\/a>Al seu torn, <b>Josep Mallolas,<\/b> consultor s\u00e8nior del Servei d\u2019Infeccions de l\u2019Hospital Cl\u00ednic de Barcelona i professor associat de la Facultat de Medicina de la Universitat de Barcelona, trasllada que en la seva pon\u00e8ncia va destacar \u201cla hist\u00f2ria de la infecci\u00f3 pel VIH, el descobriment del virus i dels antiretrovirals aix\u00ed com les fases per les que hem passat: els primers 10 anys varen ser desoladors, sense tractaments, i nom\u00e9s veiem un enorme nombre de persones morint per aquesta nova malaltia; els seg\u00fcents 10 anys, van apar\u00e8ixer tractaments altament actius per\u00f2 molt t\u00f2xics, i <b>els darrers 10 anys vivim amb opcions de tractament molt actives, c\u00f2modes, sense efectes adversos destacables i que, en definitiva, permeten que el pacient tingui una expectativa de vida pr\u00e0cticament igual que la poblaci\u00f3 general<\/b>\u201d.<\/div><\/p>\n<p>El curs va estar coordinat per <b>Cristina Roure<\/b>, vocal d\u2019Hospitals del COF de Barcelona, i <b>Julio Mart\u00ednez<\/b>, president de la Societat Catalana de Farm\u00e0cia Cl\u00ednica (SCFC).<\/p>\n<p><b>Enlla\u00e7os relacionats:<\/b><\/p>\n<ul>\n<li><a href=\"http:\/\/www.farmaceuticonline.com\/ca\/familia\/544-sida?showall=1\">Sida<\/a> (via Farmaceuticonline, el nostre web de salut)<\/li>\n<li><a href=\"http:\/\/www.farmaceuticonline.com\/ca\/component\/content\/article\/20-varios\/661-farmacias-que-participan-en-en-el-programa-del-vih\">VIH: Programa de detecci\u00f3 mitjan\u00e7ant test r\u00e0pid<\/a> (via Farmaceuticonline, el nostre web de salut)<\/li>\n<\/ul>\n<p align=\"right\"><b>Amb la col\u00b7laboraci\u00f3 de:<\/b><\/p>\n<p align=\"right\"><b><a href=\"http:\/\/www.janssen.com\/es\" target=\"_blank\" rel=\"noopener\"><img loading=\"lazy\" decoding=\"async\" class=\"alignright size-full wp-image-6780\" alt=\"janssen_logo\" src=\"http:\/\/blog.cofb.cat\/wp-content\/uploads\/2014\/06\/janssen_logo.jpg\" width=\"100\" height=\"49\" \/><\/a><\/b><\/p>\n","protected":false},"excerpt":{"rendered":"<p>La infecci\u00f3 pel virus de la immunodefici\u00e8ncia humana (VIH) i l\u2019enorme incid\u00e8ncia que ha tingut en la poblaci\u00f3 mundial han propiciat un canvi quantitatiu i qualitatiu de la investigaci\u00f3. Els aven\u00e7os dels \u00faltims anys han perm\u00e8s ampliar el coneixement sobre el virus, definir les pautes de tractament antiretroviral (TArV), fixar [&hellip;]<\/p>\n","protected":false},"author":1,"featured_media":28736,"comment_status":"open","ping_status":"open","sticky":false,"template":"","format":"standard","meta":{"_uag_custom_page_level_css":"","site-sidebar-layout":"default","site-content-layout":"","ast-site-content-layout":"default","site-content-style":"default","site-sidebar-style":"default","ast-global-header-display":"","ast-banner-title-visibility":"","ast-main-header-display":"","ast-hfb-above-header-display":"","ast-hfb-below-header-display":"","ast-hfb-mobile-header-display":"","site-post-title":"","ast-breadcrumbs-content":"","ast-featured-img":"disabled","footer-sml-layout":"","theme-transparent-header-meta":"","adv-header-id-meta":"","stick-header-meta":"","header-above-stick-meta":"","header-main-stick-meta":"","header-below-stick-meta":"","astra-migrate-meta-layouts":"default","ast-page-background-enabled":"default","ast-page-background-meta":{"desktop":{"background-color":"var(--ast-global-color-4)","background-image":"","background-repeat":"repeat","background-position":"center center","background-size":"auto","background-attachment":"scroll","background-type":"","background-media":"","overlay-type":"","overlay-color":"","overlay-opacity":"","overlay-gradient":""},"tablet":{"background-color":"","background-image":"","background-repeat":"repeat","background-position":"center center","background-size":"auto","background-attachment":"scroll","background-type":"","background-media":"","overlay-type":"","overlay-color":"","overlay-opacity":"","overlay-gradient":""},"mobile":{"background-color":"","background-image":"","background-repeat":"repeat","background-position":"center center","background-size":"auto","background-attachment":"scroll","background-type":"","background-media":"","overlay-type":"","overlay-color":"","overlay-opacity":"","overlay-gradient":""}},"ast-content-background-meta":{"desktop":{"background-color":"var(--ast-global-color-5)","background-image":"","background-repeat":"repeat","background-position":"center center","background-size":"auto","background-attachment":"scroll","background-type":"","background-media":"","overlay-type":"","overlay-color":"","overlay-opacity":"","overlay-gradient":""},"tablet":{"background-color":"var(--ast-global-color-5)","background-image":"","background-repeat":"repeat","background-position":"center center","background-size":"auto","background-attachment":"scroll","background-type":"","background-media":"","overlay-type":"","overlay-color":"","overlay-opacity":"","overlay-gradient":""},"mobile":{"background-color":"var(--ast-global-color-5)","background-image":"","background-repeat":"repeat","background-position":"center center","background-size":"auto","background-attachment":"scroll","background-type":"","background-media":"","overlay-type":"","overlay-color":"","overlay-opacity":"","overlay-gradient":""}},"footnotes":""},"categories":[57],"tags":[2732,938,480,70,232],"class_list":["post-28731","post","type-post","status-publish","format-standard","has-post-thumbnail","hentry","category-mon-collegial","tag-actualitzacio-en-vih","tag-atencio-primaria","tag-farmacia-hospitalaria","tag-formacio","tag-vih"],"yoast_head":"<!-- This site is optimized with the Yoast SEO plugin v22.4 - https:\/\/yoast.com\/wordpress\/plugins\/seo\/ -->\n<title>Actualitzaci\u00f3 en VIH<\/title>\n<meta name=\"description\" content=\"Actualitzaci\u00f3 en VIH\" \/>\n<meta name=\"robots\" content=\"index, follow, max-snippet:-1, max-image-preview:large, max-video-preview:-1\" \/>\n<link rel=\"canonical\" href=\"https:\/\/novaorg.cofb.net\/2017\/04\/10\/actualitzacio-en-vih\/\" \/>\n<meta property=\"og:locale\" content=\"ca_ES\" \/>\n<meta property=\"og:type\" content=\"article\" \/>\n<meta property=\"og:title\" content=\"Actualitzaci\u00f3 en VIH\" \/>\n<meta property=\"og:description\" content=\"Actualitzaci\u00f3 en VIH\" \/>\n<meta property=\"og:url\" content=\"https:\/\/novaorg.cofb.net\/2017\/04\/10\/actualitzacio-en-vih\/\" \/>\n<meta property=\"og:site_name\" content=\"Col\u00b7legi de Farmac\u00e8utics de Barcelona\" \/>\n<meta property=\"article:publisher\" content=\"https:\/\/www.facebook.com\/farmaceuticsbcn\/\" \/>\n<meta property=\"article:published_time\" content=\"2017-04-10T09:02:23+00:00\" \/>\n<meta name=\"author\" content=\"wpAdminCofbOrg\" \/>\n<meta name=\"twitter:card\" content=\"summary_large_image\" \/>\n<meta name=\"twitter:creator\" content=\"@farmaceuticsbcn\" \/>\n<meta name=\"twitter:site\" content=\"@farmaceuticsbcn\" \/>\n<meta name=\"twitter:label1\" content=\"Escrit per\" \/>\n\t<meta name=\"twitter:data1\" content=\"wpAdminCofbOrg\" \/>\n\t<meta name=\"twitter:label2\" content=\"Temps estimat de lectura\" \/>\n\t<meta name=\"twitter:data2\" content=\"4 minuts\" \/>\n<script type=\"application\/ld+json\" class=\"yoast-schema-graph\">{\"@context\":\"https:\/\/schema.org\",\"@graph\":[{\"@type\":\"Article\",\"@id\":\"https:\/\/novaorg.cofb.net\/2017\/04\/10\/actualitzacio-en-vih\/#article\",\"isPartOf\":{\"@id\":\"https:\/\/novaorg.cofb.net\/2017\/04\/10\/actualitzacio-en-vih\/\"},\"author\":{\"name\":\"wpAdminCofbOrg\",\"@id\":\"https:\/\/www.cofb.org\/#\/schema\/person\/22ed7eea88da74b0fa4d3154ad87ffcb\"},\"headline\":\"Actualitzaci\u00f3 en VIH\",\"datePublished\":\"2017-04-10T09:02:23+00:00\",\"dateModified\":\"2017-04-10T09:02:23+00:00\",\"mainEntityOfPage\":{\"@id\":\"https:\/\/novaorg.cofb.net\/2017\/04\/10\/actualitzacio-en-vih\/\"},\"wordCount\":799,\"commentCount\":0,\"publisher\":{\"@id\":\"https:\/\/www.cofb.org\/#organization\"},\"image\":{\"@id\":\"https:\/\/novaorg.cofb.net\/2017\/04\/10\/actualitzacio-en-vih\/#primaryimage\"},\"thumbnailUrl\":\"\",\"keywords\":[\"Actualitzaci\u00f3 en VIH\",\"Atenci\u00f3 prim\u00e0ria\",\"farm\u00e0cia hospital\u00e0ria\",\"Formaci\u00f3\",\"VIH\"],\"articleSection\":[\"M\u00f3n col\u00b7legial\"],\"inLanguage\":\"ca\",\"potentialAction\":[{\"@type\":\"CommentAction\",\"name\":\"Comment\",\"target\":[\"https:\/\/novaorg.cofb.net\/2017\/04\/10\/actualitzacio-en-vih\/#respond\"]}]},{\"@type\":\"WebPage\",\"@id\":\"https:\/\/novaorg.cofb.net\/2017\/04\/10\/actualitzacio-en-vih\/\",\"url\":\"https:\/\/novaorg.cofb.net\/2017\/04\/10\/actualitzacio-en-vih\/\",\"name\":\"Actualitzaci\u00f3 en VIH\",\"isPartOf\":{\"@id\":\"https:\/\/www.cofb.org\/#website\"},\"primaryImageOfPage\":{\"@id\":\"https:\/\/novaorg.cofb.net\/2017\/04\/10\/actualitzacio-en-vih\/#primaryimage\"},\"image\":{\"@id\":\"https:\/\/novaorg.cofb.net\/2017\/04\/10\/actualitzacio-en-vih\/#primaryimage\"},\"thumbnailUrl\":\"\",\"datePublished\":\"2017-04-10T09:02:23+00:00\",\"dateModified\":\"2017-04-10T09:02:23+00:00\",\"description\":\"Actualitzaci\u00f3 en VIH\",\"breadcrumb\":{\"@id\":\"https:\/\/novaorg.cofb.net\/2017\/04\/10\/actualitzacio-en-vih\/#breadcrumb\"},\"inLanguage\":\"ca\",\"potentialAction\":[{\"@type\":\"ReadAction\",\"target\":[\"https:\/\/novaorg.cofb.net\/2017\/04\/10\/actualitzacio-en-vih\/\"]}]},{\"@type\":\"ImageObject\",\"inLanguage\":\"ca\",\"@id\":\"https:\/\/novaorg.cofb.net\/2017\/04\/10\/actualitzacio-en-vih\/#primaryimage\",\"url\":\"\",\"contentUrl\":\"\"},{\"@type\":\"BreadcrumbList\",\"@id\":\"https:\/\/novaorg.cofb.net\/2017\/04\/10\/actualitzacio-en-vih\/#breadcrumb\",\"itemListElement\":[{\"@type\":\"ListItem\",\"position\":1,\"name\":\"Inici\",\"item\":\"https:\/\/novaorg.cofb.net\/\"},{\"@type\":\"ListItem\",\"position\":2,\"name\":\"Actualitzaci\u00f3 en VIH\"}]},{\"@type\":\"WebSite\",\"@id\":\"https:\/\/www.cofb.org\/#website\",\"url\":\"https:\/\/www.cofb.org\/\",\"name\":\"Col\u00b7legi de Farmac\u00e8utics de Barcelona\",\"description\":\"\",\"publisher\":{\"@id\":\"https:\/\/www.cofb.org\/#organization\"},\"potentialAction\":[{\"@type\":\"SearchAction\",\"target\":{\"@type\":\"EntryPoint\",\"urlTemplate\":\"https:\/\/www.cofb.org\/?s={search_term_string}\"},\"query-input\":\"required name=search_term_string\"}],\"inLanguage\":\"ca\"},{\"@type\":\"Organization\",\"@id\":\"https:\/\/www.cofb.org\/#organization\",\"name\":\"Col\u00b7legi de Farmac\u00e8utics de Barcelona\",\"url\":\"https:\/\/www.cofb.org\/\",\"logo\":{\"@type\":\"ImageObject\",\"inLanguage\":\"ca\",\"@id\":\"https:\/\/www.cofb.org\/#\/schema\/logo\/image\/\",\"url\":\"https:\/\/www.cofb.org\/wp-content\/uploads\/2023\/11\/cropped-Logotip-COFB.png\",\"contentUrl\":\"https:\/\/www.cofb.org\/wp-content\/uploads\/2023\/11\/cropped-Logotip-COFB.png\",\"width\":500,\"height\":105,\"caption\":\"Col\u00b7legi de Farmac\u00e8utics de Barcelona\"},\"image\":{\"@id\":\"https:\/\/www.cofb.org\/#\/schema\/logo\/image\/\"},\"sameAs\":[\"https:\/\/www.facebook.com\/farmaceuticsbcn\/\",\"https:\/\/twitter.com\/farmaceuticsbcn\",\"https:\/\/www.instagram.com\/farmaceuticsbcn\/\",\"https:\/\/www.linkedin.com\/company\/farmaceuticsbcn\/\"]},{\"@type\":\"Person\",\"@id\":\"https:\/\/www.cofb.org\/#\/schema\/person\/22ed7eea88da74b0fa4d3154ad87ffcb\",\"name\":\"wpAdminCofbOrg\",\"image\":{\"@type\":\"ImageObject\",\"inLanguage\":\"ca\",\"@id\":\"https:\/\/www.cofb.org\/#\/schema\/person\/image\/\",\"url\":\"https:\/\/secure.gravatar.com\/avatar\/1721b20b3b8ca882c3b56ec6c978c594fff670e40c0718e9190eaeeb76aae7d8?s=96&d=mm&r=g\",\"contentUrl\":\"https:\/\/secure.gravatar.com\/avatar\/1721b20b3b8ca882c3b56ec6c978c594fff670e40c0718e9190eaeeb76aae7d8?s=96&d=mm&r=g\",\"caption\":\"wpAdminCofbOrg\"},\"sameAs\":[\"http:\/\/192.168.64.122\/wordpress\"],\"url\":\"https:\/\/www.cofb.org\/ca\/author\/wpadmincofborg\/\"}]}<\/script>\n<!-- \/ Yoast SEO plugin. -->","yoast_head_json":{"title":"Actualitzaci\u00f3 en VIH","description":"Actualitzaci\u00f3 en VIH","robots":{"index":"index","follow":"follow","max-snippet":"max-snippet:-1","max-image-preview":"max-image-preview:large","max-video-preview":"max-video-preview:-1"},"canonical":"https:\/\/novaorg.cofb.net\/2017\/04\/10\/actualitzacio-en-vih\/","og_locale":"ca_ES","og_type":"article","og_title":"Actualitzaci\u00f3 en VIH","og_description":"Actualitzaci\u00f3 en VIH","og_url":"https:\/\/novaorg.cofb.net\/2017\/04\/10\/actualitzacio-en-vih\/","og_site_name":"Col\u00b7legi de Farmac\u00e8utics de Barcelona","article_publisher":"https:\/\/www.facebook.com\/farmaceuticsbcn\/","article_published_time":"2017-04-10T09:02:23+00:00","author":"wpAdminCofbOrg","twitter_card":"summary_large_image","twitter_creator":"@farmaceuticsbcn","twitter_site":"@farmaceuticsbcn","twitter_misc":{"Escrit per":"wpAdminCofbOrg","Temps estimat de lectura":"4 minuts"},"schema":{"@context":"https:\/\/schema.org","@graph":[{"@type":"Article","@id":"https:\/\/novaorg.cofb.net\/2017\/04\/10\/actualitzacio-en-vih\/#article","isPartOf":{"@id":"https:\/\/novaorg.cofb.net\/2017\/04\/10\/actualitzacio-en-vih\/"},"author":{"name":"wpAdminCofbOrg","@id":"https:\/\/www.cofb.org\/#\/schema\/person\/22ed7eea88da74b0fa4d3154ad87ffcb"},"headline":"Actualitzaci\u00f3 en VIH","datePublished":"2017-04-10T09:02:23+00:00","dateModified":"2017-04-10T09:02:23+00:00","mainEntityOfPage":{"@id":"https:\/\/novaorg.cofb.net\/2017\/04\/10\/actualitzacio-en-vih\/"},"wordCount":799,"commentCount":0,"publisher":{"@id":"https:\/\/www.cofb.org\/#organization"},"image":{"@id":"https:\/\/novaorg.cofb.net\/2017\/04\/10\/actualitzacio-en-vih\/#primaryimage"},"thumbnailUrl":"","keywords":["Actualitzaci\u00f3 en VIH","Atenci\u00f3 prim\u00e0ria","farm\u00e0cia hospital\u00e0ria","Formaci\u00f3","VIH"],"articleSection":["M\u00f3n col\u00b7legial"],"inLanguage":"ca","potentialAction":[{"@type":"CommentAction","name":"Comment","target":["https:\/\/novaorg.cofb.net\/2017\/04\/10\/actualitzacio-en-vih\/#respond"]}]},{"@type":"WebPage","@id":"https:\/\/novaorg.cofb.net\/2017\/04\/10\/actualitzacio-en-vih\/","url":"https:\/\/novaorg.cofb.net\/2017\/04\/10\/actualitzacio-en-vih\/","name":"Actualitzaci\u00f3 en VIH","isPartOf":{"@id":"https:\/\/www.cofb.org\/#website"},"primaryImageOfPage":{"@id":"https:\/\/novaorg.cofb.net\/2017\/04\/10\/actualitzacio-en-vih\/#primaryimage"},"image":{"@id":"https:\/\/novaorg.cofb.net\/2017\/04\/10\/actualitzacio-en-vih\/#primaryimage"},"thumbnailUrl":"","datePublished":"2017-04-10T09:02:23+00:00","dateModified":"2017-04-10T09:02:23+00:00","description":"Actualitzaci\u00f3 en VIH","breadcrumb":{"@id":"https:\/\/novaorg.cofb.net\/2017\/04\/10\/actualitzacio-en-vih\/#breadcrumb"},"inLanguage":"ca","potentialAction":[{"@type":"ReadAction","target":["https:\/\/novaorg.cofb.net\/2017\/04\/10\/actualitzacio-en-vih\/"]}]},{"@type":"ImageObject","inLanguage":"ca","@id":"https:\/\/novaorg.cofb.net\/2017\/04\/10\/actualitzacio-en-vih\/#primaryimage","url":"","contentUrl":""},{"@type":"BreadcrumbList","@id":"https:\/\/novaorg.cofb.net\/2017\/04\/10\/actualitzacio-en-vih\/#breadcrumb","itemListElement":[{"@type":"ListItem","position":1,"name":"Inici","item":"https:\/\/novaorg.cofb.net\/"},{"@type":"ListItem","position":2,"name":"Actualitzaci\u00f3 en VIH"}]},{"@type":"WebSite","@id":"https:\/\/www.cofb.org\/#website","url":"https:\/\/www.cofb.org\/","name":"Col\u00b7legi de Farmac\u00e8utics de Barcelona","description":"","publisher":{"@id":"https:\/\/www.cofb.org\/#organization"},"potentialAction":[{"@type":"SearchAction","target":{"@type":"EntryPoint","urlTemplate":"https:\/\/www.cofb.org\/?s={search_term_string}"},"query-input":"required name=search_term_string"}],"inLanguage":"ca"},{"@type":"Organization","@id":"https:\/\/www.cofb.org\/#organization","name":"Col\u00b7legi de Farmac\u00e8utics de Barcelona","url":"https:\/\/www.cofb.org\/","logo":{"@type":"ImageObject","inLanguage":"ca","@id":"https:\/\/www.cofb.org\/#\/schema\/logo\/image\/","url":"https:\/\/www.cofb.org\/wp-content\/uploads\/2023\/11\/cropped-Logotip-COFB.png","contentUrl":"https:\/\/www.cofb.org\/wp-content\/uploads\/2023\/11\/cropped-Logotip-COFB.png","width":500,"height":105,"caption":"Col\u00b7legi de Farmac\u00e8utics de Barcelona"},"image":{"@id":"https:\/\/www.cofb.org\/#\/schema\/logo\/image\/"},"sameAs":["https:\/\/www.facebook.com\/farmaceuticsbcn\/","https:\/\/twitter.com\/farmaceuticsbcn","https:\/\/www.instagram.com\/farmaceuticsbcn\/","https:\/\/www.linkedin.com\/company\/farmaceuticsbcn\/"]},{"@type":"Person","@id":"https:\/\/www.cofb.org\/#\/schema\/person\/22ed7eea88da74b0fa4d3154ad87ffcb","name":"wpAdminCofbOrg","image":{"@type":"ImageObject","inLanguage":"ca","@id":"https:\/\/www.cofb.org\/#\/schema\/person\/image\/","url":"https:\/\/secure.gravatar.com\/avatar\/1721b20b3b8ca882c3b56ec6c978c594fff670e40c0718e9190eaeeb76aae7d8?s=96&d=mm&r=g","contentUrl":"https:\/\/secure.gravatar.com\/avatar\/1721b20b3b8ca882c3b56ec6c978c594fff670e40c0718e9190eaeeb76aae7d8?s=96&d=mm&r=g","caption":"wpAdminCofbOrg"},"sameAs":["http:\/\/192.168.64.122\/wordpress"],"url":"https:\/\/www.cofb.org\/ca\/author\/wpadmincofborg\/"}]}},"uagb_featured_image_src":{"full":false,"thumbnail":false,"medium":false,"medium_large":false,"large":false,"1536x1536":false,"2048x2048":false,"trp-custom-language-flag":false},"uagb_author_info":{"display_name":"wpAdminCofbOrg","author_link":"https:\/\/www.cofb.org\/ca\/author\/wpadmincofborg\/"},"uagb_comment_info":0,"uagb_excerpt":"La infecci\u00f3 pel virus de la immunodefici\u00e8ncia humana (VIH) i l\u2019enorme incid\u00e8ncia que ha tingut en la poblaci\u00f3 mundial han propiciat un canvi quantitatiu i qualitatiu de la investigaci\u00f3. Els aven\u00e7os dels \u00faltims anys han perm\u00e8s ampliar el coneixement sobre el virus, definir les pautes de tractament antiretroviral (TArV), fixar [&hellip;]","_links":{"self":[{"href":"https:\/\/www.cofb.org\/ca\/wp-json\/wp\/v2\/posts\/28731","targetHints":{"allow":["GET"]}}],"collection":[{"href":"https:\/\/www.cofb.org\/ca\/wp-json\/wp\/v2\/posts"}],"about":[{"href":"https:\/\/www.cofb.org\/ca\/wp-json\/wp\/v2\/types\/post"}],"author":[{"embeddable":true,"href":"https:\/\/www.cofb.org\/ca\/wp-json\/wp\/v2\/users\/1"}],"replies":[{"embeddable":true,"href":"https:\/\/www.cofb.org\/ca\/wp-json\/wp\/v2\/comments?post=28731"}],"version-history":[{"count":0,"href":"https:\/\/www.cofb.org\/ca\/wp-json\/wp\/v2\/posts\/28731\/revisions"}],"wp:featuredmedia":[{"embeddable":true,"href":"https:\/\/www.cofb.org\/ca\/wp-json\/"}],"wp:attachment":[{"href":"https:\/\/www.cofb.org\/ca\/wp-json\/wp\/v2\/media?parent=28731"}],"wp:term":[{"taxonomy":"category","embeddable":true,"href":"https:\/\/www.cofb.org\/ca\/wp-json\/wp\/v2\/categories?post=28731"},{"taxonomy":"post_tag","embeddable":true,"href":"https:\/\/www.cofb.org\/ca\/wp-json\/wp\/v2\/tags?post=28731"}],"curies":[{"name":"wp","href":"https:\/\/api.w.org\/{rel}","templated":true}]}}