{"id":28262,"date":"2017-03-01T13:19:30","date_gmt":"2017-03-01T12:19:30","guid":{"rendered":"http:\/\/blog.cofb.cat\/?p=28262"},"modified":"2017-03-01T13:19:30","modified_gmt":"2017-03-01T12:19:30","slug":"celebrem-els-100-anys-de-pere-quintana-col%c2%b7legiat-emerit-moltes-felicitats","status":"publish","type":"post","link":"https:\/\/www.cofb.org\/ca\/2017\/03\/01\/celebrem-els-100-anys-de-pere-quintana-col%c2%b7legiat-emerit-moltes-felicitats\/","title":{"rendered":"Celebrem els 100 anys de Pere Quintana, col\u00b7legiat em\u00e8rit. Moltes felicitats!"},"content":{"rendered":"<p>L\u2019oportunitat de viure \u00e9s el regal m\u00e9s gran que ens proporciona la vida. Cert \u00e9s que en el transcurs dels anys s\u2019originen entrebancs que compliquen el dia a dia, per\u00f2, precisament, s\u00f3n aquests mals moments els que atribueixen valor a la infinitat d\u2019altres meravellosos. S\u00ed, viure \u00e9s un regal i, per aix\u00f2, els aniversaris s\u00f3n tan especials. Deixant de banda els regals i les festes, el <i>teu<\/i> dia serveix per aturar-se en el temps, i quina millor data que aquella que, justament, celebres la longevitat, per apreciar l\u2019exist\u00e8ncia.<\/p>\n<p>Tots els aniversaris s\u00f3n especials i, al Col\u00b7legi, enguany, en celebrem un de molt: <strong>els 100 anys del col\u00b7legiat Pere Quintana<\/strong>. Aix\u00ed que, en nom de tots els membres del Col\u00b7legi de Farmac\u00e8utics de Barcelona, <strong>feli\u00e7os 100 anys, Sr. Quintana!<\/strong><\/p>\n<p><b><div class=\"box shadow\">Carrera professional<\/b><\/p>\n[caption id=\"attachment_28298\" align=\"alignright\" width=\"300\"]<a href=\"http:\/\/blog.cofb.cat\/wp-content\/uploads\/2017\/02\/Imagen1.jpg\" target=\"_blank\" rel=\"noopener\"><img fetchpriority=\"high\" decoding=\"async\" class=\" wp-image-28298 \" alt=\"Per molts anys Pere Quintana. Feli\u00e7os 100!\" src=\"http:\/\/blog.cofb.cat\/wp-content\/uploads\/2017\/02\/Imagen1-300x237.jpg\" width=\"300\" height=\"237\" \/><\/a> El senyor Quintana amb l&#8217;equip de la farm\u00e0cia de la Ronda de Sant Antoni[\/caption]\n<p>L\u2019anadura professional del senyor Quintana al m\u00f3n de la farm\u00e0cia va iniciar-se un any abans de llicenciar-se. El 1940 va comen\u00e7ar a treballar a la <strong>Farm\u00e0cia de Riudoms<\/strong>, a Tarragona, on va estar-s\u2019hi dos anys. Del 1943 al 1945 va ajudar a gestionar la<strong> Farm\u00e0cia Coliseum<\/strong>, ja a Barcelona, ciutat on desenvolupar\u00e0 tota la seva carrera com a farmac\u00e8utic. Tamb\u00e9 el 45, va formar part de l\u2019equip de la farm\u00e0cia del <strong>n\u00famero 15 de Ronda Sant Antoni<\/strong>\u00a0i, poc despr\u00e9s, va fer un pas endavant i adquir\u00ed la farm\u00e0cia on va treballar-hi durant 38 anys i, de la qual, n\u2019era el titular. Tanmateix, la seva muller, Margarita Trias, es va iniciar com a titular de la <strong>farm\u00e0cia de la Ronda de Dalt n\u00famero 34<\/strong>. \u00c9s en aquest establiment on el senyor Quintana es va traslladar al 83 fins al 88, any on, finalment, va decidir jubilar-se.<b><\/div><\/b><\/p>\n<p><strong>L\u2019aniversari del senyor Quintana va ser el 18 de gener<\/strong> i, enmig de la festivitat que se li va organitzar, se\u2019l va anomenar col\u00b7legiat em\u00e8rit. Seguidament, es poden veure algunes de les fotografies de la celebraci\u00f3:<\/p>\n\n<p>&nbsp;<\/p>\n<p>L\u2019experi\u00e8ncia \u00e9s un tipus de saviesa de molt valor. Adquirir viv\u00e8ncies aporta uns coneixements que s\u00f3n impossibles d&#8217;obtenir estudiant. Aix\u00ed que, des del Col\u00b7legi, estem molt orgullosos de poder nodrir-nos de la veu d\u2019aquells que han viscut tant\u00edssimes experi\u00e8ncies.<\/p>\n","protected":false},"excerpt":{"rendered":"<p>L\u2019oportunitat de viure \u00e9s el regal m\u00e9s gran que ens proporciona la vida. Cert \u00e9s que en el transcurs dels anys s\u2019originen entrebancs que compliquen el dia a dia, per\u00f2, precisament, s\u00f3n aquests mals moments els que atribueixen valor a la infinitat d\u2019altres meravellosos. S\u00ed, viure \u00e9s un regal i, [&hellip;]<\/p>\n","protected":false},"author":1,"featured_media":28267,"comment_status":"open","ping_status":"open","sticky":false,"template":"","format":"standard","meta":{"_uag_custom_page_level_css":"","site-sidebar-layout":"default","site-content-layout":"","ast-site-content-layout":"default","site-content-style":"default","site-sidebar-style":"default","ast-global-header-display":"","ast-banner-title-visibility":"","ast-main-header-display":"","ast-hfb-above-header-display":"","ast-hfb-below-header-display":"","ast-hfb-mobile-header-display":"","site-post-title":"","ast-breadcrumbs-content":"","ast-featured-img":"disabled","footer-sml-layout":"","theme-transparent-header-meta":"","adv-header-id-meta":"","stick-header-meta":"","header-above-stick-meta":"","header-main-stick-meta":"","header-below-stick-meta":"","astra-migrate-meta-layouts":"default","ast-page-background-enabled":"default","ast-page-background-meta":{"desktop":{"background-color":"var(--ast-global-color-4)","background-image":"","background-repeat":"repeat","background-position":"center center","background-size":"auto","background-attachment":"scroll","background-type":"","background-media":"","overlay-type":"","overlay-color":"","overlay-opacity":"","overlay-gradient":""},"tablet":{"background-color":"","background-image":"","background-repeat":"repeat","background-position":"center center","background-size":"auto","background-attachment":"scroll","background-type":"","background-media":"","overlay-type":"","overlay-color":"","overlay-opacity":"","overlay-gradient":""},"mobile":{"background-color":"","background-image":"","background-repeat":"repeat","background-position":"center center","background-size":"auto","background-attachment":"scroll","background-type":"","background-media":"","overlay-type":"","overlay-color":"","overlay-opacity":"","overlay-gradient":""}},"ast-content-background-meta":{"desktop":{"background-color":"var(--ast-global-color-5)","background-image":"","background-repeat":"repeat","background-position":"center center","background-size":"auto","background-attachment":"scroll","background-type":"","background-media":"","overlay-type":"","overlay-color":"","overlay-opacity":"","overlay-gradient":""},"tablet":{"background-color":"var(--ast-global-color-5)","background-image":"","background-repeat":"repeat","background-position":"center center","background-size":"auto","background-attachment":"scroll","background-type":"","background-media":"","overlay-type":"","overlay-color":"","overlay-opacity":"","overlay-gradient":""},"mobile":{"background-color":"var(--ast-global-color-5)","background-image":"","background-repeat":"repeat","background-position":"center center","background-size":"auto","background-attachment":"scroll","background-type":"","background-media":"","overlay-type":"","overlay-color":"","overlay-opacity":"","overlay-gradient":""}},"footnotes":""},"categories":[57],"tags":[2702,2703,2704,2705,2150,2706],"class_list":["post-28262","post","type-post","status-publish","format-standard","has-post-thumbnail","hentry","category-mon-collegial","tag-100-anys","tag-aniversari","tag-celebracio","tag-centenari","tag-comissio-de-jubilats","tag-pere-quintana"],"yoast_head":"<!-- This site is optimized with the Yoast SEO plugin v22.4 - https:\/\/yoast.com\/wordpress\/plugins\/seo\/ -->\n<title>Per molts anys Pere Quintana. Feli\u00e7os 100!<\/title>\n<meta name=\"description\" content=\"Per molts anys Pere Quintana. Feli\u00e7os 100!\" \/>\n<meta name=\"robots\" content=\"index, follow, max-snippet:-1, max-image-preview:large, max-video-preview:-1\" \/>\n<link rel=\"canonical\" href=\"https:\/\/novaorg.cofb.net\/2017\/03\/01\/celebrem-els-100-anys-de-pere-quintana-col\u00b7legiat-emerit-moltes-felicitats\/\" \/>\n<meta property=\"og:locale\" content=\"ca_ES\" \/>\n<meta property=\"og:type\" content=\"article\" \/>\n<meta property=\"og:title\" content=\"Per molts anys Pere Quintana. Feli\u00e7os 100!\" \/>\n<meta property=\"og:description\" content=\"Per molts anys Pere Quintana. Feli\u00e7os 100!\" \/>\n<meta property=\"og:url\" content=\"https:\/\/novaorg.cofb.net\/2017\/03\/01\/celebrem-els-100-anys-de-pere-quintana-col\u00b7legiat-emerit-moltes-felicitats\/\" \/>\n<meta property=\"og:site_name\" content=\"Col\u00b7legi de Farmac\u00e8utics de Barcelona\" \/>\n<meta property=\"article:publisher\" content=\"https:\/\/www.facebook.com\/farmaceuticsbcn\/\" \/>\n<meta property=\"article:published_time\" content=\"2017-03-01T12:19:30+00:00\" \/>\n<meta name=\"author\" content=\"wpAdminCofbOrg\" \/>\n<meta name=\"twitter:card\" content=\"summary_large_image\" \/>\n<meta name=\"twitter:creator\" content=\"@farmaceuticsbcn\" \/>\n<meta name=\"twitter:site\" content=\"@farmaceuticsbcn\" \/>\n<meta name=\"twitter:label1\" content=\"Escrit per\" \/>\n\t<meta name=\"twitter:data1\" content=\"wpAdminCofbOrg\" \/>\n\t<meta name=\"twitter:label2\" content=\"Temps estimat de lectura\" \/>\n\t<meta name=\"twitter:data2\" content=\"2 minuts\" \/>\n<script type=\"application\/ld+json\" class=\"yoast-schema-graph\">{\"@context\":\"https:\/\/schema.org\",\"@graph\":[{\"@type\":\"Article\",\"@id\":\"https:\/\/novaorg.cofb.net\/2017\/03\/01\/celebrem-els-100-anys-de-pere-quintana-col%c2%b7legiat-emerit-moltes-felicitats\/#article\",\"isPartOf\":{\"@id\":\"https:\/\/novaorg.cofb.net\/2017\/03\/01\/celebrem-els-100-anys-de-pere-quintana-col%c2%b7legiat-emerit-moltes-felicitats\/\"},\"author\":{\"name\":\"wpAdminCofbOrg\",\"@id\":\"https:\/\/www.cofb.org\/#\/schema\/person\/22ed7eea88da74b0fa4d3154ad87ffcb\"},\"headline\":\"Celebrem els 100 anys de Pere Quintana, col\u00b7legiat em\u00e8rit. Moltes felicitats!\",\"datePublished\":\"2017-03-01T12:19:30+00:00\",\"dateModified\":\"2017-03-01T12:19:30+00:00\",\"mainEntityOfPage\":{\"@id\":\"https:\/\/novaorg.cofb.net\/2017\/03\/01\/celebrem-els-100-anys-de-pere-quintana-col%c2%b7legiat-emerit-moltes-felicitats\/\"},\"wordCount\":425,\"commentCount\":0,\"publisher\":{\"@id\":\"https:\/\/www.cofb.org\/#organization\"},\"image\":{\"@id\":\"https:\/\/novaorg.cofb.net\/2017\/03\/01\/celebrem-els-100-anys-de-pere-quintana-col%c2%b7legiat-emerit-moltes-felicitats\/#primaryimage\"},\"thumbnailUrl\":\"\",\"keywords\":[\"100 anys\",\"aniversari\",\"celebraci\u00f3\",\"centenari\",\"Comissi\u00f3 de Jubilats\",\"Pere Quintana\"],\"articleSection\":[\"M\u00f3n col\u00b7legial\"],\"inLanguage\":\"ca\",\"potentialAction\":[{\"@type\":\"CommentAction\",\"name\":\"Comment\",\"target\":[\"https:\/\/novaorg.cofb.net\/2017\/03\/01\/celebrem-els-100-anys-de-pere-quintana-col%c2%b7legiat-emerit-moltes-felicitats\/#respond\"]}]},{\"@type\":\"WebPage\",\"@id\":\"https:\/\/novaorg.cofb.net\/2017\/03\/01\/celebrem-els-100-anys-de-pere-quintana-col%c2%b7legiat-emerit-moltes-felicitats\/\",\"url\":\"https:\/\/novaorg.cofb.net\/2017\/03\/01\/celebrem-els-100-anys-de-pere-quintana-col%c2%b7legiat-emerit-moltes-felicitats\/\",\"name\":\"Per molts anys Pere Quintana. Feli\u00e7os 100!\",\"isPartOf\":{\"@id\":\"https:\/\/www.cofb.org\/#website\"},\"primaryImageOfPage\":{\"@id\":\"https:\/\/novaorg.cofb.net\/2017\/03\/01\/celebrem-els-100-anys-de-pere-quintana-col%c2%b7legiat-emerit-moltes-felicitats\/#primaryimage\"},\"image\":{\"@id\":\"https:\/\/novaorg.cofb.net\/2017\/03\/01\/celebrem-els-100-anys-de-pere-quintana-col%c2%b7legiat-emerit-moltes-felicitats\/#primaryimage\"},\"thumbnailUrl\":\"\",\"datePublished\":\"2017-03-01T12:19:30+00:00\",\"dateModified\":\"2017-03-01T12:19:30+00:00\",\"description\":\"Per molts anys Pere Quintana. Feli\u00e7os 100!\",\"breadcrumb\":{\"@id\":\"https:\/\/novaorg.cofb.net\/2017\/03\/01\/celebrem-els-100-anys-de-pere-quintana-col%c2%b7legiat-emerit-moltes-felicitats\/#breadcrumb\"},\"inLanguage\":\"ca\",\"potentialAction\":[{\"@type\":\"ReadAction\",\"target\":[\"https:\/\/novaorg.cofb.net\/2017\/03\/01\/celebrem-els-100-anys-de-pere-quintana-col%c2%b7legiat-emerit-moltes-felicitats\/\"]}]},{\"@type\":\"ImageObject\",\"inLanguage\":\"ca\",\"@id\":\"https:\/\/novaorg.cofb.net\/2017\/03\/01\/celebrem-els-100-anys-de-pere-quintana-col%c2%b7legiat-emerit-moltes-felicitats\/#primaryimage\",\"url\":\"\",\"contentUrl\":\"\"},{\"@type\":\"BreadcrumbList\",\"@id\":\"https:\/\/novaorg.cofb.net\/2017\/03\/01\/celebrem-els-100-anys-de-pere-quintana-col%c2%b7legiat-emerit-moltes-felicitats\/#breadcrumb\",\"itemListElement\":[{\"@type\":\"ListItem\",\"position\":1,\"name\":\"Inici\",\"item\":\"https:\/\/novaorg.cofb.net\/\"},{\"@type\":\"ListItem\",\"position\":2,\"name\":\"Celebrem els 100 anys de Pere Quintana, col\u00b7legiat em\u00e8rit. Moltes felicitats!\"}]},{\"@type\":\"WebSite\",\"@id\":\"https:\/\/www.cofb.org\/#website\",\"url\":\"https:\/\/www.cofb.org\/\",\"name\":\"Col\u00b7legi de Farmac\u00e8utics de Barcelona\",\"description\":\"\",\"publisher\":{\"@id\":\"https:\/\/www.cofb.org\/#organization\"},\"potentialAction\":[{\"@type\":\"SearchAction\",\"target\":{\"@type\":\"EntryPoint\",\"urlTemplate\":\"https:\/\/www.cofb.org\/?s={search_term_string}\"},\"query-input\":\"required name=search_term_string\"}],\"inLanguage\":\"ca\"},{\"@type\":\"Organization\",\"@id\":\"https:\/\/www.cofb.org\/#organization\",\"name\":\"Col\u00b7legi de Farmac\u00e8utics de Barcelona\",\"url\":\"https:\/\/www.cofb.org\/\",\"logo\":{\"@type\":\"ImageObject\",\"inLanguage\":\"ca\",\"@id\":\"https:\/\/www.cofb.org\/#\/schema\/logo\/image\/\",\"url\":\"https:\/\/www.cofb.org\/wp-content\/uploads\/2023\/11\/cropped-Logotip-COFB.png\",\"contentUrl\":\"https:\/\/www.cofb.org\/wp-content\/uploads\/2023\/11\/cropped-Logotip-COFB.png\",\"width\":500,\"height\":105,\"caption\":\"Col\u00b7legi de Farmac\u00e8utics de Barcelona\"},\"image\":{\"@id\":\"https:\/\/www.cofb.org\/#\/schema\/logo\/image\/\"},\"sameAs\":[\"https:\/\/www.facebook.com\/farmaceuticsbcn\/\",\"https:\/\/twitter.com\/farmaceuticsbcn\",\"https:\/\/www.instagram.com\/farmaceuticsbcn\/\",\"https:\/\/www.linkedin.com\/company\/farmaceuticsbcn\/\"]},{\"@type\":\"Person\",\"@id\":\"https:\/\/www.cofb.org\/#\/schema\/person\/22ed7eea88da74b0fa4d3154ad87ffcb\",\"name\":\"wpAdminCofbOrg\",\"image\":{\"@type\":\"ImageObject\",\"inLanguage\":\"ca\",\"@id\":\"https:\/\/www.cofb.org\/#\/schema\/person\/image\/\",\"url\":\"https:\/\/secure.gravatar.com\/avatar\/1721b20b3b8ca882c3b56ec6c978c594fff670e40c0718e9190eaeeb76aae7d8?s=96&d=mm&r=g\",\"contentUrl\":\"https:\/\/secure.gravatar.com\/avatar\/1721b20b3b8ca882c3b56ec6c978c594fff670e40c0718e9190eaeeb76aae7d8?s=96&d=mm&r=g\",\"caption\":\"wpAdminCofbOrg\"},\"sameAs\":[\"http:\/\/192.168.64.122\/wordpress\"],\"url\":\"https:\/\/www.cofb.org\/ca\/author\/wpadmincofborg\/\"}]}<\/script>\n<!-- \/ Yoast SEO plugin. -->","yoast_head_json":{"title":"Per molts anys Pere Quintana. Feli\u00e7os 100!","description":"Per molts anys Pere Quintana. Feli\u00e7os 100!","robots":{"index":"index","follow":"follow","max-snippet":"max-snippet:-1","max-image-preview":"max-image-preview:large","max-video-preview":"max-video-preview:-1"},"canonical":"https:\/\/novaorg.cofb.net\/2017\/03\/01\/celebrem-els-100-anys-de-pere-quintana-col\u00b7legiat-emerit-moltes-felicitats\/","og_locale":"ca_ES","og_type":"article","og_title":"Per molts anys Pere Quintana. Feli\u00e7os 100!","og_description":"Per molts anys Pere Quintana. Feli\u00e7os 100!","og_url":"https:\/\/novaorg.cofb.net\/2017\/03\/01\/celebrem-els-100-anys-de-pere-quintana-col\u00b7legiat-emerit-moltes-felicitats\/","og_site_name":"Col\u00b7legi de Farmac\u00e8utics de Barcelona","article_publisher":"https:\/\/www.facebook.com\/farmaceuticsbcn\/","article_published_time":"2017-03-01T12:19:30+00:00","author":"wpAdminCofbOrg","twitter_card":"summary_large_image","twitter_creator":"@farmaceuticsbcn","twitter_site":"@farmaceuticsbcn","twitter_misc":{"Escrit per":"wpAdminCofbOrg","Temps estimat de lectura":"2 minuts"},"schema":{"@context":"https:\/\/schema.org","@graph":[{"@type":"Article","@id":"https:\/\/novaorg.cofb.net\/2017\/03\/01\/celebrem-els-100-anys-de-pere-quintana-col%c2%b7legiat-emerit-moltes-felicitats\/#article","isPartOf":{"@id":"https:\/\/novaorg.cofb.net\/2017\/03\/01\/celebrem-els-100-anys-de-pere-quintana-col%c2%b7legiat-emerit-moltes-felicitats\/"},"author":{"name":"wpAdminCofbOrg","@id":"https:\/\/www.cofb.org\/#\/schema\/person\/22ed7eea88da74b0fa4d3154ad87ffcb"},"headline":"Celebrem els 100 anys de Pere Quintana, col\u00b7legiat em\u00e8rit. Moltes felicitats!","datePublished":"2017-03-01T12:19:30+00:00","dateModified":"2017-03-01T12:19:30+00:00","mainEntityOfPage":{"@id":"https:\/\/novaorg.cofb.net\/2017\/03\/01\/celebrem-els-100-anys-de-pere-quintana-col%c2%b7legiat-emerit-moltes-felicitats\/"},"wordCount":425,"commentCount":0,"publisher":{"@id":"https:\/\/www.cofb.org\/#organization"},"image":{"@id":"https:\/\/novaorg.cofb.net\/2017\/03\/01\/celebrem-els-100-anys-de-pere-quintana-col%c2%b7legiat-emerit-moltes-felicitats\/#primaryimage"},"thumbnailUrl":"","keywords":["100 anys","aniversari","celebraci\u00f3","centenari","Comissi\u00f3 de Jubilats","Pere Quintana"],"articleSection":["M\u00f3n col\u00b7legial"],"inLanguage":"ca","potentialAction":[{"@type":"CommentAction","name":"Comment","target":["https:\/\/novaorg.cofb.net\/2017\/03\/01\/celebrem-els-100-anys-de-pere-quintana-col%c2%b7legiat-emerit-moltes-felicitats\/#respond"]}]},{"@type":"WebPage","@id":"https:\/\/novaorg.cofb.net\/2017\/03\/01\/celebrem-els-100-anys-de-pere-quintana-col%c2%b7legiat-emerit-moltes-felicitats\/","url":"https:\/\/novaorg.cofb.net\/2017\/03\/01\/celebrem-els-100-anys-de-pere-quintana-col%c2%b7legiat-emerit-moltes-felicitats\/","name":"Per molts anys Pere Quintana. Feli\u00e7os 100!","isPartOf":{"@id":"https:\/\/www.cofb.org\/#website"},"primaryImageOfPage":{"@id":"https:\/\/novaorg.cofb.net\/2017\/03\/01\/celebrem-els-100-anys-de-pere-quintana-col%c2%b7legiat-emerit-moltes-felicitats\/#primaryimage"},"image":{"@id":"https:\/\/novaorg.cofb.net\/2017\/03\/01\/celebrem-els-100-anys-de-pere-quintana-col%c2%b7legiat-emerit-moltes-felicitats\/#primaryimage"},"thumbnailUrl":"","datePublished":"2017-03-01T12:19:30+00:00","dateModified":"2017-03-01T12:19:30+00:00","description":"Per molts anys Pere Quintana. Feli\u00e7os 100!","breadcrumb":{"@id":"https:\/\/novaorg.cofb.net\/2017\/03\/01\/celebrem-els-100-anys-de-pere-quintana-col%c2%b7legiat-emerit-moltes-felicitats\/#breadcrumb"},"inLanguage":"ca","potentialAction":[{"@type":"ReadAction","target":["https:\/\/novaorg.cofb.net\/2017\/03\/01\/celebrem-els-100-anys-de-pere-quintana-col%c2%b7legiat-emerit-moltes-felicitats\/"]}]},{"@type":"ImageObject","inLanguage":"ca","@id":"https:\/\/novaorg.cofb.net\/2017\/03\/01\/celebrem-els-100-anys-de-pere-quintana-col%c2%b7legiat-emerit-moltes-felicitats\/#primaryimage","url":"","contentUrl":""},{"@type":"BreadcrumbList","@id":"https:\/\/novaorg.cofb.net\/2017\/03\/01\/celebrem-els-100-anys-de-pere-quintana-col%c2%b7legiat-emerit-moltes-felicitats\/#breadcrumb","itemListElement":[{"@type":"ListItem","position":1,"name":"Inici","item":"https:\/\/novaorg.cofb.net\/"},{"@type":"ListItem","position":2,"name":"Celebrem els 100 anys de Pere Quintana, col\u00b7legiat em\u00e8rit. Moltes felicitats!"}]},{"@type":"WebSite","@id":"https:\/\/www.cofb.org\/#website","url":"https:\/\/www.cofb.org\/","name":"Col\u00b7legi de Farmac\u00e8utics de Barcelona","description":"","publisher":{"@id":"https:\/\/www.cofb.org\/#organization"},"potentialAction":[{"@type":"SearchAction","target":{"@type":"EntryPoint","urlTemplate":"https:\/\/www.cofb.org\/?s={search_term_string}"},"query-input":"required name=search_term_string"}],"inLanguage":"ca"},{"@type":"Organization","@id":"https:\/\/www.cofb.org\/#organization","name":"Col\u00b7legi de Farmac\u00e8utics de Barcelona","url":"https:\/\/www.cofb.org\/","logo":{"@type":"ImageObject","inLanguage":"ca","@id":"https:\/\/www.cofb.org\/#\/schema\/logo\/image\/","url":"https:\/\/www.cofb.org\/wp-content\/uploads\/2023\/11\/cropped-Logotip-COFB.png","contentUrl":"https:\/\/www.cofb.org\/wp-content\/uploads\/2023\/11\/cropped-Logotip-COFB.png","width":500,"height":105,"caption":"Col\u00b7legi de Farmac\u00e8utics de Barcelona"},"image":{"@id":"https:\/\/www.cofb.org\/#\/schema\/logo\/image\/"},"sameAs":["https:\/\/www.facebook.com\/farmaceuticsbcn\/","https:\/\/twitter.com\/farmaceuticsbcn","https:\/\/www.instagram.com\/farmaceuticsbcn\/","https:\/\/www.linkedin.com\/company\/farmaceuticsbcn\/"]},{"@type":"Person","@id":"https:\/\/www.cofb.org\/#\/schema\/person\/22ed7eea88da74b0fa4d3154ad87ffcb","name":"wpAdminCofbOrg","image":{"@type":"ImageObject","inLanguage":"ca","@id":"https:\/\/www.cofb.org\/#\/schema\/person\/image\/","url":"https:\/\/secure.gravatar.com\/avatar\/1721b20b3b8ca882c3b56ec6c978c594fff670e40c0718e9190eaeeb76aae7d8?s=96&d=mm&r=g","contentUrl":"https:\/\/secure.gravatar.com\/avatar\/1721b20b3b8ca882c3b56ec6c978c594fff670e40c0718e9190eaeeb76aae7d8?s=96&d=mm&r=g","caption":"wpAdminCofbOrg"},"sameAs":["http:\/\/192.168.64.122\/wordpress"],"url":"https:\/\/www.cofb.org\/ca\/author\/wpadmincofborg\/"}]}},"uagb_featured_image_src":{"full":false,"thumbnail":false,"medium":false,"medium_large":false,"large":false,"1536x1536":false,"2048x2048":false,"trp-custom-language-flag":false},"uagb_author_info":{"display_name":"wpAdminCofbOrg","author_link":"https:\/\/www.cofb.org\/ca\/author\/wpadmincofborg\/"},"uagb_comment_info":0,"uagb_excerpt":"L\u2019oportunitat de viure \u00e9s el regal m\u00e9s gran que ens proporciona la vida. Cert \u00e9s que en el transcurs dels anys s\u2019originen entrebancs que compliquen el dia a dia, per\u00f2, precisament, s\u00f3n aquests mals moments els que atribueixen valor a la infinitat d\u2019altres meravellosos. S\u00ed, viure \u00e9s un regal i, [&hellip;]","_links":{"self":[{"href":"https:\/\/www.cofb.org\/ca\/wp-json\/wp\/v2\/posts\/28262","targetHints":{"allow":["GET"]}}],"collection":[{"href":"https:\/\/www.cofb.org\/ca\/wp-json\/wp\/v2\/posts"}],"about":[{"href":"https:\/\/www.cofb.org\/ca\/wp-json\/wp\/v2\/types\/post"}],"author":[{"embeddable":true,"href":"https:\/\/www.cofb.org\/ca\/wp-json\/wp\/v2\/users\/1"}],"replies":[{"embeddable":true,"href":"https:\/\/www.cofb.org\/ca\/wp-json\/wp\/v2\/comments?post=28262"}],"version-history":[{"count":0,"href":"https:\/\/www.cofb.org\/ca\/wp-json\/wp\/v2\/posts\/28262\/revisions"}],"wp:featuredmedia":[{"embeddable":true,"href":"https:\/\/www.cofb.org\/ca\/wp-json\/"}],"wp:attachment":[{"href":"https:\/\/www.cofb.org\/ca\/wp-json\/wp\/v2\/media?parent=28262"}],"wp:term":[{"taxonomy":"category","embeddable":true,"href":"https:\/\/www.cofb.org\/ca\/wp-json\/wp\/v2\/categories?post=28262"},{"taxonomy":"post_tag","embeddable":true,"href":"https:\/\/www.cofb.org\/ca\/wp-json\/wp\/v2\/tags?post=28262"}],"curies":[{"name":"wp","href":"https:\/\/api.w.org\/{rel}","templated":true}]}}