{"id":28133,"date":"2017-03-02T14:20:33","date_gmt":"2017-03-02T13:20:33","guid":{"rendered":"http:\/\/blog.cofb.cat\/?p=28133"},"modified":"2017-03-02T14:20:33","modified_gmt":"2017-03-02T13:20:33","slug":"abordatge-de-lalcoholisme-des-de-la-farmacia-comunitaria","status":"publish","type":"post","link":"https:\/\/www.cofb.org\/ca\/2017\/03\/02\/abordatge-de-lalcoholisme-des-de-la-farmacia-comunitaria\/","title":{"rendered":"Abordatge de l\u2019alcoholisme des de la farm\u00e0cia comunit\u00e0ria"},"content":{"rendered":"<p>Quines conseq\u00fc\u00e8ncies t\u00e9 el mal \u00fas de l\u2019alcohol en la nostra societat? El COFB va organitzar una xerrada per con\u00e8ixer l&#8217;abordatge de l&#8217;alcoholisme des de la farm\u00e0cia comunit\u00e0ria, que va tenir lloc el 26 de gener. Es van donar a con\u00e8ixer els resultats de la <b>campanya europea &#8216;<a href=\"http:\/\/www.beveumenys.cat\/\">Beveu menys<\/a>&#8216;<\/b>, tractar experi\u00e8ncies cl\u00edniques en l&#8217;abordatge de l&#8217;alcoholisme i explicar l&#8217;hist\u00f2ric d&#8217;accions realitzades: potencialitats del cribratge, <strong>difusi\u00f3 de les Unitats de Beguda Est\u00e0ndard (UBEs: m\u00e9s informaci\u00f3 al <a href=\"http:\/\/drogues.gencat.cat\/ca\/ciutadania\/sobre_les_drogues\/veus_el_que_beus\/\">Canal de Drogues de la Generalitat<\/a>) i <a href=\"http:\/\/www.who.int\/substance_abuse\/activities\/en\/AUDITmanualSpanish.pdf?ua=1\">test AUDIT<\/a> <\/strong>de l\u2019Organitzaci\u00f3 Mundial de la Salut, aix\u00ed com la incid\u00e8ncia de l\u2019alcoholisme sobre col\u00b7lectius de risc. Tamb\u00e9 es van tractar les principals interaccions de l\u2019alcohol amb els medicaments, com dissenyar alarmes en el Programa de Gesti\u00f3 d&#8217;Oficina de Farm\u00e0cia (PGOF)\u00a0per apropar un consell sanitari \u00fatil i com derivar al Centre d&#8217;Atenci\u00f3 i Seguiment a les Drogodepend\u00e8ncies (CAS)\u00a0o al Centre d&#8217;Atenci\u00f3 Prim\u00e0ria (CAP).<\/p>\n<figure id=\"attachment_28138\" aria-describedby=\"caption-attachment-28138\" style=\"width: 637px\" class=\"wp-caption aligncenter\"><a href=\"http:\/\/blog.cofb.cat\/wp-content\/uploads\/2017\/02\/conferencia-abordatge-alcoholisme-COFB-2.jpg\"><img fetchpriority=\"high\" decoding=\"async\" class=\" wp-image-28138   \" alt=\"conferencia-abordatge-alcoholisme-COFB (2)\" src=\"http:\/\/blog.cofb.cat\/wp-content\/uploads\/2017\/02\/conferencia-abordatge-alcoholisme-COFB-2.jpg\" width=\"637\" height=\"337\" \/><\/a><figcaption id=\"caption-attachment-28138\" class=\"wp-caption-text\">D&#8217;esquerra a dreta: Lidia Segura (\u00d2rgan T\u00e8cnic de Drogodepend\u00e8ncies i Sida), Guillermo Bagaria (COFB), i Josep F\u00e0bregas (CAS Hospitalet)<\/figcaption><\/figure>\n<p><b><div class=\"box shadow\">Lidia Segura<\/b>, psic\u00f2loga cl\u00ednica de l\u2019\u00d2rgan T\u00e8cnic de Drogodepend\u00e8ncies i Sida, va donar una visi\u00f3 \u00e0mplia de la magnitud dels problemes que pot suscitar el consum desmesurat d&#8217;alcohol i l&#8217;impacte que t\u00e9 sobre la salut, la societat i l&#8217;economia del pa\u00eds. Igualment va explicar el <strong><a href=\"http:\/\/www.beveumenys.cat\/\" target=\"_blank\" rel=\"noopener\">programa &#8216;Beveu menys&#8217;<\/a> <\/strong>i de quina manera l&#8217;administraci\u00f3 desplega recursos per apropar el consell sanitari a la poblaci\u00f3, per cribrar i tractar l&#8217;alcoholisme. Al seu torn, <b>Joan F\u00e0bregas<\/b>, psiquiatre del CAS Sta. Eul\u00e0lia a L\u2019Hospitalet, va explicar la vesant cl\u00ednica, qu\u00e8 \u00e9s i com funciona un CAS, quin \u00e9s el perfil t\u00edpic d&#8217;un pacient amb problemes d&#8217;alcoholisme i quina complexitat t\u00e9 la seva gesti\u00f3.<\/p>\n[caption id=\"attachment_28137\" align=\"alignright\" width=\"298\"]<a href=\"http:\/\/blog.cofb.cat\/wp-content\/uploads\/2017\/02\/conferencia-abordatge-alcoholisme-COFB-1.jpg\"><img decoding=\"async\" class=\" wp-image-28137  \" alt=\"conferencia-abordatge-alcoholisme-COFB (1)\" src=\"http:\/\/blog.cofb.cat\/wp-content\/uploads\/2017\/02\/conferencia-abordatge-alcoholisme-COFB-1.jpg\" width=\"298\" height=\"199\" \/><\/a> GUillermo Bagaria, farmac\u00e8utic comunitari vicetresorer del COFB i coordinador de la sessi\u00f3[\/caption]\n<p><b>Guillermo Bagaria<\/b>, farmac\u00e8utic comunitari vicetresorer del COFB i responsable d\u2019Atenci\u00f3 Farmac\u00e8utica, va fer un rep\u00e0s de les accions dutes a terme en la farm\u00e0cia comunit\u00e0ria al respecte, tant en el nostre pa\u00eds com en d&#8217;altres i va llen\u00e7ar<strong> propostes d&#8217;intervenci\u00f3 farmac\u00e8utica com cribrar les interaccions de l&#8217;alcohol amb els medicaments, oferir intervencions breus a perfils especialment sensible<\/strong>s (dones embarassades o en per\u00edode de lact\u00e0ncia, alletament, adolescents, gent gran o especialment vulnerables i familiars dels mateixos) <strong>i un seguit de recursos digitals per facilitar la tasca de divulgaci\u00f3 i pedagogia del farmac\u00e8utic<\/strong>. Bagaria, que va presentar i coordinar la sessi\u00f3, explica que \u201ces va obrir la taula a la participaci\u00f3 del p\u00fablic assistent on hi va haver intervencions interessants; <strong>es va acordar que el COFB i l&#8217;ASPCAT valoraran la possibilitat de formar als farmac\u00e8utics en el marc del <a href=\"http:\/\/www.beveumenys.cat\/\">programa \u2018Beveu menys\u2019<\/a><\/strong>\u201d.<b><\/div><\/b><\/p>\n<p><span style=\"color: #888888;\"><strong>Al web del Programa &#8216;Beveu menys&#8217; podeu <a href=\"http:\/\/www.beveumenys.cat\/Noticies_Detall.aspx?nNoticiaId=480\" target=\"_blank\" rel=\"noopener\"><span style=\"color: #888888;\">veure el v\u00eddeo de la confer\u00e8ncia.<\/span><\/a><\/strong><\/span><\/p>\n<p><strong>M\u00e9s informaci\u00f3 d&#8217;inter\u00e8s:<\/strong><\/p>\n<ul>\n<li><a href=\"http:\/\/www.beveumenys.cat\/\" target=\"_blank\" rel=\"noopener\">Programa beveu menys<\/a><\/li>\n<li><a href=\"http:\/\/www.farmaceuticonline.com\/ca\/familia\/451-alcohol?showall=1\" target=\"_blank\" rel=\"noopener\">Alcohol <\/a>(via Farmaceuticonline, el nostre web de salut)<\/li>\n<li><a href=\"Alcohol\" target=\"_blank\" rel=\"noopener\">Alcohol<\/a> (via canal salut de la Generalitat)<\/li>\n<li><a href=\"http:\/\/www.who.int\/topics\/alcohol_drinking\/es\/\" target=\"_blank\" rel=\"noopener\">Consumo de bebidas alcoh\u00f3licas<\/a> (via WHO &#8211; Organitzaci\u00f3 Mundial de la Salut)<\/li>\n<\/ul>\n","protected":false},"excerpt":{"rendered":"<p>Quines conseq\u00fc\u00e8ncies t\u00e9 el mal \u00fas de l\u2019alcohol en la nostra societat? El COFB va organitzar una xerrada per con\u00e8ixer l&#8217;abordatge de l&#8217;alcoholisme des de la farm\u00e0cia comunit\u00e0ria, que va tenir lloc el 26 de gener. Es van donar a con\u00e8ixer els resultats de la campanya europea &#8216;Beveu menys&#8216;, tractar [&hellip;]<\/p>\n","protected":false},"author":1,"featured_media":28138,"comment_status":"open","ping_status":"open","sticky":false,"template":"","format":"standard","meta":{"_uag_custom_page_level_css":"","site-sidebar-layout":"default","site-content-layout":"","ast-site-content-layout":"default","site-content-style":"default","site-sidebar-style":"default","ast-global-header-display":"","ast-banner-title-visibility":"","ast-main-header-display":"","ast-hfb-above-header-display":"","ast-hfb-below-header-display":"","ast-hfb-mobile-header-display":"","site-post-title":"","ast-breadcrumbs-content":"","ast-featured-img":"disabled","footer-sml-layout":"","theme-transparent-header-meta":"","adv-header-id-meta":"","stick-header-meta":"","header-above-stick-meta":"","header-main-stick-meta":"","header-below-stick-meta":"","astra-migrate-meta-layouts":"default","ast-page-background-enabled":"default","ast-page-background-meta":{"desktop":{"background-color":"var(--ast-global-color-4)","background-image":"","background-repeat":"repeat","background-position":"center center","background-size":"auto","background-attachment":"scroll","background-type":"","background-media":"","overlay-type":"","overlay-color":"","overlay-opacity":"","overlay-gradient":""},"tablet":{"background-color":"","background-image":"","background-repeat":"repeat","background-position":"center center","background-size":"auto","background-attachment":"scroll","background-type":"","background-media":"","overlay-type":"","overlay-color":"","overlay-opacity":"","overlay-gradient":""},"mobile":{"background-color":"","background-image":"","background-repeat":"repeat","background-position":"center center","background-size":"auto","background-attachment":"scroll","background-type":"","background-media":"","overlay-type":"","overlay-color":"","overlay-opacity":"","overlay-gradient":""}},"ast-content-background-meta":{"desktop":{"background-color":"var(--ast-global-color-5)","background-image":"","background-repeat":"repeat","background-position":"center center","background-size":"auto","background-attachment":"scroll","background-type":"","background-media":"","overlay-type":"","overlay-color":"","overlay-opacity":"","overlay-gradient":""},"tablet":{"background-color":"var(--ast-global-color-5)","background-image":"","background-repeat":"repeat","background-position":"center center","background-size":"auto","background-attachment":"scroll","background-type":"","background-media":"","overlay-type":"","overlay-color":"","overlay-opacity":"","overlay-gradient":""},"mobile":{"background-color":"var(--ast-global-color-5)","background-image":"","background-repeat":"repeat","background-position":"center center","background-size":"auto","background-attachment":"scroll","background-type":"","background-media":"","overlay-type":"","overlay-color":"","overlay-opacity":"","overlay-gradient":""}},"footnotes":""},"categories":[57],"tags":[2695,2615,2388,64,2696,69],"class_list":["post-28133","post","type-post","status-publish","format-standard","has-post-thumbnail","hentry","category-mon-collegial","tag-abordatge-de-lalcoholisme","tag-alcohol","tag-alcoholisme","tag-atencio-farmaceutica","tag-beveu-menys","tag-farmacia-comunitaria"],"yoast_head":"<!-- This site is optimized with the Yoast SEO plugin v22.4 - https:\/\/yoast.com\/wordpress\/plugins\/seo\/ -->\n<title>Abordatge de l\u2019alcoholisme des de la farm\u00e0cia comunit\u00e0ria<\/title>\n<meta name=\"description\" content=\"Abordatge de l\u2019alcoholisme des de la farm\u00e0cia comunit\u00e0ria\" \/>\n<meta name=\"robots\" content=\"index, follow, max-snippet:-1, max-image-preview:large, max-video-preview:-1\" \/>\n<link rel=\"canonical\" href=\"https:\/\/novaorg.cofb.net\/2017\/03\/02\/abordatge-de-lalcoholisme-des-de-la-farmacia-comunitaria\/\" \/>\n<meta property=\"og:locale\" content=\"ca_ES\" \/>\n<meta property=\"og:type\" content=\"article\" \/>\n<meta property=\"og:title\" content=\"Abordatge de l\u2019alcoholisme des de la farm\u00e0cia comunit\u00e0ria\" \/>\n<meta property=\"og:description\" content=\"Abordatge de l\u2019alcoholisme des de la farm\u00e0cia comunit\u00e0ria\" \/>\n<meta property=\"og:url\" content=\"https:\/\/novaorg.cofb.net\/2017\/03\/02\/abordatge-de-lalcoholisme-des-de-la-farmacia-comunitaria\/\" \/>\n<meta property=\"og:site_name\" content=\"Col\u00b7legi de Farmac\u00e8utics de Barcelona\" \/>\n<meta property=\"article:publisher\" content=\"https:\/\/www.facebook.com\/farmaceuticsbcn\/\" \/>\n<meta property=\"article:published_time\" content=\"2017-03-02T13:20:33+00:00\" \/>\n<meta name=\"author\" content=\"wpAdminCofbOrg\" \/>\n<meta name=\"twitter:card\" content=\"summary_large_image\" \/>\n<meta name=\"twitter:creator\" content=\"@farmaceuticsbcn\" \/>\n<meta name=\"twitter:site\" content=\"@farmaceuticsbcn\" \/>\n<meta name=\"twitter:label1\" content=\"Escrit per\" \/>\n\t<meta name=\"twitter:data1\" content=\"wpAdminCofbOrg\" \/>\n\t<meta name=\"twitter:label2\" content=\"Temps estimat de lectura\" \/>\n\t<meta name=\"twitter:data2\" content=\"3 minuts\" \/>\n<script type=\"application\/ld+json\" class=\"yoast-schema-graph\">{\"@context\":\"https:\/\/schema.org\",\"@graph\":[{\"@type\":\"Article\",\"@id\":\"https:\/\/novaorg.cofb.net\/2017\/03\/02\/abordatge-de-lalcoholisme-des-de-la-farmacia-comunitaria\/#article\",\"isPartOf\":{\"@id\":\"https:\/\/novaorg.cofb.net\/2017\/03\/02\/abordatge-de-lalcoholisme-des-de-la-farmacia-comunitaria\/\"},\"author\":{\"name\":\"wpAdminCofbOrg\",\"@id\":\"https:\/\/www.cofb.org\/#\/schema\/person\/22ed7eea88da74b0fa4d3154ad87ffcb\"},\"headline\":\"Abordatge de l\u2019alcoholisme des de la farm\u00e0cia comunit\u00e0ria\",\"datePublished\":\"2017-03-02T13:20:33+00:00\",\"dateModified\":\"2017-03-02T13:20:33+00:00\",\"mainEntityOfPage\":{\"@id\":\"https:\/\/novaorg.cofb.net\/2017\/03\/02\/abordatge-de-lalcoholisme-des-de-la-farmacia-comunitaria\/\"},\"wordCount\":577,\"commentCount\":0,\"publisher\":{\"@id\":\"https:\/\/www.cofb.org\/#organization\"},\"image\":{\"@id\":\"https:\/\/novaorg.cofb.net\/2017\/03\/02\/abordatge-de-lalcoholisme-des-de-la-farmacia-comunitaria\/#primaryimage\"},\"thumbnailUrl\":\"\",\"keywords\":[\"abordatge de l'alcoholisme\",\"alcohol\",\"alcoholisme\",\"Atenci\u00f3 farmac\u00e8utica\",\"beveu menys\",\"farm\u00e0cia comunit\u00e0ria\"],\"articleSection\":[\"M\u00f3n col\u00b7legial\"],\"inLanguage\":\"ca\",\"potentialAction\":[{\"@type\":\"CommentAction\",\"name\":\"Comment\",\"target\":[\"https:\/\/novaorg.cofb.net\/2017\/03\/02\/abordatge-de-lalcoholisme-des-de-la-farmacia-comunitaria\/#respond\"]}]},{\"@type\":\"WebPage\",\"@id\":\"https:\/\/novaorg.cofb.net\/2017\/03\/02\/abordatge-de-lalcoholisme-des-de-la-farmacia-comunitaria\/\",\"url\":\"https:\/\/novaorg.cofb.net\/2017\/03\/02\/abordatge-de-lalcoholisme-des-de-la-farmacia-comunitaria\/\",\"name\":\"Abordatge de l\u2019alcoholisme des de la farm\u00e0cia comunit\u00e0ria\",\"isPartOf\":{\"@id\":\"https:\/\/www.cofb.org\/#website\"},\"primaryImageOfPage\":{\"@id\":\"https:\/\/novaorg.cofb.net\/2017\/03\/02\/abordatge-de-lalcoholisme-des-de-la-farmacia-comunitaria\/#primaryimage\"},\"image\":{\"@id\":\"https:\/\/novaorg.cofb.net\/2017\/03\/02\/abordatge-de-lalcoholisme-des-de-la-farmacia-comunitaria\/#primaryimage\"},\"thumbnailUrl\":\"\",\"datePublished\":\"2017-03-02T13:20:33+00:00\",\"dateModified\":\"2017-03-02T13:20:33+00:00\",\"description\":\"Abordatge de l\u2019alcoholisme des de la farm\u00e0cia comunit\u00e0ria\",\"breadcrumb\":{\"@id\":\"https:\/\/novaorg.cofb.net\/2017\/03\/02\/abordatge-de-lalcoholisme-des-de-la-farmacia-comunitaria\/#breadcrumb\"},\"inLanguage\":\"ca\",\"potentialAction\":[{\"@type\":\"ReadAction\",\"target\":[\"https:\/\/novaorg.cofb.net\/2017\/03\/02\/abordatge-de-lalcoholisme-des-de-la-farmacia-comunitaria\/\"]}]},{\"@type\":\"ImageObject\",\"inLanguage\":\"ca\",\"@id\":\"https:\/\/novaorg.cofb.net\/2017\/03\/02\/abordatge-de-lalcoholisme-des-de-la-farmacia-comunitaria\/#primaryimage\",\"url\":\"\",\"contentUrl\":\"\"},{\"@type\":\"BreadcrumbList\",\"@id\":\"https:\/\/novaorg.cofb.net\/2017\/03\/02\/abordatge-de-lalcoholisme-des-de-la-farmacia-comunitaria\/#breadcrumb\",\"itemListElement\":[{\"@type\":\"ListItem\",\"position\":1,\"name\":\"Inici\",\"item\":\"https:\/\/novaorg.cofb.net\/\"},{\"@type\":\"ListItem\",\"position\":2,\"name\":\"Abordatge de l\u2019alcoholisme des de la farm\u00e0cia comunit\u00e0ria\"}]},{\"@type\":\"WebSite\",\"@id\":\"https:\/\/www.cofb.org\/#website\",\"url\":\"https:\/\/www.cofb.org\/\",\"name\":\"Col\u00b7legi de Farmac\u00e8utics de Barcelona\",\"description\":\"\",\"publisher\":{\"@id\":\"https:\/\/www.cofb.org\/#organization\"},\"potentialAction\":[{\"@type\":\"SearchAction\",\"target\":{\"@type\":\"EntryPoint\",\"urlTemplate\":\"https:\/\/www.cofb.org\/?s={search_term_string}\"},\"query-input\":\"required name=search_term_string\"}],\"inLanguage\":\"ca\"},{\"@type\":\"Organization\",\"@id\":\"https:\/\/www.cofb.org\/#organization\",\"name\":\"Col\u00b7legi de Farmac\u00e8utics de Barcelona\",\"url\":\"https:\/\/www.cofb.org\/\",\"logo\":{\"@type\":\"ImageObject\",\"inLanguage\":\"ca\",\"@id\":\"https:\/\/www.cofb.org\/#\/schema\/logo\/image\/\",\"url\":\"https:\/\/www.cofb.org\/wp-content\/uploads\/2023\/11\/cropped-Logotip-COFB.png\",\"contentUrl\":\"https:\/\/www.cofb.org\/wp-content\/uploads\/2023\/11\/cropped-Logotip-COFB.png\",\"width\":500,\"height\":105,\"caption\":\"Col\u00b7legi de Farmac\u00e8utics de Barcelona\"},\"image\":{\"@id\":\"https:\/\/www.cofb.org\/#\/schema\/logo\/image\/\"},\"sameAs\":[\"https:\/\/www.facebook.com\/farmaceuticsbcn\/\",\"https:\/\/twitter.com\/farmaceuticsbcn\",\"https:\/\/www.instagram.com\/farmaceuticsbcn\/\",\"https:\/\/www.linkedin.com\/company\/farmaceuticsbcn\/\"]},{\"@type\":\"Person\",\"@id\":\"https:\/\/www.cofb.org\/#\/schema\/person\/22ed7eea88da74b0fa4d3154ad87ffcb\",\"name\":\"wpAdminCofbOrg\",\"image\":{\"@type\":\"ImageObject\",\"inLanguage\":\"ca\",\"@id\":\"https:\/\/www.cofb.org\/#\/schema\/person\/image\/\",\"url\":\"https:\/\/secure.gravatar.com\/avatar\/1721b20b3b8ca882c3b56ec6c978c594fff670e40c0718e9190eaeeb76aae7d8?s=96&d=mm&r=g\",\"contentUrl\":\"https:\/\/secure.gravatar.com\/avatar\/1721b20b3b8ca882c3b56ec6c978c594fff670e40c0718e9190eaeeb76aae7d8?s=96&d=mm&r=g\",\"caption\":\"wpAdminCofbOrg\"},\"sameAs\":[\"http:\/\/192.168.64.122\/wordpress\"],\"url\":\"https:\/\/www.cofb.org\/ca\/author\/wpadmincofborg\/\"}]}<\/script>\n<!-- \/ Yoast SEO plugin. -->","yoast_head_json":{"title":"Abordatge de l\u2019alcoholisme des de la farm\u00e0cia comunit\u00e0ria","description":"Abordatge de l\u2019alcoholisme des de la farm\u00e0cia comunit\u00e0ria","robots":{"index":"index","follow":"follow","max-snippet":"max-snippet:-1","max-image-preview":"max-image-preview:large","max-video-preview":"max-video-preview:-1"},"canonical":"https:\/\/novaorg.cofb.net\/2017\/03\/02\/abordatge-de-lalcoholisme-des-de-la-farmacia-comunitaria\/","og_locale":"ca_ES","og_type":"article","og_title":"Abordatge de l\u2019alcoholisme des de la farm\u00e0cia comunit\u00e0ria","og_description":"Abordatge de l\u2019alcoholisme des de la farm\u00e0cia comunit\u00e0ria","og_url":"https:\/\/novaorg.cofb.net\/2017\/03\/02\/abordatge-de-lalcoholisme-des-de-la-farmacia-comunitaria\/","og_site_name":"Col\u00b7legi de Farmac\u00e8utics de Barcelona","article_publisher":"https:\/\/www.facebook.com\/farmaceuticsbcn\/","article_published_time":"2017-03-02T13:20:33+00:00","author":"wpAdminCofbOrg","twitter_card":"summary_large_image","twitter_creator":"@farmaceuticsbcn","twitter_site":"@farmaceuticsbcn","twitter_misc":{"Escrit per":"wpAdminCofbOrg","Temps estimat de lectura":"3 minuts"},"schema":{"@context":"https:\/\/schema.org","@graph":[{"@type":"Article","@id":"https:\/\/novaorg.cofb.net\/2017\/03\/02\/abordatge-de-lalcoholisme-des-de-la-farmacia-comunitaria\/#article","isPartOf":{"@id":"https:\/\/novaorg.cofb.net\/2017\/03\/02\/abordatge-de-lalcoholisme-des-de-la-farmacia-comunitaria\/"},"author":{"name":"wpAdminCofbOrg","@id":"https:\/\/www.cofb.org\/#\/schema\/person\/22ed7eea88da74b0fa4d3154ad87ffcb"},"headline":"Abordatge de l\u2019alcoholisme des de la farm\u00e0cia comunit\u00e0ria","datePublished":"2017-03-02T13:20:33+00:00","dateModified":"2017-03-02T13:20:33+00:00","mainEntityOfPage":{"@id":"https:\/\/novaorg.cofb.net\/2017\/03\/02\/abordatge-de-lalcoholisme-des-de-la-farmacia-comunitaria\/"},"wordCount":577,"commentCount":0,"publisher":{"@id":"https:\/\/www.cofb.org\/#organization"},"image":{"@id":"https:\/\/novaorg.cofb.net\/2017\/03\/02\/abordatge-de-lalcoholisme-des-de-la-farmacia-comunitaria\/#primaryimage"},"thumbnailUrl":"","keywords":["abordatge de l'alcoholisme","alcohol","alcoholisme","Atenci\u00f3 farmac\u00e8utica","beveu menys","farm\u00e0cia comunit\u00e0ria"],"articleSection":["M\u00f3n col\u00b7legial"],"inLanguage":"ca","potentialAction":[{"@type":"CommentAction","name":"Comment","target":["https:\/\/novaorg.cofb.net\/2017\/03\/02\/abordatge-de-lalcoholisme-des-de-la-farmacia-comunitaria\/#respond"]}]},{"@type":"WebPage","@id":"https:\/\/novaorg.cofb.net\/2017\/03\/02\/abordatge-de-lalcoholisme-des-de-la-farmacia-comunitaria\/","url":"https:\/\/novaorg.cofb.net\/2017\/03\/02\/abordatge-de-lalcoholisme-des-de-la-farmacia-comunitaria\/","name":"Abordatge de l\u2019alcoholisme des de la farm\u00e0cia comunit\u00e0ria","isPartOf":{"@id":"https:\/\/www.cofb.org\/#website"},"primaryImageOfPage":{"@id":"https:\/\/novaorg.cofb.net\/2017\/03\/02\/abordatge-de-lalcoholisme-des-de-la-farmacia-comunitaria\/#primaryimage"},"image":{"@id":"https:\/\/novaorg.cofb.net\/2017\/03\/02\/abordatge-de-lalcoholisme-des-de-la-farmacia-comunitaria\/#primaryimage"},"thumbnailUrl":"","datePublished":"2017-03-02T13:20:33+00:00","dateModified":"2017-03-02T13:20:33+00:00","description":"Abordatge de l\u2019alcoholisme des de la farm\u00e0cia comunit\u00e0ria","breadcrumb":{"@id":"https:\/\/novaorg.cofb.net\/2017\/03\/02\/abordatge-de-lalcoholisme-des-de-la-farmacia-comunitaria\/#breadcrumb"},"inLanguage":"ca","potentialAction":[{"@type":"ReadAction","target":["https:\/\/novaorg.cofb.net\/2017\/03\/02\/abordatge-de-lalcoholisme-des-de-la-farmacia-comunitaria\/"]}]},{"@type":"ImageObject","inLanguage":"ca","@id":"https:\/\/novaorg.cofb.net\/2017\/03\/02\/abordatge-de-lalcoholisme-des-de-la-farmacia-comunitaria\/#primaryimage","url":"","contentUrl":""},{"@type":"BreadcrumbList","@id":"https:\/\/novaorg.cofb.net\/2017\/03\/02\/abordatge-de-lalcoholisme-des-de-la-farmacia-comunitaria\/#breadcrumb","itemListElement":[{"@type":"ListItem","position":1,"name":"Inici","item":"https:\/\/novaorg.cofb.net\/"},{"@type":"ListItem","position":2,"name":"Abordatge de l\u2019alcoholisme des de la farm\u00e0cia comunit\u00e0ria"}]},{"@type":"WebSite","@id":"https:\/\/www.cofb.org\/#website","url":"https:\/\/www.cofb.org\/","name":"Col\u00b7legi de Farmac\u00e8utics de Barcelona","description":"","publisher":{"@id":"https:\/\/www.cofb.org\/#organization"},"potentialAction":[{"@type":"SearchAction","target":{"@type":"EntryPoint","urlTemplate":"https:\/\/www.cofb.org\/?s={search_term_string}"},"query-input":"required name=search_term_string"}],"inLanguage":"ca"},{"@type":"Organization","@id":"https:\/\/www.cofb.org\/#organization","name":"Col\u00b7legi de Farmac\u00e8utics de Barcelona","url":"https:\/\/www.cofb.org\/","logo":{"@type":"ImageObject","inLanguage":"ca","@id":"https:\/\/www.cofb.org\/#\/schema\/logo\/image\/","url":"https:\/\/www.cofb.org\/wp-content\/uploads\/2023\/11\/cropped-Logotip-COFB.png","contentUrl":"https:\/\/www.cofb.org\/wp-content\/uploads\/2023\/11\/cropped-Logotip-COFB.png","width":500,"height":105,"caption":"Col\u00b7legi de Farmac\u00e8utics de Barcelona"},"image":{"@id":"https:\/\/www.cofb.org\/#\/schema\/logo\/image\/"},"sameAs":["https:\/\/www.facebook.com\/farmaceuticsbcn\/","https:\/\/twitter.com\/farmaceuticsbcn","https:\/\/www.instagram.com\/farmaceuticsbcn\/","https:\/\/www.linkedin.com\/company\/farmaceuticsbcn\/"]},{"@type":"Person","@id":"https:\/\/www.cofb.org\/#\/schema\/person\/22ed7eea88da74b0fa4d3154ad87ffcb","name":"wpAdminCofbOrg","image":{"@type":"ImageObject","inLanguage":"ca","@id":"https:\/\/www.cofb.org\/#\/schema\/person\/image\/","url":"https:\/\/secure.gravatar.com\/avatar\/1721b20b3b8ca882c3b56ec6c978c594fff670e40c0718e9190eaeeb76aae7d8?s=96&d=mm&r=g","contentUrl":"https:\/\/secure.gravatar.com\/avatar\/1721b20b3b8ca882c3b56ec6c978c594fff670e40c0718e9190eaeeb76aae7d8?s=96&d=mm&r=g","caption":"wpAdminCofbOrg"},"sameAs":["http:\/\/192.168.64.122\/wordpress"],"url":"https:\/\/www.cofb.org\/ca\/author\/wpadmincofborg\/"}]}},"uagb_featured_image_src":{"full":false,"thumbnail":false,"medium":false,"medium_large":false,"large":false,"1536x1536":false,"2048x2048":false,"trp-custom-language-flag":false},"uagb_author_info":{"display_name":"wpAdminCofbOrg","author_link":"https:\/\/www.cofb.org\/ca\/author\/wpadmincofborg\/"},"uagb_comment_info":0,"uagb_excerpt":"Quines conseq\u00fc\u00e8ncies t\u00e9 el mal \u00fas de l\u2019alcohol en la nostra societat? El COFB va organitzar una xerrada per con\u00e8ixer l&#8217;abordatge de l&#8217;alcoholisme des de la farm\u00e0cia comunit\u00e0ria, que va tenir lloc el 26 de gener. Es van donar a con\u00e8ixer els resultats de la campanya europea &#8216;Beveu menys&#8216;, tractar [&hellip;]","_links":{"self":[{"href":"https:\/\/www.cofb.org\/ca\/wp-json\/wp\/v2\/posts\/28133","targetHints":{"allow":["GET"]}}],"collection":[{"href":"https:\/\/www.cofb.org\/ca\/wp-json\/wp\/v2\/posts"}],"about":[{"href":"https:\/\/www.cofb.org\/ca\/wp-json\/wp\/v2\/types\/post"}],"author":[{"embeddable":true,"href":"https:\/\/www.cofb.org\/ca\/wp-json\/wp\/v2\/users\/1"}],"replies":[{"embeddable":true,"href":"https:\/\/www.cofb.org\/ca\/wp-json\/wp\/v2\/comments?post=28133"}],"version-history":[{"count":0,"href":"https:\/\/www.cofb.org\/ca\/wp-json\/wp\/v2\/posts\/28133\/revisions"}],"wp:featuredmedia":[{"embeddable":true,"href":"https:\/\/www.cofb.org\/ca\/wp-json\/"}],"wp:attachment":[{"href":"https:\/\/www.cofb.org\/ca\/wp-json\/wp\/v2\/media?parent=28133"}],"wp:term":[{"taxonomy":"category","embeddable":true,"href":"https:\/\/www.cofb.org\/ca\/wp-json\/wp\/v2\/categories?post=28133"},{"taxonomy":"post_tag","embeddable":true,"href":"https:\/\/www.cofb.org\/ca\/wp-json\/wp\/v2\/tags?post=28133"}],"curies":[{"name":"wp","href":"https:\/\/api.w.org\/{rel}","templated":true}]}}