{"id":27730,"date":"2017-02-01T14:19:24","date_gmt":"2017-02-01T13:19:24","guid":{"rendered":"http:\/\/blog.cofb.cat\/?p=27730"},"modified":"2017-02-01T14:19:24","modified_gmt":"2017-02-01T13:19:24","slug":"infarma-barcelona-pre-programa-conferencia-inaugural","status":"publish","type":"post","link":"https:\/\/www.cofb.org\/ca\/2017\/02\/01\/infarma-barcelona-pre-programa-conferencia-inaugural\/","title":{"rendered":"Infarma Barcelona: pre-programa i confer\u00e8ncia inaugural"},"content":{"rendered":"<p style=\"text-align: left;\" align=\"center\"><b><a href=\"http:\/\/blog.cofb.cat\/wp-content\/uploads\/2016\/09\/Cartell-Infarma-2017.jpg\"><img fetchpriority=\"high\" decoding=\"async\" class=\" wp-image-24250 alignright\" alt=\"Cartell Infarma 2017\" src=\"http:\/\/blog.cofb.cat\/wp-content\/uploads\/2016\/09\/Cartell-Infarma-2017-714x1024.jpg\" width=\"260\" height=\"373\" \/><\/a>M\u00e9s de 50 taules de debat i aules d\u2019actualitat professional ja s\u2019han programat, fins al moment, en el marc d\u2019Infarma Barcelona 2017.<\/b> Tots ells es poden consultar al <b><a href=\"http:\/\/www.infarma.es\/documents\/1069722\/1b2cd770-c691-4028-ac10-1d181039bfe8\" target=\"_blank\" rel=\"noopener\">pre-programa<\/a> disponible al web d\u2019aquest Congr\u00e9s i Sal\u00f3 Europeu d\u2019Oficina de Farm\u00e0cia <\/b>que, organitzat pels Col\u00b7legis de Farmac\u00e8utics de Barcelona i Madrid, en col\u00b7laboraci\u00f3 amb Interalia, tindr\u00e0 lloc <b>entre el 21 i 23 de mar\u00e7 al recinte Gran Via de Fira Barcelona <\/b>sota el <b>lema \u201cValor per a la farm\u00e0cia. Valor per al pacient\u201d.<\/b><\/p>\n<p><b>Globalitzaci\u00f3 de la salut i malalties emergents, tema de la confer\u00e8ncia inaugural<\/b><\/p>\n<p>Un dels actes centrals ser\u00e0 la <b>confer\u00e8ncia inaugural<\/b> <b>\u201cGlobalitzaci\u00f3 de la salut i malalties emergents\u201d. <\/b>De la m\u00e0 d\u2019<b>Antoni Trilla, <\/b>director de Qualitat i Seguretat Assistencial de l\u2019Hospital Cl\u00ednic de Barcelona, es parlar\u00e0 d\u2019aspectes com quines s\u00f3n les malalties emergents m\u00e9s destacades i com s\u2019interrelacionen amb la globalitzaci\u00f3, quins s\u00f3n els principals aven\u00e7os en el tractament i quin paper pot jugar el farmac\u00e8utic en la gesti\u00f3 d\u2019aquestes malalties.<\/p>\n<p><b>\u201c\u00c9s important parlar de malalties emergents a un Congr\u00e9s com Infarma perqu\u00e8 els farmac\u00e8utics, com a professionals sanitaris que estan a peu de carrer, han d\u2019estar ben informats per orientar el ciutad\u00e0, tranquil\u00b7litzar-lo en cas que sigui necessari i saber-lo derivar si precisa un altre tipus d\u2019atenci\u00f3 sanit\u00e0ria\u201d<\/b>, explica el doctor Trilla. <b>\u201cEl paper del farmac\u00e8utic \u00e9s essencial en el conjunt del sistema sanitari per ajudar a gestionar de la millor forma possible una situaci\u00f3 d\u2019emerg\u00e8ncia sanit\u00e0ria deguda a qualsevol nova malaltia\u201d,<\/b> afegeix.<\/p>\n<p><b><div class=\"box shadow\">El Programa es renova amb diferents formats <\/b><\/p>\n<p>A trav\u00e9s dels suggeriments i opinions dels assistents d\u2019anteriors edicions, per al 2017 s\u2019ha dissenyat un programa amb l\u2019objectiu de <b>fer d\u2019Infarma un punt de trobada m\u00e9s actiu i participatiu. <\/b>En aquesta l\u00ednia, <b>una de les novetats que presenta el Congr\u00e9s \u00e9s la posada en marxa de les Aules d\u2019Actualitat Professional <\/b>\u2013nou nom que s\u2019ha donat a les antigues Aules Actives-<b>,<\/b> en les quals es duran a terme confer\u00e8ncies sobre temes relacionats amb <b>tres itineraris: desenvolupament de la farm\u00e0cia comunit\u00e0ria, farm\u00e0cia assistencial i gesti\u00f3.<\/b><\/p>\n<p>A aquests actes es sumaran les <b>Taules de Debat,<\/b> exclusives per a congressistes, que permetran <b>reflexionar i intercanviar punts de vista sobre temes d\u2019actualitat <\/b>com els medicaments hospitalaris de dispensaci\u00f3 ambulat\u00f2ria, la vacunaci\u00f3 a la farm\u00e0cia comunit\u00e0ria i\u00a0 la situaci\u00f3 de la formulaci\u00f3 magistral. A m\u00e9s, <b>amb l\u2019aplicaci\u00f3 m\u00f2bil d\u2019Infarma es podr\u00e0 interactuar amb algunes de les taules amb l\u2019objectiu de fer-les m\u00e9s participatives i enriquidores.<\/b><\/p>\n<p>El tercer format que contempla el programa s\u00f3n les <b>ExpoNews<\/b>. A aquest espai, que s\u2019ubicar\u00e0 a al Hall d\u2019acc\u00e9s a la zona d\u2019<i>stands<\/i>, <b>els expositors podran presentar durant una hora els seus productes, serveis o nous llan\u00e7aments en l\u2019entorn de la mostra, contribuint a qu\u00e8 la part comercial i la congressual es complementin. <b><\/div><\/b><\/b><\/p>\n<p><b>19 de febrer, \u00faltim dia per presentar els <i>abstracts<\/i> dels p\u00f2sters cient\u00edfics <\/b><\/p>\n<p>El proper <b>19 de febrer finalitza el termini per presentar els p\u00f2sters cient\u00edfics, les bases de participaci\u00f3 dels quals es poden consultar al <a href=\"http:\/\/www.infarma.es\/web\/infarma-2017\/normativa-posteres-cientificos\" target=\"_blank\" rel=\"noopener\">web d\u2019Infarma<\/a>. <\/b>Un cop el Comit\u00e8 Cient\u00edfic hagi seleccionat quins treballs han estat acceptats, <b>s\u2019escolliran els m\u00e9s destacats perqu\u00e8 siguin defensats oralment en una sessi\u00f3 p\u00fablica<\/b> que tindr\u00e0 lloc durant el Congr\u00e9s i <b>es premiaran els tres millors amb una dotaci\u00f3 econ\u00f2mica de 2.000\u20ac i dues de 1.000\u20ac.\u00a0<\/b><\/p>\n<p><span style=\"color: #888888;\"><strong>Nota de premsa enviada als mitjans de comunicaci\u00f3 (tamb\u00e9 la podeu consultar a la <a href=\"http:\/\/www.cofb.org\/web\/guest\/Noticia\/-\/journal_content\/56_INSTANCE_V6ao\/10136\/964928\" target=\"_blank\" rel=\"noopener\">Sala de Premsa<\/a> del web institucional).<\/strong><\/span><\/p>\n","protected":false},"excerpt":{"rendered":"<p>M\u00e9s de 50 taules de debat i aules d\u2019actualitat professional ja s\u2019han programat, fins al moment, en el marc d\u2019Infarma Barcelona 2017. Tots ells es poden consultar al pre-programa disponible al web d\u2019aquest Congr\u00e9s i Sal\u00f3 Europeu d\u2019Oficina de Farm\u00e0cia que, organitzat pels Col\u00b7legis de Farmac\u00e8utics de Barcelona i Madrid, [&hellip;]<\/p>\n","protected":false},"author":1,"featured_media":24251,"comment_status":"open","ping_status":"open","sticky":false,"template":"","format":"standard","meta":{"_uag_custom_page_level_css":"","site-sidebar-layout":"default","site-content-layout":"","ast-site-content-layout":"default","site-content-style":"default","site-sidebar-style":"default","ast-global-header-display":"","ast-banner-title-visibility":"","ast-main-header-display":"","ast-hfb-above-header-display":"","ast-hfb-below-header-display":"","ast-hfb-mobile-header-display":"","site-post-title":"","ast-breadcrumbs-content":"","ast-featured-img":"disabled","footer-sml-layout":"","theme-transparent-header-meta":"","adv-header-id-meta":"","stick-header-meta":"","header-above-stick-meta":"","header-main-stick-meta":"","header-below-stick-meta":"","astra-migrate-meta-layouts":"default","ast-page-background-enabled":"default","ast-page-background-meta":{"desktop":{"background-color":"var(--ast-global-color-4)","background-image":"","background-repeat":"repeat","background-position":"center center","background-size":"auto","background-attachment":"scroll","background-type":"","background-media":"","overlay-type":"","overlay-color":"","overlay-opacity":"","overlay-gradient":""},"tablet":{"background-color":"","background-image":"","background-repeat":"repeat","background-position":"center center","background-size":"auto","background-attachment":"scroll","background-type":"","background-media":"","overlay-type":"","overlay-color":"","overlay-opacity":"","overlay-gradient":""},"mobile":{"background-color":"","background-image":"","background-repeat":"repeat","background-position":"center center","background-size":"auto","background-attachment":"scroll","background-type":"","background-media":"","overlay-type":"","overlay-color":"","overlay-opacity":"","overlay-gradient":""}},"ast-content-background-meta":{"desktop":{"background-color":"var(--ast-global-color-5)","background-image":"","background-repeat":"repeat","background-position":"center center","background-size":"auto","background-attachment":"scroll","background-type":"","background-media":"","overlay-type":"","overlay-color":"","overlay-opacity":"","overlay-gradient":""},"tablet":{"background-color":"var(--ast-global-color-5)","background-image":"","background-repeat":"repeat","background-position":"center center","background-size":"auto","background-attachment":"scroll","background-type":"","background-media":"","overlay-type":"","overlay-color":"","overlay-opacity":"","overlay-gradient":""},"mobile":{"background-color":"var(--ast-global-color-5)","background-image":"","background-repeat":"repeat","background-position":"center center","background-size":"auto","background-attachment":"scroll","background-type":"","background-media":"","overlay-type":"","overlay-color":"","overlay-opacity":"","overlay-gradient":""}},"footnotes":""},"categories":[2165],"tags":[2657,2658,185,111,2574,68,28,2491,116,2659],"class_list":["post-27730","post","type-post","status-publish","format-standard","has-post-thumbnail","hentry","category-infarma","tag-antoni-trilla","tag-aules-dactualitat-professional","tag-conferencia-inaugural","tag-congres","tag-exponews","tag-farmacia","tag-infarma","tag-infarma-barcelona-2017","tag-posters-cientifics","tag-taules-de-debat"],"yoast_head":"<!-- This site is optimized with the Yoast SEO plugin v22.4 - https:\/\/yoast.com\/wordpress\/plugins\/seo\/ -->\n<title>Infarma Barcelona: pre-programa i confer\u00e8ncia inaugural<\/title>\n<meta name=\"description\" content=\"Infarma Barcelona: pre-programa i confer\u00e8ncia inaugural.\" \/>\n<meta name=\"robots\" content=\"index, follow, max-snippet:-1, max-image-preview:large, max-video-preview:-1\" \/>\n<link rel=\"canonical\" href=\"https:\/\/www.cofb.org\/ca\/2017\/02\/01\/infarma-barcelona-pre-programa-conferencia-inaugural\/\" \/>\n<meta property=\"og:locale\" content=\"ca_ES\" \/>\n<meta property=\"og:type\" content=\"article\" \/>\n<meta property=\"og:title\" content=\"Infarma Barcelona: pre-programa i confer\u00e8ncia inaugural\" \/>\n<meta property=\"og:description\" content=\"Infarma Barcelona: pre-programa i confer\u00e8ncia inaugural.\" \/>\n<meta property=\"og:url\" content=\"https:\/\/www.cofb.org\/ca\/2017\/02\/01\/infarma-barcelona-pre-programa-conferencia-inaugural\/\" \/>\n<meta property=\"og:site_name\" content=\"Col\u00b7legi de Farmac\u00e8utics de Barcelona\" \/>\n<meta property=\"article:publisher\" content=\"https:\/\/www.facebook.com\/farmaceuticsbcn\/\" \/>\n<meta property=\"article:published_time\" content=\"2017-02-01T13:19:24+00:00\" \/>\n<meta name=\"author\" content=\"wpAdminCofbOrg\" \/>\n<meta name=\"twitter:card\" content=\"summary_large_image\" \/>\n<meta name=\"twitter:creator\" content=\"@farmaceuticsbcn\" \/>\n<meta name=\"twitter:site\" content=\"@farmaceuticsbcn\" \/>\n<meta name=\"twitter:label1\" content=\"Escrit per\" \/>\n\t<meta name=\"twitter:data1\" content=\"wpAdminCofbOrg\" \/>\n\t<meta name=\"twitter:label2\" content=\"Temps estimat de lectura\" \/>\n\t<meta name=\"twitter:data2\" content=\"3 minuts\" \/>\n<script type=\"application\/ld+json\" class=\"yoast-schema-graph\">{\"@context\":\"https:\/\/schema.org\",\"@graph\":[{\"@type\":\"Article\",\"@id\":\"https:\/\/www.cofb.org\/2017\/02\/01\/infarma-barcelona-pre-programa-conferencia-inaugural\/#article\",\"isPartOf\":{\"@id\":\"https:\/\/www.cofb.org\/2017\/02\/01\/infarma-barcelona-pre-programa-conferencia-inaugural\/\"},\"author\":{\"name\":\"wpAdminCofbOrg\",\"@id\":\"https:\/\/www.cofb.org\/#\/schema\/person\/22ed7eea88da74b0fa4d3154ad87ffcb\"},\"headline\":\"Infarma Barcelona: pre-programa i confer\u00e8ncia inaugural\",\"datePublished\":\"2017-02-01T13:19:24+00:00\",\"dateModified\":\"2017-02-01T13:19:24+00:00\",\"mainEntityOfPage\":{\"@id\":\"https:\/\/www.cofb.org\/2017\/02\/01\/infarma-barcelona-pre-programa-conferencia-inaugural\/\"},\"wordCount\":637,\"commentCount\":0,\"publisher\":{\"@id\":\"https:\/\/www.cofb.org\/#organization\"},\"image\":{\"@id\":\"https:\/\/www.cofb.org\/2017\/02\/01\/infarma-barcelona-pre-programa-conferencia-inaugural\/#primaryimage\"},\"thumbnailUrl\":\"\",\"keywords\":[\"Antoni Trilla\",\"Aules d'Actualitat Professional\",\"confer\u00e8ncia inaugural\",\"Congr\u00e8s\",\"ExpoNews\",\"Farm\u00e0cia\",\"Infarma\",\"Infarma Barcelona 2017\",\"p\u00f2sters cient\u00edfics\",\"Taules de Debat\"],\"articleSection\":[\"Infarma\"],\"inLanguage\":\"ca\",\"potentialAction\":[{\"@type\":\"CommentAction\",\"name\":\"Comment\",\"target\":[\"https:\/\/www.cofb.org\/2017\/02\/01\/infarma-barcelona-pre-programa-conferencia-inaugural\/#respond\"]}]},{\"@type\":\"WebPage\",\"@id\":\"https:\/\/www.cofb.org\/2017\/02\/01\/infarma-barcelona-pre-programa-conferencia-inaugural\/\",\"url\":\"https:\/\/www.cofb.org\/2017\/02\/01\/infarma-barcelona-pre-programa-conferencia-inaugural\/\",\"name\":\"Infarma Barcelona: pre-programa i confer\u00e8ncia inaugural\",\"isPartOf\":{\"@id\":\"https:\/\/www.cofb.org\/#website\"},\"primaryImageOfPage\":{\"@id\":\"https:\/\/www.cofb.org\/2017\/02\/01\/infarma-barcelona-pre-programa-conferencia-inaugural\/#primaryimage\"},\"image\":{\"@id\":\"https:\/\/www.cofb.org\/2017\/02\/01\/infarma-barcelona-pre-programa-conferencia-inaugural\/#primaryimage\"},\"thumbnailUrl\":\"\",\"datePublished\":\"2017-02-01T13:19:24+00:00\",\"dateModified\":\"2017-02-01T13:19:24+00:00\",\"description\":\"Infarma Barcelona: pre-programa i confer\u00e8ncia inaugural.\",\"breadcrumb\":{\"@id\":\"https:\/\/www.cofb.org\/2017\/02\/01\/infarma-barcelona-pre-programa-conferencia-inaugural\/#breadcrumb\"},\"inLanguage\":\"ca\",\"potentialAction\":[{\"@type\":\"ReadAction\",\"target\":[\"https:\/\/www.cofb.org\/2017\/02\/01\/infarma-barcelona-pre-programa-conferencia-inaugural\/\"]}]},{\"@type\":\"ImageObject\",\"inLanguage\":\"ca\",\"@id\":\"https:\/\/www.cofb.org\/2017\/02\/01\/infarma-barcelona-pre-programa-conferencia-inaugural\/#primaryimage\",\"url\":\"\",\"contentUrl\":\"\"},{\"@type\":\"BreadcrumbList\",\"@id\":\"https:\/\/www.cofb.org\/2017\/02\/01\/infarma-barcelona-pre-programa-conferencia-inaugural\/#breadcrumb\",\"itemListElement\":[{\"@type\":\"ListItem\",\"position\":1,\"name\":\"Inici\",\"item\":\"https:\/\/novaorg.cofb.net\/\"},{\"@type\":\"ListItem\",\"position\":2,\"name\":\"Infarma Barcelona: pre-programa i confer\u00e8ncia inaugural\"}]},{\"@type\":\"WebSite\",\"@id\":\"https:\/\/www.cofb.org\/#website\",\"url\":\"https:\/\/www.cofb.org\/\",\"name\":\"Col\u00b7legi de Farmac\u00e8utics de Barcelona\",\"description\":\"\",\"publisher\":{\"@id\":\"https:\/\/www.cofb.org\/#organization\"},\"potentialAction\":[{\"@type\":\"SearchAction\",\"target\":{\"@type\":\"EntryPoint\",\"urlTemplate\":\"https:\/\/www.cofb.org\/?s={search_term_string}\"},\"query-input\":\"required name=search_term_string\"}],\"inLanguage\":\"ca\"},{\"@type\":\"Organization\",\"@id\":\"https:\/\/www.cofb.org\/#organization\",\"name\":\"Col\u00b7legi de Farmac\u00e8utics de Barcelona\",\"url\":\"https:\/\/www.cofb.org\/\",\"logo\":{\"@type\":\"ImageObject\",\"inLanguage\":\"ca\",\"@id\":\"https:\/\/www.cofb.org\/#\/schema\/logo\/image\/\",\"url\":\"https:\/\/www.cofb.org\/wp-content\/uploads\/2023\/11\/cropped-Logotip-COFB.png\",\"contentUrl\":\"https:\/\/www.cofb.org\/wp-content\/uploads\/2023\/11\/cropped-Logotip-COFB.png\",\"width\":500,\"height\":105,\"caption\":\"Col\u00b7legi de Farmac\u00e8utics de Barcelona\"},\"image\":{\"@id\":\"https:\/\/www.cofb.org\/#\/schema\/logo\/image\/\"},\"sameAs\":[\"https:\/\/www.facebook.com\/farmaceuticsbcn\/\",\"https:\/\/twitter.com\/farmaceuticsbcn\",\"https:\/\/www.instagram.com\/farmaceuticsbcn\/\",\"https:\/\/www.linkedin.com\/company\/farmaceuticsbcn\/\"]},{\"@type\":\"Person\",\"@id\":\"https:\/\/www.cofb.org\/#\/schema\/person\/22ed7eea88da74b0fa4d3154ad87ffcb\",\"name\":\"wpAdminCofbOrg\",\"image\":{\"@type\":\"ImageObject\",\"inLanguage\":\"ca\",\"@id\":\"https:\/\/www.cofb.org\/#\/schema\/person\/image\/\",\"url\":\"https:\/\/secure.gravatar.com\/avatar\/1721b20b3b8ca882c3b56ec6c978c594fff670e40c0718e9190eaeeb76aae7d8?s=96&d=mm&r=g\",\"contentUrl\":\"https:\/\/secure.gravatar.com\/avatar\/1721b20b3b8ca882c3b56ec6c978c594fff670e40c0718e9190eaeeb76aae7d8?s=96&d=mm&r=g\",\"caption\":\"wpAdminCofbOrg\"},\"sameAs\":[\"http:\/\/192.168.64.122\/wordpress\"],\"url\":\"https:\/\/www.cofb.org\/ca\/author\/wpadmincofborg\/\"}]}<\/script>\n<!-- \/ Yoast SEO plugin. -->","yoast_head_json":{"title":"Infarma Barcelona: pre-programa i confer\u00e8ncia inaugural","description":"Infarma Barcelona: pre-programa i confer\u00e8ncia inaugural.","robots":{"index":"index","follow":"follow","max-snippet":"max-snippet:-1","max-image-preview":"max-image-preview:large","max-video-preview":"max-video-preview:-1"},"canonical":"https:\/\/www.cofb.org\/ca\/2017\/02\/01\/infarma-barcelona-pre-programa-conferencia-inaugural\/","og_locale":"ca_ES","og_type":"article","og_title":"Infarma Barcelona: pre-programa i confer\u00e8ncia inaugural","og_description":"Infarma Barcelona: pre-programa i confer\u00e8ncia inaugural.","og_url":"https:\/\/www.cofb.org\/ca\/2017\/02\/01\/infarma-barcelona-pre-programa-conferencia-inaugural\/","og_site_name":"Col\u00b7legi de Farmac\u00e8utics de Barcelona","article_publisher":"https:\/\/www.facebook.com\/farmaceuticsbcn\/","article_published_time":"2017-02-01T13:19:24+00:00","author":"wpAdminCofbOrg","twitter_card":"summary_large_image","twitter_creator":"@farmaceuticsbcn","twitter_site":"@farmaceuticsbcn","twitter_misc":{"Escrit per":"wpAdminCofbOrg","Temps estimat de lectura":"3 minuts"},"schema":{"@context":"https:\/\/schema.org","@graph":[{"@type":"Article","@id":"https:\/\/www.cofb.org\/2017\/02\/01\/infarma-barcelona-pre-programa-conferencia-inaugural\/#article","isPartOf":{"@id":"https:\/\/www.cofb.org\/2017\/02\/01\/infarma-barcelona-pre-programa-conferencia-inaugural\/"},"author":{"name":"wpAdminCofbOrg","@id":"https:\/\/www.cofb.org\/#\/schema\/person\/22ed7eea88da74b0fa4d3154ad87ffcb"},"headline":"Infarma Barcelona: pre-programa i confer\u00e8ncia inaugural","datePublished":"2017-02-01T13:19:24+00:00","dateModified":"2017-02-01T13:19:24+00:00","mainEntityOfPage":{"@id":"https:\/\/www.cofb.org\/2017\/02\/01\/infarma-barcelona-pre-programa-conferencia-inaugural\/"},"wordCount":637,"commentCount":0,"publisher":{"@id":"https:\/\/www.cofb.org\/#organization"},"image":{"@id":"https:\/\/www.cofb.org\/2017\/02\/01\/infarma-barcelona-pre-programa-conferencia-inaugural\/#primaryimage"},"thumbnailUrl":"","keywords":["Antoni Trilla","Aules d'Actualitat Professional","confer\u00e8ncia inaugural","Congr\u00e8s","ExpoNews","Farm\u00e0cia","Infarma","Infarma Barcelona 2017","p\u00f2sters cient\u00edfics","Taules de Debat"],"articleSection":["Infarma"],"inLanguage":"ca","potentialAction":[{"@type":"CommentAction","name":"Comment","target":["https:\/\/www.cofb.org\/2017\/02\/01\/infarma-barcelona-pre-programa-conferencia-inaugural\/#respond"]}]},{"@type":"WebPage","@id":"https:\/\/www.cofb.org\/2017\/02\/01\/infarma-barcelona-pre-programa-conferencia-inaugural\/","url":"https:\/\/www.cofb.org\/2017\/02\/01\/infarma-barcelona-pre-programa-conferencia-inaugural\/","name":"Infarma Barcelona: pre-programa i confer\u00e8ncia inaugural","isPartOf":{"@id":"https:\/\/www.cofb.org\/#website"},"primaryImageOfPage":{"@id":"https:\/\/www.cofb.org\/2017\/02\/01\/infarma-barcelona-pre-programa-conferencia-inaugural\/#primaryimage"},"image":{"@id":"https:\/\/www.cofb.org\/2017\/02\/01\/infarma-barcelona-pre-programa-conferencia-inaugural\/#primaryimage"},"thumbnailUrl":"","datePublished":"2017-02-01T13:19:24+00:00","dateModified":"2017-02-01T13:19:24+00:00","description":"Infarma Barcelona: pre-programa i confer\u00e8ncia inaugural.","breadcrumb":{"@id":"https:\/\/www.cofb.org\/2017\/02\/01\/infarma-barcelona-pre-programa-conferencia-inaugural\/#breadcrumb"},"inLanguage":"ca","potentialAction":[{"@type":"ReadAction","target":["https:\/\/www.cofb.org\/2017\/02\/01\/infarma-barcelona-pre-programa-conferencia-inaugural\/"]}]},{"@type":"ImageObject","inLanguage":"ca","@id":"https:\/\/www.cofb.org\/2017\/02\/01\/infarma-barcelona-pre-programa-conferencia-inaugural\/#primaryimage","url":"","contentUrl":""},{"@type":"BreadcrumbList","@id":"https:\/\/www.cofb.org\/2017\/02\/01\/infarma-barcelona-pre-programa-conferencia-inaugural\/#breadcrumb","itemListElement":[{"@type":"ListItem","position":1,"name":"Inici","item":"https:\/\/novaorg.cofb.net\/"},{"@type":"ListItem","position":2,"name":"Infarma Barcelona: pre-programa i confer\u00e8ncia inaugural"}]},{"@type":"WebSite","@id":"https:\/\/www.cofb.org\/#website","url":"https:\/\/www.cofb.org\/","name":"Col\u00b7legi de Farmac\u00e8utics de Barcelona","description":"","publisher":{"@id":"https:\/\/www.cofb.org\/#organization"},"potentialAction":[{"@type":"SearchAction","target":{"@type":"EntryPoint","urlTemplate":"https:\/\/www.cofb.org\/?s={search_term_string}"},"query-input":"required name=search_term_string"}],"inLanguage":"ca"},{"@type":"Organization","@id":"https:\/\/www.cofb.org\/#organization","name":"Col\u00b7legi de Farmac\u00e8utics de Barcelona","url":"https:\/\/www.cofb.org\/","logo":{"@type":"ImageObject","inLanguage":"ca","@id":"https:\/\/www.cofb.org\/#\/schema\/logo\/image\/","url":"https:\/\/www.cofb.org\/wp-content\/uploads\/2023\/11\/cropped-Logotip-COFB.png","contentUrl":"https:\/\/www.cofb.org\/wp-content\/uploads\/2023\/11\/cropped-Logotip-COFB.png","width":500,"height":105,"caption":"Col\u00b7legi de Farmac\u00e8utics de Barcelona"},"image":{"@id":"https:\/\/www.cofb.org\/#\/schema\/logo\/image\/"},"sameAs":["https:\/\/www.facebook.com\/farmaceuticsbcn\/","https:\/\/twitter.com\/farmaceuticsbcn","https:\/\/www.instagram.com\/farmaceuticsbcn\/","https:\/\/www.linkedin.com\/company\/farmaceuticsbcn\/"]},{"@type":"Person","@id":"https:\/\/www.cofb.org\/#\/schema\/person\/22ed7eea88da74b0fa4d3154ad87ffcb","name":"wpAdminCofbOrg","image":{"@type":"ImageObject","inLanguage":"ca","@id":"https:\/\/www.cofb.org\/#\/schema\/person\/image\/","url":"https:\/\/secure.gravatar.com\/avatar\/1721b20b3b8ca882c3b56ec6c978c594fff670e40c0718e9190eaeeb76aae7d8?s=96&d=mm&r=g","contentUrl":"https:\/\/secure.gravatar.com\/avatar\/1721b20b3b8ca882c3b56ec6c978c594fff670e40c0718e9190eaeeb76aae7d8?s=96&d=mm&r=g","caption":"wpAdminCofbOrg"},"sameAs":["http:\/\/192.168.64.122\/wordpress"],"url":"https:\/\/www.cofb.org\/ca\/author\/wpadmincofborg\/"}]}},"uagb_featured_image_src":{"full":false,"thumbnail":false,"medium":false,"medium_large":false,"large":false,"1536x1536":false,"2048x2048":false,"trp-custom-language-flag":false},"uagb_author_info":{"display_name":"wpAdminCofbOrg","author_link":"https:\/\/www.cofb.org\/ca\/author\/wpadmincofborg\/"},"uagb_comment_info":0,"uagb_excerpt":"M\u00e9s de 50 taules de debat i aules d\u2019actualitat professional ja s\u2019han programat, fins al moment, en el marc d\u2019Infarma Barcelona 2017. Tots ells es poden consultar al pre-programa disponible al web d\u2019aquest Congr\u00e9s i Sal\u00f3 Europeu d\u2019Oficina de Farm\u00e0cia que, organitzat pels Col\u00b7legis de Farmac\u00e8utics de Barcelona i Madrid, [&hellip;]","_links":{"self":[{"href":"https:\/\/www.cofb.org\/ca\/wp-json\/wp\/v2\/posts\/27730","targetHints":{"allow":["GET"]}}],"collection":[{"href":"https:\/\/www.cofb.org\/ca\/wp-json\/wp\/v2\/posts"}],"about":[{"href":"https:\/\/www.cofb.org\/ca\/wp-json\/wp\/v2\/types\/post"}],"author":[{"embeddable":true,"href":"https:\/\/www.cofb.org\/ca\/wp-json\/wp\/v2\/users\/1"}],"replies":[{"embeddable":true,"href":"https:\/\/www.cofb.org\/ca\/wp-json\/wp\/v2\/comments?post=27730"}],"version-history":[{"count":0,"href":"https:\/\/www.cofb.org\/ca\/wp-json\/wp\/v2\/posts\/27730\/revisions"}],"wp:featuredmedia":[{"embeddable":true,"href":"https:\/\/www.cofb.org\/ca\/wp-json\/"}],"wp:attachment":[{"href":"https:\/\/www.cofb.org\/ca\/wp-json\/wp\/v2\/media?parent=27730"}],"wp:term":[{"taxonomy":"category","embeddable":true,"href":"https:\/\/www.cofb.org\/ca\/wp-json\/wp\/v2\/categories?post=27730"},{"taxonomy":"post_tag","embeddable":true,"href":"https:\/\/www.cofb.org\/ca\/wp-json\/wp\/v2\/tags?post=27730"}],"curies":[{"name":"wp","href":"https:\/\/api.w.org\/{rel}","templated":true}]}}