{"id":26583,"date":"2016-12-07T17:47:24","date_gmt":"2016-12-07T16:47:24","guid":{"rendered":"http:\/\/blog.cofb.cat\/?p=26583"},"modified":"2016-12-07T17:47:24","modified_gmt":"2016-12-07T16:47:24","slug":"formulacio-en-dermatologia-novetats-personalitzacio-de-tractaments","status":"publish","type":"post","link":"https:\/\/www.cofb.org\/ca\/2016\/12\/07\/formulacio-en-dermatologia-novetats-personalitzacio-de-tractaments\/","title":{"rendered":"Formulaci\u00f3 en Dermatologia: novetats i personalitzaci\u00f3 de tractaments"},"content":{"rendered":"<p>En la <strong>X edici\u00f3 del curs de Formulaci\u00f3 en Dermatologia<\/strong>, organitzat entre l\u2019Associaci\u00f3 Dermatol\u00f2gica P. Umbert, <a href=\"http:\/\/www.aprofarm.org\/\">Aprofarm<\/a> i l&#8217;<a href=\"http:\/\/www.hscor.com\/ca\" target=\"_blank\" rel=\"noopener\">Hospital Universitari Sagrat Cor<\/a>\u00a0amb la col\u00b7laboraci\u00f3 del Col\u00b7legi, es van presentar les \u00faltimes novetats en tractaments dermatol\u00f2gics i la seva aplicaci\u00f3 mitjan\u00e7ant f\u00f3rmules magistrals. La formaci\u00f3, que va tenir lloc l\u201911 de novembre, va plantejar els tractaments de diverses patologies dermatol\u00f2giques des de diferents aspectes, repassar el tractament de primera elecci\u00f3, les aportacions que poden fer les formulacions, les novetats terap\u00e8utiques que la formulaci\u00f3 permet incorporar i els tractaments individualitzats per casos m\u00e9s concrets.<\/p>\n<figure id=\"attachment_26589\" aria-describedby=\"caption-attachment-26589\" style=\"width: 333px\" class=\"wp-caption alignright\"><a href=\"http:\/\/blog.cofb.cat\/wp-content\/uploads\/2016\/12\/formulacio-en-dermatologia-1.jpg\"><img fetchpriority=\"high\" decoding=\"async\" class=\" wp-image-26589 \" alt=\"formulacio-en-dermatologia (1)\" src=\"http:\/\/blog.cofb.cat\/wp-content\/uploads\/2016\/12\/formulacio-en-dermatologia-1.jpg\" width=\"333\" height=\"203\" \/><\/a><figcaption id=\"caption-attachment-26589\" class=\"wp-caption-text\">Pau Umbert (Hospital Sagrat Cor) i Francesc Llamb\u00ed (Aprofarm). Utilitats de la formulaci\u00f3 en la dermatologia actual<\/figcaption><\/figure>\n<p>El curs, dirigit per la Dra. Montse Salleras (cap del Servei de Dermatologia de l\u2019Hospital Sagrat Cor), el Dr. Pau Umbert (professor em\u00e8rit del mateix servei d\u2019hospital) i Francesc Llamb\u00ed (vocal de la Junta de Govern del COFB i president d\u2019Aprofarm), es va iniciar amb una breu introducci\u00f3 sobre el que representa la formulaci\u00f3 dermatol\u00f2gica avui en dia, les seves utilitats i avantatges, <b>destacant la possibilitat que ofereix en dermatologia a l&#8217;hora de tractar patologies superposades<\/b>. A continuaci\u00f3, una xerrada amb casos pr\u00e0ctics sobre elecci\u00f3 de vehicles, va donar pas a les confer\u00e8ncies sobre tractament d&#8217;acne, c\u00e0ncer cutani, ros\u00e0cia i dermatitis seborreica. La primera sessi\u00f3 de casos pr\u00e0ctics i les formulacions en mucosa vulvar i mucosa oral van completar la sessi\u00f3 del mat\u00ed.<\/p>\n<figure id=\"attachment_26590\" aria-describedby=\"caption-attachment-26590\" style=\"width: 341px\" class=\"wp-caption alignleft\"><a href=\"http:\/\/blog.cofb.cat\/wp-content\/uploads\/2016\/12\/formulacio-en-dermatologia-2.jpg\"><img decoding=\"async\" class=\" wp-image-26590 \" alt=\"formulacio-en-dermatologia (2)\" src=\"http:\/\/blog.cofb.cat\/wp-content\/uploads\/2016\/12\/formulacio-en-dermatologia-2.jpg\" width=\"341\" height=\"226\" \/><\/a><figcaption id=\"caption-attachment-26590\" class=\"wp-caption-text\">Montserrat Torrell i Carme Bau, d&#8217;Aprofarm. Taller de vehicles en dermatologia<\/figcaption><\/figure>\n<p>A la tarda es varen presentar les noves formulacions disponibles per a tractaments oft\u00e0lmics, \u00f2tics i un rep\u00e0s de les <b>moltes possibilitats que la formulaci\u00f3 ofereix en el tractament d&#8217;alop\u00e8cies i psoriasi amb m\u00faltiples casos cl\u00ednics que es resolen amb formulaci\u00f3<\/b>. Tamb\u00e9 van tenir cabuda les formulacions que es poden utilitzar durant l&#8217;embar\u00e0s i la lact\u00e0ncia amb interessants enlla\u00e7os on poder consultar la idone\u00eftat de certs tractaments; i un nou tema sobre formulaci\u00f3 en farm\u00e0cia hospital\u00e0ria que va oferir una visi\u00f3 diferent d&#8217;aquesta disciplina.<\/p>\n<p>Les empreses que van col\u00b7laborar en la formaci\u00f3 van presentar les possibilitats de la formulaci\u00f3 en bases comercialitzades, abans d&#8217;acabar amb una selecci\u00f3 de les 15 f\u00f3rmules b\u00e0siques segons l&#8217;experi\u00e8ncia de la Dra. Montse Salleras. En aquesta ocasi\u00f3, la major part de confer\u00e8ncies es van basar en nombrosos casos pr\u00e0ctics que plantegen els dermat\u00f2legs.<\/p>\n<p style=\"text-align: center;\"><a href=\"http:\/\/blog.cofb.cat\/wp-content\/uploads\/2016\/12\/formulacio-en-dermatologia-3.jpg\"><img decoding=\"async\" class=\" wp-image-26591 aligncenter\" alt=\"formulacio-en-dermatologia (3)\" src=\"http:\/\/blog.cofb.cat\/wp-content\/uploads\/2016\/12\/formulacio-en-dermatologia-3.jpg\" width=\"448\" height=\"298\" \/><\/a><\/p>\n<p align=\"right\"><b>Amb la col\u00b7laboraci\u00f3 de:\u00a0 <\/b><\/p>\n<p align=\"right\"><b><img loading=\"lazy\" decoding=\"async\" class=\"alignright size-full wp-image-26592\" alt=\"logos patrocinadors curs\" src=\"http:\/\/blog.cofb.cat\/wp-content\/uploads\/2016\/12\/logos-patrocinadors-curs.jpg\" width=\"338\" height=\"64\" \/>\u00a0 \u00a0<\/b><\/p>\n<p style=\"text-align: left;\" align=\"right\"><b>Altres not\u00edcies relacionades amb la formulaci\u00f3 magistral, publicades al Blog:<\/b><\/p>\n<ul>\n<li><a href=\"http:\/\/blog.cofb.cat\/dermofarmacia-dermoanalitzadors-medicina-estetica-i-gestio-per-categories\/\" target=\"_blank\" rel=\"noopener\">Dermofarm\u00e0cia: dermoanalitzadors, medicina est\u00e8tica i gesti\u00f3 per categories<\/a><\/li>\n<li><a href=\"http:\/\/blog.cofb.cat\/ix-forum-aprofarm-20-anys-al-costat-del-formulador\/\" target=\"_blank\" rel=\"noopener\">IX F\u00f2rum Aprofarm: \u201c20 anys al costat del formulador\u201d<\/a><\/li>\n<li><a href=\"http:\/\/blog.cofb.cat\/atopia-farmacologia-formulacio-i-cosmetica\/\" target=\"_blank\" rel=\"noopener\">At\u00f2pia: farmacologia, formulaci\u00f3 i cosm\u00e8tica<\/a><\/li>\n<li><a href=\"http:\/\/blog.cofb.cat\/el-cof-de-barcelona-edita-un-formulari-per-personalitzar-els-tractaments-pal%C2%B7liatius-dels-pacients\/\" target=\"_blank\" rel=\"noopener\">El COF de Barcelona edita un formulari per personalitzar els tractaments pal\u00b7liatius dels pacients<\/a><\/li>\n<\/ul>\n<p>&nbsp;<\/p>\n","protected":false},"excerpt":{"rendered":"<p>En la X edici\u00f3 del curs de Formulaci\u00f3 en Dermatologia, organitzat entre l\u2019Associaci\u00f3 Dermatol\u00f2gica P. Umbert, Aprofarm i l&#8217;Hospital Universitari Sagrat Cor\u00a0amb la col\u00b7laboraci\u00f3 del Col\u00b7legi, es van presentar les \u00faltimes novetats en tractaments dermatol\u00f2gics i la seva aplicaci\u00f3 mitjan\u00e7ant f\u00f3rmules magistrals. La formaci\u00f3, que va tenir lloc l\u201911 de [&hellip;]<\/p>\n","protected":false},"author":1,"featured_media":26590,"comment_status":"open","ping_status":"open","sticky":false,"template":"","format":"standard","meta":{"_uag_custom_page_level_css":"","site-sidebar-layout":"default","site-content-layout":"","ast-site-content-layout":"default","site-content-style":"default","site-sidebar-style":"default","ast-global-header-display":"","ast-banner-title-visibility":"","ast-main-header-display":"","ast-hfb-above-header-display":"","ast-hfb-below-header-display":"","ast-hfb-mobile-header-display":"","site-post-title":"","ast-breadcrumbs-content":"","ast-featured-img":"disabled","footer-sml-layout":"","theme-transparent-header-meta":"","adv-header-id-meta":"","stick-header-meta":"","header-above-stick-meta":"","header-main-stick-meta":"","header-below-stick-meta":"","astra-migrate-meta-layouts":"default","ast-page-background-enabled":"default","ast-page-background-meta":{"desktop":{"background-color":"var(--ast-global-color-4)","background-image":"","background-repeat":"repeat","background-position":"center center","background-size":"auto","background-attachment":"scroll","background-type":"","background-media":"","overlay-type":"","overlay-color":"","overlay-opacity":"","overlay-gradient":""},"tablet":{"background-color":"","background-image":"","background-repeat":"repeat","background-position":"center center","background-size":"auto","background-attachment":"scroll","background-type":"","background-media":"","overlay-type":"","overlay-color":"","overlay-opacity":"","overlay-gradient":""},"mobile":{"background-color":"","background-image":"","background-repeat":"repeat","background-position":"center center","background-size":"auto","background-attachment":"scroll","background-type":"","background-media":"","overlay-type":"","overlay-color":"","overlay-opacity":"","overlay-gradient":""}},"ast-content-background-meta":{"desktop":{"background-color":"var(--ast-global-color-5)","background-image":"","background-repeat":"repeat","background-position":"center center","background-size":"auto","background-attachment":"scroll","background-type":"","background-media":"","overlay-type":"","overlay-color":"","overlay-opacity":"","overlay-gradient":""},"tablet":{"background-color":"var(--ast-global-color-5)","background-image":"","background-repeat":"repeat","background-position":"center center","background-size":"auto","background-attachment":"scroll","background-type":"","background-media":"","overlay-type":"","overlay-color":"","overlay-opacity":"","overlay-gradient":""},"mobile":{"background-color":"var(--ast-global-color-5)","background-image":"","background-repeat":"repeat","background-position":"center center","background-size":"auto","background-attachment":"scroll","background-type":"","background-media":"","overlay-type":"","overlay-color":"","overlay-opacity":"","overlay-gradient":""}},"footnotes":""},"categories":[32],"tags":[2231,79,70,2592,650],"class_list":["post-26583","post","type-post","status-publish","format-standard","has-post-thumbnail","hentry","category-noticies-farmacia","tag-aprofarm","tag-dermatologia","tag-formacio","tag-formulacio-en-dermatologia","tag-formulacio-magistral"],"yoast_head":"<!-- This site is optimized with the Yoast SEO plugin v22.4 - https:\/\/yoast.com\/wordpress\/plugins\/seo\/ -->\n<title>Formulaci\u00f3 en Dermatologia: novetats i personalitzaci\u00f3 de tractaments<\/title>\n<meta name=\"description\" content=\"Formulaci\u00f3 en Dermatologia: novetats i personalitzaci\u00f3 de tractaments\" \/>\n<meta name=\"robots\" content=\"index, follow, max-snippet:-1, max-image-preview:large, max-video-preview:-1\" \/>\n<link rel=\"canonical\" href=\"https:\/\/novaorg.cofb.net\/2016\/12\/07\/formulacio-en-dermatologia-novetats-personalitzacio-de-tractaments\/\" \/>\n<meta property=\"og:locale\" content=\"ca_ES\" \/>\n<meta property=\"og:type\" content=\"article\" \/>\n<meta property=\"og:title\" content=\"Formulaci\u00f3 en Dermatologia: novetats i personalitzaci\u00f3 de tractaments\" \/>\n<meta property=\"og:description\" content=\"Formulaci\u00f3 en Dermatologia: novetats i personalitzaci\u00f3 de tractaments\" \/>\n<meta property=\"og:url\" content=\"https:\/\/novaorg.cofb.net\/2016\/12\/07\/formulacio-en-dermatologia-novetats-personalitzacio-de-tractaments\/\" \/>\n<meta property=\"og:site_name\" content=\"Col\u00b7legi de Farmac\u00e8utics de Barcelona\" \/>\n<meta property=\"article:publisher\" content=\"https:\/\/www.facebook.com\/farmaceuticsbcn\/\" \/>\n<meta property=\"article:published_time\" content=\"2016-12-07T16:47:24+00:00\" \/>\n<meta name=\"author\" content=\"wpAdminCofbOrg\" \/>\n<meta name=\"twitter:card\" content=\"summary_large_image\" \/>\n<meta name=\"twitter:creator\" content=\"@farmaceuticsbcn\" \/>\n<meta name=\"twitter:site\" content=\"@farmaceuticsbcn\" \/>\n<meta name=\"twitter:label1\" content=\"Escrit per\" \/>\n\t<meta name=\"twitter:data1\" content=\"wpAdminCofbOrg\" \/>\n\t<meta name=\"twitter:label2\" content=\"Temps estimat de lectura\" \/>\n\t<meta name=\"twitter:data2\" content=\"2 minuts\" \/>\n<script type=\"application\/ld+json\" class=\"yoast-schema-graph\">{\"@context\":\"https:\/\/schema.org\",\"@graph\":[{\"@type\":\"Article\",\"@id\":\"https:\/\/novaorg.cofb.net\/2016\/12\/07\/formulacio-en-dermatologia-novetats-personalitzacio-de-tractaments\/#article\",\"isPartOf\":{\"@id\":\"https:\/\/novaorg.cofb.net\/2016\/12\/07\/formulacio-en-dermatologia-novetats-personalitzacio-de-tractaments\/\"},\"author\":{\"name\":\"wpAdminCofbOrg\",\"@id\":\"https:\/\/www.cofb.org\/#\/schema\/person\/22ed7eea88da74b0fa4d3154ad87ffcb\"},\"headline\":\"Formulaci\u00f3 en Dermatologia: novetats i personalitzaci\u00f3 de tractaments\",\"datePublished\":\"2016-12-07T16:47:24+00:00\",\"dateModified\":\"2016-12-07T16:47:24+00:00\",\"mainEntityOfPage\":{\"@id\":\"https:\/\/novaorg.cofb.net\/2016\/12\/07\/formulacio-en-dermatologia-novetats-personalitzacio-de-tractaments\/\"},\"wordCount\":508,\"commentCount\":0,\"publisher\":{\"@id\":\"https:\/\/www.cofb.org\/#organization\"},\"image\":{\"@id\":\"https:\/\/novaorg.cofb.net\/2016\/12\/07\/formulacio-en-dermatologia-novetats-personalitzacio-de-tractaments\/#primaryimage\"},\"thumbnailUrl\":\"\",\"keywords\":[\"Aprofarm\",\"dermatologia\",\"Formaci\u00f3\",\"formulaci\u00f3 en dermatologia\",\"Formulaci\u00f3 magistral\"],\"articleSection\":[\"Not\u00edcies farm\u00e0cia\"],\"inLanguage\":\"ca\",\"potentialAction\":[{\"@type\":\"CommentAction\",\"name\":\"Comment\",\"target\":[\"https:\/\/novaorg.cofb.net\/2016\/12\/07\/formulacio-en-dermatologia-novetats-personalitzacio-de-tractaments\/#respond\"]}]},{\"@type\":\"WebPage\",\"@id\":\"https:\/\/novaorg.cofb.net\/2016\/12\/07\/formulacio-en-dermatologia-novetats-personalitzacio-de-tractaments\/\",\"url\":\"https:\/\/novaorg.cofb.net\/2016\/12\/07\/formulacio-en-dermatologia-novetats-personalitzacio-de-tractaments\/\",\"name\":\"Formulaci\u00f3 en Dermatologia: novetats i personalitzaci\u00f3 de tractaments\",\"isPartOf\":{\"@id\":\"https:\/\/www.cofb.org\/#website\"},\"primaryImageOfPage\":{\"@id\":\"https:\/\/novaorg.cofb.net\/2016\/12\/07\/formulacio-en-dermatologia-novetats-personalitzacio-de-tractaments\/#primaryimage\"},\"image\":{\"@id\":\"https:\/\/novaorg.cofb.net\/2016\/12\/07\/formulacio-en-dermatologia-novetats-personalitzacio-de-tractaments\/#primaryimage\"},\"thumbnailUrl\":\"\",\"datePublished\":\"2016-12-07T16:47:24+00:00\",\"dateModified\":\"2016-12-07T16:47:24+00:00\",\"description\":\"Formulaci\u00f3 en Dermatologia: novetats i personalitzaci\u00f3 de tractaments\",\"breadcrumb\":{\"@id\":\"https:\/\/novaorg.cofb.net\/2016\/12\/07\/formulacio-en-dermatologia-novetats-personalitzacio-de-tractaments\/#breadcrumb\"},\"inLanguage\":\"ca\",\"potentialAction\":[{\"@type\":\"ReadAction\",\"target\":[\"https:\/\/novaorg.cofb.net\/2016\/12\/07\/formulacio-en-dermatologia-novetats-personalitzacio-de-tractaments\/\"]}]},{\"@type\":\"ImageObject\",\"inLanguage\":\"ca\",\"@id\":\"https:\/\/novaorg.cofb.net\/2016\/12\/07\/formulacio-en-dermatologia-novetats-personalitzacio-de-tractaments\/#primaryimage\",\"url\":\"\",\"contentUrl\":\"\"},{\"@type\":\"BreadcrumbList\",\"@id\":\"https:\/\/novaorg.cofb.net\/2016\/12\/07\/formulacio-en-dermatologia-novetats-personalitzacio-de-tractaments\/#breadcrumb\",\"itemListElement\":[{\"@type\":\"ListItem\",\"position\":1,\"name\":\"Inici\",\"item\":\"https:\/\/novaorg.cofb.net\/\"},{\"@type\":\"ListItem\",\"position\":2,\"name\":\"Formulaci\u00f3 en Dermatologia: novetats i personalitzaci\u00f3 de tractaments\"}]},{\"@type\":\"WebSite\",\"@id\":\"https:\/\/www.cofb.org\/#website\",\"url\":\"https:\/\/www.cofb.org\/\",\"name\":\"Col\u00b7legi de Farmac\u00e8utics de Barcelona\",\"description\":\"\",\"publisher\":{\"@id\":\"https:\/\/www.cofb.org\/#organization\"},\"potentialAction\":[{\"@type\":\"SearchAction\",\"target\":{\"@type\":\"EntryPoint\",\"urlTemplate\":\"https:\/\/www.cofb.org\/?s={search_term_string}\"},\"query-input\":\"required name=search_term_string\"}],\"inLanguage\":\"ca\"},{\"@type\":\"Organization\",\"@id\":\"https:\/\/www.cofb.org\/#organization\",\"name\":\"Col\u00b7legi de Farmac\u00e8utics de Barcelona\",\"url\":\"https:\/\/www.cofb.org\/\",\"logo\":{\"@type\":\"ImageObject\",\"inLanguage\":\"ca\",\"@id\":\"https:\/\/www.cofb.org\/#\/schema\/logo\/image\/\",\"url\":\"https:\/\/www.cofb.org\/wp-content\/uploads\/2023\/11\/cropped-Logotip-COFB.png\",\"contentUrl\":\"https:\/\/www.cofb.org\/wp-content\/uploads\/2023\/11\/cropped-Logotip-COFB.png\",\"width\":500,\"height\":105,\"caption\":\"Col\u00b7legi de Farmac\u00e8utics de Barcelona\"},\"image\":{\"@id\":\"https:\/\/www.cofb.org\/#\/schema\/logo\/image\/\"},\"sameAs\":[\"https:\/\/www.facebook.com\/farmaceuticsbcn\/\",\"https:\/\/twitter.com\/farmaceuticsbcn\",\"https:\/\/www.instagram.com\/farmaceuticsbcn\/\",\"https:\/\/www.linkedin.com\/company\/farmaceuticsbcn\/\"]},{\"@type\":\"Person\",\"@id\":\"https:\/\/www.cofb.org\/#\/schema\/person\/22ed7eea88da74b0fa4d3154ad87ffcb\",\"name\":\"wpAdminCofbOrg\",\"image\":{\"@type\":\"ImageObject\",\"inLanguage\":\"ca\",\"@id\":\"https:\/\/www.cofb.org\/#\/schema\/person\/image\/\",\"url\":\"https:\/\/secure.gravatar.com\/avatar\/1721b20b3b8ca882c3b56ec6c978c594fff670e40c0718e9190eaeeb76aae7d8?s=96&d=mm&r=g\",\"contentUrl\":\"https:\/\/secure.gravatar.com\/avatar\/1721b20b3b8ca882c3b56ec6c978c594fff670e40c0718e9190eaeeb76aae7d8?s=96&d=mm&r=g\",\"caption\":\"wpAdminCofbOrg\"},\"sameAs\":[\"http:\/\/192.168.64.122\/wordpress\"],\"url\":\"https:\/\/www.cofb.org\/ca\/author\/wpadmincofborg\/\"}]}<\/script>\n<!-- \/ Yoast SEO plugin. -->","yoast_head_json":{"title":"Formulaci\u00f3 en Dermatologia: novetats i personalitzaci\u00f3 de tractaments","description":"Formulaci\u00f3 en Dermatologia: novetats i personalitzaci\u00f3 de tractaments","robots":{"index":"index","follow":"follow","max-snippet":"max-snippet:-1","max-image-preview":"max-image-preview:large","max-video-preview":"max-video-preview:-1"},"canonical":"https:\/\/novaorg.cofb.net\/2016\/12\/07\/formulacio-en-dermatologia-novetats-personalitzacio-de-tractaments\/","og_locale":"ca_ES","og_type":"article","og_title":"Formulaci\u00f3 en Dermatologia: novetats i personalitzaci\u00f3 de tractaments","og_description":"Formulaci\u00f3 en Dermatologia: novetats i personalitzaci\u00f3 de tractaments","og_url":"https:\/\/novaorg.cofb.net\/2016\/12\/07\/formulacio-en-dermatologia-novetats-personalitzacio-de-tractaments\/","og_site_name":"Col\u00b7legi de Farmac\u00e8utics de Barcelona","article_publisher":"https:\/\/www.facebook.com\/farmaceuticsbcn\/","article_published_time":"2016-12-07T16:47:24+00:00","author":"wpAdminCofbOrg","twitter_card":"summary_large_image","twitter_creator":"@farmaceuticsbcn","twitter_site":"@farmaceuticsbcn","twitter_misc":{"Escrit per":"wpAdminCofbOrg","Temps estimat de lectura":"2 minuts"},"schema":{"@context":"https:\/\/schema.org","@graph":[{"@type":"Article","@id":"https:\/\/novaorg.cofb.net\/2016\/12\/07\/formulacio-en-dermatologia-novetats-personalitzacio-de-tractaments\/#article","isPartOf":{"@id":"https:\/\/novaorg.cofb.net\/2016\/12\/07\/formulacio-en-dermatologia-novetats-personalitzacio-de-tractaments\/"},"author":{"name":"wpAdminCofbOrg","@id":"https:\/\/www.cofb.org\/#\/schema\/person\/22ed7eea88da74b0fa4d3154ad87ffcb"},"headline":"Formulaci\u00f3 en Dermatologia: novetats i personalitzaci\u00f3 de tractaments","datePublished":"2016-12-07T16:47:24+00:00","dateModified":"2016-12-07T16:47:24+00:00","mainEntityOfPage":{"@id":"https:\/\/novaorg.cofb.net\/2016\/12\/07\/formulacio-en-dermatologia-novetats-personalitzacio-de-tractaments\/"},"wordCount":508,"commentCount":0,"publisher":{"@id":"https:\/\/www.cofb.org\/#organization"},"image":{"@id":"https:\/\/novaorg.cofb.net\/2016\/12\/07\/formulacio-en-dermatologia-novetats-personalitzacio-de-tractaments\/#primaryimage"},"thumbnailUrl":"","keywords":["Aprofarm","dermatologia","Formaci\u00f3","formulaci\u00f3 en dermatologia","Formulaci\u00f3 magistral"],"articleSection":["Not\u00edcies farm\u00e0cia"],"inLanguage":"ca","potentialAction":[{"@type":"CommentAction","name":"Comment","target":["https:\/\/novaorg.cofb.net\/2016\/12\/07\/formulacio-en-dermatologia-novetats-personalitzacio-de-tractaments\/#respond"]}]},{"@type":"WebPage","@id":"https:\/\/novaorg.cofb.net\/2016\/12\/07\/formulacio-en-dermatologia-novetats-personalitzacio-de-tractaments\/","url":"https:\/\/novaorg.cofb.net\/2016\/12\/07\/formulacio-en-dermatologia-novetats-personalitzacio-de-tractaments\/","name":"Formulaci\u00f3 en Dermatologia: novetats i personalitzaci\u00f3 de tractaments","isPartOf":{"@id":"https:\/\/www.cofb.org\/#website"},"primaryImageOfPage":{"@id":"https:\/\/novaorg.cofb.net\/2016\/12\/07\/formulacio-en-dermatologia-novetats-personalitzacio-de-tractaments\/#primaryimage"},"image":{"@id":"https:\/\/novaorg.cofb.net\/2016\/12\/07\/formulacio-en-dermatologia-novetats-personalitzacio-de-tractaments\/#primaryimage"},"thumbnailUrl":"","datePublished":"2016-12-07T16:47:24+00:00","dateModified":"2016-12-07T16:47:24+00:00","description":"Formulaci\u00f3 en Dermatologia: novetats i personalitzaci\u00f3 de tractaments","breadcrumb":{"@id":"https:\/\/novaorg.cofb.net\/2016\/12\/07\/formulacio-en-dermatologia-novetats-personalitzacio-de-tractaments\/#breadcrumb"},"inLanguage":"ca","potentialAction":[{"@type":"ReadAction","target":["https:\/\/novaorg.cofb.net\/2016\/12\/07\/formulacio-en-dermatologia-novetats-personalitzacio-de-tractaments\/"]}]},{"@type":"ImageObject","inLanguage":"ca","@id":"https:\/\/novaorg.cofb.net\/2016\/12\/07\/formulacio-en-dermatologia-novetats-personalitzacio-de-tractaments\/#primaryimage","url":"","contentUrl":""},{"@type":"BreadcrumbList","@id":"https:\/\/novaorg.cofb.net\/2016\/12\/07\/formulacio-en-dermatologia-novetats-personalitzacio-de-tractaments\/#breadcrumb","itemListElement":[{"@type":"ListItem","position":1,"name":"Inici","item":"https:\/\/novaorg.cofb.net\/"},{"@type":"ListItem","position":2,"name":"Formulaci\u00f3 en Dermatologia: novetats i personalitzaci\u00f3 de tractaments"}]},{"@type":"WebSite","@id":"https:\/\/www.cofb.org\/#website","url":"https:\/\/www.cofb.org\/","name":"Col\u00b7legi de Farmac\u00e8utics de Barcelona","description":"","publisher":{"@id":"https:\/\/www.cofb.org\/#organization"},"potentialAction":[{"@type":"SearchAction","target":{"@type":"EntryPoint","urlTemplate":"https:\/\/www.cofb.org\/?s={search_term_string}"},"query-input":"required name=search_term_string"}],"inLanguage":"ca"},{"@type":"Organization","@id":"https:\/\/www.cofb.org\/#organization","name":"Col\u00b7legi de Farmac\u00e8utics de Barcelona","url":"https:\/\/www.cofb.org\/","logo":{"@type":"ImageObject","inLanguage":"ca","@id":"https:\/\/www.cofb.org\/#\/schema\/logo\/image\/","url":"https:\/\/www.cofb.org\/wp-content\/uploads\/2023\/11\/cropped-Logotip-COFB.png","contentUrl":"https:\/\/www.cofb.org\/wp-content\/uploads\/2023\/11\/cropped-Logotip-COFB.png","width":500,"height":105,"caption":"Col\u00b7legi de Farmac\u00e8utics de Barcelona"},"image":{"@id":"https:\/\/www.cofb.org\/#\/schema\/logo\/image\/"},"sameAs":["https:\/\/www.facebook.com\/farmaceuticsbcn\/","https:\/\/twitter.com\/farmaceuticsbcn","https:\/\/www.instagram.com\/farmaceuticsbcn\/","https:\/\/www.linkedin.com\/company\/farmaceuticsbcn\/"]},{"@type":"Person","@id":"https:\/\/www.cofb.org\/#\/schema\/person\/22ed7eea88da74b0fa4d3154ad87ffcb","name":"wpAdminCofbOrg","image":{"@type":"ImageObject","inLanguage":"ca","@id":"https:\/\/www.cofb.org\/#\/schema\/person\/image\/","url":"https:\/\/secure.gravatar.com\/avatar\/1721b20b3b8ca882c3b56ec6c978c594fff670e40c0718e9190eaeeb76aae7d8?s=96&d=mm&r=g","contentUrl":"https:\/\/secure.gravatar.com\/avatar\/1721b20b3b8ca882c3b56ec6c978c594fff670e40c0718e9190eaeeb76aae7d8?s=96&d=mm&r=g","caption":"wpAdminCofbOrg"},"sameAs":["http:\/\/192.168.64.122\/wordpress"],"url":"https:\/\/www.cofb.org\/ca\/author\/wpadmincofborg\/"}]}},"uagb_featured_image_src":{"full":false,"thumbnail":false,"medium":false,"medium_large":false,"large":false,"1536x1536":false,"2048x2048":false,"trp-custom-language-flag":false},"uagb_author_info":{"display_name":"wpAdminCofbOrg","author_link":"https:\/\/www.cofb.org\/ca\/author\/wpadmincofborg\/"},"uagb_comment_info":0,"uagb_excerpt":"En la X edici\u00f3 del curs de Formulaci\u00f3 en Dermatologia, organitzat entre l\u2019Associaci\u00f3 Dermatol\u00f2gica P. Umbert, Aprofarm i l&#8217;Hospital Universitari Sagrat Cor\u00a0amb la col\u00b7laboraci\u00f3 del Col\u00b7legi, es van presentar les \u00faltimes novetats en tractaments dermatol\u00f2gics i la seva aplicaci\u00f3 mitjan\u00e7ant f\u00f3rmules magistrals. La formaci\u00f3, que va tenir lloc l\u201911 de [&hellip;]","_links":{"self":[{"href":"https:\/\/www.cofb.org\/ca\/wp-json\/wp\/v2\/posts\/26583","targetHints":{"allow":["GET"]}}],"collection":[{"href":"https:\/\/www.cofb.org\/ca\/wp-json\/wp\/v2\/posts"}],"about":[{"href":"https:\/\/www.cofb.org\/ca\/wp-json\/wp\/v2\/types\/post"}],"author":[{"embeddable":true,"href":"https:\/\/www.cofb.org\/ca\/wp-json\/wp\/v2\/users\/1"}],"replies":[{"embeddable":true,"href":"https:\/\/www.cofb.org\/ca\/wp-json\/wp\/v2\/comments?post=26583"}],"version-history":[{"count":0,"href":"https:\/\/www.cofb.org\/ca\/wp-json\/wp\/v2\/posts\/26583\/revisions"}],"wp:featuredmedia":[{"embeddable":true,"href":"https:\/\/www.cofb.org\/ca\/wp-json\/"}],"wp:attachment":[{"href":"https:\/\/www.cofb.org\/ca\/wp-json\/wp\/v2\/media?parent=26583"}],"wp:term":[{"taxonomy":"category","embeddable":true,"href":"https:\/\/www.cofb.org\/ca\/wp-json\/wp\/v2\/categories?post=26583"},{"taxonomy":"post_tag","embeddable":true,"href":"https:\/\/www.cofb.org\/ca\/wp-json\/wp\/v2\/tags?post=26583"}],"curies":[{"name":"wp","href":"https:\/\/api.w.org\/{rel}","templated":true}]}}