{"id":26260,"date":"2016-11-30T09:49:04","date_gmt":"2016-11-30T08:49:04","guid":{"rendered":"http:\/\/blog.cofb.cat\/?p=26260"},"modified":"2016-11-30T09:49:04","modified_gmt":"2016-11-30T08:49:04","slug":"entrevista-marta-castells-la-farmacia-integrativa-se-centra-en-la-visio-global-del-pacient","status":"publish","type":"post","link":"https:\/\/www.cofb.org\/ca\/2016\/11\/30\/entrevista-marta-castells-la-farmacia-integrativa-se-centra-en-la-visio-global-del-pacient\/","title":{"rendered":"Entrevista Marta Castells: qu\u00e8 aporta la farm\u00e0cia integrativa al pacient?"},"content":{"rendered":"<p><iframe src=\"https:\/\/player.vimeo.com\/video\/193508168\" height=\"360\" width=\"640\" allowfullscreen=\"\" frameborder=\"0\"><\/iframe><\/p>\n<p><a href=\"https:\/\/vimeo.com\/193508168\">Entrevista Marta Castells, farmac\u00e8utica i Acad\u00e8mica Corresponent de la Reial Acad\u00e8mia de Farm\u00e0cia de Catalunya<\/a> from <a href=\"https:\/\/vimeo.com\/cofb\">COFB<\/a> on <a href=\"https:\/\/vimeo.com\">Vimeo<\/a>.<\/p>\n<p style=\"text-align: justify;\"><strong>&#8220;La farm\u00e0cia integrativa se centra en la visi\u00f3 global del pacient, no nom\u00e9s en el medicament&#8221;.<\/strong> Aix\u00ed descriu \u00a0la farmac\u00e8utica<strong> Marta Castells <\/strong>aquest model de farm\u00e0cia recollit al\u00a0discurs que va llegir<strong> durant l&#8217;acte d&#8217;ingr\u00e9s a la Reial Acad\u00e8mia de Farm\u00e0cia de Catalunya com a Acad\u00e8mica Corresponent.<\/strong><\/p>\n<p style=\"text-align: justify;\">Al v\u00eddeo de l&#8217;inici, Castells, a m\u00e9s de parlar de <strong>per qu\u00e8 va comen\u00e7ar a investigar en aquest camp<\/strong>, tamb\u00e9 aprofundeix en aspectes com <strong>qu\u00e8 pot aportar la visi\u00f3 hol\u00edstica als pacients cr\u00f2nics o als serveis professionals,<\/strong> com el Programa de Detecci\u00f3 Preco\u00e7 de C\u00e0ncer de C\u00f2lon i Recte,<strong> i quins passos s&#8217;haurien de seguir per implementar-lo.\u00a0<\/strong><\/p>\n<p>Tots aquests factors giren entorn a <strong>dos objectius en qu\u00e8<\/strong>, en paraules de l&#8217;Acad\u00e8mica Corresponent<strong>, &#8220;el farmac\u00e8utic podria ser un referent: promoci\u00f3 de la salut i prevenci\u00f3 de la malaltia&#8221;.<\/strong><\/p>\n<p style=\"text-align: justify;\"><div class=\"box shadow\">Marta Castells, Acad\u00e8mica Corresponent de la RAFC, va ser vocal d\u2019Alimentaci\u00f3 del Col\u00b7legi de Farmac\u00e8utics de Barcelona (1998-2006). \u00c9s M\u00e0ster en Nutrici\u00f3 i Bromatologia, Certified Health Coach per la National Society of Health Coaches (USA), M\u00e0ster en Coaching amb PNL, estudis de Homeopatia, Aromater\u00e0pia i altres Ter\u00e0pies Naturals. \u00c9s coautora del llibre \u201cAprendre a Menjar. Com alimentar-se per viure millor\u201d (2002) i de \u201cTDAH. Un nou enfocament\u201d, Com tractar la manca d\u2019atenci\u00f3 i la hiperactivitat\u201d.\u00a0(font:\u00a0<a href=\"http:\/\/www.farmaciasaludnatural.com\/Equipo.aspx\" target=\"_blank\" rel=\"noopener\">farm\u00e0cia Dra. Marta Castells<\/a>).<\/div><\/p>\n<p><strong>Potser tamb\u00e9 t&#8217;interessa:<\/strong><\/p>\n<ul>\n<li><a href=\"http:\/\/blog.cofb.cat\/ingressos-a-la-reial-academia-de-farmacia-de-catalunya-aquilino-garcia-i-marta-castells\/\" target=\"_blank\" rel=\"noopener\">Ingressos a la Reial Acad\u00e8mia de Farm\u00e0cia de Catalunya: Aquilino Garcia i Marta Castells<\/a><\/li>\n<\/ul>\n","protected":false},"excerpt":{"rendered":"<p>Entrevista Marta Castells, farmac\u00e8utica i Acad\u00e8mica Corresponent de la Reial Acad\u00e8mia de Farm\u00e0cia de Catalunya from COFB on Vimeo. &#8220;La farm\u00e0cia integrativa se centra en la visi\u00f3 global del pacient, no nom\u00e9s en el medicament&#8221;. Aix\u00ed descriu \u00a0la farmac\u00e8utica Marta Castells aquest model de farm\u00e0cia recollit al\u00a0discurs que va llegir [&hellip;]<\/p>\n","protected":false},"author":1,"featured_media":26349,"comment_status":"open","ping_status":"open","sticky":false,"template":"","format":"standard","meta":{"_uag_custom_page_level_css":"","site-sidebar-layout":"default","site-content-layout":"","ast-site-content-layout":"default","site-content-style":"default","site-sidebar-style":"default","ast-global-header-display":"","ast-banner-title-visibility":"","ast-main-header-display":"","ast-hfb-above-header-display":"","ast-hfb-below-header-display":"","ast-hfb-mobile-header-display":"","site-post-title":"","ast-breadcrumbs-content":"","ast-featured-img":"disabled","footer-sml-layout":"","theme-transparent-header-meta":"","adv-header-id-meta":"","stick-header-meta":"","header-above-stick-meta":"","header-main-stick-meta":"","header-below-stick-meta":"","astra-migrate-meta-layouts":"default","ast-page-background-enabled":"default","ast-page-background-meta":{"desktop":{"background-color":"var(--ast-global-color-4)","background-image":"","background-repeat":"repeat","background-position":"center center","background-size":"auto","background-attachment":"scroll","background-type":"","background-media":"","overlay-type":"","overlay-color":"","overlay-opacity":"","overlay-gradient":""},"tablet":{"background-color":"","background-image":"","background-repeat":"repeat","background-position":"center center","background-size":"auto","background-attachment":"scroll","background-type":"","background-media":"","overlay-type":"","overlay-color":"","overlay-opacity":"","overlay-gradient":""},"mobile":{"background-color":"","background-image":"","background-repeat":"repeat","background-position":"center center","background-size":"auto","background-attachment":"scroll","background-type":"","background-media":"","overlay-type":"","overlay-color":"","overlay-opacity":"","overlay-gradient":""}},"ast-content-background-meta":{"desktop":{"background-color":"var(--ast-global-color-5)","background-image":"","background-repeat":"repeat","background-position":"center center","background-size":"auto","background-attachment":"scroll","background-type":"","background-media":"","overlay-type":"","overlay-color":"","overlay-opacity":"","overlay-gradient":""},"tablet":{"background-color":"var(--ast-global-color-5)","background-image":"","background-repeat":"repeat","background-position":"center center","background-size":"auto","background-attachment":"scroll","background-type":"","background-media":"","overlay-type":"","overlay-color":"","overlay-opacity":"","overlay-gradient":""},"mobile":{"background-color":"var(--ast-global-color-5)","background-image":"","background-repeat":"repeat","background-position":"center center","background-size":"auto","background-attachment":"scroll","background-type":"","background-media":"","overlay-type":"","overlay-color":"","overlay-opacity":"","overlay-gradient":""}},"footnotes":""},"categories":[32],"tags":[69,2577,2343,2236,2578],"class_list":["post-26260","post","type-post","status-publish","format-standard","has-post-thumbnail","hentry","category-noticies-farmacia","tag-farmacia-comunitaria","tag-farmacia-integrativa","tag-marta-castells","tag-rafc","tag-reial-academia-de-farmacia-de-catalunya"],"yoast_head":"<!-- This site is optimized with the Yoast SEO plugin v22.4 - https:\/\/yoast.com\/wordpress\/plugins\/seo\/ -->\n<title>Entrevista Marta Castells: qu\u00e8 aporta la farm\u00e0cia integrativa al pacient?<\/title>\n<meta name=\"description\" content=\"Entrevista Marta Castells: qu\u00e8 aporta la farm\u00e0cia integrativa al pacient? Va ingressar a la RAFC com a Acad\u00e8mica Corresponent.\" \/>\n<meta name=\"robots\" content=\"index, follow, max-snippet:-1, max-image-preview:large, max-video-preview:-1\" \/>\n<link rel=\"canonical\" href=\"https:\/\/novaorg.cofb.net\/2016\/11\/30\/entrevista-marta-castells-la-farmacia-integrativa-se-centra-en-la-visio-global-del-pacient\/\" \/>\n<meta property=\"og:locale\" content=\"ca_ES\" \/>\n<meta property=\"og:type\" content=\"article\" \/>\n<meta property=\"og:title\" content=\"Entrevista Marta Castells: qu\u00e8 aporta la farm\u00e0cia integrativa al pacient?\" \/>\n<meta property=\"og:description\" content=\"Entrevista Marta Castells: qu\u00e8 aporta la farm\u00e0cia integrativa al pacient? Va ingressar a la RAFC com a Acad\u00e8mica Corresponent.\" \/>\n<meta property=\"og:url\" content=\"https:\/\/novaorg.cofb.net\/2016\/11\/30\/entrevista-marta-castells-la-farmacia-integrativa-se-centra-en-la-visio-global-del-pacient\/\" \/>\n<meta property=\"og:site_name\" content=\"Col\u00b7legi de Farmac\u00e8utics de Barcelona\" \/>\n<meta property=\"article:publisher\" content=\"https:\/\/www.facebook.com\/farmaceuticsbcn\/\" \/>\n<meta property=\"article:published_time\" content=\"2016-11-30T08:49:04+00:00\" \/>\n<meta name=\"author\" content=\"wpAdminCofbOrg\" \/>\n<meta name=\"twitter:card\" content=\"summary_large_image\" \/>\n<meta name=\"twitter:creator\" content=\"@farmaceuticsbcn\" \/>\n<meta name=\"twitter:site\" content=\"@farmaceuticsbcn\" \/>\n<meta name=\"twitter:label1\" content=\"Escrit per\" \/>\n\t<meta name=\"twitter:data1\" content=\"wpAdminCofbOrg\" \/>\n\t<meta name=\"twitter:label2\" content=\"Temps estimat de lectura\" \/>\n\t<meta name=\"twitter:data2\" content=\"1 minut\" \/>\n<script type=\"application\/ld+json\" class=\"yoast-schema-graph\">{\"@context\":\"https:\/\/schema.org\",\"@graph\":[{\"@type\":\"Article\",\"@id\":\"https:\/\/novaorg.cofb.net\/2016\/11\/30\/entrevista-marta-castells-la-farmacia-integrativa-se-centra-en-la-visio-global-del-pacient\/#article\",\"isPartOf\":{\"@id\":\"https:\/\/novaorg.cofb.net\/2016\/11\/30\/entrevista-marta-castells-la-farmacia-integrativa-se-centra-en-la-visio-global-del-pacient\/\"},\"author\":{\"name\":\"wpAdminCofbOrg\",\"@id\":\"https:\/\/www.cofb.org\/#\/schema\/person\/22ed7eea88da74b0fa4d3154ad87ffcb\"},\"headline\":\"Entrevista Marta Castells: qu\u00e8 aporta la farm\u00e0cia integrativa al pacient?\",\"datePublished\":\"2016-11-30T08:49:04+00:00\",\"dateModified\":\"2016-11-30T08:49:04+00:00\",\"mainEntityOfPage\":{\"@id\":\"https:\/\/novaorg.cofb.net\/2016\/11\/30\/entrevista-marta-castells-la-farmacia-integrativa-se-centra-en-la-visio-global-del-pacient\/\"},\"wordCount\":303,\"commentCount\":0,\"publisher\":{\"@id\":\"https:\/\/www.cofb.org\/#organization\"},\"image\":{\"@id\":\"https:\/\/novaorg.cofb.net\/2016\/11\/30\/entrevista-marta-castells-la-farmacia-integrativa-se-centra-en-la-visio-global-del-pacient\/#primaryimage\"},\"thumbnailUrl\":\"\",\"keywords\":[\"farm\u00e0cia comunit\u00e0ria\",\"farm\u00e0cia integrativa\",\"Marta Castells\",\"RAFC\",\"Reial Acad\u00e8mia de Farm\u00e0cia de Catalunya\"],\"articleSection\":[\"Not\u00edcies farm\u00e0cia\"],\"inLanguage\":\"ca\",\"potentialAction\":[{\"@type\":\"CommentAction\",\"name\":\"Comment\",\"target\":[\"https:\/\/novaorg.cofb.net\/2016\/11\/30\/entrevista-marta-castells-la-farmacia-integrativa-se-centra-en-la-visio-global-del-pacient\/#respond\"]}]},{\"@type\":\"WebPage\",\"@id\":\"https:\/\/novaorg.cofb.net\/2016\/11\/30\/entrevista-marta-castells-la-farmacia-integrativa-se-centra-en-la-visio-global-del-pacient\/\",\"url\":\"https:\/\/novaorg.cofb.net\/2016\/11\/30\/entrevista-marta-castells-la-farmacia-integrativa-se-centra-en-la-visio-global-del-pacient\/\",\"name\":\"Entrevista Marta Castells: qu\u00e8 aporta la farm\u00e0cia integrativa al pacient?\",\"isPartOf\":{\"@id\":\"https:\/\/www.cofb.org\/#website\"},\"primaryImageOfPage\":{\"@id\":\"https:\/\/novaorg.cofb.net\/2016\/11\/30\/entrevista-marta-castells-la-farmacia-integrativa-se-centra-en-la-visio-global-del-pacient\/#primaryimage\"},\"image\":{\"@id\":\"https:\/\/novaorg.cofb.net\/2016\/11\/30\/entrevista-marta-castells-la-farmacia-integrativa-se-centra-en-la-visio-global-del-pacient\/#primaryimage\"},\"thumbnailUrl\":\"\",\"datePublished\":\"2016-11-30T08:49:04+00:00\",\"dateModified\":\"2016-11-30T08:49:04+00:00\",\"description\":\"Entrevista Marta Castells: qu\u00e8 aporta la farm\u00e0cia integrativa al pacient? Va ingressar a la RAFC com a Acad\u00e8mica Corresponent.\",\"breadcrumb\":{\"@id\":\"https:\/\/novaorg.cofb.net\/2016\/11\/30\/entrevista-marta-castells-la-farmacia-integrativa-se-centra-en-la-visio-global-del-pacient\/#breadcrumb\"},\"inLanguage\":\"ca\",\"potentialAction\":[{\"@type\":\"ReadAction\",\"target\":[\"https:\/\/novaorg.cofb.net\/2016\/11\/30\/entrevista-marta-castells-la-farmacia-integrativa-se-centra-en-la-visio-global-del-pacient\/\"]}]},{\"@type\":\"ImageObject\",\"inLanguage\":\"ca\",\"@id\":\"https:\/\/novaorg.cofb.net\/2016\/11\/30\/entrevista-marta-castells-la-farmacia-integrativa-se-centra-en-la-visio-global-del-pacient\/#primaryimage\",\"url\":\"\",\"contentUrl\":\"\"},{\"@type\":\"BreadcrumbList\",\"@id\":\"https:\/\/novaorg.cofb.net\/2016\/11\/30\/entrevista-marta-castells-la-farmacia-integrativa-se-centra-en-la-visio-global-del-pacient\/#breadcrumb\",\"itemListElement\":[{\"@type\":\"ListItem\",\"position\":1,\"name\":\"Inici\",\"item\":\"https:\/\/novaorg.cofb.net\/\"},{\"@type\":\"ListItem\",\"position\":2,\"name\":\"Entrevista Marta Castells: qu\u00e8 aporta la farm\u00e0cia integrativa al pacient?\"}]},{\"@type\":\"WebSite\",\"@id\":\"https:\/\/www.cofb.org\/#website\",\"url\":\"https:\/\/www.cofb.org\/\",\"name\":\"Col\u00b7legi de Farmac\u00e8utics de Barcelona\",\"description\":\"\",\"publisher\":{\"@id\":\"https:\/\/www.cofb.org\/#organization\"},\"potentialAction\":[{\"@type\":\"SearchAction\",\"target\":{\"@type\":\"EntryPoint\",\"urlTemplate\":\"https:\/\/www.cofb.org\/?s={search_term_string}\"},\"query-input\":\"required name=search_term_string\"}],\"inLanguage\":\"ca\"},{\"@type\":\"Organization\",\"@id\":\"https:\/\/www.cofb.org\/#organization\",\"name\":\"Col\u00b7legi de Farmac\u00e8utics de Barcelona\",\"url\":\"https:\/\/www.cofb.org\/\",\"logo\":{\"@type\":\"ImageObject\",\"inLanguage\":\"ca\",\"@id\":\"https:\/\/www.cofb.org\/#\/schema\/logo\/image\/\",\"url\":\"https:\/\/www.cofb.org\/wp-content\/uploads\/2023\/11\/cropped-Logotip-COFB.png\",\"contentUrl\":\"https:\/\/www.cofb.org\/wp-content\/uploads\/2023\/11\/cropped-Logotip-COFB.png\",\"width\":500,\"height\":105,\"caption\":\"Col\u00b7legi de Farmac\u00e8utics de Barcelona\"},\"image\":{\"@id\":\"https:\/\/www.cofb.org\/#\/schema\/logo\/image\/\"},\"sameAs\":[\"https:\/\/www.facebook.com\/farmaceuticsbcn\/\",\"https:\/\/twitter.com\/farmaceuticsbcn\",\"https:\/\/www.instagram.com\/farmaceuticsbcn\/\",\"https:\/\/www.linkedin.com\/company\/farmaceuticsbcn\/\"]},{\"@type\":\"Person\",\"@id\":\"https:\/\/www.cofb.org\/#\/schema\/person\/22ed7eea88da74b0fa4d3154ad87ffcb\",\"name\":\"wpAdminCofbOrg\",\"image\":{\"@type\":\"ImageObject\",\"inLanguage\":\"ca\",\"@id\":\"https:\/\/www.cofb.org\/#\/schema\/person\/image\/\",\"url\":\"https:\/\/secure.gravatar.com\/avatar\/1721b20b3b8ca882c3b56ec6c978c594fff670e40c0718e9190eaeeb76aae7d8?s=96&d=mm&r=g\",\"contentUrl\":\"https:\/\/secure.gravatar.com\/avatar\/1721b20b3b8ca882c3b56ec6c978c594fff670e40c0718e9190eaeeb76aae7d8?s=96&d=mm&r=g\",\"caption\":\"wpAdminCofbOrg\"},\"sameAs\":[\"http:\/\/192.168.64.122\/wordpress\"],\"url\":\"https:\/\/www.cofb.org\/ca\/author\/wpadmincofborg\/\"}]}<\/script>\n<!-- \/ Yoast SEO plugin. -->","yoast_head_json":{"title":"Entrevista Marta Castells: qu\u00e8 aporta la farm\u00e0cia integrativa al pacient?","description":"Entrevista Marta Castells: qu\u00e8 aporta la farm\u00e0cia integrativa al pacient? Va ingressar a la RAFC com a Acad\u00e8mica Corresponent.","robots":{"index":"index","follow":"follow","max-snippet":"max-snippet:-1","max-image-preview":"max-image-preview:large","max-video-preview":"max-video-preview:-1"},"canonical":"https:\/\/novaorg.cofb.net\/2016\/11\/30\/entrevista-marta-castells-la-farmacia-integrativa-se-centra-en-la-visio-global-del-pacient\/","og_locale":"ca_ES","og_type":"article","og_title":"Entrevista Marta Castells: qu\u00e8 aporta la farm\u00e0cia integrativa al pacient?","og_description":"Entrevista Marta Castells: qu\u00e8 aporta la farm\u00e0cia integrativa al pacient? Va ingressar a la RAFC com a Acad\u00e8mica Corresponent.","og_url":"https:\/\/novaorg.cofb.net\/2016\/11\/30\/entrevista-marta-castells-la-farmacia-integrativa-se-centra-en-la-visio-global-del-pacient\/","og_site_name":"Col\u00b7legi de Farmac\u00e8utics de Barcelona","article_publisher":"https:\/\/www.facebook.com\/farmaceuticsbcn\/","article_published_time":"2016-11-30T08:49:04+00:00","author":"wpAdminCofbOrg","twitter_card":"summary_large_image","twitter_creator":"@farmaceuticsbcn","twitter_site":"@farmaceuticsbcn","twitter_misc":{"Escrit per":"wpAdminCofbOrg","Temps estimat de lectura":"1 minut"},"schema":{"@context":"https:\/\/schema.org","@graph":[{"@type":"Article","@id":"https:\/\/novaorg.cofb.net\/2016\/11\/30\/entrevista-marta-castells-la-farmacia-integrativa-se-centra-en-la-visio-global-del-pacient\/#article","isPartOf":{"@id":"https:\/\/novaorg.cofb.net\/2016\/11\/30\/entrevista-marta-castells-la-farmacia-integrativa-se-centra-en-la-visio-global-del-pacient\/"},"author":{"name":"wpAdminCofbOrg","@id":"https:\/\/www.cofb.org\/#\/schema\/person\/22ed7eea88da74b0fa4d3154ad87ffcb"},"headline":"Entrevista Marta Castells: qu\u00e8 aporta la farm\u00e0cia integrativa al pacient?","datePublished":"2016-11-30T08:49:04+00:00","dateModified":"2016-11-30T08:49:04+00:00","mainEntityOfPage":{"@id":"https:\/\/novaorg.cofb.net\/2016\/11\/30\/entrevista-marta-castells-la-farmacia-integrativa-se-centra-en-la-visio-global-del-pacient\/"},"wordCount":303,"commentCount":0,"publisher":{"@id":"https:\/\/www.cofb.org\/#organization"},"image":{"@id":"https:\/\/novaorg.cofb.net\/2016\/11\/30\/entrevista-marta-castells-la-farmacia-integrativa-se-centra-en-la-visio-global-del-pacient\/#primaryimage"},"thumbnailUrl":"","keywords":["farm\u00e0cia comunit\u00e0ria","farm\u00e0cia integrativa","Marta Castells","RAFC","Reial Acad\u00e8mia de Farm\u00e0cia de Catalunya"],"articleSection":["Not\u00edcies farm\u00e0cia"],"inLanguage":"ca","potentialAction":[{"@type":"CommentAction","name":"Comment","target":["https:\/\/novaorg.cofb.net\/2016\/11\/30\/entrevista-marta-castells-la-farmacia-integrativa-se-centra-en-la-visio-global-del-pacient\/#respond"]}]},{"@type":"WebPage","@id":"https:\/\/novaorg.cofb.net\/2016\/11\/30\/entrevista-marta-castells-la-farmacia-integrativa-se-centra-en-la-visio-global-del-pacient\/","url":"https:\/\/novaorg.cofb.net\/2016\/11\/30\/entrevista-marta-castells-la-farmacia-integrativa-se-centra-en-la-visio-global-del-pacient\/","name":"Entrevista Marta Castells: qu\u00e8 aporta la farm\u00e0cia integrativa al pacient?","isPartOf":{"@id":"https:\/\/www.cofb.org\/#website"},"primaryImageOfPage":{"@id":"https:\/\/novaorg.cofb.net\/2016\/11\/30\/entrevista-marta-castells-la-farmacia-integrativa-se-centra-en-la-visio-global-del-pacient\/#primaryimage"},"image":{"@id":"https:\/\/novaorg.cofb.net\/2016\/11\/30\/entrevista-marta-castells-la-farmacia-integrativa-se-centra-en-la-visio-global-del-pacient\/#primaryimage"},"thumbnailUrl":"","datePublished":"2016-11-30T08:49:04+00:00","dateModified":"2016-11-30T08:49:04+00:00","description":"Entrevista Marta Castells: qu\u00e8 aporta la farm\u00e0cia integrativa al pacient? Va ingressar a la RAFC com a Acad\u00e8mica Corresponent.","breadcrumb":{"@id":"https:\/\/novaorg.cofb.net\/2016\/11\/30\/entrevista-marta-castells-la-farmacia-integrativa-se-centra-en-la-visio-global-del-pacient\/#breadcrumb"},"inLanguage":"ca","potentialAction":[{"@type":"ReadAction","target":["https:\/\/novaorg.cofb.net\/2016\/11\/30\/entrevista-marta-castells-la-farmacia-integrativa-se-centra-en-la-visio-global-del-pacient\/"]}]},{"@type":"ImageObject","inLanguage":"ca","@id":"https:\/\/novaorg.cofb.net\/2016\/11\/30\/entrevista-marta-castells-la-farmacia-integrativa-se-centra-en-la-visio-global-del-pacient\/#primaryimage","url":"","contentUrl":""},{"@type":"BreadcrumbList","@id":"https:\/\/novaorg.cofb.net\/2016\/11\/30\/entrevista-marta-castells-la-farmacia-integrativa-se-centra-en-la-visio-global-del-pacient\/#breadcrumb","itemListElement":[{"@type":"ListItem","position":1,"name":"Inici","item":"https:\/\/novaorg.cofb.net\/"},{"@type":"ListItem","position":2,"name":"Entrevista Marta Castells: qu\u00e8 aporta la farm\u00e0cia integrativa al pacient?"}]},{"@type":"WebSite","@id":"https:\/\/www.cofb.org\/#website","url":"https:\/\/www.cofb.org\/","name":"Col\u00b7legi de Farmac\u00e8utics de Barcelona","description":"","publisher":{"@id":"https:\/\/www.cofb.org\/#organization"},"potentialAction":[{"@type":"SearchAction","target":{"@type":"EntryPoint","urlTemplate":"https:\/\/www.cofb.org\/?s={search_term_string}"},"query-input":"required name=search_term_string"}],"inLanguage":"ca"},{"@type":"Organization","@id":"https:\/\/www.cofb.org\/#organization","name":"Col\u00b7legi de Farmac\u00e8utics de Barcelona","url":"https:\/\/www.cofb.org\/","logo":{"@type":"ImageObject","inLanguage":"ca","@id":"https:\/\/www.cofb.org\/#\/schema\/logo\/image\/","url":"https:\/\/www.cofb.org\/wp-content\/uploads\/2023\/11\/cropped-Logotip-COFB.png","contentUrl":"https:\/\/www.cofb.org\/wp-content\/uploads\/2023\/11\/cropped-Logotip-COFB.png","width":500,"height":105,"caption":"Col\u00b7legi de Farmac\u00e8utics de Barcelona"},"image":{"@id":"https:\/\/www.cofb.org\/#\/schema\/logo\/image\/"},"sameAs":["https:\/\/www.facebook.com\/farmaceuticsbcn\/","https:\/\/twitter.com\/farmaceuticsbcn","https:\/\/www.instagram.com\/farmaceuticsbcn\/","https:\/\/www.linkedin.com\/company\/farmaceuticsbcn\/"]},{"@type":"Person","@id":"https:\/\/www.cofb.org\/#\/schema\/person\/22ed7eea88da74b0fa4d3154ad87ffcb","name":"wpAdminCofbOrg","image":{"@type":"ImageObject","inLanguage":"ca","@id":"https:\/\/www.cofb.org\/#\/schema\/person\/image\/","url":"https:\/\/secure.gravatar.com\/avatar\/1721b20b3b8ca882c3b56ec6c978c594fff670e40c0718e9190eaeeb76aae7d8?s=96&d=mm&r=g","contentUrl":"https:\/\/secure.gravatar.com\/avatar\/1721b20b3b8ca882c3b56ec6c978c594fff670e40c0718e9190eaeeb76aae7d8?s=96&d=mm&r=g","caption":"wpAdminCofbOrg"},"sameAs":["http:\/\/192.168.64.122\/wordpress"],"url":"https:\/\/www.cofb.org\/ca\/author\/wpadmincofborg\/"}]}},"uagb_featured_image_src":{"full":false,"thumbnail":false,"medium":false,"medium_large":false,"large":false,"1536x1536":false,"2048x2048":false,"trp-custom-language-flag":false},"uagb_author_info":{"display_name":"wpAdminCofbOrg","author_link":"https:\/\/www.cofb.org\/ca\/author\/wpadmincofborg\/"},"uagb_comment_info":0,"uagb_excerpt":"Entrevista Marta Castells, farmac\u00e8utica i Acad\u00e8mica Corresponent de la Reial Acad\u00e8mia de Farm\u00e0cia de Catalunya from COFB on Vimeo. &#8220;La farm\u00e0cia integrativa se centra en la visi\u00f3 global del pacient, no nom\u00e9s en el medicament&#8221;. Aix\u00ed descriu \u00a0la farmac\u00e8utica Marta Castells aquest model de farm\u00e0cia recollit al\u00a0discurs que va llegir [&hellip;]","_links":{"self":[{"href":"https:\/\/www.cofb.org\/ca\/wp-json\/wp\/v2\/posts\/26260","targetHints":{"allow":["GET"]}}],"collection":[{"href":"https:\/\/www.cofb.org\/ca\/wp-json\/wp\/v2\/posts"}],"about":[{"href":"https:\/\/www.cofb.org\/ca\/wp-json\/wp\/v2\/types\/post"}],"author":[{"embeddable":true,"href":"https:\/\/www.cofb.org\/ca\/wp-json\/wp\/v2\/users\/1"}],"replies":[{"embeddable":true,"href":"https:\/\/www.cofb.org\/ca\/wp-json\/wp\/v2\/comments?post=26260"}],"version-history":[{"count":0,"href":"https:\/\/www.cofb.org\/ca\/wp-json\/wp\/v2\/posts\/26260\/revisions"}],"wp:featuredmedia":[{"embeddable":true,"href":"https:\/\/www.cofb.org\/ca\/wp-json\/"}],"wp:attachment":[{"href":"https:\/\/www.cofb.org\/ca\/wp-json\/wp\/v2\/media?parent=26260"}],"wp:term":[{"taxonomy":"category","embeddable":true,"href":"https:\/\/www.cofb.org\/ca\/wp-json\/wp\/v2\/categories?post=26260"},{"taxonomy":"post_tag","embeddable":true,"href":"https:\/\/www.cofb.org\/ca\/wp-json\/wp\/v2\/tags?post=26260"}],"curies":[{"name":"wp","href":"https:\/\/api.w.org\/{rel}","templated":true}]}}