{"id":26104,"date":"2016-11-22T18:27:28","date_gmt":"2016-11-22T17:27:28","guid":{"rendered":"http:\/\/blog.cofb.cat\/?p=26104"},"modified":"2016-11-22T18:27:28","modified_gmt":"2016-11-22T17:27:28","slug":"disponible-nou-numero-de-la-publicacio-cientifica-circular-farmaceutica","status":"publish","type":"post","link":"https:\/\/www.cofb.org\/ca\/2016\/11\/22\/disponible-nou-numero-de-la-publicacio-cientifica-circular-farmaceutica\/","title":{"rendered":"Disponible nou n\u00famero de la publicaci\u00f3 cient\u00edfica Circular Farmac\u00e8utica"},"content":{"rendered":"<p><a href=\"http:\/\/www.cofb.org\/web\/guest\/circular-farmaceutica\" target=\"_blank\" rel=\"noopener\"><img fetchpriority=\"high\" decoding=\"async\" class=\"size-full wp-image-26105 alignleft\" alt=\"circular-3trimetre-2016-74\" src=\"http:\/\/blog.cofb.cat\/wp-content\/uploads\/2016\/11\/circular-3trimetre-2016-74.jpg\" width=\"227\" height=\"300\" \/><\/a><strong>Disponible nou n\u00famero<\/strong> de la<strong> Circular Farmac\u00e8utica<\/strong>,\u00a0<strong>publicaci\u00f3 cient\u00edfica que trimestralment edita el Col\u00b7legi,<\/strong>\u00a0que recull articles elaborats per professionals sanitaris de reconegut prestigi. En la portada d&#8217;aquest nou n\u00famero, la utilitzaci\u00f3 del plasma ric en factors de creixement (PRGF) en oftalmologia i el secret dels<strong> radiof\u00e0rmacs en el diagn\u00f2stic cl\u00ednic nuclear per la imatg<\/strong>e a l&#8217;apartat <em>Farmacoter\u00e0pia,<\/em> i les<strong>\u00a0recomanacions diet\u00e8tiques per a les<\/strong>\u00a0<strong>dislip\u00e8mies\u00a0<\/strong>a <em>Alimentaci\u00f3 i nutrici\u00f3<\/em>. Aquesta publicaci\u00f3 est\u00e0 disponible en PDF.<\/p>\n<div class=\"box shadow\">Sumari del nou n\u00famero:<\/p>\n<p><strong><a href=\"http:\/\/www.cofb.org\/web\/guest\/circular-farmaceutica\" target=\"_blank\" rel=\"noopener\">Vol. 74, n\u00fam. 3, tercer trimestre 2016<\/a><\/strong><\/p>\n<ul>\n<li>Editorial: signada per Tom\u00e0s Casas\u00edn, director de la revista.<\/li>\n<li>Farmacoter\u00e0pia: Utilitzaci\u00f3 de plasma RIC en factors de creixement (PRGF) en oftalmologia \/ radiof\u00e0rmacs: leucocits marcats amb radionuclids \/ Tractamanet farmacol\u00f2gic del glaucoma d&#8217;angle obert<\/li>\n<li>Casos cl\u00ednics: El transplantament haploid\u00e8ntic \/ Leucoencefalopatia multifocal progressiva<\/li>\n<li>Espigolant<\/li>\n<li>Alimentaci\u00f3 i nutrici\u00f3: Fitxes de recomanacions diet\u00e8tiques en les dislip\u00e8mies<\/li>\n<li>Doc\u00e8ncia: An\u00e0lisi de la prescripci\u00f3 d&#8217;inhibidors de la bomba de protons \/ La Facultat de Farm\u00e0cia ha canviat de nom<\/li>\n<li>Salut p\u00fablica: Brots de botulisme a Catalunya<\/li>\n<li>Innovadors<\/li>\n<li>Vademecum Cultural<\/li>\n<\/ul>\n<p><a href=\"http:\/\/www.cofb.org\/web\/guest\/circular-farmaceutica\" target=\"_blank\" rel=\"noopener\">Veure n\u00fameros anteriors de Circular Farmac\u00e8utica<\/a>\u00a0(via cofb.org)<\/div>\n<p>Els darrers n\u00fameros de Circular Farmac\u00e8utica, recollits al Blog:<\/p>\n<ul>\n<li><a href=\"http:\/\/blog.cofb.cat\/nova-edicio-de-la-revista-cientifica-del-col%C2%B7legi-circular-farmaceutica\/\" target=\"_blank\" rel=\"noopener\">Nova edici\u00f3 de la revista cient\u00edfica del Col\u00b7legi, Circular Farmac\u00e8utica<\/a> &#8211; Vol. 74, n\u00fam. 2, segon trimestre 2016<\/li>\n<li><a href=\"http:\/\/blog.cofb.cat\/disponible-un-nou-numero-de-circular-farmaceutica-la-revista-cientifica-del-col%C2%B7legi\/\" target=\"_blank\" rel=\"noopener\">Disponible un nou n\u00famero de Circular Farmac\u00e8utica, la revista cient\u00edfica del Col\u00b7legi<\/a> &#8211;\u00a0Vol. 74, n\u00fam. 1, primer trimestre 2016<\/li>\n<li><a href=\"http:\/\/blog.cofb.cat\/circular-farmaceutica-beques-col%C2%B7legials-farmacoterapia-i-recomanacions-dietetiques\/\" target=\"_blank\" rel=\"noopener\">Circular Farmac\u00e8utica: beques col\u00b7legials, farmacoter\u00e0pia i recomanacions diet\u00e8tiques<\/a> &#8211;\u00a0Vol. 73, n\u00fam. 4, quart trimestre 2015<\/li>\n<li><a href=\"http:\/\/blog.cofb.cat\/circular-farmaceutica-interpretacio-de-lelectrocardiograma-fitxes-dalimentacio-i-nutricio-i-revisio-farmacoterapeutica-per-a-la-incontinencia-urinaria\/\" target=\"_blank\" rel=\"noopener\">Circular Farmac\u00e8utica: interpretaci\u00f3 de l\u2019electrocardiograma, fitxes d\u2019alimentaci\u00f3 i nutrici\u00f3 i revisi\u00f3 farmacoterap\u00e8utica per a la incontin\u00e8ncia urin\u00e0ria<\/a> &#8211;\u00a0Vol. 73, n\u00fam. 3, tercer trimestre 2015<\/li>\n<li><a href=\"http:\/\/blog.cofb.cat\/circular-farmaceutica-tractament-de-la-queratosis-actinica-estres-i-alimentacio-i-un-nou-farmac-per-al-tractament-de-la-dependencia-alcoholica\/\" target=\"_blank\" rel=\"noopener\">Circular Farmac\u00e9utica: tractament de la queratosis act\u00ednica, estr\u00e8s i alimentaci\u00f3, i un nou f\u00e0rmac per al tractament de la depend\u00e8ncia alcoh\u00f2lic<\/a>a &#8211; \u00a0vol. 73, n\u00fam. 2segon trimestre 2015<\/li>\n<li><a href=\"http:\/\/blog.cofb.cat\/circular-farmaceutica-medicaments-per-al-parkinson-avaluacio-de-la-prescripcio-inadequada-i-conciliacio-farmacoterapeutica\/\" target=\"_blank\" rel=\"noopener\">Circular Farmac\u00e8utica: medicaments per al Parkinson, avaluaci\u00f3 de la prescripci\u00f3 inadequada i conciliaci\u00f3 farmacoterap\u00e8utica<\/a> &#8211; vol. 73, n\u00fam. 1, primer trimestre 2015<\/li>\n<\/ul>\n","protected":false},"excerpt":{"rendered":"<p>Disponible nou n\u00famero de la Circular Farmac\u00e8utica,\u00a0publicaci\u00f3 cient\u00edfica que trimestralment edita el Col\u00b7legi,\u00a0que recull articles elaborats per professionals sanitaris de reconegut prestigi. En la portada d&#8217;aquest nou n\u00famero, la utilitzaci\u00f3 del plasma ric en factors de creixement (PRGF) en oftalmologia i el secret dels radiof\u00e0rmacs en el diagn\u00f2stic cl\u00ednic nuclear [&hellip;]<\/p>\n","protected":false},"author":1,"featured_media":26126,"comment_status":"open","ping_status":"open","sticky":false,"template":"","format":"standard","meta":{"_uag_custom_page_level_css":"","site-sidebar-layout":"default","site-content-layout":"","ast-site-content-layout":"default","site-content-style":"default","site-sidebar-style":"default","ast-global-header-display":"","ast-banner-title-visibility":"","ast-main-header-display":"","ast-hfb-above-header-display":"","ast-hfb-below-header-display":"","ast-hfb-mobile-header-display":"","site-post-title":"","ast-breadcrumbs-content":"","ast-featured-img":"disabled","footer-sml-layout":"","theme-transparent-header-meta":"","adv-header-id-meta":"","stick-header-meta":"","header-above-stick-meta":"","header-main-stick-meta":"","header-below-stick-meta":"","astra-migrate-meta-layouts":"default","ast-page-background-enabled":"default","ast-page-background-meta":{"desktop":{"background-color":"var(--ast-global-color-4)","background-image":"","background-repeat":"repeat","background-position":"center center","background-size":"auto","background-attachment":"scroll","background-type":"","background-media":"","overlay-type":"","overlay-color":"","overlay-opacity":"","overlay-gradient":""},"tablet":{"background-color":"","background-image":"","background-repeat":"repeat","background-position":"center center","background-size":"auto","background-attachment":"scroll","background-type":"","background-media":"","overlay-type":"","overlay-color":"","overlay-opacity":"","overlay-gradient":""},"mobile":{"background-color":"","background-image":"","background-repeat":"repeat","background-position":"center center","background-size":"auto","background-attachment":"scroll","background-type":"","background-media":"","overlay-type":"","overlay-color":"","overlay-opacity":"","overlay-gradient":""}},"ast-content-background-meta":{"desktop":{"background-color":"var(--ast-global-color-5)","background-image":"","background-repeat":"repeat","background-position":"center center","background-size":"auto","background-attachment":"scroll","background-type":"","background-media":"","overlay-type":"","overlay-color":"","overlay-opacity":"","overlay-gradient":""},"tablet":{"background-color":"var(--ast-global-color-5)","background-image":"","background-repeat":"repeat","background-position":"center center","background-size":"auto","background-attachment":"scroll","background-type":"","background-media":"","overlay-type":"","overlay-color":"","overlay-opacity":"","overlay-gradient":""},"mobile":{"background-color":"var(--ast-global-color-5)","background-image":"","background-repeat":"repeat","background-position":"center center","background-size":"auto","background-attachment":"scroll","background-type":"","background-media":"","overlay-type":"","overlay-color":"","overlay-opacity":"","overlay-gradient":""}},"footnotes":""},"categories":[57],"tags":[16,89,2575,91,2149,2576],"class_list":["post-26104","post","type-post","status-publish","format-standard","has-post-thumbnail","hentry","category-mon-collegial","tag-alimentacio-i-nutricio","tag-circular-farmaceutica","tag-dislipemies","tag-farmacoterapia","tag-publicacions","tag-radiofarmacs"],"yoast_head":"<!-- This site is optimized with the Yoast SEO plugin v22.4 - https:\/\/yoast.com\/wordpress\/plugins\/seo\/ -->\n<title>Disponible nou n\u00famero de la publicaci\u00f3 cient\u00edfica Circular Farmac\u00e8utica<\/title>\n<meta name=\"description\" content=\"Disponible nou n\u00famero de la publicaci\u00f3 cient\u00edfica Circular Farmac\u00e8utica. Edita el Col\u00b7legi trimestralment. N\u00famero 74, tercer trimestre de 2016.\" \/>\n<meta name=\"robots\" content=\"index, follow, max-snippet:-1, max-image-preview:large, max-video-preview:-1\" \/>\n<link rel=\"canonical\" href=\"https:\/\/novaorg.cofb.net\/2016\/11\/22\/disponible-nou-numero-de-la-publicacio-cientifica-circular-farmaceutica\/\" \/>\n<meta property=\"og:locale\" content=\"ca_ES\" \/>\n<meta property=\"og:type\" content=\"article\" \/>\n<meta property=\"og:title\" content=\"Disponible nou n\u00famero de la publicaci\u00f3 cient\u00edfica Circular Farmac\u00e8utica\" \/>\n<meta property=\"og:description\" content=\"Disponible nou n\u00famero de la publicaci\u00f3 cient\u00edfica Circular Farmac\u00e8utica. Edita el Col\u00b7legi trimestralment. N\u00famero 74, tercer trimestre de 2016.\" \/>\n<meta property=\"og:url\" content=\"https:\/\/novaorg.cofb.net\/2016\/11\/22\/disponible-nou-numero-de-la-publicacio-cientifica-circular-farmaceutica\/\" \/>\n<meta property=\"og:site_name\" content=\"Col\u00b7legi de Farmac\u00e8utics de Barcelona\" \/>\n<meta property=\"article:publisher\" content=\"https:\/\/www.facebook.com\/farmaceuticsbcn\/\" \/>\n<meta property=\"article:published_time\" content=\"2016-11-22T17:27:28+00:00\" \/>\n<meta name=\"author\" content=\"wpAdminCofbOrg\" \/>\n<meta name=\"twitter:card\" content=\"summary_large_image\" \/>\n<meta name=\"twitter:creator\" content=\"@farmaceuticsbcn\" \/>\n<meta name=\"twitter:site\" content=\"@farmaceuticsbcn\" \/>\n<meta name=\"twitter:label1\" content=\"Escrit per\" \/>\n\t<meta name=\"twitter:data1\" content=\"wpAdminCofbOrg\" \/>\n\t<meta name=\"twitter:label2\" content=\"Temps estimat de lectura\" \/>\n\t<meta name=\"twitter:data2\" content=\"2 minuts\" \/>\n<script type=\"application\/ld+json\" class=\"yoast-schema-graph\">{\"@context\":\"https:\/\/schema.org\",\"@graph\":[{\"@type\":\"Article\",\"@id\":\"https:\/\/novaorg.cofb.net\/2016\/11\/22\/disponible-nou-numero-de-la-publicacio-cientifica-circular-farmaceutica\/#article\",\"isPartOf\":{\"@id\":\"https:\/\/novaorg.cofb.net\/2016\/11\/22\/disponible-nou-numero-de-la-publicacio-cientifica-circular-farmaceutica\/\"},\"author\":{\"name\":\"wpAdminCofbOrg\",\"@id\":\"https:\/\/www.cofb.org\/#\/schema\/person\/22ed7eea88da74b0fa4d3154ad87ffcb\"},\"headline\":\"Disponible nou n\u00famero de la publicaci\u00f3 cient\u00edfica Circular Farmac\u00e8utica\",\"datePublished\":\"2016-11-22T17:27:28+00:00\",\"dateModified\":\"2016-11-22T17:27:28+00:00\",\"mainEntityOfPage\":{\"@id\":\"https:\/\/novaorg.cofb.net\/2016\/11\/22\/disponible-nou-numero-de-la-publicacio-cientifica-circular-farmaceutica\/\"},\"wordCount\":375,\"commentCount\":0,\"publisher\":{\"@id\":\"https:\/\/www.cofb.org\/#organization\"},\"image\":{\"@id\":\"https:\/\/novaorg.cofb.net\/2016\/11\/22\/disponible-nou-numero-de-la-publicacio-cientifica-circular-farmaceutica\/#primaryimage\"},\"thumbnailUrl\":\"\",\"keywords\":[\"Alimentaci\u00f3 i nutrici\u00f3\",\"Circular Farmac\u00e8utica\",\"dislip\u00e8mies\",\"farmacoter\u00e0pia\",\"Publicacions\",\"radiof\u00e0rmacs\"],\"articleSection\":[\"M\u00f3n col\u00b7legial\"],\"inLanguage\":\"ca\",\"potentialAction\":[{\"@type\":\"CommentAction\",\"name\":\"Comment\",\"target\":[\"https:\/\/novaorg.cofb.net\/2016\/11\/22\/disponible-nou-numero-de-la-publicacio-cientifica-circular-farmaceutica\/#respond\"]}]},{\"@type\":\"WebPage\",\"@id\":\"https:\/\/novaorg.cofb.net\/2016\/11\/22\/disponible-nou-numero-de-la-publicacio-cientifica-circular-farmaceutica\/\",\"url\":\"https:\/\/novaorg.cofb.net\/2016\/11\/22\/disponible-nou-numero-de-la-publicacio-cientifica-circular-farmaceutica\/\",\"name\":\"Disponible nou n\u00famero de la publicaci\u00f3 cient\u00edfica Circular Farmac\u00e8utica\",\"isPartOf\":{\"@id\":\"https:\/\/www.cofb.org\/#website\"},\"primaryImageOfPage\":{\"@id\":\"https:\/\/novaorg.cofb.net\/2016\/11\/22\/disponible-nou-numero-de-la-publicacio-cientifica-circular-farmaceutica\/#primaryimage\"},\"image\":{\"@id\":\"https:\/\/novaorg.cofb.net\/2016\/11\/22\/disponible-nou-numero-de-la-publicacio-cientifica-circular-farmaceutica\/#primaryimage\"},\"thumbnailUrl\":\"\",\"datePublished\":\"2016-11-22T17:27:28+00:00\",\"dateModified\":\"2016-11-22T17:27:28+00:00\",\"description\":\"Disponible nou n\u00famero de la publicaci\u00f3 cient\u00edfica Circular Farmac\u00e8utica. Edita el Col\u00b7legi trimestralment. N\u00famero 74, tercer trimestre de 2016.\",\"breadcrumb\":{\"@id\":\"https:\/\/novaorg.cofb.net\/2016\/11\/22\/disponible-nou-numero-de-la-publicacio-cientifica-circular-farmaceutica\/#breadcrumb\"},\"inLanguage\":\"ca\",\"potentialAction\":[{\"@type\":\"ReadAction\",\"target\":[\"https:\/\/novaorg.cofb.net\/2016\/11\/22\/disponible-nou-numero-de-la-publicacio-cientifica-circular-farmaceutica\/\"]}]},{\"@type\":\"ImageObject\",\"inLanguage\":\"ca\",\"@id\":\"https:\/\/novaorg.cofb.net\/2016\/11\/22\/disponible-nou-numero-de-la-publicacio-cientifica-circular-farmaceutica\/#primaryimage\",\"url\":\"\",\"contentUrl\":\"\"},{\"@type\":\"BreadcrumbList\",\"@id\":\"https:\/\/novaorg.cofb.net\/2016\/11\/22\/disponible-nou-numero-de-la-publicacio-cientifica-circular-farmaceutica\/#breadcrumb\",\"itemListElement\":[{\"@type\":\"ListItem\",\"position\":1,\"name\":\"Inici\",\"item\":\"https:\/\/novaorg.cofb.net\/\"},{\"@type\":\"ListItem\",\"position\":2,\"name\":\"Disponible nou n\u00famero de la publicaci\u00f3 cient\u00edfica Circular Farmac\u00e8utica\"}]},{\"@type\":\"WebSite\",\"@id\":\"https:\/\/www.cofb.org\/#website\",\"url\":\"https:\/\/www.cofb.org\/\",\"name\":\"Col\u00b7legi de Farmac\u00e8utics de Barcelona\",\"description\":\"\",\"publisher\":{\"@id\":\"https:\/\/www.cofb.org\/#organization\"},\"potentialAction\":[{\"@type\":\"SearchAction\",\"target\":{\"@type\":\"EntryPoint\",\"urlTemplate\":\"https:\/\/www.cofb.org\/?s={search_term_string}\"},\"query-input\":\"required name=search_term_string\"}],\"inLanguage\":\"ca\"},{\"@type\":\"Organization\",\"@id\":\"https:\/\/www.cofb.org\/#organization\",\"name\":\"Col\u00b7legi de Farmac\u00e8utics de Barcelona\",\"url\":\"https:\/\/www.cofb.org\/\",\"logo\":{\"@type\":\"ImageObject\",\"inLanguage\":\"ca\",\"@id\":\"https:\/\/www.cofb.org\/#\/schema\/logo\/image\/\",\"url\":\"https:\/\/www.cofb.org\/wp-content\/uploads\/2023\/11\/cropped-Logotip-COFB.png\",\"contentUrl\":\"https:\/\/www.cofb.org\/wp-content\/uploads\/2023\/11\/cropped-Logotip-COFB.png\",\"width\":500,\"height\":105,\"caption\":\"Col\u00b7legi de Farmac\u00e8utics de Barcelona\"},\"image\":{\"@id\":\"https:\/\/www.cofb.org\/#\/schema\/logo\/image\/\"},\"sameAs\":[\"https:\/\/www.facebook.com\/farmaceuticsbcn\/\",\"https:\/\/twitter.com\/farmaceuticsbcn\",\"https:\/\/www.instagram.com\/farmaceuticsbcn\/\",\"https:\/\/www.linkedin.com\/company\/farmaceuticsbcn\/\"]},{\"@type\":\"Person\",\"@id\":\"https:\/\/www.cofb.org\/#\/schema\/person\/22ed7eea88da74b0fa4d3154ad87ffcb\",\"name\":\"wpAdminCofbOrg\",\"image\":{\"@type\":\"ImageObject\",\"inLanguage\":\"ca\",\"@id\":\"https:\/\/www.cofb.org\/#\/schema\/person\/image\/\",\"url\":\"https:\/\/secure.gravatar.com\/avatar\/1721b20b3b8ca882c3b56ec6c978c594fff670e40c0718e9190eaeeb76aae7d8?s=96&d=mm&r=g\",\"contentUrl\":\"https:\/\/secure.gravatar.com\/avatar\/1721b20b3b8ca882c3b56ec6c978c594fff670e40c0718e9190eaeeb76aae7d8?s=96&d=mm&r=g\",\"caption\":\"wpAdminCofbOrg\"},\"sameAs\":[\"http:\/\/192.168.64.122\/wordpress\"],\"url\":\"https:\/\/www.cofb.org\/ca\/author\/wpadmincofborg\/\"}]}<\/script>\n<!-- \/ Yoast SEO plugin. -->","yoast_head_json":{"title":"Disponible nou n\u00famero de la publicaci\u00f3 cient\u00edfica Circular Farmac\u00e8utica","description":"Disponible nou n\u00famero de la publicaci\u00f3 cient\u00edfica Circular Farmac\u00e8utica. Edita el Col\u00b7legi trimestralment. N\u00famero 74, tercer trimestre de 2016.","robots":{"index":"index","follow":"follow","max-snippet":"max-snippet:-1","max-image-preview":"max-image-preview:large","max-video-preview":"max-video-preview:-1"},"canonical":"https:\/\/novaorg.cofb.net\/2016\/11\/22\/disponible-nou-numero-de-la-publicacio-cientifica-circular-farmaceutica\/","og_locale":"ca_ES","og_type":"article","og_title":"Disponible nou n\u00famero de la publicaci\u00f3 cient\u00edfica Circular Farmac\u00e8utica","og_description":"Disponible nou n\u00famero de la publicaci\u00f3 cient\u00edfica Circular Farmac\u00e8utica. Edita el Col\u00b7legi trimestralment. N\u00famero 74, tercer trimestre de 2016.","og_url":"https:\/\/novaorg.cofb.net\/2016\/11\/22\/disponible-nou-numero-de-la-publicacio-cientifica-circular-farmaceutica\/","og_site_name":"Col\u00b7legi de Farmac\u00e8utics de Barcelona","article_publisher":"https:\/\/www.facebook.com\/farmaceuticsbcn\/","article_published_time":"2016-11-22T17:27:28+00:00","author":"wpAdminCofbOrg","twitter_card":"summary_large_image","twitter_creator":"@farmaceuticsbcn","twitter_site":"@farmaceuticsbcn","twitter_misc":{"Escrit per":"wpAdminCofbOrg","Temps estimat de lectura":"2 minuts"},"schema":{"@context":"https:\/\/schema.org","@graph":[{"@type":"Article","@id":"https:\/\/novaorg.cofb.net\/2016\/11\/22\/disponible-nou-numero-de-la-publicacio-cientifica-circular-farmaceutica\/#article","isPartOf":{"@id":"https:\/\/novaorg.cofb.net\/2016\/11\/22\/disponible-nou-numero-de-la-publicacio-cientifica-circular-farmaceutica\/"},"author":{"name":"wpAdminCofbOrg","@id":"https:\/\/www.cofb.org\/#\/schema\/person\/22ed7eea88da74b0fa4d3154ad87ffcb"},"headline":"Disponible nou n\u00famero de la publicaci\u00f3 cient\u00edfica Circular Farmac\u00e8utica","datePublished":"2016-11-22T17:27:28+00:00","dateModified":"2016-11-22T17:27:28+00:00","mainEntityOfPage":{"@id":"https:\/\/novaorg.cofb.net\/2016\/11\/22\/disponible-nou-numero-de-la-publicacio-cientifica-circular-farmaceutica\/"},"wordCount":375,"commentCount":0,"publisher":{"@id":"https:\/\/www.cofb.org\/#organization"},"image":{"@id":"https:\/\/novaorg.cofb.net\/2016\/11\/22\/disponible-nou-numero-de-la-publicacio-cientifica-circular-farmaceutica\/#primaryimage"},"thumbnailUrl":"","keywords":["Alimentaci\u00f3 i nutrici\u00f3","Circular Farmac\u00e8utica","dislip\u00e8mies","farmacoter\u00e0pia","Publicacions","radiof\u00e0rmacs"],"articleSection":["M\u00f3n col\u00b7legial"],"inLanguage":"ca","potentialAction":[{"@type":"CommentAction","name":"Comment","target":["https:\/\/novaorg.cofb.net\/2016\/11\/22\/disponible-nou-numero-de-la-publicacio-cientifica-circular-farmaceutica\/#respond"]}]},{"@type":"WebPage","@id":"https:\/\/novaorg.cofb.net\/2016\/11\/22\/disponible-nou-numero-de-la-publicacio-cientifica-circular-farmaceutica\/","url":"https:\/\/novaorg.cofb.net\/2016\/11\/22\/disponible-nou-numero-de-la-publicacio-cientifica-circular-farmaceutica\/","name":"Disponible nou n\u00famero de la publicaci\u00f3 cient\u00edfica Circular Farmac\u00e8utica","isPartOf":{"@id":"https:\/\/www.cofb.org\/#website"},"primaryImageOfPage":{"@id":"https:\/\/novaorg.cofb.net\/2016\/11\/22\/disponible-nou-numero-de-la-publicacio-cientifica-circular-farmaceutica\/#primaryimage"},"image":{"@id":"https:\/\/novaorg.cofb.net\/2016\/11\/22\/disponible-nou-numero-de-la-publicacio-cientifica-circular-farmaceutica\/#primaryimage"},"thumbnailUrl":"","datePublished":"2016-11-22T17:27:28+00:00","dateModified":"2016-11-22T17:27:28+00:00","description":"Disponible nou n\u00famero de la publicaci\u00f3 cient\u00edfica Circular Farmac\u00e8utica. Edita el Col\u00b7legi trimestralment. N\u00famero 74, tercer trimestre de 2016.","breadcrumb":{"@id":"https:\/\/novaorg.cofb.net\/2016\/11\/22\/disponible-nou-numero-de-la-publicacio-cientifica-circular-farmaceutica\/#breadcrumb"},"inLanguage":"ca","potentialAction":[{"@type":"ReadAction","target":["https:\/\/novaorg.cofb.net\/2016\/11\/22\/disponible-nou-numero-de-la-publicacio-cientifica-circular-farmaceutica\/"]}]},{"@type":"ImageObject","inLanguage":"ca","@id":"https:\/\/novaorg.cofb.net\/2016\/11\/22\/disponible-nou-numero-de-la-publicacio-cientifica-circular-farmaceutica\/#primaryimage","url":"","contentUrl":""},{"@type":"BreadcrumbList","@id":"https:\/\/novaorg.cofb.net\/2016\/11\/22\/disponible-nou-numero-de-la-publicacio-cientifica-circular-farmaceutica\/#breadcrumb","itemListElement":[{"@type":"ListItem","position":1,"name":"Inici","item":"https:\/\/novaorg.cofb.net\/"},{"@type":"ListItem","position":2,"name":"Disponible nou n\u00famero de la publicaci\u00f3 cient\u00edfica Circular Farmac\u00e8utica"}]},{"@type":"WebSite","@id":"https:\/\/www.cofb.org\/#website","url":"https:\/\/www.cofb.org\/","name":"Col\u00b7legi de Farmac\u00e8utics de Barcelona","description":"","publisher":{"@id":"https:\/\/www.cofb.org\/#organization"},"potentialAction":[{"@type":"SearchAction","target":{"@type":"EntryPoint","urlTemplate":"https:\/\/www.cofb.org\/?s={search_term_string}"},"query-input":"required name=search_term_string"}],"inLanguage":"ca"},{"@type":"Organization","@id":"https:\/\/www.cofb.org\/#organization","name":"Col\u00b7legi de Farmac\u00e8utics de Barcelona","url":"https:\/\/www.cofb.org\/","logo":{"@type":"ImageObject","inLanguage":"ca","@id":"https:\/\/www.cofb.org\/#\/schema\/logo\/image\/","url":"https:\/\/www.cofb.org\/wp-content\/uploads\/2023\/11\/cropped-Logotip-COFB.png","contentUrl":"https:\/\/www.cofb.org\/wp-content\/uploads\/2023\/11\/cropped-Logotip-COFB.png","width":500,"height":105,"caption":"Col\u00b7legi de Farmac\u00e8utics de Barcelona"},"image":{"@id":"https:\/\/www.cofb.org\/#\/schema\/logo\/image\/"},"sameAs":["https:\/\/www.facebook.com\/farmaceuticsbcn\/","https:\/\/twitter.com\/farmaceuticsbcn","https:\/\/www.instagram.com\/farmaceuticsbcn\/","https:\/\/www.linkedin.com\/company\/farmaceuticsbcn\/"]},{"@type":"Person","@id":"https:\/\/www.cofb.org\/#\/schema\/person\/22ed7eea88da74b0fa4d3154ad87ffcb","name":"wpAdminCofbOrg","image":{"@type":"ImageObject","inLanguage":"ca","@id":"https:\/\/www.cofb.org\/#\/schema\/person\/image\/","url":"https:\/\/secure.gravatar.com\/avatar\/1721b20b3b8ca882c3b56ec6c978c594fff670e40c0718e9190eaeeb76aae7d8?s=96&d=mm&r=g","contentUrl":"https:\/\/secure.gravatar.com\/avatar\/1721b20b3b8ca882c3b56ec6c978c594fff670e40c0718e9190eaeeb76aae7d8?s=96&d=mm&r=g","caption":"wpAdminCofbOrg"},"sameAs":["http:\/\/192.168.64.122\/wordpress"],"url":"https:\/\/www.cofb.org\/ca\/author\/wpadmincofborg\/"}]}},"uagb_featured_image_src":{"full":false,"thumbnail":false,"medium":false,"medium_large":false,"large":false,"1536x1536":false,"2048x2048":false,"trp-custom-language-flag":false},"uagb_author_info":{"display_name":"wpAdminCofbOrg","author_link":"https:\/\/www.cofb.org\/ca\/author\/wpadmincofborg\/"},"uagb_comment_info":0,"uagb_excerpt":"Disponible nou n\u00famero de la Circular Farmac\u00e8utica,\u00a0publicaci\u00f3 cient\u00edfica que trimestralment edita el Col\u00b7legi,\u00a0que recull articles elaborats per professionals sanitaris de reconegut prestigi. En la portada d&#8217;aquest nou n\u00famero, la utilitzaci\u00f3 del plasma ric en factors de creixement (PRGF) en oftalmologia i el secret dels radiof\u00e0rmacs en el diagn\u00f2stic cl\u00ednic nuclear [&hellip;]","_links":{"self":[{"href":"https:\/\/www.cofb.org\/ca\/wp-json\/wp\/v2\/posts\/26104","targetHints":{"allow":["GET"]}}],"collection":[{"href":"https:\/\/www.cofb.org\/ca\/wp-json\/wp\/v2\/posts"}],"about":[{"href":"https:\/\/www.cofb.org\/ca\/wp-json\/wp\/v2\/types\/post"}],"author":[{"embeddable":true,"href":"https:\/\/www.cofb.org\/ca\/wp-json\/wp\/v2\/users\/1"}],"replies":[{"embeddable":true,"href":"https:\/\/www.cofb.org\/ca\/wp-json\/wp\/v2\/comments?post=26104"}],"version-history":[{"count":0,"href":"https:\/\/www.cofb.org\/ca\/wp-json\/wp\/v2\/posts\/26104\/revisions"}],"wp:featuredmedia":[{"embeddable":true,"href":"https:\/\/www.cofb.org\/ca\/wp-json\/"}],"wp:attachment":[{"href":"https:\/\/www.cofb.org\/ca\/wp-json\/wp\/v2\/media?parent=26104"}],"wp:term":[{"taxonomy":"category","embeddable":true,"href":"https:\/\/www.cofb.org\/ca\/wp-json\/wp\/v2\/categories?post=26104"},{"taxonomy":"post_tag","embeddable":true,"href":"https:\/\/www.cofb.org\/ca\/wp-json\/wp\/v2\/tags?post=26104"}],"curies":[{"name":"wp","href":"https:\/\/api.w.org\/{rel}","templated":true}]}}