{"id":26073,"date":"2016-11-23T12:44:19","date_gmt":"2016-11-23T11:44:19","guid":{"rendered":"http:\/\/blog.cofb.cat\/?p=26073"},"modified":"2016-11-23T12:44:19","modified_gmt":"2016-11-23T11:44:19","slug":"infarma-barcelona-2017-ja-ha-cobert-mes-del-80-de-superficie-dexposicio","status":"publish","type":"post","link":"https:\/\/www.cofb.org\/ca\/2016\/11\/23\/infarma-barcelona-2017-ja-ha-cobert-mes-del-80-de-superficie-dexposicio\/","title":{"rendered":"Infarma Barcelona 2017: m\u00e9s del 80% de superf\u00edcie d\u2019exposici\u00f3 cobert"},"content":{"rendered":"<figure id=\"attachment_26150\" aria-describedby=\"caption-attachment-26150\" style=\"width: 298px\" class=\"wp-caption alignright\"><a href=\"http:\/\/blog.cofb.cat\/wp-content\/uploads\/2016\/11\/Infarma2017-imatge2016.jpg\"><img fetchpriority=\"high\" decoding=\"async\" class=\" wp-image-26150 \" alt=\"Infarma2017-imatge2016\" src=\"http:\/\/blog.cofb.cat\/wp-content\/uploads\/2016\/11\/Infarma2017-imatge2016-1024x682.jpg\" width=\"298\" height=\"198\" \/><\/a><figcaption id=\"caption-attachment-26150\" class=\"wp-caption-text\">Sal\u00f3 d&#8217;expositors d&#8217;Infarma Barcelona 2015<\/figcaption><\/figure>\n<p><strong>M<\/strong><b>\u00e9s del 80% de superf\u00edcie d\u2019exposici<\/b><strong>\u00f3 previst pel Comit\u00e8 Organitzador per a\u00a0<\/strong><b>Infarma Barcelona 2017<\/b>\u00a0\u00a0<strong>ja est\u00e0 cobert,\u00a0<\/strong>motiu pel qual s\u2019ha decidit <b>ampliar el seu espai un 30% i incrementar les zones de reuni\u00f3 i descans.<\/b> Aquesta \u00e9s una de les principals novetats que presenta el Sal\u00f3, a trav\u00e9s del qual <strong>l<\/strong><b>es empreses del sector farmac\u00e8utic tenen l&#8217;oportunitat d&#8217;apropar-se<\/b>, amb la seva pres\u00e8ncia en <i>stands<\/i>, <b>als milers de professionals <\/b>que participen a aquesta cita europea de la farm\u00e0cia. Als <b>visitants,<\/b> per la seva banda, <b>se\u2019ls facilita entrar en contacte, de primera m\u00e0, amb les principals novetats que poden ser d\u2019utilitat a la farm\u00e0cia.<\/b><\/p>\n<p>Una altra <strong>novetat del Sal\u00f3<\/strong> ser\u00e0 la posada en marxa d\u2019una nova activitat: <b>ExpoNews. <\/b>A aquest espai, els expositors podran, durant 1 hora, presentar els seus productes, serveis o nous llan\u00e7aments des d\u2019un punt de vista m\u00e9s comercial, estar\u00e0 perfectament senyalitzat i s\u2019ubicar\u00e0 en la zona d\u2019acc\u00e9s als <i>stands.<\/i><\/p>\n<p><b> <div class=\"box shadow\">El Sal\u00f3 en xifres<\/b><\/p>\n<p>Durant aquesta 29a edici\u00f3 es preveu que <b>els sectors amb m\u00e9s pres\u00e8ncia siguin <\/b>els relacionats amb la <b>dermofarm\u00e0cia, parafarm\u00e0cia, complements alimentosos i productes sanitaris;<\/b> aix\u00ed com els dedicats a <b>medicaments no subjectes a prescripci\u00f3 m\u00e8dica, nutrici\u00f3, fitoter\u00e0pia i distribuci\u00f3.<\/b><\/p>\n<p>D\u2019altra banda, s\u2019espera rebre prop de <b>30.000 professionals del sector farmac\u00e8utic,<\/b> la majoria d\u2019ells provinents de la farm\u00e0cia comunit\u00e0ria, per\u00f2 tamb\u00e9 d\u2019altres \u00e0mbits com la ind\u00fastria i farm\u00e0cia hospital\u00e0ria; la participaci\u00f3 de <b>350 laboratoris i empreses <\/b>i al voltant de<b> 220 expositors directes.\u00a0<b><\/div><\/b><\/b><\/p>\n<p><span style=\"color: #888888;\"><strong>Nota de premsa enviada als mitjans de comunicaci\u00f3 (tamb\u00e9 es pot consultar a la <a href=\"http:\/\/www.cofb.org\/web\/guest\/notes-de-premsa\" target=\"_blank\" rel=\"noopener\">Sala de Premsa<\/a> del web institucional).<\/strong><\/span><\/p>\n<p><strong><div class=\"box info\"><\/strong>El Congr\u00e9s i Sal\u00f3 Europeu d\u2019Oficina de Farm\u00e0cia tindr\u00e0 lloc els dies<strong> 21, 22 i 23 de mar\u00e7 de 2017 <\/strong>al recinte<strong> Gran Via de Fira Barcelona. <\/strong>Tota la informaci\u00f3 sobre Infarma al web<strong>\u00a0<a href=\"www.infarma.es\" target=\"_blank\" rel=\"noopener\">www.infarma.es<\/a><\/strong> i a l&#8217;<strong>apartat &#8220;<a href=\"http:\/\/blog.cofb.cat\/category\/infarma-2015\/\" target=\"_blank\" rel=\"noopener\">INFARMA<\/a>&#8221; d&#8217;aquest Blog<\/strong>.<strong><\/div><\/strong><\/p>\n","protected":false},"excerpt":{"rendered":"<p>M\u00e9s del 80% de superf\u00edcie d\u2019exposici\u00f3 previst pel Comit\u00e8 Organitzador per a\u00a0Infarma Barcelona 2017\u00a0\u00a0ja est\u00e0 cobert,\u00a0motiu pel qual s\u2019ha decidit ampliar el seu espai un 30% i incrementar les zones de reuni\u00f3 i descans. Aquesta \u00e9s una de les principals novetats que presenta el Sal\u00f3, a trav\u00e9s del qual les [&hellip;]<\/p>\n","protected":false},"author":1,"featured_media":24251,"comment_status":"open","ping_status":"open","sticky":false,"template":"","format":"standard","meta":{"_uag_custom_page_level_css":"","site-sidebar-layout":"default","site-content-layout":"","ast-site-content-layout":"default","site-content-style":"default","site-sidebar-style":"default","ast-global-header-display":"","ast-banner-title-visibility":"","ast-main-header-display":"","ast-hfb-above-header-display":"","ast-hfb-below-header-display":"","ast-hfb-mobile-header-display":"","site-post-title":"","ast-breadcrumbs-content":"","ast-featured-img":"disabled","footer-sml-layout":"","theme-transparent-header-meta":"","adv-header-id-meta":"","stick-header-meta":"","header-above-stick-meta":"","header-main-stick-meta":"","header-below-stick-meta":"","astra-migrate-meta-layouts":"default","ast-page-background-enabled":"default","ast-page-background-meta":{"desktop":{"background-color":"var(--ast-global-color-4)","background-image":"","background-repeat":"repeat","background-position":"center center","background-size":"auto","background-attachment":"scroll","background-type":"","background-media":"","overlay-type":"","overlay-color":"","overlay-opacity":"","overlay-gradient":""},"tablet":{"background-color":"","background-image":"","background-repeat":"repeat","background-position":"center center","background-size":"auto","background-attachment":"scroll","background-type":"","background-media":"","overlay-type":"","overlay-color":"","overlay-opacity":"","overlay-gradient":""},"mobile":{"background-color":"","background-image":"","background-repeat":"repeat","background-position":"center center","background-size":"auto","background-attachment":"scroll","background-type":"","background-media":"","overlay-type":"","overlay-color":"","overlay-opacity":"","overlay-gradient":""}},"ast-content-background-meta":{"desktop":{"background-color":"var(--ast-global-color-5)","background-image":"","background-repeat":"repeat","background-position":"center center","background-size":"auto","background-attachment":"scroll","background-type":"","background-media":"","overlay-type":"","overlay-color":"","overlay-opacity":"","overlay-gradient":""},"tablet":{"background-color":"var(--ast-global-color-5)","background-image":"","background-repeat":"repeat","background-position":"center center","background-size":"auto","background-attachment":"scroll","background-type":"","background-media":"","overlay-type":"","overlay-color":"","overlay-opacity":"","overlay-gradient":""},"mobile":{"background-color":"var(--ast-global-color-5)","background-image":"","background-repeat":"repeat","background-position":"center center","background-size":"auto","background-attachment":"scroll","background-type":"","background-media":"","overlay-type":"","overlay-color":"","overlay-opacity":"","overlay-gradient":""}},"footnotes":""},"categories":[2165],"tags":[2574,2214,28,2491,509],"class_list":["post-26073","post","type-post","status-publish","format-standard","has-post-thumbnail","hentry","category-infarma","tag-exponews","tag-expositors","tag-infarma","tag-infarma-barcelona-2017","tag-salo"],"yoast_head":"<!-- This site is optimized with the Yoast SEO plugin v22.4 - https:\/\/yoast.com\/wordpress\/plugins\/seo\/ -->\n<title>Infarma Barcelona 2017: m\u00e9s del 80% de superf\u00edcie d\u2019exposici\u00f3 cobert<\/title>\n<meta name=\"description\" content=\"Infarma Barcelona 2017: m\u00e9s del 80% de superf\u00edcie d\u2019exposici\u00f3 cobert. Confr\u00e9s i Sal\u00f3: 21, 22 i 23 de mar\u00e7 de 2017 al recinte Gran Via de Fira Barcelona\" \/>\n<meta name=\"robots\" content=\"index, follow, max-snippet:-1, max-image-preview:large, max-video-preview:-1\" \/>\n<link rel=\"canonical\" href=\"https:\/\/www.cofb.org\/ca\/2016\/11\/23\/infarma-barcelona-2017-ja-ha-cobert-mes-del-80-de-superficie-dexposicio\/\" \/>\n<meta property=\"og:locale\" content=\"ca_ES\" \/>\n<meta property=\"og:type\" content=\"article\" \/>\n<meta property=\"og:title\" content=\"Infarma Barcelona 2017: m\u00e9s del 80% de superf\u00edcie d\u2019exposici\u00f3 cobert\" \/>\n<meta property=\"og:description\" content=\"Infarma Barcelona 2017: m\u00e9s del 80% de superf\u00edcie d\u2019exposici\u00f3 cobert. Confr\u00e9s i Sal\u00f3: 21, 22 i 23 de mar\u00e7 de 2017 al recinte Gran Via de Fira Barcelona\" \/>\n<meta property=\"og:url\" content=\"https:\/\/www.cofb.org\/ca\/2016\/11\/23\/infarma-barcelona-2017-ja-ha-cobert-mes-del-80-de-superficie-dexposicio\/\" \/>\n<meta property=\"og:site_name\" content=\"Col\u00b7legi de Farmac\u00e8utics de Barcelona\" \/>\n<meta property=\"article:publisher\" content=\"https:\/\/www.facebook.com\/farmaceuticsbcn\/\" \/>\n<meta property=\"article:published_time\" content=\"2016-11-23T11:44:19+00:00\" \/>\n<meta name=\"author\" content=\"wpAdminCofbOrg\" \/>\n<meta name=\"twitter:card\" content=\"summary_large_image\" \/>\n<meta name=\"twitter:creator\" content=\"@farmaceuticsbcn\" \/>\n<meta name=\"twitter:site\" content=\"@farmaceuticsbcn\" \/>\n<meta name=\"twitter:label1\" content=\"Escrit per\" \/>\n\t<meta name=\"twitter:data1\" content=\"wpAdminCofbOrg\" \/>\n\t<meta name=\"twitter:label2\" content=\"Temps estimat de lectura\" \/>\n\t<meta name=\"twitter:data2\" content=\"2 minuts\" \/>\n<script type=\"application\/ld+json\" class=\"yoast-schema-graph\">{\"@context\":\"https:\/\/schema.org\",\"@graph\":[{\"@type\":\"Article\",\"@id\":\"https:\/\/www.cofb.org\/2016\/11\/23\/infarma-barcelona-2017-ja-ha-cobert-mes-del-80-de-superficie-dexposicio\/#article\",\"isPartOf\":{\"@id\":\"https:\/\/www.cofb.org\/2016\/11\/23\/infarma-barcelona-2017-ja-ha-cobert-mes-del-80-de-superficie-dexposicio\/\"},\"author\":{\"name\":\"wpAdminCofbOrg\",\"@id\":\"https:\/\/www.cofb.org\/#\/schema\/person\/22ed7eea88da74b0fa4d3154ad87ffcb\"},\"headline\":\"Infarma Barcelona 2017: m\u00e9s del 80% de superf\u00edcie d\u2019exposici\u00f3 cobert\",\"datePublished\":\"2016-11-23T11:44:19+00:00\",\"dateModified\":\"2016-11-23T11:44:19+00:00\",\"mainEntityOfPage\":{\"@id\":\"https:\/\/www.cofb.org\/2016\/11\/23\/infarma-barcelona-2017-ja-ha-cobert-mes-del-80-de-superficie-dexposicio\/\"},\"wordCount\":365,\"commentCount\":0,\"publisher\":{\"@id\":\"https:\/\/www.cofb.org\/#organization\"},\"image\":{\"@id\":\"https:\/\/www.cofb.org\/2016\/11\/23\/infarma-barcelona-2017-ja-ha-cobert-mes-del-80-de-superficie-dexposicio\/#primaryimage\"},\"thumbnailUrl\":\"\",\"keywords\":[\"ExpoNews\",\"expositors\",\"Infarma\",\"Infarma Barcelona 2017\",\"Sal\u00f3\"],\"articleSection\":[\"Infarma\"],\"inLanguage\":\"ca\",\"potentialAction\":[{\"@type\":\"CommentAction\",\"name\":\"Comment\",\"target\":[\"https:\/\/www.cofb.org\/2016\/11\/23\/infarma-barcelona-2017-ja-ha-cobert-mes-del-80-de-superficie-dexposicio\/#respond\"]}]},{\"@type\":\"WebPage\",\"@id\":\"https:\/\/www.cofb.org\/2016\/11\/23\/infarma-barcelona-2017-ja-ha-cobert-mes-del-80-de-superficie-dexposicio\/\",\"url\":\"https:\/\/www.cofb.org\/2016\/11\/23\/infarma-barcelona-2017-ja-ha-cobert-mes-del-80-de-superficie-dexposicio\/\",\"name\":\"Infarma Barcelona 2017: m\u00e9s del 80% de superf\u00edcie d\u2019exposici\u00f3 cobert\",\"isPartOf\":{\"@id\":\"https:\/\/www.cofb.org\/#website\"},\"primaryImageOfPage\":{\"@id\":\"https:\/\/www.cofb.org\/2016\/11\/23\/infarma-barcelona-2017-ja-ha-cobert-mes-del-80-de-superficie-dexposicio\/#primaryimage\"},\"image\":{\"@id\":\"https:\/\/www.cofb.org\/2016\/11\/23\/infarma-barcelona-2017-ja-ha-cobert-mes-del-80-de-superficie-dexposicio\/#primaryimage\"},\"thumbnailUrl\":\"\",\"datePublished\":\"2016-11-23T11:44:19+00:00\",\"dateModified\":\"2016-11-23T11:44:19+00:00\",\"description\":\"Infarma Barcelona 2017: m\u00e9s del 80% de superf\u00edcie d\u2019exposici\u00f3 cobert. Confr\u00e9s i Sal\u00f3: 21, 22 i 23 de mar\u00e7 de 2017 al recinte Gran Via de Fira Barcelona\",\"breadcrumb\":{\"@id\":\"https:\/\/www.cofb.org\/2016\/11\/23\/infarma-barcelona-2017-ja-ha-cobert-mes-del-80-de-superficie-dexposicio\/#breadcrumb\"},\"inLanguage\":\"ca\",\"potentialAction\":[{\"@type\":\"ReadAction\",\"target\":[\"https:\/\/www.cofb.org\/2016\/11\/23\/infarma-barcelona-2017-ja-ha-cobert-mes-del-80-de-superficie-dexposicio\/\"]}]},{\"@type\":\"ImageObject\",\"inLanguage\":\"ca\",\"@id\":\"https:\/\/www.cofb.org\/2016\/11\/23\/infarma-barcelona-2017-ja-ha-cobert-mes-del-80-de-superficie-dexposicio\/#primaryimage\",\"url\":\"\",\"contentUrl\":\"\"},{\"@type\":\"BreadcrumbList\",\"@id\":\"https:\/\/www.cofb.org\/2016\/11\/23\/infarma-barcelona-2017-ja-ha-cobert-mes-del-80-de-superficie-dexposicio\/#breadcrumb\",\"itemListElement\":[{\"@type\":\"ListItem\",\"position\":1,\"name\":\"Inici\",\"item\":\"https:\/\/novaorg.cofb.net\/\"},{\"@type\":\"ListItem\",\"position\":2,\"name\":\"Infarma Barcelona 2017: m\u00e9s del 80% de superf\u00edcie d\u2019exposici\u00f3 cobert\"}]},{\"@type\":\"WebSite\",\"@id\":\"https:\/\/www.cofb.org\/#website\",\"url\":\"https:\/\/www.cofb.org\/\",\"name\":\"Col\u00b7legi de Farmac\u00e8utics de Barcelona\",\"description\":\"\",\"publisher\":{\"@id\":\"https:\/\/www.cofb.org\/#organization\"},\"potentialAction\":[{\"@type\":\"SearchAction\",\"target\":{\"@type\":\"EntryPoint\",\"urlTemplate\":\"https:\/\/www.cofb.org\/?s={search_term_string}\"},\"query-input\":\"required name=search_term_string\"}],\"inLanguage\":\"ca\"},{\"@type\":\"Organization\",\"@id\":\"https:\/\/www.cofb.org\/#organization\",\"name\":\"Col\u00b7legi de Farmac\u00e8utics de Barcelona\",\"url\":\"https:\/\/www.cofb.org\/\",\"logo\":{\"@type\":\"ImageObject\",\"inLanguage\":\"ca\",\"@id\":\"https:\/\/www.cofb.org\/#\/schema\/logo\/image\/\",\"url\":\"https:\/\/www.cofb.org\/wp-content\/uploads\/2023\/11\/cropped-Logotip-COFB.png\",\"contentUrl\":\"https:\/\/www.cofb.org\/wp-content\/uploads\/2023\/11\/cropped-Logotip-COFB.png\",\"width\":500,\"height\":105,\"caption\":\"Col\u00b7legi de Farmac\u00e8utics de Barcelona\"},\"image\":{\"@id\":\"https:\/\/www.cofb.org\/#\/schema\/logo\/image\/\"},\"sameAs\":[\"https:\/\/www.facebook.com\/farmaceuticsbcn\/\",\"https:\/\/twitter.com\/farmaceuticsbcn\",\"https:\/\/www.instagram.com\/farmaceuticsbcn\/\",\"https:\/\/www.linkedin.com\/company\/farmaceuticsbcn\/\"]},{\"@type\":\"Person\",\"@id\":\"https:\/\/www.cofb.org\/#\/schema\/person\/22ed7eea88da74b0fa4d3154ad87ffcb\",\"name\":\"wpAdminCofbOrg\",\"image\":{\"@type\":\"ImageObject\",\"inLanguage\":\"ca\",\"@id\":\"https:\/\/www.cofb.org\/#\/schema\/person\/image\/\",\"url\":\"https:\/\/secure.gravatar.com\/avatar\/1721b20b3b8ca882c3b56ec6c978c594fff670e40c0718e9190eaeeb76aae7d8?s=96&d=mm&r=g\",\"contentUrl\":\"https:\/\/secure.gravatar.com\/avatar\/1721b20b3b8ca882c3b56ec6c978c594fff670e40c0718e9190eaeeb76aae7d8?s=96&d=mm&r=g\",\"caption\":\"wpAdminCofbOrg\"},\"sameAs\":[\"http:\/\/192.168.64.122\/wordpress\"],\"url\":\"https:\/\/www.cofb.org\/ca\/author\/wpadmincofborg\/\"}]}<\/script>\n<!-- \/ Yoast SEO plugin. -->","yoast_head_json":{"title":"Infarma Barcelona 2017: m\u00e9s del 80% de superf\u00edcie d\u2019exposici\u00f3 cobert","description":"Infarma Barcelona 2017: m\u00e9s del 80% de superf\u00edcie d\u2019exposici\u00f3 cobert. Confr\u00e9s i Sal\u00f3: 21, 22 i 23 de mar\u00e7 de 2017 al recinte Gran Via de Fira Barcelona","robots":{"index":"index","follow":"follow","max-snippet":"max-snippet:-1","max-image-preview":"max-image-preview:large","max-video-preview":"max-video-preview:-1"},"canonical":"https:\/\/www.cofb.org\/ca\/2016\/11\/23\/infarma-barcelona-2017-ja-ha-cobert-mes-del-80-de-superficie-dexposicio\/","og_locale":"ca_ES","og_type":"article","og_title":"Infarma Barcelona 2017: m\u00e9s del 80% de superf\u00edcie d\u2019exposici\u00f3 cobert","og_description":"Infarma Barcelona 2017: m\u00e9s del 80% de superf\u00edcie d\u2019exposici\u00f3 cobert. Confr\u00e9s i Sal\u00f3: 21, 22 i 23 de mar\u00e7 de 2017 al recinte Gran Via de Fira Barcelona","og_url":"https:\/\/www.cofb.org\/ca\/2016\/11\/23\/infarma-barcelona-2017-ja-ha-cobert-mes-del-80-de-superficie-dexposicio\/","og_site_name":"Col\u00b7legi de Farmac\u00e8utics de Barcelona","article_publisher":"https:\/\/www.facebook.com\/farmaceuticsbcn\/","article_published_time":"2016-11-23T11:44:19+00:00","author":"wpAdminCofbOrg","twitter_card":"summary_large_image","twitter_creator":"@farmaceuticsbcn","twitter_site":"@farmaceuticsbcn","twitter_misc":{"Escrit per":"wpAdminCofbOrg","Temps estimat de lectura":"2 minuts"},"schema":{"@context":"https:\/\/schema.org","@graph":[{"@type":"Article","@id":"https:\/\/www.cofb.org\/2016\/11\/23\/infarma-barcelona-2017-ja-ha-cobert-mes-del-80-de-superficie-dexposicio\/#article","isPartOf":{"@id":"https:\/\/www.cofb.org\/2016\/11\/23\/infarma-barcelona-2017-ja-ha-cobert-mes-del-80-de-superficie-dexposicio\/"},"author":{"name":"wpAdminCofbOrg","@id":"https:\/\/www.cofb.org\/#\/schema\/person\/22ed7eea88da74b0fa4d3154ad87ffcb"},"headline":"Infarma Barcelona 2017: m\u00e9s del 80% de superf\u00edcie d\u2019exposici\u00f3 cobert","datePublished":"2016-11-23T11:44:19+00:00","dateModified":"2016-11-23T11:44:19+00:00","mainEntityOfPage":{"@id":"https:\/\/www.cofb.org\/2016\/11\/23\/infarma-barcelona-2017-ja-ha-cobert-mes-del-80-de-superficie-dexposicio\/"},"wordCount":365,"commentCount":0,"publisher":{"@id":"https:\/\/www.cofb.org\/#organization"},"image":{"@id":"https:\/\/www.cofb.org\/2016\/11\/23\/infarma-barcelona-2017-ja-ha-cobert-mes-del-80-de-superficie-dexposicio\/#primaryimage"},"thumbnailUrl":"","keywords":["ExpoNews","expositors","Infarma","Infarma Barcelona 2017","Sal\u00f3"],"articleSection":["Infarma"],"inLanguage":"ca","potentialAction":[{"@type":"CommentAction","name":"Comment","target":["https:\/\/www.cofb.org\/2016\/11\/23\/infarma-barcelona-2017-ja-ha-cobert-mes-del-80-de-superficie-dexposicio\/#respond"]}]},{"@type":"WebPage","@id":"https:\/\/www.cofb.org\/2016\/11\/23\/infarma-barcelona-2017-ja-ha-cobert-mes-del-80-de-superficie-dexposicio\/","url":"https:\/\/www.cofb.org\/2016\/11\/23\/infarma-barcelona-2017-ja-ha-cobert-mes-del-80-de-superficie-dexposicio\/","name":"Infarma Barcelona 2017: m\u00e9s del 80% de superf\u00edcie d\u2019exposici\u00f3 cobert","isPartOf":{"@id":"https:\/\/www.cofb.org\/#website"},"primaryImageOfPage":{"@id":"https:\/\/www.cofb.org\/2016\/11\/23\/infarma-barcelona-2017-ja-ha-cobert-mes-del-80-de-superficie-dexposicio\/#primaryimage"},"image":{"@id":"https:\/\/www.cofb.org\/2016\/11\/23\/infarma-barcelona-2017-ja-ha-cobert-mes-del-80-de-superficie-dexposicio\/#primaryimage"},"thumbnailUrl":"","datePublished":"2016-11-23T11:44:19+00:00","dateModified":"2016-11-23T11:44:19+00:00","description":"Infarma Barcelona 2017: m\u00e9s del 80% de superf\u00edcie d\u2019exposici\u00f3 cobert. Confr\u00e9s i Sal\u00f3: 21, 22 i 23 de mar\u00e7 de 2017 al recinte Gran Via de Fira Barcelona","breadcrumb":{"@id":"https:\/\/www.cofb.org\/2016\/11\/23\/infarma-barcelona-2017-ja-ha-cobert-mes-del-80-de-superficie-dexposicio\/#breadcrumb"},"inLanguage":"ca","potentialAction":[{"@type":"ReadAction","target":["https:\/\/www.cofb.org\/2016\/11\/23\/infarma-barcelona-2017-ja-ha-cobert-mes-del-80-de-superficie-dexposicio\/"]}]},{"@type":"ImageObject","inLanguage":"ca","@id":"https:\/\/www.cofb.org\/2016\/11\/23\/infarma-barcelona-2017-ja-ha-cobert-mes-del-80-de-superficie-dexposicio\/#primaryimage","url":"","contentUrl":""},{"@type":"BreadcrumbList","@id":"https:\/\/www.cofb.org\/2016\/11\/23\/infarma-barcelona-2017-ja-ha-cobert-mes-del-80-de-superficie-dexposicio\/#breadcrumb","itemListElement":[{"@type":"ListItem","position":1,"name":"Inici","item":"https:\/\/novaorg.cofb.net\/"},{"@type":"ListItem","position":2,"name":"Infarma Barcelona 2017: m\u00e9s del 80% de superf\u00edcie d\u2019exposici\u00f3 cobert"}]},{"@type":"WebSite","@id":"https:\/\/www.cofb.org\/#website","url":"https:\/\/www.cofb.org\/","name":"Col\u00b7legi de Farmac\u00e8utics de Barcelona","description":"","publisher":{"@id":"https:\/\/www.cofb.org\/#organization"},"potentialAction":[{"@type":"SearchAction","target":{"@type":"EntryPoint","urlTemplate":"https:\/\/www.cofb.org\/?s={search_term_string}"},"query-input":"required name=search_term_string"}],"inLanguage":"ca"},{"@type":"Organization","@id":"https:\/\/www.cofb.org\/#organization","name":"Col\u00b7legi de Farmac\u00e8utics de Barcelona","url":"https:\/\/www.cofb.org\/","logo":{"@type":"ImageObject","inLanguage":"ca","@id":"https:\/\/www.cofb.org\/#\/schema\/logo\/image\/","url":"https:\/\/www.cofb.org\/wp-content\/uploads\/2023\/11\/cropped-Logotip-COFB.png","contentUrl":"https:\/\/www.cofb.org\/wp-content\/uploads\/2023\/11\/cropped-Logotip-COFB.png","width":500,"height":105,"caption":"Col\u00b7legi de Farmac\u00e8utics de Barcelona"},"image":{"@id":"https:\/\/www.cofb.org\/#\/schema\/logo\/image\/"},"sameAs":["https:\/\/www.facebook.com\/farmaceuticsbcn\/","https:\/\/twitter.com\/farmaceuticsbcn","https:\/\/www.instagram.com\/farmaceuticsbcn\/","https:\/\/www.linkedin.com\/company\/farmaceuticsbcn\/"]},{"@type":"Person","@id":"https:\/\/www.cofb.org\/#\/schema\/person\/22ed7eea88da74b0fa4d3154ad87ffcb","name":"wpAdminCofbOrg","image":{"@type":"ImageObject","inLanguage":"ca","@id":"https:\/\/www.cofb.org\/#\/schema\/person\/image\/","url":"https:\/\/secure.gravatar.com\/avatar\/1721b20b3b8ca882c3b56ec6c978c594fff670e40c0718e9190eaeeb76aae7d8?s=96&d=mm&r=g","contentUrl":"https:\/\/secure.gravatar.com\/avatar\/1721b20b3b8ca882c3b56ec6c978c594fff670e40c0718e9190eaeeb76aae7d8?s=96&d=mm&r=g","caption":"wpAdminCofbOrg"},"sameAs":["http:\/\/192.168.64.122\/wordpress"],"url":"https:\/\/www.cofb.org\/ca\/author\/wpadmincofborg\/"}]}},"uagb_featured_image_src":{"full":false,"thumbnail":false,"medium":false,"medium_large":false,"large":false,"1536x1536":false,"2048x2048":false,"trp-custom-language-flag":false},"uagb_author_info":{"display_name":"wpAdminCofbOrg","author_link":"https:\/\/www.cofb.org\/ca\/author\/wpadmincofborg\/"},"uagb_comment_info":0,"uagb_excerpt":"M\u00e9s del 80% de superf\u00edcie d\u2019exposici\u00f3 previst pel Comit\u00e8 Organitzador per a\u00a0Infarma Barcelona 2017\u00a0\u00a0ja est\u00e0 cobert,\u00a0motiu pel qual s\u2019ha decidit ampliar el seu espai un 30% i incrementar les zones de reuni\u00f3 i descans. Aquesta \u00e9s una de les principals novetats que presenta el Sal\u00f3, a trav\u00e9s del qual les [&hellip;]","_links":{"self":[{"href":"https:\/\/www.cofb.org\/ca\/wp-json\/wp\/v2\/posts\/26073","targetHints":{"allow":["GET"]}}],"collection":[{"href":"https:\/\/www.cofb.org\/ca\/wp-json\/wp\/v2\/posts"}],"about":[{"href":"https:\/\/www.cofb.org\/ca\/wp-json\/wp\/v2\/types\/post"}],"author":[{"embeddable":true,"href":"https:\/\/www.cofb.org\/ca\/wp-json\/wp\/v2\/users\/1"}],"replies":[{"embeddable":true,"href":"https:\/\/www.cofb.org\/ca\/wp-json\/wp\/v2\/comments?post=26073"}],"version-history":[{"count":0,"href":"https:\/\/www.cofb.org\/ca\/wp-json\/wp\/v2\/posts\/26073\/revisions"}],"wp:featuredmedia":[{"embeddable":true,"href":"https:\/\/www.cofb.org\/ca\/wp-json\/"}],"wp:attachment":[{"href":"https:\/\/www.cofb.org\/ca\/wp-json\/wp\/v2\/media?parent=26073"}],"wp:term":[{"taxonomy":"category","embeddable":true,"href":"https:\/\/www.cofb.org\/ca\/wp-json\/wp\/v2\/categories?post=26073"},{"taxonomy":"post_tag","embeddable":true,"href":"https:\/\/www.cofb.org\/ca\/wp-json\/wp\/v2\/tags?post=26073"}],"curies":[{"name":"wp","href":"https:\/\/api.w.org\/{rel}","templated":true}]}}