{"id":25281,"date":"2016-10-26T10:52:39","date_gmt":"2016-10-26T09:52:39","guid":{"rendered":"http:\/\/blog.cofb.cat\/?p=25281"},"modified":"2016-10-26T10:52:39","modified_gmt":"2016-10-26T09:52:39","slug":"valor-per-la-farmacia-valor-per-al-pacient-lema-dinfarma-barcelona-2017","status":"publish","type":"post","link":"https:\/\/www.cofb.org\/ca\/2016\/10\/26\/valor-per-la-farmacia-valor-per-al-pacient-lema-dinfarma-barcelona-2017\/","title":{"rendered":"&#8216;Valor per a la farm\u00e0cia. Valor per al pacient&#8217;,  lema d\u2019Infarma Barcelona 2017"},"content":{"rendered":"<p>\u201c<b>Valor per a la farm\u00e0cia. Valor per al pacient\u201d<\/b> \u00e9s el lema escollit per a la <b>29a edici\u00f3 <\/b>del Congr\u00e9s i Sal\u00f3 Europeu d\u2019Oficina de Farm\u00e0cia,<b> Infarma Barcelona 2017. <\/b>Aquesta cita europea, organitzada pels Col\u00b7legis de Farmac\u00e8utics de Barcelona i Madrid, en col\u00b7laboraci\u00f3 amb Interalia, tindr\u00e0 llocal recinte de Gran Via de Fira de Barcelona els dies<b> 21, 22 i 23 de mar\u00e7 de 2017<\/b>.<\/p>\n<p><b>\u201cVolem que el Congr\u00e9s,<\/b> a trav\u00e9s del debat i l\u2019intercanvi de punts de vista i coneixements, <b>serveixi, entre d\u2019altres aspectes, per consolidar la tasca assistencial que es duu a terme des de les farm\u00e0cies amb els serveis professionals<\/b>, i tamb\u00e9 per <b>mantenir la porta oberta a continuar creixent en aquest camp<\/b>\u201d, explica Francisca Aranzana, vocal d\u2019Oficina de Farm\u00e0cia del COFB i directora del Congr\u00e9s. \u201cI \u00e9s per aix\u00f2 que hem escollit aquest lema: perqu\u00e8 volem mostrar que <b>tot all\u00f2 que ens endurem d\u2019assistir al Congr\u00e9s repercutir\u00e0 en el que els farmac\u00e8utics fem en el nostre dia a dia. <\/b>Donar consell sanitari, participar en programes de prevenci\u00f3 de malalties com el VIH i el c\u00e0ncer de c\u00f2lon i recte i fer el seguiment de la medicaci\u00f3, <b>no nom\u00e9s ens aporta el reconeixement de ser professionals sanitaris \u00fatils per al sistema de salut,<\/b> sin\u00f3 que tamb\u00e9, i el m\u00e9s important, <b>aconseguim que reverteixi en beneficis per al benestar i la qualitat de vida dels pacients\u201d<\/b>, afegeix.<\/p>\n<figure id=\"attachment_25283\" aria-describedby=\"caption-attachment-25283\" style=\"width: 372px\" class=\"wp-caption alignright\"><a href=\"http:\/\/blog.cofb.cat\/wp-content\/uploads\/2016\/10\/comite-organitzador-infarma-barcelona-2017.jpg\"><img fetchpriority=\"high\" decoding=\"async\" class=\" wp-image-25283\" alt=\"comite-organitzador-infarma-barcelona-2017\" src=\"http:\/\/blog.cofb.cat\/wp-content\/uploads\/2016\/10\/comite-organitzador-infarma-barcelona-2017-1024x606.jpg\" width=\"372\" height=\"220\" \/><\/a><figcaption id=\"caption-attachment-25283\" class=\"wp-caption-text\">Membres del Comit\u00e8 Organitzador durant la segona reuni\u00f3 celebrada a l\u2019octubre<\/figcaption><\/figure>\n<p><b><span style=\"text-decoration: underline;\">Reuni\u00f3 del Comit\u00e8 Organitzador<\/span><\/b><\/p>\n<p>Aquest mes d\u2019octubre el <b>Comit\u00e8 Organitzador <\/b>ha celebrat una <b>segona reuni\u00f3,<\/b> a la qual <b>s\u2019ha seguit treballant per fer d\u2019Infarma Barcelona 2017<\/b>, que es troba entre les principals trobades professionals del sector de la farm\u00e0cia comunit\u00e0ria a Europa, una <b>cita id\u00f2nia per intercanviar experi\u00e8ncies<\/b>, <b>exposar les novetats del sector<\/b> i <b>recollir qu\u00e8 es pot aportar a la societat des de la farm\u00e0cia.\u00a0\u00a0<\/b><\/p>\n<p>&nbsp;<\/p>\n<p><span style=\"color: #888888;\"><strong>Nota de premsa enviada als mitjans de comunicaci\u00f3 (tamb\u00e9 es pot consultar a la <a href=\"http:\/\/www.cofb.org\/web\/guest\/Noticia\/-\/journal_content\/56_INSTANCE_V6ao\/10136\/949248\" target=\"_blank\" rel=\"noopener\">Sala de Premsa<\/a> del web institucional).\u00a0<\/strong><\/span><\/p>\n<p>Totes les not\u00edcies d&#8217;Infarma en <a href=\"http:\/\/www.cofb.org\/web\/guest\/Noticia\/-\/journal_content\/56_INSTANCE_V6ao\/10136\/949248\" target=\"_blank\" rel=\"noopener\">aquesta secci\u00f3<\/a> del Blog.<\/p>\n","protected":false},"excerpt":{"rendered":"<p>\u201cValor per a la farm\u00e0cia. Valor per al pacient\u201d \u00e9s el lema escollit per a la 29a edici\u00f3 del Congr\u00e9s i Sal\u00f3 Europeu d\u2019Oficina de Farm\u00e0cia, Infarma Barcelona 2017. Aquesta cita europea, organitzada pels Col\u00b7legis de Farmac\u00e8utics de Barcelona i Madrid, en col\u00b7laboraci\u00f3 amb Interalia, tindr\u00e0 llocal recinte de Gran [&hellip;]<\/p>\n","protected":false},"author":1,"featured_media":25283,"comment_status":"open","ping_status":"open","sticky":false,"template":"","format":"standard","meta":{"_uag_custom_page_level_css":"","site-sidebar-layout":"default","site-content-layout":"","ast-site-content-layout":"default","site-content-style":"default","site-sidebar-style":"default","ast-global-header-display":"","ast-banner-title-visibility":"","ast-main-header-display":"","ast-hfb-above-header-display":"","ast-hfb-below-header-display":"","ast-hfb-mobile-header-display":"","site-post-title":"","ast-breadcrumbs-content":"","ast-featured-img":"disabled","footer-sml-layout":"","theme-transparent-header-meta":"","adv-header-id-meta":"","stick-header-meta":"","header-above-stick-meta":"","header-main-stick-meta":"","header-below-stick-meta":"","astra-migrate-meta-layouts":"default","ast-page-background-enabled":"default","ast-page-background-meta":{"desktop":{"background-color":"var(--ast-global-color-4)","background-image":"","background-repeat":"repeat","background-position":"center center","background-size":"auto","background-attachment":"scroll","background-type":"","background-media":"","overlay-type":"","overlay-color":"","overlay-opacity":"","overlay-gradient":""},"tablet":{"background-color":"","background-image":"","background-repeat":"repeat","background-position":"center center","background-size":"auto","background-attachment":"scroll","background-type":"","background-media":"","overlay-type":"","overlay-color":"","overlay-opacity":"","overlay-gradient":""},"mobile":{"background-color":"","background-image":"","background-repeat":"repeat","background-position":"center center","background-size":"auto","background-attachment":"scroll","background-type":"","background-media":"","overlay-type":"","overlay-color":"","overlay-opacity":"","overlay-gradient":""}},"ast-content-background-meta":{"desktop":{"background-color":"var(--ast-global-color-5)","background-image":"","background-repeat":"repeat","background-position":"center center","background-size":"auto","background-attachment":"scroll","background-type":"","background-media":"","overlay-type":"","overlay-color":"","overlay-opacity":"","overlay-gradient":""},"tablet":{"background-color":"var(--ast-global-color-5)","background-image":"","background-repeat":"repeat","background-position":"center center","background-size":"auto","background-attachment":"scroll","background-type":"","background-media":"","overlay-type":"","overlay-color":"","overlay-opacity":"","overlay-gradient":""},"mobile":{"background-color":"var(--ast-global-color-5)","background-image":"","background-repeat":"repeat","background-position":"center center","background-size":"auto","background-attachment":"scroll","background-type":"","background-media":"","overlay-type":"","overlay-color":"","overlay-opacity":"","overlay-gradient":""}},"footnotes":""},"categories":[2165],"tags":[1015,111,68,2529,28,2491,115,76,290],"class_list":["post-25281","post","type-post","status-publish","format-standard","has-post-thumbnail","hentry","category-infarma","tag-comite-organitzador","tag-congres","tag-farmacia","tag-francisca-aranzana","tag-infarma","tag-infarma-barcelona-2017","tag-interalia","tag-oficina-de-farmacia","tag-pacient"],"yoast_head":"<!-- This site is optimized with the Yoast SEO plugin v22.4 - https:\/\/yoast.com\/wordpress\/plugins\/seo\/ -->\n<title>&#039;Valor per a la farm\u00e0cia. Valor per al pacient&#039;, lema d\u2019Infarma Barcelona 2017<\/title>\n<meta name=\"description\" content=\"&#039;Valor per a la farm\u00e0cia. Valor per al pacient&#039;, lema d\u2019Infarma Barcelona 2017. Reuni\u00f3 a l&#039;octubre del Comit\u00e8 Organitzador al COFB.\" \/>\n<meta name=\"robots\" content=\"index, follow, max-snippet:-1, max-image-preview:large, max-video-preview:-1\" \/>\n<link rel=\"canonical\" href=\"https:\/\/www.cofb.org\/ca\/2016\/10\/26\/valor-per-la-farmacia-valor-per-al-pacient-lema-dinfarma-barcelona-2017\/\" \/>\n<meta property=\"og:locale\" content=\"ca_ES\" \/>\n<meta property=\"og:type\" content=\"article\" \/>\n<meta property=\"og:title\" content=\"&#039;Valor per a la farm\u00e0cia. Valor per al pacient&#039;, lema d\u2019Infarma Barcelona 2017\" \/>\n<meta property=\"og:description\" content=\"&#039;Valor per a la farm\u00e0cia. Valor per al pacient&#039;, lema d\u2019Infarma Barcelona 2017. Reuni\u00f3 a l&#039;octubre del Comit\u00e8 Organitzador al COFB.\" \/>\n<meta property=\"og:url\" content=\"https:\/\/www.cofb.org\/ca\/2016\/10\/26\/valor-per-la-farmacia-valor-per-al-pacient-lema-dinfarma-barcelona-2017\/\" \/>\n<meta property=\"og:site_name\" content=\"Col\u00b7legi de Farmac\u00e8utics de Barcelona\" \/>\n<meta property=\"article:publisher\" content=\"https:\/\/www.facebook.com\/farmaceuticsbcn\/\" \/>\n<meta property=\"article:published_time\" content=\"2016-10-26T09:52:39+00:00\" \/>\n<meta name=\"author\" content=\"wpAdminCofbOrg\" \/>\n<meta name=\"twitter:card\" content=\"summary_large_image\" \/>\n<meta name=\"twitter:creator\" content=\"@farmaceuticsbcn\" \/>\n<meta name=\"twitter:site\" content=\"@farmaceuticsbcn\" \/>\n<meta name=\"twitter:label1\" content=\"Escrit per\" \/>\n\t<meta name=\"twitter:data1\" content=\"wpAdminCofbOrg\" \/>\n\t<meta name=\"twitter:label2\" content=\"Temps estimat de lectura\" \/>\n\t<meta name=\"twitter:data2\" content=\"2 minuts\" \/>\n<script type=\"application\/ld+json\" class=\"yoast-schema-graph\">{\"@context\":\"https:\/\/schema.org\",\"@graph\":[{\"@type\":\"Article\",\"@id\":\"https:\/\/www.cofb.org\/2016\/10\/26\/valor-per-la-farmacia-valor-per-al-pacient-lema-dinfarma-barcelona-2017\/#article\",\"isPartOf\":{\"@id\":\"https:\/\/www.cofb.org\/2016\/10\/26\/valor-per-la-farmacia-valor-per-al-pacient-lema-dinfarma-barcelona-2017\/\"},\"author\":{\"name\":\"wpAdminCofbOrg\",\"@id\":\"https:\/\/www.cofb.org\/#\/schema\/person\/22ed7eea88da74b0fa4d3154ad87ffcb\"},\"headline\":\"&#8216;Valor per a la farm\u00e0cia. Valor per al pacient&#8217;, lema d\u2019Infarma Barcelona 2017\",\"datePublished\":\"2016-10-26T09:52:39+00:00\",\"dateModified\":\"2016-10-26T09:52:39+00:00\",\"mainEntityOfPage\":{\"@id\":\"https:\/\/www.cofb.org\/2016\/10\/26\/valor-per-la-farmacia-valor-per-al-pacient-lema-dinfarma-barcelona-2017\/\"},\"wordCount\":384,\"commentCount\":0,\"publisher\":{\"@id\":\"https:\/\/www.cofb.org\/#organization\"},\"image\":{\"@id\":\"https:\/\/www.cofb.org\/2016\/10\/26\/valor-per-la-farmacia-valor-per-al-pacient-lema-dinfarma-barcelona-2017\/#primaryimage\"},\"thumbnailUrl\":\"\",\"keywords\":[\"comit\u00e8 organitzador\",\"Congr\u00e8s\",\"Farm\u00e0cia\",\"Francisca Aranzana\",\"Infarma\",\"Infarma Barcelona 2017\",\"Interalia\",\"Oficina de farm\u00e0cia\",\"pacient\"],\"articleSection\":[\"Infarma\"],\"inLanguage\":\"ca\",\"potentialAction\":[{\"@type\":\"CommentAction\",\"name\":\"Comment\",\"target\":[\"https:\/\/www.cofb.org\/2016\/10\/26\/valor-per-la-farmacia-valor-per-al-pacient-lema-dinfarma-barcelona-2017\/#respond\"]}]},{\"@type\":\"WebPage\",\"@id\":\"https:\/\/www.cofb.org\/2016\/10\/26\/valor-per-la-farmacia-valor-per-al-pacient-lema-dinfarma-barcelona-2017\/\",\"url\":\"https:\/\/www.cofb.org\/2016\/10\/26\/valor-per-la-farmacia-valor-per-al-pacient-lema-dinfarma-barcelona-2017\/\",\"name\":\"'Valor per a la farm\u00e0cia. Valor per al pacient', lema d\u2019Infarma Barcelona 2017\",\"isPartOf\":{\"@id\":\"https:\/\/www.cofb.org\/#website\"},\"primaryImageOfPage\":{\"@id\":\"https:\/\/www.cofb.org\/2016\/10\/26\/valor-per-la-farmacia-valor-per-al-pacient-lema-dinfarma-barcelona-2017\/#primaryimage\"},\"image\":{\"@id\":\"https:\/\/www.cofb.org\/2016\/10\/26\/valor-per-la-farmacia-valor-per-al-pacient-lema-dinfarma-barcelona-2017\/#primaryimage\"},\"thumbnailUrl\":\"\",\"datePublished\":\"2016-10-26T09:52:39+00:00\",\"dateModified\":\"2016-10-26T09:52:39+00:00\",\"description\":\"'Valor per a la farm\u00e0cia. Valor per al pacient', lema d\u2019Infarma Barcelona 2017. Reuni\u00f3 a l'octubre del Comit\u00e8 Organitzador al COFB.\",\"breadcrumb\":{\"@id\":\"https:\/\/www.cofb.org\/2016\/10\/26\/valor-per-la-farmacia-valor-per-al-pacient-lema-dinfarma-barcelona-2017\/#breadcrumb\"},\"inLanguage\":\"ca\",\"potentialAction\":[{\"@type\":\"ReadAction\",\"target\":[\"https:\/\/www.cofb.org\/2016\/10\/26\/valor-per-la-farmacia-valor-per-al-pacient-lema-dinfarma-barcelona-2017\/\"]}]},{\"@type\":\"ImageObject\",\"inLanguage\":\"ca\",\"@id\":\"https:\/\/www.cofb.org\/2016\/10\/26\/valor-per-la-farmacia-valor-per-al-pacient-lema-dinfarma-barcelona-2017\/#primaryimage\",\"url\":\"\",\"contentUrl\":\"\"},{\"@type\":\"BreadcrumbList\",\"@id\":\"https:\/\/www.cofb.org\/2016\/10\/26\/valor-per-la-farmacia-valor-per-al-pacient-lema-dinfarma-barcelona-2017\/#breadcrumb\",\"itemListElement\":[{\"@type\":\"ListItem\",\"position\":1,\"name\":\"Inici\",\"item\":\"https:\/\/novaorg.cofb.net\/\"},{\"@type\":\"ListItem\",\"position\":2,\"name\":\"&#8216;Valor per a la farm\u00e0cia. Valor per al pacient&#8217;, lema d\u2019Infarma Barcelona 2017\"}]},{\"@type\":\"WebSite\",\"@id\":\"https:\/\/www.cofb.org\/#website\",\"url\":\"https:\/\/www.cofb.org\/\",\"name\":\"Col\u00b7legi de Farmac\u00e8utics de Barcelona\",\"description\":\"\",\"publisher\":{\"@id\":\"https:\/\/www.cofb.org\/#organization\"},\"potentialAction\":[{\"@type\":\"SearchAction\",\"target\":{\"@type\":\"EntryPoint\",\"urlTemplate\":\"https:\/\/www.cofb.org\/?s={search_term_string}\"},\"query-input\":\"required name=search_term_string\"}],\"inLanguage\":\"ca\"},{\"@type\":\"Organization\",\"@id\":\"https:\/\/www.cofb.org\/#organization\",\"name\":\"Col\u00b7legi de Farmac\u00e8utics de Barcelona\",\"url\":\"https:\/\/www.cofb.org\/\",\"logo\":{\"@type\":\"ImageObject\",\"inLanguage\":\"ca\",\"@id\":\"https:\/\/www.cofb.org\/#\/schema\/logo\/image\/\",\"url\":\"https:\/\/www.cofb.org\/wp-content\/uploads\/2023\/11\/cropped-Logotip-COFB.png\",\"contentUrl\":\"https:\/\/www.cofb.org\/wp-content\/uploads\/2023\/11\/cropped-Logotip-COFB.png\",\"width\":500,\"height\":105,\"caption\":\"Col\u00b7legi de Farmac\u00e8utics de Barcelona\"},\"image\":{\"@id\":\"https:\/\/www.cofb.org\/#\/schema\/logo\/image\/\"},\"sameAs\":[\"https:\/\/www.facebook.com\/farmaceuticsbcn\/\",\"https:\/\/twitter.com\/farmaceuticsbcn\",\"https:\/\/www.instagram.com\/farmaceuticsbcn\/\",\"https:\/\/www.linkedin.com\/company\/farmaceuticsbcn\/\"]},{\"@type\":\"Person\",\"@id\":\"https:\/\/www.cofb.org\/#\/schema\/person\/22ed7eea88da74b0fa4d3154ad87ffcb\",\"name\":\"wpAdminCofbOrg\",\"image\":{\"@type\":\"ImageObject\",\"inLanguage\":\"ca\",\"@id\":\"https:\/\/www.cofb.org\/#\/schema\/person\/image\/\",\"url\":\"https:\/\/secure.gravatar.com\/avatar\/1721b20b3b8ca882c3b56ec6c978c594fff670e40c0718e9190eaeeb76aae7d8?s=96&d=mm&r=g\",\"contentUrl\":\"https:\/\/secure.gravatar.com\/avatar\/1721b20b3b8ca882c3b56ec6c978c594fff670e40c0718e9190eaeeb76aae7d8?s=96&d=mm&r=g\",\"caption\":\"wpAdminCofbOrg\"},\"sameAs\":[\"http:\/\/192.168.64.122\/wordpress\"],\"url\":\"https:\/\/www.cofb.org\/ca\/author\/wpadmincofborg\/\"}]}<\/script>\n<!-- \/ Yoast SEO plugin. -->","yoast_head_json":{"title":"'Valor per a la farm\u00e0cia. Valor per al pacient', lema d\u2019Infarma Barcelona 2017","description":"'Valor per a la farm\u00e0cia. Valor per al pacient', lema d\u2019Infarma Barcelona 2017. Reuni\u00f3 a l'octubre del Comit\u00e8 Organitzador al COFB.","robots":{"index":"index","follow":"follow","max-snippet":"max-snippet:-1","max-image-preview":"max-image-preview:large","max-video-preview":"max-video-preview:-1"},"canonical":"https:\/\/www.cofb.org\/ca\/2016\/10\/26\/valor-per-la-farmacia-valor-per-al-pacient-lema-dinfarma-barcelona-2017\/","og_locale":"ca_ES","og_type":"article","og_title":"'Valor per a la farm\u00e0cia. Valor per al pacient', lema d\u2019Infarma Barcelona 2017","og_description":"'Valor per a la farm\u00e0cia. Valor per al pacient', lema d\u2019Infarma Barcelona 2017. Reuni\u00f3 a l'octubre del Comit\u00e8 Organitzador al COFB.","og_url":"https:\/\/www.cofb.org\/ca\/2016\/10\/26\/valor-per-la-farmacia-valor-per-al-pacient-lema-dinfarma-barcelona-2017\/","og_site_name":"Col\u00b7legi de Farmac\u00e8utics de Barcelona","article_publisher":"https:\/\/www.facebook.com\/farmaceuticsbcn\/","article_published_time":"2016-10-26T09:52:39+00:00","author":"wpAdminCofbOrg","twitter_card":"summary_large_image","twitter_creator":"@farmaceuticsbcn","twitter_site":"@farmaceuticsbcn","twitter_misc":{"Escrit per":"wpAdminCofbOrg","Temps estimat de lectura":"2 minuts"},"schema":{"@context":"https:\/\/schema.org","@graph":[{"@type":"Article","@id":"https:\/\/www.cofb.org\/2016\/10\/26\/valor-per-la-farmacia-valor-per-al-pacient-lema-dinfarma-barcelona-2017\/#article","isPartOf":{"@id":"https:\/\/www.cofb.org\/2016\/10\/26\/valor-per-la-farmacia-valor-per-al-pacient-lema-dinfarma-barcelona-2017\/"},"author":{"name":"wpAdminCofbOrg","@id":"https:\/\/www.cofb.org\/#\/schema\/person\/22ed7eea88da74b0fa4d3154ad87ffcb"},"headline":"&#8216;Valor per a la farm\u00e0cia. Valor per al pacient&#8217;, lema d\u2019Infarma Barcelona 2017","datePublished":"2016-10-26T09:52:39+00:00","dateModified":"2016-10-26T09:52:39+00:00","mainEntityOfPage":{"@id":"https:\/\/www.cofb.org\/2016\/10\/26\/valor-per-la-farmacia-valor-per-al-pacient-lema-dinfarma-barcelona-2017\/"},"wordCount":384,"commentCount":0,"publisher":{"@id":"https:\/\/www.cofb.org\/#organization"},"image":{"@id":"https:\/\/www.cofb.org\/2016\/10\/26\/valor-per-la-farmacia-valor-per-al-pacient-lema-dinfarma-barcelona-2017\/#primaryimage"},"thumbnailUrl":"","keywords":["comit\u00e8 organitzador","Congr\u00e8s","Farm\u00e0cia","Francisca Aranzana","Infarma","Infarma Barcelona 2017","Interalia","Oficina de farm\u00e0cia","pacient"],"articleSection":["Infarma"],"inLanguage":"ca","potentialAction":[{"@type":"CommentAction","name":"Comment","target":["https:\/\/www.cofb.org\/2016\/10\/26\/valor-per-la-farmacia-valor-per-al-pacient-lema-dinfarma-barcelona-2017\/#respond"]}]},{"@type":"WebPage","@id":"https:\/\/www.cofb.org\/2016\/10\/26\/valor-per-la-farmacia-valor-per-al-pacient-lema-dinfarma-barcelona-2017\/","url":"https:\/\/www.cofb.org\/2016\/10\/26\/valor-per-la-farmacia-valor-per-al-pacient-lema-dinfarma-barcelona-2017\/","name":"'Valor per a la farm\u00e0cia. Valor per al pacient', lema d\u2019Infarma Barcelona 2017","isPartOf":{"@id":"https:\/\/www.cofb.org\/#website"},"primaryImageOfPage":{"@id":"https:\/\/www.cofb.org\/2016\/10\/26\/valor-per-la-farmacia-valor-per-al-pacient-lema-dinfarma-barcelona-2017\/#primaryimage"},"image":{"@id":"https:\/\/www.cofb.org\/2016\/10\/26\/valor-per-la-farmacia-valor-per-al-pacient-lema-dinfarma-barcelona-2017\/#primaryimage"},"thumbnailUrl":"","datePublished":"2016-10-26T09:52:39+00:00","dateModified":"2016-10-26T09:52:39+00:00","description":"'Valor per a la farm\u00e0cia. Valor per al pacient', lema d\u2019Infarma Barcelona 2017. Reuni\u00f3 a l'octubre del Comit\u00e8 Organitzador al COFB.","breadcrumb":{"@id":"https:\/\/www.cofb.org\/2016\/10\/26\/valor-per-la-farmacia-valor-per-al-pacient-lema-dinfarma-barcelona-2017\/#breadcrumb"},"inLanguage":"ca","potentialAction":[{"@type":"ReadAction","target":["https:\/\/www.cofb.org\/2016\/10\/26\/valor-per-la-farmacia-valor-per-al-pacient-lema-dinfarma-barcelona-2017\/"]}]},{"@type":"ImageObject","inLanguage":"ca","@id":"https:\/\/www.cofb.org\/2016\/10\/26\/valor-per-la-farmacia-valor-per-al-pacient-lema-dinfarma-barcelona-2017\/#primaryimage","url":"","contentUrl":""},{"@type":"BreadcrumbList","@id":"https:\/\/www.cofb.org\/2016\/10\/26\/valor-per-la-farmacia-valor-per-al-pacient-lema-dinfarma-barcelona-2017\/#breadcrumb","itemListElement":[{"@type":"ListItem","position":1,"name":"Inici","item":"https:\/\/novaorg.cofb.net\/"},{"@type":"ListItem","position":2,"name":"&#8216;Valor per a la farm\u00e0cia. Valor per al pacient&#8217;, lema d\u2019Infarma Barcelona 2017"}]},{"@type":"WebSite","@id":"https:\/\/www.cofb.org\/#website","url":"https:\/\/www.cofb.org\/","name":"Col\u00b7legi de Farmac\u00e8utics de Barcelona","description":"","publisher":{"@id":"https:\/\/www.cofb.org\/#organization"},"potentialAction":[{"@type":"SearchAction","target":{"@type":"EntryPoint","urlTemplate":"https:\/\/www.cofb.org\/?s={search_term_string}"},"query-input":"required name=search_term_string"}],"inLanguage":"ca"},{"@type":"Organization","@id":"https:\/\/www.cofb.org\/#organization","name":"Col\u00b7legi de Farmac\u00e8utics de Barcelona","url":"https:\/\/www.cofb.org\/","logo":{"@type":"ImageObject","inLanguage":"ca","@id":"https:\/\/www.cofb.org\/#\/schema\/logo\/image\/","url":"https:\/\/www.cofb.org\/wp-content\/uploads\/2023\/11\/cropped-Logotip-COFB.png","contentUrl":"https:\/\/www.cofb.org\/wp-content\/uploads\/2023\/11\/cropped-Logotip-COFB.png","width":500,"height":105,"caption":"Col\u00b7legi de Farmac\u00e8utics de Barcelona"},"image":{"@id":"https:\/\/www.cofb.org\/#\/schema\/logo\/image\/"},"sameAs":["https:\/\/www.facebook.com\/farmaceuticsbcn\/","https:\/\/twitter.com\/farmaceuticsbcn","https:\/\/www.instagram.com\/farmaceuticsbcn\/","https:\/\/www.linkedin.com\/company\/farmaceuticsbcn\/"]},{"@type":"Person","@id":"https:\/\/www.cofb.org\/#\/schema\/person\/22ed7eea88da74b0fa4d3154ad87ffcb","name":"wpAdminCofbOrg","image":{"@type":"ImageObject","inLanguage":"ca","@id":"https:\/\/www.cofb.org\/#\/schema\/person\/image\/","url":"https:\/\/secure.gravatar.com\/avatar\/1721b20b3b8ca882c3b56ec6c978c594fff670e40c0718e9190eaeeb76aae7d8?s=96&d=mm&r=g","contentUrl":"https:\/\/secure.gravatar.com\/avatar\/1721b20b3b8ca882c3b56ec6c978c594fff670e40c0718e9190eaeeb76aae7d8?s=96&d=mm&r=g","caption":"wpAdminCofbOrg"},"sameAs":["http:\/\/192.168.64.122\/wordpress"],"url":"https:\/\/www.cofb.org\/ca\/author\/wpadmincofborg\/"}]}},"uagb_featured_image_src":{"full":false,"thumbnail":false,"medium":false,"medium_large":false,"large":false,"1536x1536":false,"2048x2048":false,"trp-custom-language-flag":false},"uagb_author_info":{"display_name":"wpAdminCofbOrg","author_link":"https:\/\/www.cofb.org\/ca\/author\/wpadmincofborg\/"},"uagb_comment_info":0,"uagb_excerpt":"\u201cValor per a la farm\u00e0cia. Valor per al pacient\u201d \u00e9s el lema escollit per a la 29a edici\u00f3 del Congr\u00e9s i Sal\u00f3 Europeu d\u2019Oficina de Farm\u00e0cia, Infarma Barcelona 2017. Aquesta cita europea, organitzada pels Col\u00b7legis de Farmac\u00e8utics de Barcelona i Madrid, en col\u00b7laboraci\u00f3 amb Interalia, tindr\u00e0 llocal recinte de Gran [&hellip;]","_links":{"self":[{"href":"https:\/\/www.cofb.org\/ca\/wp-json\/wp\/v2\/posts\/25281","targetHints":{"allow":["GET"]}}],"collection":[{"href":"https:\/\/www.cofb.org\/ca\/wp-json\/wp\/v2\/posts"}],"about":[{"href":"https:\/\/www.cofb.org\/ca\/wp-json\/wp\/v2\/types\/post"}],"author":[{"embeddable":true,"href":"https:\/\/www.cofb.org\/ca\/wp-json\/wp\/v2\/users\/1"}],"replies":[{"embeddable":true,"href":"https:\/\/www.cofb.org\/ca\/wp-json\/wp\/v2\/comments?post=25281"}],"version-history":[{"count":0,"href":"https:\/\/www.cofb.org\/ca\/wp-json\/wp\/v2\/posts\/25281\/revisions"}],"wp:featuredmedia":[{"embeddable":true,"href":"https:\/\/www.cofb.org\/ca\/wp-json\/"}],"wp:attachment":[{"href":"https:\/\/www.cofb.org\/ca\/wp-json\/wp\/v2\/media?parent=25281"}],"wp:term":[{"taxonomy":"category","embeddable":true,"href":"https:\/\/www.cofb.org\/ca\/wp-json\/wp\/v2\/categories?post=25281"},{"taxonomy":"post_tag","embeddable":true,"href":"https:\/\/www.cofb.org\/ca\/wp-json\/wp\/v2\/tags?post=25281"}],"curies":[{"name":"wp","href":"https:\/\/api.w.org\/{rel}","templated":true}]}}