{"id":25102,"date":"2016-10-18T16:23:16","date_gmt":"2016-10-18T15:23:16","guid":{"rendered":"http:\/\/blog.cofb.cat\/?p=25102"},"modified":"2016-10-18T16:23:16","modified_gmt":"2016-10-18T15:23:16","slug":"diada-del-farmaceutic-posem-en-valor-la-professio","status":"publish","type":"post","link":"https:\/\/www.cofb.org\/ca\/2016\/10\/18\/diada-del-farmaceutic-posem-en-valor-la-professio\/","title":{"rendered":"Diada del Farmac\u00e8utic: posem en valor la professi\u00f3"},"content":{"rendered":"<figure id=\"attachment_25109\" aria-describedby=\"caption-attachment-25109\" style=\"width: 298px\" class=\"wp-caption alignleft\"><a href=\"http:\/\/blog.cofb.cat\/wp-content\/uploads\/2016\/10\/Diada-del-Farmaceutic-2016-president-Jordi-de-Dalmases.jpg\"><img fetchpriority=\"high\" decoding=\"async\" class=\" wp-image-25109   \" alt=\"Diada-del-Farmaceutic-2016-president-Jordi-de-Dalmases\" src=\"http:\/\/blog.cofb.cat\/wp-content\/uploads\/2016\/10\/Diada-del-Farmaceutic-2016-president-Jordi-de-Dalmases-1024x683.jpg\" width=\"298\" height=\"198\" \/><\/a><figcaption id=\"caption-attachment-25109\" class=\"wp-caption-text\">Jordi de Dalmases, president del Col\u00b7legi de Farmac\u00e8utics de Barcelona, durant el discurs que va pronunciar a la Diada del Farmac\u00e8utic 2016<\/figcaption><\/figure>\n<p>\u201c<b>\u00c9s clau que ens impliquem en aconseguir que el medicament tingui en el pacient l\u2019efecte que es busca de la manera m\u00e9s r\u00e0pida i \u00f2ptima possible\u201d.<\/b> S\u00f3n paraules de Jordi de Dalmases, president del Col\u00b7legi de Farmac\u00e8utics de Barcelona, a la celebraci\u00f3 de la Diada del Farmac\u00e8utic 2016 que va tenir lloc la nit d\u2019ahir al Palau de la M\u00fasica Catalana de Barcelona.<\/p>\n<p>Durant el discurs, De Dalmases va fer un rep\u00e0s dels diferents<b> serveis professionals que ofereix la farm\u00e0cia al pacient,<\/b> com el Programa de Detecci\u00f3 Preco\u00e7 de C\u00e0ncer C\u00f2lon i Recte i el Programa d\u2019Atenci\u00f3 Farmac\u00e8utica al Pacient Cr\u00f2nic Complex, posant el focus en els<b> valors que la professi\u00f3 pot aportar a una societat cada cop amb m\u00e9s pacients amb malalties cr\u00f2niques<\/b>; en la <b>import\u00e0ncia que els agents sanitaris, <\/b>entre ells els farmac\u00e8utics, <b>treballin de forma coordinada; <\/b>i en el <b>paper que desenvolupa el Consell de Col\u00b7legis Farmac\u00e8utics de Catalunya<\/b> \u2013instituci\u00f3 que aplega els quatre col\u00b7legis de farmac\u00e8utics catalans- en apostar per nous serveis i projectes professionals. <b>\u201cTot i aix\u00f2, no ens hem de conformar mai i les organitzacions han de tenir sempre entre els seus objectius la millora<\/b>\u201d, va afegir.<\/p>\n<p>Tamb\u00e9 va posar l\u2019\u00e8mfasi en <b>aquelles iniciatives en qu\u00e8 participen els farmac\u00e8utics que responen a la pregunta de \u201cqu\u00e8 m\u00e9s podem aportar a la societat\u201d i que van \u201cm\u00e9s enll\u00e0 del nostre rol professional\u201d<\/b>, va concretar el president del COFB. En s\u00f3n exemples el <b>Programa Radars<\/b>, en el marc del qual <b>m\u00e9s de 400 farm\u00e0cies de Barcelona contribueixen a detectar persones grans amb risc d\u2019exclusi\u00f3 socia<\/b>l, o la recent creaci\u00f3 de la<b> Comissi\u00f3 de Comprom\u00eds Social, <\/b>des de la qual es pret\u00e9n impulsar la Responsabilitat Social Corporativa al Col\u00b7legi i a la farm\u00e0cia.<\/p>\n<p><b><div class=\"box shadow\">25 i 50 anys aportant valor a la farm\u00e0cia<\/b><\/p>\n<p>L\u2019acte central de la Diada del Farmac\u00e8utic \u00e9s l\u2019<b>homenatge als farmac\u00e8utics que compleixen 25 i 50 anys de col\u00b7legiaci\u00f3<\/b>. Com a mostra de reconeixement, es va entregar una <b>ins\u00edgnia de plata als 121 farmac\u00e8utics que porten un quart de segle<\/b> dedicat a la farm\u00e0cia i<b> una d\u2019or als 38 que han complert el mig segle.<\/b><\/p>\n[caption id=\"attachment_25111\" align=\"alignleft\" width=\"296\"]<a href=\"http:\/\/blog.cofb.cat\/wp-content\/uploads\/2016\/10\/Diada-del-Farmaceutic-2016-homenatjats-50-anys.jpg\"><img decoding=\"async\" class=\" wp-image-25111       \" alt=\"Diada-del-Farmaceutic-2016-homenatjats-50-anys\" src=\"http:\/\/blog.cofb.cat\/wp-content\/uploads\/2016\/10\/Diada-del-Farmaceutic-2016-homenatjats-50-anys-1024x573.jpg\" width=\"296\" height=\"165\" \/><\/a> Homenatjats pels 50 anys de col\u00b7legiaci\u00f3[\/caption]\n[caption id=\"attachment_25110\" align=\"alignright\" width=\"239\"]<a href=\"http:\/\/blog.cofb.cat\/wp-content\/uploads\/2016\/10\/Diada-del-Farmaceutic-2016-homenatjats-25-anys.jpg\"><img decoding=\"async\" class=\" wp-image-25110     \" alt=\"Diada-del-Farmaceutic-2016-homenatjats-25-anys\" src=\"http:\/\/blog.cofb.cat\/wp-content\/uploads\/2016\/10\/Diada-del-Farmaceutic-2016-homenatjats-25-anys-1024x683.jpg\" width=\"239\" height=\"158\" \/><\/a> Homenatjats pels 25 anys de col\u00b7legiaci\u00f3[\/caption]\n<p>&nbsp;<\/p>\n<p>&nbsp;<\/p>\n<p>&nbsp;<\/p>\n<p>&nbsp;<\/p>\n<p>&nbsp;<\/p>\n<p style=\"text-align: right;\">(cliqueu a les imatges per fer-les m\u00e9s grans i facilitar-ne la visualitzaci\u00f3)<b><\/div><\/b><\/p>\n<p><b>Recerca en l\u2019\u00e0mbit farmac\u00e8utic a trav\u00e9s de les beques col\u00b7legials<\/b><\/p>\n<figure id=\"attachment_25108\" aria-describedby=\"caption-attachment-25108\" style=\"width: 286px\" class=\"wp-caption alignleft\"><a href=\"http:\/\/blog.cofb.cat\/wp-content\/uploads\/2016\/10\/Diada-del-Farmaceutic-2016-beca2.jpg\"><img loading=\"lazy\" decoding=\"async\" class=\" wp-image-25108 \" alt=\"Diada-del-Farmaceutic-2016-beca2\" src=\"http:\/\/blog.cofb.cat\/wp-content\/uploads\/2016\/10\/Diada-del-Farmaceutic-2016-beca2-1024x683.jpg\" width=\"286\" height=\"191\" \/><\/a><figcaption id=\"caption-attachment-25108\" class=\"wp-caption-text\">La farmac\u00e8utica Mar Gomis recull la beca acompanyada de Josep Llop i Jordi de Dalmases<\/figcaption><\/figure>\n<figure id=\"attachment_25107\" aria-describedby=\"caption-attachment-25107\" style=\"width: 286px\" class=\"wp-caption alignright\"><a href=\"http:\/\/blog.cofb.cat\/wp-content\/uploads\/2016\/10\/Diada-del-Farmaceutic-2016-beca1.jpg\"><img loading=\"lazy\" decoding=\"async\" class=\" wp-image-25107\" alt=\"Diada-del-Farmaceutic-2016-beca1\" src=\"http:\/\/blog.cofb.cat\/wp-content\/uploads\/2016\/10\/Diada-del-Farmaceutic-2016-beca1-1024x683.jpg\" width=\"286\" height=\"191\" \/><\/a><figcaption id=\"caption-attachment-25107\" class=\"wp-caption-text\">Esther Pastor va ser la farmac\u00e8utica que va recollir la segona beca<\/figcaption><\/figure>\n<p>&nbsp;<\/p>\n<p>&nbsp;<\/p>\n<p>&nbsp;<\/p>\n<p>&nbsp;<\/p>\n<p>&nbsp;<\/p>\n<p>Durant la Diada tamb\u00e9 es va realitzar <b>l\u2019entrega dels diplomes acreditatius als projectes becats pel COFB durant el curs 2015-2016, a trav\u00e9s dels quals es potencia la recerca en l\u2019\u00e0mbit farmac\u00e8utic. <\/b>Enguany, aquests projectes aborden \u201cL\u2019impacte assistencial de la incorporaci\u00f3 de la Salut M\u00f2bil (mHealth) en la pr\u00e0ctica cl\u00ednica del pacient trasplantat card\u00edac\u201d i el \u201cRisc de sagnat dels nous anticoagulants orals en comparaci\u00f3 amb acenocumarol en la pr\u00e0ctica cl\u00ednica habitual\u201d. Josep Llop, responsable de la Comissi\u00f3 de Beques i vocal de Junta, i Jordi de Dalmases, president del Col\u00b7legi, van lliurar els premis als treballs becats.<\/p>\n<figure id=\"attachment_25106\" aria-describedby=\"caption-attachment-25106\" style=\"width: 347px\" class=\"wp-caption alignright\"><a href=\"http:\/\/blog.cofb.cat\/wp-content\/uploads\/2016\/10\/Diada-del-Farmaceutic-2016-actuacio.jpg\"><img loading=\"lazy\" decoding=\"async\" class=\" wp-image-25106  \" alt=\"Diada-del-Farmaceutic-2016-actuacio\" src=\"http:\/\/blog.cofb.cat\/wp-content\/uploads\/2016\/10\/Diada-del-Farmaceutic-2016-actuacio-1024x683.jpg\" width=\"347\" height=\"231\" \/><\/a><figcaption id=\"caption-attachment-25106\" class=\"wp-caption-text\">Telva Rojas &amp; The Jamboree Big latin Band van actuar a la Diada d&#8217;enguany<\/figcaption><\/figure>\n<p><i>L\u2019acte va estar patrocinat per: CaixaBank, M\u00fatua General de Catalunya (MGC), SegurCaixa Adeslas, Alliance Healthcare, Grupo Cofares i Fedefarma<\/i><\/p>\n<p><span style=\"color: #888888;\"><b>Nota de premsa enviada als mitjans de comunicaci\u00f3 (tamb\u00e9 es pot consultar a la <a href=\"http:\/\/www.cofb.org\/web\/guest\/Noticia\/-\/journal_content\/56_INSTANCE_V6ao\/10136\/947738\" target=\"_blank\" rel=\"noopener\"><span style=\"color: #888888;\">Sala de Premsa<\/span><\/a> del web institucional www.cofb.org)<\/b><\/span><\/p>\n<p>&nbsp;<\/p>\n","protected":false},"excerpt":{"rendered":"<p>\u201c\u00c9s clau que ens impliquem en aconseguir que el medicament tingui en el pacient l\u2019efecte que es busca de la manera m\u00e9s r\u00e0pida i \u00f2ptima possible\u201d. S\u00f3n paraules de Jordi de Dalmases, president del Col\u00b7legi de Farmac\u00e8utics de Barcelona, a la celebraci\u00f3 de la Diada del Farmac\u00e8utic 2016 que va [&hellip;]<\/p>\n","protected":false},"author":1,"featured_media":25112,"comment_status":"open","ping_status":"open","sticky":false,"template":"","format":"standard","meta":{"_uag_custom_page_level_css":"","site-sidebar-layout":"default","site-content-layout":"","ast-site-content-layout":"default","site-content-style":"default","site-sidebar-style":"default","ast-global-header-display":"","ast-banner-title-visibility":"","ast-main-header-display":"","ast-hfb-above-header-display":"","ast-hfb-below-header-display":"","ast-hfb-mobile-header-display":"","site-post-title":"","ast-breadcrumbs-content":"","ast-featured-img":"disabled","footer-sml-layout":"","theme-transparent-header-meta":"","adv-header-id-meta":"","stick-header-meta":"","header-above-stick-meta":"","header-main-stick-meta":"","header-below-stick-meta":"","astra-migrate-meta-layouts":"default","ast-page-background-enabled":"default","ast-page-background-meta":{"desktop":{"background-color":"var(--ast-global-color-4)","background-image":"","background-repeat":"repeat","background-position":"center center","background-size":"auto","background-attachment":"scroll","background-type":"","background-media":"","overlay-type":"","overlay-color":"","overlay-opacity":"","overlay-gradient":""},"tablet":{"background-color":"","background-image":"","background-repeat":"repeat","background-position":"center center","background-size":"auto","background-attachment":"scroll","background-type":"","background-media":"","overlay-type":"","overlay-color":"","overlay-opacity":"","overlay-gradient":""},"mobile":{"background-color":"","background-image":"","background-repeat":"repeat","background-position":"center center","background-size":"auto","background-attachment":"scroll","background-type":"","background-media":"","overlay-type":"","overlay-color":"","overlay-opacity":"","overlay-gradient":""}},"ast-content-background-meta":{"desktop":{"background-color":"var(--ast-global-color-5)","background-image":"","background-repeat":"repeat","background-position":"center center","background-size":"auto","background-attachment":"scroll","background-type":"","background-media":"","overlay-type":"","overlay-color":"","overlay-opacity":"","overlay-gradient":""},"tablet":{"background-color":"var(--ast-global-color-5)","background-image":"","background-repeat":"repeat","background-position":"center center","background-size":"auto","background-attachment":"scroll","background-type":"","background-media":"","overlay-type":"","overlay-color":"","overlay-opacity":"","overlay-gradient":""},"mobile":{"background-color":"var(--ast-global-color-5)","background-image":"","background-repeat":"repeat","background-position":"center center","background-size":"auto","background-attachment":"scroll","background-type":"","background-media":"","overlay-type":"","overlay-color":"","overlay-opacity":"","overlay-gradient":""}},"footnotes":""},"categories":[57],"tags":[969,970,53,68,973,2123,2188],"class_list":["post-25102","post","type-post","status-publish","format-standard","has-post-thumbnail","hentry","category-mon-collegial","tag-diada","tag-diada-del-farmaceutic","tag-farmaceutics","tag-farmacia","tag-homenatge","tag-jordi-de-dalmases","tag-professio"],"yoast_head":"<!-- This site is optimized with the Yoast SEO plugin v22.4 - https:\/\/yoast.com\/wordpress\/plugins\/seo\/ -->\n<title>Diada del Farmac\u00e8utic: posem en valor la professi\u00f3<\/title>\n<meta name=\"description\" content=\"Diada del Farmac\u00e8utic: posem en valor la professi\u00f3. Homenatge als farmac\u00e8utics que compleixen 25 i 50 anys de col\u00b7legiaci\u00f3. Palau de la M\u00fasica Catalana de Barcelona.\" \/>\n<meta name=\"robots\" content=\"index, follow, max-snippet:-1, max-image-preview:large, max-video-preview:-1\" \/>\n<link rel=\"canonical\" href=\"https:\/\/novaorg.cofb.net\/2016\/10\/18\/diada-del-farmaceutic-posem-en-valor-la-professio\/\" \/>\n<meta property=\"og:locale\" content=\"ca_ES\" \/>\n<meta property=\"og:type\" content=\"article\" \/>\n<meta property=\"og:title\" content=\"Diada del Farmac\u00e8utic: posem en valor la professi\u00f3\" \/>\n<meta property=\"og:description\" content=\"Diada del Farmac\u00e8utic: posem en valor la professi\u00f3. Homenatge als farmac\u00e8utics que compleixen 25 i 50 anys de col\u00b7legiaci\u00f3. Palau de la M\u00fasica Catalana de Barcelona.\" \/>\n<meta property=\"og:url\" content=\"https:\/\/novaorg.cofb.net\/2016\/10\/18\/diada-del-farmaceutic-posem-en-valor-la-professio\/\" \/>\n<meta property=\"og:site_name\" content=\"Col\u00b7legi de Farmac\u00e8utics de Barcelona\" \/>\n<meta property=\"article:publisher\" content=\"https:\/\/www.facebook.com\/farmaceuticsbcn\/\" \/>\n<meta property=\"article:published_time\" content=\"2016-10-18T15:23:16+00:00\" \/>\n<meta name=\"author\" content=\"wpAdminCofbOrg\" \/>\n<meta name=\"twitter:card\" content=\"summary_large_image\" \/>\n<meta name=\"twitter:creator\" content=\"@farmaceuticsbcn\" \/>\n<meta name=\"twitter:site\" content=\"@farmaceuticsbcn\" \/>\n<meta name=\"twitter:label1\" content=\"Escrit per\" \/>\n\t<meta name=\"twitter:data1\" content=\"wpAdminCofbOrg\" \/>\n\t<meta name=\"twitter:label2\" content=\"Temps estimat de lectura\" \/>\n\t<meta name=\"twitter:data2\" content=\"4 minuts\" \/>\n<script type=\"application\/ld+json\" class=\"yoast-schema-graph\">{\"@context\":\"https:\/\/schema.org\",\"@graph\":[{\"@type\":\"Article\",\"@id\":\"https:\/\/novaorg.cofb.net\/2016\/10\/18\/diada-del-farmaceutic-posem-en-valor-la-professio\/#article\",\"isPartOf\":{\"@id\":\"https:\/\/novaorg.cofb.net\/2016\/10\/18\/diada-del-farmaceutic-posem-en-valor-la-professio\/\"},\"author\":{\"name\":\"wpAdminCofbOrg\",\"@id\":\"https:\/\/www.cofb.org\/#\/schema\/person\/22ed7eea88da74b0fa4d3154ad87ffcb\"},\"headline\":\"Diada del Farmac\u00e8utic: posem en valor la professi\u00f3\",\"datePublished\":\"2016-10-18T15:23:16+00:00\",\"dateModified\":\"2016-10-18T15:23:16+00:00\",\"mainEntityOfPage\":{\"@id\":\"https:\/\/novaorg.cofb.net\/2016\/10\/18\/diada-del-farmaceutic-posem-en-valor-la-professio\/\"},\"wordCount\":714,\"commentCount\":0,\"publisher\":{\"@id\":\"https:\/\/www.cofb.org\/#organization\"},\"image\":{\"@id\":\"https:\/\/novaorg.cofb.net\/2016\/10\/18\/diada-del-farmaceutic-posem-en-valor-la-professio\/#primaryimage\"},\"thumbnailUrl\":\"\",\"keywords\":[\"Diada\",\"Diada del Farmac\u00e8utic\",\"farmac\u00e8utics\",\"Farm\u00e0cia\",\"homenatge\",\"Jordi de Dalmases\",\"professi\u00f3\"],\"articleSection\":[\"M\u00f3n col\u00b7legial\"],\"inLanguage\":\"ca\",\"potentialAction\":[{\"@type\":\"CommentAction\",\"name\":\"Comment\",\"target\":[\"https:\/\/novaorg.cofb.net\/2016\/10\/18\/diada-del-farmaceutic-posem-en-valor-la-professio\/#respond\"]}]},{\"@type\":\"WebPage\",\"@id\":\"https:\/\/novaorg.cofb.net\/2016\/10\/18\/diada-del-farmaceutic-posem-en-valor-la-professio\/\",\"url\":\"https:\/\/novaorg.cofb.net\/2016\/10\/18\/diada-del-farmaceutic-posem-en-valor-la-professio\/\",\"name\":\"Diada del Farmac\u00e8utic: posem en valor la professi\u00f3\",\"isPartOf\":{\"@id\":\"https:\/\/www.cofb.org\/#website\"},\"primaryImageOfPage\":{\"@id\":\"https:\/\/novaorg.cofb.net\/2016\/10\/18\/diada-del-farmaceutic-posem-en-valor-la-professio\/#primaryimage\"},\"image\":{\"@id\":\"https:\/\/novaorg.cofb.net\/2016\/10\/18\/diada-del-farmaceutic-posem-en-valor-la-professio\/#primaryimage\"},\"thumbnailUrl\":\"\",\"datePublished\":\"2016-10-18T15:23:16+00:00\",\"dateModified\":\"2016-10-18T15:23:16+00:00\",\"description\":\"Diada del Farmac\u00e8utic: posem en valor la professi\u00f3. Homenatge als farmac\u00e8utics que compleixen 25 i 50 anys de col\u00b7legiaci\u00f3. Palau de la M\u00fasica Catalana de Barcelona.\",\"breadcrumb\":{\"@id\":\"https:\/\/novaorg.cofb.net\/2016\/10\/18\/diada-del-farmaceutic-posem-en-valor-la-professio\/#breadcrumb\"},\"inLanguage\":\"ca\",\"potentialAction\":[{\"@type\":\"ReadAction\",\"target\":[\"https:\/\/novaorg.cofb.net\/2016\/10\/18\/diada-del-farmaceutic-posem-en-valor-la-professio\/\"]}]},{\"@type\":\"ImageObject\",\"inLanguage\":\"ca\",\"@id\":\"https:\/\/novaorg.cofb.net\/2016\/10\/18\/diada-del-farmaceutic-posem-en-valor-la-professio\/#primaryimage\",\"url\":\"\",\"contentUrl\":\"\"},{\"@type\":\"BreadcrumbList\",\"@id\":\"https:\/\/novaorg.cofb.net\/2016\/10\/18\/diada-del-farmaceutic-posem-en-valor-la-professio\/#breadcrumb\",\"itemListElement\":[{\"@type\":\"ListItem\",\"position\":1,\"name\":\"Inici\",\"item\":\"https:\/\/novaorg.cofb.net\/\"},{\"@type\":\"ListItem\",\"position\":2,\"name\":\"Diada del Farmac\u00e8utic: posem en valor la professi\u00f3\"}]},{\"@type\":\"WebSite\",\"@id\":\"https:\/\/www.cofb.org\/#website\",\"url\":\"https:\/\/www.cofb.org\/\",\"name\":\"Col\u00b7legi de Farmac\u00e8utics de Barcelona\",\"description\":\"\",\"publisher\":{\"@id\":\"https:\/\/www.cofb.org\/#organization\"},\"potentialAction\":[{\"@type\":\"SearchAction\",\"target\":{\"@type\":\"EntryPoint\",\"urlTemplate\":\"https:\/\/www.cofb.org\/?s={search_term_string}\"},\"query-input\":\"required name=search_term_string\"}],\"inLanguage\":\"ca\"},{\"@type\":\"Organization\",\"@id\":\"https:\/\/www.cofb.org\/#organization\",\"name\":\"Col\u00b7legi de Farmac\u00e8utics de Barcelona\",\"url\":\"https:\/\/www.cofb.org\/\",\"logo\":{\"@type\":\"ImageObject\",\"inLanguage\":\"ca\",\"@id\":\"https:\/\/www.cofb.org\/#\/schema\/logo\/image\/\",\"url\":\"https:\/\/www.cofb.org\/wp-content\/uploads\/2023\/11\/cropped-Logotip-COFB.png\",\"contentUrl\":\"https:\/\/www.cofb.org\/wp-content\/uploads\/2023\/11\/cropped-Logotip-COFB.png\",\"width\":500,\"height\":105,\"caption\":\"Col\u00b7legi de Farmac\u00e8utics de Barcelona\"},\"image\":{\"@id\":\"https:\/\/www.cofb.org\/#\/schema\/logo\/image\/\"},\"sameAs\":[\"https:\/\/www.facebook.com\/farmaceuticsbcn\/\",\"https:\/\/twitter.com\/farmaceuticsbcn\",\"https:\/\/www.instagram.com\/farmaceuticsbcn\/\",\"https:\/\/www.linkedin.com\/company\/farmaceuticsbcn\/\"]},{\"@type\":\"Person\",\"@id\":\"https:\/\/www.cofb.org\/#\/schema\/person\/22ed7eea88da74b0fa4d3154ad87ffcb\",\"name\":\"wpAdminCofbOrg\",\"image\":{\"@type\":\"ImageObject\",\"inLanguage\":\"ca\",\"@id\":\"https:\/\/www.cofb.org\/#\/schema\/person\/image\/\",\"url\":\"https:\/\/secure.gravatar.com\/avatar\/1721b20b3b8ca882c3b56ec6c978c594fff670e40c0718e9190eaeeb76aae7d8?s=96&d=mm&r=g\",\"contentUrl\":\"https:\/\/secure.gravatar.com\/avatar\/1721b20b3b8ca882c3b56ec6c978c594fff670e40c0718e9190eaeeb76aae7d8?s=96&d=mm&r=g\",\"caption\":\"wpAdminCofbOrg\"},\"sameAs\":[\"http:\/\/192.168.64.122\/wordpress\"],\"url\":\"https:\/\/www.cofb.org\/ca\/author\/wpadmincofborg\/\"}]}<\/script>\n<!-- \/ Yoast SEO plugin. -->","yoast_head_json":{"title":"Diada del Farmac\u00e8utic: posem en valor la professi\u00f3","description":"Diada del Farmac\u00e8utic: posem en valor la professi\u00f3. Homenatge als farmac\u00e8utics que compleixen 25 i 50 anys de col\u00b7legiaci\u00f3. Palau de la M\u00fasica Catalana de Barcelona.","robots":{"index":"index","follow":"follow","max-snippet":"max-snippet:-1","max-image-preview":"max-image-preview:large","max-video-preview":"max-video-preview:-1"},"canonical":"https:\/\/novaorg.cofb.net\/2016\/10\/18\/diada-del-farmaceutic-posem-en-valor-la-professio\/","og_locale":"ca_ES","og_type":"article","og_title":"Diada del Farmac\u00e8utic: posem en valor la professi\u00f3","og_description":"Diada del Farmac\u00e8utic: posem en valor la professi\u00f3. Homenatge als farmac\u00e8utics que compleixen 25 i 50 anys de col\u00b7legiaci\u00f3. Palau de la M\u00fasica Catalana de Barcelona.","og_url":"https:\/\/novaorg.cofb.net\/2016\/10\/18\/diada-del-farmaceutic-posem-en-valor-la-professio\/","og_site_name":"Col\u00b7legi de Farmac\u00e8utics de Barcelona","article_publisher":"https:\/\/www.facebook.com\/farmaceuticsbcn\/","article_published_time":"2016-10-18T15:23:16+00:00","author":"wpAdminCofbOrg","twitter_card":"summary_large_image","twitter_creator":"@farmaceuticsbcn","twitter_site":"@farmaceuticsbcn","twitter_misc":{"Escrit per":"wpAdminCofbOrg","Temps estimat de lectura":"4 minuts"},"schema":{"@context":"https:\/\/schema.org","@graph":[{"@type":"Article","@id":"https:\/\/novaorg.cofb.net\/2016\/10\/18\/diada-del-farmaceutic-posem-en-valor-la-professio\/#article","isPartOf":{"@id":"https:\/\/novaorg.cofb.net\/2016\/10\/18\/diada-del-farmaceutic-posem-en-valor-la-professio\/"},"author":{"name":"wpAdminCofbOrg","@id":"https:\/\/www.cofb.org\/#\/schema\/person\/22ed7eea88da74b0fa4d3154ad87ffcb"},"headline":"Diada del Farmac\u00e8utic: posem en valor la professi\u00f3","datePublished":"2016-10-18T15:23:16+00:00","dateModified":"2016-10-18T15:23:16+00:00","mainEntityOfPage":{"@id":"https:\/\/novaorg.cofb.net\/2016\/10\/18\/diada-del-farmaceutic-posem-en-valor-la-professio\/"},"wordCount":714,"commentCount":0,"publisher":{"@id":"https:\/\/www.cofb.org\/#organization"},"image":{"@id":"https:\/\/novaorg.cofb.net\/2016\/10\/18\/diada-del-farmaceutic-posem-en-valor-la-professio\/#primaryimage"},"thumbnailUrl":"","keywords":["Diada","Diada del Farmac\u00e8utic","farmac\u00e8utics","Farm\u00e0cia","homenatge","Jordi de Dalmases","professi\u00f3"],"articleSection":["M\u00f3n col\u00b7legial"],"inLanguage":"ca","potentialAction":[{"@type":"CommentAction","name":"Comment","target":["https:\/\/novaorg.cofb.net\/2016\/10\/18\/diada-del-farmaceutic-posem-en-valor-la-professio\/#respond"]}]},{"@type":"WebPage","@id":"https:\/\/novaorg.cofb.net\/2016\/10\/18\/diada-del-farmaceutic-posem-en-valor-la-professio\/","url":"https:\/\/novaorg.cofb.net\/2016\/10\/18\/diada-del-farmaceutic-posem-en-valor-la-professio\/","name":"Diada del Farmac\u00e8utic: posem en valor la professi\u00f3","isPartOf":{"@id":"https:\/\/www.cofb.org\/#website"},"primaryImageOfPage":{"@id":"https:\/\/novaorg.cofb.net\/2016\/10\/18\/diada-del-farmaceutic-posem-en-valor-la-professio\/#primaryimage"},"image":{"@id":"https:\/\/novaorg.cofb.net\/2016\/10\/18\/diada-del-farmaceutic-posem-en-valor-la-professio\/#primaryimage"},"thumbnailUrl":"","datePublished":"2016-10-18T15:23:16+00:00","dateModified":"2016-10-18T15:23:16+00:00","description":"Diada del Farmac\u00e8utic: posem en valor la professi\u00f3. Homenatge als farmac\u00e8utics que compleixen 25 i 50 anys de col\u00b7legiaci\u00f3. Palau de la M\u00fasica Catalana de Barcelona.","breadcrumb":{"@id":"https:\/\/novaorg.cofb.net\/2016\/10\/18\/diada-del-farmaceutic-posem-en-valor-la-professio\/#breadcrumb"},"inLanguage":"ca","potentialAction":[{"@type":"ReadAction","target":["https:\/\/novaorg.cofb.net\/2016\/10\/18\/diada-del-farmaceutic-posem-en-valor-la-professio\/"]}]},{"@type":"ImageObject","inLanguage":"ca","@id":"https:\/\/novaorg.cofb.net\/2016\/10\/18\/diada-del-farmaceutic-posem-en-valor-la-professio\/#primaryimage","url":"","contentUrl":""},{"@type":"BreadcrumbList","@id":"https:\/\/novaorg.cofb.net\/2016\/10\/18\/diada-del-farmaceutic-posem-en-valor-la-professio\/#breadcrumb","itemListElement":[{"@type":"ListItem","position":1,"name":"Inici","item":"https:\/\/novaorg.cofb.net\/"},{"@type":"ListItem","position":2,"name":"Diada del Farmac\u00e8utic: posem en valor la professi\u00f3"}]},{"@type":"WebSite","@id":"https:\/\/www.cofb.org\/#website","url":"https:\/\/www.cofb.org\/","name":"Col\u00b7legi de Farmac\u00e8utics de Barcelona","description":"","publisher":{"@id":"https:\/\/www.cofb.org\/#organization"},"potentialAction":[{"@type":"SearchAction","target":{"@type":"EntryPoint","urlTemplate":"https:\/\/www.cofb.org\/?s={search_term_string}"},"query-input":"required name=search_term_string"}],"inLanguage":"ca"},{"@type":"Organization","@id":"https:\/\/www.cofb.org\/#organization","name":"Col\u00b7legi de Farmac\u00e8utics de Barcelona","url":"https:\/\/www.cofb.org\/","logo":{"@type":"ImageObject","inLanguage":"ca","@id":"https:\/\/www.cofb.org\/#\/schema\/logo\/image\/","url":"https:\/\/www.cofb.org\/wp-content\/uploads\/2023\/11\/cropped-Logotip-COFB.png","contentUrl":"https:\/\/www.cofb.org\/wp-content\/uploads\/2023\/11\/cropped-Logotip-COFB.png","width":500,"height":105,"caption":"Col\u00b7legi de Farmac\u00e8utics de Barcelona"},"image":{"@id":"https:\/\/www.cofb.org\/#\/schema\/logo\/image\/"},"sameAs":["https:\/\/www.facebook.com\/farmaceuticsbcn\/","https:\/\/twitter.com\/farmaceuticsbcn","https:\/\/www.instagram.com\/farmaceuticsbcn\/","https:\/\/www.linkedin.com\/company\/farmaceuticsbcn\/"]},{"@type":"Person","@id":"https:\/\/www.cofb.org\/#\/schema\/person\/22ed7eea88da74b0fa4d3154ad87ffcb","name":"wpAdminCofbOrg","image":{"@type":"ImageObject","inLanguage":"ca","@id":"https:\/\/www.cofb.org\/#\/schema\/person\/image\/","url":"https:\/\/secure.gravatar.com\/avatar\/1721b20b3b8ca882c3b56ec6c978c594fff670e40c0718e9190eaeeb76aae7d8?s=96&d=mm&r=g","contentUrl":"https:\/\/secure.gravatar.com\/avatar\/1721b20b3b8ca882c3b56ec6c978c594fff670e40c0718e9190eaeeb76aae7d8?s=96&d=mm&r=g","caption":"wpAdminCofbOrg"},"sameAs":["http:\/\/192.168.64.122\/wordpress"],"url":"https:\/\/www.cofb.org\/ca\/author\/wpadmincofborg\/"}]}},"uagb_featured_image_src":{"full":false,"thumbnail":false,"medium":false,"medium_large":false,"large":false,"1536x1536":false,"2048x2048":false,"trp-custom-language-flag":false},"uagb_author_info":{"display_name":"wpAdminCofbOrg","author_link":"https:\/\/www.cofb.org\/ca\/author\/wpadmincofborg\/"},"uagb_comment_info":0,"uagb_excerpt":"\u201c\u00c9s clau que ens impliquem en aconseguir que el medicament tingui en el pacient l\u2019efecte que es busca de la manera m\u00e9s r\u00e0pida i \u00f2ptima possible\u201d. S\u00f3n paraules de Jordi de Dalmases, president del Col\u00b7legi de Farmac\u00e8utics de Barcelona, a la celebraci\u00f3 de la Diada del Farmac\u00e8utic 2016 que va [&hellip;]","_links":{"self":[{"href":"https:\/\/www.cofb.org\/ca\/wp-json\/wp\/v2\/posts\/25102","targetHints":{"allow":["GET"]}}],"collection":[{"href":"https:\/\/www.cofb.org\/ca\/wp-json\/wp\/v2\/posts"}],"about":[{"href":"https:\/\/www.cofb.org\/ca\/wp-json\/wp\/v2\/types\/post"}],"author":[{"embeddable":true,"href":"https:\/\/www.cofb.org\/ca\/wp-json\/wp\/v2\/users\/1"}],"replies":[{"embeddable":true,"href":"https:\/\/www.cofb.org\/ca\/wp-json\/wp\/v2\/comments?post=25102"}],"version-history":[{"count":0,"href":"https:\/\/www.cofb.org\/ca\/wp-json\/wp\/v2\/posts\/25102\/revisions"}],"wp:featuredmedia":[{"embeddable":true,"href":"https:\/\/www.cofb.org\/ca\/wp-json\/"}],"wp:attachment":[{"href":"https:\/\/www.cofb.org\/ca\/wp-json\/wp\/v2\/media?parent=25102"}],"wp:term":[{"taxonomy":"category","embeddable":true,"href":"https:\/\/www.cofb.org\/ca\/wp-json\/wp\/v2\/categories?post=25102"},{"taxonomy":"post_tag","embeddable":true,"href":"https:\/\/www.cofb.org\/ca\/wp-json\/wp\/v2\/tags?post=25102"}],"curies":[{"name":"wp","href":"https:\/\/api.w.org\/{rel}","templated":true}]}}