{"id":24959,"date":"2016-10-14T09:12:57","date_gmt":"2016-10-14T08:12:57","guid":{"rendered":"http:\/\/blog.cofb.cat\/?p=24959"},"modified":"2016-10-14T09:12:57","modified_gmt":"2016-10-14T08:12:57","slug":"dia-mundial-de-lalimentacio-16-doctubre","status":"publish","type":"post","link":"https:\/\/www.cofb.org\/ca\/2016\/10\/14\/dia-mundial-de-lalimentacio-16-doctubre\/","title":{"rendered":"Dia Mundial de l\u2019Alimentaci\u00f3, 16 d\u2019octubre"},"content":{"rendered":"<p><a href=\"http:\/\/blog.cofb.cat\/wp-content\/uploads\/2016\/10\/Dia-mundial-alimentacio-2016-FAO.jpg\"><img fetchpriority=\"high\" decoding=\"async\" class=\" wp-image-24961 alignleft\" alt=\"Dia-mundial-alimentacio-2016-FAO\" src=\"http:\/\/blog.cofb.cat\/wp-content\/uploads\/2016\/10\/Dia-mundial-alimentacio-2016-FAO.jpg\" width=\"249\" height=\"494\" \/><\/a>Les persones m\u00e9s pobres del m\u00f3n -moltes de les quals s\u00f3n agricultors, pescadors i pastors- s\u00f3n les m\u00e9s afectades pel canvi clim\u00e0tic. Si enfortim la resili\u00e8ncia dels petits camperols, podem garantir la seguretat aliment\u00e0ria per a la creixent poblaci\u00f3 del planeta i alhora reduir les emissions de gasos d&#8217;efecte hivernacle. \u00c9s el missatge que transmet <b>l\u2019Organitzaci\u00f3 de les Nacions Unides per a l\u2019Alimentaci\u00f3 i l\u2019Agricultura (FAO)<\/b>, impulsora del <a href=\"http:\/\/www.fao.org\/world-food-day\/2016\/home\/es\/\" target=\"_blank\" rel=\"noopener\"><b>Dia Mundial de l\u2019Alimentaci\u00f3 <\/b><\/a>que anualment t\u00e9 lloc el 16 d\u2019octubre. Enguany, amb el seu missatge global \u00e9s \u201cEl clima est\u00e0 canviant. L&#8217;alimentaci\u00f3 i l&#8217;agricultura tamb\u00e9\u201d, la FAO fa una crida als pa\u00efsos per abordar l&#8217;alimentaci\u00f3 i l&#8217;agricultura en els seus plans d&#8217;acci\u00f3 clim\u00e0tica i invertir m\u00e9s en desenvolupament rural.<\/p>\n<p><b>Podem ajudar?<\/b> <b>Qu\u00e8 podem fer per lluitar contra el canvi clim\u00e0tic i la gana?<\/b> Modificant els nostres h\u00e0bits quotidians i prenent decisions senzilles tots podem millorar la situaci\u00f3: conservant els valuosos recursos naturals del planeta, malgastant menys, generant menys brossa o sent un consumidor conscient, s\u00f3n algunes de les <a href=\"http:\/\/www.fao.org\/world-food-day\/2016\/climate-actions\/es\/\" target=\"_blank\" rel=\"noopener\">iniciatives que promou la FAO<\/a>.<\/p>\n<p><strong style=\"color: #888888;\">L&#8217;objectiu mundial d&#8217;aconseguir la Gana Zero s&#8217;ha fixat per 2030: un objectiu ambici\u00f3s i que no pot aconseguir-se sense fer front al canvi clim\u00e0tic.<\/strong><\/p>\n<div class=\"box shadow\"><b>Any 2016, Any Internacional dels Llegums<\/b><\/p>\n<p>[caption id=\"attachment_24960\" align=\"alignright\" width=\"245\"]<a href=\"http:\/\/blog.cofb.cat\/wp-content\/uploads\/2016\/10\/beneficis-llegums-salut-FAO-infografia.jpg\"><img decoding=\"async\" class=\" wp-image-24960  \" alt=\"beneficis-llegums-salut-FAO-infografia\" src=\"http:\/\/blog.cofb.cat\/wp-content\/uploads\/2016\/10\/beneficis-llegums-salut-FAO-infografia-724x1024.jpg\" width=\"245\" height=\"348\" \/><\/a> Infografia dels beneficis dels llegums per a la salut (via FAO). Cliqueu a la imatge per fer-la m\u00e9s gran i facilitar la lectura[\/caption]<\/p>\n<p>Aquest Any Internacional es proposa <b>sensibilitzar a l&#8217;opini\u00f3 p\u00fablica sobre els avantatges nutricionals dels llegums com a part d&#8217;una producci\u00f3 d&#8217;aliments sostenible encaminada a aconseguir la seguretat aliment\u00e0ria i la nutrici\u00f3<\/b>. L&#8217;Any brinda una oportunitat \u00fanica de fomentar connexions al llarg de tota la cadena aliment\u00e0ria per aprofitar millor les prote\u00efnes derivades dels llegums, incrementar la producci\u00f3 mundial de llegums, utilitzar de manera m\u00e9s apropiada la rotaci\u00f3 de cultius i fer front als reptes que existeixen en el comer\u00e7 de llegums.<\/p>\n<p>La dieta \u00e9s un factor important per a la salut i la malaltia. La majoria dels pa\u00efsos s&#8217;enfronten a problemes de nutrici\u00f3, de la desnutrici\u00f3 i les defici\u00e8ncies de micronutrients a l&#8217;obesitat i les malalties relacionades amb la dieta (com la diabetis tipus II i determinats tipus de c\u00e0ncer), o una mescla d&#8217;ells. <strong>Els llegums s\u00f3n un aliment ric en nutrients que, com a part d&#8217;una dieta saludable poden ajudar a combatre la desnutrici\u00f3 als pa\u00efsos desenvolupats i en desenvolupament<\/strong>.<\/p>\n<p>Teniu m\u00e9s material informatiu en format infografia en <a href=\"http:\/\/www.fao.org\/pulses-2016\/communications-toolkit\/infographics\/es\/\">aquest enlla\u00e7<\/a>.<\/p>\n<p><a href=\"http:\/\/canalsalut.gencat.cat\/web\/.content\/home_canal_salut\/ciutadania\/vida_saludable\/alimentacio\/els_aliments\/llegums\/Llegums_17.pdf\">Monogr\u00e0fic dels Llegums<\/a> amb motiu Any 2016 Internacional dels Llegums via Ag\u00e8ncia de Salut P\u00fablica de Catalunya (ASPCAT).<\/p>\n<p><a href=\"http:\/\/www.fao.org\/pulses-2016\/es\/\" target=\"_blank\" rel=\"noopener\">P\u00e0gina web dedicada a l&#8217;Any Internacional dels Llegums (via FAO<\/a>) <\/div>\n<p>La <b>vocalia d\u2019Alimentaci\u00f3 i Nutrici\u00f3 del Col\u00b7legi<\/b> vol consolidar el p<strong>aper del farmac\u00e8utic com a professional promotor de la salut en temes de consell alimentari i educaci\u00f3 nutricional<\/strong>. Per aix\u00f2 treballa per proporcionar eines al farmac\u00e8utic comunitari com guies sobre consell alimentari, etiquetatge, interacci\u00f3 aliment-medicament, etc., aix\u00ed com per dotar-lo de formaci\u00f3 cient\u00edfica actualitzada en l\u2019\u00e0rea d\u2019alimentaci\u00f3 i nutrici\u00f3.<\/p>\n<p><iframe src=\"https:\/\/www.youtube.com\/embed\/yj1ItpOHzXU\" height=\"315\" width=\"560\" allowfullscreen=\"\" frameborder=\"0\"><\/iframe><\/p>\n<p><a href=\"http:\/\/blog.cofb.cat\/wp-content\/uploads\/2016\/02\/twitter-LOGO.jpg\"><img decoding=\"async\" class=\" wp-image-19080 alignleft\" alt=\"twitter-LOGO\" src=\"http:\/\/blog.cofb.cat\/wp-content\/uploads\/2016\/02\/twitter-LOGO-150x150.jpg\" width=\"43\" height=\"43\" \/><\/a>El hashtag per seguir tot el que s&#8217;est\u00e0 dient a Twitter relacionat amb aquest Dia Mundial \u00e9s <a href=\"https:\/\/twitter.com\/search?q=%23WFD2016&amp;src=typd\" target=\"_blank\" rel=\"noopener\"><strong>#WFD2016<\/strong><\/a>.<\/p>\n<p><b>Altres enlla\u00e7os d\u2019inter\u00e8s:<\/b><\/p>\n<ul>\n<li>Tota la informaci\u00f3 sobre el Dia Mundial de l\u2019Alimentaci\u00f3 al\u00a0<a href=\"http:\/\/www.fao.org\/world-food-day\/2016\/home\/es\/\">web de la FAO<\/a><\/li>\n<li><a href=\"http:\/\/salutpublica.gencat.cat\/web\/.content\/minisite\/aspcat\/promocio_salut\/alimentacio_saludable\/menjarSaAmbMenysDiners_11_2014.pdf\">Menjar sa amb menys diners<\/a> PDF \u2013 via ASPCAT<\/li>\n<li><a href=\"http:\/\/www.chgeharvard.org\/category\/healthy-and-sustainable-food\">Healthy and Sustainable Food<\/a> (via Center for Health and the Global Environment at the Harvard T.H. Chan School of Public Health).<\/li>\n<li><a href=\"http:\/\/ec.europa.eu\/environment\/eussd\/food.htm\">Sustainable Food<\/a> (via Comissi\u00f3 Europea)<\/li>\n<li><a href=\"http:\/\/www.portalfarma.com\/Ciudadanos\/Destacados_ciudadanos\/Paginas\/Dia-Mundial-Alimentacion.aspx\" target=\"_blank\" rel=\"noopener\">D\u00eda Mundial de la Alimentaci\u00f3n <\/a>(via Portalfarma)<\/li>\n<\/ul>\n","protected":false},"excerpt":{"rendered":"<p>Les persones m\u00e9s pobres del m\u00f3n -moltes de les quals s\u00f3n agricultors, pescadors i pastors- s\u00f3n les m\u00e9s afectades pel canvi clim\u00e0tic. Si enfortim la resili\u00e8ncia dels petits camperols, podem garantir la seguretat aliment\u00e0ria per a la creixent poblaci\u00f3 del planeta i alhora reduir les emissions de gasos d&#8217;efecte hivernacle. [&hellip;]<\/p>\n","protected":false},"author":1,"featured_media":24972,"comment_status":"open","ping_status":"open","sticky":false,"template":"","format":"standard","meta":{"_uag_custom_page_level_css":"","site-sidebar-layout":"default","site-content-layout":"","ast-site-content-layout":"default","site-content-style":"default","site-sidebar-style":"default","ast-global-header-display":"","ast-banner-title-visibility":"","ast-main-header-display":"","ast-hfb-above-header-display":"","ast-hfb-below-header-display":"","ast-hfb-mobile-header-display":"","site-post-title":"","ast-breadcrumbs-content":"","ast-featured-img":"disabled","footer-sml-layout":"","theme-transparent-header-meta":"","adv-header-id-meta":"","stick-header-meta":"","header-above-stick-meta":"","header-main-stick-meta":"","header-below-stick-meta":"","astra-migrate-meta-layouts":"default","ast-page-background-enabled":"default","ast-page-background-meta":{"desktop":{"background-color":"var(--ast-global-color-4)","background-image":"","background-repeat":"repeat","background-position":"center center","background-size":"auto","background-attachment":"scroll","background-type":"","background-media":"","overlay-type":"","overlay-color":"","overlay-opacity":"","overlay-gradient":""},"tablet":{"background-color":"","background-image":"","background-repeat":"repeat","background-position":"center center","background-size":"auto","background-attachment":"scroll","background-type":"","background-media":"","overlay-type":"","overlay-color":"","overlay-opacity":"","overlay-gradient":""},"mobile":{"background-color":"","background-image":"","background-repeat":"repeat","background-position":"center center","background-size":"auto","background-attachment":"scroll","background-type":"","background-media":"","overlay-type":"","overlay-color":"","overlay-opacity":"","overlay-gradient":""}},"ast-content-background-meta":{"desktop":{"background-color":"var(--ast-global-color-5)","background-image":"","background-repeat":"repeat","background-position":"center center","background-size":"auto","background-attachment":"scroll","background-type":"","background-media":"","overlay-type":"","overlay-color":"","overlay-opacity":"","overlay-gradient":""},"tablet":{"background-color":"var(--ast-global-color-5)","background-image":"","background-repeat":"repeat","background-position":"center center","background-size":"auto","background-attachment":"scroll","background-type":"","background-media":"","overlay-type":"","overlay-color":"","overlay-opacity":"","overlay-gradient":""},"mobile":{"background-color":"var(--ast-global-color-5)","background-image":"","background-repeat":"repeat","background-position":"center center","background-size":"auto","background-attachment":"scroll","background-type":"","background-media":"","overlay-type":"","overlay-color":"","overlay-opacity":"","overlay-gradient":""}},"footnotes":""},"categories":[32],"tags":[16,2515,2268,2516,2517],"class_list":["post-24959","post","type-post","status-publish","format-standard","has-post-thumbnail","hentry","category-noticies-farmacia","tag-alimentacio-i-nutricio","tag-any-internacional-de-les-llegums","tag-dia-mundial-de-lalimentacio","tag-fao","tag-llegums"],"yoast_head":"<!-- This site is optimized with the Yoast SEO plugin v22.4 - https:\/\/yoast.com\/wordpress\/plugins\/seo\/ -->\n<title>Dia Mundial de l\u2019Alimentaci\u00f3, 16 d\u2019octubre<\/title>\n<meta name=\"description\" content=\"Dia Mundial de l\u2019Alimentaci\u00f3, 16 d\u2019octubre. \u201cEl clima est\u00e0 canviant. L&#039;alimentaci\u00f3 i l&#039;agricultura tamb\u00e9\u201d.\" \/>\n<meta name=\"robots\" content=\"index, follow, max-snippet:-1, max-image-preview:large, max-video-preview:-1\" \/>\n<link rel=\"canonical\" href=\"https:\/\/novaorg.cofb.net\/2016\/10\/14\/dia-mundial-de-lalimentacio-16-doctubre\/\" \/>\n<meta property=\"og:locale\" content=\"ca_ES\" \/>\n<meta property=\"og:type\" content=\"article\" \/>\n<meta property=\"og:title\" content=\"Dia Mundial de l\u2019Alimentaci\u00f3, 16 d\u2019octubre\" \/>\n<meta property=\"og:description\" content=\"Dia Mundial de l\u2019Alimentaci\u00f3, 16 d\u2019octubre. \u201cEl clima est\u00e0 canviant. L&#039;alimentaci\u00f3 i l&#039;agricultura tamb\u00e9\u201d.\" \/>\n<meta property=\"og:url\" content=\"https:\/\/novaorg.cofb.net\/2016\/10\/14\/dia-mundial-de-lalimentacio-16-doctubre\/\" \/>\n<meta property=\"og:site_name\" content=\"Col\u00b7legi de Farmac\u00e8utics de Barcelona\" \/>\n<meta property=\"article:publisher\" content=\"https:\/\/www.facebook.com\/farmaceuticsbcn\/\" \/>\n<meta property=\"article:published_time\" content=\"2016-10-14T08:12:57+00:00\" \/>\n<meta name=\"author\" content=\"wpAdminCofbOrg\" \/>\n<meta name=\"twitter:card\" content=\"summary_large_image\" \/>\n<meta name=\"twitter:creator\" content=\"@farmaceuticsbcn\" \/>\n<meta name=\"twitter:site\" content=\"@farmaceuticsbcn\" \/>\n<meta name=\"twitter:label1\" content=\"Escrit per\" \/>\n\t<meta name=\"twitter:data1\" content=\"wpAdminCofbOrg\" \/>\n\t<meta name=\"twitter:label2\" content=\"Temps estimat de lectura\" \/>\n\t<meta name=\"twitter:data2\" content=\"3 minuts\" \/>\n<script type=\"application\/ld+json\" class=\"yoast-schema-graph\">{\"@context\":\"https:\/\/schema.org\",\"@graph\":[{\"@type\":\"Article\",\"@id\":\"https:\/\/novaorg.cofb.net\/2016\/10\/14\/dia-mundial-de-lalimentacio-16-doctubre\/#article\",\"isPartOf\":{\"@id\":\"https:\/\/novaorg.cofb.net\/2016\/10\/14\/dia-mundial-de-lalimentacio-16-doctubre\/\"},\"author\":{\"name\":\"wpAdminCofbOrg\",\"@id\":\"https:\/\/www.cofb.org\/#\/schema\/person\/22ed7eea88da74b0fa4d3154ad87ffcb\"},\"headline\":\"Dia Mundial de l\u2019Alimentaci\u00f3, 16 d\u2019octubre\",\"datePublished\":\"2016-10-14T08:12:57+00:00\",\"dateModified\":\"2016-10-14T08:12:57+00:00\",\"mainEntityOfPage\":{\"@id\":\"https:\/\/novaorg.cofb.net\/2016\/10\/14\/dia-mundial-de-lalimentacio-16-doctubre\/\"},\"wordCount\":643,\"commentCount\":0,\"publisher\":{\"@id\":\"https:\/\/www.cofb.org\/#organization\"},\"image\":{\"@id\":\"https:\/\/novaorg.cofb.net\/2016\/10\/14\/dia-mundial-de-lalimentacio-16-doctubre\/#primaryimage\"},\"thumbnailUrl\":\"\",\"keywords\":[\"Alimentaci\u00f3 i nutrici\u00f3\",\"Any Internacional de les Llegums\",\"Dia Mundial de l'Alimentaci\u00f3\",\"FAO\",\"llegums\"],\"articleSection\":[\"Not\u00edcies farm\u00e0cia\"],\"inLanguage\":\"ca\",\"potentialAction\":[{\"@type\":\"CommentAction\",\"name\":\"Comment\",\"target\":[\"https:\/\/novaorg.cofb.net\/2016\/10\/14\/dia-mundial-de-lalimentacio-16-doctubre\/#respond\"]}]},{\"@type\":\"WebPage\",\"@id\":\"https:\/\/novaorg.cofb.net\/2016\/10\/14\/dia-mundial-de-lalimentacio-16-doctubre\/\",\"url\":\"https:\/\/novaorg.cofb.net\/2016\/10\/14\/dia-mundial-de-lalimentacio-16-doctubre\/\",\"name\":\"Dia Mundial de l\u2019Alimentaci\u00f3, 16 d\u2019octubre\",\"isPartOf\":{\"@id\":\"https:\/\/www.cofb.org\/#website\"},\"primaryImageOfPage\":{\"@id\":\"https:\/\/novaorg.cofb.net\/2016\/10\/14\/dia-mundial-de-lalimentacio-16-doctubre\/#primaryimage\"},\"image\":{\"@id\":\"https:\/\/novaorg.cofb.net\/2016\/10\/14\/dia-mundial-de-lalimentacio-16-doctubre\/#primaryimage\"},\"thumbnailUrl\":\"\",\"datePublished\":\"2016-10-14T08:12:57+00:00\",\"dateModified\":\"2016-10-14T08:12:57+00:00\",\"description\":\"Dia Mundial de l\u2019Alimentaci\u00f3, 16 d\u2019octubre. \u201cEl clima est\u00e0 canviant. L'alimentaci\u00f3 i l'agricultura tamb\u00e9\u201d.\",\"breadcrumb\":{\"@id\":\"https:\/\/novaorg.cofb.net\/2016\/10\/14\/dia-mundial-de-lalimentacio-16-doctubre\/#breadcrumb\"},\"inLanguage\":\"ca\",\"potentialAction\":[{\"@type\":\"ReadAction\",\"target\":[\"https:\/\/novaorg.cofb.net\/2016\/10\/14\/dia-mundial-de-lalimentacio-16-doctubre\/\"]}]},{\"@type\":\"ImageObject\",\"inLanguage\":\"ca\",\"@id\":\"https:\/\/novaorg.cofb.net\/2016\/10\/14\/dia-mundial-de-lalimentacio-16-doctubre\/#primaryimage\",\"url\":\"\",\"contentUrl\":\"\"},{\"@type\":\"BreadcrumbList\",\"@id\":\"https:\/\/novaorg.cofb.net\/2016\/10\/14\/dia-mundial-de-lalimentacio-16-doctubre\/#breadcrumb\",\"itemListElement\":[{\"@type\":\"ListItem\",\"position\":1,\"name\":\"Inici\",\"item\":\"https:\/\/novaorg.cofb.net\/\"},{\"@type\":\"ListItem\",\"position\":2,\"name\":\"Dia Mundial de l\u2019Alimentaci\u00f3, 16 d\u2019octubre\"}]},{\"@type\":\"WebSite\",\"@id\":\"https:\/\/www.cofb.org\/#website\",\"url\":\"https:\/\/www.cofb.org\/\",\"name\":\"Col\u00b7legi de Farmac\u00e8utics de Barcelona\",\"description\":\"\",\"publisher\":{\"@id\":\"https:\/\/www.cofb.org\/#organization\"},\"potentialAction\":[{\"@type\":\"SearchAction\",\"target\":{\"@type\":\"EntryPoint\",\"urlTemplate\":\"https:\/\/www.cofb.org\/?s={search_term_string}\"},\"query-input\":\"required name=search_term_string\"}],\"inLanguage\":\"ca\"},{\"@type\":\"Organization\",\"@id\":\"https:\/\/www.cofb.org\/#organization\",\"name\":\"Col\u00b7legi de Farmac\u00e8utics de Barcelona\",\"url\":\"https:\/\/www.cofb.org\/\",\"logo\":{\"@type\":\"ImageObject\",\"inLanguage\":\"ca\",\"@id\":\"https:\/\/www.cofb.org\/#\/schema\/logo\/image\/\",\"url\":\"https:\/\/www.cofb.org\/wp-content\/uploads\/2023\/11\/cropped-Logotip-COFB.png\",\"contentUrl\":\"https:\/\/www.cofb.org\/wp-content\/uploads\/2023\/11\/cropped-Logotip-COFB.png\",\"width\":500,\"height\":105,\"caption\":\"Col\u00b7legi de Farmac\u00e8utics de Barcelona\"},\"image\":{\"@id\":\"https:\/\/www.cofb.org\/#\/schema\/logo\/image\/\"},\"sameAs\":[\"https:\/\/www.facebook.com\/farmaceuticsbcn\/\",\"https:\/\/twitter.com\/farmaceuticsbcn\",\"https:\/\/www.instagram.com\/farmaceuticsbcn\/\",\"https:\/\/www.linkedin.com\/company\/farmaceuticsbcn\/\"]},{\"@type\":\"Person\",\"@id\":\"https:\/\/www.cofb.org\/#\/schema\/person\/22ed7eea88da74b0fa4d3154ad87ffcb\",\"name\":\"wpAdminCofbOrg\",\"image\":{\"@type\":\"ImageObject\",\"inLanguage\":\"ca\",\"@id\":\"https:\/\/www.cofb.org\/#\/schema\/person\/image\/\",\"url\":\"https:\/\/secure.gravatar.com\/avatar\/1721b20b3b8ca882c3b56ec6c978c594fff670e40c0718e9190eaeeb76aae7d8?s=96&d=mm&r=g\",\"contentUrl\":\"https:\/\/secure.gravatar.com\/avatar\/1721b20b3b8ca882c3b56ec6c978c594fff670e40c0718e9190eaeeb76aae7d8?s=96&d=mm&r=g\",\"caption\":\"wpAdminCofbOrg\"},\"sameAs\":[\"http:\/\/192.168.64.122\/wordpress\"],\"url\":\"https:\/\/www.cofb.org\/ca\/author\/wpadmincofborg\/\"}]}<\/script>\n<!-- \/ Yoast SEO plugin. -->","yoast_head_json":{"title":"Dia Mundial de l\u2019Alimentaci\u00f3, 16 d\u2019octubre","description":"Dia Mundial de l\u2019Alimentaci\u00f3, 16 d\u2019octubre. \u201cEl clima est\u00e0 canviant. L'alimentaci\u00f3 i l'agricultura tamb\u00e9\u201d.","robots":{"index":"index","follow":"follow","max-snippet":"max-snippet:-1","max-image-preview":"max-image-preview:large","max-video-preview":"max-video-preview:-1"},"canonical":"https:\/\/novaorg.cofb.net\/2016\/10\/14\/dia-mundial-de-lalimentacio-16-doctubre\/","og_locale":"ca_ES","og_type":"article","og_title":"Dia Mundial de l\u2019Alimentaci\u00f3, 16 d\u2019octubre","og_description":"Dia Mundial de l\u2019Alimentaci\u00f3, 16 d\u2019octubre. \u201cEl clima est\u00e0 canviant. L'alimentaci\u00f3 i l'agricultura tamb\u00e9\u201d.","og_url":"https:\/\/novaorg.cofb.net\/2016\/10\/14\/dia-mundial-de-lalimentacio-16-doctubre\/","og_site_name":"Col\u00b7legi de Farmac\u00e8utics de Barcelona","article_publisher":"https:\/\/www.facebook.com\/farmaceuticsbcn\/","article_published_time":"2016-10-14T08:12:57+00:00","author":"wpAdminCofbOrg","twitter_card":"summary_large_image","twitter_creator":"@farmaceuticsbcn","twitter_site":"@farmaceuticsbcn","twitter_misc":{"Escrit per":"wpAdminCofbOrg","Temps estimat de lectura":"3 minuts"},"schema":{"@context":"https:\/\/schema.org","@graph":[{"@type":"Article","@id":"https:\/\/novaorg.cofb.net\/2016\/10\/14\/dia-mundial-de-lalimentacio-16-doctubre\/#article","isPartOf":{"@id":"https:\/\/novaorg.cofb.net\/2016\/10\/14\/dia-mundial-de-lalimentacio-16-doctubre\/"},"author":{"name":"wpAdminCofbOrg","@id":"https:\/\/www.cofb.org\/#\/schema\/person\/22ed7eea88da74b0fa4d3154ad87ffcb"},"headline":"Dia Mundial de l\u2019Alimentaci\u00f3, 16 d\u2019octubre","datePublished":"2016-10-14T08:12:57+00:00","dateModified":"2016-10-14T08:12:57+00:00","mainEntityOfPage":{"@id":"https:\/\/novaorg.cofb.net\/2016\/10\/14\/dia-mundial-de-lalimentacio-16-doctubre\/"},"wordCount":643,"commentCount":0,"publisher":{"@id":"https:\/\/www.cofb.org\/#organization"},"image":{"@id":"https:\/\/novaorg.cofb.net\/2016\/10\/14\/dia-mundial-de-lalimentacio-16-doctubre\/#primaryimage"},"thumbnailUrl":"","keywords":["Alimentaci\u00f3 i nutrici\u00f3","Any Internacional de les Llegums","Dia Mundial de l'Alimentaci\u00f3","FAO","llegums"],"articleSection":["Not\u00edcies farm\u00e0cia"],"inLanguage":"ca","potentialAction":[{"@type":"CommentAction","name":"Comment","target":["https:\/\/novaorg.cofb.net\/2016\/10\/14\/dia-mundial-de-lalimentacio-16-doctubre\/#respond"]}]},{"@type":"WebPage","@id":"https:\/\/novaorg.cofb.net\/2016\/10\/14\/dia-mundial-de-lalimentacio-16-doctubre\/","url":"https:\/\/novaorg.cofb.net\/2016\/10\/14\/dia-mundial-de-lalimentacio-16-doctubre\/","name":"Dia Mundial de l\u2019Alimentaci\u00f3, 16 d\u2019octubre","isPartOf":{"@id":"https:\/\/www.cofb.org\/#website"},"primaryImageOfPage":{"@id":"https:\/\/novaorg.cofb.net\/2016\/10\/14\/dia-mundial-de-lalimentacio-16-doctubre\/#primaryimage"},"image":{"@id":"https:\/\/novaorg.cofb.net\/2016\/10\/14\/dia-mundial-de-lalimentacio-16-doctubre\/#primaryimage"},"thumbnailUrl":"","datePublished":"2016-10-14T08:12:57+00:00","dateModified":"2016-10-14T08:12:57+00:00","description":"Dia Mundial de l\u2019Alimentaci\u00f3, 16 d\u2019octubre. \u201cEl clima est\u00e0 canviant. L'alimentaci\u00f3 i l'agricultura tamb\u00e9\u201d.","breadcrumb":{"@id":"https:\/\/novaorg.cofb.net\/2016\/10\/14\/dia-mundial-de-lalimentacio-16-doctubre\/#breadcrumb"},"inLanguage":"ca","potentialAction":[{"@type":"ReadAction","target":["https:\/\/novaorg.cofb.net\/2016\/10\/14\/dia-mundial-de-lalimentacio-16-doctubre\/"]}]},{"@type":"ImageObject","inLanguage":"ca","@id":"https:\/\/novaorg.cofb.net\/2016\/10\/14\/dia-mundial-de-lalimentacio-16-doctubre\/#primaryimage","url":"","contentUrl":""},{"@type":"BreadcrumbList","@id":"https:\/\/novaorg.cofb.net\/2016\/10\/14\/dia-mundial-de-lalimentacio-16-doctubre\/#breadcrumb","itemListElement":[{"@type":"ListItem","position":1,"name":"Inici","item":"https:\/\/novaorg.cofb.net\/"},{"@type":"ListItem","position":2,"name":"Dia Mundial de l\u2019Alimentaci\u00f3, 16 d\u2019octubre"}]},{"@type":"WebSite","@id":"https:\/\/www.cofb.org\/#website","url":"https:\/\/www.cofb.org\/","name":"Col\u00b7legi de Farmac\u00e8utics de Barcelona","description":"","publisher":{"@id":"https:\/\/www.cofb.org\/#organization"},"potentialAction":[{"@type":"SearchAction","target":{"@type":"EntryPoint","urlTemplate":"https:\/\/www.cofb.org\/?s={search_term_string}"},"query-input":"required name=search_term_string"}],"inLanguage":"ca"},{"@type":"Organization","@id":"https:\/\/www.cofb.org\/#organization","name":"Col\u00b7legi de Farmac\u00e8utics de Barcelona","url":"https:\/\/www.cofb.org\/","logo":{"@type":"ImageObject","inLanguage":"ca","@id":"https:\/\/www.cofb.org\/#\/schema\/logo\/image\/","url":"https:\/\/www.cofb.org\/wp-content\/uploads\/2023\/11\/cropped-Logotip-COFB.png","contentUrl":"https:\/\/www.cofb.org\/wp-content\/uploads\/2023\/11\/cropped-Logotip-COFB.png","width":500,"height":105,"caption":"Col\u00b7legi de Farmac\u00e8utics de Barcelona"},"image":{"@id":"https:\/\/www.cofb.org\/#\/schema\/logo\/image\/"},"sameAs":["https:\/\/www.facebook.com\/farmaceuticsbcn\/","https:\/\/twitter.com\/farmaceuticsbcn","https:\/\/www.instagram.com\/farmaceuticsbcn\/","https:\/\/www.linkedin.com\/company\/farmaceuticsbcn\/"]},{"@type":"Person","@id":"https:\/\/www.cofb.org\/#\/schema\/person\/22ed7eea88da74b0fa4d3154ad87ffcb","name":"wpAdminCofbOrg","image":{"@type":"ImageObject","inLanguage":"ca","@id":"https:\/\/www.cofb.org\/#\/schema\/person\/image\/","url":"https:\/\/secure.gravatar.com\/avatar\/1721b20b3b8ca882c3b56ec6c978c594fff670e40c0718e9190eaeeb76aae7d8?s=96&d=mm&r=g","contentUrl":"https:\/\/secure.gravatar.com\/avatar\/1721b20b3b8ca882c3b56ec6c978c594fff670e40c0718e9190eaeeb76aae7d8?s=96&d=mm&r=g","caption":"wpAdminCofbOrg"},"sameAs":["http:\/\/192.168.64.122\/wordpress"],"url":"https:\/\/www.cofb.org\/ca\/author\/wpadmincofborg\/"}]}},"uagb_featured_image_src":{"full":false,"thumbnail":false,"medium":false,"medium_large":false,"large":false,"1536x1536":false,"2048x2048":false,"trp-custom-language-flag":false},"uagb_author_info":{"display_name":"wpAdminCofbOrg","author_link":"https:\/\/www.cofb.org\/ca\/author\/wpadmincofborg\/"},"uagb_comment_info":0,"uagb_excerpt":"Les persones m\u00e9s pobres del m\u00f3n -moltes de les quals s\u00f3n agricultors, pescadors i pastors- s\u00f3n les m\u00e9s afectades pel canvi clim\u00e0tic. Si enfortim la resili\u00e8ncia dels petits camperols, podem garantir la seguretat aliment\u00e0ria per a la creixent poblaci\u00f3 del planeta i alhora reduir les emissions de gasos d&#8217;efecte hivernacle. [&hellip;]","_links":{"self":[{"href":"https:\/\/www.cofb.org\/ca\/wp-json\/wp\/v2\/posts\/24959","targetHints":{"allow":["GET"]}}],"collection":[{"href":"https:\/\/www.cofb.org\/ca\/wp-json\/wp\/v2\/posts"}],"about":[{"href":"https:\/\/www.cofb.org\/ca\/wp-json\/wp\/v2\/types\/post"}],"author":[{"embeddable":true,"href":"https:\/\/www.cofb.org\/ca\/wp-json\/wp\/v2\/users\/1"}],"replies":[{"embeddable":true,"href":"https:\/\/www.cofb.org\/ca\/wp-json\/wp\/v2\/comments?post=24959"}],"version-history":[{"count":0,"href":"https:\/\/www.cofb.org\/ca\/wp-json\/wp\/v2\/posts\/24959\/revisions"}],"wp:featuredmedia":[{"embeddable":true,"href":"https:\/\/www.cofb.org\/ca\/wp-json\/"}],"wp:attachment":[{"href":"https:\/\/www.cofb.org\/ca\/wp-json\/wp\/v2\/media?parent=24959"}],"wp:term":[{"taxonomy":"category","embeddable":true,"href":"https:\/\/www.cofb.org\/ca\/wp-json\/wp\/v2\/categories?post=24959"},{"taxonomy":"post_tag","embeddable":true,"href":"https:\/\/www.cofb.org\/ca\/wp-json\/wp\/v2\/tags?post=24959"}],"curies":[{"name":"wp","href":"https:\/\/api.w.org\/{rel}","templated":true}]}}