{"id":23832,"date":"2016-08-31T10:07:37","date_gmt":"2016-08-31T09:07:37","guid":{"rendered":"http:\/\/blog.cofb.cat\/?p=23832"},"modified":"2016-08-31T10:07:37","modified_gmt":"2016-08-31T09:07:37","slug":"meduses-que-cal-saber","status":"publish","type":"post","link":"https:\/\/www.cofb.org\/ca\/2016\/08\/31\/meduses-que-cal-saber\/","title":{"rendered":"Meduses: qu\u00e8 cal saber?"},"content":{"rendered":"<figure id=\"attachment_24113\" aria-describedby=\"caption-attachment-24113\" style=\"width: 312px\" class=\"wp-caption alignright\"><a href=\"http:\/\/www.farmaceuticonline.com\/PDF\/meduses.pdf\"><img fetchpriority=\"high\" decoding=\"async\" class=\" wp-image-24113   \" alt=\"meduses-infografia\" src=\"http:\/\/blog.cofb.cat\/wp-content\/uploads\/2016\/08\/meduses-infografia-794x1024.jpg\" width=\"312\" height=\"403\" \/><\/a><figcaption id=\"caption-attachment-24113\" class=\"wp-caption-text\">Infografia disponible al web Farmaceuticonline, el nostre web de salut<\/figcaption><\/figure>\n<p>La pres\u00e8ncia de meduses a la costa catalana<strong> \u00e9s molt freq\u00fcent durant els mesos d\u2019estiu com a conseq\u00fc\u00e8ncia de les brises<\/strong>, encara que pot donar-se durant tot l\u2019any. Fins al setembre, s&#8217;observen a la vora del mar de les nostres platges, cada cop amb m\u00e9s freq\u00fc\u00e8ncia.\u00a0Aquesta situaci\u00f3 \u00e9s deguda a dos factors importants: d&#8217;una banda, a la menor pres\u00e8ncia de depredadors de meduses a alta mar, i de l&#8217;altra, a l&#8217;elevada temperatura de l&#8217;aigua del mar que, com que no plou, no es refreda i tampoc no rep l&#8217;aigua m\u00e9s freda que desemboca dels rius.<\/p>\n<p><b><div class=\"box shadow\">Qu\u00e8 cal fer? El farmac\u00e8utic t\u2019aconsella:<\/b><\/p>\n<ul>\n<li>Abans de res<strong> precauci\u00f3<\/strong>, intentar evitar el contacte, \u00e9s a dir, no ficar-se a l&#8217;aigua quan\u00a0s&#8217;observa la pres\u00e8ncia de meduses i <strong>utilitzar productes fotoprotectors repel\u00b7lents de\u00a0meduses<\/strong>.<\/li>\n<li>Si t\u00e9 lloc la picada, s&#8217;ha de mantenir la <strong>persona afectada en rep\u00f2s.<\/strong><\/li>\n<li>S&#8217;han de <strong>retirar les restes de medusa o punxes amb unes pinces<\/strong>, per\u00f2 mai amb els dits.<\/li>\n<li>Tot seguit s&#8217;ha de <strong>rentar la zona afectada amb aigua de mar si \u00e9s possible<\/strong> i, en cas que no ho sigui, cal aplicar aigua freda, per\u00f2 <strong>mai no s&#8217;ha d&#8217;aplicar aigua dol\u00e7a de forma directa<\/strong>, sin\u00f3 amb un pl\u00e0stic, durant 15 minuts.\u00e7<\/li>\n<li>\u00c9s molt important <strong>no fregar la zona afectada ni tocar-la amb les mans<\/strong>.<\/li>\n<li>Es pot prendre algun <strong>analg\u00e8sic per calmar el dolor<\/strong>, en cas que sigui molt fort.<\/li>\n<li>Si els s\u00edmptomes persisteixen o <strong>si la picada \u00e9s severa, cal adre\u00e7ar-se a un centre m\u00e8dic<\/strong>.<\/li>\n<\/ul>\n<p><b>Font i m\u00e9s informaci\u00f3:<\/b> <a href=\"http:\/\/www.farmaceuticonline.com\/ca\/familia\/515-medusas?showall=1\" target=\"_blank\" rel=\"noopener\">Meduses<\/a> (via Farmaceuticonline, el nostre web de salut)<b><\/div><\/b><\/p>\n<p><a href=\"http:\/\/blog.cofb.cat\/wp-content\/uploads\/2016\/07\/platja-meduses.jpg\"><img decoding=\"async\" class=\" wp-image-23840 alignright\" alt=\"platja-meduses\" src=\"http:\/\/blog.cofb.cat\/wp-content\/uploads\/2016\/07\/platja-meduses.jpg\" width=\"349\" height=\"232\" \/><\/a><b>Com tenir-les localitzades?<\/b><\/p>\n<p><b><a href=\"http:\/\/medjelly.com\/home?p_p_id=Jellyfishes_WAR_MEDUSAS&amp;p_p_lifecycle=0&amp;p_p_state=normal&amp;p_p_mode=view&amp;p_p_col_id=column-1&amp;p_p_col_pos=1&amp;p_p_col_count=2&amp;_Jellyfishes_WAR_MEDUSAS_action=viewMapZone&amp;zone=1\" target=\"_blank\" rel=\"noopener\">Consulta l\u2019Informe diari de les meduses<\/a><\/b><\/p>\n<p><strong>Medjelly<\/strong> \u00e9s una aplicaci\u00f3 desenvolupada i gestionada per l&#8217;Institut de Ci\u00e8ncies del Mar (ICM-CSIC) &#8211; (<a href=\"http:\/\/www.icm.csic.es\/\">www.icm.csic.es<\/a>) dins del marc dels projectes VECTORS i MED-JELLYRISK i en col\u00b7laboraci\u00f3 amb els ajuntaments costaners de Catalunya i els Serveis de Salvament i Socorrisme.<\/p>\n<p>Aquesta aplicaci\u00f3 ha estat dissenyada per facilitar als ciutadans una eina de gran utilitat i d&#8217;ampli acc\u00e9s sobre un tema rellevant i emergent, i cada vegada m\u00e9s preocupant, com \u00e9s el tema de les proliferacions de meduses a les platges. El seu objectiu principal es basa en el lliurament d&#8217;informaci\u00f3 clara, precisa i en temps real sobre les meduses: si estan o no a les platges, quina esp\u00e8cie est\u00e0 present, quin tipus d&#8217;esp\u00e8cies existeixen, qu\u00e8 fer davant la picada de les meduses, i tota la informaci\u00f3 rellevant sobre el tema.<\/p>\n<p><a href=\"http:\/\/jellyrisk.eu\/ca\/resultats-del-projecte\/einas-de-mitigacio\/medjelly-app-mobil\/#.V5tLPfmLRMw\" target=\"_blank\" rel=\"noopener\">Acc\u00e9s a l&#8217;APP MedJelly<\/a><\/p>\n<p><b>Font i m\u00e9s informaci\u00f3: <\/b><a href=\"http:\/\/salutweb.gencat.cat\/ca\/canalsalut\/Meduses\/\" target=\"_blank\" rel=\"noopener\">Meduses<\/a> (via departament de Salut)<\/p>\n","protected":false},"excerpt":{"rendered":"<p>La pres\u00e8ncia de meduses a la costa catalana \u00e9s molt freq\u00fcent durant els mesos d\u2019estiu com a conseq\u00fc\u00e8ncia de les brises, encara que pot donar-se durant tot l\u2019any. Fins al setembre, s&#8217;observen a la vora del mar de les nostres platges, cada cop amb m\u00e9s freq\u00fc\u00e8ncia.\u00a0Aquesta situaci\u00f3 \u00e9s deguda a [&hellip;]<\/p>\n","protected":false},"author":1,"featured_media":23838,"comment_status":"open","ping_status":"open","sticky":false,"template":"","format":"standard","meta":{"_uag_custom_page_level_css":"","site-sidebar-layout":"default","site-content-layout":"","ast-site-content-layout":"default","site-content-style":"default","site-sidebar-style":"default","ast-global-header-display":"","ast-banner-title-visibility":"","ast-main-header-display":"","ast-hfb-above-header-display":"","ast-hfb-below-header-display":"","ast-hfb-mobile-header-display":"","site-post-title":"","ast-breadcrumbs-content":"","ast-featured-img":"disabled","footer-sml-layout":"","theme-transparent-header-meta":"","adv-header-id-meta":"","stick-header-meta":"","header-above-stick-meta":"","header-main-stick-meta":"","header-below-stick-meta":"","astra-migrate-meta-layouts":"default","ast-page-background-enabled":"default","ast-page-background-meta":{"desktop":{"background-color":"var(--ast-global-color-4)","background-image":"","background-repeat":"repeat","background-position":"center center","background-size":"auto","background-attachment":"scroll","background-type":"","background-media":"","overlay-type":"","overlay-color":"","overlay-opacity":"","overlay-gradient":""},"tablet":{"background-color":"","background-image":"","background-repeat":"repeat","background-position":"center center","background-size":"auto","background-attachment":"scroll","background-type":"","background-media":"","overlay-type":"","overlay-color":"","overlay-opacity":"","overlay-gradient":""},"mobile":{"background-color":"","background-image":"","background-repeat":"repeat","background-position":"center center","background-size":"auto","background-attachment":"scroll","background-type":"","background-media":"","overlay-type":"","overlay-color":"","overlay-opacity":"","overlay-gradient":""}},"ast-content-background-meta":{"desktop":{"background-color":"var(--ast-global-color-5)","background-image":"","background-repeat":"repeat","background-position":"center center","background-size":"auto","background-attachment":"scroll","background-type":"","background-media":"","overlay-type":"","overlay-color":"","overlay-opacity":"","overlay-gradient":""},"tablet":{"background-color":"var(--ast-global-color-5)","background-image":"","background-repeat":"repeat","background-position":"center center","background-size":"auto","background-attachment":"scroll","background-type":"","background-media":"","overlay-type":"","overlay-color":"","overlay-opacity":"","overlay-gradient":""},"mobile":{"background-color":"var(--ast-global-color-5)","background-image":"","background-repeat":"repeat","background-position":"center center","background-size":"auto","background-attachment":"scroll","background-type":"","background-media":"","overlay-type":"","overlay-color":"","overlay-opacity":"","overlay-gradient":""}},"footnotes":""},"categories":[47],"tags":[2478,2479,789,369,96],"class_list":["post-23832","post","type-post","status-publish","format-standard","has-post-thumbnail","hentry","category-recomanacions-del-farmaceutic","tag-medjelly","tag-meduses","tag-recomanacions","tag-recomanacions-del-farmaceutic-2","tag-salut-publica"],"yoast_head":"<!-- This site is optimized with the Yoast SEO plugin v22.4 - https:\/\/yoast.com\/wordpress\/plugins\/seo\/ -->\n<title>Meduses: qu\u00e8 cal saber? - Col\u00b7legi de Farmac\u00e8utics de Barcelona<\/title>\n<meta name=\"robots\" content=\"index, follow, max-snippet:-1, max-image-preview:large, max-video-preview:-1\" \/>\n<link rel=\"canonical\" href=\"https:\/\/novaorg.cofb.net\/2016\/08\/31\/meduses-que-cal-saber\/\" \/>\n<meta property=\"og:locale\" content=\"ca_ES\" \/>\n<meta property=\"og:type\" content=\"article\" \/>\n<meta property=\"og:title\" content=\"Meduses: qu\u00e8 cal saber? - Col\u00b7legi de Farmac\u00e8utics de Barcelona\" \/>\n<meta property=\"og:description\" content=\"La pres\u00e8ncia de meduses a la costa catalana \u00e9s molt freq\u00fcent durant els mesos d\u2019estiu com a conseq\u00fc\u00e8ncia de les brises, encara que pot donar-se durant tot l\u2019any. Fins al setembre, s&#8217;observen a la vora del mar de les nostres platges, cada cop amb m\u00e9s freq\u00fc\u00e8ncia.\u00a0Aquesta situaci\u00f3 \u00e9s deguda a [&hellip;]\" \/>\n<meta property=\"og:url\" content=\"https:\/\/novaorg.cofb.net\/2016\/08\/31\/meduses-que-cal-saber\/\" \/>\n<meta property=\"og:site_name\" content=\"Col\u00b7legi de Farmac\u00e8utics de Barcelona\" \/>\n<meta property=\"article:publisher\" content=\"https:\/\/www.facebook.com\/farmaceuticsbcn\/\" \/>\n<meta property=\"article:published_time\" content=\"2016-08-31T09:07:37+00:00\" \/>\n<meta name=\"author\" content=\"wpAdminCofbOrg\" \/>\n<meta name=\"twitter:card\" content=\"summary_large_image\" \/>\n<meta name=\"twitter:creator\" content=\"@farmaceuticsbcn\" \/>\n<meta name=\"twitter:site\" content=\"@farmaceuticsbcn\" \/>\n<meta name=\"twitter:label1\" content=\"Escrit per\" \/>\n\t<meta name=\"twitter:data1\" content=\"wpAdminCofbOrg\" \/>\n\t<meta name=\"twitter:label2\" content=\"Temps estimat de lectura\" \/>\n\t<meta name=\"twitter:data2\" content=\"2 minuts\" \/>\n<script type=\"application\/ld+json\" class=\"yoast-schema-graph\">{\"@context\":\"https:\/\/schema.org\",\"@graph\":[{\"@type\":\"Article\",\"@id\":\"https:\/\/novaorg.cofb.net\/2016\/08\/31\/meduses-que-cal-saber\/#article\",\"isPartOf\":{\"@id\":\"https:\/\/novaorg.cofb.net\/2016\/08\/31\/meduses-que-cal-saber\/\"},\"author\":{\"name\":\"wpAdminCofbOrg\",\"@id\":\"https:\/\/www.cofb.org\/#\/schema\/person\/22ed7eea88da74b0fa4d3154ad87ffcb\"},\"headline\":\"Meduses: qu\u00e8 cal saber?\",\"datePublished\":\"2016-08-31T09:07:37+00:00\",\"dateModified\":\"2016-08-31T09:07:37+00:00\",\"mainEntityOfPage\":{\"@id\":\"https:\/\/novaorg.cofb.net\/2016\/08\/31\/meduses-que-cal-saber\/\"},\"wordCount\":486,\"commentCount\":0,\"publisher\":{\"@id\":\"https:\/\/www.cofb.org\/#organization\"},\"image\":{\"@id\":\"https:\/\/novaorg.cofb.net\/2016\/08\/31\/meduses-que-cal-saber\/#primaryimage\"},\"thumbnailUrl\":\"\",\"keywords\":[\"Medjelly\",\"meduses\",\"Recomanacions\",\"recomanacions del farmac\u00e8utic\",\"Salut p\u00fablica\"],\"articleSection\":[\"Recomanacions del farmac\u00e8utic\"],\"inLanguage\":\"ca\",\"potentialAction\":[{\"@type\":\"CommentAction\",\"name\":\"Comment\",\"target\":[\"https:\/\/novaorg.cofb.net\/2016\/08\/31\/meduses-que-cal-saber\/#respond\"]}]},{\"@type\":\"WebPage\",\"@id\":\"https:\/\/novaorg.cofb.net\/2016\/08\/31\/meduses-que-cal-saber\/\",\"url\":\"https:\/\/novaorg.cofb.net\/2016\/08\/31\/meduses-que-cal-saber\/\",\"name\":\"Meduses: qu\u00e8 cal saber? - Col\u00b7legi de Farmac\u00e8utics de Barcelona\",\"isPartOf\":{\"@id\":\"https:\/\/www.cofb.org\/#website\"},\"primaryImageOfPage\":{\"@id\":\"https:\/\/novaorg.cofb.net\/2016\/08\/31\/meduses-que-cal-saber\/#primaryimage\"},\"image\":{\"@id\":\"https:\/\/novaorg.cofb.net\/2016\/08\/31\/meduses-que-cal-saber\/#primaryimage\"},\"thumbnailUrl\":\"\",\"datePublished\":\"2016-08-31T09:07:37+00:00\",\"dateModified\":\"2016-08-31T09:07:37+00:00\",\"breadcrumb\":{\"@id\":\"https:\/\/novaorg.cofb.net\/2016\/08\/31\/meduses-que-cal-saber\/#breadcrumb\"},\"inLanguage\":\"ca\",\"potentialAction\":[{\"@type\":\"ReadAction\",\"target\":[\"https:\/\/novaorg.cofb.net\/2016\/08\/31\/meduses-que-cal-saber\/\"]}]},{\"@type\":\"ImageObject\",\"inLanguage\":\"ca\",\"@id\":\"https:\/\/novaorg.cofb.net\/2016\/08\/31\/meduses-que-cal-saber\/#primaryimage\",\"url\":\"\",\"contentUrl\":\"\"},{\"@type\":\"BreadcrumbList\",\"@id\":\"https:\/\/novaorg.cofb.net\/2016\/08\/31\/meduses-que-cal-saber\/#breadcrumb\",\"itemListElement\":[{\"@type\":\"ListItem\",\"position\":1,\"name\":\"Inici\",\"item\":\"https:\/\/novaorg.cofb.net\/\"},{\"@type\":\"ListItem\",\"position\":2,\"name\":\"Meduses: qu\u00e8 cal saber?\"}]},{\"@type\":\"WebSite\",\"@id\":\"https:\/\/www.cofb.org\/#website\",\"url\":\"https:\/\/www.cofb.org\/\",\"name\":\"Col\u00b7legi de Farmac\u00e8utics de Barcelona\",\"description\":\"\",\"publisher\":{\"@id\":\"https:\/\/www.cofb.org\/#organization\"},\"potentialAction\":[{\"@type\":\"SearchAction\",\"target\":{\"@type\":\"EntryPoint\",\"urlTemplate\":\"https:\/\/www.cofb.org\/?s={search_term_string}\"},\"query-input\":\"required name=search_term_string\"}],\"inLanguage\":\"ca\"},{\"@type\":\"Organization\",\"@id\":\"https:\/\/www.cofb.org\/#organization\",\"name\":\"Col\u00b7legi de Farmac\u00e8utics de Barcelona\",\"url\":\"https:\/\/www.cofb.org\/\",\"logo\":{\"@type\":\"ImageObject\",\"inLanguage\":\"ca\",\"@id\":\"https:\/\/www.cofb.org\/#\/schema\/logo\/image\/\",\"url\":\"https:\/\/www.cofb.org\/wp-content\/uploads\/2023\/11\/cropped-Logotip-COFB.png\",\"contentUrl\":\"https:\/\/www.cofb.org\/wp-content\/uploads\/2023\/11\/cropped-Logotip-COFB.png\",\"width\":500,\"height\":105,\"caption\":\"Col\u00b7legi de Farmac\u00e8utics de Barcelona\"},\"image\":{\"@id\":\"https:\/\/www.cofb.org\/#\/schema\/logo\/image\/\"},\"sameAs\":[\"https:\/\/www.facebook.com\/farmaceuticsbcn\/\",\"https:\/\/twitter.com\/farmaceuticsbcn\",\"https:\/\/www.instagram.com\/farmaceuticsbcn\/\",\"https:\/\/www.linkedin.com\/company\/farmaceuticsbcn\/\"]},{\"@type\":\"Person\",\"@id\":\"https:\/\/www.cofb.org\/#\/schema\/person\/22ed7eea88da74b0fa4d3154ad87ffcb\",\"name\":\"wpAdminCofbOrg\",\"image\":{\"@type\":\"ImageObject\",\"inLanguage\":\"ca\",\"@id\":\"https:\/\/www.cofb.org\/#\/schema\/person\/image\/\",\"url\":\"https:\/\/secure.gravatar.com\/avatar\/1721b20b3b8ca882c3b56ec6c978c594fff670e40c0718e9190eaeeb76aae7d8?s=96&d=mm&r=g\",\"contentUrl\":\"https:\/\/secure.gravatar.com\/avatar\/1721b20b3b8ca882c3b56ec6c978c594fff670e40c0718e9190eaeeb76aae7d8?s=96&d=mm&r=g\",\"caption\":\"wpAdminCofbOrg\"},\"sameAs\":[\"http:\/\/192.168.64.122\/wordpress\"],\"url\":\"https:\/\/www.cofb.org\/ca\/author\/wpadmincofborg\/\"}]}<\/script>\n<!-- \/ Yoast SEO plugin. -->","yoast_head_json":{"title":"Meduses: qu\u00e8 cal saber? - Col\u00b7legi de Farmac\u00e8utics de Barcelona","robots":{"index":"index","follow":"follow","max-snippet":"max-snippet:-1","max-image-preview":"max-image-preview:large","max-video-preview":"max-video-preview:-1"},"canonical":"https:\/\/novaorg.cofb.net\/2016\/08\/31\/meduses-que-cal-saber\/","og_locale":"ca_ES","og_type":"article","og_title":"Meduses: qu\u00e8 cal saber? - Col\u00b7legi de Farmac\u00e8utics de Barcelona","og_description":"La pres\u00e8ncia de meduses a la costa catalana \u00e9s molt freq\u00fcent durant els mesos d\u2019estiu com a conseq\u00fc\u00e8ncia de les brises, encara que pot donar-se durant tot l\u2019any. Fins al setembre, s&#8217;observen a la vora del mar de les nostres platges, cada cop amb m\u00e9s freq\u00fc\u00e8ncia.\u00a0Aquesta situaci\u00f3 \u00e9s deguda a [&hellip;]","og_url":"https:\/\/novaorg.cofb.net\/2016\/08\/31\/meduses-que-cal-saber\/","og_site_name":"Col\u00b7legi de Farmac\u00e8utics de Barcelona","article_publisher":"https:\/\/www.facebook.com\/farmaceuticsbcn\/","article_published_time":"2016-08-31T09:07:37+00:00","author":"wpAdminCofbOrg","twitter_card":"summary_large_image","twitter_creator":"@farmaceuticsbcn","twitter_site":"@farmaceuticsbcn","twitter_misc":{"Escrit per":"wpAdminCofbOrg","Temps estimat de lectura":"2 minuts"},"schema":{"@context":"https:\/\/schema.org","@graph":[{"@type":"Article","@id":"https:\/\/novaorg.cofb.net\/2016\/08\/31\/meduses-que-cal-saber\/#article","isPartOf":{"@id":"https:\/\/novaorg.cofb.net\/2016\/08\/31\/meduses-que-cal-saber\/"},"author":{"name":"wpAdminCofbOrg","@id":"https:\/\/www.cofb.org\/#\/schema\/person\/22ed7eea88da74b0fa4d3154ad87ffcb"},"headline":"Meduses: qu\u00e8 cal saber?","datePublished":"2016-08-31T09:07:37+00:00","dateModified":"2016-08-31T09:07:37+00:00","mainEntityOfPage":{"@id":"https:\/\/novaorg.cofb.net\/2016\/08\/31\/meduses-que-cal-saber\/"},"wordCount":486,"commentCount":0,"publisher":{"@id":"https:\/\/www.cofb.org\/#organization"},"image":{"@id":"https:\/\/novaorg.cofb.net\/2016\/08\/31\/meduses-que-cal-saber\/#primaryimage"},"thumbnailUrl":"","keywords":["Medjelly","meduses","Recomanacions","recomanacions del farmac\u00e8utic","Salut p\u00fablica"],"articleSection":["Recomanacions del farmac\u00e8utic"],"inLanguage":"ca","potentialAction":[{"@type":"CommentAction","name":"Comment","target":["https:\/\/novaorg.cofb.net\/2016\/08\/31\/meduses-que-cal-saber\/#respond"]}]},{"@type":"WebPage","@id":"https:\/\/novaorg.cofb.net\/2016\/08\/31\/meduses-que-cal-saber\/","url":"https:\/\/novaorg.cofb.net\/2016\/08\/31\/meduses-que-cal-saber\/","name":"Meduses: qu\u00e8 cal saber? - Col\u00b7legi de Farmac\u00e8utics de Barcelona","isPartOf":{"@id":"https:\/\/www.cofb.org\/#website"},"primaryImageOfPage":{"@id":"https:\/\/novaorg.cofb.net\/2016\/08\/31\/meduses-que-cal-saber\/#primaryimage"},"image":{"@id":"https:\/\/novaorg.cofb.net\/2016\/08\/31\/meduses-que-cal-saber\/#primaryimage"},"thumbnailUrl":"","datePublished":"2016-08-31T09:07:37+00:00","dateModified":"2016-08-31T09:07:37+00:00","breadcrumb":{"@id":"https:\/\/novaorg.cofb.net\/2016\/08\/31\/meduses-que-cal-saber\/#breadcrumb"},"inLanguage":"ca","potentialAction":[{"@type":"ReadAction","target":["https:\/\/novaorg.cofb.net\/2016\/08\/31\/meduses-que-cal-saber\/"]}]},{"@type":"ImageObject","inLanguage":"ca","@id":"https:\/\/novaorg.cofb.net\/2016\/08\/31\/meduses-que-cal-saber\/#primaryimage","url":"","contentUrl":""},{"@type":"BreadcrumbList","@id":"https:\/\/novaorg.cofb.net\/2016\/08\/31\/meduses-que-cal-saber\/#breadcrumb","itemListElement":[{"@type":"ListItem","position":1,"name":"Inici","item":"https:\/\/novaorg.cofb.net\/"},{"@type":"ListItem","position":2,"name":"Meduses: qu\u00e8 cal saber?"}]},{"@type":"WebSite","@id":"https:\/\/www.cofb.org\/#website","url":"https:\/\/www.cofb.org\/","name":"Col\u00b7legi de Farmac\u00e8utics de Barcelona","description":"","publisher":{"@id":"https:\/\/www.cofb.org\/#organization"},"potentialAction":[{"@type":"SearchAction","target":{"@type":"EntryPoint","urlTemplate":"https:\/\/www.cofb.org\/?s={search_term_string}"},"query-input":"required name=search_term_string"}],"inLanguage":"ca"},{"@type":"Organization","@id":"https:\/\/www.cofb.org\/#organization","name":"Col\u00b7legi de Farmac\u00e8utics de Barcelona","url":"https:\/\/www.cofb.org\/","logo":{"@type":"ImageObject","inLanguage":"ca","@id":"https:\/\/www.cofb.org\/#\/schema\/logo\/image\/","url":"https:\/\/www.cofb.org\/wp-content\/uploads\/2023\/11\/cropped-Logotip-COFB.png","contentUrl":"https:\/\/www.cofb.org\/wp-content\/uploads\/2023\/11\/cropped-Logotip-COFB.png","width":500,"height":105,"caption":"Col\u00b7legi de Farmac\u00e8utics de Barcelona"},"image":{"@id":"https:\/\/www.cofb.org\/#\/schema\/logo\/image\/"},"sameAs":["https:\/\/www.facebook.com\/farmaceuticsbcn\/","https:\/\/twitter.com\/farmaceuticsbcn","https:\/\/www.instagram.com\/farmaceuticsbcn\/","https:\/\/www.linkedin.com\/company\/farmaceuticsbcn\/"]},{"@type":"Person","@id":"https:\/\/www.cofb.org\/#\/schema\/person\/22ed7eea88da74b0fa4d3154ad87ffcb","name":"wpAdminCofbOrg","image":{"@type":"ImageObject","inLanguage":"ca","@id":"https:\/\/www.cofb.org\/#\/schema\/person\/image\/","url":"https:\/\/secure.gravatar.com\/avatar\/1721b20b3b8ca882c3b56ec6c978c594fff670e40c0718e9190eaeeb76aae7d8?s=96&d=mm&r=g","contentUrl":"https:\/\/secure.gravatar.com\/avatar\/1721b20b3b8ca882c3b56ec6c978c594fff670e40c0718e9190eaeeb76aae7d8?s=96&d=mm&r=g","caption":"wpAdminCofbOrg"},"sameAs":["http:\/\/192.168.64.122\/wordpress"],"url":"https:\/\/www.cofb.org\/ca\/author\/wpadmincofborg\/"}]}},"uagb_featured_image_src":{"full":false,"thumbnail":false,"medium":false,"medium_large":false,"large":false,"1536x1536":false,"2048x2048":false,"trp-custom-language-flag":false},"uagb_author_info":{"display_name":"wpAdminCofbOrg","author_link":"https:\/\/www.cofb.org\/ca\/author\/wpadmincofborg\/"},"uagb_comment_info":0,"uagb_excerpt":"La pres\u00e8ncia de meduses a la costa catalana \u00e9s molt freq\u00fcent durant els mesos d\u2019estiu com a conseq\u00fc\u00e8ncia de les brises, encara que pot donar-se durant tot l\u2019any. Fins al setembre, s&#8217;observen a la vora del mar de les nostres platges, cada cop amb m\u00e9s freq\u00fc\u00e8ncia.\u00a0Aquesta situaci\u00f3 \u00e9s deguda a [&hellip;]","_links":{"self":[{"href":"https:\/\/www.cofb.org\/ca\/wp-json\/wp\/v2\/posts\/23832","targetHints":{"allow":["GET"]}}],"collection":[{"href":"https:\/\/www.cofb.org\/ca\/wp-json\/wp\/v2\/posts"}],"about":[{"href":"https:\/\/www.cofb.org\/ca\/wp-json\/wp\/v2\/types\/post"}],"author":[{"embeddable":true,"href":"https:\/\/www.cofb.org\/ca\/wp-json\/wp\/v2\/users\/1"}],"replies":[{"embeddable":true,"href":"https:\/\/www.cofb.org\/ca\/wp-json\/wp\/v2\/comments?post=23832"}],"version-history":[{"count":0,"href":"https:\/\/www.cofb.org\/ca\/wp-json\/wp\/v2\/posts\/23832\/revisions"}],"wp:featuredmedia":[{"embeddable":true,"href":"https:\/\/www.cofb.org\/ca\/wp-json\/"}],"wp:attachment":[{"href":"https:\/\/www.cofb.org\/ca\/wp-json\/wp\/v2\/media?parent=23832"}],"wp:term":[{"taxonomy":"category","embeddable":true,"href":"https:\/\/www.cofb.org\/ca\/wp-json\/wp\/v2\/categories?post=23832"},{"taxonomy":"post_tag","embeddable":true,"href":"https:\/\/www.cofb.org\/ca\/wp-json\/wp\/v2\/tags?post=23832"}],"curies":[{"name":"wp","href":"https:\/\/api.w.org\/{rel}","templated":true}]}}