{"id":23498,"date":"2016-07-21T09:02:18","date_gmt":"2016-07-21T08:02:18","guid":{"rendered":"http:\/\/blog.cofb.cat\/?p=23498"},"modified":"2016-07-21T09:02:18","modified_gmt":"2016-07-21T08:02:18","slug":"radiografia-de-la-farmacia-a-espanya","status":"publish","type":"post","link":"https:\/\/www.cofb.org\/ca\/2016\/07\/21\/radiografia-de-la-farmacia-a-espanya\/","title":{"rendered":"Radiografia de la farm\u00e0cia a Espanya"},"content":{"rendered":"<p>Espanya compta amb <strong>21.937 farm\u00e0cies comunit\u00e0ries<\/strong> en les quals treballen <strong>48.424 farmac\u00e8utics. <\/strong>Aix\u00ed es despr\u00e8n de les conclusions de l&#8217;informe \u201c<b>Estad\u00edstiques de Col\u00b7legiats i Farm\u00e0cies Comunit\u00e0ries 2015<\/b>\u201d, que ha fet p\u00fablic el Consejo General de Colegios Oficiales de Farmac\u00e9uticos.<\/p>\n<figure id=\"attachment_23499\" aria-describedby=\"caption-attachment-23499\" style=\"width: 289px\" class=\"wp-caption alignright\"><a href=\"http:\/\/blog.cofb.cat\/wp-content\/uploads\/2016\/07\/estadistiques-2015.jpg\"><img fetchpriority=\"high\" decoding=\"async\" class=\" wp-image-23499  \" alt=\"estadistiques-2015\" src=\"http:\/\/blog.cofb.cat\/wp-content\/uploads\/2016\/07\/estadistiques-2015.jpg\" width=\"289\" height=\"397\" \/><\/a><figcaption id=\"caption-attachment-23499\" class=\"wp-caption-text\">Gr\u00e0fica extreta de l&#8217;informe (via Portalfarma)<\/figcaption><\/figure>\n<p>En relaci\u00f3 amb 2014, <strong>el nombre de farm\u00e0cies s&#8217;ha incrementat en 83<\/strong>, <strong>mentre el nombre de farmac\u00e8utics que treballen en les farm\u00e0cies ha augmentat en 1.230 professionals<\/strong>. En total, i comptant amb totes les sortides professionals del farmac\u00e8utic, a Espanya hi ha <strong>69.774 farmac\u00e8utics col\u00b7legiats en els 52 Col\u00b7legis Oficials de Farmac\u00e8utics<\/strong>. Aquest estudi representa una radiografia de la professi\u00f3 farmac\u00e8utica, ja que analitza anualment l&#8217;evoluci\u00f3 dels farmac\u00e8utics col\u00b7legiats i de les farm\u00e0cies, en l&#8217;\u00e0mbit nacional, auton\u00f2mic i provincial.<\/p>\n<p><span style=\"color: #888888;\"><strong>En l&#8217;actualitat a Espanya hi ha de mitjana 2,2 farmac\u00e8utics per farm\u00e0cia i existeix una per cada 2.125 habitants, sent un dels pa\u00efsos amb la r\u00e0tio m\u00e9s baix, molt lluny de pa\u00efsos com Dinamarca, que t\u00e9 17.000 habitants per farm\u00e0cia, o Su\u00e8cia amb 5.000 habitants.<\/strong><\/span><\/p>\n<p><div class=\"box shadow\">Algunes <strong>dades destacades<\/strong> que es desprenen de l\u2019informe:<\/p>\n<ul>\n<li>el 71,5% dels col\u00b7legiats s\u00f3n dones (49.909)<\/li>\n<li>per edats, el grup m\u00e9s important es troba entre els 35 i 44 anys (representa un 27% del total)<\/li>\n<li>edat mitjana dels col\u00b7legiats: 47 anys<\/li>\n<li>en la sortida m\u00e9s nombrosa, la farm\u00e0cia comunit\u00e0ria, el perfil \u00e9s femen\u00ed en un 71,6% dels casos i empra al 69,4% dels col\u00b7legiats (48.424), elevant-se aquesta xifra al 86,7% si tenim en compte solament els col\u00b7legiats en actiu<\/li>\n<li>altres modalitats d&#8217;exercici amb un ampli nombre de col\u00b7legiats s\u00f3n Alimentaci\u00f3, 10.521; Dermofarm\u00e0cia, 9.634; Ortop\u00e8dia, 8.431; An\u00e0lisis Cl\u00edniques, 3.705; Farm\u00e0cia Hospital\u00e0ria, 1.879; o ind\u00fastria farmac\u00e8utica amb 1.225.<\/div><\/li>\n<\/ul>\n<p><span style=\"color: #000000;\">Durant l&#8217;any 2015 <strong>a 975 farm\u00e0cies \u2013 considerades com de Viabilitat Econ\u00f2mica Compromesa (VEC) &#8211; se&#8217;ls va aplicar l&#8217;\u00edndex corrector del marge<\/strong> per contribuir a la seva sostenibilitat i a la continu\u00eftat de la prestaci\u00f3 farmac\u00e8utica que ofereixen a la poblaci\u00f3.<\/span><\/p>\n<p><b>Font i m\u00e9s informaci\u00f3<\/b>: <a href=\"http:\/\/www.portalfarma.com\/Profesionales\/consejoinforma\/Paginas\/Estadisticas-colegiados-Farmacias-comunitarias-2015.aspx\" target=\"_blank\" rel=\"noopener\">Espa\u00f1a cuenta con 21.937 farmacias comunitarias en las que desarrollan su labor asistencial 48.424 farmac\u00e9uticos<\/a> (via Portalfarma)<\/p>\n","protected":false},"excerpt":{"rendered":"<p>Espanya compta amb 21.937 farm\u00e0cies comunit\u00e0ries en les quals treballen 48.424 farmac\u00e8utics. Aix\u00ed es despr\u00e8n de les conclusions de l&#8217;informe \u201cEstad\u00edstiques de Col\u00b7legiats i Farm\u00e0cies Comunit\u00e0ries 2015\u201d, que ha fet p\u00fablic el Consejo General de Colegios Oficiales de Farmac\u00e9uticos. En relaci\u00f3 amb 2014, el nombre de farm\u00e0cies s&#8217;ha incrementat en [&hellip;]<\/p>\n","protected":false},"author":1,"featured_media":23500,"comment_status":"open","ping_status":"open","sticky":false,"template":"","format":"standard","meta":{"_uag_custom_page_level_css":"","site-sidebar-layout":"default","site-content-layout":"","ast-site-content-layout":"default","site-content-style":"default","site-sidebar-style":"default","ast-global-header-display":"","ast-banner-title-visibility":"","ast-main-header-display":"","ast-hfb-above-header-display":"","ast-hfb-below-header-display":"","ast-hfb-mobile-header-display":"","site-post-title":"","ast-breadcrumbs-content":"","ast-featured-img":"disabled","footer-sml-layout":"","theme-transparent-header-meta":"","adv-header-id-meta":"","stick-header-meta":"","header-above-stick-meta":"","header-main-stick-meta":"","header-below-stick-meta":"","astra-migrate-meta-layouts":"default","ast-page-background-enabled":"default","ast-page-background-meta":{"desktop":{"background-color":"var(--ast-global-color-4)","background-image":"","background-repeat":"repeat","background-position":"center center","background-size":"auto","background-attachment":"scroll","background-type":"","background-media":"","overlay-type":"","overlay-color":"","overlay-opacity":"","overlay-gradient":""},"tablet":{"background-color":"","background-image":"","background-repeat":"repeat","background-position":"center center","background-size":"auto","background-attachment":"scroll","background-type":"","background-media":"","overlay-type":"","overlay-color":"","overlay-opacity":"","overlay-gradient":""},"mobile":{"background-color":"","background-image":"","background-repeat":"repeat","background-position":"center center","background-size":"auto","background-attachment":"scroll","background-type":"","background-media":"","overlay-type":"","overlay-color":"","overlay-opacity":"","overlay-gradient":""}},"ast-content-background-meta":{"desktop":{"background-color":"var(--ast-global-color-5)","background-image":"","background-repeat":"repeat","background-position":"center center","background-size":"auto","background-attachment":"scroll","background-type":"","background-media":"","overlay-type":"","overlay-color":"","overlay-opacity":"","overlay-gradient":""},"tablet":{"background-color":"var(--ast-global-color-5)","background-image":"","background-repeat":"repeat","background-position":"center center","background-size":"auto","background-attachment":"scroll","background-type":"","background-media":"","overlay-type":"","overlay-color":"","overlay-opacity":"","overlay-gradient":""},"mobile":{"background-color":"var(--ast-global-color-5)","background-image":"","background-repeat":"repeat","background-position":"center center","background-size":"auto","background-attachment":"scroll","background-type":"","background-media":"","overlay-type":"","overlay-color":"","overlay-opacity":"","overlay-gradient":""}},"footnotes":""},"categories":[32],"tags":[692,162,901,2452,69],"class_list":["post-23498","post","type-post","status-publish","format-standard","has-post-thumbnail","hentry","category-noticies-farmacia","tag-collegiats","tag-consejo-general-de-colegios-farmaceuticos","tag-estadistiques-collegiats","tag-estadistiques-de-collegiats-i-farmacies-comunitaries-2015","tag-farmacia-comunitaria"],"yoast_head":"<!-- This site is optimized with the Yoast SEO plugin v22.4 - https:\/\/yoast.com\/wordpress\/plugins\/seo\/ -->\n<title>Radiografia de la farm\u00e0cia a Espanya - Col\u00b7legi de Farmac\u00e8utics de Barcelona<\/title>\n<meta name=\"robots\" content=\"index, follow, max-snippet:-1, max-image-preview:large, max-video-preview:-1\" \/>\n<link rel=\"canonical\" href=\"https:\/\/novaorg.cofb.net\/2016\/07\/21\/radiografia-de-la-farmacia-a-espanya\/\" \/>\n<meta property=\"og:locale\" content=\"ca_ES\" \/>\n<meta property=\"og:type\" content=\"article\" \/>\n<meta property=\"og:title\" content=\"Radiografia de la farm\u00e0cia a Espanya - Col\u00b7legi de Farmac\u00e8utics de Barcelona\" \/>\n<meta property=\"og:description\" content=\"Espanya compta amb 21.937 farm\u00e0cies comunit\u00e0ries en les quals treballen 48.424 farmac\u00e8utics. Aix\u00ed es despr\u00e8n de les conclusions de l&#8217;informe \u201cEstad\u00edstiques de Col\u00b7legiats i Farm\u00e0cies Comunit\u00e0ries 2015\u201d, que ha fet p\u00fablic el Consejo General de Colegios Oficiales de Farmac\u00e9uticos. En relaci\u00f3 amb 2014, el nombre de farm\u00e0cies s&#8217;ha incrementat en [&hellip;]\" \/>\n<meta property=\"og:url\" content=\"https:\/\/novaorg.cofb.net\/2016\/07\/21\/radiografia-de-la-farmacia-a-espanya\/\" \/>\n<meta property=\"og:site_name\" content=\"Col\u00b7legi de Farmac\u00e8utics de Barcelona\" \/>\n<meta property=\"article:publisher\" content=\"https:\/\/www.facebook.com\/farmaceuticsbcn\/\" \/>\n<meta property=\"article:published_time\" content=\"2016-07-21T08:02:18+00:00\" \/>\n<meta name=\"author\" content=\"wpAdminCofbOrg\" \/>\n<meta name=\"twitter:card\" content=\"summary_large_image\" \/>\n<meta name=\"twitter:creator\" content=\"@farmaceuticsbcn\" \/>\n<meta name=\"twitter:site\" content=\"@farmaceuticsbcn\" \/>\n<meta name=\"twitter:label1\" content=\"Escrit per\" \/>\n\t<meta name=\"twitter:data1\" content=\"wpAdminCofbOrg\" \/>\n\t<meta name=\"twitter:label2\" content=\"Temps estimat de lectura\" \/>\n\t<meta name=\"twitter:data2\" content=\"2 minuts\" \/>\n<script type=\"application\/ld+json\" class=\"yoast-schema-graph\">{\"@context\":\"https:\/\/schema.org\",\"@graph\":[{\"@type\":\"Article\",\"@id\":\"https:\/\/novaorg.cofb.net\/2016\/07\/21\/radiografia-de-la-farmacia-a-espanya\/#article\",\"isPartOf\":{\"@id\":\"https:\/\/novaorg.cofb.net\/2016\/07\/21\/radiografia-de-la-farmacia-a-espanya\/\"},\"author\":{\"name\":\"wpAdminCofbOrg\",\"@id\":\"https:\/\/www.cofb.org\/#\/schema\/person\/22ed7eea88da74b0fa4d3154ad87ffcb\"},\"headline\":\"Radiografia de la farm\u00e0cia a Espanya\",\"datePublished\":\"2016-07-21T08:02:18+00:00\",\"dateModified\":\"2016-07-21T08:02:18+00:00\",\"mainEntityOfPage\":{\"@id\":\"https:\/\/novaorg.cofb.net\/2016\/07\/21\/radiografia-de-la-farmacia-a-espanya\/\"},\"wordCount\":390,\"commentCount\":0,\"publisher\":{\"@id\":\"https:\/\/www.cofb.org\/#organization\"},\"image\":{\"@id\":\"https:\/\/novaorg.cofb.net\/2016\/07\/21\/radiografia-de-la-farmacia-a-espanya\/#primaryimage\"},\"thumbnailUrl\":\"\",\"keywords\":[\"col\u00b7legiats\",\"Consejo General de Colegios Farmac\u00e9uticos\",\"estad\u00edstiques col\u00b7legiats\",\"Estad\u00edstiques de Col\u00b7legiats i Farm\u00e0cies Comunit\u00e0ries 2015\",\"farm\u00e0cia comunit\u00e0ria\"],\"articleSection\":[\"Not\u00edcies farm\u00e0cia\"],\"inLanguage\":\"ca\",\"potentialAction\":[{\"@type\":\"CommentAction\",\"name\":\"Comment\",\"target\":[\"https:\/\/novaorg.cofb.net\/2016\/07\/21\/radiografia-de-la-farmacia-a-espanya\/#respond\"]}]},{\"@type\":\"WebPage\",\"@id\":\"https:\/\/novaorg.cofb.net\/2016\/07\/21\/radiografia-de-la-farmacia-a-espanya\/\",\"url\":\"https:\/\/novaorg.cofb.net\/2016\/07\/21\/radiografia-de-la-farmacia-a-espanya\/\",\"name\":\"Radiografia de la farm\u00e0cia a Espanya - Col\u00b7legi de Farmac\u00e8utics de Barcelona\",\"isPartOf\":{\"@id\":\"https:\/\/www.cofb.org\/#website\"},\"primaryImageOfPage\":{\"@id\":\"https:\/\/novaorg.cofb.net\/2016\/07\/21\/radiografia-de-la-farmacia-a-espanya\/#primaryimage\"},\"image\":{\"@id\":\"https:\/\/novaorg.cofb.net\/2016\/07\/21\/radiografia-de-la-farmacia-a-espanya\/#primaryimage\"},\"thumbnailUrl\":\"\",\"datePublished\":\"2016-07-21T08:02:18+00:00\",\"dateModified\":\"2016-07-21T08:02:18+00:00\",\"breadcrumb\":{\"@id\":\"https:\/\/novaorg.cofb.net\/2016\/07\/21\/radiografia-de-la-farmacia-a-espanya\/#breadcrumb\"},\"inLanguage\":\"ca\",\"potentialAction\":[{\"@type\":\"ReadAction\",\"target\":[\"https:\/\/novaorg.cofb.net\/2016\/07\/21\/radiografia-de-la-farmacia-a-espanya\/\"]}]},{\"@type\":\"ImageObject\",\"inLanguage\":\"ca\",\"@id\":\"https:\/\/novaorg.cofb.net\/2016\/07\/21\/radiografia-de-la-farmacia-a-espanya\/#primaryimage\",\"url\":\"\",\"contentUrl\":\"\"},{\"@type\":\"BreadcrumbList\",\"@id\":\"https:\/\/novaorg.cofb.net\/2016\/07\/21\/radiografia-de-la-farmacia-a-espanya\/#breadcrumb\",\"itemListElement\":[{\"@type\":\"ListItem\",\"position\":1,\"name\":\"Inici\",\"item\":\"https:\/\/novaorg.cofb.net\/\"},{\"@type\":\"ListItem\",\"position\":2,\"name\":\"Radiografia de la farm\u00e0cia a Espanya\"}]},{\"@type\":\"WebSite\",\"@id\":\"https:\/\/www.cofb.org\/#website\",\"url\":\"https:\/\/www.cofb.org\/\",\"name\":\"Col\u00b7legi de Farmac\u00e8utics de Barcelona\",\"description\":\"\",\"publisher\":{\"@id\":\"https:\/\/www.cofb.org\/#organization\"},\"potentialAction\":[{\"@type\":\"SearchAction\",\"target\":{\"@type\":\"EntryPoint\",\"urlTemplate\":\"https:\/\/www.cofb.org\/?s={search_term_string}\"},\"query-input\":\"required name=search_term_string\"}],\"inLanguage\":\"ca\"},{\"@type\":\"Organization\",\"@id\":\"https:\/\/www.cofb.org\/#organization\",\"name\":\"Col\u00b7legi de Farmac\u00e8utics de Barcelona\",\"url\":\"https:\/\/www.cofb.org\/\",\"logo\":{\"@type\":\"ImageObject\",\"inLanguage\":\"ca\",\"@id\":\"https:\/\/www.cofb.org\/#\/schema\/logo\/image\/\",\"url\":\"https:\/\/www.cofb.org\/wp-content\/uploads\/2023\/11\/cropped-Logotip-COFB.png\",\"contentUrl\":\"https:\/\/www.cofb.org\/wp-content\/uploads\/2023\/11\/cropped-Logotip-COFB.png\",\"width\":500,\"height\":105,\"caption\":\"Col\u00b7legi de Farmac\u00e8utics de Barcelona\"},\"image\":{\"@id\":\"https:\/\/www.cofb.org\/#\/schema\/logo\/image\/\"},\"sameAs\":[\"https:\/\/www.facebook.com\/farmaceuticsbcn\/\",\"https:\/\/twitter.com\/farmaceuticsbcn\",\"https:\/\/www.instagram.com\/farmaceuticsbcn\/\",\"https:\/\/www.linkedin.com\/company\/farmaceuticsbcn\/\"]},{\"@type\":\"Person\",\"@id\":\"https:\/\/www.cofb.org\/#\/schema\/person\/22ed7eea88da74b0fa4d3154ad87ffcb\",\"name\":\"wpAdminCofbOrg\",\"image\":{\"@type\":\"ImageObject\",\"inLanguage\":\"ca\",\"@id\":\"https:\/\/www.cofb.org\/#\/schema\/person\/image\/\",\"url\":\"https:\/\/secure.gravatar.com\/avatar\/1721b20b3b8ca882c3b56ec6c978c594fff670e40c0718e9190eaeeb76aae7d8?s=96&d=mm&r=g\",\"contentUrl\":\"https:\/\/secure.gravatar.com\/avatar\/1721b20b3b8ca882c3b56ec6c978c594fff670e40c0718e9190eaeeb76aae7d8?s=96&d=mm&r=g\",\"caption\":\"wpAdminCofbOrg\"},\"sameAs\":[\"http:\/\/192.168.64.122\/wordpress\"],\"url\":\"https:\/\/www.cofb.org\/ca\/author\/wpadmincofborg\/\"}]}<\/script>\n<!-- \/ Yoast SEO plugin. -->","yoast_head_json":{"title":"Radiografia de la farm\u00e0cia a Espanya - Col\u00b7legi de Farmac\u00e8utics de Barcelona","robots":{"index":"index","follow":"follow","max-snippet":"max-snippet:-1","max-image-preview":"max-image-preview:large","max-video-preview":"max-video-preview:-1"},"canonical":"https:\/\/novaorg.cofb.net\/2016\/07\/21\/radiografia-de-la-farmacia-a-espanya\/","og_locale":"ca_ES","og_type":"article","og_title":"Radiografia de la farm\u00e0cia a Espanya - Col\u00b7legi de Farmac\u00e8utics de Barcelona","og_description":"Espanya compta amb 21.937 farm\u00e0cies comunit\u00e0ries en les quals treballen 48.424 farmac\u00e8utics. Aix\u00ed es despr\u00e8n de les conclusions de l&#8217;informe \u201cEstad\u00edstiques de Col\u00b7legiats i Farm\u00e0cies Comunit\u00e0ries 2015\u201d, que ha fet p\u00fablic el Consejo General de Colegios Oficiales de Farmac\u00e9uticos. En relaci\u00f3 amb 2014, el nombre de farm\u00e0cies s&#8217;ha incrementat en [&hellip;]","og_url":"https:\/\/novaorg.cofb.net\/2016\/07\/21\/radiografia-de-la-farmacia-a-espanya\/","og_site_name":"Col\u00b7legi de Farmac\u00e8utics de Barcelona","article_publisher":"https:\/\/www.facebook.com\/farmaceuticsbcn\/","article_published_time":"2016-07-21T08:02:18+00:00","author":"wpAdminCofbOrg","twitter_card":"summary_large_image","twitter_creator":"@farmaceuticsbcn","twitter_site":"@farmaceuticsbcn","twitter_misc":{"Escrit per":"wpAdminCofbOrg","Temps estimat de lectura":"2 minuts"},"schema":{"@context":"https:\/\/schema.org","@graph":[{"@type":"Article","@id":"https:\/\/novaorg.cofb.net\/2016\/07\/21\/radiografia-de-la-farmacia-a-espanya\/#article","isPartOf":{"@id":"https:\/\/novaorg.cofb.net\/2016\/07\/21\/radiografia-de-la-farmacia-a-espanya\/"},"author":{"name":"wpAdminCofbOrg","@id":"https:\/\/www.cofb.org\/#\/schema\/person\/22ed7eea88da74b0fa4d3154ad87ffcb"},"headline":"Radiografia de la farm\u00e0cia a Espanya","datePublished":"2016-07-21T08:02:18+00:00","dateModified":"2016-07-21T08:02:18+00:00","mainEntityOfPage":{"@id":"https:\/\/novaorg.cofb.net\/2016\/07\/21\/radiografia-de-la-farmacia-a-espanya\/"},"wordCount":390,"commentCount":0,"publisher":{"@id":"https:\/\/www.cofb.org\/#organization"},"image":{"@id":"https:\/\/novaorg.cofb.net\/2016\/07\/21\/radiografia-de-la-farmacia-a-espanya\/#primaryimage"},"thumbnailUrl":"","keywords":["col\u00b7legiats","Consejo General de Colegios Farmac\u00e9uticos","estad\u00edstiques col\u00b7legiats","Estad\u00edstiques de Col\u00b7legiats i Farm\u00e0cies Comunit\u00e0ries 2015","farm\u00e0cia comunit\u00e0ria"],"articleSection":["Not\u00edcies farm\u00e0cia"],"inLanguage":"ca","potentialAction":[{"@type":"CommentAction","name":"Comment","target":["https:\/\/novaorg.cofb.net\/2016\/07\/21\/radiografia-de-la-farmacia-a-espanya\/#respond"]}]},{"@type":"WebPage","@id":"https:\/\/novaorg.cofb.net\/2016\/07\/21\/radiografia-de-la-farmacia-a-espanya\/","url":"https:\/\/novaorg.cofb.net\/2016\/07\/21\/radiografia-de-la-farmacia-a-espanya\/","name":"Radiografia de la farm\u00e0cia a Espanya - Col\u00b7legi de Farmac\u00e8utics de Barcelona","isPartOf":{"@id":"https:\/\/www.cofb.org\/#website"},"primaryImageOfPage":{"@id":"https:\/\/novaorg.cofb.net\/2016\/07\/21\/radiografia-de-la-farmacia-a-espanya\/#primaryimage"},"image":{"@id":"https:\/\/novaorg.cofb.net\/2016\/07\/21\/radiografia-de-la-farmacia-a-espanya\/#primaryimage"},"thumbnailUrl":"","datePublished":"2016-07-21T08:02:18+00:00","dateModified":"2016-07-21T08:02:18+00:00","breadcrumb":{"@id":"https:\/\/novaorg.cofb.net\/2016\/07\/21\/radiografia-de-la-farmacia-a-espanya\/#breadcrumb"},"inLanguage":"ca","potentialAction":[{"@type":"ReadAction","target":["https:\/\/novaorg.cofb.net\/2016\/07\/21\/radiografia-de-la-farmacia-a-espanya\/"]}]},{"@type":"ImageObject","inLanguage":"ca","@id":"https:\/\/novaorg.cofb.net\/2016\/07\/21\/radiografia-de-la-farmacia-a-espanya\/#primaryimage","url":"","contentUrl":""},{"@type":"BreadcrumbList","@id":"https:\/\/novaorg.cofb.net\/2016\/07\/21\/radiografia-de-la-farmacia-a-espanya\/#breadcrumb","itemListElement":[{"@type":"ListItem","position":1,"name":"Inici","item":"https:\/\/novaorg.cofb.net\/"},{"@type":"ListItem","position":2,"name":"Radiografia de la farm\u00e0cia a Espanya"}]},{"@type":"WebSite","@id":"https:\/\/www.cofb.org\/#website","url":"https:\/\/www.cofb.org\/","name":"Col\u00b7legi de Farmac\u00e8utics de Barcelona","description":"","publisher":{"@id":"https:\/\/www.cofb.org\/#organization"},"potentialAction":[{"@type":"SearchAction","target":{"@type":"EntryPoint","urlTemplate":"https:\/\/www.cofb.org\/?s={search_term_string}"},"query-input":"required name=search_term_string"}],"inLanguage":"ca"},{"@type":"Organization","@id":"https:\/\/www.cofb.org\/#organization","name":"Col\u00b7legi de Farmac\u00e8utics de Barcelona","url":"https:\/\/www.cofb.org\/","logo":{"@type":"ImageObject","inLanguage":"ca","@id":"https:\/\/www.cofb.org\/#\/schema\/logo\/image\/","url":"https:\/\/www.cofb.org\/wp-content\/uploads\/2023\/11\/cropped-Logotip-COFB.png","contentUrl":"https:\/\/www.cofb.org\/wp-content\/uploads\/2023\/11\/cropped-Logotip-COFB.png","width":500,"height":105,"caption":"Col\u00b7legi de Farmac\u00e8utics de Barcelona"},"image":{"@id":"https:\/\/www.cofb.org\/#\/schema\/logo\/image\/"},"sameAs":["https:\/\/www.facebook.com\/farmaceuticsbcn\/","https:\/\/twitter.com\/farmaceuticsbcn","https:\/\/www.instagram.com\/farmaceuticsbcn\/","https:\/\/www.linkedin.com\/company\/farmaceuticsbcn\/"]},{"@type":"Person","@id":"https:\/\/www.cofb.org\/#\/schema\/person\/22ed7eea88da74b0fa4d3154ad87ffcb","name":"wpAdminCofbOrg","image":{"@type":"ImageObject","inLanguage":"ca","@id":"https:\/\/www.cofb.org\/#\/schema\/person\/image\/","url":"https:\/\/secure.gravatar.com\/avatar\/1721b20b3b8ca882c3b56ec6c978c594fff670e40c0718e9190eaeeb76aae7d8?s=96&d=mm&r=g","contentUrl":"https:\/\/secure.gravatar.com\/avatar\/1721b20b3b8ca882c3b56ec6c978c594fff670e40c0718e9190eaeeb76aae7d8?s=96&d=mm&r=g","caption":"wpAdminCofbOrg"},"sameAs":["http:\/\/192.168.64.122\/wordpress"],"url":"https:\/\/www.cofb.org\/ca\/author\/wpadmincofborg\/"}]}},"uagb_featured_image_src":{"full":false,"thumbnail":false,"medium":false,"medium_large":false,"large":false,"1536x1536":false,"2048x2048":false,"trp-custom-language-flag":false},"uagb_author_info":{"display_name":"wpAdminCofbOrg","author_link":"https:\/\/www.cofb.org\/ca\/author\/wpadmincofborg\/"},"uagb_comment_info":0,"uagb_excerpt":"Espanya compta amb 21.937 farm\u00e0cies comunit\u00e0ries en les quals treballen 48.424 farmac\u00e8utics. Aix\u00ed es despr\u00e8n de les conclusions de l&#8217;informe \u201cEstad\u00edstiques de Col\u00b7legiats i Farm\u00e0cies Comunit\u00e0ries 2015\u201d, que ha fet p\u00fablic el Consejo General de Colegios Oficiales de Farmac\u00e9uticos. En relaci\u00f3 amb 2014, el nombre de farm\u00e0cies s&#8217;ha incrementat en [&hellip;]","_links":{"self":[{"href":"https:\/\/www.cofb.org\/ca\/wp-json\/wp\/v2\/posts\/23498","targetHints":{"allow":["GET"]}}],"collection":[{"href":"https:\/\/www.cofb.org\/ca\/wp-json\/wp\/v2\/posts"}],"about":[{"href":"https:\/\/www.cofb.org\/ca\/wp-json\/wp\/v2\/types\/post"}],"author":[{"embeddable":true,"href":"https:\/\/www.cofb.org\/ca\/wp-json\/wp\/v2\/users\/1"}],"replies":[{"embeddable":true,"href":"https:\/\/www.cofb.org\/ca\/wp-json\/wp\/v2\/comments?post=23498"}],"version-history":[{"count":0,"href":"https:\/\/www.cofb.org\/ca\/wp-json\/wp\/v2\/posts\/23498\/revisions"}],"wp:featuredmedia":[{"embeddable":true,"href":"https:\/\/www.cofb.org\/ca\/wp-json\/"}],"wp:attachment":[{"href":"https:\/\/www.cofb.org\/ca\/wp-json\/wp\/v2\/media?parent=23498"}],"wp:term":[{"taxonomy":"category","embeddable":true,"href":"https:\/\/www.cofb.org\/ca\/wp-json\/wp\/v2\/categories?post=23498"},{"taxonomy":"post_tag","embeddable":true,"href":"https:\/\/www.cofb.org\/ca\/wp-json\/wp\/v2\/tags?post=23498"}],"curies":[{"name":"wp","href":"https:\/\/api.w.org\/{rel}","templated":true}]}}