{"id":22740,"date":"2016-06-30T17:45:42","date_gmt":"2016-06-30T15:45:42","guid":{"rendered":"http:\/\/blog.cofb.cat\/?p=22740"},"modified":"2016-06-30T17:45:42","modified_gmt":"2016-06-30T15:45:42","slug":"presa-de-possessio-situacio-financera-i-formacions-al-cofb-temes-destacats-de-maig-als-mitjans-de-comunicacio","status":"publish","type":"post","link":"https:\/\/www.cofb.org\/ca\/2016\/06\/30\/presa-de-possessio-situacio-financera-i-formacions-al-cofb-temes-destacats-de-maig-als-mitjans-de-comunicacio\/","title":{"rendered":"Presa de possessi\u00f3, situaci\u00f3 financera i formacions al COFB, temes destacats de maig als mitjans de comunicaci\u00f3"},"content":{"rendered":"<figure id=\"attachment_22766\" aria-describedby=\"caption-attachment-22766\" style=\"width: 251px\" class=\"wp-caption alignright\"><a href=\"http:\/\/www.correofarmaceutico.com\/2016\/05\/19\/al-dia\/profesion\/comin-quiere-definir-el-rol-de-la-farmacia-en-la-atencion-al-cronico\" target=\"_blank\" rel=\"noopener\"><img fetchpriority=\"high\" decoding=\"async\" class=\"size-medium wp-image-22766\" alt=\"1\" src=\"http:\/\/blog.cofb.cat\/wp-content\/uploads\/2016\/06\/1-251x300.jpg\" width=\"251\" height=\"300\" \/><\/a><figcaption id=\"caption-attachment-22766\" class=\"wp-caption-text\">Correo Farmac\u00e9utico &#8211; presa de possessi\u00f3<\/figcaption><\/figure>\n<p><div class=\"box shadow\"><a href=\"http:\/\/blog.cofb.cat\/presa-de-possessio-de-la-nova-junta-de-govern-els-farmaceutics-son-agents-sanitaris-clau-per-la-garantia-del-dret-a-la-salut-dels-ciutadans\/\" target=\"_blank\" rel=\"noopener\"><strong>Presa de possessi\u00f3 de la Junta de Govern<\/strong><\/a><\/p>\n<p>El dimecres 18 de maig va tenir lloc la presa de possessi\u00f3 de la candidatura encap\u00e7alada per <strong>Jordi de Dalmases<\/strong>, amb l&#8217;assist\u00e8ncia del conseller de Salut de la Generalitat, Antoni Com\u00edn.<\/p>\n<p>Vam enviar una <a href=\"http:\/\/blog.cofb.cat\/presa-de-possessio-de-la-nova-junta-de-govern-els-farmaceutics-son-agents-sanitaris-clau-per-la-garantia-del-dret-a-la-salut-dels-ciutadans\/\" target=\"_blank\" rel=\"noopener\">nota de premsa<\/a> explicant aquest acte on recoll\u00edem declaracions tant del conseller com del president del Col\u00b7legi. Mitjans com\u00a0<a href=\"http:\/\/www.redaccionmedica.com\/autonomias\/cataluna\/comin-el-farmaceutico-es-clave-en-los-grandes-retos-del-sistema--5386\" target=\"_blank\" rel=\"noopener\">Redacci\u00f3n M\u00e9dica<\/a>,\u00a0<a href=\"http:\/\/www.diariofarma.com\/2016\/05\/19\/comin-valora-al-farmaceutico-como-agentes-sanitarios-clave?id=26166?\" target=\"_blank\" rel=\"noopener\">Diariofarma<\/a>\u00a0o\u00a0<a href=\"http:\/\/www.elglobal.net\/noticias-medicamento\/2016-05-19\/farmacia\/el-farmaceutico-es-un-agente-sanitario-clave-para-garantizar-el-derecho-a-la-salud\/pagina.aspx?idart=983261\" target=\"_blank\" rel=\"noopener\">El Global<\/a>\u00a0van titular que\u00a0<b>\u201cels farmac\u00e8utics s\u00f3n agents sanitaris clau&#8221;,\u00a0<\/b>recollint les paraules del discurs del conseller.<b>\u00a0<\/b>Tamb\u00e9 es van fer ress\u00f2 a la premsa especialitzada\u00a0<a href=\"http:\/\/www.correofarmaceutico.com\/2016\/05\/19\/al-dia\/profesion\/comin-quiere-definir-el-rol-de-la-farmacia-en-la-atencion-al-cronico\">Correo Farmac\u00e9utico<\/a>, <a href=\"http:\/\/www.elfarmaceutico.es\/index.php\/noticias-actualidad-farmaceutica\/item\/7069-jordi-de-dalmases-queremos-seguir-liderando-el-proceso-de-desarrollo-de-la-profesion-en-beneficio-de-los-pacientes#.Vz1w8fmLRMx\" target=\"_blank\" rel=\"noopener\">El Farmac\u00e9utico<\/a>, <a href=\"http:\/\/ht.ly\/Bvj9300owFa\" target=\"_blank\" rel=\"noopener\">IM Farmacias<\/a>,\u00a0<a href=\"http:\/\/www.actasanitaria.com\/la-nueva-junta-del-colegio-de-farmaceuticos-de-cataluna-toma-posesion-de-sus-cargos\/\" target=\"_blank\" rel=\"noopener\">Acta Sanitaria<\/a>, <a href=\"http:\/\/revistafarmanatur.com\/gestion-farmaceutica\/los-farmaceuticos-agentes-sanitarios-clave\/\" target=\"_blank\" rel=\"noopener\">Farmanatur<\/a>, <a href=\"http:\/\/www.auladelafarmacia.com\/revista_aula_de_la_farmacia\/137920\/jordi-de-dalmases-reelegido-como-presidente-del-colegio-de-farmaceuticos-de-barcelona\" target=\"_blank\" rel=\"noopener\">Aula de la Farmacia<\/a> i Sanifax.<b><\/div><\/b><\/p>\n<p><b><div class=\"box shadow\">Situaci\u00f3 financera<\/b><\/p>\n<p>Aquest mes de maig ha estat especialment actiu pel que fa a q\u00fcestions econ\u00f2miques relacionades amb la farm\u00e0cia. El dia 5 vam tornar a enviar la <a href=\"http:\/\/www.cofb.org\/web\/guest\/Noticia\/-\/journal_content\/56_INSTANCE_V6ao\/10136\/917478\" target=\"_blank\" rel=\"noopener\">nota de premsa<\/a> on detallem el deute vigent de l\u2019Administraci\u00f3 amb les farm\u00e0cies catalanes, que, al maig, s\u2019enfilava als <b>207,3 milions d\u2019euros<\/b>. D\u2019aquests, el <b>76% corresponia a la factura de febrer (87,2 milions d\u2019euros)<\/b>, que s\u2019haurien d\u2019haver abonat el 5 d\u2019abril, i <b>els 120,1 milions d\u2019euros restants provenien de la factura \u00edntegra de mar\u00e7<\/b>, la qual s\u2019hauria d\u2019haver fet efectiva el 5 de maig.<\/p>\n<p>Per fer front a aquesta situaci\u00f3, des del Col\u00b7legi es <b>reclamava el FLA per posar a zero el deute i uns pressupostos reals que s\u2019ajustessin a la despesa dels medicaments<\/b>.<\/p>\n[caption id=\"attachment_22882\" align=\"alignleft\" width=\"294\"]<a href=\"http:\/\/www.elmundo.es\/cataluna\/2016\/05\/05\/572b2c31468aeb3f2f8b458d.html\"><img decoding=\"async\" class=\" wp-image-22882    \" alt=\"elmundo_mitjans\" src=\"http:\/\/blog.cofb.cat\/wp-content\/uploads\/2016\/06\/elmundo_mitjans.png\" width=\"294\" height=\"123\" \/><\/a> El Mundo &#8211; impagaments[\/caption]\n<p>Ho van explicar <a href=\"http:\/\/www.lavanguardia.com\/vida\/20160505\/401577048114\/farmacias-piden-un-fla-para-liquidar-207-millones-que-les-debe-la-generalitat.html\" target=\"_blank\" rel=\"noopener\">La Vanguardia<\/a>, <a href=\"http:\/\/www.elmundo.es\/cataluna\/2016\/05\/05\/572b2c31468aeb3f2f8b458d.html\" target=\"_blank\" rel=\"noopener\">El Mundo<\/a>, <a href=\"http:\/\/agencias.abc.es\/agencias\/noticia.asp?noticia=2192937\" target=\"_blank\" rel=\"noopener\">ABC<\/a>, <a href=\"http:\/\/www.europapress.es\/catalunya\/noticia-generalitat-adeuda-207-millones-farmacias-catalanas-nuevo-impago-20160505131128.html\" target=\"_blank\" rel=\"noopener\">Europa Press<\/a>,\u00a0<a href=\"http:\/\/www.vilaweb.cat\/noticies\/les-farmacies-alerten-que-la-generalitat-els-deu-mes-de-200-milions-deuros\/\" target=\"_blank\" rel=\"noopener\">Vilaweb<\/a>, <a href=\"http:\/\/www.elconfidencial.com\/espana\/cataluna\/2016-05-05\/cataluna-farmacias-impago-deuda-medicamentos-marzo-febrero_1195340\/\" target=\"_blank\" rel=\"noopener\">El Confidencial<\/a>, <a href=\"http:\/\/www.eleconomista.es\/comunidades_autonomas\/noticias\/7544412\/05\/16\/La-Generalitat-adeuda-207-millones-a-las-farmacias-catalanas-tras-un-nuevo-impago.html\" target=\"_blank\" rel=\"noopener\">El Economista<\/a>, <a href=\"http:\/\/www.catalunyapress.cat\/texto-diario\/mostrar\/438873\/la-generalitat-no-compleix-amb-les-farmcies-el-deute-augmenta-a-207-millons\" target=\"_blank\" rel=\"noopener\">Catalunya Press<\/a>, <a href=\"http:\/\/www.aldia.cat\/gent\/noticia-generalitat-deu-207-milions-les-farmacies-catalanes-despres-dun-nou-impagament-20160505132601.html\" target=\"_blank\" rel=\"noopener\">Al Dia<\/a>, <a href=\"http:\/\/vozpopuli.com\/economia-y-finanzas\/81218-la-generalitat-ahoga-de-nuevo-a-las-farmacias-les-debe-ya-207-millones-de-euros-tras-un-nuevo-impago\" target=\"_blank\" rel=\"noopener\">Voxpopuli<\/a>\u00a0i, en premsa especialitzada <a href=\"http:\/\/www.elglobal.net\/noticias-medicamento\/2016-05-06\/farmacia\/con-200-millones-de-deuda-no-habra-fla-especifico-para-boticas-catalanas\/pagina.aspx?idart=980035\" target=\"_blank\" rel=\"noopener\">El Global<\/a>, Correo Farmac\u00e9utico (<a href=\"http:\/\/www.correofarmaceutico.com\/2016\/05\/05\/al-dia\/profesion\/la-deuda-con-las-farmacias-catalanas-supera-de-nuevo-los-200-millones\" target=\"_blank\" rel=\"noopener\">1 <\/a>i <a href=\"http:\/\/www.correofarmaceutico.com\/2016\/05\/06\/al-dia\/profesion\/montoro-dice-que-no-es-posible-crear-un-fla-especifico-para-la-farmacia-catalana-\" target=\"_blank\" rel=\"noopener\">2<\/a>), Redacci\u00f3n M\u00e9dica (<a href=\"http:\/\/www.redaccionmedica.com\/autonomias\/cataluna\/la-deuda-con-las-farmacias-supera-los-200-millones-de-euros-4683\" target=\"_blank\" rel=\"noopener\">1<\/a>\u00a0i <a href=\"http:\/\/www.redaccionmedica.com\/secciones\/cataluna\/montoro-rechaza-un-fla-exclusivo-para-los-farmaceuticos-catalanes-3785\" target=\"_blank\" rel=\"noopener\">2<\/a>), <a href=\"http:\/\/www.imfarmacias.es\/noticia\/9583\/la-deuda-de-la-generalitat-con-las-farmacias-catalanas-sobrepasa-los-200-millones-de-euros\" target=\"_blank\" rel=\"noopener\">IM Farmacias<\/a>, <a href=\"http:\/\/www.actasanitaria.com\/la-deuda-con-las-farmacias-catalanas-asciende-mas-de-200-millones-de-euros\/\" target=\"_blank\" rel=\"noopener\">Acta Sanitaria<\/a>, <a href=\"http:\/\/www.diariofarma.com\/2016\/05\/05\/la-deuda-con-las-farmacias-catalanas-vuelve-a-ser-de-200-millones?id=25910?\" target=\"_blank\" rel=\"noopener\">Diariofarma<\/a>, <a href=\"http:\/\/www.dfarmacia.com\/farma\/ctl_servlet?_f=191&amp;idContenido=26036#.VyswClEYb1A.twitter\" target=\"_blank\" rel=\"noopener\">dFarmacia<\/a>, <a href=\"http:\/\/farmaventas.es\/noticias-del-sector\/4657-la-deuda-con-las-farmacias-catalanas-asciende-a-mas-de-200m.html\" target=\"_blank\" rel=\"noopener\">Farmaventas<\/a>\u00a0i <a href=\"http:\/\/consalud.es\/seenews.php?id=26494\" target=\"_blank\" rel=\"noopener\">Consalud<\/a>, entre d\u2019altres.<\/p>\n[caption id=\"attachment_22886\" align=\"alignright\" width=\"213\"]<a href=\"http:\/\/www.elglobal.net\/noticias-medicamento\/2016-05-27\/farmacia\/ppp-de-dalmases-insiste-en-que-no-hubo-opcion-real-de-elegir\/pagina.aspx?idart=984551\"><img decoding=\"async\" class=\" wp-image-22886  \" alt=\"elglobal_informePPP\" src=\"http:\/\/blog.cofb.cat\/wp-content\/uploads\/2016\/06\/elglobal_informePPP.png\" width=\"213\" height=\"260\" \/><\/a> El Global &#8211; informe UE PPP[\/caption]\n<p>D&#8217;altra banda, arran de l\u2019informe que Eleanor Sharpston, Advocada General del Tribunal de Just\u00edcia de la Uni\u00f3 Europea, sobre el Pla de Pagament a Prove\u00efdors, el president del COFB, Jordi de Dalmases, va explicar en un article a <a href=\"http:\/\/www.elglobal.net\/noticias-medicamento\/2016-05-27\/farmacia\/ppp-de-dalmases-insiste-en-que-no-hubo-opcion-real-de-elegir\/pagina.aspx?idart=984551\" target=\"_blank\" rel=\"noopener\">El Global<\/a>, que\u00a0<b>\u201cno va haver-hi opci\u00f3 real d\u2019escollir\u201d <\/b>i\u00a0lamenta que les conclusions de Sharpston <b>\u201cno tenen en compte la realitat del moment en el qual es va produir\u201d. <\/b>Segons el President, l\u2019informe obvia<b> \u201cla urg\u00e8ncia en la qual es trobaven les farm\u00e0cies, amb quatre mesos de deute acumulat pels medicaments dispensats i que s&#8217;havien de continuar dispensant\u201d<\/b>. Altres mitjans que tamb\u00e9 van fer ress\u00f2 de l\u2019informe van ser El Global (<a href=\"http:\/\/www.elglobal.net\/noticias-medicamento\/2016-05-23\/farmacia\/de-dalmases-sobre-la-renuncia-de-las-boticas-a-cobrar-intereses-en-2013-no-hubo-una-opcion-real-de-elegir\/pagina.aspx?idart=984009\" target=\"_blank\" rel=\"noopener\">1<\/a> i <a href=\"http:\/\/www.elglobal.net\/noticias-medicamento\/2016-05-11\/farmacia\/el-abogado-general-de-la-ue-rechaza-que-las-farmacias-que-se-acogieron-al-plan-de-pago-a-proveedores-cobren-intereses\/pagina.aspx?idart=981506\" target=\"_blank\" rel=\"noopener\">2<\/a>),\u00a0<a href=\"http:\/\/www.correofarmaceutico.com\/2016\/05\/12\/al-dia\/profesion\/aval-al-mecanismo-espanol-de-pago-a-proveedores-que-supone-el-rechazo-de-intereses\" target=\"_blank\" rel=\"noopener\">Correo Farmac\u00e9utico<\/a> i <a href=\"http:\/\/www.diariofarma.com\/2016\/05\/12\/la-abogado-general-del-tjue-avala-la-legalidad-de-la-renuncia-a-intereses-para-cobrar-del-fla?id=26076?\" target=\"_blank\" rel=\"noopener\">Diariofarma<\/a>.<\/p>\n<p>La reclamaci\u00f3 d\u2019interessos ja havia estat not\u00edcia al <a href=\"http:\/\/www.correofarmaceutico.com\/2016\/05\/09\/al-dia\/profesion\/las-reclamaciones-de-intereses-del-cof-pendientes-del-catsalut\" target=\"_blank\" rel=\"noopener\">Correo Farmac\u00e9utico<\/a> a principis de mes: el mitj\u00e0 informava que la demanda dels farmac\u00e8utics catalans a cobrar tots aquests impagaments <b>ja estava en mans dels jutjats<\/b>.<\/p>\n<p>Finalment, tamb\u00e9 han sigut not\u00edcia dos temes m\u00e9s:<b> l\u2019arribada del FLA<\/b> i la<b> proposta de Projecte de Llei de Pressupostos de la Generalitat<\/b>.<\/p>\n[caption id=\"attachment_22889\" align=\"alignleft\" width=\"181\"]<a href=\"http:\/\/www.diariofarma.com\/2016\/05\/27\/cataluna-presupuesta-para-farmacia-solo-un-3-mas-que-en-2015\" target=\"_blank\" rel=\"noopener\"><img loading=\"lazy\" decoding=\"async\" class=\" wp-image-22889     \" alt=\"diariofarma_pressupost\" src=\"http:\/\/blog.cofb.cat\/wp-content\/uploads\/2016\/06\/diariofarma_pressupost.png\" width=\"181\" height=\"260\" \/><\/a> Diariofarma &#8211; pressupost 2016[\/caption]\n<p>El pen\u00faltim dia de mes es va fer efectiu el FLA, que representava una injecci\u00f3 econ\u00f2mica de 172.744,92\u20ac per Catalunya (consultar\u00a0<a href=\"http:\/\/www.minhap.gob.es\/Documentacion\/Publico\/GabineteMinistro\/Notas Prensa\/2016\/S.E. ADMINISTRACIONES P%C3%9ABLICAS\/30-05-16 NP FLA PRIMER TRIMESTRE 2016.pdf\" target=\"_blank\" rel=\"noopener\">nota de premsa<\/a>\u00a0del Ministeri). Tamb\u00e9 <a href=\"http:\/\/www.diariofarma.com\/2016\/05\/27\/cataluna-presupuesta-para-farmacia-solo-un-3-mas-que-en-2015\" target=\"_blank\" rel=\"noopener\">Diariofarm<\/a>a informava, al maig, del Projecte de Llei de Pressupostos de la Generalitat, que repartia 989,2 milions d\u2019euros a la partida de medicaments dispensats en oficines de farm\u00e0cies. Aquesta xifra suposava <b>un increment del 3% respecte a l\u2019any passat, un augment que el Col\u00b7legi va trobar insuficient<\/b>: \u201cDesafortunadament, una altra vegada l&#8217;increment ha quedat molt per sota de l&#8217;augment del 50% que requeria la partida per fer front a la dispensaci\u00f3 real de medicaments\u201d, s\u2019apuntava des del Col\u00b7legi. La petici\u00f3 la va realitzar <strong>De Dalmases en la intervenci\u00f3 que va realitzar el passat 23 de maig en el Consell de Salut de Catalunya i del Consell de Direcci\u00f3 de la Salut<\/strong>.<b><\/div><\/b><\/p>\n<p><b><div class=\"box shadow\">El Col\u00b7legi a l&#8217;especial d&#8217;<em>El Peri\u00f3dico de Catalunya<\/em><\/b><\/p>\n<p>El Peri\u00f3dico de Catalunya va dedicar, el passat 14 de maig, un especial als col\u00b7legis professionals. En el suplement del cap de setmana del diari el president del COFB, Jordi de Dalmases, va escriure un article sota el t\u00edtol \u201cPromoci\u00f3 de la salut i prevenci\u00f3\u201d, on va explicar <b>qu\u00e8 es fa en aquesta organitzaci\u00f3, quines s\u00f3n les iniciatives i investigacions que es potencien i, alhora, la implicaci\u00f3 que t\u00e9 l\u2019entitat en la societat<\/b>.<\/p>\n<p>Per al President,\u00a0el COFB es configura com una<b> \u201cpe\u00e7a clau en l\u2019organitzaci\u00f3 del servei que els farmac\u00e8utics presten a la societat i aix\u00f2 ens d\u00f3na l\u2019oportunitat d\u2019incidir en la millora de la salut de la poblaci\u00f3\u201d<\/b>. Per aix\u00f2, afirma que, des del Col\u00b7legi, \u201ca part de donar <b>una import\u00e0ncia capital a la deontologia i la formaci\u00f3, impulsem la professi\u00f3 amb projectes enfocats a la promoci\u00f3 de la salut, la prevenci\u00f3 i la detecci\u00f3 preco\u00e7 de malalties\u201d<\/b> i posa com a exemple el cribratge del c\u00e0ncer de c\u00f2lon o la detecci\u00f3 del VIH.<b><\/div><\/b><\/p>\n<p><b><div class=\"box shadow\">Segueix la formaci\u00f3 al Col\u00b7legi<\/b><\/p>\n[caption id=\"attachment_22896\" align=\"alignright\" width=\"223\"]<a href=\"http:\/\/www.observatoriocarteraservicios.com\/iniciativas\/curso-del-cof-de-barcelona-implica-a-los-farmaceuticos-en-el-pla-de-salut-\" target=\"_blank\" rel=\"noopener\"><img loading=\"lazy\" decoding=\"async\" class=\" wp-image-22896  \" alt=\"teva_pla de salut\" src=\"http:\/\/blog.cofb.cat\/wp-content\/uploads\/2016\/06\/teva_pla-de-salut.png\" width=\"223\" height=\"330\" \/><\/a> Observatorio de la Cartera de Servicios &#8211; curs Pla de Salut[\/caption]\n<p>Durant el maig, els mitjans s\u2019han fet ress\u00f2 de dues formacions que s\u2019impartien al Col\u00b7legi:<a href=\"http:\/\/blog.cofb.cat\/tecnics-i-auxiliars-de-farmacia-de-barcelona-es-formen-en-sistemes-personalitzats-de-dosificacio\/\" target=\"_blank\" rel=\"noopener\"> la segona edici\u00f3 del curs <i>online<\/i> sobre SPD per a t\u00e8cnics i auxiliars de farm\u00e0cia<\/a> i l<a href=\"http:\/\/blog.cofb.cat\/els-farmaceutics-de-barcelona-aprofundeixen-coneixements-sobre-la-seva-implicacio-en-el-pla-estrategic-de-la-salut-catalana\/\" target=\"_blank\" rel=\"noopener\">a formaci\u00f3 sobre el Pla de Salut 2016-2020<\/a>.<\/p>\n<p>En relaci\u00f3 al primer, vam enviar <a href=\"http:\/\/www.cofb.org\/web\/guest\/Noticia\/-\/journal_content\/56_INSTANCE_V6ao\/10136\/918145\" target=\"_blank\" rel=\"noopener\">nota de premsa<\/a> informant-ne on concret\u00e0vem les 5 setmanes que dura el curs i els objectius, que es concentren, principalment, en <b>proporcionar les bases te\u00f2riques del seguiment farmacoterap\u00e8utic als t\u00e8cnics i auxiliars de farm\u00e0cia per desenvolupar un programa \u00f2ptim amb SPD.\u00a0<\/b>Quatre mitjans de premsa especialitzada en van informar: <a href=\"http:\/\/www.elglobal.net\/noticias-medicamento\/2016-05-10\/farmacia\/el-cof-de-barcelona-arrancara-la-segunda-edicion-del-curso-on-line-en-spd\/pagina.aspx?idart=981003\" target=\"_blank\" rel=\"noopener\">El Global<\/a>, <a href=\"http:\/\/www.imfarmacias.es\/noticia\/9610\/el-cofb-forma-a-tecnicos-y-auxiliares-de-farmacia-en-spd\" target=\"_blank\" rel=\"noopener\">IM Farmacias<\/a>, <a href=\"http:\/\/www.diariofarma.com\/2016\/05\/09\/tecnicos-y-auxiliares-de-farmacia-de-barcelona-se-forman-en-spd\" target=\"_blank\" rel=\"noopener\">Diariofarma<\/a>\u00a0i <a href=\"http:\/\/www.actasanitaria.com\/el-cof-de-barcelona-ofrece-un-curso-online-de-sistemas-personalizados-de-dosificacion\/\" target=\"_blank\" rel=\"noopener\">Acta Sanitaria.<\/a><\/p>\n<p>Per altra banda, l&#8217;<a href=\"http:\/\/www.observatoriocarteraservicios.com\/iniciativas\/curso-del-cof-de-barcelona-implica-a-los-farmaceuticos-en-el-pla-de-salut-\" target=\"_blank\" rel=\"noopener\">Observatorio de la Cartera de Servios desde la Oficina de Farmacia<\/a> (TEVA) va publicar un article explicant en qu\u00e8 consistia el <a href=\"http:\/\/blog.cofb.cat\/els-farmaceutics-de-barcelona-aprofundeixen-coneixements-sobre-la-seva-implicacio-en-el-pla-estrategic-de-la-salut-catalana\/\" target=\"_blank\" rel=\"noopener\">curs <b>\u201cLes l\u00ednies estrat\u00e8giques del Pla de Salut: Implicacions de la farm\u00e0cia comunit\u00e0ria\u201d<\/b><\/a>. Enguany se celebra la tercera edici\u00f3 d\u2019aquests estudis que estan concentrats en proporcionar els coneixements necessaris sobre el paper de la farm\u00e0cia comunit\u00e0ria en relaci\u00f3 el nou Pla de Salut.<b><\/div><\/b><\/p>\n<p><b><div class=\"box shadow\"><a href=\"http:\/\/blog.cofb.cat\/pilar-gascon-vocal-del-col%C2%B7legi-i-secretaria-del-consell-ingressa-a-la-reial-academia-de-farmacia-de-catalunya\/\" target=\"_blank\" rel=\"noopener\">Ingr\u00e9s a la RAFC de Pilar Gasc\u00f3n<\/a><\/b><\/p>\n<p>Pilar Gasc\u00f3n, vocal d\u2019Investigaci\u00f3 i Doc\u00e8ncia del Col\u00b7legi, va ser un dels \u201cNoms Propis\u201d de Correo Farmac\u00e9utico, on destaquen farmac\u00e8utics per diferents motius, gr\u00e0cies <b>al seu <a href=\"http:\/\/blog.cofb.cat\/pilar-gascon-vocal-del-col%C2%B7legi-i-secretaria-del-consell-ingressa-a-la-reial-academia-de-farmacia-de-catalunya\/\" target=\"_blank\" rel=\"noopener\">ingr\u00e9s com a Acad\u00e8mica Corresponent a la Reial Acad\u00e8mia de Farm\u00e0cia de Catalunya (RAFC) <\/a><\/b>el passat 23 de maig.<\/p>\n<p><em>\u201cDe la farm\u00e0cia cl\u00ednica als serveis farmac\u00e8utics, a trav\u00e9s de la formaci\u00f3 continuada i el desenvolupament professional continuat\u201d <\/em>va ser el discurs llegit per Gasc\u00f3n\u00a0 del qual hi van destacar conclusions com<b> \u201cper a l\u2019exercici del farmac\u00e8utic que necessita i exigeix la societat del segle XXI,\u00a0la formaci\u00f3 continuada del farmac\u00e8utic comunitari ha de proporcionar coneixements per\u00f2 tamb\u00e9 ha de contribuir a enriquir l\u2019activitat professional\u201d<\/b>.<b><\/div><\/b><\/p>\n<p><div class=\"box shadow\"><a href=\"http:\/\/blog.cofb.cat\/setmana-sense-fum-decideix-te-a-deixar-de-fumar-el-farmaceutic-et-pot-ajudar\/\" target=\"_blank\" rel=\"noopener\"><strong>Setmana sense fum<\/strong><\/a><\/p>\n[caption id=\"attachment_22900\" align=\"alignleft\" width=\"206\"]<a href=\"http:\/\/www.europapress.es\/catalunya\/noticia-diputacion-barcelona-suma-setmana-sense-fum-20160524144045.html\"><img loading=\"lazy\" decoding=\"async\" class=\"wp-image-22900   \" alt=\"europapress-setmana sense fum\" src=\"http:\/\/blog.cofb.cat\/wp-content\/uploads\/2016\/06\/europapress-setmana-sense-fum.png\" width=\"206\" height=\"203\" \/><\/a> L&#8217;ag\u00e8ncia Europa Press &#8211; Setmana sense fum[\/caption]\n<p>Del 24 al 31 de maig es va celebrar la <a href=\"http:\/\/www.setmanasensefum.cat\/\" target=\"_blank\" rel=\"noopener\">XVII Setmana sense fum<\/a><b>, iniciativa a la qual el Consell de Col\u00b7legis de Farmac\u00e8utics (CCFC) s\u2019hi va sumar<\/b> juntament amb altres entitats com la Xarxa Catalana d\u2019Hospitals Sense Fum, l\u2019Associaci\u00f3 Catalana de Municipis (ACM) o la Diputaci\u00f3 de Barcelona. Sota els lemes \u201cL\u2019entorn \u00e9s de tots, gaudim-lo sense fum!\u201d, \u201cPasso de fumar, i tu?\u201d i \u201cDecideix-te a deixar de fumar, avui \u00e9s el dia\u201d, les farm\u00e0cies van ajudar amb materials divulgatius a conscienciar la poblaci\u00f3 d&#8217;abandonar el tabac. En van informar dos mitjans: <a href=\"http:\/\/www.europapress.es\/catalunya\/noticia-diputacion-barcelona-suma-setmana-sense-fum-20160524144045.html\" target=\"_blank\" rel=\"noopener\">Europa Press<\/a> i <a href=\"http:\/\/www.aldia.cat\/gent\/noticia-diputacio-barcelona-suma-setmana-sense-fum-20160524145521.html\" target=\"_blank\" rel=\"noopener\">Al dia<\/a>.<b><\/div><\/b><\/p>\n<p><b><div class=\"box shadow\">Alimentaci\u00f3 i Nutrici\u00f3<\/b>: f<b>arm\u00e0cia i esport, III Jornada Professional Alimentaci\u00f3, campanya d\u2019hidrataci\u00f3 i confer\u00e8ncia sobre la carn de porc<\/b><\/p>\n[caption id=\"attachment_22910\" align=\"alignright\" width=\"207\"]<a href=\"http:\/\/www.correofarmaceutico.com\/2016\/05\/09\/al-dia\/entorno\/farmacias-a-la-caza-del-deportista\" target=\"_blank\" rel=\"noopener\"><img loading=\"lazy\" decoding=\"async\" class=\" wp-image-22910   \" alt=\"CF-nutricio esportiva\" src=\"http:\/\/blog.cofb.cat\/wp-content\/uploads\/2016\/06\/CF-nutricio-esportiva.png\" width=\"207\" height=\"214\" \/><\/a> Correo Farmac\u00e9utico &#8211; nutrici\u00f3 esportiva[\/caption]\n<p><a href=\"http:\/\/www.correofarmaceutico.com\/2016\/05\/09\/al-dia\/entorno\/farmacias-a-la-caza-del-deportista\" target=\"_blank\" rel=\"noopener\">Correo Farmac\u00e9utico<\/a> publicava un reportatge explicant l\u2019augment significatiu del volum de participants en les carreres populars.\u00a0<strong>Anna Bach, vocal d\u2019Alimentaci\u00f3 i Nutrici\u00f3 del Col\u00b7legi<\/strong>, confirma en declaracions al mitj\u00e0, la situaci\u00f3 i exposa un dels principals errors d\u2019aquest nou col\u00b7lectiu<b>: la cerca d\u2019informaci\u00f3 en canals no professionals<\/b>. Per aix\u00f2, Bach, creu que <b>cal educar als farmac\u00e8utics perqu\u00e8 siguin experts en aquest \u00e0mbit i, establir aix\u00ed, la farm\u00e0cia com l\u2019espai sanitari clau en aquest camp.<\/b><\/p>\n<p>D\u2019altra banda, a principis de maig, tamb\u00e9 es va celebrar la <a href=\"http:\/\/blog.cofb.cat\/els-farmaceutics-comunitaris-importants-aliats-de-la-poblacio-per-millorar-els-habits-alimentosos\/\" target=\"_blank\" rel=\"noopener\"><b>III Jornada Professional d\u2019Alimentaci\u00f3<\/b> <\/a>organitzada pel Consejo General de Colegios Oficiales de Farmac\u00e9uticos, acte que va recollir el diari de premsa especialitzada\u00a0<a href=\"http:\/\/www.elglobal.net\/noticias-medicamento\/2016-05-06\/farmacia\/la-alimentacion-es-un-juego-muy-serio-para-los-farmaceuticos\/pagina.aspx?idart=980040\" target=\"_blank\" rel=\"noopener\">El Global<\/a>.\u00a0Bach hi va estar present i va <b>compartir les claus per la correcta atenci\u00f3 nutricional front la s\u00edndrome metab\u00f2lica<\/b>, on va recomanar diferents fonts per als farmac\u00e8utics en relaci\u00f3 a aquest camp.<\/p>\n[caption id=\"attachment_22912\" align=\"alignleft\" width=\"340\"]<a href=\"http:\/\/www.lavanguardia.com\/deportes\/20160527\/402082309026\/farmaceuticos-recuerdan-a-mayores-y-deportistas-la-importancia-de-beber-agua.html\" target=\"_blank\" rel=\"noopener\"><img loading=\"lazy\" decoding=\"async\" class=\"wp-image-22912 \" alt=\"LV - hidratacio\" src=\"http:\/\/blog.cofb.cat\/wp-content\/uploads\/2016\/06\/LV-hidratacio.png\" width=\"340\" height=\"125\" \/><\/a> La Vanguardia &#8211; campanya hidrataci\u00f3[\/caption]\n<p>Un altre esdeveniment que va tenir cabuda als mitjans va ser la <a href=\"http:\/\/blog.cofb.cat\/dia-nacional-de-la-nutricio-els-farmaceutics-recorden-la-importancia-de-la-hidratacio-en-gent-gran-i-esportistes\/\" target=\"_blank\" rel=\"noopener\"><b>campanya d\u2019hidrataci\u00f3 \u201cEl cos t\u00e9 set, beus prou aigua?\u201d<\/b><\/a> que la Vocalia d\u2019Alimentaci\u00f3 i Nutrici\u00f3 del Col\u00b7legi va engegar a finals de maig, coincidint amb el Dia Nacional de la Nutrici\u00f3. <b>Es tracta d\u2019una iniciativa pr\u00f2pia per recordar la import\u00e0ncia de la hidrataci\u00f3 en gent gran i esportistes<\/b>. Vam enviar <a href=\"http:\/\/www.cofb.org\/web\/guest\/Noticia\/-\/journal_content\/56_INSTANCE_V6ao\/10136\/921632\" target=\"_blank\" rel=\"noopener\">nota de premsa<\/a> per informar-ne i ho van recollir <a href=\"http:\/\/www.lavanguardia.com\/deportes\/20160527\/402082309026\/farmaceuticos-recuerdan-a-mayores-y-deportistas-la-importancia-de-beber-agua.html\" target=\"_blank\" rel=\"noopener\">La Vanguardia<\/a>, <a href=\"http:\/\/www.imfarmacias.es\/noticia\/9763\/cof-y-farmaceuticos-de-barcelona-aconsejan-sobre-hidratacion-a-gente-mayor-y-deportistas\" target=\"_blank\" rel=\"noopener\">IM Farmacias<\/a>, <a href=\"http:\/\/www.diariofarma.com\/2016\/05\/27\/la-importancia-de-la-hidratacion-en-las-personas-mayores-y-deportistas\" target=\"_blank\" rel=\"noopener\">Diariofarma<\/a> i <a href=\"http:\/\/www.consejosdetufarmaceutico.com\/los-farmaceuticos-barcelona-recuerdan-la-importancia-la-hidratacion-gente-mayor-deportistas\/\" target=\"_blank\" rel=\"noopener\">Consejos de tu Farmac\u00e9utico<\/a>.<\/p>\n<p>Finalment, <a href=\"http:\/\/www.eurocarne.com\/noticias\/codigo\/34419\" target=\"_blank\" rel=\"noopener\">Eurocarne digital<\/a> i <a href=\"http:\/\/www.interempresas.net\/Industria-Carnica\/Articulos\/157180-fosforo-potasio-contiene-carne-cerdo-contribuyen-mantenimiento-desarrollo-huesos.html\" target=\"_blank\" rel=\"noopener\">Interempresas<\/a>\u00a0van compartir la confer\u00e8ncia que va acollir el COFB \u201cEvid\u00e8ncia cient\u00edfica del consum de carn i salut. Noves aportacions saludables de la capa de porc de capa blanca\u201d.<\/div><\/p>\n<p><b><div class=\"box shadow\">Formulaci\u00f3 magistral: article del vocal del COFB i 20 anys d\u2019Aprofarm<\/b><\/p>\n[caption id=\"attachment_22915\" align=\"alignright\" width=\"254\"]<a href=\"http:\/\/www.correofarmaceutico.com\/especial\/farmacia-comunitaria\/novedades-en-formulacion-magistral\" target=\"_blank\" rel=\"noopener\"><img loading=\"lazy\" decoding=\"async\" class=\" wp-image-22915    \" alt=\"CF-llambi opinio FM\" src=\"http:\/\/blog.cofb.cat\/wp-content\/uploads\/2016\/06\/CF-llambi-opinio-FM.png\" width=\"254\" height=\"154\" \/><\/a> Correo Farmac\u00e9utico &#8211; Formulaci\u00f3 magistral[\/caption]\n<p><a href=\"http:\/\/www.correofarmaceutico.com\/especial\/farmacia-comunitaria\/novedades-en-formulacion-magistral\" target=\"_blank\" rel=\"noopener\">Correo Farmac\u00e9utico<\/a> va recollir un article d&#8217;opini\u00f3 del<strong> vocal del COFB i president d&#8217;Aprofarm, Francesc Llamb\u00ed<\/strong>, sota el t\u00edtol \u201cNovedades en formulaci\u00f3n magistral\u201d. El vocal del Col\u00b7legi va afirmar que <b>\u201cperqu\u00e8 la formulaci\u00f3 avanci s\u2019ha de veure com una pr\u00e0ctica de futur\u201d.<\/b> Entre altres idees, va fer una visi\u00f3 d\u2019aquests \u00faltims 10 anys i va assegurar que \u201cs\u2019ha definit amb claredat la seva funci\u00f3 i la seva utilitat a la terap\u00e8utica actual\u201d.<\/p>\n<p><a href=\"http:\/\/www.elfarmaceutico.es\/index.php\/noticias-actualidad-farmaceutica\/item\/7010-ix-forum-aprofarm-20-anos-junto-al-formulador#.Vymq-4SLRMw\" target=\"_blank\" rel=\"noopener\">El Farmac\u00e9utico<\/a> va fer una pr\u00e8via sobre el F\u00f2rum Aprofarm que es va celebrar el 10 de juny al Col\u00b7legi. Aprofarm compleix aquest 2016 20 anys i el lema que va acompanyar la<a href=\"http:\/\/blog.cofb.cat\/ix-forum-aprofarm-20-anys-al-costat-del-formulador\/\"> IX edici\u00f3 del f\u00f2rum va ser \u201c20 anys al costat del formulador\u201d<\/a>.<b><\/div><\/b><\/p>\n<p><b><div class=\"box shadow\">Seguim sent refer\u00e8ncia<\/b><\/p>\n<p>El mitj\u00e0 especialitzat <a href=\"http:\/\/www.dmedicina.com\/vida-sana\/belleza\/cuidados-del-cuerpo\/2016\/05\/02\/como-cuando-conviene-explotar-ampolla-112539.html\" target=\"_blank\" rel=\"noopener\">Dmedicina<\/a> va publicar un article que es servia de diferents experts de dermofarm\u00e0cia per explicar com i quan s&#8217;ha d&#8217;explotar una ampolla. <strong>N\u00faria Bosch, anterior vocal de Dermofarm\u00e0cia i Productes Sanitaris i actual vicetresorera del Col\u00b7legi<\/strong>, va aportar alguns consells per una bona pr\u00e0ctica.<\/p>\n[caption id=\"attachment_22918\" align=\"alignleft\" width=\"205\"]<a href=\"http:\/\/www.diariofarma.com\/2016\/05\/23\/la-farmacia-asistencial-representada-en-algunos-proyectos-de-exito?id=26214?\" target=\"_blank\" rel=\"noopener\"><img loading=\"lazy\" decoding=\"async\" class=\"wp-image-22918  \" alt=\"diariofarma - ortopedia\" src=\"http:\/\/blog.cofb.cat\/wp-content\/uploads\/2016\/06\/diariofarma-ortopedia.png\" width=\"205\" height=\"228\" \/><\/a> Correo Farmac\u00e9utico &#8211; Radars (Jornadas Farmac\u00e9uticas Andaluzas)[\/caption]\n<p>D&#8217;altra banda, una de les conferenciants d\u2019aquesta cinquena edici\u00f3 de les Jornadas Farmac\u00e9uticas Andaluzas va ser la <strong>vocal d\u2019Ortop\u00e8dia del Col\u00b7legi, Montserrat Giron\u00e8s<\/strong>, que\u00a0<b>va explicar en qu\u00e8 consistia el <a href=\"http:\/\/blog.cofb.cat\/les-farmacies-de-barcelona-ajudaran-a-detectar-persones-grans-que-viuen-soles-amb-risc-daillament\/\" target=\"_blank\" rel=\"noopener\">projecte Radars<\/a><\/b>. En van informar <a href=\"http:\/\/www.correofarmaceutico.com\/2016\/05\/20\/al-dia\/profesion\/servicios-el-convencimiento-del-farmaceutico-tan-necesario-como-su-pago\" target=\"_blank\" rel=\"noopener\">Correo Farmac\u00e9utico<\/a>, <a href=\"http:\/\/www.diariofarma.com\/2016\/05\/23\/la-farmacia-asistencial-representada-en-algunos-proyectos-de-exito?id=26214?\" target=\"_blank\" rel=\"noopener\">Diariofarma<\/a>\u00a0i <a href=\"http:\/\/www.actasanitaria.com\/andalucia-anuncia-un-acuerdo-con-la-farmacia-para-promocion-de-la-salud-y-desarrollo-profesional\/\" target=\"_blank\" rel=\"noopener\">Acta Sanitaria<\/a>.<\/p>\n<p>Per \u00faltim, <strong>Josep Manel Llop, vocal de la Junta del Col\u00b7legi<\/strong>, va ser un dels moderadors de la taula que <b>va presentar els projectes guanyadors de la Primera Convocat\u00f2ria d\u2019Ajudes d\u2019Investigaci\u00f3 de la SEFH<\/b> sota el marc de les jornades on la Societat Espanyola de Farm\u00e0cia Hospital\u00e0ria (SEFH) va presentar per primera vegada a Gal\u00edcia l\u2019Itinerari de seguiment farmacoterap\u00e8utic de Fibrosi Pulmonar Idiop\u00e0tica.\u00a0<a href=\"http:\/\/www.redaccionmedica.com\/secciones\/farmacia\/sefh-y-separ-crean-un-itinerario-de-seguimiento-farmacoterapeutico-en-fpi-7220\" target=\"_blank\" rel=\"noopener\">Redacci\u00f3n M\u00e9dica<\/a> va ser el mitj\u00e0 que ho va cobrir.<b><\/div><\/b><\/p>\n","protected":false},"excerpt":{"rendered":"","protected":false},"author":1,"featured_media":22934,"comment_status":"open","ping_status":"open","sticky":false,"template":"","format":"standard","meta":{"_uag_custom_page_level_css":"","site-sidebar-layout":"default","site-content-layout":"","ast-site-content-layout":"default","site-content-style":"default","site-sidebar-style":"default","ast-global-header-display":"","ast-banner-title-visibility":"","ast-main-header-display":"","ast-hfb-above-header-display":"","ast-hfb-below-header-display":"","ast-hfb-mobile-header-display":"","site-post-title":"","ast-breadcrumbs-content":"","ast-featured-img":"disabled","footer-sml-layout":"","theme-transparent-header-meta":"","adv-header-id-meta":"","stick-header-meta":"","header-above-stick-meta":"","header-main-stick-meta":"","header-below-stick-meta":"","astra-migrate-meta-layouts":"default","ast-page-background-enabled":"default","ast-page-background-meta":{"desktop":{"background-color":"var(--ast-global-color-4)","background-image":"","background-repeat":"repeat","background-position":"center center","background-size":"auto","background-attachment":"scroll","background-type":"","background-media":"","overlay-type":"","overlay-color":"","overlay-opacity":"","overlay-gradient":""},"tablet":{"background-color":"","background-image":"","background-repeat":"repeat","background-position":"center center","background-size":"auto","background-attachment":"scroll","background-type":"","background-media":"","overlay-type":"","overlay-color":"","overlay-opacity":"","overlay-gradient":""},"mobile":{"background-color":"","background-image":"","background-repeat":"repeat","background-position":"center center","background-size":"auto","background-attachment":"scroll","background-type":"","background-media":"","overlay-type":"","overlay-color":"","overlay-opacity":"","overlay-gradient":""}},"ast-content-background-meta":{"desktop":{"background-color":"var(--ast-global-color-5)","background-image":"","background-repeat":"repeat","background-position":"center center","background-size":"auto","background-attachment":"scroll","background-type":"","background-media":"","overlay-type":"","overlay-color":"","overlay-opacity":"","overlay-gradient":""},"tablet":{"background-color":"var(--ast-global-color-5)","background-image":"","background-repeat":"repeat","background-position":"center center","background-size":"auto","background-attachment":"scroll","background-type":"","background-media":"","overlay-type":"","overlay-color":"","overlay-opacity":"","overlay-gradient":""},"mobile":{"background-color":"var(--ast-global-color-5)","background-image":"","background-repeat":"repeat","background-position":"center center","background-size":"auto","background-attachment":"scroll","background-type":"","background-media":"","overlay-type":"","overlay-color":"","overlay-opacity":"","overlay-gradient":""}},"footnotes":""},"categories":[32],"tags":[16,2428,2429,163,81,2122,2405,650,83,2133,2123,2430,459,2330,2418,2431,2131,2132,2408,1026,2258,2236,2255,2204,2216],"class_list":["post-22740","post","type-post","status-publish","format-standard","has-post-thumbnail","hentry","category-noticies-farmacia","tag-alimentacio-i-nutricio","tag-ampolles","tag-collegis-professionals","tag-consell-de-collegis-farmaceutics-de-catalunya","tag-dermofarmacia","tag-eleccions","tag-farmacia-comuntaria","tag-formulacio-magistral","tag-hidratacio","tag-impagaments","tag-jordi-de-dalmases","tag-jornadas-farmaceuticas-andaluzas","tag-mitjans","tag-nutricio-esportiva","tag-pilar-gascon","tag-pla-de-saklui","tag-pla-de-salut","tag-pla-de-salut-2016-2020","tag-presa-de-possessio","tag-pressupost","tag-radars","tag-rafc","tag-retards-en-els-pagaments","tag-setmana-sense-fum","tag-spd"],"yoast_head":"<!-- This site is optimized with the Yoast SEO plugin v22.4 - https:\/\/yoast.com\/wordpress\/plugins\/seo\/ -->\n<title>Presa de possessi\u00f3, situaci\u00f3 financera i formacions al COFB, temes destacats de maig als mitjans de comunicaci\u00f3 - Col\u00b7legi de Farmac\u00e8utics de Barcelona<\/title>\n<meta name=\"robots\" content=\"index, follow, max-snippet:-1, max-image-preview:large, max-video-preview:-1\" \/>\n<link rel=\"canonical\" href=\"https:\/\/novaorg.cofb.net\/2016\/06\/30\/presa-de-possessio-situacio-financera-i-formacions-al-cofb-temes-destacats-de-maig-als-mitjans-de-comunicacio\/\" \/>\n<meta property=\"og:locale\" content=\"ca_ES\" \/>\n<meta property=\"og:type\" content=\"article\" \/>\n<meta property=\"og:title\" content=\"Presa de possessi\u00f3, situaci\u00f3 financera i formacions al COFB, temes destacats de maig als mitjans de comunicaci\u00f3 - Col\u00b7legi de Farmac\u00e8utics de Barcelona\" \/>\n<meta property=\"og:url\" content=\"https:\/\/novaorg.cofb.net\/2016\/06\/30\/presa-de-possessio-situacio-financera-i-formacions-al-cofb-temes-destacats-de-maig-als-mitjans-de-comunicacio\/\" \/>\n<meta property=\"og:site_name\" content=\"Col\u00b7legi de Farmac\u00e8utics de Barcelona\" \/>\n<meta property=\"article:publisher\" content=\"https:\/\/www.facebook.com\/farmaceuticsbcn\/\" \/>\n<meta property=\"article:published_time\" content=\"2016-06-30T15:45:42+00:00\" \/>\n<meta name=\"author\" content=\"wpAdminCofbOrg\" \/>\n<meta name=\"twitter:card\" content=\"summary_large_image\" \/>\n<meta name=\"twitter:creator\" content=\"@farmaceuticsbcn\" \/>\n<meta name=\"twitter:site\" content=\"@farmaceuticsbcn\" \/>\n<meta name=\"twitter:label1\" content=\"Escrit per\" \/>\n\t<meta name=\"twitter:data1\" content=\"wpAdminCofbOrg\" \/>\n\t<meta name=\"twitter:label2\" content=\"Temps estimat de lectura\" \/>\n\t<meta name=\"twitter:data2\" content=\"10 minuts\" \/>\n<script type=\"application\/ld+json\" class=\"yoast-schema-graph\">{\"@context\":\"https:\/\/schema.org\",\"@graph\":[{\"@type\":\"Article\",\"@id\":\"https:\/\/novaorg.cofb.net\/2016\/06\/30\/presa-de-possessio-situacio-financera-i-formacions-al-cofb-temes-destacats-de-maig-als-mitjans-de-comunicacio\/#article\",\"isPartOf\":{\"@id\":\"https:\/\/novaorg.cofb.net\/2016\/06\/30\/presa-de-possessio-situacio-financera-i-formacions-al-cofb-temes-destacats-de-maig-als-mitjans-de-comunicacio\/\"},\"author\":{\"name\":\"wpAdminCofbOrg\",\"@id\":\"https:\/\/www.cofb.org\/#\/schema\/person\/22ed7eea88da74b0fa4d3154ad87ffcb\"},\"headline\":\"Presa de possessi\u00f3, situaci\u00f3 financera i formacions al COFB, temes destacats de maig als mitjans de comunicaci\u00f3\",\"datePublished\":\"2016-06-30T15:45:42+00:00\",\"dateModified\":\"2016-06-30T15:45:42+00:00\",\"mainEntityOfPage\":{\"@id\":\"https:\/\/novaorg.cofb.net\/2016\/06\/30\/presa-de-possessio-situacio-financera-i-formacions-al-cofb-temes-destacats-de-maig-als-mitjans-de-comunicacio\/\"},\"wordCount\":2082,\"commentCount\":0,\"publisher\":{\"@id\":\"https:\/\/www.cofb.org\/#organization\"},\"image\":{\"@id\":\"https:\/\/novaorg.cofb.net\/2016\/06\/30\/presa-de-possessio-situacio-financera-i-formacions-al-cofb-temes-destacats-de-maig-als-mitjans-de-comunicacio\/#primaryimage\"},\"thumbnailUrl\":\"\",\"keywords\":[\"Alimentaci\u00f3 i nutrici\u00f3\",\"ampolles\",\"col\u00b7legis professionals\",\"Consell de Col\u00b7legis Farmac\u00e8utics de Catalunya\",\"Dermofarm\u00e0cia\",\"eleccions\",\"farm\u00e0cia comunt\u00e0ria\",\"Formulaci\u00f3 magistral\",\"hidrataci\u00f3\",\"Impagaments\",\"Jordi de Dalmases\",\"Jornadas Farmac\u00e9uticas Andaluzas\",\"Mitjans\",\"nutrici\u00f3 esportiva\",\"Pilar Gasc\u00f3n\",\"Pla de saklui\",\"Pla de Salut\",\"Pla de Salut 2016-2020\",\"presa de possessi\u00f3\",\"pressupost\",\"Radars\",\"RAFC\",\"Retards en els pagaments\",\"Setmana sense Fum\",\"SPD\"],\"articleSection\":[\"Not\u00edcies farm\u00e0cia\"],\"inLanguage\":\"ca\",\"potentialAction\":[{\"@type\":\"CommentAction\",\"name\":\"Comment\",\"target\":[\"https:\/\/novaorg.cofb.net\/2016\/06\/30\/presa-de-possessio-situacio-financera-i-formacions-al-cofb-temes-destacats-de-maig-als-mitjans-de-comunicacio\/#respond\"]}]},{\"@type\":\"WebPage\",\"@id\":\"https:\/\/novaorg.cofb.net\/2016\/06\/30\/presa-de-possessio-situacio-financera-i-formacions-al-cofb-temes-destacats-de-maig-als-mitjans-de-comunicacio\/\",\"url\":\"https:\/\/novaorg.cofb.net\/2016\/06\/30\/presa-de-possessio-situacio-financera-i-formacions-al-cofb-temes-destacats-de-maig-als-mitjans-de-comunicacio\/\",\"name\":\"Presa de possessi\u00f3, situaci\u00f3 financera i formacions al COFB, temes destacats de maig als mitjans de comunicaci\u00f3 - Col\u00b7legi de Farmac\u00e8utics de Barcelona\",\"isPartOf\":{\"@id\":\"https:\/\/www.cofb.org\/#website\"},\"primaryImageOfPage\":{\"@id\":\"https:\/\/novaorg.cofb.net\/2016\/06\/30\/presa-de-possessio-situacio-financera-i-formacions-al-cofb-temes-destacats-de-maig-als-mitjans-de-comunicacio\/#primaryimage\"},\"image\":{\"@id\":\"https:\/\/novaorg.cofb.net\/2016\/06\/30\/presa-de-possessio-situacio-financera-i-formacions-al-cofb-temes-destacats-de-maig-als-mitjans-de-comunicacio\/#primaryimage\"},\"thumbnailUrl\":\"\",\"datePublished\":\"2016-06-30T15:45:42+00:00\",\"dateModified\":\"2016-06-30T15:45:42+00:00\",\"breadcrumb\":{\"@id\":\"https:\/\/novaorg.cofb.net\/2016\/06\/30\/presa-de-possessio-situacio-financera-i-formacions-al-cofb-temes-destacats-de-maig-als-mitjans-de-comunicacio\/#breadcrumb\"},\"inLanguage\":\"ca\",\"potentialAction\":[{\"@type\":\"ReadAction\",\"target\":[\"https:\/\/novaorg.cofb.net\/2016\/06\/30\/presa-de-possessio-situacio-financera-i-formacions-al-cofb-temes-destacats-de-maig-als-mitjans-de-comunicacio\/\"]}]},{\"@type\":\"ImageObject\",\"inLanguage\":\"ca\",\"@id\":\"https:\/\/novaorg.cofb.net\/2016\/06\/30\/presa-de-possessio-situacio-financera-i-formacions-al-cofb-temes-destacats-de-maig-als-mitjans-de-comunicacio\/#primaryimage\",\"url\":\"\",\"contentUrl\":\"\"},{\"@type\":\"BreadcrumbList\",\"@id\":\"https:\/\/novaorg.cofb.net\/2016\/06\/30\/presa-de-possessio-situacio-financera-i-formacions-al-cofb-temes-destacats-de-maig-als-mitjans-de-comunicacio\/#breadcrumb\",\"itemListElement\":[{\"@type\":\"ListItem\",\"position\":1,\"name\":\"Inici\",\"item\":\"https:\/\/novaorg.cofb.net\/\"},{\"@type\":\"ListItem\",\"position\":2,\"name\":\"Presa de possessi\u00f3, situaci\u00f3 financera i formacions al COFB, temes destacats de maig als mitjans de comunicaci\u00f3\"}]},{\"@type\":\"WebSite\",\"@id\":\"https:\/\/www.cofb.org\/#website\",\"url\":\"https:\/\/www.cofb.org\/\",\"name\":\"Col\u00b7legi de Farmac\u00e8utics de Barcelona\",\"description\":\"\",\"publisher\":{\"@id\":\"https:\/\/www.cofb.org\/#organization\"},\"potentialAction\":[{\"@type\":\"SearchAction\",\"target\":{\"@type\":\"EntryPoint\",\"urlTemplate\":\"https:\/\/www.cofb.org\/?s={search_term_string}\"},\"query-input\":\"required name=search_term_string\"}],\"inLanguage\":\"ca\"},{\"@type\":\"Organization\",\"@id\":\"https:\/\/www.cofb.org\/#organization\",\"name\":\"Col\u00b7legi de Farmac\u00e8utics de Barcelona\",\"url\":\"https:\/\/www.cofb.org\/\",\"logo\":{\"@type\":\"ImageObject\",\"inLanguage\":\"ca\",\"@id\":\"https:\/\/www.cofb.org\/#\/schema\/logo\/image\/\",\"url\":\"https:\/\/www.cofb.org\/wp-content\/uploads\/2023\/11\/cropped-Logotip-COFB.png\",\"contentUrl\":\"https:\/\/www.cofb.org\/wp-content\/uploads\/2023\/11\/cropped-Logotip-COFB.png\",\"width\":500,\"height\":105,\"caption\":\"Col\u00b7legi de Farmac\u00e8utics de Barcelona\"},\"image\":{\"@id\":\"https:\/\/www.cofb.org\/#\/schema\/logo\/image\/\"},\"sameAs\":[\"https:\/\/www.facebook.com\/farmaceuticsbcn\/\",\"https:\/\/twitter.com\/farmaceuticsbcn\",\"https:\/\/www.instagram.com\/farmaceuticsbcn\/\",\"https:\/\/www.linkedin.com\/company\/farmaceuticsbcn\/\"]},{\"@type\":\"Person\",\"@id\":\"https:\/\/www.cofb.org\/#\/schema\/person\/22ed7eea88da74b0fa4d3154ad87ffcb\",\"name\":\"wpAdminCofbOrg\",\"image\":{\"@type\":\"ImageObject\",\"inLanguage\":\"ca\",\"@id\":\"https:\/\/www.cofb.org\/#\/schema\/person\/image\/\",\"url\":\"https:\/\/secure.gravatar.com\/avatar\/1721b20b3b8ca882c3b56ec6c978c594fff670e40c0718e9190eaeeb76aae7d8?s=96&d=mm&r=g\",\"contentUrl\":\"https:\/\/secure.gravatar.com\/avatar\/1721b20b3b8ca882c3b56ec6c978c594fff670e40c0718e9190eaeeb76aae7d8?s=96&d=mm&r=g\",\"caption\":\"wpAdminCofbOrg\"},\"sameAs\":[\"http:\/\/192.168.64.122\/wordpress\"],\"url\":\"https:\/\/www.cofb.org\/ca\/author\/wpadmincofborg\/\"}]}<\/script>\n<!-- \/ Yoast SEO plugin. -->","yoast_head_json":{"title":"Presa de possessi\u00f3, situaci\u00f3 financera i formacions al COFB, temes destacats de maig als mitjans de comunicaci\u00f3 - Col\u00b7legi de Farmac\u00e8utics de Barcelona","robots":{"index":"index","follow":"follow","max-snippet":"max-snippet:-1","max-image-preview":"max-image-preview:large","max-video-preview":"max-video-preview:-1"},"canonical":"https:\/\/novaorg.cofb.net\/2016\/06\/30\/presa-de-possessio-situacio-financera-i-formacions-al-cofb-temes-destacats-de-maig-als-mitjans-de-comunicacio\/","og_locale":"ca_ES","og_type":"article","og_title":"Presa de possessi\u00f3, situaci\u00f3 financera i formacions al COFB, temes destacats de maig als mitjans de comunicaci\u00f3 - Col\u00b7legi de Farmac\u00e8utics de Barcelona","og_url":"https:\/\/novaorg.cofb.net\/2016\/06\/30\/presa-de-possessio-situacio-financera-i-formacions-al-cofb-temes-destacats-de-maig-als-mitjans-de-comunicacio\/","og_site_name":"Col\u00b7legi de Farmac\u00e8utics de Barcelona","article_publisher":"https:\/\/www.facebook.com\/farmaceuticsbcn\/","article_published_time":"2016-06-30T15:45:42+00:00","author":"wpAdminCofbOrg","twitter_card":"summary_large_image","twitter_creator":"@farmaceuticsbcn","twitter_site":"@farmaceuticsbcn","twitter_misc":{"Escrit per":"wpAdminCofbOrg","Temps estimat de lectura":"10 minuts"},"schema":{"@context":"https:\/\/schema.org","@graph":[{"@type":"Article","@id":"https:\/\/novaorg.cofb.net\/2016\/06\/30\/presa-de-possessio-situacio-financera-i-formacions-al-cofb-temes-destacats-de-maig-als-mitjans-de-comunicacio\/#article","isPartOf":{"@id":"https:\/\/novaorg.cofb.net\/2016\/06\/30\/presa-de-possessio-situacio-financera-i-formacions-al-cofb-temes-destacats-de-maig-als-mitjans-de-comunicacio\/"},"author":{"name":"wpAdminCofbOrg","@id":"https:\/\/www.cofb.org\/#\/schema\/person\/22ed7eea88da74b0fa4d3154ad87ffcb"},"headline":"Presa de possessi\u00f3, situaci\u00f3 financera i formacions al COFB, temes destacats de maig als mitjans de comunicaci\u00f3","datePublished":"2016-06-30T15:45:42+00:00","dateModified":"2016-06-30T15:45:42+00:00","mainEntityOfPage":{"@id":"https:\/\/novaorg.cofb.net\/2016\/06\/30\/presa-de-possessio-situacio-financera-i-formacions-al-cofb-temes-destacats-de-maig-als-mitjans-de-comunicacio\/"},"wordCount":2082,"commentCount":0,"publisher":{"@id":"https:\/\/www.cofb.org\/#organization"},"image":{"@id":"https:\/\/novaorg.cofb.net\/2016\/06\/30\/presa-de-possessio-situacio-financera-i-formacions-al-cofb-temes-destacats-de-maig-als-mitjans-de-comunicacio\/#primaryimage"},"thumbnailUrl":"","keywords":["Alimentaci\u00f3 i nutrici\u00f3","ampolles","col\u00b7legis professionals","Consell de Col\u00b7legis Farmac\u00e8utics de Catalunya","Dermofarm\u00e0cia","eleccions","farm\u00e0cia comunt\u00e0ria","Formulaci\u00f3 magistral","hidrataci\u00f3","Impagaments","Jordi de Dalmases","Jornadas Farmac\u00e9uticas Andaluzas","Mitjans","nutrici\u00f3 esportiva","Pilar Gasc\u00f3n","Pla de saklui","Pla de Salut","Pla de Salut 2016-2020","presa de possessi\u00f3","pressupost","Radars","RAFC","Retards en els pagaments","Setmana sense Fum","SPD"],"articleSection":["Not\u00edcies farm\u00e0cia"],"inLanguage":"ca","potentialAction":[{"@type":"CommentAction","name":"Comment","target":["https:\/\/novaorg.cofb.net\/2016\/06\/30\/presa-de-possessio-situacio-financera-i-formacions-al-cofb-temes-destacats-de-maig-als-mitjans-de-comunicacio\/#respond"]}]},{"@type":"WebPage","@id":"https:\/\/novaorg.cofb.net\/2016\/06\/30\/presa-de-possessio-situacio-financera-i-formacions-al-cofb-temes-destacats-de-maig-als-mitjans-de-comunicacio\/","url":"https:\/\/novaorg.cofb.net\/2016\/06\/30\/presa-de-possessio-situacio-financera-i-formacions-al-cofb-temes-destacats-de-maig-als-mitjans-de-comunicacio\/","name":"Presa de possessi\u00f3, situaci\u00f3 financera i formacions al COFB, temes destacats de maig als mitjans de comunicaci\u00f3 - Col\u00b7legi de Farmac\u00e8utics de Barcelona","isPartOf":{"@id":"https:\/\/www.cofb.org\/#website"},"primaryImageOfPage":{"@id":"https:\/\/novaorg.cofb.net\/2016\/06\/30\/presa-de-possessio-situacio-financera-i-formacions-al-cofb-temes-destacats-de-maig-als-mitjans-de-comunicacio\/#primaryimage"},"image":{"@id":"https:\/\/novaorg.cofb.net\/2016\/06\/30\/presa-de-possessio-situacio-financera-i-formacions-al-cofb-temes-destacats-de-maig-als-mitjans-de-comunicacio\/#primaryimage"},"thumbnailUrl":"","datePublished":"2016-06-30T15:45:42+00:00","dateModified":"2016-06-30T15:45:42+00:00","breadcrumb":{"@id":"https:\/\/novaorg.cofb.net\/2016\/06\/30\/presa-de-possessio-situacio-financera-i-formacions-al-cofb-temes-destacats-de-maig-als-mitjans-de-comunicacio\/#breadcrumb"},"inLanguage":"ca","potentialAction":[{"@type":"ReadAction","target":["https:\/\/novaorg.cofb.net\/2016\/06\/30\/presa-de-possessio-situacio-financera-i-formacions-al-cofb-temes-destacats-de-maig-als-mitjans-de-comunicacio\/"]}]},{"@type":"ImageObject","inLanguage":"ca","@id":"https:\/\/novaorg.cofb.net\/2016\/06\/30\/presa-de-possessio-situacio-financera-i-formacions-al-cofb-temes-destacats-de-maig-als-mitjans-de-comunicacio\/#primaryimage","url":"","contentUrl":""},{"@type":"BreadcrumbList","@id":"https:\/\/novaorg.cofb.net\/2016\/06\/30\/presa-de-possessio-situacio-financera-i-formacions-al-cofb-temes-destacats-de-maig-als-mitjans-de-comunicacio\/#breadcrumb","itemListElement":[{"@type":"ListItem","position":1,"name":"Inici","item":"https:\/\/novaorg.cofb.net\/"},{"@type":"ListItem","position":2,"name":"Presa de possessi\u00f3, situaci\u00f3 financera i formacions al COFB, temes destacats de maig als mitjans de comunicaci\u00f3"}]},{"@type":"WebSite","@id":"https:\/\/www.cofb.org\/#website","url":"https:\/\/www.cofb.org\/","name":"Col\u00b7legi de Farmac\u00e8utics de Barcelona","description":"","publisher":{"@id":"https:\/\/www.cofb.org\/#organization"},"potentialAction":[{"@type":"SearchAction","target":{"@type":"EntryPoint","urlTemplate":"https:\/\/www.cofb.org\/?s={search_term_string}"},"query-input":"required name=search_term_string"}],"inLanguage":"ca"},{"@type":"Organization","@id":"https:\/\/www.cofb.org\/#organization","name":"Col\u00b7legi de Farmac\u00e8utics de Barcelona","url":"https:\/\/www.cofb.org\/","logo":{"@type":"ImageObject","inLanguage":"ca","@id":"https:\/\/www.cofb.org\/#\/schema\/logo\/image\/","url":"https:\/\/www.cofb.org\/wp-content\/uploads\/2023\/11\/cropped-Logotip-COFB.png","contentUrl":"https:\/\/www.cofb.org\/wp-content\/uploads\/2023\/11\/cropped-Logotip-COFB.png","width":500,"height":105,"caption":"Col\u00b7legi de Farmac\u00e8utics de Barcelona"},"image":{"@id":"https:\/\/www.cofb.org\/#\/schema\/logo\/image\/"},"sameAs":["https:\/\/www.facebook.com\/farmaceuticsbcn\/","https:\/\/twitter.com\/farmaceuticsbcn","https:\/\/www.instagram.com\/farmaceuticsbcn\/","https:\/\/www.linkedin.com\/company\/farmaceuticsbcn\/"]},{"@type":"Person","@id":"https:\/\/www.cofb.org\/#\/schema\/person\/22ed7eea88da74b0fa4d3154ad87ffcb","name":"wpAdminCofbOrg","image":{"@type":"ImageObject","inLanguage":"ca","@id":"https:\/\/www.cofb.org\/#\/schema\/person\/image\/","url":"https:\/\/secure.gravatar.com\/avatar\/1721b20b3b8ca882c3b56ec6c978c594fff670e40c0718e9190eaeeb76aae7d8?s=96&d=mm&r=g","contentUrl":"https:\/\/secure.gravatar.com\/avatar\/1721b20b3b8ca882c3b56ec6c978c594fff670e40c0718e9190eaeeb76aae7d8?s=96&d=mm&r=g","caption":"wpAdminCofbOrg"},"sameAs":["http:\/\/192.168.64.122\/wordpress"],"url":"https:\/\/www.cofb.org\/ca\/author\/wpadmincofborg\/"}]}},"uagb_featured_image_src":{"full":false,"thumbnail":false,"medium":false,"medium_large":false,"large":false,"1536x1536":false,"2048x2048":false,"trp-custom-language-flag":false},"uagb_author_info":{"display_name":"wpAdminCofbOrg","author_link":"https:\/\/www.cofb.org\/ca\/author\/wpadmincofborg\/"},"uagb_comment_info":0,"uagb_excerpt":null,"_links":{"self":[{"href":"https:\/\/www.cofb.org\/ca\/wp-json\/wp\/v2\/posts\/22740","targetHints":{"allow":["GET"]}}],"collection":[{"href":"https:\/\/www.cofb.org\/ca\/wp-json\/wp\/v2\/posts"}],"about":[{"href":"https:\/\/www.cofb.org\/ca\/wp-json\/wp\/v2\/types\/post"}],"author":[{"embeddable":true,"href":"https:\/\/www.cofb.org\/ca\/wp-json\/wp\/v2\/users\/1"}],"replies":[{"embeddable":true,"href":"https:\/\/www.cofb.org\/ca\/wp-json\/wp\/v2\/comments?post=22740"}],"version-history":[{"count":0,"href":"https:\/\/www.cofb.org\/ca\/wp-json\/wp\/v2\/posts\/22740\/revisions"}],"wp:featuredmedia":[{"embeddable":true,"href":"https:\/\/www.cofb.org\/ca\/wp-json\/"}],"wp:attachment":[{"href":"https:\/\/www.cofb.org\/ca\/wp-json\/wp\/v2\/media?parent=22740"}],"wp:term":[{"taxonomy":"category","embeddable":true,"href":"https:\/\/www.cofb.org\/ca\/wp-json\/wp\/v2\/categories?post=22740"},{"taxonomy":"post_tag","embeddable":true,"href":"https:\/\/www.cofb.org\/ca\/wp-json\/wp\/v2\/tags?post=22740"}],"curies":[{"name":"wp","href":"https:\/\/api.w.org\/{rel}","templated":true}]}}